{"id":82481,"date":"2023-08-04T13:23:23","date_gmt":"2023-08-04T11:23:23","guid":{"rendered":"https:\/\/centcols.org\/de-bw-foret-noire-schiltach-est-gravel-51-km-d-1600-m-7-cols\/"},"modified":"2026-04-23T20:01:36","modified_gmt":"2026-04-23T18:01:36","slug":"de-bw-foret-noire-schiltach-est-grind","status":"publish","type":"post","link":"https:\/\/centcols.org\/nl\/de-bw-foret-noire-schiltach-est-gravel\/","title":{"rendered":"DE-BW Zwarte Woud Schiltach oost - grind 50 km, D+ 1580 m, 7 passen"},"content":{"rendered":"<iframe width=\"100%\" height=\"650\" loading=\"lazy\" src=\"https:\/\/www.openrunner.com\/embed\/4e343330697a4d41343831667863597076564568685777627771794368484867545a597250774a6d734c733d3a3a5db0af6889bc63a3e07d0353b5292559?unit=metric\" style=\"border: none;\"><\/iframe>\n\n\n\n<div style=\"height:30px\" aria-hidden=\"true\" class=\"wp-block-spacer\"><\/div>\n\n\n\n<h2 class=\"wp-block-heading\">Beschrijving auteur<\/h2>\n\n\n\n<p><strong>Auteur<\/strong> Jean-Luc Ceccato<br><strong>Cursus<\/strong> Uit te voeren op 13 september 2020<br><strong>Vertrek<\/strong> Schiltach: verschillende gratis parkeerplaatsen, waaronder een langs de Kinzig op de kruising van de Hauptstra\u00dfe en de Auestra\u00dfe. Hoogte: 330 m.<br>Als accommodatie raad ik Gasthof Zum Wey\u00dfen R\u00f6\u00dfle aan. Rosemarie Wolber is erg vriendelijk en spreekt Frans. Het eten is erg goed.<\/p>\n\n\n\n<div style=\"height:30px\" aria-hidden=\"true\" class=\"wp-block-spacer\"><\/div>\n\n\n\n<h2 class=\"wp-block-heading\">Toeristische informatie<\/h2>\n\n\n\n<p>Als je door de dorpjes rijdt, zie je de zorgvuldig versierde huizen die zo typerend zijn voor dit middelgebergte. Er zijn onderweg talloze uitkijkpunten.<\/p>\n\n\n\n<div style=\"height:30px\" aria-hidden=\"true\" class=\"wp-block-spacer\"><\/div>\n\n\n\n<h2 class=\"wp-block-heading\">Technische specificaties<\/h2>\n\n\n\n<p>Deze route levert geen moeilijkheden op en werd zonder problemen afgelegd met een mountainbike met 40 gravelbanden. Ongeveer 50% van de route gaat over mooie glooiende paden en de rest over asfaltwegen.<br>Waarschuwing: de toegang tot Passh\u00f6he Eckte DE-BW-0689c is 1,8 km lang erg steil en nadert soms 20%.<br>De toegang tot de laatste Sattelebene pas DE-BW-0590a heeft een gemakkelijke push-sectie van ongeveer 300m. In tegenstelling tot de piste klim je op hetzelfde afdalingspad naar boven en naar beneden.<\/p>\n\n\n\n<div style=\"height:30px\" aria-hidden=\"true\" class=\"wp-block-spacer\"><\/div>\n\n\n\n<p><strong>7 kragen<\/strong><\/p>\n\n\n\n<figure class=\"wp-block-table tableau-cols\"><table class=\"has-background\" style=\"background-color:#f0f0f0\"><tbody><tr><td>1 - Matterh\u00f6he<\/td><td>631 m<\/td><td><a href=\"\/nl\/util\/geo\/visuGen.php\/?code=DE-BW-0631A\" target=\"_blank\" rel=\"noreferrer noopener\">DE-BW-0631a<\/a><\/td><\/tr><tr><td>2 - Passh\u00f6he Eckte<\/td><td>689 m<\/td><td><a href=\"\/nl\/util\/geo\/visuGen.php\/?code=DE-BW-0689c\" target=\"_blank\" rel=\"noreferrer noopener\">DE-BW-0689c<\/a><\/td><\/tr><tr><td>3 - Sattellege<\/td><td>610 m<\/td><td><a href=\"\/nl\/util\/geo\/visuGen.php\/?code=DE-BW-0610b\" target=\"_blank\" rel=\"noreferrer noopener\">DE-BW-0610b<\/a><\/td><\/tr><tr><td>4 - Holzebene<\/td><td>545 m<\/td><td><a href=\"\/nl\/util\/geo\/visuGen.php\/?code=DE-BW-0545b\" target=\"_blank\" rel=\"noreferrer noopener\">DE-BW-0545b<\/a><\/td><\/tr><tr><td>5 - Brandsteig<\/td><td>689 m<\/td><td><a href=\"\/nl\/util\/geo\/visuGen.php\/?code=DE-BW-0689b\" target=\"_blank\" rel=\"noreferrer noopener\">DE-BW-0689b<\/a><\/td><\/tr><tr><td>6 - Ebersbacher H\u00f6he<\/td><td>577 m<\/td><td><a href=\"\/nl\/util\/geo\/visuGen.php\/?code=DE-BW-0577\" target=\"_blank\" rel=\"noreferrer noopener\">DE-BW-0577<\/a><\/td><\/tr><tr><td>7 - Sattelebene<\/td><td>590 m<\/td><td><a href=\"\/nl\/util\/geo\/visuGen.php\/?code=DE-BW-0590a\" target=\"_blank\" rel=\"noreferrer noopener\">DE-BW-0590a<\/a><\/td><\/tr><\/tbody><\/table><\/figure>\n\n\n\n<p><strong>Trefwoorden<\/strong> Schiltach, Zwarte Woud, Passh\u00f6he Eckte, Sattelebene, centcols<\/p>\n\n\n\n<p>Openrunner link, interactieve kaart, profiel, track : <a href=\"https:\/\/www.openrunner.com\/route-details\/16387856\" target=\"_blank\" rel=\"noreferrer noopener\">https:\/\/www.openrunner.com\/route-details\/16387856<\/a><\/p>\n\n\n\n<p>Deze routebeschrijving wordt slechts ter indicatie aangeboden. De auteur aanvaardt geen aansprakelijkheid, noch die van de Club des Cent Cols, voor eventuele onberekenbaarheden die te wijten zijn aan de fietser zelf, het gebruikte materiaal of alles wat te maken heeft met de weg, paden en wegen, hun omgeving of andere gebruikers.<\/p>\n\n\n\n<div style=\"height:30px\" aria-hidden=\"true\" class=\"wp-block-spacer\"><\/div>\n\n\n\n<h2 class=\"wp-block-heading\">Foto's<\/h2>\n\n\n\n<figure class=\"wp-block-gallery has-nested-images columns-default is-cropped wp-block-gallery-1 is-layout-flex wp-block-gallery-is-layout-flex\">\n<figure class=\"wp-block-image size-large\"><a href=\"https:\/\/centcols.org\/wp-content\/uploads\/2023\/08\/Presentation1-1200x6751-1.jpg\"><img loading=\"lazy\" decoding=\"async\" width=\"1200\" height=\"675\" data-id=\"89873\" src=\"https:\/\/centcols.org\/wp-content\/uploads\/2023\/08\/Presentation1-1200x6751-1.jpg\" alt=\"\" class=\"wp-image-89873\" srcset=\"https:\/\/centcols.org\/wp-content\/uploads\/2023\/08\/Presentation1-1200x6751-1.jpg 1200w, https:\/\/centcols.org\/wp-content\/uploads\/2023\/08\/Presentation1-1200x6751-1-768x432.jpg 768w, https:\/\/centcols.org\/wp-content\/uploads\/2023\/08\/Presentation1-1200x6751-1-18x10.jpg 18w\" sizes=\"auto, (max-width: 1200px) 100vw, 1200px\" \/><\/a><figcaption class=\"wp-element-caption\">Schiltach, vakwerkhuizen<\/figcaption><\/figure>\n\n\n\n<figure class=\"wp-block-image size-large\"><a href=\"https:\/\/centcols.org\/wp-content\/uploads\/2023\/08\/2NoeQgUy9mAlkxYk3viXIMQ8Z7G1.jpg\"><img loading=\"lazy\" decoding=\"async\" width=\"1000\" height=\"612\" data-id=\"89874\" src=\"https:\/\/centcols.org\/wp-content\/uploads\/2023\/08\/2NoeQgUy9mAlkxYk3viXIMQ8Z7G1.jpg\" alt=\"\" class=\"wp-image-89874\" srcset=\"https:\/\/centcols.org\/wp-content\/uploads\/2023\/08\/2NoeQgUy9mAlkxYk3viXIMQ8Z7G1.jpg 1000w, https:\/\/centcols.org\/wp-content\/uploads\/2023\/08\/2NoeQgUy9mAlkxYk3viXIMQ8Z7G1-768x470.jpg 768w, https:\/\/centcols.org\/wp-content\/uploads\/2023\/08\/2NoeQgUy9mAlkxYk3viXIMQ8Z7G1-18x12.jpg 18w\" sizes=\"auto, (max-width: 1000px) 100vw, 1000px\" \/><\/a><figcaption class=\"wp-element-caption\">Schiltach, vakwerkhuizen<\/figcaption><\/figure>\n\n\n\n<figure class=\"wp-block-image size-large\"><a href=\"https:\/\/centcols.org\/wp-content\/uploads\/2023\/08\/2NoeQe3ijEQW5knzdNdSyrWniku1.jpg\"><img loading=\"lazy\" decoding=\"async\" width=\"1000\" height=\"668\" data-id=\"89875\" src=\"https:\/\/centcols.org\/wp-content\/uploads\/2023\/08\/2NoeQe3ijEQW5knzdNdSyrWniku1.jpg\" alt=\"\" class=\"wp-image-89875\" srcset=\"https:\/\/centcols.org\/wp-content\/uploads\/2023\/08\/2NoeQe3ijEQW5knzdNdSyrWniku1.jpg 1000w, https:\/\/centcols.org\/wp-content\/uploads\/2023\/08\/2NoeQe3ijEQW5knzdNdSyrWniku1-768x513.jpg 768w, https:\/\/centcols.org\/wp-content\/uploads\/2023\/08\/2NoeQe3ijEQW5knzdNdSyrWniku1-18x12.jpg 18w\" sizes=\"auto, (max-width: 1000px) 100vw, 1000px\" \/><\/a><figcaption class=\"wp-element-caption\">Schiltach, vakwerkhuizen<\/figcaption><\/figure>\n\n\n\n<figure class=\"wp-block-image size-large\"><a href=\"https:\/\/centcols.org\/wp-content\/uploads\/2023\/08\/2NoeQkPQNYk0wlvo9DmYj6J0NMo1.jpg\"><img loading=\"lazy\" decoding=\"async\" width=\"669\" height=\"941\" data-id=\"89876\" src=\"https:\/\/centcols.org\/wp-content\/uploads\/2023\/08\/2NoeQkPQNYk0wlvo9DmYj6J0NMo1.jpg\" alt=\"\" class=\"wp-image-89876\" srcset=\"https:\/\/centcols.org\/wp-content\/uploads\/2023\/08\/2NoeQkPQNYk0wlvo9DmYj6J0NMo1.jpg 669w, https:\/\/centcols.org\/wp-content\/uploads\/2023\/08\/2NoeQkPQNYk0wlvo9DmYj6J0NMo1-9x12.jpg 9w\" sizes=\"auto, (max-width: 669px) 100vw, 669px\" \/><\/a><figcaption class=\"wp-element-caption\">Het stadhuis<\/figcaption><\/figure>\n\n\n\n<figure class=\"wp-block-image size-large\"><a href=\"https:\/\/centcols.org\/wp-content\/uploads\/2023\/08\/image-137.jpeg\"><img loading=\"lazy\" decoding=\"async\" width=\"800\" height=\"531\" data-id=\"95655\" src=\"https:\/\/centcols.org\/wp-content\/uploads\/2023\/08\/image-137.jpeg\" alt=\"\" class=\"wp-image-95655\" srcset=\"https:\/\/centcols.org\/wp-content\/uploads\/2023\/08\/image-137.jpeg 800w, https:\/\/centcols.org\/wp-content\/uploads\/2023\/08\/image-137-768x510.jpeg 768w, https:\/\/centcols.org\/wp-content\/uploads\/2023\/08\/image-137-18x12.jpeg 18w\" sizes=\"auto, (max-width: 800px) 100vw, 800px\" \/><\/a><figcaption class=\"wp-element-caption\">Matterh\u00f6he<\/figcaption><\/figure>\n\n\n\n<figure class=\"wp-block-image size-large\"><a href=\"https:\/\/centcols.org\/wp-content\/uploads\/2023\/08\/image-138.jpeg\"><img loading=\"lazy\" decoding=\"async\" width=\"800\" height=\"531\" data-id=\"95656\" src=\"https:\/\/centcols.org\/wp-content\/uploads\/2023\/08\/image-138.jpeg\" alt=\"\" class=\"wp-image-95656\" srcset=\"https:\/\/centcols.org\/wp-content\/uploads\/2023\/08\/image-138.jpeg 800w, https:\/\/centcols.org\/wp-content\/uploads\/2023\/08\/image-138-768x510.jpeg 768w, https:\/\/centcols.org\/wp-content\/uploads\/2023\/08\/image-138-18x12.jpeg 18w\" sizes=\"auto, (max-width: 800px) 100vw, 800px\" \/><\/a><figcaption class=\"wp-element-caption\">Sattellege<\/figcaption><\/figure>\n\n\n\n<figure class=\"wp-block-image size-large\"><a href=\"https:\/\/centcols.org\/wp-content\/uploads\/2023\/08\/image-139.jpeg\"><img loading=\"lazy\" decoding=\"async\" width=\"800\" height=\"531\" data-id=\"95657\" src=\"https:\/\/centcols.org\/wp-content\/uploads\/2023\/08\/image-139.jpeg\" alt=\"\" class=\"wp-image-95657\" srcset=\"https:\/\/centcols.org\/wp-content\/uploads\/2023\/08\/image-139.jpeg 800w, https:\/\/centcols.org\/wp-content\/uploads\/2023\/08\/image-139-768x510.jpeg 768w, https:\/\/centcols.org\/wp-content\/uploads\/2023\/08\/image-139-18x12.jpeg 18w\" sizes=\"auto, (max-width: 800px) 100vw, 800px\" \/><\/a><figcaption class=\"wp-element-caption\">Holzebene<\/figcaption><\/figure>\n\n\n\n<figure class=\"wp-block-image size-large\"><a href=\"https:\/\/centcols.org\/wp-content\/uploads\/2023\/08\/image-140.jpeg\"><img loading=\"lazy\" decoding=\"async\" width=\"800\" height=\"531\" data-id=\"95659\" src=\"https:\/\/centcols.org\/wp-content\/uploads\/2023\/08\/image-140.jpeg\" alt=\"\" class=\"wp-image-95659\" srcset=\"https:\/\/centcols.org\/wp-content\/uploads\/2023\/08\/image-140.jpeg 800w, https:\/\/centcols.org\/wp-content\/uploads\/2023\/08\/image-140-768x510.jpeg 768w, https:\/\/centcols.org\/wp-content\/uploads\/2023\/08\/image-140-18x12.jpeg 18w\" sizes=\"auto, (max-width: 800px) 100vw, 800px\" \/><\/a><figcaption class=\"wp-element-caption\">Ebersbacher H\u00f6he<\/figcaption><\/figure>\n\n\n\n<figure class=\"wp-block-image size-large\"><a href=\"https:\/\/centcols.org\/wp-content\/uploads\/2023\/08\/image-141.jpeg\"><img loading=\"lazy\" decoding=\"async\" width=\"800\" height=\"531\" data-id=\"95660\" src=\"https:\/\/centcols.org\/wp-content\/uploads\/2023\/08\/image-141.jpeg\" alt=\"\" class=\"wp-image-95660\" srcset=\"https:\/\/centcols.org\/wp-content\/uploads\/2023\/08\/image-141.jpeg 800w, https:\/\/centcols.org\/wp-content\/uploads\/2023\/08\/image-141-768x510.jpeg 768w, https:\/\/centcols.org\/wp-content\/uploads\/2023\/08\/image-141-18x12.jpeg 18w\" sizes=\"auto, (max-width: 800px) 100vw, 800px\" \/><\/a><figcaption class=\"wp-element-caption\">Sattelebene<\/figcaption><\/figure>\n<\/figure>","protected":false},"excerpt":{"rendered":"<p>Description de l\u2019auteur Auteur : Jean-Luc CeccatoParcours : effectu\u00e9 le 13 Septembre 2020D\u00e9part : Schiltach, plusieurs parkings gratuits dont celui le long de la Kinzig au croisement de la Hauptstra\u00dfe et de l\u2019Auestra\u00dfe. Alt\u00a0: 330\u00a0m.Pour l\u2019h\u00e9bergement, je recommande le Gasthof Zum Wey\u00dfen R\u00f6\u00dfle. Rosemarie Wolber est tr\u00e8s sympathique et parle fran\u00e7ais. La nourriture est bonne. [&hellip;]<\/p>\n","protected":false},"author":3,"featured_media":82874,"comment_status":"open","ping_status":"open","sticky":false,"template":"","format":"standard","meta":{"_acf_changed":false,"footnotes":""},"categories":[302,320,323,220],"tags":[],"class_list":["post-82481","post","type-post","status-publish","format-standard","has-post-thumbnail","hentry","category-parcours-allemagne","category-gravel-type-parcours","category-foret-noire-massif-parcours-membres","category-parcours-membres"],"acf":[],"yoast_head":"<!-- This site is optimized with the Yoast SEO plugin v27.2 - https:\/\/yoast.com\/product\/yoast-seo-wordpress\/ -->\n<title>DE-BW For\u00eat-Noire Schiltach est - Gravel 50 km, D+ 1580 m, 7 cols - Club des Cent Cols<\/title>\n<meta name=\"robots\" content=\"index, follow, max-snippet:-1, max-image-preview:large, max-video-preview:-1\" \/>\n<link rel=\"canonical\" href=\"https:\/\/centcols.org\/nl\/de-bw-foret-noire-schiltach-est-grind\/\" \/>\n<meta property=\"og:locale\" content=\"nl_BE\" \/>\n<meta property=\"og:type\" content=\"article\" \/>\n<meta property=\"og:title\" content=\"DE-BW For\u00eat-Noire Schiltach est - Gravel 50 km, D+ 1580 m, 7 cols - Club des Cent Cols\" \/>\n<meta property=\"og:description\" content=\"Description de l\u2019auteur Auteur : Jean-Luc CeccatoParcours : effectu\u00e9 le 13 Septembre 2020D\u00e9part : Schiltach, plusieurs parkings gratuits dont celui le long de la Kinzig au croisement de la Hauptstra\u00dfe et de l\u2019Auestra\u00dfe. Alt\u00a0: 330\u00a0m.Pour l\u2019h\u00e9bergement, je recommande le Gasthof Zum Wey\u00dfen R\u00f6\u00dfle. Rosemarie Wolber est tr\u00e8s sympathique et parle fran\u00e7ais. La nourriture est bonne. [&hellip;]\" \/>\n<meta property=\"og:url\" content=\"https:\/\/centcols.org\/nl\/de-bw-foret-noire-schiltach-est-grind\/\" \/>\n<meta property=\"og:site_name\" content=\"Club des Cent Cols\" \/>\n<meta property=\"article:publisher\" content=\"https:\/\/www.facebook.com\/groups\/5261880558\/?locale=fr_FR\" \/>\n<meta property=\"article:published_time\" content=\"2023-08-04T11:23:23+00:00\" \/>\n<meta property=\"article:modified_time\" content=\"2026-04-23T18:01:36+00:00\" \/>\n<meta property=\"og:image\" content=\"https:\/\/centcols.org\/wp-content\/uploads\/2023\/08\/2NoeQgUy9mAlkxYk3viXIMQ8Z7G-500x3061-1.jpg\" \/>\n\t<meta property=\"og:image:width\" content=\"500\" \/>\n\t<meta property=\"og:image:height\" content=\"306\" \/>\n\t<meta property=\"og:image:type\" content=\"image\/jpeg\" \/>\n<meta name=\"author\" content=\"Webmestre\" \/>\n<meta name=\"twitter:card\" content=\"summary_large_image\" \/>\n<meta name=\"twitter:label1\" content=\"Geschreven door\" \/>\n\t<meta name=\"twitter:data1\" content=\"Webmestre\" \/>\n\t<meta name=\"twitter:label2\" content=\"Geschatte leestijd\" \/>\n\t<meta name=\"twitter:data2\" content=\"4 minuten\" \/>\n<script type=\"application\/ld+json\" class=\"yoast-schema-graph\">{\"@context\":\"https:\/\/schema.org\",\"@graph\":[{\"@type\":\"Article\",\"@id\":\"https:\/\/centcols.org\/de-bw-foret-noire-schiltach-est-gravel\/#article\",\"isPartOf\":{\"@id\":\"https:\/\/centcols.org\/de-bw-foret-noire-schiltach-est-gravel\/\"},\"author\":{\"name\":\"Webmestre\",\"@id\":\"https:\/\/centcols.org\/#\/schema\/person\/911b404fb133d8c913dd27cdcf71c8e5\"},\"headline\":\"DE-BW For\u00eat-Noire Schiltach est &#8211; Gravel 50 km, D+ 1580 m, 7 cols\",\"datePublished\":\"2023-08-04T11:23:23+00:00\",\"dateModified\":\"2026-04-23T18:01:36+00:00\",\"mainEntityOfPage\":{\"@id\":\"https:\/\/centcols.org\/de-bw-foret-noire-schiltach-est-gravel\/\"},\"wordCount\":343,\"commentCount\":0,\"publisher\":{\"@id\":\"https:\/\/centcols.org\/#organization\"},\"image\":{\"@id\":\"https:\/\/centcols.org\/de-bw-foret-noire-schiltach-est-gravel\/#primaryimage\"},\"thumbnailUrl\":\"https:\/\/centcols.org\/wp-content\/uploads\/2023\/08\/2NoeQgUy9mAlkxYk3viXIMQ8Z7G-500x3061-1.jpg\",\"articleSection\":[\"Parcours Allemagne\",\"Gravel\",\"For\u00eat-Noire\",\"Parcours membres\"],\"inLanguage\":\"nl-BE\",\"potentialAction\":[{\"@type\":\"CommentAction\",\"name\":\"Comment\",\"target\":[\"https:\/\/centcols.org\/de-bw-foret-noire-schiltach-est-gravel\/#respond\"]}]},{\"@type\":\"WebPage\",\"@id\":\"https:\/\/centcols.org\/de-bw-foret-noire-schiltach-est-gravel\/\",\"url\":\"https:\/\/centcols.org\/de-bw-foret-noire-schiltach-est-gravel\/\",\"name\":\"DE-BW For\u00eat-Noire Schiltach est - Gravel 50 km, D+ 1580 m, 7 cols - Club des Cent Cols\",\"isPartOf\":{\"@id\":\"https:\/\/centcols.org\/#website\"},\"primaryImageOfPage\":{\"@id\":\"https:\/\/centcols.org\/de-bw-foret-noire-schiltach-est-gravel\/#primaryimage\"},\"image\":{\"@id\":\"https:\/\/centcols.org\/de-bw-foret-noire-schiltach-est-gravel\/#primaryimage\"},\"thumbnailUrl\":\"https:\/\/centcols.org\/wp-content\/uploads\/2023\/08\/2NoeQgUy9mAlkxYk3viXIMQ8Z7G-500x3061-1.jpg\",\"datePublished\":\"2023-08-04T11:23:23+00:00\",\"dateModified\":\"2026-04-23T18:01:36+00:00\",\"breadcrumb\":{\"@id\":\"https:\/\/centcols.org\/de-bw-foret-noire-schiltach-est-gravel\/#breadcrumb\"},\"inLanguage\":\"nl-BE\",\"potentialAction\":[{\"@type\":\"ReadAction\",\"target\":[\"https:\/\/centcols.org\/de-bw-foret-noire-schiltach-est-gravel\/\"]}]},{\"@type\":\"ImageObject\",\"inLanguage\":\"nl-BE\",\"@id\":\"https:\/\/centcols.org\/de-bw-foret-noire-schiltach-est-gravel\/#primaryimage\",\"url\":\"https:\/\/centcols.org\/wp-content\/uploads\/2023\/08\/2NoeQgUy9mAlkxYk3viXIMQ8Z7G-500x3061-1.jpg\",\"contentUrl\":\"https:\/\/centcols.org\/wp-content\/uploads\/2023\/08\/2NoeQgUy9mAlkxYk3viXIMQ8Z7G-500x3061-1.jpg\",\"width\":500,\"height\":306},{\"@type\":\"BreadcrumbList\",\"@id\":\"https:\/\/centcols.org\/de-bw-foret-noire-schiltach-est-gravel\/#breadcrumb\",\"itemListElement\":[{\"@type\":\"ListItem\",\"position\":1,\"name\":\"Accueil\",\"item\":\"https:\/\/centcols.org\/\"},{\"@type\":\"ListItem\",\"position\":2,\"name\":\"Parcours membres\",\"item\":\"https:\/\/centcols.org\/rubrique\/parcours-membres\/\"},{\"@type\":\"ListItem\",\"position\":3,\"name\":\"Pays\",\"item\":\"https:\/\/centcols.org\/rubrique\/parcours-membres\/pays-parcours-membres\/\"},{\"@type\":\"ListItem\",\"position\":4,\"name\":\"Parcours Allemagne\",\"item\":\"https:\/\/centcols.org\/rubrique\/parcours-membres\/pays-parcours-membres\/parcours-allemagne\/\"},{\"@type\":\"ListItem\",\"position\":5,\"name\":\"DE-BW For\u00eat-Noire Schiltach est &#8211; Gravel 50 km, D+ 1580 m, 7 cols\"}]},{\"@type\":\"WebSite\",\"@id\":\"https:\/\/centcols.org\/#website\",\"url\":\"https:\/\/centcols.org\/\",\"name\":\"Club des Cent Cols\",\"description\":\"\",\"publisher\":{\"@id\":\"https:\/\/centcols.org\/#organization\"},\"potentialAction\":[{\"@type\":\"SearchAction\",\"target\":{\"@type\":\"EntryPoint\",\"urlTemplate\":\"https:\/\/centcols.org\/?s={search_term_string}\"},\"query-input\":{\"@type\":\"PropertyValueSpecification\",\"valueRequired\":true,\"valueName\":\"search_term_string\"}}],\"inLanguage\":\"nl-BE\"},{\"@type\":\"Organization\",\"@id\":\"https:\/\/centcols.org\/#organization\",\"name\":\"Club des Cent Cols\",\"url\":\"https:\/\/centcols.org\/\",\"logo\":{\"@type\":\"ImageObject\",\"inLanguage\":\"nl-BE\",\"@id\":\"https:\/\/centcols.org\/#\/schema\/logo\/image\/\",\"url\":\"https:\/\/centcols.org\/wp-content\/uploads\/2025\/01\/carte-icone.png\",\"contentUrl\":\"https:\/\/centcols.org\/wp-content\/uploads\/2025\/01\/carte-icone.png\",\"width\":250,\"height\":250,\"caption\":\"Club des Cent Cols\"},\"image\":{\"@id\":\"https:\/\/centcols.org\/#\/schema\/logo\/image\/\"},\"sameAs\":[\"https:\/\/www.facebook.com\/groups\/5261880558\/?locale=fr_FR\"]},{\"@type\":\"Person\",\"@id\":\"https:\/\/centcols.org\/#\/schema\/person\/911b404fb133d8c913dd27cdcf71c8e5\",\"name\":\"Webmestre\",\"image\":{\"@type\":\"ImageObject\",\"inLanguage\":\"nl-BE\",\"@id\":\"https:\/\/centcols.org\/wp-content\/litespeed\/avatar\/2d246e4b6b4f773e08515e1ffc53690b.jpg?ver=1777222892\",\"url\":\"https:\/\/centcols.org\/wp-content\/litespeed\/avatar\/2d246e4b6b4f773e08515e1ffc53690b.jpg?ver=1777222892\",\"contentUrl\":\"https:\/\/centcols.org\/wp-content\/litespeed\/avatar\/2d246e4b6b4f773e08515e1ffc53690b.jpg?ver=1777222892\",\"caption\":\"Webmestre\"},\"url\":\"https:\/\/centcols.org\/nl\/author\/webmestre\/\"}]}<\/script>\n<!-- \/ Yoast SEO plugin. -->","yoast_head_json":{"title":"DE-BW Zwarte Woud Schiltach oost - Gravel 50 km, D+ 1580 m, 7 passen - Club des Cent Cols","robots":{"index":"index","follow":"follow","max-snippet":"max-snippet:-1","max-image-preview":"max-image-preview:large","max-video-preview":"max-video-preview:-1"},"canonical":"https:\/\/centcols.org\/nl\/de-bw-foret-noire-schiltach-est-grind\/","og_locale":"nl_BE","og_type":"article","og_title":"DE-BW For\u00eat-Noire Schiltach est - Gravel 50 km, D+ 1580 m, 7 cols - Club des Cent Cols","og_description":"Description de l\u2019auteur Auteur : Jean-Luc CeccatoParcours : effectu\u00e9 le 13 Septembre 2020D\u00e9part : Schiltach, plusieurs parkings gratuits dont celui le long de la Kinzig au croisement de la Hauptstra\u00dfe et de l\u2019Auestra\u00dfe. Alt\u00a0: 330\u00a0m.Pour l\u2019h\u00e9bergement, je recommande le Gasthof Zum Wey\u00dfen R\u00f6\u00dfle. Rosemarie Wolber est tr\u00e8s sympathique et parle fran\u00e7ais. La nourriture est bonne. [&hellip;]","og_url":"https:\/\/centcols.org\/nl\/de-bw-foret-noire-schiltach-est-grind\/","og_site_name":"Club des Cent Cols","article_publisher":"https:\/\/www.facebook.com\/groups\/5261880558\/?locale=fr_FR","article_published_time":"2023-08-04T11:23:23+00:00","article_modified_time":"2026-04-23T18:01:36+00:00","og_image":[{"width":500,"height":306,"url":"https:\/\/centcols.org\/wp-content\/uploads\/2023\/08\/2NoeQgUy9mAlkxYk3viXIMQ8Z7G-500x3061-1.jpg","type":"image\/jpeg"}],"author":"Webmestre","twitter_card":"summary_large_image","twitter_misc":{"Geschreven door":"Webmestre","Geschatte leestijd":"4 minuten"},"schema":{"@context":"https:\/\/schema.org","@graph":[{"@type":"Article","@id":"https:\/\/centcols.org\/de-bw-foret-noire-schiltach-est-gravel\/#article","isPartOf":{"@id":"https:\/\/centcols.org\/de-bw-foret-noire-schiltach-est-gravel\/"},"author":{"name":"Webmestre","@id":"https:\/\/centcols.org\/#\/schema\/person\/911b404fb133d8c913dd27cdcf71c8e5"},"headline":"DE-BW For\u00eat-Noire Schiltach est &#8211; Gravel 50 km, D+ 1580 m, 7 cols","datePublished":"2023-08-04T11:23:23+00:00","dateModified":"2026-04-23T18:01:36+00:00","mainEntityOfPage":{"@id":"https:\/\/centcols.org\/de-bw-foret-noire-schiltach-est-gravel\/"},"wordCount":343,"commentCount":0,"publisher":{"@id":"https:\/\/centcols.org\/#organization"},"image":{"@id":"https:\/\/centcols.org\/de-bw-foret-noire-schiltach-est-gravel\/#primaryimage"},"thumbnailUrl":"https:\/\/centcols.org\/wp-content\/uploads\/2023\/08\/2NoeQgUy9mAlkxYk3viXIMQ8Z7G-500x3061-1.jpg","articleSection":["Parcours Allemagne","Gravel","For\u00eat-Noire","Parcours membres"],"inLanguage":"nl-BE","potentialAction":[{"@type":"CommentAction","name":"Comment","target":["https:\/\/centcols.org\/de-bw-foret-noire-schiltach-est-gravel\/#respond"]}]},{"@type":"WebPage","@id":"https:\/\/centcols.org\/de-bw-foret-noire-schiltach-est-gravel\/","url":"https:\/\/centcols.org\/de-bw-foret-noire-schiltach-est-gravel\/","name":"DE-BW Zwarte Woud Schiltach oost - Gravel 50 km, D+ 1580 m, 7 passen - Club des Cent Cols","isPartOf":{"@id":"https:\/\/centcols.org\/#website"},"primaryImageOfPage":{"@id":"https:\/\/centcols.org\/de-bw-foret-noire-schiltach-est-gravel\/#primaryimage"},"image":{"@id":"https:\/\/centcols.org\/de-bw-foret-noire-schiltach-est-gravel\/#primaryimage"},"thumbnailUrl":"https:\/\/centcols.org\/wp-content\/uploads\/2023\/08\/2NoeQgUy9mAlkxYk3viXIMQ8Z7G-500x3061-1.jpg","datePublished":"2023-08-04T11:23:23+00:00","dateModified":"2026-04-23T18:01:36+00:00","breadcrumb":{"@id":"https:\/\/centcols.org\/de-bw-foret-noire-schiltach-est-gravel\/#breadcrumb"},"inLanguage":"nl-BE","potentialAction":[{"@type":"ReadAction","target":["https:\/\/centcols.org\/de-bw-foret-noire-schiltach-est-gravel\/"]}]},{"@type":"ImageObject","inLanguage":"nl-BE","@id":"https:\/\/centcols.org\/de-bw-foret-noire-schiltach-est-gravel\/#primaryimage","url":"https:\/\/centcols.org\/wp-content\/uploads\/2023\/08\/2NoeQgUy9mAlkxYk3viXIMQ8Z7G-500x3061-1.jpg","contentUrl":"https:\/\/centcols.org\/wp-content\/uploads\/2023\/08\/2NoeQgUy9mAlkxYk3viXIMQ8Z7G-500x3061-1.jpg","width":500,"height":306},{"@type":"BreadcrumbList","@id":"https:\/\/centcols.org\/de-bw-foret-noire-schiltach-est-gravel\/#breadcrumb","itemListElement":[{"@type":"ListItem","position":1,"name":"Accueil","item":"https:\/\/centcols.org\/"},{"@type":"ListItem","position":2,"name":"Parcours membres","item":"https:\/\/centcols.org\/rubrique\/parcours-membres\/"},{"@type":"ListItem","position":3,"name":"Pays","item":"https:\/\/centcols.org\/rubrique\/parcours-membres\/pays-parcours-membres\/"},{"@type":"ListItem","position":4,"name":"Parcours Allemagne","item":"https:\/\/centcols.org\/rubrique\/parcours-membres\/pays-parcours-membres\/parcours-allemagne\/"},{"@type":"ListItem","position":5,"name":"DE-BW For\u00eat-Noire Schiltach est &#8211; Gravel 50 km, D+ 1580 m, 7 cols"}]},{"@type":"WebSite","@id":"https:\/\/centcols.org\/#website","url":"https:\/\/centcols.org\/","name":"Club van Cent Cols","description":"","publisher":{"@id":"https:\/\/centcols.org\/#organization"},"potentialAction":[{"@type":"SearchAction","target":{"@type":"EntryPoint","urlTemplate":"https:\/\/centcols.org\/?s={search_term_string}"},"query-input":{"@type":"PropertyValueSpecification","valueRequired":true,"valueName":"search_term_string"}}],"inLanguage":"nl-BE"},{"@type":"Organization","@id":"https:\/\/centcols.org\/#organization","name":"Club van Cent Cols","url":"https:\/\/centcols.org\/","logo":{"@type":"ImageObject","inLanguage":"nl-BE","@id":"https:\/\/centcols.org\/#\/schema\/logo\/image\/","url":"https:\/\/centcols.org\/wp-content\/uploads\/2025\/01\/carte-icone.png","contentUrl":"https:\/\/centcols.org\/wp-content\/uploads\/2025\/01\/carte-icone.png","width":250,"height":250,"caption":"Club des Cent Cols"},"image":{"@id":"https:\/\/centcols.org\/#\/schema\/logo\/image\/"},"sameAs":["https:\/\/www.facebook.com\/groups\/5261880558\/?locale=fr_FR"]},{"@type":"Person","@id":"https:\/\/centcols.org\/#\/schema\/person\/911b404fb133d8c913dd27cdcf71c8e5","name":"Webmaster","image":{"@type":"ImageObject","inLanguage":"nl-BE","@id":"https:\/\/centcols.org\/wp-content\/litespeed\/avatar\/2d246e4b6b4f773e08515e1ffc53690b.jpg?ver=1777222892","url":"https:\/\/centcols.org\/wp-content\/litespeed\/avatar\/2d246e4b6b4f773e08515e1ffc53690b.jpg?ver=1777222892","contentUrl":"https:\/\/centcols.org\/wp-content\/litespeed\/avatar\/2d246e4b6b4f773e08515e1ffc53690b.jpg?ver=1777222892","caption":"Webmestre"},"url":"https:\/\/centcols.org\/nl\/author\/webmestre\/"}]}},"_links":{"self":[{"href":"https:\/\/centcols.org\/nl\/wp-json\/wp\/v2\/posts\/82481","targetHints":{"allow":["GET"]}}],"collection":[{"href":"https:\/\/centcols.org\/nl\/wp-json\/wp\/v2\/posts"}],"about":[{"href":"https:\/\/centcols.org\/nl\/wp-json\/wp\/v2\/types\/post"}],"author":[{"embeddable":true,"href":"https:\/\/centcols.org\/nl\/wp-json\/wp\/v2\/users\/3"}],"replies":[{"embeddable":true,"href":"https:\/\/centcols.org\/nl\/wp-json\/wp\/v2\/comments?post=82481"}],"version-history":[{"count":0,"href":"https:\/\/centcols.org\/nl\/wp-json\/wp\/v2\/posts\/82481\/revisions"}],"wp:featuredmedia":[{"embeddable":true,"href":"https:\/\/centcols.org\/nl\/wp-json\/wp\/v2\/media\/82874"}],"wp:attachment":[{"href":"https:\/\/centcols.org\/nl\/wp-json\/wp\/v2\/media?parent=82481"}],"wp:term":[{"taxonomy":"category","embeddable":true,"href":"https:\/\/centcols.org\/nl\/wp-json\/wp\/v2\/categories?post=82481"},{"taxonomy":"post_tag","embeddable":true,"href":"https:\/\/centcols.org\/nl\/wp-json\/wp\/v2\/tags?post=82481"}],"curies":[{"name":"wp","href":"https:\/\/api.w.org\/{rel}","templated":true}]}}