{"id":82485,"date":"2023-06-19T14:27:45","date_gmt":"2023-06-19T12:27:45","guid":{"rendered":"https:\/\/centcols.org\/le-col-du-galibier\/"},"modified":"2025-11-05T18:45:09","modified_gmt":"2025-11-05T16:45:09","slug":"de-galibierpas","status":"publish","type":"post","link":"https:\/\/centcols.org\/nl\/le-col-du-galibier\/","title":{"rendered":"De Galibierpas"},"content":{"rendered":"<h2 class=\"wp-block-heading\">Plaatsnaamkunde<\/h2>\n\n\n\n<p class=\"has-medium-font-size\">Volgens <a title=\"\" href=\"https:\/\/fr.wikipedia.org\/wiki\/Grand_Galibier\" target=\"_blank\" rel=\"noopener\"><strong>Wikipedia<\/strong><\/a>, de etymologie van\u2019<strong><a title=\"\" href=\"https:\/\/fr.wikipedia.org\/wiki\/Oronyme\" target=\"_blank\" rel=\"noopener\">ofoniem<\/a>&nbsp;<\/strong>Galibier is omstreden. Galibier zou afgeleid zijn van een radicaal van pre-Indo-Europese oorsprong,&nbsp;<em>gal<\/em>&nbsp;variant van&nbsp;<em>kal<\/em>, steen, met&nbsp;<em>lup<\/em>, de hoogte. De naam Galibier verwijst naar een stenige heuvel.<\/p>\n\n\n\n<h2 class=\"wp-block-heading\">Geografische locatie<\/h2>\n\n\n\n<h3 class=\"wp-block-heading\">Massieven<\/h3>\n\n\n\n<p class=\"has-medium-font-size\">Le <a title=\"\" href=\"https:\/\/centcols.org\/nl\/util\/geo\/visuGen.php\/?code=FR-05-2642a\" target=\"_blank\" rel=\"noopener\">Galibier-pas FR-05-2642a<\/a> - bevindt zich tussen de&nbsp;<a title=\"\" href=\"https:\/\/fr.wikipedia.org\/wiki\/Massif_des_Arves\" target=\"_blank\" rel=\"noopener\"><strong>Arves massief<\/strong><\/a>&nbsp; met de Pic des Trois Ev\u00e9ch\u00e9s (3.116 m) ten westen van de pas en de<strong>&nbsp;<a title=\"\" href=\"https:\/\/fr.wikipedia.org\/wiki\/Massif_des_Cerces\" target=\"_blank\" rel=\"noopener\">Cerces massief<\/a>,<\/strong>&nbsp;met de top van de Grand Galibier (3228 m) ten oosten van de pas.<\/p>\n\n\n\n<h3 class=\"wp-block-heading\">Geologie<\/h3>\n\n\n\n<p class=\"has-medium-font-size\">De Brian\u00e7onnais nappes de charriage staan bekend om het feit dat ze recente geologische lagen hebben laten bedekken door oudere geologische lagen. Deze opeenstapeling van nappes, 20 tot 30 km verplaatst, die samenviel met de Alpiene uplift (30 Ma), werd vergemakkelijkt door de aanwezigheid van een gipslaag die fungeerde als een \u00abtektonisch smeermiddel\u00bb.<\/p>\n\n\n\n<p class=\"has-medium-font-size\">De pas verbergt een geologische curiositeit. Boven de tunnel en onder het noordportaal van de pas duikt gips op. Dit gips is bezaaid met decametrische depressies die doen denken aan karstvormen. Sommige toeristen hebben ze zelfs aangezien voor schelpengaten, maar het zijn eigenlijk trechters waarin water het gips heeft opgelost.<\/p>\n\n\n\n<p class=\"has-medium-font-size\">Ge\u00efnteresseerde lezers worden verwezen naar het uitgebreide artikel van&nbsp;<a href=\"http:\/\/www.geol-alp.com\/brianconnais\/_lieux_Guisane_WNevache\/Galibier_col.html\" rel=\"noreferrer noopener\" target=\"_blank\">geol-alp.com Col du Galibier<\/a>&nbsp;<\/p>\n\n\n\n<h3 class=\"wp-block-heading\">Hydrografie<\/h3>\n\n\n\n<p class=\"has-medium-font-size\">Het ligt op de waterscheiding tussen het stroomgebied van de Is\u00e8re in het noorden (Valloirette vallei, zijrivier van de Arc en vervolgens de Is\u00e8re) en het stroomgebied van de Durance in het zuiden (Guisane vallei, zijrivier van de Durance).<\/p>\n\n\n\n<h3 class=\"wp-block-heading\">Toegang<\/h3>\n\n\n\n<p class=\"has-medium-font-size\">De Galibier-weg (nu de D902 - voorheen de RN202 - in zowel de Savoie als de Hautes-Alpes) werd vanaf 1874 aangelegd en werd voltooid met het boren van de tunnel in 1891. De (top)weg was in ieder geval in 1884 voltooid.<\/p>\n\n\n\n<p class=\"has-medium-font-size\">Het verbindt :<\/p>\n\n\n<div class=\"wp-block-image is-resized\">\n<figure class=\"aligncenter size-full\"><img loading=\"lazy\" decoding=\"async\" width=\"681\" height=\"607\" src=\"https:\/\/centcols.org\/wp-content\/uploads\/2023\/06\/Galibier-carte1.jpg\" alt=\"\" class=\"wp-image-89770\" srcset=\"https:\/\/centcols.org\/wp-content\/uploads\/2023\/06\/Galibier-carte1.jpg 681w, https:\/\/centcols.org\/wp-content\/uploads\/2023\/06\/Galibier-carte1-13x12.jpg 13w\" sizes=\"auto, (max-width: 681px) 100vw, 681px\" \/><\/figure>\n<\/div>\n\n\n<div class=\"wp-block-columns is-layout-flex wp-container-core-columns-is-layout-9d6595d7 wp-block-columns-is-layout-flex\">\n<div class=\"wp-block-column is-layout-flow wp-block-column-is-layout-flow\">\n<ul class=\"wp-block-list\">\n<li>op <strong>noord<\/strong>,la Maurienne (vallei van de Is\u00e8re), Saint-Michel de Maurienne (op 35 km - hoogte 730 m), via Valloire (op 18 km) en de Col du T\u00e9l\u00e9graphe. <a href=\"https:\/\/centcols.org\/nl\/util\/geo\/visuGen.php\/?code=FR-73-1566\" target=\"_blank\" rel=\"noreferrer noopener\">FR-73-1566<\/a> - (28 km van de Col du Galibier), en Valloire (18 km - alt.<br>1430 m), dan Plan Lachat (op 8 km afstand - hoogte 1786 m) en (ongeveer tien meter rechts van de weg) Collet de Plan Nicolas - hoogte 1786 m). <a href=\"https:\/\/centcols.org\/nl\/util\/geo\/visuGen.php\/?code=FR-73-2406\" target=\"_blank\" rel=\"noreferrer noopener\">FR-73-2406<\/a> (op 2,8 km afstand).<\/li>\n<\/ul>\n<\/div>\n\n\n\n<div class=\"wp-block-column is-layout-flow wp-block-column-is-layout-flow\">\n<ul class=\"wp-block-list\">\n<li>op <strong>zuid<\/strong>, de Col du Lautaret&nbsp;<a href=\"https:\/\/centcols.org\/nl\/util\/geo\/visuGen.php\/?code=FR-05-2057\" target=\"_blank\" rel=\"noreferrer noopener\"> FR-05-2057 <\/a>- op 9 km afstand. Vanaf de pas kun je :<br><\/li>\n<\/ul>\n<\/div>\n<\/div>\n\n\n<div class=\"wp-block-image\">\n<figure class=\"aligncenter size-full is-resized\"><img loading=\"lazy\" decoding=\"async\" width=\"1200\" height=\"900\" src=\"https:\/\/centcols.org\/wp-content\/uploads\/2023\/06\/GALIBIER-MEIJE-P1000563-1200x900-1.jpg\" alt=\"\" class=\"wp-image-88033\" style=\"width:878px;height:auto\" srcset=\"https:\/\/centcols.org\/wp-content\/uploads\/2023\/06\/GALIBIER-MEIJE-P1000563-1200x900-1.jpg 1200w, https:\/\/centcols.org\/wp-content\/uploads\/2023\/06\/GALIBIER-MEIJE-P1000563-1200x900-1-768x576.jpg 768w\" sizes=\"auto, (max-width: 1200px) 100vw, 1200px\" \/><figcaption class=\"wp-element-caption\"><br><strong>Zuidkant : <em>uitzicht op het \u00c9crins-massief (La Meije rechts) en de Route du Lautaret<\/em><\/strong><\/figcaption><\/figure>\n<\/div>\n\n<div class=\"wp-block-image\">\n<figure class=\"aligncenter size-full\"><img loading=\"lazy\" decoding=\"async\" width=\"887\" height=\"665\" src=\"https:\/\/centcols.org\/wp-content\/uploads\/2023\/06\/Galibier-versannt-nordJPG.jpg\" alt=\"\" class=\"wp-image-88034\" srcset=\"https:\/\/centcols.org\/wp-content\/uploads\/2023\/06\/Galibier-versannt-nordJPG.jpg 887w, https:\/\/centcols.org\/wp-content\/uploads\/2023\/06\/Galibier-versannt-nordJPG-768x576.jpg 768w\" sizes=\"auto, (max-width: 887px) 100vw, 887px\" \/><figcaption class=\"wp-element-caption\"><strong>Noordzijde : <em>in de afdaling, de Collet de Plan Nicolas<\/em><\/strong><\/figcaption><\/figure>\n<\/div>\n\n\n<h2 class=\"wp-block-heading\">Wijziging van toegang<\/h2>\n\n\n\n<p class=\"has-medium-font-size\">Deze weg heeft daarna talrijke werkzaamheden ondergaan en de route is verschillende keren gewijzigd.<\/p>\n\n\n\n<h3 class=\"wp-block-heading\"><strong>Route zuidelijke helling<\/strong><\/h3>\n\n\n\n<p class=\"has-medium-font-size\">Het oorspronkelijke trac\u00e9 van de weg op de zuidhelling was volledig anders voordat er een nieuwe weg werd ingehuldigd die afliep bij&nbsp;<a title=\"\" href=\"https:\/\/fr.wikipedia.org\/wiki\/Col_du_Lautaret\" target=\"_blank\" rel=\"noopener\"><strong>Col du Lautaret<\/strong><\/a>&nbsp;en het geleidelijk verlaten van de oude.<\/p>\n\n\n\n<ul class=\"wp-block-list\">\n<li><strong>Volgens het TCF magazine van september 1936<\/strong> Dit belangrijke deel van de Alpenroute had vorig jaar in augustus ingehuldigd moeten worden, maar door een uitzonderlijke vertraging bij het smelten van de sneeuw konden de werkzaamheden niet volgens schema worden voltooid en vond de inhuldiging pas afgelopen juli plaats. <em>(<strong>1936<\/strong>, dus)<\/em> dat het opengesteld kon worden voor verkeer\u00bb. Diezelfde zomer werd president Albert Lebrun (op vakantie in Vizille) gezien terwijl hij erlangs wandelde, buiten het protocol om.<\/li>\n\n\n\n<li>Volgens <a href=\"https:\/\/fr.wikipedia.org\/wiki\/Col_du_Galibier\" target=\"_blank\" rel=\"noreferrer noopener\">Wikipedia<\/a>&nbsp; (Verwijzend naar een artikel in <a href=\"https:\/\/www.ledauphine.com\/savoie\/2011\/07\/20\/le-col-du-galibier-qui-permet-de-basculer-rapidement-vers-la-vallee-de-l-arc-le-brianconnais-ou\" target=\"_blank\" rel=\"noreferrer noopener\">Dauphin\u00e9 Lib\u00e9r\u00e9 2011<\/a> en de <a href=\"https:\/\/archive.wikiwix.com\/cache\/index2.php?url=http:\/\/www.memoire-du-cyclisme.eu\/dossiers\/dos_1911_1.php#federation=archive.wikiwix.com&amp;tab=url\" target=\"_blank\" rel=\"noreferrer noopener\">Fietsgeheugen<\/a>) zou de nieuwe weg pas zijn ingehuldigd op <strong>1938<\/strong> terwijl documenten uit die tijd de datum 1936 geven.<\/li>\n<\/ul>\n\n\n\n<p class=\"has-medium-font-size\"><em>In zijn verhaal <a href=\"https:\/\/cyclotouristes-grenoblois.assoconnect.com\/articles\/131198-cetait-en-1937-mon-premier-bra-par-paul-maillet\" target=\"_blank\" rel=\"noreferrer noopener\">Het was 1937... Mijn eerste BRA<\/a> &nbsp;(archieven BRA) gaf Paul Maillet aan dat hij de Galibier had beklommen via de nieuwe route, wat de datum die werd voorgesteld door het TCF magazine zou bevestigen (en de datum volgens Wikipedia zou ontkrachten).<\/em>).<\/p>\n\n\n\n<p class=\"has-medium-font-size\">De oude route, ten oosten van de huidige, sloot aan op de D1091 onder de Col du Lautaret, net boven Sestri\u00e8res, en had een veel steiler gemiddeld stijgingspercentage dan de huidige route (de laatste zes kilometer aan bijna 10 %), met een kortere route maar een groter hoogteverschil.<\/p>\n\n\n\n<div class=\"wp-block-media-text has-media-on-the-right is-stacked-on-mobile\" style=\"grid-template-columns:auto 40%\"><div class=\"wp-block-media-text__content\">\n<p>Een \u00abvaag\u00bb pad volgt de route van de oude weg en wordt nu gebruikt door downhill mountainbikers.<\/p>\n\n\n\n<p>De oude en nieuwe route smelten samen bij het Henri Desgrange monument en komen elkaar niet meer tegen.<br>slechts \u00e9\u00e9n keer oversteken, op een punt iets onder dit monument.<\/p>\n<\/div><figure class=\"wp-block-media-text__media\"><img loading=\"lazy\" decoding=\"async\" width=\"512\" height=\"512\" src=\"https:\/\/centcols.org\/wp-content\/uploads\/2023\/06\/7510bb8e-69ae-498b-9bae-3bc5e84cdaa01.jpg\" alt=\"\" class=\"wp-image-83341 size-full\" srcset=\"https:\/\/centcols.org\/wp-content\/uploads\/2023\/06\/7510bb8e-69ae-498b-9bae-3bc5e84cdaa01.jpg 512w, https:\/\/centcols.org\/wp-content\/uploads\/2023\/06\/7510bb8e-69ae-498b-9bae-3bc5e84cdaa01-150x150.jpg 150w\" sizes=\"auto, (max-width: 512px) 100vw, 512px\" \/><\/figure><\/div>\n\n\n\n<p class=\"has-medium-font-size\">Zie voor meer details het artikel van Lucien Chevalier:<a href=\"https:\/\/cyclotouristes-grenoblois.assoconnect.com\/articles\/125949-une-histoire-de-la-route-du-col-du-galibier\"> Een geschiedenis van de Col du Galibier. .<\/a><\/p>\n\n\n\n<h3 class=\"wp-block-heading\">Noordelijke helling route<\/h3>\n\n\n\n<p class=\"has-medium-font-size\">De helling van Bonnenuit, tussen Valloire en Plan Lachat, die een stijgingspercentage van 14 % had, werd verzacht door de creatie van een lange lus rond het gehucht, langs de rivier, waardoor de moeilijkheidsgraad van het gedeelte voor Plan Lachat aanzienlijk werd verminderd. (datum ???? - stroomafwaarts van<br>Bonnenuit, een driedubbele pijl en de aanduiding 14% op de Michelin-kaart 77 uit 1980 en een enkele pijl op de kaart 333 uit 2002).<\/p>\n\n\n\n<h3 class=\"wp-block-heading\">Tunnel en geografische doorgang<\/h3>\n\n\n\n<p class=\"has-medium-font-size\">De tunnel werd geboord in 1891, op een hoogte van 2.556 m aan de noordkant en 2.555 m aan de zuidkant. <\/p>\n\n\n\n<p class=\"has-medium-font-size\">De oorspronkelijke weg liep al in 1876 aan de zuidkant over de geografische pas en uiterlijk in 1884 aan beide kanten. De weg naar de top werd in de jaren 1920 gerestaureerd.<\/p>\n\n\n\n<p class=\"has-medium-font-size\">Vanwege de ouderdom werd de tunnel in 1976 gesloten. De route over de topografische pas (2.642 m) werd heropend voor de 3<sup>th<\/sup> keer, met 1 km weg op elke helling met een gemiddelde helling van bijna 10 %.<\/p>\n\n\n\n<div class=\"wp-block-media-text has-media-on-the-right is-stacked-on-mobile\" style=\"grid-template-columns:auto 40%\"><div class=\"wp-block-media-text__content\">\n<p><strong>Sinds 2002<\/strong>, de gerenoveerde tunnel is <strong>heropend voor autoverkeer<\/strong> (de structuur is 370 meter lang en 4 meter breed, waardoor alleen alternerend verkeer met verkeerslichten mogelijk is), <strong>maar nog steeds gesloten voor fietsen<\/strong>, Ze moeten over de echte pas en kunnen de laatste kilometer, het zwaarste deel van de klim, niet vermijden.<\/p>\n<\/div><figure class=\"wp-block-media-text__media\"><img loading=\"lazy\" decoding=\"async\" width=\"1200\" height=\"900\" src=\"https:\/\/centcols.org\/wp-content\/uploads\/2023\/06\/Galibier-dernier-km-1200x9001-1.jpg\" alt=\"\" class=\"wp-image-83343 size-full\" srcset=\"https:\/\/centcols.org\/wp-content\/uploads\/2023\/06\/Galibier-dernier-km-1200x9001-1.jpg 1200w, https:\/\/centcols.org\/wp-content\/uploads\/2023\/06\/Galibier-dernier-km-1200x9001-1-768x576.jpg 768w\" sizes=\"auto, (max-width: 1200px) 100vw, 1200px\" \/><\/figure><\/div>\n\n\n\n<p class=\"has-text-align-right\">In de laatste km<\/p>\n\n\n\n<h2 class=\"wp-block-heading\">Wat te zien - toerisme&nbsp;<\/h2>\n\n\n\n<h4 class=\"wp-block-heading has-medium-font-size\"><br>Noordzijde<\/h4>\n\n\n\n<p class=\"has-medium-font-size\">Kort voor de <strong>gehucht Bonnenuit<\/strong>, bij Roche Bernard, aan de linkerkant van de weg (in<br>De overblijfselen van de \"Barricade des pestif\u00e9r\u00e9s\" (barricade tegen de pest). (Toen de pest in Valloire aankwam in de 17e eeuw, was er geen vaccin, dus pestlijders werden in quarantaine geplaatst. De quarantainelocatie was Bonnenuit, omdat het onderaan de vallei lag - de weg naar de Col du Galibier bestond nog niet).<br>La <strong>Fromagerie Coop\u00e9rative de la Vall\u00e9e des Arves<\/strong>&nbsp;opent - van half juni tot half september - een winkel in Les Granges du Galibier (hoogte 2300 m). Beaufort kaas!<br>Op de Granges du Galibier in juni 2011 werd een stele ingehuldigd.\u00ab&nbsp;<strong>Pantani voor altijd<\/strong>&nbsp;\u00bbals eerbetoon aan de Italiaanse klimmer Marco Pantani (overleden in 2004).<\/p>\n\n\n\n<h4 class=\"wp-block-heading has-medium-font-size\"><br>Zuidkant<\/h4>\n\n\n\n<p class=\"has-medium-font-size\">Op het vlakke gedeelte voor de tunnelingang staat het monument (gebouwd in 1949) in de vorm van een grote zuil met in het midden in reli\u00ebf de inscriptie: A LA GLOIRE DE HENRI-DESGRANGE (1865-1940), ANCIEN DIRECTEUR DU JOURNAL L'AUTO, CREATEUR DU TOUR DE FRANCE CYCLISTE.<\/p>\n\n\n\n<h4 class=\"wp-block-heading has-medium-font-size\"><br>Boven de kraag<\/h4>\n\n\n\n<p class=\"has-medium-font-size\">\u00abIn 1988 heeft het Parc des \u00c9crins deze prachtige ori\u00ebntatietafel opgericht, die de verschillende omliggende bergtoppen laat zien. We raden je aan om hem te beklimmen, hij staat 5 minuten boven de top van de Col du Galibier: je hebt een 360\u00b0 uitzicht over de Hautes-Alpes en de Savoie. Bron: <a title=\"\" href=\"https:\/\/www.envie-de-brianconnais.com\/guide\/table-orientation-galibier\" target=\"_blank\" rel=\"noopener\">https:\/\/www.envie-de-<br>brianconnais.nl\/gids\/tabel-ori\u00ebntatie-galibier<\/a><\/p>\n\n\n\n<h2 class=\"wp-block-heading\">Administratieve status<\/h2>\n\n\n\n<h3 class=\"wp-block-heading\">Momenteel<\/h3>\n\n\n\n<p class=\"has-medium-font-size\">De Col du Galibier markeert de grens tussen de departementen Hautes-Alpes (gemeente &nbsp;<a title=\"\" href=\"https:\/\/fr.wikipedia.org\/wiki\/Le_Mon%C3%AAtier-les-Bains\" target=\"_blank\" rel=\"noopener\">Mon\u00eatier-les-Bains<\/a>) en Savoie (gemeente <a title=\"\" href=\"https:\/\/fr.wikipedia.org\/wiki\/Valloire\" target=\"_blank\" rel=\"noopener\">Valloire<\/a>).<\/p>\n\n\n\n<h3 class=\"wp-block-heading\">Geschiedenis<\/h3>\n\n\n\n<p class=\"has-medium-font-size\">Tot 1349 maakten beide zijden van de pas deel uit van de&nbsp;<a title=\"\" href=\"https:\/\/fr.wikipedia.org\/wiki\/Saint-Empire_romain_germanique\" target=\"_blank\" rel=\"noopener\">Heilige Roomse Rijk<\/a>.<\/p>\n\n\n\n<p class=\"has-medium-font-size\">De volgende stap,<\/p>\n\n\n\n<h4 class=\"wp-block-heading has-medium-font-size\">&nbsp;Noordzijde :<\/h4>\n\n\n\n<div class=\"wp-block-media-text is-stacked-on-mobile\" style=\"grid-template-columns:40% auto\"><figure class=\"wp-block-media-text__media\"><img loading=\"lazy\" decoding=\"async\" width=\"700\" height=\"479\" src=\"https:\/\/centcols.org\/wp-content\/uploads\/2023\/06\/Borne-87-Galibier1.jpg\" alt=\"\" class=\"wp-image-83344 size-full\"\/><\/figure><div class=\"wp-block-media-text__content\">\n<ul class=\"wp-block-list\">\n<li>Savoye maakte deel uit van het Heilige Roomse Rijk tot 1720, toen het Koninkrijk Sardini\u00eb werd opgericht; ;<\/li>\n\n\n\n<li>Van 1720 tot 1792: Hertogdom Savoie onderdeel van het Koninkrijk Sardini\u00eb; ;<\/li>\n\n\n\n<li><a href=\"https:\/\/fr.wikipedia.org\/wiki\/Mont-Blanc_(d%C3%A9partement)\" target=\"_blank\" rel=\"noreferrer noopener\">Departement Mont-Blanc<\/a>&nbsp;in 1792 met de annexatie van Savoie aan Frankrijk,&nbsp;<em>door&nbsp;<a href=\"https:\/\/fr.wikipedia.org\/wiki\/Histoire_de_la_Savoie_de_1792_%C3%A0_1815#:~:text=plus%20fid%C3%A8les..%20%C2%BB-,L'invasion%20de%20la%20Savoie%20en%201792,par%20les%20Marches%20et%20Apremont.\" target=\"_blank\" rel=\"noreferrer noopener\">de invasie van Savoye (via de Marken en Apremont)<\/a>) in de nacht van 21 op 22 september 1792 door het Franse Arm\u00e9e des Alpes, zo'n 15.000 man waaronder de<\/em>&nbsp;<em>Legioen van Allobroges.<\/em><\/li>\n\n\n\n<li>Terugkeer naar het hertogdom Savoye (Koninkrijk Sardini\u00eb) met de Verdragen van Parijs (1814 en 1815)<\/li>\n\n\n\n<li>Departement Savoie na de annexatie van Savoie aan Frankrijk (Verdrag van Turijn 1860).<\/li>\n<\/ul>\n<\/div><\/div>\n\n\n\n<h4 class=\"wp-block-heading has-medium-font-size\">&nbsp;Zuidkant<\/h4>\n\n\n\n<ul class=\"wp-block-list\">\n<li>Le <a href=\"https:\/\/fr.wikipedia.org\/wiki\/Dauphin%C3%A9_de_Viennois\" target=\"_blank\" rel=\"noreferrer noopener\">Dauphin\u00e9 de Viennois<\/a>&nbsp;was een staat, onder het gezag van de&nbsp;<a href=\"https:\/\/fr.wikipedia.org\/wiki\/Liste_des_comtes_d%27Albon_puis_dauphins_de_Viennois\" target=\"_blank\" rel=\"noreferrer noopener\">gravures van Albon<\/a>,die de titel van&nbsp;<em>dolfijnen<\/em>. Deze entiteit komt voor in de oude Provence, en was een onderverdeling van het Heilige Roomse Rijk Germaanse, van zijn oorsprong toegelaten in de xi<sup>e<\/sup>&nbsp;Eeuw totdat het in 1349 deel ging uitmaken van het Koninkrijk Frankrijk.<\/li>\n\n\n\n<li>Van 1349 tot 1790: Provincie Dauphin\u00e9 (<a href=\"https:\/\/fr.wikipedia.org\/wiki\/R%C3%A9publique_des_Escartons\" target=\"_blank\" rel=\"noreferrer noopener\">Republiek Escartons&nbsp;<\/a>van Brian\u00e7on met een speciale status als gevolg van een charter van Delphine van 29 mei 1343, tot 1789).<\/li>\n\n\n\n<li>Sinds 1790: departement Hautes-Alpes.<\/li>\n<\/ul>\n\n\n<div class=\"wp-block-image is-resized\">\n<figure class=\"aligncenter size-full\"><img loading=\"lazy\" decoding=\"async\" width=\"611\" height=\"284\" src=\"https:\/\/centcols.org\/wp-content\/uploads\/2025\/05\/Galibier-versants.jpg\" alt=\"\" class=\"wp-image-82489\"\/><\/figure>\n<\/div>\n\n\n<h2 class=\"wp-block-heading\">Fietsen en fietstoerisme<\/h2>\n\n\n\n<h3 class=\"wp-block-heading\">Tour de France<\/h3>\n\n\n\n<p class=\"has-medium-font-size\"><strong>De Tour de France beklom de Col du Galibier voor het eerst op 10 juli 1911.<\/strong> in een etappe van 366 kilometer van Chamonix naar Grenoble.<\/p>\n\n\n\n<p class=\"has-medium-font-size\">Emile Georget, Paul Duboc en Gustave Garrigou reden voorop over de pas. Zij waren de enige renners die nog nooit een voet op de klim hadden gezet. Emile Georget gaf dat jaar toe dat hij \u00abnog nooit iets moeilijkers had gezien\u00bb.<\/p>\n\n\n\n<p class=\"has-medium-font-size\"><a title=\"\" href=\"https:\/\/fr.wikipedia.org\/wiki\/Col_du_Galibier\" target=\"_blank\" rel=\"noopener\">Wikipedia<\/a> geeft een overzicht van de renners die aan de leiding gingen sinds 1911<\/p>\n\n\n\n<p class=\"has-medium-font-size\">Een monument gewijd aan Henri Desgrange werd in 1949 gebouwd op de zuidelijke helling net voor de tunnelingang.<\/p>\n\n\n\n<h3 class=\"wp-block-heading\">BRA<\/h3>\n\n\n\n<div class=\"wp-block-media-text has-media-on-the-right is-stacked-on-mobile\" style=\"grid-template-columns:auto 40%\"><div class=\"wp-block-media-text__content\">\n<p><a href=\"https:\/\/cyclotourisme-grenoble-ctg.org\/bra\/un-peu-dhistoire-et-de-geographie-au-sujet-des-cols-du-bra-2023\/\" target=\"_blank\" rel=\"noreferrer noopener\">De ARO<\/a> heeft de Col du Galibier overgestoken sinds de oprichting in 1936.<\/p>\n\n\n\n<ul class=\"wp-block-list\">\n<li>Aan de zuidkant (Bourg d'Oisans en de Col du Lautaret) van 1936 tot 1945<\/li>\n\n\n\n<li>Afwisselend zuidelijke en noordelijke hellingen (Col du T\u00e9l\u00e9graphe en Valloire) na 1945<\/li>\n\n\n\n<li>Vanuit het noorden sinds 2017<\/li>\n<\/ul>\n\n\n\n<p>De BRA van 2015 maakte geen gebruik van de Col du Galibier vanwege de aardverschuiving. <a href=\"https:\/\/fr.wikipedia.org\/wiki\/Tunnel_du_Chambon\" target=\"_blank\" rel=\"noreferrer noopener\">de Chambon tunnel.<\/a><\/p>\n<\/div><figure class=\"wp-block-media-text__media\"><img loading=\"lazy\" decoding=\"async\" width=\"1200\" height=\"900\" src=\"https:\/\/centcols.org\/wp-content\/uploads\/2023\/06\/BRA-2007-1200x9001-1.jpg\" alt=\"\" class=\"wp-image-83346 size-full\" srcset=\"https:\/\/centcols.org\/wp-content\/uploads\/2023\/06\/BRA-2007-1200x9001-1.jpg 1200w, https:\/\/centcols.org\/wp-content\/uploads\/2023\/06\/BRA-2007-1200x9001-1-768x576.jpg 768w\" sizes=\"auto, (max-width: 1200px) 100vw, 1200px\" \/><\/figure><\/div>\n\n\n\n<h2 class=\"wp-block-heading\">Marmot<\/h2>\n\n\n\n<p class=\"has-medium-font-size\">Elk jaar sinds 1982 gaat de Marmotte cyclosportive over de Col du Galibier na de passen Glandon en T\u00e9l\u00e9graphe, voordat hij eindigt met de 21 veters van Alpe d'Huez.<\/p>\n\n\n\n<h3 class=\"wp-block-heading\">Profiel<\/h3>\n\n\n\n<p class=\"has-medium-font-size\">Er zijn veel profielen van de Col du Galibier op internet te vinden. De percentages die worden gegeven zijn nogal... variabel.<\/p>\n\n\n\n<p class=\"has-medium-font-size\">Het beste is om je route uit te zetten op Openrunner en te klikken op \u00abbekijk het hoogteprofiel\u00bb ... zoals hier tussen St-Michel-de-Maurienne en Brian\u00e7on :<\/p>\n\n\n\n<figure class=\"wp-block-image size-large\"><img loading=\"lazy\" decoding=\"async\" width=\"1920\" height=\"460\" src=\"https:\/\/centcols.org\/wp-content\/uploads\/2025\/05\/Galibier-profil-scaled-1-1920x460.jpeg\" alt=\"\" class=\"wp-image-82491\" srcset=\"https:\/\/centcols.org\/wp-content\/uploads\/2025\/05\/Galibier-profil-scaled-1-1920x460.jpeg 1920w, https:\/\/centcols.org\/wp-content\/uploads\/2025\/05\/Galibier-profil-scaled-1-1200x287.jpeg 1200w, https:\/\/centcols.org\/wp-content\/uploads\/2025\/05\/Galibier-profil-scaled-1-768x184.jpeg 768w, https:\/\/centcols.org\/wp-content\/uploads\/2025\/05\/Galibier-profil-scaled-1-1536x368.jpeg 1536w, https:\/\/centcols.org\/wp-content\/uploads\/2025\/05\/Galibier-profil-scaled-1-2048x490.jpeg 2048w\" sizes=\"auto, (max-width: 1920px) 100vw, 1920px\" \/><\/figure>\n\n\n\n<p class=\"has-medium-font-size\">En tot slot, <a href=\"https:\/\/photos.google.com\/share\/AF1QipPK7b5PbODk75HfczrFX7qvM8250SA86V3bwT5AIvex_ZxBgnhic9WKR8JskwNtiA?key=bTR0NkJiMElBMHVwbnBFRm5KTGhGRnB5aTBaaHBn\" target=\"_blank\" rel=\"noopener\" title=\"\">enkele foto's over de Galibier<\/a><\/p>\n\n\n\n<p class=\"has-text-align-right\"><em><em>Een artikel door G\u00e9rard Galland<\/em><\/em><br><em><em> (en Bernard Giraudeau voor de geologiesectie)<\/em><\/em><\/p>","protected":false},"excerpt":{"rendered":"<p>Toponymie Selon Wikipedia, l&rsquo;\u00e9tymologie de l&rsquo;oronyme&nbsp;Galibier est discut\u00e9e. Galibier serait issu d&rsquo;un radical d&rsquo;origine pr\u00e9-indoeurop\u00e9enne,&nbsp;gal&nbsp;variante de&nbsp;kal, la pierre, avec&nbsp;lup, la hauteur. Le&nbsp;toponyme&nbsp;Galibier d\u00e9signerait une hauteur pierreuse Situation g\u00e9ographique Massifs Le col du Galibier FR-05-2642a &#8211; est situ\u00e9 entre le&nbsp;massif des Arves&nbsp; avec \u00e0 l\u2019ouest du col le Pic des Trois Ev\u00e9ch\u00e9s (3.116 m) et le&nbsp;massif [&hellip;]<\/p>\n","protected":false},"author":3,"featured_media":82486,"comment_status":"closed","ping_status":"closed","sticky":false,"template":"","format":"standard","meta":{"_acf_changed":false,"footnotes":""},"categories":[308],"tags":[],"class_list":["post-82485","post","type-post","status-publish","format-standard","has-post-thumbnail","hentry","category-cols-en-vrac"],"acf":[],"yoast_head":"<!-- This site is optimized with the Yoast SEO plugin v27.2 - https:\/\/yoast.com\/product\/yoast-seo-wordpress\/ -->\n<title>Le col du Galibier - Club des Cent Cols<\/title>\n<meta name=\"robots\" content=\"index, follow, max-snippet:-1, max-image-preview:large, max-video-preview:-1\" \/>\n<link rel=\"canonical\" href=\"https:\/\/centcols.org\/nl\/de-galibierpas\/\" \/>\n<meta property=\"og:locale\" content=\"nl_BE\" \/>\n<meta property=\"og:type\" content=\"article\" \/>\n<meta property=\"og:title\" content=\"Le col du Galibier - Club des Cent Cols\" \/>\n<meta property=\"og:description\" content=\"Toponymie Selon Wikipedia, l&rsquo;\u00e9tymologie de l&rsquo;oronyme&nbsp;Galibier est discut\u00e9e. Galibier serait issu d&rsquo;un radical d&rsquo;origine pr\u00e9-indoeurop\u00e9enne,&nbsp;gal&nbsp;variante de&nbsp;kal, la pierre, avec&nbsp;lup, la hauteur. Le&nbsp;toponyme&nbsp;Galibier d\u00e9signerait une hauteur pierreuse Situation g\u00e9ographique Massifs Le col du Galibier FR-05-2642a &#8211; est situ\u00e9 entre le&nbsp;massif des Arves&nbsp; avec \u00e0 l\u2019ouest du col le Pic des Trois Ev\u00e9ch\u00e9s (3.116 m) et le&nbsp;massif [&hellip;]\" \/>\n<meta property=\"og:url\" content=\"https:\/\/centcols.org\/nl\/de-galibierpas\/\" \/>\n<meta property=\"og:site_name\" content=\"Club des Cent Cols\" \/>\n<meta property=\"article:publisher\" content=\"https:\/\/www.facebook.com\/groups\/5261880558\/?locale=fr_FR\" \/>\n<meta property=\"article:published_time\" content=\"2023-06-19T12:27:45+00:00\" \/>\n<meta property=\"article:modified_time\" content=\"2025-11-05T16:45:09+00:00\" \/>\n<meta property=\"og:image\" content=\"https:\/\/centcols.org\/wp-content\/uploads\/2025\/05\/Galibier-Nord.jpg\" \/>\n\t<meta property=\"og:image:width\" content=\"294\" \/>\n\t<meta property=\"og:image:height\" content=\"217\" \/>\n\t<meta property=\"og:image:type\" content=\"image\/jpeg\" \/>\n<meta name=\"author\" content=\"Webmestre\" \/>\n<meta name=\"twitter:card\" content=\"summary_large_image\" \/>\n<meta name=\"twitter:label1\" content=\"Geschreven door\" \/>\n\t<meta name=\"twitter:data1\" content=\"Webmestre\" \/>\n\t<meta name=\"twitter:label2\" content=\"Geschatte leestijd\" \/>\n\t<meta name=\"twitter:data2\" content=\"11 minuten\" \/>\n<script type=\"application\/ld+json\" class=\"yoast-schema-graph\">{\"@context\":\"https:\/\/schema.org\",\"@graph\":[{\"@type\":\"Article\",\"@id\":\"https:\/\/centcols.org\/le-col-du-galibier\/#article\",\"isPartOf\":{\"@id\":\"https:\/\/centcols.org\/le-col-du-galibier\/\"},\"author\":{\"name\":\"Webmestre\",\"@id\":\"https:\/\/centcols.org\/#\/schema\/person\/911b404fb133d8c913dd27cdcf71c8e5\"},\"headline\":\"Le col du Galibier\",\"datePublished\":\"2023-06-19T12:27:45+00:00\",\"dateModified\":\"2025-11-05T16:45:09+00:00\",\"mainEntityOfPage\":{\"@id\":\"https:\/\/centcols.org\/le-col-du-galibier\/\"},\"wordCount\":1891,\"publisher\":{\"@id\":\"https:\/\/centcols.org\/#organization\"},\"image\":{\"@id\":\"https:\/\/centcols.org\/le-col-du-galibier\/#primaryimage\"},\"thumbnailUrl\":\"https:\/\/centcols.org\/wp-content\/uploads\/2025\/05\/Galibier-Nord.jpg\",\"articleSection\":[\"Cols en vrac\"],\"inLanguage\":\"nl-BE\"},{\"@type\":\"WebPage\",\"@id\":\"https:\/\/centcols.org\/le-col-du-galibier\/\",\"url\":\"https:\/\/centcols.org\/le-col-du-galibier\/\",\"name\":\"Le col du Galibier - Club des Cent Cols\",\"isPartOf\":{\"@id\":\"https:\/\/centcols.org\/#website\"},\"primaryImageOfPage\":{\"@id\":\"https:\/\/centcols.org\/le-col-du-galibier\/#primaryimage\"},\"image\":{\"@id\":\"https:\/\/centcols.org\/le-col-du-galibier\/#primaryimage\"},\"thumbnailUrl\":\"https:\/\/centcols.org\/wp-content\/uploads\/2025\/05\/Galibier-Nord.jpg\",\"datePublished\":\"2023-06-19T12:27:45+00:00\",\"dateModified\":\"2025-11-05T16:45:09+00:00\",\"breadcrumb\":{\"@id\":\"https:\/\/centcols.org\/le-col-du-galibier\/#breadcrumb\"},\"inLanguage\":\"nl-BE\",\"potentialAction\":[{\"@type\":\"ReadAction\",\"target\":[\"https:\/\/centcols.org\/le-col-du-galibier\/\"]}]},{\"@type\":\"ImageObject\",\"inLanguage\":\"nl-BE\",\"@id\":\"https:\/\/centcols.org\/le-col-du-galibier\/#primaryimage\",\"url\":\"https:\/\/centcols.org\/wp-content\/uploads\/2025\/05\/Galibier-Nord.jpg\",\"contentUrl\":\"https:\/\/centcols.org\/wp-content\/uploads\/2025\/05\/Galibier-Nord.jpg\",\"width\":294,\"height\":217},{\"@type\":\"BreadcrumbList\",\"@id\":\"https:\/\/centcols.org\/le-col-du-galibier\/#breadcrumb\",\"itemListElement\":[{\"@type\":\"ListItem\",\"position\":1,\"name\":\"Accueil\",\"item\":\"https:\/\/centcols.org\/\"},{\"@type\":\"ListItem\",\"position\":2,\"name\":\"Cols en vrac\",\"item\":\"https:\/\/centcols.org\/rubrique\/cols-en-vrac\/\"},{\"@type\":\"ListItem\",\"position\":3,\"name\":\"Le col du Galibier\"}]},{\"@type\":\"WebSite\",\"@id\":\"https:\/\/centcols.org\/#website\",\"url\":\"https:\/\/centcols.org\/\",\"name\":\"Club des Cent Cols\",\"description\":\"\",\"publisher\":{\"@id\":\"https:\/\/centcols.org\/#organization\"},\"potentialAction\":[{\"@type\":\"SearchAction\",\"target\":{\"@type\":\"EntryPoint\",\"urlTemplate\":\"https:\/\/centcols.org\/?s={search_term_string}\"},\"query-input\":{\"@type\":\"PropertyValueSpecification\",\"valueRequired\":true,\"valueName\":\"search_term_string\"}}],\"inLanguage\":\"nl-BE\"},{\"@type\":\"Organization\",\"@id\":\"https:\/\/centcols.org\/#organization\",\"name\":\"Club des Cent Cols\",\"url\":\"https:\/\/centcols.org\/\",\"logo\":{\"@type\":\"ImageObject\",\"inLanguage\":\"nl-BE\",\"@id\":\"https:\/\/centcols.org\/#\/schema\/logo\/image\/\",\"url\":\"https:\/\/centcols.org\/wp-content\/uploads\/2025\/01\/carte-icone.png\",\"contentUrl\":\"https:\/\/centcols.org\/wp-content\/uploads\/2025\/01\/carte-icone.png\",\"width\":250,\"height\":250,\"caption\":\"Club des Cent Cols\"},\"image\":{\"@id\":\"https:\/\/centcols.org\/#\/schema\/logo\/image\/\"},\"sameAs\":[\"https:\/\/www.facebook.com\/groups\/5261880558\/?locale=fr_FR\"]},{\"@type\":\"Person\",\"@id\":\"https:\/\/centcols.org\/#\/schema\/person\/911b404fb133d8c913dd27cdcf71c8e5\",\"name\":\"Webmestre\",\"image\":{\"@type\":\"ImageObject\",\"inLanguage\":\"nl-BE\",\"@id\":\"https:\/\/centcols.org\/wp-content\/litespeed\/avatar\/2d246e4b6b4f773e08515e1ffc53690b.jpg?ver=1777222892\",\"url\":\"https:\/\/centcols.org\/wp-content\/litespeed\/avatar\/2d246e4b6b4f773e08515e1ffc53690b.jpg?ver=1777222892\",\"contentUrl\":\"https:\/\/centcols.org\/wp-content\/litespeed\/avatar\/2d246e4b6b4f773e08515e1ffc53690b.jpg?ver=1777222892\",\"caption\":\"Webmestre\"},\"url\":\"https:\/\/centcols.org\/nl\/author\/webmestre\/\"}]}<\/script>\n<!-- \/ Yoast SEO plugin. -->","yoast_head_json":{"title":"De Galibierpas - Club des Cent Cols","robots":{"index":"index","follow":"follow","max-snippet":"max-snippet:-1","max-image-preview":"max-image-preview:large","max-video-preview":"max-video-preview:-1"},"canonical":"https:\/\/centcols.org\/nl\/de-galibierpas\/","og_locale":"nl_BE","og_type":"article","og_title":"Le col du Galibier - Club des Cent Cols","og_description":"Toponymie Selon Wikipedia, l&rsquo;\u00e9tymologie de l&rsquo;oronyme&nbsp;Galibier est discut\u00e9e. Galibier serait issu d&rsquo;un radical d&rsquo;origine pr\u00e9-indoeurop\u00e9enne,&nbsp;gal&nbsp;variante de&nbsp;kal, la pierre, avec&nbsp;lup, la hauteur. Le&nbsp;toponyme&nbsp;Galibier d\u00e9signerait une hauteur pierreuse Situation g\u00e9ographique Massifs Le col du Galibier FR-05-2642a &#8211; est situ\u00e9 entre le&nbsp;massif des Arves&nbsp; avec \u00e0 l\u2019ouest du col le Pic des Trois Ev\u00e9ch\u00e9s (3.116 m) et le&nbsp;massif [&hellip;]","og_url":"https:\/\/centcols.org\/nl\/de-galibierpas\/","og_site_name":"Club des Cent Cols","article_publisher":"https:\/\/www.facebook.com\/groups\/5261880558\/?locale=fr_FR","article_published_time":"2023-06-19T12:27:45+00:00","article_modified_time":"2025-11-05T16:45:09+00:00","og_image":[{"width":294,"height":217,"url":"https:\/\/centcols.org\/wp-content\/uploads\/2025\/05\/Galibier-Nord.jpg","type":"image\/jpeg"}],"author":"Webmestre","twitter_card":"summary_large_image","twitter_misc":{"Geschreven door":"Webmestre","Geschatte leestijd":"11 minuten"},"schema":{"@context":"https:\/\/schema.org","@graph":[{"@type":"Article","@id":"https:\/\/centcols.org\/le-col-du-galibier\/#article","isPartOf":{"@id":"https:\/\/centcols.org\/le-col-du-galibier\/"},"author":{"name":"Webmestre","@id":"https:\/\/centcols.org\/#\/schema\/person\/911b404fb133d8c913dd27cdcf71c8e5"},"headline":"Le col du Galibier","datePublished":"2023-06-19T12:27:45+00:00","dateModified":"2025-11-05T16:45:09+00:00","mainEntityOfPage":{"@id":"https:\/\/centcols.org\/le-col-du-galibier\/"},"wordCount":1891,"publisher":{"@id":"https:\/\/centcols.org\/#organization"},"image":{"@id":"https:\/\/centcols.org\/le-col-du-galibier\/#primaryimage"},"thumbnailUrl":"https:\/\/centcols.org\/wp-content\/uploads\/2025\/05\/Galibier-Nord.jpg","articleSection":["Cols en vrac"],"inLanguage":"nl-BE"},{"@type":"WebPage","@id":"https:\/\/centcols.org\/le-col-du-galibier\/","url":"https:\/\/centcols.org\/le-col-du-galibier\/","name":"De Galibierpas - Club des Cent Cols","isPartOf":{"@id":"https:\/\/centcols.org\/#website"},"primaryImageOfPage":{"@id":"https:\/\/centcols.org\/le-col-du-galibier\/#primaryimage"},"image":{"@id":"https:\/\/centcols.org\/le-col-du-galibier\/#primaryimage"},"thumbnailUrl":"https:\/\/centcols.org\/wp-content\/uploads\/2025\/05\/Galibier-Nord.jpg","datePublished":"2023-06-19T12:27:45+00:00","dateModified":"2025-11-05T16:45:09+00:00","breadcrumb":{"@id":"https:\/\/centcols.org\/le-col-du-galibier\/#breadcrumb"},"inLanguage":"nl-BE","potentialAction":[{"@type":"ReadAction","target":["https:\/\/centcols.org\/le-col-du-galibier\/"]}]},{"@type":"ImageObject","inLanguage":"nl-BE","@id":"https:\/\/centcols.org\/le-col-du-galibier\/#primaryimage","url":"https:\/\/centcols.org\/wp-content\/uploads\/2025\/05\/Galibier-Nord.jpg","contentUrl":"https:\/\/centcols.org\/wp-content\/uploads\/2025\/05\/Galibier-Nord.jpg","width":294,"height":217},{"@type":"BreadcrumbList","@id":"https:\/\/centcols.org\/le-col-du-galibier\/#breadcrumb","itemListElement":[{"@type":"ListItem","position":1,"name":"Accueil","item":"https:\/\/centcols.org\/"},{"@type":"ListItem","position":2,"name":"Cols en vrac","item":"https:\/\/centcols.org\/rubrique\/cols-en-vrac\/"},{"@type":"ListItem","position":3,"name":"Le col du Galibier"}]},{"@type":"WebSite","@id":"https:\/\/centcols.org\/#website","url":"https:\/\/centcols.org\/","name":"Club van Cent Cols","description":"","publisher":{"@id":"https:\/\/centcols.org\/#organization"},"potentialAction":[{"@type":"SearchAction","target":{"@type":"EntryPoint","urlTemplate":"https:\/\/centcols.org\/?s={search_term_string}"},"query-input":{"@type":"PropertyValueSpecification","valueRequired":true,"valueName":"search_term_string"}}],"inLanguage":"nl-BE"},{"@type":"Organization","@id":"https:\/\/centcols.org\/#organization","name":"Club van Cent Cols","url":"https:\/\/centcols.org\/","logo":{"@type":"ImageObject","inLanguage":"nl-BE","@id":"https:\/\/centcols.org\/#\/schema\/logo\/image\/","url":"https:\/\/centcols.org\/wp-content\/uploads\/2025\/01\/carte-icone.png","contentUrl":"https:\/\/centcols.org\/wp-content\/uploads\/2025\/01\/carte-icone.png","width":250,"height":250,"caption":"Club des Cent Cols"},"image":{"@id":"https:\/\/centcols.org\/#\/schema\/logo\/image\/"},"sameAs":["https:\/\/www.facebook.com\/groups\/5261880558\/?locale=fr_FR"]},{"@type":"Person","@id":"https:\/\/centcols.org\/#\/schema\/person\/911b404fb133d8c913dd27cdcf71c8e5","name":"Webmaster","image":{"@type":"ImageObject","inLanguage":"nl-BE","@id":"https:\/\/centcols.org\/wp-content\/litespeed\/avatar\/2d246e4b6b4f773e08515e1ffc53690b.jpg?ver=1777222892","url":"https:\/\/centcols.org\/wp-content\/litespeed\/avatar\/2d246e4b6b4f773e08515e1ffc53690b.jpg?ver=1777222892","contentUrl":"https:\/\/centcols.org\/wp-content\/litespeed\/avatar\/2d246e4b6b4f773e08515e1ffc53690b.jpg?ver=1777222892","caption":"Webmestre"},"url":"https:\/\/centcols.org\/nl\/author\/webmestre\/"}]}},"_links":{"self":[{"href":"https:\/\/centcols.org\/nl\/wp-json\/wp\/v2\/posts\/82485","targetHints":{"allow":["GET"]}}],"collection":[{"href":"https:\/\/centcols.org\/nl\/wp-json\/wp\/v2\/posts"}],"about":[{"href":"https:\/\/centcols.org\/nl\/wp-json\/wp\/v2\/types\/post"}],"author":[{"embeddable":true,"href":"https:\/\/centcols.org\/nl\/wp-json\/wp\/v2\/users\/3"}],"replies":[{"embeddable":true,"href":"https:\/\/centcols.org\/nl\/wp-json\/wp\/v2\/comments?post=82485"}],"version-history":[{"count":0,"href":"https:\/\/centcols.org\/nl\/wp-json\/wp\/v2\/posts\/82485\/revisions"}],"wp:featuredmedia":[{"embeddable":true,"href":"https:\/\/centcols.org\/nl\/wp-json\/wp\/v2\/media\/82486"}],"wp:attachment":[{"href":"https:\/\/centcols.org\/nl\/wp-json\/wp\/v2\/media?parent=82485"}],"wp:term":[{"taxonomy":"category","embeddable":true,"href":"https:\/\/centcols.org\/nl\/wp-json\/wp\/v2\/categories?post=82485"},{"taxonomy":"post_tag","embeddable":true,"href":"https:\/\/centcols.org\/nl\/wp-json\/wp\/v2\/tags?post=82485"}],"curies":[{"name":"wp","href":"https:\/\/api.w.org\/{rel}","templated":true}]}}