{"id":82511,"date":"2023-07-12T14:38:22","date_gmt":"2023-07-12T12:38:22","guid":{"rendered":"https:\/\/centcols.org\/le-col-du-glandon\/"},"modified":"2025-10-20T20:28:04","modified_gmt":"2025-10-20T18:28:04","slug":"de-eikelpas","status":"publish","type":"post","link":"https:\/\/centcols.org\/nl\/le-col-du-glandon\/","title":{"rendered":"De Glandonpas"},"content":{"rendered":"<h2 class=\"wp-block-heading\">Plaatsnaamkunde<\/h2>\n\n\n\n<p class=\"has-medium-font-size\">De Glandonpas (<a href=\"https:\/\/centcols.org\/nl\/util\/geo\/visu.php\/?code=FR-73-1924\" target=\"_blank\" rel=\"noopener\" title=\"\">FR-73-1924<\/a>) ontleent zijn naam aan een plaats in de gemeente&nbsp;<a href=\"https:\/\/fr.wikipedia.org\/wiki\/Saint-Colomban-des-Villards\" target=\"_blank\" rel=\"noopener\" title=\"\">Saint-Colomban-des-Villards<\/a>.<br>Bij de pas ontspringt een gelijknamige bergstroom.<\/p>\n\n\n\n<h2 class=\"wp-block-heading\">Geografische locatie<\/h2>\n\n\n\n<h3 class=\"wp-block-heading\">Massieven<\/h3>\n\n\n\n<p class=\"has-medium-font-size\">&nbsp;De pas ligt op de grens van de&nbsp;<a href=\"https:\/\/fr.wikipedia.org\/wiki\/Belledonne\" target=\"_blank\" rel=\"noopener\" title=\"\">Belledonne<\/a>&nbsp;en&nbsp;<a href=\"https:\/\/fr.wikipedia.org\/wiki\/Massif_des_Arves\" target=\"_blank\" rel=\"noopener\" title=\"\">Arves<\/a>, ten westen van de Croix-de-Fer pas.&nbsp;<\/p>\n\n\n\n<h3 class=\"wp-block-heading\">Geologie<\/h3>\n\n\n\n<p class=\"has-medium-font-size\">De Col du Glandon en de Col de la Croix de Fer liggen geografisch gezien erg dicht bij elkaar, op minder dan 3 km van elkaar en beide gelegen in het Grandes Rousses-massief.<\/p>\n\n\n<div class=\"wp-block-image is-resized\">\n<figure class=\"aligncenter size-full\"><img loading=\"lazy\" decoding=\"async\" width=\"987\" height=\"414\" src=\"https:\/\/centcols.org\/wp-content\/uploads\/2025\/05\/Glandon-photo.jpg\" alt=\"\" class=\"wp-image-82512\" style=\"width:800px\" srcset=\"https:\/\/centcols.org\/wp-content\/uploads\/2025\/05\/Glandon-photo.jpg 987w, https:\/\/centcols.org\/wp-content\/uploads\/2025\/05\/Glandon-photo-768x322.jpg 768w\" sizes=\"auto, (max-width: 987px) 100vw, 987px\" \/><\/figure>\n<\/div>\n\n\n<p class=\"has-medium-font-size\">Maar geologisch gezien zijn ze heel verschillend. Als je de weg volgt tussen deze twee passen, gelegen in de vallei van de Eau Dolle, wordt de verandering in de aard van de rotsen - kristallijn in het zuiden en sedimentair (kalksteen) in het noorden - weerspiegeld in een zeer merkbaar verschil in de vegetatie en de vorm van het reli\u00ebf.  Het hele massief in het zuiden (Rochers de la Curiaz) zakt onder de sedimentaire mantel vanaf de Col du Glandon tot aan de Chalets d'Olle.&nbsp;<\/p>\n\n\n<div class=\"wp-block-image is-resized\">\n<figure class=\"aligncenter size-full\"><img loading=\"lazy\" decoding=\"async\" width=\"921\" height=\"381\" src=\"https:\/\/centcols.org\/wp-content\/uploads\/2025\/05\/glandon-geologie.png\" alt=\"\" class=\"wp-image-82513\" style=\"width:800px\" srcset=\"https:\/\/centcols.org\/wp-content\/uploads\/2025\/05\/glandon-geologie.png 921w, https:\/\/centcols.org\/wp-content\/uploads\/2025\/05\/glandon-geologie-768x318.png 768w\" sizes=\"auto, (max-width: 921px) 100vw, 921px\" \/><\/figure>\n<\/div>\n\n\n<p class=\"has-medium-font-size\">Ge\u00efnteresseerde lezers worden verwezen naar het uitgebreide artikel van&nbsp;<a href=\"http:\/\/www.geol-alp.com\/h_oisans\/_lieux\/Rousses\/glandon.html\" target=\"_blank\" rel=\"noopener\" title=\"\">geol-alp.com<\/a>&nbsp;<\/p>\n\n\n\n<h3 class=\"wp-block-heading\">Hydrografie<\/h3>\n\n\n\n<p class=\"has-medium-font-size\"><strong>Zuidkant (Is\u00e8re-kant)<\/strong>&nbsp;De vallei van Eau d'Olle. <br>L'eau d'Olle is een zijrivier van de Romanche, die ontspringt bij de Col de la Croix de Fer.<\/p>\n\n\n\n<p class=\"has-medium-font-size\"><strong>Noordkant (kant Savoie) : <\/strong>De Glandon ontspringt vlakbij de Col en stroomt door de vallei van Villards voordat hij uitmondt in de Arc in Saint-Avre, nadat hij de A43 via een kanaalbrug is overgestoken.<\/p>\n\n\n\n<p class=\"has-medium-font-size\">Het is een <a href=\"https:\/\/www.st-etienne-cuines.fr\/sortir\/musee-ouvert\/le-glandon-un-torrent-capricieux\/\" target=\"_blank\" rel=\"noopener\" title=\"\">wispelturig stortvloed<\/a> :<\/p>\n\n\n\n<figure class=\"wp-block-image size-full\"><img loading=\"lazy\" decoding=\"async\" width=\"508\" height=\"81\" src=\"https:\/\/centcols.org\/wp-content\/uploads\/2025\/05\/Glandon-capricieux.jpg\" alt=\"\" class=\"wp-image-82514\"\/><\/figure>\n\n\n\n<h3 class=\"wp-block-heading\">Toegang<\/h3>\n\n\n\n<p class=\"has-medium-font-size\"><strong>Is\u00e8re zijde<\/strong><\/p>\n\n\n\n<p class=\"has-medium-font-size\">Toegang wordt gedeeld met de Col de la Croix de Fer tot aan de kruising D926 \/ D927 (hoogte 1907 m), 200 m van de Col du Glandon en 2,7 km van de Col de la Croix de Fer.<\/p>\n\n\n\n<p class=\"has-medium-font-size\">De D526 verlaat Rochetaill\u00e9e (30 km, hoogte 711 m), doorkruist Allemond (27 km), passeert de stuwdam van Verneys en loopt langs het meer (linkeroever), steekt de Rivier d'Allemond over (15 km - hoogte 1264 m), nabij de stuwdam van Grand'Maison (7 km - hoogte 1720 m) en volgt dan de rechteroever van het meer. 1720 m), volgt dan de rechteroever van het meer en gaat over in de D926 wanneer deze de Rieu Claret oversteekt (op 4 km afstand, grens tussen Is\u00e8re en Savoie, hoogte 1773 m) voordat deze samenkomt met de D927 richting de Col de la Croix de Fer.<\/p>\n\n\n<div class=\"wp-block-image is-resized\">\n<figure class=\"aligncenter size-full\"><img loading=\"lazy\" decoding=\"async\" width=\"964\" height=\"822\" src=\"https:\/\/centcols.org\/wp-content\/uploads\/2025\/05\/Glandon-carte.jpg\" alt=\"\" class=\"wp-image-82515\" style=\"width:800px\" srcset=\"https:\/\/centcols.org\/wp-content\/uploads\/2025\/05\/Glandon-carte.jpg 964w, https:\/\/centcols.org\/wp-content\/uploads\/2025\/05\/Glandon-carte-768x655.jpg 768w\" sizes=\"auto, (max-width: 964px) 100vw, 964px\" \/><\/figure>\n<\/div>\n\n\n<p class=\"has-medium-font-size\"><strong>Savoie kant<\/strong><\/p>\n\n\n\n<p class=\"has-medium-font-size\">De D927 geeft toegang tot de Col du Glandon (<a href=\"https:\/\/centcols.org\/nl\/util\/geo\/visu.php\/?code=FR-73-1924\" target=\"_blank\" rel=\"noopener\" title=\"\">FR-73-1924<\/a>) vanaf de Maurienne (Saint-Etienne de Cuines op 21 km - hoogte 450 m) via Saint-Colomban-des-Villards (op 10 km van de pas - hoogte 1100 m).<\/p>\n\n\n\n<h2 class=\"wp-block-heading\">Wijziging van toegang<\/h2>\n\n\n\n<p class=\"has-medium-font-size\"><strong>Is\u00e8re zijde <\/strong>(gedeeld met Col de la Croix de Fer)<\/p>\n\n\n\n<p class=\"has-medium-font-size\">De weg werd aangelegd in 1898 (en verlengd tot de Croix de Fer pas in 1912).<\/p>\n\n\n\n<p class=\"has-medium-font-size\">Aan het einde van de XX<sup>th<\/sup>&nbsp;eeuw twee veranderingen:<\/p>\n\n\n\n<ul class=\"wp-block-list\">\n<li>De route werd gewijzigd met de bouw van de&nbsp;<a href=\"https:\/\/fr.wikipedia.org\/wiki\/Barrage_de_Grand%27Maison\" target=\"_blank\" rel=\"noreferrer noopener\">Stuwdam Grand-Maison<\/a>&nbsp;van 1978 tot 1985. De weg hangt iets over het meer (ongeveer vijftig meter) voordat hij licht afdaalt naar de Eau d'Olle.<\/li>\n\n\n\n<li>Op 23 april 1989 werd een&nbsp;<a href=\"http:\/\/www.irma-grenoble.com\/04risques_isere\/00commune_evenements_fiche.php?id_evenements=771\" target=\"_blank\" rel=\"noreferrer noopener\">Aardverschuiving van Pic Bunard&nbsp;<\/a>&nbsp;(300 tot 400 m<sup>3<\/sup>&nbsp;van rotsen) heeft de weg (rechteroever van de Eau d'Olle) boven de Rivier d'Allemond bij de waterval van Maupas weggevaagd. De weg werd opnieuw aangelegd op de linkeroever over 2 km, met een afdaling (62 m in 600 m) om de bergstroom over te steken en vervolgens een vrij steile klim (11% voor de eerste kilometer). De oude weg is nog steeds te zien langs de rechteroever van de berg.&nbsp;<em>(Het was een jaar met Marmotte en BRA.  Een nieuwe weg werd aangelegd in 2 maanden! Een wonder van een beslissing).<\/em><\/li>\n<\/ul>\n\n\n<div class=\"wp-block-image is-resized\">\n<figure class=\"aligncenter size-full\"><img loading=\"lazy\" decoding=\"async\" width=\"992\" height=\"744\" src=\"https:\/\/centcols.org\/wp-content\/uploads\/2025\/05\/EBOULEMENT-MAUPAS.jpg\" alt=\"\" class=\"wp-image-82516\" style=\"width:800px\" srcset=\"https:\/\/centcols.org\/wp-content\/uploads\/2025\/05\/EBOULEMENT-MAUPAS.jpg 992w, https:\/\/centcols.org\/wp-content\/uploads\/2025\/05\/EBOULEMENT-MAUPAS-768x576.jpg 768w\" sizes=\"auto, (max-width: 992px) 100vw, 992px\" \/><figcaption class=\"wp-element-caption\"><em>De aardverschuiving van 1989 vanaf de Pic Bunard; rechtsonder de nieuwe weg die langs de linkeroever van de Eau D'Olle naar de Col du Glandon loopt.&nbsp;<\/em><br><em>Boven rechts, de Rissou berg, met uitzicht op de Maupas kloof.&nbsp; <a href=\"http:\/\/forayrandobrie.free.fr\/Belledonne\/Belledonne1314\/index_fichiers\/Page1126.htm\" target=\"_blank\" rel=\"noopener\" title=\"\">Bron : forayrandobrie.free.fr\/Belledonne<\/a><\/em><\/figcaption><\/figure>\n<\/div>\n\n\n<p class=\"has-medium-font-size\"><strong>Savoie kant<\/strong><\/p>\n\n\n\n<p class=\"has-medium-font-size\">In de Romeinse tijd<strong>&nbsp;Glandon pas<\/strong>&nbsp;vormde een verbinding tussen de regio's Oisans en Maurienne en daalde af door de vallei van Villards.<\/p>\n\n\n\n<h2 class=\"wp-block-heading\">Wat te zien - toerisme\u00a0<\/h2>\n\n\n\n<h4 class=\"wp-block-heading has-medium-font-size\">Is\u00e8re zijde (gedeeld met Col de la Croix de Fer)<\/h4>\n\n\n\n<p class=\"has-medium-font-size\">La <strong><a href=\"https:\/\/france3-regions.francetvinfo.fr\/auvergne-rhone-alpes\/isere\/video-immersion-a-la-centrale-hydroelectrique-de-grand-maison-en-isere-la-plus-puissante-d-europe-2274700.html\" target=\"_blank\" rel=\"noopener\" title=\"\">Centrale Grand'Maison<\/a><\/strong> is een PETS (Pumped Energy Transfer Station). <\/p>\n\n\n\n<p class=\"has-medium-font-size\">Een hogere beperking (<strong>Grand'Maison meer<\/strong>, (1.695 m) is via pijpen verbonden met een lager bassin, de <strong>Stuwmeer van Le Verney,<\/strong> 900 m onder het niveau van de centrale <strong>(Lac du Verney<\/strong>, 725 m, 15 miljoen m\u00b3 water). Tijdens perioden van hoog verbruik turbines de krachtcentrale water uit het bovenste reservoir. Het water stroomt dan naar het lager gelegen reservoir. Tijdens dalperiodes, voornamelijk 's nachts en in het weekend, wordt het water uit het lager gelegen reservoir naar het hoger gelegen reservoir gepompt.<\/p>\n\n\n\n<p class=\"has-medium-font-size\">Op deze manier kan het systeem energie opslaan en snel reageren op pieken in de vraag. <\/p>\n\n\n\n<p class=\"has-medium-font-size\">Het is de krachtigste stuwdam in Europa en produceert het equivalent van 2 kernreactoren van de oude generatie.<\/p>\n\n\n\n<figure class=\"wp-block-image size-full is-resized\"><img loading=\"lazy\" decoding=\"async\" width=\"1200\" height=\"680\" src=\"https:\/\/centcols.org\/wp-content\/uploads\/2025\/05\/Glandon-Gd-Maison.jpg\" alt=\"\" class=\"wp-image-82517\" style=\"width:800px\" srcset=\"https:\/\/centcols.org\/wp-content\/uploads\/2025\/05\/Glandon-Gd-Maison.jpg 1200w, https:\/\/centcols.org\/wp-content\/uploads\/2025\/05\/Glandon-Gd-Maison-768x435.jpg 768w\" sizes=\"auto, (max-width: 1200px) 100vw, 1200px\" \/><\/figure>\n\n\n\n<p class=\"has-medium-font-size\">Le <strong><a href=\"https:\/\/www.edf.fr\/groupe-edf\/agir-en-entreprise-responsable\/fondation-et-mecenat-patrimoine-sport\/site-emblematique-grandmaison-hydrelec\/hydrelec-un-musee-dedie-a-lhydroelectricite\" target=\"_blank\" rel=\"noopener\" title=\"\">EDF Hydr\u00e9lec Museum<\/a><\/strong> tussen de weg en het Lac du Verney is bekroond met de&nbsp;<em>Museum van Frankrijk<\/em>&nbsp;en presenteert unieke collecties uit het Alpengebied van de 19e eeuw tot nu.<sup>e<\/sup>&nbsp;eeuw en xx<sup>e<\/sup>&nbsp;eeuw. Een scenografische tour brengt hulde aan de wetenschappers, ingenieurs, technici en arbeiders die betrokken waren bij het cre\u00ebren van waterkrachtcentrales en dammen.<\/p>\n\n\n\n<h4 class=\"wp-block-heading has-medium-font-size\">Op de pas<\/h4>\n\n\n\n<div class=\"wp-block-media-text has-media-on-the-right is-stacked-on-mobile\" style=\"grid-template-columns:auto 40%\"><div class=\"wp-block-media-text__content\">\n<p>A <strong>gedenkplaats<\/strong> op de top van de pas herinnert zich dat in juli en augustus 1944, toen de landingen in de Provence werden voorbereid, mobiele groep nr. 5 van het maquis van Oisans tijdelijk een Duitse aanval bij de pas afsloeg.<\/p>\n<\/div><figure class=\"wp-block-media-text__media\"><img loading=\"lazy\" decoding=\"async\" width=\"1200\" height=\"900\" src=\"https:\/\/centcols.org\/wp-content\/uploads\/2023\/07\/P1020418-stele-situee-au-col-du-Glandon-revue-1200x9001-1.jpg\" alt=\"\" class=\"wp-image-83297 size-full\" srcset=\"https:\/\/centcols.org\/wp-content\/uploads\/2023\/07\/P1020418-stele-situee-au-col-du-Glandon-revue-1200x9001-1.jpg 1200w, https:\/\/centcols.org\/wp-content\/uploads\/2023\/07\/P1020418-stele-situee-au-col-du-Glandon-revue-1200x9001-1-768x576.jpg 768w\" sizes=\"auto, (max-width: 1200px) 100vw, 1200px\" \/><\/figure><\/div>\n\n\n\n<p class=\"has-medium-font-size\">Boven de parkeerplaats van de Col du Glandon zijn vier pilaren geplaatst voor een duidelijk uitzicht op de Mont Blanc.<\/p>\n\n\n<div class=\"wp-block-image is-resized\">\n<figure class=\"aligncenter size-full\"><img loading=\"lazy\" decoding=\"async\" width=\"767\" height=\"436\" src=\"https:\/\/centcols.org\/wp-content\/uploads\/2025\/05\/Glandon-piliers.jpg\" alt=\"\" class=\"wp-image-82518\" style=\"width:800px\"\/><\/figure>\n<\/div>\n\n\n<h2 class=\"wp-block-heading\">Administratieve status<\/h2>\n\n\n\n<h3 class=\"wp-block-heading\">Momenteel<\/h3>\n\n\n\n<p class=\"has-medium-font-size\">Beide zijden van de pas liggen in het departement Savoie (Commune de <a href=\"https:\/\/fr.wikipedia.org\/wiki\/Saint-Colomban-des-Villards\">Saint-Colomban-des-Villards<\/a>).<\/p>\n\n\n\n<p class=\"has-medium-font-size\">De grens tussen Is\u00e8re en Savoie ligt aan de kant van de Is\u00e8re bij de Pont du Rieu Claret (1730 m), op 3,8 km van de pas.<\/p>\n\n\n\n<h3 class=\"wp-block-heading\">Geschiedenis<\/h3>\n\n\n\n<p class=\"has-medium-font-size\">Waarom ligt de grens van Is\u00e8re \/ Savoie niet op het Arc \/ Is\u00e8re LPE?&nbsp;<em>(d.w.z. de passen Croix de Fer en Glandon)<\/em><\/p>\n\n\n\n<p class=\"has-medium-font-size\"><strong>Volgens&nbsp;<a href=\"https:\/\/www.oisans.com\/decouvrir\/les-incontournables\/col-glandon-col-de-croix-de-fer\/\" target=\"_blank\" rel=\"noopener\" title=\"\">\u00aboisans.com\u00bb<\/a><\/strong><\/p>\n\n\n\n<p class=\"has-medium-font-size\">Tot 1860 markeerde de Sabot-pas de grens tussen Frankrijk en Savoie. Vaujany, op de route des cols, was toen uitgerust met een&nbsp;<strong>grenskantoor<\/strong>&nbsp;om de provincie Dauphin\u00e9 te beschermen. ... \/ ... Waar het stuwmeer van Grand'Maison zich nu uitstrekt,&nbsp;<strong>in het verleden werden uitgestrekte alpenweiden gedeeld door de Fransen en de Savoyards<\/strong>. Het Grand'Maison was een groot gebouw dat werd gebruikt om herders te huisvesten. Informatie ingevuld door&nbsp;<strong>\u00ab&nbsp;<a href=\"https:\/\/www.isere-tourisme.com\/patrimoine-naturel\/au-col-du-sabot-2100-m\" target=\"_blank\" rel=\"noopener\" title=\"\">Is\u00e8re-Toerisme&nbsp;<\/a>\u00bb&nbsp;<\/strong>Achter de Col du Sabot was een grenspost, waarvan sommige ru\u00efnes nog steeds bestaan.&nbsp;<\/p>\n\n\n\n<p class=\"has-medium-font-size\"><strong>ChatGPT vult deze informatie aan<\/strong> (zonder bronnen te noemen):<\/p>\n\n\n\n<p class=\"has-medium-font-size\">\u00abDe regio rond de passen van Croix de Fer en Glandon is een gebied van bergweiden waar Savoyaardse en Dauphinese boeren eeuwenlang landbouw hebben bedreven. De bewoners aan beide zijden van de berg hadden een nauwe band en deelden vaak weiden en landbouwgrond.<\/p>\n\n\n\n<p class=\"has-medium-font-size\">Toen de grens werd vastgesteld als onderdeel van het Verdrag van Turijn in 1860, was het belangrijk om de verstoring voor de lokale bevolking tot een minimum te beperken. Door de grens vast te leggen op de Rieu Claret, een duidelijk herkenbare waterloop, konden de traditionele gebruiksrechten van de boeren aan beide zijden van de grens worden gehandhaafd\u00bb.\u00bb<\/p>\n\n\n\n<h2 class=\"wp-block-heading\">Fietsen en fietstoerisme<\/h2>\n\n\n\n<h3 class=\"wp-block-heading\">Tour de France<\/h3>\n\n\n\n<p class=\"has-medium-font-size\">De Tour de France beklom deze pas voor het eerst in 1947.<\/p>\n\n\n\n<h3 class=\"wp-block-heading\">BRA<\/h3>\n\n\n\n<p class=\"has-medium-font-size\">In de traditionele versie maakte de BRA geen gebruik van de Col du Glandon (deze passeert het kruispunt 200 m van de pas op de weg naar de Col de la Croix de Fer).<\/p>\n\n\n\n<p class=\"has-medium-font-size\">Echter :<\/p>\n\n\n\n<ul class=\"wp-block-list\">\n<li>In 2015, toen de sluiting van de Chambon tunnel het onmogelijk maakte om de Col du Galibier te gebruiken, werd Plan B ge\u00efmplementeerd, met de Col du Glandon, de 18 Montvernier veters en de Cols du Mollard en de la Croix de Fer.<\/li>\n\n\n\n<li>In 2019 is er na de verfrissingscheck op de Col de la Croix de Fer een U-bocht en een afdaling van de Glandon om de Montvernier switchbacks te beklimmen.<\/li>\n<\/ul>\n\n\n\n<h3 class=\"wp-block-heading\">Marmot<\/h3>\n\n\n\n<p class=\"has-medium-font-size\">Vanaf het begin in 1982 tot 1999 werd de cyclosportieve wedstrijd \u00abLa Marmotte\u00bb verreden over de Col de La Croix de Fer, voordat hij werd verreden naar de Col du Glandon.<\/p>\n\n\n\n<p class=\"has-medium-font-size\">In 2023 stond de Glandon niet meer op het programma en werd de route uitgebreid met de Col de la Croix de Fer (en de Col du Mollard).<\/p>\n\n\n\n<h3 class=\"wp-block-heading\">Profiel<\/h3>\n\n\n\n<p class=\"has-medium-font-size\">Er zijn veel profielen van de Col du Glandon op internet te vinden. De gegeven percentages zijn nogal... variabel.<\/p>\n\n\n\n<p class=\"has-medium-font-size\">De beste manier om dit te doen is om je route uit te zetten op Openrunner en te klikken op \u00abzie hoogtemeterprofiel\u00bb ... zoals hier tussen Rochetaill\u00e9e (Is\u00e8re) en La Chambre (Savoie) :<\/p>\n\n\n\n<figure class=\"wp-block-image size-large\"><img loading=\"lazy\" decoding=\"async\" width=\"1920\" height=\"512\" src=\"https:\/\/centcols.org\/wp-content\/uploads\/2025\/05\/Glandon-Profil-scaled-1-1920x512.jpeg\" alt=\"\" class=\"wp-image-82519\" srcset=\"https:\/\/centcols.org\/wp-content\/uploads\/2025\/05\/Glandon-Profil-scaled-1-1920x512.jpeg 1920w, https:\/\/centcols.org\/wp-content\/uploads\/2025\/05\/Glandon-Profil-scaled-1-1200x320.jpeg 1200w, https:\/\/centcols.org\/wp-content\/uploads\/2025\/05\/Glandon-Profil-scaled-1-768x205.jpeg 768w, https:\/\/centcols.org\/wp-content\/uploads\/2025\/05\/Glandon-Profil-scaled-1-1536x410.jpeg 1536w, https:\/\/centcols.org\/wp-content\/uploads\/2025\/05\/Glandon-Profil-scaled-1-2048x546.jpeg 2048w\" sizes=\"auto, (max-width: 1920px) 100vw, 1920px\" \/><\/figure>\n\n\n\n<p class=\"has-medium-font-size\">En tot slot een paar beelden over de <a href=\"https:\/\/photos.google.com\/share\/AF1QipNUY8MWRR6tpN6-_6JnRAzdohNr0gCjlPkL_F4usBghZoTmF3xzs-fg8P3LImWI2Q?key=dDhoYW9vaXdNLXo0cURlaHdYMHE4YUxDS28wX3lR\" target=\"_blank\" rel=\"noopener\" title=\"\">Croix de Fer en du Glandon<\/a><\/p>\n\n\n\n<p class=\"has-text-align-right\"><em>Een artikel door G\u00e9rard Galland (en Bernard Giraudeau voor de afdeling geologie)<\/em><\/p>","protected":false},"excerpt":{"rendered":"<p>Toponymie Le col du Glandon (FR-73-1924) &nbsp;prend son nom d&rsquo;un&nbsp;lieu-dit&nbsp;de la commune de&nbsp;Saint-Colomban-des-Villards.Un torrent&nbsp;\u00e9ponyme&nbsp;prend sa source au col. Situation g\u00e9ographique Massifs &nbsp;Le col se trouve \u00e0 la limite des massifs de&nbsp;Belledonne&nbsp;et des&nbsp;Arves, \u00e0 l&rsquo;ouest du&nbsp;col de la Croix-de-Fer.&nbsp; G\u00e9ologie Le col du Glandon et le col de la Croix de Fer sont g\u00e9ographiquement tr\u00e8s proches [&hellip;]<\/p>\n","protected":false},"author":3,"featured_media":83299,"comment_status":"closed","ping_status":"closed","sticky":false,"template":"","format":"standard","meta":{"_acf_changed":false,"footnotes":""},"categories":[308],"tags":[],"class_list":["post-82511","post","type-post","status-publish","format-standard","has-post-thumbnail","hentry","category-cols-en-vrac"],"acf":[],"yoast_head":"<!-- This site is optimized with the Yoast SEO plugin v27.2 - https:\/\/yoast.com\/product\/yoast-seo-wordpress\/ -->\n<title>Le col du Glandon - Club des Cent Cols<\/title>\n<meta name=\"robots\" content=\"index, follow, max-snippet:-1, max-image-preview:large, max-video-preview:-1\" \/>\n<link rel=\"canonical\" href=\"https:\/\/centcols.org\/nl\/de-eikelpas\/\" \/>\n<meta property=\"og:locale\" content=\"nl_BE\" \/>\n<meta property=\"og:type\" content=\"article\" \/>\n<meta property=\"og:title\" content=\"Le col du Glandon - Club des Cent Cols\" \/>\n<meta property=\"og:description\" content=\"Toponymie Le col du Glandon (FR-73-1924) &nbsp;prend son nom d&rsquo;un&nbsp;lieu-dit&nbsp;de la commune de&nbsp;Saint-Colomban-des-Villards.Un torrent&nbsp;\u00e9ponyme&nbsp;prend sa source au col. Situation g\u00e9ographique Massifs &nbsp;Le col se trouve \u00e0 la limite des massifs de&nbsp;Belledonne&nbsp;et des&nbsp;Arves, \u00e0 l&rsquo;ouest du&nbsp;col de la Croix-de-Fer.&nbsp; G\u00e9ologie Le col du Glandon et le col de la Croix de Fer sont g\u00e9ographiquement tr\u00e8s proches [&hellip;]\" \/>\n<meta property=\"og:url\" content=\"https:\/\/centcols.org\/nl\/de-eikelpas\/\" \/>\n<meta property=\"og:site_name\" content=\"Club des Cent Cols\" \/>\n<meta property=\"article:publisher\" content=\"https:\/\/www.facebook.com\/groups\/5261880558\/?locale=fr_FR\" \/>\n<meta property=\"article:published_time\" content=\"2023-07-12T12:38:22+00:00\" \/>\n<meta property=\"article:modified_time\" content=\"2025-10-20T18:28:04+00:00\" \/>\n<meta property=\"og:image\" content=\"https:\/\/centcols.org\/wp-content\/uploads\/2023\/07\/glandon.jpg\" \/>\n\t<meta property=\"og:image:width\" content=\"1280\" \/>\n\t<meta property=\"og:image:height\" content=\"720\" \/>\n\t<meta property=\"og:image:type\" content=\"image\/jpeg\" \/>\n<meta name=\"author\" content=\"Webmestre\" \/>\n<meta name=\"twitter:card\" content=\"summary_large_image\" \/>\n<meta name=\"twitter:label1\" content=\"Geschreven door\" \/>\n\t<meta name=\"twitter:data1\" content=\"Webmestre\" \/>\n\t<meta name=\"twitter:label2\" content=\"Geschatte leestijd\" \/>\n\t<meta name=\"twitter:data2\" content=\"10 minuten\" \/>\n<script type=\"application\/ld+json\" class=\"yoast-schema-graph\">{\"@context\":\"https:\/\/schema.org\",\"@graph\":[{\"@type\":\"Article\",\"@id\":\"https:\/\/centcols.org\/le-col-du-glandon\/#article\",\"isPartOf\":{\"@id\":\"https:\/\/centcols.org\/le-col-du-glandon\/\"},\"author\":{\"name\":\"Webmestre\",\"@id\":\"https:\/\/centcols.org\/#\/schema\/person\/911b404fb133d8c913dd27cdcf71c8e5\"},\"headline\":\"Le col du Glandon\",\"datePublished\":\"2023-07-12T12:38:22+00:00\",\"dateModified\":\"2025-10-20T18:28:04+00:00\",\"mainEntityOfPage\":{\"@id\":\"https:\/\/centcols.org\/le-col-du-glandon\/\"},\"wordCount\":1611,\"publisher\":{\"@id\":\"https:\/\/centcols.org\/#organization\"},\"image\":{\"@id\":\"https:\/\/centcols.org\/le-col-du-glandon\/#primaryimage\"},\"thumbnailUrl\":\"https:\/\/centcols.org\/wp-content\/uploads\/2023\/07\/glandon.jpg\",\"articleSection\":[\"Cols en vrac\"],\"inLanguage\":\"nl-BE\"},{\"@type\":\"WebPage\",\"@id\":\"https:\/\/centcols.org\/le-col-du-glandon\/\",\"url\":\"https:\/\/centcols.org\/le-col-du-glandon\/\",\"name\":\"Le col du Glandon - Club des Cent Cols\",\"isPartOf\":{\"@id\":\"https:\/\/centcols.org\/#website\"},\"primaryImageOfPage\":{\"@id\":\"https:\/\/centcols.org\/le-col-du-glandon\/#primaryimage\"},\"image\":{\"@id\":\"https:\/\/centcols.org\/le-col-du-glandon\/#primaryimage\"},\"thumbnailUrl\":\"https:\/\/centcols.org\/wp-content\/uploads\/2023\/07\/glandon.jpg\",\"datePublished\":\"2023-07-12T12:38:22+00:00\",\"dateModified\":\"2025-10-20T18:28:04+00:00\",\"breadcrumb\":{\"@id\":\"https:\/\/centcols.org\/le-col-du-glandon\/#breadcrumb\"},\"inLanguage\":\"nl-BE\",\"potentialAction\":[{\"@type\":\"ReadAction\",\"target\":[\"https:\/\/centcols.org\/le-col-du-glandon\/\"]}]},{\"@type\":\"ImageObject\",\"inLanguage\":\"nl-BE\",\"@id\":\"https:\/\/centcols.org\/le-col-du-glandon\/#primaryimage\",\"url\":\"https:\/\/centcols.org\/wp-content\/uploads\/2023\/07\/glandon.jpg\",\"contentUrl\":\"https:\/\/centcols.org\/wp-content\/uploads\/2023\/07\/glandon.jpg\",\"width\":1280,\"height\":720,\"caption\":\"Image par Monika de Pixabay\"},{\"@type\":\"BreadcrumbList\",\"@id\":\"https:\/\/centcols.org\/le-col-du-glandon\/#breadcrumb\",\"itemListElement\":[{\"@type\":\"ListItem\",\"position\":1,\"name\":\"Accueil\",\"item\":\"https:\/\/centcols.org\/\"},{\"@type\":\"ListItem\",\"position\":2,\"name\":\"Cols en vrac\",\"item\":\"https:\/\/centcols.org\/rubrique\/cols-en-vrac\/\"},{\"@type\":\"ListItem\",\"position\":3,\"name\":\"Le col du Glandon\"}]},{\"@type\":\"WebSite\",\"@id\":\"https:\/\/centcols.org\/#website\",\"url\":\"https:\/\/centcols.org\/\",\"name\":\"Club des Cent Cols\",\"description\":\"\",\"publisher\":{\"@id\":\"https:\/\/centcols.org\/#organization\"},\"potentialAction\":[{\"@type\":\"SearchAction\",\"target\":{\"@type\":\"EntryPoint\",\"urlTemplate\":\"https:\/\/centcols.org\/?s={search_term_string}\"},\"query-input\":{\"@type\":\"PropertyValueSpecification\",\"valueRequired\":true,\"valueName\":\"search_term_string\"}}],\"inLanguage\":\"nl-BE\"},{\"@type\":\"Organization\",\"@id\":\"https:\/\/centcols.org\/#organization\",\"name\":\"Club des Cent Cols\",\"url\":\"https:\/\/centcols.org\/\",\"logo\":{\"@type\":\"ImageObject\",\"inLanguage\":\"nl-BE\",\"@id\":\"https:\/\/centcols.org\/#\/schema\/logo\/image\/\",\"url\":\"https:\/\/centcols.org\/wp-content\/uploads\/2025\/01\/carte-icone.png\",\"contentUrl\":\"https:\/\/centcols.org\/wp-content\/uploads\/2025\/01\/carte-icone.png\",\"width\":250,\"height\":250,\"caption\":\"Club des Cent Cols\"},\"image\":{\"@id\":\"https:\/\/centcols.org\/#\/schema\/logo\/image\/\"},\"sameAs\":[\"https:\/\/www.facebook.com\/groups\/5261880558\/?locale=fr_FR\"]},{\"@type\":\"Person\",\"@id\":\"https:\/\/centcols.org\/#\/schema\/person\/911b404fb133d8c913dd27cdcf71c8e5\",\"name\":\"Webmestre\",\"image\":{\"@type\":\"ImageObject\",\"inLanguage\":\"nl-BE\",\"@id\":\"https:\/\/centcols.org\/wp-content\/litespeed\/avatar\/2d246e4b6b4f773e08515e1ffc53690b.jpg?ver=1777222892\",\"url\":\"https:\/\/centcols.org\/wp-content\/litespeed\/avatar\/2d246e4b6b4f773e08515e1ffc53690b.jpg?ver=1777222892\",\"contentUrl\":\"https:\/\/centcols.org\/wp-content\/litespeed\/avatar\/2d246e4b6b4f773e08515e1ffc53690b.jpg?ver=1777222892\",\"caption\":\"Webmestre\"},\"url\":\"https:\/\/centcols.org\/nl\/author\/webmestre\/\"}]}<\/script>\n<!-- \/ Yoast SEO plugin. -->","yoast_head_json":{"title":"De Glandonpas - Club des Cent Cols","robots":{"index":"index","follow":"follow","max-snippet":"max-snippet:-1","max-image-preview":"max-image-preview:large","max-video-preview":"max-video-preview:-1"},"canonical":"https:\/\/centcols.org\/nl\/de-eikelpas\/","og_locale":"nl_BE","og_type":"article","og_title":"Le col du Glandon - Club des Cent Cols","og_description":"Toponymie Le col du Glandon (FR-73-1924) &nbsp;prend son nom d&rsquo;un&nbsp;lieu-dit&nbsp;de la commune de&nbsp;Saint-Colomban-des-Villards.Un torrent&nbsp;\u00e9ponyme&nbsp;prend sa source au col. Situation g\u00e9ographique Massifs &nbsp;Le col se trouve \u00e0 la limite des massifs de&nbsp;Belledonne&nbsp;et des&nbsp;Arves, \u00e0 l&rsquo;ouest du&nbsp;col de la Croix-de-Fer.&nbsp; G\u00e9ologie Le col du Glandon et le col de la Croix de Fer sont g\u00e9ographiquement tr\u00e8s proches [&hellip;]","og_url":"https:\/\/centcols.org\/nl\/de-eikelpas\/","og_site_name":"Club des Cent Cols","article_publisher":"https:\/\/www.facebook.com\/groups\/5261880558\/?locale=fr_FR","article_published_time":"2023-07-12T12:38:22+00:00","article_modified_time":"2025-10-20T18:28:04+00:00","og_image":[{"width":1280,"height":720,"url":"https:\/\/centcols.org\/wp-content\/uploads\/2023\/07\/glandon.jpg","type":"image\/jpeg"}],"author":"Webmestre","twitter_card":"summary_large_image","twitter_misc":{"Geschreven door":"Webmestre","Geschatte leestijd":"10 minuten"},"schema":{"@context":"https:\/\/schema.org","@graph":[{"@type":"Article","@id":"https:\/\/centcols.org\/le-col-du-glandon\/#article","isPartOf":{"@id":"https:\/\/centcols.org\/le-col-du-glandon\/"},"author":{"name":"Webmestre","@id":"https:\/\/centcols.org\/#\/schema\/person\/911b404fb133d8c913dd27cdcf71c8e5"},"headline":"Le col du Glandon","datePublished":"2023-07-12T12:38:22+00:00","dateModified":"2025-10-20T18:28:04+00:00","mainEntityOfPage":{"@id":"https:\/\/centcols.org\/le-col-du-glandon\/"},"wordCount":1611,"publisher":{"@id":"https:\/\/centcols.org\/#organization"},"image":{"@id":"https:\/\/centcols.org\/le-col-du-glandon\/#primaryimage"},"thumbnailUrl":"https:\/\/centcols.org\/wp-content\/uploads\/2023\/07\/glandon.jpg","articleSection":["Cols en vrac"],"inLanguage":"nl-BE"},{"@type":"WebPage","@id":"https:\/\/centcols.org\/le-col-du-glandon\/","url":"https:\/\/centcols.org\/le-col-du-glandon\/","name":"De Glandonpas - Club des Cent Cols","isPartOf":{"@id":"https:\/\/centcols.org\/#website"},"primaryImageOfPage":{"@id":"https:\/\/centcols.org\/le-col-du-glandon\/#primaryimage"},"image":{"@id":"https:\/\/centcols.org\/le-col-du-glandon\/#primaryimage"},"thumbnailUrl":"https:\/\/centcols.org\/wp-content\/uploads\/2023\/07\/glandon.jpg","datePublished":"2023-07-12T12:38:22+00:00","dateModified":"2025-10-20T18:28:04+00:00","breadcrumb":{"@id":"https:\/\/centcols.org\/le-col-du-glandon\/#breadcrumb"},"inLanguage":"nl-BE","potentialAction":[{"@type":"ReadAction","target":["https:\/\/centcols.org\/le-col-du-glandon\/"]}]},{"@type":"ImageObject","inLanguage":"nl-BE","@id":"https:\/\/centcols.org\/le-col-du-glandon\/#primaryimage","url":"https:\/\/centcols.org\/wp-content\/uploads\/2023\/07\/glandon.jpg","contentUrl":"https:\/\/centcols.org\/wp-content\/uploads\/2023\/07\/glandon.jpg","width":1280,"height":720,"caption":"Image par Monika de Pixabay"},{"@type":"BreadcrumbList","@id":"https:\/\/centcols.org\/le-col-du-glandon\/#breadcrumb","itemListElement":[{"@type":"ListItem","position":1,"name":"Accueil","item":"https:\/\/centcols.org\/"},{"@type":"ListItem","position":2,"name":"Cols en vrac","item":"https:\/\/centcols.org\/rubrique\/cols-en-vrac\/"},{"@type":"ListItem","position":3,"name":"Le col du Glandon"}]},{"@type":"WebSite","@id":"https:\/\/centcols.org\/#website","url":"https:\/\/centcols.org\/","name":"Club van Cent Cols","description":"","publisher":{"@id":"https:\/\/centcols.org\/#organization"},"potentialAction":[{"@type":"SearchAction","target":{"@type":"EntryPoint","urlTemplate":"https:\/\/centcols.org\/?s={search_term_string}"},"query-input":{"@type":"PropertyValueSpecification","valueRequired":true,"valueName":"search_term_string"}}],"inLanguage":"nl-BE"},{"@type":"Organization","@id":"https:\/\/centcols.org\/#organization","name":"Club van Cent Cols","url":"https:\/\/centcols.org\/","logo":{"@type":"ImageObject","inLanguage":"nl-BE","@id":"https:\/\/centcols.org\/#\/schema\/logo\/image\/","url":"https:\/\/centcols.org\/wp-content\/uploads\/2025\/01\/carte-icone.png","contentUrl":"https:\/\/centcols.org\/wp-content\/uploads\/2025\/01\/carte-icone.png","width":250,"height":250,"caption":"Club des Cent Cols"},"image":{"@id":"https:\/\/centcols.org\/#\/schema\/logo\/image\/"},"sameAs":["https:\/\/www.facebook.com\/groups\/5261880558\/?locale=fr_FR"]},{"@type":"Person","@id":"https:\/\/centcols.org\/#\/schema\/person\/911b404fb133d8c913dd27cdcf71c8e5","name":"Webmaster","image":{"@type":"ImageObject","inLanguage":"nl-BE","@id":"https:\/\/centcols.org\/wp-content\/litespeed\/avatar\/2d246e4b6b4f773e08515e1ffc53690b.jpg?ver=1777222892","url":"https:\/\/centcols.org\/wp-content\/litespeed\/avatar\/2d246e4b6b4f773e08515e1ffc53690b.jpg?ver=1777222892","contentUrl":"https:\/\/centcols.org\/wp-content\/litespeed\/avatar\/2d246e4b6b4f773e08515e1ffc53690b.jpg?ver=1777222892","caption":"Webmestre"},"url":"https:\/\/centcols.org\/nl\/author\/webmestre\/"}]}},"_links":{"self":[{"href":"https:\/\/centcols.org\/nl\/wp-json\/wp\/v2\/posts\/82511","targetHints":{"allow":["GET"]}}],"collection":[{"href":"https:\/\/centcols.org\/nl\/wp-json\/wp\/v2\/posts"}],"about":[{"href":"https:\/\/centcols.org\/nl\/wp-json\/wp\/v2\/types\/post"}],"author":[{"embeddable":true,"href":"https:\/\/centcols.org\/nl\/wp-json\/wp\/v2\/users\/3"}],"replies":[{"embeddable":true,"href":"https:\/\/centcols.org\/nl\/wp-json\/wp\/v2\/comments?post=82511"}],"version-history":[{"count":0,"href":"https:\/\/centcols.org\/nl\/wp-json\/wp\/v2\/posts\/82511\/revisions"}],"wp:featuredmedia":[{"embeddable":true,"href":"https:\/\/centcols.org\/nl\/wp-json\/wp\/v2\/media\/83299"}],"wp:attachment":[{"href":"https:\/\/centcols.org\/nl\/wp-json\/wp\/v2\/media?parent=82511"}],"wp:term":[{"taxonomy":"category","embeddable":true,"href":"https:\/\/centcols.org\/nl\/wp-json\/wp\/v2\/categories?post=82511"},{"taxonomy":"post_tag","embeddable":true,"href":"https:\/\/centcols.org\/nl\/wp-json\/wp\/v2\/tags?post=82511"}],"curies":[{"name":"wp","href":"https:\/\/api.w.org\/{rel}","templated":true}]}}