{"id":82521,"date":"2023-07-28T15:57:54","date_gmt":"2023-07-28T13:57:54","guid":{"rendered":"https:\/\/centcols.org\/le-col-de-sarenne\/"},"modified":"2025-10-20T20:09:58","modified_gmt":"2025-10-20T18:09:58","slug":"de-sarenne-pas","status":"publish","type":"post","link":"https:\/\/centcols.org\/nl\/le-col-de-sarenne\/","title":{"rendered":"De Sarenne pas"},"content":{"rendered":"<h2 class=\"wp-block-heading\">Hoogte<\/h2>\n\n\n\n<p class=\"has-medium-font-size\">De Sarenne pas (<a href=\"https:\/\/centcols.org\/nl\/util\/geo\/visu.php\/?code=FR-38-1999\">FR-38-1999<\/a>), dus meer of minder dan 2000 m?<\/p>\n\n\n\n<p class=\"has-medium-font-size\">Na een lang debat lijkt het erop dat de Col de Sarenne niet door de test is gekomen voor de 2000m+ categorie. Er ontbreekt een meter (en je fiets een meter optillen zoals op de foto helpt niet!).<\/p>\n\n\n<div class=\"wp-block-image\">\n<figure class=\"aligncenter size-full is-resized\"><img loading=\"lazy\" decoding=\"async\" width=\"1200\" height=\"800\" src=\"https:\/\/centcols.org\/wp-content\/uploads\/2025\/05\/Col_de_Sarenne_090918.jpg\" alt=\"\" class=\"wp-image-82522\" style=\"width:800px\" srcset=\"https:\/\/centcols.org\/wp-content\/uploads\/2025\/05\/Col_de_Sarenne_090918.jpg 1200w, https:\/\/centcols.org\/wp-content\/uploads\/2025\/05\/Col_de_Sarenne_090918-768x512.jpg 768w\" sizes=\"auto, (max-width: 1200px) 100vw, 1200px\" \/><\/figure>\n<\/div>\n\n\n<p class=\"has-medium-font-size\">Gebaseerd op de IGN 1:50.000 kaart, editie 1974, was de discussie open: <\/p>\n\n\n<div class=\"wp-block-image is-resized\">\n<figure class=\"aligncenter size-full\"><img loading=\"lazy\" decoding=\"async\" width=\"300\" height=\"225\" src=\"https:\/\/centcols.org\/wp-content\/uploads\/2025\/05\/Sarenne1.jpg\" alt=\"\" class=\"wp-image-82523\" style=\"width:600px\"\/><\/figure>\n<\/div>\n\n\n<p class=\"has-medium-font-size\">Maar die voor 2021 sluit de discussie af:<\/p>\n\n\n<div class=\"wp-block-image\">\n<figure class=\"aligncenter size-full\"><img loading=\"lazy\" decoding=\"async\" width=\"487\" height=\"354\" src=\"https:\/\/centcols.org\/wp-content\/uploads\/2025\/05\/Sarenne2.jpg\" alt=\"\" class=\"wp-image-82524\"\/><\/figure>\n<\/div>\n\n\n<p class=\"has-medium-font-size\">Voor een korte geschiedenis en meer details, zie het artikel :&nbsp;<a href=\"https:\/\/cyclotouristes-grenoblois.assoconnect.com\/articles\/130691-le-col-de-sarenne-1999-m-ou-2009-m\" target=\"_blank\" rel=\"noreferrer noopener\">Col de Sarenne: 1999 m of 2009 m<\/a> geschreven in maart 2020 op de CTG-website met de medewerking van verschillende CCC-leden.<\/p>\n\n\n\n<h2 class=\"wp-block-heading\">Plaatsnaamkunde<\/h2>\n\n\n\n<p class=\"has-medium-font-size\">Sarenne is de naam<\/p>\n\n\n\n<ul class=\"wp-block-list\">\n<li>de gletsjer boven l'Alpe d'Huez, welbekend bij ski\u00ebrs. Vroeger werd hij gebruikt om 's zomers te ski\u00ebn, maar door het snelle smelten in de twintigste eeuw verdween hij.<sup>e<\/sup>&nbsp;eeuw bedreigt zijn bestaan<\/li>\n\n\n\n<li>van de stroom die daar ontspringt ... en<\/li>\n\n\n\n<li>de pas boven de vallei van de Sarenne (waar een zijrivier, de Nou, ontspringt)<\/li>\n<\/ul>\n\n\n\n<h2 class=\"wp-block-heading\">Geografische locatie<\/h2>\n\n\n\n<h3 class=\"wp-block-heading\">Massief<\/h3>\n\n\n\n<p class=\"has-medium-font-size\">De Col de Sarenne ligt in het Massif des&nbsp;<a href=\"https:\/\/fr.wikipedia.org\/wiki\/Grandes_Rousses\" target=\"_blank\" rel=\"noopener\" title=\"\">Grandes Rousses<\/a><\/p>\n\n\n\n<h3 class=\"wp-block-heading\">Geologie<\/h3>\n\n\n\n<p class=\"has-medium-font-size\">De Col de Sarenne ligt aan het einde van een lange vallei die het zuidelijke uiteinde van het machtige Grandes Rousses-gebergte doorsnijdt. Hier heeft de Sarenne een diepe kloof uitgesleten onder het Alpe d'Huez skioord, tussen de Triassische sedimentafzettingen in het zuiden en de sterk gebandeerde gneisen (afwisselend lichte en donkere lagen) in het noorden. <\/p>\n\n\n\n<p class=\"has-medium-font-size\">Ch\u00e2teau Noir kijkt uit over de pas naar het noorden en is het resultaat van een extrusie van vulkanisch gesteente in de oude Hercynische Cassini-breuk. <\/p>\n\n\n\n<p class=\"has-medium-font-size\">Een bijzonder geologisch kenmerk tussen Alpe d'Huez en de Col de Sarenne is de aanwezigheid van eerder ge\u00ebxploiteerde steenkoollagen (Herpie-mijnen, ten noorden en halverwege de col en het skioord). <\/p>\n\n\n\n<p class=\"has-medium-font-size\">De witte gletsjer van Sarenne heeft zijn openluchtgalerij ook uitgegraven in een donkere steenkoollaag.<\/p>\n\n\n\n<p class=\"has-medium-font-size\">Ge\u00efnteresseerde lezers worden verwezen naar het uitgebreide artikel van&nbsp;<a href=\"http:\/\/www.geol-alp.com\/h_oisans\/_lieux\/Rousses\/sarenne.html#:~:text=Il%20forment%20un%20plateau%20suspendu,sur%C3%A9lev%C3%A9e%20par%20les%20d%C3%A9formations%20alpines\" target=\"_blank\" rel=\"noopener\" title=\"\">geol-alp.com<\/a><a href=\"http:\/\/www.geol-alp.com\/h_oisans\/_lieux\/guisane_vallouise\/Lautaret.html\" target=\"_blank\" rel=\"noopener\" title=\"\">&nbsp;<\/a><\/p>\n\n\n\n<h3 class=\"wp-block-heading\">Hydrografie<\/h3>\n\n\n\n<p class=\"has-medium-font-size\">De Romanche heeft twee zijrivieren aan weerszijden: de Ferrand, die stroomafwaarts van de dam van Chambon in de Romanche uitmondt, en de Nou, die onder de pas (hoogte 1826 m) samenvloeit met de Sarenne.&nbsp;<\/p>\n\n\n\n<p class=\"has-medium-font-size\"><em>De Sarenne ontspringt in de Sarenne gletsjer ten noorden van de pas, bekend bij ski\u00ebrs van Alpe d'Huez, en mondt uit in de Romanche bij La Paute, stroomafwaarts van Bourg-d'Oisans.<\/em><\/p>\n\n\n\n<h3 class=\"wp-block-heading\">Toegang<\/h3>\n\n\n\n<p class=\"has-medium-font-size\">Het verbindt de\u2019<a href=\"https:\/\/fr.wikipedia.org\/wiki\/Alpe_d%27Huez\" target=\"_blank\" rel=\"noopener\" title=\"\">Alpe d'Huez<\/a> en de <a href=\"https:\/\/valleeduferrand.com\/\" target=\"_blank\" rel=\"noopener\" title=\"\">Ferrand vallei<\/a> (Clavans en Haut-Oisans).<\/p>\n\n\n\n<figure class=\"wp-block-image size-full is-resized\"><img loading=\"lazy\" decoding=\"async\" width=\"1107\" height=\"592\" src=\"https:\/\/centcols.org\/wp-content\/uploads\/2025\/05\/Carte-Sarenne-1.jpg\" alt=\"\" class=\"wp-image-82529\" style=\"width:800px\" srcset=\"https:\/\/centcols.org\/wp-content\/uploads\/2025\/05\/Carte-Sarenne-1.jpg 1107w, https:\/\/centcols.org\/wp-content\/uploads\/2025\/05\/Carte-Sarenne-1-768x411.jpg 768w\" sizes=\"auto, (max-width: 1107px) 100vw, 1107px\" \/><\/figure>\n\n\n\n<p class=\"has-medium-font-size\"><strong>Westkant<\/strong><\/p>\n\n\n\n<div class=\"wp-block-media-text has-media-on-the-right is-stacked-on-mobile\"><div class=\"wp-block-media-text__content\">\n<p>De N85 loopt van Grenoble (90 km, hoogte 214 m) naar Vizille (72 km, hoogte 278 m) en vervolgens de D1091 naar Bourg d'Oisans (40 km, hoogte 719 m).<\/p>\n\n\n\n<p>Vertrekken van <strong>Bourg d'Oisans<\/strong> de <strong>D211<\/strong>, De RD25A (ook bekend als de Route du Col de Sarenne), die 13,8 km aflegt met een gemiddelde snelheid van 7,91 km\/u en 21 bochten, leidt naar Alpe d'Huez (1.800 m), vanwaar het 8,3 km duurt om de pas te bereiken via de kloven van Sarenne.<\/p>\n<\/div><figure class=\"wp-block-media-text__media\"><img loading=\"lazy\" decoding=\"async\" width=\"300\" height=\"225\" src=\"https:\/\/centcols.org\/wp-content\/uploads\/2023\/07\/Rte-Sarenne1.jpg\" alt=\"\" class=\"wp-image-83331 size-full\"\/><\/figure><\/div>\n\n\n\n<p class=\"has-text-align-right\"><strong>De weg en de kloven van Sarenne<\/strong><\/p>\n\n\n\n<p class=\"has-medium-font-size\"><strong>Zuidoostelijke kant<\/strong><\/p>\n\n\n\n<div class=\"wp-block-media-text is-stacked-on-mobile\"><figure class=\"wp-block-media-text__media\"><img loading=\"lazy\" decoding=\"async\" width=\"300\" height=\"225\" src=\"https:\/\/centcols.org\/wp-content\/uploads\/2023\/07\/Rte-Sarenne2-11.jpg\" alt=\"\" class=\"wp-image-83332 size-full\"\/><\/figure><div class=\"wp-block-media-text__content\">\n<p>Het kan worden bereikt in 13 km van de <strong>RD1091<\/strong>, aan de&nbsp;<strong>Stuwdam van Chambon<\/strong> (hoogte 1050m), via de RD25 (daarna 25A) die door Mizo\u00ebn, Clavans le Bas en Clavans en Haut-Oisans loopt).<\/p>\n\n\n\n<p>Van <strong>Brian\u00e7on <\/strong>(op 27 km, hoogte 1215 m) leidt de D1091 naar de Col du Lautaret, via het skioord Serre-Chevalier en de verschillende dorpen: Chantemerle (gemeente St Chaffrey - op 22,5 km, hoogte 1350 m), Villeneuve (gemeente La Salle-les-Alpes, op 19 km, hoogte 1385 m), Monetier les Bains (op 13 km, hoogte 1500 m).<\/p>\n<\/div><\/div>\n\n\n\n<p class=\"has-text-align-left\"><strong>De weg naar Clavans<\/strong><\/p>\n\n\n\n<h2 class=\"wp-block-heading\">Wijziging van toegang<\/h2>\n\n\n\n<p class=\"has-medium-font-size\">(Kopie van artikel uit 2020 : <a href=\"https:\/\/cyclotouristes-grenoblois.assoconnect.com\/articles\/130691-le-col-de-sarenne-1999-m-ou-2009-m\" target=\"_blank\" rel=\"noreferrer noopener\">Col de Sarenne: 1999 m of 2009 m<\/a>)<\/p>\n\n\n\n<p class=\"has-medium-font-size\">Om meer te weten te komen over de geschiedenis van de aanleg van de Col de Sarenne hebben we de volgende vragen gesteld <strong>Stadhuis van Alpe d'Huez.<\/strong><\/p>\n\n\n\n<p class=\"has-medium-font-size\">Fr\u00e9d\u00e9rik TANE stuurde ons het volgende antwoord:&nbsp;<em>\u00abDe weg tussen Alpe d'Huez en de Col de Sarenne werd tegelijkertijd gebouwd met de beroemde tunnel (de zwarte piste die in 1964 werd geopend onder de Pic Blanc).  In feite was het hetzelfde bedrijf dat dit stuk weg en de tunnel bouwde: het bedrijf Vigne uit Is\u00e8re. De weg liep destijds door de archeologische vindplaats Brandes.<\/em><\/p>\n\n\n\n<p class=\"has-medium-font-size\"><em>In 1967 liep de start niet meer door Brandes maar iets stroomopwaarts dankzij de aanleg van de altiportweg. Datzelfde jaar werd de weg verlengd tussen de Col de Sarenne en Le Perron in de Ferrand vallei (een grote rots beschermt een huis tegen lawines). De werkzaamheden in 1967 werden uitgevoerd door Pegaz &amp; Pugeat, die ook de bobsleebaan van Alpe d'Huez aanlegden (wereldkampioenschappen 1967 en Olympische Spelen 1968).<\/em><\/p>\n\n\n\n<p class=\"has-medium-font-size\"><em>Het weggedeelte tussen Le Perron en Le Chambon bestond al.<br>Bedankt voor het noemen van de naam van Robert Hustache, een levende herinnering aan Alpe d'Huez, in je artikel.  Hij heeft me informatie van onschatbare waarde gegeven om je vraag te beantwoorden.<\/em><em>.<\/em>&nbsp;\u00bb<\/p>\n\n\n\n<p class=\"has-medium-font-size\"><strong>Wanneer is de weg naar de Col de Sarenne verhard?<\/strong><br>Deze informatie was moeilijk te verkrijgen. We wisten dat in 1980 en 1982, voor de tweede en derde BRO (zie hieronder), de route 10 km onverharde weg omvatte, en nu we er weer zijn geweest (foto's hierboven) is de weg in 2008 aan beide kanten verhard.<\/p>\n\n\n\n<p class=\"has-medium-font-size\">De centcollisten hebben ons de volgende informatie gegeven:<\/p>\n\n\n\n<p class=\"has-medium-font-size\">&nbsp;In 1985 was de weg aan de oostkant en na Clavans niet volledig geasfalteerd.<\/p>\n\n\n\n<p class=\"has-medium-font-size\">Het was in het addendum van 1989 (pagina 61) dat de Col de Sarenne werd veranderd in een wegpas (CV) zonder de helling te specificeren. De pas is daarom waarschijnlijk in 1988 geasfalteerd. In de uitgave van 1994 van de Chauvot (boekformaat) staat de pas vermeld als een wegpas.<\/p>\n\n\n\n<h2 class=\"wp-block-heading\">Wat te zien - toerisme\u00a0<\/h2>\n\n\n\n<h4 class=\"wp-block-heading has-medium-font-size\"><br>Alpe d'Huez kant<\/h4>\n\n\n\n<p class=\"has-medium-font-size\">Naast het skigebied en de 21 veters, is de\u2019<strong>Alpe d'Huez<\/strong> heeft een moderne en originele kerk, waarvan het uiterlijk doet denken aan een silhouet van de Maagd Maria. Onder impuls van pastoor Jaap Reuten, pastoor van 1964 tot 1992, werd de kerk in de jaren zestig ontworpen door architect Jean Marol (voltooid in 1970) en versierd met kleurrijke glas-in-loodramen van de kunstenaar&nbsp;<a href=\"https:\/\/fr.wikipedia.org\/wiki\/Arcabas\" target=\"_blank\" rel=\"noopener\" title=\"\">Arcabas<\/a>.<\/p>\n\n\n\n<p class=\"has-medium-font-size\">In deze kerk staat het enige orgel in zijn soort ter wereld, in de vorm van een hand die naar de hemel reikt, ontworpen door de componist&nbsp;<a href=\"https:\/\/fr.wikipedia.org\/wiki\/Jean_Guillou\" target=\"_blank\" rel=\"noopener\" title=\"\">Jean Guillou<\/a>&nbsp;en de Duitse orgelbouwer&nbsp;<a href=\"https:\/\/fr.wikipedia.org\/wiki\/Detlef_Kleuker\" target=\"_blank\" rel=\"noopener\" title=\"\">Detlef Kleuker<\/a>. Elk jaar worden er rond dit instrument concerten georganiseerd op donderdagavonden, in de winter en in de zomer, evenals orgel-, panfluit- en koorzangcursussen in de zomer.<\/p>\n\n\n\n<h4 class=\"wp-block-heading\">Ferrand vallei kant<\/h4>\n\n\n\n<div class=\"wp-block-media-text has-media-on-the-right is-stacked-on-mobile\" style=\"grid-template-columns:auto 40%\"><div class=\"wp-block-media-text__content\">\n<p>De oude huizen, voornamelijk gebouwd van steen, gaan op in het glooiende terrein. Ze bestaan onder andere uit ruimtes waar 's winters vee wordt gehuisvest en hooi wordt opgeslagen, terwijl het deel waar mensen wonen tot het strikt noodzakelijke is gereduceerd.<\/p>\n\n\n\n<p>Parochiekerk Saint-Jacques-et-Saint-Christophe in Mizo\u00ebn<br>gebouwd in 1889, domineert het dorp.<br>&nbsp;Het is te zien vanaf de dam van Chambon<\/p>\n<\/div><figure class=\"wp-block-media-text__media\"><img loading=\"lazy\" decoding=\"async\" width=\"450\" height=\"600\" src=\"https:\/\/centcols.org\/wp-content\/uploads\/2023\/07\/Sarenne-St-Jacques1.jpg\" alt=\"\" class=\"wp-image-83333 size-full\"\/><\/figure><\/div>\n\n\n\n<h4 class=\"wp-block-heading\">De dam van Chambon<\/h4>\n\n\n\n<p class=\"has-medium-font-size\">&nbsp;De bouw begon in september 1929 en werd voltooid in december 1935.<\/p>\n\n\n<div class=\"wp-block-image\">\n<figure class=\"aligncenter size-full is-resized\"><img loading=\"lazy\" decoding=\"async\" width=\"1200\" height=\"800\" src=\"https:\/\/centcols.org\/wp-content\/uploads\/2023\/08\/4528492-diaporama1.jpg\" alt=\"\" class=\"wp-image-89751\" style=\"width:800px\" srcset=\"https:\/\/centcols.org\/wp-content\/uploads\/2023\/08\/4528492-diaporama1.jpg 1200w, https:\/\/centcols.org\/wp-content\/uploads\/2023\/08\/4528492-diaporama1-768x512.jpg 768w, https:\/\/centcols.org\/wp-content\/uploads\/2023\/08\/4528492-diaporama1-18x12.jpg 18w\" sizes=\"auto, (max-width: 1200px) 100vw, 1200px\" \/><\/figure>\n<\/div>\n\n\n<p class=\"has-medium-font-size\">Sinds 2003 is het bekroond met de<strong>&nbsp;<a href=\"https:\/\/fr.wikipedia.org\/wiki\/Liste_des_%C3%A9difices_labellis%C3%A9s_%C2%AB_Patrimoine_du_XXe_si%C3%A8cle_%C2%BB_de_l%27Is%C3%A8re\" target=\"_blank\" rel=\"noopener\" title=\"\">\u00abIs\u00e8re's erfgoed uit de 20e eeuw<\/a><\/strong>.<\/p>\n\n\n\n<p class=\"has-medium-font-size\">Na 80 jaar is de dam het slachtoffer geworden van alkali-reactie (betonziekte) en om de vijftien jaar moet hij een speciale behandeling ondergaan. Daarom is de vervanging van de dam gepland voor de komende twintig jaar.<\/p>\n\n\n\n<p class=\"has-medium-font-size\"><strong>Je had de schuilhut Col de Sarenne op de pas kunnen zien:<\/strong><\/p>\n\n\n<div class=\"wp-block-image\">\n<figure class=\"aligncenter size-full is-resized\"><img loading=\"lazy\" decoding=\"async\" width=\"300\" height=\"196\" src=\"https:\/\/centcols.org\/wp-content\/uploads\/2025\/05\/Sarenne-refuge.jpg\" alt=\"\" class=\"wp-image-82531\" style=\"width:768px;height:502px\"\/><\/figure>\n<\/div>\n\n\n<p class=\"has-medium-font-size\">&nbsp;De berghut werd gebouwd in 2003 en bevond zich aan de linkerkant toen je de Col van Alpe d'Huez bereikte.<\/p>\n\n\n\n<p class=\"has-medium-font-size\">Het werd op 27 december 2016 door brand verwoest (<em><a href=\"https:\/\/cyclotouristes-grenoblois.assoconnect.com\/articles\/149725-2017-serie-noire-sur-la-route-du-brale-feu-au-col-de-sarenne\" target=\"_blank\" rel=\"noreferrer noopener\">zie het artikel van Jules A<\/a>)<\/em>. Uittreksel \u00abVan dit grote en mooie gebouw van 1000 m<sup>2<\/sup> gebouwd in 2000, revolutionair in zijn ontwerp door het gebruik van Jura-sparren met stammen met een diameter van meer dan een meter, maar ook in zijn zelfvoorziening in niet-fossiele energie (windturbines en zonnepanelen), alles wat overblijft is verbrand puin.\u00bb<\/p>\n\n\n\n<h2 class=\"wp-block-heading\">Administratieve status<\/h2>\n\n\n\n<p class=\"has-medium-font-size\">De Col de Sarenne ligt in de gemeente <a href=\"http:\/\/clavans-en-oisans.com\/\" target=\"_blank\" rel=\"noopener\" title=\"\">Clavans-en-Haut-Oisans.<\/a><\/p>\n\n\n\n<p class=\"has-medium-font-size\">Aan de westkant, langs de rivier Le Nou, kom je al snel door de gemeente Le Nou. <a href=\"https:\/\/lefreneydoisans.fr\/\" target=\"_blank\" rel=\"noopener\" title=\"\">Freney d'Oisans<\/a>... dan kort na de samenvloeiing van de Nou en de Sarenne in de gemeente Alpe d'Huez.<\/p>\n\n\n\n<h2 class=\"wp-block-heading\">Fietsen en fietstoerisme<\/h2>\n\n\n\n<p class=\"has-medium-font-size\"><strong>Tour de France en Crit\u00e9rium du Dauphin\u00e9 :<\/strong><\/p>\n\n\n\n<p class=\"has-medium-font-size\">In 2013 maakten het Crit\u00e9rium du Dauphin\u00e9 en daarna de Tour de France gebruik van de Col de Sarenne na de beklimming van Alpe d'Huez.<\/p>\n\n\n\n<p class=\"has-medium-font-size\"><em>&nbsp;De passage van de Tour de France over de Col de Sarenne heeft een sterke reactie uitgelokt van lokale milieuactivisten, die kritiek hebben geuit op het feit dat de route vlak langs een gebied loopt waarvoor een prefectoraal bevel tot bescherming van de biotoop geldt en op de mogelijke bedreiging van de natuurlijke habitat door de passage van een evenement dat zo groot is als de Tour de France.<\/em><\/p>\n\n\n\n<p class=\"has-medium-font-size\"><em>Ondanks protesten en tegenstand werd de route gehandhaafd zoals hij was, zij het met speciale regelingen: de Tourkaravaan moest stoppen bij de eerste oversteekplaats in Alpe d'Huez en er werden speciale regelingen getroffen in het pasgebied om de ecologische impact zoveel mogelijk te beperken (verbod op campers, beperking van lawaai en snelheid, waarschuwingsborden over het natuurlijke karakter van het gebied, enz.)<\/em>.<\/p>\n\n\n\n<p class=\"has-medium-font-size\"><strong>BRO<\/strong> (Brevet de Randonneur de l'Oisans)<\/p>\n\n\n\n<div class=\"wp-block-columns is-layout-flex wp-container-core-columns-is-layout-9d6595d7 wp-block-columns-is-layout-flex\">\n<div class=\"wp-block-column is-layout-flow wp-block-column-is-layout-flow\" style=\"flex-basis:50%\">\n<p class=\"has-medium-font-size\">Voor de tweede editie slaagde de BRO (voor de 1<sup>tijdperk&nbsp;<\/sup>tijden) op de Col de Sarenne in juni 1980, de pasweg was onverhard van de Sarenne torrent naar de Perron boven Clavans le haut....en dat jaar werd de Col de Sarenne 2009 m gemarkeerd op de IGN!<\/p>\n\n\n\n<p class=\"has-medium-font-size\"><em>Hier, <strong><em>De Col de Sarenne - Weg naar Clavans - tijdens de eerste BRO in 1980<\/em><\/strong><\/em><\/p>\n<\/div>\n\n\n\n<div class=\"wp-block-column is-layout-flow wp-block-column-is-layout-flow\" style=\"flex-basis:50%\"><\/div>\n<\/div>\n\n\n\n<p class=\"has-medium-font-size\"><strong>BRA<\/strong> (Brevet de Randonneur des Alpes)<\/p>\n\n\n\n<p class=\"has-medium-font-size\">Voor de&nbsp;<strong>BRA<\/strong>&nbsp;(om de 2 jaar, oneven jaren) bevatten de opties \u00abSuper BRA en Super BRA+\u00bb de Col de Sarenne in de route.<\/p>\n\n\n\n<p class=\"has-medium-font-size\">Voor de editie van 2023 (met vertrek vanuit Bourg d'Oisans) werd de pas beklommen door Clavans, wat resulteerde in parcoursen van respectievelijk 197 km en 5.200 m hoogte en 209 km en 5.252 m.<\/p>\n\n\n\n<h3 class=\"wp-block-heading\">Profiel<\/h3>\n\n\n\n<p class=\"has-medium-font-size\">Er zijn veel profielen op internet.<\/p>\n\n\n\n<p class=\"has-medium-font-size\">De OpenRunner : <\/p>\n\n\n<div class=\"wp-block-image\">\n<figure class=\"aligncenter size-full is-resized\"><img loading=\"lazy\" decoding=\"async\" width=\"714\" height=\"392\" src=\"https:\/\/centcols.org\/wp-content\/uploads\/2025\/05\/Sarenne-profil.jpg\" alt=\"\" class=\"wp-image-82532\" style=\"width:600px\"\/><\/figure>\n<\/div>\n\n\n<p class=\"has-medium-font-size\">En tot slot een paar beelden van de Col de Sarenne:&nbsp;<a href=\"https:\/\/photos.google.com\/share\/AF1QipNgFj3CbUHXB9IeA15SMnq4vtJaSNNNqcbzBxB4_30Yv5cFVuIh4S_rIelO3cb96w?key=UjJmcFRkQTdSbE02ZUJScGVwdnB4NmEwdlRUTHlR\" target=\"_blank\" rel=\"noreferrer noopener\">COL DE SARENNE 1999 of 2009<\/a><\/p>\n\n\n\n<p class=\"has-text-align-right\"><em><em>Een artikel door G\u00e9rard Galland<\/em><\/em><br><em><em>en Bernard Giraudeau (voor het geologiegedeelte)<\/em><\/em><\/p>","protected":false},"excerpt":{"rendered":"<p>Altitude Le col de Sarenne (FR-38-1999), alors plus ou moins de 2000 m ? Apr\u00e8s un long d\u00e9bat il semble bien que le col de Sarenne ait \u00e9chou\u00e9 \u00e0 l\u2019examen de passage dans la cat\u00e9gorie des plus de 2000 m. Il manque un m\u00e8tre (et monter son v\u00e9lo d&rsquo;un m\u00e8tre comme sur la photo ne [&hellip;]<\/p>\n","protected":false},"author":3,"featured_media":82522,"comment_status":"closed","ping_status":"closed","sticky":false,"template":"","format":"standard","meta":{"_acf_changed":false,"footnotes":""},"categories":[308],"tags":[],"class_list":["post-82521","post","type-post","status-publish","format-standard","has-post-thumbnail","hentry","category-cols-en-vrac"],"acf":[],"yoast_head":"<!-- This site is optimized with the Yoast SEO plugin v27.2 - https:\/\/yoast.com\/product\/yoast-seo-wordpress\/ -->\n<title>Le col de Sarenne - Club des Cent Cols<\/title>\n<meta name=\"robots\" content=\"index, follow, max-snippet:-1, max-image-preview:large, max-video-preview:-1\" \/>\n<link rel=\"canonical\" href=\"https:\/\/centcols.org\/nl\/de-sarenne-pas\/\" \/>\n<meta property=\"og:locale\" content=\"nl_BE\" \/>\n<meta property=\"og:type\" content=\"article\" \/>\n<meta property=\"og:title\" content=\"Le col de Sarenne - Club des Cent Cols\" \/>\n<meta property=\"og:description\" content=\"Altitude Le col de Sarenne (FR-38-1999), alors plus ou moins de 2000 m ? Apr\u00e8s un long d\u00e9bat il semble bien que le col de Sarenne ait \u00e9chou\u00e9 \u00e0 l\u2019examen de passage dans la cat\u00e9gorie des plus de 2000 m. Il manque un m\u00e8tre (et monter son v\u00e9lo d&rsquo;un m\u00e8tre comme sur la photo ne [&hellip;]\" \/>\n<meta property=\"og:url\" content=\"https:\/\/centcols.org\/nl\/de-sarenne-pas\/\" \/>\n<meta property=\"og:site_name\" content=\"Club des Cent Cols\" \/>\n<meta property=\"article:publisher\" content=\"https:\/\/www.facebook.com\/groups\/5261880558\/?locale=fr_FR\" \/>\n<meta property=\"article:published_time\" content=\"2023-07-28T13:57:54+00:00\" \/>\n<meta property=\"article:modified_time\" content=\"2025-10-20T18:09:58+00:00\" \/>\n<meta property=\"og:image\" content=\"https:\/\/centcols.org\/wp-content\/uploads\/2025\/05\/Col_de_Sarenne_090918.jpg\" \/>\n\t<meta property=\"og:image:width\" content=\"1200\" \/>\n\t<meta property=\"og:image:height\" content=\"800\" \/>\n\t<meta property=\"og:image:type\" content=\"image\/jpeg\" \/>\n<meta name=\"author\" content=\"Webmestre\" \/>\n<meta name=\"twitter:card\" content=\"summary_large_image\" \/>\n<meta name=\"twitter:label1\" content=\"Geschreven door\" \/>\n\t<meta name=\"twitter:data1\" content=\"Webmestre\" \/>\n\t<meta name=\"twitter:label2\" content=\"Geschatte leestijd\" \/>\n\t<meta name=\"twitter:data2\" content=\"12 minuten\" \/>\n<script type=\"application\/ld+json\" class=\"yoast-schema-graph\">{\"@context\":\"https:\/\/schema.org\",\"@graph\":[{\"@type\":\"Article\",\"@id\":\"https:\/\/centcols.org\/le-col-de-sarenne\/#article\",\"isPartOf\":{\"@id\":\"https:\/\/centcols.org\/le-col-de-sarenne\/\"},\"author\":{\"name\":\"Webmestre\",\"@id\":\"https:\/\/centcols.org\/#\/schema\/person\/911b404fb133d8c913dd27cdcf71c8e5\"},\"headline\":\"Le col de Sarenne\",\"datePublished\":\"2023-07-28T13:57:54+00:00\",\"dateModified\":\"2025-10-20T18:09:58+00:00\",\"mainEntityOfPage\":{\"@id\":\"https:\/\/centcols.org\/le-col-de-sarenne\/\"},\"wordCount\":1911,\"publisher\":{\"@id\":\"https:\/\/centcols.org\/#organization\"},\"image\":{\"@id\":\"https:\/\/centcols.org\/le-col-de-sarenne\/#primaryimage\"},\"thumbnailUrl\":\"https:\/\/centcols.org\/wp-content\/uploads\/2025\/05\/Col_de_Sarenne_090918.jpg\",\"articleSection\":[\"Cols en vrac\"],\"inLanguage\":\"nl-BE\"},{\"@type\":\"WebPage\",\"@id\":\"https:\/\/centcols.org\/le-col-de-sarenne\/\",\"url\":\"https:\/\/centcols.org\/le-col-de-sarenne\/\",\"name\":\"Le col de Sarenne - Club des Cent Cols\",\"isPartOf\":{\"@id\":\"https:\/\/centcols.org\/#website\"},\"primaryImageOfPage\":{\"@id\":\"https:\/\/centcols.org\/le-col-de-sarenne\/#primaryimage\"},\"image\":{\"@id\":\"https:\/\/centcols.org\/le-col-de-sarenne\/#primaryimage\"},\"thumbnailUrl\":\"https:\/\/centcols.org\/wp-content\/uploads\/2025\/05\/Col_de_Sarenne_090918.jpg\",\"datePublished\":\"2023-07-28T13:57:54+00:00\",\"dateModified\":\"2025-10-20T18:09:58+00:00\",\"breadcrumb\":{\"@id\":\"https:\/\/centcols.org\/le-col-de-sarenne\/#breadcrumb\"},\"inLanguage\":\"nl-BE\",\"potentialAction\":[{\"@type\":\"ReadAction\",\"target\":[\"https:\/\/centcols.org\/le-col-de-sarenne\/\"]}]},{\"@type\":\"ImageObject\",\"inLanguage\":\"nl-BE\",\"@id\":\"https:\/\/centcols.org\/le-col-de-sarenne\/#primaryimage\",\"url\":\"https:\/\/centcols.org\/wp-content\/uploads\/2025\/05\/Col_de_Sarenne_090918.jpg\",\"contentUrl\":\"https:\/\/centcols.org\/wp-content\/uploads\/2025\/05\/Col_de_Sarenne_090918.jpg\",\"width\":1200,\"height\":800},{\"@type\":\"BreadcrumbList\",\"@id\":\"https:\/\/centcols.org\/le-col-de-sarenne\/#breadcrumb\",\"itemListElement\":[{\"@type\":\"ListItem\",\"position\":1,\"name\":\"Accueil\",\"item\":\"https:\/\/centcols.org\/\"},{\"@type\":\"ListItem\",\"position\":2,\"name\":\"Cols en vrac\",\"item\":\"https:\/\/centcols.org\/rubrique\/cols-en-vrac\/\"},{\"@type\":\"ListItem\",\"position\":3,\"name\":\"Le col de Sarenne\"}]},{\"@type\":\"WebSite\",\"@id\":\"https:\/\/centcols.org\/#website\",\"url\":\"https:\/\/centcols.org\/\",\"name\":\"Club des Cent Cols\",\"description\":\"\",\"publisher\":{\"@id\":\"https:\/\/centcols.org\/#organization\"},\"potentialAction\":[{\"@type\":\"SearchAction\",\"target\":{\"@type\":\"EntryPoint\",\"urlTemplate\":\"https:\/\/centcols.org\/?s={search_term_string}\"},\"query-input\":{\"@type\":\"PropertyValueSpecification\",\"valueRequired\":true,\"valueName\":\"search_term_string\"}}],\"inLanguage\":\"nl-BE\"},{\"@type\":\"Organization\",\"@id\":\"https:\/\/centcols.org\/#organization\",\"name\":\"Club des Cent Cols\",\"url\":\"https:\/\/centcols.org\/\",\"logo\":{\"@type\":\"ImageObject\",\"inLanguage\":\"nl-BE\",\"@id\":\"https:\/\/centcols.org\/#\/schema\/logo\/image\/\",\"url\":\"https:\/\/centcols.org\/wp-content\/uploads\/2025\/01\/carte-icone.png\",\"contentUrl\":\"https:\/\/centcols.org\/wp-content\/uploads\/2025\/01\/carte-icone.png\",\"width\":250,\"height\":250,\"caption\":\"Club des Cent Cols\"},\"image\":{\"@id\":\"https:\/\/centcols.org\/#\/schema\/logo\/image\/\"},\"sameAs\":[\"https:\/\/www.facebook.com\/groups\/5261880558\/?locale=fr_FR\"]},{\"@type\":\"Person\",\"@id\":\"https:\/\/centcols.org\/#\/schema\/person\/911b404fb133d8c913dd27cdcf71c8e5\",\"name\":\"Webmestre\",\"image\":{\"@type\":\"ImageObject\",\"inLanguage\":\"nl-BE\",\"@id\":\"https:\/\/centcols.org\/wp-content\/litespeed\/avatar\/2d246e4b6b4f773e08515e1ffc53690b.jpg?ver=1777222892\",\"url\":\"https:\/\/centcols.org\/wp-content\/litespeed\/avatar\/2d246e4b6b4f773e08515e1ffc53690b.jpg?ver=1777222892\",\"contentUrl\":\"https:\/\/centcols.org\/wp-content\/litespeed\/avatar\/2d246e4b6b4f773e08515e1ffc53690b.jpg?ver=1777222892\",\"caption\":\"Webmestre\"},\"url\":\"https:\/\/centcols.org\/nl\/author\/webmestre\/\"}]}<\/script>\n<!-- \/ Yoast SEO plugin. -->","yoast_head_json":{"title":"De Sarenne Pas - Club des Cent Cols","robots":{"index":"index","follow":"follow","max-snippet":"max-snippet:-1","max-image-preview":"max-image-preview:large","max-video-preview":"max-video-preview:-1"},"canonical":"https:\/\/centcols.org\/nl\/de-sarenne-pas\/","og_locale":"nl_BE","og_type":"article","og_title":"Le col de Sarenne - Club des Cent Cols","og_description":"Altitude Le col de Sarenne (FR-38-1999), alors plus ou moins de 2000 m ? Apr\u00e8s un long d\u00e9bat il semble bien que le col de Sarenne ait \u00e9chou\u00e9 \u00e0 l\u2019examen de passage dans la cat\u00e9gorie des plus de 2000 m. Il manque un m\u00e8tre (et monter son v\u00e9lo d&rsquo;un m\u00e8tre comme sur la photo ne [&hellip;]","og_url":"https:\/\/centcols.org\/nl\/de-sarenne-pas\/","og_site_name":"Club des Cent Cols","article_publisher":"https:\/\/www.facebook.com\/groups\/5261880558\/?locale=fr_FR","article_published_time":"2023-07-28T13:57:54+00:00","article_modified_time":"2025-10-20T18:09:58+00:00","og_image":[{"width":1200,"height":800,"url":"https:\/\/centcols.org\/wp-content\/uploads\/2025\/05\/Col_de_Sarenne_090918.jpg","type":"image\/jpeg"}],"author":"Webmestre","twitter_card":"summary_large_image","twitter_misc":{"Geschreven door":"Webmestre","Geschatte leestijd":"12 minuten"},"schema":{"@context":"https:\/\/schema.org","@graph":[{"@type":"Article","@id":"https:\/\/centcols.org\/le-col-de-sarenne\/#article","isPartOf":{"@id":"https:\/\/centcols.org\/le-col-de-sarenne\/"},"author":{"name":"Webmestre","@id":"https:\/\/centcols.org\/#\/schema\/person\/911b404fb133d8c913dd27cdcf71c8e5"},"headline":"Le col de Sarenne","datePublished":"2023-07-28T13:57:54+00:00","dateModified":"2025-10-20T18:09:58+00:00","mainEntityOfPage":{"@id":"https:\/\/centcols.org\/le-col-de-sarenne\/"},"wordCount":1911,"publisher":{"@id":"https:\/\/centcols.org\/#organization"},"image":{"@id":"https:\/\/centcols.org\/le-col-de-sarenne\/#primaryimage"},"thumbnailUrl":"https:\/\/centcols.org\/wp-content\/uploads\/2025\/05\/Col_de_Sarenne_090918.jpg","articleSection":["Cols en vrac"],"inLanguage":"nl-BE"},{"@type":"WebPage","@id":"https:\/\/centcols.org\/le-col-de-sarenne\/","url":"https:\/\/centcols.org\/le-col-de-sarenne\/","name":"De Sarenne Pas - Club des Cent Cols","isPartOf":{"@id":"https:\/\/centcols.org\/#website"},"primaryImageOfPage":{"@id":"https:\/\/centcols.org\/le-col-de-sarenne\/#primaryimage"},"image":{"@id":"https:\/\/centcols.org\/le-col-de-sarenne\/#primaryimage"},"thumbnailUrl":"https:\/\/centcols.org\/wp-content\/uploads\/2025\/05\/Col_de_Sarenne_090918.jpg","datePublished":"2023-07-28T13:57:54+00:00","dateModified":"2025-10-20T18:09:58+00:00","breadcrumb":{"@id":"https:\/\/centcols.org\/le-col-de-sarenne\/#breadcrumb"},"inLanguage":"nl-BE","potentialAction":[{"@type":"ReadAction","target":["https:\/\/centcols.org\/le-col-de-sarenne\/"]}]},{"@type":"ImageObject","inLanguage":"nl-BE","@id":"https:\/\/centcols.org\/le-col-de-sarenne\/#primaryimage","url":"https:\/\/centcols.org\/wp-content\/uploads\/2025\/05\/Col_de_Sarenne_090918.jpg","contentUrl":"https:\/\/centcols.org\/wp-content\/uploads\/2025\/05\/Col_de_Sarenne_090918.jpg","width":1200,"height":800},{"@type":"BreadcrumbList","@id":"https:\/\/centcols.org\/le-col-de-sarenne\/#breadcrumb","itemListElement":[{"@type":"ListItem","position":1,"name":"Accueil","item":"https:\/\/centcols.org\/"},{"@type":"ListItem","position":2,"name":"Cols en vrac","item":"https:\/\/centcols.org\/rubrique\/cols-en-vrac\/"},{"@type":"ListItem","position":3,"name":"Le col de Sarenne"}]},{"@type":"WebSite","@id":"https:\/\/centcols.org\/#website","url":"https:\/\/centcols.org\/","name":"Club van Cent Cols","description":"","publisher":{"@id":"https:\/\/centcols.org\/#organization"},"potentialAction":[{"@type":"SearchAction","target":{"@type":"EntryPoint","urlTemplate":"https:\/\/centcols.org\/?s={search_term_string}"},"query-input":{"@type":"PropertyValueSpecification","valueRequired":true,"valueName":"search_term_string"}}],"inLanguage":"nl-BE"},{"@type":"Organization","@id":"https:\/\/centcols.org\/#organization","name":"Club van Cent Cols","url":"https:\/\/centcols.org\/","logo":{"@type":"ImageObject","inLanguage":"nl-BE","@id":"https:\/\/centcols.org\/#\/schema\/logo\/image\/","url":"https:\/\/centcols.org\/wp-content\/uploads\/2025\/01\/carte-icone.png","contentUrl":"https:\/\/centcols.org\/wp-content\/uploads\/2025\/01\/carte-icone.png","width":250,"height":250,"caption":"Club des Cent Cols"},"image":{"@id":"https:\/\/centcols.org\/#\/schema\/logo\/image\/"},"sameAs":["https:\/\/www.facebook.com\/groups\/5261880558\/?locale=fr_FR"]},{"@type":"Person","@id":"https:\/\/centcols.org\/#\/schema\/person\/911b404fb133d8c913dd27cdcf71c8e5","name":"Webmaster","image":{"@type":"ImageObject","inLanguage":"nl-BE","@id":"https:\/\/centcols.org\/wp-content\/litespeed\/avatar\/2d246e4b6b4f773e08515e1ffc53690b.jpg?ver=1777222892","url":"https:\/\/centcols.org\/wp-content\/litespeed\/avatar\/2d246e4b6b4f773e08515e1ffc53690b.jpg?ver=1777222892","contentUrl":"https:\/\/centcols.org\/wp-content\/litespeed\/avatar\/2d246e4b6b4f773e08515e1ffc53690b.jpg?ver=1777222892","caption":"Webmestre"},"url":"https:\/\/centcols.org\/nl\/author\/webmestre\/"}]}},"_links":{"self":[{"href":"https:\/\/centcols.org\/nl\/wp-json\/wp\/v2\/posts\/82521","targetHints":{"allow":["GET"]}}],"collection":[{"href":"https:\/\/centcols.org\/nl\/wp-json\/wp\/v2\/posts"}],"about":[{"href":"https:\/\/centcols.org\/nl\/wp-json\/wp\/v2\/types\/post"}],"author":[{"embeddable":true,"href":"https:\/\/centcols.org\/nl\/wp-json\/wp\/v2\/users\/3"}],"replies":[{"embeddable":true,"href":"https:\/\/centcols.org\/nl\/wp-json\/wp\/v2\/comments?post=82521"}],"version-history":[{"count":0,"href":"https:\/\/centcols.org\/nl\/wp-json\/wp\/v2\/posts\/82521\/revisions"}],"wp:featuredmedia":[{"embeddable":true,"href":"https:\/\/centcols.org\/nl\/wp-json\/wp\/v2\/media\/82522"}],"wp:attachment":[{"href":"https:\/\/centcols.org\/nl\/wp-json\/wp\/v2\/media?parent=82521"}],"wp:term":[{"taxonomy":"category","embeddable":true,"href":"https:\/\/centcols.org\/nl\/wp-json\/wp\/v2\/categories?post=82521"},{"taxonomy":"post_tag","embeddable":true,"href":"https:\/\/centcols.org\/nl\/wp-json\/wp\/v2\/tags?post=82521"}],"curies":[{"name":"wp","href":"https:\/\/api.w.org\/{rel}","templated":true}]}}