{"id":82533,"date":"2023-08-04T13:51:24","date_gmt":"2023-08-04T11:51:24","guid":{"rendered":"https:\/\/centcols.org\/le-col-de-la-croix-de-fer\/"},"modified":"2025-10-20T19:51:35","modified_gmt":"2025-10-20T17:51:35","slug":"de-col-de-la-croix-de-fer","status":"publish","type":"post","link":"https:\/\/centcols.org\/nl\/le-col-de-la-croix-de-fer\/","title":{"rendered":"De Col de la Croix de Fer"},"content":{"rendered":"<h2 class=\"wp-block-heading\">Plaatsnaamkunde<\/h2>\n\n\n\n<p class=\"has-text-align-center has-medium-font-size\">Le <strong>De bergpas van Fer<\/strong> (<a href=\"https:\/\/centcols.org\/nl\/util\/geo\/visu.php\/?code=FR-73-2064a\">FR-73-2064a<\/a>) dankt zijn huidige naam aan het imposante ijzeren kruis op de top. <\/p>\n\n\n<div class=\"wp-block-image\">\n<figure class=\"aligncenter size-full is-resized\"><img loading=\"lazy\" decoding=\"async\" width=\"1024\" height=\"768\" src=\"https:\/\/centcols.org\/wp-content\/uploads\/2023\/08\/le-col-de-la-de-ferdominant-celui-du-Glandon-1024x768-11.jpg\" alt=\"\" class=\"wp-image-89761\" style=\"width:800px\" srcset=\"https:\/\/centcols.org\/wp-content\/uploads\/2023\/08\/le-col-de-la-de-ferdominant-celui-du-Glandon-1024x768-11.jpg 1024w, https:\/\/centcols.org\/wp-content\/uploads\/2023\/08\/le-col-de-la-de-ferdominant-celui-du-Glandon-1024x768-11-768x576.jpg 768w, https:\/\/centcols.org\/wp-content\/uploads\/2023\/08\/le-col-de-la-de-ferdominant-celui-du-Glandon-1024x768-11-16x12.jpg 16w\" sizes=\"auto, (max-width: 1024px) 100vw, 1024px\" \/><figcaption class=\"wp-element-caption\"><strong>Bij de Col de la Croix de Fer ga je iets verder naar links naar de Col du Glandon.<\/strong><\/figcaption><\/figure>\n<\/div>\n\n\n<p class=\"has-text-align-center has-medium-font-size\">Dit kruis is&nbsp;<a href=\"https:\/\/cyclotourisme-grenoble-ctg.org\/CTG\/vandalisme-a-la-croix-de-fer-un-23-decembre\/\" target=\"_blank\" rel=\"noreferrer noopener\">vernield in 2016<\/a>&nbsp;vervolgens herbouwd door de gemeente Saint-Sorlin d'Arves. <\/p>\n\n\n<div class=\"wp-block-image\">\n<figure class=\"aligncenter size-full\"><img loading=\"lazy\" decoding=\"async\" width=\"798\" height=\"531\" src=\"https:\/\/centcols.org\/wp-content\/uploads\/2023\/08\/Croix-de-fer21.jpg\" alt=\"\" class=\"wp-image-89762\" srcset=\"https:\/\/centcols.org\/wp-content\/uploads\/2023\/08\/Croix-de-fer21.jpg 798w, https:\/\/centcols.org\/wp-content\/uploads\/2023\/08\/Croix-de-fer21-768x511.jpg 768w, https:\/\/centcols.org\/wp-content\/uploads\/2023\/08\/Croix-de-fer21-18x12.jpg 18w\" sizes=\"auto, (max-width: 798px) 100vw, 798px\" \/><figcaption class=\"wp-element-caption\"><strong>La Croix de Fer vernield - Image Dauphin\u00e9 Lib\u00e9r\u00e9 - 15 januari 2017<\/strong><\/figcaption><\/figure>\n<\/div>\n\n\n<p class=\"has-medium-font-size\">Vroeger heette de pas&nbsp;<strong>Kol d'Olle<\/strong>. De bron van de gelijknamige torrent is vlakbij.<\/p>\n\n\n\n<h2 class=\"wp-block-heading\">Geografische locatie<\/h2>\n\n\n\n<h3 class=\"wp-block-heading\">Massieven<\/h3>\n\n\n\n<p class=\"has-medium-font-size\">De pas ligt op de grens tussen de Alpenmassieven van de&nbsp;<a href=\"https:\/\/fr.wikipedia.org\/wiki\/Grandes_Rousses\" target=\"_blank\" rel=\"noopener\" title=\"\">Grandes Rousses<\/a> (in het zuiden), de&nbsp;<a href=\"https:\/\/fr.wikipedia.org\/wiki\/Massif_des_Arves\" target=\"_blank\" rel=\"noopener\" title=\"\">Arves<\/a> (in het oosten) en de <a href=\"https:\/\/fr.wikipedia.org\/wiki\/Cha%C3%AEne_de_Belledonne\" target=\"_blank\" rel=\"noopener\" title=\"\">Belledonne-gebergte<\/a> (verder naar het westen).&nbsp;&nbsp;<\/p>\n\n\n\n<h3 class=\"wp-block-heading\">Geologie<\/h3>\n\n\n\n<p class=\"has-medium-font-size\">De Col du Glandon en de Col de la Croix de Fer liggen geografisch gezien erg dicht bij elkaar, op minder dan 3 km van elkaar.<\/p>\n\n\n<div class=\"wp-block-image is-resized\">\n<figure class=\"aligncenter size-full\"><img loading=\"lazy\" decoding=\"async\" width=\"987\" height=\"414\" src=\"https:\/\/centcols.org\/wp-content\/uploads\/2025\/05\/Glandon-photo.jpg\" alt=\"\" class=\"wp-image-82512\" style=\"width:800px\" srcset=\"https:\/\/centcols.org\/wp-content\/uploads\/2025\/05\/Glandon-photo.jpg 987w, https:\/\/centcols.org\/wp-content\/uploads\/2025\/05\/Glandon-photo-768x322.jpg 768w\" sizes=\"auto, (max-width: 987px) 100vw, 987px\" \/><\/figure>\n<\/div>\n\n\n<p class=\"has-medium-font-size\">De Col de la Croix-de-Fer maakt geologisch gezien deel uit van het massief van de&nbsp;<a href=\"https:\/\/fr.wikipedia.org\/wiki\/Grandes_Rousses\" target=\"_blank\" rel=\"noopener\" title=\"\">Grandes Rousses<\/a>. Dit maakt deel uit van de uitgestrekte kristallijne regio die de Mercantour, Les \u00c9crins, Oisans, Belledonne en Mont-Blanc massieven omvat. <\/p>\n\n\n\n<p class=\"has-medium-font-size\">De rotsen waaruit de pas bestaat zijn vulkanische tufstenen van een vulkaanuitbarsting uit het Carboon (ongeveer 300 miljoen jaar geleden), het resultaat van de botsing van tektonische platen tijdens de oprijzing van de Alpen. Het is ook mogelijk om \u00abroche moutonn\u00e9es\u00ab of \u00bbwalvisrotsen\" te zien. Dit zijn uitstekende rotsen die de littekens dragen van een gletsjer die over hun oppervlak heeft geschuurd en ze heeft gestript en gepolijst.<\/p>\n\n\n\n<p class=\"has-medium-font-size\">Ge\u00efnteresseerde lezers worden verwezen naar het uitgebreide artikel van&nbsp;<a href=\"http:\/\/www.geol-alp.com\/h_maurienne\/_lieux_maurienne_Sud\/Ouillon.html\" target=\"_blank\" rel=\"noopener\" title=\"\">geol-alp.com<\/a>&nbsp;<\/p>\n\n\n\n<h3 class=\"wp-block-heading\">Hydrografie<\/h3>\n\n\n\n<p class=\"has-medium-font-size\"><strong>Westkant (Is\u00e8re-kant)<\/strong>&nbsp;De vallei van Eau d'Olle. <br>L'eau d'Olle is een zijrivier van de Romanche, die ontspringt bij de Col de la Croix de Fer.<\/p>\n\n\n\n<p class=\"has-medium-font-size\"><strong>Oost- en noordhellingen (kant Savoie) : <\/strong>de Arvan-vallei.<br>Het staat ook bekend als de Vall\u00e9e des Arves. <br>De Arvan is een zijrivier van de Arc bij Saint Jean de Maurienne.<\/p>\n\n\n\n<p class=\"has-medium-font-size\">Beide hellingen maken deel uit van de <strong>Stroomgebied van de Is\u00e8re<\/strong>.<\/p>\n\n\n\n<h3 class=\"wp-block-heading\">Toegang<\/h3>\n\n\n\n<p class=\"has-medium-font-size\"><strong>Is\u00e8re zijde<\/strong><\/p>\n\n\n\n<p class=\"has-medium-font-size\">Toegang wordt gedeeld met de Col du Glandon tot aan de kruising D926 \/ D927 (hoogte 1907 m), 200 m van de Col du Glandon en 2,7 km van de Col de la Croix de Fer.<\/p>\n\n\n\n<p class=\"has-medium-font-size\">De D526 verlaat Rochetaill\u00e9e (32,5 km, hoogte 711 m), doorkruist Allemond (30 km), passeert de stuwdam van Verneys en loopt langs het meer (linkeroever), steekt de Rivier d'Allemond over (18 km, hoogte 1264 m), nabij de stuwdam van Grand'Maison (9 km, hoogte 1720 m) en loopt langs het meer op de rechteroever. De weg gaat over in de D926 wanneer deze de Rieu Claret oversteekt (op 4 km afstand, op de grens tussen Is\u00e8re en Savoie, hoogte 1773 m) voordat deze samenkomt met de D927 richting de Col de la Croix de Fer.<\/p>\n\n\n<div class=\"wp-block-image is-resized\">\n<figure class=\"aligncenter size-full\"><img loading=\"lazy\" decoding=\"async\" width=\"964\" height=\"822\" src=\"https:\/\/centcols.org\/wp-content\/uploads\/2025\/05\/Glandon-carte.jpg\" alt=\"\" class=\"wp-image-82515\" style=\"width:800px\" srcset=\"https:\/\/centcols.org\/wp-content\/uploads\/2025\/05\/Glandon-carte.jpg 964w, https:\/\/centcols.org\/wp-content\/uploads\/2025\/05\/Glandon-carte-768x655.jpg 768w\" sizes=\"auto, (max-width: 964px) 100vw, 964px\" \/><\/figure>\n<\/div>\n\n\n<p class=\"has-medium-font-size\"><strong>Savoie kant<\/strong><\/p>\n\n\n\n<p class=\"has-medium-font-size\">Van <strong>Saint Jean de Maurienne<\/strong> (op 29 km - hoogte 570 m), <strong>via de D926&nbsp;<\/strong>Pont de Belleville (op 14 km - hoogte 1228 m), Saint Sorlin d'Arves (op 10 km - 1400 m).<\/p>\n\n\n\n<p class=\"has-medium-font-size\"><em>Drie tunnels (96, 178 en 503 m - goed verlicht) gelegen tussen 17,5 en 16 km van de top van de co<\/em>l.<\/p>\n\n\n\n<p class=\"has-medium-font-size\"><strong>Via de Glandonpas<\/strong>, de <strong>D927<\/strong> geeft toegang tot de Col du Glandon (<a href=\"https:\/\/centcols.org\/nl\/util\/geo\/visu.php\/?code=FR-73-1924\">FR-73-1924<\/a>) vanaf de Maurienne (Saint-Etienne de Cuines op 21 km - hoogte 450 m) via Saint-Colomban-des-Villards (op 10 km van de pas - hoogte 1100 m).<\/p>\n\n\n\n<p class=\"has-medium-font-size\">Neem vanaf de Col du Glandon de korte afdaling (200m) naar de kruising (hoogte 1907m) met de D926 van Allemont en het Lac de Grand'Maison. De Col de la Croix de Fer ligt dan op 2,7 km afstand.<\/p>\n\n\n\n<h2 class=\"wp-block-heading\">Wijziging van toegang<\/h2>\n\n\n\n<h4 class=\"wp-block-heading has-medium-font-size\"><strong>Is\u00e8re zijde<\/strong><\/h4>\n\n\n\n<p class=\"has-medium-font-size\">De weg werd voor het eerst aangelegd naar de Col du Glandon in 1898. De verlenging naar de Col de la Croix de Fer werd ingehuldigd op 14 juli 1912.<\/p>\n\n\n\n<p>Aan het einde van de XX<sup>th<\/sup>&nbsp;eeuw twee veranderingen:<\/p>\n\n\n\n<ul class=\"wp-block-list\">\n<li>De route werd gewijzigd met de bouw van de&nbsp;<a href=\"https:\/\/fr.wikipedia.org\/wiki\/Barrage_de_Grand%27Maison\" target=\"_blank\" rel=\"noreferrer noopener\">Stuwdam Grand-Maison<\/a>&nbsp;van 1978 tot 1985. De weg hangt iets over het meer (ongeveer vijftig meter) voordat hij licht afdaalt naar de Eau d'Olle.<\/li>\n\n\n\n<li>Op 23 april 1989 werd een&nbsp;<a href=\"http:\/\/www.irma-grenoble.com\/04risques_isere\/00commune_evenements_fiche.php?id_evenements=771\" target=\"_blank\" rel=\"noreferrer noopener\">Aardverschuiving van Pic Bunard&nbsp;<\/a>&nbsp;(300 tot 400 m<sup>3<\/sup>&nbsp;van rotsen) heeft de weg (rechteroever van de Eau d'Olle) boven de Rivier d'Allemond bij de waterval van Maupas weggevaagd. De weg werd opnieuw aangelegd op de linkeroever over 2 km, met een afdaling (62 m in 600 m) om de bergstroom over te steken en vervolgens een vrij steile klim (11% voor de eerste kilometer). De oude weg is nog steeds te zien langs de rechteroever van de berg.&nbsp;<em>(Het was een jaar met Marmotte en BRA.  Een nieuwe weg werd aangelegd in 2 maanden! Een wonder van een beslissing).<\/em><\/li>\n<\/ul>\n\n\n<div class=\"wp-block-image is-resized\">\n<figure class=\"aligncenter size-full\"><img loading=\"lazy\" decoding=\"async\" width=\"992\" height=\"744\" src=\"https:\/\/centcols.org\/wp-content\/uploads\/2025\/05\/EBOULEMENT-MAUPAS.jpg\" alt=\"\" class=\"wp-image-82516\" style=\"width:800px\" srcset=\"https:\/\/centcols.org\/wp-content\/uploads\/2025\/05\/EBOULEMENT-MAUPAS.jpg 992w, https:\/\/centcols.org\/wp-content\/uploads\/2025\/05\/EBOULEMENT-MAUPAS-768x576.jpg 768w\" sizes=\"auto, (max-width: 992px) 100vw, 992px\" \/><figcaption class=\"wp-element-caption\"><strong><em>De aardverschuiving van 1989 vanaf de Pic Bunard; rechtsonder de nieuwe weg die langs de linkeroever van de Eau D'Olle naar de Col du Glandon loopt.&nbsp;<\/em><br><em>Boven rechts, de Rissou berg, met uitzicht op de Maupas kloof.<\/em><\/strong><em>&nbsp; <a href=\"http:\/\/forayrandobrie.free.fr\/Belledonne\/Belledonne1314\/index_fichiers\/Page1126.htm\" target=\"_blank\" rel=\"noopener\" title=\"\">Bron : forayrandobrie.free.fr\/Belledonne<\/a><\/em><\/figcaption><\/figure>\n<\/div>\n\n\n<p class=\"has-medium-font-size\"><strong>Savoie kant<\/strong><\/p>\n\n\n\n<p class=\"has-medium-font-size\">Eeuwenlang leidde alleen een muilezelpad naar de pas.<br>&nbsp;Het werd in 1900 omgevormd tot een weg van Saint-Sorlin-d'Arves naar de Col (en vervolgens uitgebreid naar de Col du Glandon in 1912). &nbsp;<\/p>\n\n\n\n<h2 class=\"wp-block-heading\">Wat te zien - toerisme\u00a0<\/h2>\n\n\n\n<h4 class=\"wp-block-heading has-medium-font-size\"><br>Is\u00e8re zijde (gedeeld met Col du Glandon)<\/h4>\n\n\n\n<p class=\"has-medium-font-size\">La <strong><a href=\"https:\/\/france3-regions.francetvinfo.fr\/auvergne-rhone-alpes\/isere\/video-immersion-a-la-centrale-hydroelectrique-de-grand-maison-en-isere-la-plus-puissante-d-europe-2274700.html\" target=\"_blank\" rel=\"noopener\" title=\"\">Centrale Grand'Maison<\/a><\/strong> is een PETS (Pumped Energy Transfer Station). <\/p>\n\n\n\n<p class=\"has-medium-font-size\">Een hogere beperking (<strong>Grand'Maison meer<\/strong>, (1.695 m) is via pijpen verbonden met een lager bassin, de <strong>Stuwmeer van Le Verney,<\/strong> 900 m onder het niveau van de centrale <strong>(Lac du Verney<\/strong>, 725 m, 15 miljoen m\u00b3 water). Tijdens perioden van hoog verbruik turbines de krachtcentrale water uit het bovenste reservoir. Het water stroomt dan naar het lager gelegen reservoir. Tijdens dalperiodes, voornamelijk 's nachts en in het weekend, wordt het water uit het lager gelegen reservoir naar het hoger gelegen reservoir gepompt.<\/p>\n\n\n\n<p class=\"has-medium-font-size\">Op deze manier kan het systeem energie opslaan en snel reageren op pieken in de vraag. <\/p>\n\n\n\n<p class=\"has-medium-font-size\">Het is de krachtigste stuwdam in Europa en produceert het equivalent van 2 kernreactoren van de oude generatie.<\/p>\n\n\n<div class=\"wp-block-image\">\n<figure class=\"aligncenter size-full is-resized\"><img loading=\"lazy\" decoding=\"async\" width=\"1200\" height=\"680\" src=\"https:\/\/centcols.org\/wp-content\/uploads\/2025\/05\/Glandon-Gd-Maison.jpg\" alt=\"\" class=\"wp-image-82517\" style=\"width:800px\" srcset=\"https:\/\/centcols.org\/wp-content\/uploads\/2025\/05\/Glandon-Gd-Maison.jpg 1200w, https:\/\/centcols.org\/wp-content\/uploads\/2025\/05\/Glandon-Gd-Maison-768x435.jpg 768w\" sizes=\"auto, (max-width: 1200px) 100vw, 1200px\" \/><\/figure>\n<\/div>\n\n\n<p class=\"has-medium-font-size\">Le <strong><a href=\"https:\/\/www.edf.fr\/groupe-edf\/agir-en-entreprise-responsable\/fondation-et-mecenat-patrimoine-sport\/site-emblematique-grandmaison-hydrelec\/hydrelec-un-musee-dedie-a-lhydroelectricite\" target=\"_blank\" rel=\"noopener\" title=\"\">EDF Hydr\u00e9lec Museum<\/a><\/strong> tussen de weg en het Lac du Verney is bekroond met de&nbsp;<em>Museum van Frankrijk<\/em>&nbsp;en presenteert unieke collecties uit het Alpengebied van de 19e eeuw tot nu.<sup>e<\/sup>&nbsp;eeuw en xx<sup>e<\/sup>&nbsp;eeuw. Een scenografische tour brengt hulde aan de wetenschappers, ingenieurs, technici en arbeiders die betrokken waren bij het cre\u00ebren van waterkrachtcentrales en dammen.<\/p>\n\n\n\n<h4 class=\"wp-block-heading has-medium-font-size\">Savoie kant<\/h4>\n\n\n\n<div class=\"wp-block-media-text is-stacked-on-mobile\" style=\"grid-template-columns:21% auto\"><figure class=\"wp-block-media-text__media\"><img loading=\"lazy\" decoding=\"async\" width=\"308\" height=\"600\" src=\"https:\/\/centcols.org\/wp-content\/uploads\/2023\/08\/Statue2-11.jpg\" alt=\"\" class=\"wp-image-83290 size-full\" srcset=\"https:\/\/centcols.org\/wp-content\/uploads\/2023\/08\/Statue2-11.jpg 308w, https:\/\/centcols.org\/wp-content\/uploads\/2023\/08\/Statue2-11-6x12.jpg 6w\" sizes=\"auto, (max-width: 308px) 100vw, 308px\" \/><\/figure><div class=\"wp-block-media-text__content\">\n<p>Bezoek <strong>Carrefour d'Entraigues<\/strong>, Op 12,5 km van de pas kun je het houten beeld van de gids Guille bewonderen, een inwoner van Entraigues en een pionier in de verovering van de Aiguilles d'Arves en de \u00c9tendard).<\/p>\n\n\n\n<p>A <strong>Saint Sorlin d'Arves<\/strong>&nbsp;: l<a href=\"https:\/\/fr.wikipedia.org\/wiki\/%C3%89glise_Saint-Saturnin_de_Saint-Sorlin-d%27Arves\">\u2018<strong>Kerk Saint-Saturnin<\/strong><\/a><strong> (<\/strong>gebouwd in 1603)<\/p>\n<\/div><\/div>\n\n\n\n<h4 class=\"wp-block-heading has-medium-font-size\">Op de pas<\/h4>\n\n\n\n<p class=\"has-medium-font-size\">Twee ori\u00ebntatietafels:<\/p>\n\n\n\n<ul class=\"wp-block-list\">\n<li>Een aan de oostkant van de pas, met uitzicht op de vallei van de Arvan en de bergen van de Aiguilles d'Arves.<\/li>\n\n\n\n<li>De andere naar het westen, kijkend naar de bovenloop van de Eau d'Olle, de Col du Glandon en de bergketen van Belledonne.<\/li>\n<\/ul>\n\n\n\n<h4 class=\"wp-block-heading has-medium-font-size\">Boven de kraag<\/h4>\n\n\n\n<p class=\"has-medium-font-size\"><a href=\"https:\/\/www.saintsorlindarves.com\/incontournables-pour-les-familles\/circuit-des-trois-lacs-vers-le-pied-du-glacier\" target=\"_blank\" rel=\"noopener\" title=\"\">Drie meren circuit<\/a> naar de \u00c9tendard vluchthaven, Lac Bramant en Lac Blanc<\/p>\n\n\n\n<h2 class=\"wp-block-heading\">Administratieve status<\/h2>\n\n\n\n<h3 class=\"wp-block-heading\">Momenteel<\/h3>\n\n\n\n<p class=\"has-medium-font-size\">Beide zijden van de pas liggen in het departement Savoie (Commune de <a href=\"https:\/\/fr.wikipedia.org\/wiki\/Saint-Sorlin-d%27Arves\" target=\"_blank\" rel=\"noopener\" title=\"\"><\/a><a href=\"https:\/\/fr.wikipedia.org\/wiki\/Saint-Sorlin-d%27Arves\">Saint-Sorlin-d'Arves<\/a>.<\/p>\n\n\n\n<p class=\"has-medium-font-size\">De grens tussen Is\u00e8re en Savoie ligt aan de kant van de Is\u00e8re bij de Pont du Rieu Claret (1730 m), op 6,3 km van de pas.<\/p>\n\n\n\n<h3 class=\"wp-block-heading\">Geschiedenis<\/h3>\n\n\n\n<p class=\"has-medium-font-size\">Waarom ligt de grens van Is\u00e8re \/ Savoie niet op het Arc \/ Is\u00e8re LPE?&nbsp;<em>(d.w.z. de passen Croix de Fer en Glandon)<\/em><\/p>\n\n\n\n<p class=\"has-medium-font-size\"><strong>Volgens&nbsp;<a href=\"https:\/\/www.oisans.com\/decouvrir\/les-incontournables\/col-glandon-col-de-croix-de-fer\/\" target=\"_blank\" rel=\"noopener\" title=\"\">\u00aboisans.com\u00bb<\/a><\/strong><\/p>\n\n\n\n<p class=\"has-medium-font-size\">Tot 1860 markeerde de Sabot-pas de grens tussen Frankrijk en Savoie. Vaujany, op de route des cols, was toen uitgerust met een&nbsp;<strong>grenskantoor<\/strong>&nbsp;om de provincie Dauphin\u00e9 te beschermen. ... \/ ... Waar het stuwmeer van Grand'Maison zich nu uitstrekt,&nbsp;<strong>in het verleden werden uitgestrekte alpenweiden gedeeld door de Fransen en de Savoyards<\/strong>. Het Grand'Maison was een groot gebouw dat werd gebruikt om herders te huisvesten. Informatie ingevuld door&nbsp;<strong>\u00ab&nbsp;<a href=\"https:\/\/www.isere-tourisme.com\/patrimoine-naturel\/au-col-du-sabot-2100-m\" target=\"_blank\" rel=\"noopener\" title=\"\">Is\u00e8re-Toerisme&nbsp;<\/a>\u00bb&nbsp;<\/strong>Achter de Col du Sabot was een grenspost, waarvan sommige ru\u00efnes nog steeds bestaan.&nbsp;<\/p>\n\n\n\n<p class=\"has-medium-font-size\"><strong>ChatGPT vult deze informatie aan<\/strong> (zonder bronnen te noemen):<\/p>\n\n\n\n<p class=\"has-medium-font-size\">\u00abDe regio rond de passen van Croix de Fer en Glandon is een gebied van bergweiden waar Savoyaardse en Dauphinese boeren eeuwenlang landbouw hebben bedreven. De bewoners aan beide zijden van de berg hadden een nauwe band en deelden vaak weiden en landbouwgrond.<\/p>\n\n\n\n<p class=\"has-medium-font-size\">Toen de grens werd vastgesteld als onderdeel van het Verdrag van Turijn in 1860, was het belangrijk om de verstoring voor de lokale bevolking tot een minimum te beperken. Door de grens vast te leggen op de Rieu Claret, een duidelijk herkenbare waterloop, konden de traditionele gebruiksrechten van de boeren aan beide zijden van de grens worden gehandhaafd\u00bb.\u00bb<\/p>\n\n\n\n<h2 class=\"wp-block-heading\">Fietsen en fietstoerisme<\/h2>\n\n\n\n<h3 class=\"wp-block-heading\">Tour de France<\/h3>\n\n\n\n<p class=\"has-medium-font-size\">De Tour de France beklom deze pas voor het eerst in 1947.<\/p>\n\n\n\n<h3 class=\"wp-block-heading\">Crit\u00e9rium van de Dauphin\u00e9<\/h3>\n\n\n\n<p class=\"has-medium-font-size\">De pas stond op het programma voor de edities van 2008, 2009 en 2011. Het was de finish van de 7e<sup>e<\/sup>&nbsp;etappe van het Crit\u00e9rium du Dauphin\u00e9 2023 gewonnen door Jonas Vingegaard, die daarmee zijn overwinning in deze editie veiligstelde. <\/p>\n\n\n\n<p class=\"has-medium-font-size\">Het is de hoogste finish in de geschiedenis van het Crit\u00e9rium du Dauphin\u00e9.<\/p>\n\n\n\n<h3 class=\"wp-block-heading\">BRA<\/h3>\n\n\n\n<p class=\"has-medium-font-size\"><a href=\"https:\/\/cyclotourisme-grenoble-ctg.org\/bra\/un-peu-dhistoire-et-de-geographie-au-sujet-des-cols-du-bra-2023\/\" target=\"_blank\" rel=\"noopener\" title=\"\">De ARO<\/a> gebruikt de Col de la Croix de Fer al sinds de oprichting in 1936.<\/p>\n\n\n\n<ul class=\"wp-block-list\">\n<li>Aan de kant van de Savoie van 1936 tot 1945<\/li>\n\n\n\n<li>Afwisselend tussen Is\u00e8re en Savoie na 1945<\/li>\n\n\n\n<li>Aan de kant van de Is\u00e8re sinds 2015<\/li>\n<\/ul>\n\n\n\n<h3 class=\"wp-block-heading\">Marmot<\/h3>\n\n\n\n<p class=\"has-medium-font-size\">Vanaf het begin in 1982 tot 1999 werd de cyclosportieve wedstrijd \u00abLa Marmotte\u00bb verreden over de Col de La Croix de Fer, voordat hij werd verreden naar de Col du Glandon.<\/p>\n\n\n\n<p class=\"has-medium-font-size\">In 2023 stond de Glandon niet meer op het programma en werd de route uitgebreid met de Col de la Croix de Fer (en de Col du Mollard).<\/p>\n\n\n\n<h3 class=\"wp-block-heading\">Profiel<\/h3>\n\n\n\n<p class=\"has-medium-font-size\">Er zijn veel profielen van de Col de la Croix de Fer op internet te vinden. De percentages die worden gegeven vari\u00ebren nogal.<\/p>\n\n\n\n<p class=\"has-medium-font-size\">De beste manier om dit te doen is om je route uit te zetten op Openrunner en te klikken op \u00abzie hoogtemeterprofiel\u00bb, zoals hier tussen Allemond (Is\u00e8re) en Saint-Jean-de-Maurienne (Savoie):<\/p>\n\n\n<div class=\"wp-block-image\">\n<figure class=\"aligncenter size-full\"><img loading=\"lazy\" decoding=\"async\" width=\"1200\" height=\"320\" src=\"https:\/\/centcols.org\/wp-content\/uploads\/2023\/08\/Col-de-la-Croix-de-Fer-1200x3201-1.jpeg\" alt=\"\" class=\"wp-image-89764\" srcset=\"https:\/\/centcols.org\/wp-content\/uploads\/2023\/08\/Col-de-la-Croix-de-Fer-1200x3201-1.jpeg 1200w, https:\/\/centcols.org\/wp-content\/uploads\/2023\/08\/Col-de-la-Croix-de-Fer-1200x3201-1-768x205.jpeg 768w, https:\/\/centcols.org\/wp-content\/uploads\/2023\/08\/Col-de-la-Croix-de-Fer-1200x3201-1-18x5.jpeg 18w\" sizes=\"auto, (max-width: 1200px) 100vw, 1200px\" \/><\/figure>\n<\/div>\n\n\n<p class=\"has-medium-font-size\">Een gedetailleerd profiel van de noordelijke helling toont de moeilijkheden die werden veroorzaakt door de aardverschuiving in 1989 en de nieuwe weg op de linkeroever van de Eau d'Olle (km 12).<\/p>\n\n\n<div class=\"wp-block-image\">\n<figure class=\"aligncenter size-full is-resized\"><img loading=\"lazy\" decoding=\"async\" width=\"1200\" height=\"675\" src=\"https:\/\/centcols.org\/wp-content\/uploads\/2023\/08\/Profil-Isere3-1200x6751-1.jpg\" alt=\"\" class=\"wp-image-89765\" style=\"width:800px\" srcset=\"https:\/\/centcols.org\/wp-content\/uploads\/2023\/08\/Profil-Isere3-1200x6751-1.jpg 1200w, https:\/\/centcols.org\/wp-content\/uploads\/2023\/08\/Profil-Isere3-1200x6751-1-768x432.jpg 768w, https:\/\/centcols.org\/wp-content\/uploads\/2023\/08\/Profil-Isere3-1200x6751-1-18x10.jpg 18w\" sizes=\"auto, (max-width: 1200px) 100vw, 1200px\" \/><\/figure>\n<\/div>\n\n\n<p class=\"has-medium-font-size\">En tot slot een paar beelden over de <a href=\"https:\/\/photos.google.com\/share\/AF1QipNUY8MWRR6tpN6-_6JnRAzdohNr0gCjlPkL_F4usBghZoTmF3xzs-fg8P3LImWI2Q?key=dDhoYW9vaXdNLXo0cURlaHdYMHE4YUxDS28wX3lR\" target=\"_blank\" rel=\"noopener\" title=\"\">Croix de Fer en du Glandon<\/a><\/p>\n\n\n\n<p class=\"has-text-align-right\"><em>Een artikel door G\u00e9rard Galland (en Bernard Giraudeau voor de afdeling geologie)<\/em><\/p>","protected":false},"excerpt":{"rendered":"<p>Toponymie Le Col de la Croix de Fer (FR-73-2064a) doit son nom actuel \u00e0 l\u2019imposante croix en fer qui tr\u00f4ne \u00e0 son sommet. Cette croix a \u00e9t\u00e9&nbsp;vandalis\u00e9e en 2016&nbsp;puis reconstruite par la commune de Saint-Sorlin d\u2019Arves. Autrefois, le col \u00e9tait appel\u00e9&nbsp;Col d\u2019Olle. La source du torrent&nbsp;\u00e9ponyme&nbsp;est d&rsquo;ailleurs toute proche. Situation g\u00e9ographique Massifs Le col se [&hellip;]<\/p>\n","protected":false},"author":3,"featured_media":83287,"comment_status":"closed","ping_status":"open","sticky":false,"template":"","format":"standard","meta":{"_acf_changed":false,"footnotes":""},"categories":[308],"tags":[],"class_list":["post-82533","post","type-post","status-publish","format-standard","has-post-thumbnail","hentry","category-cols-en-vrac"],"acf":[],"yoast_head":"<!-- This site is optimized with the Yoast SEO plugin v27.2 - https:\/\/yoast.com\/product\/yoast-seo-wordpress\/ -->\n<title>Le Col de la Croix de Fer - Club des Cent Cols<\/title>\n<meta name=\"robots\" content=\"index, follow, max-snippet:-1, max-image-preview:large, max-video-preview:-1\" \/>\n<link rel=\"canonical\" href=\"https:\/\/centcols.org\/nl\/de-col-de-la-croix-de-fer\/\" \/>\n<meta property=\"og:locale\" content=\"nl_BE\" \/>\n<meta property=\"og:type\" content=\"article\" \/>\n<meta property=\"og:title\" content=\"Le Col de la Croix de Fer - Club des Cent Cols\" \/>\n<meta property=\"og:description\" content=\"Toponymie Le Col de la Croix de Fer (FR-73-2064a) doit son nom actuel \u00e0 l\u2019imposante croix en fer qui tr\u00f4ne \u00e0 son sommet. Cette croix a \u00e9t\u00e9&nbsp;vandalis\u00e9e en 2016&nbsp;puis reconstruite par la commune de Saint-Sorlin d\u2019Arves. Autrefois, le col \u00e9tait appel\u00e9&nbsp;Col d\u2019Olle. La source du torrent&nbsp;\u00e9ponyme&nbsp;est d&rsquo;ailleurs toute proche. Situation g\u00e9ographique Massifs Le col se [&hellip;]\" \/>\n<meta property=\"og:url\" content=\"https:\/\/centcols.org\/nl\/de-col-de-la-croix-de-fer\/\" \/>\n<meta property=\"og:site_name\" content=\"Club des Cent Cols\" \/>\n<meta property=\"article:publisher\" content=\"https:\/\/www.facebook.com\/groups\/5261880558\/?locale=fr_FR\" \/>\n<meta property=\"article:published_time\" content=\"2023-08-04T11:51:24+00:00\" \/>\n<meta property=\"article:modified_time\" content=\"2025-10-20T17:51:35+00:00\" \/>\n<meta property=\"og:image\" content=\"https:\/\/centcols.org\/wp-content\/uploads\/2023\/08\/croixdefer.jpg\" \/>\n\t<meta property=\"og:image:width\" content=\"1024\" \/>\n\t<meta property=\"og:image:height\" content=\"576\" \/>\n\t<meta property=\"og:image:type\" content=\"image\/jpeg\" \/>\n<meta name=\"author\" content=\"Webmestre\" \/>\n<meta name=\"twitter:card\" content=\"summary_large_image\" \/>\n<meta name=\"twitter:label1\" content=\"Geschreven door\" \/>\n\t<meta name=\"twitter:data1\" content=\"Webmestre\" \/>\n\t<meta name=\"twitter:label2\" content=\"Geschatte leestijd\" \/>\n\t<meta name=\"twitter:data2\" content=\"11 minuten\" \/>\n<script type=\"application\/ld+json\" class=\"yoast-schema-graph\">{\"@context\":\"https:\/\/schema.org\",\"@graph\":[{\"@type\":\"Article\",\"@id\":\"https:\/\/centcols.org\/le-col-de-la-croix-de-fer\/#article\",\"isPartOf\":{\"@id\":\"https:\/\/centcols.org\/le-col-de-la-croix-de-fer\/\"},\"author\":{\"name\":\"Webmestre\",\"@id\":\"https:\/\/centcols.org\/#\/schema\/person\/911b404fb133d8c913dd27cdcf71c8e5\"},\"headline\":\"Le Col de la Croix de Fer\",\"datePublished\":\"2023-08-04T11:51:24+00:00\",\"dateModified\":\"2025-10-20T17:51:35+00:00\",\"mainEntityOfPage\":{\"@id\":\"https:\/\/centcols.org\/le-col-de-la-croix-de-fer\/\"},\"wordCount\":1877,\"publisher\":{\"@id\":\"https:\/\/centcols.org\/#organization\"},\"image\":{\"@id\":\"https:\/\/centcols.org\/le-col-de-la-croix-de-fer\/#primaryimage\"},\"thumbnailUrl\":\"https:\/\/centcols.org\/wp-content\/uploads\/2023\/08\/croixdefer.jpg\",\"articleSection\":[\"Cols en vrac\"],\"inLanguage\":\"nl-BE\"},{\"@type\":\"WebPage\",\"@id\":\"https:\/\/centcols.org\/le-col-de-la-croix-de-fer\/\",\"url\":\"https:\/\/centcols.org\/le-col-de-la-croix-de-fer\/\",\"name\":\"Le Col de la Croix de Fer - Club des Cent Cols\",\"isPartOf\":{\"@id\":\"https:\/\/centcols.org\/#website\"},\"primaryImageOfPage\":{\"@id\":\"https:\/\/centcols.org\/le-col-de-la-croix-de-fer\/#primaryimage\"},\"image\":{\"@id\":\"https:\/\/centcols.org\/le-col-de-la-croix-de-fer\/#primaryimage\"},\"thumbnailUrl\":\"https:\/\/centcols.org\/wp-content\/uploads\/2023\/08\/croixdefer.jpg\",\"datePublished\":\"2023-08-04T11:51:24+00:00\",\"dateModified\":\"2025-10-20T17:51:35+00:00\",\"breadcrumb\":{\"@id\":\"https:\/\/centcols.org\/le-col-de-la-croix-de-fer\/#breadcrumb\"},\"inLanguage\":\"nl-BE\",\"potentialAction\":[{\"@type\":\"ReadAction\",\"target\":[\"https:\/\/centcols.org\/le-col-de-la-croix-de-fer\/\"]}]},{\"@type\":\"ImageObject\",\"inLanguage\":\"nl-BE\",\"@id\":\"https:\/\/centcols.org\/le-col-de-la-croix-de-fer\/#primaryimage\",\"url\":\"https:\/\/centcols.org\/wp-content\/uploads\/2023\/08\/croixdefer.jpg\",\"contentUrl\":\"https:\/\/centcols.org\/wp-content\/uploads\/2023\/08\/croixdefer.jpg\",\"width\":1024,\"height\":576},{\"@type\":\"BreadcrumbList\",\"@id\":\"https:\/\/centcols.org\/le-col-de-la-croix-de-fer\/#breadcrumb\",\"itemListElement\":[{\"@type\":\"ListItem\",\"position\":1,\"name\":\"Accueil\",\"item\":\"https:\/\/centcols.org\/\"},{\"@type\":\"ListItem\",\"position\":2,\"name\":\"Cols en vrac\",\"item\":\"https:\/\/centcols.org\/rubrique\/cols-en-vrac\/\"},{\"@type\":\"ListItem\",\"position\":3,\"name\":\"Le Col de la Croix de Fer\"}]},{\"@type\":\"WebSite\",\"@id\":\"https:\/\/centcols.org\/#website\",\"url\":\"https:\/\/centcols.org\/\",\"name\":\"Club des Cent Cols\",\"description\":\"\",\"publisher\":{\"@id\":\"https:\/\/centcols.org\/#organization\"},\"potentialAction\":[{\"@type\":\"SearchAction\",\"target\":{\"@type\":\"EntryPoint\",\"urlTemplate\":\"https:\/\/centcols.org\/?s={search_term_string}\"},\"query-input\":{\"@type\":\"PropertyValueSpecification\",\"valueRequired\":true,\"valueName\":\"search_term_string\"}}],\"inLanguage\":\"nl-BE\"},{\"@type\":\"Organization\",\"@id\":\"https:\/\/centcols.org\/#organization\",\"name\":\"Club des Cent Cols\",\"url\":\"https:\/\/centcols.org\/\",\"logo\":{\"@type\":\"ImageObject\",\"inLanguage\":\"nl-BE\",\"@id\":\"https:\/\/centcols.org\/#\/schema\/logo\/image\/\",\"url\":\"https:\/\/centcols.org\/wp-content\/uploads\/2025\/01\/carte-icone.png\",\"contentUrl\":\"https:\/\/centcols.org\/wp-content\/uploads\/2025\/01\/carte-icone.png\",\"width\":250,\"height\":250,\"caption\":\"Club des Cent Cols\"},\"image\":{\"@id\":\"https:\/\/centcols.org\/#\/schema\/logo\/image\/\"},\"sameAs\":[\"https:\/\/www.facebook.com\/groups\/5261880558\/?locale=fr_FR\"]},{\"@type\":\"Person\",\"@id\":\"https:\/\/centcols.org\/#\/schema\/person\/911b404fb133d8c913dd27cdcf71c8e5\",\"name\":\"Webmestre\",\"image\":{\"@type\":\"ImageObject\",\"inLanguage\":\"nl-BE\",\"@id\":\"https:\/\/centcols.org\/wp-content\/litespeed\/avatar\/2d246e4b6b4f773e08515e1ffc53690b.jpg?ver=1777222892\",\"url\":\"https:\/\/centcols.org\/wp-content\/litespeed\/avatar\/2d246e4b6b4f773e08515e1ffc53690b.jpg?ver=1777222892\",\"contentUrl\":\"https:\/\/centcols.org\/wp-content\/litespeed\/avatar\/2d246e4b6b4f773e08515e1ffc53690b.jpg?ver=1777222892\",\"caption\":\"Webmestre\"},\"url\":\"https:\/\/centcols.org\/nl\/author\/webmestre\/\"}]}<\/script>\n<!-- \/ Yoast SEO plugin. -->","yoast_head_json":{"title":"De Col de la Croix de Fer - Club des Cent Cols","robots":{"index":"index","follow":"follow","max-snippet":"max-snippet:-1","max-image-preview":"max-image-preview:large","max-video-preview":"max-video-preview:-1"},"canonical":"https:\/\/centcols.org\/nl\/de-col-de-la-croix-de-fer\/","og_locale":"nl_BE","og_type":"article","og_title":"Le Col de la Croix de Fer - Club des Cent Cols","og_description":"Toponymie Le Col de la Croix de Fer (FR-73-2064a) doit son nom actuel \u00e0 l\u2019imposante croix en fer qui tr\u00f4ne \u00e0 son sommet. Cette croix a \u00e9t\u00e9&nbsp;vandalis\u00e9e en 2016&nbsp;puis reconstruite par la commune de Saint-Sorlin d\u2019Arves. Autrefois, le col \u00e9tait appel\u00e9&nbsp;Col d\u2019Olle. La source du torrent&nbsp;\u00e9ponyme&nbsp;est d&rsquo;ailleurs toute proche. Situation g\u00e9ographique Massifs Le col se [&hellip;]","og_url":"https:\/\/centcols.org\/nl\/de-col-de-la-croix-de-fer\/","og_site_name":"Club des Cent Cols","article_publisher":"https:\/\/www.facebook.com\/groups\/5261880558\/?locale=fr_FR","article_published_time":"2023-08-04T11:51:24+00:00","article_modified_time":"2025-10-20T17:51:35+00:00","og_image":[{"width":1024,"height":576,"url":"https:\/\/centcols.org\/wp-content\/uploads\/2023\/08\/croixdefer.jpg","type":"image\/jpeg"}],"author":"Webmestre","twitter_card":"summary_large_image","twitter_misc":{"Geschreven door":"Webmestre","Geschatte leestijd":"11 minuten"},"schema":{"@context":"https:\/\/schema.org","@graph":[{"@type":"Article","@id":"https:\/\/centcols.org\/le-col-de-la-croix-de-fer\/#article","isPartOf":{"@id":"https:\/\/centcols.org\/le-col-de-la-croix-de-fer\/"},"author":{"name":"Webmestre","@id":"https:\/\/centcols.org\/#\/schema\/person\/911b404fb133d8c913dd27cdcf71c8e5"},"headline":"Le Col de la Croix de Fer","datePublished":"2023-08-04T11:51:24+00:00","dateModified":"2025-10-20T17:51:35+00:00","mainEntityOfPage":{"@id":"https:\/\/centcols.org\/le-col-de-la-croix-de-fer\/"},"wordCount":1877,"publisher":{"@id":"https:\/\/centcols.org\/#organization"},"image":{"@id":"https:\/\/centcols.org\/le-col-de-la-croix-de-fer\/#primaryimage"},"thumbnailUrl":"https:\/\/centcols.org\/wp-content\/uploads\/2023\/08\/croixdefer.jpg","articleSection":["Cols en vrac"],"inLanguage":"nl-BE"},{"@type":"WebPage","@id":"https:\/\/centcols.org\/le-col-de-la-croix-de-fer\/","url":"https:\/\/centcols.org\/le-col-de-la-croix-de-fer\/","name":"De Col de la Croix de Fer - Club des Cent Cols","isPartOf":{"@id":"https:\/\/centcols.org\/#website"},"primaryImageOfPage":{"@id":"https:\/\/centcols.org\/le-col-de-la-croix-de-fer\/#primaryimage"},"image":{"@id":"https:\/\/centcols.org\/le-col-de-la-croix-de-fer\/#primaryimage"},"thumbnailUrl":"https:\/\/centcols.org\/wp-content\/uploads\/2023\/08\/croixdefer.jpg","datePublished":"2023-08-04T11:51:24+00:00","dateModified":"2025-10-20T17:51:35+00:00","breadcrumb":{"@id":"https:\/\/centcols.org\/le-col-de-la-croix-de-fer\/#breadcrumb"},"inLanguage":"nl-BE","potentialAction":[{"@type":"ReadAction","target":["https:\/\/centcols.org\/le-col-de-la-croix-de-fer\/"]}]},{"@type":"ImageObject","inLanguage":"nl-BE","@id":"https:\/\/centcols.org\/le-col-de-la-croix-de-fer\/#primaryimage","url":"https:\/\/centcols.org\/wp-content\/uploads\/2023\/08\/croixdefer.jpg","contentUrl":"https:\/\/centcols.org\/wp-content\/uploads\/2023\/08\/croixdefer.jpg","width":1024,"height":576},{"@type":"BreadcrumbList","@id":"https:\/\/centcols.org\/le-col-de-la-croix-de-fer\/#breadcrumb","itemListElement":[{"@type":"ListItem","position":1,"name":"Accueil","item":"https:\/\/centcols.org\/"},{"@type":"ListItem","position":2,"name":"Cols en vrac","item":"https:\/\/centcols.org\/rubrique\/cols-en-vrac\/"},{"@type":"ListItem","position":3,"name":"Le Col de la Croix de Fer"}]},{"@type":"WebSite","@id":"https:\/\/centcols.org\/#website","url":"https:\/\/centcols.org\/","name":"Club van Cent Cols","description":"","publisher":{"@id":"https:\/\/centcols.org\/#organization"},"potentialAction":[{"@type":"SearchAction","target":{"@type":"EntryPoint","urlTemplate":"https:\/\/centcols.org\/?s={search_term_string}"},"query-input":{"@type":"PropertyValueSpecification","valueRequired":true,"valueName":"search_term_string"}}],"inLanguage":"nl-BE"},{"@type":"Organization","@id":"https:\/\/centcols.org\/#organization","name":"Club van Cent Cols","url":"https:\/\/centcols.org\/","logo":{"@type":"ImageObject","inLanguage":"nl-BE","@id":"https:\/\/centcols.org\/#\/schema\/logo\/image\/","url":"https:\/\/centcols.org\/wp-content\/uploads\/2025\/01\/carte-icone.png","contentUrl":"https:\/\/centcols.org\/wp-content\/uploads\/2025\/01\/carte-icone.png","width":250,"height":250,"caption":"Club des Cent Cols"},"image":{"@id":"https:\/\/centcols.org\/#\/schema\/logo\/image\/"},"sameAs":["https:\/\/www.facebook.com\/groups\/5261880558\/?locale=fr_FR"]},{"@type":"Person","@id":"https:\/\/centcols.org\/#\/schema\/person\/911b404fb133d8c913dd27cdcf71c8e5","name":"Webmaster","image":{"@type":"ImageObject","inLanguage":"nl-BE","@id":"https:\/\/centcols.org\/wp-content\/litespeed\/avatar\/2d246e4b6b4f773e08515e1ffc53690b.jpg?ver=1777222892","url":"https:\/\/centcols.org\/wp-content\/litespeed\/avatar\/2d246e4b6b4f773e08515e1ffc53690b.jpg?ver=1777222892","contentUrl":"https:\/\/centcols.org\/wp-content\/litespeed\/avatar\/2d246e4b6b4f773e08515e1ffc53690b.jpg?ver=1777222892","caption":"Webmestre"},"url":"https:\/\/centcols.org\/nl\/author\/webmestre\/"}]}},"_links":{"self":[{"href":"https:\/\/centcols.org\/nl\/wp-json\/wp\/v2\/posts\/82533","targetHints":{"allow":["GET"]}}],"collection":[{"href":"https:\/\/centcols.org\/nl\/wp-json\/wp\/v2\/posts"}],"about":[{"href":"https:\/\/centcols.org\/nl\/wp-json\/wp\/v2\/types\/post"}],"author":[{"embeddable":true,"href":"https:\/\/centcols.org\/nl\/wp-json\/wp\/v2\/users\/3"}],"replies":[{"embeddable":true,"href":"https:\/\/centcols.org\/nl\/wp-json\/wp\/v2\/comments?post=82533"}],"version-history":[{"count":0,"href":"https:\/\/centcols.org\/nl\/wp-json\/wp\/v2\/posts\/82533\/revisions"}],"wp:featuredmedia":[{"embeddable":true,"href":"https:\/\/centcols.org\/nl\/wp-json\/wp\/v2\/media\/83287"}],"wp:attachment":[{"href":"https:\/\/centcols.org\/nl\/wp-json\/wp\/v2\/media?parent=82533"}],"wp:term":[{"taxonomy":"category","embeddable":true,"href":"https:\/\/centcols.org\/nl\/wp-json\/wp\/v2\/categories?post=82533"},{"taxonomy":"post_tag","embeddable":true,"href":"https:\/\/centcols.org\/nl\/wp-json\/wp\/v2\/tags?post=82533"}],"curies":[{"name":"wp","href":"https:\/\/api.w.org\/{rel}","templated":true}]}}