{"id":82534,"date":"2023-08-06T07:30:29","date_gmt":"2023-08-06T05:30:29","guid":{"rendered":"https:\/\/centcols.org\/le-col-du-telegraphe\/"},"modified":"2026-01-31T19:03:49","modified_gmt":"2026-01-31T17:03:49","slug":"de-telegraafcol","status":"publish","type":"post","link":"https:\/\/centcols.org\/nl\/le-col-du-telegraphe\/","title":{"rendered":"De Telegraphe Pas"},"content":{"rendered":"<div class=\"wp-block-image\">\n<figure class=\"aligncenter size-full is-resized\"><img loading=\"lazy\" decoding=\"async\" width=\"1200\" height=\"900\" src=\"https:\/\/centcols.org\/wp-content\/uploads\/2023\/08\/telegraphe01.jpg\" alt=\"\" class=\"wp-image-83285\" style=\"width:800px\" srcset=\"https:\/\/centcols.org\/wp-content\/uploads\/2023\/08\/telegraphe01.jpg 1200w, https:\/\/centcols.org\/wp-content\/uploads\/2023\/08\/telegraphe01-768x576.jpg 768w, https:\/\/centcols.org\/wp-content\/uploads\/2023\/08\/telegraphe01-16x12.jpg 16w\" sizes=\"auto, (max-width: 1200px) 100vw, 1200px\" \/><\/figure>\n<\/div>\n\n\n<h2 class=\"wp-block-heading\">Plaatsnaamkunde<\/h2>\n\n\n\n<p class=\"has-medium-font-size\">De Telegraphe Pas (<a href=\"https:\/\/centcols.org\/nl\/util\/geo\/visu.php\/?code=FR-73-1566\" target=\"_blank\" rel=\"noopener\" title=\"\">FR-73-1566<\/a>) is vernoemd naar een toren in de <a href=\"https:\/\/fr.wikipedia.org\/wiki\/T%C3%A9l%C3%A9graphe_Chappe\" target=\"_blank\" rel=\"noopener\" title=\"\">Chappe telegraaf<\/a>, gebouwd in 1807 op de rand van de klif. De&nbsp;<a href=\"https:\/\/fr.wikipedia.org\/wiki\/Fort_du_T%C3%A9l%C3%A9graphe\" target=\"_blank\" rel=\"noopener\" title=\"\">T\u00e9l\u00e9graphe Fort<\/a>&nbsp;dicht bij de pas profiteerde optimaal van zijn strategische positie boven de Maurienne-vallei.<\/p>\n\n\n\n<h2 class=\"wp-block-heading\">Geografische locatie<\/h2>\n\n\n\n<h3 class=\"wp-block-heading\">Massief<\/h3>\n\n\n\n<p class=\"has-medium-font-size\">De Col du T\u00e9l\u00e9graphe ligt in de<strong>&nbsp;<a href=\"https:\/\/fr.wikipedia.org\/wiki\/Massif_des_Cerces\" target=\"_blank\" rel=\"noreferrer noopener\">Cerces massief<\/a>,<\/strong><\/p>\n\n\n\n<h3 class=\"wp-block-heading\">Geologie<\/h3>\n\n\n\n<p class=\"has-medium-font-size\">De weg van de Col du T\u00e9l\u00e9graphe, zodra je St-Michel-de-Maurienne verlaat, wordt in het westen gedomineerd door de rotsachtige bar van de Pas du Roc. Het lagere deel van dit kalksteenmassief wordt doorkruist door de rivier Arc, die de kloof D\u00e9fil\u00e9 du Pas du Roc heeft uitgeslepen.  Het massief stijgt vervolgens steil naar het Fort en de Col du T\u00e9l\u00e9graphe. <\/p>\n\n\n\n<p class=\"has-medium-font-size\">Zodra u de pas oversteekt, stort u zich in de vallei van Valloirette. De bergstroom heeft zijn bedding gegraven in het holle deel van de plooiing van het reli\u00ebf onder invloed van tektonische strekkingen, de synclinale, terwijl het Fort en de pas zich in het bolle deel van dezelfde plooiing bevinden, de oostelijke anticlinale. <\/p>\n\n\n\n<p class=\"has-medium-font-size\">De Col d'Albanne (<a href=\"https:\/\/centcols.org\/nl\/util\/geo\/visu.php\/?code=FR-73-1652\" target=\"_blank\" rel=\"noopener\" title=\"\">FR-73-1652<\/a>) bevindt zich op de westelijke anticlinaal.<\/p>\n\n\n<div class=\"wp-block-image\">\n<figure class=\"aligncenter size-full is-resized\"><img loading=\"lazy\" decoding=\"async\" width=\"818\" height=\"695\" src=\"https:\/\/centcols.org\/wp-content\/uploads\/2023\/08\/photo21.png\" alt=\"\" class=\"wp-image-89756\" style=\"width:800px\" srcset=\"https:\/\/centcols.org\/wp-content\/uploads\/2023\/08\/photo21.png 818w, https:\/\/centcols.org\/wp-content\/uploads\/2023\/08\/photo21-768x653.png 768w, https:\/\/centcols.org\/wp-content\/uploads\/2023\/08\/photo21-14x12.png 14w\" sizes=\"auto, (max-width: 818px) 100vw, 818px\" \/><figcaption class=\"wp-element-caption\"><strong>De vouw beschreven =&gt; Openrunner en Open Street Map extract<\/strong><\/figcaption><\/figure>\n<\/div>\n\n\n<h3 class=\"wp-block-heading\">Hydrografie<\/h3>\n\n\n\n<p class=\"has-medium-font-size\">&nbsp;De pas ligt op een LPE tussen zijrivieren van de Arc, waaronder de Valloirette in het westen, en zijrivieren van de Ruisseau des Seignes in het oosten.<\/p>\n\n\n\n<h3 class=\"wp-block-heading\">Toegang en naburige pas<\/h3>\n\n\n\n<p class=\"has-medium-font-size\">De D902 verbindt Saint-Michel de Maurienne (in het noorden, 11,8 km - hoogte 730 m) met Valloire (in het zuiden, 4,8 km - hoogte 1430 m) via de Col du T\u00e9l\u00e9graphe.<\/p>\n\n\n<div class=\"wp-block-image\">\n<figure class=\"aligncenter size-full is-resized\"><img loading=\"lazy\" decoding=\"async\" width=\"795\" height=\"528\" src=\"https:\/\/centcols.org\/wp-content\/uploads\/2023\/08\/photo31.png\" alt=\"\" class=\"wp-image-89757\" style=\"width:800px\" srcset=\"https:\/\/centcols.org\/wp-content\/uploads\/2023\/08\/photo31.png 795w, https:\/\/centcols.org\/wp-content\/uploads\/2023\/08\/photo31-768x510.png 768w, https:\/\/centcols.org\/wp-content\/uploads\/2023\/08\/photo31-18x12.png 18w\" sizes=\"auto, (max-width: 795px) 100vw, 795px\" \/><\/figure>\n<\/div>\n\n\n<div class=\"wp-block-columns is-layout-flex wp-container-core-columns-is-layout-9d6595d7 wp-block-columns-is-layout-flex\">\n<div class=\"wp-block-column is-layout-flow wp-block-column-is-layout-flow\" style=\"flex-basis:50%\">\n<p class=\"has-medium-font-size\">Tijdens de afdaling naar Valloire komt de D902 door het gehucht Le Col (<a title=\"\" href=\"https:\/\/centcols.org\/nl\/util\/geo\/visu.php\/?code=FR-73-1522\" target=\"_blank\" rel=\"noopener\">FR-73-1522<\/a>), het is een flankpas die voorkomt in de Club des Cent Cols catalogus.<\/p>\n\n\n\n<p class=\"has-medium-font-size\">&nbsp;Het ligt op een waterscheiding tussen zijrivieren van de Valloirette.<\/p>\n<\/div>\n\n\n\n<div class=\"wp-block-column is-layout-flow wp-block-column-is-layout-flow\" style=\"flex-basis:50%\">\n<figure class=\"wp-block-image size-full\"><img loading=\"lazy\" decoding=\"async\" width=\"400\" height=\"225\" src=\"https:\/\/centcols.org\/wp-content\/uploads\/2023\/08\/Photo4-11.jpg\" alt=\"\" class=\"wp-image-89758\" srcset=\"https:\/\/centcols.org\/wp-content\/uploads\/2023\/08\/Photo4-11.jpg 400w, https:\/\/centcols.org\/wp-content\/uploads\/2023\/08\/Photo4-11-18x10.jpg 18w\" sizes=\"auto, (max-width: 400px) 100vw, 400px\" \/><figcaption class=\"wp-element-caption\">De Col - Foto Guy Garcin<\/figcaption><\/figure>\n<\/div>\n<\/div>\n\n\n\n<h2 class=\"wp-block-heading\">Wijziging van toegang<\/h2>\n\n\n\n<p class=\"has-medium-font-size\">Tijdens de BRA's van 1936 tot 1942 (de BRA's werden elk jaar gehouden) liep de route door een tunnel die ongeveer 500 m voor de huidige kruising begon (aan de kant van Valloire) en uitkwam in een bocht bij het nog steeds bestaande \"maison cantonni\u00e8re\" aan de kant van de Arc-vallei. Deze tunnel werd in 1944 door de Duitsers vernietigd.&nbsp;<em>(de ARO vond niet plaats in 1943 en 1944)<\/em>. Er is een weg geopend over de huidige pas. Instortingen en begroeiing hebben de ingang van deze tunnel stroomopwaarts en stroomafwaarts volledig geblokkeerd, en er is zelfs niet het minste spoor van te zien ...<\/p>\n\n\n\n<h2 class=\"wp-block-heading\">Wat te zien - toerisme\u00a0<\/h2>\n\n\n\n<p class=\"has-medium-font-size\">1 km ten noorden van de pas, Le&nbsp;<strong>T\u00e9l\u00e9graphe Fort<\/strong>, (zelden genoemd&nbsp;<strong>Fort Berwick<\/strong>), ligt op een hoogte van 1.620 meter. Het kijkt 900 meter uit over de Maurienne-vallei.<\/p>\n\n\n\n<p class=\"has-medium-font-size\">Hier stond oorspronkelijk een treinstation.&nbsp;<a href=\"https:\/\/fr.wikipedia.org\/wiki\/T%C3%A9l%C3%A9graphe\">telegrafie<\/a>&nbsp;<a href=\"https:\/\/fr.wikipedia.org\/wiki\/Tour_de_Chappe\">Chappe<\/a>&nbsp;(optische telegrafie met gelede armen), gelegen op de lijn van Lyon naar Milaan (daarna Veneti\u00eb in 1809). <\/p>\n\n\n\n<p class=\"has-medium-font-size\">Het fort werd gebouwd tussen 1886 en 1890 en behoort tot de&nbsp;<a href=\"https:\/\/fr.wikipedia.org\/wiki\/Syst%C3%A8me_S%C3%A9r%C3%A9_de_Rivi%C3%A8res\">S\u00e9r\u00e9 de Rivi\u00e8res-systeem<\/a>.<\/p>\n\n\n<div class=\"wp-block-image\">\n<figure class=\"aligncenter size-full is-resized\"><img loading=\"lazy\" decoding=\"async\" width=\"1024\" height=\"683\" src=\"https:\/\/centcols.org\/wp-content\/uploads\/2023\/08\/Photo61.jpg\" alt=\"\" class=\"wp-image-89759\" style=\"width:800px\" srcset=\"https:\/\/centcols.org\/wp-content\/uploads\/2023\/08\/Photo61.jpg 1024w, https:\/\/centcols.org\/wp-content\/uploads\/2023\/08\/Photo61-768x512.jpg 768w, https:\/\/centcols.org\/wp-content\/uploads\/2023\/08\/Photo61-18x12.jpg 18w\" sizes=\"auto, (max-width: 1024px) 100vw, 1024px\" \/><\/figure>\n<\/div>\n\n\n<p class=\"has-medium-font-size\">Het fort is elke zomer van juli tot augustus geopend voor bezoekers,&nbsp;<\/p>\n\n\n\n<div class=\"wp-block-columns is-layout-flex wp-container-core-columns-is-layout-9d6595d7 wp-block-columns-is-layout-flex\">\n<div class=\"wp-block-column is-layout-flow wp-block-column-is-layout-flow\" style=\"flex-basis:50%\"><\/div>\n\n\n\n<div class=\"wp-block-column is-layout-flow wp-block-column-is-layout-flow\" style=\"flex-basis:50%\"><\/div>\n<\/div>\n\n\n\n<h2 class=\"wp-block-heading\">Fietsen en fietstoerisme<\/h2>\n\n\n\n<p class=\"has-medium-font-size\">De verschillende proeven gaan over de Col du T\u00e9l\u00e9graphe ... wanneer ze over de <a href=\"https:\/\/centcols.org\/nl\/de-galibierpas\/\" target=\"_blank\" rel=\"noopener\" title=\"\">Galibier pas<\/a>. <\/p>\n\n\n<div class=\"wp-block-image\">\n<figure class=\"aligncenter size-full is-resized\"><img loading=\"lazy\" decoding=\"async\" width=\"1024\" height=\"768\" src=\"https:\/\/centcols.org\/wp-content\/uploads\/2025\/05\/photo5-1.jpg\" alt=\"\" class=\"wp-image-82537\" style=\"width:800px\" srcset=\"https:\/\/centcols.org\/wp-content\/uploads\/2025\/05\/photo5-1.jpg 1024w, https:\/\/centcols.org\/wp-content\/uploads\/2025\/05\/photo5-1-768x576.jpg 768w\" sizes=\"auto, (max-width: 1024px) 100vw, 1024px\" \/><figcaption class=\"wp-element-caption\">BRA 2023 : De Bourbon-Lancy Club (Sa\u00f4ne et Loire) - de grootste buiten Is\u00e8re<br><em>(let op: het fietsbeeld is recent - niet op oude foto's of op internet)<\/em><\/figcaption><\/figure>\n<\/div>\n\n\n<h3 class=\"wp-block-heading\">Profiel<\/h3>\n\n\n\n<p class=\"has-medium-font-size\">Voor de Maurienne-kant (11,8 km, D+: 856 m): enkele passages op meer dan 10 % (in rood).<\/p>\n\n\n<div class=\"wp-block-image is-resized\">\n<figure class=\"aligncenter size-full\"><img loading=\"lazy\" decoding=\"async\" width=\"450\" height=\"281\" src=\"https:\/\/centcols.org\/wp-content\/uploads\/2025\/05\/Photo9.png\" alt=\"\" class=\"wp-image-82535\"\/><\/figure>\n<\/div>\n\n\n<p class=\"has-medium-font-size\">En van St-Michel-de-Maurienne naar Valloire (Openrunner)<\/p>\n\n\n<div class=\"wp-block-image is-resized\">\n<figure class=\"aligncenter size-full\"><img loading=\"lazy\" decoding=\"async\" width=\"1012\" height=\"409\" src=\"https:\/\/centcols.org\/wp-content\/uploads\/2025\/05\/photo8.jpg\" alt=\"\" class=\"wp-image-82536\" srcset=\"https:\/\/centcols.org\/wp-content\/uploads\/2025\/05\/photo8.jpg 1012w, https:\/\/centcols.org\/wp-content\/uploads\/2025\/05\/photo8-768x310.jpg 768w\" sizes=\"auto, (max-width: 1012px) 100vw, 1012px\" \/><\/figure>\n<\/div>\n\n\n<p><\/p>\n\n\n\n<p class=\"has-text-align-right\"><em><em>Een artikel door G\u00e9rard Galland<\/em><\/em><br><em>en Bernard Giraudeau (voor het geologiegedeelte) <\/em><\/p>","protected":false},"excerpt":{"rendered":"<p>Toponymie Le col du T\u00e9l\u00e9graphe (FR-73-1566) est appel\u00e9 ainsi en raison d\u2019une tour du t\u00e9l\u00e9graphe Chappe, \u00e0 bras articul\u00e9s, construite en&nbsp;1807&nbsp;au bord de la falaise. Le&nbsp;fort du T\u00e9l\u00e9graphe&nbsp;\u00e0 proximit\u00e9 du col profitait pleinement de sa position strat\u00e9gique au-dessus de la vall\u00e9e de la&nbsp;Maurienne. Situation g\u00e9ographique Massif Le col du T\u00e9l\u00e9graphe est situ\u00e9 dans le le&nbsp;massif [&hellip;]<\/p>\n","protected":false},"author":3,"featured_media":83284,"comment_status":"closed","ping_status":"closed","sticky":false,"template":"","format":"standard","meta":{"_acf_changed":false,"footnotes":""},"categories":[308],"tags":[],"class_list":["post-82534","post","type-post","status-publish","format-standard","has-post-thumbnail","hentry","category-cols-en-vrac"],"acf":[],"yoast_head":"<!-- This site is optimized with the Yoast SEO plugin v27.2 - https:\/\/yoast.com\/product\/yoast-seo-wordpress\/ -->\n<title>Le col du T\u00e9l\u00e9graphe - Club des Cent Cols<\/title>\n<meta name=\"robots\" content=\"index, follow, max-snippet:-1, max-image-preview:large, max-video-preview:-1\" \/>\n<link rel=\"canonical\" href=\"https:\/\/centcols.org\/nl\/de-telegraafcol\/\" \/>\n<meta property=\"og:locale\" content=\"nl_BE\" \/>\n<meta property=\"og:type\" content=\"article\" \/>\n<meta property=\"og:title\" content=\"Le col du T\u00e9l\u00e9graphe - Club des Cent Cols\" \/>\n<meta property=\"og:description\" content=\"Toponymie Le col du T\u00e9l\u00e9graphe (FR-73-1566) est appel\u00e9 ainsi en raison d\u2019une tour du t\u00e9l\u00e9graphe Chappe, \u00e0 bras articul\u00e9s, construite en&nbsp;1807&nbsp;au bord de la falaise. Le&nbsp;fort du T\u00e9l\u00e9graphe&nbsp;\u00e0 proximit\u00e9 du col profitait pleinement de sa position strat\u00e9gique au-dessus de la vall\u00e9e de la&nbsp;Maurienne. Situation g\u00e9ographique Massif Le col du T\u00e9l\u00e9graphe est situ\u00e9 dans le le&nbsp;massif [&hellip;]\" \/>\n<meta property=\"og:url\" content=\"https:\/\/centcols.org\/nl\/de-telegraafcol\/\" \/>\n<meta property=\"og:site_name\" content=\"Club des Cent Cols\" \/>\n<meta property=\"article:publisher\" content=\"https:\/\/www.facebook.com\/groups\/5261880558\/?locale=fr_FR\" \/>\n<meta property=\"article:published_time\" content=\"2023-08-06T05:30:29+00:00\" \/>\n<meta property=\"article:modified_time\" content=\"2026-01-31T17:03:49+00:00\" \/>\n<meta property=\"og:image\" content=\"https:\/\/centcols.org\/wp-content\/uploads\/\/2023\/08\/telegraphe02.jpg\" \/>\n\t<meta property=\"og:image:width\" content=\"1200\" \/>\n\t<meta property=\"og:image:height\" content=\"675\" \/>\n\t<meta property=\"og:image:type\" content=\"image\/jpeg\" \/>\n<meta name=\"author\" content=\"Webmestre\" \/>\n<meta name=\"twitter:card\" content=\"summary_large_image\" \/>\n<meta name=\"twitter:label1\" content=\"Geschreven door\" \/>\n\t<meta name=\"twitter:data1\" content=\"Webmestre\" \/>\n\t<meta name=\"twitter:label2\" content=\"Geschatte leestijd\" \/>\n\t<meta name=\"twitter:data2\" content=\"5 minuten\" \/>\n<script type=\"application\/ld+json\" class=\"yoast-schema-graph\">{\"@context\":\"https:\/\/schema.org\",\"@graph\":[{\"@type\":\"Article\",\"@id\":\"https:\/\/centcols.org\/le-col-du-telegraphe\/#article\",\"isPartOf\":{\"@id\":\"https:\/\/centcols.org\/le-col-du-telegraphe\/\"},\"author\":{\"name\":\"Webmestre\",\"@id\":\"https:\/\/centcols.org\/#\/schema\/person\/911b404fb133d8c913dd27cdcf71c8e5\"},\"headline\":\"Le col du T\u00e9l\u00e9graphe\",\"datePublished\":\"2023-08-06T05:30:29+00:00\",\"dateModified\":\"2026-01-31T17:03:49+00:00\",\"mainEntityOfPage\":{\"@id\":\"https:\/\/centcols.org\/le-col-du-telegraphe\/\"},\"wordCount\":688,\"publisher\":{\"@id\":\"https:\/\/centcols.org\/#organization\"},\"image\":{\"@id\":\"https:\/\/centcols.org\/le-col-du-telegraphe\/#primaryimage\"},\"thumbnailUrl\":\"https:\/\/centcols.org\/wp-content\/uploads\/\/2023\/08\/telegraphe02.jpg\",\"articleSection\":[\"Cols en vrac\"],\"inLanguage\":\"nl-BE\"},{\"@type\":\"WebPage\",\"@id\":\"https:\/\/centcols.org\/le-col-du-telegraphe\/\",\"url\":\"https:\/\/centcols.org\/le-col-du-telegraphe\/\",\"name\":\"Le col du T\u00e9l\u00e9graphe - Club des Cent Cols\",\"isPartOf\":{\"@id\":\"https:\/\/centcols.org\/#website\"},\"primaryImageOfPage\":{\"@id\":\"https:\/\/centcols.org\/le-col-du-telegraphe\/#primaryimage\"},\"image\":{\"@id\":\"https:\/\/centcols.org\/le-col-du-telegraphe\/#primaryimage\"},\"thumbnailUrl\":\"https:\/\/centcols.org\/wp-content\/uploads\/\/2023\/08\/telegraphe02.jpg\",\"datePublished\":\"2023-08-06T05:30:29+00:00\",\"dateModified\":\"2026-01-31T17:03:49+00:00\",\"breadcrumb\":{\"@id\":\"https:\/\/centcols.org\/le-col-du-telegraphe\/#breadcrumb\"},\"inLanguage\":\"nl-BE\",\"potentialAction\":[{\"@type\":\"ReadAction\",\"target\":[\"https:\/\/centcols.org\/le-col-du-telegraphe\/\"]}]},{\"@type\":\"ImageObject\",\"inLanguage\":\"nl-BE\",\"@id\":\"https:\/\/centcols.org\/le-col-du-telegraphe\/#primaryimage\",\"url\":\"https:\/\/centcols.org\/wp-content\/uploads\/\/2023\/08\/telegraphe02.jpg\",\"contentUrl\":\"https:\/\/centcols.org\/wp-content\/uploads\/\/2023\/08\/telegraphe02.jpg\",\"width\":1200,\"height\":675},{\"@type\":\"BreadcrumbList\",\"@id\":\"https:\/\/centcols.org\/le-col-du-telegraphe\/#breadcrumb\",\"itemListElement\":[{\"@type\":\"ListItem\",\"position\":1,\"name\":\"Accueil\",\"item\":\"https:\/\/centcols.org\/\"},{\"@type\":\"ListItem\",\"position\":2,\"name\":\"Cols en vrac\",\"item\":\"https:\/\/centcols.org\/rubrique\/cols-en-vrac\/\"},{\"@type\":\"ListItem\",\"position\":3,\"name\":\"Le col du T\u00e9l\u00e9graphe\"}]},{\"@type\":\"WebSite\",\"@id\":\"https:\/\/centcols.org\/#website\",\"url\":\"https:\/\/centcols.org\/\",\"name\":\"Club des Cent Cols\",\"description\":\"\",\"publisher\":{\"@id\":\"https:\/\/centcols.org\/#organization\"},\"potentialAction\":[{\"@type\":\"SearchAction\",\"target\":{\"@type\":\"EntryPoint\",\"urlTemplate\":\"https:\/\/centcols.org\/?s={search_term_string}\"},\"query-input\":{\"@type\":\"PropertyValueSpecification\",\"valueRequired\":true,\"valueName\":\"search_term_string\"}}],\"inLanguage\":\"nl-BE\"},{\"@type\":\"Organization\",\"@id\":\"https:\/\/centcols.org\/#organization\",\"name\":\"Club des Cent Cols\",\"url\":\"https:\/\/centcols.org\/\",\"logo\":{\"@type\":\"ImageObject\",\"inLanguage\":\"nl-BE\",\"@id\":\"https:\/\/centcols.org\/#\/schema\/logo\/image\/\",\"url\":\"https:\/\/centcols.org\/wp-content\/uploads\/2025\/01\/carte-icone.png\",\"contentUrl\":\"https:\/\/centcols.org\/wp-content\/uploads\/2025\/01\/carte-icone.png\",\"width\":250,\"height\":250,\"caption\":\"Club des Cent Cols\"},\"image\":{\"@id\":\"https:\/\/centcols.org\/#\/schema\/logo\/image\/\"},\"sameAs\":[\"https:\/\/www.facebook.com\/groups\/5261880558\/?locale=fr_FR\"]},{\"@type\":\"Person\",\"@id\":\"https:\/\/centcols.org\/#\/schema\/person\/911b404fb133d8c913dd27cdcf71c8e5\",\"name\":\"Webmestre\",\"image\":{\"@type\":\"ImageObject\",\"inLanguage\":\"nl-BE\",\"@id\":\"https:\/\/centcols.org\/wp-content\/litespeed\/avatar\/2d246e4b6b4f773e08515e1ffc53690b.jpg?ver=1777222892\",\"url\":\"https:\/\/centcols.org\/wp-content\/litespeed\/avatar\/2d246e4b6b4f773e08515e1ffc53690b.jpg?ver=1777222892\",\"contentUrl\":\"https:\/\/centcols.org\/wp-content\/litespeed\/avatar\/2d246e4b6b4f773e08515e1ffc53690b.jpg?ver=1777222892\",\"caption\":\"Webmestre\"},\"url\":\"https:\/\/centcols.org\/nl\/author\/webmestre\/\"}]}<\/script>\n<!-- \/ Yoast SEO plugin. -->","yoast_head_json":{"title":"De Telegraphe Pas - Club des Cent Cols","robots":{"index":"index","follow":"follow","max-snippet":"max-snippet:-1","max-image-preview":"max-image-preview:large","max-video-preview":"max-video-preview:-1"},"canonical":"https:\/\/centcols.org\/nl\/de-telegraafcol\/","og_locale":"nl_BE","og_type":"article","og_title":"Le col du T\u00e9l\u00e9graphe - Club des Cent Cols","og_description":"Toponymie Le col du T\u00e9l\u00e9graphe (FR-73-1566) est appel\u00e9 ainsi en raison d\u2019une tour du t\u00e9l\u00e9graphe Chappe, \u00e0 bras articul\u00e9s, construite en&nbsp;1807&nbsp;au bord de la falaise. Le&nbsp;fort du T\u00e9l\u00e9graphe&nbsp;\u00e0 proximit\u00e9 du col profitait pleinement de sa position strat\u00e9gique au-dessus de la vall\u00e9e de la&nbsp;Maurienne. Situation g\u00e9ographique Massif Le col du T\u00e9l\u00e9graphe est situ\u00e9 dans le le&nbsp;massif [&hellip;]","og_url":"https:\/\/centcols.org\/nl\/de-telegraafcol\/","og_site_name":"Club des Cent Cols","article_publisher":"https:\/\/www.facebook.com\/groups\/5261880558\/?locale=fr_FR","article_published_time":"2023-08-06T05:30:29+00:00","article_modified_time":"2026-01-31T17:03:49+00:00","og_image":[{"width":1200,"height":675,"url":"https:\/\/centcols.org\/wp-content\/uploads\/\/2023\/08\/telegraphe02.jpg","type":"image\/jpeg"}],"author":"Webmestre","twitter_card":"summary_large_image","twitter_misc":{"Geschreven door":"Webmestre","Geschatte leestijd":"5 minuten"},"schema":{"@context":"https:\/\/schema.org","@graph":[{"@type":"Article","@id":"https:\/\/centcols.org\/le-col-du-telegraphe\/#article","isPartOf":{"@id":"https:\/\/centcols.org\/le-col-du-telegraphe\/"},"author":{"name":"Webmestre","@id":"https:\/\/centcols.org\/#\/schema\/person\/911b404fb133d8c913dd27cdcf71c8e5"},"headline":"Le col du T\u00e9l\u00e9graphe","datePublished":"2023-08-06T05:30:29+00:00","dateModified":"2026-01-31T17:03:49+00:00","mainEntityOfPage":{"@id":"https:\/\/centcols.org\/le-col-du-telegraphe\/"},"wordCount":688,"publisher":{"@id":"https:\/\/centcols.org\/#organization"},"image":{"@id":"https:\/\/centcols.org\/le-col-du-telegraphe\/#primaryimage"},"thumbnailUrl":"https:\/\/centcols.org\/wp-content\/uploads\/\/2023\/08\/telegraphe02.jpg","articleSection":["Cols en vrac"],"inLanguage":"nl-BE"},{"@type":"WebPage","@id":"https:\/\/centcols.org\/le-col-du-telegraphe\/","url":"https:\/\/centcols.org\/le-col-du-telegraphe\/","name":"De Telegraphe Pas - Club des Cent Cols","isPartOf":{"@id":"https:\/\/centcols.org\/#website"},"primaryImageOfPage":{"@id":"https:\/\/centcols.org\/le-col-du-telegraphe\/#primaryimage"},"image":{"@id":"https:\/\/centcols.org\/le-col-du-telegraphe\/#primaryimage"},"thumbnailUrl":"https:\/\/centcols.org\/wp-content\/uploads\/\/2023\/08\/telegraphe02.jpg","datePublished":"2023-08-06T05:30:29+00:00","dateModified":"2026-01-31T17:03:49+00:00","breadcrumb":{"@id":"https:\/\/centcols.org\/le-col-du-telegraphe\/#breadcrumb"},"inLanguage":"nl-BE","potentialAction":[{"@type":"ReadAction","target":["https:\/\/centcols.org\/le-col-du-telegraphe\/"]}]},{"@type":"ImageObject","inLanguage":"nl-BE","@id":"https:\/\/centcols.org\/le-col-du-telegraphe\/#primaryimage","url":"https:\/\/centcols.org\/wp-content\/uploads\/\/2023\/08\/telegraphe02.jpg","contentUrl":"https:\/\/centcols.org\/wp-content\/uploads\/\/2023\/08\/telegraphe02.jpg","width":1200,"height":675},{"@type":"BreadcrumbList","@id":"https:\/\/centcols.org\/le-col-du-telegraphe\/#breadcrumb","itemListElement":[{"@type":"ListItem","position":1,"name":"Accueil","item":"https:\/\/centcols.org\/"},{"@type":"ListItem","position":2,"name":"Cols en vrac","item":"https:\/\/centcols.org\/rubrique\/cols-en-vrac\/"},{"@type":"ListItem","position":3,"name":"Le col du T\u00e9l\u00e9graphe"}]},{"@type":"WebSite","@id":"https:\/\/centcols.org\/#website","url":"https:\/\/centcols.org\/","name":"Club van Cent Cols","description":"","publisher":{"@id":"https:\/\/centcols.org\/#organization"},"potentialAction":[{"@type":"SearchAction","target":{"@type":"EntryPoint","urlTemplate":"https:\/\/centcols.org\/?s={search_term_string}"},"query-input":{"@type":"PropertyValueSpecification","valueRequired":true,"valueName":"search_term_string"}}],"inLanguage":"nl-BE"},{"@type":"Organization","@id":"https:\/\/centcols.org\/#organization","name":"Club van Cent Cols","url":"https:\/\/centcols.org\/","logo":{"@type":"ImageObject","inLanguage":"nl-BE","@id":"https:\/\/centcols.org\/#\/schema\/logo\/image\/","url":"https:\/\/centcols.org\/wp-content\/uploads\/2025\/01\/carte-icone.png","contentUrl":"https:\/\/centcols.org\/wp-content\/uploads\/2025\/01\/carte-icone.png","width":250,"height":250,"caption":"Club des Cent Cols"},"image":{"@id":"https:\/\/centcols.org\/#\/schema\/logo\/image\/"},"sameAs":["https:\/\/www.facebook.com\/groups\/5261880558\/?locale=fr_FR"]},{"@type":"Person","@id":"https:\/\/centcols.org\/#\/schema\/person\/911b404fb133d8c913dd27cdcf71c8e5","name":"Webmaster","image":{"@type":"ImageObject","inLanguage":"nl-BE","@id":"https:\/\/centcols.org\/wp-content\/litespeed\/avatar\/2d246e4b6b4f773e08515e1ffc53690b.jpg?ver=1777222892","url":"https:\/\/centcols.org\/wp-content\/litespeed\/avatar\/2d246e4b6b4f773e08515e1ffc53690b.jpg?ver=1777222892","contentUrl":"https:\/\/centcols.org\/wp-content\/litespeed\/avatar\/2d246e4b6b4f773e08515e1ffc53690b.jpg?ver=1777222892","caption":"Webmestre"},"url":"https:\/\/centcols.org\/nl\/author\/webmestre\/"}]}},"_links":{"self":[{"href":"https:\/\/centcols.org\/nl\/wp-json\/wp\/v2\/posts\/82534","targetHints":{"allow":["GET"]}}],"collection":[{"href":"https:\/\/centcols.org\/nl\/wp-json\/wp\/v2\/posts"}],"about":[{"href":"https:\/\/centcols.org\/nl\/wp-json\/wp\/v2\/types\/post"}],"author":[{"embeddable":true,"href":"https:\/\/centcols.org\/nl\/wp-json\/wp\/v2\/users\/3"}],"replies":[{"embeddable":true,"href":"https:\/\/centcols.org\/nl\/wp-json\/wp\/v2\/comments?post=82534"}],"version-history":[{"count":0,"href":"https:\/\/centcols.org\/nl\/wp-json\/wp\/v2\/posts\/82534\/revisions"}],"wp:featuredmedia":[{"embeddable":true,"href":"https:\/\/centcols.org\/nl\/wp-json\/wp\/v2\/media\/83284"}],"wp:attachment":[{"href":"https:\/\/centcols.org\/nl\/wp-json\/wp\/v2\/media?parent=82534"}],"wp:term":[{"taxonomy":"category","embeddable":true,"href":"https:\/\/centcols.org\/nl\/wp-json\/wp\/v2\/categories?post=82534"},{"taxonomy":"post_tag","embeddable":true,"href":"https:\/\/centcols.org\/nl\/wp-json\/wp\/v2\/tags?post=82534"}],"curies":[{"name":"wp","href":"https:\/\/api.w.org\/{rel}","templated":true}]}}