{"id":82540,"date":"2023-08-23T12:48:33","date_gmt":"2023-08-23T10:48:33","guid":{"rendered":"https:\/\/centcols.org\/le-collet-du-plan-nicolas\/"},"modified":"2025-10-30T10:27:42","modified_gmt":"2025-10-30T08:27:42","slug":"de-collet-du-plan-nicolas","status":"publish","type":"post","link":"https:\/\/centcols.org\/nl\/le-collet-du-plan-nicolas\/","title":{"rendered":"De Plan Nicolas bergpas"},"content":{"rendered":"<figure class=\"wp-block-image size-full is-resized\"><img loading=\"lazy\" decoding=\"async\" width=\"720\" height=\"604\" src=\"https:\/\/centcols.org\/wp-content\/uploads\/2023\/08\/Carte1.jpg\" alt=\"\" class=\"wp-image-89729\" style=\"width:600px\" srcset=\"https:\/\/centcols.org\/wp-content\/uploads\/2023\/08\/Carte1.jpg 720w, https:\/\/centcols.org\/wp-content\/uploads\/2023\/08\/Carte1-14x12.jpg 14w\" sizes=\"auto, (max-width: 720px) 100vw, 720px\" \/><\/figure>\n\n\n\n<h2 class=\"wp-block-heading\">Plaatsnaamkunde<\/h2>\n\n\n\n<p class=\"has-medium-font-size\">De Collet du Plan Nicolas (<a href=\"\/nl\/util\/geo\/visu.php\/?code=FR-73-2406\" target=\"_blank\" rel=\"noopener\" title=\"\">FR-73-2406<\/a>) is de naam van een gebied ten noordwesten van de pas (zie kaart hierboven).<\/p>\n\n\n\n<p class=\"has-medium-font-size\">Het is ook bekend als de Col du Colomban Noir (Geo-alp)<\/p>\n\n\n\n<h2 class=\"wp-block-heading\">Geografische locatie<\/h2>\n\n\n\n<h3 class=\"wp-block-heading\">Massief<\/h3>\n\n\n\n<p class=\"has-medium-font-size\">Het Collet de Plan Nicolas ligt ten oosten van de <strong><a href=\"https:\/\/fr.wikipedia.org\/wiki\/Massif_des_Arves\" target=\"_blank\" rel=\"noopener\" title=\"\">Arves massief<\/a><\/strong>.<\/p>\n\n\n\n<p class=\"has-medium-font-size\">De top van Colomban Noir (op ongeveer 2.500 m) ligt direct ten noorden van Le Collet.<\/p>\n\n\n\n<p class=\"has-medium-font-size\">Onder Colomban Noir toont de IGN-kaart (zie hierboven) een gebied in het noordwesten dat bekend staat als \u00abPlan Nicolas\u00bb.\u00bb<\/p>\n\n\n\n<h3 class=\"wp-block-heading\">Hydrografie<\/h3>\n\n\n\n<p class=\"has-medium-font-size\">De pas scheidt de vallei van de Valloirette, aan de noordkant van de Galibier-route, van de vallei van de Lauzette, een zijrivier van de Valloirette boven Bonnenuit.<\/p>\n\n\n\n<h3 class=\"wp-block-heading\">Toegang<\/h3>\n\n\n\n<p class=\"has-medium-font-size\">De Collet du Plan Nicolas kan worden overgestoken op weg naar de Galibier, 5 km na Plan Lachat en 3 km van de top.<\/p>\n\n\n\n<p class=\"has-medium-font-size\">&nbsp;L<em>e geografische pas ligt maar een paar meter verderop, op de helling rechts van de weg.<\/em>.<\/p>\n\n\n<div class=\"wp-block-image\">\n<figure class=\"aligncenter size-full\"><img loading=\"lazy\" decoding=\"async\" width=\"789\" height=\"520\" src=\"https:\/\/centcols.org\/wp-content\/uploads\/2023\/08\/Carte2-11.png\" alt=\"\" class=\"wp-image-89730\" srcset=\"https:\/\/centcols.org\/wp-content\/uploads\/2023\/08\/Carte2-11.png 789w, https:\/\/centcols.org\/wp-content\/uploads\/2023\/08\/Carte2-11-768x506.png 768w, https:\/\/centcols.org\/wp-content\/uploads\/2023\/08\/Carte2-11-18x12.png 18w\" sizes=\"auto, (max-width: 789px) 100vw, 789px\" \/><\/figure>\n<\/div>\n\n<div class=\"wp-block-image is-resized\">\n<figure class=\"aligncenter size-full\"><img loading=\"lazy\" decoding=\"async\" width=\"800\" height=\"600\" src=\"https:\/\/centcols.org\/wp-content\/uploads\/2023\/08\/Photo11.jpg\" alt=\"\" class=\"wp-image-89732\" srcset=\"https:\/\/centcols.org\/wp-content\/uploads\/2023\/08\/Photo11.jpg 800w, https:\/\/centcols.org\/wp-content\/uploads\/2023\/08\/Photo11-768x576.jpg 768w, https:\/\/centcols.org\/wp-content\/uploads\/2023\/08\/Photo11-16x12.jpg 16w\" sizes=\"auto, (max-width: 800px) 100vw, 800px\" \/><figcaption class=\"wp-element-caption\"><strong>De Collet du Plan Nicolas vanaf de Galibier (foto: visualiseur des cols - Club des Cent Cols)<\/strong><\/figcaption><\/figure>\n<\/div>\n\n<div class=\"wp-block-image is-resized\">\n<figure class=\"aligncenter size-full\"><img loading=\"lazy\" decoding=\"async\" width=\"800\" height=\"600\" src=\"https:\/\/centcols.org\/wp-content\/uploads\/2023\/08\/Photo21.jpg\" alt=\"\" class=\"wp-image-89733\" srcset=\"https:\/\/centcols.org\/wp-content\/uploads\/2023\/08\/Photo21.jpg 800w, https:\/\/centcols.org\/wp-content\/uploads\/2023\/08\/Photo21-768x576.jpg 768w, https:\/\/centcols.org\/wp-content\/uploads\/2023\/08\/Photo21-16x12.jpg 16w\" sizes=\"auto, (max-width: 800px) 100vw, 800px\" \/><figcaption class=\"wp-element-caption\"><strong>Van Collet du Plan Nicolas oostwaarts <em>(bron: Patrick Schleppi website)<br><\/em>De Galibier-route<\/strong> <strong>rechts<\/strong><\/figcaption><\/figure>\n<\/div>\n\n\n<h2 class=\"wp-block-heading\">Wat te zien - toerisme&nbsp;<\/h2>\n\n\n\n<div class=\"wp-block-media-text has-media-on-the-right is-stacked-on-mobile\" style=\"grid-template-columns:auto 40%\"><div class=\"wp-block-media-text__content\">\n<p>Bij de Granges du Galibier (hoogte 2300 m), rechts als je klimt, 1,6 km bergafwaarts vanaf de Collet, vind je :<\/p>\n\n\n\n<ul class=\"wp-block-list\">\n<li>een \u00abPantani Forever\u00bb stele als eerbetoon aan de Italiaanse klimmer Marco Pantani (overleden in 2004). Het werd onthuld in juni 2011 op de exacte plek waar hij aanviel in de Tour de France op 27 juli 1998 en Jan Ulrich versloeg met bijna 9 minuten.<\/li>\n\n\n\n<li>De&nbsp;<strong>Fromagerie Coop\u00e9rative de la Vall\u00e9e des Arves<\/strong> (geopend van half juni tot half september). Beaufort is goed!<\/li>\n<\/ul>\n<\/div><figure class=\"wp-block-media-text__media\"><img loading=\"lazy\" decoding=\"async\" width=\"1200\" height=\"930\" src=\"https:\/\/centcols.org\/wp-content\/uploads\/2023\/08\/Valloire_Stele_Marco_Pantani-1200x9301-1.jpg\" alt=\"\" class=\"wp-image-83323 size-full\" srcset=\"https:\/\/centcols.org\/wp-content\/uploads\/2023\/08\/Valloire_Stele_Marco_Pantani-1200x9301-1.jpg 1200w, https:\/\/centcols.org\/wp-content\/uploads\/2023\/08\/Valloire_Stele_Marco_Pantani-1200x9301-1-768x595.jpg 768w, https:\/\/centcols.org\/wp-content\/uploads\/2023\/08\/Valloire_Stele_Marco_Pantani-1200x9301-1-15x12.jpg 15w\" sizes=\"auto, (max-width: 1200px) 100vw, 1200px\" \/><\/figure><\/div>\n\n\n\n<h2 class=\"wp-block-heading\">Fietsen en fietstoerisme<\/h2>\n\n\n\n<p class=\"has-medium-font-size\">Het spreekt voor zich dat elke keer dat een wedstrijd over de Col du Galibier is gereden, deze ook over de Collet du Plan Nicolas is gereden.<\/p>\n\n\n<div class=\"wp-block-image is-resized\">\n<figure class=\"aligncenter size-full\"><img loading=\"lazy\" decoding=\"async\" width=\"1200\" height=\"900\" src=\"https:\/\/centcols.org\/wp-content\/uploads\/2023\/08\/Photo3-1200x9001-1.jpg\" alt=\"\" class=\"wp-image-83277\" style=\"width:800px\" srcset=\"https:\/\/centcols.org\/wp-content\/uploads\/2023\/08\/Photo3-1200x9001-1.jpg 1200w, https:\/\/centcols.org\/wp-content\/uploads\/2023\/08\/Photo3-1200x9001-1-768x576.jpg 768w, https:\/\/centcols.org\/wp-content\/uploads\/2023\/08\/Photo3-1200x9001-1-16x12.jpg 16w\" sizes=\"auto, (max-width: 1200px) 100vw, 1200px\" \/><\/figure>\n<\/div>\n\n\n<blockquote class=\"wp-block-quote is-layout-flow wp-block-quote-is-layout-flow\">\n<p class=\"has-medium-font-size\">Op 24 juli 2013 had ik het genoegen om 3 voorzitters van de Club des Cents cols te vergezellen bij hun beklimming van de Galibier, hier verzameld op de Collet de Plan Nicolas voor de 80ste verjaardag van Henri Dusseau. Van links naar rechts:<\/p>\n<\/blockquote>\n\n\n\n<ul class=\"wp-block-list\">\n<li>R\u00e9gis Paraz (huidige voorzitter in 2013),<\/li>\n\n\n\n<li>Henri Dusseau (erevoorzitter)<\/li>\n\n\n\n<li>Jean Perdoux (oprichter van de Cent Cols club).<\/li>\n<\/ul>\n\n\n\n<h3 class=\"wp-block-heading\">Profiel<\/h3>\n\n\n<div class=\"wp-block-image is-resized\">\n<figure class=\"aligncenter size-full\"><img loading=\"lazy\" decoding=\"async\" width=\"384\" height=\"768\" src=\"https:\/\/centcols.org\/wp-content\/uploads\/2023\/08\/Photo41.jpg\" alt=\"\" class=\"wp-image-89734\" style=\"width:auto;height:500px\" srcset=\"https:\/\/centcols.org\/wp-content\/uploads\/2023\/08\/Photo41.jpg 384w, https:\/\/centcols.org\/wp-content\/uploads\/2023\/08\/Photo41-6x12.jpg 6w\" sizes=\"auto, (max-width: 384px) 100vw, 384px\" \/><\/figure>\n<\/div>\n\n\n<p class=\"has-text-align-right\"><em><em>Een artikel door G\u00e9rard Galland <\/em><\/em><\/p>","protected":false},"excerpt":{"rendered":"<p>Toponymie Le collet du Plan Nicolas (FR-73-2406) est \u00e9ponyme d\u2019une zone situ\u00e9e au nord-ouest du col. (voir carte ci-dessus). Il est \u00e9galement nomm\u00e9 Col du Colomban Noir (Geo-alp) Situation g\u00e9ographique Massif Le Collet de Plan Nicolas est situ\u00e9 \u00e0 l\u2019est du massif des Arves. Le sommet du Colomban Noir (\u00e0 environ 2500 m) est situ\u00e9 [&hellip;]<\/p>\n","protected":false},"author":3,"featured_media":79614,"comment_status":"closed","ping_status":"closed","sticky":false,"template":"","format":"standard","meta":{"_acf_changed":false,"footnotes":""},"categories":[308],"tags":[],"class_list":["post-82540","post","type-post","status-publish","format-standard","has-post-thumbnail","hentry","category-cols-en-vrac"],"acf":[],"yoast_head":"<!-- This site is optimized with the Yoast SEO plugin v27.2 - https:\/\/yoast.com\/product\/yoast-seo-wordpress\/ -->\n<title>Le collet du Plan Nicolas - Club des Cent Cols<\/title>\n<meta name=\"robots\" content=\"index, follow, max-snippet:-1, max-image-preview:large, max-video-preview:-1\" \/>\n<link rel=\"canonical\" href=\"https:\/\/centcols.org\/nl\/de-collet-du-plan-nicolas\/\" \/>\n<meta property=\"og:locale\" content=\"nl_BE\" \/>\n<meta property=\"og:type\" content=\"article\" \/>\n<meta property=\"og:title\" content=\"Le collet du Plan Nicolas - Club des Cent Cols\" \/>\n<meta property=\"og:description\" content=\"Toponymie Le collet du Plan Nicolas (FR-73-2406) est \u00e9ponyme d\u2019une zone situ\u00e9e au nord-ouest du col. (voir carte ci-dessus). Il est \u00e9galement nomm\u00e9 Col du Colomban Noir (Geo-alp) Situation g\u00e9ographique Massif Le Collet de Plan Nicolas est situ\u00e9 \u00e0 l\u2019est du massif des Arves. Le sommet du Colomban Noir (\u00e0 environ 2500 m) est situ\u00e9 [&hellip;]\" \/>\n<meta property=\"og:url\" content=\"https:\/\/centcols.org\/nl\/de-collet-du-plan-nicolas\/\" \/>\n<meta property=\"og:site_name\" content=\"Club des Cent Cols\" \/>\n<meta property=\"article:publisher\" content=\"https:\/\/www.facebook.com\/groups\/5261880558\/?locale=fr_FR\" \/>\n<meta property=\"article:published_time\" content=\"2023-08-23T10:48:33+00:00\" \/>\n<meta property=\"article:modified_time\" content=\"2025-10-30T08:27:42+00:00\" \/>\n<meta property=\"og:image\" content=\"https:\/\/centcols.org\/wp-content\/uploads\/2025\/02\/plannicolas.jpg\" \/>\n\t<meta property=\"og:image:width\" content=\"1200\" \/>\n\t<meta property=\"og:image:height\" content=\"675\" \/>\n\t<meta property=\"og:image:type\" content=\"image\/jpeg\" \/>\n<meta name=\"author\" content=\"Webmestre\" \/>\n<meta name=\"twitter:card\" content=\"summary_large_image\" \/>\n<meta name=\"twitter:label1\" content=\"Geschreven door\" \/>\n\t<meta name=\"twitter:data1\" content=\"Webmestre\" \/>\n\t<meta name=\"twitter:label2\" content=\"Geschatte leestijd\" \/>\n\t<meta name=\"twitter:data2\" content=\"4 minuten\" \/>\n<script type=\"application\/ld+json\" class=\"yoast-schema-graph\">{\"@context\":\"https:\/\/schema.org\",\"@graph\":[{\"@type\":\"Article\",\"@id\":\"https:\/\/centcols.org\/le-collet-du-plan-nicolas\/#article\",\"isPartOf\":{\"@id\":\"https:\/\/centcols.org\/le-collet-du-plan-nicolas\/\"},\"author\":{\"name\":\"Webmestre\",\"@id\":\"https:\/\/centcols.org\/#\/schema\/person\/911b404fb133d8c913dd27cdcf71c8e5\"},\"headline\":\"Le collet du Plan Nicolas\",\"datePublished\":\"2023-08-23T10:48:33+00:00\",\"dateModified\":\"2025-10-30T08:27:42+00:00\",\"mainEntityOfPage\":{\"@id\":\"https:\/\/centcols.org\/le-collet-du-plan-nicolas\/\"},\"wordCount\":404,\"publisher\":{\"@id\":\"https:\/\/centcols.org\/#organization\"},\"image\":{\"@id\":\"https:\/\/centcols.org\/le-collet-du-plan-nicolas\/#primaryimage\"},\"thumbnailUrl\":\"https:\/\/centcols.org\/wp-content\/uploads\/2025\/02\/plannicolas.jpg\",\"articleSection\":[\"Cols en vrac\"],\"inLanguage\":\"nl-BE\"},{\"@type\":\"WebPage\",\"@id\":\"https:\/\/centcols.org\/le-collet-du-plan-nicolas\/\",\"url\":\"https:\/\/centcols.org\/le-collet-du-plan-nicolas\/\",\"name\":\"Le collet du Plan Nicolas - Club des Cent Cols\",\"isPartOf\":{\"@id\":\"https:\/\/centcols.org\/#website\"},\"primaryImageOfPage\":{\"@id\":\"https:\/\/centcols.org\/le-collet-du-plan-nicolas\/#primaryimage\"},\"image\":{\"@id\":\"https:\/\/centcols.org\/le-collet-du-plan-nicolas\/#primaryimage\"},\"thumbnailUrl\":\"https:\/\/centcols.org\/wp-content\/uploads\/2025\/02\/plannicolas.jpg\",\"datePublished\":\"2023-08-23T10:48:33+00:00\",\"dateModified\":\"2025-10-30T08:27:42+00:00\",\"breadcrumb\":{\"@id\":\"https:\/\/centcols.org\/le-collet-du-plan-nicolas\/#breadcrumb\"},\"inLanguage\":\"nl-BE\",\"potentialAction\":[{\"@type\":\"ReadAction\",\"target\":[\"https:\/\/centcols.org\/le-collet-du-plan-nicolas\/\"]}]},{\"@type\":\"ImageObject\",\"inLanguage\":\"nl-BE\",\"@id\":\"https:\/\/centcols.org\/le-collet-du-plan-nicolas\/#primaryimage\",\"url\":\"https:\/\/centcols.org\/wp-content\/uploads\/2025\/02\/plannicolas.jpg\",\"contentUrl\":\"https:\/\/centcols.org\/wp-content\/uploads\/2025\/02\/plannicolas.jpg\",\"width\":1200,\"height\":675},{\"@type\":\"BreadcrumbList\",\"@id\":\"https:\/\/centcols.org\/le-collet-du-plan-nicolas\/#breadcrumb\",\"itemListElement\":[{\"@type\":\"ListItem\",\"position\":1,\"name\":\"Accueil\",\"item\":\"https:\/\/centcols.org\/\"},{\"@type\":\"ListItem\",\"position\":2,\"name\":\"Cols en vrac\",\"item\":\"https:\/\/centcols.org\/rubrique\/cols-en-vrac\/\"},{\"@type\":\"ListItem\",\"position\":3,\"name\":\"Le collet du Plan Nicolas\"}]},{\"@type\":\"WebSite\",\"@id\":\"https:\/\/centcols.org\/#website\",\"url\":\"https:\/\/centcols.org\/\",\"name\":\"Club des Cent Cols\",\"description\":\"\",\"publisher\":{\"@id\":\"https:\/\/centcols.org\/#organization\"},\"potentialAction\":[{\"@type\":\"SearchAction\",\"target\":{\"@type\":\"EntryPoint\",\"urlTemplate\":\"https:\/\/centcols.org\/?s={search_term_string}\"},\"query-input\":{\"@type\":\"PropertyValueSpecification\",\"valueRequired\":true,\"valueName\":\"search_term_string\"}}],\"inLanguage\":\"nl-BE\"},{\"@type\":\"Organization\",\"@id\":\"https:\/\/centcols.org\/#organization\",\"name\":\"Club des Cent Cols\",\"url\":\"https:\/\/centcols.org\/\",\"logo\":{\"@type\":\"ImageObject\",\"inLanguage\":\"nl-BE\",\"@id\":\"https:\/\/centcols.org\/#\/schema\/logo\/image\/\",\"url\":\"https:\/\/centcols.org\/wp-content\/uploads\/2025\/01\/carte-icone.png\",\"contentUrl\":\"https:\/\/centcols.org\/wp-content\/uploads\/2025\/01\/carte-icone.png\",\"width\":250,\"height\":250,\"caption\":\"Club des Cent Cols\"},\"image\":{\"@id\":\"https:\/\/centcols.org\/#\/schema\/logo\/image\/\"},\"sameAs\":[\"https:\/\/www.facebook.com\/groups\/5261880558\/?locale=fr_FR\"]},{\"@type\":\"Person\",\"@id\":\"https:\/\/centcols.org\/#\/schema\/person\/911b404fb133d8c913dd27cdcf71c8e5\",\"name\":\"Webmestre\",\"image\":{\"@type\":\"ImageObject\",\"inLanguage\":\"nl-BE\",\"@id\":\"https:\/\/centcols.org\/wp-content\/litespeed\/avatar\/2d246e4b6b4f773e08515e1ffc53690b.jpg?ver=1777222892\",\"url\":\"https:\/\/centcols.org\/wp-content\/litespeed\/avatar\/2d246e4b6b4f773e08515e1ffc53690b.jpg?ver=1777222892\",\"contentUrl\":\"https:\/\/centcols.org\/wp-content\/litespeed\/avatar\/2d246e4b6b4f773e08515e1ffc53690b.jpg?ver=1777222892\",\"caption\":\"Webmestre\"},\"url\":\"https:\/\/centcols.org\/nl\/author\/webmestre\/\"}]}<\/script>\n<!-- \/ Yoast SEO plugin. -->","yoast_head_json":{"title":"De Collet du Plan Nicolas - Club des Cent Cols","robots":{"index":"index","follow":"follow","max-snippet":"max-snippet:-1","max-image-preview":"max-image-preview:large","max-video-preview":"max-video-preview:-1"},"canonical":"https:\/\/centcols.org\/nl\/de-collet-du-plan-nicolas\/","og_locale":"nl_BE","og_type":"article","og_title":"Le collet du Plan Nicolas - Club des Cent Cols","og_description":"Toponymie Le collet du Plan Nicolas (FR-73-2406) est \u00e9ponyme d\u2019une zone situ\u00e9e au nord-ouest du col. (voir carte ci-dessus). Il est \u00e9galement nomm\u00e9 Col du Colomban Noir (Geo-alp) Situation g\u00e9ographique Massif Le Collet de Plan Nicolas est situ\u00e9 \u00e0 l\u2019est du massif des Arves. Le sommet du Colomban Noir (\u00e0 environ 2500 m) est situ\u00e9 [&hellip;]","og_url":"https:\/\/centcols.org\/nl\/de-collet-du-plan-nicolas\/","og_site_name":"Club des Cent Cols","article_publisher":"https:\/\/www.facebook.com\/groups\/5261880558\/?locale=fr_FR","article_published_time":"2023-08-23T10:48:33+00:00","article_modified_time":"2025-10-30T08:27:42+00:00","og_image":[{"width":1200,"height":675,"url":"https:\/\/centcols.org\/wp-content\/uploads\/2025\/02\/plannicolas.jpg","type":"image\/jpeg"}],"author":"Webmestre","twitter_card":"summary_large_image","twitter_misc":{"Geschreven door":"Webmestre","Geschatte leestijd":"4 minuten"},"schema":{"@context":"https:\/\/schema.org","@graph":[{"@type":"Article","@id":"https:\/\/centcols.org\/le-collet-du-plan-nicolas\/#article","isPartOf":{"@id":"https:\/\/centcols.org\/le-collet-du-plan-nicolas\/"},"author":{"name":"Webmestre","@id":"https:\/\/centcols.org\/#\/schema\/person\/911b404fb133d8c913dd27cdcf71c8e5"},"headline":"Le collet du Plan Nicolas","datePublished":"2023-08-23T10:48:33+00:00","dateModified":"2025-10-30T08:27:42+00:00","mainEntityOfPage":{"@id":"https:\/\/centcols.org\/le-collet-du-plan-nicolas\/"},"wordCount":404,"publisher":{"@id":"https:\/\/centcols.org\/#organization"},"image":{"@id":"https:\/\/centcols.org\/le-collet-du-plan-nicolas\/#primaryimage"},"thumbnailUrl":"https:\/\/centcols.org\/wp-content\/uploads\/2025\/02\/plannicolas.jpg","articleSection":["Cols en vrac"],"inLanguage":"nl-BE"},{"@type":"WebPage","@id":"https:\/\/centcols.org\/le-collet-du-plan-nicolas\/","url":"https:\/\/centcols.org\/le-collet-du-plan-nicolas\/","name":"De Collet du Plan Nicolas - Club des Cent Cols","isPartOf":{"@id":"https:\/\/centcols.org\/#website"},"primaryImageOfPage":{"@id":"https:\/\/centcols.org\/le-collet-du-plan-nicolas\/#primaryimage"},"image":{"@id":"https:\/\/centcols.org\/le-collet-du-plan-nicolas\/#primaryimage"},"thumbnailUrl":"https:\/\/centcols.org\/wp-content\/uploads\/2025\/02\/plannicolas.jpg","datePublished":"2023-08-23T10:48:33+00:00","dateModified":"2025-10-30T08:27:42+00:00","breadcrumb":{"@id":"https:\/\/centcols.org\/le-collet-du-plan-nicolas\/#breadcrumb"},"inLanguage":"nl-BE","potentialAction":[{"@type":"ReadAction","target":["https:\/\/centcols.org\/le-collet-du-plan-nicolas\/"]}]},{"@type":"ImageObject","inLanguage":"nl-BE","@id":"https:\/\/centcols.org\/le-collet-du-plan-nicolas\/#primaryimage","url":"https:\/\/centcols.org\/wp-content\/uploads\/2025\/02\/plannicolas.jpg","contentUrl":"https:\/\/centcols.org\/wp-content\/uploads\/2025\/02\/plannicolas.jpg","width":1200,"height":675},{"@type":"BreadcrumbList","@id":"https:\/\/centcols.org\/le-collet-du-plan-nicolas\/#breadcrumb","itemListElement":[{"@type":"ListItem","position":1,"name":"Accueil","item":"https:\/\/centcols.org\/"},{"@type":"ListItem","position":2,"name":"Cols en vrac","item":"https:\/\/centcols.org\/rubrique\/cols-en-vrac\/"},{"@type":"ListItem","position":3,"name":"Le collet du Plan Nicolas"}]},{"@type":"WebSite","@id":"https:\/\/centcols.org\/#website","url":"https:\/\/centcols.org\/","name":"Club van Cent Cols","description":"","publisher":{"@id":"https:\/\/centcols.org\/#organization"},"potentialAction":[{"@type":"SearchAction","target":{"@type":"EntryPoint","urlTemplate":"https:\/\/centcols.org\/?s={search_term_string}"},"query-input":{"@type":"PropertyValueSpecification","valueRequired":true,"valueName":"search_term_string"}}],"inLanguage":"nl-BE"},{"@type":"Organization","@id":"https:\/\/centcols.org\/#organization","name":"Club van Cent Cols","url":"https:\/\/centcols.org\/","logo":{"@type":"ImageObject","inLanguage":"nl-BE","@id":"https:\/\/centcols.org\/#\/schema\/logo\/image\/","url":"https:\/\/centcols.org\/wp-content\/uploads\/2025\/01\/carte-icone.png","contentUrl":"https:\/\/centcols.org\/wp-content\/uploads\/2025\/01\/carte-icone.png","width":250,"height":250,"caption":"Club des Cent Cols"},"image":{"@id":"https:\/\/centcols.org\/#\/schema\/logo\/image\/"},"sameAs":["https:\/\/www.facebook.com\/groups\/5261880558\/?locale=fr_FR"]},{"@type":"Person","@id":"https:\/\/centcols.org\/#\/schema\/person\/911b404fb133d8c913dd27cdcf71c8e5","name":"Webmaster","image":{"@type":"ImageObject","inLanguage":"nl-BE","@id":"https:\/\/centcols.org\/wp-content\/litespeed\/avatar\/2d246e4b6b4f773e08515e1ffc53690b.jpg?ver=1777222892","url":"https:\/\/centcols.org\/wp-content\/litespeed\/avatar\/2d246e4b6b4f773e08515e1ffc53690b.jpg?ver=1777222892","contentUrl":"https:\/\/centcols.org\/wp-content\/litespeed\/avatar\/2d246e4b6b4f773e08515e1ffc53690b.jpg?ver=1777222892","caption":"Webmestre"},"url":"https:\/\/centcols.org\/nl\/author\/webmestre\/"}]}},"_links":{"self":[{"href":"https:\/\/centcols.org\/nl\/wp-json\/wp\/v2\/posts\/82540","targetHints":{"allow":["GET"]}}],"collection":[{"href":"https:\/\/centcols.org\/nl\/wp-json\/wp\/v2\/posts"}],"about":[{"href":"https:\/\/centcols.org\/nl\/wp-json\/wp\/v2\/types\/post"}],"author":[{"embeddable":true,"href":"https:\/\/centcols.org\/nl\/wp-json\/wp\/v2\/users\/3"}],"replies":[{"embeddable":true,"href":"https:\/\/centcols.org\/nl\/wp-json\/wp\/v2\/comments?post=82540"}],"version-history":[{"count":0,"href":"https:\/\/centcols.org\/nl\/wp-json\/wp\/v2\/posts\/82540\/revisions"}],"wp:featuredmedia":[{"embeddable":true,"href":"https:\/\/centcols.org\/nl\/wp-json\/wp\/v2\/media\/79614"}],"wp:attachment":[{"href":"https:\/\/centcols.org\/nl\/wp-json\/wp\/v2\/media?parent=82540"}],"wp:term":[{"taxonomy":"category","embeddable":true,"href":"https:\/\/centcols.org\/nl\/wp-json\/wp\/v2\/categories?post=82540"},{"taxonomy":"post_tag","embeddable":true,"href":"https:\/\/centcols.org\/nl\/wp-json\/wp\/v2\/tags?post=82540"}],"curies":[{"name":"wp","href":"https:\/\/api.w.org\/{rel}","templated":true}]}}