{"id":82615,"date":"2024-05-06T14:05:05","date_gmt":"2024-05-06T12:05:05","guid":{"rendered":"https:\/\/centcols.org\/col-du-sabot\/"},"modified":"2025-11-06T04:14:36","modified_gmt":"2025-11-06T02:14:36","slug":"hoefnek","status":"publish","type":"post","link":"https:\/\/centcols.org\/nl\/col-du-sabot\/","title":{"rendered":"Col du Sabot"},"content":{"rendered":"<p>Le <strong>Col du Sabot<\/strong> (<a href=\"https:\/\/centcols.org\/nl\/util\/geo\/visu.php\/?code=FR-38-2100b\" target=\"_blank\" rel=\"noreferrer noopener\">FR-38-2100b<\/a>) is de enige pas boven de 2000 meter in het departement Is\u00e8re die overdekt is... en bovendien is hij maar aan \u00e9\u00e9n kant overdekt.<\/p>\n\n\n\n<figure class=\"wp-block-image size-full\"><img loading=\"lazy\" decoding=\"async\" width=\"732\" height=\"434\" src=\"https:\/\/centcols.org\/wp-content\/uploads\/2025\/05\/Carte-SABOT.jpg\" alt=\"\" class=\"wp-image-82616\"\/><figcaption class=\"wp-element-caption\"><em>Het blauwe kruis geeft de positie van de Sabot-pas aan.<\/em><\/figcaption><\/figure>\n\n\n\n<h2 class=\"wp-block-heading\">Plaatsnaamkunde<\/h2>\n\n\n\n<p class=\"has-medium-font-size\">Sabot komt van Sabaudia, het dialect van de Savoie.<\/p>\n\n\n\n<h2 class=\"wp-block-heading\">Geografische locatie<\/h2>\n\n\n\n<h3 class=\"wp-block-heading\">Massief<\/h3>\n\n\n\n<p class=\"has-medium-font-size\">De Col du Sabot ligt in het Massif des&nbsp;<a href=\"https:\/\/fr.wikipedia.org\/wiki\/Grandes_Rousses\" target=\"_blank\" rel=\"noreferrer noopener\">Grandes Rousses<\/a>.&nbsp;<\/p>\n\n\n\n<figure class=\"wp-block-image size-full is-resized\"><img loading=\"lazy\" decoding=\"async\" width=\"1016\" height=\"659\" src=\"https:\/\/centcols.org\/wp-content\/uploads\/2025\/05\/SABOT-VERSANT-SUD.jpg\" alt=\"\" class=\"wp-image-82617\" style=\"width:840px;height:auto\" srcset=\"https:\/\/centcols.org\/wp-content\/uploads\/2025\/05\/SABOT-VERSANT-SUD.jpg 1016w, https:\/\/centcols.org\/wp-content\/uploads\/2025\/05\/SABOT-VERSANT-SUD-768x498.jpg 768w\" sizes=\"auto, (max-width: 1016px) 100vw, 1016px\" \/><figcaption class=\"wp-element-caption\">Onderschrift van de auteur: \u00abDe noordwestelijke rand van het Grandes Rousses-massief op de zuidelijke helling van de Col du Sabot, gezien vanuit het zuiden, vanuit de lucht, boven Sardonne\u00bb.\u00bb<br>  (met de Mont Blanc aan de horizon)<\/figcaption><\/figure>\n\n\n\n<h3 class=\"wp-block-heading has-medium-font-size\">Geologie<\/h3>\n\n\n\n<p>De Col du Sabot ligt in de depressie tussen het Aiguillettes-massief rechts en de Rochers Maupas links. Een kleine breuk hier zorgde ervoor dat een kristallijn miniblok kantelde en verschoof, als een verticale dominosteen die op zijn buurman links lag.  De resulterende depressie werd later opgevuld met Trias-afzettingen. Dit Trias dolomietbed, dat de kristallijne ondergrond bedekt, is duidelijk zichtbaar enkele tientallen meters ten oosten van de pas.<\/p>\n\n\n\n<figure class=\"wp-block-image size-full is-resized\"><img loading=\"lazy\" decoding=\"async\" width=\"629\" height=\"185\" src=\"https:\/\/centcols.org\/wp-content\/uploads\/2025\/05\/image-17.png\" alt=\"\" class=\"wp-image-82618\" style=\"width:816px;height:auto\"\/><\/figure>\n\n\n\n<h3 class=\"wp-block-heading\">Hydrografie<\/h3>\n\n\n\n<p>Beide hellingen zijn zijrivieren van de Eau d'Olle (een zijrivier van de Romanche, dan de Drac en de Is\u00e8re), terwijl de Vorge, een zijrivier van de Flumet, ontspringt bij de Col en zuidwestwaarts stroomt.<br>In het noorden stroomt de Sabot, die zich stroomafwaarts van de dam van Grand'Maison bij de Eau d'Olle voegt.<\/p>\n\n\n\n<h2 class=\"wp-block-heading\">Toegang<\/h2>\n\n\n\n<p><strong>Vanuit het zuidwesten<\/strong>, Vanaf Le Verney (vlakbij de elektriciteitscentrale van Eau d'Olle), bij de kruising van de D526 (route de la Croix de Fer) met de D43a (818 m), bereik je de Col du Sabot in 14,5 km. Je komt door Vaujany (op 10 km, hoogte 1250 m) en passeert Le Collet.&nbsp; <a href=\"https:\/\/centcols.org\/nl\/util\/geo\/visu.php\/?code=FR-38-1400\">FR-38-1400<\/a> &nbsp;&nbsp;(op 7,7 km afstand).<\/p>\n\n\n\n<figure class=\"wp-block-image size-full is-resized\"><img loading=\"lazy\" decoding=\"async\" width=\"1140\" height=\"460\" src=\"https:\/\/centcols.org\/wp-content\/uploads\/2025\/05\/Du-Col-du-Sabot.jpg\" alt=\"\" class=\"wp-image-82619\" style=\"width:800px\" srcset=\"https:\/\/centcols.org\/wp-content\/uploads\/2025\/05\/Du-Col-du-Sabot.jpg 1140w, https:\/\/centcols.org\/wp-content\/uploads\/2025\/05\/Du-Col-du-Sabot-768x310.jpg 768w\" sizes=\"auto, (max-width: 1140px) 100vw, 1140px\" \/><\/figure>\n\n\n\n<pre class=\"wp-block-preformatted\">De weg naar de Sabot pas ... op de achtergrond het Lac du Verney (bron Is\u00e8re-tourisme)<\/pre>\n\n\n\n<p>In het noorden leidt een pad van 2 km naar de dam van Grand Maison (1.705 m).<\/p>\n\n\n\n<figure class=\"wp-block-image size-full is-resized\"><img loading=\"lazy\" decoding=\"async\" width=\"1018\" height=\"681\" src=\"https:\/\/centcols.org\/wp-content\/uploads\/2025\/05\/SABOT-VERSANT-NORD-copie.jpg\" alt=\"\" class=\"wp-image-82620\" style=\"width:800px\" srcset=\"https:\/\/centcols.org\/wp-content\/uploads\/2025\/05\/SABOT-VERSANT-NORD-copie.jpg 1018w, https:\/\/centcols.org\/wp-content\/uploads\/2025\/05\/SABOT-VERSANT-NORD-copie-768x514.jpg 768w\" sizes=\"auto, (max-width: 1018px) 100vw, 1018px\" \/><\/figure>\n\n\n\n<pre class=\"wp-block-preformatted\">Onderschrift van de auteur: <em>\u00abHet noordelijke uiteinde van de Rochers Rissiou en de stuwdam van Grand Maison gezien vanuit het noorden, vanaf de lagere hellingen van de Rocher Pilliozan (Lac de l'Ane-pad).\u00bb<\/em><\/pre>\n\n\n\n<h2 class=\"wp-block-heading\">Wat te zien - toerisme\u00a0<\/h2>\n\n\n\n<p>Aan weerszijden van de Col du Sabot liggen de <a href=\"https:\/\/france3-regions.francetvinfo.fr\/auvergne-rhone-alpes\/isere\/video-immersion-a-la-centrale-hydroelectrique-de-grand-maison-en-isere-la-plus-puissante-d-europe-2274700.html\" target=\"_blank\" rel=\"noreferrer noopener\">Waterkrachtcentrales Grand'Maison<\/a>&nbsp;:<\/p>\n\n\n\n<p><strong>Naar het noorden<\/strong>, Onderaan het pad ligt de Grand'Maison dam en het meer.<\/p>\n\n\n\n<p><strong>Naar het zuidwesten<\/strong>, Vanaf de D43a, het Lac du Verney, de waterkrachtcentrale en het EDF Hydrelec museum.<\/p>\n\n\n\n<p>Artikelen bekijken <a href=\"https:\/\/centcols.org\/nl\/de-eikelpas\/\" target=\"_blank\" rel=\"noreferrer noopener\">Col du Glandon<\/a> of <a href=\"https:\/\/centcols.org\/nl\/de-col-de-la-croix-de-fer\/\" target=\"_blank\" rel=\"noreferrer noopener\">De bergpas van Fer<\/a> voor informatie over dammen, elektrische installaties en het Hydrelec museum.<\/p>\n\n\n\n<h2 class=\"wp-block-heading\">Administratieve status<\/h2>\n\n\n\n<h3 class=\"wp-block-heading\">Momenteel<\/h3>\n\n\n\n<p>De pas en de twee hellingen liggen in de gemeente Vaujany (Is\u00e8re).<\/p>\n\n\n\n<h3 class=\"wp-block-heading\">Geschiedenis&nbsp;<\/h3>\n\n\n\n<p><strong>Volgens&nbsp;<a href=\"https:\/\/www.oisans.com\/decouvrir\/les-incontournables\/col-glandon-col-de-croix-de-fer\/\" target=\"_blank\" rel=\"noreferrer noopener\">\u00aboisans.com\u00bb<\/a><\/strong>Tot 1860 markeerde de Sabot-pas de grens tussen Frankrijk en Savoie. Vaujany, op de route des cols, was toen uitgerust met een&nbsp;<strong>grenskantoor<\/strong>&nbsp;...waar nu het stuwmeer van Grand'Maison staat,&nbsp;<strong>in het verleden werden uitgestrekte alpenweiden gedeeld door de Fransen en de Savoyards<\/strong>.<\/p>\n\n\n\n<p>Het Grand'Maison was een groot gebouw dat werd gebruikt om herders te huisvesten. Informatie ingevuld door&nbsp;<strong>\u00ab&nbsp;<a href=\"https:\/\/www.isere-tourisme.com\/patrimoine-naturel\/au-col-du-sabot-2100-m\" target=\"_blank\" rel=\"noreferrer noopener\">Is\u00e8re-Toerisme&nbsp;<\/a>\u00bb&nbsp;<\/strong>Achter de Col du Sabot was een grenspost, waarvan sommige ru\u00efnes nog steeds bestaan.&nbsp;<\/p>\n\n\n\n<p>Aan deze rol als grens, met douaneposten, kwam een einde in 1850 toen Savoie deel ging uitmaken van Frankrijk. De ontwikkeling van het wegennet met de democratisering van de auto isoleerde deze weg ten gunste van de huidige weg die de passen Glandon en Croix de Fer verbindt via de Rivier d'Allemond.<\/p>\n\n\n\n<blockquote class=\"wp-block-quote is-layout-flow wp-block-quote-is-layout-flow\">\n<p>Noot van de redactie: Als de Col du Sabot de grens was tussen Dauphin\u00e9 (Frankrijk) en Savoie, zou dit moeten betekenen dat de route via de Col du Sabot (Allemond, Vaujany, Col du Sabot, Col du Glandon of Croix de Fer) beter begaanbaar was dan de route via de D\u00e9fil\u00e9 de Maupas . (zie de instorting van de Pic Brunard in 1989), (Allemond, Rivier d'Allemond, D\u00e9fil\u00e9 de Maupas, Col du Glandon), maar hierover is door de schrijver geen informatie gevonden op internet. Er is ook geen informatie of foto's over de ru\u00efnes van de grenspost die door Is\u00e8re-Tourisme wordt genoemd.<\/p>\n<\/blockquote>\n\n\n\n<h2 class=\"wp-block-heading\">Fietsen en fietstoerisme<\/h2>\n\n\n\n<p>Oisans Tourisme organiseert <a href=\"https:\/\/www.bike-oisans.com\/agenda-cyclo-vtt-oisans\/oisans-col-series\/\" target=\"_blank\" rel=\"noreferrer noopener\">SERIE OISANS COL&nbsp;<\/a>:<\/p>\n\n\n\n<p>Elke dinsdagochtend in de zomer is een iconische Oisans-pas gereserveerd voor fietsers (auto's zijn niet toegestaan).<\/p>\n\n\n\n<h3 class=\"wp-block-heading\">Profiel<\/h3>\n\n\n\n<figure class=\"wp-block-image size-full is-resized\"><img loading=\"lazy\" decoding=\"async\" width=\"1020\" height=\"594\" src=\"https:\/\/centcols.org\/wp-content\/uploads\/2025\/05\/PROFIL-SABOT.jpg\" alt=\"\" class=\"wp-image-82622\" style=\"width:800px\" srcset=\"https:\/\/centcols.org\/wp-content\/uploads\/2025\/05\/PROFIL-SABOT.jpg 1020w, https:\/\/centcols.org\/wp-content\/uploads\/2025\/05\/PROFIL-SABOT-768x447.jpg 768w\" sizes=\"auto, (max-width: 1020px) 100vw, 1020px\" \/><\/figure>\n\n\n\n<figure class=\"wp-block-image size-full\"><img loading=\"lazy\" decoding=\"async\" width=\"375\" height=\"356\" src=\"https:\/\/centcols.org\/wp-content\/uploads\/2025\/05\/image-2-4.png\" alt=\"\" class=\"wp-image-82623\"\/><\/figure>\n\n\n\n<p>                                              <em><em>Een artikel door G\u00e9rard Galland <\/em>en Bernard Giraudeau (voor het geologiegedeelte)<\/em><\/p>","protected":false},"excerpt":{"rendered":"<p>Le Col du Sabot (FR-38-2100b) est le seul col plus de 2000 m rev\u00eatu &nbsp;du d\u00e9partement de l\u2019Is\u00e8re \u2026 et de plus il ne l\u2019est que sur un seul versant. Toponymie Sabot vient de Sabaudia, la Savoie en patois. Situation G\u00e9ographique Massif Le col du Sabot est situ\u00e9 dans le massif des&nbsp;Grandes Rousses.&nbsp; G\u00e9ologie Le [&hellip;]<\/p>\n","protected":false},"author":58,"featured_media":82619,"comment_status":"closed","ping_status":"open","sticky":false,"template":"","format":"standard","meta":{"_acf_changed":false,"footnotes":""},"categories":[308],"tags":[],"class_list":["post-82615","post","type-post","status-publish","format-standard","has-post-thumbnail","hentry","category-cols-en-vrac"],"acf":[],"yoast_head":"<!-- This site is optimized with the Yoast SEO plugin v27.2 - https:\/\/yoast.com\/product\/yoast-seo-wordpress\/ -->\n<title>Col du Sabot - Club des Cent Cols<\/title>\n<meta name=\"robots\" content=\"index, follow, max-snippet:-1, max-image-preview:large, max-video-preview:-1\" \/>\n<link rel=\"canonical\" href=\"https:\/\/centcols.org\/nl\/hoefnek\/\" \/>\n<meta property=\"og:locale\" content=\"nl_BE\" \/>\n<meta property=\"og:type\" content=\"article\" \/>\n<meta property=\"og:title\" content=\"Col du Sabot - Club des Cent Cols\" \/>\n<meta property=\"og:description\" content=\"Le Col du Sabot (FR-38-2100b) est le seul col plus de 2000 m rev\u00eatu &nbsp;du d\u00e9partement de l\u2019Is\u00e8re \u2026 et de plus il ne l\u2019est que sur un seul versant. Toponymie Sabot vient de Sabaudia, la Savoie en patois. Situation G\u00e9ographique Massif Le col du Sabot est situ\u00e9 dans le massif des&nbsp;Grandes Rousses.&nbsp; G\u00e9ologie Le [&hellip;]\" \/>\n<meta property=\"og:url\" content=\"https:\/\/centcols.org\/nl\/hoefnek\/\" \/>\n<meta property=\"og:site_name\" content=\"Club des Cent Cols\" \/>\n<meta property=\"article:publisher\" content=\"https:\/\/www.facebook.com\/groups\/5261880558\/?locale=fr_FR\" \/>\n<meta property=\"article:published_time\" content=\"2024-05-06T12:05:05+00:00\" \/>\n<meta property=\"article:modified_time\" content=\"2025-11-06T02:14:36+00:00\" \/>\n<meta property=\"og:image\" content=\"https:\/\/centcols.org\/wp-content\/uploads\/2025\/05\/Du-Col-du-Sabot.jpg\" \/>\n\t<meta property=\"og:image:width\" content=\"1140\" \/>\n\t<meta property=\"og:image:height\" content=\"460\" \/>\n\t<meta property=\"og:image:type\" content=\"image\/jpeg\" \/>\n<meta name=\"author\" content=\"Enrico Alberini\" \/>\n<meta name=\"twitter:card\" content=\"summary_large_image\" \/>\n<meta name=\"twitter:label1\" content=\"Geschreven door\" \/>\n\t<meta name=\"twitter:data1\" content=\"Enrico Alberini\" \/>\n\t<meta name=\"twitter:label2\" content=\"Geschatte leestijd\" \/>\n\t<meta name=\"twitter:data2\" content=\"5 minuten\" \/>\n<script type=\"application\/ld+json\" class=\"yoast-schema-graph\">{\"@context\":\"https:\/\/schema.org\",\"@graph\":[{\"@type\":\"Article\",\"@id\":\"https:\/\/centcols.org\/col-du-sabot\/#article\",\"isPartOf\":{\"@id\":\"https:\/\/centcols.org\/col-du-sabot\/\"},\"author\":{\"name\":\"Enrico Alberini\",\"@id\":\"https:\/\/centcols.org\/#\/schema\/person\/86c3ec6889d88501a29fccac614bebf8\"},\"headline\":\"Col du Sabot\",\"datePublished\":\"2024-05-06T12:05:05+00:00\",\"dateModified\":\"2025-11-06T02:14:36+00:00\",\"mainEntityOfPage\":{\"@id\":\"https:\/\/centcols.org\/col-du-sabot\/\"},\"wordCount\":785,\"publisher\":{\"@id\":\"https:\/\/centcols.org\/#organization\"},\"image\":{\"@id\":\"https:\/\/centcols.org\/col-du-sabot\/#primaryimage\"},\"thumbnailUrl\":\"https:\/\/centcols.org\/wp-content\/uploads\/2025\/05\/Du-Col-du-Sabot.jpg\",\"articleSection\":[\"Cols en vrac\"],\"inLanguage\":\"nl-BE\"},{\"@type\":\"WebPage\",\"@id\":\"https:\/\/centcols.org\/col-du-sabot\/\",\"url\":\"https:\/\/centcols.org\/col-du-sabot\/\",\"name\":\"Col du Sabot - Club des Cent Cols\",\"isPartOf\":{\"@id\":\"https:\/\/centcols.org\/#website\"},\"primaryImageOfPage\":{\"@id\":\"https:\/\/centcols.org\/col-du-sabot\/#primaryimage\"},\"image\":{\"@id\":\"https:\/\/centcols.org\/col-du-sabot\/#primaryimage\"},\"thumbnailUrl\":\"https:\/\/centcols.org\/wp-content\/uploads\/2025\/05\/Du-Col-du-Sabot.jpg\",\"datePublished\":\"2024-05-06T12:05:05+00:00\",\"dateModified\":\"2025-11-06T02:14:36+00:00\",\"breadcrumb\":{\"@id\":\"https:\/\/centcols.org\/col-du-sabot\/#breadcrumb\"},\"inLanguage\":\"nl-BE\",\"potentialAction\":[{\"@type\":\"ReadAction\",\"target\":[\"https:\/\/centcols.org\/col-du-sabot\/\"]}]},{\"@type\":\"ImageObject\",\"inLanguage\":\"nl-BE\",\"@id\":\"https:\/\/centcols.org\/col-du-sabot\/#primaryimage\",\"url\":\"https:\/\/centcols.org\/wp-content\/uploads\/2025\/05\/Du-Col-du-Sabot.jpg\",\"contentUrl\":\"https:\/\/centcols.org\/wp-content\/uploads\/2025\/05\/Du-Col-du-Sabot.jpg\",\"width\":1140,\"height\":460},{\"@type\":\"BreadcrumbList\",\"@id\":\"https:\/\/centcols.org\/col-du-sabot\/#breadcrumb\",\"itemListElement\":[{\"@type\":\"ListItem\",\"position\":1,\"name\":\"Accueil\",\"item\":\"https:\/\/centcols.org\/\"},{\"@type\":\"ListItem\",\"position\":2,\"name\":\"Cols en vrac\",\"item\":\"https:\/\/centcols.org\/rubrique\/cols-en-vrac\/\"},{\"@type\":\"ListItem\",\"position\":3,\"name\":\"Col du Sabot\"}]},{\"@type\":\"WebSite\",\"@id\":\"https:\/\/centcols.org\/#website\",\"url\":\"https:\/\/centcols.org\/\",\"name\":\"Club des Cent Cols\",\"description\":\"\",\"publisher\":{\"@id\":\"https:\/\/centcols.org\/#organization\"},\"potentialAction\":[{\"@type\":\"SearchAction\",\"target\":{\"@type\":\"EntryPoint\",\"urlTemplate\":\"https:\/\/centcols.org\/?s={search_term_string}\"},\"query-input\":{\"@type\":\"PropertyValueSpecification\",\"valueRequired\":true,\"valueName\":\"search_term_string\"}}],\"inLanguage\":\"nl-BE\"},{\"@type\":\"Organization\",\"@id\":\"https:\/\/centcols.org\/#organization\",\"name\":\"Club des Cent Cols\",\"url\":\"https:\/\/centcols.org\/\",\"logo\":{\"@type\":\"ImageObject\",\"inLanguage\":\"nl-BE\",\"@id\":\"https:\/\/centcols.org\/#\/schema\/logo\/image\/\",\"url\":\"https:\/\/centcols.org\/wp-content\/uploads\/2025\/01\/carte-icone.png\",\"contentUrl\":\"https:\/\/centcols.org\/wp-content\/uploads\/2025\/01\/carte-icone.png\",\"width\":250,\"height\":250,\"caption\":\"Club des Cent Cols\"},\"image\":{\"@id\":\"https:\/\/centcols.org\/#\/schema\/logo\/image\/\"},\"sameAs\":[\"https:\/\/www.facebook.com\/groups\/5261880558\/?locale=fr_FR\"]},{\"@type\":\"Person\",\"@id\":\"https:\/\/centcols.org\/#\/schema\/person\/86c3ec6889d88501a29fccac614bebf8\",\"name\":\"Enrico Alberini\",\"image\":{\"@type\":\"ImageObject\",\"inLanguage\":\"nl-BE\",\"@id\":\"https:\/\/centcols.org\/wp-content\/litespeed\/avatar\/1b26e36a18d85acc8b0f860f9628213f.jpg?ver=1777240766\",\"url\":\"https:\/\/centcols.org\/wp-content\/litespeed\/avatar\/1b26e36a18d85acc8b0f860f9628213f.jpg?ver=1777240766\",\"contentUrl\":\"https:\/\/centcols.org\/wp-content\/litespeed\/avatar\/1b26e36a18d85acc8b0f860f9628213f.jpg?ver=1777240766\",\"caption\":\"Enrico Alberini\"},\"url\":\"https:\/\/centcols.org\/nl\/author\/5065\/\"}]}<\/script>\n<!-- \/ Yoast SEO plugin. -->","yoast_head_json":{"title":"Col du Sabot - Club des Cent Cols","robots":{"index":"index","follow":"follow","max-snippet":"max-snippet:-1","max-image-preview":"max-image-preview:large","max-video-preview":"max-video-preview:-1"},"canonical":"https:\/\/centcols.org\/nl\/hoefnek\/","og_locale":"nl_BE","og_type":"article","og_title":"Col du Sabot - Club des Cent Cols","og_description":"Le Col du Sabot (FR-38-2100b) est le seul col plus de 2000 m rev\u00eatu &nbsp;du d\u00e9partement de l\u2019Is\u00e8re \u2026 et de plus il ne l\u2019est que sur un seul versant. Toponymie Sabot vient de Sabaudia, la Savoie en patois. Situation G\u00e9ographique Massif Le col du Sabot est situ\u00e9 dans le massif des&nbsp;Grandes Rousses.&nbsp; G\u00e9ologie Le [&hellip;]","og_url":"https:\/\/centcols.org\/nl\/hoefnek\/","og_site_name":"Club des Cent Cols","article_publisher":"https:\/\/www.facebook.com\/groups\/5261880558\/?locale=fr_FR","article_published_time":"2024-05-06T12:05:05+00:00","article_modified_time":"2025-11-06T02:14:36+00:00","og_image":[{"width":1140,"height":460,"url":"https:\/\/centcols.org\/wp-content\/uploads\/2025\/05\/Du-Col-du-Sabot.jpg","type":"image\/jpeg"}],"author":"Enrico Alberini","twitter_card":"summary_large_image","twitter_misc":{"Geschreven door":"Enrico Alberini","Geschatte leestijd":"5 minuten"},"schema":{"@context":"https:\/\/schema.org","@graph":[{"@type":"Article","@id":"https:\/\/centcols.org\/col-du-sabot\/#article","isPartOf":{"@id":"https:\/\/centcols.org\/col-du-sabot\/"},"author":{"name":"Enrico Alberini","@id":"https:\/\/centcols.org\/#\/schema\/person\/86c3ec6889d88501a29fccac614bebf8"},"headline":"Col du Sabot","datePublished":"2024-05-06T12:05:05+00:00","dateModified":"2025-11-06T02:14:36+00:00","mainEntityOfPage":{"@id":"https:\/\/centcols.org\/col-du-sabot\/"},"wordCount":785,"publisher":{"@id":"https:\/\/centcols.org\/#organization"},"image":{"@id":"https:\/\/centcols.org\/col-du-sabot\/#primaryimage"},"thumbnailUrl":"https:\/\/centcols.org\/wp-content\/uploads\/2025\/05\/Du-Col-du-Sabot.jpg","articleSection":["Cols en vrac"],"inLanguage":"nl-BE"},{"@type":"WebPage","@id":"https:\/\/centcols.org\/col-du-sabot\/","url":"https:\/\/centcols.org\/col-du-sabot\/","name":"Col du Sabot - Club des Cent Cols","isPartOf":{"@id":"https:\/\/centcols.org\/#website"},"primaryImageOfPage":{"@id":"https:\/\/centcols.org\/col-du-sabot\/#primaryimage"},"image":{"@id":"https:\/\/centcols.org\/col-du-sabot\/#primaryimage"},"thumbnailUrl":"https:\/\/centcols.org\/wp-content\/uploads\/2025\/05\/Du-Col-du-Sabot.jpg","datePublished":"2024-05-06T12:05:05+00:00","dateModified":"2025-11-06T02:14:36+00:00","breadcrumb":{"@id":"https:\/\/centcols.org\/col-du-sabot\/#breadcrumb"},"inLanguage":"nl-BE","potentialAction":[{"@type":"ReadAction","target":["https:\/\/centcols.org\/col-du-sabot\/"]}]},{"@type":"ImageObject","inLanguage":"nl-BE","@id":"https:\/\/centcols.org\/col-du-sabot\/#primaryimage","url":"https:\/\/centcols.org\/wp-content\/uploads\/2025\/05\/Du-Col-du-Sabot.jpg","contentUrl":"https:\/\/centcols.org\/wp-content\/uploads\/2025\/05\/Du-Col-du-Sabot.jpg","width":1140,"height":460},{"@type":"BreadcrumbList","@id":"https:\/\/centcols.org\/col-du-sabot\/#breadcrumb","itemListElement":[{"@type":"ListItem","position":1,"name":"Accueil","item":"https:\/\/centcols.org\/"},{"@type":"ListItem","position":2,"name":"Cols en vrac","item":"https:\/\/centcols.org\/rubrique\/cols-en-vrac\/"},{"@type":"ListItem","position":3,"name":"Col du Sabot"}]},{"@type":"WebSite","@id":"https:\/\/centcols.org\/#website","url":"https:\/\/centcols.org\/","name":"Club van Cent Cols","description":"","publisher":{"@id":"https:\/\/centcols.org\/#organization"},"potentialAction":[{"@type":"SearchAction","target":{"@type":"EntryPoint","urlTemplate":"https:\/\/centcols.org\/?s={search_term_string}"},"query-input":{"@type":"PropertyValueSpecification","valueRequired":true,"valueName":"search_term_string"}}],"inLanguage":"nl-BE"},{"@type":"Organization","@id":"https:\/\/centcols.org\/#organization","name":"Club van Cent Cols","url":"https:\/\/centcols.org\/","logo":{"@type":"ImageObject","inLanguage":"nl-BE","@id":"https:\/\/centcols.org\/#\/schema\/logo\/image\/","url":"https:\/\/centcols.org\/wp-content\/uploads\/2025\/01\/carte-icone.png","contentUrl":"https:\/\/centcols.org\/wp-content\/uploads\/2025\/01\/carte-icone.png","width":250,"height":250,"caption":"Club des Cent Cols"},"image":{"@id":"https:\/\/centcols.org\/#\/schema\/logo\/image\/"},"sameAs":["https:\/\/www.facebook.com\/groups\/5261880558\/?locale=fr_FR"]},{"@type":"Person","@id":"https:\/\/centcols.org\/#\/schema\/person\/86c3ec6889d88501a29fccac614bebf8","name":"Enrico Alberini","image":{"@type":"ImageObject","inLanguage":"nl-BE","@id":"https:\/\/centcols.org\/wp-content\/litespeed\/avatar\/1b26e36a18d85acc8b0f860f9628213f.jpg?ver=1777240766","url":"https:\/\/centcols.org\/wp-content\/litespeed\/avatar\/1b26e36a18d85acc8b0f860f9628213f.jpg?ver=1777240766","contentUrl":"https:\/\/centcols.org\/wp-content\/litespeed\/avatar\/1b26e36a18d85acc8b0f860f9628213f.jpg?ver=1777240766","caption":"Enrico Alberini"},"url":"https:\/\/centcols.org\/nl\/author\/5065\/"}]}},"_links":{"self":[{"href":"https:\/\/centcols.org\/nl\/wp-json\/wp\/v2\/posts\/82615","targetHints":{"allow":["GET"]}}],"collection":[{"href":"https:\/\/centcols.org\/nl\/wp-json\/wp\/v2\/posts"}],"about":[{"href":"https:\/\/centcols.org\/nl\/wp-json\/wp\/v2\/types\/post"}],"author":[{"embeddable":true,"href":"https:\/\/centcols.org\/nl\/wp-json\/wp\/v2\/users\/58"}],"replies":[{"embeddable":true,"href":"https:\/\/centcols.org\/nl\/wp-json\/wp\/v2\/comments?post=82615"}],"version-history":[{"count":0,"href":"https:\/\/centcols.org\/nl\/wp-json\/wp\/v2\/posts\/82615\/revisions"}],"wp:featuredmedia":[{"embeddable":true,"href":"https:\/\/centcols.org\/nl\/wp-json\/wp\/v2\/media\/82619"}],"wp:attachment":[{"href":"https:\/\/centcols.org\/nl\/wp-json\/wp\/v2\/media?parent=82615"}],"wp:term":[{"taxonomy":"category","embeddable":true,"href":"https:\/\/centcols.org\/nl\/wp-json\/wp\/v2\/categories?post=82615"},{"taxonomy":"post_tag","embeddable":true,"href":"https:\/\/centcols.org\/nl\/wp-json\/wp\/v2\/tags?post=82615"}],"curies":[{"name":"wp","href":"https:\/\/api.w.org\/{rel}","templated":true}]}}