{"id":82624,"date":"2024-05-07T13:55:18","date_gmt":"2024-05-07T11:55:18","guid":{"rendered":"https:\/\/centcols.org\/le-col-luitel\/"},"modified":"2025-12-13T19:28:50","modified_gmt":"2025-12-13T17:28:50","slug":"de-luitel-pas","status":"publish","type":"post","link":"https:\/\/centcols.org\/nl\/le-col-luitel\/","title":{"rendered":"Kol Luitel"},"content":{"rendered":"<p>Le&nbsp;<strong>Kol Luitel<\/strong>&nbsp;(<a href=\"https:\/\/centcols.org\/nl\/util\/geo\/visuGen.php\/?code=FR-38-1262\" target=\"_blank\" rel=\"noreferrer noopener\">FR-38-1262<\/a>),<\/p>\n\n\n\n<p>Voor een lid van de Cent Cols club zorgt deze naam voor een \u00abkanteling\u00bb omdat hij gekoppeld is aan de <strong>oprichting van de broederschap<\/strong>&nbsp;: <a href=\"https:\/\/centcols.org\/nl\/historique-cent-cols-3\/\" target=\"_blank\" rel=\"noreferrer noopener\">Na de beklimming van deze pas in 1970 kwam Jean Perdoux op het idee om de \u00abClub des Cent Cols\" op te richten.<\/a>&nbsp;\u00bbvoor het schrijven van de regels in <strong>1972.<\/strong><\/p>\n\n\n\n<p>Voor iemand uit Grenoble die gaat ski\u00ebn in Chamrousse, ligt \u00able Luitel\u00bb op het kruispunt van de D111 (van Uriage naar Chamrousse) en de kleine weg die naar S\u00e9chilienne leidt ... onder het begin van de Arselle langlaufpistes ... nou nee, de pas ligt 500 meter verderop, midden in het natuurreservaat Luitel.<\/p>\n\n\n\n<div class=\"wp-block-media-text is-stacked-on-mobile\"><figure class=\"wp-block-media-text__media\"><img loading=\"lazy\" decoding=\"async\" width=\"1200\" height=\"800\" src=\"https:\/\/centcols.org\/wp-content\/uploads\/2024\/05\/1-Panneau1.jpg\" alt=\"\" class=\"wp-image-83301 size-full\" srcset=\"https:\/\/centcols.org\/wp-content\/uploads\/2024\/05\/1-Panneau1.jpg 1200w, https:\/\/centcols.org\/wp-content\/uploads\/2024\/05\/1-Panneau1-768x512.jpg 768w\" sizes=\"auto, (max-width: 1200px) 100vw, 1200px\" \/><\/figure><div class=\"wp-block-media-text__content\">\n<p>Deze (onbetwistbare) locatie komt overeen met de positie op de IGN-kaart, de locatie gegeven door de Club des Cent Cols en de positie van de houten wegwijzer die Col Luitel 1262 m aangeeft.<\/p>\n<\/div><\/div>\n\n\n\n<div class=\"wp-block-media-text has-media-on-the-right is-stacked-on-mobile\"><div class=\"wp-block-media-text__content\">\n<p>Verificatie ter plaatse in mei 2020: <a href=\"https:\/\/cyclotouristes-grenoblois.assoconnect.com\/articles\/135604-mais-ou-est-donc-exactement-le-col-luitel\" target=\"_blank\" rel=\"noreferrer noopener\">Maar waar is kolonel Luitel precies?<\/a><\/p>\n<\/div><figure class=\"wp-block-media-text__media\"><img loading=\"lazy\" decoding=\"async\" width=\"1200\" height=\"708\" src=\"https:\/\/centcols.org\/wp-content\/uploads\/2024\/05\/2-Carte1.jpg\" alt=\"\" class=\"wp-image-83302 size-full\" srcset=\"https:\/\/centcols.org\/wp-content\/uploads\/2024\/05\/2-Carte1.jpg 1200w, https:\/\/centcols.org\/wp-content\/uploads\/2024\/05\/2-Carte1-768x453.jpg 768w\" sizes=\"auto, (max-width: 1200px) 100vw, 1200px\" \/><\/figure><\/div>\n\n\n\n<h2 class=\"wp-block-heading\">Plaatsnaamkunde<\/h2>\n\n\n\n<p>Luitel: dit is de naam van de pas, het meer, het veen en het natuurreservaat.<\/p>\n\n\n\n<p>Volgens deze <a href=\"https:\/\/www.tandfonline.com\/doi\/abs\/10.1080\/00378941.1963.10835448\" target=\"_blank\" rel=\"noreferrer noopener\">artikel in het Bulletin de la Soci\u00e9t\u00e9 Botanique de France<\/a> (pagina 150) \u00abHistorische documenten over de Luitel zijn er bijna niet. Zeer weinig oude teksten verwijzen ernaar; de archieven van Is\u00e8re vertellen ons er niets interessants over. Hooguit wordt het soms genoemd onder de namen Lauvestellum, Lutet, Luther, dan Luytel en Luitel\u00bb(i).<\/p>\n\n\n\n<h2 class=\"wp-block-heading\">Geografische locatie<\/h2>\n\n\n\n<h3 class=\"wp-block-heading\">Massief<\/h3>\n\n\n\n<p>De Col Luitel ligt ten zuiden van de bergketen van Belledonne.<\/p>\n\n\n\n<h3 class=\"wp-block-heading\">Geologie<\/h3>\n\n\n\n<p>Hier baande zich meer dan 50.000 jaar geleden een arm van de gletsjer van de Romanchevallei langzaam een weg over de Col Luitel. Deze echte continue rasp kerfde depressies uit van verschillende dieptes (van 11 tot 16 meter).  Het meer van Luitel, dat oorspronkelijk veel groter was, werd gevormd toen de gletsjers zich terugtrokken. Het meer werd voortdurend aangevuld met water en veranderde gedeeltelijk in veen door de groei en ophoping van plantenresten. Vooral op de Col Luitel zorgde de typische woekering van mossen (sphagnum mossen) ervoor dat het veen uit een ondiepere depressie dan het meer uitstulpte.<\/p>\n\n\n\n<figure class=\"wp-block-gallery has-nested-images columns-default is-cropped wp-block-gallery-1 is-layout-flex wp-block-gallery-is-layout-flex\">\n<figure class=\"wp-block-image size-large\"><a href=\"https:\/\/centcols.org\/wp-content\/uploads\/2024\/05\/LA-tourbiere-P1000175-1-1200x8001-1.jpg\"><img loading=\"lazy\" decoding=\"async\" width=\"1200\" height=\"800\" data-id=\"83303\" src=\"https:\/\/centcols.org\/wp-content\/uploads\/2024\/05\/LA-tourbiere-P1000175-1-1200x8001-1.jpg\" alt=\"\" class=\"wp-image-83303\" srcset=\"https:\/\/centcols.org\/wp-content\/uploads\/2024\/05\/LA-tourbiere-P1000175-1-1200x8001-1.jpg 1200w, https:\/\/centcols.org\/wp-content\/uploads\/2024\/05\/LA-tourbiere-P1000175-1-1200x8001-1-768x512.jpg 768w\" sizes=\"auto, (max-width: 1200px) 100vw, 1200px\" \/><\/a><figcaption class=\"wp-element-caption\">het veen<\/figcaption><\/figure>\n\n\n\n<figure class=\"wp-block-image size-large\"><a href=\"https:\/\/centcols.org\/wp-content\/uploads\/2024\/05\/Le-Lac-Luitel-P1000177-1200x8001-1.jpg\"><img loading=\"lazy\" decoding=\"async\" width=\"1200\" height=\"800\" data-id=\"83304\" src=\"https:\/\/centcols.org\/wp-content\/uploads\/2024\/05\/Le-Lac-Luitel-P1000177-1200x8001-1.jpg\" alt=\"\" class=\"wp-image-83304\" srcset=\"https:\/\/centcols.org\/wp-content\/uploads\/2024\/05\/Le-Lac-Luitel-P1000177-1200x8001-1.jpg 1200w, https:\/\/centcols.org\/wp-content\/uploads\/2024\/05\/Le-Lac-Luitel-P1000177-1200x8001-1-768x512.jpg 768w\" sizes=\"auto, (max-width: 1200px) 100vw, 1200px\" \/><\/a><figcaption class=\"wp-element-caption\">Meer Luitel<\/figcaption><\/figure>\n<\/figure>\n\n\n\n<h3 class=\"wp-block-heading\">Hydrografie<\/h3>\n\n\n\n<p>Lac Luitel ligt in de <strong>ten noorden van de pas.<\/strong> Het wordt gevoed door de Ruisseau de Rambert, die afkomstig is van het plateau van Arselle (veen). Het meer mondt uit in de bocht van de D111 (komende van Uriage), net voor de kruising met de route de S\u00e9chilienne. Verder stroomafwaarts stroomt de Ruisseau de Pr\u00e9mol, een zijrivier van de Ruisseau de la Grande Maille in Vaulnaveys-le-Bas, zelf een zijrivier van de Romanche in Vizille.<\/p>\n\n\n\n<p>Sneeuwruimen op de weg naar Chamrousse door zoutstrooien en afspoeling van water zorgen ervoor dat grote hoeveelheden zout worden afgevoerd naar het Luitel-meer en het veengebied. Zie de studie: <em>\u00abLes effets des \u00e9pandages de sel sur la tourbi\u00e8re lacustre du Luitel (Massif de Belledonne, Frankrijk): la d\u00e9rivation des eaux du ruisseau du Rambert comme rem\u00e8de \u00e0 la pollution\u00bb. <a href=\"https:\/\/www.persee.fr\/doc\/rga_0035-1121_2003_num_91_1_2230\" target=\"_blank\" rel=\"noreferrer noopener\">(Revue de G\u00e9ographie Alpine Ann\u00e9e 2003 91-1 pp. 51-66)<\/a><\/em><\/p>\n\n\n\n<h3 class=\"wp-block-heading\">Toegang<\/h3>\n\n\n\n<p><strong>Van Grenoble<\/strong> (Palais des sports 23,5 km, 213 m), Gi\u00e9res (20 km, alt; 227 m), Uriage (13 km, alt 412m) via D524, MF de Pr\u00e9mol (3 km, 1088 m) via D111, D111\/ RF kruising (0,5 km - 1268m).<\/p>\n\n\n\n<p><strong>Van Chamrousse <\/strong>(Roche Beranger) (hoogte 1745 m) op de D111 bereikt de kruising met de route de S\u00e9chilienne na een afdaling van 7,5 km.<\/p>\n\n\n\n<p><strong>De S\u00e9chilienne <\/strong>(hoogte 368 m) is het 10 km klimmen (route C1) naar de Luitelpas.<\/p>\n\n\n\n<h2 class=\"wp-block-heading has-medium-font-size\">Wat te zien - toerisme&nbsp;<\/h2>\n\n\n\n<h3 class=\"wp-block-heading\">Op de pas<\/h3>\n\n\n\n<p>La <a href=\"https:\/\/www.isere-tourisme.com\/patrimoine-naturel\/reserve-naturelle-du-luitel\" target=\"_blank\" rel=\"noreferrer noopener\">Natuurreservaat Lac Luitel,<\/a> de eerste in Frankrijk (1961), bevat alle ecologische stadia van een sphagnum veen op zijn 17 hectare grote site. Luitel meer dankt zijn bestaan aan de grote gletsjers van het Quartair.<\/p>\n\n\n\n<p>Het veengebied Col Luitel werd in 1991 onderdeel van het reservaat.<\/p>\n\n\n\n<p><a href=\"https:\/\/www.lacsdemontagne.fr\/pages%20web\/38\/Belledonne\/lac%20Luitel\/lac_luitel.htm\" target=\"_blank\" rel=\"noreferrer noopener\">Deze reserve<\/a>, Het veengebied Luitel bestaat uit twee gebieden: Lac Luitel, een meer en veengebied dat wordt gekenmerkt door drijvende vlotten, en het gedeeltelijk beboste Col Luitel veengebied. Er lopen een aantal bewegwijzerde wandelpaden door het gebied.<\/p>\n\n\n\n<h2 class=\"wp-block-heading\">Administratieve status<\/h2>\n\n\n\n<p>De Col Luitel ligt in de gemeente S\u00e9chilienne.<\/p>\n\n\n\n<p>De grens met de gemeente Vaulnaveys-le-Haut is de D111 (route de Chamrousse).<\/p>\n\n\n\n<h2 class=\"wp-block-heading\">Fietsen en fietstoerisme<\/h2>\n\n\n\n<p><strong><a href=\"https:\/\/centcols.org\/wp-content\/uploads\/2022\/07\/D-L-100-cols.jpg\" target=\"_blank\" rel=\"noreferrer noopener\">Vijftigste verjaardag van de Club des Cents Cols<\/a> (Dauphin\u00e9 Lib\u00e9r\u00e9)<\/strong><\/p>\n\n\n\n<p>Op zaterdag 25 juni 2022 vierde de Club des Cent Cols haar 50e verjaardag. Ongeveer honderd mensen verzamelden zich op de parkeerplaats van het boshuis Premol (hoogte 1088 m), op 3 km van de pas.<\/p>\n\n\n\n<div class=\"wp-block-media-text has-media-on-the-right is-stacked-on-mobile\" style=\"grid-template-columns:auto 35%\"><div class=\"wp-block-media-text__content\">\n<p>Na onderzoek en discussie tussen Guy Harl\u00e9, de organisator van het evenement, en een aantal lokale centcoleden werd deze locatie gekozen vanwege de nabijheid van de pas (en het feit dat het onmogelijk was om het evenement op de pas zelf te houden vanwege de krappe omstandigheden op de kleine parkeerplaats aan de rand van het natuurreservaat Luitel).<\/p>\n\n\n\n<p>Het was van vitaal belang om het reservaat niet te vertrappen ...<\/p>\n<\/div><figure class=\"wp-block-media-text__media\"><img loading=\"lazy\" decoding=\"async\" width=\"414\" height=\"374\" src=\"https:\/\/centcols.org\/wp-content\/uploads\/2024\/05\/3-Plan-Luitel-Parking-1-11.jpg\" alt=\"\" class=\"wp-image-89964 size-full\" srcset=\"https:\/\/centcols.org\/wp-content\/uploads\/2024\/05\/3-Plan-Luitel-Parking-1-11.jpg 414w, https:\/\/centcols.org\/wp-content\/uploads\/2024\/05\/3-Plan-Luitel-Parking-1-11-13x12.jpg 13w\" sizes=\"auto, (max-width: 414px) 100vw, 414px\" \/><\/figure><\/div>\n\n\n\n<div style=\"height:40px\" aria-hidden=\"true\" class=\"wp-block-spacer\"><\/div>\n\n\n<div class=\"wp-block-image\">\n<figure data-wp-context=\"{&quot;imageId&quot;:&quot;69f18a49e7d3b&quot;}\" data-wp-interactive=\"core\/image\" data-wp-key=\"69f18a49e7d3b\" class=\"aligncenter size-full is-resized wp-lightbox-container\"><img loading=\"lazy\" decoding=\"async\" width=\"1200\" height=\"800\" data-wp-class--hide=\"state.isContentHidden\" data-wp-class--show=\"state.isContentVisible\" data-wp-init=\"callbacks.setButtonStyles\" data-wp-on--click=\"actions.showLightbox\" data-wp-on--load=\"callbacks.setButtonStyles\" data-wp-on-window--resize=\"callbacks.setButtonStyles\" src=\"https:\/\/centcols.org\/wp-content\/uploads\/2025\/05\/4-Camping-car-a-PREMOL-copie.jpg\" alt=\"\" class=\"wp-image-82631\" style=\"width:587px;height:auto\" srcset=\"https:\/\/centcols.org\/wp-content\/uploads\/2025\/05\/4-Camping-car-a-PREMOL-copie.jpg 1200w, https:\/\/centcols.org\/wp-content\/uploads\/2025\/05\/4-Camping-car-a-PREMOL-copie-768x512.jpg 768w\" sizes=\"auto, (max-width: 1200px) 100vw, 1200px\" \/><button\n\t\t\tclass=\"lightbox-trigger\"\n\t\t\ttype=\"button\"\n\t\t\taria-haspopup=\"dialog\"\n\t\t\taria-label=\"Vergroten\"\n\t\t\tdata-wp-init=\"callbacks.initTriggerButton\"\n\t\t\tdata-wp-on--click=\"actions.showLightbox\"\n\t\t\tdata-wp-style--right=\"state.imageButtonRight\"\n\t\t\tdata-wp-style--top=\"state.imageButtonTop\"\n\t\t>\n\t\t\t<svg xmlns=\"http:\/\/www.w3.org\/2000\/svg\" width=\"12\" height=\"12\" fill=\"none\" viewbox=\"0 0 12 12\">\n\t\t\t\t<path fill=\"#fff\" d=\"M2 0a2 2 0 0 0-2 2v2h1.5V2a.5.5 0 0 1 .5-.5h2V0H2Zm2 10.5H2a.5.5 0 0 1-.5-.5V8H0v2a2 2 0 0 0 2 2h2v-1.5ZM8 12v-1.5h2a.5.5 0 0 0 .5-.5V8H12v2a2 2 0 0 1-2 2H8Zm2-12a2 2 0 0 1 2 2v2h-1.5V2a.5.5 0 0 0-.5-.5H8V0h2Z\" \/>\n\t\t\t<\/svg>\n\t\t<\/button><figcaption class=\"wp-element-caption\">De avond ervoor - voorbereidingen voor het evenement<\/figcaption><\/figure>\n<\/div>\n\n\n<div style=\"height:40px\" aria-hidden=\"true\" class=\"wp-block-spacer\"><\/div>\n\n\n<div class=\"wp-block-image\">\n<figure data-wp-context=\"{&quot;imageId&quot;:&quot;69f18a49e8989&quot;}\" data-wp-interactive=\"core\/image\" data-wp-key=\"69f18a49e8989\" class=\"aligncenter size-full is-resized wp-lightbox-container\"><img loading=\"lazy\" decoding=\"async\" width=\"1200\" height=\"900\" data-wp-class--hide=\"state.isContentHidden\" data-wp-class--show=\"state.isContentVisible\" data-wp-init=\"callbacks.setButtonStyles\" data-wp-on--click=\"actions.showLightbox\" data-wp-on--load=\"callbacks.setButtonStyles\" data-wp-on-window--resize=\"callbacks.setButtonStyles\" src=\"https:\/\/centcols.org\/wp-content\/uploads\/2025\/05\/5-rassemblement-copie.jpg\" alt=\"\" class=\"wp-image-82634\" style=\"width:800px\" srcset=\"https:\/\/centcols.org\/wp-content\/uploads\/2025\/05\/5-rassemblement-copie.jpg 1200w, https:\/\/centcols.org\/wp-content\/uploads\/2025\/05\/5-rassemblement-copie-768x576.jpg 768w\" sizes=\"auto, (max-width: 1200px) 100vw, 1200px\" \/><button\n\t\t\tclass=\"lightbox-trigger\"\n\t\t\ttype=\"button\"\n\t\t\taria-haspopup=\"dialog\"\n\t\t\taria-label=\"Vergroten\"\n\t\t\tdata-wp-init=\"callbacks.initTriggerButton\"\n\t\t\tdata-wp-on--click=\"actions.showLightbox\"\n\t\t\tdata-wp-style--right=\"state.imageButtonRight\"\n\t\t\tdata-wp-style--top=\"state.imageButtonTop\"\n\t\t>\n\t\t\t<svg xmlns=\"http:\/\/www.w3.org\/2000\/svg\" width=\"12\" height=\"12\" fill=\"none\" viewbox=\"0 0 12 12\">\n\t\t\t\t<path fill=\"#fff\" d=\"M2 0a2 2 0 0 0-2 2v2h1.5V2a.5.5 0 0 1 .5-.5h2V0H2Zm2 10.5H2a.5.5 0 0 1-.5-.5V8H0v2a2 2 0 0 0 2 2h2v-1.5ZM8 12v-1.5h2a.5.5 0 0 0 .5-.5V8H12v2a2 2 0 0 1-2 2H8Zm2-12a2 2 0 0 1 2 2v2h-1.5V2a.5.5 0 0 0-.5-.5H8V0h2Z\" \/>\n\t\t\t<\/svg>\n\t\t<\/button><figcaption class=\"wp-element-caption\">De rally en de toespraak van organisator Guy Harl\u00e9<\/figcaption><\/figure>\n<\/div>\n\n\n<figure class=\"wp-block-gallery has-nested-images columns-default is-cropped wp-block-gallery-2 is-layout-flex wp-block-gallery-is-layout-flex\">\n<figure class=\"wp-block-image size-full\"><img loading=\"lazy\" decoding=\"async\" width=\"1200\" height=\"800\" data-id=\"82635\" src=\"https:\/\/centcols.org\/wp-content\/uploads\/2025\/05\/6-discours-1.jpg\" alt=\"\" class=\"wp-image-82635\" srcset=\"https:\/\/centcols.org\/wp-content\/uploads\/2025\/05\/6-discours-1.jpg 1200w, https:\/\/centcols.org\/wp-content\/uploads\/2025\/05\/6-discours-1-768x512.jpg 768w\" sizes=\"auto, (max-width: 1200px) 100vw, 1200px\" \/><figcaption class=\"wp-element-caption\">Toespraak door Jean Perdoux, stichtend voorzitter<\/figcaption><\/figure>\n\n\n\n<figure class=\"wp-block-image size-full\"><img loading=\"lazy\" decoding=\"async\" width=\"1200\" height=\"800\" data-id=\"82636\" src=\"https:\/\/centcols.org\/wp-content\/uploads\/2025\/05\/7-discours-2.jpg\" alt=\"\" class=\"wp-image-82636\" srcset=\"https:\/\/centcols.org\/wp-content\/uploads\/2025\/05\/7-discours-2.jpg 1200w, https:\/\/centcols.org\/wp-content\/uploads\/2025\/05\/7-discours-2-768x512.jpg 768w\" sizes=\"auto, (max-width: 1200px) 100vw, 1200px\" \/><figcaption class=\"wp-element-caption\">De toespraak van de huidige president Enrico Alberini<\/figcaption><\/figure>\n<\/figure>\n\n\n\n<h3 class=\"wp-block-heading\">Profielen<\/h3>\n\n\n\n<div class=\"wp-block-media-text is-stacked-on-mobile\"><figure class=\"wp-block-media-text__media\"><img loading=\"lazy\" decoding=\"async\" width=\"596\" height=\"357\" src=\"https:\/\/centcols.org\/wp-content\/uploads\/2024\/05\/image-31.png\" alt=\"\" class=\"wp-image-83312 size-full\"\/><\/figure><div class=\"wp-block-media-text__content\">\n<p>Start : Vaulnaveys le Haut<br>Lengte: 10,90 km<br>Hoogteverschil: 855 m<br>% Gemiddeld: 7,84%<br>% Maximaal: 10,2%<br><a href=\"http:\/\/Cols-cyclisme.com\">Cols-cyclisme.com<\/a><\/p>\n\n\n\n<p><em>Profiel van de kol Luitel uit Uriage.&nbsp;<\/em><\/p>\n<\/div><\/div>\n\n\n\n<div class=\"wp-block-media-text has-media-on-the-right is-stacked-on-mobile\"><div class=\"wp-block-media-text__content\">\n<p>Start : S\u00e9chilienne<br>Lengte: 10,30 km<br>Hoogteverschil: 901 m<br>% Gemiddeld: 8.75%<br>% Maximaal: 14,3%<br><a href=\"https:\/\/www.cols-cyclisme.com\/belledonne\/france\/col-luitel-depuis-sechilienne-c102.htm\" target=\"_blank\" rel=\"noreferrer noopener\">Cols-cyclisme.com<\/a><\/p>\n\n\n\n<p><em>Profiel van de Col Luitel uit S\u00e9chilenne<\/em><\/p>\n<\/div><figure class=\"wp-block-media-text__media\"><img loading=\"lazy\" decoding=\"async\" width=\"606\" height=\"358\" src=\"https:\/\/centcols.org\/wp-content\/uploads\/2024\/05\/image-41.png\" alt=\"\" class=\"wp-image-83313 size-full\"\/><\/figure><\/div>\n\n\n\n<p class=\"has-medium-font-size\">En tot slot een paar beelden over de  <a href=\"https:\/\/photos.google.com\/share\/AF1QipO-WPhiqBe6q-hi6QVjOhEqKQ1Pp0Ww75PjJzLnOCE1UxwoZTioqhhI_4PyYAHLHQ?key=NnNuOUdPYkwyMHhSQ2xCX09MWWdVWmVkN2NpRmln\" target=\"_blank\" rel=\"noreferrer noopener\">KOL LUITEL<\/a><\/p>\n\n\n\n<p class=\"has-text-align-right\"><em>Een artikel door G\u00e9rard Galland (en Bernard Giraudeau voor de afdeling geologie)<\/em><\/p>","protected":false},"excerpt":{"rendered":"<p>Le&nbsp;Col Luitel&nbsp;(FR-38-1262), Pour un membre du club de Cent Cols, ce nom d\u00e9clenche un \u00ab&nbsp;tilt&nbsp;\u00bb puisque ce nom est li\u00e9 \u00e0 la cr\u00e9ation de la confr\u00e9rie&nbsp;: c\u2019est apr\u00e8s avoir escalad\u00e9 ce col&nbsp; en 1970, que Jean Perdoux eut l\u2019id\u00e9e de cr\u00e9er&nbsp;: \u00ab&nbsp;Le Club des Cent Cols&nbsp;\u00bb &nbsp;avant d\u2019en \u00e9crire&nbsp; le r\u00e8glement en 1972. Pour un [&hellip;]<\/p>\n","protected":false},"author":58,"featured_media":83304,"comment_status":"closed","ping_status":"open","sticky":false,"template":"","format":"standard","meta":{"_acf_changed":false,"footnotes":""},"categories":[308],"tags":[],"class_list":["post-82624","post","type-post","status-publish","format-standard","has-post-thumbnail","hentry","category-cols-en-vrac"],"acf":[],"yoast_head":"<!-- This site is optimized with the Yoast SEO plugin v27.2 - https:\/\/yoast.com\/product\/yoast-seo-wordpress\/ -->\n<title>Le Col Luitel - Club des Cent Cols<\/title>\n<meta name=\"robots\" content=\"index, follow, max-snippet:-1, max-image-preview:large, max-video-preview:-1\" \/>\n<link rel=\"canonical\" href=\"https:\/\/centcols.org\/nl\/de-luitel-pas\/\" \/>\n<meta property=\"og:locale\" content=\"nl_BE\" \/>\n<meta property=\"og:type\" content=\"article\" \/>\n<meta property=\"og:title\" content=\"Le Col Luitel - Club des Cent Cols\" \/>\n<meta property=\"og:description\" content=\"Le&nbsp;Col Luitel&nbsp;(FR-38-1262), Pour un membre du club de Cent Cols, ce nom d\u00e9clenche un \u00ab&nbsp;tilt&nbsp;\u00bb puisque ce nom est li\u00e9 \u00e0 la cr\u00e9ation de la confr\u00e9rie&nbsp;: c\u2019est apr\u00e8s avoir escalad\u00e9 ce col&nbsp; en 1970, que Jean Perdoux eut l\u2019id\u00e9e de cr\u00e9er&nbsp;: \u00ab&nbsp;Le Club des Cent Cols&nbsp;\u00bb &nbsp;avant d\u2019en \u00e9crire&nbsp; le r\u00e8glement en 1972. Pour un [&hellip;]\" \/>\n<meta property=\"og:url\" content=\"https:\/\/centcols.org\/nl\/de-luitel-pas\/\" \/>\n<meta property=\"og:site_name\" content=\"Club des Cent Cols\" \/>\n<meta property=\"article:publisher\" content=\"https:\/\/www.facebook.com\/groups\/5261880558\/?locale=fr_FR\" \/>\n<meta property=\"article:published_time\" content=\"2024-05-07T11:55:18+00:00\" \/>\n<meta property=\"article:modified_time\" content=\"2025-12-13T17:28:50+00:00\" \/>\n<meta property=\"og:image\" content=\"https:\/\/centcols.org\/wp-content\/uploads\/2024\/05\/Le-Lac-Luitel-P1000177-1200x8001-1.jpg\" \/>\n\t<meta property=\"og:image:width\" content=\"1200\" \/>\n\t<meta property=\"og:image:height\" content=\"800\" \/>\n\t<meta property=\"og:image:type\" content=\"image\/jpeg\" \/>\n<meta name=\"author\" content=\"Enrico Alberini\" \/>\n<meta name=\"twitter:card\" content=\"summary_large_image\" \/>\n<meta name=\"twitter:label1\" content=\"Geschreven door\" \/>\n\t<meta name=\"twitter:data1\" content=\"Enrico Alberini\" \/>\n\t<meta name=\"twitter:label2\" content=\"Geschatte leestijd\" \/>\n\t<meta name=\"twitter:data2\" content=\"8 minuten\" \/>\n<script type=\"application\/ld+json\" class=\"yoast-schema-graph\">{\"@context\":\"https:\/\/schema.org\",\"@graph\":[{\"@type\":\"Article\",\"@id\":\"https:\/\/centcols.org\/le-col-luitel\/#article\",\"isPartOf\":{\"@id\":\"https:\/\/centcols.org\/le-col-luitel\/\"},\"author\":{\"name\":\"Enrico Alberini\",\"@id\":\"https:\/\/centcols.org\/#\/schema\/person\/86c3ec6889d88501a29fccac614bebf8\"},\"headline\":\"Le Col Luitel\",\"datePublished\":\"2024-05-07T11:55:18+00:00\",\"dateModified\":\"2025-12-13T17:28:50+00:00\",\"mainEntityOfPage\":{\"@id\":\"https:\/\/centcols.org\/le-col-luitel\/\"},\"wordCount\":1020,\"publisher\":{\"@id\":\"https:\/\/centcols.org\/#organization\"},\"image\":{\"@id\":\"https:\/\/centcols.org\/le-col-luitel\/#primaryimage\"},\"thumbnailUrl\":\"https:\/\/centcols.org\/wp-content\/uploads\/2024\/05\/Le-Lac-Luitel-P1000177-1200x8001-1.jpg\",\"articleSection\":[\"Cols en vrac\"],\"inLanguage\":\"nl-BE\"},{\"@type\":\"WebPage\",\"@id\":\"https:\/\/centcols.org\/le-col-luitel\/\",\"url\":\"https:\/\/centcols.org\/le-col-luitel\/\",\"name\":\"Le Col Luitel - Club des Cent Cols\",\"isPartOf\":{\"@id\":\"https:\/\/centcols.org\/#website\"},\"primaryImageOfPage\":{\"@id\":\"https:\/\/centcols.org\/le-col-luitel\/#primaryimage\"},\"image\":{\"@id\":\"https:\/\/centcols.org\/le-col-luitel\/#primaryimage\"},\"thumbnailUrl\":\"https:\/\/centcols.org\/wp-content\/uploads\/2024\/05\/Le-Lac-Luitel-P1000177-1200x8001-1.jpg\",\"datePublished\":\"2024-05-07T11:55:18+00:00\",\"dateModified\":\"2025-12-13T17:28:50+00:00\",\"breadcrumb\":{\"@id\":\"https:\/\/centcols.org\/le-col-luitel\/#breadcrumb\"},\"inLanguage\":\"nl-BE\",\"potentialAction\":[{\"@type\":\"ReadAction\",\"target\":[\"https:\/\/centcols.org\/le-col-luitel\/\"]}]},{\"@type\":\"ImageObject\",\"inLanguage\":\"nl-BE\",\"@id\":\"https:\/\/centcols.org\/le-col-luitel\/#primaryimage\",\"url\":\"https:\/\/centcols.org\/wp-content\/uploads\/2024\/05\/Le-Lac-Luitel-P1000177-1200x8001-1.jpg\",\"contentUrl\":\"https:\/\/centcols.org\/wp-content\/uploads\/2024\/05\/Le-Lac-Luitel-P1000177-1200x8001-1.jpg\",\"width\":1200,\"height\":800},{\"@type\":\"BreadcrumbList\",\"@id\":\"https:\/\/centcols.org\/le-col-luitel\/#breadcrumb\",\"itemListElement\":[{\"@type\":\"ListItem\",\"position\":1,\"name\":\"Accueil\",\"item\":\"https:\/\/centcols.org\/\"},{\"@type\":\"ListItem\",\"position\":2,\"name\":\"Cols en vrac\",\"item\":\"https:\/\/centcols.org\/rubrique\/cols-en-vrac\/\"},{\"@type\":\"ListItem\",\"position\":3,\"name\":\"Le Col Luitel\"}]},{\"@type\":\"WebSite\",\"@id\":\"https:\/\/centcols.org\/#website\",\"url\":\"https:\/\/centcols.org\/\",\"name\":\"Club des Cent Cols\",\"description\":\"\",\"publisher\":{\"@id\":\"https:\/\/centcols.org\/#organization\"},\"potentialAction\":[{\"@type\":\"SearchAction\",\"target\":{\"@type\":\"EntryPoint\",\"urlTemplate\":\"https:\/\/centcols.org\/?s={search_term_string}\"},\"query-input\":{\"@type\":\"PropertyValueSpecification\",\"valueRequired\":true,\"valueName\":\"search_term_string\"}}],\"inLanguage\":\"nl-BE\"},{\"@type\":\"Organization\",\"@id\":\"https:\/\/centcols.org\/#organization\",\"name\":\"Club des Cent Cols\",\"url\":\"https:\/\/centcols.org\/\",\"logo\":{\"@type\":\"ImageObject\",\"inLanguage\":\"nl-BE\",\"@id\":\"https:\/\/centcols.org\/#\/schema\/logo\/image\/\",\"url\":\"https:\/\/centcols.org\/wp-content\/uploads\/2025\/01\/carte-icone.png\",\"contentUrl\":\"https:\/\/centcols.org\/wp-content\/uploads\/2025\/01\/carte-icone.png\",\"width\":250,\"height\":250,\"caption\":\"Club des Cent Cols\"},\"image\":{\"@id\":\"https:\/\/centcols.org\/#\/schema\/logo\/image\/\"},\"sameAs\":[\"https:\/\/www.facebook.com\/groups\/5261880558\/?locale=fr_FR\"]},{\"@type\":\"Person\",\"@id\":\"https:\/\/centcols.org\/#\/schema\/person\/86c3ec6889d88501a29fccac614bebf8\",\"name\":\"Enrico Alberini\",\"image\":{\"@type\":\"ImageObject\",\"inLanguage\":\"nl-BE\",\"@id\":\"https:\/\/centcols.org\/wp-content\/litespeed\/avatar\/1b26e36a18d85acc8b0f860f9628213f.jpg?ver=1777240766\",\"url\":\"https:\/\/centcols.org\/wp-content\/litespeed\/avatar\/1b26e36a18d85acc8b0f860f9628213f.jpg?ver=1777240766\",\"contentUrl\":\"https:\/\/centcols.org\/wp-content\/litespeed\/avatar\/1b26e36a18d85acc8b0f860f9628213f.jpg?ver=1777240766\",\"caption\":\"Enrico Alberini\"},\"url\":\"https:\/\/centcols.org\/nl\/author\/5065\/\"}]}<\/script>\n<!-- \/ Yoast SEO plugin. -->","yoast_head_json":{"title":"Col Luitel - Club des Cent Cols","robots":{"index":"index","follow":"follow","max-snippet":"max-snippet:-1","max-image-preview":"max-image-preview:large","max-video-preview":"max-video-preview:-1"},"canonical":"https:\/\/centcols.org\/nl\/de-luitel-pas\/","og_locale":"nl_BE","og_type":"article","og_title":"Le Col Luitel - Club des Cent Cols","og_description":"Le&nbsp;Col Luitel&nbsp;(FR-38-1262), Pour un membre du club de Cent Cols, ce nom d\u00e9clenche un \u00ab&nbsp;tilt&nbsp;\u00bb puisque ce nom est li\u00e9 \u00e0 la cr\u00e9ation de la confr\u00e9rie&nbsp;: c\u2019est apr\u00e8s avoir escalad\u00e9 ce col&nbsp; en 1970, que Jean Perdoux eut l\u2019id\u00e9e de cr\u00e9er&nbsp;: \u00ab&nbsp;Le Club des Cent Cols&nbsp;\u00bb &nbsp;avant d\u2019en \u00e9crire&nbsp; le r\u00e8glement en 1972. Pour un [&hellip;]","og_url":"https:\/\/centcols.org\/nl\/de-luitel-pas\/","og_site_name":"Club des Cent Cols","article_publisher":"https:\/\/www.facebook.com\/groups\/5261880558\/?locale=fr_FR","article_published_time":"2024-05-07T11:55:18+00:00","article_modified_time":"2025-12-13T17:28:50+00:00","og_image":[{"width":1200,"height":800,"url":"https:\/\/centcols.org\/wp-content\/uploads\/2024\/05\/Le-Lac-Luitel-P1000177-1200x8001-1.jpg","type":"image\/jpeg"}],"author":"Enrico Alberini","twitter_card":"summary_large_image","twitter_misc":{"Geschreven door":"Enrico Alberini","Geschatte leestijd":"8 minuten"},"schema":{"@context":"https:\/\/schema.org","@graph":[{"@type":"Article","@id":"https:\/\/centcols.org\/le-col-luitel\/#article","isPartOf":{"@id":"https:\/\/centcols.org\/le-col-luitel\/"},"author":{"name":"Enrico Alberini","@id":"https:\/\/centcols.org\/#\/schema\/person\/86c3ec6889d88501a29fccac614bebf8"},"headline":"Le Col Luitel","datePublished":"2024-05-07T11:55:18+00:00","dateModified":"2025-12-13T17:28:50+00:00","mainEntityOfPage":{"@id":"https:\/\/centcols.org\/le-col-luitel\/"},"wordCount":1020,"publisher":{"@id":"https:\/\/centcols.org\/#organization"},"image":{"@id":"https:\/\/centcols.org\/le-col-luitel\/#primaryimage"},"thumbnailUrl":"https:\/\/centcols.org\/wp-content\/uploads\/2024\/05\/Le-Lac-Luitel-P1000177-1200x8001-1.jpg","articleSection":["Cols en vrac"],"inLanguage":"nl-BE"},{"@type":"WebPage","@id":"https:\/\/centcols.org\/le-col-luitel\/","url":"https:\/\/centcols.org\/le-col-luitel\/","name":"Col Luitel - Club des Cent Cols","isPartOf":{"@id":"https:\/\/centcols.org\/#website"},"primaryImageOfPage":{"@id":"https:\/\/centcols.org\/le-col-luitel\/#primaryimage"},"image":{"@id":"https:\/\/centcols.org\/le-col-luitel\/#primaryimage"},"thumbnailUrl":"https:\/\/centcols.org\/wp-content\/uploads\/2024\/05\/Le-Lac-Luitel-P1000177-1200x8001-1.jpg","datePublished":"2024-05-07T11:55:18+00:00","dateModified":"2025-12-13T17:28:50+00:00","breadcrumb":{"@id":"https:\/\/centcols.org\/le-col-luitel\/#breadcrumb"},"inLanguage":"nl-BE","potentialAction":[{"@type":"ReadAction","target":["https:\/\/centcols.org\/le-col-luitel\/"]}]},{"@type":"ImageObject","inLanguage":"nl-BE","@id":"https:\/\/centcols.org\/le-col-luitel\/#primaryimage","url":"https:\/\/centcols.org\/wp-content\/uploads\/2024\/05\/Le-Lac-Luitel-P1000177-1200x8001-1.jpg","contentUrl":"https:\/\/centcols.org\/wp-content\/uploads\/2024\/05\/Le-Lac-Luitel-P1000177-1200x8001-1.jpg","width":1200,"height":800},{"@type":"BreadcrumbList","@id":"https:\/\/centcols.org\/le-col-luitel\/#breadcrumb","itemListElement":[{"@type":"ListItem","position":1,"name":"Accueil","item":"https:\/\/centcols.org\/"},{"@type":"ListItem","position":2,"name":"Cols en vrac","item":"https:\/\/centcols.org\/rubrique\/cols-en-vrac\/"},{"@type":"ListItem","position":3,"name":"Le Col Luitel"}]},{"@type":"WebSite","@id":"https:\/\/centcols.org\/#website","url":"https:\/\/centcols.org\/","name":"Club van Cent Cols","description":"","publisher":{"@id":"https:\/\/centcols.org\/#organization"},"potentialAction":[{"@type":"SearchAction","target":{"@type":"EntryPoint","urlTemplate":"https:\/\/centcols.org\/?s={search_term_string}"},"query-input":{"@type":"PropertyValueSpecification","valueRequired":true,"valueName":"search_term_string"}}],"inLanguage":"nl-BE"},{"@type":"Organization","@id":"https:\/\/centcols.org\/#organization","name":"Club van Cent Cols","url":"https:\/\/centcols.org\/","logo":{"@type":"ImageObject","inLanguage":"nl-BE","@id":"https:\/\/centcols.org\/#\/schema\/logo\/image\/","url":"https:\/\/centcols.org\/wp-content\/uploads\/2025\/01\/carte-icone.png","contentUrl":"https:\/\/centcols.org\/wp-content\/uploads\/2025\/01\/carte-icone.png","width":250,"height":250,"caption":"Club des Cent Cols"},"image":{"@id":"https:\/\/centcols.org\/#\/schema\/logo\/image\/"},"sameAs":["https:\/\/www.facebook.com\/groups\/5261880558\/?locale=fr_FR"]},{"@type":"Person","@id":"https:\/\/centcols.org\/#\/schema\/person\/86c3ec6889d88501a29fccac614bebf8","name":"Enrico Alberini","image":{"@type":"ImageObject","inLanguage":"nl-BE","@id":"https:\/\/centcols.org\/wp-content\/litespeed\/avatar\/1b26e36a18d85acc8b0f860f9628213f.jpg?ver=1777240766","url":"https:\/\/centcols.org\/wp-content\/litespeed\/avatar\/1b26e36a18d85acc8b0f860f9628213f.jpg?ver=1777240766","contentUrl":"https:\/\/centcols.org\/wp-content\/litespeed\/avatar\/1b26e36a18d85acc8b0f860f9628213f.jpg?ver=1777240766","caption":"Enrico Alberini"},"url":"https:\/\/centcols.org\/nl\/author\/5065\/"}]}},"_links":{"self":[{"href":"https:\/\/centcols.org\/nl\/wp-json\/wp\/v2\/posts\/82624","targetHints":{"allow":["GET"]}}],"collection":[{"href":"https:\/\/centcols.org\/nl\/wp-json\/wp\/v2\/posts"}],"about":[{"href":"https:\/\/centcols.org\/nl\/wp-json\/wp\/v2\/types\/post"}],"author":[{"embeddable":true,"href":"https:\/\/centcols.org\/nl\/wp-json\/wp\/v2\/users\/58"}],"replies":[{"embeddable":true,"href":"https:\/\/centcols.org\/nl\/wp-json\/wp\/v2\/comments?post=82624"}],"version-history":[{"count":0,"href":"https:\/\/centcols.org\/nl\/wp-json\/wp\/v2\/posts\/82624\/revisions"}],"wp:featuredmedia":[{"embeddable":true,"href":"https:\/\/centcols.org\/nl\/wp-json\/wp\/v2\/media\/83304"}],"wp:attachment":[{"href":"https:\/\/centcols.org\/nl\/wp-json\/wp\/v2\/media?parent=82624"}],"wp:term":[{"taxonomy":"category","embeddable":true,"href":"https:\/\/centcols.org\/nl\/wp-json\/wp\/v2\/categories?post=82624"},{"taxonomy":"post_tag","embeddable":true,"href":"https:\/\/centcols.org\/nl\/wp-json\/wp\/v2\/tags?post=82624"}],"curies":[{"name":"wp","href":"https:\/\/api.w.org\/{rel}","templated":true}]}}