{"id":82641,"date":"2024-05-07T10:36:34","date_gmt":"2024-05-07T08:36:34","guid":{"rendered":"https:\/\/centcols.org\/sejour-dautomne-et-assemblee-generale-a-bugeat-correze-27-au-29-septembre-2024\/"},"modified":"2025-08-26T13:14:58","modified_gmt":"2025-08-26T11:14:58","slug":"ag-2024-bugeat","status":"publish","type":"post","link":"https:\/\/centcols.org\/nl\/ag-2024-bugeat\/","title":{"rendered":"Herfstvakantie en algemene vergadering in Bugeat (Corr\u00e8ze), 27 tot 29 september 2024"},"content":{"rendered":"\n<p><em>Ont contribu\u00e9 \u00e0 cette page de pr\u00e9sentation du s\u00e9jour Enrico Alberini, Jean Luc Matte, Christophe Badonnel et les responsables informatiques.<\/em><\/p>\n\n\n\n<p>Le s\u00e9jour d\u2019automne 2024 se d\u00e9roulera du 27 au 29 septembre 2024 dans le d\u00e9partement de Corr\u00e8ze. Il a \u00e9t\u00e9 pr\u00e9par\u00e9 par Armelle et Michel Pfeiffer.<\/p>\n\n\n\n<p>Nous s\u00e9journerons dans le village vacances \u201cEspace 1000 Sources\u201d.<\/p>\n\n\n        <div class=\"toc-wrapper\" data-columns=\"3\"\n            data-headings=\"[{&quot;level&quot;:2,&quot;text&quot;:&quot;Pr\\u00e9sentation de la r\\u00e9gion&quot;,&quot;id&quot;:&quot;0-pr%C3%A9sentation-de-la-r%C3%A9gion&quot;,&quot;page&quot;:1,&quot;existing_id&quot;:true},{&quot;level&quot;:2,&quot;text&quot;:&quot;Circuits&quot;,&quot;id&quot;:&quot;1-circuits&quot;,&quot;page&quot;:1,&quot;existing_id&quot;:true},{&quot;level&quot;:2,&quot;text&quot;:&quot;H\\u00e9bergement&quot;,&quot;id&quot;:&quot;3-h%C3%A9bergement&quot;,&quot;page&quot;:1,&quot;existing_id&quot;:true},{&quot;level&quot;:2,&quot;text&quot;:&quot;Assembl\\u00e9e G\\u00e9n\\u00e9rale 2024&quot;,&quot;id&quot;:&quot;4-assembl%C3%A9e-g%C3%A9n%C3%A9rale-2024&quot;,&quot;page&quot;:1,&quot;existing_id&quot;:true},{&quot;level&quot;:2,&quot;text&quot;:&quot;Note du Conseil d\\u2019Administration&quot;,&quot;id&quot;:&quot;heading-1751057926500-5&quot;,&quot;page&quot;:1,&quot;existing_id&quot;:true},{&quot;level&quot;:2,&quot;text&quot;:&quot;Inscriptions&quot;,&quot;id&quot;:&quot;5-inscriptions&quot;,&quot;page&quot;:1,&quot;existing_id&quot;:true},{&quot;level&quot;:3,&quot;text&quot;:&quot;T\\u00e9l\\u00e9charger le bulletin \\\/ download the booking form \\\/ scarica il modulo&quot;,&quot;id&quot;:&quot;6-t%C3%A9l%C3%A9charger-le-bulletin-download-the-booking-form-scarica-il-modulo&quot;,&quot;page&quot;:1,&quot;existing_id&quot;:true},{&quot;level&quot;:2,&quot;text&quot;:&quot;Autres activit\\u00e9s ou visites&quot;,&quot;id&quot;:&quot;7-autres-activit%C3%A9s-ou-visites&quot;,&quot;page&quot;:1,&quot;existing_id&quot;:true}]\"\n            data-current-page=\"1\"\n            data-base-url=\"https:\/\/centcols.org\/nl\/ag-2024-bugeat\/\">\n            <div class=\"toc-title\">\n                Table des mati\u00e8res            <\/div>\n            <div class=\"toc-content\" style=\"column-count: 3;\">\n                <ul class=\"toc-list\"><li class=\"toc-item toc-level-2\"><a href=\"#0-pr%C3%A9sentation-de-la-r%C3%A9gion\" class=\"toc-link\" data-same-page=\"true\">Pr\u00e9sentation de la r\u00e9gion<\/a><\/li><li class=\"toc-item toc-level-2\"><a href=\"#1-circuits\" class=\"toc-link\" data-same-page=\"true\">Circuits<\/a><\/li><li class=\"toc-item toc-level-2\"><a href=\"#3-h%C3%A9bergement\" class=\"toc-link\" data-same-page=\"true\">H\u00e9bergement<\/a><\/li><li class=\"toc-item toc-level-2\"><a href=\"#4-assembl%C3%A9e-g%C3%A9n%C3%A9rale-2024\" class=\"toc-link\" data-same-page=\"true\">Assembl\u00e9e G\u00e9n\u00e9rale 2024<\/a><\/li><li class=\"toc-item toc-level-2\"><a href=\"#heading-1751057926500-5\" class=\"toc-link\" data-same-page=\"true\">Note du Conseil d\u2019Administration<\/a><\/li><li class=\"toc-item toc-level-2\"><a href=\"#5-inscriptions\" class=\"toc-link\" data-same-page=\"true\">Inscriptions<\/a><ul class=\"toc-sublist\"><li class=\"toc-item toc-level-3\"><a href=\"#6-t%C3%A9l%C3%A9charger-le-bulletin-download-the-booking-form-scarica-il-modulo\" class=\"toc-link\" data-same-page=\"true\">T\u00e9l\u00e9charger le bulletin \/ download the booking form \/ scarica il modulo<\/a><\/li><\/ul><\/li><li class=\"toc-item toc-level-2\"><a href=\"#7-autres-activit%C3%A9s-ou-visites\" class=\"toc-link\" data-same-page=\"true\">Autres activit\u00e9s ou visites<\/a><\/li><\/ul>            <\/div>\n        <\/div>\n    \n\n\n<h2 class=\"wp-block-heading\" id=\"0-pr%C3%A9sentation-de-la-r%C3%A9gion\">Pr\u00e9sentation de la r\u00e9gion<\/h2>\n\n\n\n<p>Si on consid\u00e8re le phare de Nividic au large de l\u2019\u00eele de Sein comme \u00e9tant le point le plus occidental de la France m\u00e9tropolitaine, la Marine de Bravone en Corse comme le plus oriental, la fronti\u00e8re Franco-Belge \u00e0 Bray-Dunes le plus septentrional et le Capu di u Beccu aux \u00eeles Lavezzi le plus m\u00e9ridional, vous \u00eates \u00e0 un poil pr\u00e8s pile au point moyen&nbsp;! Franchement il fallait le faire&nbsp;!<\/p>\n\n\n\n<p>Bienvenue donc au Centre Sportif Alain Mimoun. Et oui, non content d\u2019avoir remport\u00e9 le marathon des Jeux Olympiques de Melbourne le 1<sup>er<\/sup> D\u00e9cembre 1956 \u00e0 35 ans en 2 heures 25, il a lanc\u00e9 en 1960 le centre d\u2019entrainement sportif de Bugeat qui sert r\u00e9guli\u00e8rement au niveau national pour la pr\u00e9paration de sportifs de nombreuses disciplines&nbsp;: rugby, athl\u00e9tisme, boxe\u2026\u2026. Bugeat, au coeur du plateau de Millevaches, est une commune rurale de 763 habitants dans le d\u00e9partement de la Corr\u00e8ze. Situ\u00e9e \u00e0 l\u2019\u00e9picentre des trois d\u00e9partements de la r\u00e9gion Limousin, r\u00e9gion autrefois \u00ab&nbsp;autonome&nbsp;\u00bb avant d\u2019\u00eatre \u00ab&nbsp;annex\u00e9e&nbsp;\u00bb \u00e0 la grande r\u00e9gion Nouvelle Aquitaine<\/p>\n\n\n<p><div class=\"leaflet-map WPLeafletMap\" style=\"height:700px; width:100%;\"><\/div><script>\nwindow.WPLeafletMapPlugin = window.WPLeafletMapPlugin || [];\nwindow.WPLeafletMapPlugin.push(function WPLeafletMapShortcode() {\/*<script>*\/\nvar baseUrl = atob('aHR0cHM6Ly90aWxlLm9wZW5zdHJlZXRtYXAub3JnL3t6fS97eH0ve3l9LnBuZw==');\nvar base = (!baseUrl && window.MQ) ?\n    window.MQ.mapLayer() : L.tileLayer(baseUrl,\n        L.Util.extend({}, {\n            detectRetina: 0,\n        },\n        {\"subdomains\":\"abc\",\"noWrap\":false,\"maxZoom\":19}        )\n    );\n    var options = L.Util.extend({}, {\n        layers: [base],\n        attributionControl: false\n    },\n    {\"zoomControl\":false,\"scrollWheelZoom\":false,\"doubleClickZoom\":false,\"fitBounds\":false,\"minZoom\":0,\"maxZoom\":19,\"maxBounds\":null,\"attribution\":\"<a href=\\\"http:\\\/\\\/leafletjs.com\\\" title=\\\"Une biblioth\\u00e8que JS pour des cartes interactives\\\">Leaflet<\\\/a>; \\u00a9 <a href=\\\"http:\\\/\\\/www.openstreetmap.org\\\/copyright\\\">OpenStreetMap<\\\/a> contributeurs\\\/contributrices\"},\n    {});\nwindow.WPLeafletMapPlugin.createMap(options).setView([45.603,1.931],12);});<\/script><br \/>\n<script>\nwindow.WPLeafletMapPlugin = window.WPLeafletMapPlugin || [];\nwindow.WPLeafletMapPlugin.push(function WPLeafletMarkerShortcode() {\/*<script>*\/\nvar map = window.WPLeafletMapPlugin.getCurrentMap();\nvar group = window.WPLeafletMapPlugin.getCurrentGroup();\nvar marker_options = window.WPLeafletMapPlugin.getIconOptions({\"iconUrl\":\"\\\/res\\\/lib\\\/leaflet\\\/images\\\/hotel.png\",\"iconSize\":\"24,72\",\"popupAnchor\":\"0,-32\"});\nvar marker = L.marker(\n    [45.603,1.931],\n    marker_options\n);\nvar is_image = map.is_image_map;\nif (marker_options.draggable) {\n    marker.on('dragend', function () {\n        var latlng = this.getLatLng();\n        var lat = latlng.lat;\n        var lng = latlng.lng;\n        if (is_image) {\n            console.log('leaflet-marker y=' + lat + ' x=' + lng);\n        } else {\n            console.log('leaflet-marker lat=' + lat + ' lng=' + lng);\n        }\n    });\n}\nmarker.addTo( group );\nmarker.bindPopup(window.WPLeafletMapPlugin.unescape('Espace 1000 Sources'));window.WPLeafletMapPlugin.markers.push( marker );\n        });<\/script><\/p>\n\n\n\n<p>Plateau de Millevaches, Espace 1000 Sources, quel rapport&nbsp;?<\/p>\n\n\n\n<p>Et bien, s\u2019il y a certainement plus de mille vaches sur le plateau, ce n\u2019est pas ce qui explique son nom mais plut\u00f4t le fait qu\u2019il regorge de sources \u00ab&nbsp;vacca&nbsp;\u00bb en patois local, d\u2019origine celtique \u00ab&nbsp;bac&nbsp;\u00bb, \u00ab&nbsp;batz&nbsp;\u00bb qui ont donn\u00e9 \u00ab&nbsp;bacha&nbsp;\u00bb \u00ab&nbsp;bachole&nbsp;\u00bb \u00ab&nbsp;vacca&nbsp;\u00bb\u2026\u2026.<\/p>\n\n\n\n<p>Ch\u00e2teau d\u2019eau de la France, c\u2019est sur ce plateau granitique et dans un p\u00e9rim\u00e8tre assez restreint, que prennent leurs source la Vienne, la V\u00e9z\u00e8re et la Corr\u00e8ze (La Vienne bordant \u00e0 Civaux la centrale nucl\u00e9aire, le chauvinisme local ne tarit pas sur le fait qu\u2019il faut Millevaches pour nourrir Civaux!!).<\/p>\n\n\n\n<p>Son point culminant se situe au mont Bessou \u00e0 977 m d\u2019altitude (port\u00e9 \u00e0 1000 m par une tour d\u2019observation \u00e0 son sommet !).<\/p>\n\n\n\n<p>Son climat froid et humide ne favorise pas vraiment l\u2019acc\u00e9l\u00e9ration de la d\u00e9mographie puisque il y a seulement 18 habitants au km\u00b2 avec m\u00eame un taux inf\u00e9rieur \u00e0 3 habitants au km\u00b2 dans certaines communes. L\u2019exode des populations aujourd\u2019hui stabilis\u00e9 a connu des moments difficiles, particuli\u00e8rement au 19 \u00e8me si\u00e8cle, p\u00e9riode pendant laquelle, pour subvenir aux besoins du foyer, les hommes quittaient la ferme mis\u00e9rable au d\u00e9but du printemps pour ne revenir qu\u2019\u00e0 la fin de l\u2019automne pour rejoindre Paris Lyon ou Bordeaux et construire les nouveaux quartiers haussmanniens.<\/p>\n\n\n\n<p>Peu peupl\u00e9, ce territoire b\u00e9n\u00e9ficie encore, mais pour combien de temps, d\u2019une nature \u00ab&nbsp;tr\u00e8s nature&nbsp;\u00bb. Majoritairement couvert par les landes, essentiellement de bruy\u00e8res, les feuillus sont \u00e0 la base de la couverture foresti\u00e8re initiale, le h\u00eatre dominant largement. Ch\u00e2teau d\u2019eau de la France il faut noter que les rivi\u00e8res d\u00e9butent dans des tourbi\u00e8res, espaces prot\u00e9g\u00e9s dans lesquels on trouve des esp\u00e8ces end\u00e9miques telle la drosera, plante carnivore. (Attention o\u00f9 vous mettez les pieds!) Depuis un si\u00e8cle environ et l\u2019abandon de terres cultiv\u00e9es suite aux d\u00e9parts de population, on a assist\u00e9 \u00e0 un reboisement important en r\u00e9sineux (croissance rapide) qui a modifi\u00e9 consid\u00e9rablement le paysage et conduit aujourd\u2019hui \u00e0 des coupes importantes (les arbres \u00e9tant \u00e0 maturit\u00e9) qui alimentent plusieurs secteurs \u00e9conomiques pr\u00e9sents dans une relative proximit\u00e9&nbsp;: le papier, les panneaux de bois, les pellets, les plaquettes engendrant par la m\u00eame occasion des coupes de feuillus dont les plus beaux f\u00fbts rejoindront la Chine pour nous revenir sous forme de parquet \u2026..<\/p>\n\n\n\n<p>Occup\u00e9 d\u00e8s le pal\u00e9olithique, de nombreux tumulus t\u00e9moignent de l\u2019activit\u00e9 humaine (Tarnac, Sornac, Millevaches, Bugeat..). La pr\u00e9sence romaine est bien marqu\u00e9e&nbsp;: vestiges des Cars (villa aristocratique), mausol\u00e9es et voies reliant entre autre Lyon \u00e0 Bordeaux.<\/p>\n\n\n\n<p>La p\u00e9riode moyen-ageuse en dehors de la mise en place des espaces g\u00e9r\u00e9s par les religieux ou les militaires n\u2019est pas tr\u00e8s marqu\u00e9e et il faut attendre le milieu du 19 \u00e8me si\u00e8cle pour noter une \u00ab&nbsp;initiative locale&nbsp;\u00bb \u00e0 travers le d\u00e9veloppement de la profession de n\u00e9gociant en vins. En effet, des agriculteurs locaux ont acquis des vins, y compris prestigieux, dans les ch\u00e2teaux autour de Bordeaux et sont all\u00e9s les vendre en Normandie, dans le Nord et jusqu\u2019en Belgique, ramenant au bout de quelques ann\u00e9es des fortunes respectables. Ils ont&nbsp; acquis des domaines viticoles dans la r\u00e9gion bordelaise et ont fait le renom et la \u00ab&nbsp;fortune&nbsp;\u00bb de la petite ville de Meymac, baptis\u00e9e Meymac pr\u00e8s Bordeaux.<\/p>\n\n\n\n<figure class=\"wp-block-gallery has-nested-images columns-2 is-cropped wp-block-gallery-1 is-layout-flex wp-block-gallery-is-layout-flex\">\n<figure class=\"wp-block-image size-full\"><a href=\"https:\/\/centcols.org\/wp-content\/uploads\/2024\/05\/Le-pont-de-Senoueix.jpg\"><img loading=\"lazy\" decoding=\"async\" width=\"1200\" height=\"800\" data-id=\"85799\" src=\"https:\/\/centcols.org\/wp-content\/uploads\/2024\/05\/Le-pont-de-Senoueix.jpg\" alt=\"\" class=\"wp-image-85799\" srcset=\"https:\/\/centcols.org\/wp-content\/uploads\/2024\/05\/Le-pont-de-Senoueix.jpg 1200w, https:\/\/centcols.org\/wp-content\/uploads\/2024\/05\/Le-pont-de-Senoueix-768x512.jpg 768w\" sizes=\"auto, (max-width: 1200px) 100vw, 1200px\" \/><\/a><figcaption class=\"wp-element-caption\">Le pont de Senoueix \u00a9Jean Claude Vergne<\/figcaption><\/figure>\n\n\n\n<figure class=\"wp-block-image size-full\"><a href=\"https:\/\/centcols.org\/wp-content\/uploads\/2024\/05\/Le-col-de-Lestards-en-automne.jpg\"><img loading=\"lazy\" decoding=\"async\" width=\"1200\" height=\"800\" data-id=\"85800\" src=\"https:\/\/centcols.org\/wp-content\/uploads\/2024\/05\/Le-col-de-Lestards-en-automne.jpg\" alt=\"\" class=\"wp-image-85800\" srcset=\"https:\/\/centcols.org\/wp-content\/uploads\/2024\/05\/Le-col-de-Lestards-en-automne.jpg 1200w, https:\/\/centcols.org\/wp-content\/uploads\/2024\/05\/Le-col-de-Lestards-en-automne-768x512.jpg 768w\" sizes=\"auto, (max-width: 1200px) 100vw, 1200px\" \/><\/a><figcaption class=\"wp-element-caption\">Le col de Lestards \u00a9Jean Claude Vergne<\/figcaption><\/figure>\n\n\n\n<figure class=\"wp-block-image size-medium\"><a href=\"https:\/\/centcols.org\/wp-content\/uploads\/2024\/05\/Lac-de-Viam.jpg\"><img loading=\"lazy\" decoding=\"async\" width=\"1200\" height=\"447\" data-id=\"85801\" src=\"https:\/\/centcols.org\/wp-content\/uploads\/2024\/05\/Lac-de-Viam-1200x447.jpg\" alt=\"\" class=\"wp-image-85801\" srcset=\"https:\/\/centcols.org\/wp-content\/uploads\/2024\/05\/Lac-de-Viam-1200x447.jpg 1200w, https:\/\/centcols.org\/wp-content\/uploads\/2024\/05\/Lac-de-Viam-1920x715.jpg 1920w, https:\/\/centcols.org\/wp-content\/uploads\/2024\/05\/Lac-de-Viam-768x286.jpg 768w, https:\/\/centcols.org\/wp-content\/uploads\/2024\/05\/Lac-de-Viam-1536x572.jpg 1536w, https:\/\/centcols.org\/wp-content\/uploads\/2024\/05\/Lac-de-Viam-2048x763.jpg 2048w\" sizes=\"auto, (max-width: 1200px) 100vw, 1200px\" \/><\/a><figcaption class=\"wp-element-caption\">Lac de Viam \u00a9Jean Claude Vergne<\/figcaption><\/figure>\n<\/figure>\n\n\n\n<p>Bon s\u00e9jour en Corr\u00e8ze&nbsp;!<\/p>\n\n\n\n<h2 class=\"wp-block-heading\" id=\"1-circuits\">Circuits<\/h2>\n\n\n\n<p><a href=\"https:\/\/centcols.org\/membres\/cctours\/tours.php?lieu=Bugeat&amp;an=2024\" target=\"_blank\" rel=\"noreferrer noopener\"><strong>Parcours CCTOURS Bugeat 2024<\/strong><\/a><\/p>\n\n\n\n<p>Et si on parlait un peu \u00ab&nbsp;v\u00e9lo&nbsp;\u00bb&nbsp;!!<\/p>\n\n\n\n<p>Dans le coin, si le nombre de cols n\u2019est pas important, la montagne est bien pr\u00e9sente et il faut quand m\u00eame compter 1500 \u00e0 1700 m de d\u00e9nivel\u00e9 aux 100 kms.<\/p>\n\n\n\n<p>Si la Bretagne a g\u00e9n\u00e9r\u00e9 un certain nombre de champions cyclistes, le Limousin n\u2019est pas en reste&nbsp;: Raymond Poulidor, Luc Leblanc, Andr\u00e9 Dufraisse\u2026&#8230; Je vous rassure, on n\u2019oublie pas les autres\u2026..<\/p>\n\n\n\n<p>Pour en revenir aux cols, 14 seulement en Corr\u00e8ze, 4 en Haute Vienne et 3 en Creuse, et \u00e0 y bien regarder, entre tous ces Puys il doit bien y en avoir d\u2019autres qui se cachent non&nbsp;?<\/p>\n\n\n\n<p>Pour le moment contentons-nous de l\u2019existant. Pendant votre court s\u00e9jour, vous pourrez en \u00ab&nbsp;attraper&nbsp;\u00bb 5 en 2 parcours, les autres se trouvant plus au sud du d\u00e9partement.<\/p>\n\n\n\n<p>Le samedi matin, avant l\u2019AG, au coeur du massif des Mon\u00e9di\u00e8res, 3 cols routiers s\u2019offrent \u00e0 vous sur un parcours traditionnellement cycliste puisqu\u2019il reprend une partie du circuit du Bol d\u2019Or des Mon\u00e9di\u00e8res, crit\u00e9rium d\u2019apr\u00e8s tour lanc\u00e9 par Jean S\u00e9gurel \u00e0 l\u2019\u00e9poque du \u00ab&nbsp;v\u00e9lo-accord\u00e9on&nbsp;\u00bb et une partie de la 12 \u00e8me \u00e9tape du Tour 2020 Chauvigny- Sarran avec la c\u00e9l\u00e8bre et non moins \u00ab&nbsp;s\u00e9v\u00e8re&nbsp;\u00bb cote du Suc au May.<\/p>\n\n\n\n<p>Le lendemain, 2 autres cols vous attendent sur le plateau, ils vous permettront de d\u00e9couvrir d\u2019un peu plus pr\u00e8s la tranquillit\u00e9 des routes corr\u00e9ziennes, d\u2019admirer les grandes perspectives vers les massifs du Sancy et du Cantal et d\u2019appr\u00e9cier le calme et la qui\u00e9tude des grands espaces.<\/p>\n\n\n\n<h2 class=\"wp-block-heading\" id=\"3-h%C3%A9bergement\">H\u00e9bergement<\/h2>\n\n\n\n<p>Situ\u00e9 \u00e0 Bugeat, au coeur du Parc Naturel R\u00e9gionale de Millevaches, le centre sportif \u00ab\u00a0Espace 1000 Sources Corr\u00e8ze\u00a0\u00bb est un v\u00e9ritable complexe haut de gamme pouvant accueillir jusqu&rsquo;\u00e0 200 personnes dans des conditions exceptionnelles.<\/p>\n\n\n\n<p>Site privil\u00e9gi\u00e9 par son emplacement g\u00e9ographique et son accessibilit\u00e9, il est un centre international, labellis\u00e9 centre de pr\u00e9paration pour les JO Paris 2024.<\/p>\n\n\n\n<p>Le stationnement des camping cars sera autoris\u00e9 sur le village de vacances.<\/p>\n\n\n<div class=\"wp-block-image\">\n<figure class=\"aligncenter size-full\"><a href=\"https:\/\/centcols.org\/wp-content\/uploads\/2024\/05\/espace-1000-sources.jpg\"><img loading=\"lazy\" decoding=\"async\" width=\"680\" height=\"453\" src=\"https:\/\/centcols.org\/wp-content\/uploads\/2024\/05\/espace-1000-sources.jpg\" alt=\"\" class=\"wp-image-85802\"\/><\/a><figcaption class=\"wp-element-caption\">espace 1000 sources<\/figcaption><\/figure>\n<\/div>\n\n\n<div class=\"wp-block-columns is-layout-flex wp-container-core-columns-is-layout-9d6595d7 wp-block-columns-is-layout-flex\">\n<div class=\"wp-block-column is-layout-flow wp-block-column-is-layout-flow\">\n<h2 class=\"wp-block-heading\" id=\"4-assembl%C3%A9e-g%C3%A9n%C3%A9rale-2024\">Assembl\u00e9e G\u00e9n\u00e9rale 2024<\/h2>\n\n\n\n<p>L&rsquo;Assembl\u00e9e G\u00e9n\u00e9rale se d\u00e9roulera le samedi 28 septembre 2024 \u00e0 partir de 14h30.<\/p>\n\n\n\n<p>Elle se terminera par le traditionnel vin d&rsquo;honneur.<\/p>\n\n\n\n<p>Salle visio conf\u00e9rences             Espace 1000 Sources                      11 rue de la Ganette                19170 Bugeat<\/p>\n<\/div>\n\n\n\n<div class=\"wp-block-column has-very-light-gray-background-color has-background is-layout-flow wp-block-column-is-layout-flow\" style=\"flex-basis:50%\">\n<h2 class=\"wp-block-heading\" id=\"heading-1751057926500-5\">Note du Conseil d\u2019Administration<\/h2>\n\n\n\n<p>Si vous organisez votre h\u00e9bergement ailleurs que dans le centre de s\u00e9jour, n\u2019oubliez pas de vous inscrire en tant que \u00ab Simple Participant \u00bb :<\/p>\n\n\n\n<ul class=\"wp-block-list\">\n<li>Afin de pouvoir dimensionner correctement les \u00e9v\u00e9nements communs (sessions d\u2019information, boissons de bienvenue et de cl\u00f4ture).<\/li>\n\n\n\n<li>Pour pouvoir fournir le livret de vacances.<\/li>\n\n\n\n<li>Afin d\u2019assurer une bonne r\u00e9partition des co\u00fbts de pr\u00e9paration et d\u2019organisation.<\/li>\n<\/ul>\n<\/div>\n<\/div>\n\n\n\n<h2 class=\"wp-block-heading\" id=\"5-inscriptions\">Inscriptions<\/h2>\n\n\n        <div class=\"toggle-content-wrapper\">\n            <div class=\"visible-text\">\n                Pour vous inscrire, t\u00e9l\u00e9chargez le bulletin d\u2019inscription PDF avec le lien ci-dessous. Attention, le bulletin d\u2019inscription comprend deux pages : l\u2019inscription proprement dite (veillez \u00e0 bien remplir toutes les rubriques qui vous concernent et \u00e0 signer au bas de la page), et les conditions particuli\u00e8res que vous voudrez bien signer \u00e9galement. Si vous envisagez de vous faire accompagner par votre compagnon\/compagne veillez bien \u00e0 l\u2019inscrire auparavant comme membre associ\u00e9 aupr\u00e8s de votre D\u00e9l\u00e9gu\u00e9 Territorial ou National et n\u2019oubliez pas de \u2026isible par d\u00e9faut&#8230;            <\/div>\n            <div class=\"toggle-controls\">\n                <button class=\"toggle-btn read-more-btn\"\n                    data-show-text=\"Afficher moins\"\n                    data-hide-text=\"Lire la suite\">\n                    Lire la suite                <\/button>\n            <\/div>\n            <div class=\"hidden-text\" style=\"display: none;\">\n                mettre son N\u00b0 de membre associ\u00e9 dans la case pr\u00e9vue.<br>Les s\u00e9jours n\u2019\u00e9tant accessibles, pour des raisons l\u00e9gales, qu\u2019aux seuls membres du Club, veillez \u00e0 \u00eatre \u00e0 jour de cotisation avant d\u2019envoyer votre bulletin d\u2019inscription<br>Vous pouvez r\u00e9gler le montant de l\u2019inscription par ch\u00e8que ou par virement sur le compte du Club. Compte tenu des frais suppl\u00e9mentaires factur\u00e9s par l\u2019organisme qui le g\u00e8re, nous ne prenons pas de paiement par PayPal. L\u2019affectation des membres se fait dans l\u2019ordre d\u2019envoi du ch\u00e8que ou d\u2019\u00e9mission du virement. Pour le premier, c\u2019est le cachet de la Poste qui fait foi, pour le second, veillez \u00e0 nous envoyer une copie de l\u2019ordre de virement. Si le s\u00e9jour est complet, une liste d\u2019attente est mise en place, elle fonctionne avec les m\u00eames r\u00e8gles de priorit\u00e9 d\u2019affectation que les inscriptions directes. Trombinoscope<strong> :<\/strong> Si vous n\u2019avez pas encore fourni votre photo pour le trombinoscope et souhaitez y figurer, pensez \u00e0 cocher la case correspondante et \u00e0 nous faire parvenir par mail une photo au format JPG. Des informations compl\u00e9mentaires seront diffus\u00e9es ult\u00e9rieurement sur le site que vous pouvez consulter r\u00e9guli\u00e8rement. A chaque fois, le responsable des s\u00e9jours met un petit mail sur la liste de diffusion. Si vous souhaitez recevoir ces mails, nous vous invitons \u00e0 vous inscrire sur la liste de diffusion, si vous ne l\u2019avez pas encore fait. Si vous avez des questions n\u2019h\u00e9sitez pas \u00e0 appeler le responsable du s\u00e9jour : +33 6 78 87 33 67.            <\/div>\n            <div class=\"toggle-controls-bottom\" style=\"display: none;\">\n                <button class=\"toggle-btn show-less-btn\"\n                    data-show-text=\"Afficher moins\"\n                    data-hide-text=\"Lire la suite\">\n                    Afficher moins                <\/button>\n            <\/div>\n        <\/div>\n    \n\n\n<h3 class=\"wp-block-heading\" id=\"6-t%C3%A9l%C3%A9charger-le-bulletin-download-the-booking-form-scarica-il-modulo\">T\u00e9l\u00e9charger le bulletin \/ download the booking form \/ scarica il modulo<\/h3>\n\n\n\n<div class=\"wp-block-columns is-layout-flex wp-container-core-columns-is-layout-9d6595d7 wp-block-columns-is-layout-flex\">\n<div class=\"wp-block-column is-layout-flow wp-block-column-is-layout-flow\">\n<ul class=\"wp-block-list\">\n<li>Bulletin d\u2019Inscription Bugeat en fran\u00e7ais<\/li>\n\n\n\n<li>Booking form Bugeat in English<\/li>\n\n\n\n<li>Modulo d\u2019iscrizione Bugeat in italiano<\/li>\n<\/ul>\n<\/div>\n\n\n\n<div class=\"wp-block-column is-layout-flow wp-block-column-is-layout-flow\"><\/div>\n<\/div>\n\n\n\n<p><strong>La date limite de r\u00e9ception des inscriptions a \u00e9t\u00e9 fix\u00e9e au &nbsp;12\/08\/2024<\/strong><\/p>\n\n\n\n<h2 class=\"wp-block-heading\" id=\"7-autres-activit%C3%A9s-ou-visites\">Autres activit\u00e9s ou visites<\/h2>\n\n\n\n<p>Pour les accompagnants, la visite et la d\u00e9couverte des sites remarquables autour de Bugeat pourra s\u2019effectuer de fa\u00e7on \u00ab&nbsp;ponctuelle&nbsp;\u00bb, mais aussi pour ceux qui le souhaitent sous forme de \u00ab&nbsp;g\u00e9ocatching&nbsp;\u00bb avec une application sp\u00e9cifique&nbsp;: Terra Aventura qui propose des parcours p\u00e9destres de quelques kilom\u00e8tres et&nbsp; un \u00ab&nbsp;road trip&nbsp;\u00bb de 76 kms sur le plateau.<\/p>\n\n\n\n<p>Deux parcours p\u00e9destres seront propos\u00e9s le samedi matin et dimanche matin au d\u00e9part de P\u00e9rols sur V\u00e9z\u00e8re, encadr\u00e9e par Armelle.<\/p>\n","protected":false},"excerpt":{"rendered":"<p>De herfstreis 2024 vindt plaats van 27 tot 29 september 2024 in Corr\u00e8ze. Het is voorbereid door Armelle en Michel Pfeiffer.<\/p>\n<p>We verblijven in het vakantiedorp \u201cEspace 1000 Sources\u201d.<\/p>","protected":false},"author":64,"featured_media":82642,"comment_status":"closed","ping_status":"closed","sticky":false,"template":"","format":"standard","meta":{"_acf_changed":false,"footnotes":""},"categories":[349,378,362,217,363,135,406],"tags":[],"class_list":["post-82641","post","type-post","status-publish","format-standard","has-post-thumbnail","hentry","category-france-pays-sejours","category-nouvelle-aquitaine-region-sejours","category-19-correze","category-assemblees-generales","category-massif-central-massif-sejours","category-calendrier","category-plateau-de-millevaches"],"acf":[],"yoast_head":"<!-- This site is optimized with the Yoast SEO plugin v27.2 - https:\/\/yoast.com\/product\/yoast-seo-wordpress\/ -->\n<title>S\u00e9jour d\u2019automne et assembl\u00e9e g\u00e9n\u00e9rale \u00e0 Bugeat (Corr\u00e8ze), 27 au 29 septembre 2024 - Club des Cent Cols<\/title>\n<meta name=\"robots\" content=\"index, follow, max-snippet:-1, max-image-preview:large, max-video-preview:-1\" \/>\n<link rel=\"canonical\" href=\"https:\/\/centcols.org\/nl\/ag-2024-bugeat\/\" \/>\n<meta property=\"og:locale\" content=\"nl_BE\" \/>\n<meta property=\"og:type\" content=\"article\" \/>\n<meta property=\"og:title\" content=\"S\u00e9jour d\u2019automne et assembl\u00e9e g\u00e9n\u00e9rale \u00e0 Bugeat (Corr\u00e8ze), 27 au 29 septembre 2024 - Club des Cent Cols\" \/>\n<meta property=\"og:description\" content=\"Le s\u00e9jour d\u2019automne 2024 se d\u00e9roulera du 27 au 29 septembre 2024 dans le d\u00e9partement de Corr\u00e8ze. Il a \u00e9t\u00e9 pr\u00e9par\u00e9 par Armelle et Michel Pfeiffer. Nous s\u00e9journerons dans le village vacances \u201cEspace 1000 Sources\u201d.\" \/>\n<meta property=\"og:url\" content=\"https:\/\/centcols.org\/nl\/ag-2024-bugeat\/\" \/>\n<meta property=\"og:site_name\" content=\"Club des Cent Cols\" \/>\n<meta property=\"article:publisher\" content=\"https:\/\/www.facebook.com\/groups\/5261880558\/?locale=fr_FR\" \/>\n<meta property=\"article:published_time\" content=\"2024-05-07T08:36:34+00:00\" \/>\n<meta property=\"article:modified_time\" content=\"2025-08-26T11:14:58+00:00\" \/>\n<meta property=\"og:image\" content=\"https:\/\/centcols.org\/wp-content\/uploads\/2025\/05\/Le-col-de-Lestards-en-automne.jpg\" \/>\n\t<meta property=\"og:image:width\" content=\"1200\" \/>\n\t<meta property=\"og:image:height\" content=\"800\" \/>\n\t<meta property=\"og:image:type\" content=\"image\/jpeg\" \/>\n<meta name=\"author\" content=\"Christophe Badonnel\" \/>\n<meta name=\"twitter:card\" content=\"summary_large_image\" \/>\n<meta name=\"twitter:label1\" content=\"Geschreven door\" \/>\n\t<meta name=\"twitter:data1\" content=\"Christophe Badonnel\" \/>\n\t<meta name=\"twitter:label2\" content=\"Geschatte leestijd\" \/>\n\t<meta name=\"twitter:data2\" content=\"8 minuten\" \/>\n<script type=\"application\/ld+json\" class=\"yoast-schema-graph\">{\"@context\":\"https:\/\/schema.org\",\"@graph\":[{\"@type\":\"Article\",\"@id\":\"https:\/\/centcols.org\/ag-2024-bugeat\/#article\",\"isPartOf\":{\"@id\":\"https:\/\/centcols.org\/ag-2024-bugeat\/\"},\"author\":{\"name\":\"Christophe Badonnel\",\"@id\":\"https:\/\/centcols.org\/#\/schema\/person\/5c1a9d61132fb33ccec149272abff6e1\"},\"headline\":\"S\u00e9jour d\u2019automne et assembl\u00e9e g\u00e9n\u00e9rale \u00e0 Bugeat (Corr\u00e8ze), 27 au 29 septembre 2024\",\"datePublished\":\"2024-05-07T08:36:34+00:00\",\"dateModified\":\"2025-08-26T11:14:58+00:00\",\"mainEntityOfPage\":{\"@id\":\"https:\/\/centcols.org\/ag-2024-bugeat\/\"},\"wordCount\":1544,\"publisher\":{\"@id\":\"https:\/\/centcols.org\/#organization\"},\"image\":{\"@id\":\"https:\/\/centcols.org\/ag-2024-bugeat\/#primaryimage\"},\"thumbnailUrl\":\"https:\/\/centcols.org\/wp-content\/uploads\/2025\/05\/Le-col-de-Lestards-en-automne.jpg\",\"articleSection\":[\"France\",\"Nouvelle-Aquitaine\",\"19-Corr\u00e8ze\",\"Assembl\u00e9es g\u00e9n\u00e9rales\",\"Massif Central\",\"Calendrier\",\"Plateau de Millevaches\"],\"inLanguage\":\"nl-BE\"},{\"@type\":\"WebPage\",\"@id\":\"https:\/\/centcols.org\/ag-2024-bugeat\/\",\"url\":\"https:\/\/centcols.org\/ag-2024-bugeat\/\",\"name\":\"S\u00e9jour d\u2019automne et assembl\u00e9e g\u00e9n\u00e9rale \u00e0 Bugeat (Corr\u00e8ze), 27 au 29 septembre 2024 - Club des Cent Cols\",\"isPartOf\":{\"@id\":\"https:\/\/centcols.org\/#website\"},\"primaryImageOfPage\":{\"@id\":\"https:\/\/centcols.org\/ag-2024-bugeat\/#primaryimage\"},\"image\":{\"@id\":\"https:\/\/centcols.org\/ag-2024-bugeat\/#primaryimage\"},\"thumbnailUrl\":\"https:\/\/centcols.org\/wp-content\/uploads\/2025\/05\/Le-col-de-Lestards-en-automne.jpg\",\"datePublished\":\"2024-05-07T08:36:34+00:00\",\"dateModified\":\"2025-08-26T11:14:58+00:00\",\"breadcrumb\":{\"@id\":\"https:\/\/centcols.org\/ag-2024-bugeat\/#breadcrumb\"},\"inLanguage\":\"nl-BE\",\"potentialAction\":[{\"@type\":\"ReadAction\",\"target\":[\"https:\/\/centcols.org\/ag-2024-bugeat\/\"]}]},{\"@type\":\"ImageObject\",\"inLanguage\":\"nl-BE\",\"@id\":\"https:\/\/centcols.org\/ag-2024-bugeat\/#primaryimage\",\"url\":\"https:\/\/centcols.org\/wp-content\/uploads\/2025\/05\/Le-col-de-Lestards-en-automne.jpg\",\"contentUrl\":\"https:\/\/centcols.org\/wp-content\/uploads\/2025\/05\/Le-col-de-Lestards-en-automne.jpg\",\"width\":1200,\"height\":800},{\"@type\":\"BreadcrumbList\",\"@id\":\"https:\/\/centcols.org\/ag-2024-bugeat\/#breadcrumb\",\"itemListElement\":[{\"@type\":\"ListItem\",\"position\":1,\"name\":\"Accueil\",\"item\":\"https:\/\/centcols.org\/\"},{\"@type\":\"ListItem\",\"position\":2,\"name\":\"S\u00e9jours du Club des Cent Cols\",\"item\":\"https:\/\/centcols.org\/rubrique\/sejours\/\"},{\"@type\":\"ListItem\",\"position\":3,\"name\":\"Pays\",\"item\":\"https:\/\/centcols.org\/rubrique\/sejours\/pays-sejours\/\"},{\"@type\":\"ListItem\",\"position\":4,\"name\":\"France\",\"item\":\"https:\/\/centcols.org\/rubrique\/sejours\/pays-sejours\/france-pays-sejours\/\"},{\"@type\":\"ListItem\",\"position\":5,\"name\":\"S\u00e9jour d\u2019automne et assembl\u00e9e g\u00e9n\u00e9rale \u00e0 Bugeat (Corr\u00e8ze), 27 au 29 septembre 2024\"}]},{\"@type\":\"WebSite\",\"@id\":\"https:\/\/centcols.org\/#website\",\"url\":\"https:\/\/centcols.org\/\",\"name\":\"Club des Cent Cols\",\"description\":\"\",\"publisher\":{\"@id\":\"https:\/\/centcols.org\/#organization\"},\"potentialAction\":[{\"@type\":\"SearchAction\",\"target\":{\"@type\":\"EntryPoint\",\"urlTemplate\":\"https:\/\/centcols.org\/?s={search_term_string}\"},\"query-input\":{\"@type\":\"PropertyValueSpecification\",\"valueRequired\":true,\"valueName\":\"search_term_string\"}}],\"inLanguage\":\"nl-BE\"},{\"@type\":\"Organization\",\"@id\":\"https:\/\/centcols.org\/#organization\",\"name\":\"Club des Cent Cols\",\"url\":\"https:\/\/centcols.org\/\",\"logo\":{\"@type\":\"ImageObject\",\"inLanguage\":\"nl-BE\",\"@id\":\"https:\/\/centcols.org\/#\/schema\/logo\/image\/\",\"url\":\"https:\/\/centcols.org\/wp-content\/uploads\/2025\/01\/carte-icone.png\",\"contentUrl\":\"https:\/\/centcols.org\/wp-content\/uploads\/2025\/01\/carte-icone.png\",\"width\":250,\"height\":250,\"caption\":\"Club des Cent Cols\"},\"image\":{\"@id\":\"https:\/\/centcols.org\/#\/schema\/logo\/image\/\"},\"sameAs\":[\"https:\/\/www.facebook.com\/groups\/5261880558\/?locale=fr_FR\"]},{\"@type\":\"Person\",\"@id\":\"https:\/\/centcols.org\/#\/schema\/person\/5c1a9d61132fb33ccec149272abff6e1\",\"name\":\"Christophe Badonnel\",\"image\":{\"@type\":\"ImageObject\",\"inLanguage\":\"nl-BE\",\"@id\":\"https:\/\/centcols.org\/wp-content\/litespeed\/avatar\/9f363966b51271bd99ebbb6ebd632889.jpg?ver=1777238111\",\"url\":\"https:\/\/centcols.org\/wp-content\/litespeed\/avatar\/9f363966b51271bd99ebbb6ebd632889.jpg?ver=1777238111\",\"contentUrl\":\"https:\/\/centcols.org\/wp-content\/litespeed\/avatar\/9f363966b51271bd99ebbb6ebd632889.jpg?ver=1777238111\",\"caption\":\"Christophe Badonnel\"},\"url\":\"https:\/\/centcols.org\/nl\/author\/5799\/\"}]}<\/script>\n<!-- \/ Yoast SEO plugin. -->","yoast_head_json":{"title":"Herfstvakantie en algemene vergadering in Bugeat (Corr\u00e8ze), 27 tot 29 september 2024 - Club des Cent Cols","robots":{"index":"index","follow":"follow","max-snippet":"max-snippet:-1","max-image-preview":"max-image-preview:large","max-video-preview":"max-video-preview:-1"},"canonical":"https:\/\/centcols.org\/nl\/ag-2024-bugeat\/","og_locale":"nl_BE","og_type":"article","og_title":"S\u00e9jour d\u2019automne et assembl\u00e9e g\u00e9n\u00e9rale \u00e0 Bugeat (Corr\u00e8ze), 27 au 29 septembre 2024 - Club des Cent Cols","og_description":"Le s\u00e9jour d\u2019automne 2024 se d\u00e9roulera du 27 au 29 septembre 2024 dans le d\u00e9partement de Corr\u00e8ze. Il a \u00e9t\u00e9 pr\u00e9par\u00e9 par Armelle et Michel Pfeiffer. Nous s\u00e9journerons dans le village vacances \u201cEspace 1000 Sources\u201d.","og_url":"https:\/\/centcols.org\/nl\/ag-2024-bugeat\/","og_site_name":"Club des Cent Cols","article_publisher":"https:\/\/www.facebook.com\/groups\/5261880558\/?locale=fr_FR","article_published_time":"2024-05-07T08:36:34+00:00","article_modified_time":"2025-08-26T11:14:58+00:00","og_image":[{"width":1200,"height":800,"url":"https:\/\/centcols.org\/wp-content\/uploads\/2025\/05\/Le-col-de-Lestards-en-automne.jpg","type":"image\/jpeg"}],"author":"Christophe Badonnel","twitter_card":"summary_large_image","twitter_misc":{"Geschreven door":"Christophe Badonnel","Geschatte leestijd":"8 minuten"},"schema":{"@context":"https:\/\/schema.org","@graph":[{"@type":"Article","@id":"https:\/\/centcols.org\/ag-2024-bugeat\/#article","isPartOf":{"@id":"https:\/\/centcols.org\/ag-2024-bugeat\/"},"author":{"name":"Christophe Badonnel","@id":"https:\/\/centcols.org\/#\/schema\/person\/5c1a9d61132fb33ccec149272abff6e1"},"headline":"S\u00e9jour d\u2019automne et assembl\u00e9e g\u00e9n\u00e9rale \u00e0 Bugeat (Corr\u00e8ze), 27 au 29 septembre 2024","datePublished":"2024-05-07T08:36:34+00:00","dateModified":"2025-08-26T11:14:58+00:00","mainEntityOfPage":{"@id":"https:\/\/centcols.org\/ag-2024-bugeat\/"},"wordCount":1544,"publisher":{"@id":"https:\/\/centcols.org\/#organization"},"image":{"@id":"https:\/\/centcols.org\/ag-2024-bugeat\/#primaryimage"},"thumbnailUrl":"https:\/\/centcols.org\/wp-content\/uploads\/2025\/05\/Le-col-de-Lestards-en-automne.jpg","articleSection":["France","Nouvelle-Aquitaine","19-Corr\u00e8ze","Assembl\u00e9es g\u00e9n\u00e9rales","Massif Central","Calendrier","Plateau de Millevaches"],"inLanguage":"nl-BE"},{"@type":"WebPage","@id":"https:\/\/centcols.org\/ag-2024-bugeat\/","url":"https:\/\/centcols.org\/ag-2024-bugeat\/","name":"Herfstvakantie en algemene vergadering in Bugeat (Corr\u00e8ze), 27 tot 29 september 2024 - Club des Cent Cols","isPartOf":{"@id":"https:\/\/centcols.org\/#website"},"primaryImageOfPage":{"@id":"https:\/\/centcols.org\/ag-2024-bugeat\/#primaryimage"},"image":{"@id":"https:\/\/centcols.org\/ag-2024-bugeat\/#primaryimage"},"thumbnailUrl":"https:\/\/centcols.org\/wp-content\/uploads\/2025\/05\/Le-col-de-Lestards-en-automne.jpg","datePublished":"2024-05-07T08:36:34+00:00","dateModified":"2025-08-26T11:14:58+00:00","breadcrumb":{"@id":"https:\/\/centcols.org\/ag-2024-bugeat\/#breadcrumb"},"inLanguage":"nl-BE","potentialAction":[{"@type":"ReadAction","target":["https:\/\/centcols.org\/ag-2024-bugeat\/"]}]},{"@type":"ImageObject","inLanguage":"nl-BE","@id":"https:\/\/centcols.org\/ag-2024-bugeat\/#primaryimage","url":"https:\/\/centcols.org\/wp-content\/uploads\/2025\/05\/Le-col-de-Lestards-en-automne.jpg","contentUrl":"https:\/\/centcols.org\/wp-content\/uploads\/2025\/05\/Le-col-de-Lestards-en-automne.jpg","width":1200,"height":800},{"@type":"BreadcrumbList","@id":"https:\/\/centcols.org\/ag-2024-bugeat\/#breadcrumb","itemListElement":[{"@type":"ListItem","position":1,"name":"Accueil","item":"https:\/\/centcols.org\/"},{"@type":"ListItem","position":2,"name":"S\u00e9jours du Club des Cent Cols","item":"https:\/\/centcols.org\/rubrique\/sejours\/"},{"@type":"ListItem","position":3,"name":"Pays","item":"https:\/\/centcols.org\/rubrique\/sejours\/pays-sejours\/"},{"@type":"ListItem","position":4,"name":"France","item":"https:\/\/centcols.org\/rubrique\/sejours\/pays-sejours\/france-pays-sejours\/"},{"@type":"ListItem","position":5,"name":"S\u00e9jour d\u2019automne et assembl\u00e9e g\u00e9n\u00e9rale \u00e0 Bugeat (Corr\u00e8ze), 27 au 29 septembre 2024"}]},{"@type":"WebSite","@id":"https:\/\/centcols.org\/#website","url":"https:\/\/centcols.org\/","name":"Club van Cent Cols","description":"","publisher":{"@id":"https:\/\/centcols.org\/#organization"},"potentialAction":[{"@type":"SearchAction","target":{"@type":"EntryPoint","urlTemplate":"https:\/\/centcols.org\/?s={search_term_string}"},"query-input":{"@type":"PropertyValueSpecification","valueRequired":true,"valueName":"search_term_string"}}],"inLanguage":"nl-BE"},{"@type":"Organization","@id":"https:\/\/centcols.org\/#organization","name":"Club van Cent Cols","url":"https:\/\/centcols.org\/","logo":{"@type":"ImageObject","inLanguage":"nl-BE","@id":"https:\/\/centcols.org\/#\/schema\/logo\/image\/","url":"https:\/\/centcols.org\/wp-content\/uploads\/2025\/01\/carte-icone.png","contentUrl":"https:\/\/centcols.org\/wp-content\/uploads\/2025\/01\/carte-icone.png","width":250,"height":250,"caption":"Club des Cent Cols"},"image":{"@id":"https:\/\/centcols.org\/#\/schema\/logo\/image\/"},"sameAs":["https:\/\/www.facebook.com\/groups\/5261880558\/?locale=fr_FR"]},{"@type":"Person","@id":"https:\/\/centcols.org\/#\/schema\/person\/5c1a9d61132fb33ccec149272abff6e1","name":"Christophe Badonnel","image":{"@type":"ImageObject","inLanguage":"nl-BE","@id":"https:\/\/centcols.org\/wp-content\/litespeed\/avatar\/9f363966b51271bd99ebbb6ebd632889.jpg?ver=1777238111","url":"https:\/\/centcols.org\/wp-content\/litespeed\/avatar\/9f363966b51271bd99ebbb6ebd632889.jpg?ver=1777238111","contentUrl":"https:\/\/centcols.org\/wp-content\/litespeed\/avatar\/9f363966b51271bd99ebbb6ebd632889.jpg?ver=1777238111","caption":"Christophe Badonnel"},"url":"https:\/\/centcols.org\/nl\/author\/5799\/"}]}},"_links":{"self":[{"href":"https:\/\/centcols.org\/nl\/wp-json\/wp\/v2\/posts\/82641","targetHints":{"allow":["GET"]}}],"collection":[{"href":"https:\/\/centcols.org\/nl\/wp-json\/wp\/v2\/posts"}],"about":[{"href":"https:\/\/centcols.org\/nl\/wp-json\/wp\/v2\/types\/post"}],"author":[{"embeddable":true,"href":"https:\/\/centcols.org\/nl\/wp-json\/wp\/v2\/users\/64"}],"replies":[{"embeddable":true,"href":"https:\/\/centcols.org\/nl\/wp-json\/wp\/v2\/comments?post=82641"}],"version-history":[{"count":0,"href":"https:\/\/centcols.org\/nl\/wp-json\/wp\/v2\/posts\/82641\/revisions"}],"wp:featuredmedia":[{"embeddable":true,"href":"https:\/\/centcols.org\/nl\/wp-json\/wp\/v2\/media\/82642"}],"wp:attachment":[{"href":"https:\/\/centcols.org\/nl\/wp-json\/wp\/v2\/media?parent=82641"}],"wp:term":[{"taxonomy":"category","embeddable":true,"href":"https:\/\/centcols.org\/nl\/wp-json\/wp\/v2\/categories?post=82641"},{"taxonomy":"post_tag","embeddable":true,"href":"https:\/\/centcols.org\/nl\/wp-json\/wp\/v2\/tags?post=82641"}],"curies":[{"name":"wp","href":"https:\/\/api.w.org\/{rel}","templated":true}]}}