{"id":82652,"date":"2025-06-29T11:02:00","date_gmt":"2025-06-29T09:02:00","guid":{"rendered":"https:\/\/centcols.org\/raduno-2024-compte-rendu\/"},"modified":"2025-09-09T13:31:34","modified_gmt":"2025-09-09T11:31:34","slug":"verslag-raduno-2024","status":"publish","type":"post","link":"https:\/\/centcols.org\/nl\/raduno-2024-compte-rendu\/","title":{"rendered":"Zaterdag 5 en zondag 6 oktober, Itali\u00eb"},"content":{"rendered":"\n<p>Raduno \u2013 Bassano del Grappa (Veneto)<\/p>\n\n\n\n<p>Le Nove Hotel &amp; Restaurant<br>Via Rizzi 51<br>36055 Nove (VI), Italie<br>t. +39 0424 590947<\/p>\n\n\n\n<p>L\u2019h\u00f4tel Le Nove, base du Raduno, est situ\u00e9 dans la vall\u00e9e de la Brenta, \u00e0 8 km de Bassano del Grappa, une ville de V\u00e9n\u00e9tie riche en histoire, en culture et en monuments.<\/p>\n\n\n\n<p><a href=\"https:\/\/www.veneto.eu\/IT\/Bassano_del_Grappa\/\">Bassano del Grappa \u2013 Ponte sul Brenta Vicenza (veneto.eu)<\/a><\/p>\n\n\n\n<p><a href=\"https:\/\/www.rivieradelbrenta.biz\/ville_venete\/\">Ville Venete (rivieradelbrenta.biz)<\/a><\/p>\n\n\n\n<p>L\u2019emplacement est strat\u00e9gique pour atteindre le Monte Grappa et le plateau d\u2019Asiago, non loin des cols l\u00e9gendaires des Dolomites.<\/p>\n\n\n\n<p>Plusieurs circuits routiers et un circuit de gravier sont propos\u00e9s, pour certains desquels un court trajet en voiture est conseill\u00e9.<\/p>\n\n\n\n<p><a href=\"&#x6d;&#x61;&#x69;&#x6c;&#x74;&#x6f;&#x3a;&#x69;&#110;&#102;&#111;&#64;&#108;&#101;&#110;oveh&#x6f;&#x74;&#x65;&#x6c;&#x2e;&#x69;&#x74;\" target=\"_blank\" rel=\"noreferrer noopener\">&#105;&#x6e;&#102;&#x6f;&#64;&#108;&#x65;&#110;&#x6f;v&#x65;h&#111;&#x74;&#101;&#x6c;&#46;&#x69;&#x74;<\/a>&nbsp;<\/p>\n\n\n\n<p><a href=\"http:\/\/www.lenovehotel.it\">www.lenovehotel.it<\/a>&nbsp;<\/p>\n\n\n\n<p>R\u00e9servation par les participants individuels au Rassemblement, aux conditions convenues suivantes :Chambre double (double\/lits jumeaux) \u20ac98<br>Chambre double \u00e0 usage unique 85<br>Chambre simple essentielle (lit simple) 70<br>30 \u20ac pour l\u2019ajout d\u2019un lit simple \u00e0 la chambre double (128 \u20ac chambre triple)<br>Les tarifs sont par nuit, par chambre et comprennent le petit d\u00e9jeuner, le parking int\u00e9rieur\/ext\u00e9rieur et la connexion Internet.<br>Un local \u00e0 v\u00e9los est mis gratuitement \u00e0 votre disposition.<br>D\u00eener social le 5 octobre \u20ac 35.00<\/p>\n\n\n\n<p><a href=\"https:\/\/centcols.org\/wp-content\/uploads\/2025\/08\/Raduno-CCC-2024-percorsi-rev-01.xlsx\">parcours<\/a><\/p>\n\n\n\n<h2 class=\"wp-block-heading\">Contact<\/h2>\n\n\n\n<p>Luigi Spina<br>T\u00e9l : +393494163174 Mail : [email]&#x6c;&#x75;&#x69;&#x67;&#x69;&#x2e;&#x73;&#x70;&#x69;&#x6e;&#x61;&#x40;&#x67;&#x6d;&#x78;&#x2e;&#x64;&#x65;[\/email]<\/p>\n\n\n\n<hr class=\"wp-block-separator has-alpha-channel-opacity\"\/>\n\n\n\n<h2 class=\"wp-block-heading\">Raduno 2024 : compte-rendu <\/h2>\n\n\n\n<p>Le Raduno italien du Club des Cent Cols s&rsquo;est d\u00e9roul\u00e9, les 5 et 6 octobre, \u00e0 Bassano del Grappa (V\u00e9n\u00e9tie), bas\u00e9 \u00e0 Nove (VI), dans une ambiance conviviale et sereine.<br>Les 11 participants (8 Italiens et 3 Fran\u00e7ais) se sont r\u00e9partis sur les diff\u00e9rents itin\u00e9raires propos\u00e9s, trouvant le samedi 5 octobre une m\u00e9t\u00e9o peu cl\u00e9mente, voire de la neige sur les plus hautes collines du plateau d&rsquo;Asiago. Le dimanche 6 octobre, la m\u00e9t\u00e9o a \u00e9t\u00e9 favorable et a permis de rouler dans des conditions agr\u00e9ables sur les circuits de la r\u00e9gion de Vicenza, entre Asolo et Monte Grappa.<\/p>\n\n\n\n<p class=\"has-text-align-right\">Luigi Spina<\/p>\n\n\n<div class=\"wp-block-image\">\n<figure class=\"aligncenter size-full is-resized\"><a href=\"https:\/\/centcols.org\/wp-content\/uploads\/2025\/08\/raduno_octobre2024-01.jpg\"><img loading=\"lazy\" decoding=\"async\" width=\"1200\" height=\"898\" src=\"https:\/\/centcols.org\/wp-content\/uploads\/2025\/08\/raduno_octobre2024-01.jpg\" alt=\"\" class=\"wp-image-88481\" style=\"width:800px\" srcset=\"https:\/\/centcols.org\/wp-content\/uploads\/2025\/08\/raduno_octobre2024-01.jpg 1200w, https:\/\/centcols.org\/wp-content\/uploads\/2025\/08\/raduno_octobre2024-01-768x575.jpg 768w\" sizes=\"auto, (max-width: 1200px) 100vw, 1200px\" \/><\/a><figcaption class=\"wp-element-caption\">repas du soir<\/figcaption><\/figure>\n<\/div>\n\n<div class=\"wp-block-image\">\n<figure class=\"aligncenter size-full is-resized\"><a href=\"https:\/\/centcols.org\/wp-content\/uploads\/2025\/08\/raduno_octobre2024-02.jpg\"><img loading=\"lazy\" decoding=\"async\" width=\"1200\" height=\"677\" src=\"https:\/\/centcols.org\/wp-content\/uploads\/2025\/08\/raduno_octobre2024-02.jpg\" alt=\"\" class=\"wp-image-88480\" style=\"width:800px\" srcset=\"https:\/\/centcols.org\/wp-content\/uploads\/2025\/08\/raduno_octobre2024-02.jpg 1200w, https:\/\/centcols.org\/wp-content\/uploads\/2025\/08\/raduno_octobre2024-02-768x433.jpg 768w\" sizes=\"auto, (max-width: 1200px) 100vw, 1200px\" \/><\/a><figcaption class=\"wp-element-caption\">Guy Moreau \u00e0 la Selletta Mecenseffy<\/figcaption><\/figure>\n<\/div>","protected":false},"excerpt":{"rendered":"<p>Raduno \u2013 Bassano del Grappa (Veneto) Le Nove Hotel &amp; RestaurantVia Rizzi 5136055 Nove (VI), Italiet. +39 0424 590947 L\u2019h\u00f4tel Le Nove, base du Raduno, est situ\u00e9 dans la vall\u00e9e de la Brenta, \u00e0 8 km de Bassano del Grappa, une ville de V\u00e9n\u00e9tie riche en histoire, en culture et en monuments. Bassano del Grappa [&hellip;]<\/p>\n","protected":false},"author":3,"featured_media":84474,"comment_status":"open","ping_status":"open","sticky":false,"template":"","format":"standard","meta":{"_acf_changed":false,"footnotes":""},"categories":[311,135,216],"tags":[],"class_list":["post-82652","post","type-post","status-publish","format-standard","has-post-thumbnail","hentry","category-les-rassemblements-de-2024","category-calendrier","category-rencontres-regionales"],"acf":[],"yoast_head":"<!-- This site is optimized with the Yoast SEO plugin v27.2 - https:\/\/yoast.com\/product\/yoast-seo-wordpress\/ -->\n<title>Samedi 5 et dimanche 6 octobre, Italie - Club des Cent Cols<\/title>\n<meta name=\"robots\" content=\"index, follow, max-snippet:-1, max-image-preview:large, max-video-preview:-1\" \/>\n<link rel=\"canonical\" href=\"https:\/\/centcols.org\/nl\/verslag-raduno-2024\/\" \/>\n<meta property=\"og:locale\" content=\"nl_BE\" \/>\n<meta property=\"og:type\" content=\"article\" \/>\n<meta property=\"og:title\" content=\"Samedi 5 et dimanche 6 octobre, Italie - Club des Cent Cols\" \/>\n<meta property=\"og:description\" content=\"Raduno \u2013 Bassano del Grappa (Veneto) Le Nove Hotel &amp; RestaurantVia Rizzi 5136055 Nove (VI), Italiet. +39 0424 590947 L\u2019h\u00f4tel Le Nove, base du Raduno, est situ\u00e9 dans la vall\u00e9e de la Brenta, \u00e0 8 km de Bassano del Grappa, une ville de V\u00e9n\u00e9tie riche en histoire, en culture et en monuments. Bassano del Grappa [&hellip;]\" \/>\n<meta property=\"og:url\" content=\"https:\/\/centcols.org\/nl\/verslag-raduno-2024\/\" \/>\n<meta property=\"og:site_name\" content=\"Club des Cent Cols\" \/>\n<meta property=\"article:publisher\" content=\"https:\/\/www.facebook.com\/groups\/5261880558\/?locale=fr_FR\" \/>\n<meta property=\"article:published_time\" content=\"2025-06-29T09:02:00+00:00\" \/>\n<meta property=\"article:modified_time\" content=\"2025-09-09T11:31:34+00:00\" \/>\n<meta property=\"og:image\" content=\"https:\/\/centcols.org\/wp-content\/uploads\/2025\/06\/43001.jpg\" \/>\n\t<meta property=\"og:image:width\" content=\"800\" \/>\n\t<meta property=\"og:image:height\" content=\"602\" \/>\n\t<meta property=\"og:image:type\" content=\"image\/jpeg\" \/>\n<meta name=\"author\" content=\"Webmestre\" \/>\n<meta name=\"twitter:card\" content=\"summary_large_image\" \/>\n<meta name=\"twitter:label1\" content=\"Geschreven door\" \/>\n\t<meta name=\"twitter:data1\" content=\"Webmestre\" \/>\n\t<meta name=\"twitter:label2\" content=\"Geschatte leestijd\" \/>\n\t<meta name=\"twitter:data2\" content=\"3 minuten\" \/>\n<script type=\"application\/ld+json\" class=\"yoast-schema-graph\">{\"@context\":\"https:\/\/schema.org\",\"@graph\":[{\"@type\":\"Article\",\"@id\":\"https:\/\/centcols.org\/raduno-2024-compte-rendu\/#article\",\"isPartOf\":{\"@id\":\"https:\/\/centcols.org\/raduno-2024-compte-rendu\/\"},\"author\":{\"name\":\"Webmestre\",\"@id\":\"https:\/\/centcols.org\/#\/schema\/person\/911b404fb133d8c913dd27cdcf71c8e5\"},\"headline\":\"Samedi 5 et dimanche 6 octobre, Italie\",\"datePublished\":\"2025-06-29T09:02:00+00:00\",\"dateModified\":\"2025-09-09T11:31:34+00:00\",\"mainEntityOfPage\":{\"@id\":\"https:\/\/centcols.org\/raduno-2024-compte-rendu\/\"},\"wordCount\":325,\"commentCount\":0,\"publisher\":{\"@id\":\"https:\/\/centcols.org\/#organization\"},\"image\":{\"@id\":\"https:\/\/centcols.org\/raduno-2024-compte-rendu\/#primaryimage\"},\"thumbnailUrl\":\"https:\/\/centcols.org\/wp-content\/uploads\/2025\/06\/43001.jpg\",\"articleSection\":[\"2024-rassemblements\",\"Calendrier\",\"Rencontres r\u00e9gionales\"],\"inLanguage\":\"nl-BE\",\"potentialAction\":[{\"@type\":\"CommentAction\",\"name\":\"Comment\",\"target\":[\"https:\/\/centcols.org\/raduno-2024-compte-rendu\/#respond\"]}]},{\"@type\":\"WebPage\",\"@id\":\"https:\/\/centcols.org\/raduno-2024-compte-rendu\/\",\"url\":\"https:\/\/centcols.org\/raduno-2024-compte-rendu\/\",\"name\":\"Samedi 5 et dimanche 6 octobre, Italie - Club des Cent Cols\",\"isPartOf\":{\"@id\":\"https:\/\/centcols.org\/#website\"},\"primaryImageOfPage\":{\"@id\":\"https:\/\/centcols.org\/raduno-2024-compte-rendu\/#primaryimage\"},\"image\":{\"@id\":\"https:\/\/centcols.org\/raduno-2024-compte-rendu\/#primaryimage\"},\"thumbnailUrl\":\"https:\/\/centcols.org\/wp-content\/uploads\/2025\/06\/43001.jpg\",\"datePublished\":\"2025-06-29T09:02:00+00:00\",\"dateModified\":\"2025-09-09T11:31:34+00:00\",\"breadcrumb\":{\"@id\":\"https:\/\/centcols.org\/raduno-2024-compte-rendu\/#breadcrumb\"},\"inLanguage\":\"nl-BE\",\"potentialAction\":[{\"@type\":\"ReadAction\",\"target\":[\"https:\/\/centcols.org\/raduno-2024-compte-rendu\/\"]}]},{\"@type\":\"ImageObject\",\"inLanguage\":\"nl-BE\",\"@id\":\"https:\/\/centcols.org\/raduno-2024-compte-rendu\/#primaryimage\",\"url\":\"https:\/\/centcols.org\/wp-content\/uploads\/2025\/06\/43001.jpg\",\"contentUrl\":\"https:\/\/centcols.org\/wp-content\/uploads\/2025\/06\/43001.jpg\",\"width\":800,\"height\":602},{\"@type\":\"BreadcrumbList\",\"@id\":\"https:\/\/centcols.org\/raduno-2024-compte-rendu\/#breadcrumb\",\"itemListElement\":[{\"@type\":\"ListItem\",\"position\":1,\"name\":\"Accueil\",\"item\":\"https:\/\/centcols.org\/\"},{\"@type\":\"ListItem\",\"position\":2,\"name\":\"Rencontres r\u00e9gionales\",\"item\":\"https:\/\/centcols.org\/rubrique\/rencontres-regionales\/\"},{\"@type\":\"ListItem\",\"position\":3,\"name\":\"Samedi 5 et dimanche 6 octobre, Italie\"}]},{\"@type\":\"WebSite\",\"@id\":\"https:\/\/centcols.org\/#website\",\"url\":\"https:\/\/centcols.org\/\",\"name\":\"Club des Cent Cols\",\"description\":\"\",\"publisher\":{\"@id\":\"https:\/\/centcols.org\/#organization\"},\"potentialAction\":[{\"@type\":\"SearchAction\",\"target\":{\"@type\":\"EntryPoint\",\"urlTemplate\":\"https:\/\/centcols.org\/?s={search_term_string}\"},\"query-input\":{\"@type\":\"PropertyValueSpecification\",\"valueRequired\":true,\"valueName\":\"search_term_string\"}}],\"inLanguage\":\"nl-BE\"},{\"@type\":\"Organization\",\"@id\":\"https:\/\/centcols.org\/#organization\",\"name\":\"Club des Cent Cols\",\"url\":\"https:\/\/centcols.org\/\",\"logo\":{\"@type\":\"ImageObject\",\"inLanguage\":\"nl-BE\",\"@id\":\"https:\/\/centcols.org\/#\/schema\/logo\/image\/\",\"url\":\"https:\/\/centcols.org\/wp-content\/uploads\/2025\/01\/carte-icone.png\",\"contentUrl\":\"https:\/\/centcols.org\/wp-content\/uploads\/2025\/01\/carte-icone.png\",\"width\":250,\"height\":250,\"caption\":\"Club des Cent Cols\"},\"image\":{\"@id\":\"https:\/\/centcols.org\/#\/schema\/logo\/image\/\"},\"sameAs\":[\"https:\/\/www.facebook.com\/groups\/5261880558\/?locale=fr_FR\"]},{\"@type\":\"Person\",\"@id\":\"https:\/\/centcols.org\/#\/schema\/person\/911b404fb133d8c913dd27cdcf71c8e5\",\"name\":\"Webmestre\",\"image\":{\"@type\":\"ImageObject\",\"inLanguage\":\"nl-BE\",\"@id\":\"https:\/\/centcols.org\/wp-content\/litespeed\/avatar\/2d246e4b6b4f773e08515e1ffc53690b.jpg?ver=1777222892\",\"url\":\"https:\/\/centcols.org\/wp-content\/litespeed\/avatar\/2d246e4b6b4f773e08515e1ffc53690b.jpg?ver=1777222892\",\"contentUrl\":\"https:\/\/centcols.org\/wp-content\/litespeed\/avatar\/2d246e4b6b4f773e08515e1ffc53690b.jpg?ver=1777222892\",\"caption\":\"Webmestre\"},\"url\":\"https:\/\/centcols.org\/nl\/author\/webmestre\/\"}]}<\/script>\n<!-- \/ Yoast SEO plugin. -->","yoast_head_json":{"title":"Zaterdag 5 en zondag 6 oktober, Itali\u00eb - Club des Cent Cols","robots":{"index":"index","follow":"follow","max-snippet":"max-snippet:-1","max-image-preview":"max-image-preview:large","max-video-preview":"max-video-preview:-1"},"canonical":"https:\/\/centcols.org\/nl\/verslag-raduno-2024\/","og_locale":"nl_BE","og_type":"article","og_title":"Samedi 5 et dimanche 6 octobre, Italie - Club des Cent Cols","og_description":"Raduno \u2013 Bassano del Grappa (Veneto) Le Nove Hotel &amp; RestaurantVia Rizzi 5136055 Nove (VI), Italiet. +39 0424 590947 L\u2019h\u00f4tel Le Nove, base du Raduno, est situ\u00e9 dans la vall\u00e9e de la Brenta, \u00e0 8 km de Bassano del Grappa, une ville de V\u00e9n\u00e9tie riche en histoire, en culture et en monuments. Bassano del Grappa [&hellip;]","og_url":"https:\/\/centcols.org\/nl\/verslag-raduno-2024\/","og_site_name":"Club des Cent Cols","article_publisher":"https:\/\/www.facebook.com\/groups\/5261880558\/?locale=fr_FR","article_published_time":"2025-06-29T09:02:00+00:00","article_modified_time":"2025-09-09T11:31:34+00:00","og_image":[{"width":800,"height":602,"url":"https:\/\/centcols.org\/wp-content\/uploads\/2025\/06\/43001.jpg","type":"image\/jpeg"}],"author":"Webmestre","twitter_card":"summary_large_image","twitter_misc":{"Geschreven door":"Webmestre","Geschatte leestijd":"3 minuten"},"schema":{"@context":"https:\/\/schema.org","@graph":[{"@type":"Article","@id":"https:\/\/centcols.org\/raduno-2024-compte-rendu\/#article","isPartOf":{"@id":"https:\/\/centcols.org\/raduno-2024-compte-rendu\/"},"author":{"name":"Webmestre","@id":"https:\/\/centcols.org\/#\/schema\/person\/911b404fb133d8c913dd27cdcf71c8e5"},"headline":"Samedi 5 et dimanche 6 octobre, Italie","datePublished":"2025-06-29T09:02:00+00:00","dateModified":"2025-09-09T11:31:34+00:00","mainEntityOfPage":{"@id":"https:\/\/centcols.org\/raduno-2024-compte-rendu\/"},"wordCount":325,"commentCount":0,"publisher":{"@id":"https:\/\/centcols.org\/#organization"},"image":{"@id":"https:\/\/centcols.org\/raduno-2024-compte-rendu\/#primaryimage"},"thumbnailUrl":"https:\/\/centcols.org\/wp-content\/uploads\/2025\/06\/43001.jpg","articleSection":["2024-rassemblements","Calendrier","Rencontres r\u00e9gionales"],"inLanguage":"nl-BE","potentialAction":[{"@type":"CommentAction","name":"Comment","target":["https:\/\/centcols.org\/raduno-2024-compte-rendu\/#respond"]}]},{"@type":"WebPage","@id":"https:\/\/centcols.org\/raduno-2024-compte-rendu\/","url":"https:\/\/centcols.org\/raduno-2024-compte-rendu\/","name":"Zaterdag 5 en zondag 6 oktober, Itali\u00eb - Club des Cent Cols","isPartOf":{"@id":"https:\/\/centcols.org\/#website"},"primaryImageOfPage":{"@id":"https:\/\/centcols.org\/raduno-2024-compte-rendu\/#primaryimage"},"image":{"@id":"https:\/\/centcols.org\/raduno-2024-compte-rendu\/#primaryimage"},"thumbnailUrl":"https:\/\/centcols.org\/wp-content\/uploads\/2025\/06\/43001.jpg","datePublished":"2025-06-29T09:02:00+00:00","dateModified":"2025-09-09T11:31:34+00:00","breadcrumb":{"@id":"https:\/\/centcols.org\/raduno-2024-compte-rendu\/#breadcrumb"},"inLanguage":"nl-BE","potentialAction":[{"@type":"ReadAction","target":["https:\/\/centcols.org\/raduno-2024-compte-rendu\/"]}]},{"@type":"ImageObject","inLanguage":"nl-BE","@id":"https:\/\/centcols.org\/raduno-2024-compte-rendu\/#primaryimage","url":"https:\/\/centcols.org\/wp-content\/uploads\/2025\/06\/43001.jpg","contentUrl":"https:\/\/centcols.org\/wp-content\/uploads\/2025\/06\/43001.jpg","width":800,"height":602},{"@type":"BreadcrumbList","@id":"https:\/\/centcols.org\/raduno-2024-compte-rendu\/#breadcrumb","itemListElement":[{"@type":"ListItem","position":1,"name":"Accueil","item":"https:\/\/centcols.org\/"},{"@type":"ListItem","position":2,"name":"Rencontres r\u00e9gionales","item":"https:\/\/centcols.org\/rubrique\/rencontres-regionales\/"},{"@type":"ListItem","position":3,"name":"Samedi 5 et dimanche 6 octobre, Italie"}]},{"@type":"WebSite","@id":"https:\/\/centcols.org\/#website","url":"https:\/\/centcols.org\/","name":"Club van Cent Cols","description":"","publisher":{"@id":"https:\/\/centcols.org\/#organization"},"potentialAction":[{"@type":"SearchAction","target":{"@type":"EntryPoint","urlTemplate":"https:\/\/centcols.org\/?s={search_term_string}"},"query-input":{"@type":"PropertyValueSpecification","valueRequired":true,"valueName":"search_term_string"}}],"inLanguage":"nl-BE"},{"@type":"Organization","@id":"https:\/\/centcols.org\/#organization","name":"Club van Cent Cols","url":"https:\/\/centcols.org\/","logo":{"@type":"ImageObject","inLanguage":"nl-BE","@id":"https:\/\/centcols.org\/#\/schema\/logo\/image\/","url":"https:\/\/centcols.org\/wp-content\/uploads\/2025\/01\/carte-icone.png","contentUrl":"https:\/\/centcols.org\/wp-content\/uploads\/2025\/01\/carte-icone.png","width":250,"height":250,"caption":"Club des Cent Cols"},"image":{"@id":"https:\/\/centcols.org\/#\/schema\/logo\/image\/"},"sameAs":["https:\/\/www.facebook.com\/groups\/5261880558\/?locale=fr_FR"]},{"@type":"Person","@id":"https:\/\/centcols.org\/#\/schema\/person\/911b404fb133d8c913dd27cdcf71c8e5","name":"Webmaster","image":{"@type":"ImageObject","inLanguage":"nl-BE","@id":"https:\/\/centcols.org\/wp-content\/litespeed\/avatar\/2d246e4b6b4f773e08515e1ffc53690b.jpg?ver=1777222892","url":"https:\/\/centcols.org\/wp-content\/litespeed\/avatar\/2d246e4b6b4f773e08515e1ffc53690b.jpg?ver=1777222892","contentUrl":"https:\/\/centcols.org\/wp-content\/litespeed\/avatar\/2d246e4b6b4f773e08515e1ffc53690b.jpg?ver=1777222892","caption":"Webmestre"},"url":"https:\/\/centcols.org\/nl\/author\/webmestre\/"}]}},"_links":{"self":[{"href":"https:\/\/centcols.org\/nl\/wp-json\/wp\/v2\/posts\/82652","targetHints":{"allow":["GET"]}}],"collection":[{"href":"https:\/\/centcols.org\/nl\/wp-json\/wp\/v2\/posts"}],"about":[{"href":"https:\/\/centcols.org\/nl\/wp-json\/wp\/v2\/types\/post"}],"author":[{"embeddable":true,"href":"https:\/\/centcols.org\/nl\/wp-json\/wp\/v2\/users\/3"}],"replies":[{"embeddable":true,"href":"https:\/\/centcols.org\/nl\/wp-json\/wp\/v2\/comments?post=82652"}],"version-history":[{"count":0,"href":"https:\/\/centcols.org\/nl\/wp-json\/wp\/v2\/posts\/82652\/revisions"}],"wp:featuredmedia":[{"embeddable":true,"href":"https:\/\/centcols.org\/nl\/wp-json\/wp\/v2\/media\/84474"}],"wp:attachment":[{"href":"https:\/\/centcols.org\/nl\/wp-json\/wp\/v2\/media?parent=82652"}],"wp:term":[{"taxonomy":"category","embeddable":true,"href":"https:\/\/centcols.org\/nl\/wp-json\/wp\/v2\/categories?post=82652"},{"taxonomy":"post_tag","embeddable":true,"href":"https:\/\/centcols.org\/nl\/wp-json\/wp\/v2\/tags?post=82652"}],"curies":[{"name":"wp","href":"https:\/\/api.w.org\/{rel}","templated":true}]}}