{"id":84136,"date":"2025-06-24T02:17:53","date_gmt":"2025-06-24T00:17:53","guid":{"rendered":"https:\/\/centcols.org\/?p=84136"},"modified":"2025-10-15T03:16:50","modified_gmt":"2025-10-15T01:16:50","slug":"yves-bochent","status":"publish","type":"post","link":"https:\/\/centcols.org\/nl\/yves-bochent\/","title":{"rendered":"Yves Bochent"},"content":{"rendered":"<p>cc 6526 Yves Bochent<\/p>\n\n\n\n<p>Met groot verdriet heb ik zojuist vernomen dat Yves Bochent is overleden. Hij kwam bij de club in 2007 en vertrok in 2022. Hij was altijd toegewijd, altijd ter zake en altijd bereid om te helpen, zoals tijdens onze RP in het Zwarte Woud, waar hij de hele week onze chauffeur en tanker was.<\/p>\n\n\n\n<p>Onze gedachten zijn bij zijn vrouw Malou en zijn familie.<\/p>\n\n\n\n<p>Pierre Mai cc 4906<\/p>\n\n\n<div class=\"wp-block-image\">\n<figure class=\"aligncenter size-large is-resized\"><img loading=\"lazy\" decoding=\"async\" width=\"1440\" height=\"1920\" src=\"https:\/\/centcols.org\/wp-content\/uploads\/2025\/06\/bochent01-1440x1920.jpg\" alt=\"\" class=\"wp-image-84137\" style=\"width:294px;height:auto\" srcset=\"https:\/\/centcols.org\/wp-content\/uploads\/2025\/06\/bochent01-1440x1920.jpg 1440w, https:\/\/centcols.org\/wp-content\/uploads\/2025\/06\/bochent01-900x1200.jpg 900w, https:\/\/centcols.org\/wp-content\/uploads\/2025\/06\/bochent01-768x1024.jpg 768w, https:\/\/centcols.org\/wp-content\/uploads\/2025\/06\/bochent01-1152x1536.jpg 1152w, https:\/\/centcols.org\/wp-content\/uploads\/2025\/06\/bochent01-1536x2048.jpg 1536w, https:\/\/centcols.org\/wp-content\/uploads\/2025\/06\/bochent01.jpg 1716w\" sizes=\"auto, (max-width: 1440px) 100vw, 1440px\" \/><\/figure>\n<\/div>\n\n\n<hr class=\"wp-block-separator has-alpha-channel-opacity is-style-default\"\/>\n\n\n\n<p>Ik was erg ontroerd toen ik het nieuws hoorde, want onze Zwitserse Breton was een heel speciaal persoon voor mij.<\/p>\n\n\n\n<p>Ik zal hem nooit vergeten, want hij was iemand die een blijvende indruk op me achterliet, met zijn ondeugende maar innemende kant waar je altijd op kon rekenen.<\/p>\n\n\n\n<p>Mijn beste wensen voor Malou en haar familie.<\/p>\n\n\n\n<p>Jacques Bezzola cc 3842<\/p>\n\n\n\n<hr class=\"wp-block-separator has-alpha-channel-opacity is-style-default\"\/>\n\n\n\n<p>Ik was geschokt toen ik het nieuws hoorde.&nbsp;<\/p>\n\n\n\n<p>Yves was een vertederend mannetje, die ons na een van jullie wandelingen verwelkomde in zijn huis met zijn lieve Malou.<\/p>\n\n\n\n<p>Ik zal hem altijd herinneren als een discrete, dynamische man die altijd een glimlach op zijn gezicht had.<\/p>\n\n\n\n<p>Onze gedachten gaan uit naar Malou, haar familie en de Rivi\u00e8ra club.<\/p>\n\n\n\n<p>Kenavo mijn vriend!<br>Mikael VIALLE cc 5807<\/p>\n\n\n\n<hr class=\"wp-block-separator has-alpha-channel-opacity is-style-default\"\/>\n\n\n\n<p>Het was nieuws dat mij ook van streek maakte. Ik ontmoette Yves in 2011 toen ik door Frankrijk toerde zo dicht mogelijk bij de kust en de grenzen. Toen ik wist dat ik een uitstapje naar Zwitserland had gepland om zo dicht mogelijk bij de grenzen te komen, nam Yves Breton uit Zwitserland, die me niet persoonlijk kende, contact met me op via de reacties op mijn reisblog. Ik zou heel dicht bij zijn huis langskomen en hij nodigde me uit om daar te stoppen.<br>Hij kwam me tegemoet op de Col de la Forclaz vergezeld door Bernard Besson (cc 550) om me naar zijn huis in Saint-Triphon te brengen.<\/p>\n\n\n\n<figure class=\"wp-block-gallery aligncenter has-nested-images columns-default is-cropped wp-block-gallery-1 is-layout-flex wp-block-gallery-is-layout-flex\">\n<figure class=\"wp-block-image size-full\"><img loading=\"lazy\" decoding=\"async\" width=\"1024\" height=\"768\" data-id=\"84138\" src=\"https:\/\/centcols.org\/wp-content\/uploads\/2025\/06\/bochent02.jpg\" alt=\"\" class=\"wp-image-84138\" srcset=\"https:\/\/centcols.org\/wp-content\/uploads\/2025\/06\/bochent02.jpg 1024w, https:\/\/centcols.org\/wp-content\/uploads\/2025\/06\/bochent02-768x576.jpg 768w\" sizes=\"auto, (max-width: 1024px) 100vw, 1024px\" \/><figcaption class=\"wp-element-caption\">eerste ontmoeting met Yves op de Col de la Forclaz<\/figcaption><\/figure>\n\n\n\n<figure class=\"wp-block-image size-full\"><img loading=\"lazy\" decoding=\"async\" width=\"576\" height=\"768\" data-id=\"84139\" src=\"https:\/\/centcols.org\/wp-content\/uploads\/2025\/06\/bochent03.jpg\" alt=\"\" class=\"wp-image-84139\"\/><figcaption class=\"wp-element-caption\">van rechts naar links Bernard Besson, Yves Bochent en R\u00e9gis Paraz<\/figcaption><\/figure>\n<\/figure>\n\n\n\n<p>Ik kreeg een vorstelijk welkom van Malou en Yves. Een van de beste herinneringen aan deze reis. Ze haalden alles uit de kast en het was een groot genoegen om hen te ontmoeten.<\/p>\n\n\n<div class=\"wp-block-image\">\n<figure class=\"aligncenter size-full\"><img loading=\"lazy\" decoding=\"async\" width=\"1024\" height=\"768\" src=\"https:\/\/centcols.org\/wp-content\/uploads\/2025\/06\/bochent04.jpg\" alt=\"\" class=\"wp-image-84140\" srcset=\"https:\/\/centcols.org\/wp-content\/uploads\/2025\/06\/bochent04.jpg 1024w, https:\/\/centcols.org\/wp-content\/uploads\/2025\/06\/bochent04-768x576.jpg 768w\" sizes=\"auto, (max-width: 1024px) 100vw, 1024px\" \/><figcaption class=\"wp-element-caption\">Yves weet hoe hij moet entertainen<\/figcaption><\/figure>\n<\/div>\n\n\n<p>Yves had een hekel aan rijden in de regen. Maar dat weerhield hem er niet van om me de volgende ochtend te vergezellen naar Saint-Gingolph voor mijn laatste etappe. Hij reed meer dan veertig kilometer in de stromende regen alleen maar om een moment van vriendschap te delen.<\/p>\n\n\n\n<p>Yves<strong> <\/strong>was een kleurrijk personage wiens aanwezigheid elk moment opfleurde. Zijn vitaliteit en dynamiek waren aanstekelijk. Grootmoedig van hart en geest, wist hij zijn tijd, zijn glimlach en zijn vriendelijkheid aan te bieden aan de mensen om hem heen. Zijn nagedachtenis zal in mijn geheugen gegrift blijven als een bron van inspiratie en menselijke warmte.<strong>.<\/strong><br>R\u00e9gis Paraz cc 3225<\/p>","protected":false},"excerpt":{"rendered":"<p>cc 6526 Yves Bochent C\u2019est avec beaucoup de tristesse que je viens d\u2019apprendre le d\u00e9c\u00e8s d\u2019Yves Bochent. Il \u00e9tait entr\u00e9 au club en 2007 et l\u2019avait quitt\u00e9 en 2022. Toujours d\u00e9vou\u00e9, bout en train et pr\u00eat \u00e0 rendre service comme lors de notre RP en For\u00eat Noire o\u00f9 il avait \u00e9t\u00e9 notre chauffeur et ravitailleur [&hellip;]<\/p>\n","protected":false},"author":3,"featured_media":84142,"comment_status":"open","ping_status":"closed","sticky":false,"template":"","format":"standard","meta":{"_acf_changed":false,"footnotes":""},"categories":[130],"tags":[],"class_list":["post-84136","post","type-post","status-publish","format-standard","has-post-thumbnail","hentry","category-carnet-noir"],"acf":[],"yoast_head":"<!-- This site is optimized with the Yoast SEO plugin v27.2 - https:\/\/yoast.com\/product\/yoast-seo-wordpress\/ -->\n<title>Yves Bochent - Club des Cent Cols<\/title>\n<meta name=\"robots\" content=\"index, follow, max-snippet:-1, max-image-preview:large, max-video-preview:-1\" \/>\n<link rel=\"canonical\" href=\"https:\/\/centcols.org\/nl\/yves-bochent\/\" \/>\n<meta property=\"og:locale\" content=\"nl_BE\" \/>\n<meta property=\"og:type\" content=\"article\" \/>\n<meta property=\"og:title\" content=\"Yves Bochent - Club des Cent Cols\" \/>\n<meta property=\"og:description\" content=\"cc 6526 Yves Bochent C\u2019est avec beaucoup de tristesse que je viens d\u2019apprendre le d\u00e9c\u00e8s d\u2019Yves Bochent. Il \u00e9tait entr\u00e9 au club en 2007 et l\u2019avait quitt\u00e9 en 2022. Toujours d\u00e9vou\u00e9, bout en train et pr\u00eat \u00e0 rendre service comme lors de notre RP en For\u00eat Noire o\u00f9 il avait \u00e9t\u00e9 notre chauffeur et ravitailleur [&hellip;]\" \/>\n<meta property=\"og:url\" content=\"https:\/\/centcols.org\/nl\/yves-bochent\/\" \/>\n<meta property=\"og:site_name\" content=\"Club des Cent Cols\" \/>\n<meta property=\"article:publisher\" content=\"https:\/\/www.facebook.com\/groups\/5261880558\/?locale=fr_FR\" \/>\n<meta property=\"article:published_time\" content=\"2025-06-24T00:17:53+00:00\" \/>\n<meta property=\"article:modified_time\" content=\"2025-10-15T01:16:50+00:00\" \/>\n<meta property=\"og:image\" content=\"https:\/\/centcols.org\/wp-content\/uploads\/2025\/06\/bochent05.jpg\" \/>\n\t<meta property=\"og:image:width\" content=\"800\" \/>\n\t<meta property=\"og:image:height\" content=\"450\" \/>\n\t<meta property=\"og:image:type\" content=\"image\/jpeg\" \/>\n<meta name=\"author\" content=\"Webmestre\" \/>\n<meta name=\"twitter:card\" content=\"summary_large_image\" \/>\n<meta name=\"twitter:label1\" content=\"Geschreven door\" \/>\n\t<meta name=\"twitter:data1\" content=\"Webmestre\" \/>\n\t<meta name=\"twitter:label2\" content=\"Geschatte leestijd\" \/>\n\t<meta name=\"twitter:data2\" content=\"4 minuten\" \/>\n<script type=\"application\/ld+json\" class=\"yoast-schema-graph\">{\"@context\":\"https:\/\/schema.org\",\"@graph\":[{\"@type\":\"Article\",\"@id\":\"https:\/\/centcols.org\/yves-bochent\/#article\",\"isPartOf\":{\"@id\":\"https:\/\/centcols.org\/yves-bochent\/\"},\"author\":{\"name\":\"Webmestre\",\"@id\":\"https:\/\/centcols.org\/#\/schema\/person\/911b404fb133d8c913dd27cdcf71c8e5\"},\"headline\":\"Yves Bochent\",\"datePublished\":\"2025-06-24T00:17:53+00:00\",\"dateModified\":\"2025-10-15T01:16:50+00:00\",\"mainEntityOfPage\":{\"@id\":\"https:\/\/centcols.org\/yves-bochent\/\"},\"wordCount\":503,\"commentCount\":0,\"publisher\":{\"@id\":\"https:\/\/centcols.org\/#organization\"},\"image\":{\"@id\":\"https:\/\/centcols.org\/yves-bochent\/#primaryimage\"},\"thumbnailUrl\":\"https:\/\/centcols.org\/wp-content\/uploads\/2025\/06\/bochent05.jpg\",\"articleSection\":[\"Carnet noir\"],\"inLanguage\":\"nl-BE\",\"potentialAction\":[{\"@type\":\"CommentAction\",\"name\":\"Comment\",\"target\":[\"https:\/\/centcols.org\/yves-bochent\/#respond\"]}]},{\"@type\":\"WebPage\",\"@id\":\"https:\/\/centcols.org\/yves-bochent\/\",\"url\":\"https:\/\/centcols.org\/yves-bochent\/\",\"name\":\"Yves Bochent - Club des Cent Cols\",\"isPartOf\":{\"@id\":\"https:\/\/centcols.org\/#website\"},\"primaryImageOfPage\":{\"@id\":\"https:\/\/centcols.org\/yves-bochent\/#primaryimage\"},\"image\":{\"@id\":\"https:\/\/centcols.org\/yves-bochent\/#primaryimage\"},\"thumbnailUrl\":\"https:\/\/centcols.org\/wp-content\/uploads\/2025\/06\/bochent05.jpg\",\"datePublished\":\"2025-06-24T00:17:53+00:00\",\"dateModified\":\"2025-10-15T01:16:50+00:00\",\"breadcrumb\":{\"@id\":\"https:\/\/centcols.org\/yves-bochent\/#breadcrumb\"},\"inLanguage\":\"nl-BE\",\"potentialAction\":[{\"@type\":\"ReadAction\",\"target\":[\"https:\/\/centcols.org\/yves-bochent\/\"]}]},{\"@type\":\"ImageObject\",\"inLanguage\":\"nl-BE\",\"@id\":\"https:\/\/centcols.org\/yves-bochent\/#primaryimage\",\"url\":\"https:\/\/centcols.org\/wp-content\/uploads\/2025\/06\/bochent05.jpg\",\"contentUrl\":\"https:\/\/centcols.org\/wp-content\/uploads\/2025\/06\/bochent05.jpg\",\"width\":800,\"height\":450},{\"@type\":\"BreadcrumbList\",\"@id\":\"https:\/\/centcols.org\/yves-bochent\/#breadcrumb\",\"itemListElement\":[{\"@type\":\"ListItem\",\"position\":1,\"name\":\"Accueil\",\"item\":\"https:\/\/centcols.org\/\"},{\"@type\":\"ListItem\",\"position\":2,\"name\":\"Gazette\",\"item\":\"https:\/\/centcols.org\/rubrique\/gazette\/\"},{\"@type\":\"ListItem\",\"position\":3,\"name\":\"Carnet noir\",\"item\":\"https:\/\/centcols.org\/rubrique\/gazette\/carnet-noir\/\"},{\"@type\":\"ListItem\",\"position\":4,\"name\":\"Yves Bochent\"}]},{\"@type\":\"WebSite\",\"@id\":\"https:\/\/centcols.org\/#website\",\"url\":\"https:\/\/centcols.org\/\",\"name\":\"Club des Cent Cols\",\"description\":\"\",\"publisher\":{\"@id\":\"https:\/\/centcols.org\/#organization\"},\"potentialAction\":[{\"@type\":\"SearchAction\",\"target\":{\"@type\":\"EntryPoint\",\"urlTemplate\":\"https:\/\/centcols.org\/?s={search_term_string}\"},\"query-input\":{\"@type\":\"PropertyValueSpecification\",\"valueRequired\":true,\"valueName\":\"search_term_string\"}}],\"inLanguage\":\"nl-BE\"},{\"@type\":\"Organization\",\"@id\":\"https:\/\/centcols.org\/#organization\",\"name\":\"Club des Cent Cols\",\"url\":\"https:\/\/centcols.org\/\",\"logo\":{\"@type\":\"ImageObject\",\"inLanguage\":\"nl-BE\",\"@id\":\"https:\/\/centcols.org\/#\/schema\/logo\/image\/\",\"url\":\"https:\/\/centcols.org\/wp-content\/uploads\/2025\/01\/carte-icone.png\",\"contentUrl\":\"https:\/\/centcols.org\/wp-content\/uploads\/2025\/01\/carte-icone.png\",\"width\":250,\"height\":250,\"caption\":\"Club des Cent Cols\"},\"image\":{\"@id\":\"https:\/\/centcols.org\/#\/schema\/logo\/image\/\"},\"sameAs\":[\"https:\/\/www.facebook.com\/groups\/5261880558\/?locale=fr_FR\"]},{\"@type\":\"Person\",\"@id\":\"https:\/\/centcols.org\/#\/schema\/person\/911b404fb133d8c913dd27cdcf71c8e5\",\"name\":\"Webmestre\",\"image\":{\"@type\":\"ImageObject\",\"inLanguage\":\"nl-BE\",\"@id\":\"https:\/\/centcols.org\/wp-content\/litespeed\/avatar\/2d246e4b6b4f773e08515e1ffc53690b.jpg?ver=1777222892\",\"url\":\"https:\/\/centcols.org\/wp-content\/litespeed\/avatar\/2d246e4b6b4f773e08515e1ffc53690b.jpg?ver=1777222892\",\"contentUrl\":\"https:\/\/centcols.org\/wp-content\/litespeed\/avatar\/2d246e4b6b4f773e08515e1ffc53690b.jpg?ver=1777222892\",\"caption\":\"Webmestre\"},\"url\":\"https:\/\/centcols.org\/nl\/author\/webmestre\/\"}]}<\/script>\n<!-- \/ Yoast SEO plugin. -->","yoast_head_json":{"title":"Yves Bochent - Club des Cent Cols","robots":{"index":"index","follow":"follow","max-snippet":"max-snippet:-1","max-image-preview":"max-image-preview:large","max-video-preview":"max-video-preview:-1"},"canonical":"https:\/\/centcols.org\/nl\/yves-bochent\/","og_locale":"nl_BE","og_type":"article","og_title":"Yves Bochent - Club des Cent Cols","og_description":"cc 6526 Yves Bochent C\u2019est avec beaucoup de tristesse que je viens d\u2019apprendre le d\u00e9c\u00e8s d\u2019Yves Bochent. Il \u00e9tait entr\u00e9 au club en 2007 et l\u2019avait quitt\u00e9 en 2022. Toujours d\u00e9vou\u00e9, bout en train et pr\u00eat \u00e0 rendre service comme lors de notre RP en For\u00eat Noire o\u00f9 il avait \u00e9t\u00e9 notre chauffeur et ravitailleur [&hellip;]","og_url":"https:\/\/centcols.org\/nl\/yves-bochent\/","og_site_name":"Club des Cent Cols","article_publisher":"https:\/\/www.facebook.com\/groups\/5261880558\/?locale=fr_FR","article_published_time":"2025-06-24T00:17:53+00:00","article_modified_time":"2025-10-15T01:16:50+00:00","og_image":[{"width":800,"height":450,"url":"https:\/\/centcols.org\/wp-content\/uploads\/2025\/06\/bochent05.jpg","type":"image\/jpeg"}],"author":"Webmestre","twitter_card":"summary_large_image","twitter_misc":{"Geschreven door":"Webmestre","Geschatte leestijd":"4 minuten"},"schema":{"@context":"https:\/\/schema.org","@graph":[{"@type":"Article","@id":"https:\/\/centcols.org\/yves-bochent\/#article","isPartOf":{"@id":"https:\/\/centcols.org\/yves-bochent\/"},"author":{"name":"Webmestre","@id":"https:\/\/centcols.org\/#\/schema\/person\/911b404fb133d8c913dd27cdcf71c8e5"},"headline":"Yves Bochent","datePublished":"2025-06-24T00:17:53+00:00","dateModified":"2025-10-15T01:16:50+00:00","mainEntityOfPage":{"@id":"https:\/\/centcols.org\/yves-bochent\/"},"wordCount":503,"commentCount":0,"publisher":{"@id":"https:\/\/centcols.org\/#organization"},"image":{"@id":"https:\/\/centcols.org\/yves-bochent\/#primaryimage"},"thumbnailUrl":"https:\/\/centcols.org\/wp-content\/uploads\/2025\/06\/bochent05.jpg","articleSection":["Carnet noir"],"inLanguage":"nl-BE","potentialAction":[{"@type":"CommentAction","name":"Comment","target":["https:\/\/centcols.org\/yves-bochent\/#respond"]}]},{"@type":"WebPage","@id":"https:\/\/centcols.org\/yves-bochent\/","url":"https:\/\/centcols.org\/yves-bochent\/","name":"Yves Bochent - Club des Cent Cols","isPartOf":{"@id":"https:\/\/centcols.org\/#website"},"primaryImageOfPage":{"@id":"https:\/\/centcols.org\/yves-bochent\/#primaryimage"},"image":{"@id":"https:\/\/centcols.org\/yves-bochent\/#primaryimage"},"thumbnailUrl":"https:\/\/centcols.org\/wp-content\/uploads\/2025\/06\/bochent05.jpg","datePublished":"2025-06-24T00:17:53+00:00","dateModified":"2025-10-15T01:16:50+00:00","breadcrumb":{"@id":"https:\/\/centcols.org\/yves-bochent\/#breadcrumb"},"inLanguage":"nl-BE","potentialAction":[{"@type":"ReadAction","target":["https:\/\/centcols.org\/yves-bochent\/"]}]},{"@type":"ImageObject","inLanguage":"nl-BE","@id":"https:\/\/centcols.org\/yves-bochent\/#primaryimage","url":"https:\/\/centcols.org\/wp-content\/uploads\/2025\/06\/bochent05.jpg","contentUrl":"https:\/\/centcols.org\/wp-content\/uploads\/2025\/06\/bochent05.jpg","width":800,"height":450},{"@type":"BreadcrumbList","@id":"https:\/\/centcols.org\/yves-bochent\/#breadcrumb","itemListElement":[{"@type":"ListItem","position":1,"name":"Accueil","item":"https:\/\/centcols.org\/"},{"@type":"ListItem","position":2,"name":"Gazette","item":"https:\/\/centcols.org\/rubrique\/gazette\/"},{"@type":"ListItem","position":3,"name":"Carnet noir","item":"https:\/\/centcols.org\/rubrique\/gazette\/carnet-noir\/"},{"@type":"ListItem","position":4,"name":"Yves Bochent"}]},{"@type":"WebSite","@id":"https:\/\/centcols.org\/#website","url":"https:\/\/centcols.org\/","name":"Club van Cent Cols","description":"","publisher":{"@id":"https:\/\/centcols.org\/#organization"},"potentialAction":[{"@type":"SearchAction","target":{"@type":"EntryPoint","urlTemplate":"https:\/\/centcols.org\/?s={search_term_string}"},"query-input":{"@type":"PropertyValueSpecification","valueRequired":true,"valueName":"search_term_string"}}],"inLanguage":"nl-BE"},{"@type":"Organization","@id":"https:\/\/centcols.org\/#organization","name":"Club van Cent Cols","url":"https:\/\/centcols.org\/","logo":{"@type":"ImageObject","inLanguage":"nl-BE","@id":"https:\/\/centcols.org\/#\/schema\/logo\/image\/","url":"https:\/\/centcols.org\/wp-content\/uploads\/2025\/01\/carte-icone.png","contentUrl":"https:\/\/centcols.org\/wp-content\/uploads\/2025\/01\/carte-icone.png","width":250,"height":250,"caption":"Club des Cent Cols"},"image":{"@id":"https:\/\/centcols.org\/#\/schema\/logo\/image\/"},"sameAs":["https:\/\/www.facebook.com\/groups\/5261880558\/?locale=fr_FR"]},{"@type":"Person","@id":"https:\/\/centcols.org\/#\/schema\/person\/911b404fb133d8c913dd27cdcf71c8e5","name":"Webmaster","image":{"@type":"ImageObject","inLanguage":"nl-BE","@id":"https:\/\/centcols.org\/wp-content\/litespeed\/avatar\/2d246e4b6b4f773e08515e1ffc53690b.jpg?ver=1777222892","url":"https:\/\/centcols.org\/wp-content\/litespeed\/avatar\/2d246e4b6b4f773e08515e1ffc53690b.jpg?ver=1777222892","contentUrl":"https:\/\/centcols.org\/wp-content\/litespeed\/avatar\/2d246e4b6b4f773e08515e1ffc53690b.jpg?ver=1777222892","caption":"Webmestre"},"url":"https:\/\/centcols.org\/nl\/author\/webmestre\/"}]}},"_links":{"self":[{"href":"https:\/\/centcols.org\/nl\/wp-json\/wp\/v2\/posts\/84136","targetHints":{"allow":["GET"]}}],"collection":[{"href":"https:\/\/centcols.org\/nl\/wp-json\/wp\/v2\/posts"}],"about":[{"href":"https:\/\/centcols.org\/nl\/wp-json\/wp\/v2\/types\/post"}],"author":[{"embeddable":true,"href":"https:\/\/centcols.org\/nl\/wp-json\/wp\/v2\/users\/3"}],"replies":[{"embeddable":true,"href":"https:\/\/centcols.org\/nl\/wp-json\/wp\/v2\/comments?post=84136"}],"version-history":[{"count":0,"href":"https:\/\/centcols.org\/nl\/wp-json\/wp\/v2\/posts\/84136\/revisions"}],"wp:featuredmedia":[{"embeddable":true,"href":"https:\/\/centcols.org\/nl\/wp-json\/wp\/v2\/media\/84142"}],"wp:attachment":[{"href":"https:\/\/centcols.org\/nl\/wp-json\/wp\/v2\/media?parent=84136"}],"wp:term":[{"taxonomy":"category","embeddable":true,"href":"https:\/\/centcols.org\/nl\/wp-json\/wp\/v2\/categories?post=84136"},{"taxonomy":"post_tag","embeddable":true,"href":"https:\/\/centcols.org\/nl\/wp-json\/wp\/v2\/tags?post=84136"}],"curies":[{"name":"wp","href":"https:\/\/api.w.org\/{rel}","templated":true}]}}