{"id":84439,"date":"2025-06-28T22:06:54","date_gmt":"2025-06-28T20:06:54","guid":{"rendered":"https:\/\/centcols.org\/?p=84439"},"modified":"2025-09-09T13:31:35","modified_gmt":"2025-09-09T11:31:35","slug":"dauphine-2024-heren","status":"publish","type":"post","link":"https:\/\/centcols.org\/nl\/dauphine-2024-mens\/","title":{"rendered":"Zaterdag 22 juni 2024, Dauphin\u00e9"},"content":{"rendered":"\n<p>Collet d\u2019H\u00e9rans (FR-38-0934), juste au-dessus de la commune de Mens dans le Tri\u00e8ve<br>L\u2019accueil et le pot de l\u2019amiti\u00e9 vous y attendent \u00e0 partir de 10 h 30 jusqu\u2019\u00e0 14 h 00<br>Deux circuits sont propos\u00e9s&nbsp;: un VTT\/gravel et un route. 1700 \u00e0 1800m de D+ chacun<br>Mais attention&nbsp;: le Tri\u00e8ves est tra\u00eetre, si les rampes moyennes paraissent correctes, les faux plats alternent avec les portions pentues (10-12% sur route et 15-25% sur les pistes et sentiers). Soyez donc \u00e9conomes\u2026. S\u2019ils semblent ardus, il y a toujours possibilit\u00e9 de couper\u2026<br><strong>Route :<\/strong> 85 km, 1700 m, 11 cols (en roulant apr\u00e8s le rassemblement)<br>D\u00e9part du parking de la gare de Clelles Mens, au bord de la nationale \u00e0 hauteur de Clelles \u00e0 partir de 8 h 30<br>Pas d\u2019arriv\u00e9e possible en train, la ligne est ferm\u00e9e pour travaux.<br>Sens conseill\u00e9&nbsp;: celui de la trace pour garder le plus gros pour l\u2019apr\u00e8s-midi.<br>Au retour, emprunt de la RN sur un peu moins de 500m&nbsp;: vigilance&nbsp;!! (il y a bien une RF pour \u00e9viter \u00e7a, mais les petits pneus n\u2019y r\u00e9sisteront s\u00fbrement pas). Les t\u00e9m\u00e9raires qui resteraient sur la RN pour \u00e9viter les 30m de D+ du passage \u00e0 Clelles le feraient \u00e0 leurs risques propres.<br><strong>VTT :<\/strong><br>D\u00e9part&nbsp;: parking du col du Fau (fin de l\u2019A48 Grenoble \u2013 Sisteron \u00e0 la sortie de Monestier de Clermont) vers 8h30.<br>Pas d\u2019arriv\u00e9e possible en train, la ligne est ferm\u00e9e pour travaux.<br>Les traces sont fournies sous forme de 3 maillons (de cha\u00eene de v\u00e9lo\u2026) que chaque cent cols pourra effectuer comme il le souhaite (et donc combiner comme il veut sur son GPS), m\u00eame si un sens est conseill\u00e9 pour chacun (en boucle depuis le point de rencontre , un quatri\u00e8me maillon 100% route est fourni pour les boulimiques).<br>Attention&nbsp;: pas de point d\u2019eau sauf \u00e0 St Jean d\u2019H\u00e9rans (au pied de la rencontre), au cimeti\u00e8re de Cornillon et \u00e0 Trefford (la trace vous y m\u00e8ne) sur le retour<br><strong>Maillon 1&nbsp;:<\/strong> 6 cols \u2013 16km \u2013 400m D+<br>Prendre le rondpoint direction Monestier, puis juste apr\u00e8s direction Roissard<br>et juste apr\u00e8s encore, face au monument aux morts, la piste qui monte sur le talus.<br>Ou descendre sur Monestier par la route et le faire dans l\u2019autre sens (attention au temps et \u00e0 la D+ si on veut \u00eatre au point de rencontre entre 11 et 14h).<br><strong>Maillon 2&nbsp;: <\/strong>5 cols \u2013 20km \u2013 600m D+&nbsp;; \u00e0 effectuer dans le sens fourni&nbsp;:<br>Cette descente (400m de D-) par le pas du Berlioz entre la RF et la passerelle \u00e9tant alors du S1 ou S2 contre du S4 dans l\u2019autre sens.<br>Apr\u00e8s les premiers cols sur piste, quand vous commencez \u00e0 descendre par le sentier et que vous arrivez \u00e0 un boitier compteur EDF au milieu des bois, bien prendre \u00e0 gauche sur la cr\u00eate entre la tombe et la continuit\u00e9 du chemin. On retrouve une piste plus loin.<br>La descente sur le pas du Berlioz se prend sous le panneau explicatif, devant le portail priv\u00e9 en bout de RF. Une fois rejoint, 10m sous le panneau, suivre le sentier (balis\u00e9 VTT 34) jusqu\u2019\u00e0 la passerelle. Mauvaise r\u00e9ception GPS.<br><strong>Maillon 3&nbsp;:<\/strong> &nbsp;5 cols \u2013 26 k \u2013 800m D+&nbsp;; \u00e0 effectuer pr\u00e9f\u00e9rablement dans le sens fourni&nbsp;:<br>la mont\u00e9e se faisant en poussant au m\u00eame rythme que les nombreux randonneurs possibles dans les deux sens (par ex., en avril, crois\u00e9 60 randonneurs qui montaient, alors en juin\u2026).<br>L\u2019arriv\u00e9e au point de rencontre par la piste a un d\u00e9part trop al\u00e9atoire et une D+ sup\u00e9rieure au passage par la route pour \u00eatre emprunt\u00e9.<br>Openrunner indique une piste entre le col des Accarias et le col du Thaud, il n\u2019en est rien, et en juin les cultures emp\u00eacheront tout passage, d\u2019o\u00f9 l\u2019usage de la d\u00e9partementale.<br>De m\u00eame, le passage sur la cr\u00eate entre Cornillon et Lavars est bien plus cyclable dans ce sens-ci.<br>La descente entre les hauts de Lavars (cote 771) et le pont du Brion est du pur VTT bien pentu et bien gras (feuilles), 100% poussage gras dans l\u2019autre sens. Les cyclos sans VTT peuvent passer par la route\u2026<br>Attention aux multiples travers\u00e9es de la d\u00e9partementale, on tombe dessus sans s\u2019y attendre.<br><strong>Maillon 4&nbsp;:<\/strong> 3 cols \u2013 13km \u2013 300m D+&nbsp;; 100% route \u00e0 partir du point de rencontre<\/p>\n\n\n\n<p><a href=\"https:\/\/centcols.org\/membres\/cctours\/tours.php?lieu=Mens&amp;an=2024\" target=\"_blank\" rel=\"noreferrer noopener\"><strong>Fichiers gpx<\/strong><\/a><\/p>\n\n\n\n<h2 class=\"wp-block-heading\"><strong>Contact<\/strong><\/h2>\n\n\n\n<p>Pierre Chatel<br>T\u00e9l : +33 6 82 63 46 28 Mail : [email]&#x70;&#x69;&#101;&#114;r&#x65;&#x40;&#x63;&#121;&#99;l&#x6f;&#x64;&#x6f;&#99;&#117;s&#x2e;&#x66;&#x72;[\/email]<\/p>\n\n\n\n<p><\/p>\n","protected":false},"excerpt":{"rendered":"<p>Collet d\u2019H\u00e9rans (FR-38-0934), juste au-dessus de la commune de Mens dans le Tri\u00e8veL\u2019accueil et le pot de l\u2019amiti\u00e9 vous y attendent \u00e0 partir de 10 h 30 jusqu\u2019\u00e0 14 h 00Deux circuits sont propos\u00e9s&nbsp;: un VTT\/gravel et un route. 1700 \u00e0 1800m de D+ chacunMais attention&nbsp;: le Tri\u00e8ves est tra\u00eetre, si les rampes moyennes paraissent [&hellip;]<\/p>\n","protected":false},"author":3,"featured_media":84440,"comment_status":"open","ping_status":"open","sticky":false,"template":"","format":"standard","meta":{"_acf_changed":false,"footnotes":""},"categories":[311,135,216],"tags":[],"class_list":["post-84439","post","type-post","status-publish","format-standard","has-post-thumbnail","hentry","category-les-rassemblements-de-2024","category-calendrier","category-rencontres-regionales"],"acf":[],"yoast_head":"<!-- This site is optimized with the Yoast SEO plugin v27.2 - https:\/\/yoast.com\/product\/yoast-seo-wordpress\/ -->\n<title>Samedi 22 juin 2024, Dauphin\u00e9 - Club des Cent Cols<\/title>\n<meta name=\"robots\" content=\"index, follow, max-snippet:-1, max-image-preview:large, max-video-preview:-1\" \/>\n<link rel=\"canonical\" href=\"https:\/\/centcols.org\/nl\/dauphine-2024-heren\/\" \/>\n<meta property=\"og:locale\" content=\"nl_BE\" \/>\n<meta property=\"og:type\" content=\"article\" \/>\n<meta property=\"og:title\" content=\"Samedi 22 juin 2024, Dauphin\u00e9 - Club des Cent Cols\" \/>\n<meta property=\"og:description\" content=\"Collet d\u2019H\u00e9rans (FR-38-0934), juste au-dessus de la commune de Mens dans le Tri\u00e8veL\u2019accueil et le pot de l\u2019amiti\u00e9 vous y attendent \u00e0 partir de 10 h 30 jusqu\u2019\u00e0 14 h 00Deux circuits sont propos\u00e9s&nbsp;: un VTT\/gravel et un route. 1700 \u00e0 1800m de D+ chacunMais attention&nbsp;: le Tri\u00e8ves est tra\u00eetre, si les rampes moyennes paraissent [&hellip;]\" \/>\n<meta property=\"og:url\" content=\"https:\/\/centcols.org\/nl\/dauphine-2024-heren\/\" \/>\n<meta property=\"og:site_name\" content=\"Club des Cent Cols\" \/>\n<meta property=\"article:publisher\" content=\"https:\/\/www.facebook.com\/groups\/5261880558\/?locale=fr_FR\" \/>\n<meta property=\"article:published_time\" content=\"2025-06-28T20:06:54+00:00\" \/>\n<meta property=\"article:modified_time\" content=\"2025-09-09T11:31:35+00:00\" \/>\n<meta property=\"og:image\" content=\"https:\/\/centcols.org\/wp-content\/uploads\/2025\/06\/88021.jpg\" \/>\n\t<meta property=\"og:image:width\" content=\"750\" \/>\n\t<meta property=\"og:image:height\" content=\"421\" \/>\n\t<meta property=\"og:image:type\" content=\"image\/jpeg\" \/>\n<meta name=\"author\" content=\"Webmestre\" \/>\n<meta name=\"twitter:card\" content=\"summary_large_image\" \/>\n<meta name=\"twitter:label1\" content=\"Geschreven door\" \/>\n\t<meta name=\"twitter:data1\" content=\"Webmestre\" \/>\n\t<meta name=\"twitter:label2\" content=\"Geschatte leestijd\" \/>\n\t<meta name=\"twitter:data2\" content=\"4 minuten\" \/>\n<script type=\"application\/ld+json\" class=\"yoast-schema-graph\">{\"@context\":\"https:\/\/schema.org\",\"@graph\":[{\"@type\":\"Article\",\"@id\":\"https:\/\/centcols.org\/dauphine-2024-mens\/#article\",\"isPartOf\":{\"@id\":\"https:\/\/centcols.org\/dauphine-2024-mens\/\"},\"author\":{\"name\":\"Webmestre\",\"@id\":\"https:\/\/centcols.org\/#\/schema\/person\/911b404fb133d8c913dd27cdcf71c8e5\"},\"headline\":\"Samedi 22 juin 2024, Dauphin\u00e9\",\"datePublished\":\"2025-06-28T20:06:54+00:00\",\"dateModified\":\"2025-09-09T11:31:35+00:00\",\"mainEntityOfPage\":{\"@id\":\"https:\/\/centcols.org\/dauphine-2024-mens\/\"},\"wordCount\":752,\"commentCount\":0,\"publisher\":{\"@id\":\"https:\/\/centcols.org\/#organization\"},\"image\":{\"@id\":\"https:\/\/centcols.org\/dauphine-2024-mens\/#primaryimage\"},\"thumbnailUrl\":\"https:\/\/centcols.org\/wp-content\/uploads\/2025\/06\/88021.jpg\",\"articleSection\":[\"2024-rassemblements\",\"Calendrier\",\"Rencontres r\u00e9gionales\"],\"inLanguage\":\"nl-BE\",\"potentialAction\":[{\"@type\":\"CommentAction\",\"name\":\"Comment\",\"target\":[\"https:\/\/centcols.org\/dauphine-2024-mens\/#respond\"]}]},{\"@type\":\"WebPage\",\"@id\":\"https:\/\/centcols.org\/dauphine-2024-mens\/\",\"url\":\"https:\/\/centcols.org\/dauphine-2024-mens\/\",\"name\":\"Samedi 22 juin 2024, Dauphin\u00e9 - Club des Cent Cols\",\"isPartOf\":{\"@id\":\"https:\/\/centcols.org\/#website\"},\"primaryImageOfPage\":{\"@id\":\"https:\/\/centcols.org\/dauphine-2024-mens\/#primaryimage\"},\"image\":{\"@id\":\"https:\/\/centcols.org\/dauphine-2024-mens\/#primaryimage\"},\"thumbnailUrl\":\"https:\/\/centcols.org\/wp-content\/uploads\/2025\/06\/88021.jpg\",\"datePublished\":\"2025-06-28T20:06:54+00:00\",\"dateModified\":\"2025-09-09T11:31:35+00:00\",\"breadcrumb\":{\"@id\":\"https:\/\/centcols.org\/dauphine-2024-mens\/#breadcrumb\"},\"inLanguage\":\"nl-BE\",\"potentialAction\":[{\"@type\":\"ReadAction\",\"target\":[\"https:\/\/centcols.org\/dauphine-2024-mens\/\"]}]},{\"@type\":\"ImageObject\",\"inLanguage\":\"nl-BE\",\"@id\":\"https:\/\/centcols.org\/dauphine-2024-mens\/#primaryimage\",\"url\":\"https:\/\/centcols.org\/wp-content\/uploads\/2025\/06\/88021.jpg\",\"contentUrl\":\"https:\/\/centcols.org\/wp-content\/uploads\/2025\/06\/88021.jpg\",\"width\":750,\"height\":421},{\"@type\":\"BreadcrumbList\",\"@id\":\"https:\/\/centcols.org\/dauphine-2024-mens\/#breadcrumb\",\"itemListElement\":[{\"@type\":\"ListItem\",\"position\":1,\"name\":\"Accueil\",\"item\":\"https:\/\/centcols.org\/\"},{\"@type\":\"ListItem\",\"position\":2,\"name\":\"Rencontres r\u00e9gionales\",\"item\":\"https:\/\/centcols.org\/rubrique\/rencontres-regionales\/\"},{\"@type\":\"ListItem\",\"position\":3,\"name\":\"Samedi 22 juin 2024, Dauphin\u00e9\"}]},{\"@type\":\"WebSite\",\"@id\":\"https:\/\/centcols.org\/#website\",\"url\":\"https:\/\/centcols.org\/\",\"name\":\"Club des Cent Cols\",\"description\":\"\",\"publisher\":{\"@id\":\"https:\/\/centcols.org\/#organization\"},\"potentialAction\":[{\"@type\":\"SearchAction\",\"target\":{\"@type\":\"EntryPoint\",\"urlTemplate\":\"https:\/\/centcols.org\/?s={search_term_string}\"},\"query-input\":{\"@type\":\"PropertyValueSpecification\",\"valueRequired\":true,\"valueName\":\"search_term_string\"}}],\"inLanguage\":\"nl-BE\"},{\"@type\":\"Organization\",\"@id\":\"https:\/\/centcols.org\/#organization\",\"name\":\"Club des Cent Cols\",\"url\":\"https:\/\/centcols.org\/\",\"logo\":{\"@type\":\"ImageObject\",\"inLanguage\":\"nl-BE\",\"@id\":\"https:\/\/centcols.org\/#\/schema\/logo\/image\/\",\"url\":\"https:\/\/centcols.org\/wp-content\/uploads\/2025\/01\/carte-icone.png\",\"contentUrl\":\"https:\/\/centcols.org\/wp-content\/uploads\/2025\/01\/carte-icone.png\",\"width\":250,\"height\":250,\"caption\":\"Club des Cent Cols\"},\"image\":{\"@id\":\"https:\/\/centcols.org\/#\/schema\/logo\/image\/\"},\"sameAs\":[\"https:\/\/www.facebook.com\/groups\/5261880558\/?locale=fr_FR\"]},{\"@type\":\"Person\",\"@id\":\"https:\/\/centcols.org\/#\/schema\/person\/911b404fb133d8c913dd27cdcf71c8e5\",\"name\":\"Webmestre\",\"image\":{\"@type\":\"ImageObject\",\"inLanguage\":\"nl-BE\",\"@id\":\"https:\/\/centcols.org\/wp-content\/litespeed\/avatar\/2d246e4b6b4f773e08515e1ffc53690b.jpg?ver=1777222892\",\"url\":\"https:\/\/centcols.org\/wp-content\/litespeed\/avatar\/2d246e4b6b4f773e08515e1ffc53690b.jpg?ver=1777222892\",\"contentUrl\":\"https:\/\/centcols.org\/wp-content\/litespeed\/avatar\/2d246e4b6b4f773e08515e1ffc53690b.jpg?ver=1777222892\",\"caption\":\"Webmestre\"},\"url\":\"https:\/\/centcols.org\/nl\/author\/webmestre\/\"}]}<\/script>\n<!-- \/ Yoast SEO plugin. -->","yoast_head_json":{"title":"Zaterdag 22 juni 2024, Dauphin\u00e9 - Club des Cent Cols","robots":{"index":"index","follow":"follow","max-snippet":"max-snippet:-1","max-image-preview":"max-image-preview:large","max-video-preview":"max-video-preview:-1"},"canonical":"https:\/\/centcols.org\/nl\/dauphine-2024-heren\/","og_locale":"nl_BE","og_type":"article","og_title":"Samedi 22 juin 2024, Dauphin\u00e9 - Club des Cent Cols","og_description":"Collet d\u2019H\u00e9rans (FR-38-0934), juste au-dessus de la commune de Mens dans le Tri\u00e8veL\u2019accueil et le pot de l\u2019amiti\u00e9 vous y attendent \u00e0 partir de 10 h 30 jusqu\u2019\u00e0 14 h 00Deux circuits sont propos\u00e9s&nbsp;: un VTT\/gravel et un route. 1700 \u00e0 1800m de D+ chacunMais attention&nbsp;: le Tri\u00e8ves est tra\u00eetre, si les rampes moyennes paraissent [&hellip;]","og_url":"https:\/\/centcols.org\/nl\/dauphine-2024-heren\/","og_site_name":"Club des Cent Cols","article_publisher":"https:\/\/www.facebook.com\/groups\/5261880558\/?locale=fr_FR","article_published_time":"2025-06-28T20:06:54+00:00","article_modified_time":"2025-09-09T11:31:35+00:00","og_image":[{"width":750,"height":421,"url":"https:\/\/centcols.org\/wp-content\/uploads\/2025\/06\/88021.jpg","type":"image\/jpeg"}],"author":"Webmestre","twitter_card":"summary_large_image","twitter_misc":{"Geschreven door":"Webmestre","Geschatte leestijd":"4 minuten"},"schema":{"@context":"https:\/\/schema.org","@graph":[{"@type":"Article","@id":"https:\/\/centcols.org\/dauphine-2024-mens\/#article","isPartOf":{"@id":"https:\/\/centcols.org\/dauphine-2024-mens\/"},"author":{"name":"Webmestre","@id":"https:\/\/centcols.org\/#\/schema\/person\/911b404fb133d8c913dd27cdcf71c8e5"},"headline":"Samedi 22 juin 2024, Dauphin\u00e9","datePublished":"2025-06-28T20:06:54+00:00","dateModified":"2025-09-09T11:31:35+00:00","mainEntityOfPage":{"@id":"https:\/\/centcols.org\/dauphine-2024-mens\/"},"wordCount":752,"commentCount":0,"publisher":{"@id":"https:\/\/centcols.org\/#organization"},"image":{"@id":"https:\/\/centcols.org\/dauphine-2024-mens\/#primaryimage"},"thumbnailUrl":"https:\/\/centcols.org\/wp-content\/uploads\/2025\/06\/88021.jpg","articleSection":["2024-rassemblements","Calendrier","Rencontres r\u00e9gionales"],"inLanguage":"nl-BE","potentialAction":[{"@type":"CommentAction","name":"Comment","target":["https:\/\/centcols.org\/dauphine-2024-mens\/#respond"]}]},{"@type":"WebPage","@id":"https:\/\/centcols.org\/dauphine-2024-mens\/","url":"https:\/\/centcols.org\/dauphine-2024-mens\/","name":"Zaterdag 22 juni 2024, Dauphin\u00e9 - Club des Cent Cols","isPartOf":{"@id":"https:\/\/centcols.org\/#website"},"primaryImageOfPage":{"@id":"https:\/\/centcols.org\/dauphine-2024-mens\/#primaryimage"},"image":{"@id":"https:\/\/centcols.org\/dauphine-2024-mens\/#primaryimage"},"thumbnailUrl":"https:\/\/centcols.org\/wp-content\/uploads\/2025\/06\/88021.jpg","datePublished":"2025-06-28T20:06:54+00:00","dateModified":"2025-09-09T11:31:35+00:00","breadcrumb":{"@id":"https:\/\/centcols.org\/dauphine-2024-mens\/#breadcrumb"},"inLanguage":"nl-BE","potentialAction":[{"@type":"ReadAction","target":["https:\/\/centcols.org\/dauphine-2024-mens\/"]}]},{"@type":"ImageObject","inLanguage":"nl-BE","@id":"https:\/\/centcols.org\/dauphine-2024-mens\/#primaryimage","url":"https:\/\/centcols.org\/wp-content\/uploads\/2025\/06\/88021.jpg","contentUrl":"https:\/\/centcols.org\/wp-content\/uploads\/2025\/06\/88021.jpg","width":750,"height":421},{"@type":"BreadcrumbList","@id":"https:\/\/centcols.org\/dauphine-2024-mens\/#breadcrumb","itemListElement":[{"@type":"ListItem","position":1,"name":"Accueil","item":"https:\/\/centcols.org\/"},{"@type":"ListItem","position":2,"name":"Rencontres r\u00e9gionales","item":"https:\/\/centcols.org\/rubrique\/rencontres-regionales\/"},{"@type":"ListItem","position":3,"name":"Samedi 22 juin 2024, Dauphin\u00e9"}]},{"@type":"WebSite","@id":"https:\/\/centcols.org\/#website","url":"https:\/\/centcols.org\/","name":"Club van Cent Cols","description":"","publisher":{"@id":"https:\/\/centcols.org\/#organization"},"potentialAction":[{"@type":"SearchAction","target":{"@type":"EntryPoint","urlTemplate":"https:\/\/centcols.org\/?s={search_term_string}"},"query-input":{"@type":"PropertyValueSpecification","valueRequired":true,"valueName":"search_term_string"}}],"inLanguage":"nl-BE"},{"@type":"Organization","@id":"https:\/\/centcols.org\/#organization","name":"Club van Cent Cols","url":"https:\/\/centcols.org\/","logo":{"@type":"ImageObject","inLanguage":"nl-BE","@id":"https:\/\/centcols.org\/#\/schema\/logo\/image\/","url":"https:\/\/centcols.org\/wp-content\/uploads\/2025\/01\/carte-icone.png","contentUrl":"https:\/\/centcols.org\/wp-content\/uploads\/2025\/01\/carte-icone.png","width":250,"height":250,"caption":"Club des Cent Cols"},"image":{"@id":"https:\/\/centcols.org\/#\/schema\/logo\/image\/"},"sameAs":["https:\/\/www.facebook.com\/groups\/5261880558\/?locale=fr_FR"]},{"@type":"Person","@id":"https:\/\/centcols.org\/#\/schema\/person\/911b404fb133d8c913dd27cdcf71c8e5","name":"Webmaster","image":{"@type":"ImageObject","inLanguage":"nl-BE","@id":"https:\/\/centcols.org\/wp-content\/litespeed\/avatar\/2d246e4b6b4f773e08515e1ffc53690b.jpg?ver=1777222892","url":"https:\/\/centcols.org\/wp-content\/litespeed\/avatar\/2d246e4b6b4f773e08515e1ffc53690b.jpg?ver=1777222892","contentUrl":"https:\/\/centcols.org\/wp-content\/litespeed\/avatar\/2d246e4b6b4f773e08515e1ffc53690b.jpg?ver=1777222892","caption":"Webmestre"},"url":"https:\/\/centcols.org\/nl\/author\/webmestre\/"}]}},"_links":{"self":[{"href":"https:\/\/centcols.org\/nl\/wp-json\/wp\/v2\/posts\/84439","targetHints":{"allow":["GET"]}}],"collection":[{"href":"https:\/\/centcols.org\/nl\/wp-json\/wp\/v2\/posts"}],"about":[{"href":"https:\/\/centcols.org\/nl\/wp-json\/wp\/v2\/types\/post"}],"author":[{"embeddable":true,"href":"https:\/\/centcols.org\/nl\/wp-json\/wp\/v2\/users\/3"}],"replies":[{"embeddable":true,"href":"https:\/\/centcols.org\/nl\/wp-json\/wp\/v2\/comments?post=84439"}],"version-history":[{"count":0,"href":"https:\/\/centcols.org\/nl\/wp-json\/wp\/v2\/posts\/84439\/revisions"}],"wp:featuredmedia":[{"embeddable":true,"href":"https:\/\/centcols.org\/nl\/wp-json\/wp\/v2\/media\/84440"}],"wp:attachment":[{"href":"https:\/\/centcols.org\/nl\/wp-json\/wp\/v2\/media?parent=84439"}],"wp:term":[{"taxonomy":"category","embeddable":true,"href":"https:\/\/centcols.org\/nl\/wp-json\/wp\/v2\/categories?post=84439"},{"taxonomy":"post_tag","embeddable":true,"href":"https:\/\/centcols.org\/nl\/wp-json\/wp\/v2\/tags?post=84439"}],"curies":[{"name":"wp","href":"https:\/\/api.w.org\/{rel}","templated":true}]}}