{"id":84450,"date":"2025-06-29T10:29:33","date_gmt":"2025-06-29T08:29:33","guid":{"rendered":"https:\/\/centcols.org\/?p=84450"},"modified":"2025-09-09T13:31:35","modified_gmt":"2025-09-09T11:31:35","slug":"woensdag-24-juli-loire-col-de-la-loge-des-gardes","status":"publish","type":"post","link":"https:\/\/centcols.org\/nl\/mercredi-24-juillet-loire-col-de-la-loge-des-gardes\/","title":{"rendered":"Woensdag 24 juli, Loire, Col de la loge des Gardes"},"content":{"rendered":"<p>Je bent of denkt er misschien over om je in te schrijven voor de Semaine F\u00e9d\u00e9rale de Cyclotourisme in Roanne. Het parcours op woensdag 24 juli 2024 gaat over de Col de La Loge des Gardes.<\/p>\n\n\n\n<p>We zijn van plan om een ontmoetingspunt in te richten dat toegankelijk is voor alle fietsers.<\/p>\n\n\n\n<p>Vrijwillige leden van onze broederschap zullen aanwezig zijn om je te verwelkomen op de pas.<\/p>\n\n\n\n<p>Aarzel niet om erover te praten in je omgeving en vooral met niet-leden van de broederschap. Het zou een communicatiemiddel zijn dat fietsers kan aanmoedigen om lid te worden van onze broederschap.<\/p>\n\n\n\n<p>De secretaris zou het op prijs stellen als u hem laat weten wat u van plan bent te doen.<\/p>\n\n\n\n<p>Als je niet ingeschreven bent voor de Semaine F\u00e9d\u00e9rale, kun je ook deze route doen, die we op de website zullen zetten zodra we er meer over weten.<\/p>\n\n\n\n<h2 class=\"wp-block-heading\"><strong>Contact <\/strong><\/h2>\n\n\n\n<p>Herv\u00e9 RETI\u00c8RE.<br>Tel: +33 7 49 83 64 20.<br>E-mail :\u00a0<a href=\"\/nl\/m&\/#97;&#105;&#x6c;&#x74;o&#58;&#104;&#x65;&#x72;&#x76;e&#46;&#114;&#x65;&#x74;ie&#114;&#x65;&#x40;&#x67;m&#97;&#105;&#x6c;&#x2e;co&#109;\" target=\"_blank\" rel=\"noreferrer noopener\">herve.retiere@gmail.com<\/a><\/p>","protected":false},"excerpt":{"rendered":"<p>Vous \u00eates ou vous envisagez peut-\u00eatre de vous inscrire \u00e0 la Semaine F\u00e9d\u00e9rale de Cyclotourisme \u00e0 Roanne. Le parcours route pr\u00e9vu le mercredi 24 juillet 2024 passera au Col de La Loge des Gardes. Nous avons pr\u00e9vu d\u2019installer un point de rencontre ouvert \u00e0 tous les cyclos. Des membres volontaires de notre confr\u00e9rie seront pr\u00e9sents [&hellip;]<\/p>\n","protected":false},"author":3,"featured_media":0,"comment_status":"open","ping_status":"open","sticky":false,"template":"","format":"standard","meta":{"_acf_changed":false,"footnotes":""},"categories":[311,135,216],"tags":[],"class_list":["post-84450","post","type-post","status-publish","format-standard","hentry","category-les-rassemblements-de-2024","category-calendrier","category-rencontres-regionales"],"acf":[],"yoast_head":"<!-- This site is optimized with the Yoast SEO plugin v27.2 - https:\/\/yoast.com\/product\/yoast-seo-wordpress\/ -->\n<title>Mercredi 24 juillet, Loire, Col de la loge des Gardes - Club des Cent Cols<\/title>\n<meta name=\"robots\" content=\"index, follow, max-snippet:-1, max-image-preview:large, max-video-preview:-1\" \/>\n<link rel=\"canonical\" href=\"https:\/\/centcols.org\/nl\/woensdag-24-juli-loire-col-de-la-loge-des-gardes\/\" \/>\n<meta property=\"og:locale\" content=\"nl_BE\" \/>\n<meta property=\"og:type\" content=\"article\" \/>\n<meta property=\"og:title\" content=\"Mercredi 24 juillet, Loire, Col de la loge des Gardes - Club des Cent Cols\" \/>\n<meta property=\"og:description\" content=\"Vous \u00eates ou vous envisagez peut-\u00eatre de vous inscrire \u00e0 la Semaine F\u00e9d\u00e9rale de Cyclotourisme \u00e0 Roanne. Le parcours route pr\u00e9vu le mercredi 24 juillet 2024 passera au Col de La Loge des Gardes. Nous avons pr\u00e9vu d\u2019installer un point de rencontre ouvert \u00e0 tous les cyclos. Des membres volontaires de notre confr\u00e9rie seront pr\u00e9sents [&hellip;]\" \/>\n<meta property=\"og:url\" content=\"https:\/\/centcols.org\/nl\/woensdag-24-juli-loire-col-de-la-loge-des-gardes\/\" \/>\n<meta property=\"og:site_name\" content=\"Club des Cent Cols\" \/>\n<meta property=\"article:publisher\" content=\"https:\/\/www.facebook.com\/groups\/5261880558\/?locale=fr_FR\" \/>\n<meta property=\"article:published_time\" content=\"2025-06-29T08:29:33+00:00\" \/>\n<meta property=\"article:modified_time\" content=\"2025-09-09T11:31:35+00:00\" \/>\n<meta property=\"og:image\" content=\"https:\/\/centcols.org\/wp-content\/uploads\/2025\/06\/13001.jpg\" \/>\n\t<meta property=\"og:image:width\" content=\"560\" \/>\n\t<meta property=\"og:image:height\" content=\"420\" \/>\n\t<meta property=\"og:image:type\" content=\"image\/jpeg\" \/>\n<meta name=\"author\" content=\"Webmestre\" \/>\n<meta name=\"twitter:card\" content=\"summary_large_image\" \/>\n<meta name=\"twitter:label1\" content=\"Geschreven door\" \/>\n\t<meta name=\"twitter:data1\" content=\"Webmestre\" \/>\n\t<meta name=\"twitter:label2\" content=\"Geschatte leestijd\" \/>\n\t<meta name=\"twitter:data2\" content=\"1 minuut\" \/>\n<script type=\"application\/ld+json\" class=\"yoast-schema-graph\">{\"@context\":\"https:\/\/schema.org\",\"@graph\":[{\"@type\":\"Article\",\"@id\":\"https:\/\/centcols.org\/mercredi-24-juillet-loire-col-de-la-loge-des-gardes\/#article\",\"isPartOf\":{\"@id\":\"https:\/\/centcols.org\/mercredi-24-juillet-loire-col-de-la-loge-des-gardes\/\"},\"author\":{\"name\":\"Webmestre\",\"@id\":\"https:\/\/centcols.org\/#\/schema\/person\/911b404fb133d8c913dd27cdcf71c8e5\"},\"headline\":\"Mercredi 24 juillet, Loire, Col de la loge des Gardes\",\"datePublished\":\"2025-06-29T08:29:33+00:00\",\"dateModified\":\"2025-09-09T11:31:35+00:00\",\"mainEntityOfPage\":{\"@id\":\"https:\/\/centcols.org\/mercredi-24-juillet-loire-col-de-la-loge-des-gardes\/\"},\"wordCount\":163,\"commentCount\":0,\"publisher\":{\"@id\":\"https:\/\/centcols.org\/#organization\"},\"articleSection\":[\"2024-rassemblements\",\"Calendrier\",\"Rencontres r\u00e9gionales\"],\"inLanguage\":\"nl-BE\",\"potentialAction\":[{\"@type\":\"CommentAction\",\"name\":\"Comment\",\"target\":[\"https:\/\/centcols.org\/mercredi-24-juillet-loire-col-de-la-loge-des-gardes\/#respond\"]}]},{\"@type\":\"WebPage\",\"@id\":\"https:\/\/centcols.org\/mercredi-24-juillet-loire-col-de-la-loge-des-gardes\/\",\"url\":\"https:\/\/centcols.org\/mercredi-24-juillet-loire-col-de-la-loge-des-gardes\/\",\"name\":\"Mercredi 24 juillet, Loire, Col de la loge des Gardes - Club des Cent Cols\",\"isPartOf\":{\"@id\":\"https:\/\/centcols.org\/#website\"},\"datePublished\":\"2025-06-29T08:29:33+00:00\",\"dateModified\":\"2025-09-09T11:31:35+00:00\",\"breadcrumb\":{\"@id\":\"https:\/\/centcols.org\/mercredi-24-juillet-loire-col-de-la-loge-des-gardes\/#breadcrumb\"},\"inLanguage\":\"nl-BE\",\"potentialAction\":[{\"@type\":\"ReadAction\",\"target\":[\"https:\/\/centcols.org\/mercredi-24-juillet-loire-col-de-la-loge-des-gardes\/\"]}]},{\"@type\":\"BreadcrumbList\",\"@id\":\"https:\/\/centcols.org\/mercredi-24-juillet-loire-col-de-la-loge-des-gardes\/#breadcrumb\",\"itemListElement\":[{\"@type\":\"ListItem\",\"position\":1,\"name\":\"Accueil\",\"item\":\"https:\/\/centcols.org\/\"},{\"@type\":\"ListItem\",\"position\":2,\"name\":\"Rencontres r\u00e9gionales\",\"item\":\"https:\/\/centcols.org\/rubrique\/rencontres-regionales\/\"},{\"@type\":\"ListItem\",\"position\":3,\"name\":\"Mercredi 24 juillet, Loire, Col de la loge des Gardes\"}]},{\"@type\":\"WebSite\",\"@id\":\"https:\/\/centcols.org\/#website\",\"url\":\"https:\/\/centcols.org\/\",\"name\":\"Club des Cent Cols\",\"description\":\"\",\"publisher\":{\"@id\":\"https:\/\/centcols.org\/#organization\"},\"potentialAction\":[{\"@type\":\"SearchAction\",\"target\":{\"@type\":\"EntryPoint\",\"urlTemplate\":\"https:\/\/centcols.org\/?s={search_term_string}\"},\"query-input\":{\"@type\":\"PropertyValueSpecification\",\"valueRequired\":true,\"valueName\":\"search_term_string\"}}],\"inLanguage\":\"nl-BE\"},{\"@type\":\"Organization\",\"@id\":\"https:\/\/centcols.org\/#organization\",\"name\":\"Club des Cent Cols\",\"url\":\"https:\/\/centcols.org\/\",\"logo\":{\"@type\":\"ImageObject\",\"inLanguage\":\"nl-BE\",\"@id\":\"https:\/\/centcols.org\/#\/schema\/logo\/image\/\",\"url\":\"https:\/\/centcols.org\/wp-content\/uploads\/2025\/01\/carte-icone.png\",\"contentUrl\":\"https:\/\/centcols.org\/wp-content\/uploads\/2025\/01\/carte-icone.png\",\"width\":250,\"height\":250,\"caption\":\"Club des Cent Cols\"},\"image\":{\"@id\":\"https:\/\/centcols.org\/#\/schema\/logo\/image\/\"},\"sameAs\":[\"https:\/\/www.facebook.com\/groups\/5261880558\/?locale=fr_FR\"]},{\"@type\":\"Person\",\"@id\":\"https:\/\/centcols.org\/#\/schema\/person\/911b404fb133d8c913dd27cdcf71c8e5\",\"name\":\"Webmestre\",\"image\":{\"@type\":\"ImageObject\",\"inLanguage\":\"nl-BE\",\"@id\":\"https:\/\/centcols.org\/wp-content\/litespeed\/avatar\/2d246e4b6b4f773e08515e1ffc53690b.jpg?ver=1777222892\",\"url\":\"https:\/\/centcols.org\/wp-content\/litespeed\/avatar\/2d246e4b6b4f773e08515e1ffc53690b.jpg?ver=1777222892\",\"contentUrl\":\"https:\/\/centcols.org\/wp-content\/litespeed\/avatar\/2d246e4b6b4f773e08515e1ffc53690b.jpg?ver=1777222892\",\"caption\":\"Webmestre\"},\"url\":\"https:\/\/centcols.org\/nl\/author\/webmestre\/\"}]}<\/script>\n<!-- \/ Yoast SEO plugin. -->","yoast_head_json":{"title":"Woensdag 24 juli, Loire, Col de la loge des Gardes - Club des Cent Cols","robots":{"index":"index","follow":"follow","max-snippet":"max-snippet:-1","max-image-preview":"max-image-preview:large","max-video-preview":"max-video-preview:-1"},"canonical":"https:\/\/centcols.org\/nl\/woensdag-24-juli-loire-col-de-la-loge-des-gardes\/","og_locale":"nl_BE","og_type":"article","og_title":"Mercredi 24 juillet, Loire, Col de la loge des Gardes - Club des Cent Cols","og_description":"Vous \u00eates ou vous envisagez peut-\u00eatre de vous inscrire \u00e0 la Semaine F\u00e9d\u00e9rale de Cyclotourisme \u00e0 Roanne. Le parcours route pr\u00e9vu le mercredi 24 juillet 2024 passera au Col de La Loge des Gardes. Nous avons pr\u00e9vu d\u2019installer un point de rencontre ouvert \u00e0 tous les cyclos. Des membres volontaires de notre confr\u00e9rie seront pr\u00e9sents [&hellip;]","og_url":"https:\/\/centcols.org\/nl\/woensdag-24-juli-loire-col-de-la-loge-des-gardes\/","og_site_name":"Club des Cent Cols","article_publisher":"https:\/\/www.facebook.com\/groups\/5261880558\/?locale=fr_FR","article_published_time":"2025-06-29T08:29:33+00:00","article_modified_time":"2025-09-09T11:31:35+00:00","og_image":[{"width":560,"height":420,"url":"https:\/\/centcols.org\/wp-content\/uploads\/2025\/06\/13001.jpg","type":"image\/jpeg"}],"author":"Webmestre","twitter_card":"summary_large_image","twitter_misc":{"Geschreven door":"Webmestre","Geschatte leestijd":"1 minuut"},"schema":{"@context":"https:\/\/schema.org","@graph":[{"@type":"Article","@id":"https:\/\/centcols.org\/mercredi-24-juillet-loire-col-de-la-loge-des-gardes\/#article","isPartOf":{"@id":"https:\/\/centcols.org\/mercredi-24-juillet-loire-col-de-la-loge-des-gardes\/"},"author":{"name":"Webmestre","@id":"https:\/\/centcols.org\/#\/schema\/person\/911b404fb133d8c913dd27cdcf71c8e5"},"headline":"Mercredi 24 juillet, Loire, Col de la loge des Gardes","datePublished":"2025-06-29T08:29:33+00:00","dateModified":"2025-09-09T11:31:35+00:00","mainEntityOfPage":{"@id":"https:\/\/centcols.org\/mercredi-24-juillet-loire-col-de-la-loge-des-gardes\/"},"wordCount":163,"commentCount":0,"publisher":{"@id":"https:\/\/centcols.org\/#organization"},"articleSection":["2024-rassemblements","Calendrier","Rencontres r\u00e9gionales"],"inLanguage":"nl-BE","potentialAction":[{"@type":"CommentAction","name":"Comment","target":["https:\/\/centcols.org\/mercredi-24-juillet-loire-col-de-la-loge-des-gardes\/#respond"]}]},{"@type":"WebPage","@id":"https:\/\/centcols.org\/mercredi-24-juillet-loire-col-de-la-loge-des-gardes\/","url":"https:\/\/centcols.org\/mercredi-24-juillet-loire-col-de-la-loge-des-gardes\/","name":"Woensdag 24 juli, Loire, Col de la loge des Gardes - Club des Cent Cols","isPartOf":{"@id":"https:\/\/centcols.org\/#website"},"datePublished":"2025-06-29T08:29:33+00:00","dateModified":"2025-09-09T11:31:35+00:00","breadcrumb":{"@id":"https:\/\/centcols.org\/mercredi-24-juillet-loire-col-de-la-loge-des-gardes\/#breadcrumb"},"inLanguage":"nl-BE","potentialAction":[{"@type":"ReadAction","target":["https:\/\/centcols.org\/mercredi-24-juillet-loire-col-de-la-loge-des-gardes\/"]}]},{"@type":"BreadcrumbList","@id":"https:\/\/centcols.org\/mercredi-24-juillet-loire-col-de-la-loge-des-gardes\/#breadcrumb","itemListElement":[{"@type":"ListItem","position":1,"name":"Accueil","item":"https:\/\/centcols.org\/"},{"@type":"ListItem","position":2,"name":"Rencontres r\u00e9gionales","item":"https:\/\/centcols.org\/rubrique\/rencontres-regionales\/"},{"@type":"ListItem","position":3,"name":"Mercredi 24 juillet, Loire, Col de la loge des Gardes"}]},{"@type":"WebSite","@id":"https:\/\/centcols.org\/#website","url":"https:\/\/centcols.org\/","name":"Club van Cent Cols","description":"","publisher":{"@id":"https:\/\/centcols.org\/#organization"},"potentialAction":[{"@type":"SearchAction","target":{"@type":"EntryPoint","urlTemplate":"https:\/\/centcols.org\/?s={search_term_string}"},"query-input":{"@type":"PropertyValueSpecification","valueRequired":true,"valueName":"search_term_string"}}],"inLanguage":"nl-BE"},{"@type":"Organization","@id":"https:\/\/centcols.org\/#organization","name":"Club van Cent Cols","url":"https:\/\/centcols.org\/","logo":{"@type":"ImageObject","inLanguage":"nl-BE","@id":"https:\/\/centcols.org\/#\/schema\/logo\/image\/","url":"https:\/\/centcols.org\/wp-content\/uploads\/2025\/01\/carte-icone.png","contentUrl":"https:\/\/centcols.org\/wp-content\/uploads\/2025\/01\/carte-icone.png","width":250,"height":250,"caption":"Club des Cent Cols"},"image":{"@id":"https:\/\/centcols.org\/#\/schema\/logo\/image\/"},"sameAs":["https:\/\/www.facebook.com\/groups\/5261880558\/?locale=fr_FR"]},{"@type":"Person","@id":"https:\/\/centcols.org\/#\/schema\/person\/911b404fb133d8c913dd27cdcf71c8e5","name":"Webmaster","image":{"@type":"ImageObject","inLanguage":"nl-BE","@id":"https:\/\/centcols.org\/wp-content\/litespeed\/avatar\/2d246e4b6b4f773e08515e1ffc53690b.jpg?ver=1777222892","url":"https:\/\/centcols.org\/wp-content\/litespeed\/avatar\/2d246e4b6b4f773e08515e1ffc53690b.jpg?ver=1777222892","contentUrl":"https:\/\/centcols.org\/wp-content\/litespeed\/avatar\/2d246e4b6b4f773e08515e1ffc53690b.jpg?ver=1777222892","caption":"Webmestre"},"url":"https:\/\/centcols.org\/nl\/author\/webmestre\/"}]}},"_links":{"self":[{"href":"https:\/\/centcols.org\/nl\/wp-json\/wp\/v2\/posts\/84450","targetHints":{"allow":["GET"]}}],"collection":[{"href":"https:\/\/centcols.org\/nl\/wp-json\/wp\/v2\/posts"}],"about":[{"href":"https:\/\/centcols.org\/nl\/wp-json\/wp\/v2\/types\/post"}],"author":[{"embeddable":true,"href":"https:\/\/centcols.org\/nl\/wp-json\/wp\/v2\/users\/3"}],"replies":[{"embeddable":true,"href":"https:\/\/centcols.org\/nl\/wp-json\/wp\/v2\/comments?post=84450"}],"version-history":[{"count":0,"href":"https:\/\/centcols.org\/nl\/wp-json\/wp\/v2\/posts\/84450\/revisions"}],"wp:attachment":[{"href":"https:\/\/centcols.org\/nl\/wp-json\/wp\/v2\/media?parent=84450"}],"wp:term":[{"taxonomy":"category","embeddable":true,"href":"https:\/\/centcols.org\/nl\/wp-json\/wp\/v2\/categories?post=84450"},{"taxonomy":"post_tag","embeddable":true,"href":"https:\/\/centcols.org\/nl\/wp-json\/wp\/v2\/tags?post=84450"}],"curies":[{"name":"wp","href":"https:\/\/api.w.org\/{rel}","templated":true}]}}