{"id":84476,"date":"2025-06-29T13:04:47","date_gmt":"2025-06-29T11:04:47","guid":{"rendered":"https:\/\/centcols.org\/?p=84476"},"modified":"2025-10-15T03:25:53","modified_gmt":"2025-10-15T01:25:53","slug":"de-grande-traversee-du-massif-centrale-passen","status":"publish","type":"post","link":"https:\/\/centcols.org\/nl\/la-grande-traversee-du-massif-central-les-cols\/","title":{"rendered":"Het Centraal Massief doorkruisen: de passen"},"content":{"rendered":"<p>De GTMC is een mountainbikeroute van 1.380 km en 30.000 m klimmen. De route is overal bewegwijzerd, van Bourgondi\u00eb (Avallon) tot aan de Middellandse Zee (Cap d'Agde).<br>De route wordt beschreven op de offici\u00eble website https:\/\/www.la-gtmc.com\/ waar je de route kunt downloaden, je etappes kunt organiseren, de overnachtingsmogelijkheden kunt bekijken (campings, B&amp;B's, g\u00eetes, hotels, etc.), je bagage van de ene etappe naar de andere kunt vervoeren met de postkoffer, etc..<br>Het eerste deel van de Travers\u00e9e, van Avallon naar Clermont-Ferrand, is vrij karig qua passen. We zijn dus alleen ge\u00efnteresseerd in het zuidelijke deel. Van het station van Clermont-Ferrand naar het TGV-station van Montpellier (handiger dan het TER-station van Cap d'Agde).<br>Voor een totaal van 901 km - 19.200 m stijgen en 96 passen<br>We lieten ons grotendeels inspireren door de offici\u00eble route. Maar, zoals veel centcolisten zouden doen, wezen we het idee om nabijgelegen cols op te zoeken niet van de hand, of het nu ging om een korte omweg of een eenvoudige terugtocht.<br>De route die we beschrijven en de gpx-tracks die we publiceren zijn er alleen om mountainbikers te inspireren. Het is aan hen om hun etappes, hun omwegen, hun paden, hun varianten te verfijnen, de moeilijkheden in te schatten enz... De route is niet erkend, dus iedereen pakt hem op eigen verantwoordelijkheid aan.<br><a href=\"https:\/\/centcols.org\/wp-content\/uploads\/2025\/08\/Les-cols-de-la-GTMC_1-1.pdf\">Deel 1 - Van Clermont-Ferrand naar Saint-Flour - 278 km - 6.450 m D+ - 27 passen<\/a><br><a href=\"\/wp-content\/uploads\/2025\/08\/Les-cols-de-la-GTMC_2-1.pdf\">Deel 2 - Van Saint-Flour naar Florac - 201 km - 4.370 m D+ - 26 passen<\/a><br><a href=\"\/wp-content\/uploads\/2025\/08\/Les-cols-de-la-GTMC_3-1.pdf\">Deel 3 - Van Florac naar Caylar - 219 km -5.330 m D+ - 25 passen<\/a><br><a href=\"\/wp-content\/uploads\/2025\/08\/Les-cols-de-la-GTMC_4-1.pdf\">Deel 4 - Van Caylar naar Montpellier - 203 km -3.050 m D+ - 18 passen<\/a><\/p>\n\n\n\n<p><\/p>","protected":false},"excerpt":{"rendered":"<p>La GTMC est un parcours VTT de 1380 km et 30.000 m de d\u00e9nivel\u00e9. Il est balis\u00e9 en int\u00e9gralit\u00e9, de la Bourgogne (Avallon) \u00e0 la M\u00e9diterran\u00e9e (Cap d\u2019Agde).Il est d\u00e9crit sur son site officiel https:\/\/www.la-gtmc.com\/ o\u00f9 on peut t\u00e9l\u00e9charger le parcours, organiser ses \u00e9tapes, visualiser les solutions d\u2019h\u00e9bergement (camping, chambres d\u2019h\u00f4tes, g\u00eetes, h\u00f4tels\u2026), faire transporter [&hellip;]<\/p>\n","protected":false},"author":3,"featured_media":84490,"comment_status":"open","ping_status":"closed","sticky":false,"template":"","format":"standard","meta":{"_acf_changed":false,"footnotes":""},"categories":[82],"tags":[],"class_list":["post-84476","post","type-post","status-publish","format-standard","has-post-thumbnail","hentry","category-voyages"],"acf":[],"yoast_head":"<!-- This site is optimized with the Yoast SEO plugin v27.2 - https:\/\/yoast.com\/product\/yoast-seo-wordpress\/ -->\n<title>La grande travers\u00e9e du Massif Central : les cols - Club des Cent Cols<\/title>\n<meta name=\"robots\" content=\"index, follow, max-snippet:-1, max-image-preview:large, max-video-preview:-1\" \/>\n<link rel=\"canonical\" href=\"https:\/\/centcols.org\/nl\/de-grande-traversee-du-massif-centrale-passen\/\" \/>\n<meta property=\"og:locale\" content=\"nl_BE\" \/>\n<meta property=\"og:type\" content=\"article\" \/>\n<meta property=\"og:title\" content=\"La grande travers\u00e9e du Massif Central : les cols - Club des Cent Cols\" \/>\n<meta property=\"og:description\" content=\"La GTMC est un parcours VTT de 1380 km et 30.000 m de d\u00e9nivel\u00e9. Il est balis\u00e9 en int\u00e9gralit\u00e9, de la Bourgogne (Avallon) \u00e0 la M\u00e9diterran\u00e9e (Cap d\u2019Agde).Il est d\u00e9crit sur son site officiel https:\/\/www.la-gtmc.com\/ o\u00f9 on peut t\u00e9l\u00e9charger le parcours, organiser ses \u00e9tapes, visualiser les solutions d\u2019h\u00e9bergement (camping, chambres d\u2019h\u00f4tes, g\u00eetes, h\u00f4tels\u2026), faire transporter [&hellip;]\" \/>\n<meta property=\"og:url\" content=\"https:\/\/centcols.org\/nl\/de-grande-traversee-du-massif-centrale-passen\/\" \/>\n<meta property=\"og:site_name\" content=\"Club des Cent Cols\" \/>\n<meta property=\"article:publisher\" content=\"https:\/\/www.facebook.com\/groups\/5261880558\/?locale=fr_FR\" \/>\n<meta property=\"article:published_time\" content=\"2025-06-29T11:04:47+00:00\" \/>\n<meta property=\"article:modified_time\" content=\"2025-10-15T01:25:53+00:00\" \/>\n<meta property=\"og:image\" content=\"https:\/\/centcols.org\/wp-content\/uploads\/2025\/06\/settons.jpg\" \/>\n\t<meta property=\"og:image:width\" content=\"900\" \/>\n\t<meta property=\"og:image:height\" content=\"506\" \/>\n\t<meta property=\"og:image:type\" content=\"image\/jpeg\" \/>\n<meta name=\"author\" content=\"Webmestre\" \/>\n<meta name=\"twitter:card\" content=\"summary_large_image\" \/>\n<meta name=\"twitter:label1\" content=\"Geschreven door\" \/>\n\t<meta name=\"twitter:data1\" content=\"Webmestre\" \/>\n\t<meta name=\"twitter:label2\" content=\"Geschatte leestijd\" \/>\n\t<meta name=\"twitter:data2\" content=\"2 minuten\" \/>\n<script type=\"application\/ld+json\" class=\"yoast-schema-graph\">{\"@context\":\"https:\/\/schema.org\",\"@graph\":[{\"@type\":\"Article\",\"@id\":\"https:\/\/centcols.org\/la-grande-traversee-du-massif-central-les-cols\/#article\",\"isPartOf\":{\"@id\":\"https:\/\/centcols.org\/la-grande-traversee-du-massif-central-les-cols\/\"},\"author\":{\"name\":\"Webmestre\",\"@id\":\"https:\/\/centcols.org\/#\/schema\/person\/911b404fb133d8c913dd27cdcf71c8e5\"},\"headline\":\"La grande travers\u00e9e du Massif Central : les cols\",\"datePublished\":\"2025-06-29T11:04:47+00:00\",\"dateModified\":\"2025-10-15T01:25:53+00:00\",\"mainEntityOfPage\":{\"@id\":\"https:\/\/centcols.org\/la-grande-traversee-du-massif-central-les-cols\/\"},\"wordCount\":289,\"commentCount\":0,\"publisher\":{\"@id\":\"https:\/\/centcols.org\/#organization\"},\"image\":{\"@id\":\"https:\/\/centcols.org\/la-grande-traversee-du-massif-central-les-cols\/#primaryimage\"},\"thumbnailUrl\":\"https:\/\/centcols.org\/wp-content\/uploads\/2025\/06\/settons.jpg\",\"articleSection\":[\"Voyages\"],\"inLanguage\":\"nl-BE\",\"potentialAction\":[{\"@type\":\"CommentAction\",\"name\":\"Comment\",\"target\":[\"https:\/\/centcols.org\/la-grande-traversee-du-massif-central-les-cols\/#respond\"]}]},{\"@type\":\"WebPage\",\"@id\":\"https:\/\/centcols.org\/la-grande-traversee-du-massif-central-les-cols\/\",\"url\":\"https:\/\/centcols.org\/la-grande-traversee-du-massif-central-les-cols\/\",\"name\":\"La grande travers\u00e9e du Massif Central : les cols - Club des Cent Cols\",\"isPartOf\":{\"@id\":\"https:\/\/centcols.org\/#website\"},\"primaryImageOfPage\":{\"@id\":\"https:\/\/centcols.org\/la-grande-traversee-du-massif-central-les-cols\/#primaryimage\"},\"image\":{\"@id\":\"https:\/\/centcols.org\/la-grande-traversee-du-massif-central-les-cols\/#primaryimage\"},\"thumbnailUrl\":\"https:\/\/centcols.org\/wp-content\/uploads\/2025\/06\/settons.jpg\",\"datePublished\":\"2025-06-29T11:04:47+00:00\",\"dateModified\":\"2025-10-15T01:25:53+00:00\",\"breadcrumb\":{\"@id\":\"https:\/\/centcols.org\/la-grande-traversee-du-massif-central-les-cols\/#breadcrumb\"},\"inLanguage\":\"nl-BE\",\"potentialAction\":[{\"@type\":\"ReadAction\",\"target\":[\"https:\/\/centcols.org\/la-grande-traversee-du-massif-central-les-cols\/\"]}]},{\"@type\":\"ImageObject\",\"inLanguage\":\"nl-BE\",\"@id\":\"https:\/\/centcols.org\/la-grande-traversee-du-massif-central-les-cols\/#primaryimage\",\"url\":\"https:\/\/centcols.org\/wp-content\/uploads\/2025\/06\/settons.jpg\",\"contentUrl\":\"https:\/\/centcols.org\/wp-content\/uploads\/2025\/06\/settons.jpg\",\"width\":900,\"height\":506,\"caption\":\"lac des Settons\"},{\"@type\":\"BreadcrumbList\",\"@id\":\"https:\/\/centcols.org\/la-grande-traversee-du-massif-central-les-cols\/#breadcrumb\",\"itemListElement\":[{\"@type\":\"ListItem\",\"position\":1,\"name\":\"Accueil\",\"item\":\"https:\/\/centcols.org\/\"},{\"@type\":\"ListItem\",\"position\":2,\"name\":\"Gazette\",\"item\":\"https:\/\/centcols.org\/rubrique\/gazette\/\"},{\"@type\":\"ListItem\",\"position\":3,\"name\":\"Voyages\",\"item\":\"https:\/\/centcols.org\/rubrique\/gazette\/voyages\/\"},{\"@type\":\"ListItem\",\"position\":4,\"name\":\"La grande travers\u00e9e du Massif Central : les cols\"}]},{\"@type\":\"WebSite\",\"@id\":\"https:\/\/centcols.org\/#website\",\"url\":\"https:\/\/centcols.org\/\",\"name\":\"Club des Cent Cols\",\"description\":\"\",\"publisher\":{\"@id\":\"https:\/\/centcols.org\/#organization\"},\"potentialAction\":[{\"@type\":\"SearchAction\",\"target\":{\"@type\":\"EntryPoint\",\"urlTemplate\":\"https:\/\/centcols.org\/?s={search_term_string}\"},\"query-input\":{\"@type\":\"PropertyValueSpecification\",\"valueRequired\":true,\"valueName\":\"search_term_string\"}}],\"inLanguage\":\"nl-BE\"},{\"@type\":\"Organization\",\"@id\":\"https:\/\/centcols.org\/#organization\",\"name\":\"Club des Cent Cols\",\"url\":\"https:\/\/centcols.org\/\",\"logo\":{\"@type\":\"ImageObject\",\"inLanguage\":\"nl-BE\",\"@id\":\"https:\/\/centcols.org\/#\/schema\/logo\/image\/\",\"url\":\"https:\/\/centcols.org\/wp-content\/uploads\/2025\/01\/carte-icone.png\",\"contentUrl\":\"https:\/\/centcols.org\/wp-content\/uploads\/2025\/01\/carte-icone.png\",\"width\":250,\"height\":250,\"caption\":\"Club des Cent Cols\"},\"image\":{\"@id\":\"https:\/\/centcols.org\/#\/schema\/logo\/image\/\"},\"sameAs\":[\"https:\/\/www.facebook.com\/groups\/5261880558\/?locale=fr_FR\"]},{\"@type\":\"Person\",\"@id\":\"https:\/\/centcols.org\/#\/schema\/person\/911b404fb133d8c913dd27cdcf71c8e5\",\"name\":\"Webmestre\",\"image\":{\"@type\":\"ImageObject\",\"inLanguage\":\"nl-BE\",\"@id\":\"https:\/\/centcols.org\/wp-content\/litespeed\/avatar\/2d246e4b6b4f773e08515e1ffc53690b.jpg?ver=1777222892\",\"url\":\"https:\/\/centcols.org\/wp-content\/litespeed\/avatar\/2d246e4b6b4f773e08515e1ffc53690b.jpg?ver=1777222892\",\"contentUrl\":\"https:\/\/centcols.org\/wp-content\/litespeed\/avatar\/2d246e4b6b4f773e08515e1ffc53690b.jpg?ver=1777222892\",\"caption\":\"Webmestre\"},\"url\":\"https:\/\/centcols.org\/nl\/author\/webmestre\/\"}]}<\/script>\n<!-- \/ Yoast SEO plugin. -->","yoast_head_json":{"title":"La grande travers\u00e9e du Massif Central: de passen - Club des Cent Cols","robots":{"index":"index","follow":"follow","max-snippet":"max-snippet:-1","max-image-preview":"max-image-preview:large","max-video-preview":"max-video-preview:-1"},"canonical":"https:\/\/centcols.org\/nl\/de-grande-traversee-du-massif-centrale-passen\/","og_locale":"nl_BE","og_type":"article","og_title":"La grande travers\u00e9e du Massif Central : les cols - Club des Cent Cols","og_description":"La GTMC est un parcours VTT de 1380 km et 30.000 m de d\u00e9nivel\u00e9. Il est balis\u00e9 en int\u00e9gralit\u00e9, de la Bourgogne (Avallon) \u00e0 la M\u00e9diterran\u00e9e (Cap d\u2019Agde).Il est d\u00e9crit sur son site officiel https:\/\/www.la-gtmc.com\/ o\u00f9 on peut t\u00e9l\u00e9charger le parcours, organiser ses \u00e9tapes, visualiser les solutions d\u2019h\u00e9bergement (camping, chambres d\u2019h\u00f4tes, g\u00eetes, h\u00f4tels\u2026), faire transporter [&hellip;]","og_url":"https:\/\/centcols.org\/nl\/de-grande-traversee-du-massif-centrale-passen\/","og_site_name":"Club des Cent Cols","article_publisher":"https:\/\/www.facebook.com\/groups\/5261880558\/?locale=fr_FR","article_published_time":"2025-06-29T11:04:47+00:00","article_modified_time":"2025-10-15T01:25:53+00:00","og_image":[{"width":900,"height":506,"url":"https:\/\/centcols.org\/wp-content\/uploads\/2025\/06\/settons.jpg","type":"image\/jpeg"}],"author":"Webmestre","twitter_card":"summary_large_image","twitter_misc":{"Geschreven door":"Webmestre","Geschatte leestijd":"2 minuten"},"schema":{"@context":"https:\/\/schema.org","@graph":[{"@type":"Article","@id":"https:\/\/centcols.org\/la-grande-traversee-du-massif-central-les-cols\/#article","isPartOf":{"@id":"https:\/\/centcols.org\/la-grande-traversee-du-massif-central-les-cols\/"},"author":{"name":"Webmestre","@id":"https:\/\/centcols.org\/#\/schema\/person\/911b404fb133d8c913dd27cdcf71c8e5"},"headline":"La grande travers\u00e9e du Massif Central : les cols","datePublished":"2025-06-29T11:04:47+00:00","dateModified":"2025-10-15T01:25:53+00:00","mainEntityOfPage":{"@id":"https:\/\/centcols.org\/la-grande-traversee-du-massif-central-les-cols\/"},"wordCount":289,"commentCount":0,"publisher":{"@id":"https:\/\/centcols.org\/#organization"},"image":{"@id":"https:\/\/centcols.org\/la-grande-traversee-du-massif-central-les-cols\/#primaryimage"},"thumbnailUrl":"https:\/\/centcols.org\/wp-content\/uploads\/2025\/06\/settons.jpg","articleSection":["Voyages"],"inLanguage":"nl-BE","potentialAction":[{"@type":"CommentAction","name":"Comment","target":["https:\/\/centcols.org\/la-grande-traversee-du-massif-central-les-cols\/#respond"]}]},{"@type":"WebPage","@id":"https:\/\/centcols.org\/la-grande-traversee-du-massif-central-les-cols\/","url":"https:\/\/centcols.org\/la-grande-traversee-du-massif-central-les-cols\/","name":"La grande travers\u00e9e du Massif Central: de passen - Club des Cent Cols","isPartOf":{"@id":"https:\/\/centcols.org\/#website"},"primaryImageOfPage":{"@id":"https:\/\/centcols.org\/la-grande-traversee-du-massif-central-les-cols\/#primaryimage"},"image":{"@id":"https:\/\/centcols.org\/la-grande-traversee-du-massif-central-les-cols\/#primaryimage"},"thumbnailUrl":"https:\/\/centcols.org\/wp-content\/uploads\/2025\/06\/settons.jpg","datePublished":"2025-06-29T11:04:47+00:00","dateModified":"2025-10-15T01:25:53+00:00","breadcrumb":{"@id":"https:\/\/centcols.org\/la-grande-traversee-du-massif-central-les-cols\/#breadcrumb"},"inLanguage":"nl-BE","potentialAction":[{"@type":"ReadAction","target":["https:\/\/centcols.org\/la-grande-traversee-du-massif-central-les-cols\/"]}]},{"@type":"ImageObject","inLanguage":"nl-BE","@id":"https:\/\/centcols.org\/la-grande-traversee-du-massif-central-les-cols\/#primaryimage","url":"https:\/\/centcols.org\/wp-content\/uploads\/2025\/06\/settons.jpg","contentUrl":"https:\/\/centcols.org\/wp-content\/uploads\/2025\/06\/settons.jpg","width":900,"height":506,"caption":"lac des Settons"},{"@type":"BreadcrumbList","@id":"https:\/\/centcols.org\/la-grande-traversee-du-massif-central-les-cols\/#breadcrumb","itemListElement":[{"@type":"ListItem","position":1,"name":"Accueil","item":"https:\/\/centcols.org\/"},{"@type":"ListItem","position":2,"name":"Gazette","item":"https:\/\/centcols.org\/rubrique\/gazette\/"},{"@type":"ListItem","position":3,"name":"Voyages","item":"https:\/\/centcols.org\/rubrique\/gazette\/voyages\/"},{"@type":"ListItem","position":4,"name":"La grande travers\u00e9e du Massif Central : les cols"}]},{"@type":"WebSite","@id":"https:\/\/centcols.org\/#website","url":"https:\/\/centcols.org\/","name":"Club van Cent Cols","description":"","publisher":{"@id":"https:\/\/centcols.org\/#organization"},"potentialAction":[{"@type":"SearchAction","target":{"@type":"EntryPoint","urlTemplate":"https:\/\/centcols.org\/?s={search_term_string}"},"query-input":{"@type":"PropertyValueSpecification","valueRequired":true,"valueName":"search_term_string"}}],"inLanguage":"nl-BE"},{"@type":"Organization","@id":"https:\/\/centcols.org\/#organization","name":"Club van Cent Cols","url":"https:\/\/centcols.org\/","logo":{"@type":"ImageObject","inLanguage":"nl-BE","@id":"https:\/\/centcols.org\/#\/schema\/logo\/image\/","url":"https:\/\/centcols.org\/wp-content\/uploads\/2025\/01\/carte-icone.png","contentUrl":"https:\/\/centcols.org\/wp-content\/uploads\/2025\/01\/carte-icone.png","width":250,"height":250,"caption":"Club des Cent Cols"},"image":{"@id":"https:\/\/centcols.org\/#\/schema\/logo\/image\/"},"sameAs":["https:\/\/www.facebook.com\/groups\/5261880558\/?locale=fr_FR"]},{"@type":"Person","@id":"https:\/\/centcols.org\/#\/schema\/person\/911b404fb133d8c913dd27cdcf71c8e5","name":"Webmaster","image":{"@type":"ImageObject","inLanguage":"nl-BE","@id":"https:\/\/centcols.org\/wp-content\/litespeed\/avatar\/2d246e4b6b4f773e08515e1ffc53690b.jpg?ver=1777222892","url":"https:\/\/centcols.org\/wp-content\/litespeed\/avatar\/2d246e4b6b4f773e08515e1ffc53690b.jpg?ver=1777222892","contentUrl":"https:\/\/centcols.org\/wp-content\/litespeed\/avatar\/2d246e4b6b4f773e08515e1ffc53690b.jpg?ver=1777222892","caption":"Webmestre"},"url":"https:\/\/centcols.org\/nl\/author\/webmestre\/"}]}},"_links":{"self":[{"href":"https:\/\/centcols.org\/nl\/wp-json\/wp\/v2\/posts\/84476","targetHints":{"allow":["GET"]}}],"collection":[{"href":"https:\/\/centcols.org\/nl\/wp-json\/wp\/v2\/posts"}],"about":[{"href":"https:\/\/centcols.org\/nl\/wp-json\/wp\/v2\/types\/post"}],"author":[{"embeddable":true,"href":"https:\/\/centcols.org\/nl\/wp-json\/wp\/v2\/users\/3"}],"replies":[{"embeddable":true,"href":"https:\/\/centcols.org\/nl\/wp-json\/wp\/v2\/comments?post=84476"}],"version-history":[{"count":0,"href":"https:\/\/centcols.org\/nl\/wp-json\/wp\/v2\/posts\/84476\/revisions"}],"wp:featuredmedia":[{"embeddable":true,"href":"https:\/\/centcols.org\/nl\/wp-json\/wp\/v2\/media\/84490"}],"wp:attachment":[{"href":"https:\/\/centcols.org\/nl\/wp-json\/wp\/v2\/media?parent=84476"}],"wp:term":[{"taxonomy":"category","embeddable":true,"href":"https:\/\/centcols.org\/nl\/wp-json\/wp\/v2\/categories?post=84476"},{"taxonomy":"post_tag","embeddable":true,"href":"https:\/\/centcols.org\/nl\/wp-json\/wp\/v2\/tags?post=84476"}],"curies":[{"name":"wp","href":"https:\/\/api.w.org\/{rel}","templated":true}]}}