{"id":84764,"date":"2025-03-09T23:18:00","date_gmt":"2025-03-09T21:18:00","guid":{"rendered":"https:\/\/centcols.org\/?p=84764"},"modified":"2025-07-09T23:21:11","modified_gmt":"2025-07-09T21:21:11","slug":"de-club-heeft-een-nieuw-logo","status":"publish","type":"post","link":"https:\/\/centcols.org\/nl\/le-club-se-dote-dun-nouveau-logo\/","title":{"rendered":"De club krijgt een nieuw logo"},"content":{"rendered":"<div class=\"wp-block-image\">\n<figure class=\"aligncenter size-full is-resized\"><img loading=\"lazy\" decoding=\"async\" width=\"712\" height=\"712\" src=\"https:\/\/centcols.org\/wp-content\/uploads\/2025\/07\/logo.jpg\" alt=\"\" class=\"wp-image-84765\" style=\"width:500px\" srcset=\"https:\/\/centcols.org\/wp-content\/uploads\/2025\/07\/logo.jpg 712w, https:\/\/centcols.org\/wp-content\/uploads\/2025\/07\/logo-150x150.jpg 150w\" sizes=\"auto, (max-width: 712px) 100vw, 712px\" \/><\/figure>\n<\/div>\n\n\n<p>De huidige website van de club zal in 2025 10 jaar oud zijn. Omwille van de veiligheid, de traagheid van de site, om hem aan te passen aan de browserstandaarden en nieuwe terminals (computers, smartphones, enz.) die sinds de creatie aanzienlijk zijn ge\u00ebvolueerd, en om ervoor te zorgen dat hij goed wordt weergegeven door zoekmachines, heeft het bestuur besloten om hem te vernieuwen. In het voorjaar van 2025 zou de nieuwe site klaar moeten zijn.<br>Nouvel \u0152il de Chamb\u00e9ry kreeg de opdracht om de site opnieuw te ontwerpen na een zorgvuldige evaluatie van de offertes die op ons verzoek waren ontvangen.<br>De nieuwe website krijgt een nieuwe, moderne grafische look, dus leek het gepast om ook het logo van de club te veranderen.<br>Tijdens de discussies werd unaniem besloten dat er een nieuw clublogo moest worden ontworpen, en wel om de volgende redenen:<\/p>\n\n\n\n<ul class=\"wp-block-list\">\n<li>Het essenti\u00eble element voor een mountainbikeclub ontbreekt: de fiets!<\/li>\n\n\n\n<li>Het logo is 30 jaar oud en voldoet niet meer aan de hedendaagse esthetische criteria.<\/li>\n\n\n\n<li>Een gemoderniseerd logo zal het imago van de Club verjongen en aantrekkelijker zijn voor onze potenti\u00eble doelgroepen.<br>De commissie die verantwoordelijk is voor het herontwerp van de website heeft een lang en grondig project uitgevoerd, waardoor de Raad van Bestuur het nieuwe logo kon goedkeuren tijdens de vergadering op 8 februari 2025.<\/li>\n<\/ul>\n\n\n\n<p>Er is rekening gehouden met belangrijke aspecten:<\/p>\n\n\n\n<ul class=\"wp-block-list\">\n<li>Leesbaarheid en zuivering<\/li>\n\n\n\n<li>Het ontwerp van dit logo is minimalistisch, waardoor het direct herkenbaar is, zelfs op een klein formaat. Door de eenvoudige vormen en lichte kleuren is het goed leesbaar, zowel op een scherm als afgedrukt op een fysieke drager (papier, textiel, goodies).<\/li>\n\n\n\n<li>Aanpasbaarheid aan media<\/li>\n\n\n\n<li>Dit logo is ontworpen voor optimale aanpassing aan een grote verscheidenheid aan media: websites, kleding, brochures, bewegwijzering en zelfs afgeleide producten zoals waterflessen en petten. Dankzij het strakke ontwerp kan het getrouw worden gereproduceerd in monochroom, wat een groot voordeel is voor economische of technische toepassingen (postzegels, gravures, enz.).<\/li>\n\n\n\n<li>Duurzame visuele identiteit Het logo is ontworpen en gemaakt met behulp van eenvoudige geometrische vormen en moderne typografie. Deze esthetische keuzes zorgen voor tijdloosheid en afstemming op huidige en toekomstige grafische trends.<\/li>\n\n\n\n<li>Gebruik voor een sterk logo en merk<br>Het logo is ontworpen om te dienen als een element van merkidentiteit. Door zijn eenvoud is het gemakkelijk te onthouden door het publiek.<\/li>\n\n\n\n<li>Samenhang met de Club des Cent Cols<br>De Club des Cent Cols had een logo nodig dat de eenvoud en elegantie van fietsen belichaamt en tegelijkertijd functioneel blijft voor een divers publiek. Het logo voldoet aan deze missie dankzij :<br>- De moderne uitstraling, die jonge fietsers aantrekt met respect voor de traditionele waarden van de club.<br>- Een duidelijke structuur die de essentie van de boodschap (fietsen en bergen) benadrukt.\n<ul class=\"wp-block-list\">\n<li>De volgende kenmerken van de Club des Cent Cols zijn ge\u00efdentificeerd:<br>Bergpassen<br>Fietsers op de fiets<br>Een weg die naar een pas leidt<\/li>\n<\/ul>\n<\/li>\n\n\n\n<li>Er is gekozen voor twee fietsers van beide geslachten. Beiden dragen een helm om te herinneren aan het belang van veilig fietsen. Om haar de erkenning te geven die ze verdient, is besloten om de vrouw op de voorgrond te plaatsen. Ze is gemakkelijk te herkennen aan de paardenstaart die uit haar helm steekt.<\/li>\n<\/ul>\n\n\n\n<p>Enrico Alberini<br>Voorzitter van de Club des Cent Cols<\/p>","protected":false},"excerpt":{"rendered":"<p>Le site internet actuel du club va avoir 10 ans en 2025. Pour des raisons de s\u00e9curit\u00e9, de lenteur du site, pour l\u2019adapter aux standards de navigation et aux nouveaux terminaux (ordinateurs, Smartphones\u2026) qui ont bien \u00e9volu\u00e9 depuis sa cr\u00e9ation et afin qu\u2019il soit bien r\u00e9f\u00e9renc\u00e9 par les moteurs de recherche, le CA a pris [&hellip;]<\/p>\n","protected":false},"author":3,"featured_media":84765,"comment_status":"closed","ping_status":"closed","sticky":false,"template":"","format":"standard","meta":{"_acf_changed":false,"footnotes":""},"categories":[143],"tags":[],"class_list":["post-84764","post","type-post","status-publish","format-standard","has-post-thumbnail","hentry","category-actus-club"],"acf":[],"yoast_head":"<!-- This site is optimized with the Yoast SEO plugin v27.2 - https:\/\/yoast.com\/product\/yoast-seo-wordpress\/ -->\n<title>Le club se dote d\u2019un nouveau logo - Club des Cent Cols<\/title>\n<meta name=\"robots\" content=\"index, follow, max-snippet:-1, max-image-preview:large, max-video-preview:-1\" \/>\n<link rel=\"canonical\" href=\"https:\/\/centcols.org\/nl\/de-club-heeft-een-nieuw-logo\/\" \/>\n<meta property=\"og:locale\" content=\"nl_BE\" \/>\n<meta property=\"og:type\" content=\"article\" \/>\n<meta property=\"og:title\" content=\"Le club se dote d\u2019un nouveau logo - Club des Cent Cols\" \/>\n<meta property=\"og:description\" content=\"Le site internet actuel du club va avoir 10 ans en 2025. Pour des raisons de s\u00e9curit\u00e9, de lenteur du site, pour l\u2019adapter aux standards de navigation et aux nouveaux terminaux (ordinateurs, Smartphones\u2026) qui ont bien \u00e9volu\u00e9 depuis sa cr\u00e9ation et afin qu\u2019il soit bien r\u00e9f\u00e9renc\u00e9 par les moteurs de recherche, le CA a pris [&hellip;]\" \/>\n<meta property=\"og:url\" content=\"https:\/\/centcols.org\/nl\/de-club-heeft-een-nieuw-logo\/\" \/>\n<meta property=\"og:site_name\" content=\"Club des Cent Cols\" \/>\n<meta property=\"article:publisher\" content=\"https:\/\/www.facebook.com\/groups\/5261880558\/?locale=fr_FR\" \/>\n<meta property=\"article:published_time\" content=\"2025-03-09T21:18:00+00:00\" \/>\n<meta property=\"article:modified_time\" content=\"2025-07-09T21:21:11+00:00\" \/>\n<meta property=\"og:image\" content=\"https:\/\/centcols.org\/wp-content\/uploads\/2025\/07\/logo.jpg\" \/>\n\t<meta property=\"og:image:width\" content=\"712\" \/>\n\t<meta property=\"og:image:height\" content=\"712\" \/>\n\t<meta property=\"og:image:type\" content=\"image\/jpeg\" \/>\n<meta name=\"author\" content=\"Webmestre\" \/>\n<meta name=\"twitter:card\" content=\"summary_large_image\" \/>\n<meta name=\"twitter:label1\" content=\"Geschreven door\" \/>\n\t<meta name=\"twitter:data1\" content=\"Webmestre\" \/>\n\t<meta name=\"twitter:label2\" content=\"Geschatte leestijd\" \/>\n\t<meta name=\"twitter:data2\" content=\"4 minuten\" \/>\n<script type=\"application\/ld+json\" class=\"yoast-schema-graph\">{\"@context\":\"https:\/\/schema.org\",\"@graph\":[{\"@type\":\"Article\",\"@id\":\"https:\/\/centcols.org\/le-club-se-dote-dun-nouveau-logo\/#article\",\"isPartOf\":{\"@id\":\"https:\/\/centcols.org\/le-club-se-dote-dun-nouveau-logo\/\"},\"author\":{\"name\":\"Webmestre\",\"@id\":\"https:\/\/centcols.org\/#\/schema\/person\/911b404fb133d8c913dd27cdcf71c8e5\"},\"headline\":\"Le club se dote d\u2019un nouveau logo\",\"datePublished\":\"2025-03-09T21:18:00+00:00\",\"dateModified\":\"2025-07-09T21:21:11+00:00\",\"mainEntityOfPage\":{\"@id\":\"https:\/\/centcols.org\/le-club-se-dote-dun-nouveau-logo\/\"},\"wordCount\":605,\"publisher\":{\"@id\":\"https:\/\/centcols.org\/#organization\"},\"image\":{\"@id\":\"https:\/\/centcols.org\/le-club-se-dote-dun-nouveau-logo\/#primaryimage\"},\"thumbnailUrl\":\"https:\/\/centcols.org\/wp-content\/uploads\/2025\/07\/logo.jpg\",\"articleSection\":[\"Actus-Club\"],\"inLanguage\":\"nl-BE\"},{\"@type\":\"WebPage\",\"@id\":\"https:\/\/centcols.org\/le-club-se-dote-dun-nouveau-logo\/\",\"url\":\"https:\/\/centcols.org\/le-club-se-dote-dun-nouveau-logo\/\",\"name\":\"Le club se dote d\u2019un nouveau logo - Club des Cent Cols\",\"isPartOf\":{\"@id\":\"https:\/\/centcols.org\/#website\"},\"primaryImageOfPage\":{\"@id\":\"https:\/\/centcols.org\/le-club-se-dote-dun-nouveau-logo\/#primaryimage\"},\"image\":{\"@id\":\"https:\/\/centcols.org\/le-club-se-dote-dun-nouveau-logo\/#primaryimage\"},\"thumbnailUrl\":\"https:\/\/centcols.org\/wp-content\/uploads\/2025\/07\/logo.jpg\",\"datePublished\":\"2025-03-09T21:18:00+00:00\",\"dateModified\":\"2025-07-09T21:21:11+00:00\",\"breadcrumb\":{\"@id\":\"https:\/\/centcols.org\/le-club-se-dote-dun-nouveau-logo\/#breadcrumb\"},\"inLanguage\":\"nl-BE\",\"potentialAction\":[{\"@type\":\"ReadAction\",\"target\":[\"https:\/\/centcols.org\/le-club-se-dote-dun-nouveau-logo\/\"]}]},{\"@type\":\"ImageObject\",\"inLanguage\":\"nl-BE\",\"@id\":\"https:\/\/centcols.org\/le-club-se-dote-dun-nouveau-logo\/#primaryimage\",\"url\":\"https:\/\/centcols.org\/wp-content\/uploads\/2025\/07\/logo.jpg\",\"contentUrl\":\"https:\/\/centcols.org\/wp-content\/uploads\/2025\/07\/logo.jpg\",\"width\":712,\"height\":712},{\"@type\":\"BreadcrumbList\",\"@id\":\"https:\/\/centcols.org\/le-club-se-dote-dun-nouveau-logo\/#breadcrumb\",\"itemListElement\":[{\"@type\":\"ListItem\",\"position\":1,\"name\":\"Accueil\",\"item\":\"https:\/\/centcols.org\/\"},{\"@type\":\"ListItem\",\"position\":2,\"name\":\"Gazette\",\"item\":\"https:\/\/centcols.org\/rubrique\/gazette\/\"},{\"@type\":\"ListItem\",\"position\":3,\"name\":\"Actus-Club\",\"item\":\"https:\/\/centcols.org\/rubrique\/gazette\/actus-club\/\"},{\"@type\":\"ListItem\",\"position\":4,\"name\":\"Le club se dote d\u2019un nouveau logo\"}]},{\"@type\":\"WebSite\",\"@id\":\"https:\/\/centcols.org\/#website\",\"url\":\"https:\/\/centcols.org\/\",\"name\":\"Club des Cent Cols\",\"description\":\"\",\"publisher\":{\"@id\":\"https:\/\/centcols.org\/#organization\"},\"potentialAction\":[{\"@type\":\"SearchAction\",\"target\":{\"@type\":\"EntryPoint\",\"urlTemplate\":\"https:\/\/centcols.org\/?s={search_term_string}\"},\"query-input\":{\"@type\":\"PropertyValueSpecification\",\"valueRequired\":true,\"valueName\":\"search_term_string\"}}],\"inLanguage\":\"nl-BE\"},{\"@type\":\"Organization\",\"@id\":\"https:\/\/centcols.org\/#organization\",\"name\":\"Club des Cent Cols\",\"url\":\"https:\/\/centcols.org\/\",\"logo\":{\"@type\":\"ImageObject\",\"inLanguage\":\"nl-BE\",\"@id\":\"https:\/\/centcols.org\/#\/schema\/logo\/image\/\",\"url\":\"https:\/\/centcols.org\/wp-content\/uploads\/2025\/01\/carte-icone.png\",\"contentUrl\":\"https:\/\/centcols.org\/wp-content\/uploads\/2025\/01\/carte-icone.png\",\"width\":250,\"height\":250,\"caption\":\"Club des Cent Cols\"},\"image\":{\"@id\":\"https:\/\/centcols.org\/#\/schema\/logo\/image\/\"},\"sameAs\":[\"https:\/\/www.facebook.com\/groups\/5261880558\/?locale=fr_FR\"]},{\"@type\":\"Person\",\"@id\":\"https:\/\/centcols.org\/#\/schema\/person\/911b404fb133d8c913dd27cdcf71c8e5\",\"name\":\"Webmestre\",\"image\":{\"@type\":\"ImageObject\",\"inLanguage\":\"nl-BE\",\"@id\":\"https:\/\/centcols.org\/wp-content\/litespeed\/avatar\/2d246e4b6b4f773e08515e1ffc53690b.jpg?ver=1777222892\",\"url\":\"https:\/\/centcols.org\/wp-content\/litespeed\/avatar\/2d246e4b6b4f773e08515e1ffc53690b.jpg?ver=1777222892\",\"contentUrl\":\"https:\/\/centcols.org\/wp-content\/litespeed\/avatar\/2d246e4b6b4f773e08515e1ffc53690b.jpg?ver=1777222892\",\"caption\":\"Webmestre\"},\"url\":\"https:\/\/centcols.org\/nl\/author\/webmestre\/\"}]}<\/script>\n<!-- \/ Yoast SEO plugin. -->","yoast_head_json":{"title":"De club heeft een nieuw logo - Club des Cent Cols","robots":{"index":"index","follow":"follow","max-snippet":"max-snippet:-1","max-image-preview":"max-image-preview:large","max-video-preview":"max-video-preview:-1"},"canonical":"https:\/\/centcols.org\/nl\/de-club-heeft-een-nieuw-logo\/","og_locale":"nl_BE","og_type":"article","og_title":"Le club se dote d\u2019un nouveau logo - Club des Cent Cols","og_description":"Le site internet actuel du club va avoir 10 ans en 2025. Pour des raisons de s\u00e9curit\u00e9, de lenteur du site, pour l\u2019adapter aux standards de navigation et aux nouveaux terminaux (ordinateurs, Smartphones\u2026) qui ont bien \u00e9volu\u00e9 depuis sa cr\u00e9ation et afin qu\u2019il soit bien r\u00e9f\u00e9renc\u00e9 par les moteurs de recherche, le CA a pris [&hellip;]","og_url":"https:\/\/centcols.org\/nl\/de-club-heeft-een-nieuw-logo\/","og_site_name":"Club des Cent Cols","article_publisher":"https:\/\/www.facebook.com\/groups\/5261880558\/?locale=fr_FR","article_published_time":"2025-03-09T21:18:00+00:00","article_modified_time":"2025-07-09T21:21:11+00:00","og_image":[{"width":712,"height":712,"url":"https:\/\/centcols.org\/wp-content\/uploads\/2025\/07\/logo.jpg","type":"image\/jpeg"}],"author":"Webmestre","twitter_card":"summary_large_image","twitter_misc":{"Geschreven door":"Webmestre","Geschatte leestijd":"4 minuten"},"schema":{"@context":"https:\/\/schema.org","@graph":[{"@type":"Article","@id":"https:\/\/centcols.org\/le-club-se-dote-dun-nouveau-logo\/#article","isPartOf":{"@id":"https:\/\/centcols.org\/le-club-se-dote-dun-nouveau-logo\/"},"author":{"name":"Webmestre","@id":"https:\/\/centcols.org\/#\/schema\/person\/911b404fb133d8c913dd27cdcf71c8e5"},"headline":"Le club se dote d\u2019un nouveau logo","datePublished":"2025-03-09T21:18:00+00:00","dateModified":"2025-07-09T21:21:11+00:00","mainEntityOfPage":{"@id":"https:\/\/centcols.org\/le-club-se-dote-dun-nouveau-logo\/"},"wordCount":605,"publisher":{"@id":"https:\/\/centcols.org\/#organization"},"image":{"@id":"https:\/\/centcols.org\/le-club-se-dote-dun-nouveau-logo\/#primaryimage"},"thumbnailUrl":"https:\/\/centcols.org\/wp-content\/uploads\/2025\/07\/logo.jpg","articleSection":["Actus-Club"],"inLanguage":"nl-BE"},{"@type":"WebPage","@id":"https:\/\/centcols.org\/le-club-se-dote-dun-nouveau-logo\/","url":"https:\/\/centcols.org\/le-club-se-dote-dun-nouveau-logo\/","name":"De club heeft een nieuw logo - Club des Cent Cols","isPartOf":{"@id":"https:\/\/centcols.org\/#website"},"primaryImageOfPage":{"@id":"https:\/\/centcols.org\/le-club-se-dote-dun-nouveau-logo\/#primaryimage"},"image":{"@id":"https:\/\/centcols.org\/le-club-se-dote-dun-nouveau-logo\/#primaryimage"},"thumbnailUrl":"https:\/\/centcols.org\/wp-content\/uploads\/2025\/07\/logo.jpg","datePublished":"2025-03-09T21:18:00+00:00","dateModified":"2025-07-09T21:21:11+00:00","breadcrumb":{"@id":"https:\/\/centcols.org\/le-club-se-dote-dun-nouveau-logo\/#breadcrumb"},"inLanguage":"nl-BE","potentialAction":[{"@type":"ReadAction","target":["https:\/\/centcols.org\/le-club-se-dote-dun-nouveau-logo\/"]}]},{"@type":"ImageObject","inLanguage":"nl-BE","@id":"https:\/\/centcols.org\/le-club-se-dote-dun-nouveau-logo\/#primaryimage","url":"https:\/\/centcols.org\/wp-content\/uploads\/2025\/07\/logo.jpg","contentUrl":"https:\/\/centcols.org\/wp-content\/uploads\/2025\/07\/logo.jpg","width":712,"height":712},{"@type":"BreadcrumbList","@id":"https:\/\/centcols.org\/le-club-se-dote-dun-nouveau-logo\/#breadcrumb","itemListElement":[{"@type":"ListItem","position":1,"name":"Accueil","item":"https:\/\/centcols.org\/"},{"@type":"ListItem","position":2,"name":"Gazette","item":"https:\/\/centcols.org\/rubrique\/gazette\/"},{"@type":"ListItem","position":3,"name":"Actus-Club","item":"https:\/\/centcols.org\/rubrique\/gazette\/actus-club\/"},{"@type":"ListItem","position":4,"name":"Le club se dote d\u2019un nouveau logo"}]},{"@type":"WebSite","@id":"https:\/\/centcols.org\/#website","url":"https:\/\/centcols.org\/","name":"Club van Cent Cols","description":"","publisher":{"@id":"https:\/\/centcols.org\/#organization"},"potentialAction":[{"@type":"SearchAction","target":{"@type":"EntryPoint","urlTemplate":"https:\/\/centcols.org\/?s={search_term_string}"},"query-input":{"@type":"PropertyValueSpecification","valueRequired":true,"valueName":"search_term_string"}}],"inLanguage":"nl-BE"},{"@type":"Organization","@id":"https:\/\/centcols.org\/#organization","name":"Club van Cent Cols","url":"https:\/\/centcols.org\/","logo":{"@type":"ImageObject","inLanguage":"nl-BE","@id":"https:\/\/centcols.org\/#\/schema\/logo\/image\/","url":"https:\/\/centcols.org\/wp-content\/uploads\/2025\/01\/carte-icone.png","contentUrl":"https:\/\/centcols.org\/wp-content\/uploads\/2025\/01\/carte-icone.png","width":250,"height":250,"caption":"Club des Cent Cols"},"image":{"@id":"https:\/\/centcols.org\/#\/schema\/logo\/image\/"},"sameAs":["https:\/\/www.facebook.com\/groups\/5261880558\/?locale=fr_FR"]},{"@type":"Person","@id":"https:\/\/centcols.org\/#\/schema\/person\/911b404fb133d8c913dd27cdcf71c8e5","name":"Webmaster","image":{"@type":"ImageObject","inLanguage":"nl-BE","@id":"https:\/\/centcols.org\/wp-content\/litespeed\/avatar\/2d246e4b6b4f773e08515e1ffc53690b.jpg?ver=1777222892","url":"https:\/\/centcols.org\/wp-content\/litespeed\/avatar\/2d246e4b6b4f773e08515e1ffc53690b.jpg?ver=1777222892","contentUrl":"https:\/\/centcols.org\/wp-content\/litespeed\/avatar\/2d246e4b6b4f773e08515e1ffc53690b.jpg?ver=1777222892","caption":"Webmestre"},"url":"https:\/\/centcols.org\/nl\/author\/webmestre\/"}]}},"_links":{"self":[{"href":"https:\/\/centcols.org\/nl\/wp-json\/wp\/v2\/posts\/84764","targetHints":{"allow":["GET"]}}],"collection":[{"href":"https:\/\/centcols.org\/nl\/wp-json\/wp\/v2\/posts"}],"about":[{"href":"https:\/\/centcols.org\/nl\/wp-json\/wp\/v2\/types\/post"}],"author":[{"embeddable":true,"href":"https:\/\/centcols.org\/nl\/wp-json\/wp\/v2\/users\/3"}],"replies":[{"embeddable":true,"href":"https:\/\/centcols.org\/nl\/wp-json\/wp\/v2\/comments?post=84764"}],"version-history":[{"count":0,"href":"https:\/\/centcols.org\/nl\/wp-json\/wp\/v2\/posts\/84764\/revisions"}],"wp:featuredmedia":[{"embeddable":true,"href":"https:\/\/centcols.org\/nl\/wp-json\/wp\/v2\/media\/84765"}],"wp:attachment":[{"href":"https:\/\/centcols.org\/nl\/wp-json\/wp\/v2\/media?parent=84764"}],"wp:term":[{"taxonomy":"category","embeddable":true,"href":"https:\/\/centcols.org\/nl\/wp-json\/wp\/v2\/categories?post=84764"},{"taxonomy":"post_tag","embeddable":true,"href":"https:\/\/centcols.org\/nl\/wp-json\/wp\/v2\/tags?post=84764"}],"curies":[{"name":"wp","href":"https:\/\/api.w.org\/{rel}","templated":true}]}}