{"id":85117,"date":"2025-07-24T20:01:04","date_gmt":"2025-07-24T18:01:04","guid":{"rendered":"https:\/\/centcols.org\/?p=85117"},"modified":"2025-08-26T14:31:52","modified_gmt":"2025-08-26T12:31:52","slug":"blauwe-lijn-uitdaging","status":"publish","type":"post","link":"https:\/\/centcols.org\/nl\/challenge-de-la-ligne-bleue\/","title":{"rendered":"Blue Line-uitdaging"},"content":{"rendered":"<blockquote class=\"wp-block-quote is-layout-flow wp-block-quote-is-layout-flow\">\n<p>Bernard Pommel (CC N\u00b03094) stelt deze uitdaging voor.<\/p>\n<\/blockquote>\n\n\n\n<p>Deze uitdaging bestaat uit het oversteken van alle 41 passen (verhard en onverhard) van de Frans-Duitse grens zoals die werd getrokken tussen 1871 en 1918, na de tragische oorlog van 1870.<\/p>\n\n\n\n<h2 class=\"wp-block-heading\">Geschiedenis van de Frans-Duitse grens (1871-1918)<\/h2>\n\n\n\n<p>De Frans-Duitse Oorlog van 1870-1871 vond zijn oorsprong in nationale en dynastieke rivaliteit tussen het Frankrijk van Napoleon III en Pruisen onder leiding van Otto von Bismarck. Bismarck wilde de Duitse staten verenigen onder Pruisisch leiderschap en zo de Duitse macht in Europa consolideren. De gelegenheid deed zich voor met de kandidatuur van een Pruisische prins voor de Spaanse troon, die door Frankrijk als een bedreiging voor zijn invloed werd gezien. Het Ems-bericht, dat door Bismarck handig was aangepast om offensief te lijken, verhoogde de spanningen en zette Napoleon III ertoe aan om in juli 1870 de oorlog te verklaren.<br>Slecht voorbereid en onder slecht bevel leed het Franse leger zware nederlagen, met name bij Sedan in september 1870, waar Napoleon III gevangen werd genomen. De Pruisen belegerden Parijs, dat na maanden van ontberingen in januari 1871 capituleerde. Het conflict eindigde met de proclamatie van het Duitse Rijk in de Spiegelzaal van Versailles, een symbolische daad die Frankrijk vernederde. Het Verdrag van Frankfurt dat op 10 mei 1871 werd ondertekend, legde Frankrijk zware financi\u00eble herstelbetalingen op en het verlies van Elzas-Lotharingen, wat de blijvende vijandigheid tussen de twee naties verergerde. Deze oorlog markeerde een geopolitiek keerpunt in Europa en legde de basis voor de spanningen die zouden leiden tot de Eerste Wereldoorlog (notie van \u00abrevanchisme\u00bb, \u00aber altijd aan denken, er nooit over praten\u00bb).<br>Aan Franse zijde was Aim\u00e9 Laussedat, een polytechnisch ingenieur, grotendeels verantwoordelijk voor het precieze ontwerp van deze nieuwe grens. Dit proces, dat soms conflicterend was, vereiste onderhandelingen om de lijn aan te passen aan de geografische realiteit en lokale belangen.<br>De nieuwe grens die werd opgelegd door het Verdrag van Frankfurt, ongeveer 500 km lang, bakende Frankrijk scherp af van Duitsland. De grens liep van de Vogezen in het noorden tot aan de Rijn en doorkruiste verschillende landschappen: vlakten, bossen en bergen. Deze lijn, gemarkeerd door 4056 genummerde mijlpalen (waarvan sommige nog steeds bestaan) en geografische markeringen (palen), scheidde de geannexeerde gebieden, waaronder Straatsburg, Metz en Mulhouse, van het Duitse Rijk. De grens volgde soms natuurlijke kenmerken, zoals waterlopen, om hem gemakkelijker te kunnen identificeren. Van de Donon tot de ballon van de Elzas volgde de grens de lijn van de Vogezen (de \u00abblauwe lijn van de Vogezen\u00bb, Jules Ferry; de uitdrukking \u00abblauwe lijn van de Vogezen\u00bb kreeg later de betekenis van \u00abde Frans-Duitse grens\u00bb).<br>Het sneed echter ook dorpen en gemeenschappen af en verbrak bestaande culturele en economische banden. Deze afbakening, die door Frankrijk als een open wond werd ervaren, symboliseerde niet alleen een verlies van grondgebied maar ook van identiteit.<br>Deze grens verdween \u00abde facto in 1918 met de komst van de Franse troepen en de jure met het Verdrag van Versailles in 1919. Maar in werkelijkheid verdween de grens als zodanig al in 1914, tijdens de gevechten van de Eerste Wereldoorlog\u00bb. (Benoit Vaillot)<\/p>\n\n\n\n<h2 class=\"wp-block-heading\">Bibliografie<\/h2>\n\n\n\n<ul class=\"wp-block-list\">\n<li>Benoit Vaillot, \u00abL'invention d'une fronti\u00e8re. Entre France et Allemagne, 1871-1914\u00bb, Parijs, \u00c9ditions du CNRS, 2023.<br>Benoit Vaillot heeft een website ontwikkeld over de Frans-Duitse grens 1871-1918, een onuitputtelijke bron van informatie: <a href=\"https:\/\/www.border1871.eu\/\" target=\"_blank\" rel=\"noreferrer noopener\">https:\/\/www.border1871.eu\/<\/a><\/li>\n\n\n\n<li>Laurence Turetti, \u00abQuand la France pleurait l'Alsace-Lorraine. Les \u201cprovinces perdues\u201d aux sources du patriotisme r\u00e9publicain 1870-1914\u00bb, Straatsburg, La Nu\u00e9e bleue, 2008.<\/li>\n\n\n\n<li>K\u00e9vin G\u0152URIOT, \u00abLe Semeur de larmes. Roman historique autour de la fronti\u00e8re de 1871\u00bb, Metz, Paraiges, 2019. (Nieuwe versie van de memoires van Aim\u00e9 Laussedat)<\/li>\n<\/ul>\n\n\n\n<h2 class=\"wp-block-heading\">Route van de Frans-Duitse grens van 1871 tot 1918, met de 41 passen die op deze grens liggen<\/h2>\n\n\n\n<p><a href=\"https:\/\/www.google.com\/maps\/d\/u\/0\/edit?mid=1E8IaL-jMO9SRh2Ya71K40vlUcCKG1xU&amp;usp=sharing\" target=\"_blank\" rel=\"noreferrer noopener\">Google-kaart bekijken<\/a><br><br>Opmerking over de grenslijn in deze Google-kaart: dit is een ruwe lijn om dingen vast te leggen, behalve op de grens van de Haut-Rhin - Territoire de Belfort, waar we profiteren van het buitengewone werk dat is uitgevoerd door Roland Guillaume om de grenspalen te identificeren die nog steeds bestaan, waardoor we de grens heel precies kunnen traceren. <a href=\"https:\/\/www.google.com\/maps\/d\/u\/0\/viewer?mid=1WVoH-LwO6EIR4DGJTNY-M0mH6Po&amp;hl=fr&amp;ll=47.780971084174%2C6.869042219266199&amp;z=16\" target=\"_blank\" rel=\"noreferrer noopener\">Zie deze link<\/a>&nbsp;<\/p>\n\n\n\n<h2 class=\"wp-block-heading\">Regels en werking<\/h2>\n\n\n\n<p>Om je in te schrijven voor deze Challenge moet je het inschrijfformulier invullen en de regels van de Club des Cent Cols accepteren.<\/p>\n\n\n\n<p><a href=\"https:\/\/centcols.org\/wp-content\/uploads\/2025\/08\/Ligne_Bleue_-Bulletin_inscription.doc\" target=\"_blank\" rel=\"noreferrer noopener\">Registratieformulier<\/a><\/p>\n\n\n\n<ul class=\"wp-block-list\">\n<li>De passen moeten worden beklommen volgens de regels van de Cent Cols Club.<\/li>\n\n\n\n<li>Passen die zijn beklommen voordat je je hebt ingeschreven voor de Challenge kunnen worden meegeteld. <\/li>\n\n\n\n<li>De passen die zijn opgenomen in de Challenge zijn de passen die zijn opgenomen in de catalogus op de datum waarop de Challenge is aangemaakt. Als er later passen worden toegevoegd in de betreffende zone door de verschillende toevoegingen, worden deze niet meegenomen in de Challenge.<br><\/li>\n\n\n\n<li>De \u00abLigne Bleue\u00bb gouden uitdaging wordt toegekend na het voltooien van alle 41 passen op de lijst die in december 2024 wordt opgesteld.<\/li>\n\n\n\n<li>De Silver Challenge wordt toegekend na het voltooien van 75% van de lijst met passen (d.w.z. 31 passen).<\/li>\n\n\n\n<li>De bronzen uitdaging wordt toegekend na het voltooien van 50% van de lijst met passen (d.w.z. 21 passen).<\/li>\n<\/ul>\n\n\n\n<p>Er is geen deadline, dus als je van de bergen en geschiedenis houdt, trakteer jezelf dan.<\/p>\n\n\n\n<ul class=\"wp-block-list\">\n<li>Een gouden, zilveren of bronzen certificaat wordt uitgereikt als het vereiste aantal passen is beklommen. Deelnemers hebben de mogelijkheid om de details van de uitdaging zelf uit te printen of om ze te laten opsturen door de verantwoordelijke van de uitdaging voor een bedrag van zes euro, te betalen aan de Club des Cent Cols (6 euro Dit bedrag omvat de kosten van het speciale papier, het printen en de portokosten). De Gold Challenge, en alleen deze, kan persoonlijk worden overhandigd op evenementen van Club des Cent Cols. Gelieve een aanvraag te doen.<\/li>\n\n\n\n<li>Er wordt een Erelijst opgesteld van de houders van elke Challenge en van de geregistreerde deelnemers (met hun graad van progressie). Deze Erelijst wordt gepubliceerd op de Mailing List, het Forum, mogelijk op de website en in het Clubblad.<\/li>\n\n\n\n<li>Er wordt een nummer toegewezen op volgorde van inschrijving.<\/li>\n\n\n\n<li>De jaarlijkse aangifte wordt gedaan door de <a href=\"https:\/\/centcols.org\/wp-content\/uploads\/2025\/08\/Ligne_Bleue_Bulletin_reponse.xls\" target=\"_blank\" rel=\"noreferrer noopener\">excelbestand<\/a> aan de persoon die verantwoordelijk is voor de Uitdaging : <a href=\"\/nl\/&\/#x6d;&#x61;&#x69;&#x6c;&#x74;&#x6f;&#x3a;&#x62;&#x2e;&#x62;&#x2e;&#x62;&#x69;&#x6b;&#x65;&#x72;&#x40;&#x77;&#x61;&#x6e;&#x61;&#x64;&#x6f;&#x6f;&#x2e;&#x66;&#x72;\"><a href=\"\/nl\/&\/#x6d;&#x61;&#105;l&#x74;&#x6f;&#x3a;&#98;&#46;&#x62;&#x2e;&#x62;&#105;k&#x65;&#x72;&#x40;&#119;a&#x6e;&#x61;&#x64;&#111;o&#x2e;&#x66;&#x72;\">Bernard Pommel<\/a><\/a>, De verantwoordelijke analyseert de resultaten en stelt de ererol op.<\/li>\n\n\n\n<li>Deelnemers worden gevraagd niet te aarzelen om hun foto's van passen of grensovergangen op te sturen naar : <a href=\"\/nl\/&\/#109;&#x61;&#105;&#x6c;&#116;&#x6f;&#58;&#x62;&#46;&#x62;&#46;&#x62;i&#x6b;e&#x72;&#64;&#x77;a&#x6e;a&#x64;o&#111;&#x2e;&#102;&#x72;\">Bernard<\/a> , om hun foto's te publiceren in de \u00abthread\u00bb gewijd aan de Uitdaging in het Forum, of om hun foto's zelf te publiceren in deze thread.<\/li>\n<\/ul>\n\n\n\n<h2 class=\"wp-block-heading\">Lijst van passen<\/h2>\n\n\n\n<p>Er zijn 41 passen zoals gedefinieerd door de Club des Cent Cols op de Frans-Duitse grens van 1871 tussen Zwitserland en Luxemburg. Maar 40 van deze passen liggen op de \u00abblauwe lijn van de Vogezen*\u00bb, de naam die voor deze Challenge is gekozen.<\/p>\n\n\n\n<p class=\"has-small-font-size\"><br>*Van noord naar zuid vanaf FR-54-0250 Col du Rudemont tot FR-68-0758 Col du Montori.<\/p>\n\n\n\n<p>17 passen zijn verhard, 24 niet. Voor deze laatste zijn er 11 classificaties 1 (over het algemeen fietsbaar met een racefiets), 8 classificaties 2 (niet fietsbaar met een racefiets, maar waar de fiets gemakkelijk te duwen is) en 5 classificaties 3 (smal, rotsachtig of zeer steil pad, moeilijk te duwen).<br><em>In tegenstelling tot wat werd aangekondigd in Revue n\u00b053, lagen de passen van Charaille en Calvaire niet op de grens maar er dichtbij; de auteur, Bernard Biki Pommel, verontschuldigt zich voor deze fouten. De Challenge omvat nu slechts 41 passen<\/em><\/p>\n\n\n\n<figure class=\"wp-block-table aligncenter is-style-regular\"><table class=\"has-fixed-layout\"><tbody><tr><td class=\"has-text-align-left\" data-align=\"left\"><strong>Code<\/strong><\/td><td><strong>Naam pas<\/strong><\/td><td><strong>Toegang<\/strong><\/td><\/tr><tr><td class=\"has-text-align-left\" data-align=\"left\">FR-54-0250<\/td><td>Rudemont pas <\/td><td> CV, GR5<\/td><\/tr><tr><td class=\"has-text-align-left\" data-align=\"left\">FR-54-0622<\/td><td>Col de Martimont<\/td><td>R1-2<\/td><\/tr><tr><td class=\"has-text-align-left\" data-align=\"left\">FR-67-0556<\/td><td>Saales pas<\/td><td>D420\/D1420<\/td><\/tr><tr><td class=\"has-text-align-left\" data-align=\"left\">FR-67-0589a<\/td><td>Col de Voyemont<\/td><td>R1<\/td><\/tr><tr><td class=\"has-text-align-left\" data-align=\"left\">FR-67-0602<\/td><td>Urbeis pas<\/td><td>D39\/D23, GR531<\/td><\/tr><tr><td class=\"has-text-align-left\" data-align=\"left\">FR-67-0636<\/td><td>Kol du Hantz<\/td><td>D424, GR532<\/td><\/tr><tr><td class=\"has-text-align-left\" data-align=\"left\">FR-67-0718<\/td><td>Pourrio pas<\/td><td>R1<\/td><\/tr><tr><td class=\"has-text-align-left\" data-align=\"left\">FR-67-0724<\/td><td>Col de la Croix Brignon<\/td><td>R1<\/td><\/tr><tr><td class=\"has-text-align-left\" data-align=\"left\">FR-67-0783<\/td><td>Col des Broques<\/td><td>R1(S)<\/td><\/tr><tr><td class=\"has-text-align-left\" data-align=\"left\">FR-67-0785<\/td><td>Col de Pray\u00e9<\/td><td>RF<\/td><\/tr><tr><td class=\"has-text-align-left\" data-align=\"left\">FR-68-0727<\/td><td>Col de Bussang<\/td><td>N66, GR531<\/td><\/tr><tr><td class=\"has-text-align-left\" data-align=\"left\">FR-68-0748a<\/td><td>Col de la Hingrie<\/td><td>R1, GR531<\/td><\/tr><tr><td class=\"has-text-align-left\" data-align=\"left\">FR-68-0758<\/td><td>Col du Montori<\/td><td>R1-2, GR532<\/td><\/tr><tr><td class=\"has-text-align-left\" data-align=\"left\">FR-68-0772<\/td><td>Col de Sainte Marie<\/td><td>D459, GR531<\/td><\/tr><tr><td class=\"has-text-align-left\" data-align=\"left\">FR-68-0806b<\/td><td>Col de Ralaine<\/td><td>R1, GR531<\/td><\/tr><tr><td class=\"has-text-align-left\" data-align=\"left\">FR-68-0884<\/td><td>Col d'Oderen<\/td><td>D43\/D13b1, GR531<\/td><\/tr><tr><td class=\"has-text-align-left\" data-align=\"left\">FR-68-0915<\/td><td>Col des Allemands<\/td><td>R1 S2<\/td><\/tr><tr><td class=\"has-text-align-left\" data-align=\"left\">FR-68-0930<\/td><td>Hirtzelach pas<\/td><td>RF(N)<\/td><\/tr><tr><td class=\"has-text-align-left\" data-align=\"left\">FR-68-0945<\/td><td>Naamloze pas<\/td><td>R1<\/td><\/tr><tr><td class=\"has-text-align-left\" data-align=\"left\">FR-68-0949<\/td><td>Col du Bonhomme<\/td><td>D415\/D148, GR531, GRP de la D\u00e9odatie<\/td><\/tr><tr><td class=\"has-text-align-left\" data-align=\"left\">FR-68-0956<\/td><td>Kol de Bramont<\/td><td>D13b, GR531<\/td><\/tr><tr><td class=\"has-text-align-left\" data-align=\"left\">FR-68-0977<\/td><td>Louschbach pas<\/td><td>D148, GR531<\/td><\/tr><tr><td class=\"has-text-align-left\" data-align=\"left\">FR-68-0978<\/td><td>Lochbergpas<\/td><td>R1<\/td><\/tr><tr><td class=\"has-text-align-left\" data-align=\"left\">FR-68-1007<\/td><td>Col du Pr\u00e9 de Rave<\/td><td>D148, GR531<\/td><\/tr><tr><td class=\"has-text-align-left\" data-align=\"left\">FR-68-1015<\/td><td>Bockloch Pas<\/td><td>CV<\/td><\/tr><tr><td class=\"has-text-align-left\" data-align=\"left\">FR-68-1018<\/td><td>Col de l'Etang<\/td><td>R1-2, GR531<\/td><\/tr><tr><td class=\"has-text-align-left\" data-align=\"left\">FR-68-1035<\/td><td>Col de Morteville<\/td><td>S1-3, GR5<\/td><\/tr><tr><td class=\"has-text-align-left\" data-align=\"left\">FR-68-1048<\/td><td>Wintergepas<\/td><td>S2, GR531<\/td><\/tr><tr><td class=\"has-text-align-left\" data-align=\"left\">FR-68-1085<\/td><td>Col du Moinechamp<\/td><td>S3<\/td><\/tr><tr><td class=\"has-text-align-left\" data-align=\"left\">FR-68-1086<\/td><td>Rode Gazon<\/td><td>D90, GR531<\/td><\/tr><tr><td class=\"has-text-align-left\" data-align=\"left\">FR-68-1087<\/td><td>De Kleine Chaume<\/td><td>S1-3, GR5<\/td><\/tr><tr><td class=\"has-text-align-left\" data-align=\"left\">FR-68-1091<\/td><td>Col de Ronde hoofd<\/td><td>S4(O), S2-3(E), GR5<\/td><\/tr><tr><td class=\"has-text-align-left\" data-align=\"left\">FR-68-1095<\/td><td>Pourri-Faing pas<\/td><td>S1-2, GR531<\/td><\/tr><tr><td class=\"has-text-align-left\" data-align=\"left\">FR-68-1095a<\/td><td>De Sattel<\/td><td>S1-2(O), S3(N)(S), GR531<\/td><\/tr><tr><td class=\"has-text-align-left\" data-align=\"left\">FR-68-1105<\/td><td>Col des Charbonniers<\/td><td>R1, GR5<\/td><\/tr><tr><td class=\"has-text-align-left\" data-align=\"left\">FR-68-1139<\/td><td>Col de la Schlucht<\/td><td>D417, GR5-531<\/td><\/tr><tr><td class=\"has-text-align-left\" data-align=\"left\">FR-68-1192b<\/td><td>Collet du Rainkopf<\/td><td>R1, GR531, GR5 var<\/td><\/tr><tr><td class=\"has-text-align-left\" data-align=\"left\">FR-68-1225<\/td><td>Collet du Lac Vert<\/td><td>D61\/GR5<\/td><\/tr><tr><td class=\"has-text-align-left\" data-align=\"left\">FR-68-1260<\/td><td>Seesattel<\/td><td>S2-3, GR5<\/td><\/tr><tr><td class=\"has-text-align-left\" data-align=\"left\">FR-68-1280<\/td><td>Collet du Hohneck<\/td><td>S1-2, GR5 var<\/td><\/tr><tr><td class=\"has-text-align-left\" data-align=\"left\">FR-68-1298<\/td><td>Falimont pas<\/td><td>R1, GR5<\/td><\/tr><\/tbody><\/table><\/figure>\n\n\n<div class=\"wp-block-image\">\n<figure class=\"aligncenter size-full is-resized\"><img loading=\"lazy\" decoding=\"async\" width=\"1151\" height=\"840\" src=\"https:\/\/centcols.org\/wp-content\/uploads\/2025\/07\/La-tache-noire-ou-la-lecon-de-geographie-_-.jpg\" alt=\"\u00a0De zwarte vlek of aardrijkskundeles is een schilderij van Albert Bettannier uit 1887.\" class=\"wp-image-85133\" style=\"width:800px\" srcset=\"https:\/\/centcols.org\/wp-content\/uploads\/2025\/07\/La-tache-noire-ou-la-lecon-de-geographie-_-.jpg 1151w, https:\/\/centcols.org\/wp-content\/uploads\/2025\/07\/La-tache-noire-ou-la-lecon-de-geographie-_--768x560.jpg 768w\" sizes=\"auto, (max-width: 1151px) 100vw, 1151px\" \/><figcaption class=\"wp-element-caption\">&nbsp;La Tache noire of De aardrijkskundeles is een schilderij van Albert Bettannier uit 1887 zie : <br><a href=\"https:\/\/fr.wikipedia.org\/wiki\/La_Tache_noire\">https:\/\/fr.wikipedia.org\/wiki\/La_Tache_noire<\/a><\/figcaption><\/figure>\n<\/div>\n\n<div class=\"wp-block-image\">\n<figure class=\"aligncenter size-full is-resized\"><img loading=\"lazy\" decoding=\"async\" width=\"760\" height=\"846\" src=\"https:\/\/centcols.org\/wp-content\/uploads\/2025\/07\/carte-moderne.jpg\" alt=\"\" class=\"wp-image-85137\" style=\"width:auto;height:600px\"\/><figcaption class=\"wp-element-caption\">Moderne kaart met huidige afdelingen<\/figcaption><\/figure>\n<\/div>\n\n\n<figure class=\"wp-block-gallery has-nested-images columns-default is-cropped wp-block-gallery-1 is-layout-flex wp-block-gallery-is-layout-flex\">\n<figure class=\"wp-block-image size-large\"><a href=\"https:\/\/centcols.org\/wp-content\/uploads\/2025\/07\/Bonhomme-velos-_.jpg\"><img loading=\"lazy\" decoding=\"async\" width=\"1600\" height=\"1023\" data-id=\"85132\" src=\"https:\/\/centcols.org\/wp-content\/uploads\/2025\/07\/Bonhomme-velos-_.jpg\" alt=\"\" class=\"wp-image-85132\" srcset=\"https:\/\/centcols.org\/wp-content\/uploads\/2025\/07\/Bonhomme-velos-_.jpg 1600w, https:\/\/centcols.org\/wp-content\/uploads\/2025\/07\/Bonhomme-velos-_-1200x767.jpg 1200w, https:\/\/centcols.org\/wp-content\/uploads\/2025\/07\/Bonhomme-velos-_-768x491.jpg 768w, https:\/\/centcols.org\/wp-content\/uploads\/2025\/07\/Bonhomme-velos-_-1536x982.jpg 1536w\" sizes=\"auto, (max-width: 1600px) 100vw, 1600px\" \/><\/a><figcaption class=\"wp-element-caption\">Bonhomme pas<\/figcaption><\/figure>\n\n\n\n<figure class=\"wp-block-image size-large\"><a href=\"https:\/\/centcols.org\/wp-content\/uploads\/2025\/07\/Bramont-_.jpg\"><img loading=\"lazy\" decoding=\"async\" width=\"1565\" height=\"967\" data-id=\"85136\" src=\"https:\/\/centcols.org\/wp-content\/uploads\/2025\/07\/Bramont-_.jpg\" alt=\"\" class=\"wp-image-85136\" srcset=\"https:\/\/centcols.org\/wp-content\/uploads\/2025\/07\/Bramont-_.jpg 1565w, https:\/\/centcols.org\/wp-content\/uploads\/2025\/07\/Bramont-_-1200x741.jpg 1200w, https:\/\/centcols.org\/wp-content\/uploads\/2025\/07\/Bramont-_-768x475.jpg 768w, https:\/\/centcols.org\/wp-content\/uploads\/2025\/07\/Bramont-_-1536x949.jpg 1536w\" sizes=\"auto, (max-width: 1565px) 100vw, 1565px\" \/><\/a><figcaption class=\"wp-element-caption\">Bramont pas<\/figcaption><\/figure>\n\n\n\n<figure class=\"wp-block-image size-large\"><a href=\"https:\/\/centcols.org\/wp-content\/uploads\/2025\/07\/Louschbach-CP-01_.jpg\"><img loading=\"lazy\" decoding=\"async\" width=\"830\" height=\"529\" data-id=\"85135\" src=\"https:\/\/centcols.org\/wp-content\/uploads\/2025\/07\/Louschbach-CP-01_.jpg\" alt=\"\" class=\"wp-image-85135\" srcset=\"https:\/\/centcols.org\/wp-content\/uploads\/2025\/07\/Louschbach-CP-01_.jpg 830w, https:\/\/centcols.org\/wp-content\/uploads\/2025\/07\/Louschbach-CP-01_-768x489.jpg 768w\" sizes=\"auto, (max-width: 830px) 100vw, 830px\" \/><\/a><figcaption class=\"wp-element-caption\">Louschbach pas<\/figcaption><\/figure>\n\n\n\n<figure class=\"wp-block-image size-large\"><a href=\"https:\/\/centcols.org\/wp-content\/uploads\/2025\/07\/Bonhomme-velos.jpg\"><img loading=\"lazy\" decoding=\"async\" width=\"1024\" height=\"636\" data-id=\"85134\" src=\"https:\/\/centcols.org\/wp-content\/uploads\/2025\/07\/Bonhomme-velos.jpg\" alt=\"\" class=\"wp-image-85134\" srcset=\"https:\/\/centcols.org\/wp-content\/uploads\/2025\/07\/Bonhomme-velos.jpg 1024w, https:\/\/centcols.org\/wp-content\/uploads\/2025\/07\/Bonhomme-velos-768x477.jpg 768w\" sizes=\"auto, (max-width: 1024px) 100vw, 1024px\" \/><\/a><figcaption class=\"wp-element-caption\">Bonhomme pas<\/figcaption><\/figure>\n\n\n\n<figure class=\"wp-block-image size-large\"><a href=\"https:\/\/centcols.org\/wp-content\/uploads\/2025\/07\/Saales-CP01_.jpg\"><img loading=\"lazy\" decoding=\"async\" width=\"826\" height=\"539\" data-id=\"85130\" src=\"https:\/\/centcols.org\/wp-content\/uploads\/2025\/07\/Saales-CP01_.jpg\" alt=\"\" class=\"wp-image-85130\" srcset=\"https:\/\/centcols.org\/wp-content\/uploads\/2025\/07\/Saales-CP01_.jpg 826w, https:\/\/centcols.org\/wp-content\/uploads\/2025\/07\/Saales-CP01_-768x501.jpg 768w\" sizes=\"auto, (max-width: 826px) 100vw, 826px\" \/><\/a><figcaption class=\"wp-element-caption\">Saales pas<\/figcaption><\/figure>\n\n\n\n<figure class=\"wp-block-image size-large\"><a href=\"https:\/\/centcols.org\/wp-content\/uploads\/2025\/07\/Sainte-Marie-aux-Mines-velos.jpg\"><img loading=\"lazy\" decoding=\"async\" width=\"1023\" height=\"649\" data-id=\"85129\" src=\"https:\/\/centcols.org\/wp-content\/uploads\/2025\/07\/Sainte-Marie-aux-Mines-velos.jpg\" alt=\"Col de Sainte-Marie\" class=\"wp-image-85129\" srcset=\"https:\/\/centcols.org\/wp-content\/uploads\/2025\/07\/Sainte-Marie-aux-Mines-velos.jpg 1023w, https:\/\/centcols.org\/wp-content\/uploads\/2025\/07\/Sainte-Marie-aux-Mines-velos-768x487.jpg 768w\" sizes=\"auto, (max-width: 1023px) 100vw, 1023px\" \/><\/a><figcaption class=\"wp-element-caption\">Col de Sainte-Marie<\/figcaption><\/figure>\n<figcaption class=\"blocks-gallery-caption wp-element-caption\"><br>Oude ansichtkaarten met of zonder fietsen<\/figcaption><\/figure>\n\n\n<div class=\"wp-block-image\">\n<figure class=\"aligncenter size-full is-resized\"><img loading=\"lazy\" decoding=\"async\" width=\"1317\" height=\"1054\" src=\"https:\/\/centcols.org\/wp-content\/uploads\/2025\/07\/La-Prochaine-Guerre-1891.jpeg\" alt=\"\" class=\"wp-image-85131\" style=\"width:800px\" srcset=\"https:\/\/centcols.org\/wp-content\/uploads\/2025\/07\/La-Prochaine-Guerre-1891.jpeg 1317w, https:\/\/centcols.org\/wp-content\/uploads\/2025\/07\/La-Prochaine-Guerre-1891-1200x960.jpeg 1200w, https:\/\/centcols.org\/wp-content\/uploads\/2025\/07\/La-Prochaine-Guerre-1891-768x615.jpeg 768w\" sizes=\"auto, (max-width: 1317px) 100vw, 1317px\" \/><figcaption class=\"wp-element-caption\">De volgende oorlog, 1891<\/figcaption><\/figure>\n<\/div>\n\n\n<h2 class=\"wp-block-heading\">Documentaire links voor meer informatie<\/h2>\n\n\n\n<p><a href=\"https:\/\/fr.wikipedia.org\/wiki\/Guerre_franco-allemande_de_1870\" target=\"_blank\" rel=\"noreferrer noopener\">Oorlog van 1870<\/a>&nbsp;<br><a href=\"https:\/\/fr.wikipedia.org\/wiki\/D%C3%A9p%C3%AAche_d%27Ems\" target=\"_blank\" rel=\"noreferrer noopener\">Ems dispatch<\/a><br><a href=\"https:\/\/fr.wikipedia.org\/wiki\/Bataille_de_Sedan\" target=\"_blank\" rel=\"noreferrer noopener\">Sedan in september 1870<\/a><br><a href=\"https:\/\/fr.wikipedia.org\/wiki\/Trait%C3%A9_de_Francfort\" target=\"_blank\" rel=\"noreferrer noopener\">Verdrag van Frankfurt<\/a><br><a href=\"https:\/\/fr.wikipedia.org\/wiki\/Alsace-Lorraine\" target=\"_blank\" rel=\"noreferrer noopener\">Elzas - Lotharingen<\/a><br><a href=\"https:\/\/fr.wikipedia.org\/wiki\/Revanchisme\" target=\"_blank\" rel=\"noreferrer noopener\">Revanchisme<\/a><br><a href=\"https:\/\/www.histoire-en-citations.fr\/citations\/gambetta-pensons-y-toujours-n-en-parlons-jamais\" target=\"_blank\" rel=\"noreferrer noopener\">Denk er altijd aan, praat er nooit over<\/a><br><a href=\"https:\/\/fr.wikipedia.org\/wiki\/Aim%C3%A9_Laussedat\" target=\"_blank\" rel=\"noreferrer noopener\">Aim\u00e9 Laussedat<\/a><br><a href=\"https:\/\/fr.wikipedia.org\/wiki\/Ligne_bleue_des_Vosges\">Vogezen Blauwe Lijn<\/a><\/p>","protected":false},"excerpt":{"rendered":"<p>Bernard Pommel (CC N\u00b03094) nous propose ce challenge. Ce Challenge consiste \u00e0 franchir l\u2019int\u00e9gralit\u00e9 des 41 cols (rev\u00eatus et non rev\u00eatus) situ\u00e9s sur la fronti\u00e8re franco-allemande telle que trac\u00e9e de 1871 \u00e0 1918, \u00e0 la suite de la funeste guerre de 1870. Histoire de la fronti\u00e8re franco-allemande (1871-1918) La guerre franco-allemande de 1870-1871 trouve ses [&hellip;]<\/p>\n","protected":false},"author":3,"featured_media":85134,"comment_status":"closed","ping_status":"open","sticky":false,"template":"","format":"standard","meta":{"_acf_changed":false,"footnotes":""},"categories":[219],"tags":[],"class_list":["post-85117","post","type-post","status-publish","format-standard","has-post-thumbnail","hentry","category-challenges"],"acf":[],"yoast_head":"<!-- This site is optimized with the Yoast SEO plugin v27.2 - https:\/\/yoast.com\/product\/yoast-seo-wordpress\/ -->\n<title>Challenge de la Ligne Bleue - Club des Cent Cols<\/title>\n<meta name=\"robots\" content=\"index, follow, max-snippet:-1, max-image-preview:large, max-video-preview:-1\" \/>\n<link rel=\"canonical\" href=\"https:\/\/centcols.org\/nl\/blauwe-lijn-uitdaging\/\" \/>\n<meta property=\"og:locale\" content=\"nl_BE\" \/>\n<meta property=\"og:type\" content=\"article\" \/>\n<meta property=\"og:title\" content=\"Challenge de la Ligne Bleue - Club des Cent Cols\" \/>\n<meta property=\"og:description\" content=\"Bernard Pommel (CC N\u00b03094) nous propose ce challenge. Ce Challenge consiste \u00e0 franchir l\u2019int\u00e9gralit\u00e9 des 41 cols (rev\u00eatus et non rev\u00eatus) situ\u00e9s sur la fronti\u00e8re franco-allemande telle que trac\u00e9e de 1871 \u00e0 1918, \u00e0 la suite de la funeste guerre de 1870. Histoire de la fronti\u00e8re franco-allemande (1871-1918) La guerre franco-allemande de 1870-1871 trouve ses [&hellip;]\" \/>\n<meta property=\"og:url\" content=\"https:\/\/centcols.org\/nl\/blauwe-lijn-uitdaging\/\" \/>\n<meta property=\"og:site_name\" content=\"Club des Cent Cols\" \/>\n<meta property=\"article:publisher\" content=\"https:\/\/www.facebook.com\/groups\/5261880558\/?locale=fr_FR\" \/>\n<meta property=\"article:published_time\" content=\"2025-07-24T18:01:04+00:00\" \/>\n<meta property=\"article:modified_time\" content=\"2025-08-26T12:31:52+00:00\" \/>\n<meta property=\"og:image\" content=\"https:\/\/centcols.org\/wp-content\/uploads\/2025\/07\/Bonhomme-velos.jpg\" \/>\n\t<meta property=\"og:image:width\" content=\"1024\" \/>\n\t<meta property=\"og:image:height\" content=\"636\" \/>\n\t<meta property=\"og:image:type\" content=\"image\/jpeg\" \/>\n<meta name=\"author\" content=\"Webmestre\" \/>\n<meta name=\"twitter:card\" content=\"summary_large_image\" \/>\n<meta name=\"twitter:label1\" content=\"Geschreven door\" \/>\n\t<meta name=\"twitter:data1\" content=\"Webmestre\" \/>\n\t<meta name=\"twitter:label2\" content=\"Geschatte leestijd\" \/>\n\t<meta name=\"twitter:data2\" content=\"10 minuten\" \/>\n<script type=\"application\/ld+json\" class=\"yoast-schema-graph\">{\"@context\":\"https:\/\/schema.org\",\"@graph\":[{\"@type\":\"Article\",\"@id\":\"https:\/\/centcols.org\/challenge-de-la-ligne-bleue\/#article\",\"isPartOf\":{\"@id\":\"https:\/\/centcols.org\/challenge-de-la-ligne-bleue\/\"},\"author\":{\"name\":\"Webmestre\",\"@id\":\"https:\/\/centcols.org\/#\/schema\/person\/911b404fb133d8c913dd27cdcf71c8e5\"},\"headline\":\"Challenge de la Ligne Bleue\",\"datePublished\":\"2025-07-24T18:01:04+00:00\",\"dateModified\":\"2025-08-26T12:31:52+00:00\",\"mainEntityOfPage\":{\"@id\":\"https:\/\/centcols.org\/challenge-de-la-ligne-bleue\/\"},\"wordCount\":1776,\"publisher\":{\"@id\":\"https:\/\/centcols.org\/#organization\"},\"image\":{\"@id\":\"https:\/\/centcols.org\/challenge-de-la-ligne-bleue\/#primaryimage\"},\"thumbnailUrl\":\"https:\/\/centcols.org\/wp-content\/uploads\/2025\/07\/Bonhomme-velos.jpg\",\"articleSection\":[\"Challenges\"],\"inLanguage\":\"nl-BE\"},{\"@type\":\"WebPage\",\"@id\":\"https:\/\/centcols.org\/challenge-de-la-ligne-bleue\/\",\"url\":\"https:\/\/centcols.org\/challenge-de-la-ligne-bleue\/\",\"name\":\"Challenge de la Ligne Bleue - Club des Cent Cols\",\"isPartOf\":{\"@id\":\"https:\/\/centcols.org\/#website\"},\"primaryImageOfPage\":{\"@id\":\"https:\/\/centcols.org\/challenge-de-la-ligne-bleue\/#primaryimage\"},\"image\":{\"@id\":\"https:\/\/centcols.org\/challenge-de-la-ligne-bleue\/#primaryimage\"},\"thumbnailUrl\":\"https:\/\/centcols.org\/wp-content\/uploads\/2025\/07\/Bonhomme-velos.jpg\",\"datePublished\":\"2025-07-24T18:01:04+00:00\",\"dateModified\":\"2025-08-26T12:31:52+00:00\",\"breadcrumb\":{\"@id\":\"https:\/\/centcols.org\/challenge-de-la-ligne-bleue\/#breadcrumb\"},\"inLanguage\":\"nl-BE\",\"potentialAction\":[{\"@type\":\"ReadAction\",\"target\":[\"https:\/\/centcols.org\/challenge-de-la-ligne-bleue\/\"]}]},{\"@type\":\"ImageObject\",\"inLanguage\":\"nl-BE\",\"@id\":\"https:\/\/centcols.org\/challenge-de-la-ligne-bleue\/#primaryimage\",\"url\":\"https:\/\/centcols.org\/wp-content\/uploads\/2025\/07\/Bonhomme-velos.jpg\",\"contentUrl\":\"https:\/\/centcols.org\/wp-content\/uploads\/2025\/07\/Bonhomme-velos.jpg\",\"width\":1024,\"height\":636,\"caption\":\"col du Bonhomme\"},{\"@type\":\"BreadcrumbList\",\"@id\":\"https:\/\/centcols.org\/challenge-de-la-ligne-bleue\/#breadcrumb\",\"itemListElement\":[{\"@type\":\"ListItem\",\"position\":1,\"name\":\"Accueil\",\"item\":\"https:\/\/centcols.org\/\"},{\"@type\":\"ListItem\",\"position\":2,\"name\":\"Challenges\",\"item\":\"https:\/\/centcols.org\/rubrique\/challenges\/\"},{\"@type\":\"ListItem\",\"position\":3,\"name\":\"Challenge de la Ligne Bleue\"}]},{\"@type\":\"WebSite\",\"@id\":\"https:\/\/centcols.org\/#website\",\"url\":\"https:\/\/centcols.org\/\",\"name\":\"Club des Cent Cols\",\"description\":\"\",\"publisher\":{\"@id\":\"https:\/\/centcols.org\/#organization\"},\"potentialAction\":[{\"@type\":\"SearchAction\",\"target\":{\"@type\":\"EntryPoint\",\"urlTemplate\":\"https:\/\/centcols.org\/?s={search_term_string}\"},\"query-input\":{\"@type\":\"PropertyValueSpecification\",\"valueRequired\":true,\"valueName\":\"search_term_string\"}}],\"inLanguage\":\"nl-BE\"},{\"@type\":\"Organization\",\"@id\":\"https:\/\/centcols.org\/#organization\",\"name\":\"Club des Cent Cols\",\"url\":\"https:\/\/centcols.org\/\",\"logo\":{\"@type\":\"ImageObject\",\"inLanguage\":\"nl-BE\",\"@id\":\"https:\/\/centcols.org\/#\/schema\/logo\/image\/\",\"url\":\"https:\/\/centcols.org\/wp-content\/uploads\/2025\/01\/carte-icone.png\",\"contentUrl\":\"https:\/\/centcols.org\/wp-content\/uploads\/2025\/01\/carte-icone.png\",\"width\":250,\"height\":250,\"caption\":\"Club des Cent Cols\"},\"image\":{\"@id\":\"https:\/\/centcols.org\/#\/schema\/logo\/image\/\"},\"sameAs\":[\"https:\/\/www.facebook.com\/groups\/5261880558\/?locale=fr_FR\"]},{\"@type\":\"Person\",\"@id\":\"https:\/\/centcols.org\/#\/schema\/person\/911b404fb133d8c913dd27cdcf71c8e5\",\"name\":\"Webmestre\",\"image\":{\"@type\":\"ImageObject\",\"inLanguage\":\"nl-BE\",\"@id\":\"https:\/\/centcols.org\/wp-content\/litespeed\/avatar\/2d246e4b6b4f773e08515e1ffc53690b.jpg?ver=1777222892\",\"url\":\"https:\/\/centcols.org\/wp-content\/litespeed\/avatar\/2d246e4b6b4f773e08515e1ffc53690b.jpg?ver=1777222892\",\"contentUrl\":\"https:\/\/centcols.org\/wp-content\/litespeed\/avatar\/2d246e4b6b4f773e08515e1ffc53690b.jpg?ver=1777222892\",\"caption\":\"Webmestre\"},\"url\":\"https:\/\/centcols.org\/nl\/author\/webmestre\/\"}]}<\/script>\n<!-- \/ Yoast SEO plugin. -->","yoast_head_json":{"title":"Blue Line Challenge - Club des Cent Cols","robots":{"index":"index","follow":"follow","max-snippet":"max-snippet:-1","max-image-preview":"max-image-preview:large","max-video-preview":"max-video-preview:-1"},"canonical":"https:\/\/centcols.org\/nl\/blauwe-lijn-uitdaging\/","og_locale":"nl_BE","og_type":"article","og_title":"Challenge de la Ligne Bleue - Club des Cent Cols","og_description":"Bernard Pommel (CC N\u00b03094) nous propose ce challenge. Ce Challenge consiste \u00e0 franchir l\u2019int\u00e9gralit\u00e9 des 41 cols (rev\u00eatus et non rev\u00eatus) situ\u00e9s sur la fronti\u00e8re franco-allemande telle que trac\u00e9e de 1871 \u00e0 1918, \u00e0 la suite de la funeste guerre de 1870. Histoire de la fronti\u00e8re franco-allemande (1871-1918) La guerre franco-allemande de 1870-1871 trouve ses [&hellip;]","og_url":"https:\/\/centcols.org\/nl\/blauwe-lijn-uitdaging\/","og_site_name":"Club des Cent Cols","article_publisher":"https:\/\/www.facebook.com\/groups\/5261880558\/?locale=fr_FR","article_published_time":"2025-07-24T18:01:04+00:00","article_modified_time":"2025-08-26T12:31:52+00:00","og_image":[{"width":1024,"height":636,"url":"https:\/\/centcols.org\/wp-content\/uploads\/2025\/07\/Bonhomme-velos.jpg","type":"image\/jpeg"}],"author":"Webmestre","twitter_card":"summary_large_image","twitter_misc":{"Geschreven door":"Webmestre","Geschatte leestijd":"10 minuten"},"schema":{"@context":"https:\/\/schema.org","@graph":[{"@type":"Article","@id":"https:\/\/centcols.org\/challenge-de-la-ligne-bleue\/#article","isPartOf":{"@id":"https:\/\/centcols.org\/challenge-de-la-ligne-bleue\/"},"author":{"name":"Webmestre","@id":"https:\/\/centcols.org\/#\/schema\/person\/911b404fb133d8c913dd27cdcf71c8e5"},"headline":"Challenge de la Ligne Bleue","datePublished":"2025-07-24T18:01:04+00:00","dateModified":"2025-08-26T12:31:52+00:00","mainEntityOfPage":{"@id":"https:\/\/centcols.org\/challenge-de-la-ligne-bleue\/"},"wordCount":1776,"publisher":{"@id":"https:\/\/centcols.org\/#organization"},"image":{"@id":"https:\/\/centcols.org\/challenge-de-la-ligne-bleue\/#primaryimage"},"thumbnailUrl":"https:\/\/centcols.org\/wp-content\/uploads\/2025\/07\/Bonhomme-velos.jpg","articleSection":["Challenges"],"inLanguage":"nl-BE"},{"@type":"WebPage","@id":"https:\/\/centcols.org\/challenge-de-la-ligne-bleue\/","url":"https:\/\/centcols.org\/challenge-de-la-ligne-bleue\/","name":"Blue Line Challenge - Club des Cent Cols","isPartOf":{"@id":"https:\/\/centcols.org\/#website"},"primaryImageOfPage":{"@id":"https:\/\/centcols.org\/challenge-de-la-ligne-bleue\/#primaryimage"},"image":{"@id":"https:\/\/centcols.org\/challenge-de-la-ligne-bleue\/#primaryimage"},"thumbnailUrl":"https:\/\/centcols.org\/wp-content\/uploads\/2025\/07\/Bonhomme-velos.jpg","datePublished":"2025-07-24T18:01:04+00:00","dateModified":"2025-08-26T12:31:52+00:00","breadcrumb":{"@id":"https:\/\/centcols.org\/challenge-de-la-ligne-bleue\/#breadcrumb"},"inLanguage":"nl-BE","potentialAction":[{"@type":"ReadAction","target":["https:\/\/centcols.org\/challenge-de-la-ligne-bleue\/"]}]},{"@type":"ImageObject","inLanguage":"nl-BE","@id":"https:\/\/centcols.org\/challenge-de-la-ligne-bleue\/#primaryimage","url":"https:\/\/centcols.org\/wp-content\/uploads\/2025\/07\/Bonhomme-velos.jpg","contentUrl":"https:\/\/centcols.org\/wp-content\/uploads\/2025\/07\/Bonhomme-velos.jpg","width":1024,"height":636,"caption":"col du Bonhomme"},{"@type":"BreadcrumbList","@id":"https:\/\/centcols.org\/challenge-de-la-ligne-bleue\/#breadcrumb","itemListElement":[{"@type":"ListItem","position":1,"name":"Accueil","item":"https:\/\/centcols.org\/"},{"@type":"ListItem","position":2,"name":"Challenges","item":"https:\/\/centcols.org\/rubrique\/challenges\/"},{"@type":"ListItem","position":3,"name":"Challenge de la Ligne Bleue"}]},{"@type":"WebSite","@id":"https:\/\/centcols.org\/#website","url":"https:\/\/centcols.org\/","name":"Club van Cent Cols","description":"","publisher":{"@id":"https:\/\/centcols.org\/#organization"},"potentialAction":[{"@type":"SearchAction","target":{"@type":"EntryPoint","urlTemplate":"https:\/\/centcols.org\/?s={search_term_string}"},"query-input":{"@type":"PropertyValueSpecification","valueRequired":true,"valueName":"search_term_string"}}],"inLanguage":"nl-BE"},{"@type":"Organization","@id":"https:\/\/centcols.org\/#organization","name":"Club van Cent Cols","url":"https:\/\/centcols.org\/","logo":{"@type":"ImageObject","inLanguage":"nl-BE","@id":"https:\/\/centcols.org\/#\/schema\/logo\/image\/","url":"https:\/\/centcols.org\/wp-content\/uploads\/2025\/01\/carte-icone.png","contentUrl":"https:\/\/centcols.org\/wp-content\/uploads\/2025\/01\/carte-icone.png","width":250,"height":250,"caption":"Club des Cent Cols"},"image":{"@id":"https:\/\/centcols.org\/#\/schema\/logo\/image\/"},"sameAs":["https:\/\/www.facebook.com\/groups\/5261880558\/?locale=fr_FR"]},{"@type":"Person","@id":"https:\/\/centcols.org\/#\/schema\/person\/911b404fb133d8c913dd27cdcf71c8e5","name":"Webmaster","image":{"@type":"ImageObject","inLanguage":"nl-BE","@id":"https:\/\/centcols.org\/wp-content\/litespeed\/avatar\/2d246e4b6b4f773e08515e1ffc53690b.jpg?ver=1777222892","url":"https:\/\/centcols.org\/wp-content\/litespeed\/avatar\/2d246e4b6b4f773e08515e1ffc53690b.jpg?ver=1777222892","contentUrl":"https:\/\/centcols.org\/wp-content\/litespeed\/avatar\/2d246e4b6b4f773e08515e1ffc53690b.jpg?ver=1777222892","caption":"Webmestre"},"url":"https:\/\/centcols.org\/nl\/author\/webmestre\/"}]}},"_links":{"self":[{"href":"https:\/\/centcols.org\/nl\/wp-json\/wp\/v2\/posts\/85117","targetHints":{"allow":["GET"]}}],"collection":[{"href":"https:\/\/centcols.org\/nl\/wp-json\/wp\/v2\/posts"}],"about":[{"href":"https:\/\/centcols.org\/nl\/wp-json\/wp\/v2\/types\/post"}],"author":[{"embeddable":true,"href":"https:\/\/centcols.org\/nl\/wp-json\/wp\/v2\/users\/3"}],"replies":[{"embeddable":true,"href":"https:\/\/centcols.org\/nl\/wp-json\/wp\/v2\/comments?post=85117"}],"version-history":[{"count":0,"href":"https:\/\/centcols.org\/nl\/wp-json\/wp\/v2\/posts\/85117\/revisions"}],"wp:featuredmedia":[{"embeddable":true,"href":"https:\/\/centcols.org\/nl\/wp-json\/wp\/v2\/media\/85134"}],"wp:attachment":[{"href":"https:\/\/centcols.org\/nl\/wp-json\/wp\/v2\/media?parent=85117"}],"wp:term":[{"taxonomy":"category","embeddable":true,"href":"https:\/\/centcols.org\/nl\/wp-json\/wp\/v2\/categories?post=85117"},{"taxonomy":"post_tag","embeddable":true,"href":"https:\/\/centcols.org\/nl\/wp-json\/wp\/v2\/tags?post=85117"}],"curies":[{"name":"wp","href":"https:\/\/api.w.org\/{rel}","templated":true}]}}