{"id":91122,"date":"2025-10-23T11:59:01","date_gmt":"2025-10-23T09:59:01","guid":{"rendered":"https:\/\/centcols.org\/?p=91122"},"modified":"2026-03-14T17:26:26","modified_gmt":"2026-03-14T15:26:26","slug":"es-b-saldes-mountainbike","status":"publish","type":"post","link":"https:\/\/centcols.org\/nl\/es-b-saldes-vtt\/","title":{"rendered":"ES-B Saldes - MTB 38 km, D+ 1450 m, 15 passen"},"content":{"rendered":"<iframe width=\"100%\" height=\"650\" loading=\"lazy\" src=\"https:\/\/www.openrunner.com\/embed\/74546f677a6542645769417853665a72526838366f6b63624b6a584e7339676c5a4f2b51644e6d416a30773d3a3a59ee62be2fe51ad975419632b5cc6074?unit=metric\" style=\"border: none;\"><\/iframe>\n\n\n\n<div style=\"height:30px\" aria-hidden=\"true\" class=\"wp-block-spacer\"><\/div>\n\n\n\n<h2 class=\"wp-block-heading\">Beschrijving auteur<\/h2>\n\n\n\n<p><strong>Auteurs&nbsp;<\/strong>Patrick Mandard en Philippe Chazottier<br><strong>Cursus&nbsp;<\/strong>Voltooid in oktober 2025<br><strong>Vertrek&nbsp;<\/strong>Saldes<\/p>\n\n\n\n<div style=\"height:30px\" aria-hidden=\"true\" class=\"wp-block-spacer\"><\/div>\n\n\n\n<h2 class=\"wp-block-heading\">Toeristische informatie<\/h2>\n\n\n\n<p>Schitterende baan in een open omgeving met weidse ruimtes in het Paratge Natural d'Inter\u00e8s National Massis de Pedraforca.<br>De route begint in het dorp Saldes, waar voldoende parkeergelegenheid is en een toeristisch dorp met winkels.<\/p>\n\n\n\n<div style=\"height:30px\" aria-hidden=\"true\" class=\"wp-block-spacer\"><\/div>\n\n\n\n<h2 class=\"wp-block-heading\">Technische specificaties<\/h2>\n\n\n\n<p>Deze route van 15 passen is fietsbaar aan 80 % (fietsbaar aan 90 % als je Garganta en Salines vermijdt), de eerste pas is over de weg.<br>De eerste pas (Coll de la Trapa) gaat over asfalt in omgekeerde richting, waarna de route afwisselt tussen wegen en goede paden.<br>Vermijd het eerste weekend van oktober, wanneer de Pirineu Ultra Trail vertrekt vanuit Baga: op bepaalde punten kan de samenkomst van deelnemers vertragingen veroorzaken op de route. Reken tussen de 5 en 7 uur om de lus te voltooien.<\/p>\n\n\n\n<div style=\"height:30px\" aria-hidden=\"true\" class=\"wp-block-spacer\"><\/div>\n\n\n\n<p><strong>15 flessen<\/strong><\/p>\n\n\n\n<figure class=\"wp-block-table\"><table class=\"has-background\" style=\"background-color:#f0f0f0\"><tbody><tr><td>1 - Coll de la Trapa (asfalt in omgekeerde richting)<\/td><td class=\"has-text-align-center\" data-align=\"center\">1323 m<\/td><td><a href=\"https:\/\/centcols.org\/nl\/util\/geo\/visu.php\/?code=ES-B-1220a\" target=\"_blank\" rel=\"noreferrer noopener\">ES-B-1220a<\/a><\/td><\/tr><tr><td>2 - Coll de Jou (achter op een brede baan met een duwtje op het tweede deel)<\/td><td class=\"has-text-align-center\" data-align=\"center\">1548 m<\/td><td><a href=\"https:\/\/centcols.org\/nl\/util\/geo\/visu.php\/?code=ES-B-1541\" target=\"_blank\" rel=\"noreferrer noopener\">ES-B-1541<\/a><\/td><\/tr><tr><td>3 - Coll de la Cabana (korte terugkeer over een goed pad vanaf een goed pad)<\/td><td class=\"has-text-align-center\" data-align=\"center\">1626 m<\/td><td><a href=\"https:\/\/centcols.org\/nl\/util\/geo\/visu.php\/?code=ES-B-1625\" target=\"_blank\" rel=\"noreferrer noopener\">ES-B-1625<\/a><\/td><\/tr><tr><td>4 - Coll de Pi Ajegut (prachtige baan in zeer goede staat)<\/td><td class=\"has-text-align-center\" data-align=\"center\">1769 m<\/td><td><a href=\"https:\/\/centcols.org\/nl\/util\/geo\/visu.php\/?code=ES-B-1769\" target=\"_blank\" rel=\"noreferrer noopener\">ES-B-1769<\/a><\/td><\/tr><tr><td>5 - El Collell (prachtige baan in zeer goede staat)<\/td><td class=\"has-text-align-center\" data-align=\"center\">1844 m<\/td><td><a href=\"https:\/\/centcols.org\/nl\/util\/geo\/visu.php\/?code=ES-B-1850\" target=\"_blank\" rel=\"noreferrer noopener\">ES-B-1850<\/a><\/td><\/tr><tr><td>6 - Coll de les Bassotes (prachtige baan in zeer goede staat)<\/td><td class=\"has-text-align-center\" data-align=\"center\">1873 m<\/td><td><a href=\"https:\/\/centcols.org\/nl\/util\/geo\/visu.php\/?code=ES-B-1873\" target=\"_blank\" rel=\"noreferrer noopener\">ES-B-1873<\/a><\/td><\/tr><tr><td>7 - Coll del Torn (prachtige baan in zeer goede staat)<\/td><td class=\"has-text-align-center\" data-align=\"center\">1915 m<\/td><td><a href=\"https:\/\/centcols.org\/nl\/util\/geo\/visu.php\/?code=ES-B-1918\" target=\"_blank\" rel=\"noreferrer noopener\">ES-B-1918<\/a><\/td><\/tr><tr><td>8 - Collada de Font Cerdana (HS toeristische route zonder grote moeilijkheden)<\/td><td class=\"has-text-align-center\" data-align=\"center\">1903 m<\/td><td><a href=\"https:\/\/centcols.org\/nl\/util\/geo\/visu.php\/?code=ES-B-1903\" target=\"_blank\" rel=\"noreferrer noopener\">ES-B-1903<\/a><\/td><\/tr><tr><td>9 - Coll de la Ja\u00e7a (prachtige baan in zeer goede staat)<\/td><td class=\"has-text-align-center\" data-align=\"center\">1857 m<\/td><td><a href=\"https:\/\/centcols.org\/nl\/util\/geo\/visu.php\/?code=ES-B-1861\" target=\"_blank\" rel=\"noreferrer noopener\">ES-B-1861<\/a><\/td><\/tr><tr><td>10 - Coll de la Bauma (prachtige baan in zeer goede staat)<\/td><td class=\"has-text-align-center\" data-align=\"center\">1573 m<\/td><td><a href=\"https:\/\/centcols.org\/nl\/util\/geo\/visu.php\/?code=ES-B-1577\" target=\"_blank\" rel=\"noreferrer noopener\">ES-B-1577<\/a><\/td><\/tr><tr><td>11 - Coll de Garganta (terugweg te voet, deel van de afdaling is fietsbaar)<\/td><td class=\"has-text-align-center\" data-align=\"center\">1631 m<\/td><td><a href=\"https:\/\/centcols.org\/nl\/util\/geo\/visu.php\/?code=ES-B-1631\" target=\"_blank\" rel=\"noreferrer noopener\">ES-B-1631<\/a><\/td><\/tr><tr><td>12 - Coll de les Salines (snel achteruit duwen om te vermijden)<\/td><td class=\"has-text-align-center\" data-align=\"center\">1277 m<\/td><td><a href=\"https:\/\/centcols.org\/nl\/util\/geo\/visu.php\/?code=ES-B-1277\" target=\"_blank\" rel=\"noreferrer noopener\">ES-B-1277<\/a><\/td><\/tr><tr><td>13 - Coll de la Creu de la Cabana (voetpad)<\/td><td class=\"has-text-align-center\" data-align=\"center\">1137 m<\/td><td><a href=\"https:\/\/centcols.org\/nl\/util\/geo\/visu.php\/?code=ES-B-1135\" target=\"_blank\" rel=\"noreferrer noopener\">ES-B-1135<\/a><\/td><\/tr><tr><td>14 - Coll de la Cabana (track)<\/td><td class=\"has-text-align-center\" data-align=\"center\">1175 m<\/td><td><a href=\"https:\/\/centcols.org\/nl\/util\/geo\/visu.php\/?code=ES-B-1175\" target=\"_blank\" rel=\"noreferrer noopener\">ES-B-1175<\/a><\/td><\/tr><tr><td>15 - Coll d'Euga (mooie route met weinig hellingen)<\/td><td class=\"has-text-align-center\" data-align=\"center\">1161 m<\/td><td><a href=\"https:\/\/centcols.org\/nl\/util\/geo\/visu.php\/?code=ES-B-1250\" target=\"_blank\" rel=\"noreferrer noopener\">ES-B-1250<\/a><\/td><\/tr><\/tbody><\/table><\/figure>\n\n\n\n<p><strong>Trefwoorden<\/strong>&nbsp;Saldes, Pedraforca, Cataloni\u00eb, centcols<\/p>\n\n\n\n<p>Openrunner link, interactieve kaart, profiel, track : <a href=\"https:\/\/www.openrunner.com\/route-details\/22742646\" target=\"_blank\" rel=\"noreferrer noopener\">https:\/\/www.openrunner.com\/route-details\/22742646<\/a><\/p>\n\n\n\n<p>Deze routebeschrijving wordt slechts ter indicatie aangeboden. De auteur aanvaardt geen aansprakelijkheid, noch die van de Club des Cent Cols, voor eventuele onberekenbaarheden die te wijten zijn aan de fietser zelf, het gebruikte materiaal of alles wat te maken heeft met de weg, paden en wegen, hun omgeving of andere gebruikers.<\/p>\n\n\n\n<div style=\"height:30px\" aria-hidden=\"true\" class=\"wp-block-spacer\"><\/div>\n\n\n\n<h2 class=\"wp-block-heading\">Foto's<\/h2>\n\n\n\n<figure class=\"wp-block-gallery has-nested-images columns-default is-cropped wp-block-gallery-1 is-layout-flex wp-block-gallery-is-layout-flex\">\n<figure class=\"wp-block-image size-large\"><a href=\"https:\/\/centcols.org\/wp-content\/uploads\/2025\/10\/Pedraforca-01.jpg\"><img loading=\"lazy\" decoding=\"async\" width=\"450\" height=\"800\" data-id=\"91131\" src=\"https:\/\/centcols.org\/wp-content\/uploads\/2025\/10\/Pedraforca-01.jpg\" alt=\"\" class=\"wp-image-91131\" srcset=\"https:\/\/centcols.org\/wp-content\/uploads\/2025\/10\/Pedraforca-01.jpg 450w, https:\/\/centcols.org\/wp-content\/uploads\/2025\/10\/Pedraforca-01-7x12.jpg 7w\" sizes=\"auto, (max-width: 450px) 100vw, 450px\" \/><\/a><figcaption class=\"wp-element-caption\">Van de Coll de la Trapa<\/figcaption><\/figure>\n\n\n\n<figure class=\"wp-block-image size-large\"><a href=\"https:\/\/centcols.org\/wp-content\/uploads\/2025\/10\/Pedraforca-02.jpg\"><img loading=\"lazy\" decoding=\"async\" width=\"1200\" height=\"900\" data-id=\"91132\" src=\"https:\/\/centcols.org\/wp-content\/uploads\/2025\/10\/Pedraforca-02.jpg\" alt=\"\" class=\"wp-image-91132\" srcset=\"https:\/\/centcols.org\/wp-content\/uploads\/2025\/10\/Pedraforca-02.jpg 1200w, https:\/\/centcols.org\/wp-content\/uploads\/2025\/10\/Pedraforca-02-768x576.jpg 768w, https:\/\/centcols.org\/wp-content\/uploads\/2025\/10\/Pedraforca-02-16x12.jpg 16w\" sizes=\"auto, (max-width: 1200px) 100vw, 1200px\" \/><\/a><figcaption class=\"wp-element-caption\">Vanuit het standpunt van Gresolet<\/figcaption><\/figure>\n\n\n\n<figure class=\"wp-block-image size-large\"><a href=\"https:\/\/centcols.org\/wp-content\/uploads\/2025\/10\/Pedraforca-03.jpg\"><img loading=\"lazy\" decoding=\"async\" width=\"1200\" height=\"900\" data-id=\"91133\" src=\"https:\/\/centcols.org\/wp-content\/uploads\/2025\/10\/Pedraforca-03.jpg\" alt=\"\" class=\"wp-image-91133\" srcset=\"https:\/\/centcols.org\/wp-content\/uploads\/2025\/10\/Pedraforca-03.jpg 1200w, https:\/\/centcols.org\/wp-content\/uploads\/2025\/10\/Pedraforca-03-768x576.jpg 768w, https:\/\/centcols.org\/wp-content\/uploads\/2025\/10\/Pedraforca-03-16x12.jpg 16w\" sizes=\"auto, (max-width: 1200px) 100vw, 1200px\" \/><\/a><figcaption class=\"wp-element-caption\">Au coll del Torn<\/figcaption><\/figure>\n\n\n\n<figure class=\"wp-block-image size-large\"><a href=\"https:\/\/centcols.org\/wp-content\/uploads\/2025\/10\/Pedraforca-04.jpg\"><img loading=\"lazy\" decoding=\"async\" width=\"600\" height=\"800\" data-id=\"91134\" src=\"https:\/\/centcols.org\/wp-content\/uploads\/2025\/10\/Pedraforca-04.jpg\" alt=\"\" class=\"wp-image-91134\" srcset=\"https:\/\/centcols.org\/wp-content\/uploads\/2025\/10\/Pedraforca-04.jpg 600w, https:\/\/centcols.org\/wp-content\/uploads\/2025\/10\/Pedraforca-04-9x12.jpg 9w\" sizes=\"auto, (max-width: 600px) 100vw, 600px\" \/><\/a><figcaption class=\"wp-element-caption\">De twee toppen van Pedraforca in het midden, Enforcadora 2356 m<\/figcaption><\/figure>\n\n\n\n<figure class=\"wp-block-image size-large\"><a href=\"https:\/\/centcols.org\/wp-content\/uploads\/2025\/10\/Pedraforca-05.jpg\"><img loading=\"lazy\" decoding=\"async\" width=\"600\" height=\"800\" data-id=\"91135\" src=\"https:\/\/centcols.org\/wp-content\/uploads\/2025\/10\/Pedraforca-05.jpg\" alt=\"\" class=\"wp-image-91135\" srcset=\"https:\/\/centcols.org\/wp-content\/uploads\/2025\/10\/Pedraforca-05.jpg 600w, https:\/\/centcols.org\/wp-content\/uploads\/2025\/10\/Pedraforca-05-9x12.jpg 9w\" sizes=\"auto, (max-width: 600px) 100vw, 600px\" \/><\/a><figcaption class=\"wp-element-caption\">Pollego inferior 2444 m en Pollego superior 2509 m<\/figcaption><\/figure>\n<\/figure>","protected":false},"excerpt":{"rendered":"<p>Description de l\u2019auteur Auteurs&nbsp;: Patrick Mandard et Philippe ChazottierParcours&nbsp;: effectu\u00e9 en octobre 2025D\u00e9part&nbsp;: Saldes Descriptif touristique Magnifique parcours en situation d\u00e9gag\u00e9e avec de grands espaces au sein du Paratge Natural d\u2019Inter\u00e8s national massis de Pedraforca.Le d\u00e9part s\u2019effectue du village de Saldes, nombreux parkings, village touristique avec commerces. Descriptif technique Ce parcours de 15 cols est [&hellip;]<\/p>\n","protected":false},"author":5112,"featured_media":91132,"comment_status":"open","ping_status":"open","sticky":false,"template":"","format":"standard","meta":{"_acf_changed":false,"footnotes":""},"categories":[305,319,345,220],"tags":[],"class_list":["post-91122","post","type-post","status-publish","format-standard","has-post-thumbnail","hentry","category-parcours-espagne","category-vtt-type-parcours","category-barcelone","category-parcours-membres"],"acf":[],"yoast_head":"<!-- This site is optimized with the Yoast SEO plugin v27.2 - https:\/\/yoast.com\/product\/yoast-seo-wordpress\/ -->\n<title>ES-B Saldes - VTT 38 km, D+ 1450 m, 15 cols - Club des Cent Cols<\/title>\n<meta name=\"robots\" content=\"index, follow, max-snippet:-1, max-image-preview:large, max-video-preview:-1\" \/>\n<link rel=\"canonical\" href=\"https:\/\/centcols.org\/nl\/es-b-saldes-mountainbike\/\" \/>\n<meta property=\"og:locale\" content=\"nl_BE\" \/>\n<meta property=\"og:type\" content=\"article\" \/>\n<meta property=\"og:title\" content=\"ES-B Saldes - VTT 38 km, D+ 1450 m, 15 cols - Club des Cent Cols\" \/>\n<meta property=\"og:description\" content=\"Description de l\u2019auteur Auteurs&nbsp;: Patrick Mandard et Philippe ChazottierParcours&nbsp;: effectu\u00e9 en octobre 2025D\u00e9part&nbsp;: Saldes Descriptif touristique Magnifique parcours en situation d\u00e9gag\u00e9e avec de grands espaces au sein du Paratge Natural d\u2019Inter\u00e8s national massis de Pedraforca.Le d\u00e9part s\u2019effectue du village de Saldes, nombreux parkings, village touristique avec commerces. Descriptif technique Ce parcours de 15 cols est [&hellip;]\" \/>\n<meta property=\"og:url\" content=\"https:\/\/centcols.org\/nl\/es-b-saldes-mountainbike\/\" \/>\n<meta property=\"og:site_name\" content=\"Club des Cent Cols\" \/>\n<meta property=\"article:publisher\" content=\"https:\/\/www.facebook.com\/groups\/5261880558\/?locale=fr_FR\" \/>\n<meta property=\"article:published_time\" content=\"2025-10-23T09:59:01+00:00\" \/>\n<meta property=\"article:modified_time\" content=\"2026-03-14T15:26:26+00:00\" \/>\n<meta property=\"og:image\" content=\"https:\/\/centcols.org\/wp-content\/uploads\/2025\/10\/Pedraforca-02.jpg\" \/>\n\t<meta property=\"og:image:width\" content=\"1200\" \/>\n\t<meta property=\"og:image:height\" content=\"900\" \/>\n\t<meta property=\"og:image:type\" content=\"image\/jpeg\" \/>\n<meta name=\"author\" content=\"R\u00e9gis Paraz\" \/>\n<meta name=\"twitter:card\" content=\"summary_large_image\" \/>\n<meta name=\"twitter:label1\" content=\"Geschreven door\" \/>\n\t<meta name=\"twitter:data1\" content=\"R\u00e9gis Paraz\" \/>\n\t<meta name=\"twitter:label2\" content=\"Geschatte leestijd\" \/>\n\t<meta name=\"twitter:data2\" content=\"4 minuten\" \/>\n<script type=\"application\/ld+json\" class=\"yoast-schema-graph\">{\"@context\":\"https:\/\/schema.org\",\"@graph\":[{\"@type\":\"Article\",\"@id\":\"https:\/\/centcols.org\/nl\/es-b-saldes-mountainbike\/#article\",\"isPartOf\":{\"@id\":\"https:\/\/centcols.org\/nl\/es-b-saldes-mountainbike\/\"},\"author\":{\"name\":\"R\u00e9gis Paraz\",\"@id\":\"https:\/\/centcols.org\/#\/schema\/person\/6733615a03fdc98c0aef104567c81e13\"},\"headline\":\"ES-B Saldes &#8211; VTT 38 km, D+ 1450 m, 15 cols\",\"datePublished\":\"2025-10-23T09:59:01+00:00\",\"dateModified\":\"2026-03-14T15:26:26+00:00\",\"mainEntityOfPage\":{\"@id\":\"https:\/\/centcols.org\/nl\/es-b-saldes-mountainbike\/\"},\"wordCount\":454,\"commentCount\":0,\"publisher\":{\"@id\":\"https:\/\/centcols.org\/#organization\"},\"image\":{\"@id\":\"https:\/\/centcols.org\/nl\/es-b-saldes-mountainbike\/#primaryimage\"},\"thumbnailUrl\":\"https:\/\/centcols.org\/wp-content\/uploads\/2025\/10\/Pedraforca-02.jpg\",\"articleSection\":[\"Parcours Espagne\",\"VTT\",\"Barcelone\",\"Parcours membres\"],\"inLanguage\":\"nl-BE\",\"potentialAction\":[{\"@type\":\"CommentAction\",\"name\":\"Comment\",\"target\":[\"https:\/\/centcols.org\/nl\/es-b-saldes-mountainbike\/#respond\"]}]},{\"@type\":\"WebPage\",\"@id\":\"https:\/\/centcols.org\/nl\/es-b-saldes-mountainbike\/\",\"url\":\"https:\/\/centcols.org\/nl\/es-b-saldes-mountainbike\/\",\"name\":\"ES-B Saldes - VTT 38 km, D+ 1450 m, 15 cols - Club des Cent Cols\",\"isPartOf\":{\"@id\":\"https:\/\/centcols.org\/#website\"},\"primaryImageOfPage\":{\"@id\":\"https:\/\/centcols.org\/nl\/es-b-saldes-mountainbike\/#primaryimage\"},\"image\":{\"@id\":\"https:\/\/centcols.org\/nl\/es-b-saldes-mountainbike\/#primaryimage\"},\"thumbnailUrl\":\"https:\/\/centcols.org\/wp-content\/uploads\/2025\/10\/Pedraforca-02.jpg\",\"datePublished\":\"2025-10-23T09:59:01+00:00\",\"dateModified\":\"2026-03-14T15:26:26+00:00\",\"breadcrumb\":{\"@id\":\"https:\/\/centcols.org\/nl\/es-b-saldes-mountainbike\/#breadcrumb\"},\"inLanguage\":\"nl-BE\",\"potentialAction\":[{\"@type\":\"ReadAction\",\"target\":[\"https:\/\/centcols.org\/nl\/es-b-saldes-mountainbike\/\"]}]},{\"@type\":\"ImageObject\",\"inLanguage\":\"nl-BE\",\"@id\":\"https:\/\/centcols.org\/nl\/es-b-saldes-mountainbike\/#primaryimage\",\"url\":\"https:\/\/centcols.org\/wp-content\/uploads\/2025\/10\/Pedraforca-02.jpg\",\"contentUrl\":\"https:\/\/centcols.org\/wp-content\/uploads\/2025\/10\/Pedraforca-02.jpg\",\"width\":1200,\"height\":900,\"caption\":\"Depuis le mirador de Gresolet\"},{\"@type\":\"BreadcrumbList\",\"@id\":\"https:\/\/centcols.org\/nl\/es-b-saldes-mountainbike\/#breadcrumb\",\"itemListElement\":[{\"@type\":\"ListItem\",\"position\":1,\"name\":\"Accueil\",\"item\":\"https:\/\/centcols.org\/\"},{\"@type\":\"ListItem\",\"position\":2,\"name\":\"Parcours membres\",\"item\":\"https:\/\/centcols.org\/rubrique\/parcours-membres\/\"},{\"@type\":\"ListItem\",\"position\":3,\"name\":\"Pays\",\"item\":\"https:\/\/centcols.org\/rubrique\/parcours-membres\/pays-parcours-membres\/\"},{\"@type\":\"ListItem\",\"position\":4,\"name\":\"Parcours Espagne\",\"item\":\"https:\/\/centcols.org\/rubrique\/parcours-membres\/pays-parcours-membres\/parcours-espagne\/\"},{\"@type\":\"ListItem\",\"position\":5,\"name\":\"ES-B Saldes &#8211; VTT 38 km, D+ 1450 m, 15 cols\"}]},{\"@type\":\"WebSite\",\"@id\":\"https:\/\/centcols.org\/#website\",\"url\":\"https:\/\/centcols.org\/\",\"name\":\"Club des Cent Cols\",\"description\":\"\",\"publisher\":{\"@id\":\"https:\/\/centcols.org\/#organization\"},\"potentialAction\":[{\"@type\":\"SearchAction\",\"target\":{\"@type\":\"EntryPoint\",\"urlTemplate\":\"https:\/\/centcols.org\/?s={search_term_string}\"},\"query-input\":{\"@type\":\"PropertyValueSpecification\",\"valueRequired\":true,\"valueName\":\"search_term_string\"}}],\"inLanguage\":\"nl-BE\"},{\"@type\":\"Organization\",\"@id\":\"https:\/\/centcols.org\/#organization\",\"name\":\"Club des Cent Cols\",\"url\":\"https:\/\/centcols.org\/\",\"logo\":{\"@type\":\"ImageObject\",\"inLanguage\":\"nl-BE\",\"@id\":\"https:\/\/centcols.org\/#\/schema\/logo\/image\/\",\"url\":\"https:\/\/centcols.org\/wp-content\/uploads\/2025\/01\/carte-icone.png\",\"contentUrl\":\"https:\/\/centcols.org\/wp-content\/uploads\/2025\/01\/carte-icone.png\",\"width\":250,\"height\":250,\"caption\":\"Club des Cent Cols\"},\"image\":{\"@id\":\"https:\/\/centcols.org\/#\/schema\/logo\/image\/\"},\"sameAs\":[\"https:\/\/www.facebook.com\/groups\/5261880558\/?locale=fr_FR\"]},{\"@type\":\"Person\",\"@id\":\"https:\/\/centcols.org\/#\/schema\/person\/6733615a03fdc98c0aef104567c81e13\",\"name\":\"R\u00e9gis Paraz\",\"image\":{\"@type\":\"ImageObject\",\"inLanguage\":\"nl-BE\",\"@id\":\"https:\/\/centcols.org\/wp-content\/litespeed\/avatar\/e5679bd124a28f7319d109cd5c2c0dd7.jpg?ver=1777239746\",\"url\":\"https:\/\/centcols.org\/wp-content\/litespeed\/avatar\/e5679bd124a28f7319d109cd5c2c0dd7.jpg?ver=1777239746\",\"contentUrl\":\"https:\/\/centcols.org\/wp-content\/litespeed\/avatar\/e5679bd124a28f7319d109cd5c2c0dd7.jpg?ver=1777239746\",\"caption\":\"R\u00e9gis Paraz\"},\"url\":\"https:\/\/centcols.org\/nl\/author\/3225\/\"}]}<\/script>\n<!-- \/ Yoast SEO plugin. -->","yoast_head_json":{"title":"ES-B Saldes - MTB 38 km, D+ 1450 m, 15 passen - Club des Cent Cols","robots":{"index":"index","follow":"follow","max-snippet":"max-snippet:-1","max-image-preview":"max-image-preview:large","max-video-preview":"max-video-preview:-1"},"canonical":"https:\/\/centcols.org\/nl\/es-b-saldes-mountainbike\/","og_locale":"nl_BE","og_type":"article","og_title":"ES-B Saldes - VTT 38 km, D+ 1450 m, 15 cols - Club des Cent Cols","og_description":"Description de l\u2019auteur Auteurs&nbsp;: Patrick Mandard et Philippe ChazottierParcours&nbsp;: effectu\u00e9 en octobre 2025D\u00e9part&nbsp;: Saldes Descriptif touristique Magnifique parcours en situation d\u00e9gag\u00e9e avec de grands espaces au sein du Paratge Natural d\u2019Inter\u00e8s national massis de Pedraforca.Le d\u00e9part s\u2019effectue du village de Saldes, nombreux parkings, village touristique avec commerces. Descriptif technique Ce parcours de 15 cols est [&hellip;]","og_url":"https:\/\/centcols.org\/nl\/es-b-saldes-mountainbike\/","og_site_name":"Club des Cent Cols","article_publisher":"https:\/\/www.facebook.com\/groups\/5261880558\/?locale=fr_FR","article_published_time":"2025-10-23T09:59:01+00:00","article_modified_time":"2026-03-14T15:26:26+00:00","og_image":[{"width":1200,"height":900,"url":"https:\/\/centcols.org\/wp-content\/uploads\/2025\/10\/Pedraforca-02.jpg","type":"image\/jpeg"}],"author":"R\u00e9gis Paraz","twitter_card":"summary_large_image","twitter_misc":{"Geschreven door":"R\u00e9gis Paraz","Geschatte leestijd":"4 minuten"},"schema":{"@context":"https:\/\/schema.org","@graph":[{"@type":"Article","@id":"https:\/\/centcols.org\/nl\/es-b-saldes-mountainbike\/#article","isPartOf":{"@id":"https:\/\/centcols.org\/nl\/es-b-saldes-mountainbike\/"},"author":{"name":"R\u00e9gis Paraz","@id":"https:\/\/centcols.org\/#\/schema\/person\/6733615a03fdc98c0aef104567c81e13"},"headline":"ES-B Saldes &#8211; VTT 38 km, D+ 1450 m, 15 cols","datePublished":"2025-10-23T09:59:01+00:00","dateModified":"2026-03-14T15:26:26+00:00","mainEntityOfPage":{"@id":"https:\/\/centcols.org\/nl\/es-b-saldes-mountainbike\/"},"wordCount":454,"commentCount":0,"publisher":{"@id":"https:\/\/centcols.org\/#organization"},"image":{"@id":"https:\/\/centcols.org\/nl\/es-b-saldes-mountainbike\/#primaryimage"},"thumbnailUrl":"https:\/\/centcols.org\/wp-content\/uploads\/2025\/10\/Pedraforca-02.jpg","articleSection":["Parcours Espagne","VTT","Barcelone","Parcours membres"],"inLanguage":"nl-BE","potentialAction":[{"@type":"CommentAction","name":"Comment","target":["https:\/\/centcols.org\/nl\/es-b-saldes-mountainbike\/#respond"]}]},{"@type":"WebPage","@id":"https:\/\/centcols.org\/nl\/es-b-saldes-mountainbike\/","url":"https:\/\/centcols.org\/nl\/es-b-saldes-mountainbike\/","name":"ES-B Saldes - MTB 38 km, D+ 1450 m, 15 passen - Club des Cent Cols","isPartOf":{"@id":"https:\/\/centcols.org\/#website"},"primaryImageOfPage":{"@id":"https:\/\/centcols.org\/nl\/es-b-saldes-mountainbike\/#primaryimage"},"image":{"@id":"https:\/\/centcols.org\/nl\/es-b-saldes-mountainbike\/#primaryimage"},"thumbnailUrl":"https:\/\/centcols.org\/wp-content\/uploads\/2025\/10\/Pedraforca-02.jpg","datePublished":"2025-10-23T09:59:01+00:00","dateModified":"2026-03-14T15:26:26+00:00","breadcrumb":{"@id":"https:\/\/centcols.org\/nl\/es-b-saldes-mountainbike\/#breadcrumb"},"inLanguage":"nl-BE","potentialAction":[{"@type":"ReadAction","target":["https:\/\/centcols.org\/nl\/es-b-saldes-mountainbike\/"]}]},{"@type":"ImageObject","inLanguage":"nl-BE","@id":"https:\/\/centcols.org\/nl\/es-b-saldes-mountainbike\/#primaryimage","url":"https:\/\/centcols.org\/wp-content\/uploads\/2025\/10\/Pedraforca-02.jpg","contentUrl":"https:\/\/centcols.org\/wp-content\/uploads\/2025\/10\/Pedraforca-02.jpg","width":1200,"height":900,"caption":"Depuis le mirador de Gresolet"},{"@type":"BreadcrumbList","@id":"https:\/\/centcols.org\/nl\/es-b-saldes-mountainbike\/#breadcrumb","itemListElement":[{"@type":"ListItem","position":1,"name":"Accueil","item":"https:\/\/centcols.org\/"},{"@type":"ListItem","position":2,"name":"Parcours membres","item":"https:\/\/centcols.org\/rubrique\/parcours-membres\/"},{"@type":"ListItem","position":3,"name":"Pays","item":"https:\/\/centcols.org\/rubrique\/parcours-membres\/pays-parcours-membres\/"},{"@type":"ListItem","position":4,"name":"Parcours Espagne","item":"https:\/\/centcols.org\/rubrique\/parcours-membres\/pays-parcours-membres\/parcours-espagne\/"},{"@type":"ListItem","position":5,"name":"ES-B Saldes &#8211; VTT 38 km, D+ 1450 m, 15 cols"}]},{"@type":"WebSite","@id":"https:\/\/centcols.org\/#website","url":"https:\/\/centcols.org\/","name":"Club van Cent Cols","description":"","publisher":{"@id":"https:\/\/centcols.org\/#organization"},"potentialAction":[{"@type":"SearchAction","target":{"@type":"EntryPoint","urlTemplate":"https:\/\/centcols.org\/?s={search_term_string}"},"query-input":{"@type":"PropertyValueSpecification","valueRequired":true,"valueName":"search_term_string"}}],"inLanguage":"nl-BE"},{"@type":"Organization","@id":"https:\/\/centcols.org\/#organization","name":"Club van Cent Cols","url":"https:\/\/centcols.org\/","logo":{"@type":"ImageObject","inLanguage":"nl-BE","@id":"https:\/\/centcols.org\/#\/schema\/logo\/image\/","url":"https:\/\/centcols.org\/wp-content\/uploads\/2025\/01\/carte-icone.png","contentUrl":"https:\/\/centcols.org\/wp-content\/uploads\/2025\/01\/carte-icone.png","width":250,"height":250,"caption":"Club des Cent Cols"},"image":{"@id":"https:\/\/centcols.org\/#\/schema\/logo\/image\/"},"sameAs":["https:\/\/www.facebook.com\/groups\/5261880558\/?locale=fr_FR"]},{"@type":"Person","@id":"https:\/\/centcols.org\/#\/schema\/person\/6733615a03fdc98c0aef104567c81e13","name":"R\u00e9gis Paraz","image":{"@type":"ImageObject","inLanguage":"nl-BE","@id":"https:\/\/centcols.org\/wp-content\/litespeed\/avatar\/e5679bd124a28f7319d109cd5c2c0dd7.jpg?ver=1777239746","url":"https:\/\/centcols.org\/wp-content\/litespeed\/avatar\/e5679bd124a28f7319d109cd5c2c0dd7.jpg?ver=1777239746","contentUrl":"https:\/\/centcols.org\/wp-content\/litespeed\/avatar\/e5679bd124a28f7319d109cd5c2c0dd7.jpg?ver=1777239746","caption":"R\u00e9gis Paraz"},"url":"https:\/\/centcols.org\/nl\/author\/3225\/"}]}},"_links":{"self":[{"href":"https:\/\/centcols.org\/nl\/wp-json\/wp\/v2\/posts\/91122","targetHints":{"allow":["GET"]}}],"collection":[{"href":"https:\/\/centcols.org\/nl\/wp-json\/wp\/v2\/posts"}],"about":[{"href":"https:\/\/centcols.org\/nl\/wp-json\/wp\/v2\/types\/post"}],"author":[{"embeddable":true,"href":"https:\/\/centcols.org\/nl\/wp-json\/wp\/v2\/users\/5112"}],"replies":[{"embeddable":true,"href":"https:\/\/centcols.org\/nl\/wp-json\/wp\/v2\/comments?post=91122"}],"version-history":[{"count":0,"href":"https:\/\/centcols.org\/nl\/wp-json\/wp\/v2\/posts\/91122\/revisions"}],"wp:featuredmedia":[{"embeddable":true,"href":"https:\/\/centcols.org\/nl\/wp-json\/wp\/v2\/media\/91132"}],"wp:attachment":[{"href":"https:\/\/centcols.org\/nl\/wp-json\/wp\/v2\/media?parent=91122"}],"wp:term":[{"taxonomy":"category","embeddable":true,"href":"https:\/\/centcols.org\/nl\/wp-json\/wp\/v2\/categories?post=91122"},{"taxonomy":"post_tag","embeddable":true,"href":"https:\/\/centcols.org\/nl\/wp-json\/wp\/v2\/tags?post=91122"}],"curies":[{"name":"wp","href":"https:\/\/api.w.org\/{rel}","templated":true}]}}