{"id":91139,"date":"2025-10-23T14:58:36","date_gmt":"2025-10-23T12:58:36","guid":{"rendered":"https:\/\/centcols.org\/?p=91139"},"modified":"2026-03-14T17:21:19","modified_gmt":"2026-03-14T15:21:19","slug":"es-b-gosol-vtt","status":"publish","type":"post","link":"https:\/\/centcols.org\/nl\/es-b-gosol-vtt\/","title":{"rendered":"ES-B Gosol - MTB 25 km, D+ 960 m, 6 passen"},"content":{"rendered":"<iframe width=\"100%\" height=\"650\" loading=\"lazy\" src=\"https:\/\/www.openrunner.com\/embed\/5956584568354b6751386138356c6b3379684b52696a70454242524f384747794b59626c4d616f52567a453d3a3a6444d4c91680779359ab558af4036894?unit=metric\" style=\"border: none;\"><\/iframe>\n\n\n\n<div style=\"height:30px\" aria-hidden=\"true\" class=\"wp-block-spacer\"><\/div>\n\n\n\n<h2 class=\"wp-block-heading\">Beschrijving auteur<\/h2>\n\n\n\n<p><strong>Auteurs\u00a0<\/strong>Patrick Mandard en Philippe Chazottier<br><strong>Cursus\u00a0<\/strong>Voltooid in oktober 2025<br><strong>Vertrek\u00a0<\/strong>Vanaf het uitkijkpunt op de B400 tussen Saldes en Gosol (2 km van de Col de la Trapa)<\/p>\n\n\n\n<div style=\"height:30px\" aria-hidden=\"true\" class=\"wp-block-spacer\"><\/div>\n\n\n\n<h2 class=\"wp-block-heading\">Toeristische informatie<\/h2>\n\n\n\n<p>In het bos, met prachtig uitzicht op het Pedraforca-massief en de Bergueda.<\/p>\n\n\n\n<div style=\"height:30px\" aria-hidden=\"true\" class=\"wp-block-spacer\"><\/div>\n\n\n\n<h2 class=\"wp-block-heading\">Technische specificaties<\/h2>\n\n\n\n<p>Deze route is 95 % fietsbaar. Het merendeel van de paden.<\/p>\n\n\n\n<div style=\"height:30px\" aria-hidden=\"true\" class=\"wp-block-spacer\"><\/div>\n\n\n\n<p><strong>6 kragen<\/strong><\/p>\n\n\n\n<figure class=\"wp-block-table\"><table class=\"has-background\" style=\"background-color:#f0f0f0\"><tbody><tr><td>1 - Kroonlijst van Serrat de Pascol&nbsp;&nbsp;&nbsp;<\/td><td class=\"has-text-align-center\" data-align=\"center\">1591 m<\/td><td><a href=\"https:\/\/centcols.org\/nl\/util\/geo\/visu.php\/?code=ES-L-1591a\" target=\"_blank\" rel=\"noreferrer noopener\">ES-L-1591a<\/a><\/td><\/tr><tr><td>2 - Coll de Feners<\/td><td class=\"has-text-align-center\" data-align=\"center\">1406 m<\/td><td><a href=\"https:\/\/centcols.org\/nl\/util\/geo\/visu.php\/?code=ES-B-1410a\" target=\"_blank\" rel=\"noreferrer noopener\">ES-B-1410a<\/a><\/td><\/tr><tr><td>3 - Coll de G\u00f3sol<\/td><td class=\"has-text-align-center\" data-align=\"center\">1593 m<\/td><td><a href=\"https:\/\/centcols.org\/nl\/util\/geo\/visu.php\/?code=ES-L-1593\" target=\"_blank\" rel=\"noreferrer noopener\">ES-L-1593<\/a><\/td><\/tr><tr><td>4 - La Colladeta<\/td><td class=\"has-text-align-center\" data-align=\"center\">1447 m<\/td><td><a href=\"https:\/\/centcols.org\/nl\/util\/geo\/visu.php\/?code=ES-L-1447\" target=\"_blank\" rel=\"noreferrer noopener\">ES-L-1447<\/a><\/td><\/tr><tr><td>5 - Coll d'Orriols<\/td><td class=\"has-text-align-center\" data-align=\"center\">1202 m<\/td><td><a href=\"https:\/\/centcols.org\/nl\/util\/geo\/visu.php\/?code=ES-L-1202\" target=\"_blank\" rel=\"noreferrer noopener\">ES-L-1202<\/a><\/td><\/tr><tr><td>6 - Coll de Castellar<\/td><td class=\"has-text-align-center\" data-align=\"center\">1247 m<\/td><td><a href=\"https:\/\/centcols.org\/nl\/util\/geo\/visu.php\/?code=ES-L-1247\" target=\"_blank\" rel=\"noreferrer noopener\"><\/a><a href=\"https:\/\/centcols.org\/nl\/util\/geo\/visu.php\/?code=ES-L-1250c\" target=\"_blank\" rel=\"noreferrer noopener\">ES-L-1250c<\/a><\/td><\/tr><\/tbody><\/table><\/figure>\n\n\n\n<p>Nabijgelegen passen op de B400 :<\/p>\n\n\n\n<figure class=\"wp-block-table\"><table class=\"has-background\" style=\"background-color:#f0f0f0\"><tbody><tr><td>Coll de la Trapa (op minder dan 1000 m van de route)<\/td><td class=\"has-text-align-center\" data-align=\"center\">1323 m<\/td><td><a href=\"https:\/\/centcols.org\/nl\/util\/geo\/visu.php\/?code=ES-L-1591a\" target=\"_blank\" rel=\"noreferrer noopener\"><\/a><a href=\"https:\/\/centcols.org\/nl\/util\/geo\/visu.php\/?code=ES-B-1220a\" target=\"_blank\" rel=\"noreferrer noopener\">ES-B-1220a<\/a><\/td><\/tr><tr><td>Coll del Cap de la Creu (2km van de golfbaan)<\/td><td class=\"has-text-align-center\" data-align=\"center\">1436 m<\/td><td><a href=\"https:\/\/centcols.org\/nl\/util\/geo\/visu.php\/?code=ES-L-1430a\" target=\"_blank\" rel=\"noreferrer noopener\">ES-L-1430a<\/a><\/td><\/tr><\/tbody><\/table><\/figure>\n\n\n\n<p><strong>Trefwoorden<\/strong>&nbsp;Saldes, G\u00f3sol, Pedraforca, Cataloni\u00eb, centcols<\/p>\n\n\n\n<p>Openrunner link, interactieve kaart, profiel, track :<a href=\"https:\/\/www.openrunner.com\/route-details\/22738771\" target=\"_blank\" rel=\"noreferrer noopener\"> https:\/\/www.openrunner.com\/route-details\/22738771<\/a><\/p>\n\n\n\n<p>Deze routebeschrijving wordt slechts ter indicatie aangeboden. De auteur aanvaardt geen aansprakelijkheid, noch die van de Club des Cent Cols, voor eventuele onberekenbaarheden die te wijten zijn aan de fietser zelf, het gebruikte materiaal of alles wat te maken heeft met de weg, paden en wegen, hun omgeving of andere gebruikers.<\/p>\n\n\n\n<div style=\"height:30px\" aria-hidden=\"true\" class=\"wp-block-spacer\"><\/div>\n\n\n\n<h2 class=\"wp-block-heading\">Foto's<\/h2>\n\n\n\n<figure class=\"wp-block-gallery has-nested-images columns-default is-cropped wp-block-gallery-1 is-layout-flex wp-block-gallery-is-layout-flex\">\n<figure class=\"wp-block-image size-large\"><a href=\"https:\/\/centcols.org\/wp-content\/uploads\/2025\/10\/gosol-01.jpg\"><img loading=\"lazy\" decoding=\"async\" width=\"1200\" height=\"900\" data-id=\"91148\" src=\"https:\/\/centcols.org\/wp-content\/uploads\/2025\/10\/gosol-01.jpg\" alt=\"\" class=\"wp-image-91148\" srcset=\"https:\/\/centcols.org\/wp-content\/uploads\/2025\/10\/gosol-01.jpg 1200w, https:\/\/centcols.org\/wp-content\/uploads\/2025\/10\/gosol-01-768x576.jpg 768w, https:\/\/centcols.org\/wp-content\/uploads\/2025\/10\/gosol-01-16x12.jpg 16w\" sizes=\"auto, (max-width: 1200px) 100vw, 1200px\" \/><\/a><figcaption class=\"wp-element-caption\">Pedraforca-massief.<\/figcaption><\/figure>\n\n\n\n<figure class=\"wp-block-image size-large\"><a href=\"https:\/\/centcols.org\/wp-content\/uploads\/2025\/10\/gosol-02.jpg\"><img loading=\"lazy\" decoding=\"async\" width=\"1200\" height=\"900\" data-id=\"91149\" src=\"https:\/\/centcols.org\/wp-content\/uploads\/2025\/10\/gosol-02.jpg\" alt=\"\" class=\"wp-image-91149\" srcset=\"https:\/\/centcols.org\/wp-content\/uploads\/2025\/10\/gosol-02.jpg 1200w, https:\/\/centcols.org\/wp-content\/uploads\/2025\/10\/gosol-02-768x576.jpg 768w, https:\/\/centcols.org\/wp-content\/uploads\/2025\/10\/gosol-02-16x12.jpg 16w\" sizes=\"auto, (max-width: 1200px) 100vw, 1200px\" \/><\/a><\/figure>\n\n\n\n<figure class=\"wp-block-image size-large\"><a href=\"https:\/\/centcols.org\/wp-content\/uploads\/2025\/10\/gosol-03.jpg\"><img loading=\"lazy\" decoding=\"async\" width=\"1200\" height=\"900\" data-id=\"91150\" src=\"https:\/\/centcols.org\/wp-content\/uploads\/2025\/10\/gosol-03.jpg\" alt=\"\" class=\"wp-image-91150\" srcset=\"https:\/\/centcols.org\/wp-content\/uploads\/2025\/10\/gosol-03.jpg 1200w, https:\/\/centcols.org\/wp-content\/uploads\/2025\/10\/gosol-03-768x576.jpg 768w, https:\/\/centcols.org\/wp-content\/uploads\/2025\/10\/gosol-03-16x12.jpg 16w\" sizes=\"auto, (max-width: 1200px) 100vw, 1200px\" \/><\/a><\/figure>\n<\/figure>","protected":false},"excerpt":{"rendered":"<p>Description de l\u2019auteur Auteurs\u00a0: Patrick Mandard et Philippe ChazottierParcours\u00a0: effectu\u00e9 en octobre 2025D\u00e9part\u00a0: Depuis le belv\u00e9d\u00e8re sur la B400 entre Saldes et Gosol (\u00e0 2\u00a0km du col de la Trapa) Descriptif touristique Dans le massif forestier avec de belles vues sur le massif de Pedraforca et sur le Bergueda. Descriptif technique Ce parcours est cyclable [&hellip;]<\/p>\n","protected":false},"author":5112,"featured_media":91148,"comment_status":"open","ping_status":"open","sticky":false,"template":"","format":"standard","meta":{"_acf_changed":false,"footnotes":""},"categories":[305,319,345,220],"tags":[],"class_list":["post-91139","post","type-post","status-publish","format-standard","has-post-thumbnail","hentry","category-parcours-espagne","category-vtt-type-parcours","category-barcelone","category-parcours-membres"],"acf":[],"yoast_head":"<!-- This site is optimized with the Yoast SEO plugin v27.2 - https:\/\/yoast.com\/product\/yoast-seo-wordpress\/ -->\n<title>ES-B Gosol - VTT 25 km, D+ 960 m, 6 cols - Club des Cent Cols<\/title>\n<meta name=\"robots\" content=\"index, follow, max-snippet:-1, max-image-preview:large, max-video-preview:-1\" \/>\n<link rel=\"canonical\" href=\"https:\/\/centcols.org\/nl\/es-b-gosol-vtt\/\" \/>\n<meta property=\"og:locale\" content=\"nl_BE\" \/>\n<meta property=\"og:type\" content=\"article\" \/>\n<meta property=\"og:title\" content=\"ES-B Gosol - VTT 25 km, D+ 960 m, 6 cols - Club des Cent Cols\" \/>\n<meta property=\"og:description\" content=\"Description de l\u2019auteur Auteurs\u00a0: Patrick Mandard et Philippe ChazottierParcours\u00a0: effectu\u00e9 en octobre 2025D\u00e9part\u00a0: Depuis le belv\u00e9d\u00e8re sur la B400 entre Saldes et Gosol (\u00e0 2\u00a0km du col de la Trapa) Descriptif touristique Dans le massif forestier avec de belles vues sur le massif de Pedraforca et sur le Bergueda. Descriptif technique Ce parcours est cyclable [&hellip;]\" \/>\n<meta property=\"og:url\" content=\"https:\/\/centcols.org\/nl\/es-b-gosol-vtt\/\" \/>\n<meta property=\"og:site_name\" content=\"Club des Cent Cols\" \/>\n<meta property=\"article:publisher\" content=\"https:\/\/www.facebook.com\/groups\/5261880558\/?locale=fr_FR\" \/>\n<meta property=\"article:published_time\" content=\"2025-10-23T12:58:36+00:00\" \/>\n<meta property=\"article:modified_time\" content=\"2026-03-14T15:21:19+00:00\" \/>\n<meta property=\"og:image\" content=\"https:\/\/centcols.org\/wp-content\/uploads\/2025\/10\/gosol-01.jpg\" \/>\n\t<meta property=\"og:image:width\" content=\"1200\" \/>\n\t<meta property=\"og:image:height\" content=\"900\" \/>\n\t<meta property=\"og:image:type\" content=\"image\/jpeg\" \/>\n<meta name=\"author\" content=\"R\u00e9gis Paraz\" \/>\n<meta name=\"twitter:card\" content=\"summary_large_image\" \/>\n<meta name=\"twitter:label1\" content=\"Geschreven door\" \/>\n\t<meta name=\"twitter:data1\" content=\"R\u00e9gis Paraz\" \/>\n\t<meta name=\"twitter:label2\" content=\"Geschatte leestijd\" \/>\n\t<meta name=\"twitter:data2\" content=\"2 minuten\" \/>\n<script type=\"application\/ld+json\" class=\"yoast-schema-graph\">{\"@context\":\"https:\/\/schema.org\",\"@graph\":[{\"@type\":\"Article\",\"@id\":\"https:\/\/centcols.org\/es-b-gosol-vtt\/#article\",\"isPartOf\":{\"@id\":\"https:\/\/centcols.org\/es-b-gosol-vtt\/\"},\"author\":{\"name\":\"R\u00e9gis Paraz\",\"@id\":\"https:\/\/centcols.org\/#\/schema\/person\/6733615a03fdc98c0aef104567c81e13\"},\"headline\":\"ES-B Gosol &#8211; VTT 25 km, D+ 960 m, 6 cols\",\"datePublished\":\"2025-10-23T12:58:36+00:00\",\"dateModified\":\"2026-03-14T15:21:19+00:00\",\"mainEntityOfPage\":{\"@id\":\"https:\/\/centcols.org\/es-b-gosol-vtt\/\"},\"wordCount\":221,\"commentCount\":0,\"publisher\":{\"@id\":\"https:\/\/centcols.org\/#organization\"},\"image\":{\"@id\":\"https:\/\/centcols.org\/es-b-gosol-vtt\/#primaryimage\"},\"thumbnailUrl\":\"https:\/\/centcols.org\/wp-content\/uploads\/2025\/10\/gosol-01.jpg\",\"articleSection\":[\"Parcours Espagne\",\"VTT\",\"Barcelone\",\"Parcours membres\"],\"inLanguage\":\"nl-BE\",\"potentialAction\":[{\"@type\":\"CommentAction\",\"name\":\"Comment\",\"target\":[\"https:\/\/centcols.org\/es-b-gosol-vtt\/#respond\"]}]},{\"@type\":\"WebPage\",\"@id\":\"https:\/\/centcols.org\/es-b-gosol-vtt\/\",\"url\":\"https:\/\/centcols.org\/es-b-gosol-vtt\/\",\"name\":\"ES-B Gosol - VTT 25 km, D+ 960 m, 6 cols - Club des Cent Cols\",\"isPartOf\":{\"@id\":\"https:\/\/centcols.org\/#website\"},\"primaryImageOfPage\":{\"@id\":\"https:\/\/centcols.org\/es-b-gosol-vtt\/#primaryimage\"},\"image\":{\"@id\":\"https:\/\/centcols.org\/es-b-gosol-vtt\/#primaryimage\"},\"thumbnailUrl\":\"https:\/\/centcols.org\/wp-content\/uploads\/2025\/10\/gosol-01.jpg\",\"datePublished\":\"2025-10-23T12:58:36+00:00\",\"dateModified\":\"2026-03-14T15:21:19+00:00\",\"breadcrumb\":{\"@id\":\"https:\/\/centcols.org\/es-b-gosol-vtt\/#breadcrumb\"},\"inLanguage\":\"nl-BE\",\"potentialAction\":[{\"@type\":\"ReadAction\",\"target\":[\"https:\/\/centcols.org\/es-b-gosol-vtt\/\"]}]},{\"@type\":\"ImageObject\",\"inLanguage\":\"nl-BE\",\"@id\":\"https:\/\/centcols.org\/es-b-gosol-vtt\/#primaryimage\",\"url\":\"https:\/\/centcols.org\/wp-content\/uploads\/2025\/10\/gosol-01.jpg\",\"contentUrl\":\"https:\/\/centcols.org\/wp-content\/uploads\/2025\/10\/gosol-01.jpg\",\"width\":1200,\"height\":900},{\"@type\":\"BreadcrumbList\",\"@id\":\"https:\/\/centcols.org\/es-b-gosol-vtt\/#breadcrumb\",\"itemListElement\":[{\"@type\":\"ListItem\",\"position\":1,\"name\":\"Accueil\",\"item\":\"https:\/\/centcols.org\/\"},{\"@type\":\"ListItem\",\"position\":2,\"name\":\"Parcours membres\",\"item\":\"https:\/\/centcols.org\/rubrique\/parcours-membres\/\"},{\"@type\":\"ListItem\",\"position\":3,\"name\":\"Pays\",\"item\":\"https:\/\/centcols.org\/rubrique\/parcours-membres\/pays-parcours-membres\/\"},{\"@type\":\"ListItem\",\"position\":4,\"name\":\"Parcours Espagne\",\"item\":\"https:\/\/centcols.org\/rubrique\/parcours-membres\/pays-parcours-membres\/parcours-espagne\/\"},{\"@type\":\"ListItem\",\"position\":5,\"name\":\"ES-B Gosol &#8211; VTT 25 km, D+ 960 m, 6 cols\"}]},{\"@type\":\"WebSite\",\"@id\":\"https:\/\/centcols.org\/#website\",\"url\":\"https:\/\/centcols.org\/\",\"name\":\"Club des Cent Cols\",\"description\":\"\",\"publisher\":{\"@id\":\"https:\/\/centcols.org\/#organization\"},\"potentialAction\":[{\"@type\":\"SearchAction\",\"target\":{\"@type\":\"EntryPoint\",\"urlTemplate\":\"https:\/\/centcols.org\/?s={search_term_string}\"},\"query-input\":{\"@type\":\"PropertyValueSpecification\",\"valueRequired\":true,\"valueName\":\"search_term_string\"}}],\"inLanguage\":\"nl-BE\"},{\"@type\":\"Organization\",\"@id\":\"https:\/\/centcols.org\/#organization\",\"name\":\"Club des Cent Cols\",\"url\":\"https:\/\/centcols.org\/\",\"logo\":{\"@type\":\"ImageObject\",\"inLanguage\":\"nl-BE\",\"@id\":\"https:\/\/centcols.org\/#\/schema\/logo\/image\/\",\"url\":\"https:\/\/centcols.org\/wp-content\/uploads\/2025\/01\/carte-icone.png\",\"contentUrl\":\"https:\/\/centcols.org\/wp-content\/uploads\/2025\/01\/carte-icone.png\",\"width\":250,\"height\":250,\"caption\":\"Club des Cent Cols\"},\"image\":{\"@id\":\"https:\/\/centcols.org\/#\/schema\/logo\/image\/\"},\"sameAs\":[\"https:\/\/www.facebook.com\/groups\/5261880558\/?locale=fr_FR\"]},{\"@type\":\"Person\",\"@id\":\"https:\/\/centcols.org\/#\/schema\/person\/6733615a03fdc98c0aef104567c81e13\",\"name\":\"R\u00e9gis Paraz\",\"image\":{\"@type\":\"ImageObject\",\"inLanguage\":\"nl-BE\",\"@id\":\"https:\/\/centcols.org\/wp-content\/litespeed\/avatar\/e5679bd124a28f7319d109cd5c2c0dd7.jpg?ver=1777239746\",\"url\":\"https:\/\/centcols.org\/wp-content\/litespeed\/avatar\/e5679bd124a28f7319d109cd5c2c0dd7.jpg?ver=1777239746\",\"contentUrl\":\"https:\/\/centcols.org\/wp-content\/litespeed\/avatar\/e5679bd124a28f7319d109cd5c2c0dd7.jpg?ver=1777239746\",\"caption\":\"R\u00e9gis Paraz\"},\"url\":\"https:\/\/centcols.org\/nl\/author\/3225\/\"}]}<\/script>\n<!-- \/ Yoast SEO plugin. -->","yoast_head_json":{"title":"ES-B Gosol - MTB 25 km, D+ 960 m, 6 passen - Club des Cent Cols","robots":{"index":"index","follow":"follow","max-snippet":"max-snippet:-1","max-image-preview":"max-image-preview:large","max-video-preview":"max-video-preview:-1"},"canonical":"https:\/\/centcols.org\/nl\/es-b-gosol-vtt\/","og_locale":"nl_BE","og_type":"article","og_title":"ES-B Gosol - VTT 25 km, D+ 960 m, 6 cols - Club des Cent Cols","og_description":"Description de l\u2019auteur Auteurs\u00a0: Patrick Mandard et Philippe ChazottierParcours\u00a0: effectu\u00e9 en octobre 2025D\u00e9part\u00a0: Depuis le belv\u00e9d\u00e8re sur la B400 entre Saldes et Gosol (\u00e0 2\u00a0km du col de la Trapa) Descriptif touristique Dans le massif forestier avec de belles vues sur le massif de Pedraforca et sur le Bergueda. Descriptif technique Ce parcours est cyclable [&hellip;]","og_url":"https:\/\/centcols.org\/nl\/es-b-gosol-vtt\/","og_site_name":"Club des Cent Cols","article_publisher":"https:\/\/www.facebook.com\/groups\/5261880558\/?locale=fr_FR","article_published_time":"2025-10-23T12:58:36+00:00","article_modified_time":"2026-03-14T15:21:19+00:00","og_image":[{"width":1200,"height":900,"url":"https:\/\/centcols.org\/wp-content\/uploads\/2025\/10\/gosol-01.jpg","type":"image\/jpeg"}],"author":"R\u00e9gis Paraz","twitter_card":"summary_large_image","twitter_misc":{"Geschreven door":"R\u00e9gis Paraz","Geschatte leestijd":"2 minuten"},"schema":{"@context":"https:\/\/schema.org","@graph":[{"@type":"Article","@id":"https:\/\/centcols.org\/es-b-gosol-vtt\/#article","isPartOf":{"@id":"https:\/\/centcols.org\/es-b-gosol-vtt\/"},"author":{"name":"R\u00e9gis Paraz","@id":"https:\/\/centcols.org\/#\/schema\/person\/6733615a03fdc98c0aef104567c81e13"},"headline":"ES-B Gosol &#8211; VTT 25 km, D+ 960 m, 6 cols","datePublished":"2025-10-23T12:58:36+00:00","dateModified":"2026-03-14T15:21:19+00:00","mainEntityOfPage":{"@id":"https:\/\/centcols.org\/es-b-gosol-vtt\/"},"wordCount":221,"commentCount":0,"publisher":{"@id":"https:\/\/centcols.org\/#organization"},"image":{"@id":"https:\/\/centcols.org\/es-b-gosol-vtt\/#primaryimage"},"thumbnailUrl":"https:\/\/centcols.org\/wp-content\/uploads\/2025\/10\/gosol-01.jpg","articleSection":["Parcours Espagne","VTT","Barcelone","Parcours membres"],"inLanguage":"nl-BE","potentialAction":[{"@type":"CommentAction","name":"Comment","target":["https:\/\/centcols.org\/es-b-gosol-vtt\/#respond"]}]},{"@type":"WebPage","@id":"https:\/\/centcols.org\/es-b-gosol-vtt\/","url":"https:\/\/centcols.org\/es-b-gosol-vtt\/","name":"ES-B Gosol - MTB 25 km, D+ 960 m, 6 passen - Club des Cent Cols","isPartOf":{"@id":"https:\/\/centcols.org\/#website"},"primaryImageOfPage":{"@id":"https:\/\/centcols.org\/es-b-gosol-vtt\/#primaryimage"},"image":{"@id":"https:\/\/centcols.org\/es-b-gosol-vtt\/#primaryimage"},"thumbnailUrl":"https:\/\/centcols.org\/wp-content\/uploads\/2025\/10\/gosol-01.jpg","datePublished":"2025-10-23T12:58:36+00:00","dateModified":"2026-03-14T15:21:19+00:00","breadcrumb":{"@id":"https:\/\/centcols.org\/es-b-gosol-vtt\/#breadcrumb"},"inLanguage":"nl-BE","potentialAction":[{"@type":"ReadAction","target":["https:\/\/centcols.org\/es-b-gosol-vtt\/"]}]},{"@type":"ImageObject","inLanguage":"nl-BE","@id":"https:\/\/centcols.org\/es-b-gosol-vtt\/#primaryimage","url":"https:\/\/centcols.org\/wp-content\/uploads\/2025\/10\/gosol-01.jpg","contentUrl":"https:\/\/centcols.org\/wp-content\/uploads\/2025\/10\/gosol-01.jpg","width":1200,"height":900},{"@type":"BreadcrumbList","@id":"https:\/\/centcols.org\/es-b-gosol-vtt\/#breadcrumb","itemListElement":[{"@type":"ListItem","position":1,"name":"Accueil","item":"https:\/\/centcols.org\/"},{"@type":"ListItem","position":2,"name":"Parcours membres","item":"https:\/\/centcols.org\/rubrique\/parcours-membres\/"},{"@type":"ListItem","position":3,"name":"Pays","item":"https:\/\/centcols.org\/rubrique\/parcours-membres\/pays-parcours-membres\/"},{"@type":"ListItem","position":4,"name":"Parcours Espagne","item":"https:\/\/centcols.org\/rubrique\/parcours-membres\/pays-parcours-membres\/parcours-espagne\/"},{"@type":"ListItem","position":5,"name":"ES-B Gosol &#8211; VTT 25 km, D+ 960 m, 6 cols"}]},{"@type":"WebSite","@id":"https:\/\/centcols.org\/#website","url":"https:\/\/centcols.org\/","name":"Club van Cent Cols","description":"","publisher":{"@id":"https:\/\/centcols.org\/#organization"},"potentialAction":[{"@type":"SearchAction","target":{"@type":"EntryPoint","urlTemplate":"https:\/\/centcols.org\/?s={search_term_string}"},"query-input":{"@type":"PropertyValueSpecification","valueRequired":true,"valueName":"search_term_string"}}],"inLanguage":"nl-BE"},{"@type":"Organization","@id":"https:\/\/centcols.org\/#organization","name":"Club van Cent Cols","url":"https:\/\/centcols.org\/","logo":{"@type":"ImageObject","inLanguage":"nl-BE","@id":"https:\/\/centcols.org\/#\/schema\/logo\/image\/","url":"https:\/\/centcols.org\/wp-content\/uploads\/2025\/01\/carte-icone.png","contentUrl":"https:\/\/centcols.org\/wp-content\/uploads\/2025\/01\/carte-icone.png","width":250,"height":250,"caption":"Club des Cent Cols"},"image":{"@id":"https:\/\/centcols.org\/#\/schema\/logo\/image\/"},"sameAs":["https:\/\/www.facebook.com\/groups\/5261880558\/?locale=fr_FR"]},{"@type":"Person","@id":"https:\/\/centcols.org\/#\/schema\/person\/6733615a03fdc98c0aef104567c81e13","name":"R\u00e9gis Paraz","image":{"@type":"ImageObject","inLanguage":"nl-BE","@id":"https:\/\/centcols.org\/wp-content\/litespeed\/avatar\/e5679bd124a28f7319d109cd5c2c0dd7.jpg?ver=1777239746","url":"https:\/\/centcols.org\/wp-content\/litespeed\/avatar\/e5679bd124a28f7319d109cd5c2c0dd7.jpg?ver=1777239746","contentUrl":"https:\/\/centcols.org\/wp-content\/litespeed\/avatar\/e5679bd124a28f7319d109cd5c2c0dd7.jpg?ver=1777239746","caption":"R\u00e9gis Paraz"},"url":"https:\/\/centcols.org\/nl\/author\/3225\/"}]}},"_links":{"self":[{"href":"https:\/\/centcols.org\/nl\/wp-json\/wp\/v2\/posts\/91139","targetHints":{"allow":["GET"]}}],"collection":[{"href":"https:\/\/centcols.org\/nl\/wp-json\/wp\/v2\/posts"}],"about":[{"href":"https:\/\/centcols.org\/nl\/wp-json\/wp\/v2\/types\/post"}],"author":[{"embeddable":true,"href":"https:\/\/centcols.org\/nl\/wp-json\/wp\/v2\/users\/5112"}],"replies":[{"embeddable":true,"href":"https:\/\/centcols.org\/nl\/wp-json\/wp\/v2\/comments?post=91139"}],"version-history":[{"count":0,"href":"https:\/\/centcols.org\/nl\/wp-json\/wp\/v2\/posts\/91139\/revisions"}],"wp:featuredmedia":[{"embeddable":true,"href":"https:\/\/centcols.org\/nl\/wp-json\/wp\/v2\/media\/91148"}],"wp:attachment":[{"href":"https:\/\/centcols.org\/nl\/wp-json\/wp\/v2\/media?parent=91139"}],"wp:term":[{"taxonomy":"category","embeddable":true,"href":"https:\/\/centcols.org\/nl\/wp-json\/wp\/v2\/categories?post=91139"},{"taxonomy":"post_tag","embeddable":true,"href":"https:\/\/centcols.org\/nl\/wp-json\/wp\/v2\/tags?post=91139"}],"curies":[{"name":"wp","href":"https:\/\/api.w.org\/{rel}","templated":true}]}}