{"id":91155,"date":"2025-11-14T14:03:05","date_gmt":"2025-11-14T12:03:05","guid":{"rendered":"https:\/\/centcols.org\/?p=91155"},"modified":"2026-02-12T21:29:31","modified_gmt":"2026-02-12T19:29:31","slug":"thonon-trieste-fred-singla-2025","status":"publish","type":"post","link":"https:\/\/centcols.org\/nl\/thonon-trieste-fred-singla-2025\/","title":{"rendered":"Thonon Tri\u00ebst: Fred Singla cc 5173"},"content":{"rendered":"<p>Na de <a href=\"https:\/\/centcols.org\/nl\/thonon-trieste-jean-marc-lefevre-cc-3331\/\" target=\"_blank\" rel=\"noreferrer noopener\">verteld door Jean-Marc Lef\u00e8vre<\/a> en <a href=\"https:\/\/centcols.org\/nl\/trieste-thonon-oversteek-van-de-alpenboog-op-de-fiets\/\" target=\"_blank\" rel=\"noreferrer noopener\">Philippe Chazottier's<\/a> is het de beurt aan Fred Singla om over zijn avontuur te vertellen. Een prachtige fietstocht, ontworpen door Georges Rossini, die het Meer van Gen\u00e8ve met de Adriatische Zee verbindt, over een aantal passen.<\/p>\n\n\n\n<figure class=\"wp-block-image size-full\"><a href=\"https:\/\/centcols.org\/wp-content\/uploads\/2025\/10\/carte-thono-trieste.jpeg\"><img loading=\"lazy\" decoding=\"async\" width=\"1307\" height=\"318\" src=\"https:\/\/centcols.org\/wp-content\/uploads\/2025\/10\/carte-thono-trieste.jpeg\" alt=\"\" class=\"wp-image-91161\" srcset=\"https:\/\/centcols.org\/wp-content\/uploads\/2025\/10\/carte-thono-trieste.jpeg 1307w, https:\/\/centcols.org\/wp-content\/uploads\/2025\/10\/carte-thono-trieste-1200x292.jpeg 1200w, https:\/\/centcols.org\/wp-content\/uploads\/2025\/10\/carte-thono-trieste-768x187.jpeg 768w, https:\/\/centcols.org\/wp-content\/uploads\/2025\/10\/carte-thono-trieste-18x4.jpeg 18w\" sizes=\"auto, (max-width: 1307px) 100vw, 1307px\" \/><\/a><\/figure>\n\n\n\n<blockquote class=\"wp-block-quote is-layout-flow wp-block-quote-is-layout-flow\">\n<p>Klik op de podiumtitel onder de foto om met Fred en zijn twee vrienden mee te reizen. In elke aflevering kun je op alle foto's klikken voor een grotere weergave.<\/p>\n<\/blockquote>\n\n\n\n<div class=\"wp-block-group has-background\" style=\"background-color:#abb7c21f\"><div class=\"wp-block-group__inner-container is-layout-constrained wp-block-group-is-layout-constrained\">\n<h2 class=\"wp-block-heading has-text-align-center\">Overzicht van fasen<\/h2>\n\n\n\n<div class=\"wp-block-columns is-layout-flex wp-container-core-columns-is-layout-9d6595d7 wp-block-columns-is-layout-flex\">\n<div class=\"wp-block-column is-layout-flow wp-block-column-is-layout-flow\">\n<figure class=\"wp-block-image size-large img-angles-carres\"><a href=\"https:\/\/centcols.org\/wp-content\/uploads\/2025\/10\/Thonon-Trieste-FS_etape01-01.jpg\"><img decoding=\"async\" src=\"https:\/\/centcols.org\/wp-content\/uploads\/2025\/10\/Thonon-Trieste-FS_etape01-01.jpg\" alt=\"\"\/><\/a><\/figure>\n\n\n\n<h5 class=\"wp-block-heading\"><em><a href=\"https:\/\/centcols.org\/nl\/thonon-trieste-fred-singla-2025\/2\/\" target=\"_blank\" rel=\"noreferrer noopener\">Dag 1: Thonon-les-Bains naar Brig (Zwitserland)<\/a><\/em><\/h5>\n<\/div>\n\n\n\n<div class=\"wp-block-column is-layout-flow wp-block-column-is-layout-flow\">\n<figure class=\"wp-block-image size-full img-angles-carres\"><img loading=\"lazy\" decoding=\"async\" width=\"1176\" height=\"785\" src=\"https:\/\/centcols.org\/wp-content\/uploads\/2025\/10\/Thonon-Trieste-FS_etape02-09.jpg\" alt=\"\" class=\"wp-image-91227\" srcset=\"https:\/\/centcols.org\/wp-content\/uploads\/2025\/10\/Thonon-Trieste-FS_etape02-09.jpg 1176w, https:\/\/centcols.org\/wp-content\/uploads\/2025\/10\/Thonon-Trieste-FS_etape02-09-768x513.jpg 768w, https:\/\/centcols.org\/wp-content\/uploads\/2025\/10\/Thonon-Trieste-FS_etape02-09-18x12.jpg 18w\" sizes=\"auto, (max-width: 1176px) 100vw, 1176px\" \/><\/figure>\n\n\n\n<h5 class=\"wp-block-heading\"><em><a href=\"https:\/\/centcols.org\/nl\/thonon-trieste-fred-singla-2025\/1\/\" target=\"_blank\" rel=\"noreferrer noopener\"><\/a><a href=\"https:\/\/centcols.org\/nl\/thonon-trieste-fred-singla-2025\/3\/\" target=\"_blank\" rel=\"noreferrer noopener\">Dag 2: Brig (Zwitserland) naar Verbania (Itali\u00eb)<\/a><\/em><\/h5>\n<\/div>\n\n\n\n<div class=\"wp-block-column is-layout-flow wp-block-column-is-layout-flow\">\n<figure class=\"wp-block-image size-full img-angles-carres\"><img loading=\"lazy\" decoding=\"async\" width=\"1200\" height=\"802\" src=\"https:\/\/centcols.org\/wp-content\/uploads\/2025\/10\/Thonon-Trieste-FS_etape03-15.jpg\" alt=\"\" class=\"wp-image-91257\" srcset=\"https:\/\/centcols.org\/wp-content\/uploads\/2025\/10\/Thonon-Trieste-FS_etape03-15.jpg 1200w, https:\/\/centcols.org\/wp-content\/uploads\/2025\/10\/Thonon-Trieste-FS_etape03-15-768x513.jpg 768w, https:\/\/centcols.org\/wp-content\/uploads\/2025\/10\/Thonon-Trieste-FS_etape03-15-18x12.jpg 18w\" sizes=\"auto, (max-width: 1200px) 100vw, 1200px\" \/><\/figure>\n\n\n\n<h5 class=\"wp-block-heading\"><em><a href=\"https:\/\/centcols.org\/nl\/thonon-trieste-fred-singla-2025\/4\/\" target=\"_blank\" rel=\"noreferrer noopener\">Dag 3: Verbania naar Campodolcino<\/a><\/em><\/h5>\n<\/div>\n\n\n\n<div class=\"wp-block-column is-layout-flow wp-block-column-is-layout-flow\">\n<figure class=\"wp-block-image size-full img-angles-carres\"><img loading=\"lazy\" decoding=\"async\" width=\"1307\" height=\"873\" src=\"https:\/\/centcols.org\/wp-content\/uploads\/2025\/10\/Thonon-Trieste-FS_etape04-07.jpg\" alt=\"\" class=\"wp-image-91269\" srcset=\"https:\/\/centcols.org\/wp-content\/uploads\/2025\/10\/Thonon-Trieste-FS_etape04-07.jpg 1307w, https:\/\/centcols.org\/wp-content\/uploads\/2025\/10\/Thonon-Trieste-FS_etape04-07-1200x802.jpg 1200w, https:\/\/centcols.org\/wp-content\/uploads\/2025\/10\/Thonon-Trieste-FS_etape04-07-768x513.jpg 768w, https:\/\/centcols.org\/wp-content\/uploads\/2025\/10\/Thonon-Trieste-FS_etape04-07-18x12.jpg 18w\" sizes=\"auto, (max-width: 1307px) 100vw, 1307px\" \/><\/figure>\n\n\n\n<h5 class=\"wp-block-heading\"><em><a href=\"https:\/\/centcols.org\/nl\/thonon-trieste-fred-singla-2025\/1\/\" target=\"_blank\" rel=\"noreferrer noopener\"><\/a><a href=\"https:\/\/centcols.org\/nl\/thonon-trieste-fred-singla-2025\/5\/\" target=\"_blank\" rel=\"noreferrer noopener\">Dag 4: Campodolcino naar Livigno<\/a><\/em><\/h5>\n<\/div>\n\n\n\n<div class=\"wp-block-column is-layout-flow wp-block-column-is-layout-flow\">\n<figure class=\"wp-block-image size-full img-angles-carres\"><img loading=\"lazy\" decoding=\"async\" width=\"1307\" height=\"873\" src=\"https:\/\/centcols.org\/wp-content\/uploads\/2025\/10\/Thonon-Trieste-FS_etape05-12.jpg\" alt=\"\" class=\"wp-image-91319\" srcset=\"https:\/\/centcols.org\/wp-content\/uploads\/2025\/10\/Thonon-Trieste-FS_etape05-12.jpg 1307w, https:\/\/centcols.org\/wp-content\/uploads\/2025\/10\/Thonon-Trieste-FS_etape05-12-1200x802.jpg 1200w, https:\/\/centcols.org\/wp-content\/uploads\/2025\/10\/Thonon-Trieste-FS_etape05-12-768x513.jpg 768w, https:\/\/centcols.org\/wp-content\/uploads\/2025\/10\/Thonon-Trieste-FS_etape05-12-18x12.jpg 18w\" sizes=\"auto, (max-width: 1307px) 100vw, 1307px\" \/><\/figure>\n\n\n\n<h5 class=\"wp-block-heading\"><em><a href=\"https:\/\/centcols.org\/nl\/thonon-trieste-fred-singla-2025\/1\/\" target=\"_blank\" rel=\"noreferrer noopener\"><\/a><a href=\"https:\/\/centcols.org\/nl\/thonon-trieste-fred-singla-2025\/6\/\" target=\"_blank\" rel=\"noreferrer noopener\">Dag 5: Livigno naar Malles-Venosta<\/a><\/em><\/h5>\n<\/div>\n\n\n\n<div class=\"wp-block-column is-layout-flow wp-block-column-is-layout-flow\">\n<figure class=\"wp-block-image size-full img-angles-carres\"><img loading=\"lazy\" decoding=\"async\" width=\"1307\" height=\"873\" src=\"https:\/\/centcols.org\/wp-content\/uploads\/2025\/10\/Thonon-Trieste-FS_etape06-05.jpg\" alt=\"\" class=\"wp-image-91365\" srcset=\"https:\/\/centcols.org\/wp-content\/uploads\/2025\/10\/Thonon-Trieste-FS_etape06-05.jpg 1307w, https:\/\/centcols.org\/wp-content\/uploads\/2025\/10\/Thonon-Trieste-FS_etape06-05-1200x802.jpg 1200w, https:\/\/centcols.org\/wp-content\/uploads\/2025\/10\/Thonon-Trieste-FS_etape06-05-768x513.jpg 768w, https:\/\/centcols.org\/wp-content\/uploads\/2025\/10\/Thonon-Trieste-FS_etape06-05-18x12.jpg 18w\" sizes=\"auto, (max-width: 1307px) 100vw, 1307px\" \/><\/figure>\n\n\n\n<h5 class=\"wp-block-heading\"><em><a href=\"https:\/\/centcols.org\/nl\/thonon-trieste-fred-singla-2025\/1\/\" target=\"_blank\" rel=\"noreferrer noopener\"><\/a><a href=\"https:\/\/centcols.org\/nl\/thonon-trieste-fred-singla-2025\/7\/\" target=\"_blank\" rel=\"noreferrer noopener\">Dag 6: Malles-Venosta naar Bolzano<\/a><\/em><\/h5>\n<\/div>\n<\/div>\n\n\n\n<div class=\"wp-block-columns is-layout-flex wp-container-core-columns-is-layout-9d6595d7 wp-block-columns-is-layout-flex\">\n<div class=\"wp-block-column is-layout-flow wp-block-column-is-layout-flow\">\n<figure class=\"wp-block-image size-full img-angles-carres\"><img loading=\"lazy\" decoding=\"async\" width=\"1200\" height=\"802\" src=\"https:\/\/centcols.org\/wp-content\/uploads\/2025\/10\/Thonon-Trieste-FS_etape07-29.jpg\" alt=\"\" class=\"wp-image-91476\" srcset=\"https:\/\/centcols.org\/wp-content\/uploads\/2025\/10\/Thonon-Trieste-FS_etape07-29.jpg 1200w, https:\/\/centcols.org\/wp-content\/uploads\/2025\/10\/Thonon-Trieste-FS_etape07-29-768x513.jpg 768w, https:\/\/centcols.org\/wp-content\/uploads\/2025\/10\/Thonon-Trieste-FS_etape07-29-18x12.jpg 18w\" sizes=\"auto, (max-width: 1200px) 100vw, 1200px\" \/><\/figure>\n\n\n\n<h5 class=\"wp-block-heading\"><em><a href=\"https:\/\/centcols.org\/nl\/thonon-trieste-fred-singla-2025\/1\/\" target=\"_blank\" rel=\"noreferrer noopener\"><\/a><a href=\"https:\/\/centcols.org\/nl\/thonon-trieste-fred-singla-2025\/8\/\" target=\"_blank\" rel=\"noreferrer noopener\">Dag 7: Bolzano naar Arabba<\/a><\/em><\/h5>\n<\/div>\n\n\n\n<div class=\"wp-block-column is-layout-flow wp-block-column-is-layout-flow\">\n<figure class=\"wp-block-image size-full img-angles-carres\"><img loading=\"lazy\" decoding=\"async\" width=\"1200\" height=\"802\" src=\"https:\/\/centcols.org\/wp-content\/uploads\/2025\/10\/Thonon-Trieste-FS_etape08-05.jpg\" alt=\"\" class=\"wp-image-91511\" srcset=\"https:\/\/centcols.org\/wp-content\/uploads\/2025\/10\/Thonon-Trieste-FS_etape08-05.jpg 1200w, https:\/\/centcols.org\/wp-content\/uploads\/2025\/10\/Thonon-Trieste-FS_etape08-05-768x513.jpg 768w, https:\/\/centcols.org\/wp-content\/uploads\/2025\/10\/Thonon-Trieste-FS_etape08-05-18x12.jpg 18w\" sizes=\"auto, (max-width: 1200px) 100vw, 1200px\" \/><\/figure>\n\n\n\n<h5 class=\"wp-block-heading\"><em><a href=\"https:\/\/centcols.org\/nl\/thonon-trieste-fred-singla-2025\/1\/\" target=\"_blank\" rel=\"noreferrer noopener\"><\/a><a href=\"https:\/\/centcols.org\/nl\/thonon-trieste-fred-singla-2025\/9\/\" target=\"_blank\" rel=\"noreferrer noopener\">Dag 8: Rustdag.  Lus rond het hotel.<\/a><\/em><\/h5>\n<\/div>\n\n\n\n<div class=\"wp-block-column is-layout-flow wp-block-column-is-layout-flow\">\n<figure class=\"wp-block-image size-full img-angles-carres\"><img loading=\"lazy\" decoding=\"async\" width=\"1200\" height=\"802\" src=\"https:\/\/centcols.org\/wp-content\/uploads\/2025\/10\/Thonon-Trieste-FS_etape09-07.jpg\" alt=\"\" class=\"wp-image-91566\" srcset=\"https:\/\/centcols.org\/wp-content\/uploads\/2025\/10\/Thonon-Trieste-FS_etape09-07.jpg 1200w, https:\/\/centcols.org\/wp-content\/uploads\/2025\/10\/Thonon-Trieste-FS_etape09-07-768x513.jpg 768w, https:\/\/centcols.org\/wp-content\/uploads\/2025\/10\/Thonon-Trieste-FS_etape09-07-18x12.jpg 18w\" sizes=\"auto, (max-width: 1200px) 100vw, 1200px\" \/><\/figure>\n\n\n\n<h5 class=\"wp-block-heading\"><em><a href=\"https:\/\/centcols.org\/nl\/thonon-trieste-fred-singla-2025\/9\/\"><\/a><a href=\"https:\/\/centcols.org\/nl\/thonon-trieste-fred-singla-2025\/#heading-1761755335652-9\"><\/a><a href=\"https:\/\/centcols.org\/nl\/thonon-trieste-fred-singla-2025\/10\/\" target=\"_blank\" rel=\"noreferrer noopener\">Dag 9: Arabba naar Vigo-di-Cadore<\/a><\/em><\/h5>\n<\/div>\n\n\n\n<div class=\"wp-block-column is-layout-flow wp-block-column-is-layout-flow\">\n<figure class=\"wp-block-image size-full img-angles-carres\"><img loading=\"lazy\" decoding=\"async\" width=\"1200\" height=\"802\" src=\"https:\/\/centcols.org\/wp-content\/uploads\/2025\/10\/Thonon-Trieste-FS_etape10-16.jpg\" alt=\"\" class=\"wp-image-91612\" srcset=\"https:\/\/centcols.org\/wp-content\/uploads\/2025\/10\/Thonon-Trieste-FS_etape10-16.jpg 1200w, https:\/\/centcols.org\/wp-content\/uploads\/2025\/10\/Thonon-Trieste-FS_etape10-16-768x513.jpg 768w, https:\/\/centcols.org\/wp-content\/uploads\/2025\/10\/Thonon-Trieste-FS_etape10-16-18x12.jpg 18w\" sizes=\"auto, (max-width: 1200px) 100vw, 1200px\" \/><\/figure>\n\n\n\n<h5 class=\"wp-block-heading\"><em><a href=\"https:\/\/centcols.org\/nl\/thonon-trieste-fred-singla-2025\/1\/\" target=\"_blank\" rel=\"noreferrer noopener\"><\/a><a href=\"https:\/\/centcols.org\/nl\/thonon-trieste-fred-singla-2025\/11\/\" target=\"_blank\" rel=\"noreferrer noopener\">Dag 10: Vigo-di-Cadore naar<\/a><a href=\"https:\/\/centcols.org\/nl\/thonon-trieste-fred-singla-2025\/10\/\" target=\"_blank\" rel=\"noreferrer noopener\"> <\/a><a href=\"https:\/\/centcols.org\/nl\/thonon-trieste-fred-singla-2025\/1\/\" target=\"_blank\" rel=\"noreferrer noopener\"><\/a><a href=\"https:\/\/centcols.org\/nl\/thonon-trieste-fred-singla-2025\/#heading-1761755335652-10\">Tarcento + LE Zoncolan!<\/a><\/em><\/h5>\n<\/div>\n\n\n\n<div class=\"wp-block-column is-layout-flow wp-block-column-is-layout-flow\">\n<figure class=\"wp-block-image size-full img-angles-carres\"><img loading=\"lazy\" decoding=\"async\" width=\"1200\" height=\"802\" src=\"https:\/\/centcols.org\/wp-content\/uploads\/2025\/10\/Thonon-Trieste-FS_etape11-10.jpg\" alt=\"\" class=\"wp-image-91686\" srcset=\"https:\/\/centcols.org\/wp-content\/uploads\/2025\/10\/Thonon-Trieste-FS_etape11-10.jpg 1200w, https:\/\/centcols.org\/wp-content\/uploads\/2025\/10\/Thonon-Trieste-FS_etape11-10-768x513.jpg 768w, https:\/\/centcols.org\/wp-content\/uploads\/2025\/10\/Thonon-Trieste-FS_etape11-10-18x12.jpg 18w\" sizes=\"auto, (max-width: 1200px) 100vw, 1200px\" \/><\/figure>\n\n\n\n<h5 class=\"wp-block-heading\"><a href=\"https:\/\/centcols.org\/nl\/thonon-trieste-fred-singla-2025\/12\/\" target=\"_blank\" rel=\"noreferrer noopener\"><em>Dag 11: Tarcento naar <\/em>Tri\u00ebst<\/a><\/h5>\n<\/div>\n\n\n\n<div class=\"wp-block-column is-layout-flow wp-block-column-is-layout-flow\">\n<figure class=\"wp-block-image size-full img-angles-carres\"><img loading=\"lazy\" decoding=\"async\" width=\"1200\" height=\"802\" src=\"https:\/\/centcols.org\/wp-content\/uploads\/2025\/10\/Thonon-Trieste-FS_etape12-09.jpg\" alt=\"\" class=\"wp-image-91713\" srcset=\"https:\/\/centcols.org\/wp-content\/uploads\/2025\/10\/Thonon-Trieste-FS_etape12-09.jpg 1200w, https:\/\/centcols.org\/wp-content\/uploads\/2025\/10\/Thonon-Trieste-FS_etape12-09-768x513.jpg 768w, https:\/\/centcols.org\/wp-content\/uploads\/2025\/10\/Thonon-Trieste-FS_etape12-09-18x12.jpg 18w\" sizes=\"auto, (max-width: 1200px) 100vw, 1200px\" \/><\/figure>\n\n\n\n<h5 class=\"wp-block-heading\"><em><a href=\"https:\/\/centcols.org\/nl\/thonon-trieste-fred-singla-2025\/13\/\" target=\"_blank\" rel=\"noreferrer noopener\">Dag 12: Fietsen in Sloveni\u00eb en een bezoek aan Tri\u00ebst<\/a><\/em><\/h5>\n<\/div>\n<\/div>\n<\/div><\/div>\n\n\n\n<h2 class=\"wp-block-heading\">De proloog<\/h2>\n\n\n\n<p><em>Zaterdag 23 augustus :<\/em><\/p>\n\n\n\n<p>Het is zover, we zijn in Thonon-les-Bains! Na een paar jaar te zijn uitgesteld, kan het avontuur beginnen \ud83d\ude0a. Over een paar dagen moeten we in Tri\u00ebst zijn nadat we de Alpenboog zijn overgestoken en de grote passen van de Alpen hebben bedwongen. Hier staan we dan, Bruno (cc 7753) en ik, aan de voet van de muur en Jean-Marc aan het stuur van de Partner.<\/p>\n\n\n\n<p>Jean-Marc en ik kennen elkaar sinds de universiteit. Dat is 42 jaar. We hebben elkaars kinderen geboren zien worden. Ik ben de tel kwijtgeraakt van het aantal keren dat we samen hebben gegeten, oud en nieuw hebben gevierd en andere festiviteiten hebben gedeeld. Onze twee koppels zijn al samen op vakantie geweest. Wat Bruno betreft, het is meer dan 25 jaar geleden dat we elkaar ontmoetten en vrienden werden. Hij heeft vaak deelgenomen aan de hierboven genoemde nieuwjaarsvieringen en andere maaltijden. En ik ben de tel kwijtgeraakt van het aantal fietstochten dat we samen hebben gemaakt. In 2013 vergezelden we me met z'n twee\u00ebn op een fietstocht naar Marokko. En in 2019 voor een reis, opnieuw met de fiets, naar Colorado. Het was na deze reis dat Bruno zich bij onze grote broederschap voegde. Ik ben lid sinds 2000. En in de afgelopen jaren heb ik deelgenomen aan vele CCC-tochten. De meeste in het gezelschap van Bruno. En sommigen van jullie kennen mij misschien van het Rassemblement Pyr\u00e9n\u00e9en Bernardini, dat ik al enkele jaren voor jullie organiseer.<\/p>\n\n\n\n<p>Ik twijfel er dus absoluut niet aan dat onze kleine groep goed zal werken (en dat zal ook gebeuren!). Dat was het voor de presentatie van ons team. Laten we verder gaan met de uitrusting.<br><br>Ik was van plan om met mijn gravelfiets op pad te gaan (die heeft de juiste ontwikkelingen en een zeer comfortabele positie). Door een technisch probleem met een van de kettingbladen kon ik die niet meenemen. Het was onmogelijk om het onderdeel te krijgen voordat we vertrokken. De ontwikkelingen van de Roubaix zouden me niet in staat hebben gesteld om de geplande moeilijke beklimmingen te voltooien.<br>. Ik moest dus dringend een nieuwe fiets kopen. Haast? Niet echt, want ik was een paar weken geleden al begonnen met het bekijken van modellen. De Roubaix begon te verslijten na 15 jaar en bijna 160.000 euro.<br>km ... (Als je je hond wilt doden, beschuldig hem dan van hondsdolheid \ud83d\ude09 ).<br><br>Deze klim van 1300 kilometer en 25.000 meter zal een goede opwarmingsgalop zijn voor deze nieuwe fiets: Orbea Orca M30 voor de kenners.<\/p>\n\n\n<div class=\"wp-block-image\">\n<figure class=\"aligncenter size-full is-resized\"><img loading=\"lazy\" decoding=\"async\" width=\"1200\" height=\"554\" src=\"https:\/\/centcols.org\/wp-content\/uploads\/2025\/10\/Orbea-Orca-M30r.jpg\" alt=\"\" class=\"wp-image-91197\" style=\"width:800px\" srcset=\"https:\/\/centcols.org\/wp-content\/uploads\/2025\/10\/Orbea-Orca-M30r.jpg 1200w, https:\/\/centcols.org\/wp-content\/uploads\/2025\/10\/Orbea-Orca-M30r-768x355.jpg 768w, https:\/\/centcols.org\/wp-content\/uploads\/2025\/10\/Orbea-Orca-M30r-18x8.jpg 18w\" sizes=\"auto, (max-width: 1200px) 100vw, 1200px\" \/><figcaption class=\"wp-element-caption\">Hier is het beest. En ik kan je achteraf zeggen dat het zijn rol heel goed vervulde!<\/figcaption><\/figure>\n<\/div>\n\n\n<div class=\"wp-block-buttons is-content-justification-right is-layout-flex wp-container-core-buttons-is-layout-765c4724 wp-block-buttons-is-layout-flex\">\n<div class=\"wp-block-button\"><a class=\"wp-block-button__link has-text-color has-background has-link-color wp-element-button\" href=\"https:\/\/centcols.org\/nl\/thonon-trieste-fred-singla-2025\/2\/\" style=\"color:#2a488c;background-color:#88f2fd;text-transform:uppercase\"><strong>Eerste<\/strong> <strong>Stap <\/strong><\/a><\/div>\n<\/div>\n\n\n\n<!--nextpage-->\n\n\n\n<h2 class=\"wp-block-heading\"><em> Dag 1: Thonon-les-Bains naar Brig (Zwitserland)<\/em><\/h2>\n\n\n\n<p>169 km - 1700 m den+, 1 pas<\/p>\n\n\n\n<p>Een snelle blik op het meer van Gen\u00e8ve en we gaan op weg naar Thonon-les-Bains. We maken een lange reis. .<\/p>\n\n\n<div class=\"wp-block-image\">\n<figure class=\"aligncenter size-full\"><a href=\"https:\/\/centcols.org\/wp-content\/uploads\/2025\/10\/Thonon-Trieste-FS_etape01-01.jpg\"><img loading=\"lazy\" decoding=\"async\" width=\"1176\" height=\"785\" src=\"https:\/\/centcols.org\/wp-content\/uploads\/2025\/10\/Thonon-Trieste-FS_etape01-01.jpg\" alt=\"\" class=\"wp-image-91163\" srcset=\"https:\/\/centcols.org\/wp-content\/uploads\/2025\/10\/Thonon-Trieste-FS_etape01-01.jpg 1176w, https:\/\/centcols.org\/wp-content\/uploads\/2025\/10\/Thonon-Trieste-FS_etape01-01-768x513.jpg 768w, https:\/\/centcols.org\/wp-content\/uploads\/2025\/10\/Thonon-Trieste-FS_etape01-01-18x12.jpg 18w\" sizes=\"auto, (max-width: 1176px) 100vw, 1176px\" \/><\/a><figcaption class=\"wp-element-caption\">Meer van Gen\u00e8ve<\/figcaption><\/figure>\n<\/div>\n\n\n<p>Na 15 km komen we op een weg die is afgesloten - en afgesloten was het - vanwege wegwerkzaamheden. De voorgestelde omleiding is erg lang en we besluiten door te gaan.<br>Het is maar goed dat het zondag is, want de arbeiders zouden ons nooit doorgelaten hebben...<br>Ze maken de klif vrij die uitkijkt over de weg waar Bruno op rijdt. We steken het obstakel over en al snel... is er geen weg meer!<\/p>\n\n\n\n<p>Daarna staan we voor niet minder dan twee portalen. Het is in het aangezicht van tegenslag dat het gezegde \u00abkracht in getallen\u00bb echt tot zijn recht komt. Deze obstakels zouden voor \u00e9\u00e9n persoon bijna onmogelijk te overwinnen zijn geweest.<\/p>\n\n\n\n<figure class=\"wp-block-gallery has-nested-images columns-default is-cropped wp-block-gallery-1 is-layout-flex wp-block-gallery-is-layout-flex\">\n<figure class=\"wp-block-image size-large\"><a href=\"https:\/\/centcols.org\/wp-content\/uploads\/2025\/10\/Thonon-Trieste-FS_etape01-02.jpg\"><img loading=\"lazy\" decoding=\"async\" width=\"1176\" height=\"785\" data-id=\"91164\" src=\"https:\/\/centcols.org\/wp-content\/uploads\/2025\/10\/Thonon-Trieste-FS_etape01-02.jpg\" alt=\"\" class=\"wp-image-91164\" srcset=\"https:\/\/centcols.org\/wp-content\/uploads\/2025\/10\/Thonon-Trieste-FS_etape01-02.jpg 1176w, https:\/\/centcols.org\/wp-content\/uploads\/2025\/10\/Thonon-Trieste-FS_etape01-02-768x513.jpg 768w, https:\/\/centcols.org\/wp-content\/uploads\/2025\/10\/Thonon-Trieste-FS_etape01-02-18x12.jpg 18w\" sizes=\"auto, (max-width: 1176px) 100vw, 1176px\" \/><\/a><\/figure>\n\n\n\n<figure class=\"wp-block-image size-large\"><a href=\"https:\/\/centcols.org\/wp-content\/uploads\/2025\/10\/Thonon-Trieste-FS_etape01-03.jpg\"><img loading=\"lazy\" decoding=\"async\" width=\"1176\" height=\"785\" data-id=\"91165\" src=\"https:\/\/centcols.org\/wp-content\/uploads\/2025\/10\/Thonon-Trieste-FS_etape01-03.jpg\" alt=\"\" class=\"wp-image-91165\" srcset=\"https:\/\/centcols.org\/wp-content\/uploads\/2025\/10\/Thonon-Trieste-FS_etape01-03.jpg 1176w, https:\/\/centcols.org\/wp-content\/uploads\/2025\/10\/Thonon-Trieste-FS_etape01-03-768x513.jpg 768w, https:\/\/centcols.org\/wp-content\/uploads\/2025\/10\/Thonon-Trieste-FS_etape01-03-18x12.jpg 18w\" sizes=\"auto, (max-width: 1176px) 100vw, 1176px\" \/><\/a><\/figure>\n<\/figure>\n\n\n\n<p>Daarna reden we door Abondance en Ch\u00e2tel. Ch\u00e2tel had het genoegen om een paar weken eerder gastheer te zijn van de Tour de France voor vrouwen.<br>Een klim later komen we aan bij de Pas de Morgins of Col d'Abondance, die de grens markeert. We zijn Zwitserland binnengestoken en bevinden ons nu in Wallis.<br>De pas is de eerste op onze reis. We bleven er even staan om het prachtige uitzicht op Ch\u00e2tel in ons op te nemen.<\/p>\n\n\n\n<figure class=\"wp-block-gallery aligncenter has-nested-images columns-default is-cropped wp-block-gallery-2 is-layout-flex wp-block-gallery-is-layout-flex\">\n<figure class=\"wp-block-image size-full\"><a href=\"https:\/\/centcols.org\/wp-content\/uploads\/2025\/10\/Thonon-Trieste-FS_etape01-05a.jpg\"><img loading=\"lazy\" decoding=\"async\" width=\"942\" height=\"1246\" data-id=\"91384\" src=\"https:\/\/centcols.org\/wp-content\/uploads\/2025\/10\/Thonon-Trieste-FS_etape01-05a.jpg\" alt=\"\" class=\"wp-image-91384\" srcset=\"https:\/\/centcols.org\/wp-content\/uploads\/2025\/10\/Thonon-Trieste-FS_etape01-05a.jpg 942w, https:\/\/centcols.org\/wp-content\/uploads\/2025\/10\/Thonon-Trieste-FS_etape01-05a-907x1200.jpg 907w, https:\/\/centcols.org\/wp-content\/uploads\/2025\/10\/Thonon-Trieste-FS_etape01-05a-768x1016.jpg 768w, https:\/\/centcols.org\/wp-content\/uploads\/2025\/10\/Thonon-Trieste-FS_etape01-05a-9x12.jpg 9w\" sizes=\"auto, (max-width: 942px) 100vw, 942px\" \/><\/a><figcaption class=\"wp-element-caption\">Fred<\/figcaption><\/figure>\n\n\n\n<figure class=\"wp-block-image size-full\"><a href=\"https:\/\/centcols.org\/wp-content\/uploads\/2025\/10\/Thonon-Trieste-FS_etape01-05.jpg\"><img loading=\"lazy\" decoding=\"async\" width=\"847\" height=\"1115\" data-id=\"91383\" src=\"https:\/\/centcols.org\/wp-content\/uploads\/2025\/10\/Thonon-Trieste-FS_etape01-05.jpg\" alt=\"\" class=\"wp-image-91383\" srcset=\"https:\/\/centcols.org\/wp-content\/uploads\/2025\/10\/Thonon-Trieste-FS_etape01-05.jpg 847w, https:\/\/centcols.org\/wp-content\/uploads\/2025\/10\/Thonon-Trieste-FS_etape01-05-768x1011.jpg 768w, https:\/\/centcols.org\/wp-content\/uploads\/2025\/10\/Thonon-Trieste-FS_etape01-05-9x12.jpg 9w\" sizes=\"auto, (max-width: 847px) 100vw, 847px\" \/><\/a><figcaption class=\"wp-element-caption\">Bruno en Jean-Marc<\/figcaption><\/figure>\n<figcaption class=\"blocks-gallery-caption wp-element-caption\">Het fijne team bij de eerste doorkomst van de reis<\/figcaption><\/figure>\n\n\n\n<p>Dan volgt een prachtige afdaling in een brede vallei vol boomgaarden.<br>Een fietspad biedt bijna constante veiligheid. Het loopt langs de voet van de waterval, met de po\u00ebtische naam Pissevaches.&nbsp;<br>De Rh\u00f4ne, die meerdere keren wordt doorkruist, heeft de kleur van smeltende sneeuw.<br>Rond Sion maken boomgaarden plaats voor prachtige wijngaarden op steile hellingen. .<\/p>\n\n\n\n<figure class=\"wp-block-gallery has-nested-images columns-default is-cropped wp-block-gallery-3 is-layout-flex wp-block-gallery-is-layout-flex\">\n<figure class=\"wp-block-image size-large\"><a href=\"https:\/\/centcols.org\/wp-content\/uploads\/2025\/10\/Thonon-Trieste-FS_etape01-04.jpg\"><img loading=\"lazy\" decoding=\"async\" width=\"1176\" height=\"785\" data-id=\"91167\" src=\"https:\/\/centcols.org\/wp-content\/uploads\/2025\/10\/Thonon-Trieste-FS_etape01-04.jpg\" alt=\"\" class=\"wp-image-91167\" srcset=\"https:\/\/centcols.org\/wp-content\/uploads\/2025\/10\/Thonon-Trieste-FS_etape01-04.jpg 1176w, https:\/\/centcols.org\/wp-content\/uploads\/2025\/10\/Thonon-Trieste-FS_etape01-04-768x513.jpg 768w, https:\/\/centcols.org\/wp-content\/uploads\/2025\/10\/Thonon-Trieste-FS_etape01-04-18x12.jpg 18w\" sizes=\"auto, (max-width: 1176px) 100vw, 1176px\" \/><\/a><figcaption class=\"wp-element-caption\">Ch\u00e2tel vanaf de Morgins-pas<\/figcaption><\/figure>\n\n\n\n<figure class=\"wp-block-image size-large\"><a href=\"https:\/\/centcols.org\/wp-content\/uploads\/2025\/10\/Thonon-Trieste-FS_etape01-06.jpg\"><img loading=\"lazy\" decoding=\"async\" width=\"1176\" height=\"785\" data-id=\"91169\" src=\"https:\/\/centcols.org\/wp-content\/uploads\/2025\/10\/Thonon-Trieste-FS_etape01-06.jpg\" alt=\"\" class=\"wp-image-91169\" srcset=\"https:\/\/centcols.org\/wp-content\/uploads\/2025\/10\/Thonon-Trieste-FS_etape01-06.jpg 1176w, https:\/\/centcols.org\/wp-content\/uploads\/2025\/10\/Thonon-Trieste-FS_etape01-06-768x513.jpg 768w, https:\/\/centcols.org\/wp-content\/uploads\/2025\/10\/Thonon-Trieste-FS_etape01-06-18x12.jpg 18w\" sizes=\"auto, (max-width: 1176px) 100vw, 1176px\" \/><\/a><figcaption class=\"wp-element-caption\">Oversteek van de Rh\u00f4ne bij Riddes (Zwitserland)<\/figcaption><\/figure>\n\n\n\n<figure class=\"wp-block-image size-large\"><a href=\"https:\/\/centcols.org\/wp-content\/uploads\/2025\/10\/Thonon-Trieste-FS_etape01-07.jpg\"><img loading=\"lazy\" decoding=\"async\" width=\"1176\" height=\"785\" data-id=\"91168\" src=\"https:\/\/centcols.org\/wp-content\/uploads\/2025\/10\/Thonon-Trieste-FS_etape01-07.jpg\" alt=\"\" class=\"wp-image-91168\" srcset=\"https:\/\/centcols.org\/wp-content\/uploads\/2025\/10\/Thonon-Trieste-FS_etape01-07.jpg 1176w, https:\/\/centcols.org\/wp-content\/uploads\/2025\/10\/Thonon-Trieste-FS_etape01-07-768x513.jpg 768w, https:\/\/centcols.org\/wp-content\/uploads\/2025\/10\/Thonon-Trieste-FS_etape01-07-18x12.jpg 18w\" sizes=\"auto, (max-width: 1176px) 100vw, 1176px\" \/><\/a><figcaption class=\"wp-element-caption\">Sion wijngaard.<\/figcaption><\/figure>\n\n\n\n<figure class=\"wp-block-image size-large\"><a href=\"https:\/\/centcols.org\/wp-content\/uploads\/2025\/10\/Thonon-Trieste-FS_etape01-08.jpg\"><img loading=\"lazy\" decoding=\"async\" width=\"1176\" height=\"785\" data-id=\"91166\" src=\"https:\/\/centcols.org\/wp-content\/uploads\/2025\/10\/Thonon-Trieste-FS_etape01-08.jpg\" alt=\"\" class=\"wp-image-91166\" srcset=\"https:\/\/centcols.org\/wp-content\/uploads\/2025\/10\/Thonon-Trieste-FS_etape01-08.jpg 1176w, https:\/\/centcols.org\/wp-content\/uploads\/2025\/10\/Thonon-Trieste-FS_etape01-08-768x513.jpg 768w, https:\/\/centcols.org\/wp-content\/uploads\/2025\/10\/Thonon-Trieste-FS_etape01-08-18x12.jpg 18w\" sizes=\"auto, (max-width: 1176px) 100vw, 1176px\" \/><\/a><figcaption class=\"wp-element-caption\">Sion wijngaard<\/figcaption><\/figure>\n<\/figure>\n\n\n\n<p>We komen aan in Brig na 169 km, D 1700 en een pas.<br><br>Brig, waar geen straten meer zijn maar stra\u00dfe. In feite gleden we enkele kilometers van het Franstalige deel naar het Duitstalige deel.<br>Dezelfde advertenties die we in het Frans zagen in Monthey, Martigny of Sion zijn nu in het Duits. Dat geldt ook voor familienamen, dorpsnamen en bedrijfsnamen. En de mensen spreken geen Frans meer...<\/p>\n\n\n<div class=\"wp-block-image\">\n<figure class=\"aligncenter size-full\"><a href=\"https:\/\/centcols.org\/wp-content\/uploads\/2025\/10\/Thonon-Trieste-FS_etape01-09.jpg\"><img loading=\"lazy\" decoding=\"async\" width=\"1176\" height=\"785\" src=\"https:\/\/centcols.org\/wp-content\/uploads\/2025\/10\/Thonon-Trieste-FS_etape01-09.jpg\" alt=\"\" class=\"wp-image-91170\" srcset=\"https:\/\/centcols.org\/wp-content\/uploads\/2025\/10\/Thonon-Trieste-FS_etape01-09.jpg 1176w, https:\/\/centcols.org\/wp-content\/uploads\/2025\/10\/Thonon-Trieste-FS_etape01-09-768x513.jpg 768w, https:\/\/centcols.org\/wp-content\/uploads\/2025\/10\/Thonon-Trieste-FS_etape01-09-18x12.jpg 18w\" sizes=\"auto, (max-width: 1176px) 100vw, 1176px\" \/><\/a><\/figure>\n<\/div>\n\n\n<p>Morgen beginnen de grote cols.<\/p>\n\n\n\n<div class=\"wp-block-buttons is-content-justification-space-between is-layout-flex wp-container-core-buttons-is-layout-3d213aab wp-block-buttons-is-layout-flex\">\n<div class=\"wp-block-button\"><a class=\"wp-block-button__link has-text-color has-background has-link-color wp-element-button\" href=\"https:\/\/centcols.org\/nl\/thonon-trieste-fred-singla-2025\/\" style=\"color:#2a488c;background-color:#88f2fd;text-transform:uppercase\"><strong>Proloog<\/strong><\/a><\/div>\n\n\n\n<div class=\"wp-block-button\"><a class=\"wp-block-button__link has-text-color has-background has-link-color wp-element-button\" href=\"https:\/\/centcols.org\/nl\/thonon-trieste-fred-singla-2025\/3\/\" style=\"color:#2a488c;background-color:#88f2fd;text-transform:uppercase\"><strong>Volgende stap<\/strong><\/a><\/div>\n<\/div>\n\n\n\n<!--nextpage-->\n\n\n\n<h2 class=\"wp-block-heading\"><em> Dag 2: vanuit Brig (Zwitserland)<\/em> in Verbania (Itali\u00eb)<\/h2>\n\n\n\n<p>100 km - 1500 m den+, 1 pas &gt;2000<\/p>\n\n\n<div class=\"wp-block-image\">\n<figure class=\"aligncenter size-full is-resized\"><a href=\"https:\/\/centcols.org\/wp-content\/uploads\/2025\/10\/Thonon-Trieste-FS_etape02-01.jpg\"><img loading=\"lazy\" decoding=\"async\" width=\"1176\" height=\"785\" src=\"https:\/\/centcols.org\/wp-content\/uploads\/2025\/10\/Thonon-Trieste-FS_etape02-01.jpg\" alt=\"\" class=\"wp-image-91214\" style=\"width:800px\" srcset=\"https:\/\/centcols.org\/wp-content\/uploads\/2025\/10\/Thonon-Trieste-FS_etape02-01.jpg 1176w, https:\/\/centcols.org\/wp-content\/uploads\/2025\/10\/Thonon-Trieste-FS_etape02-01-768x513.jpg 768w, https:\/\/centcols.org\/wp-content\/uploads\/2025\/10\/Thonon-Trieste-FS_etape02-01-18x12.jpg 18w\" sizes=\"auto, (max-width: 1176px) 100vw, 1176px\" \/><\/a><figcaption class=\"wp-element-caption\">Prachtige schuur op palen in Ried-Brig<\/figcaption><\/figure>\n<\/div>\n\n\n<p>Geen warming-up als we het hotel verlaten. En met reden: het is aan de voet van de pas! We gaan er meteen tegenaan.<br>We beginnen met 7 km zonder verkeer over de oude weg door Ried. De klim biedt een prachtig uitzicht op de weg die we hierna gaan nemen.  Die staat op palen en lijkt zich vast te klampen aan de berg. <\/p>\n\n\n<div class=\"wp-block-image\">\n<figure class=\"aligncenter size-full\"><a href=\"https:\/\/centcols.org\/wp-content\/uploads\/2025\/10\/Thonon-Trieste-FS_etape02-02.jpg\"><img loading=\"lazy\" decoding=\"async\" width=\"1176\" height=\"785\" src=\"https:\/\/centcols.org\/wp-content\/uploads\/2025\/10\/Thonon-Trieste-FS_etape02-02.jpg\" alt=\"\" class=\"wp-image-91215\" srcset=\"https:\/\/centcols.org\/wp-content\/uploads\/2025\/10\/Thonon-Trieste-FS_etape02-02.jpg 1176w, https:\/\/centcols.org\/wp-content\/uploads\/2025\/10\/Thonon-Trieste-FS_etape02-02-768x513.jpg 768w, https:\/\/centcols.org\/wp-content\/uploads\/2025\/10\/Thonon-Trieste-FS_etape02-02-18x12.jpg 18w\" sizes=\"auto, (max-width: 1176px) 100vw, 1176px\" \/><\/a><figcaption class=\"wp-element-caption\">Onderweg naar boven, uitzicht op Brig, dat snel in de verte verdwijnt.<\/figcaption><\/figure>\n<\/div>\n\n\n<p>Bij km 7 komen we weer op de hoofdweg. Ondanks de Simplon-tunnel is er nog steeds veel verkeer, maar het gaat nog 5 of 6 km goed. Dan komen we bij de vele lange paravalanches, waar het verkeer is toegenomen vanwege het tijdstip van de dag, en het lawaai is hels!<br>Het is een lange rit, maar we hebben de tijd gehad om te genieten van de mooie gehuchten en de omliggende bergtoppen. .<\/p>\n\n\n\n<figure class=\"wp-block-gallery has-nested-images columns-default is-cropped wp-block-gallery-4 is-layout-flex wp-block-gallery-is-layout-flex\">\n<figure class=\"wp-block-image size-large\"><a href=\"https:\/\/centcols.org\/wp-content\/uploads\/2025\/10\/Thonon-Trieste-FS_etape02-04.jpg\"><img loading=\"lazy\" decoding=\"async\" width=\"1176\" height=\"543\" data-id=\"91218\" src=\"https:\/\/centcols.org\/wp-content\/uploads\/2025\/10\/Thonon-Trieste-FS_etape02-04.jpg\" alt=\"\" class=\"wp-image-91218\" srcset=\"https:\/\/centcols.org\/wp-content\/uploads\/2025\/10\/Thonon-Trieste-FS_etape02-04.jpg 1176w, https:\/\/centcols.org\/wp-content\/uploads\/2025\/10\/Thonon-Trieste-FS_etape02-04-768x355.jpg 768w, https:\/\/centcols.org\/wp-content\/uploads\/2025\/10\/Thonon-Trieste-FS_etape02-04-18x8.jpg 18w\" sizes=\"auto, (max-width: 1176px) 100vw, 1176px\" \/><\/a><\/figure>\n\n\n\n<figure class=\"wp-block-image size-large\"><a href=\"https:\/\/centcols.org\/wp-content\/uploads\/2025\/10\/Thonon-Trieste-FS_etape02-03.jpg\"><img loading=\"lazy\" decoding=\"async\" width=\"1176\" height=\"785\" data-id=\"91217\" src=\"https:\/\/centcols.org\/wp-content\/uploads\/2025\/10\/Thonon-Trieste-FS_etape02-03.jpg\" alt=\"\" class=\"wp-image-91217\" srcset=\"https:\/\/centcols.org\/wp-content\/uploads\/2025\/10\/Thonon-Trieste-FS_etape02-03.jpg 1176w, https:\/\/centcols.org\/wp-content\/uploads\/2025\/10\/Thonon-Trieste-FS_etape02-03-768x513.jpg 768w, https:\/\/centcols.org\/wp-content\/uploads\/2025\/10\/Thonon-Trieste-FS_etape02-03-18x12.jpg 18w\" sizes=\"auto, (max-width: 1176px) 100vw, 1176px\" \/><\/a><\/figure>\n<\/figure>\n\n\n\n<p>Tot slot bereik je de Simplonpas met zijn 9 meter hoge adelaar. Deze werd na de Tweede Wereldoorlog gebouwd en symboliseert de moed van de \u00abVrijheidsbrigades\u00ab.<\/p>\n\n\n\n<figure class=\"wp-block-gallery has-nested-images columns-2 is-cropped wp-block-gallery-5 is-layout-flex wp-block-gallery-is-layout-flex\">\n<figure class=\"wp-block-image size-large\"><a href=\"https:\/\/centcols.org\/wp-content\/uploads\/2025\/10\/Thonon-Trieste-FS_etape02-05.jpg\"><img loading=\"lazy\" decoding=\"async\" width=\"900\" height=\"1121\" data-id=\"91221\" src=\"https:\/\/centcols.org\/wp-content\/uploads\/2025\/10\/Thonon-Trieste-FS_etape02-05.jpg\" alt=\"\" class=\"wp-image-91221\" srcset=\"https:\/\/centcols.org\/wp-content\/uploads\/2025\/10\/Thonon-Trieste-FS_etape02-05.jpg 900w, https:\/\/centcols.org\/wp-content\/uploads\/2025\/10\/Thonon-Trieste-FS_etape02-05-768x957.jpg 768w, https:\/\/centcols.org\/wp-content\/uploads\/2025\/10\/Thonon-Trieste-FS_etape02-05-10x12.jpg 10w\" sizes=\"auto, (max-width: 900px) 100vw, 900px\" \/><\/a><\/figure>\n\n\n\n<figure class=\"wp-block-image size-large\"><a href=\"https:\/\/centcols.org\/wp-content\/uploads\/2025\/10\/Thonon-Trieste-FS_etape02-06.jpg\"><img loading=\"lazy\" decoding=\"async\" width=\"785\" height=\"1121\" data-id=\"91223\" src=\"https:\/\/centcols.org\/wp-content\/uploads\/2025\/10\/Thonon-Trieste-FS_etape02-06.jpg\" alt=\"\" class=\"wp-image-91223\" srcset=\"https:\/\/centcols.org\/wp-content\/uploads\/2025\/10\/Thonon-Trieste-FS_etape02-06.jpg 785w, https:\/\/centcols.org\/wp-content\/uploads\/2025\/10\/Thonon-Trieste-FS_etape02-06-768x1097.jpg 768w, https:\/\/centcols.org\/wp-content\/uploads\/2025\/10\/Thonon-Trieste-FS_etape02-06-8x12.jpg 8w\" sizes=\"auto, (max-width: 785px) 100vw, 785px\" \/><\/a><\/figure>\n\n\n\n<figure class=\"wp-block-image size-large\"><a href=\"https:\/\/centcols.org\/wp-content\/uploads\/2025\/10\/Thonon-Trieste-FS_etape02-07.jpg\"><img loading=\"lazy\" decoding=\"async\" width=\"1176\" height=\"785\" data-id=\"91219\" src=\"https:\/\/centcols.org\/wp-content\/uploads\/2025\/10\/Thonon-Trieste-FS_etape02-07.jpg\" alt=\"\" class=\"wp-image-91219\" srcset=\"https:\/\/centcols.org\/wp-content\/uploads\/2025\/10\/Thonon-Trieste-FS_etape02-07.jpg 1176w, https:\/\/centcols.org\/wp-content\/uploads\/2025\/10\/Thonon-Trieste-FS_etape02-07-768x513.jpg 768w, https:\/\/centcols.org\/wp-content\/uploads\/2025\/10\/Thonon-Trieste-FS_etape02-07-18x12.jpg 18w\" sizes=\"auto, (max-width: 1176px) 100vw, 1176px\" \/><\/a><\/figure>\n\n\n\n<figure class=\"wp-block-image size-large\"><a href=\"https:\/\/centcols.org\/wp-content\/uploads\/2025\/10\/Thonon-Trieste-FS_etape02-08.jpg\"><img loading=\"lazy\" decoding=\"async\" width=\"1130\" height=\"753\" data-id=\"91224\" src=\"https:\/\/centcols.org\/wp-content\/uploads\/2025\/10\/Thonon-Trieste-FS_etape02-08.jpg\" alt=\"\" class=\"wp-image-91224\" srcset=\"https:\/\/centcols.org\/wp-content\/uploads\/2025\/10\/Thonon-Trieste-FS_etape02-08.jpg 1130w, https:\/\/centcols.org\/wp-content\/uploads\/2025\/10\/Thonon-Trieste-FS_etape02-08-768x512.jpg 768w, https:\/\/centcols.org\/wp-content\/uploads\/2025\/10\/Thonon-Trieste-FS_etape02-08-18x12.jpg 18w\" sizes=\"auto, (max-width: 1130px) 100vw, 1130px\" \/><\/a><figcaption class=\"wp-element-caption\">Simplon Pass Hospice<\/figcaption><\/figure>\n<\/figure>\n\n\n\n<p>De afdaling bevat evenveel paravalanches als de beklimming, en zelfs meer omdat hij langer is. Nog steeds een aantal mooie dorpjes, vlak voordat je Itali\u00eb weer binnensteekt.<\/p>\n\n\n<div class=\"wp-block-image\">\n<figure class=\"aligncenter size-full\"><a href=\"https:\/\/centcols.org\/wp-content\/uploads\/2025\/10\/Thonon-Trieste-FS_etape02-09.jpg\"><img loading=\"lazy\" decoding=\"async\" width=\"1176\" height=\"785\" src=\"https:\/\/centcols.org\/wp-content\/uploads\/2025\/10\/Thonon-Trieste-FS_etape02-09.jpg\" alt=\"\" class=\"wp-image-91227\" srcset=\"https:\/\/centcols.org\/wp-content\/uploads\/2025\/10\/Thonon-Trieste-FS_etape02-09.jpg 1176w, https:\/\/centcols.org\/wp-content\/uploads\/2025\/10\/Thonon-Trieste-FS_etape02-09-768x513.jpg 768w, https:\/\/centcols.org\/wp-content\/uploads\/2025\/10\/Thonon-Trieste-FS_etape02-09-18x12.jpg 18w\" sizes=\"auto, (max-width: 1176px) 100vw, 1176px\" \/><\/a><figcaption class=\"wp-element-caption\">Simplon Dorf (Zwitserland)<\/figcaption><\/figure>\n<\/div>\n\n\n<p>In Domodossola ontmoeten we Jean-Marc voor het mooie station. We stoppen voor de lunch in een gezellige trattoria. Daarna hadden we nog zo'n veertig km te gaan, voornamelijk rechte stukken en met een vrij krachtige en duidelijk ongunstige wind.<br>Nadat we de Toce zijn overgestoken, volgen we deze lange tijd. Dit alles leidt ons naar de rand van het Lago Maggiore, waar ons hotel zich bevindt.<\/p>\n\n\n\n<figure class=\"wp-block-gallery has-nested-images columns-default is-cropped wp-block-gallery-6 is-layout-flex wp-block-gallery-is-layout-flex\">\n<figure class=\"wp-block-image size-large\"><a href=\"https:\/\/centcols.org\/wp-content\/uploads\/2025\/10\/Thonon-Trieste-FS_etape02-10.jpg\"><img loading=\"lazy\" decoding=\"async\" width=\"1176\" height=\"785\" data-id=\"91229\" src=\"https:\/\/centcols.org\/wp-content\/uploads\/2025\/10\/Thonon-Trieste-FS_etape02-10.jpg\" alt=\"\" class=\"wp-image-91229\" srcset=\"https:\/\/centcols.org\/wp-content\/uploads\/2025\/10\/Thonon-Trieste-FS_etape02-10.jpg 1176w, https:\/\/centcols.org\/wp-content\/uploads\/2025\/10\/Thonon-Trieste-FS_etape02-10-768x513.jpg 768w, https:\/\/centcols.org\/wp-content\/uploads\/2025\/10\/Thonon-Trieste-FS_etape02-10-18x12.jpg 18w\" sizes=\"auto, (max-width: 1176px) 100vw, 1176px\" \/><\/a><figcaption class=\"wp-element-caption\">De Toce<\/figcaption><\/figure>\n\n\n\n<figure class=\"wp-block-image size-large\"><a href=\"https:\/\/centcols.org\/wp-content\/uploads\/2025\/10\/Thonon-Trieste-FS_etape02-11.jpg\"><img loading=\"lazy\" decoding=\"async\" width=\"1176\" height=\"785\" data-id=\"91228\" src=\"https:\/\/centcols.org\/wp-content\/uploads\/2025\/10\/Thonon-Trieste-FS_etape02-11.jpg\" alt=\"\" class=\"wp-image-91228\" srcset=\"https:\/\/centcols.org\/wp-content\/uploads\/2025\/10\/Thonon-Trieste-FS_etape02-11.jpg 1176w, https:\/\/centcols.org\/wp-content\/uploads\/2025\/10\/Thonon-Trieste-FS_etape02-11-768x513.jpg 768w, https:\/\/centcols.org\/wp-content\/uploads\/2025\/10\/Thonon-Trieste-FS_etape02-11-18x12.jpg 18w\" sizes=\"auto, (max-width: 1176px) 100vw, 1176px\" \/><\/a><figcaption class=\"wp-element-caption\">Verbania, aan de oever van het Lago Maggiore<\/figcaption><\/figure>\n<\/figure>\n\n\n\n<p>Nadat we ons ge\u00efnstalleerd hebben, maken we een korte wandeling langs de oever van het meer.<\/p>\n\n\n\n<figure class=\"wp-block-gallery has-nested-images columns-default is-cropped wp-block-gallery-7 is-layout-flex wp-block-gallery-is-layout-flex\">\n<figure class=\"wp-block-image size-large\"><a href=\"https:\/\/centcols.org\/wp-content\/uploads\/2025\/10\/Thonon-Trieste-FS_etape02-12.jpg\"><img loading=\"lazy\" decoding=\"async\" width=\"1176\" height=\"1049\" data-id=\"91389\" src=\"https:\/\/centcols.org\/wp-content\/uploads\/2025\/10\/Thonon-Trieste-FS_etape02-12.jpg\" alt=\"\" class=\"wp-image-91389\" srcset=\"https:\/\/centcols.org\/wp-content\/uploads\/2025\/10\/Thonon-Trieste-FS_etape02-12.jpg 1176w, https:\/\/centcols.org\/wp-content\/uploads\/2025\/10\/Thonon-Trieste-FS_etape02-12-768x685.jpg 768w, https:\/\/centcols.org\/wp-content\/uploads\/2025\/10\/Thonon-Trieste-FS_etape02-12-13x12.jpg 13w\" sizes=\"auto, (max-width: 1176px) 100vw, 1176px\" \/><\/a><\/figure>\n\n\n\n<figure class=\"wp-block-image size-large\"><a href=\"https:\/\/centcols.org\/wp-content\/uploads\/2025\/10\/Thonon-Trieste-FS_etape02-13.jpg\"><img loading=\"lazy\" decoding=\"async\" width=\"1176\" height=\"785\" data-id=\"91388\" src=\"https:\/\/centcols.org\/wp-content\/uploads\/2025\/10\/Thonon-Trieste-FS_etape02-13.jpg\" alt=\"\" class=\"wp-image-91388\" srcset=\"https:\/\/centcols.org\/wp-content\/uploads\/2025\/10\/Thonon-Trieste-FS_etape02-13.jpg 1176w, https:\/\/centcols.org\/wp-content\/uploads\/2025\/10\/Thonon-Trieste-FS_etape02-13-768x513.jpg 768w, https:\/\/centcols.org\/wp-content\/uploads\/2025\/10\/Thonon-Trieste-FS_etape02-13-18x12.jpg 18w\" sizes=\"auto, (max-width: 1176px) 100vw, 1176px\" \/><\/a><\/figure>\n<\/figure>\n\n\n\n<p>Een wandeling die ons naar een terras brengt waar een goed biertje zeer gewaardeerd wordt na 100 km, 1500 stijgen en een prachtige pas op 2000 Zwitserse.<\/p>\n\n\n<div class=\"wp-block-image\">\n<figure class=\"aligncenter size-full is-resized\"><a href=\"https:\/\/centcols.org\/wp-content\/uploads\/2025\/10\/Thonon-Trieste-FS_etape02-14.jpg\"><img loading=\"lazy\" decoding=\"async\" width=\"1176\" height=\"882\" src=\"https:\/\/centcols.org\/wp-content\/uploads\/2025\/10\/Thonon-Trieste-FS_etape02-14.jpg\" alt=\"\" class=\"wp-image-91230\" style=\"width:800px\" srcset=\"https:\/\/centcols.org\/wp-content\/uploads\/2025\/10\/Thonon-Trieste-FS_etape02-14.jpg 1176w, https:\/\/centcols.org\/wp-content\/uploads\/2025\/10\/Thonon-Trieste-FS_etape02-14-768x576.jpg 768w, https:\/\/centcols.org\/wp-content\/uploads\/2025\/10\/Thonon-Trieste-FS_etape02-14-16x12.jpg 16w\" sizes=\"auto, (max-width: 1176px) 100vw, 1176px\" \/><\/a><\/figure>\n<\/div>\n\n\n<p>De zon gaat onder boven het Lago Maggiore en ik ga ook naar bed, want we hebben morgen een ZEER zware dag voor de boeg. Misschien wel de zwaarste van de reis...<\/p>\n\n\n\n<div class=\"wp-block-buttons is-content-justification-space-between is-layout-flex wp-container-core-buttons-is-layout-3d213aab wp-block-buttons-is-layout-flex\">\n<div class=\"wp-block-button\"><a class=\"wp-block-button__link has-text-color has-background has-link-color wp-element-button\" href=\"https:\/\/centcols.org\/nl\/thonon-trieste-fred-singla-2025\/2\/\" style=\"color:#2a488c;background-color:#88f2fd;text-transform:uppercase\"><strong>Vorig stadium<\/strong><\/a><\/div>\n\n\n\n<div class=\"wp-block-button\"><a class=\"wp-block-button__link has-text-color has-background has-link-color wp-element-button\" href=\"https:\/\/centcols.org\/nl\/thonon-trieste-fred-singla-2025\/4\/\" style=\"color:#2a488c;background-color:#88f2fd;text-transform:uppercase\"><strong>Volgende stap<\/strong><\/a><\/div>\n<\/div>\n\n\n\n<!--nextpage-->\n\n\n\n<h2 class=\"wp-block-heading\"><em> Dag 3: van <\/em>Verbania naar Campodolcino<\/h2>\n\n\n\n<p>167 km - 3000 m den+, 3 passen<\/p>\n\n\n<div class=\"wp-block-image\">\n<figure class=\"aligncenter size-full is-resized\"><a href=\"https:\/\/centcols.org\/wp-content\/uploads\/2025\/10\/Thonon-Trieste-FS_etape02-16.jpg\"><img loading=\"lazy\" decoding=\"async\" width=\"1176\" height=\"785\" src=\"https:\/\/centcols.org\/wp-content\/uploads\/2025\/10\/Thonon-Trieste-FS_etape02-16.jpg\" alt=\"\" class=\"wp-image-91231\" style=\"width:800px\" srcset=\"https:\/\/centcols.org\/wp-content\/uploads\/2025\/10\/Thonon-Trieste-FS_etape02-16.jpg 1176w, https:\/\/centcols.org\/wp-content\/uploads\/2025\/10\/Thonon-Trieste-FS_etape02-16-768x513.jpg 768w, https:\/\/centcols.org\/wp-content\/uploads\/2025\/10\/Thonon-Trieste-FS_etape02-16-18x12.jpg 18w\" sizes=\"auto, (max-width: 1176px) 100vw, 1176px\" \/><\/a><figcaption class=\"wp-element-caption\">Zonsopgang boven het Lago Maggiore<\/figcaption><\/figure>\n<\/div>\n\n\n<p>Het ontbijt wordt te laat geserveerd voor ons, die vroeg willen vertrekken in afwachting van de zware dag die voor ons ligt.<br>Bruno en ik eten een hapje (worst, kaas en fruit) op de parkeerplaats van het hotel. Zo kunnen we genieten van een prachtige zonsopgang boven het Lago Maggiore.<\/p>\n\n\n<div class=\"wp-block-image\">\n<figure class=\"aligncenter size-full is-resized\"><a href=\"https:\/\/centcols.org\/wp-content\/uploads\/2025\/10\/Thonon-Trieste-FS_etape03.jpg\"><img loading=\"lazy\" decoding=\"async\" width=\"1307\" height=\"1177\" src=\"https:\/\/centcols.org\/wp-content\/uploads\/2025\/10\/Thonon-Trieste-FS_etape03.jpg\" alt=\"\" class=\"wp-image-91390\" style=\"width:800px\" srcset=\"https:\/\/centcols.org\/wp-content\/uploads\/2025\/10\/Thonon-Trieste-FS_etape03.jpg 1307w, https:\/\/centcols.org\/wp-content\/uploads\/2025\/10\/Thonon-Trieste-FS_etape03-1200x1081.jpg 1200w, https:\/\/centcols.org\/wp-content\/uploads\/2025\/10\/Thonon-Trieste-FS_etape03-768x692.jpg 768w, https:\/\/centcols.org\/wp-content\/uploads\/2025\/10\/Thonon-Trieste-FS_etape03-13x12.jpg 13w\" sizes=\"auto, (max-width: 1307px) 100vw, 1307px\" \/><\/a><\/figure>\n<\/div>\n\n\n<p>We vertrekken om 06:45 en zijn al snel in het zicht van het mooie dorpje Cannobio. We volgen het meer gedurende 50 km. De weg is smal en ondanks het tijdstip is er veel verkeer.<br>De eerste 35 km liggen in Itali\u00eb, met prachtige villa's uit de jaren 1920. De laatste 15 km liggen in Zwitserland, met huizen die ook van een hoog niveau zijn, maar recenter. Sommige hebben zelfs enorme buitenliften...<\/p>\n\n\n<div class=\"wp-block-image\">\n<figure class=\"aligncenter size-full is-resized\"><a href=\"https:\/\/centcols.org\/wp-content\/uploads\/2025\/10\/Thonon-Trieste-FS_etape03-01.jpg\"><img loading=\"lazy\" decoding=\"async\" width=\"1200\" height=\"802\" src=\"https:\/\/centcols.org\/wp-content\/uploads\/2025\/10\/Thonon-Trieste-FS_etape03-01.jpg\" alt=\"\" class=\"wp-image-91243\" style=\"width:800px\" srcset=\"https:\/\/centcols.org\/wp-content\/uploads\/2025\/10\/Thonon-Trieste-FS_etape03-01.jpg 1200w, https:\/\/centcols.org\/wp-content\/uploads\/2025\/10\/Thonon-Trieste-FS_etape03-01-768x513.jpg 768w, https:\/\/centcols.org\/wp-content\/uploads\/2025\/10\/Thonon-Trieste-FS_etape03-01-18x12.jpg 18w\" sizes=\"auto, (max-width: 1200px) 100vw, 1200px\" \/><\/a><figcaption class=\"wp-element-caption\">Cannobio<\/figcaption><\/figure>\n<\/div>\n\n\n<p>Na 80 km op het vlakke zijn we in het hart van de bergen. De eerste haarspeldbochten van de Passo di san Bernardino doemen op.<\/p>\n\n\n\n<figure class=\"wp-block-gallery has-nested-images columns-default is-cropped wp-block-gallery-8 is-layout-flex wp-block-gallery-is-layout-flex\">\n<figure class=\"wp-block-image size-large\"><a href=\"https:\/\/centcols.org\/wp-content\/uploads\/2025\/10\/Thonon-Trieste-FS_etape03-02.jpg\"><img loading=\"lazy\" decoding=\"async\" width=\"1200\" height=\"1138\" data-id=\"91248\" src=\"https:\/\/centcols.org\/wp-content\/uploads\/2025\/10\/Thonon-Trieste-FS_etape03-02.jpg\" alt=\"\" class=\"wp-image-91248\" srcset=\"https:\/\/centcols.org\/wp-content\/uploads\/2025\/10\/Thonon-Trieste-FS_etape03-02.jpg 1200w, https:\/\/centcols.org\/wp-content\/uploads\/2025\/10\/Thonon-Trieste-FS_etape03-02-768x728.jpg 768w, https:\/\/centcols.org\/wp-content\/uploads\/2025\/10\/Thonon-Trieste-FS_etape03-02-13x12.jpg 13w\" sizes=\"auto, (max-width: 1200px) 100vw, 1200px\" \/><\/a><figcaption class=\"wp-element-caption\">Aan de voet van de San Bernardino-pas.<br>Ik wist dat Zwitserse reservisten hun wapens thuis houden, maar een gevechtsvliegtuig ????...<\/figcaption><\/figure>\n\n\n\n<figure class=\"wp-block-image size-large\"><a href=\"https:\/\/centcols.org\/wp-content\/uploads\/2025\/10\/Thonon-Trieste-FS_etape03-03.jpg\"><img loading=\"lazy\" decoding=\"async\" width=\"1200\" height=\"1172\" data-id=\"91245\" src=\"https:\/\/centcols.org\/wp-content\/uploads\/2025\/10\/Thonon-Trieste-FS_etape03-03.jpg\" alt=\"\" class=\"wp-image-91245\" srcset=\"https:\/\/centcols.org\/wp-content\/uploads\/2025\/10\/Thonon-Trieste-FS_etape03-03.jpg 1200w, https:\/\/centcols.org\/wp-content\/uploads\/2025\/10\/Thonon-Trieste-FS_etape03-03-768x750.jpg 768w, https:\/\/centcols.org\/wp-content\/uploads\/2025\/10\/Thonon-Trieste-FS_etape03-03-12x12.jpg 12w\" sizes=\"auto, (max-width: 1200px) 100vw, 1200px\" \/><\/a><figcaption class=\"wp-element-caption\">Geen tijd om te stoppen bij het caf\u00e9...<\/figcaption><\/figure>\n\n\n\n<figure class=\"wp-block-image size-large\"><a href=\"https:\/\/centcols.org\/wp-content\/uploads\/2025\/10\/Thonon-Trieste-FS_etape03-04.jpg\"><img loading=\"lazy\" decoding=\"async\" width=\"1200\" height=\"802\" data-id=\"91246\" src=\"https:\/\/centcols.org\/wp-content\/uploads\/2025\/10\/Thonon-Trieste-FS_etape03-04.jpg\" alt=\"\" class=\"wp-image-91246\" srcset=\"https:\/\/centcols.org\/wp-content\/uploads\/2025\/10\/Thonon-Trieste-FS_etape03-04.jpg 1200w, https:\/\/centcols.org\/wp-content\/uploads\/2025\/10\/Thonon-Trieste-FS_etape03-04-768x513.jpg 768w, https:\/\/centcols.org\/wp-content\/uploads\/2025\/10\/Thonon-Trieste-FS_etape03-04-18x12.jpg 18w\" sizes=\"auto, (max-width: 1200px) 100vw, 1200px\" \/><\/a><figcaption class=\"wp-element-caption\">Eerste veters van de San Bernardino<\/figcaption><\/figure>\n\n\n\n<figure class=\"wp-block-image size-large\"><a href=\"https:\/\/centcols.org\/wp-content\/uploads\/2025\/10\/Thonon-Trieste-FS_etape03-05.jpg\"><img loading=\"lazy\" decoding=\"async\" width=\"1200\" height=\"802\" data-id=\"91247\" src=\"https:\/\/centcols.org\/wp-content\/uploads\/2025\/10\/Thonon-Trieste-FS_etape03-05.jpg\" alt=\"\" class=\"wp-image-91247\" srcset=\"https:\/\/centcols.org\/wp-content\/uploads\/2025\/10\/Thonon-Trieste-FS_etape03-05.jpg 1200w, https:\/\/centcols.org\/wp-content\/uploads\/2025\/10\/Thonon-Trieste-FS_etape03-05-768x513.jpg 768w, https:\/\/centcols.org\/wp-content\/uploads\/2025\/10\/Thonon-Trieste-FS_etape03-05-18x12.jpg 18w\" sizes=\"auto, (max-width: 1200px) 100vw, 1200px\" \/><\/a><figcaption class=\"wp-element-caption\">Beklimming van San Berdardino, een snelle terugtocht naar Forcola (CH-1598)<\/figcaption><\/figure>\n<\/figure>\n\n\n\n<p><br>20 km later bereikten we \u00abpas\u00bb het dorp San Bernardino, waar een prachtige basiliek staat.<\/p>\n\n\n<div class=\"wp-block-image\">\n<figure class=\"aligncenter size-full is-resized\"><a href=\"https:\/\/centcols.org\/wp-content\/uploads\/2025\/10\/Thonon-Trieste-FS_etape03-06.jpg\"><img loading=\"lazy\" decoding=\"async\" width=\"506\" height=\"600\" src=\"https:\/\/centcols.org\/wp-content\/uploads\/2025\/10\/Thonon-Trieste-FS_etape03-06.jpg\" alt=\"\" class=\"wp-image-91249\" style=\"width:auto;height:600px\" srcset=\"https:\/\/centcols.org\/wp-content\/uploads\/2025\/10\/Thonon-Trieste-FS_etape03-06.jpg 506w, https:\/\/centcols.org\/wp-content\/uploads\/2025\/10\/Thonon-Trieste-FS_etape03-06-10x12.jpg 10w\" sizes=\"auto, (max-width: 506px) 100vw, 506px\" \/><\/a><figcaption class=\"wp-element-caption\">In San Bernardino, Chiesa Rotonda (1867 \/ 1897).<\/figcaption><\/figure>\n<\/div>\n\n\n<p>De laatste paar haarspeldbochten zijn lang, meer dan 10 km langer, en ontmoedigend. De Passo di San Bernardino is een grote: meer dan 30 km en meer dan 1.500 m stijgen. Een rotsachtige bar kijkt uit over het Moesolameer bij de pas waar ons kleine team samenkomt.<\/p>\n\n\n\n<figure class=\"wp-block-gallery has-nested-images columns-3 is-cropped wp-block-gallery-9 is-layout-flex wp-block-gallery-is-layout-flex\">\n<figure class=\"wp-block-image size-large\"><a href=\"https:\/\/centcols.org\/wp-content\/uploads\/2025\/10\/Thonon-Trieste-FS_etape03-07.jpg\"><img loading=\"lazy\" decoding=\"async\" width=\"1200\" height=\"802\" data-id=\"91250\" src=\"https:\/\/centcols.org\/wp-content\/uploads\/2025\/10\/Thonon-Trieste-FS_etape03-07.jpg\" alt=\"\" class=\"wp-image-91250\" srcset=\"https:\/\/centcols.org\/wp-content\/uploads\/2025\/10\/Thonon-Trieste-FS_etape03-07.jpg 1200w, https:\/\/centcols.org\/wp-content\/uploads\/2025\/10\/Thonon-Trieste-FS_etape03-07-768x513.jpg 768w, https:\/\/centcols.org\/wp-content\/uploads\/2025\/10\/Thonon-Trieste-FS_etape03-07-18x12.jpg 18w\" sizes=\"auto, (max-width: 1200px) 100vw, 1200px\" \/><\/a><figcaption class=\"wp-element-caption\">Laatste veters van de Passo di San Bernardino<\/figcaption><\/figure>\n\n\n\n<figure class=\"wp-block-image size-large\"><a href=\"https:\/\/centcols.org\/wp-content\/uploads\/2025\/10\/Thonon-Trieste-FS_etape03-08.jpg\"><img loading=\"lazy\" decoding=\"async\" width=\"1200\" height=\"643\" data-id=\"91253\" src=\"https:\/\/centcols.org\/wp-content\/uploads\/2025\/10\/Thonon-Trieste-FS_etape03-08.jpg\" alt=\"\" class=\"wp-image-91253\" srcset=\"https:\/\/centcols.org\/wp-content\/uploads\/2025\/10\/Thonon-Trieste-FS_etape03-08.jpg 1200w, https:\/\/centcols.org\/wp-content\/uploads\/2025\/10\/Thonon-Trieste-FS_etape03-08-768x412.jpg 768w, https:\/\/centcols.org\/wp-content\/uploads\/2025\/10\/Thonon-Trieste-FS_etape03-08-18x10.jpg 18w\" sizes=\"auto, (max-width: 1200px) 100vw, 1200px\" \/><\/a><figcaption class=\"wp-element-caption\">Dicht bij de top<\/figcaption><\/figure>\n\n\n\n<figure class=\"wp-block-image size-large\"><a href=\"https:\/\/centcols.org\/wp-content\/uploads\/2025\/10\/Thonon-Trieste-FS_etape03-09.jpg\"><img loading=\"lazy\" decoding=\"async\" width=\"1200\" height=\"802\" data-id=\"91252\" src=\"https:\/\/centcols.org\/wp-content\/uploads\/2025\/10\/Thonon-Trieste-FS_etape03-09.jpg\" alt=\"\" class=\"wp-image-91252\" srcset=\"https:\/\/centcols.org\/wp-content\/uploads\/2025\/10\/Thonon-Trieste-FS_etape03-09.jpg 1200w, https:\/\/centcols.org\/wp-content\/uploads\/2025\/10\/Thonon-Trieste-FS_etape03-09-768x513.jpg 768w, https:\/\/centcols.org\/wp-content\/uploads\/2025\/10\/Thonon-Trieste-FS_etape03-09-18x12.jpg 18w\" sizes=\"auto, (max-width: 1200px) 100vw, 1200px\" \/><\/a><figcaption class=\"wp-element-caption\">Meer Moesola<\/figcaption><\/figure>\n<\/figure>\n\n\n\n<figure class=\"wp-block-gallery aligncenter has-nested-images columns-3 is-cropped wp-block-gallery-10 is-layout-flex wp-block-gallery-is-layout-flex\">\n<figure class=\"wp-block-image size-full\"><a href=\"https:\/\/centcols.org\/wp-content\/uploads\/2025\/10\/Thonon-Trieste-FS_etape03-10a.jpg\"><img loading=\"lazy\" decoding=\"async\" width=\"1008\" height=\"1246\" data-id=\"91392\" src=\"https:\/\/centcols.org\/wp-content\/uploads\/2025\/10\/Thonon-Trieste-FS_etape03-10a.jpg\" alt=\"\" class=\"wp-image-91392\" srcset=\"https:\/\/centcols.org\/wp-content\/uploads\/2025\/10\/Thonon-Trieste-FS_etape03-10a.jpg 1008w, https:\/\/centcols.org\/wp-content\/uploads\/2025\/10\/Thonon-Trieste-FS_etape03-10a-971x1200.jpg 971w, https:\/\/centcols.org\/wp-content\/uploads\/2025\/10\/Thonon-Trieste-FS_etape03-10a-768x949.jpg 768w, https:\/\/centcols.org\/wp-content\/uploads\/2025\/10\/Thonon-Trieste-FS_etape03-10a-10x12.jpg 10w\" sizes=\"auto, (max-width: 1008px) 100vw, 1008px\" \/><\/a><\/figure>\n\n\n\n<figure class=\"wp-block-image size-full\"><a href=\"https:\/\/centcols.org\/wp-content\/uploads\/2025\/10\/Thonon-Trieste-FS_etape03-10.jpg\"><img loading=\"lazy\" decoding=\"async\" width=\"674\" height=\"800\" data-id=\"91251\" src=\"https:\/\/centcols.org\/wp-content\/uploads\/2025\/10\/Thonon-Trieste-FS_etape03-10.jpg\" alt=\"\" class=\"wp-image-91251\" srcset=\"https:\/\/centcols.org\/wp-content\/uploads\/2025\/10\/Thonon-Trieste-FS_etape03-10.jpg 674w, https:\/\/centcols.org\/wp-content\/uploads\/2025\/10\/Thonon-Trieste-FS_etape03-10-10x12.jpg 10w\" sizes=\"auto, (max-width: 674px) 100vw, 674px\" \/><\/a><\/figure>\n<\/figure>\n\n\n\n<p>De lange afdaling begint met een reeks haarspeldbochten en we storten naar beneden naar Spl\u00fcgen bijna 1000 m lager. Deze afdaling van 1000 m moet meteen weer worden goedgemaakt, via een aantal zeer krappe switchbacks waar Jean Marc geen plezier heeft gehad met de Partner.<br>De Spl\u00fcgenpass is een prachtige klim, maar extreem moeilijk. Een \u00abkleine\u00bb Stelvio? Dat zien we overmorgen wel...<\/p>\n\n\n<div class=\"wp-block-image\">\n<figure class=\"aligncenter size-large is-resized\"><a href=\"https:\/\/centcols.org\/wp-content\/uploads\/2025\/10\/Thonon-Trieste-FS_etape03-13.jpg\"><img loading=\"lazy\" decoding=\"async\" width=\"1200\" height=\"802\" src=\"https:\/\/centcols.org\/wp-content\/uploads\/2025\/10\/Thonon-Trieste-FS_etape03-13.jpg\" alt=\"\" class=\"wp-image-91255\" style=\"width:800px\" srcset=\"https:\/\/centcols.org\/wp-content\/uploads\/2025\/10\/Thonon-Trieste-FS_etape03-13.jpg 1200w, https:\/\/centcols.org\/wp-content\/uploads\/2025\/10\/Thonon-Trieste-FS_etape03-13-768x513.jpg 768w, https:\/\/centcols.org\/wp-content\/uploads\/2025\/10\/Thonon-Trieste-FS_etape03-13-18x12.jpg 18w\" sizes=\"auto, (max-width: 1200px) 100vw, 1200px\" \/><\/a><figcaption class=\"wp-element-caption\">Sl\u00fcgenpas of passo dello Spluga veters<\/figcaption><\/figure>\n<\/div>\n\n\n<figure class=\"wp-block-gallery has-nested-images columns-default is-cropped wp-block-gallery-11 is-layout-flex wp-block-gallery-is-layout-flex\">\n<figure class=\"wp-block-image size-large\"><a href=\"https:\/\/centcols.org\/wp-content\/uploads\/2025\/10\/Thonon-Trieste-FS_etape03-11.jpg\"><img loading=\"lazy\" decoding=\"async\" width=\"1200\" height=\"802\" data-id=\"91256\" src=\"https:\/\/centcols.org\/wp-content\/uploads\/2025\/10\/Thonon-Trieste-FS_etape03-11.jpg\" alt=\"\" class=\"wp-image-91256\" srcset=\"https:\/\/centcols.org\/wp-content\/uploads\/2025\/10\/Thonon-Trieste-FS_etape03-11.jpg 1200w, https:\/\/centcols.org\/wp-content\/uploads\/2025\/10\/Thonon-Trieste-FS_etape03-11-768x513.jpg 768w, https:\/\/centcols.org\/wp-content\/uploads\/2025\/10\/Thonon-Trieste-FS_etape03-11-18x12.jpg 18w\" sizes=\"auto, (max-width: 1200px) 100vw, 1200px\" \/><\/a><figcaption class=\"wp-element-caption\">Afdaling van de San Bernardino<\/figcaption><\/figure>\n\n\n\n<figure class=\"wp-block-image size-large\"><a href=\"https:\/\/centcols.org\/wp-content\/uploads\/2025\/10\/Thonon-Trieste-FS_etape03-12.jpg\"><img loading=\"lazy\" decoding=\"async\" width=\"1200\" height=\"802\" data-id=\"91254\" src=\"https:\/\/centcols.org\/wp-content\/uploads\/2025\/10\/Thonon-Trieste-FS_etape03-12.jpg\" alt=\"\" class=\"wp-image-91254\" srcset=\"https:\/\/centcols.org\/wp-content\/uploads\/2025\/10\/Thonon-Trieste-FS_etape03-12.jpg 1200w, https:\/\/centcols.org\/wp-content\/uploads\/2025\/10\/Thonon-Trieste-FS_etape03-12-768x513.jpg 768w, https:\/\/centcols.org\/wp-content\/uploads\/2025\/10\/Thonon-Trieste-FS_etape03-12-18x12.jpg 18w\" sizes=\"auto, (max-width: 1200px) 100vw, 1200px\" \/><\/a><figcaption class=\"wp-element-caption\">Spl\u00fcgen<\/figcaption><\/figure>\n<\/figure>\n\n\n\n<p><br>Daarna dalen we af naar Spluga in Itali\u00eb, de pas die de grens markeert. Niet zonder door een \u00abstapel\u00bb tunnels te gaan, minstens 10 stuks, en 33 bochten die moeilijk te nemen zijn omdat 2 auto's elkaar niet kunnen passeren!<\/p>\n\n\n<div class=\"wp-block-image\">\n<figure class=\"aligncenter size-full is-resized\"><a href=\"https:\/\/centcols.org\/wp-content\/uploads\/2025\/10\/Thonon-Trieste-FS_etape03-15.jpg\"><img loading=\"lazy\" decoding=\"async\" width=\"1200\" height=\"802\" src=\"https:\/\/centcols.org\/wp-content\/uploads\/2025\/10\/Thonon-Trieste-FS_etape03-15.jpg\" alt=\"\" class=\"wp-image-91257\" style=\"width:800px\" srcset=\"https:\/\/centcols.org\/wp-content\/uploads\/2025\/10\/Thonon-Trieste-FS_etape03-15.jpg 1200w, https:\/\/centcols.org\/wp-content\/uploads\/2025\/10\/Thonon-Trieste-FS_etape03-15-768x513.jpg 768w, https:\/\/centcols.org\/wp-content\/uploads\/2025\/10\/Thonon-Trieste-FS_etape03-15-18x12.jpg 18w\" sizes=\"auto, (max-width: 1200px) 100vw, 1200px\" \/><\/a><figcaption class=\"wp-element-caption\">Prachtige weg met spiraaltunnels<\/figcaption><\/figure>\n<\/div>\n\n\n<p>We komen aan in Campodolcino en worden begroet met een vruchtensapje. Een welverdiend welkom na 167 km, meer dan 3.000 m stijgen en twee grote Zwitserse passen (plus een \u00abkleintje\u00bb onderweg).<br>Een ZEER grote release!!!<\/p>\n\n\n\n<div class=\"wp-block-buttons is-content-justification-space-between is-layout-flex wp-container-core-buttons-is-layout-3d213aab wp-block-buttons-is-layout-flex\">\n<div class=\"wp-block-button\"><a class=\"wp-block-button__link has-text-color has-background has-link-color wp-element-button\" href=\"https:\/\/centcols.org\/nl\/thonon-trieste-fred-singla-2025\/3\/\" style=\"color:#2a488c;background-color:#88f2fd;text-transform:uppercase\"><strong>Vorig stadium<\/strong><\/a><\/div>\n\n\n\n<div class=\"wp-block-button\"><a class=\"wp-block-button__link has-text-color has-background has-link-color wp-element-button\" href=\"https:\/\/centcols.org\/nl\/thonon-trieste-fred-singla-2025\/5\/\" style=\"color:#2a488c;background-color:#88f2fd;text-transform:uppercase\"><strong>Volgende stap<\/strong><\/a><\/div>\n<\/div>\n\n\n\n<!--nextpage-->\n\n\n\n<h2 class=\"wp-block-heading\"><em> Dag 4: d<\/em>e Campodolcino in Livigno<\/h2>\n\n\n\n<p>106 km - 2455 m den+, 3 passen waarvan 2 &gt; 2000<\/p>\n\n\n\n<p>Het regende vanochtend toen we aan het ontbijt zaten. Maar tegen de tijd dat we vertrokken, is de regen gestopt en zal het de hele dag niet regenen.<br>Op een natte weg wordt de afdaling van 10 km voorzichtig benaderd.<\/p>\n\n\n<div class=\"wp-block-image\">\n<figure class=\"aligncenter size-large is-resized\"><a href=\"https:\/\/centcols.org\/wp-content\/uploads\/2025\/10\/Thonon-Trieste-FS_etape04-01.jpg\"><img loading=\"lazy\" decoding=\"async\" width=\"1307\" height=\"873\" src=\"https:\/\/centcols.org\/wp-content\/uploads\/2025\/10\/Thonon-Trieste-FS_etape04-01.jpg\" alt=\"\" class=\"wp-image-91396\" style=\"width:800px\" srcset=\"https:\/\/centcols.org\/wp-content\/uploads\/2025\/10\/Thonon-Trieste-FS_etape04-01.jpg 1307w, https:\/\/centcols.org\/wp-content\/uploads\/2025\/10\/Thonon-Trieste-FS_etape04-01-1200x802.jpg 1200w, https:\/\/centcols.org\/wp-content\/uploads\/2025\/10\/Thonon-Trieste-FS_etape04-01-768x513.jpg 768w, https:\/\/centcols.org\/wp-content\/uploads\/2025\/10\/Thonon-Trieste-FS_etape04-01-18x12.jpg 18w\" sizes=\"auto, (max-width: 1307px) 100vw, 1307px\" \/><\/a><figcaption class=\"wp-element-caption\">Na een prachtige afdaling vanuit Campodolcino bereiken we Borgonuovo en de cascate dell'Acquafraggia.<\/figcaption><\/figure>\n<\/div>\n\n\n<p>800 m bergafwaarts later zijn we in Chiavenna. Er is een automaat waar we melk, yoghurt en kaas kunnen kopen. Maar die hebben we niet nodig, want we hebben heerlijk ontbeten in het hotel...<\/p>\n\n\n<div class=\"wp-block-image\">\n<figure class=\"aligncenter size-full is-resized\"><a href=\"https:\/\/centcols.org\/wp-content\/uploads\/2025\/10\/Thonon-Trieste-FS_etape04-02.jpg\"><img loading=\"lazy\" decoding=\"async\" width=\"1307\" height=\"873\" src=\"https:\/\/centcols.org\/wp-content\/uploads\/2025\/10\/Thonon-Trieste-FS_etape04-02.jpg\" alt=\"\" class=\"wp-image-91261\" style=\"width:800px\" srcset=\"https:\/\/centcols.org\/wp-content\/uploads\/2025\/10\/Thonon-Trieste-FS_etape04-02.jpg 1307w, https:\/\/centcols.org\/wp-content\/uploads\/2025\/10\/Thonon-Trieste-FS_etape04-02-1200x802.jpg 1200w, https:\/\/centcols.org\/wp-content\/uploads\/2025\/10\/Thonon-Trieste-FS_etape04-02-768x513.jpg 768w, https:\/\/centcols.org\/wp-content\/uploads\/2025\/10\/Thonon-Trieste-FS_etape04-02-18x12.jpg 18w\" sizes=\"auto, (max-width: 1307px) 100vw, 1307px\" \/><\/a><figcaption class=\"wp-element-caption\">La Mera in Promontogno, we zijn weer in Zwitserland<\/figcaption><\/figure>\n<\/div>\n\n\n<p>We verlaten Itali\u00eb al snel en steken Zwitserland weer over. We komen een paar koeien tegen. Wat zou Zwitserland zijn zonder koeien! En toch hebben we er maar heel weinig gezien. In feite zijn er veel meer ... gekke fietsers.<\/p>\n\n\n\n<figure class=\"wp-block-gallery has-nested-images columns-default is-cropped wp-block-gallery-12 is-layout-flex wp-block-gallery-is-layout-flex\">\n<figure class=\"wp-block-image size-large\"><a href=\"https:\/\/centcols.org\/wp-content\/uploads\/2025\/10\/Thonon-Trieste-FS_etape04-03.jpg\"><img loading=\"lazy\" decoding=\"async\" width=\"1307\" height=\"873\" data-id=\"91265\" src=\"https:\/\/centcols.org\/wp-content\/uploads\/2025\/10\/Thonon-Trieste-FS_etape04-03.jpg\" alt=\"\" class=\"wp-image-91265\" srcset=\"https:\/\/centcols.org\/wp-content\/uploads\/2025\/10\/Thonon-Trieste-FS_etape04-03.jpg 1307w, https:\/\/centcols.org\/wp-content\/uploads\/2025\/10\/Thonon-Trieste-FS_etape04-03-1200x802.jpg 1200w, https:\/\/centcols.org\/wp-content\/uploads\/2025\/10\/Thonon-Trieste-FS_etape04-03-768x513.jpg 768w, https:\/\/centcols.org\/wp-content\/uploads\/2025\/10\/Thonon-Trieste-FS_etape04-03-18x12.jpg 18w\" sizes=\"auto, (max-width: 1307px) 100vw, 1307px\" \/><\/a><\/figure>\n\n\n\n<figure class=\"wp-block-image size-large\"><a href=\"https:\/\/centcols.org\/wp-content\/uploads\/2025\/10\/Thonon-Trieste-FS_etape04-05.jpg\"><img loading=\"lazy\" decoding=\"async\" width=\"1307\" height=\"873\" data-id=\"91263\" src=\"https:\/\/centcols.org\/wp-content\/uploads\/2025\/10\/Thonon-Trieste-FS_etape04-05.jpg\" alt=\"\" class=\"wp-image-91263\" srcset=\"https:\/\/centcols.org\/wp-content\/uploads\/2025\/10\/Thonon-Trieste-FS_etape04-05.jpg 1307w, https:\/\/centcols.org\/wp-content\/uploads\/2025\/10\/Thonon-Trieste-FS_etape04-05-1200x802.jpg 1200w, https:\/\/centcols.org\/wp-content\/uploads\/2025\/10\/Thonon-Trieste-FS_etape04-05-768x513.jpg 768w, https:\/\/centcols.org\/wp-content\/uploads\/2025\/10\/Thonon-Trieste-FS_etape04-05-18x12.jpg 18w\" sizes=\"auto, (max-width: 1307px) 100vw, 1307px\" \/><\/a><\/figure>\n<\/figure>\n\n\n\n<p>Binnenkort gaan we de prachtige Passo de Maloja doen, die automatisch in mijn top 10 staat. Hij is zo mooi!<\/p>\n\n\n\n<figure class=\"wp-block-gallery has-nested-images columns-4 is-cropped wp-block-gallery-13 is-layout-flex wp-block-gallery-is-layout-flex\">\n<figure class=\"wp-block-image size-large\"><a href=\"https:\/\/centcols.org\/wp-content\/uploads\/2025\/10\/Thonon-Trieste-FS_etape04-04.jpg\"><img loading=\"lazy\" decoding=\"async\" width=\"1307\" height=\"873\" data-id=\"91262\" src=\"https:\/\/centcols.org\/wp-content\/uploads\/2025\/10\/Thonon-Trieste-FS_etape04-04.jpg\" alt=\"\" class=\"wp-image-91262\" srcset=\"https:\/\/centcols.org\/wp-content\/uploads\/2025\/10\/Thonon-Trieste-FS_etape04-04.jpg 1307w, https:\/\/centcols.org\/wp-content\/uploads\/2025\/10\/Thonon-Trieste-FS_etape04-04-1200x802.jpg 1200w, https:\/\/centcols.org\/wp-content\/uploads\/2025\/10\/Thonon-Trieste-FS_etape04-04-768x513.jpg 768w, https:\/\/centcols.org\/wp-content\/uploads\/2025\/10\/Thonon-Trieste-FS_etape04-04-18x12.jpg 18w\" sizes=\"auto, (max-width: 1307px) 100vw, 1307px\" \/><\/a><figcaption class=\"wp-element-caption\">Omhoog naar de Passo del Majola<\/figcaption><\/figure>\n\n\n\n<figure class=\"wp-block-image size-large\"><a href=\"https:\/\/centcols.org\/wp-content\/uploads\/2025\/10\/Thonon-Trieste-FS_etape04-08.jpg\"><img loading=\"lazy\" decoding=\"async\" width=\"1266\" height=\"1246\" data-id=\"91268\" src=\"https:\/\/centcols.org\/wp-content\/uploads\/2025\/10\/Thonon-Trieste-FS_etape04-08.jpg\" alt=\"\" class=\"wp-image-91268\" srcset=\"https:\/\/centcols.org\/wp-content\/uploads\/2025\/10\/Thonon-Trieste-FS_etape04-08.jpg 1266w, https:\/\/centcols.org\/wp-content\/uploads\/2025\/10\/Thonon-Trieste-FS_etape04-08-1200x1181.jpg 1200w, https:\/\/centcols.org\/wp-content\/uploads\/2025\/10\/Thonon-Trieste-FS_etape04-08-768x756.jpg 768w, https:\/\/centcols.org\/wp-content\/uploads\/2025\/10\/Thonon-Trieste-FS_etape04-08-12x12.jpg 12w\" sizes=\"auto, (max-width: 1266px) 100vw, 1266px\" \/><\/a><\/figure>\n\n\n\n<figure class=\"wp-block-image size-large\"><a href=\"https:\/\/centcols.org\/wp-content\/uploads\/2025\/10\/Thonon-Trieste-FS_etape04-09.jpg\"><img loading=\"lazy\" decoding=\"async\" width=\"1172\" height=\"1246\" data-id=\"91266\" src=\"https:\/\/centcols.org\/wp-content\/uploads\/2025\/10\/Thonon-Trieste-FS_etape04-09.jpg\" alt=\"\" class=\"wp-image-91266\" srcset=\"https:\/\/centcols.org\/wp-content\/uploads\/2025\/10\/Thonon-Trieste-FS_etape04-09.jpg 1172w, https:\/\/centcols.org\/wp-content\/uploads\/2025\/10\/Thonon-Trieste-FS_etape04-09-1129x1200.jpg 1129w, https:\/\/centcols.org\/wp-content\/uploads\/2025\/10\/Thonon-Trieste-FS_etape04-09-768x816.jpg 768w, https:\/\/centcols.org\/wp-content\/uploads\/2025\/10\/Thonon-Trieste-FS_etape04-09-11x12.jpg 11w\" sizes=\"auto, (max-width: 1172px) 100vw, 1172px\" \/><\/a><\/figure>\n\n\n\n<figure class=\"wp-block-image size-large\"><a href=\"https:\/\/centcols.org\/wp-content\/uploads\/2025\/10\/Thonon-Trieste-FS_etape04-06.jpg\"><img loading=\"lazy\" decoding=\"async\" width=\"1307\" height=\"873\" data-id=\"91267\" src=\"https:\/\/centcols.org\/wp-content\/uploads\/2025\/10\/Thonon-Trieste-FS_etape04-06.jpg\" alt=\"\" class=\"wp-image-91267\" srcset=\"https:\/\/centcols.org\/wp-content\/uploads\/2025\/10\/Thonon-Trieste-FS_etape04-06.jpg 1307w, https:\/\/centcols.org\/wp-content\/uploads\/2025\/10\/Thonon-Trieste-FS_etape04-06-1200x802.jpg 1200w, https:\/\/centcols.org\/wp-content\/uploads\/2025\/10\/Thonon-Trieste-FS_etape04-06-768x513.jpg 768w, https:\/\/centcols.org\/wp-content\/uploads\/2025\/10\/Thonon-Trieste-FS_etape04-06-18x12.jpg 18w\" sizes=\"auto, (max-width: 1307px) 100vw, 1307px\" \/><\/a><\/figure>\n<figcaption class=\"blocks-gallery-caption wp-element-caption\">Beklimming van de Passo del Majola<\/figcaption><\/figure>\n\n\n\n<figure class=\"wp-block-image size-large\"><a href=\"https:\/\/centcols.org\/wp-content\/uploads\/2025\/10\/Thonon-Trieste-FS_etape04-07.jpg\"><img loading=\"lazy\" decoding=\"async\" width=\"1307\" height=\"873\" src=\"https:\/\/centcols.org\/wp-content\/uploads\/2025\/10\/Thonon-Trieste-FS_etape04-07.jpg\" alt=\"\" class=\"wp-image-91269\" srcset=\"https:\/\/centcols.org\/wp-content\/uploads\/2025\/10\/Thonon-Trieste-FS_etape04-07.jpg 1307w, https:\/\/centcols.org\/wp-content\/uploads\/2025\/10\/Thonon-Trieste-FS_etape04-07-1200x802.jpg 1200w, https:\/\/centcols.org\/wp-content\/uploads\/2025\/10\/Thonon-Trieste-FS_etape04-07-768x513.jpg 768w, https:\/\/centcols.org\/wp-content\/uploads\/2025\/10\/Thonon-Trieste-FS_etape04-07-18x12.jpg 18w\" sizes=\"auto, (max-width: 1307px) 100vw, 1307px\" \/><\/a><\/figure>\n\n\n\n<p>Aan het einde van de klim bereiken we een prachtig hoogplateau. Het begint met een enorm meer en eindigt 16 km verderop in Saint Moritz.&nbsp;<\/p>\n\n\n\n<p>We zijn in de Engandinavallei tussen de Maloja- en Berninapas. In Saint Moritz is het Grand H\u00f4tel des Bains ... waar ik niet heb geboekt.<\/p>\n\n\n\n<figure class=\"wp-block-gallery has-nested-images columns-default is-cropped wp-block-gallery-14 is-layout-flex wp-block-gallery-is-layout-flex\">\n<figure class=\"wp-block-image size-large\"><a href=\"https:\/\/centcols.org\/wp-content\/uploads\/2025\/10\/Thonon-Trieste-FS_etape04-10.jpg\"><img loading=\"lazy\" decoding=\"async\" width=\"1307\" height=\"873\" data-id=\"91271\" src=\"https:\/\/centcols.org\/wp-content\/uploads\/2025\/10\/Thonon-Trieste-FS_etape04-10.jpg\" alt=\"\" class=\"wp-image-91271\" srcset=\"https:\/\/centcols.org\/wp-content\/uploads\/2025\/10\/Thonon-Trieste-FS_etape04-10.jpg 1307w, https:\/\/centcols.org\/wp-content\/uploads\/2025\/10\/Thonon-Trieste-FS_etape04-10-1200x802.jpg 1200w, https:\/\/centcols.org\/wp-content\/uploads\/2025\/10\/Thonon-Trieste-FS_etape04-10-768x513.jpg 768w, https:\/\/centcols.org\/wp-content\/uploads\/2025\/10\/Thonon-Trieste-FS_etape04-10-18x12.jpg 18w\" sizes=\"auto, (max-width: 1307px) 100vw, 1307px\" \/><\/a><figcaption class=\"wp-element-caption\">Lago di Sils in de Engandinavallei, tussen de passen del Maloja en del Bernina.<\/figcaption><\/figure>\n\n\n\n<figure class=\"wp-block-image size-large\"><a href=\"https:\/\/centcols.org\/wp-content\/uploads\/2025\/10\/Thonon-Trieste-FS_etape04-11.jpg\"><img loading=\"lazy\" decoding=\"async\" width=\"1307\" height=\"873\" data-id=\"91270\" src=\"https:\/\/centcols.org\/wp-content\/uploads\/2025\/10\/Thonon-Trieste-FS_etape04-11.jpg\" alt=\"\" class=\"wp-image-91270\" srcset=\"https:\/\/centcols.org\/wp-content\/uploads\/2025\/10\/Thonon-Trieste-FS_etape04-11.jpg 1307w, https:\/\/centcols.org\/wp-content\/uploads\/2025\/10\/Thonon-Trieste-FS_etape04-11-1200x802.jpg 1200w, https:\/\/centcols.org\/wp-content\/uploads\/2025\/10\/Thonon-Trieste-FS_etape04-11-768x513.jpg 768w, https:\/\/centcols.org\/wp-content\/uploads\/2025\/10\/Thonon-Trieste-FS_etape04-11-18x12.jpg 18w\" sizes=\"auto, (max-width: 1307px) 100vw, 1307px\" \/><\/a><figcaption class=\"wp-element-caption\">In Sankt Moritz, Grand H\u00f4tel des Bains ... waar ik niet had geboekt!<\/figcaption><\/figure>\n<\/figure>\n\n\n\n<p>Dan volgt de beklimming van de Passo del Bernina, de hoogste pas in de Zwitserse Alpen die het hele jaar open is. Hier passeren we de Bernina Express, die Chur (Graub\u00fcnden) met Tirano (Lombardije) verbindt via 195 bruggen en 55 tunnels. Het is verrassend om op deze hoogte een trein te zien die niet tandheugel-en-tandheugel is. Maximale helling van 7%, anders komt hij er niet doorheen! Spoorwegstandaard verplicht.<br>Voordat we de pas bereiken, passeren we een prachtig meer. En we hebben het geluk de Bernina Express tegen te komen.<\/p>\n\n\n\n<figure class=\"wp-block-gallery has-nested-images columns-2 is-cropped wp-block-gallery-15 is-layout-flex wp-block-gallery-is-layout-flex\">\n<figure class=\"wp-block-image size-large\"><a href=\"https:\/\/centcols.org\/wp-content\/uploads\/2025\/10\/Thonon-Trieste-FS_etape04-12.jpg\"><img loading=\"lazy\" decoding=\"async\" width=\"1307\" height=\"873\" data-id=\"91272\" src=\"https:\/\/centcols.org\/wp-content\/uploads\/2025\/10\/Thonon-Trieste-FS_etape04-12.jpg\" alt=\"\" class=\"wp-image-91272\" srcset=\"https:\/\/centcols.org\/wp-content\/uploads\/2025\/10\/Thonon-Trieste-FS_etape04-12.jpg 1307w, https:\/\/centcols.org\/wp-content\/uploads\/2025\/10\/Thonon-Trieste-FS_etape04-12-1200x802.jpg 1200w, https:\/\/centcols.org\/wp-content\/uploads\/2025\/10\/Thonon-Trieste-FS_etape04-12-768x513.jpg 768w, https:\/\/centcols.org\/wp-content\/uploads\/2025\/10\/Thonon-Trieste-FS_etape04-12-18x12.jpg 18w\" sizes=\"auto, (max-width: 1307px) 100vw, 1307px\" \/><\/a><figcaption class=\"wp-element-caption\">Beklim de Passo del Bernina, de hoogste pas in de Zwitserse Alpen, die het hele jaar open is.<\/figcaption><\/figure>\n\n\n\n<figure class=\"wp-block-image size-large\"><a href=\"https:\/\/centcols.org\/wp-content\/uploads\/2025\/10\/Thonon-Trieste-FS_etape04-13.jpg\"><img loading=\"lazy\" decoding=\"async\" width=\"1307\" height=\"873\" data-id=\"91274\" src=\"https:\/\/centcols.org\/wp-content\/uploads\/2025\/10\/Thonon-Trieste-FS_etape04-13.jpg\" alt=\"\" class=\"wp-image-91274\" srcset=\"https:\/\/centcols.org\/wp-content\/uploads\/2025\/10\/Thonon-Trieste-FS_etape04-13.jpg 1307w, https:\/\/centcols.org\/wp-content\/uploads\/2025\/10\/Thonon-Trieste-FS_etape04-13-1200x802.jpg 1200w, https:\/\/centcols.org\/wp-content\/uploads\/2025\/10\/Thonon-Trieste-FS_etape04-13-768x513.jpg 768w, https:\/\/centcols.org\/wp-content\/uploads\/2025\/10\/Thonon-Trieste-FS_etape04-13-18x12.jpg 18w\" sizes=\"auto, (max-width: 1307px) 100vw, 1307px\" \/><\/a><figcaption class=\"wp-element-caption\">De Bernina Express (die Croire, Graub\u00fcnden, verbindt met Tirano, Lombardije, via 195 bruggen en 55 tunnels) loopt langs het Lej Nair (Zwarte Meer).<\/figcaption><\/figure>\n<\/figure>\n\n\n\n<figure class=\"wp-block-gallery aligncenter has-nested-images columns-default is-cropped wp-block-gallery-16 is-layout-flex wp-block-gallery-is-layout-flex\">\n<figure class=\"wp-block-image size-large\"><a href=\"https:\/\/centcols.org\/wp-content\/uploads\/2025\/10\/Thonon-Trieste-FS_etape04b.jpg\"><img loading=\"lazy\" decoding=\"async\" width=\"626\" height=\"1246\" data-id=\"91401\" src=\"https:\/\/centcols.org\/wp-content\/uploads\/2025\/10\/Thonon-Trieste-FS_etape04b.jpg\" alt=\"\" class=\"wp-image-91401\" srcset=\"https:\/\/centcols.org\/wp-content\/uploads\/2025\/10\/Thonon-Trieste-FS_etape04b.jpg 626w, https:\/\/centcols.org\/wp-content\/uploads\/2025\/10\/Thonon-Trieste-FS_etape04b-603x1200.jpg 603w, https:\/\/centcols.org\/wp-content\/uploads\/2025\/10\/Thonon-Trieste-FS_etape04b-6x12.jpg 6w\" sizes=\"auto, (max-width: 626px) 100vw, 626px\" \/><\/a><\/figure>\n\n\n\n<figure class=\"wp-block-image size-large\"><a href=\"https:\/\/centcols.org\/wp-content\/uploads\/2025\/10\/Thonon-Trieste-FS_etape04a.jpg\"><img loading=\"lazy\" decoding=\"async\" width=\"611\" height=\"1246\" data-id=\"91400\" src=\"https:\/\/centcols.org\/wp-content\/uploads\/2025\/10\/Thonon-Trieste-FS_etape04a.jpg\" alt=\"\" class=\"wp-image-91400\" srcset=\"https:\/\/centcols.org\/wp-content\/uploads\/2025\/10\/Thonon-Trieste-FS_etape04a.jpg 611w, https:\/\/centcols.org\/wp-content\/uploads\/2025\/10\/Thonon-Trieste-FS_etape04a-588x1200.jpg 588w, https:\/\/centcols.org\/wp-content\/uploads\/2025\/10\/Thonon-Trieste-FS_etape04a-6x12.jpg 6w\" sizes=\"auto, (max-width: 611px) 100vw, 611px\" \/><\/a><\/figure>\n\n\n\n<figure class=\"wp-block-image size-large\"><a href=\"https:\/\/centcols.org\/wp-content\/uploads\/2025\/10\/Thonon-Trieste-FS_etape04-14.jpg\"><img loading=\"lazy\" decoding=\"async\" width=\"798\" height=\"1246\" data-id=\"91273\" src=\"https:\/\/centcols.org\/wp-content\/uploads\/2025\/10\/Thonon-Trieste-FS_etape04-14.jpg\" alt=\"\" class=\"wp-image-91273\" srcset=\"https:\/\/centcols.org\/wp-content\/uploads\/2025\/10\/Thonon-Trieste-FS_etape04-14.jpg 798w, https:\/\/centcols.org\/wp-content\/uploads\/2025\/10\/Thonon-Trieste-FS_etape04-14-769x1200.jpg 769w, https:\/\/centcols.org\/wp-content\/uploads\/2025\/10\/Thonon-Trieste-FS_etape04-14-768x1199.jpg 768w, https:\/\/centcols.org\/wp-content\/uploads\/2025\/10\/Thonon-Trieste-FS_etape04-14-8x12.jpg 8w\" sizes=\"auto, (max-width: 798px) 100vw, 798px\" \/><\/a><figcaption class=\"wp-element-caption\">Klaar voor de Bernina afdaling<\/figcaption><\/figure>\n<\/figure>\n\n\n\n<p>Op weg naar beneden, nog een paar koeien. Sommige hebben vierkante bellen, andere ronde.<\/p>\n\n\n<div class=\"wp-block-image\">\n<figure class=\"aligncenter size-large is-resized\"><a href=\"https:\/\/centcols.org\/wp-content\/uploads\/2025\/10\/Thonon-Trieste-FS_etape04-19.jpg\"><img loading=\"lazy\" decoding=\"async\" width=\"1200\" height=\"802\" src=\"https:\/\/centcols.org\/wp-content\/uploads\/2025\/10\/Thonon-Trieste-FS_etape04-19.jpg\" alt=\"\" class=\"wp-image-91287\" style=\"width:800px\" srcset=\"https:\/\/centcols.org\/wp-content\/uploads\/2025\/10\/Thonon-Trieste-FS_etape04-19.jpg 1200w, https:\/\/centcols.org\/wp-content\/uploads\/2025\/10\/Thonon-Trieste-FS_etape04-19-768x513.jpg 768w, https:\/\/centcols.org\/wp-content\/uploads\/2025\/10\/Thonon-Trieste-FS_etape04-19-18x12.jpg 18w\" sizes=\"auto, (max-width: 1200px) 100vw, 1200px\" \/><\/a><\/figure>\n<\/div>\n\n\n<p>We moeten nog terug klimmen naar Forcala di Livigno, op 2313 m, in 3 km met een gemiddelde snelheid van 9%. We passeren veel tankwagens. We zullen begrijpen waarom als we horen dat Livigno een vrije zone is. En daar gaan we diesel tanken voor \u20ac1,15 per liter. Vergeleken met \u20ac1,60 overal elders in Itali\u00eb.<br>Aan het einde van een lange afdaling komen we aan in Livigno, waar strenge stedenbouwkundige voorschriften gelden. De meeste bloemen op de balkons hebben dezelfde kleur.<\/p>\n\n\n\n<figure class=\"wp-block-gallery has-nested-images columns-default is-cropped wp-block-gallery-17 is-layout-flex wp-block-gallery-is-layout-flex\">\n<figure class=\"wp-block-image size-large\"><a href=\"https:\/\/centcols.org\/wp-content\/uploads\/2025\/10\/Thonon-Trieste-FS_etape04-15a.jpg\"><img loading=\"lazy\" decoding=\"async\" width=\"1307\" height=\"873\" data-id=\"91403\" src=\"https:\/\/centcols.org\/wp-content\/uploads\/2025\/10\/Thonon-Trieste-FS_etape04-15a.jpg\" alt=\"\" class=\"wp-image-91403\" srcset=\"https:\/\/centcols.org\/wp-content\/uploads\/2025\/10\/Thonon-Trieste-FS_etape04-15a.jpg 1307w, https:\/\/centcols.org\/wp-content\/uploads\/2025\/10\/Thonon-Trieste-FS_etape04-15a-1200x802.jpg 1200w, https:\/\/centcols.org\/wp-content\/uploads\/2025\/10\/Thonon-Trieste-FS_etape04-15a-768x513.jpg 768w, https:\/\/centcols.org\/wp-content\/uploads\/2025\/10\/Thonon-Trieste-FS_etape04-15a-18x12.jpg 18w\" sizes=\"auto, (max-width: 1307px) 100vw, 1307px\" \/><\/a><\/figure>\n\n\n\n<figure class=\"wp-block-image size-large\"><a href=\"https:\/\/centcols.org\/wp-content\/uploads\/2025\/10\/Thonon-Trieste-FS_etape04-15.jpg\"><img loading=\"lazy\" decoding=\"async\" width=\"1307\" height=\"873\" data-id=\"91275\" src=\"https:\/\/centcols.org\/wp-content\/uploads\/2025\/10\/Thonon-Trieste-FS_etape04-15.jpg\" alt=\"\" class=\"wp-image-91275\" srcset=\"https:\/\/centcols.org\/wp-content\/uploads\/2025\/10\/Thonon-Trieste-FS_etape04-15.jpg 1307w, https:\/\/centcols.org\/wp-content\/uploads\/2025\/10\/Thonon-Trieste-FS_etape04-15-1200x802.jpg 1200w, https:\/\/centcols.org\/wp-content\/uploads\/2025\/10\/Thonon-Trieste-FS_etape04-15-768x513.jpg 768w, https:\/\/centcols.org\/wp-content\/uploads\/2025\/10\/Thonon-Trieste-FS_etape04-15-18x12.jpg 18w\" sizes=\"auto, (max-width: 1307px) 100vw, 1307px\" \/><\/a><\/figure>\n\n\n\n<figure class=\"wp-block-image size-large\"><a href=\"https:\/\/centcols.org\/wp-content\/uploads\/2025\/10\/Thonon-Trieste-FS_etape04-16.jpg\"><img loading=\"lazy\" decoding=\"async\" width=\"1307\" height=\"873\" data-id=\"91276\" src=\"https:\/\/centcols.org\/wp-content\/uploads\/2025\/10\/Thonon-Trieste-FS_etape04-16.jpg\" alt=\"\" class=\"wp-image-91276\" srcset=\"https:\/\/centcols.org\/wp-content\/uploads\/2025\/10\/Thonon-Trieste-FS_etape04-16.jpg 1307w, https:\/\/centcols.org\/wp-content\/uploads\/2025\/10\/Thonon-Trieste-FS_etape04-16-1200x802.jpg 1200w, https:\/\/centcols.org\/wp-content\/uploads\/2025\/10\/Thonon-Trieste-FS_etape04-16-768x513.jpg 768w, https:\/\/centcols.org\/wp-content\/uploads\/2025\/10\/Thonon-Trieste-FS_etape04-16-18x12.jpg 18w\" sizes=\"auto, (max-width: 1307px) 100vw, 1307px\" \/><\/a><figcaption class=\"wp-element-caption\">Afdaling naar Livigno<\/figcaption><\/figure>\n<\/figure>\n\n\n\n<p>Livignio is daarom een vrije zone, dankzij zijn ge\u00efsoleerde ligging. Er is dus weinig belasting ... en veel toeristen.<\/p>\n\n\n\n<p>We genieten van het comfort van onze g\u00eete na 106 km, 2455 m stijgen en 3 prachtige passen, waaronder 2 \u00ab2000\u00bb.<\/p>\n\n\n<div class=\"wp-block-image\">\n<figure class=\"aligncenter size-full is-resized\"><a href=\"https:\/\/centcols.org\/wp-content\/uploads\/2025\/10\/Thonon-Trieste-FS_etape04-17.jpg\"><img loading=\"lazy\" decoding=\"async\" width=\"1307\" height=\"873\" src=\"https:\/\/centcols.org\/wp-content\/uploads\/2025\/10\/Thonon-Trieste-FS_etape04-17.jpg\" alt=\"\" class=\"wp-image-91277\" style=\"width:800px\" srcset=\"https:\/\/centcols.org\/wp-content\/uploads\/2025\/10\/Thonon-Trieste-FS_etape04-17.jpg 1307w, https:\/\/centcols.org\/wp-content\/uploads\/2025\/10\/Thonon-Trieste-FS_etape04-17-1200x802.jpg 1200w, https:\/\/centcols.org\/wp-content\/uploads\/2025\/10\/Thonon-Trieste-FS_etape04-17-768x513.jpg 768w, https:\/\/centcols.org\/wp-content\/uploads\/2025\/10\/Thonon-Trieste-FS_etape04-17-18x12.jpg 18w\" sizes=\"auto, (max-width: 1307px) 100vw, 1307px\" \/><\/a><figcaption class=\"wp-element-caption\">Onze g\u00eete in Livigno<\/figcaption><\/figure>\n<\/div>\n\n\n<div class=\"wp-block-buttons is-content-justification-space-between is-layout-flex wp-container-core-buttons-is-layout-3d213aab wp-block-buttons-is-layout-flex\">\n<div class=\"wp-block-button\"><a class=\"wp-block-button__link has-text-color has-background has-link-color wp-element-button\" href=\"https:\/\/centcols.org\/nl\/thonon-trieste-fred-singla-2025\/4\/\" style=\"color:#2a488c;background-color:#88f2fd;text-transform:uppercase\"><strong>Vorig stadium<\/strong><\/a><\/div>\n\n\n\n<div class=\"wp-block-button\"><a class=\"wp-block-button__link has-text-color has-background has-link-color wp-element-button\" href=\"https:\/\/centcols.org\/nl\/thonon-trieste-fred-singla-2025\/6\/\" style=\"color:#2a488c;background-color:#88f2fd;text-transform:uppercase\"><strong>Volgende stap<\/strong><\/a><\/div>\n<\/div>\n\n\n\n<!--nextpage-->\n\n\n\n<h2 class=\"wp-block-heading\"><em> Dag 5: van <\/em>Livigno naar Malles-Venosta: De Stelvio: DANTESQUE maar WAHOU!<\/h2>\n\n\n\n<p>95 km - 2200 m van den+ en \ud83c\udf27\ud83c\udf27\ud83c\udf27\ud83c\udf27<\/p>\n\n\n\n<figure class=\"wp-block-gallery has-nested-images columns-default is-cropped wp-block-gallery-18 is-layout-flex wp-block-gallery-is-layout-flex\">\n<figure class=\"wp-block-image size-full\"><a href=\"https:\/\/centcols.org\/wp-content\/uploads\/2025\/10\/Thonon-Trieste-FS_etape05-01.jpg\"><img loading=\"lazy\" decoding=\"async\" width=\"1307\" height=\"604\" data-id=\"91308\" src=\"https:\/\/centcols.org\/wp-content\/uploads\/2025\/10\/Thonon-Trieste-FS_etape05-01.jpg\" alt=\"\" class=\"wp-image-91308\" srcset=\"https:\/\/centcols.org\/wp-content\/uploads\/2025\/10\/Thonon-Trieste-FS_etape05-01.jpg 1307w, https:\/\/centcols.org\/wp-content\/uploads\/2025\/10\/Thonon-Trieste-FS_etape05-01-1200x555.jpg 1200w, https:\/\/centcols.org\/wp-content\/uploads\/2025\/10\/Thonon-Trieste-FS_etape05-01-768x355.jpg 768w, https:\/\/centcols.org\/wp-content\/uploads\/2025\/10\/Thonon-Trieste-FS_etape05-01-18x8.jpg 18w\" sizes=\"auto, (max-width: 1307px) 100vw, 1307px\" \/><\/a><figcaption class=\"wp-element-caption\">Donderdag 28, zoals elke dag, op bij het krieken van de dag<\/figcaption><\/figure>\n\n\n\n<figure class=\"wp-block-image size-full\"><a href=\"https:\/\/centcols.org\/wp-content\/uploads\/2025\/10\/Thonon-Trieste-FS_etape05-02.jpg\"><img loading=\"lazy\" decoding=\"async\" width=\"1307\" height=\"604\" data-id=\"91309\" src=\"https:\/\/centcols.org\/wp-content\/uploads\/2025\/10\/Thonon-Trieste-FS_etape05-02.jpg\" alt=\"\" class=\"wp-image-91309\" srcset=\"https:\/\/centcols.org\/wp-content\/uploads\/2025\/10\/Thonon-Trieste-FS_etape05-02.jpg 1307w, https:\/\/centcols.org\/wp-content\/uploads\/2025\/10\/Thonon-Trieste-FS_etape05-02-1200x555.jpg 1200w, https:\/\/centcols.org\/wp-content\/uploads\/2025\/10\/Thonon-Trieste-FS_etape05-02-768x355.jpg 768w, https:\/\/centcols.org\/wp-content\/uploads\/2025\/10\/Thonon-Trieste-FS_etape05-02-18x8.jpg 18w\" sizes=\"auto, (max-width: 1307px) 100vw, 1307px\" \/><\/a><figcaption class=\"wp-element-caption\">Zoals elke dag een stevig ontbijt, en dit is slechts een voorbeeld ...<\/figcaption><\/figure>\n<\/figure>\n\n\n<div class=\"wp-block-image\">\n<figure class=\"aligncenter size-full is-resized\"><a href=\"https:\/\/centcols.org\/wp-content\/uploads\/2025\/10\/Thonon-Trieste-FS_etape05-02a.jpg\"><img loading=\"lazy\" decoding=\"async\" width=\"1307\" height=\"873\" src=\"https:\/\/centcols.org\/wp-content\/uploads\/2025\/10\/Thonon-Trieste-FS_etape05-02a.jpg\" alt=\"\" class=\"wp-image-91406\" style=\"width:800px\" srcset=\"https:\/\/centcols.org\/wp-content\/uploads\/2025\/10\/Thonon-Trieste-FS_etape05-02a.jpg 1307w, https:\/\/centcols.org\/wp-content\/uploads\/2025\/10\/Thonon-Trieste-FS_etape05-02a-1200x802.jpg 1200w, https:\/\/centcols.org\/wp-content\/uploads\/2025\/10\/Thonon-Trieste-FS_etape05-02a-768x513.jpg 768w, https:\/\/centcols.org\/wp-content\/uploads\/2025\/10\/Thonon-Trieste-FS_etape05-02a-18x12.jpg 18w\" sizes=\"auto, (max-width: 1307px) 100vw, 1307px\" \/><\/a><figcaption class=\"wp-element-caption\">We verlaten Livigno in de regen<\/figcaption><\/figure>\n<\/div>\n\n\n<p>Hoe beklim je de Stelvio zonder auto (of fiets...)? Het is heel eenvoudig, volg gewoon de punten 1 tot en met 6 :<\/p>\n\n\n\n<ol class=\"wp-block-list\">\n<li>Verlaat Livigno en begin de etappe van de dag met de beklimming van de Passo d'Eira.<\/li>\n\n\n\n<li>Daarna daal je af in een kleine vallei om langs Trepalle (mooi fresco) te komen tussen de passi d'Eira en di Foscagno.<\/li>\n\n\n\n<li>Klim terug naar de Passo di Foscagno voordat we beginnen aan een anthologische afdaling naar Bormio in de stromende regen \ud83c\udf27\ud83c\udf27. Niets bleef ons bespaard tijdens deze afdaling: regen, lawines in overvloed, wegwerkzaamheden en het verkeer uit de hel. Zeker niet het beste deel van de reis!<\/li>\n\n\n\n<li>Bij Bormio kom je een bord tegen dat aankondigt dat de weg is afgesloten.<\/li>\n\n\n\n<li>We komen een Italiaanse taxichauffeur tegen die de slagboom optilt, ons passeert en zegt \u00bbOK, het is verboden, maar er is absoluut niets en het is prima\u00ab.<\/li>\n\n\n\n<li>Een gokje wagen, zoals Bruno en ik doen ... maar toch een beetje bezorgd. Wat zullen we aan het einde vinden?<\/li>\n\n\n\n<li>We hadden het geluk dat Jean-Marc onderaan op ons wachtte voor het geval we terug naar beneden moesten.<\/li>\n<\/ol>\n\n\n\n<figure class=\"wp-block-gallery has-nested-images columns-3 is-cropped wp-block-gallery-19 is-layout-flex wp-block-gallery-is-layout-flex\">\n<figure class=\"wp-block-image size-full\"><a href=\"https:\/\/centcols.org\/wp-content\/uploads\/2025\/10\/Thonon-Trieste-FS_etape05-03.jpg\"><img loading=\"lazy\" decoding=\"async\" width=\"997\" height=\"1246\" data-id=\"91310\" src=\"https:\/\/centcols.org\/wp-content\/uploads\/2025\/10\/Thonon-Trieste-FS_etape05-03.jpg\" alt=\"\" class=\"wp-image-91310\" srcset=\"https:\/\/centcols.org\/wp-content\/uploads\/2025\/10\/Thonon-Trieste-FS_etape05-03.jpg 997w, https:\/\/centcols.org\/wp-content\/uploads\/2025\/10\/Thonon-Trieste-FS_etape05-03-960x1200.jpg 960w, https:\/\/centcols.org\/wp-content\/uploads\/2025\/10\/Thonon-Trieste-FS_etape05-03-768x960.jpg 768w, https:\/\/centcols.org\/wp-content\/uploads\/2025\/10\/Thonon-Trieste-FS_etape05-03-10x12.jpg 10w\" sizes=\"auto, (max-width: 997px) 100vw, 997px\" \/><\/a><figcaption class=\"wp-element-caption\">Passo Eira (IT 2208).<\/figcaption><\/figure>\n\n\n\n<figure class=\"wp-block-image size-full\"><a href=\"https:\/\/centcols.org\/wp-content\/uploads\/2025\/10\/Thonon-Trieste-FS_etape05-05.jpg\"><img loading=\"lazy\" decoding=\"async\" width=\"1307\" height=\"873\" data-id=\"91311\" src=\"https:\/\/centcols.org\/wp-content\/uploads\/2025\/10\/Thonon-Trieste-FS_etape05-05.jpg\" alt=\"\" class=\"wp-image-91311\" srcset=\"https:\/\/centcols.org\/wp-content\/uploads\/2025\/10\/Thonon-Trieste-FS_etape05-05.jpg 1307w, https:\/\/centcols.org\/wp-content\/uploads\/2025\/10\/Thonon-Trieste-FS_etape05-05-1200x802.jpg 1200w, https:\/\/centcols.org\/wp-content\/uploads\/2025\/10\/Thonon-Trieste-FS_etape05-05-768x513.jpg 768w, https:\/\/centcols.org\/wp-content\/uploads\/2025\/10\/Thonon-Trieste-FS_etape05-05-18x12.jpg 18w\" sizes=\"auto, (max-width: 1307px) 100vw, 1307px\" \/><\/a><figcaption class=\"wp-element-caption\">Trepalle tussen de Passi d'Eira en di Foscagno<\/figcaption><\/figure>\n\n\n\n<figure class=\"wp-block-image size-full\"><a href=\"https:\/\/centcols.org\/wp-content\/uploads\/2025\/10\/Thonon-Trieste-FS_etape05-06.jpg\"><img loading=\"lazy\" decoding=\"async\" width=\"1307\" height=\"1223\" data-id=\"91313\" src=\"https:\/\/centcols.org\/wp-content\/uploads\/2025\/10\/Thonon-Trieste-FS_etape05-06.jpg\" alt=\"\" class=\"wp-image-91313\" srcset=\"https:\/\/centcols.org\/wp-content\/uploads\/2025\/10\/Thonon-Trieste-FS_etape05-06.jpg 1307w, https:\/\/centcols.org\/wp-content\/uploads\/2025\/10\/Thonon-Trieste-FS_etape05-06-1200x1123.jpg 1200w, https:\/\/centcols.org\/wp-content\/uploads\/2025\/10\/Thonon-Trieste-FS_etape05-06-768x719.jpg 768w, https:\/\/centcols.org\/wp-content\/uploads\/2025\/10\/Thonon-Trieste-FS_etape05-06-13x12.jpg 13w\" sizes=\"auto, (max-width: 1307px) 100vw, 1307px\" \/><\/a><figcaption class=\"wp-element-caption\">Passo di Foscagno (IT 2292) met een zeer moeilijke afdaling (lang, regenachtig, beijzeld, beschadigde weg, druk verkeer, enz.)<\/figcaption><\/figure>\n\n\n\n<figure class=\"wp-block-image size-full\"><a href=\"https:\/\/centcols.org\/wp-content\/uploads\/2025\/10\/Thonon-Trieste-FS_etape05-04.jpg\"><img loading=\"lazy\" decoding=\"async\" width=\"1307\" height=\"246\" data-id=\"91312\" src=\"https:\/\/centcols.org\/wp-content\/uploads\/2025\/10\/Thonon-Trieste-FS_etape05-04.jpg\" alt=\"\" class=\"wp-image-91312\" srcset=\"https:\/\/centcols.org\/wp-content\/uploads\/2025\/10\/Thonon-Trieste-FS_etape05-04.jpg 1307w, https:\/\/centcols.org\/wp-content\/uploads\/2025\/10\/Thonon-Trieste-FS_etape05-04-1200x226.jpg 1200w, https:\/\/centcols.org\/wp-content\/uploads\/2025\/10\/Thonon-Trieste-FS_etape05-04-768x145.jpg 768w, https:\/\/centcols.org\/wp-content\/uploads\/2025\/10\/Thonon-Trieste-FS_etape05-04-18x3.jpg 18w\" sizes=\"auto, (max-width: 1307px) 100vw, 1307px\" \/><\/a><figcaption class=\"wp-element-caption\">Fresco bij Trepalle<\/figcaption><\/figure>\n<\/figure>\n\n\n\n<p>Het is echt een vreemde klim. We zijn met z'n twee\u00ebn alleen in deze uitgestrektheid.<\/p>\n\n\n\n<figure class=\"wp-block-gallery has-nested-images columns-3 is-cropped wp-block-gallery-20 is-layout-flex wp-block-gallery-is-layout-flex\">\n<figure class=\"wp-block-image size-full\"><a href=\"https:\/\/centcols.org\/wp-content\/uploads\/2025\/10\/Thonon-Trieste-FS_etape05-07.jpg\"><img loading=\"lazy\" decoding=\"async\" width=\"1307\" height=\"873\" data-id=\"91314\" src=\"https:\/\/centcols.org\/wp-content\/uploads\/2025\/10\/Thonon-Trieste-FS_etape05-07.jpg\" alt=\"\" class=\"wp-image-91314\" srcset=\"https:\/\/centcols.org\/wp-content\/uploads\/2025\/10\/Thonon-Trieste-FS_etape05-07.jpg 1307w, https:\/\/centcols.org\/wp-content\/uploads\/2025\/10\/Thonon-Trieste-FS_etape05-07-1200x802.jpg 1200w, https:\/\/centcols.org\/wp-content\/uploads\/2025\/10\/Thonon-Trieste-FS_etape05-07-768x513.jpg 768w, https:\/\/centcols.org\/wp-content\/uploads\/2025\/10\/Thonon-Trieste-FS_etape05-07-18x12.jpg 18w\" sizes=\"auto, (max-width: 1307px) 100vw, 1307px\" \/><\/a><figcaption class=\"wp-element-caption\">Eerste wegversperring, waar veel voertuigen voorbij komen. We ...<\/figcaption><\/figure>\n\n\n\n<figure class=\"wp-block-image size-full\"><a href=\"https:\/\/centcols.org\/wp-content\/uploads\/2025\/10\/Thonon-Trieste-FS_etape05-08.jpg\"><img loading=\"lazy\" decoding=\"async\" width=\"1307\" height=\"873\" data-id=\"91315\" src=\"https:\/\/centcols.org\/wp-content\/uploads\/2025\/10\/Thonon-Trieste-FS_etape05-08.jpg\" alt=\"\" class=\"wp-image-91315\" srcset=\"https:\/\/centcols.org\/wp-content\/uploads\/2025\/10\/Thonon-Trieste-FS_etape05-08.jpg 1307w, https:\/\/centcols.org\/wp-content\/uploads\/2025\/10\/Thonon-Trieste-FS_etape05-08-1200x802.jpg 1200w, https:\/\/centcols.org\/wp-content\/uploads\/2025\/10\/Thonon-Trieste-FS_etape05-08-768x513.jpg 768w, https:\/\/centcols.org\/wp-content\/uploads\/2025\/10\/Thonon-Trieste-FS_etape05-08-18x12.jpg 18w\" sizes=\"auto, (max-width: 1307px) 100vw, 1307px\" \/><\/a><figcaption class=\"wp-element-caption\">Twee km verderop is het ernstiger. Maar een Italiaanse taxi tilt de slagboom op en vertelt ons - Er is daar niets. Bruno en ik gingen meteen naar ....<\/figcaption><\/figure>\n\n\n\n<figure class=\"wp-block-image size-full\"><a href=\"https:\/\/centcols.org\/wp-content\/uploads\/2025\/10\/Thonon-Trieste-FS_etape05-09.jpg\"><img loading=\"lazy\" decoding=\"async\" width=\"1307\" height=\"873\" data-id=\"91316\" src=\"https:\/\/centcols.org\/wp-content\/uploads\/2025\/10\/Thonon-Trieste-FS_etape05-09.jpg\" alt=\"\" class=\"wp-image-91316\" srcset=\"https:\/\/centcols.org\/wp-content\/uploads\/2025\/10\/Thonon-Trieste-FS_etape05-09.jpg 1307w, https:\/\/centcols.org\/wp-content\/uploads\/2025\/10\/Thonon-Trieste-FS_etape05-09-1200x802.jpg 1200w, https:\/\/centcols.org\/wp-content\/uploads\/2025\/10\/Thonon-Trieste-FS_etape05-09-768x513.jpg 768w, https:\/\/centcols.org\/wp-content\/uploads\/2025\/10\/Thonon-Trieste-FS_etape05-09-18x12.jpg 18w\" sizes=\"auto, (max-width: 1307px) 100vw, 1307px\" \/><\/a><figcaption class=\"wp-element-caption\">Een beetje eng. Wat zullen we vinden aan het einde ...<\/figcaption><\/figure>\n\n\n\n<figure class=\"wp-block-image size-full\"><a href=\"https:\/\/centcols.org\/wp-content\/uploads\/2025\/10\/Thonon-Trieste-FS_etape05-10.jpg\"><img loading=\"lazy\" decoding=\"async\" width=\"1262\" height=\"1246\" data-id=\"91317\" src=\"https:\/\/centcols.org\/wp-content\/uploads\/2025\/10\/Thonon-Trieste-FS_etape05-10.jpg\" alt=\"\" class=\"wp-image-91317\" srcset=\"https:\/\/centcols.org\/wp-content\/uploads\/2025\/10\/Thonon-Trieste-FS_etape05-10.jpg 1262w, https:\/\/centcols.org\/wp-content\/uploads\/2025\/10\/Thonon-Trieste-FS_etape05-10-1200x1185.jpg 1200w, https:\/\/centcols.org\/wp-content\/uploads\/2025\/10\/Thonon-Trieste-FS_etape05-10-768x758.jpg 768w, https:\/\/centcols.org\/wp-content\/uploads\/2025\/10\/Thonon-Trieste-FS_etape05-10-12x12.jpg 12w\" sizes=\"auto, (max-width: 1262px) 100vw, 1262px\" \/><\/a><figcaption class=\"wp-element-caption\">Het regent... veel...<\/figcaption><\/figure>\n\n\n\n<figure class=\"wp-block-image size-large\"><a href=\"https:\/\/centcols.org\/wp-content\/uploads\/2025\/10\/Thonon-Trieste-FS_etape05-11.jpg\"><img loading=\"lazy\" decoding=\"async\" width=\"1307\" height=\"873\" data-id=\"91318\" src=\"https:\/\/centcols.org\/wp-content\/uploads\/2025\/10\/Thonon-Trieste-FS_etape05-11.jpg\" alt=\"\" class=\"wp-image-91318\" srcset=\"https:\/\/centcols.org\/wp-content\/uploads\/2025\/10\/Thonon-Trieste-FS_etape05-11.jpg 1307w, https:\/\/centcols.org\/wp-content\/uploads\/2025\/10\/Thonon-Trieste-FS_etape05-11-1200x802.jpg 1200w, https:\/\/centcols.org\/wp-content\/uploads\/2025\/10\/Thonon-Trieste-FS_etape05-11-768x513.jpg 768w, https:\/\/centcols.org\/wp-content\/uploads\/2025\/10\/Thonon-Trieste-FS_etape05-11-18x12.jpg 18w\" sizes=\"auto, (max-width: 1307px) 100vw, 1307px\" \/><\/a><figcaption class=\"wp-element-caption\">De weg is helemaal van ons. Het is aangenaam, maar vreemd en beangstigend.<\/figcaption><\/figure>\n<\/figure>\n\n\n\n<p>&nbsp;Positief is dat we de taxi niet naar beneden hebben zien komen. Na ongeveer tien kilometer passeerden we een auto. Ik gebaarde dat hij moest stoppen, maar de bestuurder dacht dat ik zwaaide en zwaaide terug zonder te stoppen. Nog eens 3 km en we passeren een andere auto (zij zijn de enige twee die we zien uitstappen). Deze reageert op mijn geroep, stopt en de bestuurder bevestigt dat \u00abhet aan staat\u00bb. In feite is de configuratie aan de bovenkant identiek aan die aan de onderkant: een slagboom, maar hij is niet geblokkeerd, dus het is mogelijk om hem op te tillen.<br>Natuurlijk is er geen netwerk! Nog 2 km en telefonische communicatie is mogelijk. Ik bel onmiddellijk Jean-Marc en zeg hem: \u00abGa ervoor! Het is dat of een omweg van 5 uur...<br>Tegen de tijd dat hij aankomt, klimmen we nog een paar bochten. Er zijn er 40 aan de Lombardische kant. Ik moet bekennen dat ik, gestrest door de situatie, ze niet heb geteld.<\/p>\n\n\n\n<figure class=\"wp-block-gallery has-nested-images columns-4 is-cropped wp-block-gallery-21 is-layout-flex wp-block-gallery-is-layout-flex\">\n<figure class=\"wp-block-image size-full\"><a href=\"https:\/\/centcols.org\/wp-content\/uploads\/2025\/10\/Thonon-Trieste-FS_etape05-12.jpg\"><img loading=\"lazy\" decoding=\"async\" width=\"1307\" height=\"873\" data-id=\"91319\" src=\"https:\/\/centcols.org\/wp-content\/uploads\/2025\/10\/Thonon-Trieste-FS_etape05-12.jpg\" alt=\"\" class=\"wp-image-91319\" srcset=\"https:\/\/centcols.org\/wp-content\/uploads\/2025\/10\/Thonon-Trieste-FS_etape05-12.jpg 1307w, https:\/\/centcols.org\/wp-content\/uploads\/2025\/10\/Thonon-Trieste-FS_etape05-12-1200x802.jpg 1200w, https:\/\/centcols.org\/wp-content\/uploads\/2025\/10\/Thonon-Trieste-FS_etape05-12-768x513.jpg 768w, https:\/\/centcols.org\/wp-content\/uploads\/2025\/10\/Thonon-Trieste-FS_etape05-12-18x12.jpg 18w\" sizes=\"auto, (max-width: 1307px) 100vw, 1307px\" \/><\/a><figcaption class=\"wp-element-caption\">Een van de 40 veters (48 aan de andere kant)<\/figcaption><\/figure>\n\n\n\n<figure class=\"wp-block-image size-full\"><a href=\"https:\/\/centcols.org\/wp-content\/uploads\/2025\/10\/Thonon-Trieste-FS_etape05-13.jpg\"><img loading=\"lazy\" decoding=\"async\" width=\"1307\" height=\"873\" data-id=\"91320\" src=\"https:\/\/centcols.org\/wp-content\/uploads\/2025\/10\/Thonon-Trieste-FS_etape05-13.jpg\" alt=\"\" class=\"wp-image-91320\" srcset=\"https:\/\/centcols.org\/wp-content\/uploads\/2025\/10\/Thonon-Trieste-FS_etape05-13.jpg 1307w, https:\/\/centcols.org\/wp-content\/uploads\/2025\/10\/Thonon-Trieste-FS_etape05-13-1200x802.jpg 1200w, https:\/\/centcols.org\/wp-content\/uploads\/2025\/10\/Thonon-Trieste-FS_etape05-13-768x513.jpg 768w, https:\/\/centcols.org\/wp-content\/uploads\/2025\/10\/Thonon-Trieste-FS_etape05-13-18x12.jpg 18w\" sizes=\"auto, (max-width: 1307px) 100vw, 1307px\" \/><\/a><figcaption class=\"wp-element-caption\">Eindelijk heb ik een netwerk. Ik bel Jean Marc en moedig hem aan om langs te komen.<\/figcaption><\/figure>\n\n\n\n<figure class=\"wp-block-image size-full\"><a href=\"https:\/\/centcols.org\/wp-content\/uploads\/2025\/10\/Thonon-Trieste-FS_etape05-14.jpg\"><img loading=\"lazy\" decoding=\"async\" width=\"1307\" height=\"873\" data-id=\"91321\" src=\"https:\/\/centcols.org\/wp-content\/uploads\/2025\/10\/Thonon-Trieste-FS_etape05-14.jpg\" alt=\"\" class=\"wp-image-91321\" srcset=\"https:\/\/centcols.org\/wp-content\/uploads\/2025\/10\/Thonon-Trieste-FS_etape05-14.jpg 1307w, https:\/\/centcols.org\/wp-content\/uploads\/2025\/10\/Thonon-Trieste-FS_etape05-14-1200x802.jpg 1200w, https:\/\/centcols.org\/wp-content\/uploads\/2025\/10\/Thonon-Trieste-FS_etape05-14-768x513.jpg 768w, https:\/\/centcols.org\/wp-content\/uploads\/2025\/10\/Thonon-Trieste-FS_etape05-14-18x12.jpg 18w\" sizes=\"auto, (max-width: 1307px) 100vw, 1307px\" \/><\/a><figcaption class=\"wp-element-caption\">Sacrario militare dello Stelvio (Eerste Wereldoorlog)<\/figcaption><\/figure>\n<\/figure>\n\n\n\n<p>3 km voor de top een snelle terugtocht naar de hoogste wegpas van Zwitserland, de Umbrailpas op 2501 m. De laatste kilometers zijn stevig en we komen eindelijk aan bij de Stelvio, de hoogste wegpas in de Italiaanse Alpen op 2758 m (de hoogste in de Alpen is de Iseran).<\/p>\n\n\n\n<figure class=\"wp-block-gallery has-nested-images columns-2 is-cropped wp-block-gallery-22 is-layout-flex wp-block-gallery-is-layout-flex\">\n<figure class=\"wp-block-image size-full\"><a href=\"https:\/\/centcols.org\/wp-content\/uploads\/2025\/10\/Thonon-Trieste-FS_etape05-15.jpg\"><img loading=\"lazy\" decoding=\"async\" width=\"1307\" height=\"873\" data-id=\"91322\" src=\"https:\/\/centcols.org\/wp-content\/uploads\/2025\/10\/Thonon-Trieste-FS_etape05-15.jpg\" alt=\"\" class=\"wp-image-91322\" srcset=\"https:\/\/centcols.org\/wp-content\/uploads\/2025\/10\/Thonon-Trieste-FS_etape05-15.jpg 1307w, https:\/\/centcols.org\/wp-content\/uploads\/2025\/10\/Thonon-Trieste-FS_etape05-15-1200x802.jpg 1200w, https:\/\/centcols.org\/wp-content\/uploads\/2025\/10\/Thonon-Trieste-FS_etape05-15-768x513.jpg 768w, https:\/\/centcols.org\/wp-content\/uploads\/2025\/10\/Thonon-Trieste-FS_etape05-15-18x12.jpg 18w\" sizes=\"auto, (max-width: 1307px) 100vw, 1307px\" \/><\/a><figcaption class=\"wp-element-caption\">Snelle uitstap naar Zwitserland voor de Umbrail Pass (CH 2501)<\/figcaption><\/figure>\n\n\n\n<figure class=\"wp-block-image size-full\"><a href=\"https:\/\/centcols.org\/wp-content\/uploads\/2025\/10\/Thonon-Trieste-FS_etape05-16.jpg\"><img loading=\"lazy\" decoding=\"async\" width=\"1307\" height=\"873\" data-id=\"91323\" src=\"https:\/\/centcols.org\/wp-content\/uploads\/2025\/10\/Thonon-Trieste-FS_etape05-16.jpg\" alt=\"\" class=\"wp-image-91323\" srcset=\"https:\/\/centcols.org\/wp-content\/uploads\/2025\/10\/Thonon-Trieste-FS_etape05-16.jpg 1307w, https:\/\/centcols.org\/wp-content\/uploads\/2025\/10\/Thonon-Trieste-FS_etape05-16-1200x802.jpg 1200w, https:\/\/centcols.org\/wp-content\/uploads\/2025\/10\/Thonon-Trieste-FS_etape05-16-768x513.jpg 768w, https:\/\/centcols.org\/wp-content\/uploads\/2025\/10\/Thonon-Trieste-FS_etape05-16-18x12.jpg 18w\" sizes=\"auto, (max-width: 1307px) 100vw, 1307px\" \/><\/a><figcaption class=\"wp-element-caption\">Stelvio in zicht!<\/figcaption><\/figure>\n<\/figure>\n\n\n<div class=\"wp-block-image\">\n<figure class=\"aligncenter size-full is-resized\"><a href=\"https:\/\/centcols.org\/wp-content\/uploads\/2025\/10\/Thonon-Trieste-FS_etape05-17.jpg\"><img loading=\"lazy\" decoding=\"async\" width=\"909\" height=\"1246\" src=\"https:\/\/centcols.org\/wp-content\/uploads\/2025\/10\/Thonon-Trieste-FS_etape05-17.jpg\" alt=\"\" class=\"wp-image-91324\" style=\"width:auto;height:500px\" srcset=\"https:\/\/centcols.org\/wp-content\/uploads\/2025\/10\/Thonon-Trieste-FS_etape05-17.jpg 909w, https:\/\/centcols.org\/wp-content\/uploads\/2025\/10\/Thonon-Trieste-FS_etape05-17-875x1200.jpg 875w, https:\/\/centcols.org\/wp-content\/uploads\/2025\/10\/Thonon-Trieste-FS_etape05-17-768x1053.jpg 768w, https:\/\/centcols.org\/wp-content\/uploads\/2025\/10\/Thonon-Trieste-FS_etape05-17-9x12.jpg 9w\" sizes=\"auto, (max-width: 909px) 100vw, 909px\" \/><\/a><\/figure>\n<\/div>\n\n\n<p>Eindelijk samen (phew!!), genieten we van deze warme chocolademelk. Met room, graag! Dankzij Jean Marc, die verantwoordelijk is voor de catering, kunnen we extra lagen en lange handschoenen aantrekken.<\/p>\n\n\n\n<figure class=\"wp-block-gallery has-nested-images columns-default is-cropped wp-block-gallery-23 is-layout-flex wp-block-gallery-is-layout-flex\">\n<figure class=\"wp-block-image size-large\"><a href=\"https:\/\/centcols.org\/wp-content\/uploads\/2025\/10\/Thonon-Trieste-FS_etape05-18.jpg\"><img loading=\"lazy\" decoding=\"async\" width=\"1307\" height=\"1170\" data-id=\"91332\" src=\"https:\/\/centcols.org\/wp-content\/uploads\/2025\/10\/Thonon-Trieste-FS_etape05-18.jpg\" alt=\"\" class=\"wp-image-91332\" srcset=\"https:\/\/centcols.org\/wp-content\/uploads\/2025\/10\/Thonon-Trieste-FS_etape05-18.jpg 1307w, https:\/\/centcols.org\/wp-content\/uploads\/2025\/10\/Thonon-Trieste-FS_etape05-18-1200x1074.jpg 1200w, https:\/\/centcols.org\/wp-content\/uploads\/2025\/10\/Thonon-Trieste-FS_etape05-18-768x687.jpg 768w, https:\/\/centcols.org\/wp-content\/uploads\/2025\/10\/Thonon-Trieste-FS_etape05-18-13x12.jpg 13w\" sizes=\"auto, (max-width: 1307px) 100vw, 1307px\" \/><\/a><\/figure>\n\n\n\n<figure class=\"wp-block-image size-large\"><a href=\"https:\/\/centcols.org\/wp-content\/uploads\/2025\/10\/Thonon-Trieste-FS_etape05-20.jpg\"><img loading=\"lazy\" decoding=\"async\" width=\"1307\" height=\"557\" data-id=\"91327\" src=\"https:\/\/centcols.org\/wp-content\/uploads\/2025\/10\/Thonon-Trieste-FS_etape05-20.jpg\" alt=\"\" class=\"wp-image-91327\" srcset=\"https:\/\/centcols.org\/wp-content\/uploads\/2025\/10\/Thonon-Trieste-FS_etape05-20.jpg 1307w, https:\/\/centcols.org\/wp-content\/uploads\/2025\/10\/Thonon-Trieste-FS_etape05-20-1200x511.jpg 1200w, https:\/\/centcols.org\/wp-content\/uploads\/2025\/10\/Thonon-Trieste-FS_etape05-20-768x327.jpg 768w, https:\/\/centcols.org\/wp-content\/uploads\/2025\/10\/Thonon-Trieste-FS_etape05-20-18x8.jpg 18w\" sizes=\"auto, (max-width: 1307px) 100vw, 1307px\" \/><\/a><figcaption class=\"wp-element-caption\">Passo dello Stelvio (IT-BZ-2758), de hoogste pas van de reis<\/figcaption><\/figure>\n\n\n\n<figure class=\"wp-block-image size-large\"><a href=\"https:\/\/centcols.org\/wp-content\/uploads\/2025\/10\/Thonon-Trieste-FS_etape05-19.jpg\"><img loading=\"lazy\" decoding=\"async\" width=\"1307\" height=\"961\" data-id=\"91333\" src=\"https:\/\/centcols.org\/wp-content\/uploads\/2025\/10\/Thonon-Trieste-FS_etape05-19.jpg\" alt=\"\" class=\"wp-image-91333\" srcset=\"https:\/\/centcols.org\/wp-content\/uploads\/2025\/10\/Thonon-Trieste-FS_etape05-19.jpg 1307w, https:\/\/centcols.org\/wp-content\/uploads\/2025\/10\/Thonon-Trieste-FS_etape05-19-1200x882.jpg 1200w, https:\/\/centcols.org\/wp-content\/uploads\/2025\/10\/Thonon-Trieste-FS_etape05-19-768x565.jpg 768w, https:\/\/centcols.org\/wp-content\/uploads\/2025\/10\/Thonon-Trieste-FS_etape05-19-16x12.jpg 16w\" sizes=\"auto, (max-width: 1307px) 100vw, 1307px\" \/><\/a><\/figure>\n<\/figure>\n\n\n\n<figure class=\"wp-block-gallery has-nested-images columns-default is-cropped wp-block-gallery-24 is-layout-flex wp-block-gallery-is-layout-flex\">\n<figure class=\"wp-block-image size-large\"><a href=\"https:\/\/centcols.org\/wp-content\/uploads\/2025\/10\/Thonon-Trieste-FS_etape05-21.jpg\"><img loading=\"lazy\" decoding=\"async\" width=\"1307\" height=\"873\" data-id=\"91326\" src=\"https:\/\/centcols.org\/wp-content\/uploads\/2025\/10\/Thonon-Trieste-FS_etape05-21.jpg\" alt=\"\" class=\"wp-image-91326\" srcset=\"https:\/\/centcols.org\/wp-content\/uploads\/2025\/10\/Thonon-Trieste-FS_etape05-21.jpg 1307w, https:\/\/centcols.org\/wp-content\/uploads\/2025\/10\/Thonon-Trieste-FS_etape05-21-1200x802.jpg 1200w, https:\/\/centcols.org\/wp-content\/uploads\/2025\/10\/Thonon-Trieste-FS_etape05-21-768x513.jpg 768w, https:\/\/centcols.org\/wp-content\/uploads\/2025\/10\/Thonon-Trieste-FS_etape05-21-18x12.jpg 18w\" sizes=\"auto, (max-width: 1307px) 100vw, 1307px\" \/><\/a><figcaption class=\"wp-element-caption\">Een warme chocolademelk op de top van de Stelvio, voor wat een moeilijke afdaling belooft te worden<\/figcaption><\/figure>\n\n\n\n<figure class=\"wp-block-image size-large\"><a href=\"https:\/\/centcols.org\/wp-content\/uploads\/2025\/10\/Thonon-Trieste-FS_etape05-22.jpg\"><img loading=\"lazy\" decoding=\"async\" width=\"1282\" height=\"1246\" data-id=\"91325\" src=\"https:\/\/centcols.org\/wp-content\/uploads\/2025\/10\/Thonon-Trieste-FS_etape05-22.jpg\" alt=\"\" class=\"wp-image-91325\" srcset=\"https:\/\/centcols.org\/wp-content\/uploads\/2025\/10\/Thonon-Trieste-FS_etape05-22.jpg 1282w, https:\/\/centcols.org\/wp-content\/uploads\/2025\/10\/Thonon-Trieste-FS_etape05-22-1200x1166.jpg 1200w, https:\/\/centcols.org\/wp-content\/uploads\/2025\/10\/Thonon-Trieste-FS_etape05-22-768x746.jpg 768w, https:\/\/centcols.org\/wp-content\/uploads\/2025\/10\/Thonon-Trieste-FS_etape05-22-12x12.jpg 12w\" sizes=\"auto, (max-width: 1282px) 100vw, 1282px\" \/><\/a><figcaption class=\"wp-element-caption\">We warmen ons zo goed mogelijk op voor de afdaling.<\/figcaption><\/figure>\n<\/figure>\n\n\n\n<p class=\"has-text-align-center\">Onze afdaling, aan de Zuid-Tiroolse kant met zijn 48 bochten, vindt plaats in stromende regen \ud83c\udf27\ud83c\udf27\ud83c\udf27.<\/p>\n\n\n\n<figure class=\"wp-block-gallery has-nested-images columns-default is-cropped wp-block-gallery-25 is-layout-flex wp-block-gallery-is-layout-flex\">\n<figure class=\"wp-block-image size-large\"><a href=\"https:\/\/centcols.org\/wp-content\/uploads\/2025\/10\/Thonon-Trieste-FS_etape05-23.jpg\"><img loading=\"lazy\" decoding=\"async\" width=\"1307\" height=\"873\" data-id=\"91329\" src=\"https:\/\/centcols.org\/wp-content\/uploads\/2025\/10\/Thonon-Trieste-FS_etape05-23.jpg\" alt=\"\" class=\"wp-image-91329\" srcset=\"https:\/\/centcols.org\/wp-content\/uploads\/2025\/10\/Thonon-Trieste-FS_etape05-23.jpg 1307w, https:\/\/centcols.org\/wp-content\/uploads\/2025\/10\/Thonon-Trieste-FS_etape05-23-1200x802.jpg 1200w, https:\/\/centcols.org\/wp-content\/uploads\/2025\/10\/Thonon-Trieste-FS_etape05-23-768x513.jpg 768w, https:\/\/centcols.org\/wp-content\/uploads\/2025\/10\/Thonon-Trieste-FS_etape05-23-18x12.jpg 18w\" sizes=\"auto, (max-width: 1307px) 100vw, 1307px\" \/><\/a><\/figure>\n\n\n\n<figure class=\"wp-block-image size-large\"><a href=\"https:\/\/centcols.org\/wp-content\/uploads\/2025\/10\/Thonon-Trieste-FS_etape05-24.jpg\"><img loading=\"lazy\" decoding=\"async\" width=\"1307\" height=\"873\" data-id=\"91328\" src=\"https:\/\/centcols.org\/wp-content\/uploads\/2025\/10\/Thonon-Trieste-FS_etape05-24.jpg\" alt=\"\" class=\"wp-image-91328\" srcset=\"https:\/\/centcols.org\/wp-content\/uploads\/2025\/10\/Thonon-Trieste-FS_etape05-24.jpg 1307w, https:\/\/centcols.org\/wp-content\/uploads\/2025\/10\/Thonon-Trieste-FS_etape05-24-1200x802.jpg 1200w, https:\/\/centcols.org\/wp-content\/uploads\/2025\/10\/Thonon-Trieste-FS_etape05-24-768x513.jpg 768w, https:\/\/centcols.org\/wp-content\/uploads\/2025\/10\/Thonon-Trieste-FS_etape05-24-18x12.jpg 18w\" sizes=\"auto, (max-width: 1307px) 100vw, 1307px\" \/><\/a><\/figure>\n<\/figure>\n\n\n\n<p>We komen drijfnat aan in Malles-Venosta. Onze kamer lijkt al snel op een kamp.<\/p>\n\n\n\n<figure class=\"wp-block-gallery has-nested-images columns-default is-cropped wp-block-gallery-26 is-layout-flex wp-block-gallery-is-layout-flex\">\n<figure class=\"wp-block-image size-large\"><a href=\"https:\/\/centcols.org\/wp-content\/uploads\/2025\/10\/Thonon-Trieste-FS_etape05-25.jpg\"><img loading=\"lazy\" decoding=\"async\" width=\"1307\" height=\"873\" data-id=\"91331\" src=\"https:\/\/centcols.org\/wp-content\/uploads\/2025\/10\/Thonon-Trieste-FS_etape05-25.jpg\" alt=\"\" class=\"wp-image-91331\" srcset=\"https:\/\/centcols.org\/wp-content\/uploads\/2025\/10\/Thonon-Trieste-FS_etape05-25.jpg 1307w, https:\/\/centcols.org\/wp-content\/uploads\/2025\/10\/Thonon-Trieste-FS_etape05-25-1200x802.jpg 1200w, https:\/\/centcols.org\/wp-content\/uploads\/2025\/10\/Thonon-Trieste-FS_etape05-25-768x513.jpg 768w, https:\/\/centcols.org\/wp-content\/uploads\/2025\/10\/Thonon-Trieste-FS_etape05-25-18x12.jpg 18w\" sizes=\"auto, (max-width: 1307px) 100vw, 1307px\" \/><\/a><\/figure>\n\n\n\n<figure class=\"wp-block-image size-large\"><a href=\"https:\/\/centcols.org\/wp-content\/uploads\/2025\/10\/Thonon-Trieste-FS_etape05-26.jpg\"><img loading=\"lazy\" decoding=\"async\" width=\"1307\" height=\"873\" data-id=\"91330\" src=\"https:\/\/centcols.org\/wp-content\/uploads\/2025\/10\/Thonon-Trieste-FS_etape05-26.jpg\" alt=\"\" class=\"wp-image-91330\" srcset=\"https:\/\/centcols.org\/wp-content\/uploads\/2025\/10\/Thonon-Trieste-FS_etape05-26.jpg 1307w, https:\/\/centcols.org\/wp-content\/uploads\/2025\/10\/Thonon-Trieste-FS_etape05-26-1200x802.jpg 1200w, https:\/\/centcols.org\/wp-content\/uploads\/2025\/10\/Thonon-Trieste-FS_etape05-26-768x513.jpg 768w, https:\/\/centcols.org\/wp-content\/uploads\/2025\/10\/Thonon-Trieste-FS_etape05-26-18x12.jpg 18w\" sizes=\"auto, (max-width: 1307px) 100vw, 1307px\" \/><\/a><figcaption class=\"wp-element-caption\">Dit is het Duitstalige deel van Itali\u00eb. Duits heeft veruit voorrang op Italiaans.<br>Verrassende ...<\/figcaption><\/figure>\n<\/figure>\n\n\n\n<p>Als je de Stelvio wilt beklimmen zonder auto, maar met genoeg fietsen, is er twee dagen na ons bezoek een speciale \u00abStelvio zonder auto\u00bb-dag.\u00bb<br>En als je de Stelvio wilt beklimmen in de zon, kom dan op een dag met mooi weer \ud83d\ude09 ... Ik vond het geweldig om deze legendarische pas te beklimmen. Toegegeven, we deden het niet in optimale omstandigheden. Dat gezegd hebbende, toen we onze reis aan het voorbereiden waren, was ik gewend geraakt aan het idee dat de beklimming wel eens onmogelijk zou kunnen zijn. Ik dacht aan een mogelijke sneeuwstorm. Dus ik ben positief en ik kom heel gelukkig uit dit avontuur. En voor de goede orde: de volgende dag sneeuwde het flink op de top. Zoals te zien op de webcam op de top.<br>We kwamen er pas de volgende dag achter, maar de weg was afgesloten vanwege een rood alarm: slecht weer in Lombardije. Dus ik hou me natuurlijk gedeisd - het is duidelijk dat we er niet doorheen hadden gemoeten. Maar met dank aan deze Italiaanse taxichauffeur!<\/p>\n\n\n\n<div class=\"wp-block-buttons is-content-justification-space-between is-layout-flex wp-container-core-buttons-is-layout-3d213aab wp-block-buttons-is-layout-flex\">\n<div class=\"wp-block-button\"><a class=\"wp-block-button__link has-text-color has-background has-link-color wp-element-button\" href=\"https:\/\/centcols.org\/nl\/thonon-trieste-fred-singla-2025\/5\/\" style=\"color:#2a488c;background-color:#88f2fd;text-transform:uppercase\"><strong>Vorig stadium<\/strong><\/a><\/div>\n\n\n\n<div class=\"wp-block-button\"><a class=\"wp-block-button__link has-text-color has-background has-link-color wp-element-button\" href=\"https:\/\/centcols.org\/nl\/thonon-trieste-fred-singla-2025\/7\/\" style=\"color:#2a488c;background-color:#88f2fd;text-transform:uppercase\"><strong>Volgende stap<\/strong><\/a><\/div>\n<\/div>\n\n\n\n<!--nextpage-->\n\n\n\n<h2 class=\"wp-block-heading\"><em> Dag 6: van<\/em> Venosta slurven in Bolzano<\/h2>\n\n\n\n<p>137 km - 1950 m stijging, 2 passen <\/p>\n\n\n\n<p>In Malles-Venosta, waar we gisteren stopten, waren we inderdaad in Itali\u00eb, maar in een Duitstalige regio. Iedereen spreekt Duits en alles wordt eerst in het Duits en dan in het Italiaans geschreven. Alle steden, plaatsen enzovoort hebben twee namen... Je voelt de Germaanse invloed veel meer dan de Italiaanse. Deze specificiteit zien we bijna tot aan Bolzano.<br>Ik wist dat Zwitserland verdeeld was in verschillende culturele en taalgebieden. Duits, Frans, Italiaans en Romansh, om er maar een paar te noemen. Hetzelfde geldt voor Belgi\u00eb, met zijn Frans- en Nederlandstaligen. Ik had er geen idee van dat Duits de hoofdtaal was in bepaalde Italiaanse regio's.<br><br>We vertrokken uit Malles in de regen en de eerste 20 km waren erg onaangenaam. Nadat we door Glorenza (Glurns) waren gereden, namen we een fietspad van 30 km. Het volgt de Adige (Etsch), die veel groter is geworden door het slechte weer van de afgelopen dagen.<\/p>\n\n\n<div class=\"wp-block-image\">\n<figure class=\"aligncenter size-full is-resized\"><a href=\"https:\/\/centcols.org\/wp-content\/uploads\/2025\/10\/Thonon-Trieste-FS_etape06-01.jpg\"><img loading=\"lazy\" decoding=\"async\" width=\"1307\" height=\"873\" src=\"https:\/\/centcols.org\/wp-content\/uploads\/2025\/10\/Thonon-Trieste-FS_etape06-01.jpg\" alt=\"\" class=\"wp-image-91361\" style=\"width:800px\" srcset=\"https:\/\/centcols.org\/wp-content\/uploads\/2025\/10\/Thonon-Trieste-FS_etape06-01.jpg 1307w, https:\/\/centcols.org\/wp-content\/uploads\/2025\/10\/Thonon-Trieste-FS_etape06-01-1200x802.jpg 1200w, https:\/\/centcols.org\/wp-content\/uploads\/2025\/10\/Thonon-Trieste-FS_etape06-01-768x513.jpg 768w, https:\/\/centcols.org\/wp-content\/uploads\/2025\/10\/Thonon-Trieste-FS_etape06-01-18x12.jpg 18w\" sizes=\"auto, (max-width: 1307px) 100vw, 1307px\" \/><\/a><figcaption class=\"wp-element-caption\">We steken Glurns (Glorenza) over in de regen.<br>Het wordt een gewoonte<\/figcaption><\/figure>\n<\/div>\n\n\n<figure class=\"wp-block-gallery has-nested-images columns-default is-cropped wp-block-gallery-27 is-layout-flex wp-block-gallery-is-layout-flex\">\n<figure class=\"wp-block-image size-large\"><a href=\"https:\/\/centcols.org\/wp-content\/uploads\/2025\/10\/Thonon-Trieste-FS_etape06-02.jpg\"><img loading=\"lazy\" decoding=\"async\" width=\"1307\" height=\"873\" data-id=\"91363\" src=\"https:\/\/centcols.org\/wp-content\/uploads\/2025\/10\/Thonon-Trieste-FS_etape06-02.jpg\" alt=\"\" class=\"wp-image-91363\" srcset=\"https:\/\/centcols.org\/wp-content\/uploads\/2025\/10\/Thonon-Trieste-FS_etape06-02.jpg 1307w, https:\/\/centcols.org\/wp-content\/uploads\/2025\/10\/Thonon-Trieste-FS_etape06-02-1200x802.jpg 1200w, https:\/\/centcols.org\/wp-content\/uploads\/2025\/10\/Thonon-Trieste-FS_etape06-02-768x513.jpg 768w, https:\/\/centcols.org\/wp-content\/uploads\/2025\/10\/Thonon-Trieste-FS_etape06-02-18x12.jpg 18w\" sizes=\"auto, (max-width: 1307px) 100vw, 1307px\" \/><\/a><\/figure>\n\n\n\n<figure class=\"wp-block-image size-large\"><a href=\"https:\/\/centcols.org\/wp-content\/uploads\/2025\/10\/Thonon-Trieste-FS_etape06-04.jpg\"><img loading=\"lazy\" decoding=\"async\" width=\"731\" height=\"1246\" data-id=\"91362\" src=\"https:\/\/centcols.org\/wp-content\/uploads\/2025\/10\/Thonon-Trieste-FS_etape06-04.jpg\" alt=\"\" class=\"wp-image-91362\" srcset=\"https:\/\/centcols.org\/wp-content\/uploads\/2025\/10\/Thonon-Trieste-FS_etape06-04.jpg 731w, https:\/\/centcols.org\/wp-content\/uploads\/2025\/10\/Thonon-Trieste-FS_etape06-04-704x1200.jpg 704w, https:\/\/centcols.org\/wp-content\/uploads\/2025\/10\/Thonon-Trieste-FS_etape06-04-7x12.jpg 7w\" sizes=\"auto, (max-width: 731px) 100vw, 731px\" \/><\/a><figcaption class=\"wp-element-caption\">Eerst in het Duits, dan in het Italiaans<\/figcaption><\/figure>\n\n\n\n<figure class=\"wp-block-image size-large\"><a href=\"https:\/\/centcols.org\/wp-content\/uploads\/2025\/10\/Thonon-Trieste-FS_etape06-03.jpg\"><img loading=\"lazy\" decoding=\"async\" width=\"1307\" height=\"873\" data-id=\"91364\" src=\"https:\/\/centcols.org\/wp-content\/uploads\/2025\/10\/Thonon-Trieste-FS_etape06-03.jpg\" alt=\"\" class=\"wp-image-91364\" srcset=\"https:\/\/centcols.org\/wp-content\/uploads\/2025\/10\/Thonon-Trieste-FS_etape06-03.jpg 1307w, https:\/\/centcols.org\/wp-content\/uploads\/2025\/10\/Thonon-Trieste-FS_etape06-03-1200x802.jpg 1200w, https:\/\/centcols.org\/wp-content\/uploads\/2025\/10\/Thonon-Trieste-FS_etape06-03-768x513.jpg 768w, https:\/\/centcols.org\/wp-content\/uploads\/2025\/10\/Thonon-Trieste-FS_etape06-03-18x12.jpg 18w\" sizes=\"auto, (max-width: 1307px) 100vw, 1307px\" \/><\/a><\/figure>\n<\/figure>\n\n\n\n<p><br>We zijn in de Val Venosta, waar appelboomgaarden in overvloed zijn. Ik dacht dat ik ze al gezien had op mijn eerste dag in Zwitserland, maar dit is een hele nieuwe dimensie. Een heel breed dal vol boomgaarden dat we 60 km lang volgen. Eindelijk is het opgehouden met regenen \ud83d\ude0a.<\/p>\n\n\n<div class=\"wp-block-image\">\n<figure class=\"aligncenter size-full is-resized\"><a href=\"https:\/\/centcols.org\/wp-content\/uploads\/2025\/10\/Thonon-Trieste-FS_etape06-05.jpg\"><img loading=\"lazy\" decoding=\"async\" width=\"1307\" height=\"873\" src=\"https:\/\/centcols.org\/wp-content\/uploads\/2025\/10\/Thonon-Trieste-FS_etape06-05.jpg\" alt=\"\" class=\"wp-image-91365\" style=\"width:800px\" srcset=\"https:\/\/centcols.org\/wp-content\/uploads\/2025\/10\/Thonon-Trieste-FS_etape06-05.jpg 1307w, https:\/\/centcols.org\/wp-content\/uploads\/2025\/10\/Thonon-Trieste-FS_etape06-05-1200x802.jpg 1200w, https:\/\/centcols.org\/wp-content\/uploads\/2025\/10\/Thonon-Trieste-FS_etape06-05-768x513.jpg 768w, https:\/\/centcols.org\/wp-content\/uploads\/2025\/10\/Thonon-Trieste-FS_etape06-05-18x12.jpg 18w\" sizes=\"auto, (max-width: 1307px) 100vw, 1307px\" \/><\/a><\/figure>\n<\/div>\n\n\n<p><br>Beklimming van de Passo Palade overvallen door motorrijders. Hun grootste afleiding, na het inhalen van fietsers met ronkende motoren, lijkt het plakken van clubstickers op de pasborden te zijn.<\/p>\n\n\n<div class=\"wp-block-image\">\n<figure class=\"aligncenter size-large is-resized\"><a href=\"https:\/\/centcols.org\/wp-content\/uploads\/2025\/10\/Thonon-Trieste-FS_etape06-06.jpg\"><img loading=\"lazy\" decoding=\"async\" width=\"641\" height=\"1246\" src=\"https:\/\/centcols.org\/wp-content\/uploads\/2025\/10\/Thonon-Trieste-FS_etape06-06.jpg\" alt=\"\" class=\"wp-image-91366\" style=\"width:auto;height:500px\" srcset=\"https:\/\/centcols.org\/wp-content\/uploads\/2025\/10\/Thonon-Trieste-FS_etape06-06.jpg 641w, https:\/\/centcols.org\/wp-content\/uploads\/2025\/10\/Thonon-Trieste-FS_etape06-06-617x1200.jpg 617w, https:\/\/centcols.org\/wp-content\/uploads\/2025\/10\/Thonon-Trieste-FS_etape06-06-6x12.jpg 6w\" sizes=\"auto, (max-width: 641px) 100vw, 641px\" \/><\/a><figcaption class=\"wp-element-caption\">De grens tussen de twee provincies markeert de Passo Palade<\/figcaption><\/figure>\n<\/div>\n\n<div class=\"wp-block-image\">\n<figure class=\"aligncenter size-large is-resized\"><a href=\"https:\/\/centcols.org\/wp-content\/uploads\/2025\/10\/Thonon-Trieste-FS_etape06-07.jpg\"><img loading=\"lazy\" decoding=\"async\" width=\"1238\" height=\"1246\" src=\"https:\/\/centcols.org\/wp-content\/uploads\/2025\/10\/Thonon-Trieste-FS_etape06-07.jpg\" alt=\"\" class=\"wp-image-91367\" style=\"width:600px\" srcset=\"https:\/\/centcols.org\/wp-content\/uploads\/2025\/10\/Thonon-Trieste-FS_etape06-07.jpg 1238w, https:\/\/centcols.org\/wp-content\/uploads\/2025\/10\/Thonon-Trieste-FS_etape06-07-1192x1200.jpg 1192w, https:\/\/centcols.org\/wp-content\/uploads\/2025\/10\/Thonon-Trieste-FS_etape06-07-150x150.jpg 150w, https:\/\/centcols.org\/wp-content\/uploads\/2025\/10\/Thonon-Trieste-FS_etape06-07-768x773.jpg 768w, https:\/\/centcols.org\/wp-content\/uploads\/2025\/10\/Thonon-Trieste-FS_etape06-07-12x12.jpg 12w\" sizes=\"auto, (max-width: 1238px) 100vw, 1238px\" \/><\/a><\/figure>\n<\/div>\n\n\n<p><br>Zoals overal in Villini dell\u2019 Alpe zijn de huizen versierd. De eigenaresse van dit huis legde me uit dat \u00abil pap\u00e0\u00bb de taxichauffeur was en \u00abla mamma\u00bb het brood bezorgde. Tenminste, dat begreep ik, want zij sprak Frans noch Engels en ik geen Italiaans. Wat ik perfect begreep was wat ze tegen haar man zei toen ik wegging: \u00abil signore dice \u00e9 molto bello\u00bb, wat ik vertaalde als \u00abde heer, hij zei dat het erg mooi is\u00bb.\u00bb<\/p>\n\n\n\n<figure class=\"wp-block-gallery has-nested-images columns-default is-cropped wp-block-gallery-28 is-layout-flex wp-block-gallery-is-layout-flex\">\n<figure class=\"wp-block-image size-large\"><a href=\"https:\/\/centcols.org\/wp-content\/uploads\/2025\/10\/Thonon-Trieste-FS_etape06-08.jpg\"><img loading=\"lazy\" decoding=\"async\" width=\"1307\" height=\"873\" data-id=\"91370\" src=\"https:\/\/centcols.org\/wp-content\/uploads\/2025\/10\/Thonon-Trieste-FS_etape06-08.jpg\" alt=\"\" class=\"wp-image-91370\" srcset=\"https:\/\/centcols.org\/wp-content\/uploads\/2025\/10\/Thonon-Trieste-FS_etape06-08.jpg 1307w, https:\/\/centcols.org\/wp-content\/uploads\/2025\/10\/Thonon-Trieste-FS_etape06-08-1200x802.jpg 1200w, https:\/\/centcols.org\/wp-content\/uploads\/2025\/10\/Thonon-Trieste-FS_etape06-08-768x513.jpg 768w, https:\/\/centcols.org\/wp-content\/uploads\/2025\/10\/Thonon-Trieste-FS_etape06-08-18x12.jpg 18w\" sizes=\"auto, (max-width: 1307px) 100vw, 1307px\" \/><\/a><\/figure>\n\n\n\n<figure class=\"wp-block-image size-large\"><a href=\"https:\/\/centcols.org\/wp-content\/uploads\/2025\/10\/Thonon-Trieste-FS_etape06-09.jpg\"><img loading=\"lazy\" decoding=\"async\" width=\"1307\" height=\"873\" data-id=\"91369\" src=\"https:\/\/centcols.org\/wp-content\/uploads\/2025\/10\/Thonon-Trieste-FS_etape06-09.jpg\" alt=\"\" class=\"wp-image-91369\" srcset=\"https:\/\/centcols.org\/wp-content\/uploads\/2025\/10\/Thonon-Trieste-FS_etape06-09.jpg 1307w, https:\/\/centcols.org\/wp-content\/uploads\/2025\/10\/Thonon-Trieste-FS_etape06-09-1200x802.jpg 1200w, https:\/\/centcols.org\/wp-content\/uploads\/2025\/10\/Thonon-Trieste-FS_etape06-09-768x513.jpg 768w, https:\/\/centcols.org\/wp-content\/uploads\/2025\/10\/Thonon-Trieste-FS_etape06-09-18x12.jpg 18w\" sizes=\"auto, (max-width: 1307px) 100vw, 1307px\" \/><\/a><figcaption class=\"wp-element-caption\">Ik sprak met de eigenaar en ik begreep dat de mama destijds brood bezorgde en de papa de taxi reed.<\/figcaption><\/figure>\n<\/figure>\n\n\n\n<p>Het is weer zo'n mooi fietspad dat ons naar de Passo della Mendola brengt. Het heeft de bijzonderheid dat het tussen de 9 en 20 % is over de laatste 3 km. Ah, we zijn ver verwijderd van de fietspaden van de Landes! Het is niet de Stelvio, maar toch!<\/p>\n\n\n\n<figure class=\"wp-block-gallery has-nested-images columns-default is-cropped wp-block-gallery-29 is-layout-flex wp-block-gallery-is-layout-flex\">\n<figure class=\"wp-block-image size-large\"><a href=\"https:\/\/centcols.org\/wp-content\/uploads\/2025\/10\/Thonon-Trieste-FS_etape06-10.jpg\"><img loading=\"lazy\" decoding=\"async\" width=\"1307\" height=\"873\" data-id=\"91371\" src=\"https:\/\/centcols.org\/wp-content\/uploads\/2025\/10\/Thonon-Trieste-FS_etape06-10.jpg\" alt=\"\" class=\"wp-image-91371\" srcset=\"https:\/\/centcols.org\/wp-content\/uploads\/2025\/10\/Thonon-Trieste-FS_etape06-10.jpg 1307w, https:\/\/centcols.org\/wp-content\/uploads\/2025\/10\/Thonon-Trieste-FS_etape06-10-1200x802.jpg 1200w, https:\/\/centcols.org\/wp-content\/uploads\/2025\/10\/Thonon-Trieste-FS_etape06-10-768x513.jpg 768w, https:\/\/centcols.org\/wp-content\/uploads\/2025\/10\/Thonon-Trieste-FS_etape06-10-18x12.jpg 18w\" sizes=\"auto, (max-width: 1307px) 100vw, 1307px\" \/><\/a><figcaption class=\"wp-element-caption\">Fietspad<\/figcaption><\/figure>\n\n\n\n<figure class=\"wp-block-image size-large\"><a href=\"https:\/\/centcols.org\/wp-content\/uploads\/2025\/10\/Thonon-Trieste-FS_etape06-11.jpg\"><img loading=\"lazy\" decoding=\"async\" width=\"1307\" height=\"724\" data-id=\"91372\" src=\"https:\/\/centcols.org\/wp-content\/uploads\/2025\/10\/Thonon-Trieste-FS_etape06-11.jpg\" alt=\"\" class=\"wp-image-91372\" srcset=\"https:\/\/centcols.org\/wp-content\/uploads\/2025\/10\/Thonon-Trieste-FS_etape06-11.jpg 1307w, https:\/\/centcols.org\/wp-content\/uploads\/2025\/10\/Thonon-Trieste-FS_etape06-11-1200x665.jpg 1200w, https:\/\/centcols.org\/wp-content\/uploads\/2025\/10\/Thonon-Trieste-FS_etape06-11-768x425.jpg 768w, https:\/\/centcols.org\/wp-content\/uploads\/2025\/10\/Thonon-Trieste-FS_etape06-11-18x10.jpg 18w\" sizes=\"auto, (max-width: 1307px) 100vw, 1307px\" \/><\/a><figcaption class=\"wp-element-caption\">Passo Mendola (IT-BZ-1363)<\/figcaption><\/figure>\n<\/figure>\n\n\n<div class=\"wp-block-image\">\n<figure class=\"aligncenter size-large is-resized\"><a href=\"https:\/\/centcols.org\/wp-content\/uploads\/2025\/10\/Thonon-Trieste-FS_etape06-15-scaled.jpg\"><img loading=\"lazy\" decoding=\"async\" width=\"1920\" height=\"1283\" src=\"https:\/\/centcols.org\/wp-content\/uploads\/2025\/10\/Thonon-Trieste-FS_etape06-15-1920x1283.jpg\" alt=\"\" class=\"wp-image-91368\" style=\"width:600px\" srcset=\"https:\/\/centcols.org\/wp-content\/uploads\/2025\/10\/Thonon-Trieste-FS_etape06-15-1920x1283.jpg 1920w, https:\/\/centcols.org\/wp-content\/uploads\/2025\/10\/Thonon-Trieste-FS_etape06-15-1200x802.jpg 1200w, https:\/\/centcols.org\/wp-content\/uploads\/2025\/10\/Thonon-Trieste-FS_etape06-15-768x513.jpg 768w, https:\/\/centcols.org\/wp-content\/uploads\/2025\/10\/Thonon-Trieste-FS_etape06-15-1536x1026.jpg 1536w, https:\/\/centcols.org\/wp-content\/uploads\/2025\/10\/Thonon-Trieste-FS_etape06-15-2048x1368.jpg 2048w, https:\/\/centcols.org\/wp-content\/uploads\/2025\/10\/Thonon-Trieste-FS_etape06-15-18x12.jpg 18w\" sizes=\"auto, (max-width: 1920px) 100vw, 1920px\" \/><\/a><figcaption class=\"wp-element-caption\">Ter ondersteuning van mijn vorige opmerking over motorrijders, merk op dat dit bord ongeveer 5 m boven de grond hangt!<\/figcaption><\/figure>\n<\/div>\n\n\n<p>Tijdens de prachtige afdaling van de Mendola, adembenemend uitzicht op Bolzano (Bolsen) en de Adige vallei.<\/p>\n\n\n\n<figure class=\"wp-block-gallery has-nested-images columns-default is-cropped wp-block-gallery-30 is-layout-flex wp-block-gallery-is-layout-flex\">\n<figure class=\"wp-block-image size-large\"><a href=\"https:\/\/centcols.org\/wp-content\/uploads\/2025\/10\/Thonon-Trieste-FS_etape06-12.jpg\"><img loading=\"lazy\" decoding=\"async\" width=\"1307\" height=\"873\" data-id=\"91374\" src=\"https:\/\/centcols.org\/wp-content\/uploads\/2025\/10\/Thonon-Trieste-FS_etape06-12.jpg\" alt=\"\" class=\"wp-image-91374\" srcset=\"https:\/\/centcols.org\/wp-content\/uploads\/2025\/10\/Thonon-Trieste-FS_etape06-12.jpg 1307w, https:\/\/centcols.org\/wp-content\/uploads\/2025\/10\/Thonon-Trieste-FS_etape06-12-1200x802.jpg 1200w, https:\/\/centcols.org\/wp-content\/uploads\/2025\/10\/Thonon-Trieste-FS_etape06-12-768x513.jpg 768w, https:\/\/centcols.org\/wp-content\/uploads\/2025\/10\/Thonon-Trieste-FS_etape06-12-18x12.jpg 18w\" sizes=\"auto, (max-width: 1307px) 100vw, 1307px\" \/><\/a><\/figure>\n\n\n\n<figure class=\"wp-block-image size-large\"><a href=\"https:\/\/centcols.org\/wp-content\/uploads\/2025\/10\/Thonon-Trieste-FS_etape06-13.jpg\"><img loading=\"lazy\" decoding=\"async\" width=\"1307\" height=\"873\" data-id=\"91373\" src=\"https:\/\/centcols.org\/wp-content\/uploads\/2025\/10\/Thonon-Trieste-FS_etape06-13.jpg\" alt=\"\" class=\"wp-image-91373\" srcset=\"https:\/\/centcols.org\/wp-content\/uploads\/2025\/10\/Thonon-Trieste-FS_etape06-13.jpg 1307w, https:\/\/centcols.org\/wp-content\/uploads\/2025\/10\/Thonon-Trieste-FS_etape06-13-1200x802.jpg 1200w, https:\/\/centcols.org\/wp-content\/uploads\/2025\/10\/Thonon-Trieste-FS_etape06-13-768x513.jpg 768w, https:\/\/centcols.org\/wp-content\/uploads\/2025\/10\/Thonon-Trieste-FS_etape06-13-18x12.jpg 18w\" sizes=\"auto, (max-width: 1307px) 100vw, 1307px\" \/><\/a><\/figure>\n<\/figure>\n\n\n\n<p>Een ander prachtig fietspad voert ons door de vallei tussen de vele wijngaarden.<\/p>\n\n\n<div class=\"wp-block-image\">\n<figure class=\"aligncenter size-full is-resized\"><a href=\"https:\/\/centcols.org\/wp-content\/uploads\/2025\/10\/Thonon-Trieste-FS_etape06-14-1.jpg\"><img loading=\"lazy\" decoding=\"async\" width=\"1307\" height=\"873\" src=\"https:\/\/centcols.org\/wp-content\/uploads\/2025\/10\/Thonon-Trieste-FS_etape06-14-1.jpg\" alt=\"\" class=\"wp-image-91376\" style=\"width:800px\" srcset=\"https:\/\/centcols.org\/wp-content\/uploads\/2025\/10\/Thonon-Trieste-FS_etape06-14-1.jpg 1307w, https:\/\/centcols.org\/wp-content\/uploads\/2025\/10\/Thonon-Trieste-FS_etape06-14-1-1200x802.jpg 1200w, https:\/\/centcols.org\/wp-content\/uploads\/2025\/10\/Thonon-Trieste-FS_etape06-14-1-768x513.jpg 768w, https:\/\/centcols.org\/wp-content\/uploads\/2025\/10\/Thonon-Trieste-FS_etape06-14-1-18x12.jpg 18w\" sizes=\"auto, (max-width: 1307px) 100vw, 1307px\" \/><\/a><\/figure>\n<\/div>\n\n\n<p><br>Aankomst in ons hotel na 137 km, D 1950 en 2 passen op lage hoogte (1512 en 1363), maar niet zo gemakkelijk als dat! 50 km prachtige fietspaden vandaag.<br><br>Morgen de Dolomieten. We duimen voor goed weer.<\/p>\n\n\n\n<p>Als we het restaurant verlaten, trekt er een enorme onweersbui over de bergen die de stad omringen. De donder en bliksem zijn indrukwekkend. <\/p>\n\n\n\n<p>Kom op, wat vanavond valt, valt morgen niet... in principe.<\/p>\n\n\n\n<div class=\"wp-block-buttons is-content-justification-space-between is-layout-flex wp-container-core-buttons-is-layout-3d213aab wp-block-buttons-is-layout-flex\">\n<div class=\"wp-block-button\"><a class=\"wp-block-button__link has-text-color has-background has-link-color wp-element-button\" href=\"https:\/\/centcols.org\/nl\/thonon-trieste-fred-singla-2025\/6\/\" style=\"color:#2a488c;background-color:#88f2fd;text-transform:uppercase\"><strong>Vorig stadium<\/strong><\/a><\/div>\n\n\n\n<div class=\"wp-block-button\"><a class=\"wp-block-button__link has-text-color has-background has-link-color wp-element-button\" href=\"https:\/\/centcols.org\/nl\/thonon-trieste-fred-singla-2025\/8\/\" style=\"color:#2a488c;background-color:#88f2fd;text-transform:uppercase\"><strong>Volgende stap<\/strong><\/a><\/div>\n<\/div>\n\n\n\n<!--nextpage-->\n\n\n\n<h2 class=\"wp-block-heading\"><em> Dag 7: van <\/em>Bolzano naar Arabba<\/h2>\n\n\n\n<p>96 km - 3200 m den+, 7 passen waarvan 6 &gt;2000 m<\/p>\n\n\n\n<p>Voor deze etappe rijden we in een regio die de droom is van elke bergminnende fietser. Voor een wielrenner is het niet overdreven om de Dolomieten een must te noemen. Een must, maar wel een veeleisende!<\/p>\n\n\n\n<p>Opnieuw verlieten we het hotel in de regen. Bolzano is een grote stad, maar om de stad uit te komen is een uitstekend netwerk van fietspaden.<\/p>\n\n\n\n<p>We rijden langs de Isarco (Eisack) en steken deze over via een merkwaardige houten overdekte brug. Zodra we het dal uit waren, waren de hellingen indrukwekkend. Tot dan toe had ik de 34 x 34 niet gedragen. Nu wel...<\/p>\n\n\n\n<figure class=\"wp-block-gallery has-nested-images columns-default is-cropped wp-block-gallery-31 is-layout-flex wp-block-gallery-is-layout-flex\">\n<figure class=\"wp-block-image size-large\"><a href=\"https:\/\/centcols.org\/wp-content\/uploads\/2025\/10\/Thonon-Trieste-FS_etape07-01.jpg\"><img loading=\"lazy\" decoding=\"async\" width=\"1200\" height=\"802\" data-id=\"91447\" src=\"https:\/\/centcols.org\/wp-content\/uploads\/2025\/10\/Thonon-Trieste-FS_etape07-01.jpg\" alt=\"\" class=\"wp-image-91447\" srcset=\"https:\/\/centcols.org\/wp-content\/uploads\/2025\/10\/Thonon-Trieste-FS_etape07-01.jpg 1200w, https:\/\/centcols.org\/wp-content\/uploads\/2025\/10\/Thonon-Trieste-FS_etape07-01-768x513.jpg 768w, https:\/\/centcols.org\/wp-content\/uploads\/2025\/10\/Thonon-Trieste-FS_etape07-01-18x12.jpg 18w\" sizes=\"auto, (max-width: 1200px) 100vw, 1200px\" \/><\/a><\/figure>\n\n\n\n<figure class=\"wp-block-image size-large\"><a href=\"https:\/\/centcols.org\/wp-content\/uploads\/2025\/10\/Thonon-Trieste-FS_etape07-02.jpg\"><img loading=\"lazy\" decoding=\"async\" width=\"1200\" height=\"802\" data-id=\"91446\" src=\"https:\/\/centcols.org\/wp-content\/uploads\/2025\/10\/Thonon-Trieste-FS_etape07-02.jpg\" alt=\"\" class=\"wp-image-91446\" srcset=\"https:\/\/centcols.org\/wp-content\/uploads\/2025\/10\/Thonon-Trieste-FS_etape07-02.jpg 1200w, https:\/\/centcols.org\/wp-content\/uploads\/2025\/10\/Thonon-Trieste-FS_etape07-02-768x513.jpg 768w, https:\/\/centcols.org\/wp-content\/uploads\/2025\/10\/Thonon-Trieste-FS_etape07-02-18x12.jpg 18w\" sizes=\"auto, (max-width: 1200px) 100vw, 1200px\" \/><\/a><figcaption class=\"wp-element-caption\">Zodra we de Isarco-vallei verlieten, begon de weg ZEER te bokken.<\/figcaption><\/figure>\n<\/figure>\n\n\n\n<p>Na Kasteltuth (Castelrotto), waar elk huis meer versierd is dan het andere, bereiken we de passo di Pin\u00e9i ... in de mist. Alle borden zijn nu in 3 talen, Ladinisch, Duits en Italiaans. We duiken dus in Runcadic of Rungaditsch of Roncadizza. Zijn er ook 3 namen voor de inwoners? Mysterie ....&nbsp;<\/p>\n\n\n\n<figure class=\"wp-block-gallery has-nested-images columns-default is-cropped wp-block-gallery-32 is-layout-flex wp-block-gallery-is-layout-flex\">\n<figure class=\"wp-block-image size-large\"><a href=\"https:\/\/centcols.org\/wp-content\/uploads\/2025\/10\/Thonon-Trieste-FS_etape07-03.jpg\"><img loading=\"lazy\" decoding=\"async\" width=\"1200\" height=\"802\" data-id=\"91452\" src=\"https:\/\/centcols.org\/wp-content\/uploads\/2025\/10\/Thonon-Trieste-FS_etape07-03.jpg\" alt=\"\" class=\"wp-image-91452\" srcset=\"https:\/\/centcols.org\/wp-content\/uploads\/2025\/10\/Thonon-Trieste-FS_etape07-03.jpg 1200w, https:\/\/centcols.org\/wp-content\/uploads\/2025\/10\/Thonon-Trieste-FS_etape07-03-768x513.jpg 768w, https:\/\/centcols.org\/wp-content\/uploads\/2025\/10\/Thonon-Trieste-FS_etape07-03-18x12.jpg 18w\" sizes=\"auto, (max-width: 1200px) 100vw, 1200px\" \/><\/a><\/figure>\n\n\n\n<figure class=\"wp-block-image size-large\"><a href=\"https:\/\/centcols.org\/wp-content\/uploads\/2025\/10\/Thonon-Trieste-FS_etape07-04.jpg\"><img loading=\"lazy\" decoding=\"async\" width=\"1200\" height=\"802\" data-id=\"91450\" src=\"https:\/\/centcols.org\/wp-content\/uploads\/2025\/10\/Thonon-Trieste-FS_etape07-04.jpg\" alt=\"\" class=\"wp-image-91450\" srcset=\"https:\/\/centcols.org\/wp-content\/uploads\/2025\/10\/Thonon-Trieste-FS_etape07-04.jpg 1200w, https:\/\/centcols.org\/wp-content\/uploads\/2025\/10\/Thonon-Trieste-FS_etape07-04-768x513.jpg 768w, https:\/\/centcols.org\/wp-content\/uploads\/2025\/10\/Thonon-Trieste-FS_etape07-04-18x12.jpg 18w\" sizes=\"auto, (max-width: 1200px) 100vw, 1200px\" \/><\/a><\/figure>\n\n\n\n<figure class=\"wp-block-image size-large\"><a href=\"https:\/\/centcols.org\/wp-content\/uploads\/2025\/10\/Thonon-Trieste-FS_etape07-05.jpg\"><img loading=\"lazy\" decoding=\"async\" width=\"1200\" height=\"802\" data-id=\"91453\" src=\"https:\/\/centcols.org\/wp-content\/uploads\/2025\/10\/Thonon-Trieste-FS_etape07-05.jpg\" alt=\"\" class=\"wp-image-91453\" srcset=\"https:\/\/centcols.org\/wp-content\/uploads\/2025\/10\/Thonon-Trieste-FS_etape07-05.jpg 1200w, https:\/\/centcols.org\/wp-content\/uploads\/2025\/10\/Thonon-Trieste-FS_etape07-05-768x513.jpg 768w, https:\/\/centcols.org\/wp-content\/uploads\/2025\/10\/Thonon-Trieste-FS_etape07-05-18x12.jpg 18w\" sizes=\"auto, (max-width: 1200px) 100vw, 1200px\" \/><\/a><\/figure>\n<figcaption class=\"blocks-gallery-caption wp-element-caption\">Kasteltuth (Castelrotto)<\/figcaption><\/figure>\n\n\n\n<figure class=\"wp-block-gallery has-nested-images columns-default is-cropped wp-block-gallery-33 is-layout-flex wp-block-gallery-is-layout-flex\">\n<figure class=\"wp-block-image size-large\"><a href=\"https:\/\/centcols.org\/wp-content\/uploads\/2025\/10\/Thonon-Trieste-FS_etape07-06.jpg\"><img loading=\"lazy\" decoding=\"async\" width=\"1200\" height=\"1079\" data-id=\"91449\" src=\"https:\/\/centcols.org\/wp-content\/uploads\/2025\/10\/Thonon-Trieste-FS_etape07-06.jpg\" alt=\"\" class=\"wp-image-91449\" srcset=\"https:\/\/centcols.org\/wp-content\/uploads\/2025\/10\/Thonon-Trieste-FS_etape07-06.jpg 1200w, https:\/\/centcols.org\/wp-content\/uploads\/2025\/10\/Thonon-Trieste-FS_etape07-06-768x691.jpg 768w, https:\/\/centcols.org\/wp-content\/uploads\/2025\/10\/Thonon-Trieste-FS_etape07-06-13x12.jpg 13w\" sizes=\"auto, (max-width: 1200px) 100vw, 1200px\" \/><\/a><figcaption class=\"wp-element-caption\">Gelukkig is Villa Gabriela er om ons eraan te herinneren dat we in Itali\u00eb zijn en niet in Duitsland.<\/figcaption><\/figure>\n\n\n\n<figure class=\"wp-block-image size-large\"><a href=\"https:\/\/centcols.org\/wp-content\/uploads\/2025\/10\/Thonon-Trieste-FS_etape07-07.jpg\"><img loading=\"lazy\" decoding=\"async\" width=\"1200\" height=\"802\" data-id=\"91454\" src=\"https:\/\/centcols.org\/wp-content\/uploads\/2025\/10\/Thonon-Trieste-FS_etape07-07.jpg\" alt=\"\" class=\"wp-image-91454\" srcset=\"https:\/\/centcols.org\/wp-content\/uploads\/2025\/10\/Thonon-Trieste-FS_etape07-07.jpg 1200w, https:\/\/centcols.org\/wp-content\/uploads\/2025\/10\/Thonon-Trieste-FS_etape07-07-768x513.jpg 768w, https:\/\/centcols.org\/wp-content\/uploads\/2025\/10\/Thonon-Trieste-FS_etape07-07-18x12.jpg 18w\" sizes=\"auto, (max-width: 1200px) 100vw, 1200px\" \/><\/a><\/figure>\n\n\n\n<figure class=\"wp-block-image size-large\"><a href=\"https:\/\/centcols.org\/wp-content\/uploads\/2025\/10\/Thonon-Trieste-FS_etape07-08.jpg\"><img loading=\"lazy\" decoding=\"async\" width=\"1200\" height=\"1701\" data-id=\"91451\" src=\"https:\/\/centcols.org\/wp-content\/uploads\/2025\/10\/Thonon-Trieste-FS_etape07-08.jpg\" alt=\"\" class=\"wp-image-91451\" srcset=\"https:\/\/centcols.org\/wp-content\/uploads\/2025\/10\/Thonon-Trieste-FS_etape07-08.jpg 1200w, https:\/\/centcols.org\/wp-content\/uploads\/2025\/10\/Thonon-Trieste-FS_etape07-08-847x1200.jpg 847w, https:\/\/centcols.org\/wp-content\/uploads\/2025\/10\/Thonon-Trieste-FS_etape07-08-768x1089.jpg 768w, https:\/\/centcols.org\/wp-content\/uploads\/2025\/10\/Thonon-Trieste-FS_etape07-08-1084x1536.jpg 1084w, https:\/\/centcols.org\/wp-content\/uploads\/2025\/10\/Thonon-Trieste-FS_etape07-08-8x12.jpg 8w\" sizes=\"auto, (max-width: 1200px) 100vw, 1200px\" \/><\/a><figcaption class=\"wp-element-caption\">Alle inzendingen zijn in het Ladinisch, Duits en Italiaans<\/figcaption><\/figure>\n<\/figure>\n\n\n<div class=\"wp-block-image\">\n<figure class=\"aligncenter size-full is-resized\"><a href=\"https:\/\/centcols.org\/wp-content\/uploads\/2025\/10\/Thonon-Trieste-FS_etape07-09-1.jpg\"><img loading=\"lazy\" decoding=\"async\" width=\"1200\" height=\"802\" src=\"https:\/\/centcols.org\/wp-content\/uploads\/2025\/10\/Thonon-Trieste-FS_etape07-09-1.jpg\" alt=\"\" class=\"wp-image-91463\" style=\"width:800px\" srcset=\"https:\/\/centcols.org\/wp-content\/uploads\/2025\/10\/Thonon-Trieste-FS_etape07-09-1.jpg 1200w, https:\/\/centcols.org\/wp-content\/uploads\/2025\/10\/Thonon-Trieste-FS_etape07-09-1-768x513.jpg 768w, https:\/\/centcols.org\/wp-content\/uploads\/2025\/10\/Thonon-Trieste-FS_etape07-09-1-18x12.jpg 18w\" sizes=\"auto, (max-width: 1200px) 100vw, 1200px\" \/><\/a><figcaption class=\"wp-element-caption\">Aankomst in Runcadic, Rungaditsch of Roncadizza<\/figcaption><\/figure>\n<\/div>\n\n\n<p>Ik heb het grootste deel van mijn carri\u00e8re op het postkantoor doorgebracht. Dus Jean-Marc's keuze voor de locatie van de picknick in Santa Crestina kan alleen maar een knipoog zijn! Er zijn ook een paar hele mooie huisdecoraties in de omgeving.<\/p>\n\n\n\n<figure class=\"wp-block-gallery has-nested-images columns-4 is-cropped wp-block-gallery-34 is-layout-flex wp-block-gallery-is-layout-flex\">\n<figure class=\"wp-block-image size-large\"><a href=\"https:\/\/centcols.org\/wp-content\/uploads\/2025\/10\/Thonon-Trieste-FS_etape07-10.jpg\"><img loading=\"lazy\" decoding=\"async\" width=\"1200\" height=\"802\" data-id=\"91455\" src=\"https:\/\/centcols.org\/wp-content\/uploads\/2025\/10\/Thonon-Trieste-FS_etape07-10.jpg\" alt=\"\" class=\"wp-image-91455\" srcset=\"https:\/\/centcols.org\/wp-content\/uploads\/2025\/10\/Thonon-Trieste-FS_etape07-10.jpg 1200w, https:\/\/centcols.org\/wp-content\/uploads\/2025\/10\/Thonon-Trieste-FS_etape07-10-768x513.jpg 768w, https:\/\/centcols.org\/wp-content\/uploads\/2025\/10\/Thonon-Trieste-FS_etape07-10-18x12.jpg 18w\" sizes=\"auto, (max-width: 1200px) 100vw, 1200px\" \/><\/a><figcaption class=\"wp-element-caption\">Ladinisch, Duits, Italiaans ...<\/figcaption><\/figure>\n\n\n\n<figure class=\"wp-block-image size-large\"><a href=\"https:\/\/centcols.org\/wp-content\/uploads\/2025\/10\/Thonon-Trieste-FS_etape07-11.jpg\"><img loading=\"lazy\" decoding=\"async\" width=\"1200\" height=\"802\" data-id=\"91456\" src=\"https:\/\/centcols.org\/wp-content\/uploads\/2025\/10\/Thonon-Trieste-FS_etape07-11.jpg\" alt=\"\" class=\"wp-image-91456\" srcset=\"https:\/\/centcols.org\/wp-content\/uploads\/2025\/10\/Thonon-Trieste-FS_etape07-11.jpg 1200w, https:\/\/centcols.org\/wp-content\/uploads\/2025\/10\/Thonon-Trieste-FS_etape07-11-768x513.jpg 768w, https:\/\/centcols.org\/wp-content\/uploads\/2025\/10\/Thonon-Trieste-FS_etape07-11-18x12.jpg 18w\" sizes=\"auto, (max-width: 1200px) 100vw, 1200px\" \/><\/a><\/figure>\n\n\n\n<figure class=\"wp-block-image size-large\"><a href=\"https:\/\/centcols.org\/wp-content\/uploads\/2025\/10\/Thonon-Trieste-FS_etape07-12.jpg\"><img loading=\"lazy\" decoding=\"async\" width=\"1200\" height=\"873\" data-id=\"91458\" src=\"https:\/\/centcols.org\/wp-content\/uploads\/2025\/10\/Thonon-Trieste-FS_etape07-12.jpg\" alt=\"\" class=\"wp-image-91458\" srcset=\"https:\/\/centcols.org\/wp-content\/uploads\/2025\/10\/Thonon-Trieste-FS_etape07-12.jpg 1200w, https:\/\/centcols.org\/wp-content\/uploads\/2025\/10\/Thonon-Trieste-FS_etape07-12-768x559.jpg 768w, https:\/\/centcols.org\/wp-content\/uploads\/2025\/10\/Thonon-Trieste-FS_etape07-12-16x12.jpg 16w\" sizes=\"auto, (max-width: 1200px) 100vw, 1200px\" \/><\/a><figcaption class=\"wp-element-caption\">Een knipoog van Jean-Marc, in zijn keuze van de locatie voor de picknick bij Santa Crestina<\/figcaption><\/figure>\n\n\n\n<figure class=\"wp-block-image size-large\"><a href=\"https:\/\/centcols.org\/wp-content\/uploads\/2025\/10\/Thonon-Trieste-FS_etape07-13.jpg\"><img loading=\"lazy\" decoding=\"async\" width=\"1200\" height=\"802\" data-id=\"91461\" src=\"https:\/\/centcols.org\/wp-content\/uploads\/2025\/10\/Thonon-Trieste-FS_etape07-13.jpg\" alt=\"\" class=\"wp-image-91461\" srcset=\"https:\/\/centcols.org\/wp-content\/uploads\/2025\/10\/Thonon-Trieste-FS_etape07-13.jpg 1200w, https:\/\/centcols.org\/wp-content\/uploads\/2025\/10\/Thonon-Trieste-FS_etape07-13-768x513.jpg 768w, https:\/\/centcols.org\/wp-content\/uploads\/2025\/10\/Thonon-Trieste-FS_etape07-13-18x12.jpg 18w\" sizes=\"auto, (max-width: 1200px) 100vw, 1200px\" \/><\/a><\/figure>\n\n\n\n<figure class=\"wp-block-image size-large\"><a href=\"https:\/\/centcols.org\/wp-content\/uploads\/2025\/10\/Thonon-Trieste-FS_etape07-14.jpg\"><img loading=\"lazy\" decoding=\"async\" width=\"1200\" height=\"802\" data-id=\"91460\" src=\"https:\/\/centcols.org\/wp-content\/uploads\/2025\/10\/Thonon-Trieste-FS_etape07-14.jpg\" alt=\"\" class=\"wp-image-91460\" srcset=\"https:\/\/centcols.org\/wp-content\/uploads\/2025\/10\/Thonon-Trieste-FS_etape07-14.jpg 1200w, https:\/\/centcols.org\/wp-content\/uploads\/2025\/10\/Thonon-Trieste-FS_etape07-14-768x513.jpg 768w, https:\/\/centcols.org\/wp-content\/uploads\/2025\/10\/Thonon-Trieste-FS_etape07-14-18x12.jpg 18w\" sizes=\"auto, (max-width: 1200px) 100vw, 1200px\" \/><\/a><\/figure>\n\n\n\n<figure class=\"wp-block-image size-large\"><a href=\"https:\/\/centcols.org\/wp-content\/uploads\/2025\/10\/Thonon-Trieste-FS_etape07-15.jpg\"><img loading=\"lazy\" decoding=\"async\" width=\"1200\" height=\"1918\" data-id=\"91462\" src=\"https:\/\/centcols.org\/wp-content\/uploads\/2025\/10\/Thonon-Trieste-FS_etape07-15.jpg\" alt=\"\" class=\"wp-image-91462\" srcset=\"https:\/\/centcols.org\/wp-content\/uploads\/2025\/10\/Thonon-Trieste-FS_etape07-15.jpg 1200w, https:\/\/centcols.org\/wp-content\/uploads\/2025\/10\/Thonon-Trieste-FS_etape07-15-751x1200.jpg 751w, https:\/\/centcols.org\/wp-content\/uploads\/2025\/10\/Thonon-Trieste-FS_etape07-15-768x1228.jpg 768w, https:\/\/centcols.org\/wp-content\/uploads\/2025\/10\/Thonon-Trieste-FS_etape07-15-961x1536.jpg 961w, https:\/\/centcols.org\/wp-content\/uploads\/2025\/10\/Thonon-Trieste-FS_etape07-15-8x12.jpg 8w\" sizes=\"auto, (max-width: 1200px) 100vw, 1200px\" \/><\/a><\/figure>\n<figcaption class=\"blocks-gallery-caption wp-element-caption\">Kerstman<\/figcaption><\/figure>\n\n\n<div class=\"wp-block-image\">\n<figure class=\"aligncenter size-large is-resized\"><a href=\"https:\/\/centcols.org\/wp-content\/uploads\/2025\/10\/Thonon-Trieste-FS_etape07-16.jpg\"><img loading=\"lazy\" decoding=\"async\" width=\"1200\" height=\"802\" src=\"https:\/\/centcols.org\/wp-content\/uploads\/2025\/10\/Thonon-Trieste-FS_etape07-16.jpg\" alt=\"\" class=\"wp-image-91459\" style=\"width:800px\" srcset=\"https:\/\/centcols.org\/wp-content\/uploads\/2025\/10\/Thonon-Trieste-FS_etape07-16.jpg 1200w, https:\/\/centcols.org\/wp-content\/uploads\/2025\/10\/Thonon-Trieste-FS_etape07-16-768x513.jpg 768w, https:\/\/centcols.org\/wp-content\/uploads\/2025\/10\/Thonon-Trieste-FS_etape07-16-18x12.jpg 18w\" sizes=\"auto, (max-width: 1200px) 100vw, 1200px\" \/><\/a><\/figure>\n<\/div>\n\n\n<p>Op weg naar boven, een korte terugtocht naar de Sella del Cullac op 2018 m, maar vooral de Passo Gardena op 2121 m. De majestueuze Passo Gardena, moet ik zeggen.<\/p>\n\n\n\n<figure class=\"wp-block-gallery has-nested-images columns-5 is-cropped wp-block-gallery-35 is-layout-flex wp-block-gallery-is-layout-flex\">\n<figure class=\"wp-block-image size-full\"><a href=\"https:\/\/centcols.org\/wp-content\/uploads\/2025\/10\/Thonon-Trieste-FS_etape07-17.jpg\"><img loading=\"lazy\" decoding=\"async\" width=\"1200\" height=\"802\" data-id=\"91470\" src=\"https:\/\/centcols.org\/wp-content\/uploads\/2025\/10\/Thonon-Trieste-FS_etape07-17.jpg\" alt=\"\" class=\"wp-image-91470\" srcset=\"https:\/\/centcols.org\/wp-content\/uploads\/2025\/10\/Thonon-Trieste-FS_etape07-17.jpg 1200w, https:\/\/centcols.org\/wp-content\/uploads\/2025\/10\/Thonon-Trieste-FS_etape07-17-768x513.jpg 768w, https:\/\/centcols.org\/wp-content\/uploads\/2025\/10\/Thonon-Trieste-FS_etape07-17-18x12.jpg 18w\" sizes=\"auto, (max-width: 1200px) 100vw, 1200px\" \/><\/a><\/figure>\n\n\n\n<figure class=\"wp-block-image size-full\"><a href=\"https:\/\/centcols.org\/wp-content\/uploads\/2025\/10\/Thonon-Trieste-FS_etape07-18.jpg\"><img loading=\"lazy\" decoding=\"async\" width=\"1200\" height=\"802\" data-id=\"91468\" src=\"https:\/\/centcols.org\/wp-content\/uploads\/2025\/10\/Thonon-Trieste-FS_etape07-18.jpg\" alt=\"\" class=\"wp-image-91468\" srcset=\"https:\/\/centcols.org\/wp-content\/uploads\/2025\/10\/Thonon-Trieste-FS_etape07-18.jpg 1200w, https:\/\/centcols.org\/wp-content\/uploads\/2025\/10\/Thonon-Trieste-FS_etape07-18-768x513.jpg 768w, https:\/\/centcols.org\/wp-content\/uploads\/2025\/10\/Thonon-Trieste-FS_etape07-18-18x12.jpg 18w\" sizes=\"auto, (max-width: 1200px) 100vw, 1200px\" \/><\/a><\/figure>\n\n\n\n<figure class=\"wp-block-image size-full\"><a href=\"https:\/\/centcols.org\/wp-content\/uploads\/2025\/10\/Thonon-Trieste-FS_etape07-19.jpg\"><img loading=\"lazy\" decoding=\"async\" width=\"1200\" height=\"802\" data-id=\"91467\" src=\"https:\/\/centcols.org\/wp-content\/uploads\/2025\/10\/Thonon-Trieste-FS_etape07-19.jpg\" alt=\"\" class=\"wp-image-91467\" srcset=\"https:\/\/centcols.org\/wp-content\/uploads\/2025\/10\/Thonon-Trieste-FS_etape07-19.jpg 1200w, https:\/\/centcols.org\/wp-content\/uploads\/2025\/10\/Thonon-Trieste-FS_etape07-19-768x513.jpg 768w, https:\/\/centcols.org\/wp-content\/uploads\/2025\/10\/Thonon-Trieste-FS_etape07-19-18x12.jpg 18w\" sizes=\"auto, (max-width: 1200px) 100vw, 1200px\" \/><\/a><figcaption class=\"wp-element-caption\">Omgeving Passo Gardena<\/figcaption><\/figure>\n\n\n\n<figure class=\"wp-block-image size-full\"><a href=\"https:\/\/centcols.org\/wp-content\/uploads\/2025\/10\/Thonon-Trieste-FS_etape07-20.jpg\"><img loading=\"lazy\" decoding=\"async\" width=\"1200\" height=\"802\" data-id=\"91465\" src=\"https:\/\/centcols.org\/wp-content\/uploads\/2025\/10\/Thonon-Trieste-FS_etape07-20.jpg\" alt=\"\" class=\"wp-image-91465\" srcset=\"https:\/\/centcols.org\/wp-content\/uploads\/2025\/10\/Thonon-Trieste-FS_etape07-20.jpg 1200w, https:\/\/centcols.org\/wp-content\/uploads\/2025\/10\/Thonon-Trieste-FS_etape07-20-768x513.jpg 768w, https:\/\/centcols.org\/wp-content\/uploads\/2025\/10\/Thonon-Trieste-FS_etape07-20-18x12.jpg 18w\" sizes=\"auto, (max-width: 1200px) 100vw, 1200px\" \/><\/a><\/figure>\n\n\n\n<figure class=\"wp-block-image size-full\"><a href=\"https:\/\/centcols.org\/wp-content\/uploads\/2025\/10\/Thonon-Trieste-FS_etape07-22.jpg\"><img loading=\"lazy\" decoding=\"async\" width=\"1200\" height=\"802\" data-id=\"91464\" src=\"https:\/\/centcols.org\/wp-content\/uploads\/2025\/10\/Thonon-Trieste-FS_etape07-22.jpg\" alt=\"\" class=\"wp-image-91464\" srcset=\"https:\/\/centcols.org\/wp-content\/uploads\/2025\/10\/Thonon-Trieste-FS_etape07-22.jpg 1200w, https:\/\/centcols.org\/wp-content\/uploads\/2025\/10\/Thonon-Trieste-FS_etape07-22-768x513.jpg 768w, https:\/\/centcols.org\/wp-content\/uploads\/2025\/10\/Thonon-Trieste-FS_etape07-22-18x12.jpg 18w\" sizes=\"auto, (max-width: 1200px) 100vw, 1200px\" \/><\/a><\/figure>\n\n\n\n<figure class=\"wp-block-image size-full\"><a href=\"https:\/\/centcols.org\/wp-content\/uploads\/2025\/10\/Thonon-Trieste-FS_etape07-21.jpg\"><img loading=\"lazy\" decoding=\"async\" width=\"1200\" height=\"676\" data-id=\"91469\" src=\"https:\/\/centcols.org\/wp-content\/uploads\/2025\/10\/Thonon-Trieste-FS_etape07-21.jpg\" alt=\"\" class=\"wp-image-91469\" srcset=\"https:\/\/centcols.org\/wp-content\/uploads\/2025\/10\/Thonon-Trieste-FS_etape07-21.jpg 1200w, https:\/\/centcols.org\/wp-content\/uploads\/2025\/10\/Thonon-Trieste-FS_etape07-21-768x433.jpg 768w, https:\/\/centcols.org\/wp-content\/uploads\/2025\/10\/Thonon-Trieste-FS_etape07-21-18x10.jpg 18w\" sizes=\"auto, (max-width: 1200px) 100vw, 1200px\" \/><\/a><figcaption class=\"wp-element-caption\">Passo Gardena (IT-BZ-2121)<\/figcaption><\/figure>\n<\/figure>\n\n\n<div class=\"wp-block-image\">\n<figure class=\"aligncenter size-large is-resized\"><a href=\"https:\/\/centcols.org\/wp-content\/uploads\/2025\/10\/Thonon-Trieste-FS_etape07-23.jpg\"><img loading=\"lazy\" decoding=\"async\" width=\"1200\" height=\"1328\" src=\"https:\/\/centcols.org\/wp-content\/uploads\/2025\/10\/Thonon-Trieste-FS_etape07-23.jpg\" alt=\"\" class=\"wp-image-91466\" style=\"width:auto;height:500px\" srcset=\"https:\/\/centcols.org\/wp-content\/uploads\/2025\/10\/Thonon-Trieste-FS_etape07-23.jpg 1200w, https:\/\/centcols.org\/wp-content\/uploads\/2025\/10\/Thonon-Trieste-FS_etape07-23-1084x1200.jpg 1084w, https:\/\/centcols.org\/wp-content\/uploads\/2025\/10\/Thonon-Trieste-FS_etape07-23-768x850.jpg 768w, https:\/\/centcols.org\/wp-content\/uploads\/2025\/10\/Thonon-Trieste-FS_etape07-23-11x12.jpg 11w\" sizes=\"auto, (max-width: 1200px) 100vw, 1200px\" \/><\/a><\/figure>\n<\/div>\n\n\n<p>Terug op de hoofdweg wordt de Passo del Sella (de eerste van zijn naam) op 2231 zonder schade gepasseerd. Daarna moedigde ik Bruno aan om de Forcella Rodella uit te zoeken onder de misleidende belofte \u00abHet is niet ver en het is gemakkelijk\u00bb. Het eerste punt was waar. Het tweede iets minder...<\/p>\n\n\n\n<figure class=\"wp-block-gallery has-nested-images columns-default is-cropped wp-block-gallery-36 is-layout-flex wp-block-gallery-is-layout-flex\">\n<figure class=\"wp-block-image size-large\"><a href=\"https:\/\/centcols.org\/wp-content\/uploads\/2025\/10\/Thonon-Trieste-FS_etape07-24.jpg\"><img loading=\"lazy\" decoding=\"async\" width=\"1200\" height=\"802\" data-id=\"91472\" src=\"https:\/\/centcols.org\/wp-content\/uploads\/2025\/10\/Thonon-Trieste-FS_etape07-24.jpg\" alt=\"\" class=\"wp-image-91472\" srcset=\"https:\/\/centcols.org\/wp-content\/uploads\/2025\/10\/Thonon-Trieste-FS_etape07-24.jpg 1200w, https:\/\/centcols.org\/wp-content\/uploads\/2025\/10\/Thonon-Trieste-FS_etape07-24-768x513.jpg 768w, https:\/\/centcols.org\/wp-content\/uploads\/2025\/10\/Thonon-Trieste-FS_etape07-24-18x12.jpg 18w\" sizes=\"auto, (max-width: 1200px) 100vw, 1200px\" \/><\/a><figcaption class=\"wp-element-caption\">Terug van de Gardena<\/figcaption><\/figure>\n\n\n\n<figure class=\"wp-block-image size-large\"><a href=\"https:\/\/centcols.org\/wp-content\/uploads\/2025\/10\/Thonon-Trieste-FS_etape07-25.jpg\"><img loading=\"lazy\" decoding=\"async\" width=\"1200\" height=\"802\" data-id=\"91471\" src=\"https:\/\/centcols.org\/wp-content\/uploads\/2025\/10\/Thonon-Trieste-FS_etape07-25.jpg\" alt=\"\" class=\"wp-image-91471\" srcset=\"https:\/\/centcols.org\/wp-content\/uploads\/2025\/10\/Thonon-Trieste-FS_etape07-25.jpg 1200w, https:\/\/centcols.org\/wp-content\/uploads\/2025\/10\/Thonon-Trieste-FS_etape07-25-768x513.jpg 768w, https:\/\/centcols.org\/wp-content\/uploads\/2025\/10\/Thonon-Trieste-FS_etape07-25-18x12.jpg 18w\" sizes=\"auto, (max-width: 1200px) 100vw, 1200px\" \/><\/a><figcaption class=\"wp-element-caption\">Van passo del Sella<\/figcaption><\/figure>\n<\/figure>\n\n\n\n<figure class=\"wp-block-gallery has-nested-images columns-default is-cropped wp-block-gallery-37 is-layout-flex wp-block-gallery-is-layout-flex\">\n<figure class=\"wp-block-image size-large\"><a href=\"https:\/\/centcols.org\/wp-content\/uploads\/2025\/10\/Thonon-Trieste-FS_etape07-26.jpg\"><img loading=\"lazy\" decoding=\"async\" width=\"1200\" height=\"626\" data-id=\"91474\" src=\"https:\/\/centcols.org\/wp-content\/uploads\/2025\/10\/Thonon-Trieste-FS_etape07-26.jpg\" alt=\"\" class=\"wp-image-91474\" srcset=\"https:\/\/centcols.org\/wp-content\/uploads\/2025\/10\/Thonon-Trieste-FS_etape07-26.jpg 1200w, https:\/\/centcols.org\/wp-content\/uploads\/2025\/10\/Thonon-Trieste-FS_etape07-26-768x401.jpg 768w, https:\/\/centcols.org\/wp-content\/uploads\/2025\/10\/Thonon-Trieste-FS_etape07-26-18x9.jpg 18w\" sizes=\"auto, (max-width: 1200px) 100vw, 1200px\" \/><\/a><figcaption class=\"wp-element-caption\">Naar Forcella Rodella<\/figcaption><\/figure>\n\n\n\n<figure class=\"wp-block-image size-large\"><a href=\"https:\/\/centcols.org\/wp-content\/uploads\/2025\/10\/Thonon-Trieste-FS_etape07-27.jpg\"><img loading=\"lazy\" decoding=\"async\" width=\"1200\" height=\"802\" data-id=\"91473\" src=\"https:\/\/centcols.org\/wp-content\/uploads\/2025\/10\/Thonon-Trieste-FS_etape07-27.jpg\" alt=\"\" class=\"wp-image-91473\" srcset=\"https:\/\/centcols.org\/wp-content\/uploads\/2025\/10\/Thonon-Trieste-FS_etape07-27.jpg 1200w, https:\/\/centcols.org\/wp-content\/uploads\/2025\/10\/Thonon-Trieste-FS_etape07-27-768x513.jpg 768w, https:\/\/centcols.org\/wp-content\/uploads\/2025\/10\/Thonon-Trieste-FS_etape07-27-18x12.jpg 18w\" sizes=\"auto, (max-width: 1200px) 100vw, 1200px\" \/><\/a><figcaption class=\"wp-element-caption\">Forcella Rodella (IT-TN-2318<\/figcaption><\/figure>\n\n\n\n<figure class=\"wp-block-image size-large\"><a href=\"https:\/\/centcols.org\/wp-content\/uploads\/2025\/10\/Thonon-Trieste-FS_etape07-28.jpg\"><img loading=\"lazy\" decoding=\"async\" width=\"1200\" height=\"802\" data-id=\"91475\" src=\"https:\/\/centcols.org\/wp-content\/uploads\/2025\/10\/Thonon-Trieste-FS_etape07-28.jpg\" alt=\"\" class=\"wp-image-91475\" srcset=\"https:\/\/centcols.org\/wp-content\/uploads\/2025\/10\/Thonon-Trieste-FS_etape07-28.jpg 1200w, https:\/\/centcols.org\/wp-content\/uploads\/2025\/10\/Thonon-Trieste-FS_etape07-28-768x513.jpg 768w, https:\/\/centcols.org\/wp-content\/uploads\/2025\/10\/Thonon-Trieste-FS_etape07-28-18x12.jpg 18w\" sizes=\"auto, (max-width: 1200px) 100vw, 1200px\" \/><\/a><figcaption class=\"wp-element-caption\">Terug van Forcella Rodella<\/figcaption><\/figure>\n<\/figure>\n\n\n\n<p>De Passo del Sella, op 2244 m, is de tweede in zijn soort en is veel markanter dan de eerste.<\/p>\n\n\n<div class=\"wp-block-image\">\n<figure class=\"aligncenter size-full is-resized\"><a href=\"https:\/\/centcols.org\/wp-content\/uploads\/2025\/10\/Thonon-Trieste-FS_etape07-29.jpg\"><img loading=\"lazy\" decoding=\"async\" width=\"1200\" height=\"802\" src=\"https:\/\/centcols.org\/wp-content\/uploads\/2025\/10\/Thonon-Trieste-FS_etape07-29.jpg\" alt=\"\" class=\"wp-image-91476\" style=\"width:800px\" srcset=\"https:\/\/centcols.org\/wp-content\/uploads\/2025\/10\/Thonon-Trieste-FS_etape07-29.jpg 1200w, https:\/\/centcols.org\/wp-content\/uploads\/2025\/10\/Thonon-Trieste-FS_etape07-29-768x513.jpg 768w, https:\/\/centcols.org\/wp-content\/uploads\/2025\/10\/Thonon-Trieste-FS_etape07-29-18x12.jpg 18w\" sizes=\"auto, (max-width: 1200px) 100vw, 1200px\" \/><\/a><figcaption class=\"wp-element-caption\">Tussen de twee passen van Sella<\/figcaption><\/figure>\n<\/div>\n\n\n<figure class=\"wp-block-gallery has-nested-images columns-default is-cropped wp-block-gallery-38 is-layout-flex wp-block-gallery-is-layout-flex\">\n<figure class=\"wp-block-image size-large\"><a href=\"https:\/\/centcols.org\/wp-content\/uploads\/2025\/10\/Thonon-Trieste-FS_etape07-31.jpg\"><img loading=\"lazy\" decoding=\"async\" width=\"1200\" height=\"802\" data-id=\"91478\" src=\"https:\/\/centcols.org\/wp-content\/uploads\/2025\/10\/Thonon-Trieste-FS_etape07-31.jpg\" alt=\"\" class=\"wp-image-91478\" srcset=\"https:\/\/centcols.org\/wp-content\/uploads\/2025\/10\/Thonon-Trieste-FS_etape07-31.jpg 1200w, https:\/\/centcols.org\/wp-content\/uploads\/2025\/10\/Thonon-Trieste-FS_etape07-31-768x513.jpg 768w, https:\/\/centcols.org\/wp-content\/uploads\/2025\/10\/Thonon-Trieste-FS_etape07-31-18x12.jpg 18w\" sizes=\"auto, (max-width: 1200px) 100vw, 1200px\" \/><\/a><\/figure>\n\n\n\n<figure class=\"wp-block-image size-large\"><a href=\"https:\/\/centcols.org\/wp-content\/uploads\/2025\/10\/Thonon-Trieste-FS_etape07-30.jpg\"><img loading=\"lazy\" decoding=\"async\" width=\"1200\" height=\"802\" data-id=\"91479\" src=\"https:\/\/centcols.org\/wp-content\/uploads\/2025\/10\/Thonon-Trieste-FS_etape07-30.jpg\" alt=\"\" class=\"wp-image-91479\" srcset=\"https:\/\/centcols.org\/wp-content\/uploads\/2025\/10\/Thonon-Trieste-FS_etape07-30.jpg 1200w, https:\/\/centcols.org\/wp-content\/uploads\/2025\/10\/Thonon-Trieste-FS_etape07-30-768x513.jpg 768w, https:\/\/centcols.org\/wp-content\/uploads\/2025\/10\/Thonon-Trieste-FS_etape07-30-18x12.jpg 18w\" sizes=\"auto, (max-width: 1200px) 100vw, 1200px\" \/><\/a><\/figure>\n\n\n\n<figure class=\"wp-block-image size-large\"><a href=\"https:\/\/centcols.org\/wp-content\/uploads\/2025\/10\/Thonon-Trieste-FS_etape07-32.jpg\"><img loading=\"lazy\" decoding=\"async\" width=\"1200\" height=\"802\" data-id=\"91477\" src=\"https:\/\/centcols.org\/wp-content\/uploads\/2025\/10\/Thonon-Trieste-FS_etape07-32.jpg\" alt=\"\" class=\"wp-image-91477\" srcset=\"https:\/\/centcols.org\/wp-content\/uploads\/2025\/10\/Thonon-Trieste-FS_etape07-32.jpg 1200w, https:\/\/centcols.org\/wp-content\/uploads\/2025\/10\/Thonon-Trieste-FS_etape07-32-768x513.jpg 768w, https:\/\/centcols.org\/wp-content\/uploads\/2025\/10\/Thonon-Trieste-FS_etape07-32-18x12.jpg 18w\" sizes=\"auto, (max-width: 1200px) 100vw, 1200px\" \/><\/a><figcaption class=\"wp-element-caption\">Uitzicht op de Passo del Sella<\/figcaption><\/figure>\n<\/figure>\n\n\n\n<p>De volgende is de beroemde Passo Pordoi. De eerste paar kilometer zijn zwaar, maar in lijn met wat je zou verwachten van een grote pas. In de laatste kilometer begon het mis te gaan. Een zeer hevige hagelbui verscheen zonder waarschuwing. Op de top haalde ik snel mijn camera tevoorschijn om een foto te maken waarvan ik niet wist dat ik hem had. Ik stopte hem meteen weg om hem te beschermen tegen de hagelstenen. De hagelstenen waren dan wel klein, maar ze waren talrijk en hard op het gezicht.<\/p>\n\n\n\n<figure class=\"wp-block-gallery has-nested-images columns-default is-cropped wp-block-gallery-39 is-layout-flex wp-block-gallery-is-layout-flex\">\n<figure class=\"wp-block-image size-large\"><a href=\"https:\/\/centcols.org\/wp-content\/uploads\/2025\/10\/Thonon-Trieste-FS_etape07-33.jpg\"><img loading=\"lazy\" decoding=\"async\" width=\"1200\" height=\"802\" data-id=\"91480\" src=\"https:\/\/centcols.org\/wp-content\/uploads\/2025\/10\/Thonon-Trieste-FS_etape07-33.jpg\" alt=\"\" class=\"wp-image-91480\" srcset=\"https:\/\/centcols.org\/wp-content\/uploads\/2025\/10\/Thonon-Trieste-FS_etape07-33.jpg 1200w, https:\/\/centcols.org\/wp-content\/uploads\/2025\/10\/Thonon-Trieste-FS_etape07-33-768x513.jpg 768w, https:\/\/centcols.org\/wp-content\/uploads\/2025\/10\/Thonon-Trieste-FS_etape07-33-18x12.jpg 18w\" sizes=\"auto, (max-width: 1200px) 100vw, 1200px\" \/><\/a><figcaption class=\"wp-element-caption\">Op de gevel van een hotel, op weg naar de Pordo<\/figcaption><\/figure>\n\n\n\n<figure class=\"wp-block-image size-large\"><a href=\"https:\/\/centcols.org\/wp-content\/uploads\/2025\/10\/Thonon-Trieste-FS_etape07-34.jpg\"><img loading=\"lazy\" decoding=\"async\" width=\"1200\" height=\"884\" data-id=\"91482\" src=\"https:\/\/centcols.org\/wp-content\/uploads\/2025\/10\/Thonon-Trieste-FS_etape07-34.jpg\" alt=\"\" class=\"wp-image-91482\" srcset=\"https:\/\/centcols.org\/wp-content\/uploads\/2025\/10\/Thonon-Trieste-FS_etape07-34.jpg 1200w, https:\/\/centcols.org\/wp-content\/uploads\/2025\/10\/Thonon-Trieste-FS_etape07-34-768x566.jpg 768w, https:\/\/centcols.org\/wp-content\/uploads\/2025\/10\/Thonon-Trieste-FS_etape07-34-16x12.jpg 16w\" sizes=\"auto, (max-width: 1200px) 100vw, 1200px\" \/><\/a><\/figure>\n\n\n\n<figure class=\"wp-block-image size-large\"><a href=\"https:\/\/centcols.org\/wp-content\/uploads\/2025\/10\/Thonon-Trieste-FS_etape07-35.jpg\"><img loading=\"lazy\" decoding=\"async\" width=\"1200\" height=\"802\" data-id=\"91481\" src=\"https:\/\/centcols.org\/wp-content\/uploads\/2025\/10\/Thonon-Trieste-FS_etape07-35.jpg\" alt=\"\" class=\"wp-image-91481\" srcset=\"https:\/\/centcols.org\/wp-content\/uploads\/2025\/10\/Thonon-Trieste-FS_etape07-35.jpg 1200w, https:\/\/centcols.org\/wp-content\/uploads\/2025\/10\/Thonon-Trieste-FS_etape07-35-768x513.jpg 768w, https:\/\/centcols.org\/wp-content\/uploads\/2025\/10\/Thonon-Trieste-FS_etape07-35-18x12.jpg 18w\" sizes=\"auto, (max-width: 1200px) 100vw, 1200px\" \/><\/a><\/figure>\n<\/figure>\n\n\n\n<p>We hadden dus al regen gehad. Nu is het hagel! Ach, je moet wel goede moed hebben \ud83d\ude09\ud83d\ude04. En op de top van de Pordoi was het 5\u00b0!<\/p>\n\n\n\n<p>Ons hotel is in Arraba, aan de voet van de Pordoi. We hebben dus nog maar 10 km te gaan. De afdaling zal in een lager tempo gaan, omdat het regent en de weg glad is.<\/p>\n\n\n<div class=\"wp-block-image\">\n<figure class=\"aligncenter size-full is-resized\"><a href=\"https:\/\/centcols.org\/wp-content\/uploads\/2025\/10\/Thonon-Trieste-FS_etape07-36a.jpg\"><img loading=\"lazy\" decoding=\"async\" width=\"1200\" height=\"802\" src=\"https:\/\/centcols.org\/wp-content\/uploads\/2025\/10\/Thonon-Trieste-FS_etape07-36a.jpg\" alt=\"\" class=\"wp-image-91483\" style=\"width:800px\" srcset=\"https:\/\/centcols.org\/wp-content\/uploads\/2025\/10\/Thonon-Trieste-FS_etape07-36a.jpg 1200w, https:\/\/centcols.org\/wp-content\/uploads\/2025\/10\/Thonon-Trieste-FS_etape07-36a-768x513.jpg 768w, https:\/\/centcols.org\/wp-content\/uploads\/2025\/10\/Thonon-Trieste-FS_etape07-36a-18x12.jpg 18w\" sizes=\"auto, (max-width: 1200px) 100vw, 1200px\" \/><\/a><\/figure>\n<\/div>\n\n\n<p>Ik heb twee nachten achter elkaar geboekt bij Arraba omdat morgen de \u00abrustdag\u00bb is.<br>Twee nachten in hetzelfde hotel betekent wassen! De kamers zijn groot, net als de badkamer, die al snel rommelig wordt met drogende fietskleding. Zoals gewoonlijk had ik een paar meter touw gevolgd en wat wasknijpers meegenomen. Wederom kwamen beide goed van pas.<\/p>\n\n\n\n<figure class=\"wp-block-gallery has-nested-images columns-default is-cropped wp-block-gallery-40 is-layout-flex wp-block-gallery-is-layout-flex\">\n<figure class=\"wp-block-image size-large\"><a href=\"https:\/\/centcols.org\/wp-content\/uploads\/2025\/10\/Thonon-Trieste-FS_etape07-37.jpg\"><img loading=\"lazy\" decoding=\"async\" width=\"1200\" height=\"802\" data-id=\"91486\" src=\"https:\/\/centcols.org\/wp-content\/uploads\/2025\/10\/Thonon-Trieste-FS_etape07-37.jpg\" alt=\"\" class=\"wp-image-91486\" srcset=\"https:\/\/centcols.org\/wp-content\/uploads\/2025\/10\/Thonon-Trieste-FS_etape07-37.jpg 1200w, https:\/\/centcols.org\/wp-content\/uploads\/2025\/10\/Thonon-Trieste-FS_etape07-37-768x513.jpg 768w, https:\/\/centcols.org\/wp-content\/uploads\/2025\/10\/Thonon-Trieste-FS_etape07-37-18x12.jpg 18w\" sizes=\"auto, (max-width: 1200px) 100vw, 1200px\" \/><\/a><figcaption class=\"wp-element-caption\">Is het echt zomer?<\/figcaption><\/figure>\n\n\n\n<figure class=\"wp-block-image size-large\"><a href=\"https:\/\/centcols.org\/wp-content\/uploads\/2025\/10\/Thonon-Trieste-FS_etape07-38.jpg\"><img loading=\"lazy\" decoding=\"async\" width=\"1200\" height=\"802\" data-id=\"91485\" src=\"https:\/\/centcols.org\/wp-content\/uploads\/2025\/10\/Thonon-Trieste-FS_etape07-38.jpg\" alt=\"\" class=\"wp-image-91485\" srcset=\"https:\/\/centcols.org\/wp-content\/uploads\/2025\/10\/Thonon-Trieste-FS_etape07-38.jpg 1200w, https:\/\/centcols.org\/wp-content\/uploads\/2025\/10\/Thonon-Trieste-FS_etape07-38-768x513.jpg 768w, https:\/\/centcols.org\/wp-content\/uploads\/2025\/10\/Thonon-Trieste-FS_etape07-38-18x12.jpg 18w\" sizes=\"auto, (max-width: 1200px) 100vw, 1200px\" \/><\/a><\/figure>\n\n\n\n<figure class=\"wp-block-image size-large\"><a href=\"https:\/\/centcols.org\/wp-content\/uploads\/2025\/10\/Thonon-Trieste-FS_etape07-39.jpg\"><img loading=\"lazy\" decoding=\"async\" width=\"1200\" height=\"802\" data-id=\"91484\" src=\"https:\/\/centcols.org\/wp-content\/uploads\/2025\/10\/Thonon-Trieste-FS_etape07-39.jpg\" alt=\"\" class=\"wp-image-91484\" srcset=\"https:\/\/centcols.org\/wp-content\/uploads\/2025\/10\/Thonon-Trieste-FS_etape07-39.jpg 1200w, https:\/\/centcols.org\/wp-content\/uploads\/2025\/10\/Thonon-Trieste-FS_etape07-39-768x513.jpg 768w, https:\/\/centcols.org\/wp-content\/uploads\/2025\/10\/Thonon-Trieste-FS_etape07-39-18x12.jpg 18w\" sizes=\"auto, (max-width: 1200px) 100vw, 1200px\" \/><\/a><\/figure>\n<\/figure>\n\n\n\n<p>Het zou logisch zijn geweest als ik de rustdag 1 of 2 dagen eerder had gepland. En niet op de 8e dag. Maar ik gaf de voorkeur aan de locatie, in het hart van de Dolomieten, boven de datum. De tijd zal leren of ik juist heb gehandeld. De etappe van vandaag was kort, 96 km, maar steil, met 3.200 m klimmen. En er waren genoeg passen om rond te gaan, 7 stuks, waarvan 6 \u00ab2000\u00bb.<\/p>\n\n\n\n<div class=\"wp-block-buttons is-content-justification-space-between is-layout-flex wp-container-core-buttons-is-layout-3d213aab wp-block-buttons-is-layout-flex\">\n<div class=\"wp-block-button\"><a class=\"wp-block-button__link has-text-color has-background has-link-color wp-element-button\" href=\"https:\/\/centcols.org\/nl\/thonon-trieste-fred-singla-2025\/7\/\" style=\"color:#2a488c;background-color:#88f2fd;text-transform:uppercase\"><strong>Vorig stadium<\/strong><\/a><\/div>\n\n\n\n<div class=\"wp-block-button\"><a class=\"wp-block-button__link has-text-color has-background has-link-color wp-element-button\" href=\"https:\/\/centcols.org\/nl\/thonon-trieste-fred-singla-2025\/9\/\" style=\"color:#2a488c;background-color:#88f2fd;text-transform:uppercase\"><strong>Volgende stap<\/strong><\/a><\/div>\n<\/div>\n\n\n\n<!--nextpage-->\n\n\n\n<h2 class=\"wp-block-heading\"><em> Dag 8 : <\/em>Rustdag (\ud83d\ude09\ud83d\ude02). Lusje rond het hotel.<\/h2>\n\n\n\n<p>55 km - 1460 m den+, 3 passen waarvan 2 &gt; 2000<\/p>\n\n\n\n<p>Een rustdag betekent niet een dag niet gefietst! Maar het betekent wel een iets koelere dag, net als voor de renners in de Tour de France!<br>Aangezien het mooi weer is, verhuist onze was van de badkamer naar buiten de kamer. We zitten op de eerste verdieping, maar omdat het hotel op een heuvel ligt en we aan de achterkant van het gebouw zitten, hebben we een vlakke uitgang.<br>Als we vertrekken, roept Jean-Marc ons spottend toe vanaf zijn balkon: \u00abH\u00e9 jongens, was dit geen vrije dag?\u00bb<\/p>\n\n\n<div class=\"wp-block-image\">\n<figure class=\"aligncenter size-full is-resized\"><a href=\"https:\/\/centcols.org\/wp-content\/uploads\/2025\/10\/Thonon-Trieste-FS_etape08-01.jpg\"><img loading=\"lazy\" decoding=\"async\" width=\"461\" height=\"800\" src=\"https:\/\/centcols.org\/wp-content\/uploads\/2025\/10\/Thonon-Trieste-FS_etape08-01.jpg\" alt=\"\" class=\"wp-image-91494\" style=\"width:auto;height:600px\" srcset=\"https:\/\/centcols.org\/wp-content\/uploads\/2025\/10\/Thonon-Trieste-FS_etape08-01.jpg 461w, https:\/\/centcols.org\/wp-content\/uploads\/2025\/10\/Thonon-Trieste-FS_etape08-01-7x12.jpg 7w\" sizes=\"auto, (max-width: 461px) 100vw, 461px\" \/><\/a><\/figure>\n<\/div>\n\n\n<p> We verlaten het hotel rond 10.00 uur en het is meteen duidelijk dat we niet dezelfde dag gaan hebben als gisteren. Gelukkig maar!<br>Het uitzicht op de Pordoi is anders dan gisteren in de hagel.<\/p>\n\n\n<div class=\"wp-block-image\">\n<figure class=\"aligncenter size-full is-resized\"><a href=\"https:\/\/centcols.org\/wp-content\/uploads\/2025\/10\/Thonon-Trieste-FS_etape08-02.jpg\"><img loading=\"lazy\" decoding=\"async\" width=\"1200\" height=\"802\" src=\"https:\/\/centcols.org\/wp-content\/uploads\/2025\/10\/Thonon-Trieste-FS_etape08-02.jpg\" alt=\"\" class=\"wp-image-91505\" style=\"width:800px\" srcset=\"https:\/\/centcols.org\/wp-content\/uploads\/2025\/10\/Thonon-Trieste-FS_etape08-02.jpg 1200w, https:\/\/centcols.org\/wp-content\/uploads\/2025\/10\/Thonon-Trieste-FS_etape08-02-768x513.jpg 768w, https:\/\/centcols.org\/wp-content\/uploads\/2025\/10\/Thonon-Trieste-FS_etape08-02-18x12.jpg 18w\" sizes=\"auto, (max-width: 1200px) 100vw, 1200px\" \/><\/a><figcaption class=\"wp-element-caption\">De Pordoi zoals we die gisteren zagen<\/figcaption><\/figure>\n<\/div>\n\n\n<p>Een prachtige afdaling, het einde van de Pordoi in feite, gaat vooraf aan de beklimming van de Passo Campalongo.<\/p>\n\n\n<div class=\"wp-block-image\">\n<figure class=\"aligncenter size-full is-resized\"><a href=\"https:\/\/centcols.org\/wp-content\/uploads\/2025\/10\/Thonon-Trieste-FS_etape08-03.jpg\"><img loading=\"lazy\" decoding=\"async\" width=\"1200\" height=\"1279\" src=\"https:\/\/centcols.org\/wp-content\/uploads\/2025\/10\/Thonon-Trieste-FS_etape08-03.jpg\" alt=\"\" class=\"wp-image-91508\" style=\"width:auto;height:600px\" srcset=\"https:\/\/centcols.org\/wp-content\/uploads\/2025\/10\/Thonon-Trieste-FS_etape08-03.jpg 1200w, https:\/\/centcols.org\/wp-content\/uploads\/2025\/10\/Thonon-Trieste-FS_etape08-03-1126x1200.jpg 1126w, https:\/\/centcols.org\/wp-content\/uploads\/2025\/10\/Thonon-Trieste-FS_etape08-03-768x819.jpg 768w, https:\/\/centcols.org\/wp-content\/uploads\/2025\/10\/Thonon-Trieste-FS_etape08-03-11x12.jpg 11w\" sizes=\"auto, (max-width: 1200px) 100vw, 1200px\" \/><\/a><\/figure>\n<\/div>\n\n\n<p><br>Prachtig uitzicht op de Dolomieten voordat we afdaalden naar Corvara in Badia. En dan te bedenken dat het gisteren nog vroor en het zicht beperkt was tot een paar meter.<\/p>\n\n\n\n<figure class=\"wp-block-gallery has-nested-images columns-default is-cropped wp-block-gallery-41 is-layout-flex wp-block-gallery-is-layout-flex\">\n<figure class=\"wp-block-image size-large\"><a href=\"https:\/\/centcols.org\/wp-content\/uploads\/2025\/10\/Thonon-Trieste-FS_etape08-04.jpg\"><img loading=\"lazy\" decoding=\"async\" width=\"1200\" height=\"802\" data-id=\"91510\" src=\"https:\/\/centcols.org\/wp-content\/uploads\/2025\/10\/Thonon-Trieste-FS_etape08-04.jpg\" alt=\"\" class=\"wp-image-91510\" srcset=\"https:\/\/centcols.org\/wp-content\/uploads\/2025\/10\/Thonon-Trieste-FS_etape08-04.jpg 1200w, https:\/\/centcols.org\/wp-content\/uploads\/2025\/10\/Thonon-Trieste-FS_etape08-04-768x513.jpg 768w, https:\/\/centcols.org\/wp-content\/uploads\/2025\/10\/Thonon-Trieste-FS_etape08-04-18x12.jpg 18w\" sizes=\"auto, (max-width: 1200px) 100vw, 1200px\" \/><\/a><\/figure>\n\n\n\n<figure class=\"wp-block-image size-large\"><a href=\"https:\/\/centcols.org\/wp-content\/uploads\/2025\/10\/Thonon-Trieste-FS_etape08-05.jpg\"><img loading=\"lazy\" decoding=\"async\" width=\"1200\" height=\"802\" data-id=\"91511\" src=\"https:\/\/centcols.org\/wp-content\/uploads\/2025\/10\/Thonon-Trieste-FS_etape08-05.jpg\" alt=\"\" class=\"wp-image-91511\" srcset=\"https:\/\/centcols.org\/wp-content\/uploads\/2025\/10\/Thonon-Trieste-FS_etape08-05.jpg 1200w, https:\/\/centcols.org\/wp-content\/uploads\/2025\/10\/Thonon-Trieste-FS_etape08-05-768x513.jpg 768w, https:\/\/centcols.org\/wp-content\/uploads\/2025\/10\/Thonon-Trieste-FS_etape08-05-18x12.jpg 18w\" sizes=\"auto, (max-width: 1200px) 100vw, 1200px\" \/><\/a><figcaption class=\"wp-element-caption\">Corvara in Badia<\/figcaption><\/figure>\n<\/figure>\n\n\n\n<p><br>In San Cassigno, een mooi en heel logisch uithangbord voor een ski- en fietswinkel.<\/p>\n\n\n<div class=\"wp-block-image\">\n<figure class=\"aligncenter size-full is-resized\"><a href=\"https:\/\/centcols.org\/wp-content\/uploads\/2025\/10\/Thonon-Trieste-FS_etape08-07-1.jpg\"><img loading=\"lazy\" decoding=\"async\" width=\"1200\" height=\"802\" src=\"https:\/\/centcols.org\/wp-content\/uploads\/2025\/10\/Thonon-Trieste-FS_etape08-07-1.jpg\" alt=\"\" class=\"wp-image-91514\" style=\"width:600px\" srcset=\"https:\/\/centcols.org\/wp-content\/uploads\/2025\/10\/Thonon-Trieste-FS_etape08-07-1.jpg 1200w, https:\/\/centcols.org\/wp-content\/uploads\/2025\/10\/Thonon-Trieste-FS_etape08-07-1-768x513.jpg 768w, https:\/\/centcols.org\/wp-content\/uploads\/2025\/10\/Thonon-Trieste-FS_etape08-07-1-18x12.jpg 18w\" sizes=\"auto, (max-width: 1200px) 100vw, 1200px\" \/><\/a><\/figure>\n<\/div>\n\n\n<p>De lange klim van 12 km naar de Passo di Valparola voert ons langs het gelijknamige meer. En er zijn nog steeds adembenemende uitzichten voordat je de top bereikt, op een hoogte van 2196m.<\/p>\n\n\n<div class=\"wp-block-image\">\n<figure class=\"aligncenter size-large is-resized\"><a href=\"https:\/\/centcols.org\/wp-content\/uploads\/2025\/10\/Thonon-Trieste-FS_etape08-06.jpg\"><img loading=\"lazy\" decoding=\"async\" width=\"1200\" height=\"634\" src=\"https:\/\/centcols.org\/wp-content\/uploads\/2025\/10\/Thonon-Trieste-FS_etape08-06.jpg\" alt=\"\" class=\"wp-image-91512\" style=\"width:800px\" srcset=\"https:\/\/centcols.org\/wp-content\/uploads\/2025\/10\/Thonon-Trieste-FS_etape08-06.jpg 1200w, https:\/\/centcols.org\/wp-content\/uploads\/2025\/10\/Thonon-Trieste-FS_etape08-06-768x406.jpg 768w, https:\/\/centcols.org\/wp-content\/uploads\/2025\/10\/Thonon-Trieste-FS_etape08-06-18x10.jpg 18w\" sizes=\"auto, (max-width: 1200px) 100vw, 1200px\" \/><\/a><figcaption class=\"wp-element-caption\">Van Costadedoi, de pas van Valparola op<\/figcaption><\/figure>\n<\/div>\n\n\n<figure class=\"wp-block-gallery has-nested-images columns-default is-cropped wp-block-gallery-42 is-layout-flex wp-block-gallery-is-layout-flex\">\n<figure class=\"wp-block-image size-large\"><a href=\"https:\/\/centcols.org\/wp-content\/uploads\/2025\/10\/Thonon-Trieste-FS_etape08-08.jpg\"><img loading=\"lazy\" decoding=\"async\" width=\"1200\" height=\"802\" data-id=\"91518\" src=\"https:\/\/centcols.org\/wp-content\/uploads\/2025\/10\/Thonon-Trieste-FS_etape08-08.jpg\" alt=\"\" class=\"wp-image-91518\" srcset=\"https:\/\/centcols.org\/wp-content\/uploads\/2025\/10\/Thonon-Trieste-FS_etape08-08.jpg 1200w, https:\/\/centcols.org\/wp-content\/uploads\/2025\/10\/Thonon-Trieste-FS_etape08-08-768x513.jpg 768w, https:\/\/centcols.org\/wp-content\/uploads\/2025\/10\/Thonon-Trieste-FS_etape08-08-18x12.jpg 18w\" sizes=\"auto, (max-width: 1200px) 100vw, 1200px\" \/><\/a><figcaption class=\"wp-element-caption\">Van Armentarola<\/figcaption><\/figure>\n\n\n\n<figure class=\"wp-block-image size-large\"><a href=\"https:\/\/centcols.org\/wp-content\/uploads\/2025\/10\/Thonon-Trieste-FS_etape08-09.jpg\"><img loading=\"lazy\" decoding=\"async\" width=\"1200\" height=\"802\" data-id=\"91520\" src=\"https:\/\/centcols.org\/wp-content\/uploads\/2025\/10\/Thonon-Trieste-FS_etape08-09.jpg\" alt=\"\" class=\"wp-image-91520\" srcset=\"https:\/\/centcols.org\/wp-content\/uploads\/2025\/10\/Thonon-Trieste-FS_etape08-09.jpg 1200w, https:\/\/centcols.org\/wp-content\/uploads\/2025\/10\/Thonon-Trieste-FS_etape08-09-768x513.jpg 768w, https:\/\/centcols.org\/wp-content\/uploads\/2025\/10\/Thonon-Trieste-FS_etape08-09-18x12.jpg 18w\" sizes=\"auto, (max-width: 1200px) 100vw, 1200px\" \/><\/a><\/figure>\n\n\n\n<figure class=\"wp-block-image size-large\"><a href=\"https:\/\/centcols.org\/wp-content\/uploads\/2025\/10\/Thonon-Trieste-FS_etape08-10.jpg\"><img loading=\"lazy\" decoding=\"async\" width=\"1200\" height=\"802\" data-id=\"91516\" src=\"https:\/\/centcols.org\/wp-content\/uploads\/2025\/10\/Thonon-Trieste-FS_etape08-10.jpg\" alt=\"\" class=\"wp-image-91516\" srcset=\"https:\/\/centcols.org\/wp-content\/uploads\/2025\/10\/Thonon-Trieste-FS_etape08-10.jpg 1200w, https:\/\/centcols.org\/wp-content\/uploads\/2025\/10\/Thonon-Trieste-FS_etape08-10-768x513.jpg 768w, https:\/\/centcols.org\/wp-content\/uploads\/2025\/10\/Thonon-Trieste-FS_etape08-10-18x12.jpg 18w\" sizes=\"auto, (max-width: 1200px) 100vw, 1200px\" \/><\/a><figcaption class=\"wp-element-caption\">Valparola Meer<\/figcaption><\/figure>\n\n\n\n<figure class=\"wp-block-image size-large\"><a href=\"https:\/\/centcols.org\/wp-content\/uploads\/2025\/10\/Thonon-Trieste-FS_etape08-11.jpg\"><img loading=\"lazy\" decoding=\"async\" width=\"1200\" height=\"802\" data-id=\"91517\" src=\"https:\/\/centcols.org\/wp-content\/uploads\/2025\/10\/Thonon-Trieste-FS_etape08-11.jpg\" alt=\"\" class=\"wp-image-91517\" srcset=\"https:\/\/centcols.org\/wp-content\/uploads\/2025\/10\/Thonon-Trieste-FS_etape08-11.jpg 1200w, https:\/\/centcols.org\/wp-content\/uploads\/2025\/10\/Thonon-Trieste-FS_etape08-11-768x513.jpg 768w, https:\/\/centcols.org\/wp-content\/uploads\/2025\/10\/Thonon-Trieste-FS_etape08-11-18x12.jpg 18w\" sizes=\"auto, (max-width: 1200px) 100vw, 1200px\" \/><\/a><figcaption class=\"wp-element-caption\">Fort Tre Sassi, tussen het meer en de pas<\/figcaption><\/figure>\n\n\n\n<figure class=\"wp-block-image size-large\"><a href=\"https:\/\/centcols.org\/wp-content\/uploads\/2025\/10\/Thonon-Trieste-FS_etape08-12.jpg\"><img loading=\"lazy\" decoding=\"async\" width=\"1200\" height=\"1121\" data-id=\"91519\" src=\"https:\/\/centcols.org\/wp-content\/uploads\/2025\/10\/Thonon-Trieste-FS_etape08-12.jpg\" alt=\"\" class=\"wp-image-91519\" srcset=\"https:\/\/centcols.org\/wp-content\/uploads\/2025\/10\/Thonon-Trieste-FS_etape08-12.jpg 1200w, https:\/\/centcols.org\/wp-content\/uploads\/2025\/10\/Thonon-Trieste-FS_etape08-12-768x717.jpg 768w, https:\/\/centcols.org\/wp-content\/uploads\/2025\/10\/Thonon-Trieste-FS_etape08-12-13x12.jpg 13w\" sizes=\"auto, (max-width: 1200px) 100vw, 1200px\" \/><\/a><figcaption class=\"wp-element-caption\">Van Fort Tre Sassi<\/figcaption><\/figure>\n\n\n\n<figure class=\"wp-block-image size-large\"><a href=\"https:\/\/centcols.org\/wp-content\/uploads\/2025\/10\/Thonon-Trieste-FS_etape08-13.jpg\"><img loading=\"lazy\" decoding=\"async\" width=\"1200\" height=\"802\" data-id=\"91515\" src=\"https:\/\/centcols.org\/wp-content\/uploads\/2025\/10\/Thonon-Trieste-FS_etape08-13.jpg\" alt=\"\" class=\"wp-image-91515\" srcset=\"https:\/\/centcols.org\/wp-content\/uploads\/2025\/10\/Thonon-Trieste-FS_etape08-13.jpg 1200w, https:\/\/centcols.org\/wp-content\/uploads\/2025\/10\/Thonon-Trieste-FS_etape08-13-768x513.jpg 768w, https:\/\/centcols.org\/wp-content\/uploads\/2025\/10\/Thonon-Trieste-FS_etape08-13-18x12.jpg 18w\" sizes=\"auto, (max-width: 1200px) 100vw, 1200px\" \/><\/a><\/figure>\n<\/figure>\n\n\n\n<p>Daarna gaan we naar de Passo Falzarego, waar we een paar panini's eten voor de lunch.<\/p>\n\n\n<div class=\"wp-block-image\">\n<figure class=\"aligncenter size-large is-resized\"><a href=\"https:\/\/centcols.org\/wp-content\/uploads\/2025\/10\/Thonon-Trieste-FS_etape08-15.jpg\"><img loading=\"lazy\" decoding=\"async\" width=\"1200\" height=\"675\" src=\"https:\/\/centcols.org\/wp-content\/uploads\/2025\/10\/Thonon-Trieste-FS_etape08-15.jpg\" alt=\"\" class=\"wp-image-91521\" style=\"width:800px\" srcset=\"https:\/\/centcols.org\/wp-content\/uploads\/2025\/10\/Thonon-Trieste-FS_etape08-15.jpg 1200w, https:\/\/centcols.org\/wp-content\/uploads\/2025\/10\/Thonon-Trieste-FS_etape08-15-768x432.jpg 768w, https:\/\/centcols.org\/wp-content\/uploads\/2025\/10\/Thonon-Trieste-FS_etape08-15-18x10.jpg 18w\" sizes=\"auto, (max-width: 1200px) 100vw, 1200px\" \/><\/a><\/figure>\n<\/div>\n\n\n<p><br>Falzarego, ook wel bekend als de \u00abvalse koning\u00bb, is een drukke plek. De kabelbaan naar de top van de berg trekt massa's mensen. Er zijn ook veel mensen op de weg. Het is zondag en het is mooi weer. Er zijn veel motorrijders. Er zijn ook veel fietsers, meestal stelletjes. Ik heb geen enkele groep of club gezien.<br>In ieder geval veel meer fietsers dan gisteren in de hagel of twee dagen geleden in de regen op de Stelvio ... \ud83e\udd14.<\/p>\n\n\n\n<figure class=\"wp-block-gallery has-nested-images columns-default is-cropped wp-block-gallery-43 is-layout-flex wp-block-gallery-is-layout-flex\">\n<figure class=\"wp-block-image size-large\"><a href=\"https:\/\/centcols.org\/wp-content\/uploads\/2025\/10\/Thonon-Trieste-FS_etape08-19.jpg\"><img loading=\"lazy\" decoding=\"async\" width=\"1200\" height=\"1124\" data-id=\"91525\" src=\"https:\/\/centcols.org\/wp-content\/uploads\/2025\/10\/Thonon-Trieste-FS_etape08-19.jpg\" alt=\"\" class=\"wp-image-91525\" srcset=\"https:\/\/centcols.org\/wp-content\/uploads\/2025\/10\/Thonon-Trieste-FS_etape08-19.jpg 1200w, https:\/\/centcols.org\/wp-content\/uploads\/2025\/10\/Thonon-Trieste-FS_etape08-19-768x719.jpg 768w, https:\/\/centcols.org\/wp-content\/uploads\/2025\/10\/Thonon-Trieste-FS_etape08-19-13x12.jpg 13w\" sizes=\"auto, (max-width: 1200px) 100vw, 1200px\" \/><\/a><figcaption class=\"wp-element-caption\">Als je benen pijn doen!<\/figcaption><\/figure>\n\n\n\n<figure class=\"wp-block-image size-large\"><a href=\"https:\/\/centcols.org\/wp-content\/uploads\/2025\/10\/Thonon-Trieste-FS_etape08-16.jpg\"><img loading=\"lazy\" decoding=\"async\" width=\"1200\" height=\"802\" data-id=\"91522\" src=\"https:\/\/centcols.org\/wp-content\/uploads\/2025\/10\/Thonon-Trieste-FS_etape08-16.jpg\" alt=\"\" class=\"wp-image-91522\" srcset=\"https:\/\/centcols.org\/wp-content\/uploads\/2025\/10\/Thonon-Trieste-FS_etape08-16.jpg 1200w, https:\/\/centcols.org\/wp-content\/uploads\/2025\/10\/Thonon-Trieste-FS_etape08-16-768x513.jpg 768w, https:\/\/centcols.org\/wp-content\/uploads\/2025\/10\/Thonon-Trieste-FS_etape08-16-18x12.jpg 18w\" sizes=\"auto, (max-width: 1200px) 100vw, 1200px\" \/><\/a><figcaption class=\"wp-element-caption\">Lagazuoi kabelbaan en schuilplaats<\/figcaption><\/figure>\n<\/figure>\n\n\n\n<p><br>Een prachtige afdaling van 15 km \ud83d\ude0a gevolgd door een klim van 4 km \ud83d\ude21 brengt ons na 55 km terug naar Arabba, D 1460 en 3 passen waaronder 2 \u00ab2000\u00bb.<\/p>\n\n\n\n<figure class=\"wp-block-gallery has-nested-images columns-default is-cropped wp-block-gallery-44 is-layout-flex wp-block-gallery-is-layout-flex\">\n<figure class=\"wp-block-image size-large\"><a href=\"https:\/\/centcols.org\/wp-content\/uploads\/2025\/10\/Thonon-Trieste-FS_etape08-17.jpg\"><img loading=\"lazy\" decoding=\"async\" width=\"1200\" height=\"802\" data-id=\"91524\" src=\"https:\/\/centcols.org\/wp-content\/uploads\/2025\/10\/Thonon-Trieste-FS_etape08-17.jpg\" alt=\"\" class=\"wp-image-91524\" srcset=\"https:\/\/centcols.org\/wp-content\/uploads\/2025\/10\/Thonon-Trieste-FS_etape08-17.jpg 1200w, https:\/\/centcols.org\/wp-content\/uploads\/2025\/10\/Thonon-Trieste-FS_etape08-17-768x513.jpg 768w, https:\/\/centcols.org\/wp-content\/uploads\/2025\/10\/Thonon-Trieste-FS_etape08-17-18x12.jpg 18w\" sizes=\"auto, (max-width: 1200px) 100vw, 1200px\" \/><\/a><\/figure>\n\n\n\n<figure class=\"wp-block-image size-large\"><a href=\"https:\/\/centcols.org\/wp-content\/uploads\/2025\/10\/Thonon-Trieste-FS_etape08-18.jpg\"><img loading=\"lazy\" decoding=\"async\" width=\"1200\" height=\"802\" data-id=\"91523\" src=\"https:\/\/centcols.org\/wp-content\/uploads\/2025\/10\/Thonon-Trieste-FS_etape08-18.jpg\" alt=\"\" class=\"wp-image-91523\" srcset=\"https:\/\/centcols.org\/wp-content\/uploads\/2025\/10\/Thonon-Trieste-FS_etape08-18.jpg 1200w, https:\/\/centcols.org\/wp-content\/uploads\/2025\/10\/Thonon-Trieste-FS_etape08-18-768x513.jpg 768w, https:\/\/centcols.org\/wp-content\/uploads\/2025\/10\/Thonon-Trieste-FS_etape08-18-18x12.jpg 18w\" sizes=\"auto, (max-width: 1200px) 100vw, 1200px\" \/><\/a><\/figure>\n<\/figure>\n\n\n<div class=\"wp-block-image\">\n<figure class=\"aligncenter size-full\"><a href=\"https:\/\/centcols.org\/wp-content\/uploads\/2025\/10\/Thonon-Trieste-FS_etape08-20.jpg\"><img loading=\"lazy\" decoding=\"async\" width=\"1200\" height=\"802\" src=\"https:\/\/centcols.org\/wp-content\/uploads\/2025\/10\/Thonon-Trieste-FS_etape08-20.jpg\" alt=\"\" class=\"wp-image-91527\" srcset=\"https:\/\/centcols.org\/wp-content\/uploads\/2025\/10\/Thonon-Trieste-FS_etape08-20.jpg 1200w, https:\/\/centcols.org\/wp-content\/uploads\/2025\/10\/Thonon-Trieste-FS_etape08-20-768x513.jpg 768w, https:\/\/centcols.org\/wp-content\/uploads\/2025\/10\/Thonon-Trieste-FS_etape08-20-18x12.jpg 18w\" sizes=\"auto, (max-width: 1200px) 100vw, 1200px\" \/><\/a><figcaption class=\"wp-element-caption\">Terug naar Arabba<\/figcaption><\/figure>\n<\/div>\n\n\n<p>Onze was trekt weer weg. Deze keer hebben we het in de zon gelegd, waar het snel droogde. Gelukkig waren we aan de achterkant van het etablissement ...<\/p>\n\n\n<div class=\"wp-block-image\">\n<figure class=\"aligncenter size-full is-resized\"><a href=\"https:\/\/centcols.org\/wp-content\/uploads\/2025\/10\/Thonon-Trieste-FS_etape08-21.jpg\"><img loading=\"lazy\" decoding=\"async\" width=\"1200\" height=\"802\" src=\"https:\/\/centcols.org\/wp-content\/uploads\/2025\/10\/Thonon-Trieste-FS_etape08-21.jpg\" alt=\"\" class=\"wp-image-91492\" style=\"width:600px\" srcset=\"https:\/\/centcols.org\/wp-content\/uploads\/2025\/10\/Thonon-Trieste-FS_etape08-21.jpg 1200w, https:\/\/centcols.org\/wp-content\/uploads\/2025\/10\/Thonon-Trieste-FS_etape08-21-768x513.jpg 768w, https:\/\/centcols.org\/wp-content\/uploads\/2025\/10\/Thonon-Trieste-FS_etape08-21-18x12.jpg 18w\" sizes=\"auto, (max-width: 1200px) 100vw, 1200px\" \/><\/a><\/figure>\n<\/div>\n\n\n<p>In Arabba spreekt het hotelpersoneel uiteraard Italiaans en Duits (en gelukkig ook Engels). Maar vooral Ladinisch. Ladinisch staat dicht bij Romansh en Friulian en wordt in Trentino-Alto Adige gesproken door ongeveer 30.000 mensen. Plaatsnaamborden zijn vaak in het Italiaans, Duits en Ladinisch, in die volgorde.<br>Het is zo verwarrend!<\/p>\n\n\n\n<div class=\"wp-block-buttons is-content-justification-space-between is-layout-flex wp-container-core-buttons-is-layout-3d213aab wp-block-buttons-is-layout-flex\">\n<div class=\"wp-block-button\"><a class=\"wp-block-button__link has-text-color has-background has-link-color wp-element-button\" href=\"https:\/\/centcols.org\/nl\/thonon-trieste-fred-singla-2025\/8\/\" style=\"color:#2a488c;background-color:#88f2fd;text-transform:uppercase\"><strong>Vorig stadium<\/strong><\/a><\/div>\n\n\n\n<div class=\"wp-block-button\"><a class=\"wp-block-button__link has-text-color has-background has-link-color wp-element-button\" href=\"https:\/\/centcols.org\/nl\/thonon-trieste-fred-singla-2025\/10\/\" style=\"color:#2a488c;background-color:#88f2fd;text-transform:uppercase\"><strong>Volgende stap<\/strong><\/a><\/div>\n<\/div>\n\n\n\n<!--nextpage-->\n\n\n\n<h2 class=\"wp-block-heading\"><em> Dag 9 : <\/em>Van Arabba naar Vigo-di-Cadore langs de Strada Regionale 48 delle Dolomiti<\/h2>\n\n\n\n<p>97 km - 2085 m den+, 2 passen waarvan 1 &gt; 2000<\/p>\n\n\n<div class=\"wp-block-image\">\n<figure class=\"aligncenter size-full is-resized\"><a href=\"https:\/\/centcols.org\/wp-content\/uploads\/2025\/10\/Thonon-Trieste-FS_etape09-01.jpg\"><img loading=\"lazy\" decoding=\"async\" width=\"1200\" height=\"802\" src=\"https:\/\/centcols.org\/wp-content\/uploads\/2025\/10\/Thonon-Trieste-FS_etape09-01.jpg\" alt=\"\" class=\"wp-image-91554\" style=\"width:800px\" srcset=\"https:\/\/centcols.org\/wp-content\/uploads\/2025\/10\/Thonon-Trieste-FS_etape09-01.jpg 1200w, https:\/\/centcols.org\/wp-content\/uploads\/2025\/10\/Thonon-Trieste-FS_etape09-01-768x513.jpg 768w, https:\/\/centcols.org\/wp-content\/uploads\/2025\/10\/Thonon-Trieste-FS_etape09-01-18x12.jpg 18w\" sizes=\"auto, (max-width: 1200px) 100vw, 1200px\" \/><\/a><figcaption class=\"wp-element-caption\">De dag breekt aan boven Arabba.<\/figcaption><\/figure>\n<\/div>\n\n\n<p>In de lobby van het hotel nodigen deze prachtige clubfauteuils je uit om te ontspannen en je te concentreren. Meer proza\u00efsch: we dachten dat het ontbijt om 07:00 uur was, maar het was half...<\/p>\n\n\n<div class=\"wp-block-image\">\n<figure class=\"aligncenter size-full is-resized\"><a href=\"https:\/\/centcols.org\/wp-content\/uploads\/2025\/10\/Thonon-Trieste-FS_etape09-02.jpg\"><img loading=\"lazy\" decoding=\"async\" width=\"1200\" height=\"802\" src=\"https:\/\/centcols.org\/wp-content\/uploads\/2025\/10\/Thonon-Trieste-FS_etape09-02.jpg\" alt=\"\" class=\"wp-image-91556\" style=\"width:600px\" srcset=\"https:\/\/centcols.org\/wp-content\/uploads\/2025\/10\/Thonon-Trieste-FS_etape09-02.jpg 1200w, https:\/\/centcols.org\/wp-content\/uploads\/2025\/10\/Thonon-Trieste-FS_etape09-02-768x513.jpg 768w, https:\/\/centcols.org\/wp-content\/uploads\/2025\/10\/Thonon-Trieste-FS_etape09-02-18x12.jpg 18w\" sizes=\"auto, (max-width: 1200px) 100vw, 1200px\" \/><\/a><figcaption class=\"wp-element-caption\">In volle concentratie!<\/figcaption><\/figure>\n<\/div>\n\n\n<p>We verlaten Arabba via een prachtige afdaling en vervolgens een steile klim naar een uitkijkpunt vanwaar we Caprile op de bodem van de vallei en de Zima de Agnar\u00e9ze kunnen bewonderen. .<\/p>\n\n\n\n<figure class=\"wp-block-gallery has-nested-images columns-default is-cropped wp-block-gallery-45 is-layout-flex wp-block-gallery-is-layout-flex\">\n<figure class=\"wp-block-image size-full\"><a href=\"https:\/\/centcols.org\/wp-content\/uploads\/2025\/10\/Thonon-Trieste-FS_etape09-03.jpg\"><img loading=\"lazy\" decoding=\"async\" width=\"1200\" height=\"802\" data-id=\"91557\" src=\"https:\/\/centcols.org\/wp-content\/uploads\/2025\/10\/Thonon-Trieste-FS_etape09-03.jpg\" alt=\"\" class=\"wp-image-91557\" srcset=\"https:\/\/centcols.org\/wp-content\/uploads\/2025\/10\/Thonon-Trieste-FS_etape09-03.jpg 1200w, https:\/\/centcols.org\/wp-content\/uploads\/2025\/10\/Thonon-Trieste-FS_etape09-03-768x513.jpg 768w, https:\/\/centcols.org\/wp-content\/uploads\/2025\/10\/Thonon-Trieste-FS_etape09-03-18x12.jpg 18w\" sizes=\"auto, (max-width: 1200px) 100vw, 1200px\" \/><\/a><\/figure>\n\n\n\n<figure class=\"wp-block-image size-full\"><a href=\"https:\/\/centcols.org\/wp-content\/uploads\/2025\/10\/Thonon-Trieste-FS_etape09-04.jpg\"><img loading=\"lazy\" decoding=\"async\" width=\"1200\" height=\"802\" data-id=\"91559\" src=\"https:\/\/centcols.org\/wp-content\/uploads\/2025\/10\/Thonon-Trieste-FS_etape09-04.jpg\" alt=\"\" class=\"wp-image-91559\" srcset=\"https:\/\/centcols.org\/wp-content\/uploads\/2025\/10\/Thonon-Trieste-FS_etape09-04.jpg 1200w, https:\/\/centcols.org\/wp-content\/uploads\/2025\/10\/Thonon-Trieste-FS_etape09-04-768x513.jpg 768w, https:\/\/centcols.org\/wp-content\/uploads\/2025\/10\/Thonon-Trieste-FS_etape09-04-18x12.jpg 18w\" sizes=\"auto, (max-width: 1200px) 100vw, 1200px\" \/><\/a><figcaption class=\"wp-element-caption\">Caprile, genesteld langs de Cordevole rivier en onder de Zima de Aragn\u00e8ze.<\/figcaption><\/figure>\n\n\n\n<figure class=\"wp-block-image size-full\"><a href=\"https:\/\/centcols.org\/wp-content\/uploads\/2025\/10\/Thonon-Trieste-FS_etape09-05.jpg\"><img loading=\"lazy\" decoding=\"async\" width=\"1200\" height=\"802\" data-id=\"91558\" src=\"https:\/\/centcols.org\/wp-content\/uploads\/2025\/10\/Thonon-Trieste-FS_etape09-05.jpg\" alt=\"\" class=\"wp-image-91558\" srcset=\"https:\/\/centcols.org\/wp-content\/uploads\/2025\/10\/Thonon-Trieste-FS_etape09-05.jpg 1200w, https:\/\/centcols.org\/wp-content\/uploads\/2025\/10\/Thonon-Trieste-FS_etape09-05-768x513.jpg 768w, https:\/\/centcols.org\/wp-content\/uploads\/2025\/10\/Thonon-Trieste-FS_etape09-05-18x12.jpg 18w\" sizes=\"auto, (max-width: 1200px) 100vw, 1200px\" \/><\/a><figcaption class=\"wp-element-caption\">Colle Santa Lucia<\/figcaption><\/figure>\n<\/figure>\n\n\n\n<p>Dan volgt de zeer lange klim van de Passo di Giau: 16 km, 1235 m klimmen, 29 bochten, 8% gemiddelde snelheid met passages op 15 ...<\/p>\n\n\n<div class=\"wp-block-image\">\n<figure class=\"aligncenter size-large is-resized\"><a href=\"https:\/\/centcols.org\/wp-content\/uploads\/2025\/10\/Thonon-Trieste-FS_etape09-06.jpg\"><img loading=\"lazy\" decoding=\"async\" width=\"1200\" height=\"802\" src=\"https:\/\/centcols.org\/wp-content\/uploads\/2025\/10\/Thonon-Trieste-FS_etape09-06.jpg\" alt=\"\" class=\"wp-image-91562\" style=\"width:400px\" srcset=\"https:\/\/centcols.org\/wp-content\/uploads\/2025\/10\/Thonon-Trieste-FS_etape09-06.jpg 1200w, https:\/\/centcols.org\/wp-content\/uploads\/2025\/10\/Thonon-Trieste-FS_etape09-06-768x513.jpg 768w, https:\/\/centcols.org\/wp-content\/uploads\/2025\/10\/Thonon-Trieste-FS_etape09-06-18x12.jpg 18w\" sizes=\"auto, (max-width: 1200px) 100vw, 1200px\" \/><\/a><\/figure>\n<\/div>\n\n\n<figure class=\"wp-block-gallery has-nested-images columns-default is-cropped wp-block-gallery-46 is-layout-flex wp-block-gallery-is-layout-flex\">\n<figure class=\"wp-block-image size-large\"><a href=\"https:\/\/centcols.org\/wp-content\/uploads\/2025\/10\/Thonon-Trieste-FS_etape09-08.jpg\"><img loading=\"lazy\" decoding=\"async\" width=\"1200\" height=\"802\" data-id=\"91563\" src=\"https:\/\/centcols.org\/wp-content\/uploads\/2025\/10\/Thonon-Trieste-FS_etape09-08.jpg\" alt=\"\" class=\"wp-image-91563\" srcset=\"https:\/\/centcols.org\/wp-content\/uploads\/2025\/10\/Thonon-Trieste-FS_etape09-08.jpg 1200w, https:\/\/centcols.org\/wp-content\/uploads\/2025\/10\/Thonon-Trieste-FS_etape09-08-768x513.jpg 768w, https:\/\/centcols.org\/wp-content\/uploads\/2025\/10\/Thonon-Trieste-FS_etape09-08-18x12.jpg 18w\" sizes=\"auto, (max-width: 1200px) 100vw, 1200px\" \/><\/a><figcaption class=\"wp-element-caption\">Ondanks deze angstaanjagende cijfers gaat het nog steeds goed met de Partner.<br><\/figcaption><\/figure>\n\n\n\n<figure class=\"wp-block-image size-large\"><a href=\"https:\/\/centcols.org\/wp-content\/uploads\/2025\/10\/Thonon-Trieste-FS_etape09-09.jpg\"><img loading=\"lazy\" decoding=\"async\" width=\"1200\" height=\"802\" data-id=\"91564\" src=\"https:\/\/centcols.org\/wp-content\/uploads\/2025\/10\/Thonon-Trieste-FS_etape09-09.jpg\" alt=\"\" class=\"wp-image-91564\" srcset=\"https:\/\/centcols.org\/wp-content\/uploads\/2025\/10\/Thonon-Trieste-FS_etape09-09.jpg 1200w, https:\/\/centcols.org\/wp-content\/uploads\/2025\/10\/Thonon-Trieste-FS_etape09-09-768x513.jpg 768w, https:\/\/centcols.org\/wp-content\/uploads\/2025\/10\/Thonon-Trieste-FS_etape09-09-18x12.jpg 18w\" sizes=\"auto, (max-width: 1200px) 100vw, 1200px\" \/><\/a><figcaption class=\"wp-element-caption\">Ondanks deze schrikbarende cijfers is Jean Marc still going strong \ud83d\ude09.<\/figcaption><\/figure>\n<\/figure>\n\n\n<div class=\"wp-block-image\">\n<figure class=\"aligncenter size-full is-resized\"><a href=\"https:\/\/centcols.org\/wp-content\/uploads\/2025\/10\/Thonon-Trieste-FS_etape09-07.jpg\"><img loading=\"lazy\" decoding=\"async\" width=\"1200\" height=\"802\" src=\"https:\/\/centcols.org\/wp-content\/uploads\/2025\/10\/Thonon-Trieste-FS_etape09-07.jpg\" alt=\"\" class=\"wp-image-91566\" style=\"width:800px\" srcset=\"https:\/\/centcols.org\/wp-content\/uploads\/2025\/10\/Thonon-Trieste-FS_etape09-07.jpg 1200w, https:\/\/centcols.org\/wp-content\/uploads\/2025\/10\/Thonon-Trieste-FS_etape09-07-768x513.jpg 768w, https:\/\/centcols.org\/wp-content\/uploads\/2025\/10\/Thonon-Trieste-FS_etape09-07-18x12.jpg 18w\" sizes=\"auto, (max-width: 1200px) 100vw, 1200px\" \/><\/a><\/figure>\n<\/div>\n\n\n<p>Als je de top bereikt, heb je echt het gevoel dat je een \u00abgrote Italiaan\u00bb hebt overwonnen. We zitten op een hoogte van 2.232 meter. Er zijn veel motoren. Ik heb de oude grensmarkering tussen het Oostenrijkse Rijk en de Republiek Veneti\u00eb niet gezien.<\/p>\n\n\n\n<figure class=\"wp-block-gallery has-nested-images columns-default is-cropped wp-block-gallery-47 is-layout-flex wp-block-gallery-is-layout-flex\">\n<figure class=\"wp-block-image size-large\"><a href=\"https:\/\/centcols.org\/wp-content\/uploads\/2025\/10\/Thonon-Trieste-FS_etape09-10.jpg\"><img loading=\"lazy\" decoding=\"async\" width=\"1200\" height=\"1179\" data-id=\"91569\" src=\"https:\/\/centcols.org\/wp-content\/uploads\/2025\/10\/Thonon-Trieste-FS_etape09-10.jpg\" alt=\"\" class=\"wp-image-91569\" srcset=\"https:\/\/centcols.org\/wp-content\/uploads\/2025\/10\/Thonon-Trieste-FS_etape09-10.jpg 1200w, https:\/\/centcols.org\/wp-content\/uploads\/2025\/10\/Thonon-Trieste-FS_etape09-10-768x755.jpg 768w, https:\/\/centcols.org\/wp-content\/uploads\/2025\/10\/Thonon-Trieste-FS_etape09-10-12x12.jpg 12w\" sizes=\"auto, (max-width: 1200px) 100vw, 1200px\" \/><\/a><\/figure>\n\n\n\n<figure class=\"wp-block-image size-large\"><a href=\"https:\/\/centcols.org\/wp-content\/uploads\/2025\/10\/Thonon-Trieste-FS_etape09-12.jpg\"><img loading=\"lazy\" decoding=\"async\" width=\"1200\" height=\"802\" data-id=\"91570\" src=\"https:\/\/centcols.org\/wp-content\/uploads\/2025\/10\/Thonon-Trieste-FS_etape09-12.jpg\" alt=\"\" class=\"wp-image-91570\" srcset=\"https:\/\/centcols.org\/wp-content\/uploads\/2025\/10\/Thonon-Trieste-FS_etape09-12.jpg 1200w, https:\/\/centcols.org\/wp-content\/uploads\/2025\/10\/Thonon-Trieste-FS_etape09-12-768x513.jpg 768w, https:\/\/centcols.org\/wp-content\/uploads\/2025\/10\/Thonon-Trieste-FS_etape09-12-18x12.jpg 18w\" sizes=\"auto, (max-width: 1200px) 100vw, 1200px\" \/><\/a><\/figure>\n\n\n\n<figure class=\"wp-block-image size-large\"><a href=\"https:\/\/centcols.org\/wp-content\/uploads\/2025\/10\/Thonon-Trieste-FS_etape09-11.jpg\"><img loading=\"lazy\" decoding=\"async\" width=\"1140\" height=\"1920\" data-id=\"91572\" src=\"https:\/\/centcols.org\/wp-content\/uploads\/2025\/10\/Thonon-Trieste-FS_etape09-11-1140x1920.jpg\" alt=\"\" class=\"wp-image-91572\" srcset=\"https:\/\/centcols.org\/wp-content\/uploads\/2025\/10\/Thonon-Trieste-FS_etape09-11-1140x1920.jpg 1140w, https:\/\/centcols.org\/wp-content\/uploads\/2025\/10\/Thonon-Trieste-FS_etape09-11-713x1200.jpg 713w, https:\/\/centcols.org\/wp-content\/uploads\/2025\/10\/Thonon-Trieste-FS_etape09-11-768x1293.jpg 768w, https:\/\/centcols.org\/wp-content\/uploads\/2025\/10\/Thonon-Trieste-FS_etape09-11-912x1536.jpg 912w, https:\/\/centcols.org\/wp-content\/uploads\/2025\/10\/Thonon-Trieste-FS_etape09-11-7x12.jpg 7w, https:\/\/centcols.org\/wp-content\/uploads\/2025\/10\/Thonon-Trieste-FS_etape09-11.jpg 1200w\" sizes=\"auto, (max-width: 1140px) 100vw, 1140px\" \/><\/a><\/figure>\n\n\n\n<figure class=\"wp-block-image size-large\"><a href=\"https:\/\/centcols.org\/wp-content\/uploads\/2025\/10\/Thonon-Trieste-FS_etape09-13.jpg\"><img loading=\"lazy\" decoding=\"async\" width=\"1200\" height=\"1121\" data-id=\"91571\" src=\"https:\/\/centcols.org\/wp-content\/uploads\/2025\/10\/Thonon-Trieste-FS_etape09-13.jpg\" alt=\"\" class=\"wp-image-91571\" srcset=\"https:\/\/centcols.org\/wp-content\/uploads\/2025\/10\/Thonon-Trieste-FS_etape09-13.jpg 1200w, https:\/\/centcols.org\/wp-content\/uploads\/2025\/10\/Thonon-Trieste-FS_etape09-13-768x717.jpg 768w, https:\/\/centcols.org\/wp-content\/uploads\/2025\/10\/Thonon-Trieste-FS_etape09-13-13x12.jpg 13w\" sizes=\"auto, (max-width: 1200px) 100vw, 1200px\" \/><\/a><\/figure>\n<\/figure>\n\n\n\n<p>Een fenomenale afdaling, over een brede, open weg met weinig verkeer, naar Cortina d'Ampezzo. Dit is een heel chique resort waar de restaurants niet binnen ons budget vallen. Dus we zijn niet blijven hangen.<\/p>\n\n\n\n<figure class=\"wp-block-gallery has-nested-images columns-default is-cropped wp-block-gallery-48 is-layout-flex wp-block-gallery-is-layout-flex\">\n<figure class=\"wp-block-image size-large\"><a href=\"https:\/\/centcols.org\/wp-content\/uploads\/2025\/10\/Thonon-Trieste-FS_etape09-14.jpg\"><img loading=\"lazy\" decoding=\"async\" width=\"1200\" height=\"713\" data-id=\"91575\" src=\"https:\/\/centcols.org\/wp-content\/uploads\/2025\/10\/Thonon-Trieste-FS_etape09-14.jpg\" alt=\"\" class=\"wp-image-91575\" srcset=\"https:\/\/centcols.org\/wp-content\/uploads\/2025\/10\/Thonon-Trieste-FS_etape09-14.jpg 1200w, https:\/\/centcols.org\/wp-content\/uploads\/2025\/10\/Thonon-Trieste-FS_etape09-14-768x456.jpg 768w, https:\/\/centcols.org\/wp-content\/uploads\/2025\/10\/Thonon-Trieste-FS_etape09-14-18x12.jpg 18w\" sizes=\"auto, (max-width: 1200px) 100vw, 1200px\" \/><\/a><\/figure>\n\n\n\n<figure class=\"wp-block-image size-large\"><a href=\"https:\/\/centcols.org\/wp-content\/uploads\/2025\/10\/Thonon-Trieste-FS_etape09-15.jpg\"><img loading=\"lazy\" decoding=\"async\" width=\"1200\" height=\"802\" data-id=\"91574\" src=\"https:\/\/centcols.org\/wp-content\/uploads\/2025\/10\/Thonon-Trieste-FS_etape09-15.jpg\" alt=\"\" class=\"wp-image-91574\" srcset=\"https:\/\/centcols.org\/wp-content\/uploads\/2025\/10\/Thonon-Trieste-FS_etape09-15.jpg 1200w, https:\/\/centcols.org\/wp-content\/uploads\/2025\/10\/Thonon-Trieste-FS_etape09-15-768x513.jpg 768w, https:\/\/centcols.org\/wp-content\/uploads\/2025\/10\/Thonon-Trieste-FS_etape09-15-18x12.jpg 18w\" sizes=\"auto, (max-width: 1200px) 100vw, 1200px\" \/><\/a><figcaption class=\"wp-element-caption\">Cortina d'Ampezzo<\/figcaption><\/figure>\n<\/figure>\n\n\n\n<p>Des te meer omdat er nog een monument in zicht is, de Passo Tre Croci. De klim is lang maar niet bijzonder moeilijk. Op de top, in the middle of nowhere, troont een groot hotel. De plek is het startpunt voor talloze wandelingen en er zijn veel wandelaars.<\/p>\n\n\n<div class=\"wp-block-image\">\n<figure class=\"aligncenter size-full\"><a href=\"https:\/\/centcols.org\/wp-content\/uploads\/2025\/10\/Thonon-Trieste-FS_etape09-16.jpg\"><img loading=\"lazy\" decoding=\"async\" width=\"1200\" height=\"802\" src=\"https:\/\/centcols.org\/wp-content\/uploads\/2025\/10\/Thonon-Trieste-FS_etape09-16.jpg\" alt=\"\" class=\"wp-image-91578\" srcset=\"https:\/\/centcols.org\/wp-content\/uploads\/2025\/10\/Thonon-Trieste-FS_etape09-16.jpg 1200w, https:\/\/centcols.org\/wp-content\/uploads\/2025\/10\/Thonon-Trieste-FS_etape09-16-768x513.jpg 768w, https:\/\/centcols.org\/wp-content\/uploads\/2025\/10\/Thonon-Trieste-FS_etape09-16-18x12.jpg 18w\" sizes=\"auto, (max-width: 1200px) 100vw, 1200px\" \/><\/a><figcaption class=\"wp-element-caption\">Alver\u00e0 op de Tre Croci klim<\/figcaption><\/figure>\n<\/div>\n\n\n<p>Sinds we op de grote passen rijden, worden we voortdurend ingehaald door Ferrari's, Maserati's, Audi's, BMW's en Mercedessen van ongebruikelijke modellen. En wat te zeggen van het aantal Porsches?<br>Vandaag staat er een prachtige Rolls geregistreerd in Zwitserland.<\/p>\n\n\n\n<p>We laten de wandelaars aan hun lot over en beginnen aan een lange afdaling met de laatste bergtoppen van de dag.<\/p>\n\n\n\n<p>Nadat we Laggio di Cadore zijn overgestoken, komen we aan in Vigo di Cadore waar ons hotel ligt: Hotel da Marco. De voornaam van de vriendelijke eigenaar is Dario, dus misschien is hij wel de zoon van Marco \ud83e\udd14.<br>In elk geval was het de mama die de uitstekende rode bietenravioli voor de maaltijd bereidde.<\/p>\n\n\n\n<figure class=\"wp-block-gallery has-nested-images columns-default is-cropped wp-block-gallery-49 is-layout-flex wp-block-gallery-is-layout-flex\">\n<figure class=\"wp-block-image size-large\"><a href=\"https:\/\/centcols.org\/wp-content\/uploads\/2025\/10\/Thonon-Trieste-FS_etape09-18.jpg\"><img loading=\"lazy\" decoding=\"async\" width=\"1200\" height=\"802\" data-id=\"91580\" src=\"https:\/\/centcols.org\/wp-content\/uploads\/2025\/10\/Thonon-Trieste-FS_etape09-18.jpg\" alt=\"\" class=\"wp-image-91580\" srcset=\"https:\/\/centcols.org\/wp-content\/uploads\/2025\/10\/Thonon-Trieste-FS_etape09-18.jpg 1200w, https:\/\/centcols.org\/wp-content\/uploads\/2025\/10\/Thonon-Trieste-FS_etape09-18-768x513.jpg 768w, https:\/\/centcols.org\/wp-content\/uploads\/2025\/10\/Thonon-Trieste-FS_etape09-18-18x12.jpg 18w\" sizes=\"auto, (max-width: 1200px) 100vw, 1200px\" \/><\/a><figcaption class=\"wp-element-caption\">Aurenzo di Cadore, aan de oevers van het Santa Caterina meer (of Auronzo meer)<\/figcaption><\/figure>\n\n\n\n<figure class=\"wp-block-image size-large\"><a href=\"https:\/\/centcols.org\/wp-content\/uploads\/2025\/10\/Thonon-Trieste-FS_etape09-19.jpg\"><img loading=\"lazy\" decoding=\"async\" width=\"1200\" height=\"802\" data-id=\"91579\" src=\"https:\/\/centcols.org\/wp-content\/uploads\/2025\/10\/Thonon-Trieste-FS_etape09-19.jpg\" alt=\"\" class=\"wp-image-91579\" srcset=\"https:\/\/centcols.org\/wp-content\/uploads\/2025\/10\/Thonon-Trieste-FS_etape09-19.jpg 1200w, https:\/\/centcols.org\/wp-content\/uploads\/2025\/10\/Thonon-Trieste-FS_etape09-19-768x513.jpg 768w, https:\/\/centcols.org\/wp-content\/uploads\/2025\/10\/Thonon-Trieste-FS_etape09-19-18x12.jpg 18w\" sizes=\"auto, (max-width: 1200px) 100vw, 1200px\" \/><\/a><figcaption class=\"wp-element-caption\">Vigo di Cadore<\/figcaption><\/figure>\n<\/figure>\n\n\n\n<p>Alvorens ze te proeven, zijn verfrissingen op hun plaats na 97 km, de D2085 en 2 passen, waaronder een \u00ab2000\u00bb.<\/p>\n\n\n<div class=\"wp-block-image\">\n<figure class=\"aligncenter size-full is-resized\"><a href=\"https:\/\/centcols.org\/wp-content\/uploads\/2025\/10\/Thonon-Trieste-FS_etape09-20.jpg\"><img loading=\"lazy\" decoding=\"async\" width=\"1200\" height=\"950\" src=\"https:\/\/centcols.org\/wp-content\/uploads\/2025\/10\/Thonon-Trieste-FS_etape09-20.jpg\" alt=\"\" class=\"wp-image-91581\" style=\"width:800px\" srcset=\"https:\/\/centcols.org\/wp-content\/uploads\/2025\/10\/Thonon-Trieste-FS_etape09-20.jpg 1200w, https:\/\/centcols.org\/wp-content\/uploads\/2025\/10\/Thonon-Trieste-FS_etape09-20-768x608.jpg 768w, https:\/\/centcols.org\/wp-content\/uploads\/2025\/10\/Thonon-Trieste-FS_etape09-20-15x12.jpg 15w\" sizes=\"auto, (max-width: 1200px) 100vw, 1200px\" \/><\/a><\/figure>\n<\/div>\n\n\n<p>Vandaag was er geen enkel vlak stuk, alleen maar klimmen en dalen! En we zijn de 1000 km sinds de start gepasseerd. Tri\u00ebst komt dichterbij!<br>Of beter gezegd, omdat Tri\u00ebst niet beweegt, komen we dichter bij Tri\u00ebst...<\/p>\n\n\n\n<div class=\"wp-block-buttons is-content-justification-space-between is-layout-flex wp-container-core-buttons-is-layout-3d213aab wp-block-buttons-is-layout-flex\">\n<div class=\"wp-block-button\"><a class=\"wp-block-button__link has-text-color has-background has-link-color wp-element-button\" href=\"https:\/\/centcols.org\/nl\/thonon-trieste-fred-singla-2025\/9\/\" style=\"color:#2a488c;background-color:#88f2fd;text-transform:uppercase\"><strong>Vorig stadium<\/strong><\/a><\/div>\n\n\n\n<div class=\"wp-block-button\"><a class=\"wp-block-button__link has-text-color has-background has-link-color wp-element-button\" href=\"https:\/\/centcols.org\/nl\/thonon-trieste-fred-singla-2025\/11\/\" style=\"color:#2a488c;background-color:#88f2fd;text-transform:uppercase\"><strong>Volgende stap<\/strong><\/a><\/div>\n<\/div>\n\n\n\n<!--nextpage-->\n\n\n\n<h2 class=\"wp-block-heading\"><em> Dag 10 : <\/em>Van Vigo-di-Cadore naar Tarcento + LE Zoncolan!<\/h2>\n\n\n\n<p>148 km - 2800 m den+, 7 passen waaronder de indrukwekkende en onvergetelijke Zoncolan<\/p>\n\n\n<div class=\"wp-block-image\">\n<figure class=\"aligncenter size-full is-resized\"><a href=\"https:\/\/centcols.org\/wp-content\/uploads\/2025\/10\/Thonon-Trieste-FS_etape10-01.jpg\"><img loading=\"lazy\" decoding=\"async\" width=\"1200\" height=\"802\" src=\"https:\/\/centcols.org\/wp-content\/uploads\/2025\/10\/Thonon-Trieste-FS_etape10-01.jpg\" alt=\"\" class=\"wp-image-91589\" style=\"width:800px\" srcset=\"https:\/\/centcols.org\/wp-content\/uploads\/2025\/10\/Thonon-Trieste-FS_etape10-01.jpg 1200w, https:\/\/centcols.org\/wp-content\/uploads\/2025\/10\/Thonon-Trieste-FS_etape10-01-768x513.jpg 768w, https:\/\/centcols.org\/wp-content\/uploads\/2025\/10\/Thonon-Trieste-FS_etape10-01-18x12.jpg 18w\" sizes=\"auto, (max-width: 1200px) 100vw, 1200px\" \/><\/a><figcaption class=\"wp-element-caption\">14e-eeuwse Chiesa Sant'Orsola in Vigo-di-Cadore<\/figcaption><\/figure>\n<\/div>\n\n\n<p>Zoals elke ochtend kijkt Jean Marc toe hoe we vertrekken. Vandaag begonnen we droog, maar al snel begon het te regenen. Aan de andere kant was het vanaf het begin mistig. Ik vermaak me met het maken van dezelfde foto van Vigo di Cadore als die van gisteren bij onze aankomst. Ik ga ze naast elkaar zetten in mijn volgende album.<\/p>\n\n\n<div class=\"wp-block-image\">\n<figure class=\"aligncenter size-full is-resized\"><a href=\"https:\/\/centcols.org\/wp-content\/uploads\/2025\/10\/Thonon-Trieste-FS_etape10-02.jpg\"><img loading=\"lazy\" decoding=\"async\" width=\"1200\" height=\"802\" src=\"https:\/\/centcols.org\/wp-content\/uploads\/2025\/10\/Thonon-Trieste-FS_etape10-02.jpg\" alt=\"\" class=\"wp-image-91590\" style=\"width:800px\" srcset=\"https:\/\/centcols.org\/wp-content\/uploads\/2025\/10\/Thonon-Trieste-FS_etape10-02.jpg 1200w, https:\/\/centcols.org\/wp-content\/uploads\/2025\/10\/Thonon-Trieste-FS_etape10-02-768x513.jpg 768w, https:\/\/centcols.org\/wp-content\/uploads\/2025\/10\/Thonon-Trieste-FS_etape10-02-18x12.jpg 18w\" sizes=\"auto, (max-width: 1200px) 100vw, 1200px\" \/><\/a><\/figure>\n<\/div>\n\n\n<p>Bij Laggio di Cadore heb ik de tijd om foto's te maken van deze isards, in tegenstelling tot de twee hindes die ik later zal zien. Zij zullen veel sneller zijn dan ik.<\/p>\n\n\n<div class=\"wp-block-image\">\n<figure class=\"aligncenter size-full is-resized\"><a href=\"https:\/\/centcols.org\/wp-content\/uploads\/2025\/10\/Thonon-Trieste-FS_etape10-03.jpg\"><img loading=\"lazy\" decoding=\"async\" width=\"1200\" height=\"802\" src=\"https:\/\/centcols.org\/wp-content\/uploads\/2025\/10\/Thonon-Trieste-FS_etape10-03.jpg\" alt=\"\" class=\"wp-image-91591\" style=\"width:800px\" srcset=\"https:\/\/centcols.org\/wp-content\/uploads\/2025\/10\/Thonon-Trieste-FS_etape10-03.jpg 1200w, https:\/\/centcols.org\/wp-content\/uploads\/2025\/10\/Thonon-Trieste-FS_etape10-03-768x513.jpg 768w, https:\/\/centcols.org\/wp-content\/uploads\/2025\/10\/Thonon-Trieste-FS_etape10-03-18x12.jpg 18w\" sizes=\"auto, (max-width: 1200px) 100vw, 1200px\" \/><\/a><\/figure>\n<\/div>\n\n\n<p><em><strong>Noot van de redactie:<\/strong> isard, isard...bisard, bizar! We zijn in de Alpen, dus dat zijn gemzen aan de voorkant. Maar wat wil je? Eens een Pyrenee\u00ebr, altijd een Pyrenee\u00ebr! Fred heeft dus isards gezien.<\/em><\/p>\n\n\n\n<p>De eerste klim, van 19 km, werd gemaakt in de regen. Het was een moeilijke maar erg mooie klim, maar we hebben er niet van geprofiteerd vanwege de mist.<br>We zitten midden in immense bossen waar de bosbouw goed ontwikkeld is. De weg er doorheen is absoluut verlaten.<br>Sella di Razzo is een klein, bijna verlaten skigebied.<\/p>\n\n\n<div class=\"wp-block-image\">\n<figure class=\"aligncenter size-full is-resized\"><a href=\"https:\/\/centcols.org\/wp-content\/uploads\/2025\/10\/Thonon-Trieste-FS_etape10-04.jpg\"><img loading=\"lazy\" decoding=\"async\" width=\"800\" height=\"1200\" src=\"https:\/\/centcols.org\/wp-content\/uploads\/2025\/10\/Thonon-Trieste-FS_etape10-04.jpg\" alt=\"\" class=\"wp-image-91595\" style=\"width:auto;height:600px\" srcset=\"https:\/\/centcols.org\/wp-content\/uploads\/2025\/10\/Thonon-Trieste-FS_etape10-04.jpg 800w, https:\/\/centcols.org\/wp-content\/uploads\/2025\/10\/Thonon-Trieste-FS_etape10-04-768x1152.jpg 768w, https:\/\/centcols.org\/wp-content\/uploads\/2025\/10\/Thonon-Trieste-FS_etape10-04-8x12.jpg 8w\" sizes=\"auto, (max-width: 800px) 100vw, 800px\" \/><\/a><figcaption class=\"wp-element-caption\">Valico di Cima Campigotto<\/figcaption><\/figure>\n<\/div>\n\n\n<figure class=\"wp-block-gallery has-nested-images columns-3 is-cropped wp-block-gallery-50 is-layout-flex wp-block-gallery-is-layout-flex\">\n<figure class=\"wp-block-image size-large\"><a href=\"https:\/\/centcols.org\/wp-content\/uploads\/2025\/10\/Thonon-Trieste-FS_etape10-05.jpg\"><img loading=\"lazy\" decoding=\"async\" width=\"1200\" height=\"802\" data-id=\"91596\" src=\"https:\/\/centcols.org\/wp-content\/uploads\/2025\/10\/Thonon-Trieste-FS_etape10-05.jpg\" alt=\"\" class=\"wp-image-91596\" srcset=\"https:\/\/centcols.org\/wp-content\/uploads\/2025\/10\/Thonon-Trieste-FS_etape10-05.jpg 1200w, https:\/\/centcols.org\/wp-content\/uploads\/2025\/10\/Thonon-Trieste-FS_etape10-05-768x513.jpg 768w, https:\/\/centcols.org\/wp-content\/uploads\/2025\/10\/Thonon-Trieste-FS_etape10-05-18x12.jpg 18w\" sizes=\"auto, (max-width: 1200px) 100vw, 1200px\" \/><\/a><\/figure>\n\n\n\n<figure class=\"wp-block-image size-large\"><a href=\"https:\/\/centcols.org\/wp-content\/uploads\/2025\/10\/Thonon-Trieste-FS_etape10-20.jpg\"><img loading=\"lazy\" decoding=\"async\" width=\"1200\" height=\"802\" data-id=\"91659\" src=\"https:\/\/centcols.org\/wp-content\/uploads\/2025\/10\/Thonon-Trieste-FS_etape10-20.jpg\" alt=\"\" class=\"wp-image-91659\" srcset=\"https:\/\/centcols.org\/wp-content\/uploads\/2025\/10\/Thonon-Trieste-FS_etape10-20.jpg 1200w, https:\/\/centcols.org\/wp-content\/uploads\/2025\/10\/Thonon-Trieste-FS_etape10-20-768x513.jpg 768w, https:\/\/centcols.org\/wp-content\/uploads\/2025\/10\/Thonon-Trieste-FS_etape10-20-18x12.jpg 18w\" sizes=\"auto, (max-width: 1200px) 100vw, 1200px\" \/><\/a><figcaption class=\"wp-element-caption\">Deze koe vraagt zich af wat we hier doen. Ik ook...<\/figcaption><\/figure>\n\n\n\n<figure class=\"wp-block-image size-large\"><a href=\"https:\/\/centcols.org\/wp-content\/uploads\/2025\/10\/Thonon-Trieste-FS_etape10-06.jpg\"><img loading=\"lazy\" decoding=\"async\" width=\"1200\" height=\"802\" data-id=\"91597\" src=\"https:\/\/centcols.org\/wp-content\/uploads\/2025\/10\/Thonon-Trieste-FS_etape10-06.jpg\" alt=\"\" class=\"wp-image-91597\" srcset=\"https:\/\/centcols.org\/wp-content\/uploads\/2025\/10\/Thonon-Trieste-FS_etape10-06.jpg 1200w, https:\/\/centcols.org\/wp-content\/uploads\/2025\/10\/Thonon-Trieste-FS_etape10-06-768x513.jpg 768w, https:\/\/centcols.org\/wp-content\/uploads\/2025\/10\/Thonon-Trieste-FS_etape10-06-18x12.jpg 18w\" sizes=\"auto, (max-width: 1200px) 100vw, 1200px\" \/><\/a><figcaption class=\"wp-element-caption\">Forcella Rioda, nog steeds in de mist<\/figcaption><\/figure>\n<\/figure>\n\n\n\n<p>Een lange afdaling door de dennenbomen over een weg die zwaar beschadigd is door de winter.<\/p>\n\n\n<div class=\"wp-block-image\">\n<figure class=\"aligncenter size-full is-resized\"><a href=\"https:\/\/centcols.org\/wp-content\/uploads\/2025\/10\/Thonon-Trieste-FS_etape10-07.jpg\"><img loading=\"lazy\" decoding=\"async\" width=\"1200\" height=\"802\" src=\"https:\/\/centcols.org\/wp-content\/uploads\/2025\/10\/Thonon-Trieste-FS_etape10-07.jpg\" alt=\"\" class=\"wp-image-91598\" style=\"width:800px\" srcset=\"https:\/\/centcols.org\/wp-content\/uploads\/2025\/10\/Thonon-Trieste-FS_etape10-07.jpg 1200w, https:\/\/centcols.org\/wp-content\/uploads\/2025\/10\/Thonon-Trieste-FS_etape10-07-768x513.jpg 768w, https:\/\/centcols.org\/wp-content\/uploads\/2025\/10\/Thonon-Trieste-FS_etape10-07-18x12.jpg 18w\" sizes=\"auto, (max-width: 1200px) 100vw, 1200px\" \/><\/a><\/figure>\n<\/div>\n\n\n<p>We laten de Dolomieten en hun karakteristieke bergtoppen achter ons.<br>We passeren enkele mooie, zeer ge\u00efsoleerde dorpjes. We zijn in de Val P\u00e9sarina, de Valle del Tempo.<\/p>\n\n\n\n<figure class=\"wp-block-gallery has-nested-images columns-2 is-cropped wp-block-gallery-51 is-layout-flex wp-block-gallery-is-layout-flex\">\n<figure class=\"wp-block-image size-large\"><a href=\"https:\/\/centcols.org\/wp-content\/uploads\/2025\/10\/Thonon-Trieste-FS_etape10-08.jpg\"><img loading=\"lazy\" decoding=\"async\" width=\"1200\" height=\"802\" data-id=\"91600\" src=\"https:\/\/centcols.org\/wp-content\/uploads\/2025\/10\/Thonon-Trieste-FS_etape10-08.jpg\" alt=\"\" class=\"wp-image-91600\" srcset=\"https:\/\/centcols.org\/wp-content\/uploads\/2025\/10\/Thonon-Trieste-FS_etape10-08.jpg 1200w, https:\/\/centcols.org\/wp-content\/uploads\/2025\/10\/Thonon-Trieste-FS_etape10-08-768x513.jpg 768w, https:\/\/centcols.org\/wp-content\/uploads\/2025\/10\/Thonon-Trieste-FS_etape10-08-18x12.jpg 18w\" sizes=\"auto, (max-width: 1200px) 100vw, 1200px\" \/><\/a><figcaption class=\"wp-element-caption\">Prato Carniro<\/figcaption><\/figure>\n\n\n\n<figure class=\"wp-block-image size-large\"><a href=\"https:\/\/centcols.org\/wp-content\/uploads\/2025\/10\/Thonon-Trieste-FS_etape10-09.jpg\"><img loading=\"lazy\" decoding=\"async\" width=\"1200\" height=\"802\" data-id=\"91599\" src=\"https:\/\/centcols.org\/wp-content\/uploads\/2025\/10\/Thonon-Trieste-FS_etape10-09.jpg\" alt=\"\" class=\"wp-image-91599\" srcset=\"https:\/\/centcols.org\/wp-content\/uploads\/2025\/10\/Thonon-Trieste-FS_etape10-09.jpg 1200w, https:\/\/centcols.org\/wp-content\/uploads\/2025\/10\/Thonon-Trieste-FS_etape10-09-768x513.jpg 768w, https:\/\/centcols.org\/wp-content\/uploads\/2025\/10\/Thonon-Trieste-FS_etape10-09-18x12.jpg 18w\" sizes=\"auto, (max-width: 1200px) 100vw, 1200px\" \/><\/a><figcaption class=\"wp-element-caption\">Val P\u00e9sarina, Valle del Tempo.<\/figcaption><\/figure>\n<\/figure>\n\n\n<div class=\"wp-block-image\">\n<figure class=\"aligncenter size-large is-resized\"><a href=\"https:\/\/centcols.org\/wp-content\/uploads\/2025\/10\/Thonon-Trieste-FS_etape10-19.jpg\"><img loading=\"lazy\" decoding=\"async\" width=\"800\" height=\"1200\" src=\"https:\/\/centcols.org\/wp-content\/uploads\/2025\/10\/Thonon-Trieste-FS_etape10-19.jpg\" alt=\"\" class=\"wp-image-91614\" style=\"width:auto;height:600px\" srcset=\"https:\/\/centcols.org\/wp-content\/uploads\/2025\/10\/Thonon-Trieste-FS_etape10-19.jpg 800w, https:\/\/centcols.org\/wp-content\/uploads\/2025\/10\/Thonon-Trieste-FS_etape10-19-768x1152.jpg 768w, https:\/\/centcols.org\/wp-content\/uploads\/2025\/10\/Thonon-Trieste-FS_etape10-19-8x12.jpg 8w\" sizes=\"auto, (max-width: 800px) 100vw, 800px\" \/><\/a><\/figure>\n<\/div>\n\n\n<p>Terwijl Bruno en Jean-Marc lekker eten, neem ik 3 repen en 2 compotes en ga op weg naar de Sella del Monte Zoncolan, ondanks de toch al lange en steile route. <br>Onbewust? Waanzin? Uitdaging? Passie?<\/p>\n\n\n<div class=\"wp-block-image\">\n<figure class=\"aligncenter size-full is-resized\"><a href=\"https:\/\/centcols.org\/wp-content\/uploads\/2025\/10\/Thonon-Trieste-FS_etape10-18.jpg\"><img loading=\"lazy\" decoding=\"async\" width=\"1080\" height=\"1321\" src=\"https:\/\/centcols.org\/wp-content\/uploads\/2025\/10\/Thonon-Trieste-FS_etape10-18.jpg\" alt=\"\" class=\"wp-image-91602\" style=\"width:auto;height:600px\" srcset=\"https:\/\/centcols.org\/wp-content\/uploads\/2025\/10\/Thonon-Trieste-FS_etape10-18.jpg 1080w, https:\/\/centcols.org\/wp-content\/uploads\/2025\/10\/Thonon-Trieste-FS_etape10-18-981x1200.jpg 981w, https:\/\/centcols.org\/wp-content\/uploads\/2025\/10\/Thonon-Trieste-FS_etape10-18-768x939.jpg 768w, https:\/\/centcols.org\/wp-content\/uploads\/2025\/10\/Thonon-Trieste-FS_etape10-18-10x12.jpg 10w\" sizes=\"auto, (max-width: 1080px) 100vw, 1080px\" \/><\/a><\/figure>\n<\/div>\n\n\n<p>Ik had het niet echt gepland, maar ik had wel genoteerd dat we in de buurt zouden zijn. Omdat ik Bruno en Jean-Marc niets wilde opleggen, liet ik het aan het toeval over. Ik had de dag ervoor opgemerkt dat, gezien de afstanden, het een veilige gok was dat de restaurantpauze in de buurt van Comeglians zou zijn, bijna aan de voet van de klim. Bingo! Het toeval wilde dat Jean-Marc me belde om te zeggen \u00abIk ben gestopt bij Comeglians en ik denk dat ik een leuk restaurant heb gevonden\u00bb. De kans was gewoon te goed... Ik liet mijn metgezellen achter en begon aan een beklimming van de anthologie...<\/p>\n\n\n<div class=\"wp-block-image\">\n<figure class=\"aligncenter size-full is-resized\"><a href=\"https:\/\/centcols.org\/wp-content\/uploads\/2025\/10\/Thonon-Trieste-FS_etape10-10.jpg\"><img loading=\"lazy\" decoding=\"async\" width=\"1200\" height=\"802\" src=\"https:\/\/centcols.org\/wp-content\/uploads\/2025\/10\/Thonon-Trieste-FS_etape10-10.jpg\" alt=\"\" class=\"wp-image-91604\" style=\"width:800px\" srcset=\"https:\/\/centcols.org\/wp-content\/uploads\/2025\/10\/Thonon-Trieste-FS_etape10-10.jpg 1200w, https:\/\/centcols.org\/wp-content\/uploads\/2025\/10\/Thonon-Trieste-FS_etape10-10-768x513.jpg 768w, https:\/\/centcols.org\/wp-content\/uploads\/2025\/10\/Thonon-Trieste-FS_etape10-10-18x12.jpg 18w\" sizes=\"auto, (max-width: 1200px) 100vw, 1200px\" \/><\/a><figcaption class=\"wp-element-caption\">En aan de moeilijkste kant ...<\/figcaption><\/figure>\n<\/div>\n\n\n<p>De laatste 8 km zijn formidabel. Ze schommelen tussen 16 en 24 %. En de eerste kilometers zijn ook geen pretje!<\/p>\n\n\n<div class=\"wp-block-image\">\n<figure class=\"aligncenter size-full\"><a href=\"https:\/\/centcols.org\/wp-content\/uploads\/2025\/10\/Thonon-Trieste-FS_etape10-11.jpg\"><img loading=\"lazy\" decoding=\"async\" width=\"1200\" height=\"802\" src=\"https:\/\/centcols.org\/wp-content\/uploads\/2025\/10\/Thonon-Trieste-FS_etape10-11.jpg\" alt=\"\" class=\"wp-image-91606\" srcset=\"https:\/\/centcols.org\/wp-content\/uploads\/2025\/10\/Thonon-Trieste-FS_etape10-11.jpg 1200w, https:\/\/centcols.org\/wp-content\/uploads\/2025\/10\/Thonon-Trieste-FS_etape10-11-768x513.jpg 768w, https:\/\/centcols.org\/wp-content\/uploads\/2025\/10\/Thonon-Trieste-FS_etape10-11-18x12.jpg 18w\" sizes=\"auto, (max-width: 1200px) 100vw, 1200px\" \/><\/a><\/figure>\n<\/div>\n\n\n<p>De Zoncolan staat bekend als de zwaarste fietsklim in Europa. Alleen de Angliru in Spanje is daarmee te vergelijken.<br>Aangezien mijn route naar Tri\u00ebst langs de voet van de weg loopt, zou het zonde zijn om het niet te doen...<br>Als Bruno me belt om te zeggen \u00abWe zijn net klaar met de tiramisu, daarna gaan we koffie drinken. Zullen we op je wachten? Het enige wat ik kan zeggen is: \u00bbOh nee, ik heb nog 5 km te gaan, plus de afdaling aan de andere kant, wat betekent dat ik een omweg moet maken. Je zou te lang wachten, ga door en we zien je bij Tarcento\u00ab.<br>Het is waar dat deze 5 km me... een tijdje zullen kosten (zoals Bourvil gezegd zou hebben).<\/p>\n\n\n\n<figure class=\"wp-block-gallery has-nested-images columns-default is-cropped wp-block-gallery-52 is-layout-flex wp-block-gallery-is-layout-flex\">\n<figure class=\"wp-block-image size-large\"><a href=\"https:\/\/centcols.org\/wp-content\/uploads\/2025\/10\/Thonon-Trieste-FS_etape10-12.jpg\"><img loading=\"lazy\" decoding=\"async\" width=\"1200\" height=\"802\" data-id=\"91607\" src=\"https:\/\/centcols.org\/wp-content\/uploads\/2025\/10\/Thonon-Trieste-FS_etape10-12.jpg\" alt=\"\" class=\"wp-image-91607\" srcset=\"https:\/\/centcols.org\/wp-content\/uploads\/2025\/10\/Thonon-Trieste-FS_etape10-12.jpg 1200w, https:\/\/centcols.org\/wp-content\/uploads\/2025\/10\/Thonon-Trieste-FS_etape10-12-768x513.jpg 768w, https:\/\/centcols.org\/wp-content\/uploads\/2025\/10\/Thonon-Trieste-FS_etape10-12-18x12.jpg 18w\" sizes=\"auto, (max-width: 1200px) 100vw, 1200px\" \/><\/a><\/figure>\n\n\n\n<figure class=\"wp-block-image size-large\"><a href=\"https:\/\/centcols.org\/wp-content\/uploads\/2025\/10\/Thonon-Trieste-FS_etape10-13.jpg\"><img loading=\"lazy\" decoding=\"async\" width=\"1200\" height=\"1697\" data-id=\"91608\" src=\"https:\/\/centcols.org\/wp-content\/uploads\/2025\/10\/Thonon-Trieste-FS_etape10-13.jpg\" alt=\"\" class=\"wp-image-91608\" srcset=\"https:\/\/centcols.org\/wp-content\/uploads\/2025\/10\/Thonon-Trieste-FS_etape10-13.jpg 1200w, https:\/\/centcols.org\/wp-content\/uploads\/2025\/10\/Thonon-Trieste-FS_etape10-13-849x1200.jpg 849w, https:\/\/centcols.org\/wp-content\/uploads\/2025\/10\/Thonon-Trieste-FS_etape10-13-768x1086.jpg 768w, https:\/\/centcols.org\/wp-content\/uploads\/2025\/10\/Thonon-Trieste-FS_etape10-13-1086x1536.jpg 1086w, https:\/\/centcols.org\/wp-content\/uploads\/2025\/10\/Thonon-Trieste-FS_etape10-13-8x12.jpg 8w\" sizes=\"auto, (max-width: 1200px) 100vw, 1200px\" \/><\/a><\/figure>\n<\/figure>\n\n\n\n<p>Onderweg naar boven hoorde ik mijn gloednieuwe fiets kreunen: \u00bbHet moest die gek zijn die me gekocht had! Had ik maar een fietser kunnen vinden die op zondag 60 km fietst en me dan de hele week laat rusten!\u00bb<\/p>\n\n\n<div class=\"wp-block-image\">\n<figure class=\"aligncenter size-full is-resized\"><a href=\"https:\/\/centcols.org\/wp-content\/uploads\/2025\/10\/Thonon-Trieste-FS_etape10-14.jpg\"><img loading=\"lazy\" decoding=\"async\" width=\"1200\" height=\"802\" src=\"https:\/\/centcols.org\/wp-content\/uploads\/2025\/10\/Thonon-Trieste-FS_etape10-14.jpg\" alt=\"\" class=\"wp-image-91609\" style=\"width:800px\" srcset=\"https:\/\/centcols.org\/wp-content\/uploads\/2025\/10\/Thonon-Trieste-FS_etape10-14.jpg 1200w, https:\/\/centcols.org\/wp-content\/uploads\/2025\/10\/Thonon-Trieste-FS_etape10-14-768x513.jpg 768w, https:\/\/centcols.org\/wp-content\/uploads\/2025\/10\/Thonon-Trieste-FS_etape10-14-18x12.jpg 18w\" sizes=\"auto, (max-width: 1200px) 100vw, 1200px\" \/><\/a><\/figure>\n<\/div>\n\n\n<p>Ik keer terug naar de vallei aan de andere kant. Het is minder moeilijk, maar de omleidingen meer dan waard, en er is een mooi skigebied. Vanaf de top heb ik nog ongeveer 80 km te gaan naar Tarcento.<br>Ik steek de zeer brede Tagliamento een paar keer over. Het moet enorm zijn als de sneeuw smelt.<br>Ik loop langs de mooie Lagodi Cjaseria Muarta.<\/p>\n\n\n\n<figure class=\"wp-block-gallery has-nested-images columns-default is-cropped wp-block-gallery-53 is-layout-flex wp-block-gallery-is-layout-flex\">\n<figure class=\"wp-block-image size-large\"><a href=\"https:\/\/centcols.org\/wp-content\/uploads\/2025\/10\/Thonon-Trieste-FS_etape10-15.jpg\"><img loading=\"lazy\" decoding=\"async\" width=\"1200\" height=\"802\" data-id=\"91611\" src=\"https:\/\/centcols.org\/wp-content\/uploads\/2025\/10\/Thonon-Trieste-FS_etape10-15.jpg\" alt=\"\" class=\"wp-image-91611\" srcset=\"https:\/\/centcols.org\/wp-content\/uploads\/2025\/10\/Thonon-Trieste-FS_etape10-15.jpg 1200w, https:\/\/centcols.org\/wp-content\/uploads\/2025\/10\/Thonon-Trieste-FS_etape10-15-768x513.jpg 768w, https:\/\/centcols.org\/wp-content\/uploads\/2025\/10\/Thonon-Trieste-FS_etape10-15-18x12.jpg 18w\" sizes=\"auto, (max-width: 1200px) 100vw, 1200px\" \/><\/a><figcaption class=\"wp-element-caption\">Afdaling in de vallei naar Sustrio<\/figcaption><\/figure>\n\n\n\n<figure class=\"wp-block-image size-large\"><a href=\"https:\/\/centcols.org\/wp-content\/uploads\/2025\/10\/Thonon-Trieste-FS_etape10-16.jpg\"><img loading=\"lazy\" decoding=\"async\" width=\"1200\" height=\"802\" data-id=\"91612\" src=\"https:\/\/centcols.org\/wp-content\/uploads\/2025\/10\/Thonon-Trieste-FS_etape10-16.jpg\" alt=\"\" class=\"wp-image-91612\" srcset=\"https:\/\/centcols.org\/wp-content\/uploads\/2025\/10\/Thonon-Trieste-FS_etape10-16.jpg 1200w, https:\/\/centcols.org\/wp-content\/uploads\/2025\/10\/Thonon-Trieste-FS_etape10-16-768x513.jpg 768w, https:\/\/centcols.org\/wp-content\/uploads\/2025\/10\/Thonon-Trieste-FS_etape10-16-18x12.jpg 18w\" sizes=\"auto, (max-width: 1200px) 100vw, 1200px\" \/><\/a><figcaption class=\"wp-element-caption\">Meer van Cavazzo<\/figcaption><\/figure>\n<\/figure>\n\n\n\n<p class=\"has-text-align-center\">Ik heb echt honger vanavond... Wat is er normaler na zo'n inspanning en het overslaan van een maaltijd!<\/p>\n\n\n<div class=\"wp-block-image\">\n<figure class=\"aligncenter size-full is-resized\"><a href=\"https:\/\/centcols.org\/wp-content\/uploads\/2025\/10\/Thonon-Trieste-FS_etape10-17.jpg\"><img loading=\"lazy\" decoding=\"async\" width=\"1200\" height=\"802\" src=\"https:\/\/centcols.org\/wp-content\/uploads\/2025\/10\/Thonon-Trieste-FS_etape10-17.jpg\" alt=\"\" class=\"wp-image-91610\" style=\"width:600px\" srcset=\"https:\/\/centcols.org\/wp-content\/uploads\/2025\/10\/Thonon-Trieste-FS_etape10-17.jpg 1200w, https:\/\/centcols.org\/wp-content\/uploads\/2025\/10\/Thonon-Trieste-FS_etape10-17-768x513.jpg 768w, https:\/\/centcols.org\/wp-content\/uploads\/2025\/10\/Thonon-Trieste-FS_etape10-17-18x12.jpg 18w\" sizes=\"auto, (max-width: 1200px) 100vw, 1200px\" \/><\/a><\/figure>\n<\/div>\n\n\n<div class=\"wp-block-buttons is-content-justification-space-between is-layout-flex wp-container-core-buttons-is-layout-3d213aab wp-block-buttons-is-layout-flex\">\n<div class=\"wp-block-button\"><a class=\"wp-block-button__link has-text-color has-background has-link-color wp-element-button\" href=\"https:\/\/centcols.org\/nl\/thonon-trieste-fred-singla-2025\/10\/\" style=\"color:#2a488c;background-color:#88f2fd;text-transform:uppercase\"><strong>Vorig stadium<\/strong><\/a><\/div>\n\n\n\n<div class=\"wp-block-button\"><a class=\"wp-block-button__link has-text-color has-background has-link-color wp-element-button\" href=\"https:\/\/centcols.org\/nl\/thonon-trieste-fred-singla-2025\/12\/\" style=\"color:#2a488c;background-color:#88f2fd;text-transform:uppercase\"><strong>Volgende stap<\/strong><\/a><\/div>\n<\/div>\n\n\n\n<!--nextpage-->\n\n\n\n<h2 class=\"wp-block-heading\"><em> Dag 11 : <\/em>Van Tarcento naar Tri\u00ebst.<\/h2>\n\n\n\n<p>127 km - 800 m den+, 5 passen boven Tri\u00ebst<\/p>\n\n\n\n<p>We verlaten Tarcento, beschut door de bergen, in de stralende zon.<\/p>\n\n\n<div class=\"wp-block-image\">\n<figure class=\"aligncenter size-full is-resized\"><a href=\"https:\/\/centcols.org\/wp-content\/uploads\/2025\/10\/Thonon-Trieste-FS_etape11-01.jpg\"><img loading=\"lazy\" decoding=\"async\" width=\"1200\" height=\"802\" src=\"https:\/\/centcols.org\/wp-content\/uploads\/2025\/10\/Thonon-Trieste-FS_etape11-01.jpg\" alt=\"\" class=\"wp-image-91669\" style=\"width:800px\" srcset=\"https:\/\/centcols.org\/wp-content\/uploads\/2025\/10\/Thonon-Trieste-FS_etape11-01.jpg 1200w, https:\/\/centcols.org\/wp-content\/uploads\/2025\/10\/Thonon-Trieste-FS_etape11-01-768x513.jpg 768w, https:\/\/centcols.org\/wp-content\/uploads\/2025\/10\/Thonon-Trieste-FS_etape11-01-18x12.jpg 18w\" sizes=\"auto, (max-width: 1200px) 100vw, 1200px\" \/><\/a><\/figure>\n<\/div>\n\n\n<p>Ik heb het perfecte straatje gevonden voor Jean Marc en Bruno, die dol zijn op gebak. Voor mij wordt het biefstuk. En we kunnen met z'n allen een birra gaan eten.<\/p>\n\n\n\n<figure class=\"wp-block-gallery has-nested-images columns-4 is-cropped wp-block-gallery-54 is-layout-flex wp-block-gallery-is-layout-flex\">\n<figure class=\"wp-block-image size-full\"><a href=\"https:\/\/centcols.org\/wp-content\/uploads\/2025\/10\/Thonon-Trieste-FS_etape11-15.jpg\"><img loading=\"lazy\" decoding=\"async\" width=\"800\" height=\"379\" data-id=\"91671\" src=\"https:\/\/centcols.org\/wp-content\/uploads\/2025\/10\/Thonon-Trieste-FS_etape11-15.jpg\" alt=\"\" class=\"wp-image-91671\" srcset=\"https:\/\/centcols.org\/wp-content\/uploads\/2025\/10\/Thonon-Trieste-FS_etape11-15.jpg 800w, https:\/\/centcols.org\/wp-content\/uploads\/2025\/10\/Thonon-Trieste-FS_etape11-15-768x364.jpg 768w, https:\/\/centcols.org\/wp-content\/uploads\/2025\/10\/Thonon-Trieste-FS_etape11-15-18x9.jpg 18w\" sizes=\"auto, (max-width: 800px) 100vw, 800px\" \/><\/a><\/figure>\n\n\n\n<figure class=\"wp-block-image size-full\"><a href=\"https:\/\/centcols.org\/wp-content\/uploads\/2025\/10\/Thonon-Trieste-FS_etape11-16.jpg\"><img loading=\"lazy\" decoding=\"async\" width=\"800\" height=\"282\" data-id=\"91672\" src=\"https:\/\/centcols.org\/wp-content\/uploads\/2025\/10\/Thonon-Trieste-FS_etape11-16.jpg\" alt=\"\" class=\"wp-image-91672\" srcset=\"https:\/\/centcols.org\/wp-content\/uploads\/2025\/10\/Thonon-Trieste-FS_etape11-16.jpg 800w, https:\/\/centcols.org\/wp-content\/uploads\/2025\/10\/Thonon-Trieste-FS_etape11-16-768x271.jpg 768w, https:\/\/centcols.org\/wp-content\/uploads\/2025\/10\/Thonon-Trieste-FS_etape11-16-18x6.jpg 18w\" sizes=\"auto, (max-width: 800px) 100vw, 800px\" \/><\/a><\/figure>\n\n\n\n<figure class=\"wp-block-image size-full\"><a href=\"https:\/\/centcols.org\/wp-content\/uploads\/2025\/10\/Thonon-Trieste-FS_etape11-17.jpg\"><img loading=\"lazy\" decoding=\"async\" width=\"800\" height=\"407\" data-id=\"91673\" src=\"https:\/\/centcols.org\/wp-content\/uploads\/2025\/10\/Thonon-Trieste-FS_etape11-17.jpg\" alt=\"\" class=\"wp-image-91673\" srcset=\"https:\/\/centcols.org\/wp-content\/uploads\/2025\/10\/Thonon-Trieste-FS_etape11-17.jpg 800w, https:\/\/centcols.org\/wp-content\/uploads\/2025\/10\/Thonon-Trieste-FS_etape11-17-768x391.jpg 768w, https:\/\/centcols.org\/wp-content\/uploads\/2025\/10\/Thonon-Trieste-FS_etape11-17-18x9.jpg 18w\" sizes=\"auto, (max-width: 800px) 100vw, 800px\" \/><\/a><\/figure>\n<\/figure>\n\n\n\n<p>Het had er een nodig! Lek na 14 km en iets meer dan 100 km van de finish. Vlak voor het oversteken van Buttrio, de citt\u00e0 del vino.<\/p>\n\n\n\n<figure class=\"wp-block-gallery has-nested-images columns-default is-cropped wp-block-gallery-55 is-layout-flex wp-block-gallery-is-layout-flex\">\n<figure class=\"wp-block-image size-large\"><a href=\"https:\/\/centcols.org\/wp-content\/uploads\/2025\/10\/Thonon-Trieste-FS_etape11-02.jpg\"><img loading=\"lazy\" decoding=\"async\" width=\"1200\" height=\"802\" data-id=\"91676\" src=\"https:\/\/centcols.org\/wp-content\/uploads\/2025\/10\/Thonon-Trieste-FS_etape11-02.jpg\" alt=\"\" class=\"wp-image-91676\" srcset=\"https:\/\/centcols.org\/wp-content\/uploads\/2025\/10\/Thonon-Trieste-FS_etape11-02.jpg 1200w, https:\/\/centcols.org\/wp-content\/uploads\/2025\/10\/Thonon-Trieste-FS_etape11-02-768x513.jpg 768w, https:\/\/centcols.org\/wp-content\/uploads\/2025\/10\/Thonon-Trieste-FS_etape11-02-18x12.jpg 18w\" sizes=\"auto, (max-width: 1200px) 100vw, 1200px\" \/><\/a><\/figure>\n\n\n\n<figure class=\"wp-block-image size-large\"><a href=\"https:\/\/centcols.org\/wp-content\/uploads\/2025\/10\/Thonon-Trieste-FS_etape11-03.jpg\"><img loading=\"lazy\" decoding=\"async\" width=\"1200\" height=\"802\" data-id=\"91677\" src=\"https:\/\/centcols.org\/wp-content\/uploads\/2025\/10\/Thonon-Trieste-FS_etape11-03.jpg\" alt=\"\" class=\"wp-image-91677\" srcset=\"https:\/\/centcols.org\/wp-content\/uploads\/2025\/10\/Thonon-Trieste-FS_etape11-03.jpg 1200w, https:\/\/centcols.org\/wp-content\/uploads\/2025\/10\/Thonon-Trieste-FS_etape11-03-768x513.jpg 768w, https:\/\/centcols.org\/wp-content\/uploads\/2025\/10\/Thonon-Trieste-FS_etape11-03-18x12.jpg 18w\" sizes=\"auto, (max-width: 1200px) 100vw, 1200px\" \/><\/a><figcaption class=\"wp-element-caption\">Buttrio wijndomein<\/figcaption><\/figure>\n<\/figure>\n\n\n\n<p>We komen dan langs een hel van een Bed &amp; Breakfast ... tenzij het een hel van een Bed &amp; Breakfast ... <\/p>\n\n\n<div class=\"wp-block-image\">\n<figure class=\"aligncenter size-full is-resized\"><a href=\"https:\/\/centcols.org\/wp-content\/uploads\/2025\/10\/Thonon-Trieste-FS_etape11-04-1.jpg\"><img loading=\"lazy\" decoding=\"async\" width=\"1200\" height=\"1395\" src=\"https:\/\/centcols.org\/wp-content\/uploads\/2025\/10\/Thonon-Trieste-FS_etape11-04-1.jpg\" alt=\"\" class=\"wp-image-91679\" style=\"width:auto;height:600px\" srcset=\"https:\/\/centcols.org\/wp-content\/uploads\/2025\/10\/Thonon-Trieste-FS_etape11-04-1.jpg 1200w, https:\/\/centcols.org\/wp-content\/uploads\/2025\/10\/Thonon-Trieste-FS_etape11-04-1-1032x1200.jpg 1032w, https:\/\/centcols.org\/wp-content\/uploads\/2025\/10\/Thonon-Trieste-FS_etape11-04-1-768x893.jpg 768w, https:\/\/centcols.org\/wp-content\/uploads\/2025\/10\/Thonon-Trieste-FS_etape11-04-1-10x12.jpg 10w\" sizes=\"auto, (max-width: 1200px) 100vw, 1200px\" \/><\/a><\/figure>\n<\/div>\n\n\n<p>Na 80 km, als we Tri\u00ebst naderen, worden de borden tweetalig: Italiaans en Sloveens.<\/p>\n\n\n<div class=\"wp-block-image\">\n<figure class=\"aligncenter size-full is-resized\"><a href=\"https:\/\/centcols.org\/wp-content\/uploads\/2025\/10\/Thonon-Trieste-FS_etape11-18.jpg\"><img loading=\"lazy\" decoding=\"async\" width=\"800\" height=\"343\" src=\"https:\/\/centcols.org\/wp-content\/uploads\/2025\/10\/Thonon-Trieste-FS_etape11-18.jpg\" alt=\"\" class=\"wp-image-91674\" style=\"width:600px\" srcset=\"https:\/\/centcols.org\/wp-content\/uploads\/2025\/10\/Thonon-Trieste-FS_etape11-18.jpg 800w, https:\/\/centcols.org\/wp-content\/uploads\/2025\/10\/Thonon-Trieste-FS_etape11-18-768x329.jpg 768w, https:\/\/centcols.org\/wp-content\/uploads\/2025\/10\/Thonon-Trieste-FS_etape11-18-18x8.jpg 18w\" sizes=\"auto, (max-width: 800px) 100vw, 800px\" \/><\/a><\/figure>\n<\/div>\n\n\n<p class=\"has-text-align-center\">Nu is de Adriatische Zee in zicht!<\/p>\n\n\n<div class=\"wp-block-image\">\n<figure class=\"aligncenter size-full is-resized\"><a href=\"https:\/\/centcols.org\/wp-content\/uploads\/2025\/10\/Thonon-Trieste-FS_etape11-05.jpg\"><img loading=\"lazy\" decoding=\"async\" width=\"1200\" height=\"802\" src=\"https:\/\/centcols.org\/wp-content\/uploads\/2025\/10\/Thonon-Trieste-FS_etape11-05.jpg\" alt=\"\" class=\"wp-image-91680\" style=\"width:800px\" srcset=\"https:\/\/centcols.org\/wp-content\/uploads\/2025\/10\/Thonon-Trieste-FS_etape11-05.jpg 1200w, https:\/\/centcols.org\/wp-content\/uploads\/2025\/10\/Thonon-Trieste-FS_etape11-05-768x513.jpg 768w, https:\/\/centcols.org\/wp-content\/uploads\/2025\/10\/Thonon-Trieste-FS_etape11-05-18x12.jpg 18w\" sizes=\"auto, (max-width: 1200px) 100vw, 1200px\" \/><\/a><figcaption class=\"wp-element-caption\">de Adriatische Zee!<\/figcaption><\/figure>\n<\/div>\n\n\n<p>We zijn nu in Tri\u00ebst, na 1300 km en 23200 m stijgen. We zijn 36 passen overgestoken, waarvan 18 hoger dan 2000 meter. Dit alles in 10 etappes plus 1 dag \u00abrust\u00bb. Er was veel (te veel) regen en zelfs hagel, maar dat zijn de gevaren van toeren. Als je een begeleidend voertuig hebt, moet je gewoon weten hoe je je ertegen moet verzetten en hoe je het niet moet gebruiken...<\/p>\n\n\n<div class=\"wp-block-image\">\n<figure class=\"aligncenter size-full is-resized\"><a href=\"https:\/\/centcols.org\/wp-content\/uploads\/2025\/10\/Thonon-Trieste-FS_etape11-06-1.jpg\"><img loading=\"lazy\" decoding=\"async\" width=\"1200\" height=\"1344\" src=\"https:\/\/centcols.org\/wp-content\/uploads\/2025\/10\/Thonon-Trieste-FS_etape11-06-1.jpg\" alt=\"\" class=\"wp-image-91682\" style=\"width:600px\" srcset=\"https:\/\/centcols.org\/wp-content\/uploads\/2025\/10\/Thonon-Trieste-FS_etape11-06-1.jpg 1200w, https:\/\/centcols.org\/wp-content\/uploads\/2025\/10\/Thonon-Trieste-FS_etape11-06-1-1071x1200.jpg 1071w, https:\/\/centcols.org\/wp-content\/uploads\/2025\/10\/Thonon-Trieste-FS_etape11-06-1-768x860.jpg 768w, https:\/\/centcols.org\/wp-content\/uploads\/2025\/10\/Thonon-Trieste-FS_etape11-06-1-11x12.jpg 11w\" sizes=\"auto, (max-width: 1200px) 100vw, 1200px\" \/><\/a><\/figure>\n<\/div>\n\n\n<p>De vuurtoren Victory op de Poggio di Gretta is al van verre te zien. Dat was te verwachten, want hij torent met zijn 68 meter boven ons uit. De matroos daarentegen is 8m 60 hoog. De vuurtoren herdenkt de verbondenheid van Tri\u00ebst met Itali\u00eb en eert de zeelieden die tijdens de Eerste Wereldoorlog op zee zijn omgekomen.<\/p>\n\n\n<div class=\"wp-block-image\">\n<figure class=\"aligncenter size-full is-resized\"><a href=\"https:\/\/centcols.org\/wp-content\/uploads\/2025\/10\/Thonon-Trieste-FS_etape11-07.jpg\"><img loading=\"lazy\" decoding=\"async\" width=\"800\" height=\"1200\" src=\"https:\/\/centcols.org\/wp-content\/uploads\/2025\/10\/Thonon-Trieste-FS_etape11-07.jpg\" alt=\"\" class=\"wp-image-91684\" style=\"width:auto;height:600px\" srcset=\"https:\/\/centcols.org\/wp-content\/uploads\/2025\/10\/Thonon-Trieste-FS_etape11-07.jpg 800w, https:\/\/centcols.org\/wp-content\/uploads\/2025\/10\/Thonon-Trieste-FS_etape11-07-768x1152.jpg 768w, https:\/\/centcols.org\/wp-content\/uploads\/2025\/10\/Thonon-Trieste-FS_etape11-07-8x12.jpg 8w\" sizes=\"auto, (max-width: 800px) 100vw, 800px\" \/><\/a><\/figure>\n<\/div>\n\n\n<p>Met ons doel bereikt, konden we terug naar ons hotel. Maar omdat \u00e9\u00e9n Centcolist een Centcolist blijft, laat staan twee, gingen we op zoek naar vijf op de hoogten van Tri\u00ebst. Op de hoogten is geen verkeerde benaming. In feite is de eerste pas vergelijkbaar met een kleine Zoncolan. Verschillende passen op 20 % brengen ons erheen.<br>De klim gaat verder en geeft ons een prachtig uitzicht op de stad en de zee.<\/p>\n\n\n\n<figure class=\"wp-block-gallery has-nested-images columns-2 is-cropped wp-block-gallery-56 is-layout-flex wp-block-gallery-is-layout-flex\">\n<figure class=\"wp-block-image size-large\"><a href=\"https:\/\/centcols.org\/wp-content\/uploads\/2025\/10\/Thonon-Trieste-FS_etape11-08.jpg\"><img loading=\"lazy\" decoding=\"async\" width=\"1200\" height=\"802\" data-id=\"91685\" src=\"https:\/\/centcols.org\/wp-content\/uploads\/2025\/10\/Thonon-Trieste-FS_etape11-08.jpg\" alt=\"\" class=\"wp-image-91685\" srcset=\"https:\/\/centcols.org\/wp-content\/uploads\/2025\/10\/Thonon-Trieste-FS_etape11-08.jpg 1200w, https:\/\/centcols.org\/wp-content\/uploads\/2025\/10\/Thonon-Trieste-FS_etape11-08-768x513.jpg 768w, https:\/\/centcols.org\/wp-content\/uploads\/2025\/10\/Thonon-Trieste-FS_etape11-08-18x12.jpg 18w\" sizes=\"auto, (max-width: 1200px) 100vw, 1200px\" \/><\/a><figcaption class=\"wp-element-caption\">De sella di Opicina is slechts 344 m hoog, maar is erg steil om te bereiken.<\/figcaption><\/figure>\n\n\n\n<figure class=\"wp-block-image size-large\"><a href=\"https:\/\/centcols.org\/wp-content\/uploads\/2025\/10\/Thonon-Trieste-FS_etape11-09.jpg\"><img loading=\"lazy\" decoding=\"async\" width=\"1200\" height=\"802\" data-id=\"91687\" src=\"https:\/\/centcols.org\/wp-content\/uploads\/2025\/10\/Thonon-Trieste-FS_etape11-09.jpg\" alt=\"\" class=\"wp-image-91687\" srcset=\"https:\/\/centcols.org\/wp-content\/uploads\/2025\/10\/Thonon-Trieste-FS_etape11-09.jpg 1200w, https:\/\/centcols.org\/wp-content\/uploads\/2025\/10\/Thonon-Trieste-FS_etape11-09-768x513.jpg 768w, https:\/\/centcols.org\/wp-content\/uploads\/2025\/10\/Thonon-Trieste-FS_etape11-09-18x12.jpg 18w\" sizes=\"auto, (max-width: 1200px) 100vw, 1200px\" \/><\/a><figcaption class=\"wp-element-caption\">Naar de sella van Trebiciano<\/figcaption><\/figure>\n\n\n\n<figure class=\"wp-block-image size-large\"><a href=\"https:\/\/centcols.org\/wp-content\/uploads\/2025\/10\/Thonon-Trieste-FS_etape11-10.jpg\"><img loading=\"lazy\" decoding=\"async\" width=\"1200\" height=\"802\" data-id=\"91686\" src=\"https:\/\/centcols.org\/wp-content\/uploads\/2025\/10\/Thonon-Trieste-FS_etape11-10.jpg\" alt=\"\" class=\"wp-image-91686\" srcset=\"https:\/\/centcols.org\/wp-content\/uploads\/2025\/10\/Thonon-Trieste-FS_etape11-10.jpg 1200w, https:\/\/centcols.org\/wp-content\/uploads\/2025\/10\/Thonon-Trieste-FS_etape11-10-768x513.jpg 768w, https:\/\/centcols.org\/wp-content\/uploads\/2025\/10\/Thonon-Trieste-FS_etape11-10-18x12.jpg 18w\" sizes=\"auto, (max-width: 1200px) 100vw, 1200px\" \/><\/a><figcaption class=\"wp-element-caption\">Tri\u00ebst vanuit de hoogte<\/figcaption><\/figure>\n<\/figure>\n\n\n\n<p>Nadat we de 5 passen waren gepasseerd en een beetje verdwaald waren op een paar enorme rondwegen, konden we eindelijk terug naar het appartementenhotel.<\/p>\n\n\n\n<p>Gisteren woedde er een danteske storm in Tri\u00ebst. Daardoor was de fietskamer in de residentie waar we verbleven onbereikbaar. Zonder na te denken gaf de manager ons toegang tot een extra kamer. Onze fietsen staan daar veilig voor deze 2 dagen en 2 nachten. .<br>Een geluste Thonon Trieste rechtvaardigt een birra<\/p>\n\n\n<div class=\"wp-block-image\">\n<figure class=\"aligncenter size-full is-resized\"><a href=\"https:\/\/centcols.org\/wp-content\/uploads\/2025\/10\/Thonon-Trieste-FS_etape11-14.jpg\"><img loading=\"lazy\" decoding=\"async\" width=\"1200\" height=\"802\" src=\"https:\/\/centcols.org\/wp-content\/uploads\/2025\/10\/Thonon-Trieste-FS_etape11-14.jpg\" alt=\"\" class=\"wp-image-91691\" style=\"width:800px\" srcset=\"https:\/\/centcols.org\/wp-content\/uploads\/2025\/10\/Thonon-Trieste-FS_etape11-14.jpg 1200w, https:\/\/centcols.org\/wp-content\/uploads\/2025\/10\/Thonon-Trieste-FS_etape11-14-768x513.jpg 768w, https:\/\/centcols.org\/wp-content\/uploads\/2025\/10\/Thonon-Trieste-FS_etape11-14-18x12.jpg 18w\" sizes=\"auto, (max-width: 1200px) 100vw, 1200px\" \/><\/a><\/figure>\n<\/div>\n\n\n<p>Diner in een trattoria en een wandeling door Tri\u00ebst, een prachtige stad. Haar status als havenstad en haar geografische ligging hebben bijgedragen aan haar rijkdom.<\/p>\n\n\n\n<figure class=\"wp-block-gallery has-nested-images columns-default is-cropped wp-block-gallery-57 is-layout-flex wp-block-gallery-is-layout-flex\">\n<figure class=\"wp-block-image size-large\"><a href=\"https:\/\/centcols.org\/wp-content\/uploads\/2025\/10\/Thonon-Trieste-FS_etape11-11.jpg\"><img loading=\"lazy\" decoding=\"async\" width=\"1200\" height=\"802\" data-id=\"91688\" src=\"https:\/\/centcols.org\/wp-content\/uploads\/2025\/10\/Thonon-Trieste-FS_etape11-11.jpg\" alt=\"\" class=\"wp-image-91688\" srcset=\"https:\/\/centcols.org\/wp-content\/uploads\/2025\/10\/Thonon-Trieste-FS_etape11-11.jpg 1200w, https:\/\/centcols.org\/wp-content\/uploads\/2025\/10\/Thonon-Trieste-FS_etape11-11-768x513.jpg 768w, https:\/\/centcols.org\/wp-content\/uploads\/2025\/10\/Thonon-Trieste-FS_etape11-11-18x12.jpg 18w\" sizes=\"auto, (max-width: 1200px) 100vw, 1200px\" \/><\/a><figcaption class=\"wp-element-caption\">Castello di San Guisto<\/figcaption><\/figure>\n\n\n\n<figure class=\"wp-block-image size-large\"><a href=\"https:\/\/centcols.org\/wp-content\/uploads\/2025\/10\/Thonon-Trieste-FS_etape11-12.jpg\"><img loading=\"lazy\" decoding=\"async\" width=\"1200\" height=\"802\" data-id=\"91689\" src=\"https:\/\/centcols.org\/wp-content\/uploads\/2025\/10\/Thonon-Trieste-FS_etape11-12.jpg\" alt=\"\" class=\"wp-image-91689\" srcset=\"https:\/\/centcols.org\/wp-content\/uploads\/2025\/10\/Thonon-Trieste-FS_etape11-12.jpg 1200w, https:\/\/centcols.org\/wp-content\/uploads\/2025\/10\/Thonon-Trieste-FS_etape11-12-768x513.jpg 768w, https:\/\/centcols.org\/wp-content\/uploads\/2025\/10\/Thonon-Trieste-FS_etape11-12-18x12.jpg 18w\" sizes=\"auto, (max-width: 1200px) 100vw, 1200px\" \/><\/a><\/figure>\n\n\n\n<figure class=\"wp-block-image size-large\"><a href=\"https:\/\/centcols.org\/wp-content\/uploads\/2025\/10\/Thonon-Trieste-FS_etape11-13.jpg\"><img loading=\"lazy\" decoding=\"async\" width=\"1200\" height=\"802\" data-id=\"91690\" src=\"https:\/\/centcols.org\/wp-content\/uploads\/2025\/10\/Thonon-Trieste-FS_etape11-13.jpg\" alt=\"\" class=\"wp-image-91690\" srcset=\"https:\/\/centcols.org\/wp-content\/uploads\/2025\/10\/Thonon-Trieste-FS_etape11-13.jpg 1200w, https:\/\/centcols.org\/wp-content\/uploads\/2025\/10\/Thonon-Trieste-FS_etape11-13-768x513.jpg 768w, https:\/\/centcols.org\/wp-content\/uploads\/2025\/10\/Thonon-Trieste-FS_etape11-13-18x12.jpg 18w\" sizes=\"auto, (max-width: 1200px) 100vw, 1200px\" \/><\/a><figcaption class=\"wp-element-caption\">Kathedraal van San Guisto<\/figcaption><\/figure>\n<\/figure>\n\n\n\n<p>Vandaag 127 km, D 800 en 5 Italiaanse passen boven Tri\u00ebst. Bescheiden hoogtes, maar begin bij heuvel nul. Geen gemakkelijke rit ...<br>Hoe dan ook, de winter is eindelijk voorbij en we hebben weer aangename temperaturen.<br><br>\ud83d\ude0a\ud83c\udf89\ud83d\udc4dTHON- TRIESTE IS KLAAR!!\ud83d\ude0a\ud83c\udf89\ud83d\udc4d<br>Vanaf Thonon, 1300 km, D 23500 en 36 passen, waaronder 18 \u00ab2000\u00bb.<br>Een geweldige uitdaging! Een rondreis, weliswaar moeilijk, maar met prachtige landschappen. We reisden door plaatsen met heel verschillende culturen, zelfs binnen hetzelfde land. En de meeste mensen die we ontmoetten waren vriendelijk en gastvrij.<br>Omdat we twee nachten in Tri\u00ebst blijven, gaan we morgen wat sightseeing doen. Maar dat zal in de middag zijn. <br>s Ochtends is Sloveni\u00eb te dichtbij om de wielen van onze fietsen te slepen. <\/p>\n\n\n<div class=\"wp-block-image\">\n<figure class=\"aligncenter size-full is-resized\"><a href=\"https:\/\/centcols.org\/wp-content\/uploads\/2025\/10\/Thonon-Trieste-FS_etape12-02.jpg\"><img loading=\"lazy\" decoding=\"async\" width=\"1200\" height=\"802\" src=\"https:\/\/centcols.org\/wp-content\/uploads\/2025\/10\/Thonon-Trieste-FS_etape12-02.jpg\" alt=\"\" class=\"wp-image-91695\" style=\"width:800px\" srcset=\"https:\/\/centcols.org\/wp-content\/uploads\/2025\/10\/Thonon-Trieste-FS_etape12-02.jpg 1200w, https:\/\/centcols.org\/wp-content\/uploads\/2025\/10\/Thonon-Trieste-FS_etape12-02-768x513.jpg 768w, https:\/\/centcols.org\/wp-content\/uploads\/2025\/10\/Thonon-Trieste-FS_etape12-02-18x12.jpg 18w\" sizes=\"auto, (max-width: 1200px) 100vw, 1200px\" \/><\/a><figcaption class=\"wp-element-caption\"><em>(meer)<\/em><\/figcaption><\/figure>\n<\/div>\n\n\n<div class=\"wp-block-buttons is-content-justification-space-between is-layout-flex wp-container-core-buttons-is-layout-3d213aab wp-block-buttons-is-layout-flex\">\n<div class=\"wp-block-button\"><a class=\"wp-block-button__link has-text-color has-background has-link-color wp-element-button\" href=\"https:\/\/centcols.org\/nl\/thonon-trieste-fred-singla-2025\/11\/\" style=\"color:#2a488c;background-color:#88f2fd;text-transform:uppercase\"><strong>Vorig stadium<\/strong><\/a><\/div>\n\n\n\n<div class=\"wp-block-button\"><a class=\"wp-block-button__link has-text-color has-background has-link-color wp-element-button\" href=\"https:\/\/centcols.org\/nl\/thonon-trieste-fred-singla-2025\/13\/\" style=\"color:#2a488c;background-color:#88f2fd;text-transform:uppercase\"><strong>Volgende fase: epiloog<\/strong><\/a><\/div>\n<\/div>\n\n\n\n<!--nextpage-->\n\n\n\n<h2 class=\"wp-block-heading\"><em> Dag 12 : <\/em>ochtend fietsen in Sloveni\u00eb en 's middags bezoek aan Tri\u00ebst<\/h2>\n\n\n\n<p>Thonon - Tri\u00ebst mag dan ten einde zijn, de dag na onze aankomst in de haven was niettemin een drukke...<br>Terwijl Jean Marc met de bus door Tri\u00ebst rijdt, brengen Bruno en ik de ochtend fietsend door in buurland Sloveni\u00eb. De grens is echt te dichtbij om niet onze wielen in een nieuw land te zetten. De kers op de taart is dat er bergpassen zijn! Zoals ik al eerder schreef, is Tri\u00ebst een grote stad. Het is of de snelweg of de grote wegen die het met het buurland verbinden. Dus we zijn met de auto gekomen.&nbsp;<br>Zodra we de grens oversteken, wordt het terrein behoorlijk ruig. We passeren prachtige wijngaarden die bijna het hele gebied in beslag nemen. Zoals elke wijnstreek lijkt het gebied rijk te zijn. De huizen zijn imposant en goed gebouwd.<\/p>\n\n\n<div class=\"wp-block-image\">\n<figure class=\"aligncenter size-full is-resized\"><a href=\"https:\/\/centcols.org\/wp-content\/uploads\/2025\/10\/Thonon-Trieste-FS_etape12-04.jpg\"><img loading=\"lazy\" decoding=\"async\" width=\"1200\" height=\"802\" src=\"https:\/\/centcols.org\/wp-content\/uploads\/2025\/10\/Thonon-Trieste-FS_etape12-04.jpg\" alt=\"\" class=\"wp-image-91710\" style=\"width:800px\" srcset=\"https:\/\/centcols.org\/wp-content\/uploads\/2025\/10\/Thonon-Trieste-FS_etape12-04.jpg 1200w, https:\/\/centcols.org\/wp-content\/uploads\/2025\/10\/Thonon-Trieste-FS_etape12-04-768x513.jpg 768w, https:\/\/centcols.org\/wp-content\/uploads\/2025\/10\/Thonon-Trieste-FS_etape12-04-18x12.jpg 18w\" sizes=\"auto, (max-width: 1200px) 100vw, 1200px\" \/><\/a><figcaption class=\"wp-element-caption\">Skopo<\/figcaption><\/figure>\n<\/div>\n\n\n<p>De grootste attractie van de eerste pas die we passeerden was dat het Sloveens was. Ik zal er geen blijvende herinneringen aan overhouden ...<\/p>\n\n\n<div class=\"wp-block-image\">\n<figure class=\"aligncenter size-full is-resized\"><a href=\"https:\/\/centcols.org\/wp-content\/uploads\/2025\/10\/Thonon-Trieste-FS_etape12-03.jpg\"><img loading=\"lazy\" decoding=\"async\" width=\"1200\" height=\"802\" src=\"https:\/\/centcols.org\/wp-content\/uploads\/2025\/10\/Thonon-Trieste-FS_etape12-03.jpg\" alt=\"\" class=\"wp-image-91708\" style=\"width:800px\" srcset=\"https:\/\/centcols.org\/wp-content\/uploads\/2025\/10\/Thonon-Trieste-FS_etape12-03.jpg 1200w, https:\/\/centcols.org\/wp-content\/uploads\/2025\/10\/Thonon-Trieste-FS_etape12-03-768x513.jpg 768w, https:\/\/centcols.org\/wp-content\/uploads\/2025\/10\/Thonon-Trieste-FS_etape12-03-18x12.jpg 18w\" sizes=\"auto, (max-width: 1200px) 100vw, 1200px\" \/><\/a><figcaption class=\"wp-element-caption\">Preval Prevolec (SL-0333), wiens enige belang is dat hij onze eerste Sloveense pas is<\/figcaption><\/figure>\n<\/div>\n\n\n<p>De tweede is daarentegen veel mooier en aangenamer. Een prachtige weg slingert en klimt door de wijngaarden. Op de top vind je een vleugje Toscane. Behalve dan de prachtige rotsachtige bar die aan de horizon opdoemt.<\/p>\n\n\n\n<figure class=\"wp-block-gallery has-nested-images columns-default is-cropped wp-block-gallery-58 is-layout-flex wp-block-gallery-is-layout-flex\">\n<figure class=\"wp-block-image size-large\"><a href=\"https:\/\/centcols.org\/wp-content\/uploads\/2025\/10\/Thonon-Trieste-FS_etape12-06.jpg\"><img loading=\"lazy\" decoding=\"async\" width=\"1200\" height=\"802\" data-id=\"91714\" src=\"https:\/\/centcols.org\/wp-content\/uploads\/2025\/10\/Thonon-Trieste-FS_etape12-06.jpg\" alt=\"\" class=\"wp-image-91714\" srcset=\"https:\/\/centcols.org\/wp-content\/uploads\/2025\/10\/Thonon-Trieste-FS_etape12-06.jpg 1200w, https:\/\/centcols.org\/wp-content\/uploads\/2025\/10\/Thonon-Trieste-FS_etape12-06-768x513.jpg 768w, https:\/\/centcols.org\/wp-content\/uploads\/2025\/10\/Thonon-Trieste-FS_etape12-06-18x12.jpg 18w\" sizes=\"auto, (max-width: 1200px) 100vw, 1200px\" \/><\/a><figcaption class=\"wp-element-caption\">Goski Preval (SL-0233)<\/figcaption><\/figure>\n\n\n\n<figure class=\"wp-block-image size-large\"><a href=\"https:\/\/centcols.org\/wp-content\/uploads\/2025\/10\/Thonon-Trieste-FS_etape12-07.jpg\"><img loading=\"lazy\" decoding=\"async\" width=\"1200\" height=\"802\" data-id=\"91715\" src=\"https:\/\/centcols.org\/wp-content\/uploads\/2025\/10\/Thonon-Trieste-FS_etape12-07.jpg\" alt=\"\" class=\"wp-image-91715\" srcset=\"https:\/\/centcols.org\/wp-content\/uploads\/2025\/10\/Thonon-Trieste-FS_etape12-07.jpg 1200w, https:\/\/centcols.org\/wp-content\/uploads\/2025\/10\/Thonon-Trieste-FS_etape12-07-768x513.jpg 768w, https:\/\/centcols.org\/wp-content\/uploads\/2025\/10\/Thonon-Trieste-FS_etape12-07-18x12.jpg 18w\" sizes=\"auto, (max-width: 1200px) 100vw, 1200px\" \/><\/a><figcaption class=\"wp-element-caption\">Sinds Goski Preval<\/figcaption><\/figure>\n\n\n\n<figure class=\"wp-block-image size-large\"><a href=\"https:\/\/centcols.org\/wp-content\/uploads\/2025\/10\/Thonon-Trieste-FS_etape12-08.jpg\"><img loading=\"lazy\" decoding=\"async\" width=\"1200\" height=\"802\" data-id=\"91716\" src=\"https:\/\/centcols.org\/wp-content\/uploads\/2025\/10\/Thonon-Trieste-FS_etape12-08.jpg\" alt=\"\" class=\"wp-image-91716\" srcset=\"https:\/\/centcols.org\/wp-content\/uploads\/2025\/10\/Thonon-Trieste-FS_etape12-08.jpg 1200w, https:\/\/centcols.org\/wp-content\/uploads\/2025\/10\/Thonon-Trieste-FS_etape12-08-768x513.jpg 768w, https:\/\/centcols.org\/wp-content\/uploads\/2025\/10\/Thonon-Trieste-FS_etape12-08-18x12.jpg 18w\" sizes=\"auto, (max-width: 1200px) 100vw, 1200px\" \/><\/a><figcaption class=\"wp-element-caption\">Bij Goski Preval, een vleugje Toscane<\/figcaption><\/figure>\n\n\n\n<figure class=\"wp-block-image size-large\"><a href=\"https:\/\/centcols.org\/wp-content\/uploads\/2025\/10\/Thonon-Trieste-FS_etape12-09.jpg\"><img loading=\"lazy\" decoding=\"async\" width=\"1200\" height=\"802\" data-id=\"91713\" src=\"https:\/\/centcols.org\/wp-content\/uploads\/2025\/10\/Thonon-Trieste-FS_etape12-09.jpg\" alt=\"\" class=\"wp-image-91713\" srcset=\"https:\/\/centcols.org\/wp-content\/uploads\/2025\/10\/Thonon-Trieste-FS_etape12-09.jpg 1200w, https:\/\/centcols.org\/wp-content\/uploads\/2025\/10\/Thonon-Trieste-FS_etape12-09-768x513.jpg 768w, https:\/\/centcols.org\/wp-content\/uploads\/2025\/10\/Thonon-Trieste-FS_etape12-09-18x12.jpg 18w\" sizes=\"auto, (max-width: 1200px) 100vw, 1200px\" \/><\/a><figcaption class=\"wp-element-caption\">Podnanos<\/figcaption><\/figure>\n<\/figure>\n\n\n\n<p>We bevinden ons in het wijnbouwgebied Kras Teran. Teran is een druivensoort die oorspronkelijk uit de Kast regio van Sloveni\u00eb en de Karst regio van Itali\u00eb komt. Hij produceert een wijn met intense smaken. Intens, net als ons avontuur!<\/p>\n\n\n<div class=\"wp-block-image\">\n<figure class=\"aligncenter size-full is-resized\"><a href=\"https:\/\/centcols.org\/wp-content\/uploads\/2025\/10\/Thonon-Trieste-FS_etape12-05.jpg\"><img loading=\"lazy\" decoding=\"async\" width=\"1200\" height=\"801\" src=\"https:\/\/centcols.org\/wp-content\/uploads\/2025\/10\/Thonon-Trieste-FS_etape12-05.jpg\" alt=\"\" class=\"wp-image-91711\" style=\"width:800px\" srcset=\"https:\/\/centcols.org\/wp-content\/uploads\/2025\/10\/Thonon-Trieste-FS_etape12-05.jpg 1200w, https:\/\/centcols.org\/wp-content\/uploads\/2025\/10\/Thonon-Trieste-FS_etape12-05-768x513.jpg 768w, https:\/\/centcols.org\/wp-content\/uploads\/2025\/10\/Thonon-Trieste-FS_etape12-05-18x12.jpg 18w\" sizes=\"auto, (max-width: 1200px) 100vw, 1200px\" \/><\/a><figcaption class=\"wp-element-caption\">Teran is een druivenras dat oorspronkelijk uit de Kast (Sloveni\u00eb) en Karts (Itali\u00eb) regio's komt.<\/figcaption><\/figure>\n<\/div>\n\n\n<p>Merk op dat fietsers in Sloveni\u00eb vierkanter zijn dan in Frankrijk. En hetzelfde geldt voor koeien, herten en zelfs kinderen...<\/p>\n\n\n\n<figure class=\"wp-block-gallery has-nested-images columns-4 is-cropped wp-block-gallery-59 is-layout-flex wp-block-gallery-is-layout-flex\">\n<figure class=\"wp-block-image size-large\"><a href=\"https:\/\/centcols.org\/wp-content\/uploads\/2025\/10\/Thonon-Trieste-FS_etape12-12.jpg\"><img loading=\"lazy\" decoding=\"async\" width=\"1200\" height=\"882\" data-id=\"91718\" src=\"https:\/\/centcols.org\/wp-content\/uploads\/2025\/10\/Thonon-Trieste-FS_etape12-12.jpg\" alt=\"\" class=\"wp-image-91718\" srcset=\"https:\/\/centcols.org\/wp-content\/uploads\/2025\/10\/Thonon-Trieste-FS_etape12-12.jpg 1200w, https:\/\/centcols.org\/wp-content\/uploads\/2025\/10\/Thonon-Trieste-FS_etape12-12-768x564.jpg 768w, https:\/\/centcols.org\/wp-content\/uploads\/2025\/10\/Thonon-Trieste-FS_etape12-12-16x12.jpg 16w\" sizes=\"auto, (max-width: 1200px) 100vw, 1200px\" \/><\/a><\/figure>\n\n\n\n<figure class=\"wp-block-image size-large\"><a href=\"https:\/\/centcols.org\/wp-content\/uploads\/2025\/10\/Thonon-Trieste-FS_etape12-10.jpg\"><img loading=\"lazy\" decoding=\"async\" width=\"1200\" height=\"921\" data-id=\"91721\" src=\"https:\/\/centcols.org\/wp-content\/uploads\/2025\/10\/Thonon-Trieste-FS_etape12-10.jpg\" alt=\"\" class=\"wp-image-91721\" srcset=\"https:\/\/centcols.org\/wp-content\/uploads\/2025\/10\/Thonon-Trieste-FS_etape12-10.jpg 1200w, https:\/\/centcols.org\/wp-content\/uploads\/2025\/10\/Thonon-Trieste-FS_etape12-10-768x589.jpg 768w, https:\/\/centcols.org\/wp-content\/uploads\/2025\/10\/Thonon-Trieste-FS_etape12-10-16x12.jpg 16w\" sizes=\"auto, (max-width: 1200px) 100vw, 1200px\" \/><\/a><\/figure>\n\n\n\n<figure class=\"wp-block-image size-large\"><a href=\"https:\/\/centcols.org\/wp-content\/uploads\/2025\/10\/Thonon-Trieste-FS_etape12-11.jpg\"><img loading=\"lazy\" decoding=\"async\" width=\"1200\" height=\"1016\" data-id=\"91719\" src=\"https:\/\/centcols.org\/wp-content\/uploads\/2025\/10\/Thonon-Trieste-FS_etape12-11.jpg\" alt=\"\" class=\"wp-image-91719\" srcset=\"https:\/\/centcols.org\/wp-content\/uploads\/2025\/10\/Thonon-Trieste-FS_etape12-11.jpg 1200w, https:\/\/centcols.org\/wp-content\/uploads\/2025\/10\/Thonon-Trieste-FS_etape12-11-768x650.jpg 768w, https:\/\/centcols.org\/wp-content\/uploads\/2025\/10\/Thonon-Trieste-FS_etape12-11-14x12.jpg 14w\" sizes=\"auto, (max-width: 1200px) 100vw, 1200px\" \/><\/a><\/figure>\n\n\n\n<figure class=\"wp-block-image size-large\"><a href=\"https:\/\/centcols.org\/wp-content\/uploads\/2025\/10\/Thonon-Trieste-FS_etape12-13.jpg\"><img loading=\"lazy\" decoding=\"async\" width=\"1200\" height=\"1160\" data-id=\"91720\" src=\"https:\/\/centcols.org\/wp-content\/uploads\/2025\/10\/Thonon-Trieste-FS_etape12-13.jpg\" alt=\"\" class=\"wp-image-91720\" srcset=\"https:\/\/centcols.org\/wp-content\/uploads\/2025\/10\/Thonon-Trieste-FS_etape12-13.jpg 1200w, https:\/\/centcols.org\/wp-content\/uploads\/2025\/10\/Thonon-Trieste-FS_etape12-13-768x742.jpg 768w, https:\/\/centcols.org\/wp-content\/uploads\/2025\/10\/Thonon-Trieste-FS_etape12-13-12x12.jpg 12w\" sizes=\"auto, (max-width: 1200px) 100vw, 1200px\" \/><\/a><\/figure>\n<\/figure>\n\n\n\n<p>De resultaten van de ochtend: 54 km D 900 en mijn eerste twee Sloveense passen.<br><\/p>\n\n\n\n<figure class=\"wp-block-gallery has-nested-images columns-default is-cropped wp-block-gallery-60 is-layout-flex wp-block-gallery-is-layout-flex\">\n<figure class=\"wp-block-image size-large\"><a href=\"https:\/\/centcols.org\/wp-content\/uploads\/2025\/10\/Thonon-Trieste-FS_etape12-14.jpg\"><img loading=\"lazy\" decoding=\"async\" width=\"1200\" height=\"802\" data-id=\"91722\" src=\"https:\/\/centcols.org\/wp-content\/uploads\/2025\/10\/Thonon-Trieste-FS_etape12-14.jpg\" alt=\"\" class=\"wp-image-91722\" srcset=\"https:\/\/centcols.org\/wp-content\/uploads\/2025\/10\/Thonon-Trieste-FS_etape12-14.jpg 1200w, https:\/\/centcols.org\/wp-content\/uploads\/2025\/10\/Thonon-Trieste-FS_etape12-14-768x513.jpg 768w, https:\/\/centcols.org\/wp-content\/uploads\/2025\/10\/Thonon-Trieste-FS_etape12-14-18x12.jpg 18w\" sizes=\"auto, (max-width: 1200px) 100vw, 1200px\" \/><\/a><\/figure>\n\n\n\n<figure class=\"wp-block-image size-large\"><a href=\"https:\/\/centcols.org\/wp-content\/uploads\/2025\/10\/Thonon-Trieste-FS_etape12-15.jpg\"><img loading=\"lazy\" decoding=\"async\" width=\"1200\" height=\"802\" data-id=\"91723\" src=\"https:\/\/centcols.org\/wp-content\/uploads\/2025\/10\/Thonon-Trieste-FS_etape12-15.jpg\" alt=\"\" class=\"wp-image-91723\" srcset=\"https:\/\/centcols.org\/wp-content\/uploads\/2025\/10\/Thonon-Trieste-FS_etape12-15.jpg 1200w, https:\/\/centcols.org\/wp-content\/uploads\/2025\/10\/Thonon-Trieste-FS_etape12-15-768x513.jpg 768w, https:\/\/centcols.org\/wp-content\/uploads\/2025\/10\/Thonon-Trieste-FS_etape12-15-18x12.jpg 18w\" sizes=\"auto, (max-width: 1200px) 100vw, 1200px\" \/><\/a><\/figure>\n<figcaption class=\"blocks-gallery-caption wp-element-caption\">Terug naar Sezana<\/figcaption><\/figure>\n\n\n\n<p>We ontmoeten Jean Marc en na de lunch gaan we naar het Castello di Miramare. Het werd tussen 1856 en 1860 gebouwd voor Maximiliaan van Hasbourg Lotharingen aartshertog van Oostenrijk (en toekomstig keizer van Mexico) en zijn vrouw Charlotte van Belgi\u00eb. De naam is ge\u00efnspireerd op het Spaanse \u00bbmira mar\u00bb.<br>Het prachtige park is op zich al voldoende en we hebben er een deel van de middag doorgebracht. Het is enorm groot en we hebben er 7 km afgelegd.<\/p>\n\n\n<div class=\"wp-block-image\">\n<figure class=\"aligncenter size-full is-resized\"><a href=\"https:\/\/centcols.org\/wp-content\/uploads\/2025\/10\/Thonon-Trieste-FS_etape12-16.jpg\"><img loading=\"lazy\" decoding=\"async\" width=\"1200\" height=\"802\" src=\"https:\/\/centcols.org\/wp-content\/uploads\/2025\/10\/Thonon-Trieste-FS_etape12-16.jpg\" alt=\"\" class=\"wp-image-91733\" style=\"width:800px\" srcset=\"https:\/\/centcols.org\/wp-content\/uploads\/2025\/10\/Thonon-Trieste-FS_etape12-16.jpg 1200w, https:\/\/centcols.org\/wp-content\/uploads\/2025\/10\/Thonon-Trieste-FS_etape12-16-768x513.jpg 768w, https:\/\/centcols.org\/wp-content\/uploads\/2025\/10\/Thonon-Trieste-FS_etape12-16-18x12.jpg 18w\" sizes=\"auto, (max-width: 1200px) 100vw, 1200px\" \/><\/a><figcaption class=\"wp-element-caption\">Middagwandeling in Miramare<\/figcaption><\/figure>\n<\/div>\n\n\n<figure class=\"wp-block-gallery has-nested-images columns-default is-cropped wp-block-gallery-61 is-layout-flex wp-block-gallery-is-layout-flex\">\n<figure class=\"wp-block-image size-large\"><a href=\"https:\/\/centcols.org\/wp-content\/uploads\/2025\/10\/Thonon-Trieste-FS_etape12-23.jpg\"><img loading=\"lazy\" decoding=\"async\" width=\"1200\" height=\"802\" data-id=\"91727\" src=\"https:\/\/centcols.org\/wp-content\/uploads\/2025\/10\/Thonon-Trieste-FS_etape12-23.jpg\" alt=\"\" class=\"wp-image-91727\" srcset=\"https:\/\/centcols.org\/wp-content\/uploads\/2025\/10\/Thonon-Trieste-FS_etape12-23.jpg 1200w, https:\/\/centcols.org\/wp-content\/uploads\/2025\/10\/Thonon-Trieste-FS_etape12-23-768x513.jpg 768w, https:\/\/centcols.org\/wp-content\/uploads\/2025\/10\/Thonon-Trieste-FS_etape12-23-18x12.jpg 18w\" sizes=\"auto, (max-width: 1200px) 100vw, 1200px\" \/><\/a><\/figure>\n\n\n\n<figure class=\"wp-block-image size-large\"><a href=\"https:\/\/centcols.org\/wp-content\/uploads\/2025\/10\/Thonon-Trieste-FS_etape12-22.jpg\"><img loading=\"lazy\" decoding=\"async\" width=\"1200\" height=\"802\" data-id=\"91729\" src=\"https:\/\/centcols.org\/wp-content\/uploads\/2025\/10\/Thonon-Trieste-FS_etape12-22.jpg\" alt=\"\" class=\"wp-image-91729\" srcset=\"https:\/\/centcols.org\/wp-content\/uploads\/2025\/10\/Thonon-Trieste-FS_etape12-22.jpg 1200w, https:\/\/centcols.org\/wp-content\/uploads\/2025\/10\/Thonon-Trieste-FS_etape12-22-768x513.jpg 768w, https:\/\/centcols.org\/wp-content\/uploads\/2025\/10\/Thonon-Trieste-FS_etape12-22-18x12.jpg 18w\" sizes=\"auto, (max-width: 1200px) 100vw, 1200px\" \/><\/a><\/figure>\n\n\n\n<figure class=\"wp-block-image size-large\"><a href=\"https:\/\/centcols.org\/wp-content\/uploads\/2025\/10\/Thonon-Trieste-FS_etape12-20.jpg\"><img loading=\"lazy\" decoding=\"async\" width=\"1200\" height=\"802\" data-id=\"91730\" src=\"https:\/\/centcols.org\/wp-content\/uploads\/2025\/10\/Thonon-Trieste-FS_etape12-20.jpg\" alt=\"\" class=\"wp-image-91730\" srcset=\"https:\/\/centcols.org\/wp-content\/uploads\/2025\/10\/Thonon-Trieste-FS_etape12-20.jpg 1200w, https:\/\/centcols.org\/wp-content\/uploads\/2025\/10\/Thonon-Trieste-FS_etape12-20-768x513.jpg 768w, https:\/\/centcols.org\/wp-content\/uploads\/2025\/10\/Thonon-Trieste-FS_etape12-20-18x12.jpg 18w\" sizes=\"auto, (max-width: 1200px) 100vw, 1200px\" \/><\/a><\/figure>\n\n\n\n<figure class=\"wp-block-image size-large\"><a href=\"https:\/\/centcols.org\/wp-content\/uploads\/2025\/10\/Thonon-Trieste-FS_etape12-18.jpg\"><img loading=\"lazy\" decoding=\"async\" width=\"1200\" height=\"802\" data-id=\"91732\" src=\"https:\/\/centcols.org\/wp-content\/uploads\/2025\/10\/Thonon-Trieste-FS_etape12-18.jpg\" alt=\"\" class=\"wp-image-91732\" srcset=\"https:\/\/centcols.org\/wp-content\/uploads\/2025\/10\/Thonon-Trieste-FS_etape12-18.jpg 1200w, https:\/\/centcols.org\/wp-content\/uploads\/2025\/10\/Thonon-Trieste-FS_etape12-18-768x513.jpg 768w, https:\/\/centcols.org\/wp-content\/uploads\/2025\/10\/Thonon-Trieste-FS_etape12-18-18x12.jpg 18w\" sizes=\"auto, (max-width: 1200px) 100vw, 1200px\" \/><\/a><\/figure>\n\n\n\n<figure class=\"wp-block-image size-large\"><a href=\"https:\/\/centcols.org\/wp-content\/uploads\/2025\/10\/Thonon-Trieste-FS_etape12-19.jpg\"><img loading=\"lazy\" decoding=\"async\" width=\"1200\" height=\"802\" data-id=\"91728\" src=\"https:\/\/centcols.org\/wp-content\/uploads\/2025\/10\/Thonon-Trieste-FS_etape12-19.jpg\" alt=\"\" class=\"wp-image-91728\" srcset=\"https:\/\/centcols.org\/wp-content\/uploads\/2025\/10\/Thonon-Trieste-FS_etape12-19.jpg 1200w, https:\/\/centcols.org\/wp-content\/uploads\/2025\/10\/Thonon-Trieste-FS_etape12-19-768x513.jpg 768w, https:\/\/centcols.org\/wp-content\/uploads\/2025\/10\/Thonon-Trieste-FS_etape12-19-18x12.jpg 18w\" sizes=\"auto, (max-width: 1200px) 100vw, 1200px\" \/><\/a><\/figure>\n\n\n\n<figure class=\"wp-block-image size-large\"><a href=\"https:\/\/centcols.org\/wp-content\/uploads\/2025\/10\/Thonon-Trieste-FS_etape12-21.jpg\"><img loading=\"lazy\" decoding=\"async\" width=\"1200\" height=\"802\" data-id=\"91731\" src=\"https:\/\/centcols.org\/wp-content\/uploads\/2025\/10\/Thonon-Trieste-FS_etape12-21.jpg\" alt=\"\" class=\"wp-image-91731\" srcset=\"https:\/\/centcols.org\/wp-content\/uploads\/2025\/10\/Thonon-Trieste-FS_etape12-21.jpg 1200w, https:\/\/centcols.org\/wp-content\/uploads\/2025\/10\/Thonon-Trieste-FS_etape12-21-768x513.jpg 768w, https:\/\/centcols.org\/wp-content\/uploads\/2025\/10\/Thonon-Trieste-FS_etape12-21-18x12.jpg 18w\" sizes=\"auto, (max-width: 1200px) 100vw, 1200px\" \/><\/a><\/figure>\n<\/figure>\n\n\n<div class=\"wp-block-image\">\n<figure class=\"aligncenter size-full is-resized\"><a href=\"https:\/\/centcols.org\/wp-content\/uploads\/2025\/10\/Thonon-Trieste-FS_etape12-17.jpg\"><img loading=\"lazy\" decoding=\"async\" width=\"1200\" height=\"802\" src=\"https:\/\/centcols.org\/wp-content\/uploads\/2025\/10\/Thonon-Trieste-FS_etape12-17.jpg\" alt=\"\" class=\"wp-image-91726\" style=\"width:800px\" srcset=\"https:\/\/centcols.org\/wp-content\/uploads\/2025\/10\/Thonon-Trieste-FS_etape12-17.jpg 1200w, https:\/\/centcols.org\/wp-content\/uploads\/2025\/10\/Thonon-Trieste-FS_etape12-17-768x513.jpg 768w, https:\/\/centcols.org\/wp-content\/uploads\/2025\/10\/Thonon-Trieste-FS_etape12-17-18x12.jpg 18w\" sizes=\"auto, (max-width: 1200px) 100vw, 1200px\" \/><\/a><\/figure>\n<\/div>\n\n\n<p>Terug in de residentie hadden we nauwelijks tijd om op adem te komen voordat we teruggingen naar het centrum van Tri\u00ebst voor een wandeling en een hapje eten.<br>Prachtige gebouwen langs onze route naar Piazza dell'Unita d'Italia<\/p>\n\n\n\n<figure class=\"wp-block-gallery has-nested-images columns-2 is-cropped wp-block-gallery-62 is-layout-flex wp-block-gallery-is-layout-flex\">\n<figure class=\"wp-block-image size-large\"><a href=\"https:\/\/centcols.org\/wp-content\/uploads\/2025\/10\/Thonon-Trieste-FS_etape12-24.jpg\"><img loading=\"lazy\" decoding=\"async\" width=\"1200\" height=\"844\" data-id=\"91735\" src=\"https:\/\/centcols.org\/wp-content\/uploads\/2025\/10\/Thonon-Trieste-FS_etape12-24.jpg\" alt=\"\" class=\"wp-image-91735\" srcset=\"https:\/\/centcols.org\/wp-content\/uploads\/2025\/10\/Thonon-Trieste-FS_etape12-24.jpg 1200w, https:\/\/centcols.org\/wp-content\/uploads\/2025\/10\/Thonon-Trieste-FS_etape12-24-768x540.jpg 768w, https:\/\/centcols.org\/wp-content\/uploads\/2025\/10\/Thonon-Trieste-FS_etape12-24-18x12.jpg 18w\" sizes=\"auto, (max-width: 1200px) 100vw, 1200px\" \/><\/a><\/figure>\n\n\n\n<figure class=\"wp-block-image size-large\"><a href=\"https:\/\/centcols.org\/wp-content\/uploads\/2025\/10\/Thonon-Trieste-FS_etape12-25.jpg\"><img loading=\"lazy\" decoding=\"async\" width=\"1200\" height=\"1336\" data-id=\"91736\" src=\"https:\/\/centcols.org\/wp-content\/uploads\/2025\/10\/Thonon-Trieste-FS_etape12-25.jpg\" alt=\"\" class=\"wp-image-91736\" srcset=\"https:\/\/centcols.org\/wp-content\/uploads\/2025\/10\/Thonon-Trieste-FS_etape12-25.jpg 1200w, https:\/\/centcols.org\/wp-content\/uploads\/2025\/10\/Thonon-Trieste-FS_etape12-25-1078x1200.jpg 1078w, https:\/\/centcols.org\/wp-content\/uploads\/2025\/10\/Thonon-Trieste-FS_etape12-25-768x855.jpg 768w, https:\/\/centcols.org\/wp-content\/uploads\/2025\/10\/Thonon-Trieste-FS_etape12-25-11x12.jpg 11w\" sizes=\"auto, (max-width: 1200px) 100vw, 1200px\" \/><\/a><\/figure>\n\n\n\n<figure class=\"wp-block-image size-large\"><a href=\"https:\/\/centcols.org\/wp-content\/uploads\/2025\/10\/Thonon-Trieste-FS_etape12-26.jpg\"><img loading=\"lazy\" decoding=\"async\" width=\"1200\" height=\"802\" data-id=\"91742\" src=\"https:\/\/centcols.org\/wp-content\/uploads\/2025\/10\/Thonon-Trieste-FS_etape12-26.jpg\" alt=\"\" class=\"wp-image-91742\" srcset=\"https:\/\/centcols.org\/wp-content\/uploads\/2025\/10\/Thonon-Trieste-FS_etape12-26.jpg 1200w, https:\/\/centcols.org\/wp-content\/uploads\/2025\/10\/Thonon-Trieste-FS_etape12-26-768x513.jpg 768w, https:\/\/centcols.org\/wp-content\/uploads\/2025\/10\/Thonon-Trieste-FS_etape12-26-18x12.jpg 18w\" sizes=\"auto, (max-width: 1200px) 100vw, 1200px\" \/><\/a><figcaption class=\"wp-element-caption\">Piazza dell'Unita d'Italia<\/figcaption><\/figure>\n<\/figure>\n\n\n\n<p><br>De voortgang wordt vertraagd door een \u00abbirra\u00bb stop, een andere voor de lunch en de laatste voor een \u00abGelatti\u00ab stop.<br>Weer 7 km afgelegd tijdens deze rit. Zoals ik hierboven al schreef, een drukke dag.<\/p>\n\n\n\n<figure class=\"wp-block-gallery has-nested-images columns-default is-cropped wp-block-gallery-63 is-layout-flex wp-block-gallery-is-layout-flex\">\n<figure class=\"wp-block-image size-large\"><a href=\"https:\/\/centcols.org\/wp-content\/uploads\/2025\/10\/Thonon-Trieste-FS_etape12-28.jpg\"><img loading=\"lazy\" decoding=\"async\" width=\"1200\" height=\"802\" data-id=\"91744\" src=\"https:\/\/centcols.org\/wp-content\/uploads\/2025\/10\/Thonon-Trieste-FS_etape12-28.jpg\" alt=\"\" class=\"wp-image-91744\" srcset=\"https:\/\/centcols.org\/wp-content\/uploads\/2025\/10\/Thonon-Trieste-FS_etape12-28.jpg 1200w, https:\/\/centcols.org\/wp-content\/uploads\/2025\/10\/Thonon-Trieste-FS_etape12-28-768x513.jpg 768w, https:\/\/centcols.org\/wp-content\/uploads\/2025\/10\/Thonon-Trieste-FS_etape12-28-18x12.jpg 18w\" sizes=\"auto, (max-width: 1200px) 100vw, 1200px\" \/><\/a><figcaption class=\"wp-element-caption\">Arrivederci Tri\u00ebst!<\/figcaption><\/figure>\n\n\n\n<figure class=\"wp-block-image size-large\"><a href=\"https:\/\/centcols.org\/wp-content\/uploads\/2025\/10\/Thonon-Trieste-FS_etape12-27.jpg\"><img loading=\"lazy\" decoding=\"async\" width=\"1200\" height=\"802\" data-id=\"91743\" src=\"https:\/\/centcols.org\/wp-content\/uploads\/2025\/10\/Thonon-Trieste-FS_etape12-27.jpg\" alt=\"\" class=\"wp-image-91743\" srcset=\"https:\/\/centcols.org\/wp-content\/uploads\/2025\/10\/Thonon-Trieste-FS_etape12-27.jpg 1200w, https:\/\/centcols.org\/wp-content\/uploads\/2025\/10\/Thonon-Trieste-FS_etape12-27-768x513.jpg 768w, https:\/\/centcols.org\/wp-content\/uploads\/2025\/10\/Thonon-Trieste-FS_etape12-27-18x12.jpg 18w\" sizes=\"auto, (max-width: 1200px) 100vw, 1200px\" \/><\/a><\/figure>\n<\/figure>\n\n\n\n<p><br>De rijkdom van Tri\u00ebst is deels te danken aan de haven. Heel lang was de stad de toegangspoort tot alle koffie die in Itali\u00eb werd geconsumeerd. En als Itali\u00eb het land van de koffie is, dan is Tri\u00ebst de hoofdstad. De inwoners van Tri\u00ebst consumeren twee keer zoveel koffie als de rest van het land. Het komt in verschillende vormen. Capo in B is de specialiteit van de stad. Capo staat voor cappuccino en B voor bicchiere (glas). Het is dus een cappuccino in een glas. Maar dat is niet alles... Het is zoeter dan een cappuccino en lijkt erg op een macchiato. Ah, de nuances en subtiliteiten van de verschillende \u00abmodellen\u00bb. Net zo subtiel als de aroma's van de koffie zelf!<\/p>\n\n\n\n<figure class=\"wp-block-gallery has-nested-images columns-default is-cropped wp-block-gallery-64 is-layout-flex wp-block-gallery-is-layout-flex\">\n<figure class=\"wp-block-image size-large\"><a href=\"https:\/\/centcols.org\/wp-content\/uploads\/2025\/10\/Thonon-Trieste-FS_etape12-01.jpg\"><img loading=\"lazy\" decoding=\"async\" width=\"1200\" height=\"1150\" data-id=\"91741\" src=\"https:\/\/centcols.org\/wp-content\/uploads\/2025\/10\/Thonon-Trieste-FS_etape12-01.jpg\" alt=\"\" class=\"wp-image-91741\" srcset=\"https:\/\/centcols.org\/wp-content\/uploads\/2025\/10\/Thonon-Trieste-FS_etape12-01.jpg 1200w, https:\/\/centcols.org\/wp-content\/uploads\/2025\/10\/Thonon-Trieste-FS_etape12-01-768x736.jpg 768w, https:\/\/centcols.org\/wp-content\/uploads\/2025\/10\/Thonon-Trieste-FS_etape12-01-13x12.jpg 13w\" sizes=\"auto, (max-width: 1200px) 100vw, 1200px\" \/><\/a><\/figure>\n\n\n\n<figure class=\"wp-block-image size-large\"><a href=\"https:\/\/centcols.org\/wp-content\/uploads\/2025\/10\/Thonon-Trieste-FS_etape12-29.jpg\"><img loading=\"lazy\" decoding=\"async\" width=\"1200\" height=\"1790\" data-id=\"91745\" src=\"https:\/\/centcols.org\/wp-content\/uploads\/2025\/10\/Thonon-Trieste-FS_etape12-29.jpg\" alt=\"\" class=\"wp-image-91745\" srcset=\"https:\/\/centcols.org\/wp-content\/uploads\/2025\/10\/Thonon-Trieste-FS_etape12-29.jpg 1200w, https:\/\/centcols.org\/wp-content\/uploads\/2025\/10\/Thonon-Trieste-FS_etape12-29-804x1200.jpg 804w, https:\/\/centcols.org\/wp-content\/uploads\/2025\/10\/Thonon-Trieste-FS_etape12-29-768x1146.jpg 768w, https:\/\/centcols.org\/wp-content\/uploads\/2025\/10\/Thonon-Trieste-FS_etape12-29-1030x1536.jpg 1030w, https:\/\/centcols.org\/wp-content\/uploads\/2025\/10\/Thonon-Trieste-FS_etape12-29-8x12.jpg 8w\" sizes=\"auto, (max-width: 1200px) 100vw, 1200px\" \/><\/a><\/figure>\n<\/figure>\n\n\n\n<p>Morgen terug naar Castelnaudary, P\u00e9chabou en L\u00e9guevin, in die volgorde.<br>Omdat de route lang is, zijn er twee etappes met een overnachting in Aix en Provence.<\/p>\n\n\n\n<div class=\"wp-block-buttons is-content-justification-space-between is-layout-flex wp-container-core-buttons-is-layout-d3c43caa wp-block-buttons-is-layout-flex\">\n<div class=\"wp-block-button\"><a class=\"wp-block-button__link has-text-color has-background has-link-color wp-element-button\" href=\"https:\/\/centcols.org\/nl\/thonon-trieste-fred-singla-2025\/12\/\" style=\"color:#2a488c;background-color:#88f2fd;text-transform:uppercase\"><strong>Vorig stadium<\/strong><\/a><\/div>\n\n\n\n<div class=\"wp-block-button\"><a class=\"wp-block-button__link has-text-color has-background has-link-color wp-element-button\" href=\"https:\/\/centcols.org\/nl\/thonon-trieste-fred-singla-2025\/\" style=\"color:#2a488c;background-color:#88f2fd;text-transform:uppercase\"><strong>Terug naar boven<\/strong><\/a><\/div>\n<\/div>\n\n\n\n<p><\/p>","protected":false},"excerpt":{"rendered":"<p>Apr\u00e8s le r\u00e9cit de Jean-Marc Lef\u00e8vre et celui de Philippe Chazottier c&rsquo;est au tour de Fred Singla de nous raconter son aventure. Une magnifique randonn\u00e9e \u00e0 v\u00e9lo, con\u00e7ue par Georges Rossini, qui joint le lac L\u00e9man \u00e0 l&rsquo;Adriatique en franchissant de nombreux cols. Cliquer sur le titre de l&rsquo;\u00e9tape sous l&rsquo;image pour voyager avec Fred [&hellip;]<\/p>\n","protected":false},"author":5112,"featured_media":91787,"comment_status":"open","ping_status":"closed","sticky":false,"template":"","format":"standard","meta":{"_acf_changed":false,"footnotes":""},"categories":[82,129],"tags":[],"class_list":["post-91155","post","type-post","status-publish","format-standard","has-post-thumbnail","hentry","category-voyages","category-gazette"],"acf":[],"yoast_head":"<!-- This site is optimized with the Yoast SEO plugin v27.2 - https:\/\/yoast.com\/product\/yoast-seo-wordpress\/ -->\n<title>Randonn\u00e9e \u00e0 v\u00e9lo du lac L\u00e9man \u00e0 l&#039;Adriatique - Club des Cent Cols<\/title>\n<meta name=\"description\" content=\"Plongez dans l&#039;aventure d&#039;une randonn\u00e9e \u00e0 v\u00e9lo inoubliable, reliant le lac L\u00e9man \u00e0 Trieste par de grands cols des Alpes.\" \/>\n<meta name=\"robots\" content=\"index, follow, max-snippet:-1, max-image-preview:large, max-video-preview:-1\" \/>\n<link rel=\"canonical\" href=\"https:\/\/centcols.org\/nl\/thonon-trieste-fred-singla-2025\/\" \/>\n<link rel=\"next\" href=\"https:\/\/centcols.org\/en\/thonon-trieste-fred-singla-2025\/2\/\" \/>\n<meta property=\"og:locale\" content=\"nl_BE\" \/>\n<meta property=\"og:type\" content=\"article\" \/>\n<meta property=\"og:title\" content=\"Randonn\u00e9e \u00e0 v\u00e9lo du lac L\u00e9man \u00e0 l&#039;Adriatique - Club des Cent Cols\" \/>\n<meta property=\"og:description\" content=\"Plongez dans l&#039;aventure d&#039;une randonn\u00e9e \u00e0 v\u00e9lo inoubliable, reliant le lac L\u00e9man \u00e0 Trieste par de grands cols des Alpes.\" \/>\n<meta property=\"og:url\" content=\"https:\/\/centcols.org\/nl\/thonon-trieste-fred-singla-2025\/\" \/>\n<meta property=\"og:site_name\" content=\"Club des Cent Cols\" \/>\n<meta property=\"article:publisher\" content=\"https:\/\/www.facebook.com\/groups\/5261880558\/?locale=fr_FR\" \/>\n<meta property=\"article:published_time\" content=\"2025-11-14T12:03:05+00:00\" \/>\n<meta property=\"article:modified_time\" content=\"2026-02-12T19:29:31+00:00\" \/>\n<meta property=\"og:image\" content=\"https:\/\/centcols.org\/wp-content\/uploads\/2025\/10\/Thonon-Trieste-FS_etape09-07-1.jpg\" \/>\n\t<meta property=\"og:image:width\" content=\"1200\" \/>\n\t<meta property=\"og:image:height\" content=\"802\" \/>\n\t<meta property=\"og:image:type\" content=\"image\/jpeg\" \/>\n<meta name=\"author\" content=\"R\u00e9gis Paraz\" \/>\n<meta name=\"twitter:card\" content=\"summary_large_image\" \/>\n<meta name=\"twitter:label1\" content=\"Geschreven door\" \/>\n\t<meta name=\"twitter:data1\" content=\"R\u00e9gis Paraz\" \/>\n\t<meta name=\"twitter:label2\" content=\"Geschatte leestijd\" \/>\n\t<meta name=\"twitter:data2\" content=\"92 minuten\" \/>\n<script type=\"application\/ld+json\" class=\"yoast-schema-graph\">{\"@context\":\"https:\/\/schema.org\",\"@graph\":[{\"@type\":\"Article\",\"@id\":\"https:\/\/centcols.org\/en\/thonon-trieste-fred-singla-2025\/#article\",\"isPartOf\":{\"@id\":\"https:\/\/centcols.org\/en\/thonon-trieste-fred-singla-2025\/\"},\"author\":{\"name\":\"R\u00e9gis Paraz\",\"@id\":\"https:\/\/centcols.org\/#\/schema\/person\/6733615a03fdc98c0aef104567c81e13\"},\"headline\":\"Thonon Trieste : Fred Singla cc 5173\",\"datePublished\":\"2025-11-14T12:03:05+00:00\",\"dateModified\":\"2026-02-12T19:29:31+00:00\",\"mainEntityOfPage\":{\"@id\":\"https:\/\/centcols.org\/en\/thonon-trieste-fred-singla-2025\/\"},\"wordCount\":8086,\"commentCount\":34,\"publisher\":{\"@id\":\"https:\/\/centcols.org\/#organization\"},\"image\":{\"@id\":\"https:\/\/centcols.org\/en\/thonon-trieste-fred-singla-2025\/#primaryimage\"},\"thumbnailUrl\":\"https:\/\/centcols.org\/wp-content\/uploads\/2025\/10\/Thonon-Trieste-FS_etape09-07-1.jpg\",\"articleSection\":[\"Voyages\",\"Gazette\"],\"inLanguage\":\"nl-BE\",\"potentialAction\":[{\"@type\":\"CommentAction\",\"name\":\"Comment\",\"target\":[\"https:\/\/centcols.org\/en\/thonon-trieste-fred-singla-2025\/#respond\"]}]},{\"@type\":\"WebPage\",\"@id\":\"https:\/\/centcols.org\/en\/thonon-trieste-fred-singla-2025\/\",\"url\":\"https:\/\/centcols.org\/en\/thonon-trieste-fred-singla-2025\/\",\"name\":\"Randonn\u00e9e \u00e0 v\u00e9lo du lac L\u00e9man \u00e0 l'Adriatique - Club des Cent Cols\",\"isPartOf\":{\"@id\":\"https:\/\/centcols.org\/#website\"},\"primaryImageOfPage\":{\"@id\":\"https:\/\/centcols.org\/en\/thonon-trieste-fred-singla-2025\/#primaryimage\"},\"image\":{\"@id\":\"https:\/\/centcols.org\/en\/thonon-trieste-fred-singla-2025\/#primaryimage\"},\"thumbnailUrl\":\"https:\/\/centcols.org\/wp-content\/uploads\/2025\/10\/Thonon-Trieste-FS_etape09-07-1.jpg\",\"datePublished\":\"2025-11-14T12:03:05+00:00\",\"dateModified\":\"2026-02-12T19:29:31+00:00\",\"description\":\"Plongez dans l'aventure d'une randonn\u00e9e \u00e0 v\u00e9lo inoubliable, reliant le lac L\u00e9man \u00e0 Trieste par de grands cols des Alpes.\",\"breadcrumb\":{\"@id\":\"https:\/\/centcols.org\/en\/thonon-trieste-fred-singla-2025\/#breadcrumb\"},\"inLanguage\":\"nl-BE\",\"potentialAction\":[{\"@type\":\"ReadAction\",\"target\":[\"https:\/\/centcols.org\/en\/thonon-trieste-fred-singla-2025\/\"]}]},{\"@type\":\"ImageObject\",\"inLanguage\":\"nl-BE\",\"@id\":\"https:\/\/centcols.org\/en\/thonon-trieste-fred-singla-2025\/#primaryimage\",\"url\":\"https:\/\/centcols.org\/wp-content\/uploads\/2025\/10\/Thonon-Trieste-FS_etape09-07-1.jpg\",\"contentUrl\":\"https:\/\/centcols.org\/wp-content\/uploads\/2025\/10\/Thonon-Trieste-FS_etape09-07-1.jpg\",\"width\":1200,\"height\":802},{\"@type\":\"BreadcrumbList\",\"@id\":\"https:\/\/centcols.org\/en\/thonon-trieste-fred-singla-2025\/#breadcrumb\",\"itemListElement\":[{\"@type\":\"ListItem\",\"position\":1,\"name\":\"Accueil\",\"item\":\"https:\/\/centcols.org\/\"},{\"@type\":\"ListItem\",\"position\":2,\"name\":\"Gazette\",\"item\":\"https:\/\/centcols.org\/rubrique\/gazette\/\"},{\"@type\":\"ListItem\",\"position\":3,\"name\":\"Voyages\"}]},{\"@type\":\"WebSite\",\"@id\":\"https:\/\/centcols.org\/#website\",\"url\":\"https:\/\/centcols.org\/\",\"name\":\"Club des Cent Cols\",\"description\":\"\",\"publisher\":{\"@id\":\"https:\/\/centcols.org\/#organization\"},\"potentialAction\":[{\"@type\":\"SearchAction\",\"target\":{\"@type\":\"EntryPoint\",\"urlTemplate\":\"https:\/\/centcols.org\/?s={search_term_string}\"},\"query-input\":{\"@type\":\"PropertyValueSpecification\",\"valueRequired\":true,\"valueName\":\"search_term_string\"}}],\"inLanguage\":\"nl-BE\"},{\"@type\":\"Organization\",\"@id\":\"https:\/\/centcols.org\/#organization\",\"name\":\"Club des Cent Cols\",\"url\":\"https:\/\/centcols.org\/\",\"logo\":{\"@type\":\"ImageObject\",\"inLanguage\":\"nl-BE\",\"@id\":\"https:\/\/centcols.org\/#\/schema\/logo\/image\/\",\"url\":\"https:\/\/centcols.org\/wp-content\/uploads\/2025\/01\/carte-icone.png\",\"contentUrl\":\"https:\/\/centcols.org\/wp-content\/uploads\/2025\/01\/carte-icone.png\",\"width\":250,\"height\":250,\"caption\":\"Club des Cent Cols\"},\"image\":{\"@id\":\"https:\/\/centcols.org\/#\/schema\/logo\/image\/\"},\"sameAs\":[\"https:\/\/www.facebook.com\/groups\/5261880558\/?locale=fr_FR\"]},{\"@type\":\"Person\",\"@id\":\"https:\/\/centcols.org\/#\/schema\/person\/6733615a03fdc98c0aef104567c81e13\",\"name\":\"R\u00e9gis Paraz\",\"image\":{\"@type\":\"ImageObject\",\"inLanguage\":\"nl-BE\",\"@id\":\"https:\/\/centcols.org\/wp-content\/litespeed\/avatar\/e5679bd124a28f7319d109cd5c2c0dd7.jpg?ver=1777239746\",\"url\":\"https:\/\/centcols.org\/wp-content\/litespeed\/avatar\/e5679bd124a28f7319d109cd5c2c0dd7.jpg?ver=1777239746\",\"contentUrl\":\"https:\/\/centcols.org\/wp-content\/litespeed\/avatar\/e5679bd124a28f7319d109cd5c2c0dd7.jpg?ver=1777239746\",\"caption\":\"R\u00e9gis Paraz\"},\"url\":\"https:\/\/centcols.org\/nl\/author\/3225\/\"}]}<\/script>\n<!-- \/ Yoast SEO plugin. -->","yoast_head_json":{"title":"Fietsen van het meer van Gen\u00e8ve naar de Adriatische Zee - Club des Cent Cols","description":"Dompel jezelf onder in het avontuur van een onvergetelijke fietstocht die het Meer van Gen\u00e8ve met Tri\u00ebst verbindt over de grote passen van de Alpen.","robots":{"index":"index","follow":"follow","max-snippet":"max-snippet:-1","max-image-preview":"max-image-preview:large","max-video-preview":"max-video-preview:-1"},"canonical":"https:\/\/centcols.org\/nl\/thonon-trieste-fred-singla-2025\/","next":"https:\/\/centcols.org\/en\/thonon-trieste-fred-singla-2025\/2\/","og_locale":"nl_BE","og_type":"article","og_title":"Randonn\u00e9e \u00e0 v\u00e9lo du lac L\u00e9man \u00e0 l'Adriatique - Club des Cent Cols","og_description":"Plongez dans l'aventure d'une randonn\u00e9e \u00e0 v\u00e9lo inoubliable, reliant le lac L\u00e9man \u00e0 Trieste par de grands cols des Alpes.","og_url":"https:\/\/centcols.org\/nl\/thonon-trieste-fred-singla-2025\/","og_site_name":"Club des Cent Cols","article_publisher":"https:\/\/www.facebook.com\/groups\/5261880558\/?locale=fr_FR","article_published_time":"2025-11-14T12:03:05+00:00","article_modified_time":"2026-02-12T19:29:31+00:00","og_image":[{"width":1200,"height":802,"url":"https:\/\/centcols.org\/wp-content\/uploads\/2025\/10\/Thonon-Trieste-FS_etape09-07-1.jpg","type":"image\/jpeg"}],"author":"R\u00e9gis Paraz","twitter_card":"summary_large_image","twitter_misc":{"Geschreven door":"R\u00e9gis Paraz","Geschatte leestijd":"92 minuten"},"schema":{"@context":"https:\/\/schema.org","@graph":[{"@type":"Article","@id":"https:\/\/centcols.org\/en\/thonon-trieste-fred-singla-2025\/#article","isPartOf":{"@id":"https:\/\/centcols.org\/en\/thonon-trieste-fred-singla-2025\/"},"author":{"name":"R\u00e9gis Paraz","@id":"https:\/\/centcols.org\/#\/schema\/person\/6733615a03fdc98c0aef104567c81e13"},"headline":"Thonon Trieste : Fred Singla cc 5173","datePublished":"2025-11-14T12:03:05+00:00","dateModified":"2026-02-12T19:29:31+00:00","mainEntityOfPage":{"@id":"https:\/\/centcols.org\/en\/thonon-trieste-fred-singla-2025\/"},"wordCount":8086,"commentCount":34,"publisher":{"@id":"https:\/\/centcols.org\/#organization"},"image":{"@id":"https:\/\/centcols.org\/en\/thonon-trieste-fred-singla-2025\/#primaryimage"},"thumbnailUrl":"https:\/\/centcols.org\/wp-content\/uploads\/2025\/10\/Thonon-Trieste-FS_etape09-07-1.jpg","articleSection":["Voyages","Gazette"],"inLanguage":"nl-BE","potentialAction":[{"@type":"CommentAction","name":"Comment","target":["https:\/\/centcols.org\/en\/thonon-trieste-fred-singla-2025\/#respond"]}]},{"@type":"WebPage","@id":"https:\/\/centcols.org\/en\/thonon-trieste-fred-singla-2025\/","url":"https:\/\/centcols.org\/en\/thonon-trieste-fred-singla-2025\/","name":"Fietsen van het meer van Gen\u00e8ve naar de Adriatische Zee - Club des Cent Cols","isPartOf":{"@id":"https:\/\/centcols.org\/#website"},"primaryImageOfPage":{"@id":"https:\/\/centcols.org\/en\/thonon-trieste-fred-singla-2025\/#primaryimage"},"image":{"@id":"https:\/\/centcols.org\/en\/thonon-trieste-fred-singla-2025\/#primaryimage"},"thumbnailUrl":"https:\/\/centcols.org\/wp-content\/uploads\/2025\/10\/Thonon-Trieste-FS_etape09-07-1.jpg","datePublished":"2025-11-14T12:03:05+00:00","dateModified":"2026-02-12T19:29:31+00:00","description":"Dompel jezelf onder in het avontuur van een onvergetelijke fietstocht die het Meer van Gen\u00e8ve met Tri\u00ebst verbindt over de grote passen van de Alpen.","breadcrumb":{"@id":"https:\/\/centcols.org\/en\/thonon-trieste-fred-singla-2025\/#breadcrumb"},"inLanguage":"nl-BE","potentialAction":[{"@type":"ReadAction","target":["https:\/\/centcols.org\/en\/thonon-trieste-fred-singla-2025\/"]}]},{"@type":"ImageObject","inLanguage":"nl-BE","@id":"https:\/\/centcols.org\/en\/thonon-trieste-fred-singla-2025\/#primaryimage","url":"https:\/\/centcols.org\/wp-content\/uploads\/2025\/10\/Thonon-Trieste-FS_etape09-07-1.jpg","contentUrl":"https:\/\/centcols.org\/wp-content\/uploads\/2025\/10\/Thonon-Trieste-FS_etape09-07-1.jpg","width":1200,"height":802},{"@type":"BreadcrumbList","@id":"https:\/\/centcols.org\/en\/thonon-trieste-fred-singla-2025\/#breadcrumb","itemListElement":[{"@type":"ListItem","position":1,"name":"Accueil","item":"https:\/\/centcols.org\/"},{"@type":"ListItem","position":2,"name":"Gazette","item":"https:\/\/centcols.org\/rubrique\/gazette\/"},{"@type":"ListItem","position":3,"name":"Voyages"}]},{"@type":"WebSite","@id":"https:\/\/centcols.org\/#website","url":"https:\/\/centcols.org\/","name":"Club van Cent Cols","description":"","publisher":{"@id":"https:\/\/centcols.org\/#organization"},"potentialAction":[{"@type":"SearchAction","target":{"@type":"EntryPoint","urlTemplate":"https:\/\/centcols.org\/?s={search_term_string}"},"query-input":{"@type":"PropertyValueSpecification","valueRequired":true,"valueName":"search_term_string"}}],"inLanguage":"nl-BE"},{"@type":"Organization","@id":"https:\/\/centcols.org\/#organization","name":"Club van Cent Cols","url":"https:\/\/centcols.org\/","logo":{"@type":"ImageObject","inLanguage":"nl-BE","@id":"https:\/\/centcols.org\/#\/schema\/logo\/image\/","url":"https:\/\/centcols.org\/wp-content\/uploads\/2025\/01\/carte-icone.png","contentUrl":"https:\/\/centcols.org\/wp-content\/uploads\/2025\/01\/carte-icone.png","width":250,"height":250,"caption":"Club des Cent Cols"},"image":{"@id":"https:\/\/centcols.org\/#\/schema\/logo\/image\/"},"sameAs":["https:\/\/www.facebook.com\/groups\/5261880558\/?locale=fr_FR"]},{"@type":"Person","@id":"https:\/\/centcols.org\/#\/schema\/person\/6733615a03fdc98c0aef104567c81e13","name":"R\u00e9gis Paraz","image":{"@type":"ImageObject","inLanguage":"nl-BE","@id":"https:\/\/centcols.org\/wp-content\/litespeed\/avatar\/e5679bd124a28f7319d109cd5c2c0dd7.jpg?ver=1777239746","url":"https:\/\/centcols.org\/wp-content\/litespeed\/avatar\/e5679bd124a28f7319d109cd5c2c0dd7.jpg?ver=1777239746","contentUrl":"https:\/\/centcols.org\/wp-content\/litespeed\/avatar\/e5679bd124a28f7319d109cd5c2c0dd7.jpg?ver=1777239746","caption":"R\u00e9gis Paraz"},"url":"https:\/\/centcols.org\/nl\/author\/3225\/"}]}},"_links":{"self":[{"href":"https:\/\/centcols.org\/nl\/wp-json\/wp\/v2\/posts\/91155","targetHints":{"allow":["GET"]}}],"collection":[{"href":"https:\/\/centcols.org\/nl\/wp-json\/wp\/v2\/posts"}],"about":[{"href":"https:\/\/centcols.org\/nl\/wp-json\/wp\/v2\/types\/post"}],"author":[{"embeddable":true,"href":"https:\/\/centcols.org\/nl\/wp-json\/wp\/v2\/users\/5112"}],"replies":[{"embeddable":true,"href":"https:\/\/centcols.org\/nl\/wp-json\/wp\/v2\/comments?post=91155"}],"version-history":[{"count":0,"href":"https:\/\/centcols.org\/nl\/wp-json\/wp\/v2\/posts\/91155\/revisions"}],"wp:featuredmedia":[{"embeddable":true,"href":"https:\/\/centcols.org\/nl\/wp-json\/wp\/v2\/media\/91787"}],"wp:attachment":[{"href":"https:\/\/centcols.org\/nl\/wp-json\/wp\/v2\/media?parent=91155"}],"wp:term":[{"taxonomy":"category","embeddable":true,"href":"https:\/\/centcols.org\/nl\/wp-json\/wp\/v2\/categories?post=91155"},{"taxonomy":"post_tag","embeddable":true,"href":"https:\/\/centcols.org\/nl\/wp-json\/wp\/v2\/tags?post=91155"}],"curies":[{"name":"wp","href":"https:\/\/api.w.org\/{rel}","templated":true}]}}