{"id":91889,"date":"2025-11-07T23:55:36","date_gmt":"2025-11-07T21:55:36","guid":{"rendered":"https:\/\/centcols.org\/?p=91889"},"modified":"2026-03-14T17:07:17","modified_gmt":"2026-03-14T15:07:17","slug":"fr-69-col-des-echarmeaux-road","status":"publish","type":"post","link":"https:\/\/centcols.org\/nl\/fr-69-col-des-echarmeaux-route\/","title":{"rendered":"FR-69 Col des Echarmeaux - Route 96 km, D+ 2087 m, 20 passen"},"content":{"rendered":"<iframe width=\"100%\" height=\"650\" loading=\"lazy\" src=\"https:\/\/www.openrunner.com\/embed\/47596566696d4246557a4f486c66572b424a547036664a69315155327948753864623073444a48367474673d3a3ad51add9910245a38a0a1e40b0a6fe46c?unit=metric\" style=\"border: none;\"><\/iframe>\n\n\n\n<div style=\"height:30px\" aria-hidden=\"true\" class=\"wp-block-spacer\"><\/div>\n\n\n\n<h2 class=\"wp-block-heading\">Beschrijving auteur<\/h2>\n\n\n\n<p><strong>Auteur&nbsp;<\/strong>Luc Rioland<br><strong>Cursus&nbsp;<\/strong>uitgevoerd in september 2018<br><strong>Vertrek&nbsp;<\/strong>Grote parkeerplaats en vertrek vanaf Col des Echarmeaux<\/p>\n\n\n\n<div style=\"height:30px\" aria-hidden=\"true\" class=\"wp-block-spacer\"><\/div>\n\n\n\n<h2 class=\"wp-block-heading\">Toeristische informatie<\/h2>\n\n\n\n<p>Een route door het hart van de Beaujolais en zijn wijngaarden, met 20 passen op het menu. Om met mate van te genieten.<\/p>\n\n\n\n<div style=\"height:30px\" aria-hidden=\"true\" class=\"wp-block-spacer\"><\/div>\n\n\n\n<h2 class=\"wp-block-heading\">Technische specificaties<\/h2>\n\n\n\n<p>De route over de weg bij 98% in de gepresenteerde versie is 96 km, 2 km onverhard R1-pad om de tweede Labourons-pas te bereiken en weer bij de D26 te komen, waardoor een vrij lange rondrit wordt vermeden.<br>Wegroute op 99,50 % met een rondrit na de tweede Labourons-pas bereikbaar via R1 over 500 m (lange versie 104 km)<br>De beste tijd voor een bezoek is van half september tot half oktober, wanneer de herfst zijn intrede doet en de kleuren prachtig uitkomen. Afwisselend bossen, wijngaarden en weiden<br>Enkele steile maar redelijk korte wegen.<br>Eten, bakkerij, caf\u00e9 alleen in Beaujeu.<\/p>\n\n\n\n<div style=\"height:30px\" aria-hidden=\"true\" class=\"wp-block-spacer\"><\/div>\n\n\n\n<p><strong>20 flessen<\/strong><\/p>\n\n\n\n<figure class=\"wp-block-table\"><table class=\"has-background\" style=\"background-color:#f0f0f0\"><tbody><tr><td>1 - Col des Aillets<\/td><td class=\"has-text-align-center\" data-align=\"center\">715 m<\/td><td><a href=\"https:\/\/centcols.org\/nl\/util\/geo\/visu.php\/?code=FR-69-0715\" target=\"_blank\" rel=\"noreferrer noopener\">FR-69-0715<\/a><\/td><\/tr><tr><td>2 - Kolk van Escorbans<\/td><td class=\"has-text-align-center\" data-align=\"center\">825 m<\/td><td><a href=\"https:\/\/centcols.org\/nl\/util\/geo\/visu.php\/?code=FR-42-0825\" target=\"_blank\" rel=\"noreferrer noopener\">FR-42-0825<\/a><\/td><\/tr><tr><td>3 - Col de Favardy<\/td><td class=\"has-text-align-center\" data-align=\"center\">856 m<\/td><td><a href=\"https:\/\/centcols.org\/nl\/util\/geo\/visu.php\/?code=FR-69-0856\" target=\"_blank\" rel=\"noreferrer noopener\">FR-69-0856<\/a><\/td><\/tr><tr><td>4 - Col de la Croix Nicelle<\/td><td class=\"has-text-align-center\" data-align=\"center\">782 m<\/td><td><a href=\"https:\/\/centcols.org\/nl\/util\/geo\/visu.php\/?code=FR-69-0782\" target=\"_blank\" rel=\"noreferrer noopener\">FR-69-0782<\/a><\/td><\/tr><tr><td>5 - Col de la Croix Montmain<\/td><td class=\"has-text-align-center\" data-align=\"center\">737 m<\/td><td><a href=\"https:\/\/centcols.org\/nl\/util\/geo\/visu.php\/?code=FR-69-0737\" target=\"_blank\" rel=\"noreferrer noopener\">FR-69-0737<\/a><\/td><\/tr><tr><td>6 - Pierre Plaatpas<\/td><td class=\"has-text-align-center\" data-align=\"center\">593 m<\/td><td><a href=\"https:\/\/centcols.org\/nl\/util\/geo\/visu.php\/?code=FR-69-0593\" target=\"_blank\" rel=\"noreferrer noopener\">FR-69-0593<\/a><\/td><\/tr><tr><td>7 - Col de la Croix Rosier<\/td><td class=\"has-text-align-center\" data-align=\"center\">721 m<\/td><td><a href=\"https:\/\/centcols.org\/nl\/util\/geo\/visu.php\/?code=FR-69-0721\" target=\"_blank\" rel=\"noreferrer noopener\">FR-69-0721<\/a><\/td><\/tr><tr><td>8 - Col de la Croix Marchampt<\/td><td class=\"has-text-align-center\" data-align=\"center\">687 m<\/td><td><a href=\"https:\/\/centcols.org\/nl\/util\/geo\/visu.php\/?code=FR-69-0687\" target=\"_blank\" rel=\"noreferrer noopener\">FR-69-0687<\/a><\/td><\/tr><tr><td>9 - Col de la Casse Froide<\/td><td class=\"has-text-align-center\" data-align=\"center\">739 m<\/td><td><a href=\"https:\/\/centcols.org\/nl\/util\/geo\/visu.php\/?code=FR-69-0739\" target=\"_blank\" rel=\"noreferrer noopener\">FR-69-0739<\/a><\/td><\/tr><tr><td>10 - Col du Truges<\/td><td class=\"has-text-align-center\" data-align=\"center\">480 m<\/td><td><a href=\"https:\/\/centcols.org\/nl\/util\/geo\/visu.php\/?code=FR-69-0445\" target=\"_blank\" rel=\"noreferrer noopener\">FR-69-0445<\/a><\/td><\/tr><tr><td>11 - Col de Durbize<\/td><td class=\"has-text-align-center\" data-align=\"center\">543 m<\/td><td><a href=\"https:\/\/centcols.org\/nl\/util\/geo\/visu.php\/?code=FR-69-0541\" target=\"_blank\" rel=\"noreferrer noopener\">FR-69-0541<\/a><\/td><\/tr><tr><td>12 - Labourons pas<\/td><td class=\"has-text-align-center\" data-align=\"center\">436 m<\/td><td><a href=\"https:\/\/centcols.org\/nl\/util\/geo\/visu.php\/?code=FR-69-0431\" target=\"_blank\" rel=\"noreferrer noopener\">FR-69-0431<\/a><\/td><\/tr><tr><td>13 - Col des Labourons<\/td><td class=\"has-text-align-center\" data-align=\"center\">471 m<\/td><td><a href=\"https:\/\/centcols.org\/nl\/util\/geo\/visu.php\/?code=FR-69-0473\" target=\"_blank\" rel=\"noreferrer noopener\">FR-69-0473<\/a><\/td><\/tr><tr><td>14 - Col du Fut d'Avenas<\/td><td class=\"has-text-align-center\" data-align=\"center\">743 m<\/td><td><a href=\"https:\/\/centcols.org\/nl\/util\/geo\/visu.php\/?code=FR-69-0740\" target=\"_blank\" rel=\"noreferrer noopener\">FR-69-0740<\/a><\/td><\/tr><tr><td>15 - Col de la Serve<\/td><td class=\"has-text-align-center\" data-align=\"center\">708 m<\/td><td><a href=\"https:\/\/centcols.org\/nl\/util\/geo\/visu.php\/?code=FR-69-0643\" target=\"_blank\" rel=\"noreferrer noopener\">FR-69-0643<\/a><\/td><\/tr><tr><td>16 - Col de Crie<\/td><td class=\"has-text-align-center\" data-align=\"center\">624 m<\/td><td><a href=\"https:\/\/centcols.org\/nl\/util\/geo\/visu.php\/?code=FR-69-0622\" target=\"_blank\" rel=\"noreferrer noopener\">FR-69-0622<\/a><\/td><\/tr><tr><td>17 - Col des Oncins<\/td><td class=\"has-text-align-center\" data-align=\"center\">702 m<\/td><td><a href=\"https:\/\/centcols.org\/nl\/util\/geo\/visu.php\/?code=FR-69-0702\" target=\"_blank\" rel=\"noreferrer noopener\">FR-69-0702<\/a><\/td><\/tr><tr><td>18 - Col de Patoux<\/td><td class=\"has-text-align-center\" data-align=\"center\">910 m<\/td><td><a href=\"https:\/\/centcols.org\/nl\/util\/geo\/visu.php\/?code=FR-69-0915\" target=\"_blank\" rel=\"noreferrer noopener\">FR-69-0915<\/a><\/td><\/tr><tr><td>19 - Col de la Croix d'Ajoux<\/td><td class=\"has-text-align-center\" data-align=\"center\">853 m<\/td><td><a href=\"https:\/\/centcols.org\/nl\/util\/geo\/visu.php\/?code=FR-69-0855\" target=\"_blank\" rel=\"noreferrer noopener\">FR-69-0855<\/a><\/td><\/tr><tr><td>20 - Col des Echarmeaux<\/td><td class=\"has-text-align-center\" data-align=\"center\">712 m<\/td><td><a href=\"https:\/\/centcols.org\/nl\/util\/geo\/visu.php\/?code=FR-69-0712\" target=\"_blank\" rel=\"noreferrer noopener\">FR-69-0712<\/a><\/td><\/tr><\/tbody><\/table><\/figure>\n\n\n\n<p><strong>Trefwoorden<\/strong>&nbsp;Beaujolais, Beaujeu, Echarmeaux, centcols<\/p>\n\n\n\n<p>Openrunner link, interactieve kaart, profiel, track : <a href=\"https:\/\/www.openrunner.com\/route-details\/22832709\" target=\"_blank\" rel=\"noreferrer noopener\">https:\/\/www.openrunner.com\/route-details\/22785004<\/a><\/p>\n\n\n\n<p>Deze routebeschrijving wordt slechts ter indicatie aangeboden. De auteur aanvaardt geen aansprakelijkheid, noch die van de Club des Cent Cols, voor eventuele onberekenbaarheden die te wijten zijn aan de fietser zelf, het gebruikte materiaal of alles wat te maken heeft met de weg, paden en wegen, hun omgeving of andere gebruikers.<\/p>\n\n\n\n<div style=\"height:30px\" aria-hidden=\"true\" class=\"wp-block-spacer\"><\/div>\n\n\n\n<h2 class=\"wp-block-heading\">Foto's<\/h2>\n\n\n\n<figure class=\"wp-block-gallery has-nested-images columns-default is-cropped wp-block-gallery-1 is-layout-flex wp-block-gallery-is-layout-flex\">\n<figure class=\"wp-block-image size-large\"><a href=\"https:\/\/centcols.org\/wp-content\/uploads\/2025\/11\/Le-vignoble-Beaujolais-en-septembre.jpg\"><img loading=\"lazy\" decoding=\"async\" width=\"1000\" height=\"750\" data-id=\"91891\" src=\"https:\/\/centcols.org\/wp-content\/uploads\/2025\/11\/Le-vignoble-Beaujolais-en-septembre.jpg\" alt=\"\" class=\"wp-image-91891\" srcset=\"https:\/\/centcols.org\/wp-content\/uploads\/2025\/11\/Le-vignoble-Beaujolais-en-septembre.jpg 1000w, https:\/\/centcols.org\/wp-content\/uploads\/2025\/11\/Le-vignoble-Beaujolais-en-septembre-768x576.jpg 768w, https:\/\/centcols.org\/wp-content\/uploads\/2025\/11\/Le-vignoble-Beaujolais-en-septembre-16x12.jpg 16w\" sizes=\"auto, (max-width: 1000px) 100vw, 1000px\" \/><\/a><figcaption class=\"wp-element-caption\">De wijngaarden van de Beaujolais in september<\/figcaption><\/figure>\n\n\n\n<figure class=\"wp-block-image size-large\"><a href=\"https:\/\/centcols.org\/wp-content\/uploads\/2025\/11\/Alternance-de-couleurs-et-de-vegetation.jpg\"><img loading=\"lazy\" decoding=\"async\" width=\"1000\" height=\"750\" data-id=\"91890\" src=\"https:\/\/centcols.org\/wp-content\/uploads\/2025\/11\/Alternance-de-couleurs-et-de-vegetation.jpg\" alt=\"\" class=\"wp-image-91890\" srcset=\"https:\/\/centcols.org\/wp-content\/uploads\/2025\/11\/Alternance-de-couleurs-et-de-vegetation.jpg 1000w, https:\/\/centcols.org\/wp-content\/uploads\/2025\/11\/Alternance-de-couleurs-et-de-vegetation-768x576.jpg 768w, https:\/\/centcols.org\/wp-content\/uploads\/2025\/11\/Alternance-de-couleurs-et-de-vegetation-16x12.jpg 16w\" sizes=\"auto, (max-width: 1000px) 100vw, 1000px\" \/><\/a><figcaption class=\"wp-element-caption\">Afwisselende kleuren en vegetatie<\/figcaption><\/figure>\n\n\n\n<figure class=\"wp-block-image size-large\"><a href=\"https:\/\/centcols.org\/wp-content\/uploads\/2025\/11\/Vue-matinale-en-montant-au-col-de-la-Croix-de-Montmain.jpg\"><img loading=\"lazy\" decoding=\"async\" width=\"1000\" height=\"750\" data-id=\"91892\" src=\"https:\/\/centcols.org\/wp-content\/uploads\/2025\/11\/Vue-matinale-en-montant-au-col-de-la-Croix-de-Montmain.jpg\" alt=\"\" class=\"wp-image-91892\" srcset=\"https:\/\/centcols.org\/wp-content\/uploads\/2025\/11\/Vue-matinale-en-montant-au-col-de-la-Croix-de-Montmain.jpg 1000w, https:\/\/centcols.org\/wp-content\/uploads\/2025\/11\/Vue-matinale-en-montant-au-col-de-la-Croix-de-Montmain-768x576.jpg 768w, https:\/\/centcols.org\/wp-content\/uploads\/2025\/11\/Vue-matinale-en-montant-au-col-de-la-Croix-de-Montmain-16x12.jpg 16w\" sizes=\"auto, (max-width: 1000px) 100vw, 1000px\" \/><\/a><figcaption class=\"wp-element-caption\">Ochtendzicht vanaf de top van de Croix de Montmain pas<\/figcaption><\/figure>\n<\/figure>","protected":false},"excerpt":{"rendered":"<p>Description de l\u2019auteur Auteur&nbsp;: Luc RiolandParcours&nbsp;: effectu\u00e9 en septembre 2018D\u00e9part&nbsp;: Vaste parking et d\u00e9part du col des Echarmeaux Descriptif touristique Parcours r\u00e9alis\u00e9 au coeur du Beaujolais et de ses vignobles avec 20 cols au menu. A d\u00e9guster sans mod\u00e9ration. Descriptif technique Parcours routier \u00e0 98% en version pr\u00e9sent\u00e9e \u00e0 96 km, 2 km de piste [&hellip;]<\/p>\n","protected":false},"author":64,"featured_media":91890,"comment_status":"open","ping_status":"open","sticky":false,"template":"","format":"standard","meta":{"_acf_changed":false,"footnotes":""},"categories":[303,318,330,341,453,220],"tags":[],"class_list":["post-91889","post","type-post","status-publish","format-standard","has-post-thumbnail","hentry","category-parcours-france","category-route-type-parcours","category-auvergne-rhone-alpes-region-parcours-membres","category-massif-central-massif-parcours-membres","category-69-rhone-2","category-parcours-membres"],"acf":[],"yoast_head":"<!-- This site is optimized with the Yoast SEO plugin v27.2 - https:\/\/yoast.com\/product\/yoast-seo-wordpress\/ -->\n<title>FR-69 Col des Echarmeaux - Route 96 km, D+ 2087 m, 20 cols - Club des Cent Cols<\/title>\n<meta name=\"robots\" content=\"index, follow, max-snippet:-1, max-image-preview:large, max-video-preview:-1\" \/>\n<link rel=\"canonical\" href=\"https:\/\/centcols.org\/nl\/fr-69-col-des-echarmeaux-road\/\" \/>\n<meta property=\"og:locale\" content=\"nl_BE\" \/>\n<meta property=\"og:type\" content=\"article\" \/>\n<meta property=\"og:title\" content=\"FR-69 Col des Echarmeaux - Route 96 km, D+ 2087 m, 20 cols - Club des Cent Cols\" \/>\n<meta property=\"og:description\" content=\"Description de l\u2019auteur Auteur&nbsp;: Luc RiolandParcours&nbsp;: effectu\u00e9 en septembre 2018D\u00e9part&nbsp;: Vaste parking et d\u00e9part du col des Echarmeaux Descriptif touristique Parcours r\u00e9alis\u00e9 au coeur du Beaujolais et de ses vignobles avec 20 cols au menu. A d\u00e9guster sans mod\u00e9ration. Descriptif technique Parcours routier \u00e0 98% en version pr\u00e9sent\u00e9e \u00e0 96 km, 2 km de piste [&hellip;]\" \/>\n<meta property=\"og:url\" content=\"https:\/\/centcols.org\/nl\/fr-69-col-des-echarmeaux-road\/\" \/>\n<meta property=\"og:site_name\" content=\"Club des Cent Cols\" \/>\n<meta property=\"article:publisher\" content=\"https:\/\/www.facebook.com\/groups\/5261880558\/?locale=fr_FR\" \/>\n<meta property=\"article:published_time\" content=\"2025-11-07T21:55:36+00:00\" \/>\n<meta property=\"article:modified_time\" content=\"2026-03-14T15:07:17+00:00\" \/>\n<meta property=\"og:image\" content=\"https:\/\/centcols.org\/wp-content\/uploads\/2025\/11\/Alternance-de-couleurs-et-de-vegetation.jpg\" \/>\n\t<meta property=\"og:image:width\" content=\"1000\" \/>\n\t<meta property=\"og:image:height\" content=\"750\" \/>\n\t<meta property=\"og:image:type\" content=\"image\/jpeg\" \/>\n<meta name=\"author\" content=\"Christophe Badonnel\" \/>\n<meta name=\"twitter:card\" content=\"summary_large_image\" \/>\n<meta name=\"twitter:label1\" content=\"Geschreven door\" \/>\n\t<meta name=\"twitter:data1\" content=\"Christophe Badonnel\" \/>\n\t<meta name=\"twitter:label2\" content=\"Geschatte leestijd\" \/>\n\t<meta name=\"twitter:data2\" content=\"3 minuten\" \/>\n<script type=\"application\/ld+json\" class=\"yoast-schema-graph\">{\"@context\":\"https:\/\/schema.org\",\"@graph\":[{\"@type\":\"Article\",\"@id\":\"https:\/\/centcols.org\/fr-69-col-des-echarmeaux-route\/#article\",\"isPartOf\":{\"@id\":\"https:\/\/centcols.org\/fr-69-col-des-echarmeaux-route\/\"},\"author\":{\"name\":\"Christophe Badonnel\",\"@id\":\"https:\/\/centcols.org\/#\/schema\/person\/5c1a9d61132fb33ccec149272abff6e1\"},\"headline\":\"FR-69 Col des Echarmeaux &#8211; Route 96 km, D+ 2087 m, 20 cols\",\"datePublished\":\"2025-11-07T21:55:36+00:00\",\"dateModified\":\"2026-03-14T15:07:17+00:00\",\"mainEntityOfPage\":{\"@id\":\"https:\/\/centcols.org\/fr-69-col-des-echarmeaux-route\/\"},\"wordCount\":410,\"commentCount\":0,\"publisher\":{\"@id\":\"https:\/\/centcols.org\/#organization\"},\"image\":{\"@id\":\"https:\/\/centcols.org\/fr-69-col-des-echarmeaux-route\/#primaryimage\"},\"thumbnailUrl\":\"https:\/\/centcols.org\/wp-content\/uploads\/2025\/11\/Alternance-de-couleurs-et-de-vegetation.jpg\",\"articleSection\":[\"Parcours France\",\"Route\",\"Auvergne-Rh\u00f4ne-Alpes\",\"Massif-Central\",\"69 - Rh\u00f4ne\",\"Parcours membres\"],\"inLanguage\":\"nl-BE\",\"potentialAction\":[{\"@type\":\"CommentAction\",\"name\":\"Comment\",\"target\":[\"https:\/\/centcols.org\/fr-69-col-des-echarmeaux-route\/#respond\"]}]},{\"@type\":\"WebPage\",\"@id\":\"https:\/\/centcols.org\/fr-69-col-des-echarmeaux-route\/\",\"url\":\"https:\/\/centcols.org\/fr-69-col-des-echarmeaux-route\/\",\"name\":\"FR-69 Col des Echarmeaux - Route 96 km, D+ 2087 m, 20 cols - Club des Cent Cols\",\"isPartOf\":{\"@id\":\"https:\/\/centcols.org\/#website\"},\"primaryImageOfPage\":{\"@id\":\"https:\/\/centcols.org\/fr-69-col-des-echarmeaux-route\/#primaryimage\"},\"image\":{\"@id\":\"https:\/\/centcols.org\/fr-69-col-des-echarmeaux-route\/#primaryimage\"},\"thumbnailUrl\":\"https:\/\/centcols.org\/wp-content\/uploads\/2025\/11\/Alternance-de-couleurs-et-de-vegetation.jpg\",\"datePublished\":\"2025-11-07T21:55:36+00:00\",\"dateModified\":\"2026-03-14T15:07:17+00:00\",\"breadcrumb\":{\"@id\":\"https:\/\/centcols.org\/fr-69-col-des-echarmeaux-route\/#breadcrumb\"},\"inLanguage\":\"nl-BE\",\"potentialAction\":[{\"@type\":\"ReadAction\",\"target\":[\"https:\/\/centcols.org\/fr-69-col-des-echarmeaux-route\/\"]}]},{\"@type\":\"ImageObject\",\"inLanguage\":\"nl-BE\",\"@id\":\"https:\/\/centcols.org\/fr-69-col-des-echarmeaux-route\/#primaryimage\",\"url\":\"https:\/\/centcols.org\/wp-content\/uploads\/2025\/11\/Alternance-de-couleurs-et-de-vegetation.jpg\",\"contentUrl\":\"https:\/\/centcols.org\/wp-content\/uploads\/2025\/11\/Alternance-de-couleurs-et-de-vegetation.jpg\",\"width\":1000,\"height\":750,\"caption\":\"Alternance de couleurs et de v\u00e9g\u00e9tation\"},{\"@type\":\"BreadcrumbList\",\"@id\":\"https:\/\/centcols.org\/fr-69-col-des-echarmeaux-route\/#breadcrumb\",\"itemListElement\":[{\"@type\":\"ListItem\",\"position\":1,\"name\":\"Accueil\",\"item\":\"https:\/\/centcols.org\/\"},{\"@type\":\"ListItem\",\"position\":2,\"name\":\"Parcours membres\",\"item\":\"https:\/\/centcols.org\/rubrique\/parcours-membres\/\"},{\"@type\":\"ListItem\",\"position\":3,\"name\":\"Pays\",\"item\":\"https:\/\/centcols.org\/rubrique\/parcours-membres\/pays-parcours-membres\/\"},{\"@type\":\"ListItem\",\"position\":4,\"name\":\"Parcours France\",\"item\":\"https:\/\/centcols.org\/rubrique\/parcours-membres\/pays-parcours-membres\/parcours-france\/\"},{\"@type\":\"ListItem\",\"position\":5,\"name\":\"FR-69 Col des Echarmeaux &#8211; Route 96 km, D+ 2087 m, 20 cols\"}]},{\"@type\":\"WebSite\",\"@id\":\"https:\/\/centcols.org\/#website\",\"url\":\"https:\/\/centcols.org\/\",\"name\":\"Club des Cent Cols\",\"description\":\"\",\"publisher\":{\"@id\":\"https:\/\/centcols.org\/#organization\"},\"potentialAction\":[{\"@type\":\"SearchAction\",\"target\":{\"@type\":\"EntryPoint\",\"urlTemplate\":\"https:\/\/centcols.org\/?s={search_term_string}\"},\"query-input\":{\"@type\":\"PropertyValueSpecification\",\"valueRequired\":true,\"valueName\":\"search_term_string\"}}],\"inLanguage\":\"nl-BE\"},{\"@type\":\"Organization\",\"@id\":\"https:\/\/centcols.org\/#organization\",\"name\":\"Club des Cent Cols\",\"url\":\"https:\/\/centcols.org\/\",\"logo\":{\"@type\":\"ImageObject\",\"inLanguage\":\"nl-BE\",\"@id\":\"https:\/\/centcols.org\/#\/schema\/logo\/image\/\",\"url\":\"https:\/\/centcols.org\/wp-content\/uploads\/2025\/01\/carte-icone.png\",\"contentUrl\":\"https:\/\/centcols.org\/wp-content\/uploads\/2025\/01\/carte-icone.png\",\"width\":250,\"height\":250,\"caption\":\"Club des Cent Cols\"},\"image\":{\"@id\":\"https:\/\/centcols.org\/#\/schema\/logo\/image\/\"},\"sameAs\":[\"https:\/\/www.facebook.com\/groups\/5261880558\/?locale=fr_FR\"]},{\"@type\":\"Person\",\"@id\":\"https:\/\/centcols.org\/#\/schema\/person\/5c1a9d61132fb33ccec149272abff6e1\",\"name\":\"Christophe Badonnel\",\"image\":{\"@type\":\"ImageObject\",\"inLanguage\":\"nl-BE\",\"@id\":\"https:\/\/centcols.org\/wp-content\/litespeed\/avatar\/9f363966b51271bd99ebbb6ebd632889.jpg?ver=1777238111\",\"url\":\"https:\/\/centcols.org\/wp-content\/litespeed\/avatar\/9f363966b51271bd99ebbb6ebd632889.jpg?ver=1777238111\",\"contentUrl\":\"https:\/\/centcols.org\/wp-content\/litespeed\/avatar\/9f363966b51271bd99ebbb6ebd632889.jpg?ver=1777238111\",\"caption\":\"Christophe Badonnel\"},\"url\":\"https:\/\/centcols.org\/nl\/author\/5799\/\"}]}<\/script>\n<!-- \/ Yoast SEO plugin. -->","yoast_head_json":{"title":"FR-69 Col des Echarmeaux - Route 96 km, D+ 2087 m, 20 cols - Club des Cent Cols","robots":{"index":"index","follow":"follow","max-snippet":"max-snippet:-1","max-image-preview":"max-image-preview:large","max-video-preview":"max-video-preview:-1"},"canonical":"https:\/\/centcols.org\/nl\/fr-69-col-des-echarmeaux-road\/","og_locale":"nl_BE","og_type":"article","og_title":"FR-69 Col des Echarmeaux - Route 96 km, D+ 2087 m, 20 cols - Club des Cent Cols","og_description":"Description de l\u2019auteur Auteur&nbsp;: Luc RiolandParcours&nbsp;: effectu\u00e9 en septembre 2018D\u00e9part&nbsp;: Vaste parking et d\u00e9part du col des Echarmeaux Descriptif touristique Parcours r\u00e9alis\u00e9 au coeur du Beaujolais et de ses vignobles avec 20 cols au menu. A d\u00e9guster sans mod\u00e9ration. Descriptif technique Parcours routier \u00e0 98% en version pr\u00e9sent\u00e9e \u00e0 96 km, 2 km de piste [&hellip;]","og_url":"https:\/\/centcols.org\/nl\/fr-69-col-des-echarmeaux-road\/","og_site_name":"Club des Cent Cols","article_publisher":"https:\/\/www.facebook.com\/groups\/5261880558\/?locale=fr_FR","article_published_time":"2025-11-07T21:55:36+00:00","article_modified_time":"2026-03-14T15:07:17+00:00","og_image":[{"width":1000,"height":750,"url":"https:\/\/centcols.org\/wp-content\/uploads\/2025\/11\/Alternance-de-couleurs-et-de-vegetation.jpg","type":"image\/jpeg"}],"author":"Christophe Badonnel","twitter_card":"summary_large_image","twitter_misc":{"Geschreven door":"Christophe Badonnel","Geschatte leestijd":"3 minuten"},"schema":{"@context":"https:\/\/schema.org","@graph":[{"@type":"Article","@id":"https:\/\/centcols.org\/fr-69-col-des-echarmeaux-route\/#article","isPartOf":{"@id":"https:\/\/centcols.org\/fr-69-col-des-echarmeaux-route\/"},"author":{"name":"Christophe Badonnel","@id":"https:\/\/centcols.org\/#\/schema\/person\/5c1a9d61132fb33ccec149272abff6e1"},"headline":"FR-69 Col des Echarmeaux &#8211; Route 96 km, D+ 2087 m, 20 cols","datePublished":"2025-11-07T21:55:36+00:00","dateModified":"2026-03-14T15:07:17+00:00","mainEntityOfPage":{"@id":"https:\/\/centcols.org\/fr-69-col-des-echarmeaux-route\/"},"wordCount":410,"commentCount":0,"publisher":{"@id":"https:\/\/centcols.org\/#organization"},"image":{"@id":"https:\/\/centcols.org\/fr-69-col-des-echarmeaux-route\/#primaryimage"},"thumbnailUrl":"https:\/\/centcols.org\/wp-content\/uploads\/2025\/11\/Alternance-de-couleurs-et-de-vegetation.jpg","articleSection":["Parcours France","Route","Auvergne-Rh\u00f4ne-Alpes","Massif-Central","69 - Rh\u00f4ne","Parcours membres"],"inLanguage":"nl-BE","potentialAction":[{"@type":"CommentAction","name":"Comment","target":["https:\/\/centcols.org\/fr-69-col-des-echarmeaux-route\/#respond"]}]},{"@type":"WebPage","@id":"https:\/\/centcols.org\/fr-69-col-des-echarmeaux-route\/","url":"https:\/\/centcols.org\/fr-69-col-des-echarmeaux-route\/","name":"FR-69 Col des Echarmeaux - Route 96 km, D+ 2087 m, 20 cols - Club des Cent Cols","isPartOf":{"@id":"https:\/\/centcols.org\/#website"},"primaryImageOfPage":{"@id":"https:\/\/centcols.org\/fr-69-col-des-echarmeaux-route\/#primaryimage"},"image":{"@id":"https:\/\/centcols.org\/fr-69-col-des-echarmeaux-route\/#primaryimage"},"thumbnailUrl":"https:\/\/centcols.org\/wp-content\/uploads\/2025\/11\/Alternance-de-couleurs-et-de-vegetation.jpg","datePublished":"2025-11-07T21:55:36+00:00","dateModified":"2026-03-14T15:07:17+00:00","breadcrumb":{"@id":"https:\/\/centcols.org\/fr-69-col-des-echarmeaux-route\/#breadcrumb"},"inLanguage":"nl-BE","potentialAction":[{"@type":"ReadAction","target":["https:\/\/centcols.org\/fr-69-col-des-echarmeaux-route\/"]}]},{"@type":"ImageObject","inLanguage":"nl-BE","@id":"https:\/\/centcols.org\/fr-69-col-des-echarmeaux-route\/#primaryimage","url":"https:\/\/centcols.org\/wp-content\/uploads\/2025\/11\/Alternance-de-couleurs-et-de-vegetation.jpg","contentUrl":"https:\/\/centcols.org\/wp-content\/uploads\/2025\/11\/Alternance-de-couleurs-et-de-vegetation.jpg","width":1000,"height":750,"caption":"Alternance de couleurs et de v\u00e9g\u00e9tation"},{"@type":"BreadcrumbList","@id":"https:\/\/centcols.org\/fr-69-col-des-echarmeaux-route\/#breadcrumb","itemListElement":[{"@type":"ListItem","position":1,"name":"Accueil","item":"https:\/\/centcols.org\/"},{"@type":"ListItem","position":2,"name":"Parcours membres","item":"https:\/\/centcols.org\/rubrique\/parcours-membres\/"},{"@type":"ListItem","position":3,"name":"Pays","item":"https:\/\/centcols.org\/rubrique\/parcours-membres\/pays-parcours-membres\/"},{"@type":"ListItem","position":4,"name":"Parcours France","item":"https:\/\/centcols.org\/rubrique\/parcours-membres\/pays-parcours-membres\/parcours-france\/"},{"@type":"ListItem","position":5,"name":"FR-69 Col des Echarmeaux &#8211; Route 96 km, D+ 2087 m, 20 cols"}]},{"@type":"WebSite","@id":"https:\/\/centcols.org\/#website","url":"https:\/\/centcols.org\/","name":"Club van Cent Cols","description":"","publisher":{"@id":"https:\/\/centcols.org\/#organization"},"potentialAction":[{"@type":"SearchAction","target":{"@type":"EntryPoint","urlTemplate":"https:\/\/centcols.org\/?s={search_term_string}"},"query-input":{"@type":"PropertyValueSpecification","valueRequired":true,"valueName":"search_term_string"}}],"inLanguage":"nl-BE"},{"@type":"Organization","@id":"https:\/\/centcols.org\/#organization","name":"Club van Cent Cols","url":"https:\/\/centcols.org\/","logo":{"@type":"ImageObject","inLanguage":"nl-BE","@id":"https:\/\/centcols.org\/#\/schema\/logo\/image\/","url":"https:\/\/centcols.org\/wp-content\/uploads\/2025\/01\/carte-icone.png","contentUrl":"https:\/\/centcols.org\/wp-content\/uploads\/2025\/01\/carte-icone.png","width":250,"height":250,"caption":"Club des Cent Cols"},"image":{"@id":"https:\/\/centcols.org\/#\/schema\/logo\/image\/"},"sameAs":["https:\/\/www.facebook.com\/groups\/5261880558\/?locale=fr_FR"]},{"@type":"Person","@id":"https:\/\/centcols.org\/#\/schema\/person\/5c1a9d61132fb33ccec149272abff6e1","name":"Christophe Badonnel","image":{"@type":"ImageObject","inLanguage":"nl-BE","@id":"https:\/\/centcols.org\/wp-content\/litespeed\/avatar\/9f363966b51271bd99ebbb6ebd632889.jpg?ver=1777238111","url":"https:\/\/centcols.org\/wp-content\/litespeed\/avatar\/9f363966b51271bd99ebbb6ebd632889.jpg?ver=1777238111","contentUrl":"https:\/\/centcols.org\/wp-content\/litespeed\/avatar\/9f363966b51271bd99ebbb6ebd632889.jpg?ver=1777238111","caption":"Christophe Badonnel"},"url":"https:\/\/centcols.org\/nl\/author\/5799\/"}]}},"_links":{"self":[{"href":"https:\/\/centcols.org\/nl\/wp-json\/wp\/v2\/posts\/91889","targetHints":{"allow":["GET"]}}],"collection":[{"href":"https:\/\/centcols.org\/nl\/wp-json\/wp\/v2\/posts"}],"about":[{"href":"https:\/\/centcols.org\/nl\/wp-json\/wp\/v2\/types\/post"}],"author":[{"embeddable":true,"href":"https:\/\/centcols.org\/nl\/wp-json\/wp\/v2\/users\/64"}],"replies":[{"embeddable":true,"href":"https:\/\/centcols.org\/nl\/wp-json\/wp\/v2\/comments?post=91889"}],"version-history":[{"count":0,"href":"https:\/\/centcols.org\/nl\/wp-json\/wp\/v2\/posts\/91889\/revisions"}],"wp:featuredmedia":[{"embeddable":true,"href":"https:\/\/centcols.org\/nl\/wp-json\/wp\/v2\/media\/91890"}],"wp:attachment":[{"href":"https:\/\/centcols.org\/nl\/wp-json\/wp\/v2\/media?parent=91889"}],"wp:term":[{"taxonomy":"category","embeddable":true,"href":"https:\/\/centcols.org\/nl\/wp-json\/wp\/v2\/categories?post=91889"},{"taxonomy":"post_tag","embeddable":true,"href":"https:\/\/centcols.org\/nl\/wp-json\/wp\/v2\/tags?post=91889"}],"curies":[{"name":"wp","href":"https:\/\/api.w.org\/{rel}","templated":true}]}}