{"id":91930,"date":"2025-11-12T20:04:37","date_gmt":"2025-11-12T18:04:37","guid":{"rendered":"https:\/\/centcols.org\/?p=91930"},"modified":"2026-01-22T14:02:47","modified_gmt":"2026-01-22T12:02:47","slug":"la-cyclomontagnarde-de-haute-savoie-06-en-07-juni-2026","status":"publish","type":"post","link":"https:\/\/centcols.org\/nl\/la-cyclomontagnarde-de-haute-savoie-06-et-07-juin-2026\/","title":{"rendered":"La cyclomontagnarde de Haute-Savoie 06 en 07 juni 2026"},"content":{"rendered":"<div style=\"height:50px\" aria-hidden=\"true\" class=\"wp-block-spacer\"><\/div>\n\n\n\n<h2 class=\"wp-block-heading\">Data<\/h2>\n\n\n\n<figure class=\"wp-block-table\"><table class=\"has-fixed-layout\"><tbody><tr><td><strong>Een route van 218 km met 4.3318 m D+.<\/strong>&nbsp;om te doen in 1 dag (<strong>07 juni<\/strong>) of 2 dagen (<strong>06 en 07 juni<\/strong> accommodatie in Samo\u00ebns) om de Alpenvalleien en bergen van de regio Annecy te ontdekken.<\/td><\/tr><tr><td><strong>Drie ontdekkingstochten:<\/strong><br>- een blik op het meer<strong> 35 km en 548 m D+.<\/strong><br>- tussen meren en bergen <strong>75 km en 997 m D+.<\/strong><br>- Onweerstaanbare Gli\u00e8res <strong>120 km en 2300 m D+.<\/strong><br>uit te voeren op zaterdag en\/of zondag<br><\/td><\/tr><tr><td><strong>Twee mountainbikeroutes van 52 km en 1049 m van D+ en een familieroute van 16 km en 318 m van D+.<\/strong> uit te voeren op zaterdag en\/of zondag<\/td><\/tr><\/tbody><\/table><\/figure>\n\n\n\n<div class=\"wp-block-columns is-layout-flex wp-container-core-columns-is-layout-9d6595d7 wp-block-columns-is-layout-flex\">\n<div class=\"wp-block-column is-layout-flow wp-block-column-is-layout-flow\" style=\"flex-basis:66.66%\">\n<p class=\"has-medium-font-size\">V<em><strong>en de uitdaging aan<\/strong><\/em><\/p>\n\n\n\n<p class=\"has-medium-font-size\">Vanuit Annecy kun je steeds hoger en verder klimmen. Als je de stad verlaat, sta je op een balkon dat uitkijkt over het Aravis-massief terwijl je Le Grand Bornand, Le Chinaillon en de Col de la Colombi\u00e8re beklimt. Nadat je bent afgedaald naar Le Reposoir, brengt de Col de Romme je naar de vallei van Faucigny, de thuisbasis van de schroefindustrie.<br>Op weg naar het charmante dorpje in het hart van de Giffre-vallei kom je door Samo\u00ebns, 700 m boven zeeniveau, met uitzicht op de Col de Joux Plane. In de middeleeuwen betekende Samo\u00ebns \u00abde 7 bergen\u00bb. De Col de Joux Plane ligt op een hoogte van 1691 m op de weg tussen Samo\u00ebns en Morzine. De klim vanuit Samo\u00ebns is de bekendste, omdat deze wordt gebruikt door de Tour de France en het Crit\u00e9rium du Dauphin\u00e9.<br>Bij mooi weer kun je vanaf de pas de Mont Blanc zien. De afdaling brengt je naar Morzine, een dorp van 3000 inwoners met typische Savoyaardse architectuur (chalets in bloei).<\/p>\n\n\n\n<figure class=\"wp-block-image size-full\"><img loading=\"lazy\" decoding=\"async\" width=\"768\" height=\"430\" src=\"https:\/\/centcols.org\/wp-content\/uploads\/2025\/11\/CM_2026_Profil_Haute_Savoie-768x430-1.png\" alt=\"\" class=\"wp-image-91939\" srcset=\"https:\/\/centcols.org\/wp-content\/uploads\/2025\/11\/CM_2026_Profil_Haute_Savoie-768x430-1.png 768w, https:\/\/centcols.org\/wp-content\/uploads\/2025\/11\/CM_2026_Profil_Haute_Savoie-768x430-1-18x10.png 18w\" sizes=\"auto, (max-width: 768px) 100vw, 768px\" \/><\/figure>\n\n\n\n<p class=\"has-medium-font-size\">Je komt langs een ander skioord, Les Gets, een gezinsvriendelijke sfeer die de elegantie en dynamiek van een skioord combineert met de charme en elegantie van een ongerept dorp. De ligging op de Col des Gets zorgt het hele jaar door voor een overvloed aan sneeuw en uitzonderlijke zonneschijn. Het hele jaar door kunt u genieten van een breed scala aan culturele en originele activiteiten. Bijvoorbeeld het Mechanische Muziek Museum. <\/p>\n<\/div>\n\n\n\n<div class=\"wp-block-column is-layout-flow wp-block-column-is-layout-flow\" style=\"flex-basis:33.33%\">\n<figure class=\"wp-block-gallery has-nested-images columns-1 is-cropped wp-block-gallery-1 is-layout-flex wp-block-gallery-is-layout-flex\">\n<figure class=\"wp-block-image size-large\"><img loading=\"lazy\" decoding=\"async\" width=\"574\" height=\"242\" data-id=\"91932\" src=\"https:\/\/centcols.org\/wp-content\/uploads\/2025\/11\/Codep-Haute-Savoie.png\" alt=\"\" class=\"wp-image-91932\" srcset=\"https:\/\/centcols.org\/wp-content\/uploads\/2025\/11\/Codep-Haute-Savoie.png 574w, https:\/\/centcols.org\/wp-content\/uploads\/2025\/11\/Codep-Haute-Savoie-18x8.png 18w\" sizes=\"auto, (max-width: 574px) 100vw, 574px\" \/><\/figure>\n\n\n\n<figure class=\"wp-block-image size-large\"><a href=\"https:\/\/centcols.org\/wp-content\/uploads\/2025\/11\/FR-74-1613-Col-de-la-Colombiere-vue-du-col-4.jpg\"><img loading=\"lazy\" decoding=\"async\" width=\"1200\" height=\"900\" data-id=\"91945\" src=\"https:\/\/centcols.org\/wp-content\/uploads\/2025\/11\/FR-74-1613-Col-de-la-Colombiere-vue-du-col-4.jpg\" alt=\"\" class=\"wp-image-91945\" srcset=\"https:\/\/centcols.org\/wp-content\/uploads\/2025\/11\/FR-74-1613-Col-de-la-Colombiere-vue-du-col-4.jpg 1200w, https:\/\/centcols.org\/wp-content\/uploads\/2025\/11\/FR-74-1613-Col-de-la-Colombiere-vue-du-col-4-768x576.jpg 768w, https:\/\/centcols.org\/wp-content\/uploads\/2025\/11\/FR-74-1613-Col-de-la-Colombiere-vue-du-col-4-16x12.jpg 16w\" sizes=\"auto, (max-width: 1200px) 100vw, 1200px\" \/><\/a><figcaption class=\"wp-element-caption\">Uitzicht op de Col de la Colombi\u00e8re<\/figcaption><\/figure>\n<\/figure>\n<\/div>\n<\/div>\n\n\n\n<div class=\"wp-block-columns is-layout-flex wp-container-core-columns-is-layout-9d6595d7 wp-block-columns-is-layout-flex\">\n<div class=\"wp-block-column is-layout-flow wp-block-column-is-layout-flow\" style=\"flex-basis:66.66%\">\n<p class=\"has-medium-font-size\">Nadat je de vallei van Faucigny een tweede keer bent doorkruist, voert de terugweg je over de Col des Fleuries, een klim van 8 km met een stijging van 380 m, en stort je in het dorp Thorens, de geboorteplaats van Saint Fran\u00e7ois de Sales, een katholieke priester die bisschop werd en een van de meest gewaardeerde theologen van zijn tijd. Hij had veel invloed op de plaatselijke adel. Hij werd uitgeroepen tot heilige en doctor van de kerk en wordt beschouwd als de beschermheilige van journalisten en schrijvers. Het Ch\u00e2teau de Thorens bewaart zijn voorwerpen en kunstwerken, in het bijzonder het liturgische zilverwerk, bisschoppelijke schuilplaatsen, zegels en zeldzame boeken. Vlakbij de ingang van het kasteel zijn verfrissingen verkrijgbaar.<\/p>\n<\/div>\n\n\n\n<div class=\"wp-block-column is-layout-flow wp-block-column-is-layout-flow\" style=\"flex-basis:33.33%\"><div class=\"wp-block-image\">\n<figure class=\"aligncenter size-full\"><a href=\"https:\/\/centcols.org\/wp-content\/uploads\/2025\/11\/facade-chateaudethorens.webp\"><img loading=\"lazy\" decoding=\"async\" width=\"1080\" height=\"720\" src=\"https:\/\/centcols.org\/wp-content\/uploads\/2025\/11\/facade-chateaudethorens.webp\" alt=\"\" class=\"wp-image-91949\" srcset=\"https:\/\/centcols.org\/wp-content\/uploads\/2025\/11\/facade-chateaudethorens.webp 1080w, https:\/\/centcols.org\/wp-content\/uploads\/2025\/11\/facade-chateaudethorens-768x512.webp 768w, https:\/\/centcols.org\/wp-content\/uploads\/2025\/11\/facade-chateaudethorens-18x12.webp 18w\" sizes=\"auto, (max-width: 1080px) 100vw, 1080px\" \/><\/a><figcaption class=\"wp-element-caption\">Kasteel van Thorens<\/figcaption><\/figure>\n<\/div><\/div>\n<\/div>\n\n\n\n<div class=\"wp-block-buttons is-layout-flex wp-block-buttons-is-layout-flex\">\n<div class=\"wp-block-button\"><a class=\"wp-block-button__link wp-element-button\" href=\"https:\/\/cyclomontagnarde-annecy.com\/infos-pratiques\/\" target=\"_blank\" rel=\"noreferrer noopener\">Alle info hier<\/a><\/div>\n<\/div>\n\n\n\n<p><\/p>","protected":false},"excerpt":{"rendered":"<p>Dates Un parcours de 218 km et 4 3318 m de D+&nbsp;\u00e0 faire en 1 jour (07 juin) ou 2 jours (06 et 07 juin h\u00e9bergement \u00e0 Samo\u00ebns) pour d\u00e9couvrir les vall\u00e9es et montagnes alpines de la r\u00e9gion ann\u00e9cienne. Trois parcours d\u00e9couvertes :&#8211; cIin d&rsquo;oeil sur le lac de 35 km et 548 m de [&hellip;]<\/p>\n","protected":false},"author":64,"featured_media":91945,"comment_status":"closed","ping_status":"closed","sticky":false,"template":"","format":"standard","meta":{"_acf_changed":false,"footnotes":""},"categories":[135,423],"tags":[],"class_list":["post-91930","post","type-post","status-publish","format-standard","has-post-thumbnail","hentry","category-calendrier","category-cyclomontagnardes"],"acf":[],"yoast_head":"<!-- This site is optimized with the Yoast SEO plugin v27.2 - https:\/\/yoast.com\/product\/yoast-seo-wordpress\/ -->\n<title>La cyclomontagnarde de Haute-Savoie 06 et 07 juin 2026 - Club des Cent Cols<\/title>\n<meta name=\"robots\" content=\"index, follow, max-snippet:-1, max-image-preview:large, max-video-preview:-1\" \/>\n<link rel=\"canonical\" href=\"https:\/\/centcols.org\/nl\/la-cyclomontagnarde-de-haute-savoie-06-en-07-juni-2026\/\" \/>\n<meta property=\"og:locale\" content=\"nl_BE\" \/>\n<meta property=\"og:type\" content=\"article\" \/>\n<meta property=\"og:title\" content=\"La cyclomontagnarde de Haute-Savoie 06 et 07 juin 2026 - Club des Cent Cols\" \/>\n<meta property=\"og:description\" content=\"Dates Un parcours de 218 km et 4 3318 m de D+&nbsp;\u00e0 faire en 1 jour (07 juin) ou 2 jours (06 et 07 juin h\u00e9bergement \u00e0 Samo\u00ebns) pour d\u00e9couvrir les vall\u00e9es et montagnes alpines de la r\u00e9gion ann\u00e9cienne. Trois parcours d\u00e9couvertes :&#8211; cIin d&rsquo;oeil sur le lac de 35 km et 548 m de [&hellip;]\" \/>\n<meta property=\"og:url\" content=\"https:\/\/centcols.org\/nl\/la-cyclomontagnarde-de-haute-savoie-06-en-07-juni-2026\/\" \/>\n<meta property=\"og:site_name\" content=\"Club des Cent Cols\" \/>\n<meta property=\"article:publisher\" content=\"https:\/\/www.facebook.com\/groups\/5261880558\/?locale=fr_FR\" \/>\n<meta property=\"article:published_time\" content=\"2025-11-12T18:04:37+00:00\" \/>\n<meta property=\"article:modified_time\" content=\"2026-01-22T12:02:47+00:00\" \/>\n<meta property=\"og:image\" content=\"https:\/\/centcols.org\/wp-content\/uploads\/2025\/11\/FR-74-1613-Col-de-la-Colombiere-vue-du-col-4.jpg\" \/>\n\t<meta property=\"og:image:width\" content=\"1200\" \/>\n\t<meta property=\"og:image:height\" content=\"900\" \/>\n\t<meta property=\"og:image:type\" content=\"image\/jpeg\" \/>\n<meta name=\"author\" content=\"Christophe Badonnel\" \/>\n<meta name=\"twitter:card\" content=\"summary_large_image\" \/>\n<meta name=\"twitter:label1\" content=\"Geschreven door\" \/>\n\t<meta name=\"twitter:data1\" content=\"Christophe Badonnel\" \/>\n\t<meta name=\"twitter:label2\" content=\"Geschatte leestijd\" \/>\n\t<meta name=\"twitter:data2\" content=\"4 minuten\" \/>\n<script type=\"application\/ld+json\" class=\"yoast-schema-graph\">{\"@context\":\"https:\/\/schema.org\",\"@graph\":[{\"@type\":\"Article\",\"@id\":\"https:\/\/centcols.org\/de\/la-cyclomontagnarde-de-haute-savoie-06-et-07-juin-2026\/#article\",\"isPartOf\":{\"@id\":\"https:\/\/centcols.org\/de\/la-cyclomontagnarde-de-haute-savoie-06-et-07-juin-2026\/\"},\"author\":{\"name\":\"Christophe Badonnel\",\"@id\":\"https:\/\/centcols.org\/#\/schema\/person\/5c1a9d61132fb33ccec149272abff6e1\"},\"headline\":\"La cyclomontagnarde de Haute-Savoie 06 et 07 juin 2026\",\"datePublished\":\"2025-11-12T18:04:37+00:00\",\"dateModified\":\"2026-01-22T12:02:47+00:00\",\"mainEntityOfPage\":{\"@id\":\"https:\/\/centcols.org\/de\/la-cyclomontagnarde-de-haute-savoie-06-et-07-juin-2026\/\"},\"wordCount\":539,\"publisher\":{\"@id\":\"https:\/\/centcols.org\/#organization\"},\"image\":{\"@id\":\"https:\/\/centcols.org\/de\/la-cyclomontagnarde-de-haute-savoie-06-et-07-juin-2026\/#primaryimage\"},\"thumbnailUrl\":\"https:\/\/centcols.org\/wp-content\/uploads\/2025\/11\/FR-74-1613-Col-de-la-Colombiere-vue-du-col-4.jpg\",\"articleSection\":[\"Calendrier\",\"Cyclomontagnardes\"],\"inLanguage\":\"nl-BE\"},{\"@type\":\"WebPage\",\"@id\":\"https:\/\/centcols.org\/de\/la-cyclomontagnarde-de-haute-savoie-06-et-07-juin-2026\/\",\"url\":\"https:\/\/centcols.org\/de\/la-cyclomontagnarde-de-haute-savoie-06-et-07-juin-2026\/\",\"name\":\"La cyclomontagnarde de Haute-Savoie 06 et 07 juin 2026 - Club des Cent Cols\",\"isPartOf\":{\"@id\":\"https:\/\/centcols.org\/#website\"},\"primaryImageOfPage\":{\"@id\":\"https:\/\/centcols.org\/de\/la-cyclomontagnarde-de-haute-savoie-06-et-07-juin-2026\/#primaryimage\"},\"image\":{\"@id\":\"https:\/\/centcols.org\/de\/la-cyclomontagnarde-de-haute-savoie-06-et-07-juin-2026\/#primaryimage\"},\"thumbnailUrl\":\"https:\/\/centcols.org\/wp-content\/uploads\/2025\/11\/FR-74-1613-Col-de-la-Colombiere-vue-du-col-4.jpg\",\"datePublished\":\"2025-11-12T18:04:37+00:00\",\"dateModified\":\"2026-01-22T12:02:47+00:00\",\"breadcrumb\":{\"@id\":\"https:\/\/centcols.org\/de\/la-cyclomontagnarde-de-haute-savoie-06-et-07-juin-2026\/#breadcrumb\"},\"inLanguage\":\"nl-BE\",\"potentialAction\":[{\"@type\":\"ReadAction\",\"target\":[\"https:\/\/centcols.org\/de\/la-cyclomontagnarde-de-haute-savoie-06-et-07-juin-2026\/\"]}]},{\"@type\":\"ImageObject\",\"inLanguage\":\"nl-BE\",\"@id\":\"https:\/\/centcols.org\/de\/la-cyclomontagnarde-de-haute-savoie-06-et-07-juin-2026\/#primaryimage\",\"url\":\"https:\/\/centcols.org\/wp-content\/uploads\/2025\/11\/FR-74-1613-Col-de-la-Colombiere-vue-du-col-4.jpg\",\"contentUrl\":\"https:\/\/centcols.org\/wp-content\/uploads\/2025\/11\/FR-74-1613-Col-de-la-Colombiere-vue-du-col-4.jpg\",\"width\":1200,\"height\":900,\"caption\":\"Vue sur le col de la Colombi\u00e8re\"},{\"@type\":\"BreadcrumbList\",\"@id\":\"https:\/\/centcols.org\/de\/la-cyclomontagnarde-de-haute-savoie-06-et-07-juin-2026\/#breadcrumb\",\"itemListElement\":[{\"@type\":\"ListItem\",\"position\":1,\"name\":\"Accueil\",\"item\":\"https:\/\/centcols.org\/\"},{\"@type\":\"ListItem\",\"position\":2,\"name\":\"Cyclomontagnardes\",\"item\":\"https:\/\/centcols.org\/rubrique\/cyclomontagnardes\/\"},{\"@type\":\"ListItem\",\"position\":3,\"name\":\"La cyclomontagnarde de Haute-Savoie 06 et 07 juin 2026\"}]},{\"@type\":\"WebSite\",\"@id\":\"https:\/\/centcols.org\/#website\",\"url\":\"https:\/\/centcols.org\/\",\"name\":\"Club des Cent Cols\",\"description\":\"\",\"publisher\":{\"@id\":\"https:\/\/centcols.org\/#organization\"},\"potentialAction\":[{\"@type\":\"SearchAction\",\"target\":{\"@type\":\"EntryPoint\",\"urlTemplate\":\"https:\/\/centcols.org\/?s={search_term_string}\"},\"query-input\":{\"@type\":\"PropertyValueSpecification\",\"valueRequired\":true,\"valueName\":\"search_term_string\"}}],\"inLanguage\":\"nl-BE\"},{\"@type\":\"Organization\",\"@id\":\"https:\/\/centcols.org\/#organization\",\"name\":\"Club des Cent Cols\",\"url\":\"https:\/\/centcols.org\/\",\"logo\":{\"@type\":\"ImageObject\",\"inLanguage\":\"nl-BE\",\"@id\":\"https:\/\/centcols.org\/#\/schema\/logo\/image\/\",\"url\":\"https:\/\/centcols.org\/wp-content\/uploads\/2025\/01\/carte-icone.png\",\"contentUrl\":\"https:\/\/centcols.org\/wp-content\/uploads\/2025\/01\/carte-icone.png\",\"width\":250,\"height\":250,\"caption\":\"Club des Cent Cols\"},\"image\":{\"@id\":\"https:\/\/centcols.org\/#\/schema\/logo\/image\/\"},\"sameAs\":[\"https:\/\/www.facebook.com\/groups\/5261880558\/?locale=fr_FR\"]},{\"@type\":\"Person\",\"@id\":\"https:\/\/centcols.org\/#\/schema\/person\/5c1a9d61132fb33ccec149272abff6e1\",\"name\":\"Christophe Badonnel\",\"image\":{\"@type\":\"ImageObject\",\"inLanguage\":\"nl-BE\",\"@id\":\"https:\/\/centcols.org\/wp-content\/litespeed\/avatar\/9f363966b51271bd99ebbb6ebd632889.jpg?ver=1777238111\",\"url\":\"https:\/\/centcols.org\/wp-content\/litespeed\/avatar\/9f363966b51271bd99ebbb6ebd632889.jpg?ver=1777238111\",\"contentUrl\":\"https:\/\/centcols.org\/wp-content\/litespeed\/avatar\/9f363966b51271bd99ebbb6ebd632889.jpg?ver=1777238111\",\"caption\":\"Christophe Badonnel\"},\"url\":\"https:\/\/centcols.org\/nl\/author\/5799\/\"}]}<\/script>\n<!-- \/ Yoast SEO plugin. -->","yoast_head_json":{"title":"La cyclomontagnarde de Haute-Savoie 06 en 07 juni 2026 - Club des Cent Cols","robots":{"index":"index","follow":"follow","max-snippet":"max-snippet:-1","max-image-preview":"max-image-preview:large","max-video-preview":"max-video-preview:-1"},"canonical":"https:\/\/centcols.org\/nl\/la-cyclomontagnarde-de-haute-savoie-06-en-07-juni-2026\/","og_locale":"nl_BE","og_type":"article","og_title":"La cyclomontagnarde de Haute-Savoie 06 et 07 juin 2026 - Club des Cent Cols","og_description":"Dates Un parcours de 218 km et 4 3318 m de D+&nbsp;\u00e0 faire en 1 jour (07 juin) ou 2 jours (06 et 07 juin h\u00e9bergement \u00e0 Samo\u00ebns) pour d\u00e9couvrir les vall\u00e9es et montagnes alpines de la r\u00e9gion ann\u00e9cienne. Trois parcours d\u00e9couvertes :&#8211; cIin d&rsquo;oeil sur le lac de 35 km et 548 m de [&hellip;]","og_url":"https:\/\/centcols.org\/nl\/la-cyclomontagnarde-de-haute-savoie-06-en-07-juni-2026\/","og_site_name":"Club des Cent Cols","article_publisher":"https:\/\/www.facebook.com\/groups\/5261880558\/?locale=fr_FR","article_published_time":"2025-11-12T18:04:37+00:00","article_modified_time":"2026-01-22T12:02:47+00:00","og_image":[{"width":1200,"height":900,"url":"https:\/\/centcols.org\/wp-content\/uploads\/2025\/11\/FR-74-1613-Col-de-la-Colombiere-vue-du-col-4.jpg","type":"image\/jpeg"}],"author":"Christophe Badonnel","twitter_card":"summary_large_image","twitter_misc":{"Geschreven door":"Christophe Badonnel","Geschatte leestijd":"4 minuten"},"schema":{"@context":"https:\/\/schema.org","@graph":[{"@type":"Article","@id":"https:\/\/centcols.org\/de\/la-cyclomontagnarde-de-haute-savoie-06-et-07-juin-2026\/#article","isPartOf":{"@id":"https:\/\/centcols.org\/de\/la-cyclomontagnarde-de-haute-savoie-06-et-07-juin-2026\/"},"author":{"name":"Christophe Badonnel","@id":"https:\/\/centcols.org\/#\/schema\/person\/5c1a9d61132fb33ccec149272abff6e1"},"headline":"La cyclomontagnarde de Haute-Savoie 06 et 07 juin 2026","datePublished":"2025-11-12T18:04:37+00:00","dateModified":"2026-01-22T12:02:47+00:00","mainEntityOfPage":{"@id":"https:\/\/centcols.org\/de\/la-cyclomontagnarde-de-haute-savoie-06-et-07-juin-2026\/"},"wordCount":539,"publisher":{"@id":"https:\/\/centcols.org\/#organization"},"image":{"@id":"https:\/\/centcols.org\/de\/la-cyclomontagnarde-de-haute-savoie-06-et-07-juin-2026\/#primaryimage"},"thumbnailUrl":"https:\/\/centcols.org\/wp-content\/uploads\/2025\/11\/FR-74-1613-Col-de-la-Colombiere-vue-du-col-4.jpg","articleSection":["Calendrier","Cyclomontagnardes"],"inLanguage":"nl-BE"},{"@type":"WebPage","@id":"https:\/\/centcols.org\/de\/la-cyclomontagnarde-de-haute-savoie-06-et-07-juin-2026\/","url":"https:\/\/centcols.org\/de\/la-cyclomontagnarde-de-haute-savoie-06-et-07-juin-2026\/","name":"La cyclomontagnarde de Haute-Savoie 06 en 07 juni 2026 - Club des Cent Cols","isPartOf":{"@id":"https:\/\/centcols.org\/#website"},"primaryImageOfPage":{"@id":"https:\/\/centcols.org\/de\/la-cyclomontagnarde-de-haute-savoie-06-et-07-juin-2026\/#primaryimage"},"image":{"@id":"https:\/\/centcols.org\/de\/la-cyclomontagnarde-de-haute-savoie-06-et-07-juin-2026\/#primaryimage"},"thumbnailUrl":"https:\/\/centcols.org\/wp-content\/uploads\/2025\/11\/FR-74-1613-Col-de-la-Colombiere-vue-du-col-4.jpg","datePublished":"2025-11-12T18:04:37+00:00","dateModified":"2026-01-22T12:02:47+00:00","breadcrumb":{"@id":"https:\/\/centcols.org\/de\/la-cyclomontagnarde-de-haute-savoie-06-et-07-juin-2026\/#breadcrumb"},"inLanguage":"nl-BE","potentialAction":[{"@type":"ReadAction","target":["https:\/\/centcols.org\/de\/la-cyclomontagnarde-de-haute-savoie-06-et-07-juin-2026\/"]}]},{"@type":"ImageObject","inLanguage":"nl-BE","@id":"https:\/\/centcols.org\/de\/la-cyclomontagnarde-de-haute-savoie-06-et-07-juin-2026\/#primaryimage","url":"https:\/\/centcols.org\/wp-content\/uploads\/2025\/11\/FR-74-1613-Col-de-la-Colombiere-vue-du-col-4.jpg","contentUrl":"https:\/\/centcols.org\/wp-content\/uploads\/2025\/11\/FR-74-1613-Col-de-la-Colombiere-vue-du-col-4.jpg","width":1200,"height":900,"caption":"Vue sur le col de la Colombi\u00e8re"},{"@type":"BreadcrumbList","@id":"https:\/\/centcols.org\/de\/la-cyclomontagnarde-de-haute-savoie-06-et-07-juin-2026\/#breadcrumb","itemListElement":[{"@type":"ListItem","position":1,"name":"Accueil","item":"https:\/\/centcols.org\/"},{"@type":"ListItem","position":2,"name":"Cyclomontagnardes","item":"https:\/\/centcols.org\/rubrique\/cyclomontagnardes\/"},{"@type":"ListItem","position":3,"name":"La cyclomontagnarde de Haute-Savoie 06 et 07 juin 2026"}]},{"@type":"WebSite","@id":"https:\/\/centcols.org\/#website","url":"https:\/\/centcols.org\/","name":"Club van Cent Cols","description":"","publisher":{"@id":"https:\/\/centcols.org\/#organization"},"potentialAction":[{"@type":"SearchAction","target":{"@type":"EntryPoint","urlTemplate":"https:\/\/centcols.org\/?s={search_term_string}"},"query-input":{"@type":"PropertyValueSpecification","valueRequired":true,"valueName":"search_term_string"}}],"inLanguage":"nl-BE"},{"@type":"Organization","@id":"https:\/\/centcols.org\/#organization","name":"Club van Cent Cols","url":"https:\/\/centcols.org\/","logo":{"@type":"ImageObject","inLanguage":"nl-BE","@id":"https:\/\/centcols.org\/#\/schema\/logo\/image\/","url":"https:\/\/centcols.org\/wp-content\/uploads\/2025\/01\/carte-icone.png","contentUrl":"https:\/\/centcols.org\/wp-content\/uploads\/2025\/01\/carte-icone.png","width":250,"height":250,"caption":"Club des Cent Cols"},"image":{"@id":"https:\/\/centcols.org\/#\/schema\/logo\/image\/"},"sameAs":["https:\/\/www.facebook.com\/groups\/5261880558\/?locale=fr_FR"]},{"@type":"Person","@id":"https:\/\/centcols.org\/#\/schema\/person\/5c1a9d61132fb33ccec149272abff6e1","name":"Christophe Badonnel","image":{"@type":"ImageObject","inLanguage":"nl-BE","@id":"https:\/\/centcols.org\/wp-content\/litespeed\/avatar\/9f363966b51271bd99ebbb6ebd632889.jpg?ver=1777238111","url":"https:\/\/centcols.org\/wp-content\/litespeed\/avatar\/9f363966b51271bd99ebbb6ebd632889.jpg?ver=1777238111","contentUrl":"https:\/\/centcols.org\/wp-content\/litespeed\/avatar\/9f363966b51271bd99ebbb6ebd632889.jpg?ver=1777238111","caption":"Christophe Badonnel"},"url":"https:\/\/centcols.org\/nl\/author\/5799\/"}]}},"_links":{"self":[{"href":"https:\/\/centcols.org\/nl\/wp-json\/wp\/v2\/posts\/91930","targetHints":{"allow":["GET"]}}],"collection":[{"href":"https:\/\/centcols.org\/nl\/wp-json\/wp\/v2\/posts"}],"about":[{"href":"https:\/\/centcols.org\/nl\/wp-json\/wp\/v2\/types\/post"}],"author":[{"embeddable":true,"href":"https:\/\/centcols.org\/nl\/wp-json\/wp\/v2\/users\/64"}],"replies":[{"embeddable":true,"href":"https:\/\/centcols.org\/nl\/wp-json\/wp\/v2\/comments?post=91930"}],"version-history":[{"count":0,"href":"https:\/\/centcols.org\/nl\/wp-json\/wp\/v2\/posts\/91930\/revisions"}],"wp:featuredmedia":[{"embeddable":true,"href":"https:\/\/centcols.org\/nl\/wp-json\/wp\/v2\/media\/91945"}],"wp:attachment":[{"href":"https:\/\/centcols.org\/nl\/wp-json\/wp\/v2\/media?parent=91930"}],"wp:term":[{"taxonomy":"category","embeddable":true,"href":"https:\/\/centcols.org\/nl\/wp-json\/wp\/v2\/categories?post=91930"},{"taxonomy":"post_tag","embeddable":true,"href":"https:\/\/centcols.org\/nl\/wp-json\/wp\/v2\/tags?post=91930"}],"curies":[{"name":"wp","href":"https:\/\/api.w.org\/{rel}","templated":true}]}}