{"id":92010,"date":"2025-11-15T01:32:00","date_gmt":"2025-11-14T23:32:00","guid":{"rendered":"https:\/\/centcols.org\/?p=92010"},"modified":"2026-03-23T19:41:26","modified_gmt":"2026-03-23T17:41:26","slug":"fr-34-lamalou-les-bains","status":"publish","type":"post","link":"https:\/\/centcols.org\/nl\/fr-34-lamalou-les-bains\/","title":{"rendered":"FR-34 Lamalou-les-Bains - Weg 97 km, D+ 2100 m, 17 passen"},"content":{"rendered":"<iframe width=\"100%\" height=\"650\" loading=\"lazy\" src=\"https:\/\/www.openrunner.com\/embed\/33457736586466593744703348486b706f444668523542593951716c6f37587772614973676d5a794350343d3a3a611e71f983da9f5c9e1da047272932a3?unit=metric\" style=\"border: none;\"><\/iframe>\n\n\n\n<div style=\"height:30px\" aria-hidden=\"true\" class=\"wp-block-spacer\"><\/div>\n\n\n\n<h2 class=\"wp-block-heading\">Beschrijving auteur<\/h2>\n\n\n\n<p><strong>Auteur&nbsp;<\/strong>Ren\u00e9 Mercier<br><strong>Cursus&nbsp;<\/strong>Voltooid in april 2022<br><strong>Vertrek&nbsp;<\/strong>Lamalou-les-Bains, in het stadscentrum vanaf de parkeerplaats Halles op de Place Fernand Gouges. Er zijn genoeg parkeergarages in de stad.<\/p>\n\n\n\n<div style=\"height:30px\" aria-hidden=\"true\" class=\"wp-block-spacer\"><\/div>\n\n\n\n<h2 class=\"wp-block-heading\">Toeristische informatie<\/h2>\n\n\n\n<p>De route begint in het kuuroord Lamalou-les-Bains en maakt halverwege een uitstapje naar de Aveyron en de Tarn. De terugweg in de H\u00e9rault loopt langs de bron van de Ago\u00fbt en de top van het massief van Espinouse, en vervolgens langs het massief van Caroux en het bos van de strijdende schrijvers. Dit bos eert enkele honderden schrijvers die zijn omgekomen in de twee wereldoorlogen: een wandeling door dit massief is bezaaid met gedenkstenen. Bij de ingang van Lamalou-les Bains loopt u onder een oud viaduct door dat een groene fietsroute is geworden die B\u00e9darieux over een afstand van 80 km met Mazamet verbindt (de Passa Pa\u00efs).<\/p>\n\n\n\n<div style=\"height:30px\" aria-hidden=\"true\" class=\"wp-block-spacer\"><\/div>\n\n\n\n<h2 class=\"wp-block-heading\">Technische specificaties<\/h2>\n\n\n\n<p>De route is bijna 100%. Alleen de Col de la Plane is toegankelijk via een 200 meter lang R1-pad.<br>Lamalou-les-Bains: kuuroord met casino, winkels, enz.<br>Verschillende waterpunten in Saint-Gervais-sur-Mare, waaronder \u00e9\u00e9n voor de gendarmerie op de route.<\/p>\n\n\n\n<div style=\"height:30px\" aria-hidden=\"true\" class=\"wp-block-spacer\"><\/div>\n\n\n\n<p><strong>17 halsbanden<\/strong><\/p>\n\n\n\n<figure class=\"wp-block-table tableau-cols\"><table class=\"has-background\" style=\"background-color:#f0f0f0\"><tbody><tr><td>1 - Kolk van Pierre Plant\u00e9e<\/td><td class=\"has-text-align-center\" data-align=\"center\">509 m<\/td><td><a href=\"https:\/\/centcols.org\/nl\/util\/geo\/visu.php\/?code=FR-34-0509\" target=\"_blank\" rel=\"noreferrer noopener\">FR-34-0509<\/a><\/td><\/tr><tr><td>2 - Kolk van de lucht<\/td><td class=\"has-text-align-center\" data-align=\"center\">580 m<\/td><td><a href=\"https:\/\/centcols.org\/nl\/util\/geo\/visu.php\/?code=FR-34-0580b\" target=\"_blank\" rel=\"noreferrer noopener\">FR-34-0580b<\/a><\/td><\/tr><tr><td>3 - Col des Vignes<\/td><td class=\"has-text-align-center\" data-align=\"center\">413 m<\/td><td><a href=\"https:\/\/centcols.org\/nl\/util\/geo\/visu.php\/?code=FR-34-0413\" target=\"_blank\" rel=\"noreferrer noopener\">FR-34-0413<\/a><\/td><\/tr><tr><td>4 - Col de Sals<\/td><td class=\"has-text-align-center\" data-align=\"center\">475 m<\/td><td><a href=\"https:\/\/centcols.org\/nl\/util\/geo\/visu.php\/?code=FR-34-0475b\" target=\"_blank\" rel=\"noreferrer noopener\">FR-34-0475b<\/a><\/td><\/tr><tr><td>5 - Col des Taregals<\/td><td class=\"has-text-align-center\" data-align=\"center\">435 m<\/td><td><a href=\"https:\/\/centcols.org\/nl\/util\/geo\/visu.php\/?code=FR-34-0435\" target=\"_blank\" rel=\"noreferrer noopener\">FR-34-0435<\/a><\/td><\/tr><tr><td>6 - Kol du Plo<\/td><td class=\"has-text-align-center\" data-align=\"center\">521 m<\/td><td><a href=\"https:\/\/centcols.org\/nl\/util\/geo\/visu.php\/?code=FR-34-0521\" target=\"_blank\" rel=\"noreferrer noopener\">FR-34-0521<\/a><\/td><\/tr><tr><td>7 - Col de la Croix de Mounis<\/td><td class=\"has-text-align-center\" data-align=\"center\">808 m<\/td><td><a href=\"https:\/\/centcols.org\/nl\/util\/geo\/visu.php\/?code=FR-34-0810\" target=\"_blank\" rel=\"noreferrer noopener\">FR-34-0810<\/a><\/td><\/tr><tr><td>8 - Col de Coustel<\/td><td class=\"has-text-align-center\" data-align=\"center\">883 m<\/td><td><a href=\"https:\/\/centcols.org\/nl\/util\/geo\/visu.php\/?code=FR-12-0883a\" target=\"_blank\" rel=\"noreferrer noopener\">FR-12-0883a<\/a><\/td><\/tr><tr><td>9 - Col del Par<\/td><td class=\"has-text-align-center\" data-align=\"center\">864 m<\/td><td><a href=\"https:\/\/centcols.org\/nl\/util\/geo\/visu.php\/?code=FR-81-0864\" target=\"_blank\" rel=\"noreferrer noopener\">FR-81-0864<\/a><\/td><\/tr><tr><td>10 - Col de Ginestet<\/td><td class=\"has-text-align-center\" data-align=\"center\">889 m<\/td><td><a href=\"https:\/\/centcols.org\/nl\/util\/geo\/visu.php\/?code=FR-34-0889\" target=\"_blank\" rel=\"noreferrer noopener\">FR-34-0889<\/a><\/td><\/tr><tr><td>11 - Col de l'Espinouse<\/td><td class=\"has-text-align-center\" data-align=\"center\">1119 m<\/td><td><a href=\"https:\/\/centcols.org\/nl\/util\/geo\/visu.php\/?code=FR-34-1100\" target=\"_blank\" rel=\"noreferrer noopener\">FR-34-1100<\/a><\/td><\/tr><tr><td>12 - Pas de la Lauze<\/td><td class=\"has-text-align-center\" data-align=\"center\">976 m<\/td><td><a href=\"https:\/\/centcols.org\/nl\/util\/geo\/visu.php\/?code=FR-34-0976\" target=\"_blank\" rel=\"noreferrer noopener\">FR-34-0976<\/a><\/td><\/tr><tr><td>13 - Col de l'Ourtigas<\/td><td class=\"has-text-align-center\" data-align=\"center\">988 m<\/td><td><a href=\"https:\/\/centcols.org\/nl\/util\/geo\/visu.php\/?code=FR-34-0988\" target=\"_blank\" rel=\"noreferrer noopener\">FR-34-0988<\/a><\/td><\/tr><tr><td>14 - Col de la Plane<\/td><td class=\"has-text-align-center\" data-align=\"center\">925 m<\/td><td><a href=\"https:\/\/centcols.org\/nl\/util\/geo\/visu.php\/?code=FR-34-0925\" target=\"_blank\" rel=\"noreferrer noopener\">FR-34-0925<\/a><\/td><\/tr><tr><td>15 - Col des Avels<\/td><td class=\"has-text-align-center\" data-align=\"center\">803 m<\/td><td><a href=\"https:\/\/centcols.org\/nl\/util\/geo\/visu.php\/?code=FR-34-0803\" target=\"_blank\" rel=\"noreferrer noopener\">FR-34-0803<\/a><\/td><\/tr><tr><td>16 - Col de Madale<\/td><td class=\"has-text-align-center\" data-align=\"center\">691 m<\/td><td><a href=\"https:\/\/centcols.org\/nl\/util\/geo\/visu.php\/?code=FR-34-0691a\" target=\"_blank\" rel=\"noreferrer noopener\">FR-34-0691a<\/a><\/td><\/tr><tr><td>17 - Prinsenlaan<\/td><td class=\"has-text-align-center\" data-align=\"center\">588 m<\/td><td><a href=\"https:\/\/centcols.org\/nl\/util\/geo\/visu.php\/?code=FR-34-0588\" target=\"_blank\" rel=\"noreferrer noopener\">FR-34-0588<\/a><\/td><\/tr><\/tbody><\/table><\/figure>\n\n\n\n<p><strong>Trefwoorden<\/strong>&nbsp;Lamalou-les-Bains, Espinouse, Caroux, centcols<\/p>\n\n\n\n<p>Openrunner link, interactieve kaart, profiel, track : <a href=\"https:\/\/www.openrunner.com\/route-details\/22873433\" target=\"_blank\" rel=\"noreferrer noopener\">https:\/\/www.openrunner.com\/route-details\/22785004<\/a><\/p>\n\n\n\n<p>Deze routebeschrijving wordt slechts ter indicatie aangeboden. De auteur aanvaardt geen aansprakelijkheid, noch die van de Club des Cent Cols, voor eventuele onberekenbaarheden die te wijten zijn aan de fietser zelf, het gebruikte materiaal of alles wat te maken heeft met de weg, paden en wegen, hun omgeving of andere gebruikers.<\/p>\n\n\n\n<div style=\"height:30px\" aria-hidden=\"true\" class=\"wp-block-spacer\"><\/div>\n\n\n\n<h2 class=\"wp-block-heading\">Foto's<\/h2>\n\n\n\n<figure class=\"wp-block-gallery has-nested-images columns-default is-cropped wp-block-gallery-1 is-layout-flex wp-block-gallery-is-layout-flex\">\n<figure class=\"wp-block-image size-large\"><a href=\"https:\/\/centcols.org\/wp-content\/uploads\/2025\/11\/2022-04-Vers-Lamalou-la-foret-des-ecrivains-combattants.jpg\"><img loading=\"lazy\" decoding=\"async\" width=\"1200\" height=\"1600\" data-id=\"92009\" src=\"https:\/\/centcols.org\/wp-content\/uploads\/2025\/11\/2022-04-Vers-Lamalou-la-foret-des-ecrivains-combattants.jpg\" alt=\"\" class=\"wp-image-92009\" srcset=\"https:\/\/centcols.org\/wp-content\/uploads\/2025\/11\/2022-04-Vers-Lamalou-la-foret-des-ecrivains-combattants.jpg 1200w, https:\/\/centcols.org\/wp-content\/uploads\/2025\/11\/2022-04-Vers-Lamalou-la-foret-des-ecrivains-combattants-900x1200.jpg 900w, https:\/\/centcols.org\/wp-content\/uploads\/2025\/11\/2022-04-Vers-Lamalou-la-foret-des-ecrivains-combattants-768x1024.jpg 768w, https:\/\/centcols.org\/wp-content\/uploads\/2025\/11\/2022-04-Vers-Lamalou-la-foret-des-ecrivains-combattants-1152x1536.jpg 1152w, https:\/\/centcols.org\/wp-content\/uploads\/2025\/11\/2022-04-Vers-Lamalou-la-foret-des-ecrivains-combattants-9x12.jpg 9w\" sizes=\"auto, (max-width: 1200px) 100vw, 1200px\" \/><\/a><\/figure>\n\n\n\n<figure class=\"wp-block-image size-large\"><a href=\"https:\/\/centcols.org\/wp-content\/uploads\/2025\/11\/2022-04-Reserve-nationale-du-Caroux-Espinouse.jpg\"><img loading=\"lazy\" decoding=\"async\" width=\"1200\" height=\"900\" data-id=\"92008\" src=\"https:\/\/centcols.org\/wp-content\/uploads\/2025\/11\/2022-04-Reserve-nationale-du-Caroux-Espinouse.jpg\" alt=\"\" class=\"wp-image-92008\" srcset=\"https:\/\/centcols.org\/wp-content\/uploads\/2025\/11\/2022-04-Reserve-nationale-du-Caroux-Espinouse.jpg 1200w, https:\/\/centcols.org\/wp-content\/uploads\/2025\/11\/2022-04-Reserve-nationale-du-Caroux-Espinouse-768x576.jpg 768w, https:\/\/centcols.org\/wp-content\/uploads\/2025\/11\/2022-04-Reserve-nationale-du-Caroux-Espinouse-16x12.jpg 16w\" sizes=\"auto, (max-width: 1200px) 100vw, 1200px\" \/><\/a><\/figure>\n\n\n\n<figure class=\"wp-block-image size-large\"><a href=\"https:\/\/centcols.org\/wp-content\/uploads\/2025\/11\/2022-04-la-foret-des-ecrivains-combattants.jpg\"><img loading=\"lazy\" decoding=\"async\" width=\"1200\" height=\"1600\" data-id=\"92007\" src=\"https:\/\/centcols.org\/wp-content\/uploads\/2025\/11\/2022-04-la-foret-des-ecrivains-combattants.jpg\" alt=\"\" class=\"wp-image-92007\" srcset=\"https:\/\/centcols.org\/wp-content\/uploads\/2025\/11\/2022-04-la-foret-des-ecrivains-combattants.jpg 1200w, https:\/\/centcols.org\/wp-content\/uploads\/2025\/11\/2022-04-la-foret-des-ecrivains-combattants-900x1200.jpg 900w, https:\/\/centcols.org\/wp-content\/uploads\/2025\/11\/2022-04-la-foret-des-ecrivains-combattants-768x1024.jpg 768w, https:\/\/centcols.org\/wp-content\/uploads\/2025\/11\/2022-04-la-foret-des-ecrivains-combattants-1152x1536.jpg 1152w, https:\/\/centcols.org\/wp-content\/uploads\/2025\/11\/2022-04-la-foret-des-ecrivains-combattants-9x12.jpg 9w\" sizes=\"auto, (max-width: 1200px) 100vw, 1200px\" \/><\/a><\/figure>\n\n\n\n<figure class=\"wp-block-image size-large\"><a href=\"https:\/\/centcols.org\/wp-content\/uploads\/2025\/11\/2022-04-Col-de-la-Pierre-Plantee.jpg\"><img loading=\"lazy\" decoding=\"async\" width=\"1200\" height=\"831\" data-id=\"92006\" src=\"https:\/\/centcols.org\/wp-content\/uploads\/2025\/11\/2022-04-Col-de-la-Pierre-Plantee.jpg\" alt=\"\" class=\"wp-image-92006\" srcset=\"https:\/\/centcols.org\/wp-content\/uploads\/2025\/11\/2022-04-Col-de-la-Pierre-Plantee.jpg 1200w, https:\/\/centcols.org\/wp-content\/uploads\/2025\/11\/2022-04-Col-de-la-Pierre-Plantee-768x532.jpg 768w, https:\/\/centcols.org\/wp-content\/uploads\/2025\/11\/2022-04-Col-de-la-Pierre-Plantee-18x12.jpg 18w\" sizes=\"auto, (max-width: 1200px) 100vw, 1200px\" \/><\/a><\/figure>\n<\/figure>","protected":false},"excerpt":{"rendered":"<p>Description de l\u2019auteur Auteur&nbsp;: Ren\u00e9 MercierParcours&nbsp;: effectu\u00e9 en avril 2022D\u00e9part&nbsp;: Lamalou-les-Bains, en centre ville depuis le parking des halles place Fernand Gouges. On trouve de nombreux parkings dans la ville. Descriptif touristique Le circuit d\u00e9marre de la ville thermale de Lamalou-les-Bains, puis \u00e0 mi-parcours fait une incursion dans l\u2019Aveyron et dans le Tarn. La trajet [&hellip;]<\/p>\n","protected":false},"author":64,"featured_media":92008,"comment_status":"open","ping_status":"open","sticky":false,"template":"","format":"standard","meta":{"_acf_changed":false,"footnotes":""},"categories":[303,318,455,341,452,220],"tags":[],"class_list":["post-92010","post","type-post","status-publish","format-standard","has-post-thumbnail","hentry","category-parcours-france","category-route-type-parcours","category-occitanie-region-parcours-membres","category-massif-central-massif-parcours-membres","category-34-herault","category-parcours-membres"],"acf":[],"yoast_head":"<!-- This site is optimized with the Yoast SEO plugin v27.2 - https:\/\/yoast.com\/product\/yoast-seo-wordpress\/ -->\n<title>FR-34 Lamalou-les-Bains - Route 97 km, D+ 2100 m, 17 cols - Club des Cent Cols<\/title>\n<meta name=\"robots\" content=\"index, follow, max-snippet:-1, max-image-preview:large, max-video-preview:-1\" \/>\n<link rel=\"canonical\" href=\"https:\/\/centcols.org\/nl\/fr-34-lamalou-les-bains\/\" \/>\n<meta property=\"og:locale\" content=\"nl_BE\" \/>\n<meta property=\"og:type\" content=\"article\" \/>\n<meta property=\"og:title\" content=\"FR-34 Lamalou-les-Bains - Route 97 km, D+ 2100 m, 17 cols - Club des Cent Cols\" \/>\n<meta property=\"og:description\" content=\"Description de l\u2019auteur Auteur&nbsp;: Ren\u00e9 MercierParcours&nbsp;: effectu\u00e9 en avril 2022D\u00e9part&nbsp;: Lamalou-les-Bains, en centre ville depuis le parking des halles place Fernand Gouges. On trouve de nombreux parkings dans la ville. Descriptif touristique Le circuit d\u00e9marre de la ville thermale de Lamalou-les-Bains, puis \u00e0 mi-parcours fait une incursion dans l\u2019Aveyron et dans le Tarn. La trajet [&hellip;]\" \/>\n<meta property=\"og:url\" content=\"https:\/\/centcols.org\/nl\/fr-34-lamalou-les-bains\/\" \/>\n<meta property=\"og:site_name\" content=\"Club des Cent Cols\" \/>\n<meta property=\"article:publisher\" content=\"https:\/\/www.facebook.com\/groups\/5261880558\/?locale=fr_FR\" \/>\n<meta property=\"article:published_time\" content=\"2025-11-14T23:32:00+00:00\" \/>\n<meta property=\"article:modified_time\" content=\"2026-03-23T17:41:26+00:00\" \/>\n<meta property=\"og:image\" content=\"https:\/\/centcols.org\/wp-content\/uploads\/2025\/11\/2022-04-Reserve-nationale-du-Caroux-Espinouse.jpg\" \/>\n\t<meta property=\"og:image:width\" content=\"1200\" \/>\n\t<meta property=\"og:image:height\" content=\"900\" \/>\n\t<meta property=\"og:image:type\" content=\"image\/jpeg\" \/>\n<meta name=\"author\" content=\"Christophe Badonnel\" \/>\n<meta name=\"twitter:card\" content=\"summary_large_image\" \/>\n<meta name=\"twitter:label1\" content=\"Geschreven door\" \/>\n\t<meta name=\"twitter:data1\" content=\"Christophe Badonnel\" \/>\n\t<meta name=\"twitter:label2\" content=\"Geschatte leestijd\" \/>\n\t<meta name=\"twitter:data2\" content=\"3 minuten\" \/>\n<script type=\"application\/ld+json\" class=\"yoast-schema-graph\">{\"@context\":\"https:\/\/schema.org\",\"@graph\":[{\"@type\":\"Article\",\"@id\":\"https:\/\/centcols.org\/es\/fr-34-lamalou-les-bains\/#article\",\"isPartOf\":{\"@id\":\"https:\/\/centcols.org\/es\/fr-34-lamalou-les-bains\/\"},\"author\":{\"name\":\"Christophe Badonnel\",\"@id\":\"https:\/\/centcols.org\/#\/schema\/person\/5c1a9d61132fb33ccec149272abff6e1\"},\"headline\":\"FR-34 Lamalou-les-Bains &#8211; Route 97 km, D+ 2100 m, 17 cols\",\"datePublished\":\"2025-11-14T23:32:00+00:00\",\"dateModified\":\"2026-03-23T17:41:26+00:00\",\"mainEntityOfPage\":{\"@id\":\"https:\/\/centcols.org\/es\/fr-34-lamalou-les-bains\/\"},\"wordCount\":412,\"commentCount\":0,\"publisher\":{\"@id\":\"https:\/\/centcols.org\/#organization\"},\"image\":{\"@id\":\"https:\/\/centcols.org\/es\/fr-34-lamalou-les-bains\/#primaryimage\"},\"thumbnailUrl\":\"https:\/\/centcols.org\/wp-content\/uploads\/2025\/11\/2022-04-Reserve-nationale-du-Caroux-Espinouse.jpg\",\"articleSection\":[\"Parcours France\",\"Route\",\"Occitanie\",\"Massif-Central\",\"34-H\u00e9rault\",\"Parcours membres\"],\"inLanguage\":\"nl-BE\",\"potentialAction\":[{\"@type\":\"CommentAction\",\"name\":\"Comment\",\"target\":[\"https:\/\/centcols.org\/es\/fr-34-lamalou-les-bains\/#respond\"]}]},{\"@type\":\"WebPage\",\"@id\":\"https:\/\/centcols.org\/es\/fr-34-lamalou-les-bains\/\",\"url\":\"https:\/\/centcols.org\/es\/fr-34-lamalou-les-bains\/\",\"name\":\"FR-34 Lamalou-les-Bains - Route 97 km, D+ 2100 m, 17 cols - Club des Cent Cols\",\"isPartOf\":{\"@id\":\"https:\/\/centcols.org\/#website\"},\"primaryImageOfPage\":{\"@id\":\"https:\/\/centcols.org\/es\/fr-34-lamalou-les-bains\/#primaryimage\"},\"image\":{\"@id\":\"https:\/\/centcols.org\/es\/fr-34-lamalou-les-bains\/#primaryimage\"},\"thumbnailUrl\":\"https:\/\/centcols.org\/wp-content\/uploads\/2025\/11\/2022-04-Reserve-nationale-du-Caroux-Espinouse.jpg\",\"datePublished\":\"2025-11-14T23:32:00+00:00\",\"dateModified\":\"2026-03-23T17:41:26+00:00\",\"breadcrumb\":{\"@id\":\"https:\/\/centcols.org\/es\/fr-34-lamalou-les-bains\/#breadcrumb\"},\"inLanguage\":\"nl-BE\",\"potentialAction\":[{\"@type\":\"ReadAction\",\"target\":[\"https:\/\/centcols.org\/es\/fr-34-lamalou-les-bains\/\"]}]},{\"@type\":\"ImageObject\",\"inLanguage\":\"nl-BE\",\"@id\":\"https:\/\/centcols.org\/es\/fr-34-lamalou-les-bains\/#primaryimage\",\"url\":\"https:\/\/centcols.org\/wp-content\/uploads\/2025\/11\/2022-04-Reserve-nationale-du-Caroux-Espinouse.jpg\",\"contentUrl\":\"https:\/\/centcols.org\/wp-content\/uploads\/2025\/11\/2022-04-Reserve-nationale-du-Caroux-Espinouse.jpg\",\"width\":1200,\"height\":900},{\"@type\":\"BreadcrumbList\",\"@id\":\"https:\/\/centcols.org\/es\/fr-34-lamalou-les-bains\/#breadcrumb\",\"itemListElement\":[{\"@type\":\"ListItem\",\"position\":1,\"name\":\"Accueil\",\"item\":\"https:\/\/centcols.org\/\"},{\"@type\":\"ListItem\",\"position\":2,\"name\":\"Parcours membres\",\"item\":\"https:\/\/centcols.org\/rubrique\/parcours-membres\/\"},{\"@type\":\"ListItem\",\"position\":3,\"name\":\"Pays\",\"item\":\"https:\/\/centcols.org\/rubrique\/parcours-membres\/pays-parcours-membres\/\"},{\"@type\":\"ListItem\",\"position\":4,\"name\":\"Parcours France\",\"item\":\"https:\/\/centcols.org\/rubrique\/parcours-membres\/pays-parcours-membres\/parcours-france\/\"},{\"@type\":\"ListItem\",\"position\":5,\"name\":\"FR-34 Lamalou-les-Bains &#8211; Route 97 km, D+ 2100 m, 17 cols\"}]},{\"@type\":\"WebSite\",\"@id\":\"https:\/\/centcols.org\/#website\",\"url\":\"https:\/\/centcols.org\/\",\"name\":\"Club des Cent Cols\",\"description\":\"\",\"publisher\":{\"@id\":\"https:\/\/centcols.org\/#organization\"},\"potentialAction\":[{\"@type\":\"SearchAction\",\"target\":{\"@type\":\"EntryPoint\",\"urlTemplate\":\"https:\/\/centcols.org\/?s={search_term_string}\"},\"query-input\":{\"@type\":\"PropertyValueSpecification\",\"valueRequired\":true,\"valueName\":\"search_term_string\"}}],\"inLanguage\":\"nl-BE\"},{\"@type\":\"Organization\",\"@id\":\"https:\/\/centcols.org\/#organization\",\"name\":\"Club des Cent Cols\",\"url\":\"https:\/\/centcols.org\/\",\"logo\":{\"@type\":\"ImageObject\",\"inLanguage\":\"nl-BE\",\"@id\":\"https:\/\/centcols.org\/#\/schema\/logo\/image\/\",\"url\":\"https:\/\/centcols.org\/wp-content\/uploads\/2025\/01\/carte-icone.png\",\"contentUrl\":\"https:\/\/centcols.org\/wp-content\/uploads\/2025\/01\/carte-icone.png\",\"width\":250,\"height\":250,\"caption\":\"Club des Cent Cols\"},\"image\":{\"@id\":\"https:\/\/centcols.org\/#\/schema\/logo\/image\/\"},\"sameAs\":[\"https:\/\/www.facebook.com\/groups\/5261880558\/?locale=fr_FR\"]},{\"@type\":\"Person\",\"@id\":\"https:\/\/centcols.org\/#\/schema\/person\/5c1a9d61132fb33ccec149272abff6e1\",\"name\":\"Christophe Badonnel\",\"image\":{\"@type\":\"ImageObject\",\"inLanguage\":\"nl-BE\",\"@id\":\"https:\/\/centcols.org\/wp-content\/litespeed\/avatar\/9f363966b51271bd99ebbb6ebd632889.jpg?ver=1777238111\",\"url\":\"https:\/\/centcols.org\/wp-content\/litespeed\/avatar\/9f363966b51271bd99ebbb6ebd632889.jpg?ver=1777238111\",\"contentUrl\":\"https:\/\/centcols.org\/wp-content\/litespeed\/avatar\/9f363966b51271bd99ebbb6ebd632889.jpg?ver=1777238111\",\"caption\":\"Christophe Badonnel\"},\"url\":\"https:\/\/centcols.org\/nl\/author\/5799\/\"}]}<\/script>\n<!-- \/ Yoast SEO plugin. -->","yoast_head_json":{"title":"FR-34 Lamalou-les-Bains - Route 97 km, D+ 2100 m, 17 cols - Club des Cent Cols","robots":{"index":"index","follow":"follow","max-snippet":"max-snippet:-1","max-image-preview":"max-image-preview:large","max-video-preview":"max-video-preview:-1"},"canonical":"https:\/\/centcols.org\/nl\/fr-34-lamalou-les-bains\/","og_locale":"nl_BE","og_type":"article","og_title":"FR-34 Lamalou-les-Bains - Route 97 km, D+ 2100 m, 17 cols - Club des Cent Cols","og_description":"Description de l\u2019auteur Auteur&nbsp;: Ren\u00e9 MercierParcours&nbsp;: effectu\u00e9 en avril 2022D\u00e9part&nbsp;: Lamalou-les-Bains, en centre ville depuis le parking des halles place Fernand Gouges. On trouve de nombreux parkings dans la ville. Descriptif touristique Le circuit d\u00e9marre de la ville thermale de Lamalou-les-Bains, puis \u00e0 mi-parcours fait une incursion dans l\u2019Aveyron et dans le Tarn. La trajet [&hellip;]","og_url":"https:\/\/centcols.org\/nl\/fr-34-lamalou-les-bains\/","og_site_name":"Club des Cent Cols","article_publisher":"https:\/\/www.facebook.com\/groups\/5261880558\/?locale=fr_FR","article_published_time":"2025-11-14T23:32:00+00:00","article_modified_time":"2026-03-23T17:41:26+00:00","og_image":[{"width":1200,"height":900,"url":"https:\/\/centcols.org\/wp-content\/uploads\/2025\/11\/2022-04-Reserve-nationale-du-Caroux-Espinouse.jpg","type":"image\/jpeg"}],"author":"Christophe Badonnel","twitter_card":"summary_large_image","twitter_misc":{"Geschreven door":"Christophe Badonnel","Geschatte leestijd":"3 minuten"},"schema":{"@context":"https:\/\/schema.org","@graph":[{"@type":"Article","@id":"https:\/\/centcols.org\/es\/fr-34-lamalou-les-bains\/#article","isPartOf":{"@id":"https:\/\/centcols.org\/es\/fr-34-lamalou-les-bains\/"},"author":{"name":"Christophe Badonnel","@id":"https:\/\/centcols.org\/#\/schema\/person\/5c1a9d61132fb33ccec149272abff6e1"},"headline":"FR-34 Lamalou-les-Bains &#8211; Route 97 km, D+ 2100 m, 17 cols","datePublished":"2025-11-14T23:32:00+00:00","dateModified":"2026-03-23T17:41:26+00:00","mainEntityOfPage":{"@id":"https:\/\/centcols.org\/es\/fr-34-lamalou-les-bains\/"},"wordCount":412,"commentCount":0,"publisher":{"@id":"https:\/\/centcols.org\/#organization"},"image":{"@id":"https:\/\/centcols.org\/es\/fr-34-lamalou-les-bains\/#primaryimage"},"thumbnailUrl":"https:\/\/centcols.org\/wp-content\/uploads\/2025\/11\/2022-04-Reserve-nationale-du-Caroux-Espinouse.jpg","articleSection":["Parcours France","Route","Occitanie","Massif-Central","34-H\u00e9rault","Parcours membres"],"inLanguage":"nl-BE","potentialAction":[{"@type":"CommentAction","name":"Comment","target":["https:\/\/centcols.org\/es\/fr-34-lamalou-les-bains\/#respond"]}]},{"@type":"WebPage","@id":"https:\/\/centcols.org\/es\/fr-34-lamalou-les-bains\/","url":"https:\/\/centcols.org\/es\/fr-34-lamalou-les-bains\/","name":"FR-34 Lamalou-les-Bains - Route 97 km, D+ 2100 m, 17 cols - Club des Cent Cols","isPartOf":{"@id":"https:\/\/centcols.org\/#website"},"primaryImageOfPage":{"@id":"https:\/\/centcols.org\/es\/fr-34-lamalou-les-bains\/#primaryimage"},"image":{"@id":"https:\/\/centcols.org\/es\/fr-34-lamalou-les-bains\/#primaryimage"},"thumbnailUrl":"https:\/\/centcols.org\/wp-content\/uploads\/2025\/11\/2022-04-Reserve-nationale-du-Caroux-Espinouse.jpg","datePublished":"2025-11-14T23:32:00+00:00","dateModified":"2026-03-23T17:41:26+00:00","breadcrumb":{"@id":"https:\/\/centcols.org\/es\/fr-34-lamalou-les-bains\/#breadcrumb"},"inLanguage":"nl-BE","potentialAction":[{"@type":"ReadAction","target":["https:\/\/centcols.org\/es\/fr-34-lamalou-les-bains\/"]}]},{"@type":"ImageObject","inLanguage":"nl-BE","@id":"https:\/\/centcols.org\/es\/fr-34-lamalou-les-bains\/#primaryimage","url":"https:\/\/centcols.org\/wp-content\/uploads\/2025\/11\/2022-04-Reserve-nationale-du-Caroux-Espinouse.jpg","contentUrl":"https:\/\/centcols.org\/wp-content\/uploads\/2025\/11\/2022-04-Reserve-nationale-du-Caroux-Espinouse.jpg","width":1200,"height":900},{"@type":"BreadcrumbList","@id":"https:\/\/centcols.org\/es\/fr-34-lamalou-les-bains\/#breadcrumb","itemListElement":[{"@type":"ListItem","position":1,"name":"Accueil","item":"https:\/\/centcols.org\/"},{"@type":"ListItem","position":2,"name":"Parcours membres","item":"https:\/\/centcols.org\/rubrique\/parcours-membres\/"},{"@type":"ListItem","position":3,"name":"Pays","item":"https:\/\/centcols.org\/rubrique\/parcours-membres\/pays-parcours-membres\/"},{"@type":"ListItem","position":4,"name":"Parcours France","item":"https:\/\/centcols.org\/rubrique\/parcours-membres\/pays-parcours-membres\/parcours-france\/"},{"@type":"ListItem","position":5,"name":"FR-34 Lamalou-les-Bains &#8211; Route 97 km, D+ 2100 m, 17 cols"}]},{"@type":"WebSite","@id":"https:\/\/centcols.org\/#website","url":"https:\/\/centcols.org\/","name":"Club van Cent Cols","description":"","publisher":{"@id":"https:\/\/centcols.org\/#organization"},"potentialAction":[{"@type":"SearchAction","target":{"@type":"EntryPoint","urlTemplate":"https:\/\/centcols.org\/?s={search_term_string}"},"query-input":{"@type":"PropertyValueSpecification","valueRequired":true,"valueName":"search_term_string"}}],"inLanguage":"nl-BE"},{"@type":"Organization","@id":"https:\/\/centcols.org\/#organization","name":"Club van Cent Cols","url":"https:\/\/centcols.org\/","logo":{"@type":"ImageObject","inLanguage":"nl-BE","@id":"https:\/\/centcols.org\/#\/schema\/logo\/image\/","url":"https:\/\/centcols.org\/wp-content\/uploads\/2025\/01\/carte-icone.png","contentUrl":"https:\/\/centcols.org\/wp-content\/uploads\/2025\/01\/carte-icone.png","width":250,"height":250,"caption":"Club des Cent Cols"},"image":{"@id":"https:\/\/centcols.org\/#\/schema\/logo\/image\/"},"sameAs":["https:\/\/www.facebook.com\/groups\/5261880558\/?locale=fr_FR"]},{"@type":"Person","@id":"https:\/\/centcols.org\/#\/schema\/person\/5c1a9d61132fb33ccec149272abff6e1","name":"Christophe Badonnel","image":{"@type":"ImageObject","inLanguage":"nl-BE","@id":"https:\/\/centcols.org\/wp-content\/litespeed\/avatar\/9f363966b51271bd99ebbb6ebd632889.jpg?ver=1777238111","url":"https:\/\/centcols.org\/wp-content\/litespeed\/avatar\/9f363966b51271bd99ebbb6ebd632889.jpg?ver=1777238111","contentUrl":"https:\/\/centcols.org\/wp-content\/litespeed\/avatar\/9f363966b51271bd99ebbb6ebd632889.jpg?ver=1777238111","caption":"Christophe Badonnel"},"url":"https:\/\/centcols.org\/nl\/author\/5799\/"}]}},"_links":{"self":[{"href":"https:\/\/centcols.org\/nl\/wp-json\/wp\/v2\/posts\/92010","targetHints":{"allow":["GET"]}}],"collection":[{"href":"https:\/\/centcols.org\/nl\/wp-json\/wp\/v2\/posts"}],"about":[{"href":"https:\/\/centcols.org\/nl\/wp-json\/wp\/v2\/types\/post"}],"author":[{"embeddable":true,"href":"https:\/\/centcols.org\/nl\/wp-json\/wp\/v2\/users\/64"}],"replies":[{"embeddable":true,"href":"https:\/\/centcols.org\/nl\/wp-json\/wp\/v2\/comments?post=92010"}],"version-history":[{"count":0,"href":"https:\/\/centcols.org\/nl\/wp-json\/wp\/v2\/posts\/92010\/revisions"}],"wp:featuredmedia":[{"embeddable":true,"href":"https:\/\/centcols.org\/nl\/wp-json\/wp\/v2\/media\/92008"}],"wp:attachment":[{"href":"https:\/\/centcols.org\/nl\/wp-json\/wp\/v2\/media?parent=92010"}],"wp:term":[{"taxonomy":"category","embeddable":true,"href":"https:\/\/centcols.org\/nl\/wp-json\/wp\/v2\/categories?post=92010"},{"taxonomy":"post_tag","embeddable":true,"href":"https:\/\/centcols.org\/nl\/wp-json\/wp\/v2\/tags?post=92010"}],"curies":[{"name":"wp","href":"https:\/\/api.w.org\/{rel}","templated":true}]}}