{"id":92283,"date":"2025-11-27T23:39:21","date_gmt":"2025-11-27T21:39:21","guid":{"rendered":"https:\/\/centcols.org\/?p=92283"},"modified":"2026-03-14T16:13:42","modified_gmt":"2026-03-14T14:13:42","slug":"es-b-capolat-vtt","status":"publish","type":"post","link":"https:\/\/centcols.org\/nl\/es-b-capolat-vtt\/","title":{"rendered":"ES-B Capolat - MTB 31 km, D+ 1210 m, 9 passen"},"content":{"rendered":"<iframe width=\"100%\" height=\"650\" loading=\"lazy\" src=\"https:\/\/www.openrunner.com\/embed\/4769773970536953592f326b365862624f66706b32744d46396d4f39477777503334326e68346d463265553d3a3a337b7a8f52e90cb81b746bd85a8d912f?unit=metric\" style=\"border: none;\"><\/iframe>\n\n\n\n<div style=\"height:30px\" aria-hidden=\"true\" class=\"wp-block-spacer\"><\/div>\n\n\n\n<h2 class=\"wp-block-heading\">Beschrijving auteur<\/h2>\n\n\n\n<p><strong>Auteur<\/strong> Patrick Mandard<br><strong>Cursus<\/strong> uitgevoerd op 3 oktober 2025<br><strong>Vertrek<\/strong> 4 km ten noorden van Capolat, bij de uitgang van de Foradada-tunnel op de BV-4241 richting Sant Lloren\u00e7 de Morunys. Parkeerplaats (vrij terrein) aan de linkerkant na de tunnel.<\/p>\n\n\n\n<div style=\"height:30px\" aria-hidden=\"true\" class=\"wp-block-spacer\"><\/div>\n\n\n\n<h2 class=\"wp-block-heading\">Toeristische informatie<\/h2>\n\n\n\n<p>Deze Catalaanse route voert door de bergen ten westen van Berga en naar de provincie Lleida.<\/p>\n\n\n\n<div style=\"height:30px\" aria-hidden=\"true\" class=\"wp-block-spacer\"><\/div>\n\n\n\n<h2 class=\"wp-block-heading\">Technische specificaties<\/h2>\n\n\n\n<p>Fietsroute bij 90%. Bijna allemaal paden, maar op sommige plaatsen met steile hellingen, waardoor duwen nodig is. Geschikt voor grind, behalve op de afdalingen.<\/p>\n\n\n\n<div style=\"height:30px\" aria-hidden=\"true\" class=\"wp-block-spacer\"><\/div>\n\n\n\n<p><strong>9 kragen<\/strong><\/p>\n\n\n\n<figure class=\"wp-block-table\"><table class=\"has-fixed-layout\"><tbody><tr><td>1 - Coll de Jou<\/td><td class=\"has-text-align-center\" data-align=\"center\">1310 m<\/td><td><a href=\"https:\/\/centcols.org\/nl\/util\/geo\/visu.php\/?code=ES-B-1314b\" target=\"_blank\" rel=\"noreferrer noopener\">ES-B-1314b<\/a><\/td><\/tr><tr><td>2 - Coll de Jouet<\/td><td class=\"has-text-align-center\" data-align=\"center\">1274 m<\/td><td><a href=\"https:\/\/centcols.org\/nl\/util\/geo\/visu.php\/?code=ES-B-1279\" target=\"_blank\" rel=\"noreferrer noopener\">ES-B-1279<\/a><\/td><\/tr><tr><td>3 - Coll de la Cabra<\/td><td class=\"has-text-align-center\" data-align=\"center\">1216 m<\/td><td><a href=\"https:\/\/centcols.org\/nl\/util\/geo\/visu.php\/?code=ES-B-1220\" target=\"_blank\" rel=\"noreferrer noopener\">ES-B-1220<\/a><\/td><\/tr><tr><td>4 - Portell del Llop<\/td><td class=\"has-text-align-center\" data-align=\"center\">1128 m<\/td><td><a href=\"https:\/\/centcols.org\/nl\/util\/geo\/visu.php\/?code=ES-B-1128a\" target=\"_blank\" rel=\"noreferrer noopener\">ES-B-1128a<\/a><\/td><\/tr><tr><td>5 - Clot Clot del Teix<\/td><td class=\"has-text-align-center\" data-align=\"center\">1199 m<\/td><td><a href=\"https:\/\/centcols.org\/nl\/util\/geo\/visu.php\/?code=ES-L-1199\" target=\"_blank\" rel=\"noreferrer noopener\">ES-L-1199<\/a><\/td><\/tr><tr><td>6 - Collada de la Timonesa<\/td><td class=\"has-text-align-center\" data-align=\"center\">1160 m<\/td><td><a href=\"https:\/\/centcols.org\/nl\/util\/geo\/visu.php\/?code=ES-L-1160\" target=\"_blank\" rel=\"noreferrer noopener\">ES-L-1160<\/a><\/td><\/tr><tr><td>7 - Coll de Jonqueral<\/td><td class=\"has-text-align-center\" data-align=\"center\">1031 m<\/td><td><a href=\"https:\/\/centcols.org\/nl\/util\/geo\/visu.php\/?code=ES-B-1030\" target=\"_blank\" rel=\"noreferrer noopener\">ES-B-1030<\/a><\/td><\/tr><tr><td>8 - Coll del Bancel\u00f3<\/td><td class=\"has-text-align-center\" data-align=\"center\">987 m<\/td><td><a href=\"https:\/\/centcols.org\/nl\/util\/geo\/visu.php\/?code=ES-L-0985\" target=\"_blank\" rel=\"noreferrer noopener\">ES-L-0985<\/a><\/td><\/tr><tr><td>9 - Coll de Cabramorta<\/td><td class=\"has-text-align-center\" data-align=\"center\">949 m<\/td><td><a href=\"https:\/\/centcols.org\/nl\/util\/geo\/visu.php\/?code=ES-B-0950c\" target=\"_blank\" rel=\"noreferrer noopener\">ES-B-0950c<\/a><\/td><\/tr><\/tbody><\/table><\/figure>\n\n\n\n<p><strong>Trefwoorden<\/strong> Capolat, Foradada, Berga, centcols<\/p>\n\n\n\n<p>Openrunner link, interactieve kaart, profiel, track : <a href=\"https:\/\/www.openrunner.com\/route-details\/22945489\" target=\"_blank\" rel=\"noreferrer noopener\">https:\/\/www.openrunner.com\/route-details\/22945489<\/a><\/p>\n\n\n\n<p>Deze routebeschrijving wordt slechts ter indicatie aangeboden. De auteur aanvaardt geen aansprakelijkheid, noch die van de Club des Cent Cols, voor eventuele onberekenbaarheden die te wijten zijn aan de fietser zelf, het gebruikte materiaal of alles wat te maken heeft met de weg, paden en wegen, hun omgeving of andere gebruikers.<\/p>\n\n\n\n<div style=\"height:30px\" aria-hidden=\"true\" class=\"wp-block-spacer\"><\/div>\n\n\n\n<h2 class=\"wp-block-heading\">Foto's<\/h2>","protected":false},"excerpt":{"rendered":"<p>Description de l\u2019auteur Auteur : Patrick MandardParcours : effectu\u00e9 le 3 octobre 2025D\u00e9part : A 4 km au nord de Capolat, \u00e0 la sortie du tunnel de Foradada sur la route BV-4241 en direction de Sant Lloren\u00e7 de Morunys. Parking (terrain vague) sur la gauche apr\u00e8s le tunnel. Descriptif touristique Ce parcours catalan permet de [&hellip;]<\/p>\n","protected":false},"author":1726,"featured_media":92286,"comment_status":"open","ping_status":"open","sticky":false,"template":"","format":"standard","meta":{"_acf_changed":false,"footnotes":""},"categories":[305,319,345,220],"tags":[],"class_list":["post-92283","post","type-post","status-publish","format-standard","has-post-thumbnail","hentry","category-parcours-espagne","category-vtt-type-parcours","category-barcelone","category-parcours-membres"],"acf":[],"yoast_head":"<!-- This site is optimized with the Yoast SEO plugin v27.2 - https:\/\/yoast.com\/product\/yoast-seo-wordpress\/ -->\n<title>ES-B Capolat \u2013 VTT 31 km, D+ 1210 m, 9 cols - Club des Cent Cols<\/title>\n<meta name=\"robots\" content=\"index, follow, max-snippet:-1, max-image-preview:large, max-video-preview:-1\" \/>\n<link rel=\"canonical\" href=\"https:\/\/centcols.org\/nl\/es-b-capolat-vtt\/\" \/>\n<meta property=\"og:locale\" content=\"nl_BE\" \/>\n<meta property=\"og:type\" content=\"article\" \/>\n<meta property=\"og:title\" content=\"ES-B Capolat \u2013 VTT 31 km, D+ 1210 m, 9 cols - Club des Cent Cols\" \/>\n<meta property=\"og:description\" content=\"Description de l\u2019auteur Auteur : Patrick MandardParcours : effectu\u00e9 le 3 octobre 2025D\u00e9part : A 4 km au nord de Capolat, \u00e0 la sortie du tunnel de Foradada sur la route BV-4241 en direction de Sant Lloren\u00e7 de Morunys. Parking (terrain vague) sur la gauche apr\u00e8s le tunnel. Descriptif touristique Ce parcours catalan permet de [&hellip;]\" \/>\n<meta property=\"og:url\" content=\"https:\/\/centcols.org\/nl\/es-b-capolat-vtt\/\" \/>\n<meta property=\"og:site_name\" content=\"Club des Cent Cols\" \/>\n<meta property=\"article:publisher\" content=\"https:\/\/www.facebook.com\/groups\/5261880558\/?locale=fr_FR\" \/>\n<meta property=\"article:published_time\" content=\"2025-11-27T21:39:21+00:00\" \/>\n<meta property=\"article:modified_time\" content=\"2026-03-14T14:13:42+00:00\" \/>\n<meta property=\"og:image\" content=\"https:\/\/centcols.org\/wp-content\/uploads\/2025\/11\/Tunnel-Foradada.jpg\" \/>\n\t<meta property=\"og:image:width\" content=\"859\" \/>\n\t<meta property=\"og:image:height\" content=\"1198\" \/>\n\t<meta property=\"og:image:type\" content=\"image\/jpeg\" \/>\n<meta name=\"author\" content=\"Ren\u00e9 Mercier\" \/>\n<meta name=\"twitter:card\" content=\"summary_large_image\" \/>\n<meta name=\"twitter:label1\" content=\"Geschreven door\" \/>\n\t<meta name=\"twitter:data1\" content=\"Ren\u00e9 Mercier\" \/>\n\t<meta name=\"twitter:label2\" content=\"Geschatte leestijd\" \/>\n\t<meta name=\"twitter:data2\" content=\"2 minuten\" \/>\n<script type=\"application\/ld+json\" class=\"yoast-schema-graph\">{\"@context\":\"https:\/\/schema.org\",\"@graph\":[{\"@type\":\"Article\",\"@id\":\"https:\/\/centcols.org\/en\/es-b-capolat-mountain-bike\/#article\",\"isPartOf\":{\"@id\":\"https:\/\/centcols.org\/en\/es-b-capolat-mountain-bike\/\"},\"author\":{\"name\":\"Ren\u00e9 Mercier\",\"@id\":\"https:\/\/centcols.org\/#\/schema\/person\/0cc8f723679c98f3fb7798df5a50c018\"},\"headline\":\"ES-B Capolat \u2013 VTT 31 km, D+ 1210 m, 9 cols\",\"datePublished\":\"2025-11-27T21:39:21+00:00\",\"dateModified\":\"2026-03-14T14:13:42+00:00\",\"mainEntityOfPage\":{\"@id\":\"https:\/\/centcols.org\/en\/es-b-capolat-mountain-bike\/\"},\"wordCount\":230,\"commentCount\":0,\"publisher\":{\"@id\":\"https:\/\/centcols.org\/#organization\"},\"image\":{\"@id\":\"https:\/\/centcols.org\/en\/es-b-capolat-mountain-bike\/#primaryimage\"},\"thumbnailUrl\":\"https:\/\/centcols.org\/wp-content\/uploads\/2025\/11\/Tunnel-Foradada.jpg\",\"articleSection\":[\"Parcours Espagne\",\"VTT\",\"Barcelone\",\"Parcours membres\"],\"inLanguage\":\"nl-BE\",\"potentialAction\":[{\"@type\":\"CommentAction\",\"name\":\"Comment\",\"target\":[\"https:\/\/centcols.org\/en\/es-b-capolat-mountain-bike\/#respond\"]}]},{\"@type\":\"WebPage\",\"@id\":\"https:\/\/centcols.org\/en\/es-b-capolat-mountain-bike\/\",\"url\":\"https:\/\/centcols.org\/en\/es-b-capolat-mountain-bike\/\",\"name\":\"ES-B Capolat \u2013 VTT 31 km, D+ 1210 m, 9 cols - Club des Cent Cols\",\"isPartOf\":{\"@id\":\"https:\/\/centcols.org\/#website\"},\"primaryImageOfPage\":{\"@id\":\"https:\/\/centcols.org\/en\/es-b-capolat-mountain-bike\/#primaryimage\"},\"image\":{\"@id\":\"https:\/\/centcols.org\/en\/es-b-capolat-mountain-bike\/#primaryimage\"},\"thumbnailUrl\":\"https:\/\/centcols.org\/wp-content\/uploads\/2025\/11\/Tunnel-Foradada.jpg\",\"datePublished\":\"2025-11-27T21:39:21+00:00\",\"dateModified\":\"2026-03-14T14:13:42+00:00\",\"breadcrumb\":{\"@id\":\"https:\/\/centcols.org\/en\/es-b-capolat-mountain-bike\/#breadcrumb\"},\"inLanguage\":\"nl-BE\",\"potentialAction\":[{\"@type\":\"ReadAction\",\"target\":[\"https:\/\/centcols.org\/en\/es-b-capolat-mountain-bike\/\"]}]},{\"@type\":\"ImageObject\",\"inLanguage\":\"nl-BE\",\"@id\":\"https:\/\/centcols.org\/en\/es-b-capolat-mountain-bike\/#primaryimage\",\"url\":\"https:\/\/centcols.org\/wp-content\/uploads\/2025\/11\/Tunnel-Foradada.jpg\",\"contentUrl\":\"https:\/\/centcols.org\/wp-content\/uploads\/2025\/11\/Tunnel-Foradada.jpg\",\"width\":859,\"height\":1198},{\"@type\":\"BreadcrumbList\",\"@id\":\"https:\/\/centcols.org\/en\/es-b-capolat-mountain-bike\/#breadcrumb\",\"itemListElement\":[{\"@type\":\"ListItem\",\"position\":1,\"name\":\"Accueil\",\"item\":\"https:\/\/centcols.org\/\"},{\"@type\":\"ListItem\",\"position\":2,\"name\":\"Parcours membres\",\"item\":\"https:\/\/centcols.org\/rubrique\/parcours-membres\/\"},{\"@type\":\"ListItem\",\"position\":3,\"name\":\"Pays\",\"item\":\"https:\/\/centcols.org\/rubrique\/parcours-membres\/pays-parcours-membres\/\"},{\"@type\":\"ListItem\",\"position\":4,\"name\":\"Parcours Espagne\",\"item\":\"https:\/\/centcols.org\/rubrique\/parcours-membres\/pays-parcours-membres\/parcours-espagne\/\"},{\"@type\":\"ListItem\",\"position\":5,\"name\":\"ES-B Capolat \u2013 VTT 31 km, D+ 1210 m, 9 cols\"}]},{\"@type\":\"WebSite\",\"@id\":\"https:\/\/centcols.org\/#website\",\"url\":\"https:\/\/centcols.org\/\",\"name\":\"Club des Cent Cols\",\"description\":\"\",\"publisher\":{\"@id\":\"https:\/\/centcols.org\/#organization\"},\"potentialAction\":[{\"@type\":\"SearchAction\",\"target\":{\"@type\":\"EntryPoint\",\"urlTemplate\":\"https:\/\/centcols.org\/?s={search_term_string}\"},\"query-input\":{\"@type\":\"PropertyValueSpecification\",\"valueRequired\":true,\"valueName\":\"search_term_string\"}}],\"inLanguage\":\"nl-BE\"},{\"@type\":\"Organization\",\"@id\":\"https:\/\/centcols.org\/#organization\",\"name\":\"Club des Cent Cols\",\"url\":\"https:\/\/centcols.org\/\",\"logo\":{\"@type\":\"ImageObject\",\"inLanguage\":\"nl-BE\",\"@id\":\"https:\/\/centcols.org\/#\/schema\/logo\/image\/\",\"url\":\"https:\/\/centcols.org\/wp-content\/uploads\/2025\/01\/carte-icone.png\",\"contentUrl\":\"https:\/\/centcols.org\/wp-content\/uploads\/2025\/01\/carte-icone.png\",\"width\":250,\"height\":250,\"caption\":\"Club des Cent Cols\"},\"image\":{\"@id\":\"https:\/\/centcols.org\/#\/schema\/logo\/image\/\"},\"sameAs\":[\"https:\/\/www.facebook.com\/groups\/5261880558\/?locale=fr_FR\"]},{\"@type\":\"Person\",\"@id\":\"https:\/\/centcols.org\/#\/schema\/person\/0cc8f723679c98f3fb7798df5a50c018\",\"name\":\"Ren\u00e9 Mercier\",\"image\":{\"@type\":\"ImageObject\",\"inLanguage\":\"nl-BE\",\"@id\":\"https:\/\/centcols.org\/wp-content\/litespeed\/avatar\/c2275eeaf79d4f7456274de381abeeab.jpg?ver=1777347562\",\"url\":\"https:\/\/centcols.org\/wp-content\/litespeed\/avatar\/c2275eeaf79d4f7456274de381abeeab.jpg?ver=1777347562\",\"contentUrl\":\"https:\/\/centcols.org\/wp-content\/litespeed\/avatar\/c2275eeaf79d4f7456274de381abeeab.jpg?ver=1777347562\",\"caption\":\"Ren\u00e9 Mercier\"},\"url\":\"https:\/\/centcols.org\/nl\/author\/7552\/\"}]}<\/script>\n<!-- \/ Yoast SEO plugin. -->","yoast_head_json":{"title":"ES-B Capolat - MTB 31 km, D+ 1210 m, 9 passen - Club des Cent Cols","robots":{"index":"index","follow":"follow","max-snippet":"max-snippet:-1","max-image-preview":"max-image-preview:large","max-video-preview":"max-video-preview:-1"},"canonical":"https:\/\/centcols.org\/nl\/es-b-capolat-vtt\/","og_locale":"nl_BE","og_type":"article","og_title":"ES-B Capolat \u2013 VTT 31 km, D+ 1210 m, 9 cols - Club des Cent Cols","og_description":"Description de l\u2019auteur Auteur : Patrick MandardParcours : effectu\u00e9 le 3 octobre 2025D\u00e9part : A 4 km au nord de Capolat, \u00e0 la sortie du tunnel de Foradada sur la route BV-4241 en direction de Sant Lloren\u00e7 de Morunys. Parking (terrain vague) sur la gauche apr\u00e8s le tunnel. Descriptif touristique Ce parcours catalan permet de [&hellip;]","og_url":"https:\/\/centcols.org\/nl\/es-b-capolat-vtt\/","og_site_name":"Club des Cent Cols","article_publisher":"https:\/\/www.facebook.com\/groups\/5261880558\/?locale=fr_FR","article_published_time":"2025-11-27T21:39:21+00:00","article_modified_time":"2026-03-14T14:13:42+00:00","og_image":[{"width":859,"height":1198,"url":"https:\/\/centcols.org\/wp-content\/uploads\/2025\/11\/Tunnel-Foradada.jpg","type":"image\/jpeg"}],"author":"Ren\u00e9 Mercier","twitter_card":"summary_large_image","twitter_misc":{"Geschreven door":"Ren\u00e9 Mercier","Geschatte leestijd":"2 minuten"},"schema":{"@context":"https:\/\/schema.org","@graph":[{"@type":"Article","@id":"https:\/\/centcols.org\/en\/es-b-capolat-mountain-bike\/#article","isPartOf":{"@id":"https:\/\/centcols.org\/en\/es-b-capolat-mountain-bike\/"},"author":{"name":"Ren\u00e9 Mercier","@id":"https:\/\/centcols.org\/#\/schema\/person\/0cc8f723679c98f3fb7798df5a50c018"},"headline":"ES-B Capolat \u2013 VTT 31 km, D+ 1210 m, 9 cols","datePublished":"2025-11-27T21:39:21+00:00","dateModified":"2026-03-14T14:13:42+00:00","mainEntityOfPage":{"@id":"https:\/\/centcols.org\/en\/es-b-capolat-mountain-bike\/"},"wordCount":230,"commentCount":0,"publisher":{"@id":"https:\/\/centcols.org\/#organization"},"image":{"@id":"https:\/\/centcols.org\/en\/es-b-capolat-mountain-bike\/#primaryimage"},"thumbnailUrl":"https:\/\/centcols.org\/wp-content\/uploads\/2025\/11\/Tunnel-Foradada.jpg","articleSection":["Parcours Espagne","VTT","Barcelone","Parcours membres"],"inLanguage":"nl-BE","potentialAction":[{"@type":"CommentAction","name":"Comment","target":["https:\/\/centcols.org\/en\/es-b-capolat-mountain-bike\/#respond"]}]},{"@type":"WebPage","@id":"https:\/\/centcols.org\/en\/es-b-capolat-mountain-bike\/","url":"https:\/\/centcols.org\/en\/es-b-capolat-mountain-bike\/","name":"ES-B Capolat - MTB 31 km, D+ 1210 m, 9 passen - Club des Cent Cols","isPartOf":{"@id":"https:\/\/centcols.org\/#website"},"primaryImageOfPage":{"@id":"https:\/\/centcols.org\/en\/es-b-capolat-mountain-bike\/#primaryimage"},"image":{"@id":"https:\/\/centcols.org\/en\/es-b-capolat-mountain-bike\/#primaryimage"},"thumbnailUrl":"https:\/\/centcols.org\/wp-content\/uploads\/2025\/11\/Tunnel-Foradada.jpg","datePublished":"2025-11-27T21:39:21+00:00","dateModified":"2026-03-14T14:13:42+00:00","breadcrumb":{"@id":"https:\/\/centcols.org\/en\/es-b-capolat-mountain-bike\/#breadcrumb"},"inLanguage":"nl-BE","potentialAction":[{"@type":"ReadAction","target":["https:\/\/centcols.org\/en\/es-b-capolat-mountain-bike\/"]}]},{"@type":"ImageObject","inLanguage":"nl-BE","@id":"https:\/\/centcols.org\/en\/es-b-capolat-mountain-bike\/#primaryimage","url":"https:\/\/centcols.org\/wp-content\/uploads\/2025\/11\/Tunnel-Foradada.jpg","contentUrl":"https:\/\/centcols.org\/wp-content\/uploads\/2025\/11\/Tunnel-Foradada.jpg","width":859,"height":1198},{"@type":"BreadcrumbList","@id":"https:\/\/centcols.org\/en\/es-b-capolat-mountain-bike\/#breadcrumb","itemListElement":[{"@type":"ListItem","position":1,"name":"Accueil","item":"https:\/\/centcols.org\/"},{"@type":"ListItem","position":2,"name":"Parcours membres","item":"https:\/\/centcols.org\/rubrique\/parcours-membres\/"},{"@type":"ListItem","position":3,"name":"Pays","item":"https:\/\/centcols.org\/rubrique\/parcours-membres\/pays-parcours-membres\/"},{"@type":"ListItem","position":4,"name":"Parcours Espagne","item":"https:\/\/centcols.org\/rubrique\/parcours-membres\/pays-parcours-membres\/parcours-espagne\/"},{"@type":"ListItem","position":5,"name":"ES-B Capolat \u2013 VTT 31 km, D+ 1210 m, 9 cols"}]},{"@type":"WebSite","@id":"https:\/\/centcols.org\/#website","url":"https:\/\/centcols.org\/","name":"Club van Cent Cols","description":"","publisher":{"@id":"https:\/\/centcols.org\/#organization"},"potentialAction":[{"@type":"SearchAction","target":{"@type":"EntryPoint","urlTemplate":"https:\/\/centcols.org\/?s={search_term_string}"},"query-input":{"@type":"PropertyValueSpecification","valueRequired":true,"valueName":"search_term_string"}}],"inLanguage":"nl-BE"},{"@type":"Organization","@id":"https:\/\/centcols.org\/#organization","name":"Club van Cent Cols","url":"https:\/\/centcols.org\/","logo":{"@type":"ImageObject","inLanguage":"nl-BE","@id":"https:\/\/centcols.org\/#\/schema\/logo\/image\/","url":"https:\/\/centcols.org\/wp-content\/uploads\/2025\/01\/carte-icone.png","contentUrl":"https:\/\/centcols.org\/wp-content\/uploads\/2025\/01\/carte-icone.png","width":250,"height":250,"caption":"Club des Cent Cols"},"image":{"@id":"https:\/\/centcols.org\/#\/schema\/logo\/image\/"},"sameAs":["https:\/\/www.facebook.com\/groups\/5261880558\/?locale=fr_FR"]},{"@type":"Person","@id":"https:\/\/centcols.org\/#\/schema\/person\/0cc8f723679c98f3fb7798df5a50c018","name":"Ren\u00e9 Mercier","image":{"@type":"ImageObject","inLanguage":"nl-BE","@id":"https:\/\/centcols.org\/wp-content\/litespeed\/avatar\/c2275eeaf79d4f7456274de381abeeab.jpg?ver=1777347562","url":"https:\/\/centcols.org\/wp-content\/litespeed\/avatar\/c2275eeaf79d4f7456274de381abeeab.jpg?ver=1777347562","contentUrl":"https:\/\/centcols.org\/wp-content\/litespeed\/avatar\/c2275eeaf79d4f7456274de381abeeab.jpg?ver=1777347562","caption":"Ren\u00e9 Mercier"},"url":"https:\/\/centcols.org\/nl\/author\/7552\/"}]}},"_links":{"self":[{"href":"https:\/\/centcols.org\/nl\/wp-json\/wp\/v2\/posts\/92283","targetHints":{"allow":["GET"]}}],"collection":[{"href":"https:\/\/centcols.org\/nl\/wp-json\/wp\/v2\/posts"}],"about":[{"href":"https:\/\/centcols.org\/nl\/wp-json\/wp\/v2\/types\/post"}],"author":[{"embeddable":true,"href":"https:\/\/centcols.org\/nl\/wp-json\/wp\/v2\/users\/1726"}],"replies":[{"embeddable":true,"href":"https:\/\/centcols.org\/nl\/wp-json\/wp\/v2\/comments?post=92283"}],"version-history":[{"count":0,"href":"https:\/\/centcols.org\/nl\/wp-json\/wp\/v2\/posts\/92283\/revisions"}],"wp:featuredmedia":[{"embeddable":true,"href":"https:\/\/centcols.org\/nl\/wp-json\/wp\/v2\/media\/92286"}],"wp:attachment":[{"href":"https:\/\/centcols.org\/nl\/wp-json\/wp\/v2\/media?parent=92283"}],"wp:term":[{"taxonomy":"category","embeddable":true,"href":"https:\/\/centcols.org\/nl\/wp-json\/wp\/v2\/categories?post=92283"},{"taxonomy":"post_tag","embeddable":true,"href":"https:\/\/centcols.org\/nl\/wp-json\/wp\/v2\/tags?post=92283"}],"curies":[{"name":"wp","href":"https:\/\/api.w.org\/{rel}","templated":true}]}}