{"id":92319,"date":"2025-12-05T16:47:23","date_gmt":"2025-12-05T14:47:23","guid":{"rendered":"https:\/\/centcols.org\/?p=92319"},"modified":"2026-03-21T19:20:26","modified_gmt":"2026-03-21T17:20:26","slug":"fr-01-brenod-haut-bugey-vtt","status":"publish","type":"post","link":"https:\/\/centcols.org\/nl\/fr-01-brenod-haut-bugey-vtt\/","title":{"rendered":"FR-01 Br\u00e9nod - Haut-Bugey - Mountainbike 70 km, D+ 1530 m, 23 passen"},"content":{"rendered":"<iframe width=\"100%\" height=\"650\" loading=\"lazy\" src=\"https:\/\/www.openrunner.com\/embed\/74354850314d47356f3069745275714b613151546a4a51494f2b517842516444657158716c445756554b413d3a3a7af9ffc68b97fcd68172a79e66694dfb?unit=metric\" style=\"border: none;\"><\/iframe>\n\n\n\n<div style=\"height:30px\" aria-hidden=\"true\" class=\"wp-block-spacer\"><\/div>\n\n\n\n<h2 class=\"wp-block-heading\">Beschrijving auteur<\/h2>\n\n\n\n<p><strong>Auteur<\/strong> Philippe Chazottier<br><strong>Cursus<\/strong> Voltooid op 9 juli 2025<br><strong>Vertrek<\/strong> Bij het dorp Br\u00e9nod, parkeerplaats stadion.<\/p>\n\n\n\n<div style=\"height:30px\" aria-hidden=\"true\" class=\"wp-block-spacer\"><\/div>\n\n\n\n<h2 class=\"wp-block-heading\">Toeristische informatie<\/h2>\n\n\n\n<p>Een prachtige route op het groene plateau van Hauteville, met veel bergpassen. Veel bosgedeelten.<\/p>\n\n\n\n<div style=\"height:30px\" aria-hidden=\"true\" class=\"wp-block-spacer\"><\/div>\n\n\n\n<h2 class=\"wp-block-heading\">Technische specificaties<\/h2>\n\n\n\n<p>Fietsroute bij 95%. Sommige bospaden zijn in slechte staat door houtkap. De Golet Chanut en de Golet Blanchet liggen in elkaars zicht, buiten de paden in het bos (satellietnavigatiesysteem nuttig). Er zijn zes wegpassen en verschillende korte retourpassen. De route is geschikt voor een gravelbike.<\/p>\n\n\n\n<div style=\"height:30px\" aria-hidden=\"true\" class=\"wp-block-spacer\"><\/div>\n\n\n\n<p><strong>23 halsbanden<\/strong><\/p>\n\n\n\n<figure class=\"wp-block-table\"><table><tbody><tr><td>1 - Col de Pisseloup<\/td><td class=\"has-text-align-center\" data-align=\"center\">968 m<\/td><td><a href=\"https:\/\/centcols.org\/nl\/util\/geo\/visu.php\/?code=FR-01-0968\" target=\"_blank\" rel=\"noreferrer noopener\">FR-01-0968<\/a><\/td><\/tr><tr><td>2 - Golet Grattet<\/td><td class=\"has-text-align-center\" data-align=\"center\">923 m<\/td><td><a href=\"https:\/\/centcols.org\/nl\/util\/geo\/visu.php\/?code=FR-01-0923\" target=\"_blank\" rel=\"noreferrer noopener\">FR-01-0923<\/a><\/td><\/tr><tr><td>3 - Golet de l'Epine<\/td><td class=\"has-text-align-center\" data-align=\"center\">1055 m<\/td><td><a href=\"https:\/\/centcols.org\/nl\/util\/geo\/visu.php\/?code=FR-01-1055\" target=\"_blank\" rel=\"noreferrer noopener\">FR-01-1055<\/a><\/td><\/tr><tr><td>4 - Col du Molard de l'Orge<\/td><td class=\"has-text-align-center\" data-align=\"center\">996 m<\/td><td><a href=\"https:\/\/centcols.org\/nl\/util\/geo\/visu.php\/?code=FR-01-0996a\" target=\"_blank\" rel=\"noreferrer noopener\">FR-01-0996a<\/a><\/td><\/tr><tr><td>5 - Golet Brunet<\/td><td class=\"has-text-align-center\" data-align=\"center\">989 m<\/td><td><a href=\"https:\/\/centcols.org\/nl\/util\/geo\/visu.php\/?code=FR-01-0995\" target=\"_blank\" rel=\"noreferrer noopener\">FR-01-0995<\/a><\/td><\/tr><tr><td>6 - Golet \u00e0 la Ch\u00e8vre<\/td><td class=\"has-text-align-center\" data-align=\"center\">1000 m<\/td><td><a href=\"https:\/\/centcols.org\/nl\/util\/geo\/visu.php\/?code=FR-01-1000b\" target=\"_blank\" rel=\"noreferrer noopener\">FR-01-1000b<\/a><\/td><\/tr><tr><td>7 - Golet du Bret<\/td><td class=\"has-text-align-center\" data-align=\"center\">970 m<\/td><td><a href=\"https:\/\/centcols.org\/nl\/util\/geo\/visu.php\/?code=FR-01-0970\" target=\"_blank\" rel=\"noreferrer noopener\">FR-01-0970<\/a><\/td><\/tr><tr><td>8 - Golet au Loup<\/td><td class=\"has-text-align-center\" data-align=\"center\">950 m<\/td><td><a href=\"https:\/\/centcols.org\/nl\/util\/geo\/visu.php\/?code=FR-01-0950\" target=\"_blank\" rel=\"noreferrer noopener\">FR-01-0950<\/a><\/td><\/tr><tr><td>9 - Golet \u00e0 la Borne<\/td><td class=\"has-text-align-center\" data-align=\"center\">1010 m<\/td><td><a href=\"https:\/\/centcols.org\/nl\/util\/geo\/visu.php\/?code=FR-01-1000a\" target=\"_blank\" rel=\"noreferrer noopener\">FR-01-1000a<\/a><\/td><\/tr><tr><td>10 - Col de Colliard pas<\/td><td class=\"has-text-align-center\" data-align=\"center\">979 m<\/td><td><a href=\"https:\/\/centcols.org\/nl\/util\/geo\/visu.php\/?code=FR-01-0979\" target=\"_blank\" rel=\"noreferrer noopener\">FR-01-0979<\/a><\/td><\/tr><tr><td>11 - Golet de la Frasse<\/td><td class=\"has-text-align-center\" data-align=\"center\">1070 m<\/td><td><a href=\"https:\/\/centcols.org\/nl\/util\/geo\/visu.php\/?code=FR-01-1070a\" target=\"_blank\" rel=\"noreferrer noopener\">FR-01-1070a<\/a><\/td><\/tr><tr><td>12 - Belle Roche pas<\/td><td class=\"has-text-align-center\" data-align=\"center\">1056 m<\/td><td><a href=\"https:\/\/centcols.org\/nl\/util\/geo\/visu.php\/?code=FR-01-1056\" target=\"_blank\" rel=\"noreferrer noopener\">FR-01-1056<\/a><\/td><\/tr><tr><td>13 - Golet Boquin<\/td><td class=\"has-text-align-center\" data-align=\"center\">990 m<\/td><td><a href=\"https:\/\/centcols.org\/nl\/util\/geo\/visu.php\/?code=FR-01-1000c\" target=\"_blank\" rel=\"noreferrer noopener\">FR-01-1000c<\/a><\/td><\/tr><tr><td>14 - Dennenhandschoen<\/td><td class=\"has-text-align-center\" data-align=\"center\">1068 m<\/td><td><a href=\"https:\/\/centcols.org\/nl\/util\/geo\/visu.php\/?code=FR-01-1070b\" target=\"_blank\" rel=\"noreferrer noopener\">FR-01-1070b<\/a><\/td><\/tr><tr><td>15 - Golet Blanchet<\/td><td class=\"has-text-align-center\" data-align=\"center\">1122 m<\/td><td><a href=\"https:\/\/centcols.org\/nl\/util\/geo\/visu.php\/?code=FR-01-1081\" target=\"_blank\" rel=\"noreferrer noopener\">FR-01-1081<\/a><\/td><\/tr><tr><td>16 - Golet Chanut<\/td><td class=\"has-text-align-center\" data-align=\"center\">1040 m<\/td><td><a href=\"https:\/\/centcols.org\/nl\/util\/geo\/visu.php\/?code=FR-01-1040a\" target=\"_blank\" rel=\"noreferrer noopener\">FR-01-1040a<\/a><\/td><\/tr><tr><td>17 - Golet Rougement<\/td><td class=\"has-text-align-center\" data-align=\"center\">1055 m<\/td><td><a href=\"https:\/\/centcols.org\/nl\/util\/geo\/visu.php\/?code=FR-01-1055a\" target=\"_blank\" rel=\"noreferrer noopener\">FR-01-1055a<\/a><\/td><\/tr><tr><td>18 - Golet au Rouge<\/td><td class=\"has-text-align-center\" data-align=\"center\">1010 m<\/td><td><a href=\"https:\/\/centcols.org\/nl\/util\/geo\/visu.php\/?code=FR-01-1010b\" target=\"_blank\" rel=\"noreferrer noopener\">FR-01-1010b<\/a><\/td><\/tr><tr><td>19 - Golet Burgon<\/td><td class=\"has-text-align-center\" data-align=\"center\">972 m<\/td><td><a href=\"https:\/\/centcols.org\/nl\/util\/geo\/visu.php\/?code=FR-01-0972\" target=\"_blank\" rel=\"noreferrer noopener\">FR-01-0972<\/a><\/td><\/tr><tr><td>20 - Golet Commentaar<\/td><td class=\"has-text-align-center\" data-align=\"center\">980 m<\/td><td><a href=\"https:\/\/centcols.org\/nl\/util\/geo\/visu.php\/?code=FR-01-0980\" target=\"_blank\" rel=\"noreferrer noopener\">FR-01-0980<\/a><\/td><\/tr><tr><td>21 - Golet G\u00e9la<\/td><td class=\"has-text-align-center\" data-align=\"center\">937 m<\/td><td><a href=\"https:\/\/centcols.org\/nl\/util\/geo\/visu.php\/?code=FR-01-0937\" target=\"_blank\" rel=\"noreferrer noopener\">FR-01-0937<\/a><\/td><\/tr><tr><td>22 - Golet Belon<\/td><td class=\"has-text-align-center\" data-align=\"center\">1145 m<\/td><td><a href=\"https:\/\/centcols.org\/nl\/util\/geo\/visu.php\/?code=FR-01-1145a\" target=\"_blank\" rel=\"noreferrer noopener\">FR-01-1145a<\/a><\/td><\/tr><tr><td>23 - Col de la Chemin\u00e9e<\/td><td class=\"has-text-align-center\" data-align=\"center\">925 m<\/td><td><a href=\"https:\/\/centcols.org\/nl\/util\/geo\/visu.php\/?code=FR-01-0925\" target=\"_blank\" rel=\"noreferrer noopener\">FR-01-0925<\/a><\/td><\/tr><\/tbody><\/table><\/figure>\n\n\n\n<p><strong>Trefwoorden<\/strong> Br\u00e9nod, Haut-Bugey, Hauteville, centcols<\/p>\n\n\n\n<p>Openrunner link, interactieve kaart, profiel, track : <a href=\"https:\/\/www.openrunner.com\/route-details\/22969711\" target=\"_blank\" rel=\"noreferrer noopener\">https:\/\/www.openrunner.com\/route-details\/22969711<\/a><\/p>\n\n\n\n<p>Deze routebeschrijving wordt slechts ter indicatie aangeboden. De auteur aanvaardt geen aansprakelijkheid, noch die van de Club des Cent Cols, voor eventuele onberekenbaarheden die te wijten zijn aan de fietser zelf, het gebruikte materiaal of alles wat te maken heeft met de weg, paden en wegen, hun omgeving of andere gebruikers.<\/p>\n\n\n\n<div style=\"height:30px\" aria-hidden=\"true\" class=\"wp-block-spacer\"><\/div>\n\n\n\n<h2 class=\"wp-block-heading\">Foto's<\/h2>\n\n\n\n<figure class=\"wp-block-gallery has-nested-images columns-default is-cropped wp-block-gallery-1 is-layout-flex wp-block-gallery-is-layout-flex\">\n<figure class=\"wp-block-image size-full\"><a href=\"https:\/\/centcols.org\/wp-content\/uploads\/2025\/12\/Brenod-1Etangs-Marron.jpg\" target=\"_blank\" rel=\" noreferrer noopener\"><img loading=\"lazy\" decoding=\"async\" width=\"900\" height=\"1200\" data-id=\"92324\" src=\"https:\/\/centcols.org\/wp-content\/uploads\/2025\/12\/Brenod-1Etangs-Marron.jpg\" alt=\"\" class=\"wp-image-92324\" srcset=\"https:\/\/centcols.org\/wp-content\/uploads\/2025\/12\/Brenod-1Etangs-Marron.jpg 900w, https:\/\/centcols.org\/wp-content\/uploads\/2025\/12\/Brenod-1Etangs-Marron-768x1024.jpg 768w, https:\/\/centcols.org\/wp-content\/uploads\/2025\/12\/Brenod-1Etangs-Marron-9x12.jpg 9w\" sizes=\"auto, (max-width: 900px) 100vw, 900px\" \/><\/a><figcaption class=\"wp-element-caption\">Marron etangs<\/figcaption><\/figure>\n\n\n\n<figure class=\"wp-block-image size-full\"><a href=\"https:\/\/centcols.org\/wp-content\/uploads\/2025\/12\/Brenod-2Golet-Blanchet.jpg\"><img loading=\"lazy\" decoding=\"async\" width=\"821\" height=\"1199\" data-id=\"92325\" src=\"https:\/\/centcols.org\/wp-content\/uploads\/2025\/12\/Brenod-2Golet-Blanchet.jpg\" alt=\"\" class=\"wp-image-92325\" srcset=\"https:\/\/centcols.org\/wp-content\/uploads\/2025\/12\/Brenod-2Golet-Blanchet.jpg 821w, https:\/\/centcols.org\/wp-content\/uploads\/2025\/12\/Brenod-2Golet-Blanchet-768x1122.jpg 768w, https:\/\/centcols.org\/wp-content\/uploads\/2025\/12\/Brenod-2Golet-Blanchet-8x12.jpg 8w\" sizes=\"auto, (max-width: 821px) 100vw, 821px\" \/><\/a><figcaption class=\"wp-element-caption\">Golet Blanchet<\/figcaption><\/figure>\n\n\n\n<figure class=\"wp-block-image size-full\"><a href=\"https:\/\/centcols.org\/wp-content\/uploads\/2025\/12\/Brenod-Belle-clairiere-en-allant-vers-le-3Golet-du-Geai.jpg\"><img loading=\"lazy\" decoding=\"async\" width=\"962\" height=\"1200\" data-id=\"92326\" src=\"https:\/\/centcols.org\/wp-content\/uploads\/2025\/12\/Brenod-Belle-clairiere-en-allant-vers-le-3Golet-du-Geai.jpg\" alt=\"\" class=\"wp-image-92326\" srcset=\"https:\/\/centcols.org\/wp-content\/uploads\/2025\/12\/Brenod-Belle-clairiere-en-allant-vers-le-3Golet-du-Geai.jpg 962w, https:\/\/centcols.org\/wp-content\/uploads\/2025\/12\/Brenod-Belle-clairiere-en-allant-vers-le-3Golet-du-Geai-768x958.jpg 768w, https:\/\/centcols.org\/wp-content\/uploads\/2025\/12\/Brenod-Belle-clairiere-en-allant-vers-le-3Golet-du-Geai-10x12.jpg 10w\" sizes=\"auto, (max-width: 962px) 100vw, 962px\" \/><\/a><figcaption class=\"wp-element-caption\">Prachtige open plek op weg naar Golet G\u00e9la<\/figcaption><\/figure>\n<\/figure>","protected":false},"excerpt":{"rendered":"<p>Description de l\u2019auteur Auteur : Philippe ChazottierParcours : effectu\u00e9 le 9 juillet 2025D\u00e9part : village de Br\u00e9nod, parking du stade. Descriptif touristique Beau parcours sur le plateau verdoyant d&rsquo;Hauteville, tr\u00e8s riche en cols. Nombreux passages en for\u00eat. Descriptif technique Parcours cyclable \u00e0 95%. Certains chemins forestiers sont en mauvais \u00e9tat du fait de l&rsquo;exploitation du [&hellip;]<\/p>\n","protected":false},"author":1726,"featured_media":92324,"comment_status":"open","ping_status":"open","sticky":false,"template":"","format":"standard","meta":{"_acf_changed":false,"footnotes":""},"categories":[303,330,451,319,325,334,220],"tags":[],"class_list":["post-92319","post","type-post","status-publish","format-standard","has-post-thumbnail","hentry","category-parcours-france","category-auvergne-rhone-alpes-region-parcours-membres","category-01-ain","category-vtt-type-parcours","category-departement","category-jura-massif-parcours-membres","category-parcours-membres"],"acf":[],"yoast_head":"<!-- This site is optimized with the Yoast SEO plugin v27.2 - https:\/\/yoast.com\/product\/yoast-seo-wordpress\/ -->\n<title>FR-01 Br\u00e9nod - Haut-Bugey \u2013 VTT 70 km, D+ 1530 m, 23 cols - Club des Cent Cols<\/title>\n<meta name=\"robots\" content=\"index, follow, max-snippet:-1, max-image-preview:large, max-video-preview:-1\" \/>\n<link rel=\"canonical\" href=\"https:\/\/centcols.org\/nl\/fr-01-brenod-haut-bugey-vtt\/\" \/>\n<meta property=\"og:locale\" content=\"nl_BE\" \/>\n<meta property=\"og:type\" content=\"article\" \/>\n<meta property=\"og:title\" content=\"FR-01 Br\u00e9nod - Haut-Bugey \u2013 VTT 70 km, D+ 1530 m, 23 cols - Club des Cent Cols\" \/>\n<meta property=\"og:description\" content=\"Description de l\u2019auteur Auteur : Philippe ChazottierParcours : effectu\u00e9 le 9 juillet 2025D\u00e9part : village de Br\u00e9nod, parking du stade. Descriptif touristique Beau parcours sur le plateau verdoyant d&rsquo;Hauteville, tr\u00e8s riche en cols. Nombreux passages en for\u00eat. Descriptif technique Parcours cyclable \u00e0 95%. Certains chemins forestiers sont en mauvais \u00e9tat du fait de l&rsquo;exploitation du [&hellip;]\" \/>\n<meta property=\"og:url\" content=\"https:\/\/centcols.org\/nl\/fr-01-brenod-haut-bugey-vtt\/\" \/>\n<meta property=\"og:site_name\" content=\"Club des Cent Cols\" \/>\n<meta property=\"article:publisher\" content=\"https:\/\/www.facebook.com\/groups\/5261880558\/?locale=fr_FR\" \/>\n<meta property=\"article:published_time\" content=\"2025-12-05T14:47:23+00:00\" \/>\n<meta property=\"article:modified_time\" content=\"2026-03-21T17:20:26+00:00\" \/>\n<meta property=\"og:image\" content=\"https:\/\/centcols.org\/wp-content\/uploads\/2025\/12\/Brenod-1Etangs-Marron.jpg\" \/>\n\t<meta property=\"og:image:width\" content=\"900\" \/>\n\t<meta property=\"og:image:height\" content=\"1200\" \/>\n\t<meta property=\"og:image:type\" content=\"image\/jpeg\" \/>\n<meta name=\"author\" content=\"Ren\u00e9 Mercier\" \/>\n<meta name=\"twitter:card\" content=\"summary_large_image\" \/>\n<meta name=\"twitter:label1\" content=\"Geschreven door\" \/>\n\t<meta name=\"twitter:data1\" content=\"Ren\u00e9 Mercier\" \/>\n\t<meta name=\"twitter:label2\" content=\"Geschatte leestijd\" \/>\n\t<meta name=\"twitter:data2\" content=\"3 minuten\" \/>\n<script type=\"application\/ld+json\" class=\"yoast-schema-graph\">{\"@context\":\"https:\/\/schema.org\",\"@graph\":[{\"@type\":\"Article\",\"@id\":\"https:\/\/centcols.org\/de\/fr-01-brenod-haut-bugey-vtt\/#article\",\"isPartOf\":{\"@id\":\"https:\/\/centcols.org\/de\/fr-01-brenod-haut-bugey-vtt\/\"},\"author\":{\"name\":\"Ren\u00e9 Mercier\",\"@id\":\"https:\/\/centcols.org\/#\/schema\/person\/0cc8f723679c98f3fb7798df5a50c018\"},\"headline\":\"FR-01 Br\u00e9nod &#8211; Haut-Bugey \u2013 VTT 70 km, D+ 1530 m, 23 cols\",\"datePublished\":\"2025-12-05T14:47:23+00:00\",\"dateModified\":\"2026-03-21T17:20:26+00:00\",\"mainEntityOfPage\":{\"@id\":\"https:\/\/centcols.org\/de\/fr-01-brenod-haut-bugey-vtt\/\"},\"wordCount\":359,\"commentCount\":0,\"publisher\":{\"@id\":\"https:\/\/centcols.org\/#organization\"},\"image\":{\"@id\":\"https:\/\/centcols.org\/de\/fr-01-brenod-haut-bugey-vtt\/#primaryimage\"},\"thumbnailUrl\":\"https:\/\/centcols.org\/wp-content\/uploads\/2025\/12\/Brenod-1Etangs-Marron.jpg\",\"articleSection\":[\"Parcours France\",\"Auvergne-Rh\u00f4ne-Alpes\",\"01-Ain\",\"VTT\",\"D\u00e9partement\",\"Jura\",\"Parcours membres\"],\"inLanguage\":\"nl-BE\",\"potentialAction\":[{\"@type\":\"CommentAction\",\"name\":\"Comment\",\"target\":[\"https:\/\/centcols.org\/de\/fr-01-brenod-haut-bugey-vtt\/#respond\"]}]},{\"@type\":\"WebPage\",\"@id\":\"https:\/\/centcols.org\/de\/fr-01-brenod-haut-bugey-vtt\/\",\"url\":\"https:\/\/centcols.org\/de\/fr-01-brenod-haut-bugey-vtt\/\",\"name\":\"FR-01 Br\u00e9nod - Haut-Bugey \u2013 VTT 70 km, D+ 1530 m, 23 cols - Club des Cent Cols\",\"isPartOf\":{\"@id\":\"https:\/\/centcols.org\/#website\"},\"primaryImageOfPage\":{\"@id\":\"https:\/\/centcols.org\/de\/fr-01-brenod-haut-bugey-vtt\/#primaryimage\"},\"image\":{\"@id\":\"https:\/\/centcols.org\/de\/fr-01-brenod-haut-bugey-vtt\/#primaryimage\"},\"thumbnailUrl\":\"https:\/\/centcols.org\/wp-content\/uploads\/2025\/12\/Brenod-1Etangs-Marron.jpg\",\"datePublished\":\"2025-12-05T14:47:23+00:00\",\"dateModified\":\"2026-03-21T17:20:26+00:00\",\"breadcrumb\":{\"@id\":\"https:\/\/centcols.org\/de\/fr-01-brenod-haut-bugey-vtt\/#breadcrumb\"},\"inLanguage\":\"nl-BE\",\"potentialAction\":[{\"@type\":\"ReadAction\",\"target\":[\"https:\/\/centcols.org\/de\/fr-01-brenod-haut-bugey-vtt\/\"]}]},{\"@type\":\"ImageObject\",\"inLanguage\":\"nl-BE\",\"@id\":\"https:\/\/centcols.org\/de\/fr-01-brenod-haut-bugey-vtt\/#primaryimage\",\"url\":\"https:\/\/centcols.org\/wp-content\/uploads\/2025\/12\/Brenod-1Etangs-Marron.jpg\",\"contentUrl\":\"https:\/\/centcols.org\/wp-content\/uploads\/2025\/12\/Brenod-1Etangs-Marron.jpg\",\"width\":900,\"height\":1200},{\"@type\":\"BreadcrumbList\",\"@id\":\"https:\/\/centcols.org\/de\/fr-01-brenod-haut-bugey-vtt\/#breadcrumb\",\"itemListElement\":[{\"@type\":\"ListItem\",\"position\":1,\"name\":\"Accueil\",\"item\":\"https:\/\/centcols.org\/\"},{\"@type\":\"ListItem\",\"position\":2,\"name\":\"Parcours membres\",\"item\":\"https:\/\/centcols.org\/rubrique\/parcours-membres\/\"},{\"@type\":\"ListItem\",\"position\":3,\"name\":\"Pays\",\"item\":\"https:\/\/centcols.org\/rubrique\/parcours-membres\/pays-parcours-membres\/\"},{\"@type\":\"ListItem\",\"position\":4,\"name\":\"Parcours France\",\"item\":\"https:\/\/centcols.org\/rubrique\/parcours-membres\/pays-parcours-membres\/parcours-france\/\"},{\"@type\":\"ListItem\",\"position\":5,\"name\":\"FR-01 Br\u00e9nod &#8211; Haut-Bugey \u2013 VTT 70 km, D+ 1530 m, 23 cols\"}]},{\"@type\":\"WebSite\",\"@id\":\"https:\/\/centcols.org\/#website\",\"url\":\"https:\/\/centcols.org\/\",\"name\":\"Club des Cent Cols\",\"description\":\"\",\"publisher\":{\"@id\":\"https:\/\/centcols.org\/#organization\"},\"potentialAction\":[{\"@type\":\"SearchAction\",\"target\":{\"@type\":\"EntryPoint\",\"urlTemplate\":\"https:\/\/centcols.org\/?s={search_term_string}\"},\"query-input\":{\"@type\":\"PropertyValueSpecification\",\"valueRequired\":true,\"valueName\":\"search_term_string\"}}],\"inLanguage\":\"nl-BE\"},{\"@type\":\"Organization\",\"@id\":\"https:\/\/centcols.org\/#organization\",\"name\":\"Club des Cent Cols\",\"url\":\"https:\/\/centcols.org\/\",\"logo\":{\"@type\":\"ImageObject\",\"inLanguage\":\"nl-BE\",\"@id\":\"https:\/\/centcols.org\/#\/schema\/logo\/image\/\",\"url\":\"https:\/\/centcols.org\/wp-content\/uploads\/2025\/01\/carte-icone.png\",\"contentUrl\":\"https:\/\/centcols.org\/wp-content\/uploads\/2025\/01\/carte-icone.png\",\"width\":250,\"height\":250,\"caption\":\"Club des Cent Cols\"},\"image\":{\"@id\":\"https:\/\/centcols.org\/#\/schema\/logo\/image\/\"},\"sameAs\":[\"https:\/\/www.facebook.com\/groups\/5261880558\/?locale=fr_FR\"]},{\"@type\":\"Person\",\"@id\":\"https:\/\/centcols.org\/#\/schema\/person\/0cc8f723679c98f3fb7798df5a50c018\",\"name\":\"Ren\u00e9 Mercier\",\"image\":{\"@type\":\"ImageObject\",\"inLanguage\":\"nl-BE\",\"@id\":\"https:\/\/centcols.org\/wp-content\/litespeed\/avatar\/c2275eeaf79d4f7456274de381abeeab.jpg?ver=1777347562\",\"url\":\"https:\/\/centcols.org\/wp-content\/litespeed\/avatar\/c2275eeaf79d4f7456274de381abeeab.jpg?ver=1777347562\",\"contentUrl\":\"https:\/\/centcols.org\/wp-content\/litespeed\/avatar\/c2275eeaf79d4f7456274de381abeeab.jpg?ver=1777347562\",\"caption\":\"Ren\u00e9 Mercier\"},\"url\":\"https:\/\/centcols.org\/nl\/author\/7552\/\"}]}<\/script>\n<!-- \/ Yoast SEO plugin. -->","yoast_head_json":{"title":"FR-01 Br\u00e9nod - Haut-Bugey - MTB 70 km, D+ 1530 m, 23 passen - Club des Cent Cols","robots":{"index":"index","follow":"follow","max-snippet":"max-snippet:-1","max-image-preview":"max-image-preview:large","max-video-preview":"max-video-preview:-1"},"canonical":"https:\/\/centcols.org\/nl\/fr-01-brenod-haut-bugey-vtt\/","og_locale":"nl_BE","og_type":"article","og_title":"FR-01 Br\u00e9nod - Haut-Bugey \u2013 VTT 70 km, D+ 1530 m, 23 cols - Club des Cent Cols","og_description":"Description de l\u2019auteur Auteur : Philippe ChazottierParcours : effectu\u00e9 le 9 juillet 2025D\u00e9part : village de Br\u00e9nod, parking du stade. Descriptif touristique Beau parcours sur le plateau verdoyant d&rsquo;Hauteville, tr\u00e8s riche en cols. Nombreux passages en for\u00eat. Descriptif technique Parcours cyclable \u00e0 95%. Certains chemins forestiers sont en mauvais \u00e9tat du fait de l&rsquo;exploitation du [&hellip;]","og_url":"https:\/\/centcols.org\/nl\/fr-01-brenod-haut-bugey-vtt\/","og_site_name":"Club des Cent Cols","article_publisher":"https:\/\/www.facebook.com\/groups\/5261880558\/?locale=fr_FR","article_published_time":"2025-12-05T14:47:23+00:00","article_modified_time":"2026-03-21T17:20:26+00:00","og_image":[{"width":900,"height":1200,"url":"https:\/\/centcols.org\/wp-content\/uploads\/2025\/12\/Brenod-1Etangs-Marron.jpg","type":"image\/jpeg"}],"author":"Ren\u00e9 Mercier","twitter_card":"summary_large_image","twitter_misc":{"Geschreven door":"Ren\u00e9 Mercier","Geschatte leestijd":"3 minuten"},"schema":{"@context":"https:\/\/schema.org","@graph":[{"@type":"Article","@id":"https:\/\/centcols.org\/de\/fr-01-brenod-haut-bugey-vtt\/#article","isPartOf":{"@id":"https:\/\/centcols.org\/de\/fr-01-brenod-haut-bugey-vtt\/"},"author":{"name":"Ren\u00e9 Mercier","@id":"https:\/\/centcols.org\/#\/schema\/person\/0cc8f723679c98f3fb7798df5a50c018"},"headline":"FR-01 Br\u00e9nod &#8211; Haut-Bugey \u2013 VTT 70 km, D+ 1530 m, 23 cols","datePublished":"2025-12-05T14:47:23+00:00","dateModified":"2026-03-21T17:20:26+00:00","mainEntityOfPage":{"@id":"https:\/\/centcols.org\/de\/fr-01-brenod-haut-bugey-vtt\/"},"wordCount":359,"commentCount":0,"publisher":{"@id":"https:\/\/centcols.org\/#organization"},"image":{"@id":"https:\/\/centcols.org\/de\/fr-01-brenod-haut-bugey-vtt\/#primaryimage"},"thumbnailUrl":"https:\/\/centcols.org\/wp-content\/uploads\/2025\/12\/Brenod-1Etangs-Marron.jpg","articleSection":["Parcours France","Auvergne-Rh\u00f4ne-Alpes","01-Ain","VTT","D\u00e9partement","Jura","Parcours membres"],"inLanguage":"nl-BE","potentialAction":[{"@type":"CommentAction","name":"Comment","target":["https:\/\/centcols.org\/de\/fr-01-brenod-haut-bugey-vtt\/#respond"]}]},{"@type":"WebPage","@id":"https:\/\/centcols.org\/de\/fr-01-brenod-haut-bugey-vtt\/","url":"https:\/\/centcols.org\/de\/fr-01-brenod-haut-bugey-vtt\/","name":"FR-01 Br\u00e9nod - Haut-Bugey - MTB 70 km, D+ 1530 m, 23 passen - Club des Cent Cols","isPartOf":{"@id":"https:\/\/centcols.org\/#website"},"primaryImageOfPage":{"@id":"https:\/\/centcols.org\/de\/fr-01-brenod-haut-bugey-vtt\/#primaryimage"},"image":{"@id":"https:\/\/centcols.org\/de\/fr-01-brenod-haut-bugey-vtt\/#primaryimage"},"thumbnailUrl":"https:\/\/centcols.org\/wp-content\/uploads\/2025\/12\/Brenod-1Etangs-Marron.jpg","datePublished":"2025-12-05T14:47:23+00:00","dateModified":"2026-03-21T17:20:26+00:00","breadcrumb":{"@id":"https:\/\/centcols.org\/de\/fr-01-brenod-haut-bugey-vtt\/#breadcrumb"},"inLanguage":"nl-BE","potentialAction":[{"@type":"ReadAction","target":["https:\/\/centcols.org\/de\/fr-01-brenod-haut-bugey-vtt\/"]}]},{"@type":"ImageObject","inLanguage":"nl-BE","@id":"https:\/\/centcols.org\/de\/fr-01-brenod-haut-bugey-vtt\/#primaryimage","url":"https:\/\/centcols.org\/wp-content\/uploads\/2025\/12\/Brenod-1Etangs-Marron.jpg","contentUrl":"https:\/\/centcols.org\/wp-content\/uploads\/2025\/12\/Brenod-1Etangs-Marron.jpg","width":900,"height":1200},{"@type":"BreadcrumbList","@id":"https:\/\/centcols.org\/de\/fr-01-brenod-haut-bugey-vtt\/#breadcrumb","itemListElement":[{"@type":"ListItem","position":1,"name":"Accueil","item":"https:\/\/centcols.org\/"},{"@type":"ListItem","position":2,"name":"Parcours membres","item":"https:\/\/centcols.org\/rubrique\/parcours-membres\/"},{"@type":"ListItem","position":3,"name":"Pays","item":"https:\/\/centcols.org\/rubrique\/parcours-membres\/pays-parcours-membres\/"},{"@type":"ListItem","position":4,"name":"Parcours France","item":"https:\/\/centcols.org\/rubrique\/parcours-membres\/pays-parcours-membres\/parcours-france\/"},{"@type":"ListItem","position":5,"name":"FR-01 Br\u00e9nod &#8211; Haut-Bugey \u2013 VTT 70 km, D+ 1530 m, 23 cols"}]},{"@type":"WebSite","@id":"https:\/\/centcols.org\/#website","url":"https:\/\/centcols.org\/","name":"Club van Cent Cols","description":"","publisher":{"@id":"https:\/\/centcols.org\/#organization"},"potentialAction":[{"@type":"SearchAction","target":{"@type":"EntryPoint","urlTemplate":"https:\/\/centcols.org\/?s={search_term_string}"},"query-input":{"@type":"PropertyValueSpecification","valueRequired":true,"valueName":"search_term_string"}}],"inLanguage":"nl-BE"},{"@type":"Organization","@id":"https:\/\/centcols.org\/#organization","name":"Club van Cent Cols","url":"https:\/\/centcols.org\/","logo":{"@type":"ImageObject","inLanguage":"nl-BE","@id":"https:\/\/centcols.org\/#\/schema\/logo\/image\/","url":"https:\/\/centcols.org\/wp-content\/uploads\/2025\/01\/carte-icone.png","contentUrl":"https:\/\/centcols.org\/wp-content\/uploads\/2025\/01\/carte-icone.png","width":250,"height":250,"caption":"Club des Cent Cols"},"image":{"@id":"https:\/\/centcols.org\/#\/schema\/logo\/image\/"},"sameAs":["https:\/\/www.facebook.com\/groups\/5261880558\/?locale=fr_FR"]},{"@type":"Person","@id":"https:\/\/centcols.org\/#\/schema\/person\/0cc8f723679c98f3fb7798df5a50c018","name":"Ren\u00e9 Mercier","image":{"@type":"ImageObject","inLanguage":"nl-BE","@id":"https:\/\/centcols.org\/wp-content\/litespeed\/avatar\/c2275eeaf79d4f7456274de381abeeab.jpg?ver=1777347562","url":"https:\/\/centcols.org\/wp-content\/litespeed\/avatar\/c2275eeaf79d4f7456274de381abeeab.jpg?ver=1777347562","contentUrl":"https:\/\/centcols.org\/wp-content\/litespeed\/avatar\/c2275eeaf79d4f7456274de381abeeab.jpg?ver=1777347562","caption":"Ren\u00e9 Mercier"},"url":"https:\/\/centcols.org\/nl\/author\/7552\/"}]}},"_links":{"self":[{"href":"https:\/\/centcols.org\/nl\/wp-json\/wp\/v2\/posts\/92319","targetHints":{"allow":["GET"]}}],"collection":[{"href":"https:\/\/centcols.org\/nl\/wp-json\/wp\/v2\/posts"}],"about":[{"href":"https:\/\/centcols.org\/nl\/wp-json\/wp\/v2\/types\/post"}],"author":[{"embeddable":true,"href":"https:\/\/centcols.org\/nl\/wp-json\/wp\/v2\/users\/1726"}],"replies":[{"embeddable":true,"href":"https:\/\/centcols.org\/nl\/wp-json\/wp\/v2\/comments?post=92319"}],"version-history":[{"count":0,"href":"https:\/\/centcols.org\/nl\/wp-json\/wp\/v2\/posts\/92319\/revisions"}],"wp:featuredmedia":[{"embeddable":true,"href":"https:\/\/centcols.org\/nl\/wp-json\/wp\/v2\/media\/92324"}],"wp:attachment":[{"href":"https:\/\/centcols.org\/nl\/wp-json\/wp\/v2\/media?parent=92319"}],"wp:term":[{"taxonomy":"category","embeddable":true,"href":"https:\/\/centcols.org\/nl\/wp-json\/wp\/v2\/categories?post=92319"},{"taxonomy":"post_tag","embeddable":true,"href":"https:\/\/centcols.org\/nl\/wp-json\/wp\/v2\/tags?post=92319"}],"curies":[{"name":"wp","href":"https:\/\/api.w.org\/{rel}","templated":true}]}}