{"id":92358,"date":"2025-12-16T17:15:59","date_gmt":"2025-12-16T15:15:59","guid":{"rendered":"https:\/\/centcols.org\/?p=92358"},"modified":"2026-03-10T19:59:53","modified_gmt":"2026-03-10T17:59:53","slug":"fr-84-route-dentelles-de-montmirail","status":"publish","type":"post","link":"https:\/\/centcols.org\/nl\/fr-84-dentelles-de-montmirail-route\/","title":{"rendered":"FR-84 Dentelles de Montmirail - Route 81 km, D+ 1550 m, 14 passen"},"content":{"rendered":"<iframe width=\"100%\" height=\"650\" loading=\"lazy\" src=\"https:\/\/www.openrunner.com\/embed\/656671594a4e4e7273414447787449476c6c33576e375677512b76646d73734b465276556c4e626d2f6e383d3a3a6f8f8156f751eec7edfd5729db0f2fc4?unit=metric\" style=\"border: none;\"><\/iframe>\n\n\n\n<div style=\"height:30px\" aria-hidden=\"true\" class=\"wp-block-spacer\"><\/div>\n\n\n\n<h2 class=\"wp-block-heading\">Beschrijving auteur<\/h2>\n\n\n\n<p><strong>Auteur<\/strong> Ren\u00e9 Mercier<br><strong>Cursus<\/strong> Voltooid in juni 2023<br><strong>Vertrek<\/strong> B\u00e9doin, Place de la R\u00e9publique aan de hoofdstraat. Aan de hoofdstraat liggen verschillende parkeergarages, waaronder die op Place de la Vigneronne bij het postkantoor.<\/p>\n\n\n\n<div style=\"height:30px\" aria-hidden=\"true\" class=\"wp-block-spacer\"><\/div>\n\n\n\n<h2 class=\"wp-block-heading\">Toeristische informatie<\/h2>\n\n\n\n<p>Deze zeer toeristische route begint aan de voet van de Ventoux en loopt door de heuveldorpen Crillon-le-Brave, Caromb (Romaanse kerk, Italiaans barokorgel), Le Barroux (massief kasteel, abdij), La Roque-Alric (tegen een rotswand die de rotsen van de Dentelles maskeert). Hier begint het prachtige uitzicht op het massief van de Dentelles de Montmirail. De dominante positie van het dorp Suzette biedt een panorama van 360\u00b0, vooral op de Ventoux en de Dentelles. Nadat je Malauc\u00e8ne bent gepasseerd op weg naar de Gorges de Toulourenc (een Natura 2000-gebied), keer je terug door het prachtige dennenbos rond de Col de la Madeleine.<\/p>\n\n\n\n<div style=\"height:30px\" aria-hidden=\"true\" class=\"wp-block-spacer\"><\/div>\n\n\n\n<h2 class=\"wp-block-heading\">Technische specificaties<\/h2>\n\n\n\n<div class=\"wp-block-group is-vertical is-layout-flex wp-container-core-group-is-layout-8cf370e7 wp-block-group-is-layout-flex\">\n<p>De route is volledig over de weg. Af en toe wat korte moeilijkheden bij 8-10%.<br>Winkels, fietsenwinkels, toiletten en waterpunten in B\u00e9doin. Waterkraan op de Col de Suzette. Winkels in Entrechaux en een watertappunt links van het gemeentehuis. Winkels en fietsenwinkels in Malauc\u00e8ne.<\/p>\n\n\n\n<p>Pas op: massatoerisme en hoge temperaturen in de zomer.<\/p>\n<\/div>\n\n\n\n<div style=\"height:30px\" aria-hidden=\"true\" class=\"wp-block-spacer\"><\/div>\n\n\n\n<p><strong>14 kragen<\/strong><\/p>\n\n\n\n<figure class=\"wp-block-table\"><table class=\"has-fixed-layout\"><tbody><tr><td>1 - Col de Champ Paga<\/td><td class=\"has-text-align-center\" data-align=\"center\">366 m<\/td><td><a href=\"https:\/\/centcols.org\/nl\/util\/geo\/visu.php\/?code=FR-84-0366\" target=\"_blank\" rel=\"noreferrer noopener\">FR-84-0366<\/a><\/td><\/tr><tr><td>2 - Le Collet<\/td><td class=\"has-text-align-center\" data-align=\"center\">248 m<\/td><td><a href=\"https:\/\/centcols.org\/nl\/util\/geo\/visu.php\/?code=FR-84-0248\" target=\"_blank\" rel=\"noreferrer noopener\">FR-84-0248<\/a><\/td><\/tr><tr><td>3 - Col de Suzette<\/td><td class=\"has-text-align-center\" data-align=\"center\">392 m<\/td><td><a href=\"https:\/\/centcols.org\/nl\/util\/geo\/visu.php\/?code=FR-84-0392\" target=\"_blank\" rel=\"noreferrer noopener\">FR-84-0392<\/a><\/td><\/tr><tr><td>4 - Col de la Cha\u00eene<\/td><td class=\"has-text-align-center\" data-align=\"center\">470 m<\/td><td><a href=\"https:\/\/centcols.org\/nl\/util\/geo\/visu.php\/?code=FR-84-0472\" target=\"_blank\" rel=\"noreferrer noopener\">FR-84-0472<\/a><\/td><\/tr><tr><td>5 - Pas du Loup<\/td><td class=\"has-text-align-center\" data-align=\"center\">285 m<\/td><td><a href=\"https:\/\/centcols.org\/nl\/util\/geo\/visu.php\/?code=FR-84-0285\" target=\"_blank\" rel=\"noreferrer noopener\">FR-84-0285<\/a><\/td><\/tr><tr><td>6 - Collet de Marin<\/td><td class=\"has-text-align-center\" data-align=\"center\">312 m<\/td><td><a href=\"https:\/\/centcols.org\/nl\/util\/geo\/visu.php\/?code=FR-84-0312\" target=\"_blank\" rel=\"noreferrer noopener\">FR-84-0312<\/a><\/td><\/tr><tr><td>7 - Col de Vaillant<\/td><td class=\"has-text-align-center\" data-align=\"center\">330 m<\/td><td><a href=\"https:\/\/centcols.org\/nl\/util\/geo\/visu.php\/?code=FR-84-0330\" target=\"_blank\" rel=\"noreferrer noopener\">FR-84-0330<\/a><\/td><\/tr><tr><td>8 - Pas du Voltigeur<\/td><td class=\"has-text-align-center\" data-align=\"center\">328 m<\/td><td><a href=\"https:\/\/centcols.org\/nl\/util\/geo\/visu.php\/?code=FR-84-0328\" target=\"_blank\" rel=\"noreferrer noopener\">FR-84-0328<\/a><\/td><\/tr><tr><td>9 - Dienblad Le Col<\/td><td class=\"has-text-align-center\" data-align=\"center\">363 m<\/td><td><a href=\"https:\/\/centcols.org\/nl\/util\/geo\/visu.php\/?code=FR-84-0363\" target=\"_blank\" rel=\"noreferrer noopener\">FR-84-0363<\/a><\/td><\/tr><tr><td>10 - Col de Veaux<\/td><td class=\"has-text-align-center\" data-align=\"center\">386 m<\/td><td><a href=\"https:\/\/centcols.org\/nl\/util\/geo\/visu.php\/?code=FR-26-0386\" target=\"_blank\" rel=\"noreferrer noopener\">FR-26-0386<\/a><\/td><\/tr><tr><td>11 - Kolk van Astauds<\/td><td class=\"has-text-align-center\" data-align=\"center\">465 m<\/td><td><a href=\"https:\/\/centcols.org\/nl\/util\/geo\/visu.php\/?code=FR-84-0465\" target=\"_blank\" rel=\"noreferrer noopener\">FR-84-0465<\/a><\/td><\/tr><tr><td>12 - Col de Ronin<\/td><td class=\"has-text-align-center\" data-align=\"center\">374 m<\/td><td><a href=\"https:\/\/centcols.org\/nl\/util\/geo\/visu.php\/?code=FR-84-0374\" target=\"_blank\" rel=\"noreferrer noopener\">FR-84-0374<\/a><\/td><\/tr><tr><td>13 - Col d'Anr\u00e8s<\/td><td class=\"has-text-align-center\" data-align=\"center\">404 m<\/td><td><a href=\"https:\/\/centcols.org\/nl\/util\/geo\/visu.php\/?code=FR-84-0404\" target=\"_blank\" rel=\"noreferrer noopener\">FR-84-0404<\/a><\/td><\/tr><tr><td>14 - Col de la Madeleine<\/td><td class=\"has-text-align-center\" data-align=\"center\">458 m<\/td><td><a href=\"https:\/\/centcols.org\/nl\/util\/geo\/visu.php\/?code=FR-84-0448\" target=\"_blank\" rel=\"noreferrer noopener\">FR-84-0448<\/a><\/td><\/tr><\/tbody><\/table><\/figure>\n\n\n\n<p><strong>Trefwoorden<\/strong> B\u00e9doin, Montmirail, Malauc\u00e8ne, Ventoux, centcols<\/p>\n\n\n\n<p>Openrunner link, interactieve kaart, profiel, track : <a href=\"https:\/\/www.openrunner.com\/route-details\/23015166\" target=\"_blank\" rel=\"noreferrer noopener\">https:\/\/www.openrunner.com\/route-details\/23015166<\/a><\/p>\n\n\n\n<p>Deze routebeschrijving wordt slechts ter indicatie aangeboden. De auteur aanvaardt geen aansprakelijkheid, noch die van de Club des Cent Cols, voor eventuele onberekenbaarheden die te wijten zijn aan de fietser zelf, het gebruikte materiaal of alles wat te maken heeft met de weg, paden en wegen, hun omgeving of andere gebruikers.<\/p>\n\n\n\n<div style=\"height:30px\" aria-hidden=\"true\" class=\"wp-block-spacer\"><\/div>\n\n\n\n<h2 class=\"wp-block-heading\">Foto's<\/h2>\n\n\n\n<figure class=\"wp-block-gallery has-nested-images columns-default is-cropped wp-block-gallery-1 is-layout-flex wp-block-gallery-is-layout-flex\">\n<figure class=\"wp-block-image size-large\"><a href=\"https:\/\/centcols.org\/wp-content\/uploads\/2025\/12\/1Ventoux-vu-de-Crillon-le-Brave.jpg\"><img loading=\"lazy\" decoding=\"async\" width=\"1100\" height=\"715\" data-id=\"92374\" src=\"https:\/\/centcols.org\/wp-content\/uploads\/2025\/12\/1Ventoux-vu-de-Crillon-le-Brave.jpg\" alt=\"\" class=\"wp-image-92374\" srcset=\"https:\/\/centcols.org\/wp-content\/uploads\/2025\/12\/1Ventoux-vu-de-Crillon-le-Brave.jpg 1100w, https:\/\/centcols.org\/wp-content\/uploads\/2025\/12\/1Ventoux-vu-de-Crillon-le-Brave-768x499.jpg 768w, https:\/\/centcols.org\/wp-content\/uploads\/2025\/12\/1Ventoux-vu-de-Crillon-le-Brave-18x12.jpg 18w\" sizes=\"auto, (max-width: 1100px) 100vw, 1100px\" \/><\/a><figcaption class=\"wp-element-caption\">Mont Ventoux gezien vanaf Crillon-le-Brave<\/figcaption><\/figure>\n\n\n\n<figure class=\"wp-block-image size-large\"><a href=\"https:\/\/centcols.org\/wp-content\/uploads\/2025\/12\/2Dentelles-de-Montmirail1.jpg\"><img loading=\"lazy\" decoding=\"async\" width=\"1200\" height=\"736\" data-id=\"92375\" src=\"https:\/\/centcols.org\/wp-content\/uploads\/2025\/12\/2Dentelles-de-Montmirail1.jpg\" alt=\"\" class=\"wp-image-92375\" srcset=\"https:\/\/centcols.org\/wp-content\/uploads\/2025\/12\/2Dentelles-de-Montmirail1.jpg 1200w, https:\/\/centcols.org\/wp-content\/uploads\/2025\/12\/2Dentelles-de-Montmirail1-768x471.jpg 768w, https:\/\/centcols.org\/wp-content\/uploads\/2025\/12\/2Dentelles-de-Montmirail1-18x12.jpg 18w\" sizes=\"auto, (max-width: 1200px) 100vw, 1200px\" \/><\/a><figcaption class=\"wp-element-caption\">De Dentelles de Montmirail in de verte<\/figcaption><\/figure>\n\n\n\n<figure class=\"wp-block-image size-large\"><a href=\"https:\/\/centcols.org\/wp-content\/uploads\/2025\/12\/3Chateau_du_Barroux.jpg\"><img loading=\"lazy\" decoding=\"async\" width=\"900\" height=\"549\" data-id=\"92376\" src=\"https:\/\/centcols.org\/wp-content\/uploads\/2025\/12\/3Chateau_du_Barroux.jpg\" alt=\"\" class=\"wp-image-92376\" srcset=\"https:\/\/centcols.org\/wp-content\/uploads\/2025\/12\/3Chateau_du_Barroux.jpg 900w, https:\/\/centcols.org\/wp-content\/uploads\/2025\/12\/3Chateau_du_Barroux-768x468.jpg 768w, https:\/\/centcols.org\/wp-content\/uploads\/2025\/12\/3Chateau_du_Barroux-18x12.jpg 18w\" sizes=\"auto, (max-width: 900px) 100vw, 900px\" \/><\/a><figcaption class=\"wp-element-caption\">Kasteel van Barroux<\/figcaption><\/figure>\n\n\n\n<figure class=\"wp-block-image size-large\"><a href=\"https:\/\/centcols.org\/wp-content\/uploads\/2025\/12\/4coquelicots.jpg\"><img loading=\"lazy\" decoding=\"async\" width=\"1200\" height=\"856\" data-id=\"92377\" src=\"https:\/\/centcols.org\/wp-content\/uploads\/2025\/12\/4coquelicots.jpg\" alt=\"\" class=\"wp-image-92377\" srcset=\"https:\/\/centcols.org\/wp-content\/uploads\/2025\/12\/4coquelicots.jpg 1200w, https:\/\/centcols.org\/wp-content\/uploads\/2025\/12\/4coquelicots-768x548.jpg 768w, https:\/\/centcols.org\/wp-content\/uploads\/2025\/12\/4coquelicots-18x12.jpg 18w\" sizes=\"auto, (max-width: 1200px) 100vw, 1200px\" \/><\/a><\/figure>\n\n\n\n<figure class=\"wp-block-image size-large\"><a href=\"https:\/\/centcols.org\/wp-content\/uploads\/2025\/12\/5Dentelles-de-Montmirail2.jpg\"><img loading=\"lazy\" decoding=\"async\" width=\"1200\" height=\"705\" data-id=\"92378\" src=\"https:\/\/centcols.org\/wp-content\/uploads\/2025\/12\/5Dentelles-de-Montmirail2.jpg\" alt=\"\" class=\"wp-image-92378\" srcset=\"https:\/\/centcols.org\/wp-content\/uploads\/2025\/12\/5Dentelles-de-Montmirail2.jpg 1200w, https:\/\/centcols.org\/wp-content\/uploads\/2025\/12\/5Dentelles-de-Montmirail2-768x451.jpg 768w, https:\/\/centcols.org\/wp-content\/uploads\/2025\/12\/5Dentelles-de-Montmirail2-18x12.jpg 18w\" sizes=\"auto, (max-width: 1200px) 100vw, 1200px\" \/><\/a><figcaption class=\"wp-element-caption\">De Dentelles de Montmirail naderen<\/figcaption><\/figure>\n\n\n\n<figure class=\"wp-block-image size-large\"><a href=\"https:\/\/centcols.org\/wp-content\/uploads\/2025\/12\/6Vers-La-Roque-Alric.jpg\"><img loading=\"lazy\" decoding=\"async\" width=\"1200\" height=\"727\" data-id=\"92379\" src=\"https:\/\/centcols.org\/wp-content\/uploads\/2025\/12\/6Vers-La-Roque-Alric.jpg\" alt=\"\" class=\"wp-image-92379\" srcset=\"https:\/\/centcols.org\/wp-content\/uploads\/2025\/12\/6Vers-La-Roque-Alric.jpg 1200w, https:\/\/centcols.org\/wp-content\/uploads\/2025\/12\/6Vers-La-Roque-Alric-768x465.jpg 768w, https:\/\/centcols.org\/wp-content\/uploads\/2025\/12\/6Vers-La-Roque-Alric-18x12.jpg 18w\" sizes=\"auto, (max-width: 1200px) 100vw, 1200px\" \/><\/a><figcaption class=\"wp-element-caption\">Niet ver van Roque Alric<\/figcaption><\/figure>\n\n\n\n<figure class=\"wp-block-image size-large\"><a href=\"https:\/\/centcols.org\/wp-content\/uploads\/2025\/12\/7Dentelles-de-Montmirail4.jpg\"><img loading=\"lazy\" decoding=\"async\" width=\"1200\" height=\"694\" data-id=\"92380\" src=\"https:\/\/centcols.org\/wp-content\/uploads\/2025\/12\/7Dentelles-de-Montmirail4.jpg\" alt=\"\" class=\"wp-image-92380\" srcset=\"https:\/\/centcols.org\/wp-content\/uploads\/2025\/12\/7Dentelles-de-Montmirail4.jpg 1200w, https:\/\/centcols.org\/wp-content\/uploads\/2025\/12\/7Dentelles-de-Montmirail4-768x444.jpg 768w, https:\/\/centcols.org\/wp-content\/uploads\/2025\/12\/7Dentelles-de-Montmirail4-18x10.jpg 18w\" sizes=\"auto, (max-width: 1200px) 100vw, 1200px\" \/><\/a><figcaption class=\"wp-element-caption\">De Dentelles van Montmirail<\/figcaption><\/figure>\n\n\n\n<figure class=\"wp-block-image size-large\"><a href=\"https:\/\/centcols.org\/wp-content\/uploads\/2025\/12\/9cerises.jpg\"><img loading=\"lazy\" decoding=\"async\" width=\"1200\" height=\"663\" data-id=\"92382\" src=\"https:\/\/centcols.org\/wp-content\/uploads\/2025\/12\/9cerises.jpg\" alt=\"\" class=\"wp-image-92382\" srcset=\"https:\/\/centcols.org\/wp-content\/uploads\/2025\/12\/9cerises.jpg 1200w, https:\/\/centcols.org\/wp-content\/uploads\/2025\/12\/9cerises-768x424.jpg 768w, https:\/\/centcols.org\/wp-content\/uploads\/2025\/12\/9cerises-18x10.jpg 18w\" sizes=\"auto, (max-width: 1200px) 100vw, 1200px\" \/><\/a><figcaption class=\"wp-element-caption\">Dit is het seizoen<\/figcaption><\/figure>\n\n\n\n<figure class=\"wp-block-image size-large\"><a href=\"https:\/\/centcols.org\/wp-content\/uploads\/2025\/12\/8Chateau-Entrechaux.jpg\"><img loading=\"lazy\" decoding=\"async\" width=\"648\" height=\"1000\" data-id=\"92381\" src=\"https:\/\/centcols.org\/wp-content\/uploads\/2025\/12\/8Chateau-Entrechaux.jpg\" alt=\"\" class=\"wp-image-92381\" srcset=\"https:\/\/centcols.org\/wp-content\/uploads\/2025\/12\/8Chateau-Entrechaux.jpg 648w, https:\/\/centcols.org\/wp-content\/uploads\/2025\/12\/8Chateau-Entrechaux-8x12.jpg 8w\" sizes=\"auto, (max-width: 648px) 100vw, 648px\" \/><\/a><figcaption class=\"wp-element-caption\">Ru\u00efnes van het kasteel van Entrechaux<\/figcaption><\/figure>\n<\/figure>","protected":false},"excerpt":{"rendered":"<p>Description de l\u2019auteur Auteur : Ren\u00e9 MercierParcours : effectu\u00e9 en juin 2023D\u00e9part : B\u00e9doin, place de la R\u00e9publique sur la rue principale. Nombreux parkings jouxtant la rue principale, dont celui place de la Vigneronne vers la Poste. Descriptif touristique Parcours tr\u00e8s touristique d\u00e9butant au pied du Ventoux et qui traverse les villages perch\u00e9s de Crillon-le-Brave, [&hellip;]<\/p>\n","protected":false},"author":1726,"featured_media":92380,"comment_status":"open","ping_status":"open","sticky":false,"template":"","format":"standard","meta":{"_acf_changed":false,"footnotes":""},"categories":[303,318,325,343,456,220],"tags":[],"class_list":["post-92358","post","type-post","status-publish","format-standard","has-post-thumbnail","hentry","category-parcours-france","category-route-type-parcours","category-departement","category-provence-alpes-cote-dazur-parcours-membres","category-84-vaucluse-parcours","category-parcours-membres"],"acf":[],"yoast_head":"<!-- This site is optimized with the Yoast SEO plugin v27.2 - https:\/\/yoast.com\/product\/yoast-seo-wordpress\/ -->\n<title>FR-84 Dentelles de Montmirail \u2013 Route 81 km, D+ 1550 m, 14 cols - Club des Cent Cols<\/title>\n<meta name=\"robots\" content=\"index, follow, max-snippet:-1, max-image-preview:large, max-video-preview:-1\" \/>\n<link rel=\"canonical\" href=\"https:\/\/centcols.org\/nl\/fr-84-route-dentelles-de-montmirail\/\" \/>\n<meta property=\"og:locale\" content=\"nl_BE\" \/>\n<meta property=\"og:type\" content=\"article\" \/>\n<meta property=\"og:title\" content=\"FR-84 Dentelles de Montmirail \u2013 Route 81 km, D+ 1550 m, 14 cols - Club des Cent Cols\" \/>\n<meta property=\"og:description\" content=\"Description de l\u2019auteur Auteur : Ren\u00e9 MercierParcours : effectu\u00e9 en juin 2023D\u00e9part : B\u00e9doin, place de la R\u00e9publique sur la rue principale. Nombreux parkings jouxtant la rue principale, dont celui place de la Vigneronne vers la Poste. Descriptif touristique Parcours tr\u00e8s touristique d\u00e9butant au pied du Ventoux et qui traverse les villages perch\u00e9s de Crillon-le-Brave, [&hellip;]\" \/>\n<meta property=\"og:url\" content=\"https:\/\/centcols.org\/nl\/fr-84-route-dentelles-de-montmirail\/\" \/>\n<meta property=\"og:site_name\" content=\"Club des Cent Cols\" \/>\n<meta property=\"article:publisher\" content=\"https:\/\/www.facebook.com\/groups\/5261880558\/?locale=fr_FR\" \/>\n<meta property=\"article:published_time\" content=\"2025-12-16T15:15:59+00:00\" \/>\n<meta property=\"article:modified_time\" content=\"2026-03-10T17:59:53+00:00\" \/>\n<meta property=\"og:image\" content=\"https:\/\/centcols.org\/wp-content\/uploads\/2025\/12\/7Dentelles-de-Montmirail4.jpg\" \/>\n\t<meta property=\"og:image:width\" content=\"1200\" \/>\n\t<meta property=\"og:image:height\" content=\"694\" \/>\n\t<meta property=\"og:image:type\" content=\"image\/jpeg\" \/>\n<meta name=\"author\" content=\"Ren\u00e9 Mercier\" \/>\n<meta name=\"twitter:card\" content=\"summary_large_image\" \/>\n<meta name=\"twitter:label1\" content=\"Geschreven door\" \/>\n\t<meta name=\"twitter:data1\" content=\"Ren\u00e9 Mercier\" \/>\n\t<meta name=\"twitter:label2\" content=\"Geschatte leestijd\" \/>\n\t<meta name=\"twitter:data2\" content=\"5 minuten\" \/>\n<script type=\"application\/ld+json\" class=\"yoast-schema-graph\">{\"@context\":\"https:\/\/schema.org\",\"@graph\":[{\"@type\":\"Article\",\"@id\":\"https:\/\/centcols.org\/fr-84-dentelles-de-montmirail-route\/#article\",\"isPartOf\":{\"@id\":\"https:\/\/centcols.org\/fr-84-dentelles-de-montmirail-route\/\"},\"author\":{\"name\":\"Ren\u00e9 Mercier\",\"@id\":\"https:\/\/centcols.org\/#\/schema\/person\/0cc8f723679c98f3fb7798df5a50c018\"},\"headline\":\"FR-84 Dentelles de Montmirail \u2013 Route 81 km, D+ 1550 m, 14 cols\",\"datePublished\":\"2025-12-16T15:15:59+00:00\",\"dateModified\":\"2026-03-10T17:59:53+00:00\",\"mainEntityOfPage\":{\"@id\":\"https:\/\/centcols.org\/fr-84-dentelles-de-montmirail-route\/\"},\"wordCount\":430,\"commentCount\":0,\"publisher\":{\"@id\":\"https:\/\/centcols.org\/#organization\"},\"image\":{\"@id\":\"https:\/\/centcols.org\/fr-84-dentelles-de-montmirail-route\/#primaryimage\"},\"thumbnailUrl\":\"https:\/\/centcols.org\/wp-content\/uploads\/2025\/12\/7Dentelles-de-Montmirail4.jpg\",\"articleSection\":[\"Parcours France\",\"Route\",\"D\u00e9partement\",\"Provence-Alpes-C\u00f4te d'Azur\",\"84-Vaucluse\",\"Parcours membres\"],\"inLanguage\":\"nl-BE\",\"potentialAction\":[{\"@type\":\"CommentAction\",\"name\":\"Comment\",\"target\":[\"https:\/\/centcols.org\/fr-84-dentelles-de-montmirail-route\/#respond\"]}]},{\"@type\":\"WebPage\",\"@id\":\"https:\/\/centcols.org\/fr-84-dentelles-de-montmirail-route\/\",\"url\":\"https:\/\/centcols.org\/fr-84-dentelles-de-montmirail-route\/\",\"name\":\"FR-84 Dentelles de Montmirail \u2013 Route 81 km, D+ 1550 m, 14 cols - Club des Cent Cols\",\"isPartOf\":{\"@id\":\"https:\/\/centcols.org\/#website\"},\"primaryImageOfPage\":{\"@id\":\"https:\/\/centcols.org\/fr-84-dentelles-de-montmirail-route\/#primaryimage\"},\"image\":{\"@id\":\"https:\/\/centcols.org\/fr-84-dentelles-de-montmirail-route\/#primaryimage\"},\"thumbnailUrl\":\"https:\/\/centcols.org\/wp-content\/uploads\/2025\/12\/7Dentelles-de-Montmirail4.jpg\",\"datePublished\":\"2025-12-16T15:15:59+00:00\",\"dateModified\":\"2026-03-10T17:59:53+00:00\",\"breadcrumb\":{\"@id\":\"https:\/\/centcols.org\/fr-84-dentelles-de-montmirail-route\/#breadcrumb\"},\"inLanguage\":\"nl-BE\",\"potentialAction\":[{\"@type\":\"ReadAction\",\"target\":[\"https:\/\/centcols.org\/fr-84-dentelles-de-montmirail-route\/\"]}]},{\"@type\":\"ImageObject\",\"inLanguage\":\"nl-BE\",\"@id\":\"https:\/\/centcols.org\/fr-84-dentelles-de-montmirail-route\/#primaryimage\",\"url\":\"https:\/\/centcols.org\/wp-content\/uploads\/2025\/12\/7Dentelles-de-Montmirail4.jpg\",\"contentUrl\":\"https:\/\/centcols.org\/wp-content\/uploads\/2025\/12\/7Dentelles-de-Montmirail4.jpg\",\"width\":1200,\"height\":694,\"caption\":\"jaune\"},{\"@type\":\"BreadcrumbList\",\"@id\":\"https:\/\/centcols.org\/fr-84-dentelles-de-montmirail-route\/#breadcrumb\",\"itemListElement\":[{\"@type\":\"ListItem\",\"position\":1,\"name\":\"Accueil\",\"item\":\"https:\/\/centcols.org\/\"},{\"@type\":\"ListItem\",\"position\":2,\"name\":\"Parcours membres\",\"item\":\"https:\/\/centcols.org\/rubrique\/parcours-membres\/\"},{\"@type\":\"ListItem\",\"position\":3,\"name\":\"Pays\",\"item\":\"https:\/\/centcols.org\/rubrique\/parcours-membres\/pays-parcours-membres\/\"},{\"@type\":\"ListItem\",\"position\":4,\"name\":\"Parcours France\",\"item\":\"https:\/\/centcols.org\/rubrique\/parcours-membres\/pays-parcours-membres\/parcours-france\/\"},{\"@type\":\"ListItem\",\"position\":5,\"name\":\"FR-84 Dentelles de Montmirail \u2013 Route 81 km, D+ 1550 m, 14 cols\"}]},{\"@type\":\"WebSite\",\"@id\":\"https:\/\/centcols.org\/#website\",\"url\":\"https:\/\/centcols.org\/\",\"name\":\"Club des Cent Cols\",\"description\":\"\",\"publisher\":{\"@id\":\"https:\/\/centcols.org\/#organization\"},\"potentialAction\":[{\"@type\":\"SearchAction\",\"target\":{\"@type\":\"EntryPoint\",\"urlTemplate\":\"https:\/\/centcols.org\/?s={search_term_string}\"},\"query-input\":{\"@type\":\"PropertyValueSpecification\",\"valueRequired\":true,\"valueName\":\"search_term_string\"}}],\"inLanguage\":\"nl-BE\"},{\"@type\":\"Organization\",\"@id\":\"https:\/\/centcols.org\/#organization\",\"name\":\"Club des Cent Cols\",\"url\":\"https:\/\/centcols.org\/\",\"logo\":{\"@type\":\"ImageObject\",\"inLanguage\":\"nl-BE\",\"@id\":\"https:\/\/centcols.org\/#\/schema\/logo\/image\/\",\"url\":\"https:\/\/centcols.org\/wp-content\/uploads\/2025\/01\/carte-icone.png\",\"contentUrl\":\"https:\/\/centcols.org\/wp-content\/uploads\/2025\/01\/carte-icone.png\",\"width\":250,\"height\":250,\"caption\":\"Club des Cent Cols\"},\"image\":{\"@id\":\"https:\/\/centcols.org\/#\/schema\/logo\/image\/\"},\"sameAs\":[\"https:\/\/www.facebook.com\/groups\/5261880558\/?locale=fr_FR\"]},{\"@type\":\"Person\",\"@id\":\"https:\/\/centcols.org\/#\/schema\/person\/0cc8f723679c98f3fb7798df5a50c018\",\"name\":\"Ren\u00e9 Mercier\",\"image\":{\"@type\":\"ImageObject\",\"inLanguage\":\"nl-BE\",\"@id\":\"https:\/\/centcols.org\/wp-content\/litespeed\/avatar\/c2275eeaf79d4f7456274de381abeeab.jpg?ver=1777347562\",\"url\":\"https:\/\/centcols.org\/wp-content\/litespeed\/avatar\/c2275eeaf79d4f7456274de381abeeab.jpg?ver=1777347562\",\"contentUrl\":\"https:\/\/centcols.org\/wp-content\/litespeed\/avatar\/c2275eeaf79d4f7456274de381abeeab.jpg?ver=1777347562\",\"caption\":\"Ren\u00e9 Mercier\"},\"url\":\"https:\/\/centcols.org\/nl\/author\/7552\/\"}]}<\/script>\n<!-- \/ Yoast SEO plugin. -->","yoast_head_json":{"title":"FR-84 Dentelles de Montmirail - Route 81 km, D+ 1550 m, 14 cols - Club des Cent Cols","robots":{"index":"index","follow":"follow","max-snippet":"max-snippet:-1","max-image-preview":"max-image-preview:large","max-video-preview":"max-video-preview:-1"},"canonical":"https:\/\/centcols.org\/nl\/fr-84-route-dentelles-de-montmirail\/","og_locale":"nl_BE","og_type":"article","og_title":"FR-84 Dentelles de Montmirail \u2013 Route 81 km, D+ 1550 m, 14 cols - Club des Cent Cols","og_description":"Description de l\u2019auteur Auteur : Ren\u00e9 MercierParcours : effectu\u00e9 en juin 2023D\u00e9part : B\u00e9doin, place de la R\u00e9publique sur la rue principale. Nombreux parkings jouxtant la rue principale, dont celui place de la Vigneronne vers la Poste. Descriptif touristique Parcours tr\u00e8s touristique d\u00e9butant au pied du Ventoux et qui traverse les villages perch\u00e9s de Crillon-le-Brave, [&hellip;]","og_url":"https:\/\/centcols.org\/nl\/fr-84-route-dentelles-de-montmirail\/","og_site_name":"Club des Cent Cols","article_publisher":"https:\/\/www.facebook.com\/groups\/5261880558\/?locale=fr_FR","article_published_time":"2025-12-16T15:15:59+00:00","article_modified_time":"2026-03-10T17:59:53+00:00","og_image":[{"width":1200,"height":694,"url":"https:\/\/centcols.org\/wp-content\/uploads\/2025\/12\/7Dentelles-de-Montmirail4.jpg","type":"image\/jpeg"}],"author":"Ren\u00e9 Mercier","twitter_card":"summary_large_image","twitter_misc":{"Geschreven door":"Ren\u00e9 Mercier","Geschatte leestijd":"5 minuten"},"schema":{"@context":"https:\/\/schema.org","@graph":[{"@type":"Article","@id":"https:\/\/centcols.org\/fr-84-dentelles-de-montmirail-route\/#article","isPartOf":{"@id":"https:\/\/centcols.org\/fr-84-dentelles-de-montmirail-route\/"},"author":{"name":"Ren\u00e9 Mercier","@id":"https:\/\/centcols.org\/#\/schema\/person\/0cc8f723679c98f3fb7798df5a50c018"},"headline":"FR-84 Dentelles de Montmirail \u2013 Route 81 km, D+ 1550 m, 14 cols","datePublished":"2025-12-16T15:15:59+00:00","dateModified":"2026-03-10T17:59:53+00:00","mainEntityOfPage":{"@id":"https:\/\/centcols.org\/fr-84-dentelles-de-montmirail-route\/"},"wordCount":430,"commentCount":0,"publisher":{"@id":"https:\/\/centcols.org\/#organization"},"image":{"@id":"https:\/\/centcols.org\/fr-84-dentelles-de-montmirail-route\/#primaryimage"},"thumbnailUrl":"https:\/\/centcols.org\/wp-content\/uploads\/2025\/12\/7Dentelles-de-Montmirail4.jpg","articleSection":["Parcours France","Route","D\u00e9partement","Provence-Alpes-C\u00f4te d'Azur","84-Vaucluse","Parcours membres"],"inLanguage":"nl-BE","potentialAction":[{"@type":"CommentAction","name":"Comment","target":["https:\/\/centcols.org\/fr-84-dentelles-de-montmirail-route\/#respond"]}]},{"@type":"WebPage","@id":"https:\/\/centcols.org\/fr-84-dentelles-de-montmirail-route\/","url":"https:\/\/centcols.org\/fr-84-dentelles-de-montmirail-route\/","name":"FR-84 Dentelles de Montmirail - Route 81 km, D+ 1550 m, 14 cols - Club des Cent Cols","isPartOf":{"@id":"https:\/\/centcols.org\/#website"},"primaryImageOfPage":{"@id":"https:\/\/centcols.org\/fr-84-dentelles-de-montmirail-route\/#primaryimage"},"image":{"@id":"https:\/\/centcols.org\/fr-84-dentelles-de-montmirail-route\/#primaryimage"},"thumbnailUrl":"https:\/\/centcols.org\/wp-content\/uploads\/2025\/12\/7Dentelles-de-Montmirail4.jpg","datePublished":"2025-12-16T15:15:59+00:00","dateModified":"2026-03-10T17:59:53+00:00","breadcrumb":{"@id":"https:\/\/centcols.org\/fr-84-dentelles-de-montmirail-route\/#breadcrumb"},"inLanguage":"nl-BE","potentialAction":[{"@type":"ReadAction","target":["https:\/\/centcols.org\/fr-84-dentelles-de-montmirail-route\/"]}]},{"@type":"ImageObject","inLanguage":"nl-BE","@id":"https:\/\/centcols.org\/fr-84-dentelles-de-montmirail-route\/#primaryimage","url":"https:\/\/centcols.org\/wp-content\/uploads\/2025\/12\/7Dentelles-de-Montmirail4.jpg","contentUrl":"https:\/\/centcols.org\/wp-content\/uploads\/2025\/12\/7Dentelles-de-Montmirail4.jpg","width":1200,"height":694,"caption":"jaune"},{"@type":"BreadcrumbList","@id":"https:\/\/centcols.org\/fr-84-dentelles-de-montmirail-route\/#breadcrumb","itemListElement":[{"@type":"ListItem","position":1,"name":"Accueil","item":"https:\/\/centcols.org\/"},{"@type":"ListItem","position":2,"name":"Parcours membres","item":"https:\/\/centcols.org\/rubrique\/parcours-membres\/"},{"@type":"ListItem","position":3,"name":"Pays","item":"https:\/\/centcols.org\/rubrique\/parcours-membres\/pays-parcours-membres\/"},{"@type":"ListItem","position":4,"name":"Parcours France","item":"https:\/\/centcols.org\/rubrique\/parcours-membres\/pays-parcours-membres\/parcours-france\/"},{"@type":"ListItem","position":5,"name":"FR-84 Dentelles de Montmirail \u2013 Route 81 km, D+ 1550 m, 14 cols"}]},{"@type":"WebSite","@id":"https:\/\/centcols.org\/#website","url":"https:\/\/centcols.org\/","name":"Club van Cent Cols","description":"","publisher":{"@id":"https:\/\/centcols.org\/#organization"},"potentialAction":[{"@type":"SearchAction","target":{"@type":"EntryPoint","urlTemplate":"https:\/\/centcols.org\/?s={search_term_string}"},"query-input":{"@type":"PropertyValueSpecification","valueRequired":true,"valueName":"search_term_string"}}],"inLanguage":"nl-BE"},{"@type":"Organization","@id":"https:\/\/centcols.org\/#organization","name":"Club van Cent Cols","url":"https:\/\/centcols.org\/","logo":{"@type":"ImageObject","inLanguage":"nl-BE","@id":"https:\/\/centcols.org\/#\/schema\/logo\/image\/","url":"https:\/\/centcols.org\/wp-content\/uploads\/2025\/01\/carte-icone.png","contentUrl":"https:\/\/centcols.org\/wp-content\/uploads\/2025\/01\/carte-icone.png","width":250,"height":250,"caption":"Club des Cent Cols"},"image":{"@id":"https:\/\/centcols.org\/#\/schema\/logo\/image\/"},"sameAs":["https:\/\/www.facebook.com\/groups\/5261880558\/?locale=fr_FR"]},{"@type":"Person","@id":"https:\/\/centcols.org\/#\/schema\/person\/0cc8f723679c98f3fb7798df5a50c018","name":"Ren\u00e9 Mercier","image":{"@type":"ImageObject","inLanguage":"nl-BE","@id":"https:\/\/centcols.org\/wp-content\/litespeed\/avatar\/c2275eeaf79d4f7456274de381abeeab.jpg?ver=1777347562","url":"https:\/\/centcols.org\/wp-content\/litespeed\/avatar\/c2275eeaf79d4f7456274de381abeeab.jpg?ver=1777347562","contentUrl":"https:\/\/centcols.org\/wp-content\/litespeed\/avatar\/c2275eeaf79d4f7456274de381abeeab.jpg?ver=1777347562","caption":"Ren\u00e9 Mercier"},"url":"https:\/\/centcols.org\/nl\/author\/7552\/"}]}},"_links":{"self":[{"href":"https:\/\/centcols.org\/nl\/wp-json\/wp\/v2\/posts\/92358","targetHints":{"allow":["GET"]}}],"collection":[{"href":"https:\/\/centcols.org\/nl\/wp-json\/wp\/v2\/posts"}],"about":[{"href":"https:\/\/centcols.org\/nl\/wp-json\/wp\/v2\/types\/post"}],"author":[{"embeddable":true,"href":"https:\/\/centcols.org\/nl\/wp-json\/wp\/v2\/users\/1726"}],"replies":[{"embeddable":true,"href":"https:\/\/centcols.org\/nl\/wp-json\/wp\/v2\/comments?post=92358"}],"version-history":[{"count":0,"href":"https:\/\/centcols.org\/nl\/wp-json\/wp\/v2\/posts\/92358\/revisions"}],"wp:featuredmedia":[{"embeddable":true,"href":"https:\/\/centcols.org\/nl\/wp-json\/wp\/v2\/media\/92380"}],"wp:attachment":[{"href":"https:\/\/centcols.org\/nl\/wp-json\/wp\/v2\/media?parent=92358"}],"wp:term":[{"taxonomy":"category","embeddable":true,"href":"https:\/\/centcols.org\/nl\/wp-json\/wp\/v2\/categories?post=92358"},{"taxonomy":"post_tag","embeddable":true,"href":"https:\/\/centcols.org\/nl\/wp-json\/wp\/v2\/tags?post=92358"}],"curies":[{"name":"wp","href":"https:\/\/api.w.org\/{rel}","templated":true}]}}