{"id":92384,"date":"2025-12-12T20:48:21","date_gmt":"2025-12-12T18:48:21","guid":{"rendered":"https:\/\/centcols.org\/?p=92384"},"modified":"2025-12-13T19:17:25","modified_gmt":"2025-12-13T17:17:25","slug":"michel-lahsen","status":"publish","type":"post","link":"https:\/\/centcols.org\/nl\/michel-lahsen\/","title":{"rendered":"Michel Lahsen"},"content":{"rendered":"<p>CC 120, Michel LAHSEN is eind november 2025 overleden.<\/p>\n\n\n\n<figure class=\"wp-block-image size-full\"><img loading=\"lazy\" decoding=\"async\" width=\"950\" height=\"530\" src=\"https:\/\/centcols.org\/wp-content\/uploads\/2025\/12\/michel-LAHSEN-aout-2025.jpg\" alt=\"\" class=\"wp-image-92385\" srcset=\"https:\/\/centcols.org\/wp-content\/uploads\/2025\/12\/michel-LAHSEN-aout-2025.jpg 950w, https:\/\/centcols.org\/wp-content\/uploads\/2025\/12\/michel-LAHSEN-aout-2025-768x428.jpg 768w, https:\/\/centcols.org\/wp-content\/uploads\/2025\/12\/michel-LAHSEN-aout-2025-18x10.jpg 18w\" sizes=\"auto, (max-width: 950px) 100vw, 950px\" \/><\/figure>\n\n\n\n<p>  Michel LAHSEN, een groot toerfietser en lid van de Cent Cols sinds 1974, stierf eind november zo rustig als hij altijd geleefd had.<br>  Opnieuw had hij zijn jaarlijkse rondtrekkende reis door Frankrijk voltooid, waarbij hij zuidwaarts trok, over bergen en valleien en over grenzen heen, en stopte waar zijn adresboek en ontdekkingen hem dat opdroegen.<br>  Fietsen was zijn wereld en hij zal meer dan 1 miljoen, 300.000 kilometer op de teller hebben staan.<\/p>\n\n\n\n<p>Wij, zijn vrienden, zijn erg verdrietig.<\/p>\n\n\n\n<div class=\"wp-block-group is-vertical is-layout-flex wp-container-core-group-is-layout-8cf370e7 wp-block-group-is-layout-flex\">\n<p>G\u00e9rard BAYARD <\/p>\n\n\n\n<p>Cent Cols 7136<\/p>\n<\/div>\n\n\n\n<p><\/p>","protected":false},"excerpt":{"rendered":"<p>CC 120, Michel LAHSEN est d\u00e9c\u00e9d\u00e9 fin novembre 2025 Michel LAHSEN, grand randonneur cyclotouriste, membre des Cent Cols depuis 1974, vient de mourir fin novembre aussi discr\u00e8tement qu&rsquo;il a toujours v\u00e9cu. Il avait accompli, encore une fois, son annuel voyage itin\u00e9rant autour de l&rsquo;Hexagone, migrant vers le sud, par monts et par vaux au-del\u00e0 des [&hellip;]<\/p>\n","protected":false},"author":1726,"featured_media":92385,"comment_status":"open","ping_status":"open","sticky":false,"template":"","format":"standard","meta":{"_acf_changed":false,"footnotes":""},"categories":[130,129],"tags":[],"class_list":["post-92384","post","type-post","status-publish","format-standard","has-post-thumbnail","hentry","category-carnet-noir","category-gazette"],"acf":[],"yoast_head":"<!-- This site is optimized with the Yoast SEO plugin v27.2 - https:\/\/yoast.com\/product\/yoast-seo-wordpress\/ -->\n<title>Michel Lahsen - Club des Cent Cols<\/title>\n<meta name=\"robots\" content=\"index, follow, max-snippet:-1, max-image-preview:large, max-video-preview:-1\" \/>\n<link rel=\"canonical\" href=\"https:\/\/centcols.org\/nl\/michel-lahsen\/\" \/>\n<meta property=\"og:locale\" content=\"nl_BE\" \/>\n<meta property=\"og:type\" content=\"article\" \/>\n<meta property=\"og:title\" content=\"Michel Lahsen - Club des Cent Cols\" \/>\n<meta property=\"og:description\" content=\"CC 120, Michel LAHSEN est d\u00e9c\u00e9d\u00e9 fin novembre 2025 Michel LAHSEN, grand randonneur cyclotouriste, membre des Cent Cols depuis 1974, vient de mourir fin novembre aussi discr\u00e8tement qu&rsquo;il a toujours v\u00e9cu. Il avait accompli, encore une fois, son annuel voyage itin\u00e9rant autour de l&rsquo;Hexagone, migrant vers le sud, par monts et par vaux au-del\u00e0 des [&hellip;]\" \/>\n<meta property=\"og:url\" content=\"https:\/\/centcols.org\/nl\/michel-lahsen\/\" \/>\n<meta property=\"og:site_name\" content=\"Club des Cent Cols\" \/>\n<meta property=\"article:publisher\" content=\"https:\/\/www.facebook.com\/groups\/5261880558\/?locale=fr_FR\" \/>\n<meta property=\"article:published_time\" content=\"2025-12-12T18:48:21+00:00\" \/>\n<meta property=\"article:modified_time\" content=\"2025-12-13T17:17:25+00:00\" \/>\n<meta property=\"og:image\" content=\"https:\/\/centcols.org\/wp-content\/uploads\/2025\/12\/michel-LAHSEN-aout-2025.jpg\" \/>\n\t<meta property=\"og:image:width\" content=\"950\" \/>\n\t<meta property=\"og:image:height\" content=\"530\" \/>\n\t<meta property=\"og:image:type\" content=\"image\/jpeg\" \/>\n<meta name=\"author\" content=\"Ren\u00e9 Mercier\" \/>\n<meta name=\"twitter:card\" content=\"summary_large_image\" \/>\n<meta name=\"twitter:label1\" content=\"Geschreven door\" \/>\n\t<meta name=\"twitter:data1\" content=\"Ren\u00e9 Mercier\" \/>\n\t<meta name=\"twitter:label2\" content=\"Geschatte leestijd\" \/>\n\t<meta name=\"twitter:data2\" content=\"1 minuut\" \/>\n<script type=\"application\/ld+json\" class=\"yoast-schema-graph\">{\"@context\":\"https:\/\/schema.org\",\"@graph\":[{\"@type\":\"Article\",\"@id\":\"https:\/\/centcols.org\/nl\/michel-lahsen\/#article\",\"isPartOf\":{\"@id\":\"https:\/\/centcols.org\/nl\/michel-lahsen\/\"},\"author\":{\"name\":\"Ren\u00e9 Mercier\",\"@id\":\"https:\/\/centcols.org\/#\/schema\/person\/0cc8f723679c98f3fb7798df5a50c018\"},\"headline\":\"Michel Lahsen\",\"datePublished\":\"2025-12-12T18:48:21+00:00\",\"dateModified\":\"2025-12-13T17:17:25+00:00\",\"mainEntityOfPage\":{\"@id\":\"https:\/\/centcols.org\/nl\/michel-lahsen\/\"},\"wordCount\":103,\"commentCount\":1,\"publisher\":{\"@id\":\"https:\/\/centcols.org\/#organization\"},\"image\":{\"@id\":\"https:\/\/centcols.org\/nl\/michel-lahsen\/#primaryimage\"},\"thumbnailUrl\":\"https:\/\/centcols.org\/wp-content\/uploads\/2025\/12\/michel-LAHSEN-aout-2025.jpg\",\"articleSection\":[\"Carnet noir\",\"Gazette\"],\"inLanguage\":\"nl-BE\",\"potentialAction\":[{\"@type\":\"CommentAction\",\"name\":\"Comment\",\"target\":[\"https:\/\/centcols.org\/nl\/michel-lahsen\/#respond\"]}]},{\"@type\":\"WebPage\",\"@id\":\"https:\/\/centcols.org\/nl\/michel-lahsen\/\",\"url\":\"https:\/\/centcols.org\/nl\/michel-lahsen\/\",\"name\":\"Michel Lahsen - Club des Cent Cols\",\"isPartOf\":{\"@id\":\"https:\/\/centcols.org\/#website\"},\"primaryImageOfPage\":{\"@id\":\"https:\/\/centcols.org\/nl\/michel-lahsen\/#primaryimage\"},\"image\":{\"@id\":\"https:\/\/centcols.org\/nl\/michel-lahsen\/#primaryimage\"},\"thumbnailUrl\":\"https:\/\/centcols.org\/wp-content\/uploads\/2025\/12\/michel-LAHSEN-aout-2025.jpg\",\"datePublished\":\"2025-12-12T18:48:21+00:00\",\"dateModified\":\"2025-12-13T17:17:25+00:00\",\"breadcrumb\":{\"@id\":\"https:\/\/centcols.org\/nl\/michel-lahsen\/#breadcrumb\"},\"inLanguage\":\"nl-BE\",\"potentialAction\":[{\"@type\":\"ReadAction\",\"target\":[\"https:\/\/centcols.org\/nl\/michel-lahsen\/\"]}]},{\"@type\":\"ImageObject\",\"inLanguage\":\"nl-BE\",\"@id\":\"https:\/\/centcols.org\/nl\/michel-lahsen\/#primaryimage\",\"url\":\"https:\/\/centcols.org\/wp-content\/uploads\/2025\/12\/michel-LAHSEN-aout-2025.jpg\",\"contentUrl\":\"https:\/\/centcols.org\/wp-content\/uploads\/2025\/12\/michel-LAHSEN-aout-2025.jpg\",\"width\":950,\"height\":530},{\"@type\":\"BreadcrumbList\",\"@id\":\"https:\/\/centcols.org\/nl\/michel-lahsen\/#breadcrumb\",\"itemListElement\":[{\"@type\":\"ListItem\",\"position\":1,\"name\":\"Accueil\",\"item\":\"https:\/\/centcols.org\/\"},{\"@type\":\"ListItem\",\"position\":2,\"name\":\"Gazette\",\"item\":\"https:\/\/centcols.org\/rubrique\/gazette\/\"},{\"@type\":\"ListItem\",\"position\":3,\"name\":\"Michel Lahsen\"}]},{\"@type\":\"WebSite\",\"@id\":\"https:\/\/centcols.org\/#website\",\"url\":\"https:\/\/centcols.org\/\",\"name\":\"Club des Cent Cols\",\"description\":\"\",\"publisher\":{\"@id\":\"https:\/\/centcols.org\/#organization\"},\"potentialAction\":[{\"@type\":\"SearchAction\",\"target\":{\"@type\":\"EntryPoint\",\"urlTemplate\":\"https:\/\/centcols.org\/?s={search_term_string}\"},\"query-input\":{\"@type\":\"PropertyValueSpecification\",\"valueRequired\":true,\"valueName\":\"search_term_string\"}}],\"inLanguage\":\"nl-BE\"},{\"@type\":\"Organization\",\"@id\":\"https:\/\/centcols.org\/#organization\",\"name\":\"Club des Cent Cols\",\"url\":\"https:\/\/centcols.org\/\",\"logo\":{\"@type\":\"ImageObject\",\"inLanguage\":\"nl-BE\",\"@id\":\"https:\/\/centcols.org\/#\/schema\/logo\/image\/\",\"url\":\"https:\/\/centcols.org\/wp-content\/uploads\/2025\/01\/carte-icone.png\",\"contentUrl\":\"https:\/\/centcols.org\/wp-content\/uploads\/2025\/01\/carte-icone.png\",\"width\":250,\"height\":250,\"caption\":\"Club des Cent Cols\"},\"image\":{\"@id\":\"https:\/\/centcols.org\/#\/schema\/logo\/image\/\"},\"sameAs\":[\"https:\/\/www.facebook.com\/groups\/5261880558\/?locale=fr_FR\"]},{\"@type\":\"Person\",\"@id\":\"https:\/\/centcols.org\/#\/schema\/person\/0cc8f723679c98f3fb7798df5a50c018\",\"name\":\"Ren\u00e9 Mercier\",\"image\":{\"@type\":\"ImageObject\",\"inLanguage\":\"nl-BE\",\"@id\":\"https:\/\/centcols.org\/wp-content\/litespeed\/avatar\/c2275eeaf79d4f7456274de381abeeab.jpg?ver=1777347562\",\"url\":\"https:\/\/centcols.org\/wp-content\/litespeed\/avatar\/c2275eeaf79d4f7456274de381abeeab.jpg?ver=1777347562\",\"contentUrl\":\"https:\/\/centcols.org\/wp-content\/litespeed\/avatar\/c2275eeaf79d4f7456274de381abeeab.jpg?ver=1777347562\",\"caption\":\"Ren\u00e9 Mercier\"},\"url\":\"https:\/\/centcols.org\/nl\/author\/7552\/\"}]}<\/script>\n<!-- \/ Yoast SEO plugin. -->","yoast_head_json":{"title":"Michel Lahsen - Club des Cent Cols","robots":{"index":"index","follow":"follow","max-snippet":"max-snippet:-1","max-image-preview":"max-image-preview:large","max-video-preview":"max-video-preview:-1"},"canonical":"https:\/\/centcols.org\/nl\/michel-lahsen\/","og_locale":"nl_BE","og_type":"article","og_title":"Michel Lahsen - Club des Cent Cols","og_description":"CC 120, Michel LAHSEN est d\u00e9c\u00e9d\u00e9 fin novembre 2025 Michel LAHSEN, grand randonneur cyclotouriste, membre des Cent Cols depuis 1974, vient de mourir fin novembre aussi discr\u00e8tement qu&rsquo;il a toujours v\u00e9cu. Il avait accompli, encore une fois, son annuel voyage itin\u00e9rant autour de l&rsquo;Hexagone, migrant vers le sud, par monts et par vaux au-del\u00e0 des [&hellip;]","og_url":"https:\/\/centcols.org\/nl\/michel-lahsen\/","og_site_name":"Club des Cent Cols","article_publisher":"https:\/\/www.facebook.com\/groups\/5261880558\/?locale=fr_FR","article_published_time":"2025-12-12T18:48:21+00:00","article_modified_time":"2025-12-13T17:17:25+00:00","og_image":[{"width":950,"height":530,"url":"https:\/\/centcols.org\/wp-content\/uploads\/2025\/12\/michel-LAHSEN-aout-2025.jpg","type":"image\/jpeg"}],"author":"Ren\u00e9 Mercier","twitter_card":"summary_large_image","twitter_misc":{"Geschreven door":"Ren\u00e9 Mercier","Geschatte leestijd":"1 minuut"},"schema":{"@context":"https:\/\/schema.org","@graph":[{"@type":"Article","@id":"https:\/\/centcols.org\/nl\/michel-lahsen\/#article","isPartOf":{"@id":"https:\/\/centcols.org\/nl\/michel-lahsen\/"},"author":{"name":"Ren\u00e9 Mercier","@id":"https:\/\/centcols.org\/#\/schema\/person\/0cc8f723679c98f3fb7798df5a50c018"},"headline":"Michel Lahsen","datePublished":"2025-12-12T18:48:21+00:00","dateModified":"2025-12-13T17:17:25+00:00","mainEntityOfPage":{"@id":"https:\/\/centcols.org\/nl\/michel-lahsen\/"},"wordCount":103,"commentCount":1,"publisher":{"@id":"https:\/\/centcols.org\/#organization"},"image":{"@id":"https:\/\/centcols.org\/nl\/michel-lahsen\/#primaryimage"},"thumbnailUrl":"https:\/\/centcols.org\/wp-content\/uploads\/2025\/12\/michel-LAHSEN-aout-2025.jpg","articleSection":["Carnet noir","Gazette"],"inLanguage":"nl-BE","potentialAction":[{"@type":"CommentAction","name":"Comment","target":["https:\/\/centcols.org\/nl\/michel-lahsen\/#respond"]}]},{"@type":"WebPage","@id":"https:\/\/centcols.org\/nl\/michel-lahsen\/","url":"https:\/\/centcols.org\/nl\/michel-lahsen\/","name":"Michel Lahsen - Club des Cent Cols","isPartOf":{"@id":"https:\/\/centcols.org\/#website"},"primaryImageOfPage":{"@id":"https:\/\/centcols.org\/nl\/michel-lahsen\/#primaryimage"},"image":{"@id":"https:\/\/centcols.org\/nl\/michel-lahsen\/#primaryimage"},"thumbnailUrl":"https:\/\/centcols.org\/wp-content\/uploads\/2025\/12\/michel-LAHSEN-aout-2025.jpg","datePublished":"2025-12-12T18:48:21+00:00","dateModified":"2025-12-13T17:17:25+00:00","breadcrumb":{"@id":"https:\/\/centcols.org\/nl\/michel-lahsen\/#breadcrumb"},"inLanguage":"nl-BE","potentialAction":[{"@type":"ReadAction","target":["https:\/\/centcols.org\/nl\/michel-lahsen\/"]}]},{"@type":"ImageObject","inLanguage":"nl-BE","@id":"https:\/\/centcols.org\/nl\/michel-lahsen\/#primaryimage","url":"https:\/\/centcols.org\/wp-content\/uploads\/2025\/12\/michel-LAHSEN-aout-2025.jpg","contentUrl":"https:\/\/centcols.org\/wp-content\/uploads\/2025\/12\/michel-LAHSEN-aout-2025.jpg","width":950,"height":530},{"@type":"BreadcrumbList","@id":"https:\/\/centcols.org\/nl\/michel-lahsen\/#breadcrumb","itemListElement":[{"@type":"ListItem","position":1,"name":"Accueil","item":"https:\/\/centcols.org\/"},{"@type":"ListItem","position":2,"name":"Gazette","item":"https:\/\/centcols.org\/rubrique\/gazette\/"},{"@type":"ListItem","position":3,"name":"Michel Lahsen"}]},{"@type":"WebSite","@id":"https:\/\/centcols.org\/#website","url":"https:\/\/centcols.org\/","name":"Club van Cent Cols","description":"","publisher":{"@id":"https:\/\/centcols.org\/#organization"},"potentialAction":[{"@type":"SearchAction","target":{"@type":"EntryPoint","urlTemplate":"https:\/\/centcols.org\/?s={search_term_string}"},"query-input":{"@type":"PropertyValueSpecification","valueRequired":true,"valueName":"search_term_string"}}],"inLanguage":"nl-BE"},{"@type":"Organization","@id":"https:\/\/centcols.org\/#organization","name":"Club van Cent Cols","url":"https:\/\/centcols.org\/","logo":{"@type":"ImageObject","inLanguage":"nl-BE","@id":"https:\/\/centcols.org\/#\/schema\/logo\/image\/","url":"https:\/\/centcols.org\/wp-content\/uploads\/2025\/01\/carte-icone.png","contentUrl":"https:\/\/centcols.org\/wp-content\/uploads\/2025\/01\/carte-icone.png","width":250,"height":250,"caption":"Club des Cent Cols"},"image":{"@id":"https:\/\/centcols.org\/#\/schema\/logo\/image\/"},"sameAs":["https:\/\/www.facebook.com\/groups\/5261880558\/?locale=fr_FR"]},{"@type":"Person","@id":"https:\/\/centcols.org\/#\/schema\/person\/0cc8f723679c98f3fb7798df5a50c018","name":"Ren\u00e9 Mercier","image":{"@type":"ImageObject","inLanguage":"nl-BE","@id":"https:\/\/centcols.org\/wp-content\/litespeed\/avatar\/c2275eeaf79d4f7456274de381abeeab.jpg?ver=1777347562","url":"https:\/\/centcols.org\/wp-content\/litespeed\/avatar\/c2275eeaf79d4f7456274de381abeeab.jpg?ver=1777347562","contentUrl":"https:\/\/centcols.org\/wp-content\/litespeed\/avatar\/c2275eeaf79d4f7456274de381abeeab.jpg?ver=1777347562","caption":"Ren\u00e9 Mercier"},"url":"https:\/\/centcols.org\/nl\/author\/7552\/"}]}},"_links":{"self":[{"href":"https:\/\/centcols.org\/nl\/wp-json\/wp\/v2\/posts\/92384","targetHints":{"allow":["GET"]}}],"collection":[{"href":"https:\/\/centcols.org\/nl\/wp-json\/wp\/v2\/posts"}],"about":[{"href":"https:\/\/centcols.org\/nl\/wp-json\/wp\/v2\/types\/post"}],"author":[{"embeddable":true,"href":"https:\/\/centcols.org\/nl\/wp-json\/wp\/v2\/users\/1726"}],"replies":[{"embeddable":true,"href":"https:\/\/centcols.org\/nl\/wp-json\/wp\/v2\/comments?post=92384"}],"version-history":[{"count":0,"href":"https:\/\/centcols.org\/nl\/wp-json\/wp\/v2\/posts\/92384\/revisions"}],"wp:featuredmedia":[{"embeddable":true,"href":"https:\/\/centcols.org\/nl\/wp-json\/wp\/v2\/media\/92385"}],"wp:attachment":[{"href":"https:\/\/centcols.org\/nl\/wp-json\/wp\/v2\/media?parent=92384"}],"wp:term":[{"taxonomy":"category","embeddable":true,"href":"https:\/\/centcols.org\/nl\/wp-json\/wp\/v2\/categories?post=92384"},{"taxonomy":"post_tag","embeddable":true,"href":"https:\/\/centcols.org\/nl\/wp-json\/wp\/v2\/tags?post=92384"}],"curies":[{"name":"wp","href":"https:\/\/api.w.org\/{rel}","templated":true}]}}