{"id":92611,"date":"2026-01-17T19:15:59","date_gmt":"2026-01-17T17:15:59","guid":{"rendered":"https:\/\/centcols.org\/?p=92611"},"modified":"2026-04-03T10:47:50","modified_gmt":"2026-04-03T08:47:50","slug":"fr-07-route-vernoux-en-vivarais","status":"publish","type":"post","link":"https:\/\/centcols.org\/nl\/fr-07-vernoux-en-vivarais-route\/","title":{"rendered":"FR-07 Vernoux-en-Vivarais - Route 93 km, D+ 1700 m, 16 passen"},"content":{"rendered":"<iframe width=\"100%\" height=\"650\" loading=\"lazy\" src=\"https:\/\/www.openrunner.com\/embed\/617262573664477350723030635743684747376a4c4969556e4c777871735642576553586e4a307a3233303d3a3aa8cd2cb729a988cb6aa7598c88c5d282?unit=metric\" style=\"border: none;\"><\/iframe>\n\n\n\n<div style=\"height:30px\" aria-hidden=\"true\" class=\"wp-block-spacer\"><\/div>\n\n\n\n<h2 class=\"wp-block-heading\">Beschrijving auteur<\/h2>\n\n\n\n<p><strong>Auteur&nbsp;<\/strong>Ren\u00e9 Mercier<br><strong>Cursus&nbsp;<\/strong>Voltooid in juni 2023<br><strong>Vertrek&nbsp;<\/strong>Vernoux-en-Vivarais, fitnessruimte en zwembadparkeerplaats, net ten noorden van de stad.<\/p>\n\n\n\n<div style=\"height:30px\" aria-hidden=\"true\" class=\"wp-block-spacer\"><\/div>\n\n\n\n<h2 class=\"wp-block-heading\">Toeristische informatie<\/h2>\n\n\n\n<p>De baan grenst aan de <a href=\"https:\/\/www.parc-monts-ardeche.fr\/\" target=\"_blank\" rel=\"noreferrer noopener\">Monts d'Ard\u00e8che<\/a> tussen 350 m en 750 m hoogte. <a href=\"https:\/\/www.ardeche.com\/ville-village\/vernoux-en-vivarais.php\" target=\"_blank\" rel=\"noreferrer noopener\">Vernoux-en-Vivarais<\/a> ligt in de regio Haut-Vivarais.<\/p>\n\n\n\n<div style=\"height:30px\" aria-hidden=\"true\" class=\"wp-block-spacer\"><\/div>\n\n\n\n<h2 class=\"wp-block-heading\">Technische specificaties<\/h2>\n\n\n\n<p>De route is 100%. Er zijn 3 lastige kilometers voordat de Col de la Mure wordt bereikt. Er is weinig verkeer, behalve aan de rand van Vernoux-en-Vivarais, maar het blijft redelijk.<br>Genoeg winkels in Vernoux, een paar winkels en een fontein in Alboussi\u00e8re, verder is het moeilijk om elders water en eten te vinden.<br>Deze route kan worden opgesplitst in twee lussen, zodat je een lunchpauze kunt nemen.<br>De Tracol (FR-07-0740b) kan aan deze route worden toegevoegd door 600m zeer steil terrein te beklimmen langs een smal pad vanaf de Col de la Justice. Een passerende auto dwong me halverwege de klim mijn voet neer te zetten; gedesillusioneerd na een meer dan intense inspanning wilde ik de klim niet afmaken.<\/p>\n\n\n\n<p><strong>16 kragen<\/strong><\/p>\n\n\n\n<figure class=\"wp-block-table\"><table class=\"has-background\" style=\"background-color:#f0f0f0\"><tbody><tr><td>1 - Col de Montreynaud<\/td><td class=\"has-text-align-center\" data-align=\"center\">757 m<\/td><td><a href=\"https:\/\/centcols.org\/nl\/util\/geo\/visu.php\/?code=FR-07-0757\" target=\"_blank\" rel=\"noreferrer noopener\">FR-07-0757<\/a><\/td><\/tr><tr><td>2 - Mazelberg<\/td><td class=\"has-text-align-center\" data-align=\"center\">633 m<\/td><td><a href=\"https:\/\/centcols.org\/nl\/util\/geo\/visu.php\/?code=FR-07-0633b\" target=\"_blank\" rel=\"noreferrer noopener\">FR-07-0633b<\/a><\/td><\/tr><tr><td>3 - De Tracol<\/td><td class=\"has-text-align-center\" data-align=\"center\">640 m<\/td><td><a href=\"https:\/\/centcols.org\/nl\/util\/geo\/visu.php\/?code=FR-07-0640\" target=\"_blank\" rel=\"noreferrer noopener\">FR-07-0640<\/a><\/td><\/tr><tr><td>4 - Col de Saint-Genest<\/td><td class=\"has-text-align-center\" data-align=\"center\">709 m<\/td><td><a href=\"https:\/\/centcols.org\/nl\/util\/geo\/visu.php\/?code=FR-07-0709\" target=\"_blank\" rel=\"noreferrer noopener\">FR-07-0709<\/a><\/td><\/tr><tr><td>5 - Col des Fans<\/td><td class=\"has-text-align-center\" data-align=\"center\">758 m<\/td><td><a href=\"https:\/\/centcols.org\/nl\/util\/geo\/visu.php\/?code=FR-07-0758\" target=\"_blank\" rel=\"noreferrer noopener\">FR-07-0758<\/a><\/td><\/tr><tr><td>6 - Col de la Rouveure<\/td><td class=\"has-text-align-center\" data-align=\"center\">626 m<\/td><td><a href=\"https:\/\/centcols.org\/nl\/util\/geo\/visu.php\/?code=FR-07-0626\" target=\"_blank\" rel=\"noreferrer noopener\">FR-07-0626<\/a><\/td><\/tr><tr><td>7 - Col du Serre<\/td><td class=\"has-text-align-center\" data-align=\"center\">599 m<\/td><td><a href=\"https:\/\/centcols.org\/nl\/util\/geo\/visu.php\/?code=FR-07-0601\" target=\"_blank\" rel=\"noreferrer noopener\">FR-07-0601<\/a><\/td><\/tr><tr><td>8 - Col de Leyrisse<\/td><td class=\"has-text-align-center\" data-align=\"center\">586 m<\/td><td><a href=\"https:\/\/centcols.org\/nl\/util\/geo\/visu.php\/?code=FR-07-0586\" target=\"_blank\" rel=\"noreferrer noopener\">FR-07-0586<\/a><\/td><\/tr><tr><td>9 - Kolk van Ponsoye<\/td><td class=\"has-text-align-center\" data-align=\"center\">604 m<\/td><td><a href=\"https:\/\/centcols.org\/nl\/util\/geo\/visu.php\/?code=FR-07-0604b\" target=\"_blank\" rel=\"noreferrer noopener\">FR-07-0604b<\/a><\/td><\/tr><tr><td>10 - Col de la Justice<\/td><td class=\"has-text-align-center\" data-align=\"center\">679 m<\/td><td><a href=\"https:\/\/centcols.org\/nl\/util\/geo\/visu.php\/?code=FR-07-0679b\" target=\"_blank\" rel=\"noreferrer noopener\">FR-07-0679b<\/a><\/td><\/tr><tr><td>11 - Col de la Croix St Andr\u00e9<\/td><td class=\"has-text-align-center\" data-align=\"center\">708 m<\/td><td><a href=\"https:\/\/centcols.org\/nl\/util\/geo\/visu.php\/?code=FR-07-0708\" target=\"_blank\" rel=\"noreferrer noopener\">FR-07-0708<\/a><\/td><\/tr><tr><td>12 - Col des Ayes<\/td><td class=\"has-text-align-center\" data-align=\"center\">379 m<\/td><td><a href=\"https:\/\/centcols.org\/nl\/util\/geo\/visu.php\/?code=FR-07-0379\" target=\"_blank\" rel=\"noreferrer noopener\">FR-07-0379<\/a><\/td><\/tr><tr><td>13 - Col de Rotisson<\/td><td class=\"has-text-align-center\" data-align=\"center\">428 m<\/td><td><a href=\"https:\/\/centcols.org\/nl\/util\/geo\/visu.php\/?code=FR-07-0425\" target=\"_blank\" rel=\"noreferrer noopener\">FR-07-0425<\/a><\/td><\/tr><tr><td>14 - Col de M\u00e9ran<\/td><td class=\"has-text-align-center\" data-align=\"center\">547 m<\/td><td><a href=\"https:\/\/centcols.org\/nl\/util\/geo\/visu.php\/?code=FR-07-0545\" target=\"_blank\" rel=\"noreferrer noopener\">FR-07-0545<\/a><\/td><\/tr><tr><td>15 - Col de Gilhac<\/td><td class=\"has-text-align-center\" data-align=\"center\">522 m<\/td><td><a href=\"https:\/\/centcols.org\/nl\/util\/geo\/visu.php\/?code=FR-07-0519\" target=\"_blank\" rel=\"noreferrer noopener\">FR-07-0519<\/a><\/td><\/tr><tr><td>16 - Col de la Mure<\/td><td class=\"has-text-align-center\" data-align=\"center\">747 m<\/td><td><a href=\"https:\/\/centcols.org\/nl\/util\/geo\/visu.php\/?code=FR-07-0765\" target=\"_blank\" rel=\"noreferrer noopener\">FR-07-0765<\/a><\/td><\/tr><\/tbody><\/table><\/figure>\n\n\n\n<p><strong>Trefwoorden<\/strong>&nbsp;Vernoux, Vivarais, Alboussi\u00e8re, centcols<\/p>\n\n\n\n<p>Openrunner link, interactieve kaart, profiel, track : <a href=\"https:\/\/www.openrunner.com\/route-details\/23180044\" target=\"_blank\" rel=\"noreferrer noopener\">https:\/\/www.openrunner.com\/route-details\/23180044<\/a><\/p>\n\n\n\n<p>Deze routebeschrijving wordt slechts ter indicatie aangeboden. De auteur aanvaardt geen aansprakelijkheid, noch die van de Club des Cent Cols, voor eventuele onberekenbaarheden die te wijten zijn aan de fietser zelf, het gebruikte materiaal of alles wat te maken heeft met de weg, paden en wegen, hun omgeving of andere gebruikers.<\/p>\n\n\n\n<div style=\"height:30px\" aria-hidden=\"true\" class=\"wp-block-spacer\"><\/div>\n\n\n\n<h2 class=\"wp-block-heading\">Foto's<\/h2>\n\n\n\n<figure class=\"wp-block-gallery has-nested-images columns-default is-cropped wp-block-gallery-1 is-layout-flex wp-block-gallery-is-layout-flex\">\n<figure class=\"wp-block-image size-full\"><a href=\"https:\/\/centcols.org\/wp-content\/uploads\/2026\/01\/Ardeche-Col-du-Mazel-1.jpg\"><img loading=\"lazy\" decoding=\"async\" width=\"1000\" height=\"707\" data-id=\"92665\" src=\"https:\/\/centcols.org\/wp-content\/uploads\/2026\/01\/Ardeche-Col-du-Mazel-1.jpg\" alt=\"\" class=\"wp-image-92665\" srcset=\"https:\/\/centcols.org\/wp-content\/uploads\/2026\/01\/Ardeche-Col-du-Mazel-1.jpg 1000w, https:\/\/centcols.org\/wp-content\/uploads\/2026\/01\/Ardeche-Col-du-Mazel-1-768x543.jpg 768w, https:\/\/centcols.org\/wp-content\/uploads\/2026\/01\/Ardeche-Col-du-Mazel-1-18x12.jpg 18w\" sizes=\"auto, (max-width: 1000px) 100vw, 1000px\" \/><\/a><figcaption class=\"wp-element-caption\">Op de Col du Mazel was er ook de Ard\u00e9choise<\/figcaption><\/figure>\n\n\n\n<figure class=\"wp-block-image size-full\"><a href=\"https:\/\/centcols.org\/wp-content\/uploads\/2026\/01\/Col-du-Mazel-pdt-ardechoise.jpg\"><img loading=\"lazy\" decoding=\"async\" width=\"900\" height=\"1200\" data-id=\"92667\" src=\"https:\/\/centcols.org\/wp-content\/uploads\/2026\/01\/Col-du-Mazel-pdt-ardechoise.jpg\" alt=\"\" class=\"wp-image-92667\" srcset=\"https:\/\/centcols.org\/wp-content\/uploads\/2026\/01\/Col-du-Mazel-pdt-ardechoise.jpg 900w, https:\/\/centcols.org\/wp-content\/uploads\/2026\/01\/Col-du-Mazel-pdt-ardechoise-768x1024.jpg 768w, https:\/\/centcols.org\/wp-content\/uploads\/2026\/01\/Col-du-Mazel-pdt-ardechoise-9x12.jpg 9w\" sizes=\"auto, (max-width: 900px) 100vw, 900px\" \/><\/a><figcaption class=\"wp-element-caption\">De Ard\u00e9choise had verbeelding op de Col du Mazel<\/figcaption><\/figure>\n<\/figure>","protected":false},"excerpt":{"rendered":"<p>Description de l\u2019auteur Auteur&nbsp;: Ren\u00e9 MercierParcours&nbsp;: effectu\u00e9 en juin 2023D\u00e9part&nbsp;: Vernoux-en-Vivarais, parking du gymnase et de la piscine, \u00e0 la sortie nord de la ville. Descriptif touristique Le parcours est en limite des Monts d&rsquo;Ard\u00e8che entre 350 m et 750 m d&rsquo;altitude. Vernoux-en-Vivarais est situ\u00e9e dans le Haut-Vivarais. Descriptif technique Le parcours est routier \u00e0 [&hellip;]<\/p>\n","protected":false},"author":1726,"featured_media":92667,"comment_status":"open","ping_status":"open","sticky":false,"template":"","format":"standard","meta":{"_acf_changed":false,"footnotes":""},"categories":[303,318,330,464,341,220],"tags":[215],"class_list":["post-92611","post","type-post","status-publish","format-standard","has-post-thumbnail","hentry","category-parcours-france","category-route-type-parcours","category-auvergne-rhone-alpes-region-parcours-membres","category-07-ardeche-departement","category-massif-central-massif-parcours-membres","category-parcours-membres","tag-parcours-du-mois"],"acf":[],"yoast_head":"<!-- This site is optimized with the Yoast SEO plugin v27.2 - https:\/\/yoast.com\/product\/yoast-seo-wordpress\/ -->\n<title>FR-07 Vernoux-en-Vivarais - Route 93 km, D+ 1700 m, 16 cols - Club des Cent Cols<\/title>\n<meta name=\"robots\" content=\"index, follow, max-snippet:-1, max-image-preview:large, max-video-preview:-1\" \/>\n<link rel=\"canonical\" href=\"https:\/\/centcols.org\/nl\/fr-07-route-vernoux-en-vivarais\/\" \/>\n<meta property=\"og:locale\" content=\"nl_BE\" \/>\n<meta property=\"og:type\" content=\"article\" \/>\n<meta property=\"og:title\" content=\"FR-07 Vernoux-en-Vivarais - Route 93 km, D+ 1700 m, 16 cols - Club des Cent Cols\" \/>\n<meta property=\"og:description\" content=\"Description de l\u2019auteur Auteur&nbsp;: Ren\u00e9 MercierParcours&nbsp;: effectu\u00e9 en juin 2023D\u00e9part&nbsp;: Vernoux-en-Vivarais, parking du gymnase et de la piscine, \u00e0 la sortie nord de la ville. Descriptif touristique Le parcours est en limite des Monts d&rsquo;Ard\u00e8che entre 350 m et 750 m d&rsquo;altitude. Vernoux-en-Vivarais est situ\u00e9e dans le Haut-Vivarais. Descriptif technique Le parcours est routier \u00e0 [&hellip;]\" \/>\n<meta property=\"og:url\" content=\"https:\/\/centcols.org\/nl\/fr-07-route-vernoux-en-vivarais\/\" \/>\n<meta property=\"og:site_name\" content=\"Club des Cent Cols\" \/>\n<meta property=\"article:publisher\" content=\"https:\/\/www.facebook.com\/groups\/5261880558\/?locale=fr_FR\" \/>\n<meta property=\"article:published_time\" content=\"2026-01-17T17:15:59+00:00\" \/>\n<meta property=\"article:modified_time\" content=\"2026-04-03T08:47:50+00:00\" \/>\n<meta property=\"og:image\" content=\"https:\/\/centcols.org\/wp-content\/uploads\/2026\/01\/Col-du-Mazel-pdt-ardechoise.jpg\" \/>\n\t<meta property=\"og:image:width\" content=\"900\" \/>\n\t<meta property=\"og:image:height\" content=\"1200\" \/>\n\t<meta property=\"og:image:type\" content=\"image\/jpeg\" \/>\n<meta name=\"author\" content=\"Ren\u00e9 Mercier\" \/>\n<meta name=\"twitter:card\" content=\"summary_large_image\" \/>\n<meta name=\"twitter:label1\" content=\"Geschreven door\" \/>\n\t<meta name=\"twitter:data1\" content=\"Ren\u00e9 Mercier\" \/>\n\t<meta name=\"twitter:label2\" content=\"Geschatte leestijd\" \/>\n\t<meta name=\"twitter:data2\" content=\"3 minuten\" \/>\n<script type=\"application\/ld+json\" class=\"yoast-schema-graph\">{\"@context\":\"https:\/\/schema.org\",\"@graph\":[{\"@type\":\"Article\",\"@id\":\"https:\/\/centcols.org\/de\/fr-07-vernoux-en-vivarais-route\/#article\",\"isPartOf\":{\"@id\":\"https:\/\/centcols.org\/de\/fr-07-vernoux-en-vivarais-route\/\"},\"author\":{\"name\":\"Ren\u00e9 Mercier\",\"@id\":\"https:\/\/centcols.org\/#\/schema\/person\/0cc8f723679c98f3fb7798df5a50c018\"},\"headline\":\"FR-07 Vernoux-en-Vivarais &#8211; Route 93 km, D+ 1700 m, 16 cols\",\"datePublished\":\"2026-01-17T17:15:59+00:00\",\"dateModified\":\"2026-04-03T08:47:50+00:00\",\"mainEntityOfPage\":{\"@id\":\"https:\/\/centcols.org\/de\/fr-07-vernoux-en-vivarais-route\/\"},\"wordCount\":415,\"commentCount\":0,\"publisher\":{\"@id\":\"https:\/\/centcols.org\/#organization\"},\"image\":{\"@id\":\"https:\/\/centcols.org\/de\/fr-07-vernoux-en-vivarais-route\/#primaryimage\"},\"thumbnailUrl\":\"https:\/\/centcols.org\/wp-content\/uploads\/2026\/01\/Col-du-Mazel-pdt-ardechoise.jpg\",\"keywords\":[\"Parcours du mois\"],\"articleSection\":[\"Parcours France\",\"Route\",\"Auvergne-Rh\u00f4ne-Alpes\",\"07-Ard\u00e8che\",\"Massif-Central\",\"Parcours membres\"],\"inLanguage\":\"nl-BE\",\"potentialAction\":[{\"@type\":\"CommentAction\",\"name\":\"Comment\",\"target\":[\"https:\/\/centcols.org\/de\/fr-07-vernoux-en-vivarais-route\/#respond\"]}]},{\"@type\":\"WebPage\",\"@id\":\"https:\/\/centcols.org\/de\/fr-07-vernoux-en-vivarais-route\/\",\"url\":\"https:\/\/centcols.org\/de\/fr-07-vernoux-en-vivarais-route\/\",\"name\":\"FR-07 Vernoux-en-Vivarais - Route 93 km, D+ 1700 m, 16 cols - Club des Cent Cols\",\"isPartOf\":{\"@id\":\"https:\/\/centcols.org\/#website\"},\"primaryImageOfPage\":{\"@id\":\"https:\/\/centcols.org\/de\/fr-07-vernoux-en-vivarais-route\/#primaryimage\"},\"image\":{\"@id\":\"https:\/\/centcols.org\/de\/fr-07-vernoux-en-vivarais-route\/#primaryimage\"},\"thumbnailUrl\":\"https:\/\/centcols.org\/wp-content\/uploads\/2026\/01\/Col-du-Mazel-pdt-ardechoise.jpg\",\"datePublished\":\"2026-01-17T17:15:59+00:00\",\"dateModified\":\"2026-04-03T08:47:50+00:00\",\"breadcrumb\":{\"@id\":\"https:\/\/centcols.org\/de\/fr-07-vernoux-en-vivarais-route\/#breadcrumb\"},\"inLanguage\":\"nl-BE\",\"potentialAction\":[{\"@type\":\"ReadAction\",\"target\":[\"https:\/\/centcols.org\/de\/fr-07-vernoux-en-vivarais-route\/\"]}]},{\"@type\":\"ImageObject\",\"inLanguage\":\"nl-BE\",\"@id\":\"https:\/\/centcols.org\/de\/fr-07-vernoux-en-vivarais-route\/#primaryimage\",\"url\":\"https:\/\/centcols.org\/wp-content\/uploads\/2026\/01\/Col-du-Mazel-pdt-ardechoise.jpg\",\"contentUrl\":\"https:\/\/centcols.org\/wp-content\/uploads\/2026\/01\/Col-du-Mazel-pdt-ardechoise.jpg\",\"width\":900,\"height\":1200},{\"@type\":\"BreadcrumbList\",\"@id\":\"https:\/\/centcols.org\/de\/fr-07-vernoux-en-vivarais-route\/#breadcrumb\",\"itemListElement\":[{\"@type\":\"ListItem\",\"position\":1,\"name\":\"Accueil\",\"item\":\"https:\/\/centcols.org\/\"},{\"@type\":\"ListItem\",\"position\":2,\"name\":\"Parcours membres\",\"item\":\"https:\/\/centcols.org\/rubrique\/parcours-membres\/\"},{\"@type\":\"ListItem\",\"position\":3,\"name\":\"Pays\",\"item\":\"https:\/\/centcols.org\/rubrique\/parcours-membres\/pays-parcours-membres\/\"},{\"@type\":\"ListItem\",\"position\":4,\"name\":\"Parcours France\",\"item\":\"https:\/\/centcols.org\/rubrique\/parcours-membres\/pays-parcours-membres\/parcours-france\/\"},{\"@type\":\"ListItem\",\"position\":5,\"name\":\"FR-07 Vernoux-en-Vivarais &#8211; Route 93 km, D+ 1700 m, 16 cols\"}]},{\"@type\":\"WebSite\",\"@id\":\"https:\/\/centcols.org\/#website\",\"url\":\"https:\/\/centcols.org\/\",\"name\":\"Club des Cent Cols\",\"description\":\"\",\"publisher\":{\"@id\":\"https:\/\/centcols.org\/#organization\"},\"potentialAction\":[{\"@type\":\"SearchAction\",\"target\":{\"@type\":\"EntryPoint\",\"urlTemplate\":\"https:\/\/centcols.org\/?s={search_term_string}\"},\"query-input\":{\"@type\":\"PropertyValueSpecification\",\"valueRequired\":true,\"valueName\":\"search_term_string\"}}],\"inLanguage\":\"nl-BE\"},{\"@type\":\"Organization\",\"@id\":\"https:\/\/centcols.org\/#organization\",\"name\":\"Club des Cent Cols\",\"url\":\"https:\/\/centcols.org\/\",\"logo\":{\"@type\":\"ImageObject\",\"inLanguage\":\"nl-BE\",\"@id\":\"https:\/\/centcols.org\/#\/schema\/logo\/image\/\",\"url\":\"https:\/\/centcols.org\/wp-content\/uploads\/2025\/01\/carte-icone.png\",\"contentUrl\":\"https:\/\/centcols.org\/wp-content\/uploads\/2025\/01\/carte-icone.png\",\"width\":250,\"height\":250,\"caption\":\"Club des Cent Cols\"},\"image\":{\"@id\":\"https:\/\/centcols.org\/#\/schema\/logo\/image\/\"},\"sameAs\":[\"https:\/\/www.facebook.com\/groups\/5261880558\/?locale=fr_FR\"]},{\"@type\":\"Person\",\"@id\":\"https:\/\/centcols.org\/#\/schema\/person\/0cc8f723679c98f3fb7798df5a50c018\",\"name\":\"Ren\u00e9 Mercier\",\"image\":{\"@type\":\"ImageObject\",\"inLanguage\":\"nl-BE\",\"@id\":\"https:\/\/centcols.org\/wp-content\/litespeed\/avatar\/c2275eeaf79d4f7456274de381abeeab.jpg?ver=1777347562\",\"url\":\"https:\/\/centcols.org\/wp-content\/litespeed\/avatar\/c2275eeaf79d4f7456274de381abeeab.jpg?ver=1777347562\",\"contentUrl\":\"https:\/\/centcols.org\/wp-content\/litespeed\/avatar\/c2275eeaf79d4f7456274de381abeeab.jpg?ver=1777347562\",\"caption\":\"Ren\u00e9 Mercier\"},\"url\":\"https:\/\/centcols.org\/nl\/author\/7552\/\"}]}<\/script>\n<!-- \/ Yoast SEO plugin. -->","yoast_head_json":{"title":"FR-07 Vernoux-en-Vivarais - Route 93 km, D+ 1700 m, 16 cols - Club des Cent Cols","robots":{"index":"index","follow":"follow","max-snippet":"max-snippet:-1","max-image-preview":"max-image-preview:large","max-video-preview":"max-video-preview:-1"},"canonical":"https:\/\/centcols.org\/nl\/fr-07-route-vernoux-en-vivarais\/","og_locale":"nl_BE","og_type":"article","og_title":"FR-07 Vernoux-en-Vivarais - Route 93 km, D+ 1700 m, 16 cols - Club des Cent Cols","og_description":"Description de l\u2019auteur Auteur&nbsp;: Ren\u00e9 MercierParcours&nbsp;: effectu\u00e9 en juin 2023D\u00e9part&nbsp;: Vernoux-en-Vivarais, parking du gymnase et de la piscine, \u00e0 la sortie nord de la ville. Descriptif touristique Le parcours est en limite des Monts d&rsquo;Ard\u00e8che entre 350 m et 750 m d&rsquo;altitude. Vernoux-en-Vivarais est situ\u00e9e dans le Haut-Vivarais. Descriptif technique Le parcours est routier \u00e0 [&hellip;]","og_url":"https:\/\/centcols.org\/nl\/fr-07-route-vernoux-en-vivarais\/","og_site_name":"Club des Cent Cols","article_publisher":"https:\/\/www.facebook.com\/groups\/5261880558\/?locale=fr_FR","article_published_time":"2026-01-17T17:15:59+00:00","article_modified_time":"2026-04-03T08:47:50+00:00","og_image":[{"width":900,"height":1200,"url":"https:\/\/centcols.org\/wp-content\/uploads\/2026\/01\/Col-du-Mazel-pdt-ardechoise.jpg","type":"image\/jpeg"}],"author":"Ren\u00e9 Mercier","twitter_card":"summary_large_image","twitter_misc":{"Geschreven door":"Ren\u00e9 Mercier","Geschatte leestijd":"3 minuten"},"schema":{"@context":"https:\/\/schema.org","@graph":[{"@type":"Article","@id":"https:\/\/centcols.org\/de\/fr-07-vernoux-en-vivarais-route\/#article","isPartOf":{"@id":"https:\/\/centcols.org\/de\/fr-07-vernoux-en-vivarais-route\/"},"author":{"name":"Ren\u00e9 Mercier","@id":"https:\/\/centcols.org\/#\/schema\/person\/0cc8f723679c98f3fb7798df5a50c018"},"headline":"FR-07 Vernoux-en-Vivarais &#8211; Route 93 km, D+ 1700 m, 16 cols","datePublished":"2026-01-17T17:15:59+00:00","dateModified":"2026-04-03T08:47:50+00:00","mainEntityOfPage":{"@id":"https:\/\/centcols.org\/de\/fr-07-vernoux-en-vivarais-route\/"},"wordCount":415,"commentCount":0,"publisher":{"@id":"https:\/\/centcols.org\/#organization"},"image":{"@id":"https:\/\/centcols.org\/de\/fr-07-vernoux-en-vivarais-route\/#primaryimage"},"thumbnailUrl":"https:\/\/centcols.org\/wp-content\/uploads\/2026\/01\/Col-du-Mazel-pdt-ardechoise.jpg","keywords":["Parcours du mois"],"articleSection":["Parcours France","Route","Auvergne-Rh\u00f4ne-Alpes","07-Ard\u00e8che","Massif-Central","Parcours membres"],"inLanguage":"nl-BE","potentialAction":[{"@type":"CommentAction","name":"Comment","target":["https:\/\/centcols.org\/de\/fr-07-vernoux-en-vivarais-route\/#respond"]}]},{"@type":"WebPage","@id":"https:\/\/centcols.org\/de\/fr-07-vernoux-en-vivarais-route\/","url":"https:\/\/centcols.org\/de\/fr-07-vernoux-en-vivarais-route\/","name":"FR-07 Vernoux-en-Vivarais - Route 93 km, D+ 1700 m, 16 cols - Club des Cent Cols","isPartOf":{"@id":"https:\/\/centcols.org\/#website"},"primaryImageOfPage":{"@id":"https:\/\/centcols.org\/de\/fr-07-vernoux-en-vivarais-route\/#primaryimage"},"image":{"@id":"https:\/\/centcols.org\/de\/fr-07-vernoux-en-vivarais-route\/#primaryimage"},"thumbnailUrl":"https:\/\/centcols.org\/wp-content\/uploads\/2026\/01\/Col-du-Mazel-pdt-ardechoise.jpg","datePublished":"2026-01-17T17:15:59+00:00","dateModified":"2026-04-03T08:47:50+00:00","breadcrumb":{"@id":"https:\/\/centcols.org\/de\/fr-07-vernoux-en-vivarais-route\/#breadcrumb"},"inLanguage":"nl-BE","potentialAction":[{"@type":"ReadAction","target":["https:\/\/centcols.org\/de\/fr-07-vernoux-en-vivarais-route\/"]}]},{"@type":"ImageObject","inLanguage":"nl-BE","@id":"https:\/\/centcols.org\/de\/fr-07-vernoux-en-vivarais-route\/#primaryimage","url":"https:\/\/centcols.org\/wp-content\/uploads\/2026\/01\/Col-du-Mazel-pdt-ardechoise.jpg","contentUrl":"https:\/\/centcols.org\/wp-content\/uploads\/2026\/01\/Col-du-Mazel-pdt-ardechoise.jpg","width":900,"height":1200},{"@type":"BreadcrumbList","@id":"https:\/\/centcols.org\/de\/fr-07-vernoux-en-vivarais-route\/#breadcrumb","itemListElement":[{"@type":"ListItem","position":1,"name":"Accueil","item":"https:\/\/centcols.org\/"},{"@type":"ListItem","position":2,"name":"Parcours membres","item":"https:\/\/centcols.org\/rubrique\/parcours-membres\/"},{"@type":"ListItem","position":3,"name":"Pays","item":"https:\/\/centcols.org\/rubrique\/parcours-membres\/pays-parcours-membres\/"},{"@type":"ListItem","position":4,"name":"Parcours France","item":"https:\/\/centcols.org\/rubrique\/parcours-membres\/pays-parcours-membres\/parcours-france\/"},{"@type":"ListItem","position":5,"name":"FR-07 Vernoux-en-Vivarais &#8211; Route 93 km, D+ 1700 m, 16 cols"}]},{"@type":"WebSite","@id":"https:\/\/centcols.org\/#website","url":"https:\/\/centcols.org\/","name":"Club van Cent Cols","description":"","publisher":{"@id":"https:\/\/centcols.org\/#organization"},"potentialAction":[{"@type":"SearchAction","target":{"@type":"EntryPoint","urlTemplate":"https:\/\/centcols.org\/?s={search_term_string}"},"query-input":{"@type":"PropertyValueSpecification","valueRequired":true,"valueName":"search_term_string"}}],"inLanguage":"nl-BE"},{"@type":"Organization","@id":"https:\/\/centcols.org\/#organization","name":"Club van Cent Cols","url":"https:\/\/centcols.org\/","logo":{"@type":"ImageObject","inLanguage":"nl-BE","@id":"https:\/\/centcols.org\/#\/schema\/logo\/image\/","url":"https:\/\/centcols.org\/wp-content\/uploads\/2025\/01\/carte-icone.png","contentUrl":"https:\/\/centcols.org\/wp-content\/uploads\/2025\/01\/carte-icone.png","width":250,"height":250,"caption":"Club des Cent Cols"},"image":{"@id":"https:\/\/centcols.org\/#\/schema\/logo\/image\/"},"sameAs":["https:\/\/www.facebook.com\/groups\/5261880558\/?locale=fr_FR"]},{"@type":"Person","@id":"https:\/\/centcols.org\/#\/schema\/person\/0cc8f723679c98f3fb7798df5a50c018","name":"Ren\u00e9 Mercier","image":{"@type":"ImageObject","inLanguage":"nl-BE","@id":"https:\/\/centcols.org\/wp-content\/litespeed\/avatar\/c2275eeaf79d4f7456274de381abeeab.jpg?ver=1777347562","url":"https:\/\/centcols.org\/wp-content\/litespeed\/avatar\/c2275eeaf79d4f7456274de381abeeab.jpg?ver=1777347562","contentUrl":"https:\/\/centcols.org\/wp-content\/litespeed\/avatar\/c2275eeaf79d4f7456274de381abeeab.jpg?ver=1777347562","caption":"Ren\u00e9 Mercier"},"url":"https:\/\/centcols.org\/nl\/author\/7552\/"}]}},"_links":{"self":[{"href":"https:\/\/centcols.org\/nl\/wp-json\/wp\/v2\/posts\/92611","targetHints":{"allow":["GET"]}}],"collection":[{"href":"https:\/\/centcols.org\/nl\/wp-json\/wp\/v2\/posts"}],"about":[{"href":"https:\/\/centcols.org\/nl\/wp-json\/wp\/v2\/types\/post"}],"author":[{"embeddable":true,"href":"https:\/\/centcols.org\/nl\/wp-json\/wp\/v2\/users\/1726"}],"replies":[{"embeddable":true,"href":"https:\/\/centcols.org\/nl\/wp-json\/wp\/v2\/comments?post=92611"}],"version-history":[{"count":0,"href":"https:\/\/centcols.org\/nl\/wp-json\/wp\/v2\/posts\/92611\/revisions"}],"wp:featuredmedia":[{"embeddable":true,"href":"https:\/\/centcols.org\/nl\/wp-json\/wp\/v2\/media\/92667"}],"wp:attachment":[{"href":"https:\/\/centcols.org\/nl\/wp-json\/wp\/v2\/media?parent=92611"}],"wp:term":[{"taxonomy":"category","embeddable":true,"href":"https:\/\/centcols.org\/nl\/wp-json\/wp\/v2\/categories?post=92611"},{"taxonomy":"post_tag","embeddable":true,"href":"https:\/\/centcols.org\/nl\/wp-json\/wp\/v2\/tags?post=92611"}],"curies":[{"name":"wp","href":"https:\/\/api.w.org\/{rel}","templated":true}]}}