{"id":92618,"date":"2026-01-15T18:01:02","date_gmt":"2026-01-15T16:01:02","guid":{"rendered":"https:\/\/centcols.org\/?p=92618"},"modified":"2026-03-10T19:35:30","modified_gmt":"2026-03-10T17:35:30","slug":"fr-11-saint-louis-et-parahou-vtt","status":"publish","type":"post","link":"https:\/\/centcols.org\/nl\/fr-11-saint-louis-et-parahou-vtt\/","title":{"rendered":"FR-11 Saint-Louis-et-Parahou - Mountainbike 27 km, D+ 740 m, 10 passen"},"content":{"rendered":"<iframe width=\"100%\" height=\"650\" loading=\"lazy\" src=\"https:\/\/www.openrunner.com\/embed\/35305957472f795272374e4c2b76645462486d644a4e424342724c434178696e79523431567363556336413d3a3a5311eed7c2c594e9457037bc8d34c19e?unit=metric\" style=\"border: none;\"><\/iframe>\n\n\n\n<div style=\"height:30px\" aria-hidden=\"true\" class=\"wp-block-spacer\"><\/div>\n\n\n\n<h2 class=\"wp-block-heading\">Beschrijving auteur<\/h2>\n\n\n\n<p><strong>Auteurs&nbsp;<\/strong>Patrick Mandard en Philippe Chazottier<br><strong>Cursus&nbsp;<\/strong>uitgevoerd op 5 april 2025<br><strong>Vertrek&nbsp;<\/strong>Parkeerterrein op 200 m van de Col Saint-Louis, ten zuiden van het dorp Saint-Louis-et-Parahou.<\/p>\n\n\n\n<div style=\"height:30px\" aria-hidden=\"true\" class=\"wp-block-spacer\"><\/div>\n\n\n\n<h2 class=\"wp-block-heading\">Technische specificaties<\/h2>\n\n\n\n<p>95% fietsroute, grotendeels over goed glooiende paden, toegankelijk via grind. De route kent geen moeilijkheden, afgezien van \u00e9\u00e9n \u00absaai\u00bb stuk op weg naar de Col de la B\u00e9no, dat gemakkelijk kan worden vermeden: een vlak pad langs de overblijfselen van een steunmuur met enkele lastige en lastige stukken.<br>De aanloop naar de Col de las Crabos en de Col d'Artauzoul is op zicht, buiten het pad.<\/p>\n\n\n\n<p><\/p>\n\n\n\n<p><strong>10 kragen<\/strong><\/p>\n\n\n\n<figure class=\"wp-block-table\"><table class=\"has-background\" style=\"background-color:#f0f0f0\"><tbody><tr><td>1 - Kol Marty<\/td><td class=\"has-text-align-center\" data-align=\"center\">756 m<\/td><td><a href=\"https:\/\/centcols.org\/nl\/util\/geo\/visu.php\/?code=FR-11-0756\" target=\"_blank\" rel=\"noreferrer noopener\">FR-11-0756<\/a><\/td><\/tr><tr><td>2 - Col de la B\u00e9no<\/td><td class=\"has-text-align-center\" data-align=\"center\">845 m<\/td><td><a href=\"https:\/\/centcols.org\/nl\/util\/geo\/visu.php\/?code=FR-11-0845a\" target=\"_blank\" rel=\"noreferrer noopener\">FR-11-0845a<\/a><\/td><\/tr><tr><td>3 - Col d\u00e9 las Crabos<\/td><td class=\"has-text-align-center\" data-align=\"center\">848 m<\/td><td><a href=\"https:\/\/centcols.org\/nl\/util\/geo\/visu.php\/?code=FR-11-0848\" target=\"_blank\" rel=\"noreferrer noopener\">FR-11-0848<\/a><\/td><\/tr><tr><td>4 - Artauzoul pas<\/td><td class=\"has-text-align-center\" data-align=\"center\">795 m<\/td><td><a href=\"https:\/\/centcols.org\/nl\/util\/geo\/visu.php\/?code=FR-11-0795\" target=\"_blank\" rel=\"noreferrer noopener\">FR-11-0795<\/a><\/td><\/tr><tr><td>5 - Col Saint-Martin<\/td><td class=\"has-text-align-center\" data-align=\"center\">955 m<\/td><td><a href=\"https:\/\/centcols.org\/nl\/util\/geo\/visu.php\/?code=FR-11-0955\" target=\"_blank\" rel=\"noreferrer noopener\">FR-11-0955<\/a><\/td><\/tr><tr><td>6 - Col de B\u00e8s<\/td><td class=\"has-text-align-center\" data-align=\"center\">835 m<\/td><td><a href=\"https:\/\/centcols.org\/nl\/util\/geo\/visu.php\/?code=FR-11-0835\" target=\"_blank\" rel=\"noreferrer noopener\">FR-11-0835<\/a><\/td><\/tr><tr><td>7 - Couillade de Belvianes<\/td><td class=\"has-text-align-center\" data-align=\"center\">860 m<\/td><td><a href=\"https:\/\/centcols.org\/nl\/util\/geo\/visu.php\/?code=FR-11-0860\" target=\"_blank\" rel=\"noreferrer noopener\">FR-11-0860<\/a><\/td><\/tr><tr><td>8 - Col del Fraiche<\/td><td class=\"has-text-align-center\" data-align=\"center\">965 m<\/td><td><a href=\"https:\/\/centcols.org\/nl\/util\/geo\/visu.php\/?code=FR-11-0949\" target=\"_blank\" rel=\"noreferrer noopener\">FR-11-0949<\/a><\/td><\/tr><tr><td>9 - Col de Rusque<\/td><td class=\"has-text-align-center\" data-align=\"center\">966 m<\/td><td><a href=\"https:\/\/centcols.org\/nl\/util\/geo\/visu.php\/?code=FR-11-0966\" target=\"_blank\" rel=\"noreferrer noopener\">FR-11-0966<\/a><\/td><\/tr><tr><td>10 - Kol Saint-Louis<\/td><td class=\"has-text-align-center\" data-align=\"center\">696 m<\/td><td><a href=\"https:\/\/centcols.org\/nl\/util\/geo\/visu.php\/?code=FR-11-0696\" target=\"_blank\" rel=\"noreferrer noopener\">FR-11-0696<\/a><\/td><\/tr><\/tbody><\/table><\/figure>\n\n\n\n<p><strong>Trefwoorden<\/strong>&nbsp;Saint-Louis-et-Parahou, Artauzoul, B\u00e9no, centcols<\/p>\n\n\n\n<p>Openrunner link, interactieve kaart, profiel, track : <a href=\"https:\/\/www.openrunner.com\/route-details\/23184217\" target=\"_blank\" rel=\"noreferrer noopener\">https:\/\/www.openrunner.com\/route-details\/23184217<\/a><\/p>\n\n\n\n<p>Deze routebeschrijving wordt slechts ter indicatie aangeboden. De auteur aanvaardt geen aansprakelijkheid, noch die van de Club des Cent Cols, voor eventuele onberekenbaarheden die te wijten zijn aan de fietser zelf, het gebruikte materiaal of alles wat te maken heeft met de weg, paden en wegen, hun omgeving of andere gebruikers.<\/p>\n\n\n\n<div style=\"height:30px\" aria-hidden=\"true\" class=\"wp-block-spacer\"><\/div>\n\n\n\n<h2 class=\"wp-block-heading\">Foto's<\/h2>\n\n\n\n<figure class=\"wp-block-gallery has-nested-images columns-default is-cropped wp-block-gallery-1 is-layout-flex wp-block-gallery-is-layout-flex\">\n<figure class=\"wp-block-image size-full\"><a href=\"https:\/\/centcols.org\/wp-content\/uploads\/2026\/01\/En-direction-du-col-de-la-Beno.jpg\"><img loading=\"lazy\" decoding=\"async\" width=\"900\" height=\"1200\" data-id=\"92622\" src=\"https:\/\/centcols.org\/wp-content\/uploads\/2026\/01\/En-direction-du-col-de-la-Beno.jpg\" alt=\"\" class=\"wp-image-92622\" srcset=\"https:\/\/centcols.org\/wp-content\/uploads\/2026\/01\/En-direction-du-col-de-la-Beno.jpg 900w, https:\/\/centcols.org\/wp-content\/uploads\/2026\/01\/En-direction-du-col-de-la-Beno-768x1024.jpg 768w, https:\/\/centcols.org\/wp-content\/uploads\/2026\/01\/En-direction-du-col-de-la-Beno-9x12.jpg 9w\" sizes=\"auto, (max-width: 900px) 100vw, 900px\" \/><\/a><figcaption class=\"wp-element-caption\">Naar de Col de la B\u00e9no<\/figcaption><\/figure>\n\n\n\n<figure class=\"wp-block-image size-full\"><a href=\"https:\/\/centcols.org\/wp-content\/uploads\/2026\/01\/Vue-sur-le-nord.jpg\"><img loading=\"lazy\" decoding=\"async\" width=\"900\" height=\"1200\" data-id=\"92623\" src=\"https:\/\/centcols.org\/wp-content\/uploads\/2026\/01\/Vue-sur-le-nord.jpg\" alt=\"\" class=\"wp-image-92623\" srcset=\"https:\/\/centcols.org\/wp-content\/uploads\/2026\/01\/Vue-sur-le-nord.jpg 900w, https:\/\/centcols.org\/wp-content\/uploads\/2026\/01\/Vue-sur-le-nord-768x1024.jpg 768w, https:\/\/centcols.org\/wp-content\/uploads\/2026\/01\/Vue-sur-le-nord-9x12.jpg 9w\" sizes=\"auto, (max-width: 900px) 100vw, 900px\" \/><\/a><figcaption class=\"wp-element-caption\">Uitzicht naar het noorden<\/figcaption><\/figure>\n<\/figure>","protected":false},"excerpt":{"rendered":"<p>Description de l\u2019auteur Auteurs&nbsp;: Patrick Mandard et Philippe ChazottierParcours&nbsp;: effectu\u00e9 le 5 avril 2025D\u00e9part&nbsp;: parking \u00e0 200 m du col Saint-Louis, au sud du village de Saint-Louis-et-Parahou. Descriptif technique Parcours cyclable \u00e0 95%, effectu\u00e9 le plus souvent sur de belles pistes roulantes, accessible en gravel. Parcours sans difficult\u00e9 \u00e0 part une partie \u00ab\u00a0ennuyeuse\u00a0\u00bb pour rejoindre [&hellip;]<\/p>\n","protected":false},"author":1726,"featured_media":92623,"comment_status":"open","ping_status":"open","sticky":false,"template":"","format":"standard","meta":{"_acf_changed":false,"footnotes":""},"categories":[303,319,396,455,220],"tags":[],"class_list":["post-92618","post","type-post","status-publish","format-standard","has-post-thumbnail","hentry","category-parcours-france","category-vtt-type-parcours","category-11-aude","category-occitanie-region-parcours-membres","category-parcours-membres"],"acf":[],"yoast_head":"<!-- This site is optimized with the Yoast SEO plugin v27.2 - https:\/\/yoast.com\/product\/yoast-seo-wordpress\/ -->\n<title>FR-11 Saint-Louis-et-Parahou - VTT 27 km, D+ 740 m, 10 cols - Club des Cent Cols<\/title>\n<meta name=\"robots\" content=\"index, follow, max-snippet:-1, max-image-preview:large, max-video-preview:-1\" \/>\n<link rel=\"canonical\" href=\"https:\/\/centcols.org\/nl\/fr-11-saint-louis-et-parahou-vtt\/\" \/>\n<meta property=\"og:locale\" content=\"nl_BE\" \/>\n<meta property=\"og:type\" content=\"article\" \/>\n<meta property=\"og:title\" content=\"FR-11 Saint-Louis-et-Parahou - VTT 27 km, D+ 740 m, 10 cols - Club des Cent Cols\" \/>\n<meta property=\"og:description\" content=\"Description de l\u2019auteur Auteurs&nbsp;: Patrick Mandard et Philippe ChazottierParcours&nbsp;: effectu\u00e9 le 5 avril 2025D\u00e9part&nbsp;: parking \u00e0 200 m du col Saint-Louis, au sud du village de Saint-Louis-et-Parahou. Descriptif technique Parcours cyclable \u00e0 95%, effectu\u00e9 le plus souvent sur de belles pistes roulantes, accessible en gravel. Parcours sans difficult\u00e9 \u00e0 part une partie \u00ab\u00a0ennuyeuse\u00a0\u00bb pour rejoindre [&hellip;]\" \/>\n<meta property=\"og:url\" content=\"https:\/\/centcols.org\/nl\/fr-11-saint-louis-et-parahou-vtt\/\" \/>\n<meta property=\"og:site_name\" content=\"Club des Cent Cols\" \/>\n<meta property=\"article:publisher\" content=\"https:\/\/www.facebook.com\/groups\/5261880558\/?locale=fr_FR\" \/>\n<meta property=\"article:published_time\" content=\"2026-01-15T16:01:02+00:00\" \/>\n<meta property=\"article:modified_time\" content=\"2026-03-10T17:35:30+00:00\" \/>\n<meta property=\"og:image\" content=\"https:\/\/centcols.org\/wp-content\/uploads\/2026\/01\/Vue-sur-le-nord.jpg\" \/>\n\t<meta property=\"og:image:width\" content=\"900\" \/>\n\t<meta property=\"og:image:height\" content=\"1200\" \/>\n\t<meta property=\"og:image:type\" content=\"image\/jpeg\" \/>\n<meta name=\"author\" content=\"Ren\u00e9 Mercier\" \/>\n<meta name=\"twitter:card\" content=\"summary_large_image\" \/>\n<meta name=\"twitter:label1\" content=\"Geschreven door\" \/>\n\t<meta name=\"twitter:data1\" content=\"Ren\u00e9 Mercier\" \/>\n\t<meta name=\"twitter:label2\" content=\"Geschatte leestijd\" \/>\n\t<meta name=\"twitter:data2\" content=\"2 minuten\" \/>\n<script type=\"application\/ld+json\" class=\"yoast-schema-graph\">{\"@context\":\"https:\/\/schema.org\",\"@graph\":[{\"@type\":\"Article\",\"@id\":\"https:\/\/centcols.org\/nl\/fr-11-saint-louis-et-parahou-vtt\/#article\",\"isPartOf\":{\"@id\":\"https:\/\/centcols.org\/nl\/fr-11-saint-louis-et-parahou-vtt\/\"},\"author\":{\"name\":\"Ren\u00e9 Mercier\",\"@id\":\"https:\/\/centcols.org\/#\/schema\/person\/0cc8f723679c98f3fb7798df5a50c018\"},\"headline\":\"FR-11 Saint-Louis-et-Parahou &#8211; VTT 27 km, D+ 740 m, 10 cols\",\"datePublished\":\"2026-01-15T16:01:02+00:00\",\"dateModified\":\"2026-03-10T17:35:30+00:00\",\"mainEntityOfPage\":{\"@id\":\"https:\/\/centcols.org\/nl\/fr-11-saint-louis-et-parahou-vtt\/\"},\"wordCount\":274,\"commentCount\":0,\"publisher\":{\"@id\":\"https:\/\/centcols.org\/#organization\"},\"image\":{\"@id\":\"https:\/\/centcols.org\/nl\/fr-11-saint-louis-et-parahou-vtt\/#primaryimage\"},\"thumbnailUrl\":\"https:\/\/centcols.org\/wp-content\/uploads\/2026\/01\/Vue-sur-le-nord.jpg\",\"articleSection\":[\"Parcours France\",\"VTT\",\"11-Aude\",\"Occitanie\",\"Parcours membres\"],\"inLanguage\":\"nl-BE\",\"potentialAction\":[{\"@type\":\"CommentAction\",\"name\":\"Comment\",\"target\":[\"https:\/\/centcols.org\/nl\/fr-11-saint-louis-et-parahou-vtt\/#respond\"]}]},{\"@type\":\"WebPage\",\"@id\":\"https:\/\/centcols.org\/nl\/fr-11-saint-louis-et-parahou-vtt\/\",\"url\":\"https:\/\/centcols.org\/nl\/fr-11-saint-louis-et-parahou-vtt\/\",\"name\":\"FR-11 Saint-Louis-et-Parahou - VTT 27 km, D+ 740 m, 10 cols - Club des Cent Cols\",\"isPartOf\":{\"@id\":\"https:\/\/centcols.org\/#website\"},\"primaryImageOfPage\":{\"@id\":\"https:\/\/centcols.org\/nl\/fr-11-saint-louis-et-parahou-vtt\/#primaryimage\"},\"image\":{\"@id\":\"https:\/\/centcols.org\/nl\/fr-11-saint-louis-et-parahou-vtt\/#primaryimage\"},\"thumbnailUrl\":\"https:\/\/centcols.org\/wp-content\/uploads\/2026\/01\/Vue-sur-le-nord.jpg\",\"datePublished\":\"2026-01-15T16:01:02+00:00\",\"dateModified\":\"2026-03-10T17:35:30+00:00\",\"breadcrumb\":{\"@id\":\"https:\/\/centcols.org\/nl\/fr-11-saint-louis-et-parahou-vtt\/#breadcrumb\"},\"inLanguage\":\"nl-BE\",\"potentialAction\":[{\"@type\":\"ReadAction\",\"target\":[\"https:\/\/centcols.org\/nl\/fr-11-saint-louis-et-parahou-vtt\/\"]}]},{\"@type\":\"ImageObject\",\"inLanguage\":\"nl-BE\",\"@id\":\"https:\/\/centcols.org\/nl\/fr-11-saint-louis-et-parahou-vtt\/#primaryimage\",\"url\":\"https:\/\/centcols.org\/wp-content\/uploads\/2026\/01\/Vue-sur-le-nord.jpg\",\"contentUrl\":\"https:\/\/centcols.org\/wp-content\/uploads\/2026\/01\/Vue-sur-le-nord.jpg\",\"width\":900,\"height\":1200},{\"@type\":\"BreadcrumbList\",\"@id\":\"https:\/\/centcols.org\/nl\/fr-11-saint-louis-et-parahou-vtt\/#breadcrumb\",\"itemListElement\":[{\"@type\":\"ListItem\",\"position\":1,\"name\":\"Accueil\",\"item\":\"https:\/\/centcols.org\/\"},{\"@type\":\"ListItem\",\"position\":2,\"name\":\"Parcours membres\",\"item\":\"https:\/\/centcols.org\/rubrique\/parcours-membres\/\"},{\"@type\":\"ListItem\",\"position\":3,\"name\":\"Pays\",\"item\":\"https:\/\/centcols.org\/rubrique\/parcours-membres\/pays-parcours-membres\/\"},{\"@type\":\"ListItem\",\"position\":4,\"name\":\"Parcours France\",\"item\":\"https:\/\/centcols.org\/rubrique\/parcours-membres\/pays-parcours-membres\/parcours-france\/\"},{\"@type\":\"ListItem\",\"position\":5,\"name\":\"FR-11 Saint-Louis-et-Parahou &#8211; VTT 27 km, D+ 740 m, 10 cols\"}]},{\"@type\":\"WebSite\",\"@id\":\"https:\/\/centcols.org\/#website\",\"url\":\"https:\/\/centcols.org\/\",\"name\":\"Club des Cent Cols\",\"description\":\"\",\"publisher\":{\"@id\":\"https:\/\/centcols.org\/#organization\"},\"potentialAction\":[{\"@type\":\"SearchAction\",\"target\":{\"@type\":\"EntryPoint\",\"urlTemplate\":\"https:\/\/centcols.org\/?s={search_term_string}\"},\"query-input\":{\"@type\":\"PropertyValueSpecification\",\"valueRequired\":true,\"valueName\":\"search_term_string\"}}],\"inLanguage\":\"nl-BE\"},{\"@type\":\"Organization\",\"@id\":\"https:\/\/centcols.org\/#organization\",\"name\":\"Club des Cent Cols\",\"url\":\"https:\/\/centcols.org\/\",\"logo\":{\"@type\":\"ImageObject\",\"inLanguage\":\"nl-BE\",\"@id\":\"https:\/\/centcols.org\/#\/schema\/logo\/image\/\",\"url\":\"https:\/\/centcols.org\/wp-content\/uploads\/2025\/01\/carte-icone.png\",\"contentUrl\":\"https:\/\/centcols.org\/wp-content\/uploads\/2025\/01\/carte-icone.png\",\"width\":250,\"height\":250,\"caption\":\"Club des Cent Cols\"},\"image\":{\"@id\":\"https:\/\/centcols.org\/#\/schema\/logo\/image\/\"},\"sameAs\":[\"https:\/\/www.facebook.com\/groups\/5261880558\/?locale=fr_FR\"]},{\"@type\":\"Person\",\"@id\":\"https:\/\/centcols.org\/#\/schema\/person\/0cc8f723679c98f3fb7798df5a50c018\",\"name\":\"Ren\u00e9 Mercier\",\"image\":{\"@type\":\"ImageObject\",\"inLanguage\":\"nl-BE\",\"@id\":\"https:\/\/centcols.org\/wp-content\/litespeed\/avatar\/c2275eeaf79d4f7456274de381abeeab.jpg?ver=1777347562\",\"url\":\"https:\/\/centcols.org\/wp-content\/litespeed\/avatar\/c2275eeaf79d4f7456274de381abeeab.jpg?ver=1777347562\",\"contentUrl\":\"https:\/\/centcols.org\/wp-content\/litespeed\/avatar\/c2275eeaf79d4f7456274de381abeeab.jpg?ver=1777347562\",\"caption\":\"Ren\u00e9 Mercier\"},\"url\":\"https:\/\/centcols.org\/nl\/author\/7552\/\"}]}<\/script>\n<!-- \/ Yoast SEO plugin. -->","yoast_head_json":{"title":"FR-11 Saint-Louis-et-Parahou - Mountainbike 27 km, D+ 740 m, 10 passen - Club des Cent Cols","robots":{"index":"index","follow":"follow","max-snippet":"max-snippet:-1","max-image-preview":"max-image-preview:large","max-video-preview":"max-video-preview:-1"},"canonical":"https:\/\/centcols.org\/nl\/fr-11-saint-louis-et-parahou-vtt\/","og_locale":"nl_BE","og_type":"article","og_title":"FR-11 Saint-Louis-et-Parahou - VTT 27 km, D+ 740 m, 10 cols - Club des Cent Cols","og_description":"Description de l\u2019auteur Auteurs&nbsp;: Patrick Mandard et Philippe ChazottierParcours&nbsp;: effectu\u00e9 le 5 avril 2025D\u00e9part&nbsp;: parking \u00e0 200 m du col Saint-Louis, au sud du village de Saint-Louis-et-Parahou. Descriptif technique Parcours cyclable \u00e0 95%, effectu\u00e9 le plus souvent sur de belles pistes roulantes, accessible en gravel. Parcours sans difficult\u00e9 \u00e0 part une partie \u00ab\u00a0ennuyeuse\u00a0\u00bb pour rejoindre [&hellip;]","og_url":"https:\/\/centcols.org\/nl\/fr-11-saint-louis-et-parahou-vtt\/","og_site_name":"Club des Cent Cols","article_publisher":"https:\/\/www.facebook.com\/groups\/5261880558\/?locale=fr_FR","article_published_time":"2026-01-15T16:01:02+00:00","article_modified_time":"2026-03-10T17:35:30+00:00","og_image":[{"width":900,"height":1200,"url":"https:\/\/centcols.org\/wp-content\/uploads\/2026\/01\/Vue-sur-le-nord.jpg","type":"image\/jpeg"}],"author":"Ren\u00e9 Mercier","twitter_card":"summary_large_image","twitter_misc":{"Geschreven door":"Ren\u00e9 Mercier","Geschatte leestijd":"2 minuten"},"schema":{"@context":"https:\/\/schema.org","@graph":[{"@type":"Article","@id":"https:\/\/centcols.org\/nl\/fr-11-saint-louis-et-parahou-vtt\/#article","isPartOf":{"@id":"https:\/\/centcols.org\/nl\/fr-11-saint-louis-et-parahou-vtt\/"},"author":{"name":"Ren\u00e9 Mercier","@id":"https:\/\/centcols.org\/#\/schema\/person\/0cc8f723679c98f3fb7798df5a50c018"},"headline":"FR-11 Saint-Louis-et-Parahou &#8211; VTT 27 km, D+ 740 m, 10 cols","datePublished":"2026-01-15T16:01:02+00:00","dateModified":"2026-03-10T17:35:30+00:00","mainEntityOfPage":{"@id":"https:\/\/centcols.org\/nl\/fr-11-saint-louis-et-parahou-vtt\/"},"wordCount":274,"commentCount":0,"publisher":{"@id":"https:\/\/centcols.org\/#organization"},"image":{"@id":"https:\/\/centcols.org\/nl\/fr-11-saint-louis-et-parahou-vtt\/#primaryimage"},"thumbnailUrl":"https:\/\/centcols.org\/wp-content\/uploads\/2026\/01\/Vue-sur-le-nord.jpg","articleSection":["Parcours France","VTT","11-Aude","Occitanie","Parcours membres"],"inLanguage":"nl-BE","potentialAction":[{"@type":"CommentAction","name":"Comment","target":["https:\/\/centcols.org\/nl\/fr-11-saint-louis-et-parahou-vtt\/#respond"]}]},{"@type":"WebPage","@id":"https:\/\/centcols.org\/nl\/fr-11-saint-louis-et-parahou-vtt\/","url":"https:\/\/centcols.org\/nl\/fr-11-saint-louis-et-parahou-vtt\/","name":"FR-11 Saint-Louis-et-Parahou - Mountainbike 27 km, D+ 740 m, 10 passen - Club des Cent Cols","isPartOf":{"@id":"https:\/\/centcols.org\/#website"},"primaryImageOfPage":{"@id":"https:\/\/centcols.org\/nl\/fr-11-saint-louis-et-parahou-vtt\/#primaryimage"},"image":{"@id":"https:\/\/centcols.org\/nl\/fr-11-saint-louis-et-parahou-vtt\/#primaryimage"},"thumbnailUrl":"https:\/\/centcols.org\/wp-content\/uploads\/2026\/01\/Vue-sur-le-nord.jpg","datePublished":"2026-01-15T16:01:02+00:00","dateModified":"2026-03-10T17:35:30+00:00","breadcrumb":{"@id":"https:\/\/centcols.org\/nl\/fr-11-saint-louis-et-parahou-vtt\/#breadcrumb"},"inLanguage":"nl-BE","potentialAction":[{"@type":"ReadAction","target":["https:\/\/centcols.org\/nl\/fr-11-saint-louis-et-parahou-vtt\/"]}]},{"@type":"ImageObject","inLanguage":"nl-BE","@id":"https:\/\/centcols.org\/nl\/fr-11-saint-louis-et-parahou-vtt\/#primaryimage","url":"https:\/\/centcols.org\/wp-content\/uploads\/2026\/01\/Vue-sur-le-nord.jpg","contentUrl":"https:\/\/centcols.org\/wp-content\/uploads\/2026\/01\/Vue-sur-le-nord.jpg","width":900,"height":1200},{"@type":"BreadcrumbList","@id":"https:\/\/centcols.org\/nl\/fr-11-saint-louis-et-parahou-vtt\/#breadcrumb","itemListElement":[{"@type":"ListItem","position":1,"name":"Accueil","item":"https:\/\/centcols.org\/"},{"@type":"ListItem","position":2,"name":"Parcours membres","item":"https:\/\/centcols.org\/rubrique\/parcours-membres\/"},{"@type":"ListItem","position":3,"name":"Pays","item":"https:\/\/centcols.org\/rubrique\/parcours-membres\/pays-parcours-membres\/"},{"@type":"ListItem","position":4,"name":"Parcours France","item":"https:\/\/centcols.org\/rubrique\/parcours-membres\/pays-parcours-membres\/parcours-france\/"},{"@type":"ListItem","position":5,"name":"FR-11 Saint-Louis-et-Parahou &#8211; VTT 27 km, D+ 740 m, 10 cols"}]},{"@type":"WebSite","@id":"https:\/\/centcols.org\/#website","url":"https:\/\/centcols.org\/","name":"Club van Cent Cols","description":"","publisher":{"@id":"https:\/\/centcols.org\/#organization"},"potentialAction":[{"@type":"SearchAction","target":{"@type":"EntryPoint","urlTemplate":"https:\/\/centcols.org\/?s={search_term_string}"},"query-input":{"@type":"PropertyValueSpecification","valueRequired":true,"valueName":"search_term_string"}}],"inLanguage":"nl-BE"},{"@type":"Organization","@id":"https:\/\/centcols.org\/#organization","name":"Club van Cent Cols","url":"https:\/\/centcols.org\/","logo":{"@type":"ImageObject","inLanguage":"nl-BE","@id":"https:\/\/centcols.org\/#\/schema\/logo\/image\/","url":"https:\/\/centcols.org\/wp-content\/uploads\/2025\/01\/carte-icone.png","contentUrl":"https:\/\/centcols.org\/wp-content\/uploads\/2025\/01\/carte-icone.png","width":250,"height":250,"caption":"Club des Cent Cols"},"image":{"@id":"https:\/\/centcols.org\/#\/schema\/logo\/image\/"},"sameAs":["https:\/\/www.facebook.com\/groups\/5261880558\/?locale=fr_FR"]},{"@type":"Person","@id":"https:\/\/centcols.org\/#\/schema\/person\/0cc8f723679c98f3fb7798df5a50c018","name":"Ren\u00e9 Mercier","image":{"@type":"ImageObject","inLanguage":"nl-BE","@id":"https:\/\/centcols.org\/wp-content\/litespeed\/avatar\/c2275eeaf79d4f7456274de381abeeab.jpg?ver=1777347562","url":"https:\/\/centcols.org\/wp-content\/litespeed\/avatar\/c2275eeaf79d4f7456274de381abeeab.jpg?ver=1777347562","contentUrl":"https:\/\/centcols.org\/wp-content\/litespeed\/avatar\/c2275eeaf79d4f7456274de381abeeab.jpg?ver=1777347562","caption":"Ren\u00e9 Mercier"},"url":"https:\/\/centcols.org\/nl\/author\/7552\/"}]}},"_links":{"self":[{"href":"https:\/\/centcols.org\/nl\/wp-json\/wp\/v2\/posts\/92618","targetHints":{"allow":["GET"]}}],"collection":[{"href":"https:\/\/centcols.org\/nl\/wp-json\/wp\/v2\/posts"}],"about":[{"href":"https:\/\/centcols.org\/nl\/wp-json\/wp\/v2\/types\/post"}],"author":[{"embeddable":true,"href":"https:\/\/centcols.org\/nl\/wp-json\/wp\/v2\/users\/1726"}],"replies":[{"embeddable":true,"href":"https:\/\/centcols.org\/nl\/wp-json\/wp\/v2\/comments?post=92618"}],"version-history":[{"count":0,"href":"https:\/\/centcols.org\/nl\/wp-json\/wp\/v2\/posts\/92618\/revisions"}],"wp:featuredmedia":[{"embeddable":true,"href":"https:\/\/centcols.org\/nl\/wp-json\/wp\/v2\/media\/92623"}],"wp:attachment":[{"href":"https:\/\/centcols.org\/nl\/wp-json\/wp\/v2\/media?parent=92618"}],"wp:term":[{"taxonomy":"category","embeddable":true,"href":"https:\/\/centcols.org\/nl\/wp-json\/wp\/v2\/categories?post=92618"},{"taxonomy":"post_tag","embeddable":true,"href":"https:\/\/centcols.org\/nl\/wp-json\/wp\/v2\/tags?post=92618"}],"curies":[{"name":"wp","href":"https:\/\/api.w.org\/{rel}","templated":true}]}}