{"id":92627,"date":"2026-01-16T17:24:17","date_gmt":"2026-01-16T15:24:17","guid":{"rendered":"https:\/\/centcols.org\/?p=92627"},"modified":"2026-03-10T19:31:54","modified_gmt":"2026-03-10T17:31:54","slug":"fr-11-lapradelle-puilaurens-vtt","status":"publish","type":"post","link":"https:\/\/centcols.org\/nl\/fr-11-lapradelle-puilaurens-vtt\/","title":{"rendered":"FR-11 Lapradelle Puilaurens - MTB 54 km, D+ 1500 m, 13 passen"},"content":{"rendered":"<iframe width=\"100%\" height=\"650\" loading=\"lazy\" src=\"https:\/\/www.openrunner.com\/embed\/345069336e55624d6b2b3271523363474146647645314b637a4a665766457875464c73716e6656383567673d3a3a76b4fb2fd5d89ca8081b63a8e2c05f53?unit=metric\" style=\"border: none;\"><\/iframe>\n\n\n\n<div style=\"height:30px\" aria-hidden=\"true\" class=\"wp-block-spacer\"><\/div>\n\n\n\n<h2 class=\"wp-block-heading\">Beschrijving auteur<\/h2>\n\n\n\n<p><strong>Auteurs&nbsp;<\/strong>Patrick Mandard en Philippe Chazottier<br><strong>Cursus&nbsp;<\/strong>uitgevoerd op 4 april 2025<br><strong>Vertrek&nbsp;<\/strong>Lapradelle Puilaurens dorp, parkeerplaats aan de westkant van de D117, tegenover de begraafplaats.<\/p>\n\n\n\n<div style=\"height:30px\" aria-hidden=\"true\" class=\"wp-block-spacer\"><\/div>\n\n\n\n<h2 class=\"wp-block-heading\">Toeristische informatie<\/h2>\n\n\n\n<p>Prachtig uitzicht op het Katharenkasteel van <a href=\"https:\/\/www.chateau-puilaurens.com\/\" target=\"_blank\" rel=\"noreferrer noopener\">Puilaurens<\/a>, en de Catalaanse Pyrenee\u00ebn.<\/p>\n\n\n\n<div style=\"height:30px\" aria-hidden=\"true\" class=\"wp-block-spacer\"><\/div>\n\n\n\n<h2 class=\"wp-block-heading\">Technische specificaties<\/h2>\n\n\n\n<p>Een 95% fietsroute, afgelegd met de mountainbike over mooie bospaden (toegankelijk via gravel).<\/p>\n\n\n\n<p><\/p>\n\n\n\n<p><strong>13 passen<\/strong><\/p>\n\n\n\n<figure class=\"wp-block-table\"><table class=\"has-background\" style=\"background-color:#f0f0f0\"><tbody><tr><td>1 - La Couillade<\/td><td class=\"has-text-align-center\" data-align=\"center\">689 m<\/td><td><a href=\"https:\/\/centcols.org\/nl\/util\/geo\/visu.php\/?code=FR-11-0689\" target=\"_blank\" rel=\"noreferrer noopener\">FR-11-0689<\/a><\/td><\/tr><tr><td>2 - Col de Fraissinet<\/td><td class=\"has-text-align-center\" data-align=\"center\">1111 m<\/td><td><a href=\"https:\/\/centcols.org\/nl\/util\/geo\/visu.php\/?code=FR-11-1111\" target=\"_blank\" rel=\"noreferrer noopener\">FR-11-1111<\/a><\/td><\/tr><tr><td>3 - Tulla Pas<\/td><td class=\"has-text-align-center\" data-align=\"center\">932 m<\/td><td><a href=\"https:\/\/centcols.org\/nl\/util\/geo\/visu.php\/?code=FR-11-0932b\" target=\"_blank\" rel=\"noreferrer noopener\">FR-11-0932b<\/a><\/td><\/tr><tr><td>4 - Col de la B\u00e8ne<\/td><td class=\"has-text-align-center\" data-align=\"center\">1076 m<\/td><td><a href=\"https:\/\/centcols.org\/nl\/util\/geo\/visu.php\/?code=FR-11-1076\" target=\"_blank\" rel=\"noreferrer noopener\">FR-11-1076<\/a><\/td><\/tr><tr><td>5 - Col de Mateplane<\/td><td class=\"has-text-align-center\" data-align=\"center\">1189 m<\/td><td><a href=\"https:\/\/centcols.org\/nl\/util\/geo\/visu.php\/?code=FR-11-1189\" target=\"_blank\" rel=\"noreferrer noopener\">FR-11-1189<\/a><\/td><\/tr><tr><td>6 - Col du Lhadet<\/td><td class=\"has-text-align-center\" data-align=\"center\">1087 m<\/td><td><a href=\"https:\/\/centcols.org\/nl\/util\/geo\/visu.php\/?code=FR-11-1087\" target=\"_blank\" rel=\"noreferrer noopener\">FR-11-1087<\/a><\/td><\/tr><tr><td>7 - Col de l'Ours<\/td><td class=\"has-text-align-center\" data-align=\"center\">840 m<\/td><td><a href=\"https:\/\/centcols.org\/nl\/util\/geo\/visu.php\/?code=FR-66-0840\" target=\"_blank\" rel=\"noreferrer noopener\">FR-66-0840<\/a><\/td><\/tr><tr><td>8 - Col de Boire<\/td><td class=\"has-text-align-center\" data-align=\"center\">862 m<\/td><td><a href=\"https:\/\/centcols.org\/nl\/util\/geo\/visu.php\/?code=FR-66-0862\" target=\"_blank\" rel=\"noreferrer noopener\">FR-66-0862<\/a><\/td><\/tr><tr><td>9 - Coll de la Garbe<\/td><td class=\"has-text-align-center\" data-align=\"center\">550 m<\/td><td><a href=\"https:\/\/centcols.org\/nl\/util\/geo\/visu.php\/?code=FR-66-0550\" target=\"_blank\" rel=\"noreferrer noopener\">FR-66-0550<\/a><\/td><\/tr><tr><td>10 - Col del Mas<\/td><td class=\"has-text-align-center\" data-align=\"center\">554 m<\/td><td><a href=\"https:\/\/centcols.org\/nl\/util\/geo\/visu.php\/?code=FR-66-0554\" target=\"_blank\" rel=\"noreferrer noopener\">FR-66-0554<\/a><\/td><\/tr><tr><td>11 - Col de la Palme<\/td><td class=\"has-text-align-center\" data-align=\"center\">472 m<\/td><td><a href=\"https:\/\/centcols.org\/nl\/util\/geo\/visu.php\/?code=FR-66-0472\" target=\"_blank\" rel=\"noreferrer noopener\">FR-66-0472<\/a><\/td><\/tr><tr><td>12 - Coll de Segas<\/td><td class=\"has-text-align-center\" data-align=\"center\">380 m<\/td><td><a href=\"https:\/\/centcols.org\/nl\/util\/geo\/visu.php\/?code=FR-66-0380c\" target=\"_blank\" rel=\"noreferrer noopener\">FR-66-0380c<\/a><\/td><\/tr><tr><td>13 - Kol Camp\u00e9ri\u00e9<\/td><td class=\"has-text-align-center\" data-align=\"center\">523 m<\/td><td><a href=\"https:\/\/centcols.org\/nl\/util\/geo\/visu.php\/?code=FR-11-0514\" target=\"_blank\" rel=\"noreferrer noopener\">FR-11-0514<\/a><\/td><\/tr><\/tbody><\/table><\/figure>\n\n\n\n<p><strong>Trefwoorden<\/strong>&nbsp;Puilaurens, Lapradelle, cathare, centcols<\/p>\n\n\n\n<p>Openrunner link, interactieve kaart, profiel, track : <a href=\"https:\/\/www.openrunner.com\/route-details\/23184972\" target=\"_blank\" rel=\"noreferrer noopener\">https:\/\/www.openrunner.com\/route-details\/23184972<\/a><\/p>\n\n\n\n<p>Deze routebeschrijving wordt slechts ter indicatie aangeboden. De auteur aanvaardt geen aansprakelijkheid, noch die van de Club des Cent Cols, voor eventuele onberekenbaarheden die te wijten zijn aan de fietser zelf, het gebruikte materiaal of alles wat te maken heeft met de weg, paden en wegen, hun omgeving of andere gebruikers.<\/p>\n\n\n\n<div style=\"height:30px\" aria-hidden=\"true\" class=\"wp-block-spacer\"><\/div>\n\n\n\n<h2 class=\"wp-block-heading\">Foto's<\/h2>\n\n\n\n<figure class=\"wp-block-gallery has-nested-images columns-default is-cropped wp-block-gallery-1 is-layout-flex wp-block-gallery-is-layout-flex\">\n<figure class=\"wp-block-image size-full\"><a href=\"https:\/\/centcols.org\/wp-content\/uploads\/2026\/01\/Chateau-de-Lapradelle-Puillaurens.jpg\"><img loading=\"lazy\" decoding=\"async\" width=\"1200\" height=\"700\" data-id=\"92643\" src=\"https:\/\/centcols.org\/wp-content\/uploads\/2026\/01\/Chateau-de-Lapradelle-Puillaurens.jpg\" alt=\"\" class=\"wp-image-92643\" srcset=\"https:\/\/centcols.org\/wp-content\/uploads\/2026\/01\/Chateau-de-Lapradelle-Puillaurens.jpg 1200w, https:\/\/centcols.org\/wp-content\/uploads\/2026\/01\/Chateau-de-Lapradelle-Puillaurens-768x448.jpg 768w, https:\/\/centcols.org\/wp-content\/uploads\/2026\/01\/Chateau-de-Lapradelle-Puillaurens-18x12.jpg 18w\" sizes=\"auto, (max-width: 1200px) 100vw, 1200px\" \/><\/a><figcaption class=\"wp-element-caption\">Kasteel van Puilaurens<\/figcaption><\/figure>\n\n\n\n<figure class=\"wp-block-image size-full\"><a href=\"https:\/\/centcols.org\/wp-content\/uploads\/2026\/01\/En-redescendant-sur-la-vallee-de-lAude.jpg\"><img loading=\"lazy\" decoding=\"async\" width=\"900\" height=\"1200\" data-id=\"92644\" src=\"https:\/\/centcols.org\/wp-content\/uploads\/2026\/01\/En-redescendant-sur-la-vallee-de-lAude.jpg\" alt=\"\" class=\"wp-image-92644\" srcset=\"https:\/\/centcols.org\/wp-content\/uploads\/2026\/01\/En-redescendant-sur-la-vallee-de-lAude.jpg 900w, https:\/\/centcols.org\/wp-content\/uploads\/2026\/01\/En-redescendant-sur-la-vallee-de-lAude-768x1024.jpg 768w, https:\/\/centcols.org\/wp-content\/uploads\/2026\/01\/En-redescendant-sur-la-vallee-de-lAude-9x12.jpg 9w\" sizes=\"auto, (max-width: 900px) 100vw, 900px\" \/><\/a><figcaption class=\"wp-element-caption\">Op weg naar de Aude-vallei<\/figcaption><\/figure>\n\n\n\n<figure class=\"wp-block-image size-large\"><a href=\"https:\/\/centcols.org\/wp-content\/uploads\/2026\/01\/Enrico-au-Col-de-La-Palme.jpg\"><img loading=\"lazy\" decoding=\"async\" width=\"1200\" height=\"675\" data-id=\"92645\" src=\"https:\/\/centcols.org\/wp-content\/uploads\/2026\/01\/Enrico-au-Col-de-La-Palme.jpg\" alt=\"\" class=\"wp-image-92645\" srcset=\"https:\/\/centcols.org\/wp-content\/uploads\/2026\/01\/Enrico-au-Col-de-La-Palme.jpg 1200w, https:\/\/centcols.org\/wp-content\/uploads\/2026\/01\/Enrico-au-Col-de-La-Palme-768x432.jpg 768w, https:\/\/centcols.org\/wp-content\/uploads\/2026\/01\/Enrico-au-Col-de-La-Palme-18x10.jpg 18w\" sizes=\"auto, (max-width: 1200px) 100vw, 1200px\" \/><\/a><figcaption class=\"wp-element-caption\">Enrico op de Col de la Palme<\/figcaption><\/figure>\n\n\n\n<figure class=\"wp-block-image size-large\"><a href=\"https:\/\/centcols.org\/wp-content\/uploads\/2026\/01\/Les-sommets-catalans-sont-encore-enneiges-en-ce-debut-avril.jpg\"><img loading=\"lazy\" decoding=\"async\" width=\"1200\" height=\"834\" data-id=\"92646\" src=\"https:\/\/centcols.org\/wp-content\/uploads\/2026\/01\/Les-sommets-catalans-sont-encore-enneiges-en-ce-debut-avril.jpg\" alt=\"\" class=\"wp-image-92646\" srcset=\"https:\/\/centcols.org\/wp-content\/uploads\/2026\/01\/Les-sommets-catalans-sont-encore-enneiges-en-ce-debut-avril.jpg 1200w, https:\/\/centcols.org\/wp-content\/uploads\/2026\/01\/Les-sommets-catalans-sont-encore-enneiges-en-ce-debut-avril-768x534.jpg 768w, https:\/\/centcols.org\/wp-content\/uploads\/2026\/01\/Les-sommets-catalans-sont-encore-enneiges-en-ce-debut-avril-18x12.jpg 18w\" sizes=\"auto, (max-width: 1200px) 100vw, 1200px\" \/><\/a><figcaption class=\"wp-element-caption\">De Catalaanse bergtoppen zijn begin april nog bedekt met sneeuw<\/figcaption><\/figure>\n\n\n\n<figure class=\"wp-block-image size-large\"><a href=\"https:\/\/centcols.org\/wp-content\/uploads\/2026\/01\/Monument-au-Col-Camperie.jpg\"><img loading=\"lazy\" decoding=\"async\" width=\"900\" height=\"1200\" data-id=\"92647\" src=\"https:\/\/centcols.org\/wp-content\/uploads\/2026\/01\/Monument-au-Col-Camperie.jpg\" alt=\"\" class=\"wp-image-92647\" srcset=\"https:\/\/centcols.org\/wp-content\/uploads\/2026\/01\/Monument-au-Col-Camperie.jpg 900w, https:\/\/centcols.org\/wp-content\/uploads\/2026\/01\/Monument-au-Col-Camperie-768x1024.jpg 768w, https:\/\/centcols.org\/wp-content\/uploads\/2026\/01\/Monument-au-Col-Camperie-9x12.jpg 9w\" sizes=\"auto, (max-width: 900px) 100vw, 900px\" \/><\/a><figcaption class=\"wp-element-caption\">Monument op de Col Camp\u00e9ri\u00e9<\/figcaption><\/figure>\n<\/figure>","protected":false},"excerpt":{"rendered":"<p>Description de l\u2019auteur Auteurs&nbsp;: Patrick Mandard et Philippe ChazottierParcours&nbsp;: effectu\u00e9 le 4 avril 2025D\u00e9part&nbsp;: village de Lapradelle Puilaurens, parking en bordure de la D117, c\u00f4t\u00e9 ouest, face au cimeti\u00e8re. Descriptif touristique Belle vue sur le ch\u00e2teau cathare de Puilaurens, et sur les Pyr\u00e9n\u00e9es catalanes. Descriptif technique Parcours cyclable \u00e0 95%, effectu\u00e9 en VTT sur de [&hellip;]<\/p>\n","protected":false},"author":1726,"featured_media":92643,"comment_status":"open","ping_status":"open","sticky":false,"template":"","format":"standard","meta":{"_acf_changed":false,"footnotes":""},"categories":[303,319,396,455,220],"tags":[],"class_list":["post-92627","post","type-post","status-publish","format-standard","has-post-thumbnail","hentry","category-parcours-france","category-vtt-type-parcours","category-11-aude","category-occitanie-region-parcours-membres","category-parcours-membres"],"acf":[],"yoast_head":"<!-- This site is optimized with the Yoast SEO plugin v27.2 - https:\/\/yoast.com\/product\/yoast-seo-wordpress\/ -->\n<title>FR-11 Lapradelle Puilaurens - VTT 54 km, D+ 1500 m, 13 cols - Club des Cent Cols<\/title>\n<meta name=\"robots\" content=\"index, follow, max-snippet:-1, max-image-preview:large, max-video-preview:-1\" \/>\n<link rel=\"canonical\" href=\"https:\/\/centcols.org\/nl\/fr-11-lapradelle-puilaurens-vtt\/\" \/>\n<meta property=\"og:locale\" content=\"nl_BE\" \/>\n<meta property=\"og:type\" content=\"article\" \/>\n<meta property=\"og:title\" content=\"FR-11 Lapradelle Puilaurens - VTT 54 km, D+ 1500 m, 13 cols - Club des Cent Cols\" \/>\n<meta property=\"og:description\" content=\"Description de l\u2019auteur Auteurs&nbsp;: Patrick Mandard et Philippe ChazottierParcours&nbsp;: effectu\u00e9 le 4 avril 2025D\u00e9part&nbsp;: village de Lapradelle Puilaurens, parking en bordure de la D117, c\u00f4t\u00e9 ouest, face au cimeti\u00e8re. Descriptif touristique Belle vue sur le ch\u00e2teau cathare de Puilaurens, et sur les Pyr\u00e9n\u00e9es catalanes. Descriptif technique Parcours cyclable \u00e0 95%, effectu\u00e9 en VTT sur de [&hellip;]\" \/>\n<meta property=\"og:url\" content=\"https:\/\/centcols.org\/nl\/fr-11-lapradelle-puilaurens-vtt\/\" \/>\n<meta property=\"og:site_name\" content=\"Club des Cent Cols\" \/>\n<meta property=\"article:publisher\" content=\"https:\/\/www.facebook.com\/groups\/5261880558\/?locale=fr_FR\" \/>\n<meta property=\"article:published_time\" content=\"2026-01-16T15:24:17+00:00\" \/>\n<meta property=\"article:modified_time\" content=\"2026-03-10T17:31:54+00:00\" \/>\n<meta property=\"og:image\" content=\"https:\/\/centcols.org\/wp-content\/uploads\/2026\/01\/Chateau-de-Lapradelle-Puillaurens.jpg\" \/>\n\t<meta property=\"og:image:width\" content=\"1200\" \/>\n\t<meta property=\"og:image:height\" content=\"700\" \/>\n\t<meta property=\"og:image:type\" content=\"image\/jpeg\" \/>\n<meta name=\"author\" content=\"Ren\u00e9 Mercier\" \/>\n<meta name=\"twitter:card\" content=\"summary_large_image\" \/>\n<meta name=\"twitter:label1\" content=\"Geschreven door\" \/>\n\t<meta name=\"twitter:data1\" content=\"Ren\u00e9 Mercier\" \/>\n\t<meta name=\"twitter:label2\" content=\"Geschatte leestijd\" \/>\n\t<meta name=\"twitter:data2\" content=\"3 minuten\" \/>\n<script type=\"application\/ld+json\" class=\"yoast-schema-graph\">{\"@context\":\"https:\/\/schema.org\",\"@graph\":[{\"@type\":\"Article\",\"@id\":\"https:\/\/centcols.org\/de\/de-11-lapradelle-puilaurens-vtt\/#article\",\"isPartOf\":{\"@id\":\"https:\/\/centcols.org\/de\/de-11-lapradelle-puilaurens-vtt\/\"},\"author\":{\"name\":\"Ren\u00e9 Mercier\",\"@id\":\"https:\/\/centcols.org\/#\/schema\/person\/0cc8f723679c98f3fb7798df5a50c018\"},\"headline\":\"FR-11 Lapradelle Puilaurens &#8211; VTT 54 km, D+ 1500 m, 13 cols\",\"datePublished\":\"2026-01-16T15:24:17+00:00\",\"dateModified\":\"2026-03-10T17:31:54+00:00\",\"mainEntityOfPage\":{\"@id\":\"https:\/\/centcols.org\/de\/de-11-lapradelle-puilaurens-vtt\/\"},\"wordCount\":286,\"commentCount\":0,\"publisher\":{\"@id\":\"https:\/\/centcols.org\/#organization\"},\"image\":{\"@id\":\"https:\/\/centcols.org\/de\/de-11-lapradelle-puilaurens-vtt\/#primaryimage\"},\"thumbnailUrl\":\"https:\/\/centcols.org\/wp-content\/uploads\/2026\/01\/Chateau-de-Lapradelle-Puillaurens.jpg\",\"articleSection\":[\"Parcours France\",\"VTT\",\"11-Aude\",\"Occitanie\",\"Parcours membres\"],\"inLanguage\":\"nl-BE\",\"potentialAction\":[{\"@type\":\"CommentAction\",\"name\":\"Comment\",\"target\":[\"https:\/\/centcols.org\/de\/de-11-lapradelle-puilaurens-vtt\/#respond\"]}]},{\"@type\":\"WebPage\",\"@id\":\"https:\/\/centcols.org\/de\/de-11-lapradelle-puilaurens-vtt\/\",\"url\":\"https:\/\/centcols.org\/de\/de-11-lapradelle-puilaurens-vtt\/\",\"name\":\"FR-11 Lapradelle Puilaurens - VTT 54 km, D+ 1500 m, 13 cols - Club des Cent Cols\",\"isPartOf\":{\"@id\":\"https:\/\/centcols.org\/#website\"},\"primaryImageOfPage\":{\"@id\":\"https:\/\/centcols.org\/de\/de-11-lapradelle-puilaurens-vtt\/#primaryimage\"},\"image\":{\"@id\":\"https:\/\/centcols.org\/de\/de-11-lapradelle-puilaurens-vtt\/#primaryimage\"},\"thumbnailUrl\":\"https:\/\/centcols.org\/wp-content\/uploads\/2026\/01\/Chateau-de-Lapradelle-Puillaurens.jpg\",\"datePublished\":\"2026-01-16T15:24:17+00:00\",\"dateModified\":\"2026-03-10T17:31:54+00:00\",\"breadcrumb\":{\"@id\":\"https:\/\/centcols.org\/de\/de-11-lapradelle-puilaurens-vtt\/#breadcrumb\"},\"inLanguage\":\"nl-BE\",\"potentialAction\":[{\"@type\":\"ReadAction\",\"target\":[\"https:\/\/centcols.org\/de\/de-11-lapradelle-puilaurens-vtt\/\"]}]},{\"@type\":\"ImageObject\",\"inLanguage\":\"nl-BE\",\"@id\":\"https:\/\/centcols.org\/de\/de-11-lapradelle-puilaurens-vtt\/#primaryimage\",\"url\":\"https:\/\/centcols.org\/wp-content\/uploads\/2026\/01\/Chateau-de-Lapradelle-Puillaurens.jpg\",\"contentUrl\":\"https:\/\/centcols.org\/wp-content\/uploads\/2026\/01\/Chateau-de-Lapradelle-Puillaurens.jpg\",\"width\":1200,\"height\":700},{\"@type\":\"BreadcrumbList\",\"@id\":\"https:\/\/centcols.org\/de\/de-11-lapradelle-puilaurens-vtt\/#breadcrumb\",\"itemListElement\":[{\"@type\":\"ListItem\",\"position\":1,\"name\":\"Accueil\",\"item\":\"https:\/\/centcols.org\/\"},{\"@type\":\"ListItem\",\"position\":2,\"name\":\"Parcours membres\",\"item\":\"https:\/\/centcols.org\/rubrique\/parcours-membres\/\"},{\"@type\":\"ListItem\",\"position\":3,\"name\":\"Pays\",\"item\":\"https:\/\/centcols.org\/rubrique\/parcours-membres\/pays-parcours-membres\/\"},{\"@type\":\"ListItem\",\"position\":4,\"name\":\"Parcours France\",\"item\":\"https:\/\/centcols.org\/rubrique\/parcours-membres\/pays-parcours-membres\/parcours-france\/\"},{\"@type\":\"ListItem\",\"position\":5,\"name\":\"FR-11 Lapradelle Puilaurens &#8211; VTT 54 km, D+ 1500 m, 13 cols\"}]},{\"@type\":\"WebSite\",\"@id\":\"https:\/\/centcols.org\/#website\",\"url\":\"https:\/\/centcols.org\/\",\"name\":\"Club des Cent Cols\",\"description\":\"\",\"publisher\":{\"@id\":\"https:\/\/centcols.org\/#organization\"},\"potentialAction\":[{\"@type\":\"SearchAction\",\"target\":{\"@type\":\"EntryPoint\",\"urlTemplate\":\"https:\/\/centcols.org\/?s={search_term_string}\"},\"query-input\":{\"@type\":\"PropertyValueSpecification\",\"valueRequired\":true,\"valueName\":\"search_term_string\"}}],\"inLanguage\":\"nl-BE\"},{\"@type\":\"Organization\",\"@id\":\"https:\/\/centcols.org\/#organization\",\"name\":\"Club des Cent Cols\",\"url\":\"https:\/\/centcols.org\/\",\"logo\":{\"@type\":\"ImageObject\",\"inLanguage\":\"nl-BE\",\"@id\":\"https:\/\/centcols.org\/#\/schema\/logo\/image\/\",\"url\":\"https:\/\/centcols.org\/wp-content\/uploads\/2025\/01\/carte-icone.png\",\"contentUrl\":\"https:\/\/centcols.org\/wp-content\/uploads\/2025\/01\/carte-icone.png\",\"width\":250,\"height\":250,\"caption\":\"Club des Cent Cols\"},\"image\":{\"@id\":\"https:\/\/centcols.org\/#\/schema\/logo\/image\/\"},\"sameAs\":[\"https:\/\/www.facebook.com\/groups\/5261880558\/?locale=fr_FR\"]},{\"@type\":\"Person\",\"@id\":\"https:\/\/centcols.org\/#\/schema\/person\/0cc8f723679c98f3fb7798df5a50c018\",\"name\":\"Ren\u00e9 Mercier\",\"image\":{\"@type\":\"ImageObject\",\"inLanguage\":\"nl-BE\",\"@id\":\"https:\/\/centcols.org\/wp-content\/litespeed\/avatar\/c2275eeaf79d4f7456274de381abeeab.jpg?ver=1777347562\",\"url\":\"https:\/\/centcols.org\/wp-content\/litespeed\/avatar\/c2275eeaf79d4f7456274de381abeeab.jpg?ver=1777347562\",\"contentUrl\":\"https:\/\/centcols.org\/wp-content\/litespeed\/avatar\/c2275eeaf79d4f7456274de381abeeab.jpg?ver=1777347562\",\"caption\":\"Ren\u00e9 Mercier\"},\"url\":\"https:\/\/centcols.org\/nl\/author\/7552\/\"}]}<\/script>\n<!-- \/ Yoast SEO plugin. -->","yoast_head_json":{"title":"FR-11 Lapradelle Puilaurens - MTB 54 km, D+ 1500 m, 13 passen - Club des Cent Cols","robots":{"index":"index","follow":"follow","max-snippet":"max-snippet:-1","max-image-preview":"max-image-preview:large","max-video-preview":"max-video-preview:-1"},"canonical":"https:\/\/centcols.org\/nl\/fr-11-lapradelle-puilaurens-vtt\/","og_locale":"nl_BE","og_type":"article","og_title":"FR-11 Lapradelle Puilaurens - VTT 54 km, D+ 1500 m, 13 cols - Club des Cent Cols","og_description":"Description de l\u2019auteur Auteurs&nbsp;: Patrick Mandard et Philippe ChazottierParcours&nbsp;: effectu\u00e9 le 4 avril 2025D\u00e9part&nbsp;: village de Lapradelle Puilaurens, parking en bordure de la D117, c\u00f4t\u00e9 ouest, face au cimeti\u00e8re. Descriptif touristique Belle vue sur le ch\u00e2teau cathare de Puilaurens, et sur les Pyr\u00e9n\u00e9es catalanes. Descriptif technique Parcours cyclable \u00e0 95%, effectu\u00e9 en VTT sur de [&hellip;]","og_url":"https:\/\/centcols.org\/nl\/fr-11-lapradelle-puilaurens-vtt\/","og_site_name":"Club des Cent Cols","article_publisher":"https:\/\/www.facebook.com\/groups\/5261880558\/?locale=fr_FR","article_published_time":"2026-01-16T15:24:17+00:00","article_modified_time":"2026-03-10T17:31:54+00:00","og_image":[{"width":1200,"height":700,"url":"https:\/\/centcols.org\/wp-content\/uploads\/2026\/01\/Chateau-de-Lapradelle-Puillaurens.jpg","type":"image\/jpeg"}],"author":"Ren\u00e9 Mercier","twitter_card":"summary_large_image","twitter_misc":{"Geschreven door":"Ren\u00e9 Mercier","Geschatte leestijd":"3 minuten"},"schema":{"@context":"https:\/\/schema.org","@graph":[{"@type":"Article","@id":"https:\/\/centcols.org\/de\/de-11-lapradelle-puilaurens-vtt\/#article","isPartOf":{"@id":"https:\/\/centcols.org\/de\/de-11-lapradelle-puilaurens-vtt\/"},"author":{"name":"Ren\u00e9 Mercier","@id":"https:\/\/centcols.org\/#\/schema\/person\/0cc8f723679c98f3fb7798df5a50c018"},"headline":"FR-11 Lapradelle Puilaurens &#8211; VTT 54 km, D+ 1500 m, 13 cols","datePublished":"2026-01-16T15:24:17+00:00","dateModified":"2026-03-10T17:31:54+00:00","mainEntityOfPage":{"@id":"https:\/\/centcols.org\/de\/de-11-lapradelle-puilaurens-vtt\/"},"wordCount":286,"commentCount":0,"publisher":{"@id":"https:\/\/centcols.org\/#organization"},"image":{"@id":"https:\/\/centcols.org\/de\/de-11-lapradelle-puilaurens-vtt\/#primaryimage"},"thumbnailUrl":"https:\/\/centcols.org\/wp-content\/uploads\/2026\/01\/Chateau-de-Lapradelle-Puillaurens.jpg","articleSection":["Parcours France","VTT","11-Aude","Occitanie","Parcours membres"],"inLanguage":"nl-BE","potentialAction":[{"@type":"CommentAction","name":"Comment","target":["https:\/\/centcols.org\/de\/de-11-lapradelle-puilaurens-vtt\/#respond"]}]},{"@type":"WebPage","@id":"https:\/\/centcols.org\/de\/de-11-lapradelle-puilaurens-vtt\/","url":"https:\/\/centcols.org\/de\/de-11-lapradelle-puilaurens-vtt\/","name":"FR-11 Lapradelle Puilaurens - MTB 54 km, D+ 1500 m, 13 passen - Club des Cent Cols","isPartOf":{"@id":"https:\/\/centcols.org\/#website"},"primaryImageOfPage":{"@id":"https:\/\/centcols.org\/de\/de-11-lapradelle-puilaurens-vtt\/#primaryimage"},"image":{"@id":"https:\/\/centcols.org\/de\/de-11-lapradelle-puilaurens-vtt\/#primaryimage"},"thumbnailUrl":"https:\/\/centcols.org\/wp-content\/uploads\/2026\/01\/Chateau-de-Lapradelle-Puillaurens.jpg","datePublished":"2026-01-16T15:24:17+00:00","dateModified":"2026-03-10T17:31:54+00:00","breadcrumb":{"@id":"https:\/\/centcols.org\/de\/de-11-lapradelle-puilaurens-vtt\/#breadcrumb"},"inLanguage":"nl-BE","potentialAction":[{"@type":"ReadAction","target":["https:\/\/centcols.org\/de\/de-11-lapradelle-puilaurens-vtt\/"]}]},{"@type":"ImageObject","inLanguage":"nl-BE","@id":"https:\/\/centcols.org\/de\/de-11-lapradelle-puilaurens-vtt\/#primaryimage","url":"https:\/\/centcols.org\/wp-content\/uploads\/2026\/01\/Chateau-de-Lapradelle-Puillaurens.jpg","contentUrl":"https:\/\/centcols.org\/wp-content\/uploads\/2026\/01\/Chateau-de-Lapradelle-Puillaurens.jpg","width":1200,"height":700},{"@type":"BreadcrumbList","@id":"https:\/\/centcols.org\/de\/de-11-lapradelle-puilaurens-vtt\/#breadcrumb","itemListElement":[{"@type":"ListItem","position":1,"name":"Accueil","item":"https:\/\/centcols.org\/"},{"@type":"ListItem","position":2,"name":"Parcours membres","item":"https:\/\/centcols.org\/rubrique\/parcours-membres\/"},{"@type":"ListItem","position":3,"name":"Pays","item":"https:\/\/centcols.org\/rubrique\/parcours-membres\/pays-parcours-membres\/"},{"@type":"ListItem","position":4,"name":"Parcours France","item":"https:\/\/centcols.org\/rubrique\/parcours-membres\/pays-parcours-membres\/parcours-france\/"},{"@type":"ListItem","position":5,"name":"FR-11 Lapradelle Puilaurens &#8211; VTT 54 km, D+ 1500 m, 13 cols"}]},{"@type":"WebSite","@id":"https:\/\/centcols.org\/#website","url":"https:\/\/centcols.org\/","name":"Club van Cent Cols","description":"","publisher":{"@id":"https:\/\/centcols.org\/#organization"},"potentialAction":[{"@type":"SearchAction","target":{"@type":"EntryPoint","urlTemplate":"https:\/\/centcols.org\/?s={search_term_string}"},"query-input":{"@type":"PropertyValueSpecification","valueRequired":true,"valueName":"search_term_string"}}],"inLanguage":"nl-BE"},{"@type":"Organization","@id":"https:\/\/centcols.org\/#organization","name":"Club van Cent Cols","url":"https:\/\/centcols.org\/","logo":{"@type":"ImageObject","inLanguage":"nl-BE","@id":"https:\/\/centcols.org\/#\/schema\/logo\/image\/","url":"https:\/\/centcols.org\/wp-content\/uploads\/2025\/01\/carte-icone.png","contentUrl":"https:\/\/centcols.org\/wp-content\/uploads\/2025\/01\/carte-icone.png","width":250,"height":250,"caption":"Club des Cent Cols"},"image":{"@id":"https:\/\/centcols.org\/#\/schema\/logo\/image\/"},"sameAs":["https:\/\/www.facebook.com\/groups\/5261880558\/?locale=fr_FR"]},{"@type":"Person","@id":"https:\/\/centcols.org\/#\/schema\/person\/0cc8f723679c98f3fb7798df5a50c018","name":"Ren\u00e9 Mercier","image":{"@type":"ImageObject","inLanguage":"nl-BE","@id":"https:\/\/centcols.org\/wp-content\/litespeed\/avatar\/c2275eeaf79d4f7456274de381abeeab.jpg?ver=1777347562","url":"https:\/\/centcols.org\/wp-content\/litespeed\/avatar\/c2275eeaf79d4f7456274de381abeeab.jpg?ver=1777347562","contentUrl":"https:\/\/centcols.org\/wp-content\/litespeed\/avatar\/c2275eeaf79d4f7456274de381abeeab.jpg?ver=1777347562","caption":"Ren\u00e9 Mercier"},"url":"https:\/\/centcols.org\/nl\/author\/7552\/"}]}},"_links":{"self":[{"href":"https:\/\/centcols.org\/nl\/wp-json\/wp\/v2\/posts\/92627","targetHints":{"allow":["GET"]}}],"collection":[{"href":"https:\/\/centcols.org\/nl\/wp-json\/wp\/v2\/posts"}],"about":[{"href":"https:\/\/centcols.org\/nl\/wp-json\/wp\/v2\/types\/post"}],"author":[{"embeddable":true,"href":"https:\/\/centcols.org\/nl\/wp-json\/wp\/v2\/users\/1726"}],"replies":[{"embeddable":true,"href":"https:\/\/centcols.org\/nl\/wp-json\/wp\/v2\/comments?post=92627"}],"version-history":[{"count":0,"href":"https:\/\/centcols.org\/nl\/wp-json\/wp\/v2\/posts\/92627\/revisions"}],"wp:featuredmedia":[{"embeddable":true,"href":"https:\/\/centcols.org\/nl\/wp-json\/wp\/v2\/media\/92643"}],"wp:attachment":[{"href":"https:\/\/centcols.org\/nl\/wp-json\/wp\/v2\/media?parent=92627"}],"wp:term":[{"taxonomy":"category","embeddable":true,"href":"https:\/\/centcols.org\/nl\/wp-json\/wp\/v2\/categories?post=92627"},{"taxonomy":"post_tag","embeddable":true,"href":"https:\/\/centcols.org\/nl\/wp-json\/wp\/v2\/tags?post=92627"}],"curies":[{"name":"wp","href":"https:\/\/api.w.org\/{rel}","templated":true}]}}