{"id":92842,"date":"2026-02-04T22:59:22","date_gmt":"2026-02-04T20:59:22","guid":{"rendered":"https:\/\/centcols.org\/?p=92842"},"modified":"2026-02-06T20:16:21","modified_gmt":"2026-02-06T18:16:21","slug":"55-passen-op-de-wegen-van-de-haut-languedoc","status":"publish","type":"post","link":"https:\/\/centcols.org\/nl\/55-cols-sur-les-routes-du-haut-languedoc\/","title":{"rendered":"55 passen op de wegen van de Haut-Languedoc"},"content":{"rendered":"<p>Pierre Gasc* biedt ons een schitterende rit in de Haut-Languedoc. Er zijn vijfenvijftig passen langs de 300 km lange route, die over zeer rustige wegen voert, ver van de drukte van het gemotoriseerde verkeer. De route kan in twee of meer lussen worden afgelegd om een prachtige streek vol contrasten te ontdekken, van de hoogten van Espinouse en Somail tot de wijnvlakten van Saint-Chinian, via de schatten van Olargues en Saint-Pons-de-Thomi\u00e8res. Drie departementen worden bezocht: H\u00e9rault, Tarn en Aveyron.<\/p>\n\n\n\n<p><em>Noot van de redactie: dit artikel is in 2026 bijgewerkt met nieuwe passen op de route. Van de oorspronkelijke 50 passen bevat de route er nu 55, nog afgezien van de vele nabijgelegen passen die in de routetabel staan vermeld. Je kunt de meeste van deze passen vinden in de vorm van dagtochten in het wandelgedeelte.<\/em><\/p>\n\n\n\n<p>In dit pakket vind je :<br><\/p>\n\n\n\n<ul class=\"wp-block-list\">\n<li>een overzichtskaart met de locatie van de passen en de belangrijkste bezienswaardigheden.<\/li>\n\n\n\n<li>het profiel van de route en de OpenRunner-track.<\/li>\n\n\n\n<li>een samenvattend profiel van het circuit.<\/li>\n\n\n\n<li>Een routetabel: een beschrijving van de route, met in het bijzonder de namen van de passen die worden gepasseerd (evenals die in de directe omgeving, 79 passen in totaal), inclusief de 2 OpenRunner-tracks.<\/li>\n\n\n\n<li>een \u00abtoeristisch\u00bb gedeelte met accommodatie en nuttige adressen (toeristenbureaus). <\/li>\n<\/ul>\n\n\n\n<p>Als je verder wilt gaan dan de bergpassen, vind je hier ook een gids voor een van de specialiteiten van de regio: de \u00abstatue-menhirs\u00bb. Maar dat betekent niet dat je niet kunt genieten van meer aardse kost, zoals de vleeswaren van Lacaune!<\/p>\n\n\n\n<p>Geniet van uw reis<br>Ren\u00e9 POTY<\/p>\n\n\n\n<p>* Pierre GASC: Cent Cols n\u00b01531<br>1 rue des Tambourins<br>34690 FABREGUES<\/p>\n\n\n\n<p>Voormalig manager van Cent Cols Languedoc.<br>Voormalig voorzitter van de Languedoc-Roussillon League.<\/p>\n\n\n\n<p>Vergeet niet om Pierre een ansichtkaart te sturen terwijl je je een weg baant van pas naar pas in de Haut-Languedoc!<br>... en een verslag voor het jaaroverzicht van Cent Cols!<\/p>\n\n\n<div class=\"wp-block-image\">\n<figure class=\"aligncenter size-full is-resized\"><img loading=\"lazy\" decoding=\"async\" width=\"1200\" height=\"1263\" src=\"https:\/\/centcols.org\/wp-content\/uploads\/2026\/01\/carte_du_circuit_HtLanguedoc.jpeg\" alt=\"\" class=\"wp-image-92878\" style=\"width:850px\" srcset=\"https:\/\/centcols.org\/wp-content\/uploads\/2026\/01\/carte_du_circuit_HtLanguedoc.jpeg 1200w, https:\/\/centcols.org\/wp-content\/uploads\/2026\/01\/carte_du_circuit_HtLanguedoc-1140x1200.jpeg 1140w, https:\/\/centcols.org\/wp-content\/uploads\/2026\/01\/carte_du_circuit_HtLanguedoc-768x808.jpeg 768w, https:\/\/centcols.org\/wp-content\/uploads\/2026\/01\/carte_du_circuit_HtLanguedoc-11x12.jpeg 11w\" sizes=\"auto, (max-width: 1200px) 100vw, 1200px\" \/><figcaption class=\"wp-element-caption\">Kaart van het oorspronkelijke circuit<\/figcaption><\/figure>\n<\/div>\n\n\n<p><\/p>\n\n\n\n<iframe width=\"100%\" height=\"650\" loading=\"lazy\" src=\"https:\/\/www.openrunner.com\/embed.html?code=32696c765475567957414e4f4e5952395971574378796f4e514e4678425144655037386d326d2f335273453d3a3a6d08c678953e2178cf04b3556cb3a878&#038;lang=fr&#038;unit=metric\" style=\"border: none;\"><\/iframe>\n\n\n\n<div class=\"wp-block-group\"><div class=\"wp-block-group__inner-container is-layout-constrained wp-block-group-is-layout-constrained\">\n<div class=\"wp-block-columns is-layout-flex wp-container-core-columns-is-layout-9d6595d7 wp-block-columns-is-layout-flex\">\n<div class=\"wp-block-column is-layout-flow wp-block-column-is-layout-flow\" style=\"flex-basis:100%\">\n<div class=\"wp-block-buttons is-content-justification-center is-layout-flex wp-container-core-buttons-is-layout-16018d1d wp-block-buttons-is-layout-flex\">\n<div class=\"wp-block-button\"><a class=\"wp-block-button__link has-black-color has-cyan-bluish-gray-background-color has-text-color has-background has-link-color wp-element-button\" href=\"https:\/\/centcols.org\/wp-content\/uploads\/2026\/01\/profil_HtLanguedoc.jpeg\" target=\"_blank\" rel=\"noreferrer noopener\"><strong><em>Circuitprofiel<\/em><\/strong><\/a><\/div>\n\n\n\n<div class=\"wp-block-button\"><a class=\"wp-block-button__link has-black-color has-cyan-bluish-gray-background-color has-text-color has-background has-link-color wp-element-button\" href=\"https:\/\/centcols.org\/wp-content\/uploads\/2026\/02\/tableau_parcours_55cols_HtLanguedoc.xlsx\"><strong><em>Printplaat<\/em><\/strong><\/a><\/div>\n\n\n\n<div class=\"wp-block-button\"><a class=\"wp-block-button__link has-black-color has-cyan-bluish-gray-background-color has-text-color has-background has-link-color wp-element-button\" href=\"https:\/\/centcols.org\/wp-content\/uploads\/2026\/02\/De-cols-en-menhirs.pdf\" target=\"_blank\" rel=\"noreferrer noopener\"><strong><em>Van bergpassen tot menhirs<\/em><\/strong><\/a><\/div>\n<\/div>\n<\/div>\n<\/div>\n<\/div><\/div>\n\n\n\n<p><\/p>\n\n\n\n<figure class=\"wp-block-gallery has-nested-images columns-default is-cropped wp-block-gallery-1 is-layout-flex wp-block-gallery-is-layout-flex\">\n<figure class=\"wp-block-image size-large\"><a href=\"https:\/\/centcols.org\/wp-content\/uploads\/2026\/01\/col_du_poirier.jpg\"><img loading=\"lazy\" decoding=\"async\" width=\"400\" height=\"609\" data-id=\"92857\" src=\"https:\/\/centcols.org\/wp-content\/uploads\/2026\/01\/col_du_poirier.jpg\" alt=\"\" class=\"wp-image-92857\" srcset=\"https:\/\/centcols.org\/wp-content\/uploads\/2026\/01\/col_du_poirier.jpg 400w, https:\/\/centcols.org\/wp-content\/uploads\/2026\/01\/col_du_poirier-8x12.jpg 8w\" sizes=\"auto, (max-width: 400px) 100vw, 400px\" \/><\/a><figcaption class=\"wp-element-caption\">Col du Poirier<\/figcaption><\/figure>\n\n\n\n<figure class=\"wp-block-image size-large\"><a href=\"https:\/\/centcols.org\/wp-content\/uploads\/2026\/01\/roc_dorques-croix_de_mounis.jpg\"><img loading=\"lazy\" decoding=\"async\" width=\"750\" height=\"497\" data-id=\"92860\" src=\"https:\/\/centcols.org\/wp-content\/uploads\/2026\/01\/roc_dorques-croix_de_mounis.jpg\" alt=\"\" class=\"wp-image-92860\" srcset=\"https:\/\/centcols.org\/wp-content\/uploads\/2026\/01\/roc_dorques-croix_de_mounis.jpg 750w, https:\/\/centcols.org\/wp-content\/uploads\/2026\/01\/roc_dorques-croix_de_mounis-18x12.jpg 18w\" sizes=\"auto, (max-width: 750px) 100vw, 750px\" \/><\/a><figcaption class=\"wp-element-caption\">Roc d'Orques - Croix de Mounis<\/figcaption><\/figure>\n\n\n\n<figure class=\"wp-block-image size-large\"><a href=\"https:\/\/centcols.org\/wp-content\/uploads\/2026\/01\/lac_de_vezoles.jpg\"><img loading=\"lazy\" decoding=\"async\" width=\"400\" height=\"621\" data-id=\"92861\" src=\"https:\/\/centcols.org\/wp-content\/uploads\/2026\/01\/lac_de_vezoles.jpg\" alt=\"\" class=\"wp-image-92861\" srcset=\"https:\/\/centcols.org\/wp-content\/uploads\/2026\/01\/lac_de_vezoles.jpg 400w, https:\/\/centcols.org\/wp-content\/uploads\/2026\/01\/lac_de_vezoles-8x12.jpg 8w\" sizes=\"auto, (max-width: 400px) 100vw, 400px\" \/><\/a><figcaption class=\"wp-element-caption\">Meer van Vezoles<\/figcaption><\/figure>\n\n\n\n<figure class=\"wp-block-image size-large\"><a href=\"https:\/\/centcols.org\/wp-content\/uploads\/2026\/01\/col_de_bouissou.jpg\"><img loading=\"lazy\" decoding=\"async\" width=\"650\" height=\"487\" data-id=\"92859\" src=\"https:\/\/centcols.org\/wp-content\/uploads\/2026\/01\/col_de_bouissou.jpg\" alt=\"\" class=\"wp-image-92859\" srcset=\"https:\/\/centcols.org\/wp-content\/uploads\/2026\/01\/col_de_bouissou.jpg 650w, https:\/\/centcols.org\/wp-content\/uploads\/2026\/01\/col_de_bouissou-16x12.jpg 16w\" sizes=\"auto, (max-width: 650px) 100vw, 650px\" \/><\/a><figcaption class=\"wp-element-caption\">Bouissou pas<\/figcaption><\/figure>\n<\/figure>\n\n\n\n<h2 class=\"wp-block-heading\">Toerisme en accommodatie<\/h2>\n\n\n\n<p><strong>Olargues<\/strong><br>Middeleeuws stadje, een van de mooiste dorpen van Frankrijk. Hotel, restaurants, camping,<br><a href=\"https:\/\/www.minervois-caroux.com\/village\/olargues\" target=\"_blank\" rel=\"noreferrer noopener\">toeristenbureau<\/a> Place Alexandre Laissac, 34390 Olargues, Frankrijk<\/p>\n\n\n\n<p><strong>Saint-Gervais-sur-Mare<\/strong><br>Hotel-restaurant<\/p>\n\n\n\n<p><strong>Murat-sur-V\u00e8bre<\/strong><br>G\u00eetes, camping, <a href=\"https:\/\/www.tourisme-tarn.com\/patrimoine-culturel\/murat-sur-vebre\/\" target=\"_blank\" rel=\"noreferrer noopener\">museum van megalieten<\/a>,<br><a href=\"https:\/\/www.tourisme-tarn.com\/commerceservice\/bureau-dinformation-touristique-de-murat-sur-vebre\/\" target=\"_blank\" rel=\"noreferrer noopener\">VVV-kantoor<\/a> 10 rue de la salle des f\u00eates, 81320 Murat-sur-V\u00e8bre<\/p>\n\n\n\n<p><strong>Lacaune-les-Bains<\/strong> (meestal Lacaune)<br>BCN-BPF Tarn, IGP vleeswaren, hotels, restaurants, campings,<br><a href=\"https:\/\/www.tourisme-tarn.com\/commerceservice\/bureau-dinformation-touristique-de-lacaune-les-bains\/\" target=\"_blank\" rel=\"noreferrer noopener\">VVV-kantoor<\/a> 6 rue de la Balme, 81230 Lacaune, Frankrijk<\/p>\n\n\n\n<p><strong>La Salvetat-sur-Agout<\/strong><br>Camping, g\u00eetes, hotel-restaurant. In de buurt loopt de Tolosane-route naar Santiago de Compostela. Informatie <a href=\"https:\/\/www.herault-tourisme.com\/fr\/decouvrir\/villes-et-villages-dans-lherault\/la-salvetat-sur-agout\/\" target=\"_blank\" rel=\"noreferrer noopener\">toerist<\/a>. Kantoor van\u2019<a href=\"https:\/\/www.destinationhautlanguedoc.fr\/\" target=\"_blank\" rel=\"noreferrer noopener\">toeristische informatie<\/a> rue des consuls, 34330 La Salvetat-sur-Agout.<\/p>\n\n\n\n<p><strong>Fra\u00efsse-sur-Agout<\/strong><br>BCN BPF. Hotels, restaurants en campings in de buurt,<br>kantoor\u2019<a href=\"https:\/\/www.herault-tourisme.com\/fr\/fiche\/patrimoine-culturel\/fraisse-sur-agout-fraisse-sur-agout_TFOPCULAR034V52I3T2\/\" target=\"_blank\" rel=\"noreferrer noopener\">toeristische informatie<\/a> 6 all\u00e9e des cerisiers, 34330 Fra\u00efsse-sur-Agout<\/p>\n\n\n\n<p><strong>Courniou<\/strong><br><a href=\"https:\/\/lafileusedeverre.fr\/\" target=\"_blank\" rel=\"noreferrer noopener\">Grot de la Fileuse de Verre<\/a> la D\u00e9v\u00e8ze (speleologiemuseum) en sentier des Capitelles.<\/p>\n\n\n\n<p><strong>Saint-Pons-de-Thomi\u00e8res<\/strong><br>Hotels, restaurants. Museum van de prehistorie. Kathedraal van Saint-Pons-de Cimiez. <a href=\"https:\/\/www.minervois-caroux.com\/village\/saint-pons-de-thomieres\" target=\"_blank\" rel=\"noreferrer noopener\">Toerisme<\/a> in de stad van marmer.<br>Huis van <a href=\"https:\/\/www.parc-haut-languedoc.fr\/\" target=\"_blank\" rel=\"noreferrer noopener\">Regionaal Natuurpark Haut-Languedoc<\/a> 2 Grand rue - BP 9, 34220 Saint-Pons-de-Thomi\u00e8res<\/p>\n\n\n\n<p><strong>Saint-Chinian<\/strong><br>Hotels, restaurants. Toeristenbureau: 8 all\u00e9e Gaubert. 34360 Saint-Chinian.<br>Toerisme <a href=\"https:\/\/www.tourismecanaldumidi.fr\/\" target=\"_blank\" rel=\"noreferrer noopener\">Canal du Midi<\/a><\/p>\n\n\n\n<p><strong>Berlou<\/strong><br><a href=\"https:\/\/www.minervois-caroux.com\/village\/berlou\" target=\"_blank\" rel=\"noreferrer noopener\">Geschiedenis, erfgoed en wijnkelder<\/a>.<\/p>\n\n\n\n<p><strong>Tarassac<\/strong><br>Hotel, restaurant, camping in Mons la Trivalle.<\/p>","protected":false},"excerpt":{"rendered":"<p>Pierre Gasc* nous propose une superbe balade dans la r\u00e9gion du Haut-Languedoc. Cinquante-cinq cols agr\u00e9mentent le circuit d&rsquo;environ 300km se d\u00e9roulant sur des routes tr\u00e8s tranquilles, loin de l&rsquo;agitation motoris\u00e9e. Le circuit peut \u00eatre effectu\u00e9 en deux boucles (ou plus) pour d\u00e9couvrir une r\u00e9gion magnifique, tr\u00e8s contrast\u00e9e depuis les hauteurs de l&rsquo;Espinouse et du Somail [&hellip;]<\/p>\n","protected":false},"author":1726,"featured_media":92860,"comment_status":"closed","ping_status":"closed","sticky":false,"template":"","format":"standard","meta":{"_acf_changed":false,"footnotes":""},"categories":[308],"tags":[],"class_list":["post-92842","post","type-post","status-publish","format-standard","has-post-thumbnail","hentry","category-cols-en-vrac"],"acf":[],"yoast_head":"<!-- This site is optimized with the Yoast SEO plugin v27.2 - https:\/\/yoast.com\/product\/yoast-seo-wordpress\/ -->\n<title>55 cols sur les routes du Haut-Languedoc - Club des Cent Cols<\/title>\n<meta name=\"robots\" content=\"index, follow, max-snippet:-1, max-image-preview:large, max-video-preview:-1\" \/>\n<link rel=\"canonical\" href=\"https:\/\/centcols.org\/nl\/55-passen-op-de-wegen-van-de-haut-languedoc\/\" \/>\n<meta property=\"og:locale\" content=\"nl_BE\" \/>\n<meta property=\"og:type\" content=\"article\" \/>\n<meta property=\"og:title\" content=\"55 cols sur les routes du Haut-Languedoc - Club des Cent Cols\" \/>\n<meta property=\"og:description\" content=\"Pierre Gasc* nous propose une superbe balade dans la r\u00e9gion du Haut-Languedoc. Cinquante-cinq cols agr\u00e9mentent le circuit d&rsquo;environ 300km se d\u00e9roulant sur des routes tr\u00e8s tranquilles, loin de l&rsquo;agitation motoris\u00e9e. Le circuit peut \u00eatre effectu\u00e9 en deux boucles (ou plus) pour d\u00e9couvrir une r\u00e9gion magnifique, tr\u00e8s contrast\u00e9e depuis les hauteurs de l&rsquo;Espinouse et du Somail [&hellip;]\" \/>\n<meta property=\"og:url\" content=\"https:\/\/centcols.org\/nl\/55-passen-op-de-wegen-van-de-haut-languedoc\/\" \/>\n<meta property=\"og:site_name\" content=\"Club des Cent Cols\" \/>\n<meta property=\"article:publisher\" content=\"https:\/\/www.facebook.com\/groups\/5261880558\/?locale=fr_FR\" \/>\n<meta property=\"article:published_time\" content=\"2026-02-04T20:59:22+00:00\" \/>\n<meta property=\"article:modified_time\" content=\"2026-02-06T18:16:21+00:00\" \/>\n<meta property=\"og:image\" content=\"https:\/\/centcols.org\/wp-content\/uploads\/2026\/01\/roc_dorques-croix_de_mounis.jpg\" \/>\n\t<meta property=\"og:image:width\" content=\"750\" \/>\n\t<meta property=\"og:image:height\" content=\"497\" \/>\n\t<meta property=\"og:image:type\" content=\"image\/jpeg\" \/>\n<meta name=\"author\" content=\"Ren\u00e9 Mercier\" \/>\n<meta name=\"twitter:card\" content=\"summary_large_image\" \/>\n<meta name=\"twitter:label1\" content=\"Geschreven door\" \/>\n\t<meta name=\"twitter:data1\" content=\"Ren\u00e9 Mercier\" \/>\n\t<meta name=\"twitter:label2\" content=\"Geschatte leestijd\" \/>\n\t<meta name=\"twitter:data2\" content=\"4 minuten\" \/>\n<script type=\"application\/ld+json\" class=\"yoast-schema-graph\">{\"@context\":\"https:\/\/schema.org\",\"@graph\":[{\"@type\":\"Article\",\"@id\":\"https:\/\/centcols.org\/nl\/55-cols-sur-les-routes-du-haut-languedoc\/#article\",\"isPartOf\":{\"@id\":\"https:\/\/centcols.org\/nl\/55-cols-sur-les-routes-du-haut-languedoc\/\"},\"author\":{\"name\":\"Ren\u00e9 Mercier\",\"@id\":\"https:\/\/centcols.org\/#\/schema\/person\/0cc8f723679c98f3fb7798df5a50c018\"},\"headline\":\"55 cols sur les routes du Haut-Languedoc\",\"datePublished\":\"2026-02-04T20:59:22+00:00\",\"dateModified\":\"2026-02-06T18:16:21+00:00\",\"mainEntityOfPage\":{\"@id\":\"https:\/\/centcols.org\/nl\/55-cols-sur-les-routes-du-haut-languedoc\/\"},\"wordCount\":574,\"publisher\":{\"@id\":\"https:\/\/centcols.org\/#organization\"},\"image\":{\"@id\":\"https:\/\/centcols.org\/nl\/55-cols-sur-les-routes-du-haut-languedoc\/#primaryimage\"},\"thumbnailUrl\":\"https:\/\/centcols.org\/wp-content\/uploads\/2026\/01\/roc_dorques-croix_de_mounis.jpg\",\"articleSection\":[\"Cols en vrac\"],\"inLanguage\":\"nl-BE\"},{\"@type\":\"WebPage\",\"@id\":\"https:\/\/centcols.org\/nl\/55-cols-sur-les-routes-du-haut-languedoc\/\",\"url\":\"https:\/\/centcols.org\/nl\/55-cols-sur-les-routes-du-haut-languedoc\/\",\"name\":\"55 cols sur les routes du Haut-Languedoc - Club des Cent Cols\",\"isPartOf\":{\"@id\":\"https:\/\/centcols.org\/#website\"},\"primaryImageOfPage\":{\"@id\":\"https:\/\/centcols.org\/nl\/55-cols-sur-les-routes-du-haut-languedoc\/#primaryimage\"},\"image\":{\"@id\":\"https:\/\/centcols.org\/nl\/55-cols-sur-les-routes-du-haut-languedoc\/#primaryimage\"},\"thumbnailUrl\":\"https:\/\/centcols.org\/wp-content\/uploads\/2026\/01\/roc_dorques-croix_de_mounis.jpg\",\"datePublished\":\"2026-02-04T20:59:22+00:00\",\"dateModified\":\"2026-02-06T18:16:21+00:00\",\"breadcrumb\":{\"@id\":\"https:\/\/centcols.org\/nl\/55-cols-sur-les-routes-du-haut-languedoc\/#breadcrumb\"},\"inLanguage\":\"nl-BE\",\"potentialAction\":[{\"@type\":\"ReadAction\",\"target\":[\"https:\/\/centcols.org\/nl\/55-cols-sur-les-routes-du-haut-languedoc\/\"]}]},{\"@type\":\"ImageObject\",\"inLanguage\":\"nl-BE\",\"@id\":\"https:\/\/centcols.org\/nl\/55-cols-sur-les-routes-du-haut-languedoc\/#primaryimage\",\"url\":\"https:\/\/centcols.org\/wp-content\/uploads\/2026\/01\/roc_dorques-croix_de_mounis.jpg\",\"contentUrl\":\"https:\/\/centcols.org\/wp-content\/uploads\/2026\/01\/roc_dorques-croix_de_mounis.jpg\",\"width\":750,\"height\":497},{\"@type\":\"BreadcrumbList\",\"@id\":\"https:\/\/centcols.org\/nl\/55-cols-sur-les-routes-du-haut-languedoc\/#breadcrumb\",\"itemListElement\":[{\"@type\":\"ListItem\",\"position\":1,\"name\":\"Accueil\",\"item\":\"https:\/\/centcols.org\/\"},{\"@type\":\"ListItem\",\"position\":2,\"name\":\"Cols en vrac\",\"item\":\"https:\/\/centcols.org\/rubrique\/cols-en-vrac\/\"},{\"@type\":\"ListItem\",\"position\":3,\"name\":\"55 cols sur les routes du Haut-Languedoc\"}]},{\"@type\":\"WebSite\",\"@id\":\"https:\/\/centcols.org\/#website\",\"url\":\"https:\/\/centcols.org\/\",\"name\":\"Club des Cent Cols\",\"description\":\"\",\"publisher\":{\"@id\":\"https:\/\/centcols.org\/#organization\"},\"potentialAction\":[{\"@type\":\"SearchAction\",\"target\":{\"@type\":\"EntryPoint\",\"urlTemplate\":\"https:\/\/centcols.org\/?s={search_term_string}\"},\"query-input\":{\"@type\":\"PropertyValueSpecification\",\"valueRequired\":true,\"valueName\":\"search_term_string\"}}],\"inLanguage\":\"nl-BE\"},{\"@type\":\"Organization\",\"@id\":\"https:\/\/centcols.org\/#organization\",\"name\":\"Club des Cent Cols\",\"url\":\"https:\/\/centcols.org\/\",\"logo\":{\"@type\":\"ImageObject\",\"inLanguage\":\"nl-BE\",\"@id\":\"https:\/\/centcols.org\/#\/schema\/logo\/image\/\",\"url\":\"https:\/\/centcols.org\/wp-content\/uploads\/2025\/01\/carte-icone.png\",\"contentUrl\":\"https:\/\/centcols.org\/wp-content\/uploads\/2025\/01\/carte-icone.png\",\"width\":250,\"height\":250,\"caption\":\"Club des Cent Cols\"},\"image\":{\"@id\":\"https:\/\/centcols.org\/#\/schema\/logo\/image\/\"},\"sameAs\":[\"https:\/\/www.facebook.com\/groups\/5261880558\/?locale=fr_FR\"]},{\"@type\":\"Person\",\"@id\":\"https:\/\/centcols.org\/#\/schema\/person\/0cc8f723679c98f3fb7798df5a50c018\",\"name\":\"Ren\u00e9 Mercier\",\"image\":{\"@type\":\"ImageObject\",\"inLanguage\":\"nl-BE\",\"@id\":\"https:\/\/centcols.org\/wp-content\/litespeed\/avatar\/c2275eeaf79d4f7456274de381abeeab.jpg?ver=1777347562\",\"url\":\"https:\/\/centcols.org\/wp-content\/litespeed\/avatar\/c2275eeaf79d4f7456274de381abeeab.jpg?ver=1777347562\",\"contentUrl\":\"https:\/\/centcols.org\/wp-content\/litespeed\/avatar\/c2275eeaf79d4f7456274de381abeeab.jpg?ver=1777347562\",\"caption\":\"Ren\u00e9 Mercier\"},\"url\":\"https:\/\/centcols.org\/nl\/author\/7552\/\"}]}<\/script>\n<!-- \/ Yoast SEO plugin. -->","yoast_head_json":{"title":"55 passen op de wegen van de Haut-Languedoc - Club des Cent Cols","robots":{"index":"index","follow":"follow","max-snippet":"max-snippet:-1","max-image-preview":"max-image-preview:large","max-video-preview":"max-video-preview:-1"},"canonical":"https:\/\/centcols.org\/nl\/55-passen-op-de-wegen-van-de-haut-languedoc\/","og_locale":"nl_BE","og_type":"article","og_title":"55 cols sur les routes du Haut-Languedoc - Club des Cent Cols","og_description":"Pierre Gasc* nous propose une superbe balade dans la r\u00e9gion du Haut-Languedoc. Cinquante-cinq cols agr\u00e9mentent le circuit d&rsquo;environ 300km se d\u00e9roulant sur des routes tr\u00e8s tranquilles, loin de l&rsquo;agitation motoris\u00e9e. Le circuit peut \u00eatre effectu\u00e9 en deux boucles (ou plus) pour d\u00e9couvrir une r\u00e9gion magnifique, tr\u00e8s contrast\u00e9e depuis les hauteurs de l&rsquo;Espinouse et du Somail [&hellip;]","og_url":"https:\/\/centcols.org\/nl\/55-passen-op-de-wegen-van-de-haut-languedoc\/","og_site_name":"Club des Cent Cols","article_publisher":"https:\/\/www.facebook.com\/groups\/5261880558\/?locale=fr_FR","article_published_time":"2026-02-04T20:59:22+00:00","article_modified_time":"2026-02-06T18:16:21+00:00","og_image":[{"width":750,"height":497,"url":"https:\/\/centcols.org\/wp-content\/uploads\/2026\/01\/roc_dorques-croix_de_mounis.jpg","type":"image\/jpeg"}],"author":"Ren\u00e9 Mercier","twitter_card":"summary_large_image","twitter_misc":{"Geschreven door":"Ren\u00e9 Mercier","Geschatte leestijd":"4 minuten"},"schema":{"@context":"https:\/\/schema.org","@graph":[{"@type":"Article","@id":"https:\/\/centcols.org\/nl\/55-cols-sur-les-routes-du-haut-languedoc\/#article","isPartOf":{"@id":"https:\/\/centcols.org\/nl\/55-cols-sur-les-routes-du-haut-languedoc\/"},"author":{"name":"Ren\u00e9 Mercier","@id":"https:\/\/centcols.org\/#\/schema\/person\/0cc8f723679c98f3fb7798df5a50c018"},"headline":"55 cols sur les routes du Haut-Languedoc","datePublished":"2026-02-04T20:59:22+00:00","dateModified":"2026-02-06T18:16:21+00:00","mainEntityOfPage":{"@id":"https:\/\/centcols.org\/nl\/55-cols-sur-les-routes-du-haut-languedoc\/"},"wordCount":574,"publisher":{"@id":"https:\/\/centcols.org\/#organization"},"image":{"@id":"https:\/\/centcols.org\/nl\/55-cols-sur-les-routes-du-haut-languedoc\/#primaryimage"},"thumbnailUrl":"https:\/\/centcols.org\/wp-content\/uploads\/2026\/01\/roc_dorques-croix_de_mounis.jpg","articleSection":["Cols en vrac"],"inLanguage":"nl-BE"},{"@type":"WebPage","@id":"https:\/\/centcols.org\/nl\/55-cols-sur-les-routes-du-haut-languedoc\/","url":"https:\/\/centcols.org\/nl\/55-cols-sur-les-routes-du-haut-languedoc\/","name":"55 passen op de wegen van de Haut-Languedoc - Club des Cent Cols","isPartOf":{"@id":"https:\/\/centcols.org\/#website"},"primaryImageOfPage":{"@id":"https:\/\/centcols.org\/nl\/55-cols-sur-les-routes-du-haut-languedoc\/#primaryimage"},"image":{"@id":"https:\/\/centcols.org\/nl\/55-cols-sur-les-routes-du-haut-languedoc\/#primaryimage"},"thumbnailUrl":"https:\/\/centcols.org\/wp-content\/uploads\/2026\/01\/roc_dorques-croix_de_mounis.jpg","datePublished":"2026-02-04T20:59:22+00:00","dateModified":"2026-02-06T18:16:21+00:00","breadcrumb":{"@id":"https:\/\/centcols.org\/nl\/55-cols-sur-les-routes-du-haut-languedoc\/#breadcrumb"},"inLanguage":"nl-BE","potentialAction":[{"@type":"ReadAction","target":["https:\/\/centcols.org\/nl\/55-cols-sur-les-routes-du-haut-languedoc\/"]}]},{"@type":"ImageObject","inLanguage":"nl-BE","@id":"https:\/\/centcols.org\/nl\/55-cols-sur-les-routes-du-haut-languedoc\/#primaryimage","url":"https:\/\/centcols.org\/wp-content\/uploads\/2026\/01\/roc_dorques-croix_de_mounis.jpg","contentUrl":"https:\/\/centcols.org\/wp-content\/uploads\/2026\/01\/roc_dorques-croix_de_mounis.jpg","width":750,"height":497},{"@type":"BreadcrumbList","@id":"https:\/\/centcols.org\/nl\/55-cols-sur-les-routes-du-haut-languedoc\/#breadcrumb","itemListElement":[{"@type":"ListItem","position":1,"name":"Accueil","item":"https:\/\/centcols.org\/"},{"@type":"ListItem","position":2,"name":"Cols en vrac","item":"https:\/\/centcols.org\/rubrique\/cols-en-vrac\/"},{"@type":"ListItem","position":3,"name":"55 cols sur les routes du Haut-Languedoc"}]},{"@type":"WebSite","@id":"https:\/\/centcols.org\/#website","url":"https:\/\/centcols.org\/","name":"Club van Cent Cols","description":"","publisher":{"@id":"https:\/\/centcols.org\/#organization"},"potentialAction":[{"@type":"SearchAction","target":{"@type":"EntryPoint","urlTemplate":"https:\/\/centcols.org\/?s={search_term_string}"},"query-input":{"@type":"PropertyValueSpecification","valueRequired":true,"valueName":"search_term_string"}}],"inLanguage":"nl-BE"},{"@type":"Organization","@id":"https:\/\/centcols.org\/#organization","name":"Club van Cent Cols","url":"https:\/\/centcols.org\/","logo":{"@type":"ImageObject","inLanguage":"nl-BE","@id":"https:\/\/centcols.org\/#\/schema\/logo\/image\/","url":"https:\/\/centcols.org\/wp-content\/uploads\/2025\/01\/carte-icone.png","contentUrl":"https:\/\/centcols.org\/wp-content\/uploads\/2025\/01\/carte-icone.png","width":250,"height":250,"caption":"Club des Cent Cols"},"image":{"@id":"https:\/\/centcols.org\/#\/schema\/logo\/image\/"},"sameAs":["https:\/\/www.facebook.com\/groups\/5261880558\/?locale=fr_FR"]},{"@type":"Person","@id":"https:\/\/centcols.org\/#\/schema\/person\/0cc8f723679c98f3fb7798df5a50c018","name":"Ren\u00e9 Mercier","image":{"@type":"ImageObject","inLanguage":"nl-BE","@id":"https:\/\/centcols.org\/wp-content\/litespeed\/avatar\/c2275eeaf79d4f7456274de381abeeab.jpg?ver=1777347562","url":"https:\/\/centcols.org\/wp-content\/litespeed\/avatar\/c2275eeaf79d4f7456274de381abeeab.jpg?ver=1777347562","contentUrl":"https:\/\/centcols.org\/wp-content\/litespeed\/avatar\/c2275eeaf79d4f7456274de381abeeab.jpg?ver=1777347562","caption":"Ren\u00e9 Mercier"},"url":"https:\/\/centcols.org\/nl\/author\/7552\/"}]}},"_links":{"self":[{"href":"https:\/\/centcols.org\/nl\/wp-json\/wp\/v2\/posts\/92842","targetHints":{"allow":["GET"]}}],"collection":[{"href":"https:\/\/centcols.org\/nl\/wp-json\/wp\/v2\/posts"}],"about":[{"href":"https:\/\/centcols.org\/nl\/wp-json\/wp\/v2\/types\/post"}],"author":[{"embeddable":true,"href":"https:\/\/centcols.org\/nl\/wp-json\/wp\/v2\/users\/1726"}],"replies":[{"embeddable":true,"href":"https:\/\/centcols.org\/nl\/wp-json\/wp\/v2\/comments?post=92842"}],"version-history":[{"count":0,"href":"https:\/\/centcols.org\/nl\/wp-json\/wp\/v2\/posts\/92842\/revisions"}],"wp:featuredmedia":[{"embeddable":true,"href":"https:\/\/centcols.org\/nl\/wp-json\/wp\/v2\/media\/92860"}],"wp:attachment":[{"href":"https:\/\/centcols.org\/nl\/wp-json\/wp\/v2\/media?parent=92842"}],"wp:term":[{"taxonomy":"category","embeddable":true,"href":"https:\/\/centcols.org\/nl\/wp-json\/wp\/v2\/categories?post=92842"},{"taxonomy":"post_tag","embeddable":true,"href":"https:\/\/centcols.org\/nl\/wp-json\/wp\/v2\/tags?post=92842"}],"curies":[{"name":"wp","href":"https:\/\/api.w.org\/{rel}","templated":true}]}}