{"id":92897,"date":"2026-01-27T19:41:11","date_gmt":"2026-01-27T17:41:11","guid":{"rendered":"https:\/\/centcols.org\/?p=92897"},"modified":"2026-02-18T12:21:06","modified_gmt":"2026-02-18T10:21:06","slug":"cols-de-redondet-en-cols-des-champs","status":"publish","type":"post","link":"https:\/\/centcols.org\/nl\/cols-de-redondet-et-cols-des-champs\/","title":{"rendered":"Cols de Redondet en Cols des Champs"},"content":{"rendered":"<p>Vraag: de Chauvot toont kragen met dezelfde naam. Zijn ze \u00e9\u00e9n en dezelfde pas of zijn het twee verschillende passen die kunnen worden opgenomen in onze jaarlijsten?<\/p>\n\n\n\n<p>Voorbeelden:<br>- de passen van Redondet (FR-15-1531 en FR-15-1640)<br>- les cols des Champs (FR-04-2093 en FR-04-2040)<\/p>\n\n\n\n<p>Antwoord:<\/p>\n\n\n\n<p><strong>1) Zijn er \u00e9\u00e9n of twee Redondet-passen?<\/strong><br>Referenties: geen van deze passen heeft een bord met de top (in 2002...).<\/p>\n\n\n\n<p><strong>Wat zegt Michelin?<\/strong><\/p>\n\n\n\n<figure class=\"wp-block-image size-full\"><img loading=\"lazy\" decoding=\"async\" width=\"393\" height=\"243\" src=\"https:\/\/centcols.org\/wp-content\/uploads\/2026\/01\/col-de-redondet_michelin.jpg\" alt=\"\" class=\"wp-image-92899\" srcset=\"https:\/\/centcols.org\/wp-content\/uploads\/2026\/01\/col-de-redondet_michelin.jpg 393w, https:\/\/centcols.org\/wp-content\/uploads\/2026\/01\/col-de-redondet_michelin-18x12.jpg 18w\" sizes=\"auto, (max-width: 393px) 100vw, 393px\" \/><\/figure>\n\n\n\n<p>De Col de Redondet is aangegeven &gt;.&lt; op de weg (D17) op een hoogte van 1531m. Deze pas wordt op de kaart genoemd.<\/p>\n\n\n\n<p><strong>Wat zegt het IGN?<\/strong><\/p>\n\n\n\n<figure class=\"wp-block-image size-full\"><img loading=\"lazy\" decoding=\"async\" width=\"397\" height=\"209\" src=\"https:\/\/centcols.org\/wp-content\/uploads\/2026\/01\/col-de-redondet_ign.jpg\" alt=\"\" class=\"wp-image-92900\" srcset=\"https:\/\/centcols.org\/wp-content\/uploads\/2026\/01\/col-de-redondet_ign.jpg 397w, https:\/\/centcols.org\/wp-content\/uploads\/2026\/01\/col-de-redondet_ign-18x9.jpg 18w\" sizes=\"auto, (max-width: 397px) 100vw, 397px\" \/><\/figure>\n\n\n\n<p>De Col de Redondet is een pas <strong><em>muilezelbestuurder<\/em><\/strong> ligt op een hoogte van 1640 m, hemelsbreed 700 m van de Michelinpas.<\/p>\n\n\n\n<p>- Kunnen we ervan uitgaan dat het dezelfde pas is maar met twee verschillende hoogtes, zoals in het geval van een bergkampas met een tunnel eronder? Ik denk het niet, want de eerste (weg)pas ligt op een oost-westelijke bergkam en verbindt een vallei in het noorden (het keteldal van Falgoux) en een vallei in het zuiden, terwijl de tweede (muilezel)pas bij Redondet op een noord-zuidelijke bergkam ligt en een vallei in het westen en een andere in het oosten verbindt. \u00abGeografisch gezien <strong>TWEE<\/strong> verschillende halsbanden.<\/p>\n\n\n\n<p>- Maar wie heeft er gelijk tussen Michelin en IGN?<br>Ik zou geneigd zijn om de IGN te zeggen... maar als je kijkt naar de vele websites die de Col de Redondet noemen, verwijzen ze ALLEMAAL naar de wegpas. Dit is gebruikelijk geworden en het zou verkeerd worden begrepen als de wegversie van deze pas zou worden verwijderd in de naam van de IGN-kaart.<\/p>\n\n\n\n<p class=\"has-black-color has-text-color has-link-color wp-elements-ac1695946044046a9ae09f889a5a97a2\"><strong>Conclusie<\/strong> Redondet: er zijn nog steeds twee Redondet passen in de Chauvot en leden van de Confr\u00e9rie kunnen twee passen met deze naam opgeven in hun lijsten, omdat er in feite twee verschillende passen zijn.<\/p>\n\n\n\n<p><strong>2) De Col des Champs.<\/strong><\/p>\n\n\n\n<p><strong>Wat zegt Michelin?<\/strong><\/p>\n\n\n\n<figure class=\"wp-block-image size-full\"><img loading=\"lazy\" decoding=\"async\" width=\"336\" height=\"227\" src=\"https:\/\/centcols.org\/wp-content\/uploads\/2026\/01\/col-des-champs_michelin.jpg\" alt=\"\" class=\"wp-image-92901\" srcset=\"https:\/\/centcols.org\/wp-content\/uploads\/2026\/01\/col-des-champs_michelin.jpg 336w, https:\/\/centcols.org\/wp-content\/uploads\/2026\/01\/col-des-champs_michelin-18x12.jpg 18w\" sizes=\"auto, (max-width: 336px) 100vw, 336px\" \/><\/figure>\n\n\n\n<p>De Col des Champs wordt perfect gesymboliseerd BUITEN de weg, op een pad verder naar het noorden.<\/p>\n\n\n\n<p><strong>Wat zegt het IGN?<\/strong><\/p>\n\n\n\n<figure class=\"wp-block-image size-full\"><img loading=\"lazy\" decoding=\"async\" width=\"411\" height=\"430\" src=\"https:\/\/centcols.org\/wp-content\/uploads\/2026\/01\/col-des-champs_ign.jpg\" alt=\"\" class=\"wp-image-92902\" srcset=\"https:\/\/centcols.org\/wp-content\/uploads\/2026\/01\/col-des-champs_ign.jpg 411w, https:\/\/centcols.org\/wp-content\/uploads\/2026\/01\/col-des-champs_ign-11x12.jpg 11w\" sizes=\"auto, (max-width: 411px) 100vw, 411px\" \/><\/figure>\n\n\n\n<p>De Col des Champs staat duidelijk aangegeven op 2045m, op een pad onder de weg. Er zijn geen passen aangegeven op deze weg.<\/p>\n\n\n\n<p>Waarom is er dan een \u00abweg\u00bb Col des Champs (FR-04-2093)? Simpelweg omdat een DDE-bord het aangeeft op de weg bij het \u00abP\u00bb-punt op de kaart hierboven.<\/p>\n\n\n\n<figure class=\"wp-block-image size-full\"><img loading=\"lazy\" decoding=\"async\" width=\"604\" height=\"174\" src=\"https:\/\/centcols.org\/wp-content\/uploads\/2026\/01\/cols-des-champs_elargi.jpg\" alt=\"\" class=\"wp-image-92903\" srcset=\"https:\/\/centcols.org\/wp-content\/uploads\/2026\/01\/cols-des-champs_elargi.jpg 604w, https:\/\/centcols.org\/wp-content\/uploads\/2026\/01\/cols-des-champs_elargi-18x5.jpg 18w\" sizes=\"auto, (max-width: 604px) 100vw, 604px\" \/><figcaption class=\"wp-element-caption\">Wegpas (bord). Naar rechts, Col des Champs \u00abg\u00e9ographique\u00bb IGN 2045m<\/figcaption><\/figure>\n\n\n\n<figure class=\"wp-block-image size-full\"><img loading=\"lazy\" decoding=\"async\" width=\"320\" height=\"240\" src=\"https:\/\/centcols.org\/wp-content\/uploads\/2026\/01\/cols-des-champs_annotations.jpg\" alt=\"\" class=\"wp-image-92904\" srcset=\"https:\/\/centcols.org\/wp-content\/uploads\/2026\/01\/cols-des-champs_annotations.jpg 320w, https:\/\/centcols.org\/wp-content\/uploads\/2026\/01\/cols-des-champs_annotations-16x12.jpg 16w\" sizes=\"auto, (max-width: 320px) 100vw, 320px\" \/><\/figure>\n\n\n\n<p>Zijn er TWEE cols des Champs in de plaatselijke topografie?<\/p>\n\n\n\n<p>Nee, want de \u00abweg\u00bb en \u00abmuilezelroutes\u00bb verbinden dezelfde valleien (Var in het oosten, Verdon in het westen). We bevinden ons niet in dezelfde situatie als de Redondet passen.<br>Het is daarom de <em><strong>dezelfde passage<\/strong><\/em>.<br>We hebben dus drie referenties:<br>- bord (op de weg)<br>- Michelin-kaart (Col des Champs Muletier ten noorden van de weg)<br>- IGN-kaart (Col des Champs Muletier ten noorden van de weg)<br>Ik ben geneigd te zeggen dat het bord in de minderheid is en dat het onjuist op de weg is geplaatst...<br>Maar ook hier schrijft de traditie voor dat de Col des Champs over de weg moet, en niemand zou het begrijpen als alleen het muilezelpad in de Chauvot overbleef.<\/p>\n\n\n\n<p class=\"has-black-color has-text-color has-link-color wp-elements-e7f6ba817c52029436a16c71e208e805\">Moet hij twee Col des Champs opnemen in zijn jaarlijst? Ik denk het niet, want het is dezelfde pas.<\/p>\n\n\n\n<p>Iedereen een gelukkige halsband.<\/p>\n\n\n\n<p>Ren\u00e9 Poty<\/p>\n\n\n\n<p>Noot van de redactie: dit artikel dateert uit het begin van de jaren 2000. In 2026 heeft de Groupe de Travail des Cols de France de kwestie van de Col des Champs geregeld. Er staat maar \u00e9\u00e9n pas op de lijst, de ene of de andere. Wat betreft de tunnelpassen, dat zijn twee passages over dezelfde pas.<\/p>","protected":false},"excerpt":{"rendered":"<p>Question : le Chauvot fait appara\u00eetre des cols portant le m\u00eame nom. S&rsquo;agit-il d&rsquo;un seul et m\u00eame col ou bien de deux cols diff\u00e9rents pouvant \u00eatre port\u00e9s sur nos listes annuelles ? Exemples :&#8211; les cols de Redondet (FR-15-1531 et FR-15-1640)&#8211; les cols des Champs (FR-04-2093 et FR-04-2040) R\u00e9ponse : 1) Existe-t-il un ou deux [&hellip;]<\/p>\n","protected":false},"author":1726,"featured_media":93256,"comment_status":"closed","ping_status":"closed","sticky":false,"template":"","format":"standard","meta":{"_acf_changed":false,"footnotes":""},"categories":[308],"tags":[],"class_list":["post-92897","post","type-post","status-publish","format-standard","has-post-thumbnail","hentry","category-cols-en-vrac"],"acf":[],"yoast_head":"<!-- This site is optimized with the Yoast SEO plugin v27.2 - https:\/\/yoast.com\/product\/yoast-seo-wordpress\/ -->\n<title>Cols de Redondet et cols des Champs - Club des Cent Cols<\/title>\n<meta name=\"robots\" content=\"index, follow, max-snippet:-1, max-image-preview:large, max-video-preview:-1\" \/>\n<link rel=\"canonical\" href=\"https:\/\/centcols.org\/nl\/cols-de-redondet-en-cols-des-champs\/\" \/>\n<meta property=\"og:locale\" content=\"nl_BE\" \/>\n<meta property=\"og:type\" content=\"article\" \/>\n<meta property=\"og:title\" content=\"Cols de Redondet et cols des Champs - Club des Cent Cols\" \/>\n<meta property=\"og:description\" content=\"Question : le Chauvot fait appara\u00eetre des cols portant le m\u00eame nom. S&rsquo;agit-il d&rsquo;un seul et m\u00eame col ou bien de deux cols diff\u00e9rents pouvant \u00eatre port\u00e9s sur nos listes annuelles ? Exemples :&#8211; les cols de Redondet (FR-15-1531 et FR-15-1640)&#8211; les cols des Champs (FR-04-2093 et FR-04-2040) R\u00e9ponse : 1) Existe-t-il un ou deux [&hellip;]\" \/>\n<meta property=\"og:url\" content=\"https:\/\/centcols.org\/nl\/cols-de-redondet-en-cols-des-champs\/\" \/>\n<meta property=\"og:site_name\" content=\"Club des Cent Cols\" \/>\n<meta property=\"article:publisher\" content=\"https:\/\/www.facebook.com\/groups\/5261880558\/?locale=fr_FR\" \/>\n<meta property=\"article:published_time\" content=\"2026-01-27T17:41:11+00:00\" \/>\n<meta property=\"article:modified_time\" content=\"2026-02-18T10:21:06+00:00\" \/>\n<meta property=\"og:image\" content=\"https:\/\/centcols.org\/wp-content\/uploads\/2026\/01\/coldeschamps.jpg\" \/>\n\t<meta property=\"og:image:width\" content=\"800\" \/>\n\t<meta property=\"og:image:height\" content=\"450\" \/>\n\t<meta property=\"og:image:type\" content=\"image\/jpeg\" \/>\n<meta name=\"author\" content=\"Ren\u00e9 Mercier\" \/>\n<meta name=\"twitter:card\" content=\"summary_large_image\" \/>\n<meta name=\"twitter:label1\" content=\"Geschreven door\" \/>\n\t<meta name=\"twitter:data1\" content=\"Ren\u00e9 Mercier\" \/>\n\t<meta name=\"twitter:label2\" content=\"Geschatte leestijd\" \/>\n\t<meta name=\"twitter:data2\" content=\"5 minuten\" \/>\n<script type=\"application\/ld+json\" class=\"yoast-schema-graph\">{\"@context\":\"https:\/\/schema.org\",\"@graph\":[{\"@type\":\"Article\",\"@id\":\"https:\/\/centcols.org\/nl\/cols-de-redondet-et-cols-des-champs\/#article\",\"isPartOf\":{\"@id\":\"https:\/\/centcols.org\/nl\/cols-de-redondet-et-cols-des-champs\/\"},\"author\":{\"name\":\"Ren\u00e9 Mercier\",\"@id\":\"https:\/\/centcols.org\/#\/schema\/person\/0cc8f723679c98f3fb7798df5a50c018\"},\"headline\":\"Cols de Redondet et cols des Champs\",\"datePublished\":\"2026-01-27T17:41:11+00:00\",\"dateModified\":\"2026-02-18T10:21:06+00:00\",\"mainEntityOfPage\":{\"@id\":\"https:\/\/centcols.org\/nl\/cols-de-redondet-et-cols-des-champs\/\"},\"wordCount\":687,\"publisher\":{\"@id\":\"https:\/\/centcols.org\/#organization\"},\"image\":{\"@id\":\"https:\/\/centcols.org\/nl\/cols-de-redondet-et-cols-des-champs\/#primaryimage\"},\"thumbnailUrl\":\"https:\/\/centcols.org\/wp-content\/uploads\/2026\/01\/coldeschamps.jpg\",\"articleSection\":[\"Cols en vrac\"],\"inLanguage\":\"nl-BE\"},{\"@type\":\"WebPage\",\"@id\":\"https:\/\/centcols.org\/nl\/cols-de-redondet-et-cols-des-champs\/\",\"url\":\"https:\/\/centcols.org\/nl\/cols-de-redondet-et-cols-des-champs\/\",\"name\":\"Cols de Redondet et cols des Champs - Club des Cent Cols\",\"isPartOf\":{\"@id\":\"https:\/\/centcols.org\/#website\"},\"primaryImageOfPage\":{\"@id\":\"https:\/\/centcols.org\/nl\/cols-de-redondet-et-cols-des-champs\/#primaryimage\"},\"image\":{\"@id\":\"https:\/\/centcols.org\/nl\/cols-de-redondet-et-cols-des-champs\/#primaryimage\"},\"thumbnailUrl\":\"https:\/\/centcols.org\/wp-content\/uploads\/2026\/01\/coldeschamps.jpg\",\"datePublished\":\"2026-01-27T17:41:11+00:00\",\"dateModified\":\"2026-02-18T10:21:06+00:00\",\"breadcrumb\":{\"@id\":\"https:\/\/centcols.org\/nl\/cols-de-redondet-et-cols-des-champs\/#breadcrumb\"},\"inLanguage\":\"nl-BE\",\"potentialAction\":[{\"@type\":\"ReadAction\",\"target\":[\"https:\/\/centcols.org\/nl\/cols-de-redondet-et-cols-des-champs\/\"]}]},{\"@type\":\"ImageObject\",\"inLanguage\":\"nl-BE\",\"@id\":\"https:\/\/centcols.org\/nl\/cols-de-redondet-et-cols-des-champs\/#primaryimage\",\"url\":\"https:\/\/centcols.org\/wp-content\/uploads\/2026\/01\/coldeschamps.jpg\",\"contentUrl\":\"https:\/\/centcols.org\/wp-content\/uploads\/2026\/01\/coldeschamps.jpg\",\"width\":800,\"height\":450},{\"@type\":\"BreadcrumbList\",\"@id\":\"https:\/\/centcols.org\/nl\/cols-de-redondet-et-cols-des-champs\/#breadcrumb\",\"itemListElement\":[{\"@type\":\"ListItem\",\"position\":1,\"name\":\"Accueil\",\"item\":\"https:\/\/centcols.org\/\"},{\"@type\":\"ListItem\",\"position\":2,\"name\":\"Cols en vrac\",\"item\":\"https:\/\/centcols.org\/rubrique\/cols-en-vrac\/\"},{\"@type\":\"ListItem\",\"position\":3,\"name\":\"Cols de Redondet et cols des Champs\"}]},{\"@type\":\"WebSite\",\"@id\":\"https:\/\/centcols.org\/#website\",\"url\":\"https:\/\/centcols.org\/\",\"name\":\"Club des Cent Cols\",\"description\":\"\",\"publisher\":{\"@id\":\"https:\/\/centcols.org\/#organization\"},\"potentialAction\":[{\"@type\":\"SearchAction\",\"target\":{\"@type\":\"EntryPoint\",\"urlTemplate\":\"https:\/\/centcols.org\/?s={search_term_string}\"},\"query-input\":{\"@type\":\"PropertyValueSpecification\",\"valueRequired\":true,\"valueName\":\"search_term_string\"}}],\"inLanguage\":\"nl-BE\"},{\"@type\":\"Organization\",\"@id\":\"https:\/\/centcols.org\/#organization\",\"name\":\"Club des Cent Cols\",\"url\":\"https:\/\/centcols.org\/\",\"logo\":{\"@type\":\"ImageObject\",\"inLanguage\":\"nl-BE\",\"@id\":\"https:\/\/centcols.org\/#\/schema\/logo\/image\/\",\"url\":\"https:\/\/centcols.org\/wp-content\/uploads\/2025\/01\/carte-icone.png\",\"contentUrl\":\"https:\/\/centcols.org\/wp-content\/uploads\/2025\/01\/carte-icone.png\",\"width\":250,\"height\":250,\"caption\":\"Club des Cent Cols\"},\"image\":{\"@id\":\"https:\/\/centcols.org\/#\/schema\/logo\/image\/\"},\"sameAs\":[\"https:\/\/www.facebook.com\/groups\/5261880558\/?locale=fr_FR\"]},{\"@type\":\"Person\",\"@id\":\"https:\/\/centcols.org\/#\/schema\/person\/0cc8f723679c98f3fb7798df5a50c018\",\"name\":\"Ren\u00e9 Mercier\",\"image\":{\"@type\":\"ImageObject\",\"inLanguage\":\"nl-BE\",\"@id\":\"https:\/\/centcols.org\/wp-content\/litespeed\/avatar\/c2275eeaf79d4f7456274de381abeeab.jpg?ver=1777347562\",\"url\":\"https:\/\/centcols.org\/wp-content\/litespeed\/avatar\/c2275eeaf79d4f7456274de381abeeab.jpg?ver=1777347562\",\"contentUrl\":\"https:\/\/centcols.org\/wp-content\/litespeed\/avatar\/c2275eeaf79d4f7456274de381abeeab.jpg?ver=1777347562\",\"caption\":\"Ren\u00e9 Mercier\"},\"url\":\"https:\/\/centcols.org\/nl\/author\/7552\/\"}]}<\/script>\n<!-- \/ Yoast SEO plugin. -->","yoast_head_json":{"title":"Cols de Redondet en Cols des Champs - Club des Cent Cols","robots":{"index":"index","follow":"follow","max-snippet":"max-snippet:-1","max-image-preview":"max-image-preview:large","max-video-preview":"max-video-preview:-1"},"canonical":"https:\/\/centcols.org\/nl\/cols-de-redondet-en-cols-des-champs\/","og_locale":"nl_BE","og_type":"article","og_title":"Cols de Redondet et cols des Champs - Club des Cent Cols","og_description":"Question : le Chauvot fait appara\u00eetre des cols portant le m\u00eame nom. S&rsquo;agit-il d&rsquo;un seul et m\u00eame col ou bien de deux cols diff\u00e9rents pouvant \u00eatre port\u00e9s sur nos listes annuelles ? Exemples :&#8211; les cols de Redondet (FR-15-1531 et FR-15-1640)&#8211; les cols des Champs (FR-04-2093 et FR-04-2040) R\u00e9ponse : 1) Existe-t-il un ou deux [&hellip;]","og_url":"https:\/\/centcols.org\/nl\/cols-de-redondet-en-cols-des-champs\/","og_site_name":"Club des Cent Cols","article_publisher":"https:\/\/www.facebook.com\/groups\/5261880558\/?locale=fr_FR","article_published_time":"2026-01-27T17:41:11+00:00","article_modified_time":"2026-02-18T10:21:06+00:00","og_image":[{"width":800,"height":450,"url":"https:\/\/centcols.org\/wp-content\/uploads\/2026\/01\/coldeschamps.jpg","type":"image\/jpeg"}],"author":"Ren\u00e9 Mercier","twitter_card":"summary_large_image","twitter_misc":{"Geschreven door":"Ren\u00e9 Mercier","Geschatte leestijd":"5 minuten"},"schema":{"@context":"https:\/\/schema.org","@graph":[{"@type":"Article","@id":"https:\/\/centcols.org\/nl\/cols-de-redondet-et-cols-des-champs\/#article","isPartOf":{"@id":"https:\/\/centcols.org\/nl\/cols-de-redondet-et-cols-des-champs\/"},"author":{"name":"Ren\u00e9 Mercier","@id":"https:\/\/centcols.org\/#\/schema\/person\/0cc8f723679c98f3fb7798df5a50c018"},"headline":"Cols de Redondet et cols des Champs","datePublished":"2026-01-27T17:41:11+00:00","dateModified":"2026-02-18T10:21:06+00:00","mainEntityOfPage":{"@id":"https:\/\/centcols.org\/nl\/cols-de-redondet-et-cols-des-champs\/"},"wordCount":687,"publisher":{"@id":"https:\/\/centcols.org\/#organization"},"image":{"@id":"https:\/\/centcols.org\/nl\/cols-de-redondet-et-cols-des-champs\/#primaryimage"},"thumbnailUrl":"https:\/\/centcols.org\/wp-content\/uploads\/2026\/01\/coldeschamps.jpg","articleSection":["Cols en vrac"],"inLanguage":"nl-BE"},{"@type":"WebPage","@id":"https:\/\/centcols.org\/nl\/cols-de-redondet-et-cols-des-champs\/","url":"https:\/\/centcols.org\/nl\/cols-de-redondet-et-cols-des-champs\/","name":"Cols de Redondet en Cols des Champs - Club des Cent Cols","isPartOf":{"@id":"https:\/\/centcols.org\/#website"},"primaryImageOfPage":{"@id":"https:\/\/centcols.org\/nl\/cols-de-redondet-et-cols-des-champs\/#primaryimage"},"image":{"@id":"https:\/\/centcols.org\/nl\/cols-de-redondet-et-cols-des-champs\/#primaryimage"},"thumbnailUrl":"https:\/\/centcols.org\/wp-content\/uploads\/2026\/01\/coldeschamps.jpg","datePublished":"2026-01-27T17:41:11+00:00","dateModified":"2026-02-18T10:21:06+00:00","breadcrumb":{"@id":"https:\/\/centcols.org\/nl\/cols-de-redondet-et-cols-des-champs\/#breadcrumb"},"inLanguage":"nl-BE","potentialAction":[{"@type":"ReadAction","target":["https:\/\/centcols.org\/nl\/cols-de-redondet-et-cols-des-champs\/"]}]},{"@type":"ImageObject","inLanguage":"nl-BE","@id":"https:\/\/centcols.org\/nl\/cols-de-redondet-et-cols-des-champs\/#primaryimage","url":"https:\/\/centcols.org\/wp-content\/uploads\/2026\/01\/coldeschamps.jpg","contentUrl":"https:\/\/centcols.org\/wp-content\/uploads\/2026\/01\/coldeschamps.jpg","width":800,"height":450},{"@type":"BreadcrumbList","@id":"https:\/\/centcols.org\/nl\/cols-de-redondet-et-cols-des-champs\/#breadcrumb","itemListElement":[{"@type":"ListItem","position":1,"name":"Accueil","item":"https:\/\/centcols.org\/"},{"@type":"ListItem","position":2,"name":"Cols en vrac","item":"https:\/\/centcols.org\/rubrique\/cols-en-vrac\/"},{"@type":"ListItem","position":3,"name":"Cols de Redondet et cols des Champs"}]},{"@type":"WebSite","@id":"https:\/\/centcols.org\/#website","url":"https:\/\/centcols.org\/","name":"Club van Cent Cols","description":"","publisher":{"@id":"https:\/\/centcols.org\/#organization"},"potentialAction":[{"@type":"SearchAction","target":{"@type":"EntryPoint","urlTemplate":"https:\/\/centcols.org\/?s={search_term_string}"},"query-input":{"@type":"PropertyValueSpecification","valueRequired":true,"valueName":"search_term_string"}}],"inLanguage":"nl-BE"},{"@type":"Organization","@id":"https:\/\/centcols.org\/#organization","name":"Club van Cent Cols","url":"https:\/\/centcols.org\/","logo":{"@type":"ImageObject","inLanguage":"nl-BE","@id":"https:\/\/centcols.org\/#\/schema\/logo\/image\/","url":"https:\/\/centcols.org\/wp-content\/uploads\/2025\/01\/carte-icone.png","contentUrl":"https:\/\/centcols.org\/wp-content\/uploads\/2025\/01\/carte-icone.png","width":250,"height":250,"caption":"Club des Cent Cols"},"image":{"@id":"https:\/\/centcols.org\/#\/schema\/logo\/image\/"},"sameAs":["https:\/\/www.facebook.com\/groups\/5261880558\/?locale=fr_FR"]},{"@type":"Person","@id":"https:\/\/centcols.org\/#\/schema\/person\/0cc8f723679c98f3fb7798df5a50c018","name":"Ren\u00e9 Mercier","image":{"@type":"ImageObject","inLanguage":"nl-BE","@id":"https:\/\/centcols.org\/wp-content\/litespeed\/avatar\/c2275eeaf79d4f7456274de381abeeab.jpg?ver=1777347562","url":"https:\/\/centcols.org\/wp-content\/litespeed\/avatar\/c2275eeaf79d4f7456274de381abeeab.jpg?ver=1777347562","contentUrl":"https:\/\/centcols.org\/wp-content\/litespeed\/avatar\/c2275eeaf79d4f7456274de381abeeab.jpg?ver=1777347562","caption":"Ren\u00e9 Mercier"},"url":"https:\/\/centcols.org\/nl\/author\/7552\/"}]}},"_links":{"self":[{"href":"https:\/\/centcols.org\/nl\/wp-json\/wp\/v2\/posts\/92897","targetHints":{"allow":["GET"]}}],"collection":[{"href":"https:\/\/centcols.org\/nl\/wp-json\/wp\/v2\/posts"}],"about":[{"href":"https:\/\/centcols.org\/nl\/wp-json\/wp\/v2\/types\/post"}],"author":[{"embeddable":true,"href":"https:\/\/centcols.org\/nl\/wp-json\/wp\/v2\/users\/1726"}],"replies":[{"embeddable":true,"href":"https:\/\/centcols.org\/nl\/wp-json\/wp\/v2\/comments?post=92897"}],"version-history":[{"count":0,"href":"https:\/\/centcols.org\/nl\/wp-json\/wp\/v2\/posts\/92897\/revisions"}],"wp:featuredmedia":[{"embeddable":true,"href":"https:\/\/centcols.org\/nl\/wp-json\/wp\/v2\/media\/93256"}],"wp:attachment":[{"href":"https:\/\/centcols.org\/nl\/wp-json\/wp\/v2\/media?parent=92897"}],"wp:term":[{"taxonomy":"category","embeddable":true,"href":"https:\/\/centcols.org\/nl\/wp-json\/wp\/v2\/categories?post=92897"},{"taxonomy":"post_tag","embeddable":true,"href":"https:\/\/centcols.org\/nl\/wp-json\/wp\/v2\/tags?post=92897"}],"curies":[{"name":"wp","href":"https:\/\/api.w.org\/{rel}","templated":true}]}}