{"id":92916,"date":"2026-01-30T19:18:10","date_gmt":"2026-01-30T17:18:10","guid":{"rendered":"https:\/\/centcols.org\/?p=92916"},"modified":"2026-01-31T18:18:02","modified_gmt":"2026-01-31T16:18:02","slug":"colleges-dei-morti","status":"publish","type":"post","link":"https:\/\/centcols.org\/nl\/colle-dei-morti\/","title":{"rendered":"Colle dei Morti"},"content":{"rendered":"<p>Colle dei MORTI of Colle FAUNIERA (Piemonte) 2480m <a href=\"\/nl\/util\/geo\/visu.php\/?code=IT-CN-2480a\" type=\"link\" id=\"https:\/\/www.centcols.org\/util\/geo\/visu.php?code=IT-CN-2480a\">IT-CN-2480a<\/a> <\/p>\n\n\n\n<p>OOSTELIJKE HELLING :<br>De Colle dei MORTI, die voor het eerst werd genomen door de renners van de Giro van \u00ab99 onder de naam \u00bbColle FAUNIERA\", is niettemin een zeer grote pas, vanwege het grote hoogteverschil en vooral vanwege de steile, aanhoudende hellingen, verspreid over 15 kilometer. De pas heeft een gemiddeld stijgingspercentage van 9,2%! <br>Colle dei Morti lijkt afgesneden van de wereld in zijn sobere omgeving van rotspartijen, rotsachtige baren en uitgestrekte bergweiden waar een paar schapen grazen. Het is een plek van totale isolatie! Als je deze pas voor het eerst beklimt, sta je versteld van de schoonheid van het landschap, dat zich voortdurend vernieuwt naarmate je verder komt, naar nieuwe horizonten, hoger en hoger, en je hebt het gevoel dat je het einde van de klim nooit zult zien, dat je \u00abnaar de hemel zweeft\u00bb, zoals een van de organisatoren van de Giro het uitdrukte. <br>De klim begint rustig bij Monteroso Grana. Bij het verlaten van Pradleves klim je langs de Grana bergstroom steil omhoog. Na Campomolino wordt de helling aanzienlijk steiler om het San Magno heiligdom te bereiken, een Himalaya tempel waardig! (Gemiddeld stijgingspercentage: 10% over 6 km, maximaal 12 tot 13%). Na het heiligdom wordt de weg erg smal en, na een kort niveau, wordt de helling steiler tot 12%, terwijl het landschap steeds wilder en grootser wordt! De toevluchtsoord van Trofarello kondigt de laatste twee kilometer aan, waar het stijgingspercentage afneemt tot 7,4% tot je de splitsing aan de rechterkant bereikt richting de Colle d'Esischie (2366m <a href=\"\/nl\/util\/geo\/visu.php\/?code=IT-CN-2366b\" type=\"link\" id=\"https:\/\/www.centcols.org\/util\/geo\/visu.php?code=IT-CN-2366b\">IT-CN-2366b<\/a>), die je 20,3 km over de noordelijke helling naar Ponte Marmora brengt. Colle Vallonetto (2439m <a href=\"\/nl\/util\/geo\/visu.php\/?code=IT-CN-2438\" type=\"link\" id=\"https:\/\/www.centcols.org\/util\/geo\/visu.php?code=IT-CN-2438\">IT-CN-2438<\/a>) voordat we aankomen bij de Col dei Morti, het einde van de klim, aan de voet van de Cima Fauniera (2515m) aan de linkerkant, bereikbaar via een pad.<br><br>ZUIDOOSTELIJKE HELLING :<br>Vanuit het zuidoosten benaderd, biedt de Colle dei Morti ook een weelderige klim, bijna net zo zwaar als de Pradleves-kant en met een even wild en mooi landschap. Hoewel de route op iets grotere hoogte begint, lijkt het stijgingspercentage sterk op dat van de oostelijke helling vanwege een lichte afdaling na Fedio. Het gemiddelde stijgingspercentage voor de 24,2 km lange klim is 7,1%. <br>Vanaf Demonte begint de klim meteen en is vrij onregelmatig (maximaal 10.5% voor Fedio). Dit wordt gevolgd door een korte afdaling naar een brug over een beek, en dan wordt de klim hervat, afgewisseld met talloze steile stukken (maximaal 14% voor Trinit\u00e0). Tot San Giacomo passeert de weg een aantal gehuchten en is het landschap rustgevend en bosrijk. Na San Giacomo versmalt de weg als hij het bovenste deel van de Arma-vallei beklimt. Na de 12<sup>e<\/sup> kilometer begint het moeilijkste deel, een stuk van 9,9 km aan 9,2% met veel passages aan 11% en hoger. Het brengt je naar de Colle di Valcavera (2416m <a href=\"\/nl\/util\/geo\/visu.php\/?code=IT-CN-2429\" type=\"link\" id=\"\/util\/geo\/visu.php?code=IT-CN-2429\">IT-CN-2429<\/a>), een paar meter links van de weg. <br>Ook hier zijn de soberheid en schoonheid van het landschap opvallend, vooral na de afslag Colle di Valcavera waar je de Morti-vallei binnenkomt door een verrassend minerale wereld! De weg is aanvankelijk vlak, maar stijgt steil (bijna 14%) om een zeer smalle, in de rotsen uitgehouwen kloof over te steken die naar de Colle dei Morti leidt, aan de rechterkant gedomineerd door de Cima Fauniera met daarop een kruis.<br><br>Thierry PERRET<br><\/p>\n\n\n\n<figure class=\"wp-block-image size-full\"><img loading=\"lazy\" decoding=\"async\" width=\"651\" height=\"373\" src=\"https:\/\/centcols.org\/wp-content\/uploads\/2026\/01\/ColleMulo-1.jpg\" alt=\"\" class=\"wp-image-92931\" srcset=\"https:\/\/centcols.org\/wp-content\/uploads\/2026\/01\/ColleMulo-1.jpg 651w, https:\/\/centcols.org\/wp-content\/uploads\/2026\/01\/ColleMulo-1-18x10.jpg 18w\" sizes=\"auto, (max-width: 651px) 100vw, 651px\" \/><figcaption class=\"wp-element-caption\">Panorama vanaf de Colle del Mulo (2517m) <a href=\"\/nl\/util\/geo\/visu.php\/?code=IT-CN-2517\">IT-CN-2517<\/a>)<br>Aan de linkerkant is de Valcavera colle, vanwaar het pad naar de Gardetta refuge leidt.<br>Helemaal rechts: Colle della Bandia (2403m <a href=\"\/nl\/util\/geo\/visu.php\/?code=IT-CN-2408\">IT-CN-2408<\/a>)<br><\/figcaption><\/figure>\n\n\n\n<p><\/p>\n\n\n\n<figure class=\"wp-block-image size-full is-resized\"><img loading=\"lazy\" decoding=\"async\" width=\"1404\" height=\"871\" src=\"https:\/\/centcols.org\/wp-content\/uploads\/2026\/01\/Morti_profil1-2.jpg\" alt=\"\" class=\"wp-image-92932\" style=\"width:800px\" srcset=\"https:\/\/centcols.org\/wp-content\/uploads\/2026\/01\/Morti_profil1-2.jpg 1404w, https:\/\/centcols.org\/wp-content\/uploads\/2026\/01\/Morti_profil1-2-1200x744.jpg 1200w, https:\/\/centcols.org\/wp-content\/uploads\/2026\/01\/Morti_profil1-2-768x476.jpg 768w, https:\/\/centcols.org\/wp-content\/uploads\/2026\/01\/Morti_profil1-2-18x12.jpg 18w\" sizes=\"auto, (max-width: 1404px) 100vw, 1404px\" \/><figcaption class=\"wp-element-caption\">Profiel oostelijke helling<\/figcaption><\/figure>\n\n\n\n<p><br><\/p>\n\n\n\n<figure class=\"wp-block-image size-large is-resized\"><img loading=\"lazy\" decoding=\"async\" width=\"1920\" height=\"1243\" src=\"https:\/\/centcols.org\/wp-content\/uploads\/2026\/01\/image-1-1920x1243.png\" alt=\"\" class=\"wp-image-92933\" style=\"width:800px\" srcset=\"https:\/\/centcols.org\/wp-content\/uploads\/2026\/01\/image-1-1920x1243.png 1920w, https:\/\/centcols.org\/wp-content\/uploads\/2026\/01\/image-1-1200x777.png 1200w, https:\/\/centcols.org\/wp-content\/uploads\/2026\/01\/image-1-768x497.png 768w, https:\/\/centcols.org\/wp-content\/uploads\/2026\/01\/image-1-1536x994.png 1536w, https:\/\/centcols.org\/wp-content\/uploads\/2026\/01\/image-1-2048x1326.png 2048w, https:\/\/centcols.org\/wp-content\/uploads\/2026\/01\/image-1-18x12.png 18w\" sizes=\"auto, (max-width: 1920px) 100vw, 1920px\" \/><figcaption class=\"wp-element-caption\">Profiel zuidoostelijke helling<\/figcaption><\/figure>\n\n\n\n<p><br><\/p>\n\n\n\n<figure class=\"wp-block-image size-full\"><img loading=\"lazy\" decoding=\"async\" width=\"410\" height=\"280\" src=\"https:\/\/centcols.org\/wp-content\/uploads\/2026\/01\/image-2.png\" alt=\"\" class=\"wp-image-92934\" srcset=\"https:\/\/centcols.org\/wp-content\/uploads\/2026\/01\/image-2.png 410w, https:\/\/centcols.org\/wp-content\/uploads\/2026\/01\/image-2-18x12.png 18w\" sizes=\"auto, (max-width: 410px) 100vw, 410px\" \/><figcaption class=\"wp-element-caption\">Kaart Istituto Geografico Centrale-Torino nr. 7 VALLI MAIRA-GRANA-STURA 1\/50.000\u00b0.<\/figcaption><\/figure>\n\n\n\n<p><br><\/p>","protected":false},"excerpt":{"rendered":"<p>Colle dei MORTI ou colle FAUNIERA (Pi\u00e9mont) 2480m IT-CN-2480a VERSANT EST :Emprunt\u00e9 pour la premi\u00e8re fois par les coureurs du Giro 99, sous l&rsquo;appellation \u00ab\u00a0colle FAUNIERA\u00a0\u00bb, le colle dei MORTI, pratiquement inconnu, est cependant un tr\u00e8s grand col, tant par sa d\u00e9nivellation importante, son altitude et surtout ses forts pourcentages soutenus, \u00e9tal\u00e9s sur 15 km. [&hellip;]<\/p>\n","protected":false},"author":682,"featured_media":93001,"comment_status":"closed","ping_status":"closed","sticky":false,"template":"","format":"standard","meta":{"_acf_changed":false,"footnotes":""},"categories":[308],"tags":[],"class_list":["post-92916","post","type-post","status-publish","format-standard","has-post-thumbnail","hentry","category-cols-en-vrac"],"acf":[],"yoast_head":"<!-- This site is optimized with the Yoast SEO plugin v27.2 - https:\/\/yoast.com\/product\/yoast-seo-wordpress\/ -->\n<title>Colle dei Morti - Club des Cent Cols<\/title>\n<meta name=\"robots\" content=\"index, follow, max-snippet:-1, max-image-preview:large, max-video-preview:-1\" \/>\n<link rel=\"canonical\" href=\"https:\/\/centcols.org\/nl\/colleges-dei-morti\/\" \/>\n<meta property=\"og:locale\" content=\"nl_BE\" \/>\n<meta property=\"og:type\" content=\"article\" \/>\n<meta property=\"og:title\" content=\"Colle dei Morti - Club des Cent Cols\" \/>\n<meta property=\"og:description\" content=\"Colle dei MORTI ou colle FAUNIERA (Pi\u00e9mont) 2480m IT-CN-2480a VERSANT EST :Emprunt\u00e9 pour la premi\u00e8re fois par les coureurs du Giro 99, sous l&rsquo;appellation \u00ab\u00a0colle FAUNIERA\u00a0\u00bb, le colle dei MORTI, pratiquement inconnu, est cependant un tr\u00e8s grand col, tant par sa d\u00e9nivellation importante, son altitude et surtout ses forts pourcentages soutenus, \u00e9tal\u00e9s sur 15 km. [&hellip;]\" \/>\n<meta property=\"og:url\" content=\"https:\/\/centcols.org\/nl\/colleges-dei-morti\/\" \/>\n<meta property=\"og:site_name\" content=\"Club des Cent Cols\" \/>\n<meta property=\"article:publisher\" content=\"https:\/\/www.facebook.com\/groups\/5261880558\/?locale=fr_FR\" \/>\n<meta property=\"article:published_time\" content=\"2026-01-30T17:18:10+00:00\" \/>\n<meta property=\"article:modified_time\" content=\"2026-01-31T16:18:02+00:00\" \/>\n<meta property=\"og:image\" content=\"https:\/\/centcols.org\/wp-content\/uploads\/2026\/01\/Morti_miseen-avant.webp\" \/>\n\t<meta property=\"og:image:width\" content=\"474\" \/>\n\t<meta property=\"og:image:height\" content=\"266\" \/>\n\t<meta property=\"og:image:type\" content=\"image\/webp\" \/>\n<meta name=\"author\" content=\"Paul Levart\" \/>\n<meta name=\"twitter:card\" content=\"summary_large_image\" \/>\n<meta name=\"twitter:label1\" content=\"Geschreven door\" \/>\n\t<meta name=\"twitter:data1\" content=\"Paul Levart\" \/>\n\t<meta name=\"twitter:label2\" content=\"Geschatte leestijd\" \/>\n\t<meta name=\"twitter:data2\" content=\"5 minuten\" \/>\n<script type=\"application\/ld+json\" class=\"yoast-schema-graph\">{\"@context\":\"https:\/\/schema.org\",\"@graph\":[{\"@type\":\"Article\",\"@id\":\"https:\/\/centcols.org\/nl\/colle-dei-morti\/#article\",\"isPartOf\":{\"@id\":\"https:\/\/centcols.org\/nl\/colle-dei-morti\/\"},\"author\":{\"name\":\"Paul Levart\",\"@id\":\"https:\/\/centcols.org\/#\/schema\/person\/f69e64d42a30af00fb46d8cf7a1d9945\"},\"headline\":\"Colle dei Morti\",\"datePublished\":\"2026-01-30T17:18:10+00:00\",\"dateModified\":\"2026-01-31T16:18:02+00:00\",\"mainEntityOfPage\":{\"@id\":\"https:\/\/centcols.org\/nl\/colle-dei-morti\/\"},\"wordCount\":652,\"publisher\":{\"@id\":\"https:\/\/centcols.org\/#organization\"},\"image\":{\"@id\":\"https:\/\/centcols.org\/nl\/colle-dei-morti\/#primaryimage\"},\"thumbnailUrl\":\"https:\/\/centcols.org\/wp-content\/uploads\/2026\/01\/Morti_miseen-avant.webp\",\"articleSection\":[\"Cols en vrac\"],\"inLanguage\":\"nl-BE\"},{\"@type\":\"WebPage\",\"@id\":\"https:\/\/centcols.org\/nl\/colle-dei-morti\/\",\"url\":\"https:\/\/centcols.org\/nl\/colle-dei-morti\/\",\"name\":\"Colle dei Morti - Club des Cent Cols\",\"isPartOf\":{\"@id\":\"https:\/\/centcols.org\/#website\"},\"primaryImageOfPage\":{\"@id\":\"https:\/\/centcols.org\/nl\/colle-dei-morti\/#primaryimage\"},\"image\":{\"@id\":\"https:\/\/centcols.org\/nl\/colle-dei-morti\/#primaryimage\"},\"thumbnailUrl\":\"https:\/\/centcols.org\/wp-content\/uploads\/2026\/01\/Morti_miseen-avant.webp\",\"datePublished\":\"2026-01-30T17:18:10+00:00\",\"dateModified\":\"2026-01-31T16:18:02+00:00\",\"breadcrumb\":{\"@id\":\"https:\/\/centcols.org\/nl\/colle-dei-morti\/#breadcrumb\"},\"inLanguage\":\"nl-BE\",\"potentialAction\":[{\"@type\":\"ReadAction\",\"target\":[\"https:\/\/centcols.org\/nl\/colle-dei-morti\/\"]}]},{\"@type\":\"ImageObject\",\"inLanguage\":\"nl-BE\",\"@id\":\"https:\/\/centcols.org\/nl\/colle-dei-morti\/#primaryimage\",\"url\":\"https:\/\/centcols.org\/wp-content\/uploads\/2026\/01\/Morti_miseen-avant.webp\",\"contentUrl\":\"https:\/\/centcols.org\/wp-content\/uploads\/2026\/01\/Morti_miseen-avant.webp\",\"width\":474,\"height\":266},{\"@type\":\"BreadcrumbList\",\"@id\":\"https:\/\/centcols.org\/nl\/colle-dei-morti\/#breadcrumb\",\"itemListElement\":[{\"@type\":\"ListItem\",\"position\":1,\"name\":\"Accueil\",\"item\":\"https:\/\/centcols.org\/\"},{\"@type\":\"ListItem\",\"position\":2,\"name\":\"Cols en vrac\",\"item\":\"https:\/\/centcols.org\/rubrique\/cols-en-vrac\/\"},{\"@type\":\"ListItem\",\"position\":3,\"name\":\"Colle dei Morti\"}]},{\"@type\":\"WebSite\",\"@id\":\"https:\/\/centcols.org\/#website\",\"url\":\"https:\/\/centcols.org\/\",\"name\":\"Club des Cent Cols\",\"description\":\"\",\"publisher\":{\"@id\":\"https:\/\/centcols.org\/#organization\"},\"potentialAction\":[{\"@type\":\"SearchAction\",\"target\":{\"@type\":\"EntryPoint\",\"urlTemplate\":\"https:\/\/centcols.org\/?s={search_term_string}\"},\"query-input\":{\"@type\":\"PropertyValueSpecification\",\"valueRequired\":true,\"valueName\":\"search_term_string\"}}],\"inLanguage\":\"nl-BE\"},{\"@type\":\"Organization\",\"@id\":\"https:\/\/centcols.org\/#organization\",\"name\":\"Club des Cent Cols\",\"url\":\"https:\/\/centcols.org\/\",\"logo\":{\"@type\":\"ImageObject\",\"inLanguage\":\"nl-BE\",\"@id\":\"https:\/\/centcols.org\/#\/schema\/logo\/image\/\",\"url\":\"https:\/\/centcols.org\/wp-content\/uploads\/2025\/01\/carte-icone.png\",\"contentUrl\":\"https:\/\/centcols.org\/wp-content\/uploads\/2025\/01\/carte-icone.png\",\"width\":250,\"height\":250,\"caption\":\"Club des Cent Cols\"},\"image\":{\"@id\":\"https:\/\/centcols.org\/#\/schema\/logo\/image\/\"},\"sameAs\":[\"https:\/\/www.facebook.com\/groups\/5261880558\/?locale=fr_FR\"]},{\"@type\":\"Person\",\"@id\":\"https:\/\/centcols.org\/#\/schema\/person\/f69e64d42a30af00fb46d8cf7a1d9945\",\"name\":\"Paul Levart\",\"image\":{\"@type\":\"ImageObject\",\"inLanguage\":\"nl-BE\",\"@id\":\"https:\/\/centcols.org\/wp-content\/litespeed\/avatar\/b81f27ef11f03e8b6b3b3019b1b2b4d7.jpg?ver=1777205446\",\"url\":\"https:\/\/centcols.org\/wp-content\/litespeed\/avatar\/b81f27ef11f03e8b6b3b3019b1b2b4d7.jpg?ver=1777205446\",\"contentUrl\":\"https:\/\/centcols.org\/wp-content\/litespeed\/avatar\/b81f27ef11f03e8b6b3b3019b1b2b4d7.jpg?ver=1777205446\",\"caption\":\"Paul Levart\"},\"url\":\"https:\/\/centcols.org\/nl\/author\/4953\/\"}]}<\/script>\n<!-- \/ Yoast SEO plugin. -->","yoast_head_json":{"title":"Colle dei Morti - Club des Cent Cols","robots":{"index":"index","follow":"follow","max-snippet":"max-snippet:-1","max-image-preview":"max-image-preview:large","max-video-preview":"max-video-preview:-1"},"canonical":"https:\/\/centcols.org\/nl\/colleges-dei-morti\/","og_locale":"nl_BE","og_type":"article","og_title":"Colle dei Morti - Club des Cent Cols","og_description":"Colle dei MORTI ou colle FAUNIERA (Pi\u00e9mont) 2480m IT-CN-2480a VERSANT EST :Emprunt\u00e9 pour la premi\u00e8re fois par les coureurs du Giro 99, sous l&rsquo;appellation \u00ab\u00a0colle FAUNIERA\u00a0\u00bb, le colle dei MORTI, pratiquement inconnu, est cependant un tr\u00e8s grand col, tant par sa d\u00e9nivellation importante, son altitude et surtout ses forts pourcentages soutenus, \u00e9tal\u00e9s sur 15 km. [&hellip;]","og_url":"https:\/\/centcols.org\/nl\/colleges-dei-morti\/","og_site_name":"Club des Cent Cols","article_publisher":"https:\/\/www.facebook.com\/groups\/5261880558\/?locale=fr_FR","article_published_time":"2026-01-30T17:18:10+00:00","article_modified_time":"2026-01-31T16:18:02+00:00","og_image":[{"width":474,"height":266,"url":"https:\/\/centcols.org\/wp-content\/uploads\/2026\/01\/Morti_miseen-avant.webp","type":"image\/webp"}],"author":"Paul Levart","twitter_card":"summary_large_image","twitter_misc":{"Geschreven door":"Paul Levart","Geschatte leestijd":"5 minuten"},"schema":{"@context":"https:\/\/schema.org","@graph":[{"@type":"Article","@id":"https:\/\/centcols.org\/nl\/colle-dei-morti\/#article","isPartOf":{"@id":"https:\/\/centcols.org\/nl\/colle-dei-morti\/"},"author":{"name":"Paul Levart","@id":"https:\/\/centcols.org\/#\/schema\/person\/f69e64d42a30af00fb46d8cf7a1d9945"},"headline":"Colle dei Morti","datePublished":"2026-01-30T17:18:10+00:00","dateModified":"2026-01-31T16:18:02+00:00","mainEntityOfPage":{"@id":"https:\/\/centcols.org\/nl\/colle-dei-morti\/"},"wordCount":652,"publisher":{"@id":"https:\/\/centcols.org\/#organization"},"image":{"@id":"https:\/\/centcols.org\/nl\/colle-dei-morti\/#primaryimage"},"thumbnailUrl":"https:\/\/centcols.org\/wp-content\/uploads\/2026\/01\/Morti_miseen-avant.webp","articleSection":["Cols en vrac"],"inLanguage":"nl-BE"},{"@type":"WebPage","@id":"https:\/\/centcols.org\/nl\/colle-dei-morti\/","url":"https:\/\/centcols.org\/nl\/colle-dei-morti\/","name":"Colle dei Morti - Club des Cent Cols","isPartOf":{"@id":"https:\/\/centcols.org\/#website"},"primaryImageOfPage":{"@id":"https:\/\/centcols.org\/nl\/colle-dei-morti\/#primaryimage"},"image":{"@id":"https:\/\/centcols.org\/nl\/colle-dei-morti\/#primaryimage"},"thumbnailUrl":"https:\/\/centcols.org\/wp-content\/uploads\/2026\/01\/Morti_miseen-avant.webp","datePublished":"2026-01-30T17:18:10+00:00","dateModified":"2026-01-31T16:18:02+00:00","breadcrumb":{"@id":"https:\/\/centcols.org\/nl\/colle-dei-morti\/#breadcrumb"},"inLanguage":"nl-BE","potentialAction":[{"@type":"ReadAction","target":["https:\/\/centcols.org\/nl\/colle-dei-morti\/"]}]},{"@type":"ImageObject","inLanguage":"nl-BE","@id":"https:\/\/centcols.org\/nl\/colle-dei-morti\/#primaryimage","url":"https:\/\/centcols.org\/wp-content\/uploads\/2026\/01\/Morti_miseen-avant.webp","contentUrl":"https:\/\/centcols.org\/wp-content\/uploads\/2026\/01\/Morti_miseen-avant.webp","width":474,"height":266},{"@type":"BreadcrumbList","@id":"https:\/\/centcols.org\/nl\/colle-dei-morti\/#breadcrumb","itemListElement":[{"@type":"ListItem","position":1,"name":"Accueil","item":"https:\/\/centcols.org\/"},{"@type":"ListItem","position":2,"name":"Cols en vrac","item":"https:\/\/centcols.org\/rubrique\/cols-en-vrac\/"},{"@type":"ListItem","position":3,"name":"Colle dei Morti"}]},{"@type":"WebSite","@id":"https:\/\/centcols.org\/#website","url":"https:\/\/centcols.org\/","name":"Club van Cent Cols","description":"","publisher":{"@id":"https:\/\/centcols.org\/#organization"},"potentialAction":[{"@type":"SearchAction","target":{"@type":"EntryPoint","urlTemplate":"https:\/\/centcols.org\/?s={search_term_string}"},"query-input":{"@type":"PropertyValueSpecification","valueRequired":true,"valueName":"search_term_string"}}],"inLanguage":"nl-BE"},{"@type":"Organization","@id":"https:\/\/centcols.org\/#organization","name":"Club van Cent Cols","url":"https:\/\/centcols.org\/","logo":{"@type":"ImageObject","inLanguage":"nl-BE","@id":"https:\/\/centcols.org\/#\/schema\/logo\/image\/","url":"https:\/\/centcols.org\/wp-content\/uploads\/2025\/01\/carte-icone.png","contentUrl":"https:\/\/centcols.org\/wp-content\/uploads\/2025\/01\/carte-icone.png","width":250,"height":250,"caption":"Club des Cent Cols"},"image":{"@id":"https:\/\/centcols.org\/#\/schema\/logo\/image\/"},"sameAs":["https:\/\/www.facebook.com\/groups\/5261880558\/?locale=fr_FR"]},{"@type":"Person","@id":"https:\/\/centcols.org\/#\/schema\/person\/f69e64d42a30af00fb46d8cf7a1d9945","name":"Paul Levart","image":{"@type":"ImageObject","inLanguage":"nl-BE","@id":"https:\/\/centcols.org\/wp-content\/litespeed\/avatar\/b81f27ef11f03e8b6b3b3019b1b2b4d7.jpg?ver=1777205446","url":"https:\/\/centcols.org\/wp-content\/litespeed\/avatar\/b81f27ef11f03e8b6b3b3019b1b2b4d7.jpg?ver=1777205446","contentUrl":"https:\/\/centcols.org\/wp-content\/litespeed\/avatar\/b81f27ef11f03e8b6b3b3019b1b2b4d7.jpg?ver=1777205446","caption":"Paul Levart"},"url":"https:\/\/centcols.org\/nl\/author\/4953\/"}]}},"_links":{"self":[{"href":"https:\/\/centcols.org\/nl\/wp-json\/wp\/v2\/posts\/92916","targetHints":{"allow":["GET"]}}],"collection":[{"href":"https:\/\/centcols.org\/nl\/wp-json\/wp\/v2\/posts"}],"about":[{"href":"https:\/\/centcols.org\/nl\/wp-json\/wp\/v2\/types\/post"}],"author":[{"embeddable":true,"href":"https:\/\/centcols.org\/nl\/wp-json\/wp\/v2\/users\/682"}],"replies":[{"embeddable":true,"href":"https:\/\/centcols.org\/nl\/wp-json\/wp\/v2\/comments?post=92916"}],"version-history":[{"count":0,"href":"https:\/\/centcols.org\/nl\/wp-json\/wp\/v2\/posts\/92916\/revisions"}],"wp:featuredmedia":[{"embeddable":true,"href":"https:\/\/centcols.org\/nl\/wp-json\/wp\/v2\/media\/93001"}],"wp:attachment":[{"href":"https:\/\/centcols.org\/nl\/wp-json\/wp\/v2\/media?parent=92916"}],"wp:term":[{"taxonomy":"category","embeddable":true,"href":"https:\/\/centcols.org\/nl\/wp-json\/wp\/v2\/categories?post=92916"},{"taxonomy":"post_tag","embeddable":true,"href":"https:\/\/centcols.org\/nl\/wp-json\/wp\/v2\/tags?post=92916"}],"curies":[{"name":"wp","href":"https:\/\/api.w.org\/{rel}","templated":true}]}}