{"id":92960,"date":"2026-02-01T16:41:33","date_gmt":"2026-02-01T14:41:33","guid":{"rendered":"https:\/\/centcols.org\/?p=92960"},"modified":"2026-02-02T19:00:42","modified_gmt":"2026-02-02T17:00:42","slug":"sluimernek","status":"publish","type":"post","link":"https:\/\/centcols.org\/nl\/col-sommeiller\/","title":{"rendered":"Sommeiller pas"},"content":{"rendered":"<p>Sommeillerpas (<a href=\"\/nl\/util\/geo\/visu.php\/?code=FR-73-2993\" type=\"link\" id=\"\/util\/geo\/visu.php?code=FR-73-2993\">FR-73-2993<\/a> of <a href=\"\/nl\/util\/geo\/visu.php\/?code=IT-TO-2993\" type=\"link\" id=\"\/util\/geo\/visu.php?code=IT-TO-2993\">IT-TO-2993<\/a>) is een van de weinige fietspassen die de 3000 meter nadert. Naast de grote hoogte is de Sommeiller ook een lange klim van 26 km, waarvan 19 km over een parcours dat erg ruig kan zijn, vooral tegen het einde, met een hoogteverschil van bijna 1800 m en een prachtig landschap.<br>Het turquoise water van het Lac de Rochemolles, gelegen in een gletsjervallei die nog steeds erg groen is, is al een lust voor het oog tijdens het eerste deel van de klim. Na 2,4 km vlak te zijn geweest, buigt het pad naar het oosten af, langs de uitloper van de Costa del Becco. Tegenover je zie je een imposant keteldal dat is uitgehouwen in de westwand van de Rognosa d'Etiache. Dit is het mooiste deel van de klim, terwijl je een indrukwekkende reeks van 16 switchbacks beklimt om een sluis over te steken.<br>Na deze sluis bereik je de Pian dei Morti. De berg wordt dan kaal en de wereld wordt mineraal totdat je de Sommeiller-pas bereikt na nog een reeks switchbacks op een pad dat nu erg stenig is, hoewel er een vreemd stuk asfalt van 400 meter is op ongeveer 21 meter.<sup>e<\/sup> km.<br>De Ambin hut, aan de rand van het meer van Sommeiller, maakt de beklimming compleet. De gletsjer van de Sommeiller likt zijn tong over de Maurienne-kant en de Ambin-vallei. In de verte, in het zuidoosten, zie je de hoge toppen van de Oisans, van de \u00c9crins tot de Meije.<br>Afstand: 26km<br>Hoogtewinst: 1758m<br>Gemiddelde helling: 6,8%<br>Tekst en foto gecrediteerd door Thierry PERRET<\/p>\n\n\n<div class=\"wp-block-image\">\n<figure class=\"aligncenter size-full\"><img loading=\"lazy\" decoding=\"async\" width=\"794\" height=\"414\" src=\"https:\/\/centcols.org\/wp-content\/uploads\/2026\/01\/Le-Col-Sommeiller.jpg\" alt=\"\" class=\"wp-image-93182\" srcset=\"https:\/\/centcols.org\/wp-content\/uploads\/2026\/01\/Le-Col-Sommeiller.jpg 794w, https:\/\/centcols.org\/wp-content\/uploads\/2026\/01\/Le-Col-Sommeiller-768x400.jpg 768w, https:\/\/centcols.org\/wp-content\/uploads\/2026\/01\/Le-Col-Sommeiller-18x9.jpg 18w\" sizes=\"auto, (max-width: 794px) 100vw, 794px\" \/><figcaption class=\"wp-element-caption\">Col Sommeiller kaart uit de Centscols \u00aeIGN catalogus<\/figcaption><\/figure>\n<\/div>\n\n\n<figure class=\"wp-block-gallery has-nested-images columns-default is-cropped wp-block-gallery-1 is-layout-flex wp-block-gallery-is-layout-flex\">\n<figure class=\"wp-block-image size-large\"><a href=\"https:\/\/centcols.org\/wp-content\/uploads\/2026\/01\/col_sommeiller_photo_1-1.jpg\"><img loading=\"lazy\" decoding=\"async\" width=\"380\" height=\"249\" data-id=\"93184\" src=\"https:\/\/centcols.org\/wp-content\/uploads\/2026\/01\/col_sommeiller_photo_1-1.jpg\" alt=\"\" class=\"wp-image-93184\" srcset=\"https:\/\/centcols.org\/wp-content\/uploads\/2026\/01\/col_sommeiller_photo_1-1.jpg 380w, https:\/\/centcols.org\/wp-content\/uploads\/2026\/01\/col_sommeiller_photo_1-1-18x12.jpg 18w\" sizes=\"auto, (max-width: 380px) 100vw, 380px\" \/><\/a><figcaption class=\"wp-element-caption\">Veters boven de Scarfiotti schuilhut 2156m.<br>De foto is genomen op een hoogte van ongeveer 2300m.<\/figcaption><\/figure>\n\n\n\n<figure class=\"wp-block-image size-large\"><a href=\"https:\/\/centcols.org\/wp-content\/uploads\/2026\/01\/col_sommeiller_photo_2.jpg\"><img loading=\"lazy\" decoding=\"async\" width=\"374\" height=\"258\" data-id=\"93185\" src=\"https:\/\/centcols.org\/wp-content\/uploads\/2026\/01\/col_sommeiller_photo_2.jpg\" alt=\"\" class=\"wp-image-93185\" srcset=\"https:\/\/centcols.org\/wp-content\/uploads\/2026\/01\/col_sommeiller_photo_2.jpg 374w, https:\/\/centcols.org\/wp-content\/uploads\/2026\/01\/col_sommeiller_photo_2-18x12.jpg 18w\" sizes=\"auto, (max-width: 374px) 100vw, 374px\" \/><\/a><figcaption class=\"wp-element-caption\">Naarmate het pad kronkelt en draait in de richting van Pian dei Morti, wordt het landschap steeds mineraler.<\/figcaption><\/figure>\n<\/figure>\n\n\n\n<figure class=\"wp-block-gallery has-nested-images columns-default is-cropped wp-block-gallery-2 is-layout-flex wp-block-gallery-is-layout-flex\">\n<figure class=\"wp-block-image size-large\"><img loading=\"lazy\" decoding=\"async\" width=\"380\" height=\"255\" data-id=\"93187\" src=\"https:\/\/centcols.org\/wp-content\/uploads\/2026\/01\/col_sommeiller_photo_3.jpg\" alt=\"\" class=\"wp-image-93187\" srcset=\"https:\/\/centcols.org\/wp-content\/uploads\/2026\/01\/col_sommeiller_photo_3.jpg 380w, https:\/\/centcols.org\/wp-content\/uploads\/2026\/01\/col_sommeiller_photo_3-18x12.jpg 18w\" sizes=\"auto, (max-width: 380px) 100vw, 380px\" \/><figcaption class=\"wp-element-caption\">In het zicht van de pas... in ijzige lucht ondanks de zonneschijn<br>(foto genomen in augustus).<\/figcaption><\/figure>\n\n\n\n<figure class=\"wp-block-image size-large\"><img loading=\"lazy\" decoding=\"async\" width=\"370\" height=\"246\" data-id=\"93188\" src=\"https:\/\/centcols.org\/wp-content\/uploads\/2026\/01\/col_sommeiller_photo_4-1.jpg\" alt=\"\" class=\"wp-image-93188\" srcset=\"https:\/\/centcols.org\/wp-content\/uploads\/2026\/01\/col_sommeiller_photo_4-1.jpg 370w, https:\/\/centcols.org\/wp-content\/uploads\/2026\/01\/col_sommeiller_photo_4-1-18x12.jpg 18w\" sizes=\"auto, (max-width: 370px) 100vw, 370px\" \/><figcaption class=\"wp-element-caption\">Duo op de top van de pas... vlakbij Lac Sommeiller.<br>Op de achtergrond de Sommeiller-gletsjer die afdaalt aan de kant van Maurienne.<\/figcaption><\/figure>\n<\/figure>\n\n\n<div class=\"wp-block-image\">\n<figure class=\"aligncenter size-full\"><img loading=\"lazy\" decoding=\"async\" width=\"541\" height=\"351\" src=\"https:\/\/centcols.org\/wp-content\/uploads\/2026\/01\/col_sommeiller_profil.jpg\" alt=\"\" class=\"wp-image-93189\" srcset=\"https:\/\/centcols.org\/wp-content\/uploads\/2026\/01\/col_sommeiller_profil.jpg 541w, https:\/\/centcols.org\/wp-content\/uploads\/2026\/01\/col_sommeiller_profil-18x12.jpg 18w\" sizes=\"auto, (max-width: 541px) 100vw, 541px\" \/><figcaption class=\"wp-element-caption\">Profiel van de Sommeiller-pas vanaf Millaures (Itali\u00eb)<\/figcaption><\/figure>\n<\/div>\n\n\n<p>Meer informatie over de Col Sommeiller vindt u door op de volgende link te klikken: i<a href=\"\/nl\/util\/geo\/visu.php\/?code=FR-73-2993\">\/util\/geo\/visu.php?code=FR-73-2993<\/a><\/p>\n\n\n\n<p><\/p>","protected":false},"excerpt":{"rendered":"<p>Le col Sommeiller (FR-73-2993 ou IT-TO-2993) fait partie des rares cols cyclables s&rsquo;approchant de la barre des 3000m. Outre sa haute altitude, le Sommeiller c&rsquo;est aussi une longue ascension de 26km dont 19 de piste parfois tr\u00e8s raboteuse, surtout vers la fin, une d\u00e9nivellation de pr\u00e8s de 1800m et des paysages grandioses.Les eaux turquoises du [&hellip;]<\/p>\n","protected":false},"author":485,"featured_media":93183,"comment_status":"closed","ping_status":"closed","sticky":false,"template":"","format":"standard","meta":{"_acf_changed":false,"footnotes":""},"categories":[308],"tags":[],"class_list":["post-92960","post","type-post","status-publish","format-standard","has-post-thumbnail","hentry","category-cols-en-vrac"],"acf":[],"yoast_head":"<!-- This site is optimized with the Yoast SEO plugin v27.2 - https:\/\/yoast.com\/product\/yoast-seo-wordpress\/ -->\n<title>Col Sommeiller - Club des Cent Cols<\/title>\n<meta name=\"robots\" content=\"index, follow, max-snippet:-1, max-image-preview:large, max-video-preview:-1\" \/>\n<link rel=\"canonical\" href=\"https:\/\/centcols.org\/nl\/sluimernek\/\" \/>\n<meta property=\"og:locale\" content=\"nl_BE\" \/>\n<meta property=\"og:type\" content=\"article\" \/>\n<meta property=\"og:title\" content=\"Col Sommeiller - Club des Cent Cols\" \/>\n<meta property=\"og:description\" content=\"Le col Sommeiller (FR-73-2993 ou IT-TO-2993) fait partie des rares cols cyclables s&rsquo;approchant de la barre des 3000m. Outre sa haute altitude, le Sommeiller c&rsquo;est aussi une longue ascension de 26km dont 19 de piste parfois tr\u00e8s raboteuse, surtout vers la fin, une d\u00e9nivellation de pr\u00e8s de 1800m et des paysages grandioses.Les eaux turquoises du [&hellip;]\" \/>\n<meta property=\"og:url\" content=\"https:\/\/centcols.org\/nl\/sluimernek\/\" \/>\n<meta property=\"og:site_name\" content=\"Club des Cent Cols\" \/>\n<meta property=\"article:publisher\" content=\"https:\/\/www.facebook.com\/groups\/5261880558\/?locale=fr_FR\" \/>\n<meta property=\"article:published_time\" content=\"2026-02-01T14:41:33+00:00\" \/>\n<meta property=\"article:modified_time\" content=\"2026-02-02T17:00:42+00:00\" \/>\n<meta property=\"og:image\" content=\"https:\/\/centcols.org\/wp-content\/uploads\/2026\/01\/col_sommeiller_photo_1.jpg\" \/>\n\t<meta property=\"og:image:width\" content=\"380\" \/>\n\t<meta property=\"og:image:height\" content=\"249\" \/>\n\t<meta property=\"og:image:type\" content=\"image\/jpeg\" \/>\n<meta name=\"author\" content=\"Jean-No\u00ebl Jagoda\" \/>\n<meta name=\"twitter:card\" content=\"summary_large_image\" \/>\n<meta name=\"twitter:label1\" content=\"Geschreven door\" \/>\n\t<meta name=\"twitter:data1\" content=\"Jean-No\u00ebl Jagoda\" \/>\n\t<meta name=\"twitter:label2\" content=\"Geschatte leestijd\" \/>\n\t<meta name=\"twitter:data2\" content=\"4 minuten\" \/>\n<script type=\"application\/ld+json\" class=\"yoast-schema-graph\">{\"@context\":\"https:\/\/schema.org\",\"@graph\":[{\"@type\":\"Article\",\"@id\":\"https:\/\/centcols.org\/col-sommeiller\/#article\",\"isPartOf\":{\"@id\":\"https:\/\/centcols.org\/col-sommeiller\/\"},\"author\":{\"name\":\"Jean-No\u00ebl Jagoda\",\"@id\":\"https:\/\/centcols.org\/#\/schema\/person\/30f4299f11521fed498f98ecf9d71664\"},\"headline\":\"Col Sommeiller\",\"datePublished\":\"2026-02-01T14:41:33+00:00\",\"dateModified\":\"2026-02-02T17:00:42+00:00\",\"mainEntityOfPage\":{\"@id\":\"https:\/\/centcols.org\/col-sommeiller\/\"},\"wordCount\":384,\"publisher\":{\"@id\":\"https:\/\/centcols.org\/#organization\"},\"image\":{\"@id\":\"https:\/\/centcols.org\/col-sommeiller\/#primaryimage\"},\"thumbnailUrl\":\"https:\/\/centcols.org\/wp-content\/uploads\/2026\/01\/col_sommeiller_photo_1.jpg\",\"articleSection\":[\"Cols en vrac\"],\"inLanguage\":\"nl-BE\"},{\"@type\":\"WebPage\",\"@id\":\"https:\/\/centcols.org\/col-sommeiller\/\",\"url\":\"https:\/\/centcols.org\/col-sommeiller\/\",\"name\":\"Col Sommeiller - Club des Cent Cols\",\"isPartOf\":{\"@id\":\"https:\/\/centcols.org\/#website\"},\"primaryImageOfPage\":{\"@id\":\"https:\/\/centcols.org\/col-sommeiller\/#primaryimage\"},\"image\":{\"@id\":\"https:\/\/centcols.org\/col-sommeiller\/#primaryimage\"},\"thumbnailUrl\":\"https:\/\/centcols.org\/wp-content\/uploads\/2026\/01\/col_sommeiller_photo_1.jpg\",\"datePublished\":\"2026-02-01T14:41:33+00:00\",\"dateModified\":\"2026-02-02T17:00:42+00:00\",\"breadcrumb\":{\"@id\":\"https:\/\/centcols.org\/col-sommeiller\/#breadcrumb\"},\"inLanguage\":\"nl-BE\",\"potentialAction\":[{\"@type\":\"ReadAction\",\"target\":[\"https:\/\/centcols.org\/col-sommeiller\/\"]}]},{\"@type\":\"ImageObject\",\"inLanguage\":\"nl-BE\",\"@id\":\"https:\/\/centcols.org\/col-sommeiller\/#primaryimage\",\"url\":\"https:\/\/centcols.org\/wp-content\/uploads\/2026\/01\/col_sommeiller_photo_1.jpg\",\"contentUrl\":\"https:\/\/centcols.org\/wp-content\/uploads\/2026\/01\/col_sommeiller_photo_1.jpg\",\"width\":380,\"height\":249},{\"@type\":\"BreadcrumbList\",\"@id\":\"https:\/\/centcols.org\/col-sommeiller\/#breadcrumb\",\"itemListElement\":[{\"@type\":\"ListItem\",\"position\":1,\"name\":\"Accueil\",\"item\":\"https:\/\/centcols.org\/\"},{\"@type\":\"ListItem\",\"position\":2,\"name\":\"Cols en vrac\",\"item\":\"https:\/\/centcols.org\/rubrique\/cols-en-vrac\/\"},{\"@type\":\"ListItem\",\"position\":3,\"name\":\"Col Sommeiller\"}]},{\"@type\":\"WebSite\",\"@id\":\"https:\/\/centcols.org\/#website\",\"url\":\"https:\/\/centcols.org\/\",\"name\":\"Club des Cent Cols\",\"description\":\"\",\"publisher\":{\"@id\":\"https:\/\/centcols.org\/#organization\"},\"potentialAction\":[{\"@type\":\"SearchAction\",\"target\":{\"@type\":\"EntryPoint\",\"urlTemplate\":\"https:\/\/centcols.org\/?s={search_term_string}\"},\"query-input\":{\"@type\":\"PropertyValueSpecification\",\"valueRequired\":true,\"valueName\":\"search_term_string\"}}],\"inLanguage\":\"nl-BE\"},{\"@type\":\"Organization\",\"@id\":\"https:\/\/centcols.org\/#organization\",\"name\":\"Club des Cent Cols\",\"url\":\"https:\/\/centcols.org\/\",\"logo\":{\"@type\":\"ImageObject\",\"inLanguage\":\"nl-BE\",\"@id\":\"https:\/\/centcols.org\/#\/schema\/logo\/image\/\",\"url\":\"https:\/\/centcols.org\/wp-content\/uploads\/2025\/01\/carte-icone.png\",\"contentUrl\":\"https:\/\/centcols.org\/wp-content\/uploads\/2025\/01\/carte-icone.png\",\"width\":250,\"height\":250,\"caption\":\"Club des Cent Cols\"},\"image\":{\"@id\":\"https:\/\/centcols.org\/#\/schema\/logo\/image\/\"},\"sameAs\":[\"https:\/\/www.facebook.com\/groups\/5261880558\/?locale=fr_FR\"]},{\"@type\":\"Person\",\"@id\":\"https:\/\/centcols.org\/#\/schema\/person\/30f4299f11521fed498f98ecf9d71664\",\"name\":\"Jean-No\u00ebl Jagoda\",\"image\":{\"@type\":\"ImageObject\",\"inLanguage\":\"nl-BE\",\"@id\":\"https:\/\/centcols.org\/wp-content\/litespeed\/avatar\/4a9472068cd97156227754c35cd56ded.jpg?ver=1777248804\",\"url\":\"https:\/\/centcols.org\/wp-content\/litespeed\/avatar\/4a9472068cd97156227754c35cd56ded.jpg?ver=1777248804\",\"contentUrl\":\"https:\/\/centcols.org\/wp-content\/litespeed\/avatar\/4a9472068cd97156227754c35cd56ded.jpg?ver=1777248804\",\"caption\":\"Jean-No\u00ebl Jagoda\"},\"url\":\"https:\/\/centcols.org\/nl\/author\/7270\/\"}]}<\/script>\n<!-- \/ Yoast SEO plugin. -->","yoast_head_json":{"title":"Col Sommeiller - Club des Cent Cols","robots":{"index":"index","follow":"follow","max-snippet":"max-snippet:-1","max-image-preview":"max-image-preview:large","max-video-preview":"max-video-preview:-1"},"canonical":"https:\/\/centcols.org\/nl\/sluimernek\/","og_locale":"nl_BE","og_type":"article","og_title":"Col Sommeiller - Club des Cent Cols","og_description":"Le col Sommeiller (FR-73-2993 ou IT-TO-2993) fait partie des rares cols cyclables s&rsquo;approchant de la barre des 3000m. Outre sa haute altitude, le Sommeiller c&rsquo;est aussi une longue ascension de 26km dont 19 de piste parfois tr\u00e8s raboteuse, surtout vers la fin, une d\u00e9nivellation de pr\u00e8s de 1800m et des paysages grandioses.Les eaux turquoises du [&hellip;]","og_url":"https:\/\/centcols.org\/nl\/sluimernek\/","og_site_name":"Club des Cent Cols","article_publisher":"https:\/\/www.facebook.com\/groups\/5261880558\/?locale=fr_FR","article_published_time":"2026-02-01T14:41:33+00:00","article_modified_time":"2026-02-02T17:00:42+00:00","og_image":[{"width":380,"height":249,"url":"https:\/\/centcols.org\/wp-content\/uploads\/2026\/01\/col_sommeiller_photo_1.jpg","type":"image\/jpeg"}],"author":"Jean-No\u00ebl Jagoda","twitter_card":"summary_large_image","twitter_misc":{"Geschreven door":"Jean-No\u00ebl Jagoda","Geschatte leestijd":"4 minuten"},"schema":{"@context":"https:\/\/schema.org","@graph":[{"@type":"Article","@id":"https:\/\/centcols.org\/col-sommeiller\/#article","isPartOf":{"@id":"https:\/\/centcols.org\/col-sommeiller\/"},"author":{"name":"Jean-No\u00ebl Jagoda","@id":"https:\/\/centcols.org\/#\/schema\/person\/30f4299f11521fed498f98ecf9d71664"},"headline":"Col Sommeiller","datePublished":"2026-02-01T14:41:33+00:00","dateModified":"2026-02-02T17:00:42+00:00","mainEntityOfPage":{"@id":"https:\/\/centcols.org\/col-sommeiller\/"},"wordCount":384,"publisher":{"@id":"https:\/\/centcols.org\/#organization"},"image":{"@id":"https:\/\/centcols.org\/col-sommeiller\/#primaryimage"},"thumbnailUrl":"https:\/\/centcols.org\/wp-content\/uploads\/2026\/01\/col_sommeiller_photo_1.jpg","articleSection":["Cols en vrac"],"inLanguage":"nl-BE"},{"@type":"WebPage","@id":"https:\/\/centcols.org\/col-sommeiller\/","url":"https:\/\/centcols.org\/col-sommeiller\/","name":"Col Sommeiller - Club des Cent Cols","isPartOf":{"@id":"https:\/\/centcols.org\/#website"},"primaryImageOfPage":{"@id":"https:\/\/centcols.org\/col-sommeiller\/#primaryimage"},"image":{"@id":"https:\/\/centcols.org\/col-sommeiller\/#primaryimage"},"thumbnailUrl":"https:\/\/centcols.org\/wp-content\/uploads\/2026\/01\/col_sommeiller_photo_1.jpg","datePublished":"2026-02-01T14:41:33+00:00","dateModified":"2026-02-02T17:00:42+00:00","breadcrumb":{"@id":"https:\/\/centcols.org\/col-sommeiller\/#breadcrumb"},"inLanguage":"nl-BE","potentialAction":[{"@type":"ReadAction","target":["https:\/\/centcols.org\/col-sommeiller\/"]}]},{"@type":"ImageObject","inLanguage":"nl-BE","@id":"https:\/\/centcols.org\/col-sommeiller\/#primaryimage","url":"https:\/\/centcols.org\/wp-content\/uploads\/2026\/01\/col_sommeiller_photo_1.jpg","contentUrl":"https:\/\/centcols.org\/wp-content\/uploads\/2026\/01\/col_sommeiller_photo_1.jpg","width":380,"height":249},{"@type":"BreadcrumbList","@id":"https:\/\/centcols.org\/col-sommeiller\/#breadcrumb","itemListElement":[{"@type":"ListItem","position":1,"name":"Accueil","item":"https:\/\/centcols.org\/"},{"@type":"ListItem","position":2,"name":"Cols en vrac","item":"https:\/\/centcols.org\/rubrique\/cols-en-vrac\/"},{"@type":"ListItem","position":3,"name":"Col Sommeiller"}]},{"@type":"WebSite","@id":"https:\/\/centcols.org\/#website","url":"https:\/\/centcols.org\/","name":"Club van Cent Cols","description":"","publisher":{"@id":"https:\/\/centcols.org\/#organization"},"potentialAction":[{"@type":"SearchAction","target":{"@type":"EntryPoint","urlTemplate":"https:\/\/centcols.org\/?s={search_term_string}"},"query-input":{"@type":"PropertyValueSpecification","valueRequired":true,"valueName":"search_term_string"}}],"inLanguage":"nl-BE"},{"@type":"Organization","@id":"https:\/\/centcols.org\/#organization","name":"Club van Cent Cols","url":"https:\/\/centcols.org\/","logo":{"@type":"ImageObject","inLanguage":"nl-BE","@id":"https:\/\/centcols.org\/#\/schema\/logo\/image\/","url":"https:\/\/centcols.org\/wp-content\/uploads\/2025\/01\/carte-icone.png","contentUrl":"https:\/\/centcols.org\/wp-content\/uploads\/2025\/01\/carte-icone.png","width":250,"height":250,"caption":"Club des Cent Cols"},"image":{"@id":"https:\/\/centcols.org\/#\/schema\/logo\/image\/"},"sameAs":["https:\/\/www.facebook.com\/groups\/5261880558\/?locale=fr_FR"]},{"@type":"Person","@id":"https:\/\/centcols.org\/#\/schema\/person\/30f4299f11521fed498f98ecf9d71664","name":"Jean-No\u00ebl Jagoda","image":{"@type":"ImageObject","inLanguage":"nl-BE","@id":"https:\/\/centcols.org\/wp-content\/litespeed\/avatar\/4a9472068cd97156227754c35cd56ded.jpg?ver=1777248804","url":"https:\/\/centcols.org\/wp-content\/litespeed\/avatar\/4a9472068cd97156227754c35cd56ded.jpg?ver=1777248804","contentUrl":"https:\/\/centcols.org\/wp-content\/litespeed\/avatar\/4a9472068cd97156227754c35cd56ded.jpg?ver=1777248804","caption":"Jean-No\u00ebl Jagoda"},"url":"https:\/\/centcols.org\/nl\/author\/7270\/"}]}},"_links":{"self":[{"href":"https:\/\/centcols.org\/nl\/wp-json\/wp\/v2\/posts\/92960","targetHints":{"allow":["GET"]}}],"collection":[{"href":"https:\/\/centcols.org\/nl\/wp-json\/wp\/v2\/posts"}],"about":[{"href":"https:\/\/centcols.org\/nl\/wp-json\/wp\/v2\/types\/post"}],"author":[{"embeddable":true,"href":"https:\/\/centcols.org\/nl\/wp-json\/wp\/v2\/users\/485"}],"replies":[{"embeddable":true,"href":"https:\/\/centcols.org\/nl\/wp-json\/wp\/v2\/comments?post=92960"}],"version-history":[{"count":0,"href":"https:\/\/centcols.org\/nl\/wp-json\/wp\/v2\/posts\/92960\/revisions"}],"wp:featuredmedia":[{"embeddable":true,"href":"https:\/\/centcols.org\/nl\/wp-json\/wp\/v2\/media\/93183"}],"wp:attachment":[{"href":"https:\/\/centcols.org\/nl\/wp-json\/wp\/v2\/media?parent=92960"}],"wp:term":[{"taxonomy":"category","embeddable":true,"href":"https:\/\/centcols.org\/nl\/wp-json\/wp\/v2\/categories?post=92960"},{"taxonomy":"post_tag","embeddable":true,"href":"https:\/\/centcols.org\/nl\/wp-json\/wp\/v2\/tags?post=92960"}],"curies":[{"name":"wp","href":"https:\/\/api.w.org\/{rel}","templated":true}]}}