{"id":93006,"date":"2026-01-30T18:36:34","date_gmt":"2026-01-30T16:36:34","guid":{"rendered":"https:\/\/centcols.org\/?p=93006"},"modified":"2026-01-31T18:19:34","modified_gmt":"2026-01-31T16:19:34","slug":"col-de-tende","status":"publish","type":"post","link":"https:\/\/centcols.org\/nl\/col-de-tende\/","title":{"rendered":"De Col de Tende of Colle di Tenda"},"content":{"rendered":"<p>De Col de Tende (<a href=\"\/nl\/util\/geo\/visu.php\/?code=FR-06-1871\" type=\"link\" id=\"\/util\/geo\/visu.php?code=FR-06-1871\">FR-06-1871<\/a> of <a href=\"\/nl\/util\/geo\/visu.php\/?code=IT-CN-1871\" type=\"link\" id=\"\/util\/geo\/visu.php?code=IT-CN-1871\">IT-CN-1871<\/a>), gelegen op de Frans-Italiaanse heuvelrug, vormt een verbinding tussen de Roya-vallei in het zuiden en de Piemontese Vermenagna-vallei in het noorden. Het is de laagste pas tussen Frankrijk en Itali\u00eb. De Franse kant is met muilezels begaanbaar, in tegenstelling tot de Italiaanse kant, waar alleen de laatste 600 meter onverhard zijn. <br>Het pad begint net buiten de verkeerstunnel en kronkelt zijn 46 kronkels en bochten spectaculair over de bovenste Roya-vallei voor ongeveer 7,5 km. Het uitzicht vanaf de top is geweldig, maar pas op voor de vele onweersbuien in de zomer.<\/p>\n\n\n\n<figure class=\"wp-block-image size-full\"><img loading=\"lazy\" decoding=\"async\" width=\"486\" height=\"372\" src=\"https:\/\/centcols.org\/wp-content\/uploads\/2026\/01\/col_de_tende_1-1.jpg\" alt=\"\" class=\"wp-image-93080\" srcset=\"https:\/\/centcols.org\/wp-content\/uploads\/2026\/01\/col_de_tende_1-1.jpg 486w, https:\/\/centcols.org\/wp-content\/uploads\/2026\/01\/col_de_tende_1-1-16x12.jpg 16w\" sizes=\"auto, (max-width: 486px) 100vw, 486px\" \/><figcaption class=\"wp-element-caption\">Foto genomen vanaf het fort van Marguerie, ten westen van de Col de Tende.<br>Dichtbij de top, op de bergkam, kun je de imposante massa van het fort zien.<br>centraal. Daarachter begint het lange, strategische spoor van de Tende-Est ruggen.<\/figcaption><\/figure>\n\n\n\n<p><\/p>\n\n\n\n<figure class=\"wp-block-image size-full\"><img loading=\"lazy\" decoding=\"async\" width=\"494\" height=\"340\" src=\"https:\/\/centcols.org\/wp-content\/uploads\/2026\/01\/col_de_tende_2-1.jpg\" alt=\"\" class=\"wp-image-93081\" srcset=\"https:\/\/centcols.org\/wp-content\/uploads\/2026\/01\/col_de_tende_2-1.jpg 494w, https:\/\/centcols.org\/wp-content\/uploads\/2026\/01\/col_de_tende_2-1-18x12.jpg 18w\" sizes=\"auto, (max-width: 494px) 100vw, 494px\" \/><figcaption class=\"wp-element-caption\"><br>Onderaan de Roya-vallei: de moderne weg door de Tendetunnel.<br>Halverwege de helling: het grote gebouw van het voormalige wachthuis.<\/figcaption><\/figure>\n\n\n\n<p><br>Vanaf beide kanten van de top leiden strategische paden naar een groot aantal passen op de lussen \u00abWest en East of Tende\u00bb (zie TOPO 3).<\/p>\n\n\n\n<figure class=\"wp-block-image size-full\"><img loading=\"lazy\" decoding=\"async\" width=\"467\" height=\"300\" src=\"https:\/\/centcols.org\/wp-content\/uploads\/2026\/01\/col_de_tende_profil-3.gif\" alt=\"\" class=\"wp-image-93111\"\/><\/figure>\n\n\n\n<p>Maar het beklimmen van passen betekent niet dat je je niet kunt interesseren voor hun geschiedenis, en de geschiedenis van de Col de Tende is bijzonder rijk. De eerste vermelding van een verharde weg tussen Ventimiglia en Borgo San Dalmazzo dateert uit 1178! Gedurende de Middeleeuwen werd de pas gebruikt door karavanen die zout vervoerden naar de Povlakte. De Roya vallei werd verrijkt door deze lucratieve handel, die door de heren van Tende rijkelijk werd beloond... 16.000 muilezels staken jaarlijks de hindernis over!<br><br>De pas heeft veel indringers zien passeren, waarvan Karel V in 1536 de beroemdste was, maar reizigers hebben ook een lastige route genomen, geholpen door een heel gilde van \u00abpassanten\u00bb, hier bekend als \u00abcollants\u00bb of \u00abcoulants\u00bb (van de pas...). Dragers konden worden ingehuurd om om de beurt de pas over te steken in vijf uur voor een klein fortuin. Al in de 16e eeuw werd er een tunnelproject gelanceerd en werd er zelfs begonnen met de werkzaamheden (de ingang van deze oude tunnel is te zien aan de Italiaanse kant op ongeveer 1750 meter hoogte). Maar door geldgebrek kwam er niets van de grond. Pas in 1780 financierde koning Victor Emmanuel III (Piemonte-Sardini\u00eb) het werk aan het huidige traject, dat na vier jaar inspanning werd aangelegd. Net voor de helft van de beklimming werd een wachthuisje opgericht met 30 mannen. Hun taak was om de veiligheid van de route te garanderen en hulp te bieden aan de reizigers, vooral in de winter. Dit wachthuisje bestaat vandaag de dag nog steeds.<\/p>\n\n\n\n<figure class=\"wp-block-image size-full\"><img loading=\"lazy\" decoding=\"async\" width=\"549\" height=\"358\" src=\"https:\/\/centcols.org\/wp-content\/uploads\/2026\/01\/col_de_tende_3-6.jpg\" alt=\"\" class=\"wp-image-93117\" srcset=\"https:\/\/centcols.org\/wp-content\/uploads\/2026\/01\/col_de_tende_3-6.jpg 549w, https:\/\/centcols.org\/wp-content\/uploads\/2026\/01\/col_de_tende_3-6-18x12.jpg 18w\" sizes=\"auto, (max-width: 549px) 100vw, 549px\" \/><figcaption class=\"wp-element-caption\">Het wachthuisje zoals het er in de 18e eeuw uitzag. Het spoor dat vandaag nog steeds wordt gebruikt, werd geopend dankzij werkzaamheden die tussen 1780 en 1784 werden uitgevoerd.<\/figcaption><\/figure>\n\n\n\n<p>De route werd niet alleen gebruikt voor handel: in 1794 staken revolutionaire troepen de pas over om het koninkrijk Piemonte-Sardini\u00eb binnen te vallen en op 25 april 1945 stak de eerste FFL-divisie de pas over na de bevrijding van de Roya van de laatste Duitse bezetters. Dit strategische belang blijkt uit de aanwezigheid van imposante militaire forten op de top en aan weerszijden van de pas.<br><br>Geniet van de klim!<br>Ren\u00e9 POTY<\/p>\n\n\n\n<p><\/p>\n\n\n\n<figure class=\"wp-block-gallery has-nested-images columns-default is-cropped wp-block-gallery-1 is-layout-flex wp-block-gallery-is-layout-flex\">\n<figure class=\"wp-block-image size-large\"><img loading=\"lazy\" decoding=\"async\" width=\"288\" height=\"400\" data-id=\"93084\" src=\"https:\/\/centcols.org\/wp-content\/uploads\/2026\/01\/col_de_tende_4-1.jpg\" alt=\"\" class=\"wp-image-93084\" srcset=\"https:\/\/centcols.org\/wp-content\/uploads\/2026\/01\/col_de_tende_4-1.jpg 288w, https:\/\/centcols.org\/wp-content\/uploads\/2026\/01\/col_de_tende_4-1-9x12.jpg 9w\" sizes=\"auto, (max-width: 288px) 100vw, 288px\" \/><\/figure>\n\n\n\n<figure class=\"wp-block-image size-large\"><img loading=\"lazy\" decoding=\"async\" width=\"400\" height=\"240\" data-id=\"93085\" src=\"https:\/\/centcols.org\/wp-content\/uploads\/2026\/01\/col_de_tende_5.jpg\" alt=\"\" class=\"wp-image-93085\" srcset=\"https:\/\/centcols.org\/wp-content\/uploads\/2026\/01\/col_de_tende_5.jpg 400w, https:\/\/centcols.org\/wp-content\/uploads\/2026\/01\/col_de_tende_5-18x12.jpg 18w\" sizes=\"auto, (max-width: 400px) 100vw, 400px\" \/><\/figure>\n<\/figure>\n\n\n\n<p><\/p>\n\n\n\n<p><\/p>","protected":false},"excerpt":{"rendered":"<p>Le col de Tende (FR-06-1871 ou IT-CN-1871), situ\u00e9 sur la cr\u00eate franco-italienne, permet de passer de la vall\u00e9e de la Roya au sud dans la vall\u00e9e pi\u00e9montaise de Vermenagna au nord. Il s&rsquo;agit du passage le plus bas entre la France et l&rsquo;Italie. Le versant fran\u00e7ais est muletier contrairement au versant italien, dont seulement les [&hellip;]<\/p>\n","protected":false},"author":682,"featured_media":93049,"comment_status":"closed","ping_status":"closed","sticky":false,"template":"","format":"standard","meta":{"_acf_changed":false,"footnotes":""},"categories":[308],"tags":[],"class_list":["post-93006","post","type-post","status-publish","format-standard","has-post-thumbnail","hentry","category-cols-en-vrac"],"acf":[],"yoast_head":"<!-- This site is optimized with the Yoast SEO plugin v27.2 - https:\/\/yoast.com\/product\/yoast-seo-wordpress\/ -->\n<title>Le col de Tende ou colle di Tenda - Club des Cent Cols<\/title>\n<meta name=\"robots\" content=\"index, follow, max-snippet:-1, max-image-preview:large, max-video-preview:-1\" \/>\n<link rel=\"canonical\" href=\"https:\/\/centcols.org\/nl\/col-de-tende\/\" \/>\n<meta property=\"og:locale\" content=\"nl_BE\" \/>\n<meta property=\"og:type\" content=\"article\" \/>\n<meta property=\"og:title\" content=\"Le col de Tende ou colle di Tenda - Club des Cent Cols\" \/>\n<meta property=\"og:description\" content=\"Le col de Tende (FR-06-1871 ou IT-CN-1871), situ\u00e9 sur la cr\u00eate franco-italienne, permet de passer de la vall\u00e9e de la Roya au sud dans la vall\u00e9e pi\u00e9montaise de Vermenagna au nord. Il s&rsquo;agit du passage le plus bas entre la France et l&rsquo;Italie. Le versant fran\u00e7ais est muletier contrairement au versant italien, dont seulement les [&hellip;]\" \/>\n<meta property=\"og:url\" content=\"https:\/\/centcols.org\/nl\/col-de-tende\/\" \/>\n<meta property=\"og:site_name\" content=\"Club des Cent Cols\" \/>\n<meta property=\"article:publisher\" content=\"https:\/\/www.facebook.com\/groups\/5261880558\/?locale=fr_FR\" \/>\n<meta property=\"article:published_time\" content=\"2026-01-30T16:36:34+00:00\" \/>\n<meta property=\"article:modified_time\" content=\"2026-01-31T16:19:34+00:00\" \/>\n<meta property=\"og:image\" content=\"https:\/\/centcols.org\/wp-content\/uploads\/2026\/01\/col_de_tende_carte.jpg\" \/>\n\t<meta property=\"og:image:width\" content=\"276\" \/>\n\t<meta property=\"og:image:height\" content=\"558\" \/>\n\t<meta property=\"og:image:type\" content=\"image\/jpeg\" \/>\n<meta name=\"author\" content=\"Paul Levart\" \/>\n<meta name=\"twitter:card\" content=\"summary_large_image\" \/>\n<meta name=\"twitter:label1\" content=\"Geschreven door\" \/>\n\t<meta name=\"twitter:data1\" content=\"Paul Levart\" \/>\n\t<meta name=\"twitter:label2\" content=\"Geschatte leestijd\" \/>\n\t<meta name=\"twitter:data2\" content=\"5 minuten\" \/>\n<script type=\"application\/ld+json\" class=\"yoast-schema-graph\">{\"@context\":\"https:\/\/schema.org\",\"@graph\":[{\"@type\":\"Article\",\"@id\":\"https:\/\/centcols.org\/col-de-tende\/#article\",\"isPartOf\":{\"@id\":\"https:\/\/centcols.org\/col-de-tende\/\"},\"author\":{\"name\":\"Paul Levart\",\"@id\":\"https:\/\/centcols.org\/#\/schema\/person\/f69e64d42a30af00fb46d8cf7a1d9945\"},\"headline\":\"Le col de Tende ou colle di Tenda\",\"datePublished\":\"2026-01-30T16:36:34+00:00\",\"dateModified\":\"2026-01-31T16:19:34+00:00\",\"mainEntityOfPage\":{\"@id\":\"https:\/\/centcols.org\/col-de-tende\/\"},\"wordCount\":607,\"publisher\":{\"@id\":\"https:\/\/centcols.org\/#organization\"},\"image\":{\"@id\":\"https:\/\/centcols.org\/col-de-tende\/#primaryimage\"},\"thumbnailUrl\":\"https:\/\/centcols.org\/wp-content\/uploads\/2026\/01\/col_de_tende_carte.jpg\",\"articleSection\":[\"Cols en vrac\"],\"inLanguage\":\"nl-BE\"},{\"@type\":\"WebPage\",\"@id\":\"https:\/\/centcols.org\/col-de-tende\/\",\"url\":\"https:\/\/centcols.org\/col-de-tende\/\",\"name\":\"Le col de Tende ou colle di Tenda - Club des Cent Cols\",\"isPartOf\":{\"@id\":\"https:\/\/centcols.org\/#website\"},\"primaryImageOfPage\":{\"@id\":\"https:\/\/centcols.org\/col-de-tende\/#primaryimage\"},\"image\":{\"@id\":\"https:\/\/centcols.org\/col-de-tende\/#primaryimage\"},\"thumbnailUrl\":\"https:\/\/centcols.org\/wp-content\/uploads\/2026\/01\/col_de_tende_carte.jpg\",\"datePublished\":\"2026-01-30T16:36:34+00:00\",\"dateModified\":\"2026-01-31T16:19:34+00:00\",\"breadcrumb\":{\"@id\":\"https:\/\/centcols.org\/col-de-tende\/#breadcrumb\"},\"inLanguage\":\"nl-BE\",\"potentialAction\":[{\"@type\":\"ReadAction\",\"target\":[\"https:\/\/centcols.org\/col-de-tende\/\"]}]},{\"@type\":\"ImageObject\",\"inLanguage\":\"nl-BE\",\"@id\":\"https:\/\/centcols.org\/col-de-tende\/#primaryimage\",\"url\":\"https:\/\/centcols.org\/wp-content\/uploads\/2026\/01\/col_de_tende_carte.jpg\",\"contentUrl\":\"https:\/\/centcols.org\/wp-content\/uploads\/2026\/01\/col_de_tende_carte.jpg\",\"width\":276,\"height\":558},{\"@type\":\"BreadcrumbList\",\"@id\":\"https:\/\/centcols.org\/col-de-tende\/#breadcrumb\",\"itemListElement\":[{\"@type\":\"ListItem\",\"position\":1,\"name\":\"Accueil\",\"item\":\"https:\/\/centcols.org\/\"},{\"@type\":\"ListItem\",\"position\":2,\"name\":\"Cols en vrac\",\"item\":\"https:\/\/centcols.org\/rubrique\/cols-en-vrac\/\"},{\"@type\":\"ListItem\",\"position\":3,\"name\":\"Le col de Tende ou colle di Tenda\"}]},{\"@type\":\"WebSite\",\"@id\":\"https:\/\/centcols.org\/#website\",\"url\":\"https:\/\/centcols.org\/\",\"name\":\"Club des Cent Cols\",\"description\":\"\",\"publisher\":{\"@id\":\"https:\/\/centcols.org\/#organization\"},\"potentialAction\":[{\"@type\":\"SearchAction\",\"target\":{\"@type\":\"EntryPoint\",\"urlTemplate\":\"https:\/\/centcols.org\/?s={search_term_string}\"},\"query-input\":{\"@type\":\"PropertyValueSpecification\",\"valueRequired\":true,\"valueName\":\"search_term_string\"}}],\"inLanguage\":\"nl-BE\"},{\"@type\":\"Organization\",\"@id\":\"https:\/\/centcols.org\/#organization\",\"name\":\"Club des Cent Cols\",\"url\":\"https:\/\/centcols.org\/\",\"logo\":{\"@type\":\"ImageObject\",\"inLanguage\":\"nl-BE\",\"@id\":\"https:\/\/centcols.org\/#\/schema\/logo\/image\/\",\"url\":\"https:\/\/centcols.org\/wp-content\/uploads\/2025\/01\/carte-icone.png\",\"contentUrl\":\"https:\/\/centcols.org\/wp-content\/uploads\/2025\/01\/carte-icone.png\",\"width\":250,\"height\":250,\"caption\":\"Club des Cent Cols\"},\"image\":{\"@id\":\"https:\/\/centcols.org\/#\/schema\/logo\/image\/\"},\"sameAs\":[\"https:\/\/www.facebook.com\/groups\/5261880558\/?locale=fr_FR\"]},{\"@type\":\"Person\",\"@id\":\"https:\/\/centcols.org\/#\/schema\/person\/f69e64d42a30af00fb46d8cf7a1d9945\",\"name\":\"Paul Levart\",\"image\":{\"@type\":\"ImageObject\",\"inLanguage\":\"nl-BE\",\"@id\":\"https:\/\/centcols.org\/wp-content\/litespeed\/avatar\/b81f27ef11f03e8b6b3b3019b1b2b4d7.jpg?ver=1777205446\",\"url\":\"https:\/\/centcols.org\/wp-content\/litespeed\/avatar\/b81f27ef11f03e8b6b3b3019b1b2b4d7.jpg?ver=1777205446\",\"contentUrl\":\"https:\/\/centcols.org\/wp-content\/litespeed\/avatar\/b81f27ef11f03e8b6b3b3019b1b2b4d7.jpg?ver=1777205446\",\"caption\":\"Paul Levart\"},\"url\":\"https:\/\/centcols.org\/nl\/author\/4953\/\"}]}<\/script>\n<!-- \/ Yoast SEO plugin. -->","yoast_head_json":{"title":"De Col de Tende of Colle di Tenda - Club des Cent Cols","robots":{"index":"index","follow":"follow","max-snippet":"max-snippet:-1","max-image-preview":"max-image-preview:large","max-video-preview":"max-video-preview:-1"},"canonical":"https:\/\/centcols.org\/nl\/col-de-tende\/","og_locale":"nl_BE","og_type":"article","og_title":"Le col de Tende ou colle di Tenda - Club des Cent Cols","og_description":"Le col de Tende (FR-06-1871 ou IT-CN-1871), situ\u00e9 sur la cr\u00eate franco-italienne, permet de passer de la vall\u00e9e de la Roya au sud dans la vall\u00e9e pi\u00e9montaise de Vermenagna au nord. Il s&rsquo;agit du passage le plus bas entre la France et l&rsquo;Italie. Le versant fran\u00e7ais est muletier contrairement au versant italien, dont seulement les [&hellip;]","og_url":"https:\/\/centcols.org\/nl\/col-de-tende\/","og_site_name":"Club des Cent Cols","article_publisher":"https:\/\/www.facebook.com\/groups\/5261880558\/?locale=fr_FR","article_published_time":"2026-01-30T16:36:34+00:00","article_modified_time":"2026-01-31T16:19:34+00:00","og_image":[{"width":276,"height":558,"url":"https:\/\/centcols.org\/wp-content\/uploads\/2026\/01\/col_de_tende_carte.jpg","type":"image\/jpeg"}],"author":"Paul Levart","twitter_card":"summary_large_image","twitter_misc":{"Geschreven door":"Paul Levart","Geschatte leestijd":"5 minuten"},"schema":{"@context":"https:\/\/schema.org","@graph":[{"@type":"Article","@id":"https:\/\/centcols.org\/col-de-tende\/#article","isPartOf":{"@id":"https:\/\/centcols.org\/col-de-tende\/"},"author":{"name":"Paul Levart","@id":"https:\/\/centcols.org\/#\/schema\/person\/f69e64d42a30af00fb46d8cf7a1d9945"},"headline":"Le col de Tende ou colle di Tenda","datePublished":"2026-01-30T16:36:34+00:00","dateModified":"2026-01-31T16:19:34+00:00","mainEntityOfPage":{"@id":"https:\/\/centcols.org\/col-de-tende\/"},"wordCount":607,"publisher":{"@id":"https:\/\/centcols.org\/#organization"},"image":{"@id":"https:\/\/centcols.org\/col-de-tende\/#primaryimage"},"thumbnailUrl":"https:\/\/centcols.org\/wp-content\/uploads\/2026\/01\/col_de_tende_carte.jpg","articleSection":["Cols en vrac"],"inLanguage":"nl-BE"},{"@type":"WebPage","@id":"https:\/\/centcols.org\/col-de-tende\/","url":"https:\/\/centcols.org\/col-de-tende\/","name":"De Col de Tende of Colle di Tenda - Club des Cent Cols","isPartOf":{"@id":"https:\/\/centcols.org\/#website"},"primaryImageOfPage":{"@id":"https:\/\/centcols.org\/col-de-tende\/#primaryimage"},"image":{"@id":"https:\/\/centcols.org\/col-de-tende\/#primaryimage"},"thumbnailUrl":"https:\/\/centcols.org\/wp-content\/uploads\/2026\/01\/col_de_tende_carte.jpg","datePublished":"2026-01-30T16:36:34+00:00","dateModified":"2026-01-31T16:19:34+00:00","breadcrumb":{"@id":"https:\/\/centcols.org\/col-de-tende\/#breadcrumb"},"inLanguage":"nl-BE","potentialAction":[{"@type":"ReadAction","target":["https:\/\/centcols.org\/col-de-tende\/"]}]},{"@type":"ImageObject","inLanguage":"nl-BE","@id":"https:\/\/centcols.org\/col-de-tende\/#primaryimage","url":"https:\/\/centcols.org\/wp-content\/uploads\/2026\/01\/col_de_tende_carte.jpg","contentUrl":"https:\/\/centcols.org\/wp-content\/uploads\/2026\/01\/col_de_tende_carte.jpg","width":276,"height":558},{"@type":"BreadcrumbList","@id":"https:\/\/centcols.org\/col-de-tende\/#breadcrumb","itemListElement":[{"@type":"ListItem","position":1,"name":"Accueil","item":"https:\/\/centcols.org\/"},{"@type":"ListItem","position":2,"name":"Cols en vrac","item":"https:\/\/centcols.org\/rubrique\/cols-en-vrac\/"},{"@type":"ListItem","position":3,"name":"Le col de Tende ou colle di Tenda"}]},{"@type":"WebSite","@id":"https:\/\/centcols.org\/#website","url":"https:\/\/centcols.org\/","name":"Club van Cent Cols","description":"","publisher":{"@id":"https:\/\/centcols.org\/#organization"},"potentialAction":[{"@type":"SearchAction","target":{"@type":"EntryPoint","urlTemplate":"https:\/\/centcols.org\/?s={search_term_string}"},"query-input":{"@type":"PropertyValueSpecification","valueRequired":true,"valueName":"search_term_string"}}],"inLanguage":"nl-BE"},{"@type":"Organization","@id":"https:\/\/centcols.org\/#organization","name":"Club van Cent Cols","url":"https:\/\/centcols.org\/","logo":{"@type":"ImageObject","inLanguage":"nl-BE","@id":"https:\/\/centcols.org\/#\/schema\/logo\/image\/","url":"https:\/\/centcols.org\/wp-content\/uploads\/2025\/01\/carte-icone.png","contentUrl":"https:\/\/centcols.org\/wp-content\/uploads\/2025\/01\/carte-icone.png","width":250,"height":250,"caption":"Club des Cent Cols"},"image":{"@id":"https:\/\/centcols.org\/#\/schema\/logo\/image\/"},"sameAs":["https:\/\/www.facebook.com\/groups\/5261880558\/?locale=fr_FR"]},{"@type":"Person","@id":"https:\/\/centcols.org\/#\/schema\/person\/f69e64d42a30af00fb46d8cf7a1d9945","name":"Paul Levart","image":{"@type":"ImageObject","inLanguage":"nl-BE","@id":"https:\/\/centcols.org\/wp-content\/litespeed\/avatar\/b81f27ef11f03e8b6b3b3019b1b2b4d7.jpg?ver=1777205446","url":"https:\/\/centcols.org\/wp-content\/litespeed\/avatar\/b81f27ef11f03e8b6b3b3019b1b2b4d7.jpg?ver=1777205446","contentUrl":"https:\/\/centcols.org\/wp-content\/litespeed\/avatar\/b81f27ef11f03e8b6b3b3019b1b2b4d7.jpg?ver=1777205446","caption":"Paul Levart"},"url":"https:\/\/centcols.org\/nl\/author\/4953\/"}]}},"_links":{"self":[{"href":"https:\/\/centcols.org\/nl\/wp-json\/wp\/v2\/posts\/93006","targetHints":{"allow":["GET"]}}],"collection":[{"href":"https:\/\/centcols.org\/nl\/wp-json\/wp\/v2\/posts"}],"about":[{"href":"https:\/\/centcols.org\/nl\/wp-json\/wp\/v2\/types\/post"}],"author":[{"embeddable":true,"href":"https:\/\/centcols.org\/nl\/wp-json\/wp\/v2\/users\/682"}],"replies":[{"embeddable":true,"href":"https:\/\/centcols.org\/nl\/wp-json\/wp\/v2\/comments?post=93006"}],"version-history":[{"count":0,"href":"https:\/\/centcols.org\/nl\/wp-json\/wp\/v2\/posts\/93006\/revisions"}],"wp:featuredmedia":[{"embeddable":true,"href":"https:\/\/centcols.org\/nl\/wp-json\/wp\/v2\/media\/93049"}],"wp:attachment":[{"href":"https:\/\/centcols.org\/nl\/wp-json\/wp\/v2\/media?parent=93006"}],"wp:term":[{"taxonomy":"category","embeddable":true,"href":"https:\/\/centcols.org\/nl\/wp-json\/wp\/v2\/categories?post=93006"},{"taxonomy":"post_tag","embeddable":true,"href":"https:\/\/centcols.org\/nl\/wp-json\/wp\/v2\/tags?post=93006"}],"curies":[{"name":"wp","href":"https:\/\/api.w.org\/{rel}","templated":true}]}}