{"id":93200,"date":"2026-01-31T16:54:09","date_gmt":"2026-01-31T14:54:09","guid":{"rendered":"https:\/\/centcols.org\/?p=93200"},"modified":"2026-03-15T14:31:54","modified_gmt":"2026-03-15T12:31:54","slug":"de-jandri-pas","status":"publish","type":"post","link":"https:\/\/centcols.org\/nl\/le-col-du-jandri\/","title":{"rendered":"De Col du Jandri"},"content":{"rendered":"<p>Tekst en fotocredits door Ren\u00e9 Poty<\/p>\n\n\n<div class=\"wp-block-image\">\n<figure class=\"aligncenter size-full\"><img loading=\"lazy\" decoding=\"async\" width=\"450\" height=\"413\" src=\"https:\/\/centcols.org\/wp-content\/uploads\/2026\/01\/col_du_jandri_carte_1.jpg\" alt=\"\" class=\"wp-image-93206\" srcset=\"https:\/\/centcols.org\/wp-content\/uploads\/2026\/01\/col_du_jandri_carte_1.jpg 450w, https:\/\/centcols.org\/wp-content\/uploads\/2026\/01\/col_du_jandri_carte_1-13x12.jpg 13w\" sizes=\"auto, (max-width: 450px) 100vw, 450px\" \/><\/figure>\n<\/div>\n\n<div class=\"wp-block-image\">\n<figure class=\"aligncenter size-full\"><img loading=\"lazy\" decoding=\"async\" width=\"641\" height=\"296\" src=\"https:\/\/centcols.org\/wp-content\/uploads\/2026\/01\/col_du_jandri_carte_2.jpg\" alt=\"\" class=\"wp-image-93207\" srcset=\"https:\/\/centcols.org\/wp-content\/uploads\/2026\/01\/col_du_jandri_carte_2.jpg 641w, https:\/\/centcols.org\/wp-content\/uploads\/2026\/01\/col_du_jandri_carte_2-18x8.jpg 18w\" sizes=\"auto, (max-width: 641px) 100vw, 641px\" \/><\/figure>\n<\/div>\n\n\n<p>De Jandri pas (3150 m <a href=\"\/nl\/util\/geo\/visu.php\/?code=FR-38-3151\" type=\"link\" id=\"\/util\/geo\/visu.php?code=FR-38-3151\">FR-38-3151<\/a>) is een van de weinige passen in de Alpen boven 3000 meter die per fiets bereikbaar is via een breed R1-2 pad. Het ligt in het skigebied Deux-Alpes, dus je moet het doen met de vele skiliften die het landschap doorkruisen en genieten van het prachtige uitzicht in de verte.<br>Tot slot is de beklimming tot een hoogte van 3150 m en de confrontatie met de gletsjer van Mont-de-Lans een genot dat je niet mag missen. Pas op voor het hoogteverschil!<\/p>\n\n\n\n<ul class=\"wp-block-list\">\n<li>Vanaf Le Bourg-d'Oisans: 2734 m (een record voor een beklimming in de Alpen?)<\/li>\n\n\n\n<li>Vanaf Lac du Chambon: 2107 m<\/li>\n\n\n\n<li>Van Les Deux-Alpes (Col de l'Alpe <a href=\"\/nl\/util\/geo\/visu.php\/?code=FR-38-1652\" type=\"link\" id=\"\/util\/geo\/visu.php?code=FR-38-1652\">FR-38-1652<\/a>): 1500 m<\/li>\n<\/ul>\n\n\n\n<p>De klim over een pad (R1) begint bij de Alpe du Mont-de-Lans (foto 1). Brede switchbacks leiden naar een bergkam op 2189 m hoogte (restaurant en kabelbaanstation). Tijdens de hele klim is het uitzicht op de Deux-Alpes prachtig, met de toppen van de Oisans en hun glinsterende gletsjers op de achtergrond.<\/p>\n\n\n<div class=\"wp-block-image\">\n<figure class=\"aligncenter size-full\"><img loading=\"lazy\" decoding=\"async\" width=\"530\" height=\"340\" src=\"https:\/\/centcols.org\/wp-content\/uploads\/2026\/01\/Jandri-1.jpg\" alt=\"\" class=\"wp-image-93209\" srcset=\"https:\/\/centcols.org\/wp-content\/uploads\/2026\/01\/Jandri-1.jpg 530w, https:\/\/centcols.org\/wp-content\/uploads\/2026\/01\/Jandri-1-18x12.jpg 18w\" sizes=\"auto, (max-width: 530px) 100vw, 530px\" \/><\/figure>\n<\/div>\n\n\n<h6 class=\"wp-block-heading has-text-align-center\">Foto 1: Les Deux-Alpes met de toppen van de Oisans op de achtergrond, gezien vanaf<br>het Jandri-pad (je kunt dit pad linksonder op de foto zien)<\/h6>\n\n\n\n<p>De helling wordt iets minder steil in de Combe du Thuit. Het pad loopt langs het kleine Lac du Plan, waarna zeven switchbacks (foto 2) je naar het 2578 m hoge niveau van het Jandri Express-station brengen, de kabelbaan die zomerski\u00ebrs naar de top van de pas brengt. Een korte omweg naar links brengt je naar de Col des Gourses (<a href=\"\/nl\/util\/geo\/visu.php\/?code=FR-38-2550b\" type=\"link\" id=\"\/util\/geo\/visu.php?code=FR-38-2550b\">FR-38-2550b<\/a>).<\/p>\n\n\n<div class=\"wp-block-image\">\n<figure class=\"aligncenter size-full\"><img loading=\"lazy\" decoding=\"async\" width=\"498\" height=\"344\" src=\"https:\/\/centcols.org\/wp-content\/uploads\/2026\/01\/jandri-2.jpg\" alt=\"\" class=\"wp-image-93210\" srcset=\"https:\/\/centcols.org\/wp-content\/uploads\/2026\/01\/jandri-2.jpg 498w, https:\/\/centcols.org\/wp-content\/uploads\/2026\/01\/jandri-2-18x12.jpg 18w\" sizes=\"auto, (max-width: 498px) 100vw, 498px\" \/><\/figure>\n<\/div>\n\n\n<h6 class=\"wp-block-heading has-text-align-center\">Foto 2: Het Jandri pad: kronkels en bochten boven het \u00abGrand Plan du Sautet\u00bb.<br>Rechts, op de achtergrond, zie je het pad dat omhoog klimt naar het plateau.<br>d'Emparis vanaf Besse. Links de gletsjers van de Grandes Rousses.<\/h6>\n\n\n\n<p>Het Jandri-pad kronkelt en draait omhoog, vaak rotsachtig, stoffig en steil, waardoor je soms moet lopen. Dit is een echte hooggebergtewereld, zeer mineraal, met door gletsjererosie gehavende rotsen (foto's 3-4). Een paar kleine meertjes glinsteren in het zonlicht voor de laatste kronkels en bochten, die je ademloos achterlaten (vanwege de hoogte!). .<\/p>\n\n\n<div class=\"wp-block-image\">\n<figure class=\"aligncenter size-full\"><img loading=\"lazy\" decoding=\"async\" width=\"486\" height=\"356\" src=\"https:\/\/centcols.org\/wp-content\/uploads\/2026\/01\/jandri-3.jpg\" alt=\"\" class=\"wp-image-93213\" srcset=\"https:\/\/centcols.org\/wp-content\/uploads\/2026\/01\/jandri-3.jpg 486w, https:\/\/centcols.org\/wp-content\/uploads\/2026\/01\/jandri-3-16x12.jpg 16w\" sizes=\"auto, (max-width: 486px) 100vw, 486px\" \/><\/figure>\n<\/div>\n\n\n<h6 class=\"wp-block-heading has-text-align-center\">Foto 3: De laatste haarspeldbochten van de Jandri op ongeveer 3000m hoogte.<br>Op de achtergrond de toppen van het Ecrins National Park.<\/h6>\n\n\n<div class=\"wp-block-image\">\n<figure class=\"aligncenter size-full\"><img loading=\"lazy\" decoding=\"async\" width=\"312\" height=\"368\" src=\"https:\/\/centcols.org\/wp-content\/uploads\/2026\/01\/jandri-4-1.jpg\" alt=\"\" class=\"wp-image-93215\" srcset=\"https:\/\/centcols.org\/wp-content\/uploads\/2026\/01\/jandri-4-1.jpg 312w, https:\/\/centcols.org\/wp-content\/uploads\/2026\/01\/jandri-4-1-10x12.jpg 10w\" sizes=\"auto, (max-width: 312px) 100vw, 312px\" \/><\/figure>\n<\/div>\n\n\n<h6 class=\"wp-block-heading has-text-align-center\">Foto 4: Hoogte 3170m, het pad is nog steeds geschikt om te fietsen (R1-2)<br>terwijl TOP25 3336ET een pad aangeeft.<\/h6>\n\n\n\n<p>Tweehonderd meter verder passeert het pad de 3170 meter (foto 5). Hieronder ligt de Jandri pas. Het is hier niet verlaten! Hier laadt de kabelbaan zijn ski\u00ebrs uit die midden augustus van de sneeuw op de gletsjer van Mont-de-Lans komen genieten, en een restaurant op grote hoogte serveert de maaltijden...<\/p>\n\n\n<div class=\"wp-block-image\">\n<figure class=\"aligncenter size-full\"><img loading=\"lazy\" decoding=\"async\" width=\"490\" height=\"360\" src=\"https:\/\/centcols.org\/wp-content\/uploads\/2026\/01\/jandri-5.jpg\" alt=\"\" class=\"wp-image-93219\" srcset=\"https:\/\/centcols.org\/wp-content\/uploads\/2026\/01\/jandri-5.jpg 490w, https:\/\/centcols.org\/wp-content\/uploads\/2026\/01\/jandri-5-16x12.jpg 16w\" sizes=\"auto, (max-width: 490px) 100vw, 490px\" \/><\/figure>\n<\/div>\n\n\n<h6 class=\"wp-block-heading has-text-align-center\">Foto 5: Daarbuiten is er maar \u00e9\u00e9n hoop... de helikopter!<\/h6>\n\n\n\n<p>Op de terugweg (die volledig fietsbaar is) kunt u het pad verlaten ter hoogte van het Lac de Serre-Palas en een rotsachtig gebied (HS 3) op zicht oversteken om de kloof van Grand Creux (2804m) te bereiken. <a href=\"\/nl\/util\/geo\/visu.php\/?code=FR-38-2810b\" type=\"link\" id=\"\/util\/geo\/visu.php?code=FR-38-2810b\">FR-38-2810b<\/a>) onder een skilift. Daal vervolgens af onder de skilift (HS 2-3) om een breed pad naar links te nemen (R1-2) en de Entre les T\u00eates-pas te bereiken (2696 m <a href=\"\/nl\/util\/geo\/visu.php\/?code=FR-38-2680\" type=\"link\" id=\"\/util\/geo\/visu.php?code=FR-38-2680\">FR-38-2680<\/a>). In totaal vier passen boven de 2000 m. Deze route wordt beschreven in TOPO 1 pagina 28.<\/p>\n\n\n<div class=\"wp-block-image\">\n<figure class=\"aligncenter size-full\"><img loading=\"lazy\" decoding=\"async\" width=\"488\" height=\"303\" src=\"https:\/\/centcols.org\/wp-content\/uploads\/2026\/01\/col_du_jandri_profil.gif\" alt=\"\" class=\"wp-image-93220\"\/><\/figure>\n<\/div>","protected":false},"excerpt":{"rendered":"<p>Texte et cr\u00e9dit photos de Ren\u00e9 Poty Le col du Jandri (3150\u00a0m FR-38-3151) est un des rares cols des Alpes d\u00e9passant 3000\u00a0m d&rsquo;altitude qui peut \u00eatre atteint \u00e0 v\u00e9lo par une large piste R1-2. Il est situ\u00e9 dans le domaine skiable de la station des Deux-Alpes, il faut donc s&rsquo;accommoder des nombreuses remont\u00e9es m\u00e9caniques qui [&hellip;]<\/p>\n","protected":false},"author":1993,"featured_media":93219,"comment_status":"closed","ping_status":"closed","sticky":false,"template":"","format":"standard","meta":{"_acf_changed":false,"footnotes":""},"categories":[308],"tags":[],"class_list":["post-93200","post","type-post","status-publish","format-standard","has-post-thumbnail","hentry","category-cols-en-vrac"],"acf":[],"yoast_head":"<!-- This site is optimized with the Yoast SEO plugin v27.2 - https:\/\/yoast.com\/product\/yoast-seo-wordpress\/ -->\n<title>Le Col du Jandri - Club des Cent Cols<\/title>\n<meta name=\"robots\" content=\"index, follow, max-snippet:-1, max-image-preview:large, max-video-preview:-1\" \/>\n<link rel=\"canonical\" href=\"https:\/\/centcols.org\/nl\/de-jandri-pas\/\" \/>\n<meta property=\"og:locale\" content=\"nl_BE\" \/>\n<meta property=\"og:type\" content=\"article\" \/>\n<meta property=\"og:title\" content=\"Le Col du Jandri - Club des Cent Cols\" \/>\n<meta property=\"og:description\" content=\"Texte et cr\u00e9dit photos de Ren\u00e9 Poty Le col du Jandri (3150\u00a0m FR-38-3151) est un des rares cols des Alpes d\u00e9passant 3000\u00a0m d&rsquo;altitude qui peut \u00eatre atteint \u00e0 v\u00e9lo par une large piste R1-2. Il est situ\u00e9 dans le domaine skiable de la station des Deux-Alpes, il faut donc s&rsquo;accommoder des nombreuses remont\u00e9es m\u00e9caniques qui [&hellip;]\" \/>\n<meta property=\"og:url\" content=\"https:\/\/centcols.org\/nl\/de-jandri-pas\/\" \/>\n<meta property=\"og:site_name\" content=\"Club des Cent Cols\" \/>\n<meta property=\"article:publisher\" content=\"https:\/\/www.facebook.com\/groups\/5261880558\/?locale=fr_FR\" \/>\n<meta property=\"article:published_time\" content=\"2026-01-31T14:54:09+00:00\" \/>\n<meta property=\"article:modified_time\" content=\"2026-03-15T12:31:54+00:00\" \/>\n<meta property=\"og:image\" content=\"https:\/\/centcols.org\/wp-content\/uploads\/2026\/01\/jandri-5.jpg\" \/>\n\t<meta property=\"og:image:width\" content=\"490\" \/>\n\t<meta property=\"og:image:height\" content=\"360\" \/>\n\t<meta property=\"og:image:type\" content=\"image\/jpeg\" \/>\n<meta name=\"author\" content=\"Jo\u00eblle Mingat\" \/>\n<meta name=\"twitter:card\" content=\"summary_large_image\" \/>\n<meta name=\"twitter:label1\" content=\"Geschreven door\" \/>\n\t<meta name=\"twitter:data1\" content=\"Jo\u00eblle Mingat\" \/>\n\t<meta name=\"twitter:label2\" content=\"Geschatte leestijd\" \/>\n\t<meta name=\"twitter:data2\" content=\"5 minuten\" \/>\n<script type=\"application\/ld+json\" class=\"yoast-schema-graph\">{\"@context\":\"https:\/\/schema.org\",\"@graph\":[{\"@type\":\"Article\",\"@id\":\"https:\/\/centcols.org\/le-col-du-jandri\/#article\",\"isPartOf\":{\"@id\":\"https:\/\/centcols.org\/le-col-du-jandri\/\"},\"author\":{\"name\":\"Jo\u00eblle Mingat\",\"@id\":\"https:\/\/centcols.org\/#\/schema\/person\/0afae1c765c3b4675d37457765e3e383\"},\"headline\":\"Le Col du Jandri\",\"datePublished\":\"2026-01-31T14:54:09+00:00\",\"dateModified\":\"2026-03-15T12:31:54+00:00\",\"mainEntityOfPage\":{\"@id\":\"https:\/\/centcols.org\/le-col-du-jandri\/\"},\"wordCount\":607,\"publisher\":{\"@id\":\"https:\/\/centcols.org\/#organization\"},\"image\":{\"@id\":\"https:\/\/centcols.org\/le-col-du-jandri\/#primaryimage\"},\"thumbnailUrl\":\"https:\/\/centcols.org\/wp-content\/uploads\/2026\/01\/jandri-5.jpg\",\"articleSection\":[\"Cols en vrac\"],\"inLanguage\":\"nl-BE\"},{\"@type\":\"WebPage\",\"@id\":\"https:\/\/centcols.org\/le-col-du-jandri\/\",\"url\":\"https:\/\/centcols.org\/le-col-du-jandri\/\",\"name\":\"Le Col du Jandri - Club des Cent Cols\",\"isPartOf\":{\"@id\":\"https:\/\/centcols.org\/#website\"},\"primaryImageOfPage\":{\"@id\":\"https:\/\/centcols.org\/le-col-du-jandri\/#primaryimage\"},\"image\":{\"@id\":\"https:\/\/centcols.org\/le-col-du-jandri\/#primaryimage\"},\"thumbnailUrl\":\"https:\/\/centcols.org\/wp-content\/uploads\/2026\/01\/jandri-5.jpg\",\"datePublished\":\"2026-01-31T14:54:09+00:00\",\"dateModified\":\"2026-03-15T12:31:54+00:00\",\"breadcrumb\":{\"@id\":\"https:\/\/centcols.org\/le-col-du-jandri\/#breadcrumb\"},\"inLanguage\":\"nl-BE\",\"potentialAction\":[{\"@type\":\"ReadAction\",\"target\":[\"https:\/\/centcols.org\/le-col-du-jandri\/\"]}]},{\"@type\":\"ImageObject\",\"inLanguage\":\"nl-BE\",\"@id\":\"https:\/\/centcols.org\/le-col-du-jandri\/#primaryimage\",\"url\":\"https:\/\/centcols.org\/wp-content\/uploads\/2026\/01\/jandri-5.jpg\",\"contentUrl\":\"https:\/\/centcols.org\/wp-content\/uploads\/2026\/01\/jandri-5.jpg\",\"width\":490,\"height\":360},{\"@type\":\"BreadcrumbList\",\"@id\":\"https:\/\/centcols.org\/le-col-du-jandri\/#breadcrumb\",\"itemListElement\":[{\"@type\":\"ListItem\",\"position\":1,\"name\":\"Accueil\",\"item\":\"https:\/\/centcols.org\/\"},{\"@type\":\"ListItem\",\"position\":2,\"name\":\"Cols en vrac\",\"item\":\"https:\/\/centcols.org\/rubrique\/cols-en-vrac\/\"},{\"@type\":\"ListItem\",\"position\":3,\"name\":\"Le Col du Jandri\"}]},{\"@type\":\"WebSite\",\"@id\":\"https:\/\/centcols.org\/#website\",\"url\":\"https:\/\/centcols.org\/\",\"name\":\"Club des Cent Cols\",\"description\":\"\",\"publisher\":{\"@id\":\"https:\/\/centcols.org\/#organization\"},\"potentialAction\":[{\"@type\":\"SearchAction\",\"target\":{\"@type\":\"EntryPoint\",\"urlTemplate\":\"https:\/\/centcols.org\/?s={search_term_string}\"},\"query-input\":{\"@type\":\"PropertyValueSpecification\",\"valueRequired\":true,\"valueName\":\"search_term_string\"}}],\"inLanguage\":\"nl-BE\"},{\"@type\":\"Organization\",\"@id\":\"https:\/\/centcols.org\/#organization\",\"name\":\"Club des Cent Cols\",\"url\":\"https:\/\/centcols.org\/\",\"logo\":{\"@type\":\"ImageObject\",\"inLanguage\":\"nl-BE\",\"@id\":\"https:\/\/centcols.org\/#\/schema\/logo\/image\/\",\"url\":\"https:\/\/centcols.org\/wp-content\/uploads\/2025\/01\/carte-icone.png\",\"contentUrl\":\"https:\/\/centcols.org\/wp-content\/uploads\/2025\/01\/carte-icone.png\",\"width\":250,\"height\":250,\"caption\":\"Club des Cent Cols\"},\"image\":{\"@id\":\"https:\/\/centcols.org\/#\/schema\/logo\/image\/\"},\"sameAs\":[\"https:\/\/www.facebook.com\/groups\/5261880558\/?locale=fr_FR\"]},{\"@type\":\"Person\",\"@id\":\"https:\/\/centcols.org\/#\/schema\/person\/0afae1c765c3b4675d37457765e3e383\",\"name\":\"Jo\u00eblle Mingat\",\"image\":{\"@type\":\"ImageObject\",\"inLanguage\":\"nl-BE\",\"@id\":\"https:\/\/centcols.org\/wp-content\/litespeed\/avatar\/8ace1c0eaf9dcc23c49d76c12a17902f.jpg?ver=1777261681\",\"url\":\"https:\/\/centcols.org\/wp-content\/litespeed\/avatar\/8ace1c0eaf9dcc23c49d76c12a17902f.jpg?ver=1777261681\",\"contentUrl\":\"https:\/\/centcols.org\/wp-content\/litespeed\/avatar\/8ace1c0eaf9dcc23c49d76c12a17902f.jpg?ver=1777261681\",\"caption\":\"Jo\u00eblle Mingat\"},\"url\":\"https:\/\/centcols.org\/nl\/author\/5345\/\"}]}<\/script>\n<!-- \/ Yoast SEO plugin. -->","yoast_head_json":{"title":"De Col du Jandri - Club des Cent Cols","robots":{"index":"index","follow":"follow","max-snippet":"max-snippet:-1","max-image-preview":"max-image-preview:large","max-video-preview":"max-video-preview:-1"},"canonical":"https:\/\/centcols.org\/nl\/de-jandri-pas\/","og_locale":"nl_BE","og_type":"article","og_title":"Le Col du Jandri - Club des Cent Cols","og_description":"Texte et cr\u00e9dit photos de Ren\u00e9 Poty Le col du Jandri (3150\u00a0m FR-38-3151) est un des rares cols des Alpes d\u00e9passant 3000\u00a0m d&rsquo;altitude qui peut \u00eatre atteint \u00e0 v\u00e9lo par une large piste R1-2. Il est situ\u00e9 dans le domaine skiable de la station des Deux-Alpes, il faut donc s&rsquo;accommoder des nombreuses remont\u00e9es m\u00e9caniques qui [&hellip;]","og_url":"https:\/\/centcols.org\/nl\/de-jandri-pas\/","og_site_name":"Club des Cent Cols","article_publisher":"https:\/\/www.facebook.com\/groups\/5261880558\/?locale=fr_FR","article_published_time":"2026-01-31T14:54:09+00:00","article_modified_time":"2026-03-15T12:31:54+00:00","og_image":[{"width":490,"height":360,"url":"https:\/\/centcols.org\/wp-content\/uploads\/2026\/01\/jandri-5.jpg","type":"image\/jpeg"}],"author":"Jo\u00eblle Mingat","twitter_card":"summary_large_image","twitter_misc":{"Geschreven door":"Jo\u00eblle Mingat","Geschatte leestijd":"5 minuten"},"schema":{"@context":"https:\/\/schema.org","@graph":[{"@type":"Article","@id":"https:\/\/centcols.org\/le-col-du-jandri\/#article","isPartOf":{"@id":"https:\/\/centcols.org\/le-col-du-jandri\/"},"author":{"name":"Jo\u00eblle Mingat","@id":"https:\/\/centcols.org\/#\/schema\/person\/0afae1c765c3b4675d37457765e3e383"},"headline":"Le Col du Jandri","datePublished":"2026-01-31T14:54:09+00:00","dateModified":"2026-03-15T12:31:54+00:00","mainEntityOfPage":{"@id":"https:\/\/centcols.org\/le-col-du-jandri\/"},"wordCount":607,"publisher":{"@id":"https:\/\/centcols.org\/#organization"},"image":{"@id":"https:\/\/centcols.org\/le-col-du-jandri\/#primaryimage"},"thumbnailUrl":"https:\/\/centcols.org\/wp-content\/uploads\/2026\/01\/jandri-5.jpg","articleSection":["Cols en vrac"],"inLanguage":"nl-BE"},{"@type":"WebPage","@id":"https:\/\/centcols.org\/le-col-du-jandri\/","url":"https:\/\/centcols.org\/le-col-du-jandri\/","name":"De Col du Jandri - Club des Cent Cols","isPartOf":{"@id":"https:\/\/centcols.org\/#website"},"primaryImageOfPage":{"@id":"https:\/\/centcols.org\/le-col-du-jandri\/#primaryimage"},"image":{"@id":"https:\/\/centcols.org\/le-col-du-jandri\/#primaryimage"},"thumbnailUrl":"https:\/\/centcols.org\/wp-content\/uploads\/2026\/01\/jandri-5.jpg","datePublished":"2026-01-31T14:54:09+00:00","dateModified":"2026-03-15T12:31:54+00:00","breadcrumb":{"@id":"https:\/\/centcols.org\/le-col-du-jandri\/#breadcrumb"},"inLanguage":"nl-BE","potentialAction":[{"@type":"ReadAction","target":["https:\/\/centcols.org\/le-col-du-jandri\/"]}]},{"@type":"ImageObject","inLanguage":"nl-BE","@id":"https:\/\/centcols.org\/le-col-du-jandri\/#primaryimage","url":"https:\/\/centcols.org\/wp-content\/uploads\/2026\/01\/jandri-5.jpg","contentUrl":"https:\/\/centcols.org\/wp-content\/uploads\/2026\/01\/jandri-5.jpg","width":490,"height":360},{"@type":"BreadcrumbList","@id":"https:\/\/centcols.org\/le-col-du-jandri\/#breadcrumb","itemListElement":[{"@type":"ListItem","position":1,"name":"Accueil","item":"https:\/\/centcols.org\/"},{"@type":"ListItem","position":2,"name":"Cols en vrac","item":"https:\/\/centcols.org\/rubrique\/cols-en-vrac\/"},{"@type":"ListItem","position":3,"name":"Le Col du Jandri"}]},{"@type":"WebSite","@id":"https:\/\/centcols.org\/#website","url":"https:\/\/centcols.org\/","name":"Club van Cent Cols","description":"","publisher":{"@id":"https:\/\/centcols.org\/#organization"},"potentialAction":[{"@type":"SearchAction","target":{"@type":"EntryPoint","urlTemplate":"https:\/\/centcols.org\/?s={search_term_string}"},"query-input":{"@type":"PropertyValueSpecification","valueRequired":true,"valueName":"search_term_string"}}],"inLanguage":"nl-BE"},{"@type":"Organization","@id":"https:\/\/centcols.org\/#organization","name":"Club van Cent Cols","url":"https:\/\/centcols.org\/","logo":{"@type":"ImageObject","inLanguage":"nl-BE","@id":"https:\/\/centcols.org\/#\/schema\/logo\/image\/","url":"https:\/\/centcols.org\/wp-content\/uploads\/2025\/01\/carte-icone.png","contentUrl":"https:\/\/centcols.org\/wp-content\/uploads\/2025\/01\/carte-icone.png","width":250,"height":250,"caption":"Club des Cent Cols"},"image":{"@id":"https:\/\/centcols.org\/#\/schema\/logo\/image\/"},"sameAs":["https:\/\/www.facebook.com\/groups\/5261880558\/?locale=fr_FR"]},{"@type":"Person","@id":"https:\/\/centcols.org\/#\/schema\/person\/0afae1c765c3b4675d37457765e3e383","name":"Jo\u00eblle Mingat","image":{"@type":"ImageObject","inLanguage":"nl-BE","@id":"https:\/\/centcols.org\/wp-content\/litespeed\/avatar\/8ace1c0eaf9dcc23c49d76c12a17902f.jpg?ver=1777261681","url":"https:\/\/centcols.org\/wp-content\/litespeed\/avatar\/8ace1c0eaf9dcc23c49d76c12a17902f.jpg?ver=1777261681","contentUrl":"https:\/\/centcols.org\/wp-content\/litespeed\/avatar\/8ace1c0eaf9dcc23c49d76c12a17902f.jpg?ver=1777261681","caption":"Jo\u00eblle Mingat"},"url":"https:\/\/centcols.org\/nl\/author\/5345\/"}]}},"_links":{"self":[{"href":"https:\/\/centcols.org\/nl\/wp-json\/wp\/v2\/posts\/93200","targetHints":{"allow":["GET"]}}],"collection":[{"href":"https:\/\/centcols.org\/nl\/wp-json\/wp\/v2\/posts"}],"about":[{"href":"https:\/\/centcols.org\/nl\/wp-json\/wp\/v2\/types\/post"}],"author":[{"embeddable":true,"href":"https:\/\/centcols.org\/nl\/wp-json\/wp\/v2\/users\/1993"}],"replies":[{"embeddable":true,"href":"https:\/\/centcols.org\/nl\/wp-json\/wp\/v2\/comments?post=93200"}],"version-history":[{"count":0,"href":"https:\/\/centcols.org\/nl\/wp-json\/wp\/v2\/posts\/93200\/revisions"}],"wp:featuredmedia":[{"embeddable":true,"href":"https:\/\/centcols.org\/nl\/wp-json\/wp\/v2\/media\/93219"}],"wp:attachment":[{"href":"https:\/\/centcols.org\/nl\/wp-json\/wp\/v2\/media?parent=93200"}],"wp:term":[{"taxonomy":"category","embeddable":true,"href":"https:\/\/centcols.org\/nl\/wp-json\/wp\/v2\/categories?post=93200"},{"taxonomy":"post_tag","embeddable":true,"href":"https:\/\/centcols.org\/nl\/wp-json\/wp\/v2\/tags?post=93200"}],"curies":[{"name":"wp","href":"https:\/\/api.w.org\/{rel}","templated":true}]}}