{"id":93231,"date":"2026-01-31T18:01:05","date_gmt":"2026-01-31T16:01:05","guid":{"rendered":"https:\/\/centcols.org\/?p=93231"},"modified":"2026-02-03T20:11:55","modified_gmt":"2026-02-03T18:11:55","slug":"col-du-vallon","status":"publish","type":"post","link":"https:\/\/centcols.org\/nl\/col-du-vallon\/","title":{"rendered":"De Col du Vallon"},"content":{"rendered":"<p>De Col du Vallon of Col des Tufs (2525m, <a href=\"\/nl\/util\/geo\/visu.php\/?code=FR-73-2530\" type=\"link\" id=\"\/util\/geo\/visu.php?code=FR-73-2530\">FR-73-2530<\/a>, IGN Topo 53 3434-O 048-035) is een prachtig muilezelpad dat ten zuidwesten van de Col de la Croix de Fer (<a href=\"\/nl\/util\/geo\/visu.php\/?code=FR-73-2064a\" type=\"link\" id=\"\/util\/geo\/visu.php?code=FR-73-2064a\">FR-73-2064a<\/a>) in de richting van de Pic de l'\u00c9tendard. Het biedt een prachtig uitzicht op het massief van Sept-Laux in het westen en, voorbij de pas, de prachtige Aiguilles d'Arves in het oosten.<\/p>\n\n\n<div class=\"wp-block-image\">\n<figure class=\"aligncenter size-full\"><img loading=\"lazy\" decoding=\"async\" width=\"332\" height=\"550\" src=\"https:\/\/centcols.org\/wp-content\/uploads\/2026\/01\/col_du_vallon_1.jpg\" alt=\"\" class=\"wp-image-93239\" srcset=\"https:\/\/centcols.org\/wp-content\/uploads\/2026\/01\/col_du_vallon_1.jpg 332w, https:\/\/centcols.org\/wp-content\/uploads\/2026\/01\/col_du_vallon_1-7x12.jpg 7w\" sizes=\"auto, (max-width: 332px) 100vw, 332px\" \/><figcaption class=\"wp-element-caption\">Col du Vallon piste gezien vanaf de Col de Bellard, naar het noorden<\/figcaption><\/figure>\n<\/div>\n\n\n<p><br>Vanaf de Col du Vallon brengt een lus van slechts 5 km je over twee andere passen op meer dan 2000 meter, terwijl je langs de oevers van twee meren loopt die worden gevoed door de smeltende gletsjer Saint-Sorlin.<br>Verlaat Saint-Sorlin d'Arves en beklim de weg naar de Col de la Croix de Fer op 2064m. Sla op de top linksaf een breed pad in dat bijna vlak langs de zijkant van de berg loopt (R1). <br><br>Om 2069 begint de echte klim: 3 km aan een gemiddelde van 15,4%. Het pad is in goede staat, breed en glooiend, maar de helling is erg steil en je moet vaak lopen. Op de top is in het zuiden de Pic de l'\u00c9tendard (3464m) te zien, omringd door glinsterende gletsjers. Daal af (R1) voor ongeveer 300m en sla linksaf naar een smal pad (S2) dat leidt naar de Col Nord des Lacs (2533m). <a href=\"\/nl\/util\/geo\/visu.php\/?code=FR-73-2533a\" type=\"link\" id=\"\/util\/geo\/visu.php?code=FR-73-2533a\">FR-73-2533a<\/a>) in de buurt. Het uitzicht in het oosten is magnifiek, terwijl beneden in het westen het diepblauwe Grand Lac ligt.<\/p>\n\n\n<div class=\"wp-block-image\">\n<figure class=\"aligncenter size-full\"><img loading=\"lazy\" decoding=\"async\" width=\"595\" height=\"392\" src=\"https:\/\/centcols.org\/wp-content\/uploads\/2026\/01\/col_du_vallon_2.jpg\" alt=\"\" class=\"wp-image-93243\" srcset=\"https:\/\/centcols.org\/wp-content\/uploads\/2026\/01\/col_du_vallon_2.jpg 595w, https:\/\/centcols.org\/wp-content\/uploads\/2026\/01\/col_du_vallon_2-18x12.jpg 18w\" sizes=\"auto, (max-width: 595px) 100vw, 595px\" \/><figcaption class=\"wp-element-caption\">Ontmoeting op de top! Op de achtergrond: de Saint-Sorlin gletsjer onder de Pic de l'\u00c9tendard. Achter de muilezel zie je het begin van het S2-pad dat naar de Col Sud des Lacs leidt. Hieronder, het Grand Lac en het pad dat langs de westelijke rand loopt.<\/figcaption><\/figure>\n<\/div>\n\n\n<p>Daal het pad (S2) af dat langs de zijkant van de berg boven het oostelijke meer loopt. Sla aan het einde van het pad linksaf om gemakkelijk de Col Sud des Lacs (2476m) te bereiken. <a href=\"\/nl\/util\/geo\/visu.php\/?code=FR-73-2476b\" type=\"link\" id=\"\/util\/geo\/visu.php?code=FR-73-2476b\">FR-73-2476b<\/a>). Ga een beetje terug in de tijd, steek de dam over bij Lac Blanc en volg het R1-pad langs de westelijke oever van het Grand Lac.<\/p>\n\n\n<div class=\"wp-block-image\">\n<figure class=\"aligncenter size-full\"><img loading=\"lazy\" decoding=\"async\" width=\"594\" height=\"396\" src=\"https:\/\/centcols.org\/wp-content\/uploads\/2026\/01\/col_du_vallon_3.jpg\" alt=\"\" class=\"wp-image-93244\" srcset=\"https:\/\/centcols.org\/wp-content\/uploads\/2026\/01\/col_du_vallon_3.jpg 594w, https:\/\/centcols.org\/wp-content\/uploads\/2026\/01\/col_du_vallon_3-18x12.jpg 18w\" sizes=\"auto, (max-width: 594px) 100vw, 594px\" \/><figcaption class=\"wp-element-caption\">Spoor R1 op de westelijke oever van het Grand Lac richting de refuge de l'\u00c9tendard<\/figcaption><\/figure>\n<\/div>\n\n<div class=\"wp-block-image\">\n<figure class=\"aligncenter size-full\"><img loading=\"lazy\" decoding=\"async\" width=\"600\" height=\"344\" src=\"https:\/\/centcols.org\/wp-content\/uploads\/2026\/01\/col_du_vallon_4.jpg\" alt=\"\" class=\"wp-image-93245\" srcset=\"https:\/\/centcols.org\/wp-content\/uploads\/2026\/01\/col_du_vallon_4.jpg 600w, https:\/\/centcols.org\/wp-content\/uploads\/2026\/01\/col_du_vallon_4-18x10.jpg 18w\" sizes=\"auto, (max-width: 600px) 100vw, 600px\" \/><figcaption class=\"wp-element-caption\">De toppen van de Argenti\u00e8re op de achtergrond van het Grand Lac<\/figcaption><\/figure>\n<\/div>\n\n\n<p>Je komt aan bij de \u00c9tendard refuge, waar je een drankje en een maaltijd kunt bestellen. Een korte klim (R1) brengt je terug naar de Col du Vallon. De terugkeer naar de Col de la Croix de Fer is gemakkelijk op de fiets (R1).<\/p>\n\n\n\n<p>Vier passen boven de 2000 meter in 17 km, met een prachtig landschap. De Col du Vallon is de omwegen meer dan waard.<\/p>\n\n\n\n<p class=\"has-text-align-left\">Ren\u00e9 Poty<\/p>\n\n\n<div class=\"wp-block-image\">\n<figure class=\"aligncenter size-full\"><img loading=\"lazy\" decoding=\"async\" width=\"510\" height=\"291\" src=\"https:\/\/centcols.org\/wp-content\/uploads\/2026\/01\/col_du_vallon_profil.gif\" alt=\"\" class=\"wp-image-93246\"\/><\/figure>\n<\/div>\n\n<div class=\"wp-block-image\">\n<figure class=\"aligncenter size-full\"><img loading=\"lazy\" decoding=\"async\" width=\"413\" height=\"702\" src=\"https:\/\/centcols.org\/wp-content\/uploads\/2026\/01\/col_du_vallon_carte.jpg\" alt=\"\" class=\"wp-image-93247\" srcset=\"https:\/\/centcols.org\/wp-content\/uploads\/2026\/01\/col_du_vallon_carte.jpg 413w, https:\/\/centcols.org\/wp-content\/uploads\/2026\/01\/col_du_vallon_carte-7x12.jpg 7w\" sizes=\"auto, (max-width: 413px) 100vw, 413px\" \/><figcaption class=\"wp-element-caption\">IGN<\/figcaption><\/figure>\n<\/div>\n\n\n<p><\/p>","protected":false},"excerpt":{"rendered":"<p>Le col du Vallon ou col des Tufs (2525m, FR-73-2530, IGN Topo 53 3434-O 048-035) est un passage muletier superbe qui s&rsquo;ouvre au sud-ouest du col de la Croix de Fer (FR-73-2064a) en direction du Pic de l&rsquo;\u00c9tendard. Il offre des points de vue grandioses sur le massif des Sept-Laux \u00e0 l&rsquo;ouest et, au-del\u00e0 du [&hellip;]<\/p>\n","protected":false},"author":682,"featured_media":93261,"comment_status":"closed","ping_status":"closed","sticky":false,"template":"","format":"standard","meta":{"_acf_changed":false,"footnotes":""},"categories":[308],"tags":[],"class_list":["post-93231","post","type-post","status-publish","format-standard","has-post-thumbnail","hentry","category-cols-en-vrac"],"acf":[],"yoast_head":"<!-- This site is optimized with the Yoast SEO plugin v27.2 - https:\/\/yoast.com\/product\/yoast-seo-wordpress\/ -->\n<title>Le col du Vallon - Club des Cent Cols<\/title>\n<meta name=\"robots\" content=\"index, follow, max-snippet:-1, max-image-preview:large, max-video-preview:-1\" \/>\n<link rel=\"canonical\" href=\"https:\/\/centcols.org\/nl\/col-du-vallon\/\" \/>\n<meta property=\"og:locale\" content=\"nl_BE\" \/>\n<meta property=\"og:type\" content=\"article\" \/>\n<meta property=\"og:title\" content=\"Le col du Vallon - Club des Cent Cols\" \/>\n<meta property=\"og:description\" content=\"Le col du Vallon ou col des Tufs (2525m, FR-73-2530, IGN Topo 53 3434-O 048-035) est un passage muletier superbe qui s&rsquo;ouvre au sud-ouest du col de la Croix de Fer (FR-73-2064a) en direction du Pic de l&rsquo;\u00c9tendard. Il offre des points de vue grandioses sur le massif des Sept-Laux \u00e0 l&rsquo;ouest et, au-del\u00e0 du [&hellip;]\" \/>\n<meta property=\"og:url\" content=\"https:\/\/centcols.org\/nl\/col-du-vallon\/\" \/>\n<meta property=\"og:site_name\" content=\"Club des Cent Cols\" \/>\n<meta property=\"article:publisher\" content=\"https:\/\/www.facebook.com\/groups\/5261880558\/?locale=fr_FR\" \/>\n<meta property=\"article:published_time\" content=\"2026-01-31T16:01:05+00:00\" \/>\n<meta property=\"article:modified_time\" content=\"2026-02-03T18:11:55+00:00\" \/>\n<meta property=\"og:image\" content=\"https:\/\/centcols.org\/wp-content\/uploads\/2026\/01\/Vallon_mise_en_avant-1.jpg\" \/>\n\t<meta property=\"og:image:width\" content=\"800\" \/>\n\t<meta property=\"og:image:height\" content=\"499\" \/>\n\t<meta property=\"og:image:type\" content=\"image\/jpeg\" \/>\n<meta name=\"author\" content=\"Paul Levart\" \/>\n<meta name=\"twitter:card\" content=\"summary_large_image\" \/>\n<meta name=\"twitter:label1\" content=\"Geschreven door\" \/>\n\t<meta name=\"twitter:data1\" content=\"Paul Levart\" \/>\n\t<meta name=\"twitter:label2\" content=\"Geschatte leestijd\" \/>\n\t<meta name=\"twitter:data2\" content=\"4 minuten\" \/>\n<script type=\"application\/ld+json\" class=\"yoast-schema-graph\">{\"@context\":\"https:\/\/schema.org\",\"@graph\":[{\"@type\":\"Article\",\"@id\":\"https:\/\/centcols.org\/nl\/col-du-vallon\/#article\",\"isPartOf\":{\"@id\":\"https:\/\/centcols.org\/nl\/col-du-vallon\/\"},\"author\":{\"name\":\"Paul Levart\",\"@id\":\"https:\/\/centcols.org\/#\/schema\/person\/f69e64d42a30af00fb46d8cf7a1d9945\"},\"headline\":\"Le col du Vallon\",\"datePublished\":\"2026-01-31T16:01:05+00:00\",\"dateModified\":\"2026-02-03T18:11:55+00:00\",\"mainEntityOfPage\":{\"@id\":\"https:\/\/centcols.org\/nl\/col-du-vallon\/\"},\"wordCount\":467,\"publisher\":{\"@id\":\"https:\/\/centcols.org\/#organization\"},\"image\":{\"@id\":\"https:\/\/centcols.org\/nl\/col-du-vallon\/#primaryimage\"},\"thumbnailUrl\":\"https:\/\/centcols.org\/wp-content\/uploads\/2026\/01\/Vallon_mise_en_avant-1.jpg\",\"articleSection\":[\"Cols en vrac\"],\"inLanguage\":\"nl-BE\"},{\"@type\":\"WebPage\",\"@id\":\"https:\/\/centcols.org\/nl\/col-du-vallon\/\",\"url\":\"https:\/\/centcols.org\/nl\/col-du-vallon\/\",\"name\":\"Le col du Vallon - Club des Cent Cols\",\"isPartOf\":{\"@id\":\"https:\/\/centcols.org\/#website\"},\"primaryImageOfPage\":{\"@id\":\"https:\/\/centcols.org\/nl\/col-du-vallon\/#primaryimage\"},\"image\":{\"@id\":\"https:\/\/centcols.org\/nl\/col-du-vallon\/#primaryimage\"},\"thumbnailUrl\":\"https:\/\/centcols.org\/wp-content\/uploads\/2026\/01\/Vallon_mise_en_avant-1.jpg\",\"datePublished\":\"2026-01-31T16:01:05+00:00\",\"dateModified\":\"2026-02-03T18:11:55+00:00\",\"breadcrumb\":{\"@id\":\"https:\/\/centcols.org\/nl\/col-du-vallon\/#breadcrumb\"},\"inLanguage\":\"nl-BE\",\"potentialAction\":[{\"@type\":\"ReadAction\",\"target\":[\"https:\/\/centcols.org\/nl\/col-du-vallon\/\"]}]},{\"@type\":\"ImageObject\",\"inLanguage\":\"nl-BE\",\"@id\":\"https:\/\/centcols.org\/nl\/col-du-vallon\/#primaryimage\",\"url\":\"https:\/\/centcols.org\/wp-content\/uploads\/2026\/01\/Vallon_mise_en_avant-1.jpg\",\"contentUrl\":\"https:\/\/centcols.org\/wp-content\/uploads\/2026\/01\/Vallon_mise_en_avant-1.jpg\",\"width\":800,\"height\":499,\"caption\":\"photo F. Crinon\"},{\"@type\":\"BreadcrumbList\",\"@id\":\"https:\/\/centcols.org\/nl\/col-du-vallon\/#breadcrumb\",\"itemListElement\":[{\"@type\":\"ListItem\",\"position\":1,\"name\":\"Accueil\",\"item\":\"https:\/\/centcols.org\/\"},{\"@type\":\"ListItem\",\"position\":2,\"name\":\"Cols en vrac\",\"item\":\"https:\/\/centcols.org\/rubrique\/cols-en-vrac\/\"},{\"@type\":\"ListItem\",\"position\":3,\"name\":\"Le col du Vallon\"}]},{\"@type\":\"WebSite\",\"@id\":\"https:\/\/centcols.org\/#website\",\"url\":\"https:\/\/centcols.org\/\",\"name\":\"Club des Cent Cols\",\"description\":\"\",\"publisher\":{\"@id\":\"https:\/\/centcols.org\/#organization\"},\"potentialAction\":[{\"@type\":\"SearchAction\",\"target\":{\"@type\":\"EntryPoint\",\"urlTemplate\":\"https:\/\/centcols.org\/?s={search_term_string}\"},\"query-input\":{\"@type\":\"PropertyValueSpecification\",\"valueRequired\":true,\"valueName\":\"search_term_string\"}}],\"inLanguage\":\"nl-BE\"},{\"@type\":\"Organization\",\"@id\":\"https:\/\/centcols.org\/#organization\",\"name\":\"Club des Cent Cols\",\"url\":\"https:\/\/centcols.org\/\",\"logo\":{\"@type\":\"ImageObject\",\"inLanguage\":\"nl-BE\",\"@id\":\"https:\/\/centcols.org\/#\/schema\/logo\/image\/\",\"url\":\"https:\/\/centcols.org\/wp-content\/uploads\/2025\/01\/carte-icone.png\",\"contentUrl\":\"https:\/\/centcols.org\/wp-content\/uploads\/2025\/01\/carte-icone.png\",\"width\":250,\"height\":250,\"caption\":\"Club des Cent Cols\"},\"image\":{\"@id\":\"https:\/\/centcols.org\/#\/schema\/logo\/image\/\"},\"sameAs\":[\"https:\/\/www.facebook.com\/groups\/5261880558\/?locale=fr_FR\"]},{\"@type\":\"Person\",\"@id\":\"https:\/\/centcols.org\/#\/schema\/person\/f69e64d42a30af00fb46d8cf7a1d9945\",\"name\":\"Paul Levart\",\"image\":{\"@type\":\"ImageObject\",\"inLanguage\":\"nl-BE\",\"@id\":\"https:\/\/centcols.org\/wp-content\/litespeed\/avatar\/b81f27ef11f03e8b6b3b3019b1b2b4d7.jpg?ver=1777205446\",\"url\":\"https:\/\/centcols.org\/wp-content\/litespeed\/avatar\/b81f27ef11f03e8b6b3b3019b1b2b4d7.jpg?ver=1777205446\",\"contentUrl\":\"https:\/\/centcols.org\/wp-content\/litespeed\/avatar\/b81f27ef11f03e8b6b3b3019b1b2b4d7.jpg?ver=1777205446\",\"caption\":\"Paul Levart\"},\"url\":\"https:\/\/centcols.org\/nl\/author\/4953\/\"}]}<\/script>\n<!-- \/ Yoast SEO plugin. -->","yoast_head_json":{"title":"De Vallonpas - Club des Cent Cols","robots":{"index":"index","follow":"follow","max-snippet":"max-snippet:-1","max-image-preview":"max-image-preview:large","max-video-preview":"max-video-preview:-1"},"canonical":"https:\/\/centcols.org\/nl\/col-du-vallon\/","og_locale":"nl_BE","og_type":"article","og_title":"Le col du Vallon - Club des Cent Cols","og_description":"Le col du Vallon ou col des Tufs (2525m, FR-73-2530, IGN Topo 53 3434-O 048-035) est un passage muletier superbe qui s&rsquo;ouvre au sud-ouest du col de la Croix de Fer (FR-73-2064a) en direction du Pic de l&rsquo;\u00c9tendard. Il offre des points de vue grandioses sur le massif des Sept-Laux \u00e0 l&rsquo;ouest et, au-del\u00e0 du [&hellip;]","og_url":"https:\/\/centcols.org\/nl\/col-du-vallon\/","og_site_name":"Club des Cent Cols","article_publisher":"https:\/\/www.facebook.com\/groups\/5261880558\/?locale=fr_FR","article_published_time":"2026-01-31T16:01:05+00:00","article_modified_time":"2026-02-03T18:11:55+00:00","og_image":[{"width":800,"height":499,"url":"https:\/\/centcols.org\/wp-content\/uploads\/2026\/01\/Vallon_mise_en_avant-1.jpg","type":"image\/jpeg"}],"author":"Paul Levart","twitter_card":"summary_large_image","twitter_misc":{"Geschreven door":"Paul Levart","Geschatte leestijd":"4 minuten"},"schema":{"@context":"https:\/\/schema.org","@graph":[{"@type":"Article","@id":"https:\/\/centcols.org\/nl\/col-du-vallon\/#article","isPartOf":{"@id":"https:\/\/centcols.org\/nl\/col-du-vallon\/"},"author":{"name":"Paul Levart","@id":"https:\/\/centcols.org\/#\/schema\/person\/f69e64d42a30af00fb46d8cf7a1d9945"},"headline":"Le col du Vallon","datePublished":"2026-01-31T16:01:05+00:00","dateModified":"2026-02-03T18:11:55+00:00","mainEntityOfPage":{"@id":"https:\/\/centcols.org\/nl\/col-du-vallon\/"},"wordCount":467,"publisher":{"@id":"https:\/\/centcols.org\/#organization"},"image":{"@id":"https:\/\/centcols.org\/nl\/col-du-vallon\/#primaryimage"},"thumbnailUrl":"https:\/\/centcols.org\/wp-content\/uploads\/2026\/01\/Vallon_mise_en_avant-1.jpg","articleSection":["Cols en vrac"],"inLanguage":"nl-BE"},{"@type":"WebPage","@id":"https:\/\/centcols.org\/nl\/col-du-vallon\/","url":"https:\/\/centcols.org\/nl\/col-du-vallon\/","name":"De Vallonpas - Club des Cent Cols","isPartOf":{"@id":"https:\/\/centcols.org\/#website"},"primaryImageOfPage":{"@id":"https:\/\/centcols.org\/nl\/col-du-vallon\/#primaryimage"},"image":{"@id":"https:\/\/centcols.org\/nl\/col-du-vallon\/#primaryimage"},"thumbnailUrl":"https:\/\/centcols.org\/wp-content\/uploads\/2026\/01\/Vallon_mise_en_avant-1.jpg","datePublished":"2026-01-31T16:01:05+00:00","dateModified":"2026-02-03T18:11:55+00:00","breadcrumb":{"@id":"https:\/\/centcols.org\/nl\/col-du-vallon\/#breadcrumb"},"inLanguage":"nl-BE","potentialAction":[{"@type":"ReadAction","target":["https:\/\/centcols.org\/nl\/col-du-vallon\/"]}]},{"@type":"ImageObject","inLanguage":"nl-BE","@id":"https:\/\/centcols.org\/nl\/col-du-vallon\/#primaryimage","url":"https:\/\/centcols.org\/wp-content\/uploads\/2026\/01\/Vallon_mise_en_avant-1.jpg","contentUrl":"https:\/\/centcols.org\/wp-content\/uploads\/2026\/01\/Vallon_mise_en_avant-1.jpg","width":800,"height":499,"caption":"photo F. Crinon"},{"@type":"BreadcrumbList","@id":"https:\/\/centcols.org\/nl\/col-du-vallon\/#breadcrumb","itemListElement":[{"@type":"ListItem","position":1,"name":"Accueil","item":"https:\/\/centcols.org\/"},{"@type":"ListItem","position":2,"name":"Cols en vrac","item":"https:\/\/centcols.org\/rubrique\/cols-en-vrac\/"},{"@type":"ListItem","position":3,"name":"Le col du Vallon"}]},{"@type":"WebSite","@id":"https:\/\/centcols.org\/#website","url":"https:\/\/centcols.org\/","name":"Club van Cent Cols","description":"","publisher":{"@id":"https:\/\/centcols.org\/#organization"},"potentialAction":[{"@type":"SearchAction","target":{"@type":"EntryPoint","urlTemplate":"https:\/\/centcols.org\/?s={search_term_string}"},"query-input":{"@type":"PropertyValueSpecification","valueRequired":true,"valueName":"search_term_string"}}],"inLanguage":"nl-BE"},{"@type":"Organization","@id":"https:\/\/centcols.org\/#organization","name":"Club van Cent Cols","url":"https:\/\/centcols.org\/","logo":{"@type":"ImageObject","inLanguage":"nl-BE","@id":"https:\/\/centcols.org\/#\/schema\/logo\/image\/","url":"https:\/\/centcols.org\/wp-content\/uploads\/2025\/01\/carte-icone.png","contentUrl":"https:\/\/centcols.org\/wp-content\/uploads\/2025\/01\/carte-icone.png","width":250,"height":250,"caption":"Club des Cent Cols"},"image":{"@id":"https:\/\/centcols.org\/#\/schema\/logo\/image\/"},"sameAs":["https:\/\/www.facebook.com\/groups\/5261880558\/?locale=fr_FR"]},{"@type":"Person","@id":"https:\/\/centcols.org\/#\/schema\/person\/f69e64d42a30af00fb46d8cf7a1d9945","name":"Paul Levart","image":{"@type":"ImageObject","inLanguage":"nl-BE","@id":"https:\/\/centcols.org\/wp-content\/litespeed\/avatar\/b81f27ef11f03e8b6b3b3019b1b2b4d7.jpg?ver=1777205446","url":"https:\/\/centcols.org\/wp-content\/litespeed\/avatar\/b81f27ef11f03e8b6b3b3019b1b2b4d7.jpg?ver=1777205446","contentUrl":"https:\/\/centcols.org\/wp-content\/litespeed\/avatar\/b81f27ef11f03e8b6b3b3019b1b2b4d7.jpg?ver=1777205446","caption":"Paul Levart"},"url":"https:\/\/centcols.org\/nl\/author\/4953\/"}]}},"_links":{"self":[{"href":"https:\/\/centcols.org\/nl\/wp-json\/wp\/v2\/posts\/93231","targetHints":{"allow":["GET"]}}],"collection":[{"href":"https:\/\/centcols.org\/nl\/wp-json\/wp\/v2\/posts"}],"about":[{"href":"https:\/\/centcols.org\/nl\/wp-json\/wp\/v2\/types\/post"}],"author":[{"embeddable":true,"href":"https:\/\/centcols.org\/nl\/wp-json\/wp\/v2\/users\/682"}],"replies":[{"embeddable":true,"href":"https:\/\/centcols.org\/nl\/wp-json\/wp\/v2\/comments?post=93231"}],"version-history":[{"count":0,"href":"https:\/\/centcols.org\/nl\/wp-json\/wp\/v2\/posts\/93231\/revisions"}],"wp:featuredmedia":[{"embeddable":true,"href":"https:\/\/centcols.org\/nl\/wp-json\/wp\/v2\/media\/93261"}],"wp:attachment":[{"href":"https:\/\/centcols.org\/nl\/wp-json\/wp\/v2\/media?parent=93231"}],"wp:term":[{"taxonomy":"category","embeddable":true,"href":"https:\/\/centcols.org\/nl\/wp-json\/wp\/v2\/categories?post=93231"},{"taxonomy":"post_tag","embeddable":true,"href":"https:\/\/centcols.org\/nl\/wp-json\/wp\/v2\/tags?post=93231"}],"curies":[{"name":"wp","href":"https:\/\/api.w.org\/{rel}","templated":true}]}}