{"id":93274,"date":"2026-02-01T17:53:37","date_gmt":"2026-02-01T15:53:37","guid":{"rendered":"https:\/\/centcols.org\/?p=93274"},"modified":"2026-02-13T22:39:23","modified_gmt":"2026-02-13T20:39:23","slug":"col-du-souchet","status":"publish","type":"post","link":"https:\/\/centcols.org\/nl\/col-du-souchet\/","title":{"rendered":"Col du Souchet"},"content":{"rendered":"<p>Vanuit esthetisch oogpunt is de Col du Souchet (<a href=\"\/nl\/util\/geo\/visu.php\/?code=FR-05-2365\">FR-05-2365)<\/a> is ongetwijfeld een van de mooiste in de noordelijke Alpen. Het ligt op het plateau van Emparis (of Parijs) en kijkt uit op het Meije-massief en zijn gletsjers. Het kan worden opgenomen in een luscircuit vanaf Lac du Chambon of, nog spectaculairder, in een traverse naar Le Chazelet en La Grave.<\/p>\n\n\n<div class=\"wp-block-image\">\n<figure class=\"aligncenter size-full is-resized\"><img loading=\"lazy\" decoding=\"async\" width=\"1200\" height=\"640\" src=\"https:\/\/centcols.org\/wp-content\/uploads\/2026\/02\/col-du-souchet.jpg\" alt=\"\" class=\"wp-image-93312\" style=\"width:1000px\" srcset=\"https:\/\/centcols.org\/wp-content\/uploads\/2026\/02\/col-du-souchet.jpg 1200w, https:\/\/centcols.org\/wp-content\/uploads\/2026\/02\/col-du-souchet-768x410.jpg 768w, https:\/\/centcols.org\/wp-content\/uploads\/2026\/02\/col-du-souchet-18x10.jpg 18w\" sizes=\"auto, (max-width: 1200px) 100vw, 1200px\" \/><figcaption class=\"wp-element-caption\">Col du Souchet kaart uit de Centscols \u00aeIGN catalogus<\/figcaption><\/figure>\n<\/div>\n\n<div class=\"wp-block-image\">\n<figure class=\"aligncenter size-full is-resized\"><img loading=\"lazy\" decoding=\"async\" width=\"1200\" height=\"713\" src=\"https:\/\/centcols.org\/wp-content\/uploads\/2026\/01\/souchet-3.jpg\" alt=\"\" class=\"wp-image-93294\" style=\"width:1000px\" srcset=\"https:\/\/centcols.org\/wp-content\/uploads\/2026\/01\/souchet-3.jpg 1200w, https:\/\/centcols.org\/wp-content\/uploads\/2026\/01\/souchet-3-768x456.jpg 768w, https:\/\/centcols.org\/wp-content\/uploads\/2026\/01\/souchet-3-18x12.jpg 18w\" sizes=\"auto, (max-width: 1200px) 100vw, 1200px\" \/><figcaption class=\"wp-element-caption\">Col du Souchet kaart uit de Centscols \u00aeIGN catalogus<\/figcaption><\/figure>\n<\/div>\n\n\n<p>Je kunt de klim beginnen vanaf Le Bourg-d'Oisans (34 km, stijging: 1.641m) of vanaf de stuwdam van het Lac du Chambon (20 km, stijging: 1.320m). Neem na het oversteken van de stuwdam de weg die steil naar het dorp Mizo\u00ebn klimt en verder gaat richting de Col de Sarenne (<a href=\"\/nl\/util\/geo\/visu.php\/?code=FR-38-1999\">FR-38-1999<\/a>). Aan de rechterkant komt de D25 uit bij Besse, een van de mooiste bergdorpen, met zijn huizen ineengedoken op een helling die ooit een aantrekkelijk kenmerk was.<\/p>\n\n\n<div class=\"wp-block-image\">\n<figure class=\"aligncenter size-full\"><img loading=\"lazy\" decoding=\"async\" width=\"526\" height=\"328\" src=\"https:\/\/centcols.org\/wp-content\/uploads\/2026\/01\/vue-du-village-de-Besse.jpg\" alt=\"\" class=\"wp-image-93295\" srcset=\"https:\/\/centcols.org\/wp-content\/uploads\/2026\/01\/vue-du-village-de-Besse.jpg 526w, https:\/\/centcols.org\/wp-content\/uploads\/2026\/01\/vue-du-village-de-Besse-18x12.jpg 18w\" sizes=\"auto, (max-width: 526px) 100vw, 526px\" \/><figcaption class=\"wp-element-caption\">Het dorp Besse gezien vanaf de bochten in het pad dat naar Les Collets leidt.<\/figcaption><\/figure>\n<\/div>\n\n\n<p>Bij Besse kun je, als je zin hebt, een retourtje Les Collets winnen (<a href=\"\/nl\/util\/geo\/visu.php\/?code=FR-38-2044\">FR-38-2044)<\/a> op een R1-pad met prachtig uitzicht op de kronkelende Col de Sarenne <a href=\"\/nl\/util\/geo\/visu.php\/?code=FR-38-1999\">(FR-38-1999<\/a>) in het westen en de Mont-de-Lans gletsjer en La Meije in het zuiden.<\/p>\n\n\n<div class=\"wp-block-image\">\n<figure class=\"aligncenter size-full\"><img loading=\"lazy\" decoding=\"async\" width=\"800\" height=\"512\" src=\"https:\/\/centcols.org\/wp-content\/uploads\/2026\/02\/col_du_souchet_1-1.jpg\" alt=\"\" class=\"wp-image-93301\" srcset=\"https:\/\/centcols.org\/wp-content\/uploads\/2026\/02\/col_du_souchet_1-1.jpg 800w, https:\/\/centcols.org\/wp-content\/uploads\/2026\/02\/col_du_souchet_1-1-768x492.jpg 768w, https:\/\/centcols.org\/wp-content\/uploads\/2026\/02\/col_du_souchet_1-1-18x12.jpg 18w\" sizes=\"auto, (max-width: 800px) 100vw, 800px\" \/><figcaption class=\"wp-element-caption\">Moederlijke tederheid bij Les Collets (<a href=\"\/nl\/util\/geo\/visu.php\/?code=FR-38-2044\">FR-38-2044<\/a>).<br>Op de achtergrond de donkere massa van het Emparis-plateau.<br>In de verte: de Mont-de-Lans gletsjer richting de Jandri pas (<a href=\"\/nl\/util\/geo\/visu.php\/?code=FR-38-3151\">FR-38-3151<\/a>).<\/figcaption><\/figure>\n<\/div>\n\n\n<p>Terug in Besse rijd je verder over de geasfalteerde weg naar Les Granges du Gay. Hier begint een breed R1-pad dat omhoog kronkelt. Een dip in de bergkam geeft de Col Nazi\u00e9 aan. <a href=\"\/nl\/util\/geo\/visu.php\/?code=FR-38-1902b\">(FR-38-1902b<\/a>).<\/p>\n\n\n<div class=\"wp-block-image\">\n<figure class=\"aligncenter size-full\"><img loading=\"lazy\" decoding=\"async\" width=\"800\" height=\"463\" src=\"https:\/\/centcols.org\/wp-content\/uploads\/2026\/02\/col_du_souchet_3.jpg\" alt=\"\" class=\"wp-image-93302\" srcset=\"https:\/\/centcols.org\/wp-content\/uploads\/2026\/02\/col_du_souchet_3.jpg 800w, https:\/\/centcols.org\/wp-content\/uploads\/2026\/02\/col_du_souchet_3-768x444.jpg 768w, https:\/\/centcols.org\/wp-content\/uploads\/2026\/02\/col_du_souchet_3-18x10.jpg 18w\" sizes=\"auto, (max-width: 800px) 100vw, 800px\" \/><figcaption class=\"wp-element-caption\">Links op de foto komt de onderste bergkam overeen met de Col Nazi\u00e9 (<a href=\"\/nl\/util\/geo\/visu.php\/?code=FR-38-1902b\">FR-38-1902b<\/a>), loopt het pad iets onder de pas door. Aan het einde van het kronkelende pad bereik je Chalet Josserand op 2245m, dat het begin van het Emparis-plateau markeert.<\/figcaption><\/figure>\n<\/div>\n\n\n<p>Je moet je fiets 150 meter door het weiland duwen om het begin van het plateau te bereiken. Het pad blijft omhoog kronkelen om de Col de Saint-Georges te bereiken (<a href=\"\/nl\/util\/geo\/visu.php\/?code=FR-38-2245a\">FR-38-2245a<\/a>) vlakbij Chalet Josserand. Aan de rechterkant gaat het R1-pad verder naar de berghut van Mouterres (lunch). Op de terugweg kun je deze route nemen naar Mizo\u00ebn na een schitterende balkonafdaling boven de stuwdam van het Lac du Chambon! Om de Col du Souchet te bereiken (<a href=\"\/nl\/util\/geo\/visu.php\/?code=FR-05-2365\">FR-05-2365<\/a>), verlaat dit pad naar rechts en daal af in de brede vallei van de Rif Tort (S1-2), steek de bergstroom over en beklim de andere kant via het bewegwijzerde pad (S2). Op het hoogste punt komen we bij de Col du Souchet (<a href=\"\/nl\/util\/geo\/visu.php\/?code=FR-05-2365\">FR-05-2365<\/a>). Er zijn prachtige uitzichten op de Meije, het kasteel en de gletsjers...<\/p>\n\n\n<div class=\"wp-block-image\">\n<figure class=\"aligncenter size-full\"><img loading=\"lazy\" decoding=\"async\" width=\"800\" height=\"477\" src=\"https:\/\/centcols.org\/wp-content\/uploads\/2026\/02\/col_du_souchet_4.jpg\" alt=\"\" class=\"wp-image-93308\" srcset=\"https:\/\/centcols.org\/wp-content\/uploads\/2026\/02\/col_du_souchet_4.jpg 800w, https:\/\/centcols.org\/wp-content\/uploads\/2026\/02\/col_du_souchet_4-768x458.jpg 768w, https:\/\/centcols.org\/wp-content\/uploads\/2026\/02\/col_du_souchet_4-18x12.jpg 18w\" sizes=\"auto, (max-width: 800px) 100vw, 800px\" \/><figcaption class=\"wp-element-caption\">Top van de Col du Souchet.<br>Een onvergelijkbaar balkon met uitzicht op het Meije massief op 3982m (de spitse top links).<br> Verder naar rechts: R\u00e2teau 3809m.<\/figcaption><\/figure>\n<\/div>\n\n\n<p>Als je ervoor kiest om over te steken naar Le Chazelet, ga dan rechtdoor. Het pad is gedeeltelijk fietsbaar (S1-2) maar moet worden geduwd (S3) voor de laatste afdaling naar de D33 die naar La Grave leidt.<\/p>\n\n\n<div class=\"wp-block-image\">\n<figure class=\"aligncenter size-full\"><img loading=\"lazy\" decoding=\"async\" width=\"800\" height=\"458\" src=\"https:\/\/centcols.org\/wp-content\/uploads\/2026\/02\/col_du_souchet_profil.gif\" alt=\"\" class=\"wp-image-93309\"\/><figcaption class=\"wp-element-caption\">Profiel van de Col du Souchet vanaf de stuwdam van het Lac du Chambon.<\/figcaption><\/figure>\n<\/div>\n\n\n<p>Tekst en fotocredits door Ren\u00e9 POTY.<\/p>\n\n\n\n<p>Noot van de redactie: in de ledenroutes vind je een route die de Col du Souchet oversteekt. Dit is niet de route die Ren\u00e9 hierboven voorstelt. Deze route draait de andere kant op en biedt tijdens de beklimming prachtige uitzichten op de Meije.<\/p>\n\n\n\n<p class=\"has-text-align-center\"><a href=\"\/nl\/plateau-demparis-vtt\/\">Bekijk de tour<\/a><\/p>","protected":false},"excerpt":{"rendered":"<p>Sur le plan esth\u00e9tique, le col du Souchet (FR-05-2365) est, sans doute, un des plus beaux qui s&rsquo;offre \u00e0 nos app\u00e9tits dans les Alpes du nord. Il se niche sur le plateau d&rsquo; Emparis (ou de Paris) et fait face au massif de la Meije et ses glaciers. On peut l&rsquo;inclure dans un circuit en [&hellip;]<\/p>\n","protected":false},"author":485,"featured_media":93442,"comment_status":"closed","ping_status":"closed","sticky":false,"template":"","format":"standard","meta":{"_acf_changed":false,"footnotes":""},"categories":[308],"tags":[],"class_list":["post-93274","post","type-post","status-publish","format-standard","has-post-thumbnail","hentry","category-cols-en-vrac"],"acf":[],"yoast_head":"<!-- This site is optimized with the Yoast SEO plugin v27.2 - https:\/\/yoast.com\/product\/yoast-seo-wordpress\/ -->\n<title>Col du Souchet - Club des Cent Cols<\/title>\n<meta name=\"robots\" content=\"index, follow, max-snippet:-1, max-image-preview:large, max-video-preview:-1\" \/>\n<link rel=\"canonical\" href=\"https:\/\/centcols.org\/nl\/col-du-souchet\/\" \/>\n<meta property=\"og:locale\" content=\"nl_BE\" \/>\n<meta property=\"og:type\" content=\"article\" \/>\n<meta property=\"og:title\" content=\"Col du Souchet - Club des Cent Cols\" \/>\n<meta property=\"og:description\" content=\"Sur le plan esth\u00e9tique, le col du Souchet (FR-05-2365) est, sans doute, un des plus beaux qui s&rsquo;offre \u00e0 nos app\u00e9tits dans les Alpes du nord. Il se niche sur le plateau d&rsquo; Emparis (ou de Paris) et fait face au massif de la Meije et ses glaciers. On peut l&rsquo;inclure dans un circuit en [&hellip;]\" \/>\n<meta property=\"og:url\" content=\"https:\/\/centcols.org\/nl\/col-du-souchet\/\" \/>\n<meta property=\"og:site_name\" content=\"Club des Cent Cols\" \/>\n<meta property=\"article:publisher\" content=\"https:\/\/www.facebook.com\/groups\/5261880558\/?locale=fr_FR\" \/>\n<meta property=\"article:published_time\" content=\"2026-02-01T15:53:37+00:00\" \/>\n<meta property=\"article:modified_time\" content=\"2026-02-13T20:39:23+00:00\" \/>\n<meta property=\"og:image\" content=\"https:\/\/centcols.org\/wp-content\/uploads\/2026\/02\/4301.jpg\" \/>\n\t<meta property=\"og:image:width\" content=\"800\" \/>\n\t<meta property=\"og:image:height\" content=\"600\" \/>\n\t<meta property=\"og:image:type\" content=\"image\/jpeg\" \/>\n<meta name=\"author\" content=\"Jean-No\u00ebl Jagoda\" \/>\n<meta name=\"twitter:card\" content=\"summary_large_image\" \/>\n<meta name=\"twitter:label1\" content=\"Geschreven door\" \/>\n\t<meta name=\"twitter:data1\" content=\"Jean-No\u00ebl Jagoda\" \/>\n\t<meta name=\"twitter:label2\" content=\"Geschatte leestijd\" \/>\n\t<meta name=\"twitter:data2\" content=\"5 minuten\" \/>\n<script type=\"application\/ld+json\" class=\"yoast-schema-graph\">{\"@context\":\"https:\/\/schema.org\",\"@graph\":[{\"@type\":\"Article\",\"@id\":\"https:\/\/centcols.org\/es\/col-du-souchet\/#article\",\"isPartOf\":{\"@id\":\"https:\/\/centcols.org\/es\/col-du-souchet\/\"},\"author\":{\"name\":\"Jean-No\u00ebl Jagoda\",\"@id\":\"https:\/\/centcols.org\/#\/schema\/person\/30f4299f11521fed498f98ecf9d71664\"},\"headline\":\"Col du Souchet\",\"datePublished\":\"2026-02-01T15:53:37+00:00\",\"dateModified\":\"2026-02-13T20:39:23+00:00\",\"mainEntityOfPage\":{\"@id\":\"https:\/\/centcols.org\/es\/col-du-souchet\/\"},\"wordCount\":669,\"publisher\":{\"@id\":\"https:\/\/centcols.org\/#organization\"},\"image\":{\"@id\":\"https:\/\/centcols.org\/es\/col-du-souchet\/#primaryimage\"},\"thumbnailUrl\":\"https:\/\/centcols.org\/wp-content\/uploads\/2026\/02\/4301.jpg\",\"articleSection\":[\"Cols en vrac\"],\"inLanguage\":\"nl-BE\"},{\"@type\":\"WebPage\",\"@id\":\"https:\/\/centcols.org\/es\/col-du-souchet\/\",\"url\":\"https:\/\/centcols.org\/es\/col-du-souchet\/\",\"name\":\"Col du Souchet - Club des Cent Cols\",\"isPartOf\":{\"@id\":\"https:\/\/centcols.org\/#website\"},\"primaryImageOfPage\":{\"@id\":\"https:\/\/centcols.org\/es\/col-du-souchet\/#primaryimage\"},\"image\":{\"@id\":\"https:\/\/centcols.org\/es\/col-du-souchet\/#primaryimage\"},\"thumbnailUrl\":\"https:\/\/centcols.org\/wp-content\/uploads\/2026\/02\/4301.jpg\",\"datePublished\":\"2026-02-01T15:53:37+00:00\",\"dateModified\":\"2026-02-13T20:39:23+00:00\",\"breadcrumb\":{\"@id\":\"https:\/\/centcols.org\/es\/col-du-souchet\/#breadcrumb\"},\"inLanguage\":\"nl-BE\",\"potentialAction\":[{\"@type\":\"ReadAction\",\"target\":[\"https:\/\/centcols.org\/es\/col-du-souchet\/\"]}]},{\"@type\":\"ImageObject\",\"inLanguage\":\"nl-BE\",\"@id\":\"https:\/\/centcols.org\/es\/col-du-souchet\/#primaryimage\",\"url\":\"https:\/\/centcols.org\/wp-content\/uploads\/2026\/02\/4301.jpg\",\"contentUrl\":\"https:\/\/centcols.org\/wp-content\/uploads\/2026\/02\/4301.jpg\",\"width\":800,\"height\":600,\"caption\":\"La Meije et le R\u00e2teau vus du Col du souchet 2356m\"},{\"@type\":\"BreadcrumbList\",\"@id\":\"https:\/\/centcols.org\/es\/col-du-souchet\/#breadcrumb\",\"itemListElement\":[{\"@type\":\"ListItem\",\"position\":1,\"name\":\"Accueil\",\"item\":\"https:\/\/centcols.org\/\"},{\"@type\":\"ListItem\",\"position\":2,\"name\":\"Cols en vrac\",\"item\":\"https:\/\/centcols.org\/rubrique\/cols-en-vrac\/\"},{\"@type\":\"ListItem\",\"position\":3,\"name\":\"Col du Souchet\"}]},{\"@type\":\"WebSite\",\"@id\":\"https:\/\/centcols.org\/#website\",\"url\":\"https:\/\/centcols.org\/\",\"name\":\"Club des Cent Cols\",\"description\":\"\",\"publisher\":{\"@id\":\"https:\/\/centcols.org\/#organization\"},\"potentialAction\":[{\"@type\":\"SearchAction\",\"target\":{\"@type\":\"EntryPoint\",\"urlTemplate\":\"https:\/\/centcols.org\/?s={search_term_string}\"},\"query-input\":{\"@type\":\"PropertyValueSpecification\",\"valueRequired\":true,\"valueName\":\"search_term_string\"}}],\"inLanguage\":\"nl-BE\"},{\"@type\":\"Organization\",\"@id\":\"https:\/\/centcols.org\/#organization\",\"name\":\"Club des Cent Cols\",\"url\":\"https:\/\/centcols.org\/\",\"logo\":{\"@type\":\"ImageObject\",\"inLanguage\":\"nl-BE\",\"@id\":\"https:\/\/centcols.org\/#\/schema\/logo\/image\/\",\"url\":\"https:\/\/centcols.org\/wp-content\/uploads\/2025\/01\/carte-icone.png\",\"contentUrl\":\"https:\/\/centcols.org\/wp-content\/uploads\/2025\/01\/carte-icone.png\",\"width\":250,\"height\":250,\"caption\":\"Club des Cent Cols\"},\"image\":{\"@id\":\"https:\/\/centcols.org\/#\/schema\/logo\/image\/\"},\"sameAs\":[\"https:\/\/www.facebook.com\/groups\/5261880558\/?locale=fr_FR\"]},{\"@type\":\"Person\",\"@id\":\"https:\/\/centcols.org\/#\/schema\/person\/30f4299f11521fed498f98ecf9d71664\",\"name\":\"Jean-No\u00ebl Jagoda\",\"image\":{\"@type\":\"ImageObject\",\"inLanguage\":\"nl-BE\",\"@id\":\"https:\/\/centcols.org\/wp-content\/litespeed\/avatar\/4a9472068cd97156227754c35cd56ded.jpg?ver=1777248804\",\"url\":\"https:\/\/centcols.org\/wp-content\/litespeed\/avatar\/4a9472068cd97156227754c35cd56ded.jpg?ver=1777248804\",\"contentUrl\":\"https:\/\/centcols.org\/wp-content\/litespeed\/avatar\/4a9472068cd97156227754c35cd56ded.jpg?ver=1777248804\",\"caption\":\"Jean-No\u00ebl Jagoda\"},\"url\":\"https:\/\/centcols.org\/nl\/author\/7270\/\"}]}<\/script>\n<!-- \/ Yoast SEO plugin. -->","yoast_head_json":{"title":"Col du Souchet - Club des Cent Cols","robots":{"index":"index","follow":"follow","max-snippet":"max-snippet:-1","max-image-preview":"max-image-preview:large","max-video-preview":"max-video-preview:-1"},"canonical":"https:\/\/centcols.org\/nl\/col-du-souchet\/","og_locale":"nl_BE","og_type":"article","og_title":"Col du Souchet - Club des Cent Cols","og_description":"Sur le plan esth\u00e9tique, le col du Souchet (FR-05-2365) est, sans doute, un des plus beaux qui s&rsquo;offre \u00e0 nos app\u00e9tits dans les Alpes du nord. Il se niche sur le plateau d&rsquo; Emparis (ou de Paris) et fait face au massif de la Meije et ses glaciers. On peut l&rsquo;inclure dans un circuit en [&hellip;]","og_url":"https:\/\/centcols.org\/nl\/col-du-souchet\/","og_site_name":"Club des Cent Cols","article_publisher":"https:\/\/www.facebook.com\/groups\/5261880558\/?locale=fr_FR","article_published_time":"2026-02-01T15:53:37+00:00","article_modified_time":"2026-02-13T20:39:23+00:00","og_image":[{"width":800,"height":600,"url":"https:\/\/centcols.org\/wp-content\/uploads\/2026\/02\/4301.jpg","type":"image\/jpeg"}],"author":"Jean-No\u00ebl Jagoda","twitter_card":"summary_large_image","twitter_misc":{"Geschreven door":"Jean-No\u00ebl Jagoda","Geschatte leestijd":"5 minuten"},"schema":{"@context":"https:\/\/schema.org","@graph":[{"@type":"Article","@id":"https:\/\/centcols.org\/es\/col-du-souchet\/#article","isPartOf":{"@id":"https:\/\/centcols.org\/es\/col-du-souchet\/"},"author":{"name":"Jean-No\u00ebl Jagoda","@id":"https:\/\/centcols.org\/#\/schema\/person\/30f4299f11521fed498f98ecf9d71664"},"headline":"Col du Souchet","datePublished":"2026-02-01T15:53:37+00:00","dateModified":"2026-02-13T20:39:23+00:00","mainEntityOfPage":{"@id":"https:\/\/centcols.org\/es\/col-du-souchet\/"},"wordCount":669,"publisher":{"@id":"https:\/\/centcols.org\/#organization"},"image":{"@id":"https:\/\/centcols.org\/es\/col-du-souchet\/#primaryimage"},"thumbnailUrl":"https:\/\/centcols.org\/wp-content\/uploads\/2026\/02\/4301.jpg","articleSection":["Cols en vrac"],"inLanguage":"nl-BE"},{"@type":"WebPage","@id":"https:\/\/centcols.org\/es\/col-du-souchet\/","url":"https:\/\/centcols.org\/es\/col-du-souchet\/","name":"Col du Souchet - Club des Cent Cols","isPartOf":{"@id":"https:\/\/centcols.org\/#website"},"primaryImageOfPage":{"@id":"https:\/\/centcols.org\/es\/col-du-souchet\/#primaryimage"},"image":{"@id":"https:\/\/centcols.org\/es\/col-du-souchet\/#primaryimage"},"thumbnailUrl":"https:\/\/centcols.org\/wp-content\/uploads\/2026\/02\/4301.jpg","datePublished":"2026-02-01T15:53:37+00:00","dateModified":"2026-02-13T20:39:23+00:00","breadcrumb":{"@id":"https:\/\/centcols.org\/es\/col-du-souchet\/#breadcrumb"},"inLanguage":"nl-BE","potentialAction":[{"@type":"ReadAction","target":["https:\/\/centcols.org\/es\/col-du-souchet\/"]}]},{"@type":"ImageObject","inLanguage":"nl-BE","@id":"https:\/\/centcols.org\/es\/col-du-souchet\/#primaryimage","url":"https:\/\/centcols.org\/wp-content\/uploads\/2026\/02\/4301.jpg","contentUrl":"https:\/\/centcols.org\/wp-content\/uploads\/2026\/02\/4301.jpg","width":800,"height":600,"caption":"La Meije et le R\u00e2teau vus du Col du souchet 2356m"},{"@type":"BreadcrumbList","@id":"https:\/\/centcols.org\/es\/col-du-souchet\/#breadcrumb","itemListElement":[{"@type":"ListItem","position":1,"name":"Accueil","item":"https:\/\/centcols.org\/"},{"@type":"ListItem","position":2,"name":"Cols en vrac","item":"https:\/\/centcols.org\/rubrique\/cols-en-vrac\/"},{"@type":"ListItem","position":3,"name":"Col du Souchet"}]},{"@type":"WebSite","@id":"https:\/\/centcols.org\/#website","url":"https:\/\/centcols.org\/","name":"Club van Cent Cols","description":"","publisher":{"@id":"https:\/\/centcols.org\/#organization"},"potentialAction":[{"@type":"SearchAction","target":{"@type":"EntryPoint","urlTemplate":"https:\/\/centcols.org\/?s={search_term_string}"},"query-input":{"@type":"PropertyValueSpecification","valueRequired":true,"valueName":"search_term_string"}}],"inLanguage":"nl-BE"},{"@type":"Organization","@id":"https:\/\/centcols.org\/#organization","name":"Club van Cent Cols","url":"https:\/\/centcols.org\/","logo":{"@type":"ImageObject","inLanguage":"nl-BE","@id":"https:\/\/centcols.org\/#\/schema\/logo\/image\/","url":"https:\/\/centcols.org\/wp-content\/uploads\/2025\/01\/carte-icone.png","contentUrl":"https:\/\/centcols.org\/wp-content\/uploads\/2025\/01\/carte-icone.png","width":250,"height":250,"caption":"Club des Cent Cols"},"image":{"@id":"https:\/\/centcols.org\/#\/schema\/logo\/image\/"},"sameAs":["https:\/\/www.facebook.com\/groups\/5261880558\/?locale=fr_FR"]},{"@type":"Person","@id":"https:\/\/centcols.org\/#\/schema\/person\/30f4299f11521fed498f98ecf9d71664","name":"Jean-No\u00ebl Jagoda","image":{"@type":"ImageObject","inLanguage":"nl-BE","@id":"https:\/\/centcols.org\/wp-content\/litespeed\/avatar\/4a9472068cd97156227754c35cd56ded.jpg?ver=1777248804","url":"https:\/\/centcols.org\/wp-content\/litespeed\/avatar\/4a9472068cd97156227754c35cd56ded.jpg?ver=1777248804","contentUrl":"https:\/\/centcols.org\/wp-content\/litespeed\/avatar\/4a9472068cd97156227754c35cd56ded.jpg?ver=1777248804","caption":"Jean-No\u00ebl Jagoda"},"url":"https:\/\/centcols.org\/nl\/author\/7270\/"}]}},"_links":{"self":[{"href":"https:\/\/centcols.org\/nl\/wp-json\/wp\/v2\/posts\/93274","targetHints":{"allow":["GET"]}}],"collection":[{"href":"https:\/\/centcols.org\/nl\/wp-json\/wp\/v2\/posts"}],"about":[{"href":"https:\/\/centcols.org\/nl\/wp-json\/wp\/v2\/types\/post"}],"author":[{"embeddable":true,"href":"https:\/\/centcols.org\/nl\/wp-json\/wp\/v2\/users\/485"}],"replies":[{"embeddable":true,"href":"https:\/\/centcols.org\/nl\/wp-json\/wp\/v2\/comments?post=93274"}],"version-history":[{"count":0,"href":"https:\/\/centcols.org\/nl\/wp-json\/wp\/v2\/posts\/93274\/revisions"}],"wp:featuredmedia":[{"embeddable":true,"href":"https:\/\/centcols.org\/nl\/wp-json\/wp\/v2\/media\/93442"}],"wp:attachment":[{"href":"https:\/\/centcols.org\/nl\/wp-json\/wp\/v2\/media?parent=93274"}],"wp:term":[{"taxonomy":"category","embeddable":true,"href":"https:\/\/centcols.org\/nl\/wp-json\/wp\/v2\/categories?post=93274"},{"taxonomy":"post_tag","embeddable":true,"href":"https:\/\/centcols.org\/nl\/wp-json\/wp\/v2\/tags?post=93274"}],"curies":[{"name":"wp","href":"https:\/\/api.w.org\/{rel}","templated":true}]}}