{"id":93328,"date":"2026-02-01T16:20:15","date_gmt":"2026-02-01T14:20:15","guid":{"rendered":"https:\/\/centcols.org\/?p=93328"},"modified":"2026-02-01T22:15:21","modified_gmt":"2026-02-01T20:15:21","slug":"col-vallee-etroite","status":"publish","type":"post","link":"https:\/\/centcols.org\/nl\/col-vallee-etroite\/","title":{"rendered":"De Vall\u00e9e \u00c9troite pas"},"content":{"rendered":"<p>De Vall\u00e9e \u00c9troite pas (<a href=\"\/nl\/util\/geo\/visu.php\/?code=FR-05-2445c\" type=\"link\" id=\"\/util\/geo\/visu.php?code=FR-05-2445c\">FR-05-2445c<\/a>) is een discrete pas, overschaduwd door zijn bekendere buren: in het westen, de Col des Rochilles (<a href=\"\/nl\/util\/geo\/visu.php\/?code=FR-73-2496\" type=\"link\" id=\"\/util\/geo\/visu.php?code=FR-73-2496\">FR-05-2496<\/a>) en in het oosten de Fr\u00e9juspas (<a href=\"\/nl\/util\/geo\/visu.php\/?code=FR-73-2540\" type=\"link\" id=\"\/util\/geo\/visu.php?code=FR-73-2540\">FR-73-2540<\/a> of <a href=\"\/nl\/util\/geo\/visu.php\/?code=IT-TO-2540\" type=\"link\" id=\"\/util\/geo\/visu.php?code=IT-TO-2540\">IT-TO-2540<\/a>). Toch is deze pas een van de oudste traditionele oversteekplaatsen tussen de Maurienne (Modane) en de Piemonte (Bardon\u00e8che) aan de voet van de prachtige Mont Thabor (3178m).<\/p>\n\n\n\n<p>De Vall\u00e9e \u00c9troite pas werd opgenomen in de 30-40 jaar van de XX<sup>e<\/sup> Destijds was het een grenspas en onderdeel van de \u00abMaginotlinie\u00bb van de Alpen. Sinds de Frans-Italiaanse akkoorden van 1947 is de grens uitgebreid tot slechts een paar kilometer van Melezet, waardoor de Vall\u00e9e \u00c9troite in Franse handen is gekomen. Hoewel er hier geen soldaten zijn, wordt de pas nu gebruikt door veel wandelaars op de GR5. De Vall\u00e9e \u00c9troite pas kan aan beide kanten worden beklommen.<\/p>\n\n\n\n<p>Hier zie je een glimp van de zuidkant. Verlaat Melezet via een mooie weg die een eerste helling beklimt om de kleine vlakte van Pian de Colle te bereiken. Rechts, op de helling, de veters van de Col de l'\u00c9chelle (<a href=\"\/nl\/util\/geo\/visu.php\/?code=FR-05-1762\" type=\"link\" id=\"\/util\/geo\/visu.php?code=FR-05-1762\">FR-05-1762<\/a>) die je in de Clar\u00e9e-vallei naar N\u00e9vache brengt. Na het oversteken van de (symbolische) grens loopt een tweede steile helling langs een kleine dam. Vijf haarspeldbochten hoger maakt het asfalt plaats voor een breed R1-pad dat uiteindelijk naar de Plaine de Vauzenet leidt. Dit zal het geval zijn tijdens de hele klim, die in opeenvolgende stappen verloopt als een reusachtige trap.<\/p>\n\n\n\n<p>De vallei is prachtig en wie goed op de hoogte is, ziet dat het een typische gletsjervallei is, met zijn verticale wanden en voeten vol machtige steenslag. De lariksbomen zijn overal, als weerspiegeling van het droge, zonnige klimaat, en het heldere water van de bergstroom, die het pad grotendeels volgt, draagt bij aan de charme. Na een schaapskooi (hoogte 1711m) komt het asfalt weer tevoorschijn en vier haarspeldbochten later bereik je de \u00abGranges de La vall\u00e9e \u00c9troite\u00bb, het startpunt van vele wandeltochten. Er zijn hier enkele gastvrije schuilhutten en je kunt er iets eten om op krachten te komen voor wat komen gaat... Neem niet het pad dat tussen de huizen doorloopt, maar ga om het gehucht heen op de helling aan de linkerkant (GR5 markeringen). Het pad is nog steeds goed te fietsen tot aan de Pont de la Fonderie (aan de voet van oude mijnen). Let op, deze brug is niet de brug die rechts duidelijk zichtbaar is (hoogte 1697m), hij ligt verborgen onder de lariksen, verder stroomopwaarts (volg de bordjes). Hier begint het zwaarste deel van de klim (zie 1 op de bijgevoegde kaart).<\/p>\n\n\n\n<figure class=\"wp-block-gallery has-nested-images columns-default is-cropped wp-block-gallery-1 is-layout-flex wp-block-gallery-is-layout-flex\">\n<figure class=\"wp-block-image size-full\"><img loading=\"lazy\" decoding=\"async\" width=\"244\" height=\"502\" data-id=\"93340\" src=\"https:\/\/centcols.org\/wp-content\/uploads\/2026\/02\/vallee_etroite_carte_debut.jpg\" alt=\"\" class=\"wp-image-93340\" srcset=\"https:\/\/centcols.org\/wp-content\/uploads\/2026\/02\/vallee_etroite_carte_debut.jpg 244w, https:\/\/centcols.org\/wp-content\/uploads\/2026\/02\/vallee_etroite_carte_debut-6x12.jpg 6w\" sizes=\"auto, (max-width: 244px) 100vw, 244px\" \/><figcaption class=\"wp-element-caption\"><br><br><br>IGN<\/figcaption><\/figure>\n\n\n\n<figure class=\"wp-block-image size-full\"><img loading=\"lazy\" decoding=\"async\" width=\"374\" height=\"420\" data-id=\"93341\" src=\"https:\/\/centcols.org\/wp-content\/uploads\/2026\/02\/vallee_etroite_carte_sommet.jpg\" alt=\"\" class=\"wp-image-93341\" srcset=\"https:\/\/centcols.org\/wp-content\/uploads\/2026\/02\/vallee_etroite_carte_sommet.jpg 374w, https:\/\/centcols.org\/wp-content\/uploads\/2026\/02\/vallee_etroite_carte_sommet-11x12.jpg 11w\" sizes=\"auto, (max-width: 374px) 100vw, 374px\" \/><figcaption class=\"wp-element-caption\">IGN<\/figcaption><\/figure>\n<\/figure>\n\n\n\n<p>Vanaf nu is er maar \u00e9\u00e9n pad. Het begint met een S3 push voor ongeveer 250m, dan volgt een S2 landing, voordat je een vrij steile gletsjersluis oversteekt: S3-4 voor 500m. Maar wat een uitzicht vanaf de top! Gletsjererosie heeft prachtige, typische gevlekte rotsen achtergelaten. Het pad wordt weer gedeeltelijk fietspad en daalt geleidelijk af naar de Vallon en Plaine de Tavernette waar de bergstroom meandert, terwijl de Mont Thabor aan de linkerkant de wacht houdt. Het landschap is woest en prachtig. Maar deze gelukzaligheid stuit al snel op de tweede moeilijkheid van de klim (zie 2 op de bijgevoegde kaart). We moeten een laatste sluis oversteken over een pad bezaaid met keien (S3-4 voor ongeveer 500m), maar phew! Het grootste deel is gedaan en we bereiken de col (2445m) vrij snel zonder al te veel moeite (S1, S2). Het landschap op de top is prachtig, heel wild. In het westen kun je de schuilplaats van de Mont Thabor zien en als je in die richting gaat, bereik je in vijf minuten de Passage Sainte-Marguerite, gemarkeerd met een kruis.<\/p>\n\n\n\n<figure class=\"wp-block-gallery has-nested-images columns-default is-cropped wp-block-gallery-2 is-layout-flex wp-block-gallery-is-layout-flex\">\n<figure class=\"wp-block-image size-full\"><img loading=\"lazy\" decoding=\"async\" width=\"348\" height=\"542\" data-id=\"93347\" src=\"https:\/\/centcols.org\/wp-content\/uploads\/2026\/02\/vallee_etroite_photo1.jpg\" alt=\"\" class=\"wp-image-93347\" srcset=\"https:\/\/centcols.org\/wp-content\/uploads\/2026\/02\/vallee_etroite_photo1.jpg 348w, https:\/\/centcols.org\/wp-content\/uploads\/2026\/02\/vallee_etroite_photo1-8x12.jpg 8w\" sizes=\"auto, (max-width: 348px) 100vw, 348px\" \/><figcaption class=\"wp-element-caption\">Brug Fonderie (1910m) over de beek Vall\u00e9e \u00c9troite<\/figcaption><\/figure>\n\n\n\n<figure class=\"wp-block-image size-full\"><img loading=\"lazy\" decoding=\"async\" width=\"352\" height=\"534\" data-id=\"93348\" src=\"https:\/\/centcols.org\/wp-content\/uploads\/2026\/02\/vallee_etroite_photo2.jpg\" alt=\"\" class=\"wp-image-93348\" srcset=\"https:\/\/centcols.org\/wp-content\/uploads\/2026\/02\/vallee_etroite_photo2.jpg 352w, https:\/\/centcols.org\/wp-content\/uploads\/2026\/02\/vallee_etroite_photo2-8x12.jpg 8w\" sizes=\"auto, (max-width: 352px) 100vw, 352px\" \/><figcaption class=\"wp-element-caption\">Eerste lastige sectie (gemarkeerd op de kaart: 1). S3-4 voor ongeveer 500m<\/figcaption><\/figure>\n<\/figure>\n\n\n\n<figure class=\"wp-block-gallery has-nested-images columns-default is-cropped wp-block-gallery-3 is-layout-flex wp-block-gallery-is-layout-flex\">\n<figure class=\"wp-block-image size-full\"><img loading=\"lazy\" decoding=\"async\" width=\"356\" height=\"534\" data-id=\"93349\" src=\"https:\/\/centcols.org\/wp-content\/uploads\/2026\/02\/vallee_etroite_photo3.jpg\" alt=\"\" class=\"wp-image-93349\" srcset=\"https:\/\/centcols.org\/wp-content\/uploads\/2026\/02\/vallee_etroite_photo3.jpg 356w, https:\/\/centcols.org\/wp-content\/uploads\/2026\/02\/vallee_etroite_photo3-8x12.jpg 8w\" sizes=\"auto, (max-width: 356px) 100vw, 356px\" \/><figcaption class=\"wp-element-caption\">Terug op de fiets (S1-2) na de 2<sup>e<\/sup> delicate doorgang (S3-4)<br>over een afstand van ongeveer 400 m, op de kaart in 2<\/figcaption><\/figure>\n\n\n\n<figure class=\"wp-block-image size-full\"><img loading=\"lazy\" decoding=\"async\" width=\"526\" height=\"360\" data-id=\"93351\" src=\"https:\/\/centcols.org\/wp-content\/uploads\/2026\/02\/vallee_etroite_photo4.jpg\" alt=\"\" class=\"wp-image-93351\" srcset=\"https:\/\/centcols.org\/wp-content\/uploads\/2026\/02\/vallee_etroite_photo4.jpg 526w, https:\/\/centcols.org\/wp-content\/uploads\/2026\/02\/vallee_etroite_photo4-18x12.jpg 18w\" sizes=\"auto, (max-width: 526px) 100vw, 526px\" \/><figcaption class=\"wp-element-caption\">Top van de Vall\u00e9e \u00c9troite pas (2445m).<br> Toegang tot de Passage aan de rechterkant<br>Sainte Marguerite (2434m). Mont Thabor toevluchtsoord op ongeveer 20 minuten afstand<\/figcaption><\/figure>\n<\/figure>\n\n\n\n<p>De afdaling naar de andere kant van de Col de la Vall\u00e9e \u00c9troite wordt gemaakt bij 90% op de fiets. Neem een pad S1-2 naar rechts en je komt uit boven de Col de la Replanette (<a href=\"\/nl\/util\/geo\/visu.php\/?code=FR-73-2338\" type=\"link\" id=\"\/util\/geo\/visu.php?code=FR-73-2338\">FR-73-2338<\/a>) en vanaf deze pas, door de alpenweiden (HS1), vinden we een spoor R1-2 en vervolgens R1 naar het chalet de la Replanette. Dan begint een weelderige afdaling naar het skioord Le Charmaix, waar je terugkeert naar asfalt en Modane aan de voet van de Maurienne-vallei (1400 m stijgen vanaf de Col de la Vall\u00e9e \u00c9troite!).<\/p>\n\n\n\n<figure class=\"wp-block-image size-full\"><img loading=\"lazy\" decoding=\"async\" width=\"344\" height=\"518\" src=\"https:\/\/centcols.org\/wp-content\/uploads\/2026\/02\/vallee_etroite_photo5.jpg\" alt=\"\" class=\"wp-image-93357\" srcset=\"https:\/\/centcols.org\/wp-content\/uploads\/2026\/02\/vallee_etroite_photo5.jpg 344w, https:\/\/centcols.org\/wp-content\/uploads\/2026\/02\/vallee_etroite_photo5-8x12.jpg 8w\" sizes=\"auto, (max-width: 344px) 100vw, 344px\" \/><figcaption class=\"wp-element-caption\">Col de la Vall\u00e9e \u00c9troite: noordzijde. Het S2-pad is duidelijk zichtbaar.<br>Foto genomen vanaf het S1-2 pad dat naar de Replanette-pas leidt<\/figcaption><\/figure>\n\n\n\n<figure class=\"wp-block-image size-full\"><img loading=\"lazy\" decoding=\"async\" width=\"526\" height=\"356\" src=\"https:\/\/centcols.org\/wp-content\/uploads\/2026\/02\/vallee_etroite_photo6.jpg\" alt=\"\" class=\"wp-image-93358\" srcset=\"https:\/\/centcols.org\/wp-content\/uploads\/2026\/02\/vallee_etroite_photo6.jpg 526w, https:\/\/centcols.org\/wp-content\/uploads\/2026\/02\/vallee_etroite_photo6-18x12.jpg 18w\" sizes=\"auto, (max-width: 526px) 100vw, 526px\" \/><figcaption class=\"wp-element-caption\">Uitzicht naar het noorden vanaf het voetpad van de Col de la Replanette.<br>Het chalet van La Replanette kan worden gezien<\/figcaption><\/figure>\n\n\n\n<figure class=\"wp-block-image size-full is-resized\"><img loading=\"lazy\" decoding=\"async\" width=\"450\" height=\"275\" src=\"https:\/\/centcols.org\/wp-content\/uploads\/2026\/02\/vallee_etroite_profil.jpg\" alt=\"\" class=\"wp-image-93359\" style=\"width:546px;height:auto\" srcset=\"https:\/\/centcols.org\/wp-content\/uploads\/2026\/02\/vallee_etroite_profil.jpg 450w, https:\/\/centcols.org\/wp-content\/uploads\/2026\/02\/vallee_etroite_profil-18x12.jpg 18w\" sizes=\"auto, (max-width: 450px) 100vw, 450px\" \/><\/figure>\n\n\n\n<p>Tekst en foto's door Ren\u00e9 Poty<\/p>\n\n\n\n<p><\/p>","protected":false},"excerpt":{"rendered":"<p>Le col de la Vall\u00e9e \u00c9troite (FR-05-2445c) est un col discret, \u00e9clips\u00e9 par ses voisins plus c\u00e9l\u00e8bres : \u00e0 l&rsquo;ouest, le col des Rochilles (FR-05-2496) et \u00e0 l&rsquo;est, le col du Fr\u00e9jus (FR-73-2540 ou IT-TO-2540). Ce col est pourtant un des passages traditionnels les plus anciens entre la Maurienne (Modane) et le Pi\u00e9mont (Bardon\u00e8che) au [&hellip;]<\/p>\n","protected":false},"author":682,"featured_media":93361,"comment_status":"closed","ping_status":"closed","sticky":false,"template":"","format":"standard","meta":{"_acf_changed":false,"footnotes":""},"categories":[308],"tags":[],"class_list":["post-93328","post","type-post","status-publish","format-standard","has-post-thumbnail","hentry","category-cols-en-vrac"],"acf":[],"yoast_head":"<!-- This site is optimized with the Yoast SEO plugin v27.2 - https:\/\/yoast.com\/product\/yoast-seo-wordpress\/ -->\n<title>Le col de la Vall\u00e9e \u00c9troite - Club des Cent Cols<\/title>\n<meta name=\"robots\" content=\"index, follow, max-snippet:-1, max-image-preview:large, max-video-preview:-1\" \/>\n<link rel=\"canonical\" href=\"https:\/\/centcols.org\/nl\/col-vallee-etroite\/\" \/>\n<meta property=\"og:locale\" content=\"nl_BE\" \/>\n<meta property=\"og:type\" content=\"article\" \/>\n<meta property=\"og:title\" content=\"Le col de la Vall\u00e9e \u00c9troite - Club des Cent Cols\" \/>\n<meta property=\"og:description\" content=\"Le col de la Vall\u00e9e \u00c9troite (FR-05-2445c) est un col discret, \u00e9clips\u00e9 par ses voisins plus c\u00e9l\u00e8bres : \u00e0 l&rsquo;ouest, le col des Rochilles (FR-05-2496) et \u00e0 l&rsquo;est, le col du Fr\u00e9jus (FR-73-2540 ou IT-TO-2540). Ce col est pourtant un des passages traditionnels les plus anciens entre la Maurienne (Modane) et le Pi\u00e9mont (Bardon\u00e8che) au [&hellip;]\" \/>\n<meta property=\"og:url\" content=\"https:\/\/centcols.org\/nl\/col-vallee-etroite\/\" \/>\n<meta property=\"og:site_name\" content=\"Club des Cent Cols\" \/>\n<meta property=\"article:publisher\" content=\"https:\/\/www.facebook.com\/groups\/5261880558\/?locale=fr_FR\" \/>\n<meta property=\"article:published_time\" content=\"2026-02-01T14:20:15+00:00\" \/>\n<meta property=\"article:modified_time\" content=\"2026-02-01T20:15:21+00:00\" \/>\n<meta property=\"og:image\" content=\"https:\/\/centcols.org\/wp-content\/uploads\/2026\/02\/vallee_etroite_mise_en_avant.jpg\" \/>\n\t<meta property=\"og:image:width\" content=\"799\" \/>\n\t<meta property=\"og:image:height\" content=\"599\" \/>\n\t<meta property=\"og:image:type\" content=\"image\/jpeg\" \/>\n<meta name=\"author\" content=\"Paul Levart\" \/>\n<meta name=\"twitter:card\" content=\"summary_large_image\" \/>\n<meta name=\"twitter:label1\" content=\"Geschreven door\" \/>\n\t<meta name=\"twitter:data1\" content=\"Paul Levart\" \/>\n\t<meta name=\"twitter:label2\" content=\"Geschatte leestijd\" \/>\n\t<meta name=\"twitter:data2\" content=\"7 minuten\" \/>\n<script type=\"application\/ld+json\" class=\"yoast-schema-graph\">{\"@context\":\"https:\/\/schema.org\",\"@graph\":[{\"@type\":\"Article\",\"@id\":\"https:\/\/centcols.org\/es\/col-vallee-etroite\/#article\",\"isPartOf\":{\"@id\":\"https:\/\/centcols.org\/es\/col-vallee-etroite\/\"},\"author\":{\"name\":\"Paul Levart\",\"@id\":\"https:\/\/centcols.org\/#\/schema\/person\/f69e64d42a30af00fb46d8cf7a1d9945\"},\"headline\":\"Le col de la Vall\u00e9e \u00c9troite\",\"datePublished\":\"2026-02-01T14:20:15+00:00\",\"dateModified\":\"2026-02-01T20:15:21+00:00\",\"mainEntityOfPage\":{\"@id\":\"https:\/\/centcols.org\/es\/col-vallee-etroite\/\"},\"wordCount\":916,\"publisher\":{\"@id\":\"https:\/\/centcols.org\/#organization\"},\"image\":{\"@id\":\"https:\/\/centcols.org\/es\/col-vallee-etroite\/#primaryimage\"},\"thumbnailUrl\":\"https:\/\/centcols.org\/wp-content\/uploads\/2026\/02\/vallee_etroite_mise_en_avant.jpg\",\"articleSection\":[\"Cols en vrac\"],\"inLanguage\":\"nl-BE\"},{\"@type\":\"WebPage\",\"@id\":\"https:\/\/centcols.org\/es\/col-vallee-etroite\/\",\"url\":\"https:\/\/centcols.org\/es\/col-vallee-etroite\/\",\"name\":\"Le col de la Vall\u00e9e \u00c9troite - Club des Cent Cols\",\"isPartOf\":{\"@id\":\"https:\/\/centcols.org\/#website\"},\"primaryImageOfPage\":{\"@id\":\"https:\/\/centcols.org\/es\/col-vallee-etroite\/#primaryimage\"},\"image\":{\"@id\":\"https:\/\/centcols.org\/es\/col-vallee-etroite\/#primaryimage\"},\"thumbnailUrl\":\"https:\/\/centcols.org\/wp-content\/uploads\/2026\/02\/vallee_etroite_mise_en_avant.jpg\",\"datePublished\":\"2026-02-01T14:20:15+00:00\",\"dateModified\":\"2026-02-01T20:15:21+00:00\",\"breadcrumb\":{\"@id\":\"https:\/\/centcols.org\/es\/col-vallee-etroite\/#breadcrumb\"},\"inLanguage\":\"nl-BE\",\"potentialAction\":[{\"@type\":\"ReadAction\",\"target\":[\"https:\/\/centcols.org\/es\/col-vallee-etroite\/\"]}]},{\"@type\":\"ImageObject\",\"inLanguage\":\"nl-BE\",\"@id\":\"https:\/\/centcols.org\/es\/col-vallee-etroite\/#primaryimage\",\"url\":\"https:\/\/centcols.org\/wp-content\/uploads\/2026\/02\/vallee_etroite_mise_en_avant.jpg\",\"contentUrl\":\"https:\/\/centcols.org\/wp-content\/uploads\/2026\/02\/vallee_etroite_mise_en_avant.jpg\",\"width\":799,\"height\":599},{\"@type\":\"BreadcrumbList\",\"@id\":\"https:\/\/centcols.org\/es\/col-vallee-etroite\/#breadcrumb\",\"itemListElement\":[{\"@type\":\"ListItem\",\"position\":1,\"name\":\"Accueil\",\"item\":\"https:\/\/centcols.org\/\"},{\"@type\":\"ListItem\",\"position\":2,\"name\":\"Cols en vrac\",\"item\":\"https:\/\/centcols.org\/rubrique\/cols-en-vrac\/\"},{\"@type\":\"ListItem\",\"position\":3,\"name\":\"Le col de la Vall\u00e9e \u00c9troite\"}]},{\"@type\":\"WebSite\",\"@id\":\"https:\/\/centcols.org\/#website\",\"url\":\"https:\/\/centcols.org\/\",\"name\":\"Club des Cent Cols\",\"description\":\"\",\"publisher\":{\"@id\":\"https:\/\/centcols.org\/#organization\"},\"potentialAction\":[{\"@type\":\"SearchAction\",\"target\":{\"@type\":\"EntryPoint\",\"urlTemplate\":\"https:\/\/centcols.org\/?s={search_term_string}\"},\"query-input\":{\"@type\":\"PropertyValueSpecification\",\"valueRequired\":true,\"valueName\":\"search_term_string\"}}],\"inLanguage\":\"nl-BE\"},{\"@type\":\"Organization\",\"@id\":\"https:\/\/centcols.org\/#organization\",\"name\":\"Club des Cent Cols\",\"url\":\"https:\/\/centcols.org\/\",\"logo\":{\"@type\":\"ImageObject\",\"inLanguage\":\"nl-BE\",\"@id\":\"https:\/\/centcols.org\/#\/schema\/logo\/image\/\",\"url\":\"https:\/\/centcols.org\/wp-content\/uploads\/2025\/01\/carte-icone.png\",\"contentUrl\":\"https:\/\/centcols.org\/wp-content\/uploads\/2025\/01\/carte-icone.png\",\"width\":250,\"height\":250,\"caption\":\"Club des Cent Cols\"},\"image\":{\"@id\":\"https:\/\/centcols.org\/#\/schema\/logo\/image\/\"},\"sameAs\":[\"https:\/\/www.facebook.com\/groups\/5261880558\/?locale=fr_FR\"]},{\"@type\":\"Person\",\"@id\":\"https:\/\/centcols.org\/#\/schema\/person\/f69e64d42a30af00fb46d8cf7a1d9945\",\"name\":\"Paul Levart\",\"image\":{\"@type\":\"ImageObject\",\"inLanguage\":\"nl-BE\",\"@id\":\"https:\/\/centcols.org\/wp-content\/litespeed\/avatar\/b81f27ef11f03e8b6b3b3019b1b2b4d7.jpg?ver=1777205446\",\"url\":\"https:\/\/centcols.org\/wp-content\/litespeed\/avatar\/b81f27ef11f03e8b6b3b3019b1b2b4d7.jpg?ver=1777205446\",\"contentUrl\":\"https:\/\/centcols.org\/wp-content\/litespeed\/avatar\/b81f27ef11f03e8b6b3b3019b1b2b4d7.jpg?ver=1777205446\",\"caption\":\"Paul Levart\"},\"url\":\"https:\/\/centcols.org\/nl\/author\/4953\/\"}]}<\/script>\n<!-- \/ Yoast SEO plugin. -->","yoast_head_json":{"title":"De Vall\u00e9e \u00c9troite Pas - Club des Cent Cols","robots":{"index":"index","follow":"follow","max-snippet":"max-snippet:-1","max-image-preview":"max-image-preview:large","max-video-preview":"max-video-preview:-1"},"canonical":"https:\/\/centcols.org\/nl\/col-vallee-etroite\/","og_locale":"nl_BE","og_type":"article","og_title":"Le col de la Vall\u00e9e \u00c9troite - Club des Cent Cols","og_description":"Le col de la Vall\u00e9e \u00c9troite (FR-05-2445c) est un col discret, \u00e9clips\u00e9 par ses voisins plus c\u00e9l\u00e8bres : \u00e0 l&rsquo;ouest, le col des Rochilles (FR-05-2496) et \u00e0 l&rsquo;est, le col du Fr\u00e9jus (FR-73-2540 ou IT-TO-2540). Ce col est pourtant un des passages traditionnels les plus anciens entre la Maurienne (Modane) et le Pi\u00e9mont (Bardon\u00e8che) au [&hellip;]","og_url":"https:\/\/centcols.org\/nl\/col-vallee-etroite\/","og_site_name":"Club des Cent Cols","article_publisher":"https:\/\/www.facebook.com\/groups\/5261880558\/?locale=fr_FR","article_published_time":"2026-02-01T14:20:15+00:00","article_modified_time":"2026-02-01T20:15:21+00:00","og_image":[{"width":799,"height":599,"url":"https:\/\/centcols.org\/wp-content\/uploads\/2026\/02\/vallee_etroite_mise_en_avant.jpg","type":"image\/jpeg"}],"author":"Paul Levart","twitter_card":"summary_large_image","twitter_misc":{"Geschreven door":"Paul Levart","Geschatte leestijd":"7 minuten"},"schema":{"@context":"https:\/\/schema.org","@graph":[{"@type":"Article","@id":"https:\/\/centcols.org\/es\/col-vallee-etroite\/#article","isPartOf":{"@id":"https:\/\/centcols.org\/es\/col-vallee-etroite\/"},"author":{"name":"Paul Levart","@id":"https:\/\/centcols.org\/#\/schema\/person\/f69e64d42a30af00fb46d8cf7a1d9945"},"headline":"Le col de la Vall\u00e9e \u00c9troite","datePublished":"2026-02-01T14:20:15+00:00","dateModified":"2026-02-01T20:15:21+00:00","mainEntityOfPage":{"@id":"https:\/\/centcols.org\/es\/col-vallee-etroite\/"},"wordCount":916,"publisher":{"@id":"https:\/\/centcols.org\/#organization"},"image":{"@id":"https:\/\/centcols.org\/es\/col-vallee-etroite\/#primaryimage"},"thumbnailUrl":"https:\/\/centcols.org\/wp-content\/uploads\/2026\/02\/vallee_etroite_mise_en_avant.jpg","articleSection":["Cols en vrac"],"inLanguage":"nl-BE"},{"@type":"WebPage","@id":"https:\/\/centcols.org\/es\/col-vallee-etroite\/","url":"https:\/\/centcols.org\/es\/col-vallee-etroite\/","name":"De Vall\u00e9e \u00c9troite Pas - Club des Cent Cols","isPartOf":{"@id":"https:\/\/centcols.org\/#website"},"primaryImageOfPage":{"@id":"https:\/\/centcols.org\/es\/col-vallee-etroite\/#primaryimage"},"image":{"@id":"https:\/\/centcols.org\/es\/col-vallee-etroite\/#primaryimage"},"thumbnailUrl":"https:\/\/centcols.org\/wp-content\/uploads\/2026\/02\/vallee_etroite_mise_en_avant.jpg","datePublished":"2026-02-01T14:20:15+00:00","dateModified":"2026-02-01T20:15:21+00:00","breadcrumb":{"@id":"https:\/\/centcols.org\/es\/col-vallee-etroite\/#breadcrumb"},"inLanguage":"nl-BE","potentialAction":[{"@type":"ReadAction","target":["https:\/\/centcols.org\/es\/col-vallee-etroite\/"]}]},{"@type":"ImageObject","inLanguage":"nl-BE","@id":"https:\/\/centcols.org\/es\/col-vallee-etroite\/#primaryimage","url":"https:\/\/centcols.org\/wp-content\/uploads\/2026\/02\/vallee_etroite_mise_en_avant.jpg","contentUrl":"https:\/\/centcols.org\/wp-content\/uploads\/2026\/02\/vallee_etroite_mise_en_avant.jpg","width":799,"height":599},{"@type":"BreadcrumbList","@id":"https:\/\/centcols.org\/es\/col-vallee-etroite\/#breadcrumb","itemListElement":[{"@type":"ListItem","position":1,"name":"Accueil","item":"https:\/\/centcols.org\/"},{"@type":"ListItem","position":2,"name":"Cols en vrac","item":"https:\/\/centcols.org\/rubrique\/cols-en-vrac\/"},{"@type":"ListItem","position":3,"name":"Le col de la Vall\u00e9e \u00c9troite"}]},{"@type":"WebSite","@id":"https:\/\/centcols.org\/#website","url":"https:\/\/centcols.org\/","name":"Club van Cent Cols","description":"","publisher":{"@id":"https:\/\/centcols.org\/#organization"},"potentialAction":[{"@type":"SearchAction","target":{"@type":"EntryPoint","urlTemplate":"https:\/\/centcols.org\/?s={search_term_string}"},"query-input":{"@type":"PropertyValueSpecification","valueRequired":true,"valueName":"search_term_string"}}],"inLanguage":"nl-BE"},{"@type":"Organization","@id":"https:\/\/centcols.org\/#organization","name":"Club van Cent Cols","url":"https:\/\/centcols.org\/","logo":{"@type":"ImageObject","inLanguage":"nl-BE","@id":"https:\/\/centcols.org\/#\/schema\/logo\/image\/","url":"https:\/\/centcols.org\/wp-content\/uploads\/2025\/01\/carte-icone.png","contentUrl":"https:\/\/centcols.org\/wp-content\/uploads\/2025\/01\/carte-icone.png","width":250,"height":250,"caption":"Club des Cent Cols"},"image":{"@id":"https:\/\/centcols.org\/#\/schema\/logo\/image\/"},"sameAs":["https:\/\/www.facebook.com\/groups\/5261880558\/?locale=fr_FR"]},{"@type":"Person","@id":"https:\/\/centcols.org\/#\/schema\/person\/f69e64d42a30af00fb46d8cf7a1d9945","name":"Paul Levart","image":{"@type":"ImageObject","inLanguage":"nl-BE","@id":"https:\/\/centcols.org\/wp-content\/litespeed\/avatar\/b81f27ef11f03e8b6b3b3019b1b2b4d7.jpg?ver=1777205446","url":"https:\/\/centcols.org\/wp-content\/litespeed\/avatar\/b81f27ef11f03e8b6b3b3019b1b2b4d7.jpg?ver=1777205446","contentUrl":"https:\/\/centcols.org\/wp-content\/litespeed\/avatar\/b81f27ef11f03e8b6b3b3019b1b2b4d7.jpg?ver=1777205446","caption":"Paul Levart"},"url":"https:\/\/centcols.org\/nl\/author\/4953\/"}]}},"_links":{"self":[{"href":"https:\/\/centcols.org\/nl\/wp-json\/wp\/v2\/posts\/93328","targetHints":{"allow":["GET"]}}],"collection":[{"href":"https:\/\/centcols.org\/nl\/wp-json\/wp\/v2\/posts"}],"about":[{"href":"https:\/\/centcols.org\/nl\/wp-json\/wp\/v2\/types\/post"}],"author":[{"embeddable":true,"href":"https:\/\/centcols.org\/nl\/wp-json\/wp\/v2\/users\/682"}],"replies":[{"embeddable":true,"href":"https:\/\/centcols.org\/nl\/wp-json\/wp\/v2\/comments?post=93328"}],"version-history":[{"count":0,"href":"https:\/\/centcols.org\/nl\/wp-json\/wp\/v2\/posts\/93328\/revisions"}],"wp:featuredmedia":[{"embeddable":true,"href":"https:\/\/centcols.org\/nl\/wp-json\/wp\/v2\/media\/93361"}],"wp:attachment":[{"href":"https:\/\/centcols.org\/nl\/wp-json\/wp\/v2\/media?parent=93328"}],"wp:term":[{"taxonomy":"category","embeddable":true,"href":"https:\/\/centcols.org\/nl\/wp-json\/wp\/v2\/categories?post=93328"},{"taxonomy":"post_tag","embeddable":true,"href":"https:\/\/centcols.org\/nl\/wp-json\/wp\/v2\/tags?post=93328"}],"curies":[{"name":"wp","href":"https:\/\/api.w.org\/{rel}","templated":true}]}}