{"id":93469,"date":"2026-03-14T14:14:14","date_gmt":"2026-03-14T12:14:14","guid":{"rendered":"https:\/\/centcols.org\/?p=93469"},"modified":"2026-04-03T10:44:16","modified_gmt":"2026-04-03T08:44:16","slug":"de-col-des-rochilles","status":"publish","type":"post","link":"https:\/\/centcols.org\/nl\/le-col-des-rochilles\/","title":{"rendered":"De Col des Rochilles"},"content":{"rendered":"<p><\/p>\n\n\n\n<p>De Col des Rochilles, verlengd door de seuil des Rochilles, is een zeer oude alpenpas die de Maurienne- en de Clar\u00e9e-vallei met elkaar verbindt in de richting van Brian\u00e7on. In feite is het makkelijker dan de Col du Galibier, omdat de hoogte 150 meter lager is. Maar nu de geasfalteerde weg het heeft overgenomen, is de Col des Rochilles het domein van militairen gebleven en tegenwoordig van wandelaars. Het gebied van de Rochilles leent zich goed voor een \u00aboff-tarmac\u00bb ontdekking van de bergen: een fietspad van 95%, een grandioos landschap onaangetast door toeristische ontwikkeling, prachtige smaragdgroene meren op hoogte, en.... vijf passen boven de 2000 m: een essentieel paspoort om de broederschap binnen te gaan.<\/p>\n\n\n\n<p>Verlaat Valloire en neem de D902 richting Galibier. Sla bij Plan Lachat linksaf een breed pad in (R1). Dit neemt je mee de Valloirette vallei in naar een schaapskooi genaamd \u00ables Mottets\u00bb. Dit is het begin van een reeks goed gemarkeerde haarspeldbochten die de benijde Galibier-route en de prachtige Aiguilles d'Arve in de verte onthullen. De Col de la PLATE komt uit op een zeer vlak parcours, gelijk met een klein gebouw uit militaire tijden. Vervolgens kom je bij een groot keteldal met min of meer verlaten barakken in het midden: dit is het kamp van Rochilles. Er rest ons niets anders dan de laatste aanval te doen over een pad dat je moet duwen om de Col des Rochilles te bereiken. Het terrein is prachtig. Aan de andere kant van de pas glinsteren twee mooie meren, overzien door gekartelde bergtoppen, terwijl de vallei van de Clar\u00e9e zich in de verte opent. Op de top van deze pas kunt u rechtsaf slaan naar een S2-pad (zeldzame S1-gedeelten) dat naar de Col des CERCES leidt. Je kunt terugkeren naar Les Mottets door deze pas over te steken en vervolgens het Lac des Cerces te volgen. Als alternatief, terug op de Col des Rochilles, neem je het R1 pad naar beneden naar de noordelijke oever van het Lac du Grand Ban. Vanaf hier leidt een S2-pad gemakkelijk naar de Col de la PLAGNETTE. Keer terug naar de oever van het meer. Het R1 pad loopt langs het Lac Rond, aan het einde waarvan zich de SEUIL des ROCHILLES bevindt (voormalige grensmarkering). Verder is er alleen een S2-3 pad, met korte stukken S4, naar de toevluchtsoord Dray\u00e8res in de vallei van de Clar\u00e9e. De klim op deze oostelijke helling is dus veel moeilijker, dus het is beter om te moeten afdalen! Voorbij de berghut voegt de R1 track zich bij de asfaltweg die via N\u00e9vache naar Brian\u00e7on leidt. Bewonder onderweg een van de laatste wilde valleien in de Alpen: de sublieme Vall\u00e9e de la Clar\u00e9e.<\/p>\n\n\n\n<p>Ren\u00e9 Poty<\/p>\n\n\n\n<p>73-2496 col des Rochilles 54 3435-E 277-095<\/p>\n\n\n<div class=\"wp-block-image\">\n<figure class=\"alignleft size-full\"><img loading=\"lazy\" decoding=\"async\" width=\"717\" height=\"434\" src=\"https:\/\/centcols.org\/wp-content\/uploads\/2026\/02\/col_des_rochilles_carte.jpg\" alt=\"\" class=\"wp-image-93470\" srcset=\"https:\/\/centcols.org\/wp-content\/uploads\/2026\/02\/col_des_rochilles_carte.jpg 717w, https:\/\/centcols.org\/wp-content\/uploads\/2026\/02\/col_des_rochilles_carte-18x12.jpg 18w\" sizes=\"auto, (max-width: 717px) 100vw, 717px\" \/><\/figure>\n<\/div>\n\n<div class=\"wp-block-image\">\n<figure class=\"alignright size-full\"><img loading=\"lazy\" decoding=\"async\" width=\"706\" height=\"545\" src=\"https:\/\/centcols.org\/wp-content\/uploads\/2026\/02\/col_des_rochilles_profil.gif\" alt=\"\" class=\"wp-image-94443\"\/><\/figure>\n<\/div>\n\n<div class=\"wp-block-image\">\n<figure class=\"aligncenter size-full\"><img loading=\"lazy\" decoding=\"async\" width=\"356\" height=\"550\" src=\"https:\/\/centcols.org\/wp-content\/uploads\/2026\/03\/col_des_rochilles_1-ArriveePiste-Col-de-la-Pare2412m.jpg\" alt=\"\" class=\"wp-image-94444\" srcset=\"https:\/\/centcols.org\/wp-content\/uploads\/2026\/03\/col_des_rochilles_1-ArriveePiste-Col-de-la-Pare2412m.jpg 356w, https:\/\/centcols.org\/wp-content\/uploads\/2026\/03\/col_des_rochilles_1-ArriveePiste-Col-de-la-Pare2412m-8x12.jpg 8w\" sizes=\"auto, (max-width: 356px) 100vw, 356px\" \/><figcaption class=\"wp-element-caption\">Aankomst van de Rochilles route op de Col de la Pare (2412m) onder de Pic de l'Aigle<\/figcaption><\/figure>\n<\/div>\n\n\n<p><\/p>\n\n\n\n<p><\/p>\n\n\n\n<figure class=\"wp-block-gallery has-nested-images columns-default is-cropped wp-block-gallery-1 is-layout-flex wp-block-gallery-is-layout-flex\">\n<figure class=\"wp-block-image size-large is-style-default\"><img loading=\"lazy\" decoding=\"async\" width=\"360\" height=\"550\" data-id=\"94448\" src=\"https:\/\/centcols.org\/wp-content\/uploads\/2026\/03\/col_des_rochilles_3-Vue-du-lac-Grand-Ban-1.jpg\" alt=\"\" class=\"wp-image-94448\" srcset=\"https:\/\/centcols.org\/wp-content\/uploads\/2026\/03\/col_des_rochilles_3-Vue-du-lac-Grand-Ban-1.jpg 360w, https:\/\/centcols.org\/wp-content\/uploads\/2026\/03\/col_des_rochilles_3-Vue-du-lac-Grand-Ban-1-8x12.jpg 8w\" sizes=\"auto, (max-width: 360px) 100vw, 360px\" \/><figcaption class=\"wp-element-caption\">Col des Rochilles en zijn toegangspad - Uitzicht op het Lac du Grand Ban - Oostelijke helling<\/figcaption><\/figure>\n\n\n\n<figure class=\"wp-block-image size-large is-style-default\"><img loading=\"lazy\" decoding=\"async\" width=\"550\" height=\"360\" data-id=\"94449\" src=\"https:\/\/centcols.org\/wp-content\/uploads\/2026\/03\/col_des_rochilles_4-Col-des-Cerces2574m-VueLacGrandBan.jpg\" alt=\"\" class=\"wp-image-94449\" srcset=\"https:\/\/centcols.org\/wp-content\/uploads\/2026\/03\/col_des_rochilles_4-Col-des-Cerces2574m-VueLacGrandBan.jpg 550w, https:\/\/centcols.org\/wp-content\/uploads\/2026\/03\/col_des_rochilles_4-Col-des-Cerces2574m-VueLacGrandBan-18x12.jpg 18w\" sizes=\"auto, (max-width: 550px) 100vw, 550px\" \/><figcaption class=\"wp-element-caption\">Col des Cerces (2574m) - Uitzicht op Lac du Grand Ban<\/figcaption><\/figure>\n\n\n\n<figure class=\"wp-block-image size-large\"><img loading=\"lazy\" decoding=\"async\" width=\"550\" height=\"368\" data-id=\"94450\" src=\"https:\/\/centcols.org\/wp-content\/uploads\/2026\/03\/col_des_rochilles_5-Col-de-la-Plagnette-VueSentierColDesCerces.jpg\" alt=\"\" class=\"wp-image-94450\" srcset=\"https:\/\/centcols.org\/wp-content\/uploads\/2026\/03\/col_des_rochilles_5-Col-de-la-Plagnette-VueSentierColDesCerces.jpg 550w, https:\/\/centcols.org\/wp-content\/uploads\/2026\/03\/col_des_rochilles_5-Col-de-la-Plagnette-VueSentierColDesCerces-18x12.jpg 18w\" sizes=\"auto, (max-width: 550px) 100vw, 550px\" \/><figcaption class=\"wp-element-caption\">Col de la Plagnette (2510m) - Uitzicht vanaf het Col des Cerces pad - Op de achtergrond: Col de la Plagnette pad<\/figcaption><\/figure>\n\n\n\n<figure class=\"wp-block-image size-large\"><img loading=\"lazy\" decoding=\"async\" width=\"550\" height=\"364\" data-id=\"94451\" src=\"https:\/\/centcols.org\/wp-content\/uploads\/2026\/03\/col_des_rochilles_6-Seuil-des-Rochilles-LacRond.jpg\" alt=\"\" class=\"wp-image-94451\" srcset=\"https:\/\/centcols.org\/wp-content\/uploads\/2026\/03\/col_des_rochilles_6-Seuil-des-Rochilles-LacRond.jpg 550w, https:\/\/centcols.org\/wp-content\/uploads\/2026\/03\/col_des_rochilles_6-Seuil-des-Rochilles-LacRond-18x12.jpg 18w\" sizes=\"auto, (max-width: 550px) 100vw, 550px\" \/><figcaption class=\"wp-element-caption\">Seuil des Rochilles (2459m) - Uitzicht op Lac Rond (oostkant)<\/figcaption><\/figure>\n\n\n\n<figure class=\"wp-block-image size-large\"><img loading=\"lazy\" decoding=\"async\" width=\"590\" height=\"332\" data-id=\"94452\" src=\"https:\/\/centcols.org\/wp-content\/uploads\/2026\/03\/col_des_rochilles_7-BorneFrontiere92.jpg\" alt=\"\" class=\"wp-image-94452\" srcset=\"https:\/\/centcols.org\/wp-content\/uploads\/2026\/03\/col_des_rochilles_7-BorneFrontiere92.jpg 590w, https:\/\/centcols.org\/wp-content\/uploads\/2026\/03\/col_des_rochilles_7-BorneFrontiere92-18x10.jpg 18w\" sizes=\"auto, (max-width: 590px) 100vw, 590px\" \/><figcaption class=\"wp-element-caption\">Grenspaal 92 (Seuil des Rochilles): voormalige grens tussen het Koninkrijk Piemonte (kruis) en het Koninkrijk Frankrijk (fleur-de-lys)<\/figcaption><\/figure>\n<\/figure>\n\n\n\n<p><\/p>","protected":false},"excerpt":{"rendered":"<p>Le col des Rochilles, prolong\u00e9 par le seuil des Rochilles, est un tr\u00e8s ancien passage alpin reliant la vall\u00e9e de la Maurienne et la vall\u00e9e de la Clar\u00e9e vers Brian\u00e7on. Un passage tout compte fait plus ais\u00e9 que le col du Galibier puisque situ\u00e9 \u00e0 une altitude inf\u00e9rieure de 150 m. Mais la route goudronn\u00e9e [&hellip;]<\/p>\n","protected":false},"author":1993,"featured_media":94445,"comment_status":"closed","ping_status":"closed","sticky":false,"template":"","format":"standard","meta":{"_acf_changed":false,"footnotes":""},"categories":[308],"tags":[],"class_list":["post-93469","post","type-post","status-publish","format-standard","has-post-thumbnail","hentry","category-cols-en-vrac"],"acf":[],"yoast_head":"<!-- This site is optimized with the Yoast SEO plugin v27.2 - https:\/\/yoast.com\/product\/yoast-seo-wordpress\/ -->\n<title>Le Col des Rochilles - Club des Cent Cols<\/title>\n<meta name=\"robots\" content=\"index, follow, max-snippet:-1, max-image-preview:large, max-video-preview:-1\" \/>\n<link rel=\"canonical\" href=\"https:\/\/centcols.org\/nl\/de-col-des-rochilles\/\" \/>\n<meta property=\"og:locale\" content=\"nl_BE\" \/>\n<meta property=\"og:type\" content=\"article\" \/>\n<meta property=\"og:title\" content=\"Le Col des Rochilles - Club des Cent Cols\" \/>\n<meta property=\"og:description\" content=\"Le col des Rochilles, prolong\u00e9 par le seuil des Rochilles, est un tr\u00e8s ancien passage alpin reliant la vall\u00e9e de la Maurienne et la vall\u00e9e de la Clar\u00e9e vers Brian\u00e7on. Un passage tout compte fait plus ais\u00e9 que le col du Galibier puisque situ\u00e9 \u00e0 une altitude inf\u00e9rieure de 150 m. Mais la route goudronn\u00e9e [&hellip;]\" \/>\n<meta property=\"og:url\" content=\"https:\/\/centcols.org\/nl\/de-col-des-rochilles\/\" \/>\n<meta property=\"og:site_name\" content=\"Club des Cent Cols\" \/>\n<meta property=\"article:publisher\" content=\"https:\/\/www.facebook.com\/groups\/5261880558\/?locale=fr_FR\" \/>\n<meta property=\"article:published_time\" content=\"2026-03-14T12:14:14+00:00\" \/>\n<meta property=\"article:modified_time\" content=\"2026-04-03T08:44:16+00:00\" \/>\n<meta property=\"og:image\" content=\"https:\/\/centcols.org\/wp-content\/uploads\/2026\/03\/col_des_rochilles_2-CampDesRochillesvueDuColDesRochilles.jpg\" \/>\n\t<meta property=\"og:image:width\" content=\"546\" \/>\n\t<meta property=\"og:image:height\" content=\"360\" \/>\n\t<meta property=\"og:image:type\" content=\"image\/jpeg\" \/>\n<meta name=\"author\" content=\"Jo\u00eblle Mingat\" \/>\n<meta name=\"twitter:card\" content=\"summary_large_image\" \/>\n<meta name=\"twitter:label1\" content=\"Geschreven door\" \/>\n\t<meta name=\"twitter:data1\" content=\"Jo\u00eblle Mingat\" \/>\n\t<meta name=\"twitter:label2\" content=\"Geschatte leestijd\" \/>\n\t<meta name=\"twitter:data2\" content=\"5 minuten\" \/>\n<script type=\"application\/ld+json\" class=\"yoast-schema-graph\">{\"@context\":\"https:\/\/schema.org\",\"@graph\":[{\"@type\":\"Article\",\"@id\":\"https:\/\/centcols.org\/nl\/le-col-des-rochilles\/#article\",\"isPartOf\":{\"@id\":\"https:\/\/centcols.org\/nl\/le-col-des-rochilles\/\"},\"author\":{\"name\":\"Jo\u00eblle Mingat\",\"@id\":\"https:\/\/centcols.org\/#\/schema\/person\/0afae1c765c3b4675d37457765e3e383\"},\"headline\":\"Le Col des Rochilles\",\"datePublished\":\"2026-03-14T12:14:14+00:00\",\"dateModified\":\"2026-04-03T08:44:16+00:00\",\"mainEntityOfPage\":{\"@id\":\"https:\/\/centcols.org\/nl\/le-col-des-rochilles\/\"},\"wordCount\":606,\"publisher\":{\"@id\":\"https:\/\/centcols.org\/#organization\"},\"image\":{\"@id\":\"https:\/\/centcols.org\/nl\/le-col-des-rochilles\/#primaryimage\"},\"thumbnailUrl\":\"https:\/\/centcols.org\/wp-content\/uploads\/2026\/03\/col_des_rochilles_2-CampDesRochillesvueDuColDesRochilles.jpg\",\"articleSection\":[\"Cols en vrac\"],\"inLanguage\":\"nl-BE\"},{\"@type\":\"WebPage\",\"@id\":\"https:\/\/centcols.org\/nl\/le-col-des-rochilles\/\",\"url\":\"https:\/\/centcols.org\/nl\/le-col-des-rochilles\/\",\"name\":\"Le Col des Rochilles - Club des Cent Cols\",\"isPartOf\":{\"@id\":\"https:\/\/centcols.org\/#website\"},\"primaryImageOfPage\":{\"@id\":\"https:\/\/centcols.org\/nl\/le-col-des-rochilles\/#primaryimage\"},\"image\":{\"@id\":\"https:\/\/centcols.org\/nl\/le-col-des-rochilles\/#primaryimage\"},\"thumbnailUrl\":\"https:\/\/centcols.org\/wp-content\/uploads\/2026\/03\/col_des_rochilles_2-CampDesRochillesvueDuColDesRochilles.jpg\",\"datePublished\":\"2026-03-14T12:14:14+00:00\",\"dateModified\":\"2026-04-03T08:44:16+00:00\",\"breadcrumb\":{\"@id\":\"https:\/\/centcols.org\/nl\/le-col-des-rochilles\/#breadcrumb\"},\"inLanguage\":\"nl-BE\",\"potentialAction\":[{\"@type\":\"ReadAction\",\"target\":[\"https:\/\/centcols.org\/nl\/le-col-des-rochilles\/\"]}]},{\"@type\":\"ImageObject\",\"inLanguage\":\"nl-BE\",\"@id\":\"https:\/\/centcols.org\/nl\/le-col-des-rochilles\/#primaryimage\",\"url\":\"https:\/\/centcols.org\/wp-content\/uploads\/2026\/03\/col_des_rochilles_2-CampDesRochillesvueDuColDesRochilles.jpg\",\"contentUrl\":\"https:\/\/centcols.org\/wp-content\/uploads\/2026\/03\/col_des_rochilles_2-CampDesRochillesvueDuColDesRochilles.jpg\",\"width\":546,\"height\":360,\"caption\":\"Camp des Rochilles (Vue du Col des Rochilles)\"},{\"@type\":\"BreadcrumbList\",\"@id\":\"https:\/\/centcols.org\/nl\/le-col-des-rochilles\/#breadcrumb\",\"itemListElement\":[{\"@type\":\"ListItem\",\"position\":1,\"name\":\"Accueil\",\"item\":\"https:\/\/centcols.org\/\"},{\"@type\":\"ListItem\",\"position\":2,\"name\":\"Cols en vrac\",\"item\":\"https:\/\/centcols.org\/rubrique\/cols-en-vrac\/\"},{\"@type\":\"ListItem\",\"position\":3,\"name\":\"Le Col des Rochilles\"}]},{\"@type\":\"WebSite\",\"@id\":\"https:\/\/centcols.org\/#website\",\"url\":\"https:\/\/centcols.org\/\",\"name\":\"Club des Cent Cols\",\"description\":\"\",\"publisher\":{\"@id\":\"https:\/\/centcols.org\/#organization\"},\"potentialAction\":[{\"@type\":\"SearchAction\",\"target\":{\"@type\":\"EntryPoint\",\"urlTemplate\":\"https:\/\/centcols.org\/?s={search_term_string}\"},\"query-input\":{\"@type\":\"PropertyValueSpecification\",\"valueRequired\":true,\"valueName\":\"search_term_string\"}}],\"inLanguage\":\"nl-BE\"},{\"@type\":\"Organization\",\"@id\":\"https:\/\/centcols.org\/#organization\",\"name\":\"Club des Cent Cols\",\"url\":\"https:\/\/centcols.org\/\",\"logo\":{\"@type\":\"ImageObject\",\"inLanguage\":\"nl-BE\",\"@id\":\"https:\/\/centcols.org\/#\/schema\/logo\/image\/\",\"url\":\"https:\/\/centcols.org\/wp-content\/uploads\/2025\/01\/carte-icone.png\",\"contentUrl\":\"https:\/\/centcols.org\/wp-content\/uploads\/2025\/01\/carte-icone.png\",\"width\":250,\"height\":250,\"caption\":\"Club des Cent Cols\"},\"image\":{\"@id\":\"https:\/\/centcols.org\/#\/schema\/logo\/image\/\"},\"sameAs\":[\"https:\/\/www.facebook.com\/groups\/5261880558\/?locale=fr_FR\"]},{\"@type\":\"Person\",\"@id\":\"https:\/\/centcols.org\/#\/schema\/person\/0afae1c765c3b4675d37457765e3e383\",\"name\":\"Jo\u00eblle Mingat\",\"image\":{\"@type\":\"ImageObject\",\"inLanguage\":\"nl-BE\",\"@id\":\"https:\/\/centcols.org\/wp-content\/litespeed\/avatar\/8ace1c0eaf9dcc23c49d76c12a17902f.jpg?ver=1777261681\",\"url\":\"https:\/\/centcols.org\/wp-content\/litespeed\/avatar\/8ace1c0eaf9dcc23c49d76c12a17902f.jpg?ver=1777261681\",\"contentUrl\":\"https:\/\/centcols.org\/wp-content\/litespeed\/avatar\/8ace1c0eaf9dcc23c49d76c12a17902f.jpg?ver=1777261681\",\"caption\":\"Jo\u00eblle Mingat\"},\"url\":\"https:\/\/centcols.org\/nl\/author\/5345\/\"}]}<\/script>\n<!-- \/ Yoast SEO plugin. -->","yoast_head_json":{"title":"De Col des Rochilles - Club des Cent Cols","robots":{"index":"index","follow":"follow","max-snippet":"max-snippet:-1","max-image-preview":"max-image-preview:large","max-video-preview":"max-video-preview:-1"},"canonical":"https:\/\/centcols.org\/nl\/de-col-des-rochilles\/","og_locale":"nl_BE","og_type":"article","og_title":"Le Col des Rochilles - Club des Cent Cols","og_description":"Le col des Rochilles, prolong\u00e9 par le seuil des Rochilles, est un tr\u00e8s ancien passage alpin reliant la vall\u00e9e de la Maurienne et la vall\u00e9e de la Clar\u00e9e vers Brian\u00e7on. Un passage tout compte fait plus ais\u00e9 que le col du Galibier puisque situ\u00e9 \u00e0 une altitude inf\u00e9rieure de 150 m. Mais la route goudronn\u00e9e [&hellip;]","og_url":"https:\/\/centcols.org\/nl\/de-col-des-rochilles\/","og_site_name":"Club des Cent Cols","article_publisher":"https:\/\/www.facebook.com\/groups\/5261880558\/?locale=fr_FR","article_published_time":"2026-03-14T12:14:14+00:00","article_modified_time":"2026-04-03T08:44:16+00:00","og_image":[{"width":546,"height":360,"url":"https:\/\/centcols.org\/wp-content\/uploads\/2026\/03\/col_des_rochilles_2-CampDesRochillesvueDuColDesRochilles.jpg","type":"image\/jpeg"}],"author":"Jo\u00eblle Mingat","twitter_card":"summary_large_image","twitter_misc":{"Geschreven door":"Jo\u00eblle Mingat","Geschatte leestijd":"5 minuten"},"schema":{"@context":"https:\/\/schema.org","@graph":[{"@type":"Article","@id":"https:\/\/centcols.org\/nl\/le-col-des-rochilles\/#article","isPartOf":{"@id":"https:\/\/centcols.org\/nl\/le-col-des-rochilles\/"},"author":{"name":"Jo\u00eblle Mingat","@id":"https:\/\/centcols.org\/#\/schema\/person\/0afae1c765c3b4675d37457765e3e383"},"headline":"Le Col des Rochilles","datePublished":"2026-03-14T12:14:14+00:00","dateModified":"2026-04-03T08:44:16+00:00","mainEntityOfPage":{"@id":"https:\/\/centcols.org\/nl\/le-col-des-rochilles\/"},"wordCount":606,"publisher":{"@id":"https:\/\/centcols.org\/#organization"},"image":{"@id":"https:\/\/centcols.org\/nl\/le-col-des-rochilles\/#primaryimage"},"thumbnailUrl":"https:\/\/centcols.org\/wp-content\/uploads\/2026\/03\/col_des_rochilles_2-CampDesRochillesvueDuColDesRochilles.jpg","articleSection":["Cols en vrac"],"inLanguage":"nl-BE"},{"@type":"WebPage","@id":"https:\/\/centcols.org\/nl\/le-col-des-rochilles\/","url":"https:\/\/centcols.org\/nl\/le-col-des-rochilles\/","name":"De Col des Rochilles - Club des Cent Cols","isPartOf":{"@id":"https:\/\/centcols.org\/#website"},"primaryImageOfPage":{"@id":"https:\/\/centcols.org\/nl\/le-col-des-rochilles\/#primaryimage"},"image":{"@id":"https:\/\/centcols.org\/nl\/le-col-des-rochilles\/#primaryimage"},"thumbnailUrl":"https:\/\/centcols.org\/wp-content\/uploads\/2026\/03\/col_des_rochilles_2-CampDesRochillesvueDuColDesRochilles.jpg","datePublished":"2026-03-14T12:14:14+00:00","dateModified":"2026-04-03T08:44:16+00:00","breadcrumb":{"@id":"https:\/\/centcols.org\/nl\/le-col-des-rochilles\/#breadcrumb"},"inLanguage":"nl-BE","potentialAction":[{"@type":"ReadAction","target":["https:\/\/centcols.org\/nl\/le-col-des-rochilles\/"]}]},{"@type":"ImageObject","inLanguage":"nl-BE","@id":"https:\/\/centcols.org\/nl\/le-col-des-rochilles\/#primaryimage","url":"https:\/\/centcols.org\/wp-content\/uploads\/2026\/03\/col_des_rochilles_2-CampDesRochillesvueDuColDesRochilles.jpg","contentUrl":"https:\/\/centcols.org\/wp-content\/uploads\/2026\/03\/col_des_rochilles_2-CampDesRochillesvueDuColDesRochilles.jpg","width":546,"height":360,"caption":"Camp des Rochilles (Vue du Col des Rochilles)"},{"@type":"BreadcrumbList","@id":"https:\/\/centcols.org\/nl\/le-col-des-rochilles\/#breadcrumb","itemListElement":[{"@type":"ListItem","position":1,"name":"Accueil","item":"https:\/\/centcols.org\/"},{"@type":"ListItem","position":2,"name":"Cols en vrac","item":"https:\/\/centcols.org\/rubrique\/cols-en-vrac\/"},{"@type":"ListItem","position":3,"name":"Le Col des Rochilles"}]},{"@type":"WebSite","@id":"https:\/\/centcols.org\/#website","url":"https:\/\/centcols.org\/","name":"Club van Cent Cols","description":"","publisher":{"@id":"https:\/\/centcols.org\/#organization"},"potentialAction":[{"@type":"SearchAction","target":{"@type":"EntryPoint","urlTemplate":"https:\/\/centcols.org\/?s={search_term_string}"},"query-input":{"@type":"PropertyValueSpecification","valueRequired":true,"valueName":"search_term_string"}}],"inLanguage":"nl-BE"},{"@type":"Organization","@id":"https:\/\/centcols.org\/#organization","name":"Club van Cent Cols","url":"https:\/\/centcols.org\/","logo":{"@type":"ImageObject","inLanguage":"nl-BE","@id":"https:\/\/centcols.org\/#\/schema\/logo\/image\/","url":"https:\/\/centcols.org\/wp-content\/uploads\/2025\/01\/carte-icone.png","contentUrl":"https:\/\/centcols.org\/wp-content\/uploads\/2025\/01\/carte-icone.png","width":250,"height":250,"caption":"Club des Cent Cols"},"image":{"@id":"https:\/\/centcols.org\/#\/schema\/logo\/image\/"},"sameAs":["https:\/\/www.facebook.com\/groups\/5261880558\/?locale=fr_FR"]},{"@type":"Person","@id":"https:\/\/centcols.org\/#\/schema\/person\/0afae1c765c3b4675d37457765e3e383","name":"Jo\u00eblle Mingat","image":{"@type":"ImageObject","inLanguage":"nl-BE","@id":"https:\/\/centcols.org\/wp-content\/litespeed\/avatar\/8ace1c0eaf9dcc23c49d76c12a17902f.jpg?ver=1777261681","url":"https:\/\/centcols.org\/wp-content\/litespeed\/avatar\/8ace1c0eaf9dcc23c49d76c12a17902f.jpg?ver=1777261681","contentUrl":"https:\/\/centcols.org\/wp-content\/litespeed\/avatar\/8ace1c0eaf9dcc23c49d76c12a17902f.jpg?ver=1777261681","caption":"Jo\u00eblle Mingat"},"url":"https:\/\/centcols.org\/nl\/author\/5345\/"}]}},"_links":{"self":[{"href":"https:\/\/centcols.org\/nl\/wp-json\/wp\/v2\/posts\/93469","targetHints":{"allow":["GET"]}}],"collection":[{"href":"https:\/\/centcols.org\/nl\/wp-json\/wp\/v2\/posts"}],"about":[{"href":"https:\/\/centcols.org\/nl\/wp-json\/wp\/v2\/types\/post"}],"author":[{"embeddable":true,"href":"https:\/\/centcols.org\/nl\/wp-json\/wp\/v2\/users\/1993"}],"replies":[{"embeddable":true,"href":"https:\/\/centcols.org\/nl\/wp-json\/wp\/v2\/comments?post=93469"}],"version-history":[{"count":0,"href":"https:\/\/centcols.org\/nl\/wp-json\/wp\/v2\/posts\/93469\/revisions"}],"wp:featuredmedia":[{"embeddable":true,"href":"https:\/\/centcols.org\/nl\/wp-json\/wp\/v2\/media\/94445"}],"wp:attachment":[{"href":"https:\/\/centcols.org\/nl\/wp-json\/wp\/v2\/media?parent=93469"}],"wp:term":[{"taxonomy":"category","embeddable":true,"href":"https:\/\/centcols.org\/nl\/wp-json\/wp\/v2\/categories?post=93469"},{"taxonomy":"post_tag","embeddable":true,"href":"https:\/\/centcols.org\/nl\/wp-json\/wp\/v2\/tags?post=93469"}],"curies":[{"name":"wp","href":"https:\/\/api.w.org\/{rel}","templated":true}]}}