{"id":94093,"date":"2026-02-16T17:12:42","date_gmt":"2026-02-16T15:12:42","guid":{"rendered":"https:\/\/centcols.org\/?p=94093"},"modified":"2026-03-19T20:48:18","modified_gmt":"2026-03-19T18:48:18","slug":"col-du-cucheron","status":"publish","type":"post","link":"https:\/\/centcols.org\/nl\/col-du-cucheron\/","title":{"rendered":"Col du Cucheron"},"content":{"rendered":"\n<p><em>Un article de G\u00e9rard Galland et Christian Jeandey<\/em><\/p>\n\n\n\n<p><strong>Col du Cucheron<\/strong> (<a href=\"\/util\/geo\/visu.php?code=FR-38-1139\" target=\"_blank\" rel=\"noreferrer noopener\">FR-38-1139<\/a>)<\/p>\n\n\n<div class=\"wp-block-image\">\n<figure class=\"aligncenter size-full\"><img loading=\"lazy\" decoding=\"async\" width=\"431\" height=\"323\" src=\"https:\/\/centcols.org\/wp-content\/uploads\/2026\/02\/Cucheron1-col.jpg\" alt=\"\" class=\"wp-image-94096\" srcset=\"https:\/\/centcols.org\/wp-content\/uploads\/2026\/02\/Cucheron1-col.jpg 431w, https:\/\/centcols.org\/wp-content\/uploads\/2026\/02\/Cucheron1-col-16x12.jpg 16w\" sizes=\"auto, (max-width: 431px) 100vw, 431px\" \/><\/figure>\n<\/div>\n\n        <div class=\"toc-wrapper\" data-columns=\"2\"\n            data-headings=\"[{&quot;level&quot;:2,&quot;text&quot;:&quot;Toponymie&quot;,&quot;id&quot;:&quot;toc-toponymie&quot;,&quot;page&quot;:1,&quot;existing_id&quot;:false},{&quot;level&quot;:2,&quot;text&quot;:&quot;Situation g\\u00e9ographique&quot;,&quot;id&quot;:&quot;toc-situation-geographique&quot;,&quot;page&quot;:1,&quot;existing_id&quot;:false},{&quot;level&quot;:3,&quot;text&quot;:&quot;Massif&quot;,&quot;id&quot;:&quot;toc-massif&quot;,&quot;page&quot;:1,&quot;existing_id&quot;:false},{&quot;level&quot;:3,&quot;text&quot;:&quot;G\\u00e9ologie&quot;,&quot;id&quot;:&quot;toc-geologie&quot;,&quot;page&quot;:1,&quot;existing_id&quot;:false},{&quot;level&quot;:3,&quot;text&quot;:&quot;Hydrographie&quot;,&quot;id&quot;:&quot;toc-hydrographie&quot;,&quot;page&quot;:1,&quot;existing_id&quot;:false},{&quot;level&quot;:2,&quot;text&quot;:&quot;Acc\\u00e8s&quot;,&quot;id&quot;:&quot;toc-acces&quot;,&quot;page&quot;:1,&quot;existing_id&quot;:false},{&quot;level&quot;:2,&quot;text&quot;:&quot;Situation administrative&quot;,&quot;id&quot;:&quot;toc-situation-administrative&quot;,&quot;page&quot;:1,&quot;existing_id&quot;:false},{&quot;level&quot;:2,&quot;text&quot;:&quot;\\u00c0 voir - tourisme&quot;,&quot;id&quot;:&quot;toc-a-voir-tourisme&quot;,&quot;page&quot;:1,&quot;existing_id&quot;:false},{&quot;level&quot;:3,&quot;text&quot;:&quot;Versant sud&quot;,&quot;id&quot;:&quot;toc-versant-sud&quot;,&quot;page&quot;:1,&quot;existing_id&quot;:false},{&quot;level&quot;:3,&quot;text&quot;:&quot;Versant nord&quot;,&quot;id&quot;:&quot;toc-versant-nord&quot;,&quot;page&quot;:1,&quot;existing_id&quot;:false},{&quot;level&quot;:2,&quot;text&quot;:&quot;Cyclisme et cyclotourisme&quot;,&quot;id&quot;:&quot;toc-cyclisme-et-cyclotourisme&quot;,&quot;page&quot;:1,&quot;existing_id&quot;:false},{&quot;level&quot;:2,&quot;text&quot;:&quot;Profil&quot;,&quot;id&quot;:&quot;toc-profil&quot;,&quot;page&quot;:1,&quot;existing_id&quot;:false}]\"\n            data-current-page=\"1\"\n            data-base-url=\"https:\/\/centcols.org\/nl\/col-du-cucheron\/\">\n            <div class=\"toc-title\">\n                Sommaire            <\/div>\n            <div class=\"toc-content\" style=\"column-count: 2;\">\n                <ul class=\"toc-list\"><li class=\"toc-item toc-level-2\"><a href=\"#toc-toponymie\" class=\"toc-link\" data-same-page=\"true\">Toponymie<\/a><\/li><li class=\"toc-item toc-level-2\"><a href=\"#toc-situation-geographique\" class=\"toc-link\" data-same-page=\"true\">Situation g\u00e9ographique<\/a><ul class=\"toc-sublist\"><li class=\"toc-item toc-level-3\"><a href=\"#toc-massif\" class=\"toc-link\" data-same-page=\"true\">Massif<\/a><\/li><li class=\"toc-item toc-level-3\"><a href=\"#toc-geologie\" class=\"toc-link\" data-same-page=\"true\">G\u00e9ologie<\/a><\/li><li class=\"toc-item toc-level-3\"><a href=\"#toc-hydrographie\" class=\"toc-link\" data-same-page=\"true\">Hydrographie<\/a><\/li><\/ul><\/li><li class=\"toc-item toc-level-2\"><a href=\"#toc-acces\" class=\"toc-link\" data-same-page=\"true\">Acc\u00e8s<\/a><\/li><li class=\"toc-item toc-level-2\"><a href=\"#toc-situation-administrative\" class=\"toc-link\" data-same-page=\"true\">Situation administrative<\/a><\/li><li class=\"toc-item toc-level-2\"><a href=\"#toc-a-voir-tourisme\" class=\"toc-link\" data-same-page=\"true\">\u00c0 voir &#8211; tourisme<\/a><ul class=\"toc-sublist\"><li class=\"toc-item toc-level-3\"><a href=\"#toc-versant-sud\" class=\"toc-link\" data-same-page=\"true\">Versant sud<\/a><\/li><li class=\"toc-item toc-level-3\"><a href=\"#toc-versant-nord\" class=\"toc-link\" data-same-page=\"true\">Versant nord<\/a><\/li><\/ul><\/li><li class=\"toc-item toc-level-2\"><a href=\"#toc-cyclisme-et-cyclotourisme\" class=\"toc-link\" data-same-page=\"true\">Cyclisme et cyclotourisme<\/a><\/li><li class=\"toc-item toc-level-2\"><a href=\"#toc-profil\" class=\"toc-link\" data-same-page=\"true\">Profil<\/a><\/li><\/ul>            <\/div>\n        <\/div>\n    \n\n\n<h2 class=\"wp-block-heading\">Toponymie<\/h2>\n\n\n\n<p>\u00ab Cucheron \u00bb signifie \u00ab butte \u00bb ou \u00ab colline \u00bb.<br>Dans le catalogue des cols de France on trouve deux cols du Cucheron :<\/p>\n\n\n\n<ul class=\"wp-block-list\">\n<li>celui objet de cet article : col du Cucheron, en Is\u00e8re (<a href=\"\/util\/geo\/visu.php?code=FR-38-1139\" target=\"_blank\" rel=\"noreferrer noopener\">FR-38-1139<\/a>) sur la D512<\/li>\n<\/ul>\n\n\n\n<p>Et \u00e9galement dans le massif de Chartreuse le col du Cucheron (<a href=\"\/util\/geo\/visu.php?code=FR-73-1215\" target=\"_blank\" rel=\"noreferrer noopener\">FR-73-1215<\/a>) situ\u00e9 sur une piste R1, au sud du col de la Cluse (<a href=\"\/util\/geo\/visu.php?code=FR-73-1169\" target=\"_blank\" rel=\"noreferrer noopener\">FR-73-1169<\/a>), \u00e0 droite de la D45 allant de Saint-Pierre-d\u2019Entremont (par Corbel) au D\u00e9sert.<\/p>\n\n\n\n<p>Et deux cols, situ\u00e9s dans le massif de Belledonne (cha\u00eene des Hurti\u00e8res), contiennent \u00e9galement le terme Cucheron :<\/p>\n\n\n\n<ul class=\"wp-block-list\">\n<li>le col du Grand Cucheron (<a href=\"\/util\/geo\/visu.php?code=FR-73-1188\" target=\"_blank\" rel=\"noreferrer noopener\">FR-73-1188<\/a>), col routier (D\u00a0207) tout au nord de la cha\u00eene (ce col a \u00e9t\u00e9 emprunt\u00e9 par le parcours du super BRA de 1977 \u00e0 2003, quand le BRA partait de Grenoble)\n<ul class=\"wp-block-list\">\n<li>et<\/li>\n<\/ul>\n<\/li>\n\n\n\n<li>le col du Petit Cucheron (<a href=\"\/util\/geo\/visu.php?code=FR-73-1228\" target=\"_blank\" rel=\"noreferrer noopener\">FR-73-1228<\/a>) au nord du Grand Cucheron accessible depuis celui-ci par une piste (R1)<\/li>\n<\/ul>\n\n\n\n<div style=\"height:45px\" aria-hidden=\"true\" class=\"wp-block-spacer\"><\/div>\n\n\n\n<h2 class=\"wp-block-heading\">Situation g\u00e9ographique<\/h2>\n\n\n\n<h3 class=\"wp-block-heading\">Massif<\/h3>\n\n\n\n<p>C\u2019est le col central de la d\u00e9pression nord-sud qui traverse le massif de Chartreuse (avec les 3 cols : Granier (<a href=\"\/util\/geo\/visu.php?code=FR-73-1134\" target=\"_blank\" rel=\"noreferrer noopener\">FR-73-1134<\/a>), Cucheron (<a href=\"\/util\/geo\/visu.php?code=FR-38-1139\" target=\"_blank\" rel=\"noreferrer noopener\">FR-38-1139<\/a>) et Porte (<a href=\"\/util\/geo\/visu.php?code=FR-38-1326b\" target=\"_blank\" rel=\"noreferrer noopener\">FR-38-1326b<\/a>)).<br>Il se situe entre le Grand Som \u00e0 l&rsquo;ouest et la Scia au sud-est.<\/p>\n\n\n\n<p>Les deux images issues du site <a href=\"http:\/\/www.geol-alp.com\/chartreuse\/6_sites_ch\/col_cucheron.html\" target=\"_blank\" rel=\"noreferrer noopener\">geol-alp de Maurice Gidon<\/a> illustrent bien la position du col du Cucheron.<\/p>\n\n\n<div class=\"wp-block-image\">\n<figure class=\"aligncenter size-full\"><img loading=\"lazy\" decoding=\"async\" width=\"700\" height=\"442\" src=\"https:\/\/centcols.org\/wp-content\/uploads\/2026\/02\/Cucheron2-herbetan.jpg\" alt=\"\" class=\"wp-image-94120\" srcset=\"https:\/\/centcols.org\/wp-content\/uploads\/2026\/02\/Cucheron2-herbetan.jpg 700w, https:\/\/centcols.org\/wp-content\/uploads\/2026\/02\/Cucheron2-herbetan-18x12.jpg 18w\" sizes=\"auto, (max-width: 700px) 100vw, 700px\" \/><figcaption class=\"wp-element-caption\">La vall\u00e9e de l&rsquo;Herb\u00e9tan (versant septentrional du col du Cucheron),<br>vue du sud-ouest, depuis le sommet du Pinet.<\/figcaption><\/figure>\n<\/div>\n\n<div class=\"wp-block-image\">\n<figure class=\"aligncenter size-full\"><img loading=\"lazy\" decoding=\"async\" width=\"588\" height=\"412\" src=\"https:\/\/centcols.org\/wp-content\/uploads\/2026\/02\/Cucheron3-meridional.jpg\" alt=\"\" class=\"wp-image-94121\" srcset=\"https:\/\/centcols.org\/wp-content\/uploads\/2026\/02\/Cucheron3-meridional.jpg 588w, https:\/\/centcols.org\/wp-content\/uploads\/2026\/02\/Cucheron3-meridional-18x12.jpg 18w\" sizes=\"auto, (max-width: 588px) 100vw, 588px\" \/><figcaption class=\"wp-element-caption\">Le versant m\u00e9ridional du col du Cucheron<br>vu du sud, depuis le sommet de Chamechaude.<\/figcaption><\/figure>\n<\/div>\n\n\n<h3 class=\"wp-block-heading\">G\u00e9ologie<\/h3>\n\n\n\n<p>Se reporter \u00e0 l\u2019article \u00ab <a href=\"\/col-de-porte\/\" target=\"_blank\" rel=\"noreferrer noopener\">Col de Porte<\/a> \u00bb pour la g\u00e9ologie du massif.<br>Et pour les sp\u00e9cialistes et plus de d\u00e9tails voir :<br><em><a href=\"http:\/\/www.geol-alp.com\/chartreuse\/6_sites_ch\/col_cucheron.html\" target=\"_blank\" rel=\"noreferrer noopener\">http:\/\/www.geol-alp.com\/chartreuse\/6_sites_ch\/col_cucheron.html<\/a><\/em><\/p>\n\n\n\n<h3 class=\"wp-block-heading\">Hydrographie<\/h3>\n\n\n\n<p>Au nord le Ruisseau d\u2019Ivernon est un affluent de l\u2019Herb\u00e9tan qui se jette dans Guiers Vif \u00e0 Saint-Pierre-d\u2019Entremont.<br>Au sud, le Couzon, affluent du Guiers Mort (confluent \u00e0 la Diat en dessous de Saint-Pierre-de-Chartreuse).<br>Le Guiers Mort et le Guiers Vif convergent \u00e0 Entre-deux-Guiers pour former le Guiers qui se jette dans le Rh\u00f4ne en aval de Saint-Genix-sur-Guiers (Savoie).<\/p>\n\n\n\n<div style=\"height:45px\" aria-hidden=\"true\" class=\"wp-block-spacer\"><\/div>\n\n\n\n<h2 class=\"wp-block-heading\">Acc\u00e8s<\/h2>\n\n\n\n<div class=\"wp-block-media-text has-media-on-the-right is-stacked-on-mobile\" style=\"grid-template-columns:auto 40%\"><div class=\"wp-block-media-text__content\">\n<p>La D512 traverse le col du Cucheron.<\/p>\n\n\n\n<p>Au sud 4,5km depuis le carrefour de la Diat (altitude 794m) par Saint-Pierre-de-Chartreuse.<br>Au nord depuis Saint-Pierre-d\u2019Entremont (alt 639\u00a0m), 8,3\u00a0km par la D512 ou variante par Le Villard (D102b), 7,4\u00a0km. Les 2 routes se rejoignent au Planolet.<\/p>\n<\/div><figure class=\"wp-block-media-text__media\"><img loading=\"lazy\" decoding=\"async\" width=\"440\" height=\"461\" src=\"https:\/\/centcols.org\/wp-content\/uploads\/2026\/02\/Cucheron4-carte-1.jpg\" alt=\"\" class=\"wp-image-94124 size-full\" srcset=\"https:\/\/centcols.org\/wp-content\/uploads\/2026\/02\/Cucheron4-carte-1.jpg 440w, https:\/\/centcols.org\/wp-content\/uploads\/2026\/02\/Cucheron4-carte-1-11x12.jpg 11w\" sizes=\"auto, (max-width: 440px) 100vw, 440px\" \/><\/figure><\/div>\n\n\n\n<div style=\"height:45px\" aria-hidden=\"true\" class=\"wp-block-spacer\"><\/div>\n\n\n\n<h2 class=\"wp-block-heading\">Situation administrative<\/h2>\n\n\n\n<p>Le col du Cucheron est situ\u00e9 \u00e0 la limite des communes de Saint-Pierre-d\u2019Entremont au nord et Saint-Pierre-de-Chartreuse au sud.<br>Saint-Pierre-d&rsquo;Entremont est un village de France partag\u00e9 entre deux communes homonymes :<\/p>\n\n\n\n<ul class=\"wp-block-list\">\n<li><em>Saint-Pierre-d&rsquo;Entremont en Is\u00e8re<\/em><\/li>\n\n\n\n<li><em>Saint-Pierre-d&rsquo;Entremont en Savoie<\/em><\/li>\n<\/ul>\n\n\n\n<p><em>Le Guiers Vif qui traverse le village et sur lequel s&rsquo;appuie la limite d\u00e9partementale actuelle constitue l&rsquo;ancienne fronti\u00e8re entre le duch\u00e9 de Savoie du royaume de Sardaigne et la province du Dauphin\u00e9 de la Couronne de France.<\/em><\/p>\n\n\n\n<div style=\"height:45px\" aria-hidden=\"true\" class=\"wp-block-spacer\"><\/div>\n\n\n\n<h2 class=\"wp-block-heading\">\u00c0 voir &#8211; tourisme<\/h2>\n\n\n\n<h3 class=\"wp-block-heading\">Versant sud<\/h3>\n\n\n\n<p>Se reporter au paragraphe \u00ab\u00a0Versant nord\u00a0\u00bb de l\u2019article \u00ab <a href=\"\/col-de-porte\/\" target=\"_blank\" rel=\"noreferrer noopener\">Col de Porte<\/a> \u00bb.<\/p>\n\n\n\n<h3 class=\"wp-block-heading\">Versant nord<\/h3>\n\n\n\n<p>Au nord du col, la <a href=\"https:\/\/www.grenoble-tourisme.com\/fr\/catalogue\/detail\/station-le-planolet-86113\/\" target=\"_blank\" rel=\"noreferrer noopener\">station familiale de ski du Planolet<\/a> est situ\u00e9e imm\u00e9diatement sous le col (village du Planolet \u00e0 moins de 1\u00a0km).<\/p>\n\n\n\n<div style=\"height:45px\" aria-hidden=\"true\" class=\"wp-block-spacer\"><\/div>\n\n\n\n<h2 class=\"wp-block-heading\">Cyclisme et cyclotourisme<\/h2>\n\n\n\n<p><strong>Brevet de Randonneur de Chartreuse (BRC)<\/strong> : se reporter \u00e0 l\u2019article \u00ab <a href=\"\/col-de-porte\/\" target=\"_blank\" rel=\"noreferrer noopener\">Col de Porte<\/a> \u00bb.<\/p>\n\n\n\n<div style=\"height:45px\" aria-hidden=\"true\" class=\"wp-block-spacer\"><\/div>\n\n\n\n<h2 class=\"wp-block-heading\">Profil<\/h2>\n\n\n\n<p class=\"has-text-align-left\"><strong>Versant sud, depuis la Diat<\/strong> (altitude 794\u00a0m), la mont\u00e9e par Saint-Pierre-de-Chartreuse ne fait que 4,5km mais pr\u00e9sente un passage \u00ab s\u00e9rieux \u00bb \u00e0 l\u2019avant-dernier kilom\u00e8tre.<\/p>\n\n\n<div class=\"wp-block-image\">\n<figure class=\"aligncenter size-full is-resized\"><img loading=\"lazy\" decoding=\"async\" width=\"1050\" height=\"640\" src=\"https:\/\/centcols.org\/wp-content\/uploads\/2026\/02\/Cucheron5-profil-diat.jpg\" alt=\"\" class=\"wp-image-94126\" style=\"width:850px\" srcset=\"https:\/\/centcols.org\/wp-content\/uploads\/2026\/02\/Cucheron5-profil-diat.jpg 1050w, https:\/\/centcols.org\/wp-content\/uploads\/2026\/02\/Cucheron5-profil-diat-768x468.jpg 768w, https:\/\/centcols.org\/wp-content\/uploads\/2026\/02\/Cucheron5-profil-diat-18x12.jpg 18w\" sizes=\"auto, (max-width: 1050px) 100vw, 1050px\" \/><\/figure>\n<\/div>\n\n\n<div style=\"height:30px\" aria-hidden=\"true\" class=\"wp-block-spacer\"><\/div>\n\n\n\n<p class=\"has-text-align-left\"><strong>Versant nord<\/strong>, depuis Saint-Pierre-d\u2019Entremont.<br><strong>De Saint-Pierre-d\u2019Entremont<\/strong>, par la D512, la mont\u00e9e de 8km, pr\u00e9sente un replat \u00e0 mi-parcours (avant Saint-Philibert) et un dernier kilom\u00e8tre plut\u00f4t soutenu.<\/p>\n\n\n<div class=\"wp-block-image\">\n<figure class=\"aligncenter size-full is-resized\"><img loading=\"lazy\" decoding=\"async\" width=\"1050\" height=\"644\" src=\"https:\/\/centcols.org\/wp-content\/uploads\/2026\/02\/Cucheron6-profil-StPierre.jpg\" alt=\"\" class=\"wp-image-94127\" style=\"width:850px\" srcset=\"https:\/\/centcols.org\/wp-content\/uploads\/2026\/02\/Cucheron6-profil-StPierre.jpg 1050w, https:\/\/centcols.org\/wp-content\/uploads\/2026\/02\/Cucheron6-profil-StPierre-768x471.jpg 768w, https:\/\/centcols.org\/wp-content\/uploads\/2026\/02\/Cucheron6-profil-StPierre-18x12.jpg 18w\" sizes=\"auto, (max-width: 1050px) 100vw, 1050px\" \/><\/figure>\n<\/div>\n\n\n<div style=\"height:30px\" aria-hidden=\"true\" class=\"wp-block-spacer\"><\/div>\n\n\n\n<p class=\"has-text-align-left\">La variante <strong>par le Villard<\/strong> (D102b) fait un peu moins de 7\u00a0km, &#8211; sans replat &#8211; mais avec un d\u00e9part tr\u00e8s raide et \u00e9galement avec un dernier kilom\u00e8tre s\u00e9rieux.<\/p>\n\n\n<div class=\"wp-block-image\">\n<figure class=\"aligncenter size-full is-resized\"><img loading=\"lazy\" decoding=\"async\" width=\"1050\" height=\"641\" src=\"https:\/\/centcols.org\/wp-content\/uploads\/2026\/02\/Cucheron7-profil-Villard.jpg\" alt=\"\" class=\"wp-image-94129\" style=\"width:850px\" srcset=\"https:\/\/centcols.org\/wp-content\/uploads\/2026\/02\/Cucheron7-profil-Villard.jpg 1050w, https:\/\/centcols.org\/wp-content\/uploads\/2026\/02\/Cucheron7-profil-Villard-768x469.jpg 768w, https:\/\/centcols.org\/wp-content\/uploads\/2026\/02\/Cucheron7-profil-Villard-18x12.jpg 18w\" sizes=\"auto, (max-width: 1050px) 100vw, 1050px\" \/><\/figure>\n<\/div>","protected":false},"excerpt":{"rendered":"<p>Un article de G\u00e9rard Galland et Christian Jeandey Col du Cucheron (FR-38-1139) Toponymie \u00ab Cucheron \u00bb signifie \u00ab butte \u00bb ou \u00ab colline \u00bb.Dans le catalogue des cols de France on trouve deux cols du Cucheron : Et \u00e9galement dans le massif de Chartreuse le col du Cucheron (FR-73-1215) situ\u00e9 sur une piste R1, au [&hellip;]<\/p>\n","protected":false},"author":1726,"featured_media":94096,"comment_status":"closed","ping_status":"closed","sticky":false,"template":"","format":"standard","meta":{"_acf_changed":false,"footnotes":""},"categories":[308],"tags":[],"class_list":["post-94093","post","type-post","status-publish","format-standard","has-post-thumbnail","hentry","category-cols-en-vrac"],"acf":[],"yoast_head":"<!-- This site is optimized with the Yoast SEO plugin v27.2 - https:\/\/yoast.com\/product\/yoast-seo-wordpress\/ -->\n<title>Col du Cucheron - Club des Cent Cols<\/title>\n<meta name=\"robots\" content=\"index, follow, max-snippet:-1, max-image-preview:large, max-video-preview:-1\" \/>\n<link rel=\"canonical\" href=\"https:\/\/centcols.org\/nl\/col-du-cucheron\/\" \/>\n<meta property=\"og:locale\" content=\"nl_BE\" \/>\n<meta property=\"og:type\" content=\"article\" \/>\n<meta property=\"og:title\" content=\"Col du Cucheron - Club des Cent Cols\" \/>\n<meta property=\"og:description\" content=\"Un article de G\u00e9rard Galland et Christian Jeandey Col du Cucheron (FR-38-1139) Toponymie \u00ab Cucheron \u00bb signifie \u00ab butte \u00bb ou \u00ab colline \u00bb.Dans le catalogue des cols de France on trouve deux cols du Cucheron : Et \u00e9galement dans le massif de Chartreuse le col du Cucheron (FR-73-1215) situ\u00e9 sur une piste R1, au [&hellip;]\" \/>\n<meta property=\"og:url\" content=\"https:\/\/centcols.org\/nl\/col-du-cucheron\/\" \/>\n<meta property=\"og:site_name\" content=\"Club des Cent Cols\" \/>\n<meta property=\"article:publisher\" content=\"https:\/\/www.facebook.com\/groups\/5261880558\/?locale=fr_FR\" \/>\n<meta property=\"article:published_time\" content=\"2026-02-16T15:12:42+00:00\" \/>\n<meta property=\"article:modified_time\" content=\"2026-03-19T18:48:18+00:00\" \/>\n<meta property=\"og:image\" content=\"https:\/\/centcols.org\/wp-content\/uploads\/2026\/02\/Cucheron1-col.jpg\" \/>\n\t<meta property=\"og:image:width\" content=\"431\" \/>\n\t<meta property=\"og:image:height\" content=\"323\" \/>\n\t<meta property=\"og:image:type\" content=\"image\/jpeg\" \/>\n<meta name=\"author\" content=\"Ren\u00e9 Mercier\" \/>\n<meta name=\"twitter:card\" content=\"summary_large_image\" \/>\n<meta name=\"twitter:label1\" content=\"Geschreven door\" \/>\n\t<meta name=\"twitter:data1\" content=\"Ren\u00e9 Mercier\" \/>\n\t<meta name=\"twitter:label2\" content=\"Geschatte leestijd\" \/>\n\t<meta name=\"twitter:data2\" content=\"5 minuten\" \/>\n<script type=\"application\/ld+json\" class=\"yoast-schema-graph\">{\"@context\":\"https:\/\/schema.org\",\"@graph\":[{\"@type\":\"Article\",\"@id\":\"https:\/\/centcols.org\/col-du-cucheron\/#article\",\"isPartOf\":{\"@id\":\"https:\/\/centcols.org\/col-du-cucheron\/\"},\"author\":{\"name\":\"Ren\u00e9 Mercier\",\"@id\":\"https:\/\/centcols.org\/#\/schema\/person\/0cc8f723679c98f3fb7798df5a50c018\"},\"headline\":\"Col du Cucheron\",\"datePublished\":\"2026-02-16T15:12:42+00:00\",\"dateModified\":\"2026-03-19T18:48:18+00:00\",\"mainEntityOfPage\":{\"@id\":\"https:\/\/centcols.org\/col-du-cucheron\/\"},\"wordCount\":650,\"publisher\":{\"@id\":\"https:\/\/centcols.org\/#organization\"},\"image\":{\"@id\":\"https:\/\/centcols.org\/col-du-cucheron\/#primaryimage\"},\"thumbnailUrl\":\"https:\/\/centcols.org\/wp-content\/uploads\/2026\/02\/Cucheron1-col.jpg\",\"articleSection\":[\"Cols en vrac\"],\"inLanguage\":\"nl-BE\"},{\"@type\":\"WebPage\",\"@id\":\"https:\/\/centcols.org\/col-du-cucheron\/\",\"url\":\"https:\/\/centcols.org\/col-du-cucheron\/\",\"name\":\"Col du Cucheron - Club des Cent Cols\",\"isPartOf\":{\"@id\":\"https:\/\/centcols.org\/#website\"},\"primaryImageOfPage\":{\"@id\":\"https:\/\/centcols.org\/col-du-cucheron\/#primaryimage\"},\"image\":{\"@id\":\"https:\/\/centcols.org\/col-du-cucheron\/#primaryimage\"},\"thumbnailUrl\":\"https:\/\/centcols.org\/wp-content\/uploads\/2026\/02\/Cucheron1-col.jpg\",\"datePublished\":\"2026-02-16T15:12:42+00:00\",\"dateModified\":\"2026-03-19T18:48:18+00:00\",\"breadcrumb\":{\"@id\":\"https:\/\/centcols.org\/col-du-cucheron\/#breadcrumb\"},\"inLanguage\":\"nl-BE\",\"potentialAction\":[{\"@type\":\"ReadAction\",\"target\":[\"https:\/\/centcols.org\/col-du-cucheron\/\"]}]},{\"@type\":\"ImageObject\",\"inLanguage\":\"nl-BE\",\"@id\":\"https:\/\/centcols.org\/col-du-cucheron\/#primaryimage\",\"url\":\"https:\/\/centcols.org\/wp-content\/uploads\/2026\/02\/Cucheron1-col.jpg\",\"contentUrl\":\"https:\/\/centcols.org\/wp-content\/uploads\/2026\/02\/Cucheron1-col.jpg\",\"width\":431,\"height\":323},{\"@type\":\"BreadcrumbList\",\"@id\":\"https:\/\/centcols.org\/col-du-cucheron\/#breadcrumb\",\"itemListElement\":[{\"@type\":\"ListItem\",\"position\":1,\"name\":\"Accueil\",\"item\":\"https:\/\/centcols.org\/\"},{\"@type\":\"ListItem\",\"position\":2,\"name\":\"Cols en vrac\",\"item\":\"https:\/\/centcols.org\/rubrique\/cols-en-vrac\/\"},{\"@type\":\"ListItem\",\"position\":3,\"name\":\"Col du Cucheron\"}]},{\"@type\":\"WebSite\",\"@id\":\"https:\/\/centcols.org\/#website\",\"url\":\"https:\/\/centcols.org\/\",\"name\":\"Club des Cent Cols\",\"description\":\"\",\"publisher\":{\"@id\":\"https:\/\/centcols.org\/#organization\"},\"potentialAction\":[{\"@type\":\"SearchAction\",\"target\":{\"@type\":\"EntryPoint\",\"urlTemplate\":\"https:\/\/centcols.org\/?s={search_term_string}\"},\"query-input\":{\"@type\":\"PropertyValueSpecification\",\"valueRequired\":true,\"valueName\":\"search_term_string\"}}],\"inLanguage\":\"nl-BE\"},{\"@type\":\"Organization\",\"@id\":\"https:\/\/centcols.org\/#organization\",\"name\":\"Club des Cent Cols\",\"url\":\"https:\/\/centcols.org\/\",\"logo\":{\"@type\":\"ImageObject\",\"inLanguage\":\"nl-BE\",\"@id\":\"https:\/\/centcols.org\/#\/schema\/logo\/image\/\",\"url\":\"https:\/\/centcols.org\/wp-content\/uploads\/2025\/01\/carte-icone.png\",\"contentUrl\":\"https:\/\/centcols.org\/wp-content\/uploads\/2025\/01\/carte-icone.png\",\"width\":250,\"height\":250,\"caption\":\"Club des Cent Cols\"},\"image\":{\"@id\":\"https:\/\/centcols.org\/#\/schema\/logo\/image\/\"},\"sameAs\":[\"https:\/\/www.facebook.com\/groups\/5261880558\/?locale=fr_FR\"]},{\"@type\":\"Person\",\"@id\":\"https:\/\/centcols.org\/#\/schema\/person\/0cc8f723679c98f3fb7798df5a50c018\",\"name\":\"Ren\u00e9 Mercier\",\"image\":{\"@type\":\"ImageObject\",\"inLanguage\":\"nl-BE\",\"@id\":\"https:\/\/centcols.org\/wp-content\/litespeed\/avatar\/c2275eeaf79d4f7456274de381abeeab.jpg?ver=1777347562\",\"url\":\"https:\/\/centcols.org\/wp-content\/litespeed\/avatar\/c2275eeaf79d4f7456274de381abeeab.jpg?ver=1777347562\",\"contentUrl\":\"https:\/\/centcols.org\/wp-content\/litespeed\/avatar\/c2275eeaf79d4f7456274de381abeeab.jpg?ver=1777347562\",\"caption\":\"Ren\u00e9 Mercier\"},\"url\":\"https:\/\/centcols.org\/nl\/author\/7552\/\"}]}<\/script>\n<!-- \/ Yoast SEO plugin. -->","yoast_head_json":{"title":"Col du Cucheron - Club des Cent Cols","robots":{"index":"index","follow":"follow","max-snippet":"max-snippet:-1","max-image-preview":"max-image-preview:large","max-video-preview":"max-video-preview:-1"},"canonical":"https:\/\/centcols.org\/nl\/col-du-cucheron\/","og_locale":"nl_BE","og_type":"article","og_title":"Col du Cucheron - Club des Cent Cols","og_description":"Un article de G\u00e9rard Galland et Christian Jeandey Col du Cucheron (FR-38-1139) Toponymie \u00ab Cucheron \u00bb signifie \u00ab butte \u00bb ou \u00ab colline \u00bb.Dans le catalogue des cols de France on trouve deux cols du Cucheron : Et \u00e9galement dans le massif de Chartreuse le col du Cucheron (FR-73-1215) situ\u00e9 sur une piste R1, au [&hellip;]","og_url":"https:\/\/centcols.org\/nl\/col-du-cucheron\/","og_site_name":"Club des Cent Cols","article_publisher":"https:\/\/www.facebook.com\/groups\/5261880558\/?locale=fr_FR","article_published_time":"2026-02-16T15:12:42+00:00","article_modified_time":"2026-03-19T18:48:18+00:00","og_image":[{"width":431,"height":323,"url":"https:\/\/centcols.org\/wp-content\/uploads\/2026\/02\/Cucheron1-col.jpg","type":"image\/jpeg"}],"author":"Ren\u00e9 Mercier","twitter_card":"summary_large_image","twitter_misc":{"Geschreven door":"Ren\u00e9 Mercier","Geschatte leestijd":"5 minuten"},"schema":{"@context":"https:\/\/schema.org","@graph":[{"@type":"Article","@id":"https:\/\/centcols.org\/col-du-cucheron\/#article","isPartOf":{"@id":"https:\/\/centcols.org\/col-du-cucheron\/"},"author":{"name":"Ren\u00e9 Mercier","@id":"https:\/\/centcols.org\/#\/schema\/person\/0cc8f723679c98f3fb7798df5a50c018"},"headline":"Col du Cucheron","datePublished":"2026-02-16T15:12:42+00:00","dateModified":"2026-03-19T18:48:18+00:00","mainEntityOfPage":{"@id":"https:\/\/centcols.org\/col-du-cucheron\/"},"wordCount":650,"publisher":{"@id":"https:\/\/centcols.org\/#organization"},"image":{"@id":"https:\/\/centcols.org\/col-du-cucheron\/#primaryimage"},"thumbnailUrl":"https:\/\/centcols.org\/wp-content\/uploads\/2026\/02\/Cucheron1-col.jpg","articleSection":["Cols en vrac"],"inLanguage":"nl-BE"},{"@type":"WebPage","@id":"https:\/\/centcols.org\/col-du-cucheron\/","url":"https:\/\/centcols.org\/col-du-cucheron\/","name":"Col du Cucheron - Club des Cent Cols","isPartOf":{"@id":"https:\/\/centcols.org\/#website"},"primaryImageOfPage":{"@id":"https:\/\/centcols.org\/col-du-cucheron\/#primaryimage"},"image":{"@id":"https:\/\/centcols.org\/col-du-cucheron\/#primaryimage"},"thumbnailUrl":"https:\/\/centcols.org\/wp-content\/uploads\/2026\/02\/Cucheron1-col.jpg","datePublished":"2026-02-16T15:12:42+00:00","dateModified":"2026-03-19T18:48:18+00:00","breadcrumb":{"@id":"https:\/\/centcols.org\/col-du-cucheron\/#breadcrumb"},"inLanguage":"nl-BE","potentialAction":[{"@type":"ReadAction","target":["https:\/\/centcols.org\/col-du-cucheron\/"]}]},{"@type":"ImageObject","inLanguage":"nl-BE","@id":"https:\/\/centcols.org\/col-du-cucheron\/#primaryimage","url":"https:\/\/centcols.org\/wp-content\/uploads\/2026\/02\/Cucheron1-col.jpg","contentUrl":"https:\/\/centcols.org\/wp-content\/uploads\/2026\/02\/Cucheron1-col.jpg","width":431,"height":323},{"@type":"BreadcrumbList","@id":"https:\/\/centcols.org\/col-du-cucheron\/#breadcrumb","itemListElement":[{"@type":"ListItem","position":1,"name":"Accueil","item":"https:\/\/centcols.org\/"},{"@type":"ListItem","position":2,"name":"Cols en vrac","item":"https:\/\/centcols.org\/rubrique\/cols-en-vrac\/"},{"@type":"ListItem","position":3,"name":"Col du Cucheron"}]},{"@type":"WebSite","@id":"https:\/\/centcols.org\/#website","url":"https:\/\/centcols.org\/","name":"Club van Cent Cols","description":"","publisher":{"@id":"https:\/\/centcols.org\/#organization"},"potentialAction":[{"@type":"SearchAction","target":{"@type":"EntryPoint","urlTemplate":"https:\/\/centcols.org\/?s={search_term_string}"},"query-input":{"@type":"PropertyValueSpecification","valueRequired":true,"valueName":"search_term_string"}}],"inLanguage":"nl-BE"},{"@type":"Organization","@id":"https:\/\/centcols.org\/#organization","name":"Club van Cent Cols","url":"https:\/\/centcols.org\/","logo":{"@type":"ImageObject","inLanguage":"nl-BE","@id":"https:\/\/centcols.org\/#\/schema\/logo\/image\/","url":"https:\/\/centcols.org\/wp-content\/uploads\/2025\/01\/carte-icone.png","contentUrl":"https:\/\/centcols.org\/wp-content\/uploads\/2025\/01\/carte-icone.png","width":250,"height":250,"caption":"Club des Cent Cols"},"image":{"@id":"https:\/\/centcols.org\/#\/schema\/logo\/image\/"},"sameAs":["https:\/\/www.facebook.com\/groups\/5261880558\/?locale=fr_FR"]},{"@type":"Person","@id":"https:\/\/centcols.org\/#\/schema\/person\/0cc8f723679c98f3fb7798df5a50c018","name":"Ren\u00e9 Mercier","image":{"@type":"ImageObject","inLanguage":"nl-BE","@id":"https:\/\/centcols.org\/wp-content\/litespeed\/avatar\/c2275eeaf79d4f7456274de381abeeab.jpg?ver=1777347562","url":"https:\/\/centcols.org\/wp-content\/litespeed\/avatar\/c2275eeaf79d4f7456274de381abeeab.jpg?ver=1777347562","contentUrl":"https:\/\/centcols.org\/wp-content\/litespeed\/avatar\/c2275eeaf79d4f7456274de381abeeab.jpg?ver=1777347562","caption":"Ren\u00e9 Mercier"},"url":"https:\/\/centcols.org\/nl\/author\/7552\/"}]}},"_links":{"self":[{"href":"https:\/\/centcols.org\/nl\/wp-json\/wp\/v2\/posts\/94093","targetHints":{"allow":["GET"]}}],"collection":[{"href":"https:\/\/centcols.org\/nl\/wp-json\/wp\/v2\/posts"}],"about":[{"href":"https:\/\/centcols.org\/nl\/wp-json\/wp\/v2\/types\/post"}],"author":[{"embeddable":true,"href":"https:\/\/centcols.org\/nl\/wp-json\/wp\/v2\/users\/1726"}],"replies":[{"embeddable":true,"href":"https:\/\/centcols.org\/nl\/wp-json\/wp\/v2\/comments?post=94093"}],"version-history":[{"count":0,"href":"https:\/\/centcols.org\/nl\/wp-json\/wp\/v2\/posts\/94093\/revisions"}],"wp:featuredmedia":[{"embeddable":true,"href":"https:\/\/centcols.org\/nl\/wp-json\/wp\/v2\/media\/94096"}],"wp:attachment":[{"href":"https:\/\/centcols.org\/nl\/wp-json\/wp\/v2\/media?parent=94093"}],"wp:term":[{"taxonomy":"category","embeddable":true,"href":"https:\/\/centcols.org\/nl\/wp-json\/wp\/v2\/categories?post=94093"},{"taxonomy":"post_tag","embeddable":true,"href":"https:\/\/centcols.org\/nl\/wp-json\/wp\/v2\/tags?post=94093"}],"curies":[{"name":"wp","href":"https:\/\/api.w.org\/{rel}","templated":true}]}}