{"id":95257,"date":"2026-04-18T06:26:58","date_gmt":"2026-04-18T04:26:58","guid":{"rendered":"https:\/\/centcols.org\/?p=95257"},"modified":"2026-04-18T06:56:09","modified_gmt":"2026-04-18T04:56:09","slug":"persoverzicht-radio-videos-archieven","status":"publish","type":"post","link":"https:\/\/centcols.org\/nl\/revue-de-presse-radio-videos-archives\/","title":{"rendered":"Pers, radio en video - Archief"},"content":{"rendered":"<p>Hier vind je alle persartikelen, radioprogramma's en video's die tussen 1990 en 2022 aan de Club des Cent Cols zijn gewijd.<\/p>\n\n\n\n<details class=\"wp-block-details has-medium-font-size is-layout-flow wp-block-details-is-layout-flow\"><summary>Voor 2010<\/summary>\n<div style=\"height:20px\" aria-hidden=\"true\" class=\"wp-block-spacer\"><\/div>\n\n\n\n<div class=\"wp-block-query is-layout-flow wp-block-query-is-layout-flow\"><ul class=\"wp-block-post-template is-layout-flow wp-block-post-template-is-layout-flow\"><li class=\"wp-block-post post-79304 post type-post status-publish format-standard has-post-thumbnail hentry category-articles-de-presse-et-videos category-476\">\n\n<div style=\"height:15px\" aria-hidden=\"true\" class=\"wp-block-spacer\"><\/div>\n\n\n<h5 class=\"wp-block-post-title\"><a href=\"https:\/\/centcols.org\/nl\/le-cycle-juin-1990\/\" target=\"_self\" >De cyclus van juni 1990<\/a><\/h5>\n<\/li><li class=\"wp-block-post post-95273 post type-post status-publish format-standard hentry category-476\">\n\n<div style=\"height:15px\" aria-hidden=\"true\" class=\"wp-block-spacer\"><\/div>\n\n\n<h5 class=\"wp-block-post-title\"><a href=\"https:\/\/centcols.org\/nl\/disparition-de-louis-nucera-2\/\" target=\"_self\" >13\/08\/00 : Overlijden van Louis Nucera. Michel de Br\u00e9bisson wenste het artikel weer te geven in Le Monde geschreven door een van Louis' vrienden<\/a><\/h5>\n<\/li><li class=\"wp-block-post post-95275 post type-post status-publish format-standard hentry category-476\">\n\n<div style=\"height:15px\" aria-hidden=\"true\" class=\"wp-block-spacer\"><\/div>\n\n\n<h5 class=\"wp-block-post-title\"><a href=\"https:\/\/centcols.org\/nl\/louis-nucera-article-monde\/\" target=\"_self\" >23\/09\/00: Michel de Br\u00e9bisson stuurt ons een artikel dat op 13\/09\/2000 in Le Monde verscheen<\/a><\/h5>\n<\/li><li class=\"wp-block-post post-95277 post type-post status-publish format-standard has-post-thumbnail hentry category-477\">\n\n<div style=\"height:15px\" aria-hidden=\"true\" class=\"wp-block-spacer\"><\/div>\n\n\n<h5 class=\"wp-block-post-title\"><a href=\"https:\/\/centcols.org\/nl\/27-12-02-un-article-consacre-au-professeur-claude-got-n1861-paru-dans-le-panorama-du-medecin-du-10-10-02-2\/\" target=\"_self\" >27\/12\/02: Een artikel gewijd aan Professor Claude Got (N\u00b01861) gepubliceerd in de \u00abPanorama du m\u00e9decin\u00bb op 10\/10\/02.<\/a><\/h5>\n<\/li><li class=\"wp-block-post post-95280 post type-post status-publish format-standard hentry category-475\">\n\n<div style=\"height:15px\" aria-hidden=\"true\" class=\"wp-block-spacer\"><\/div>\n\n\n<h5 class=\"wp-block-post-title\"><a href=\"https:\/\/centcols.org\/nl\/article-de-presse-cyclotourisme-juin-2004\/\" target=\"_self\" >21\/06\/04: Persartikel Cyclotourisme, juni 2004<\/a><\/h5>\n<\/li><li class=\"wp-block-post post-95282 post type-post status-publish format-standard has-post-thumbnail hentry category-475\">\n\n<div style=\"height:15px\" aria-hidden=\"true\" class=\"wp-block-spacer\"><\/div>\n\n\n<h5 class=\"wp-block-post-title\"><a href=\"https:\/\/centcols.org\/nl\/sept-cols-en-24-heures\/\" target=\"_self\" >27\/08\/04: zeven passen in 24 uur!<\/a><\/h5>\n<\/li><li class=\"wp-block-post post-95285 post type-post status-publish format-standard has-post-thumbnail hentry category-475\">\n\n<div style=\"height:15px\" aria-hidden=\"true\" class=\"wp-block-spacer\"><\/div>\n\n\n<h5 class=\"wp-block-post-title\"><a href=\"https:\/\/centcols.org\/nl\/26-10-04-article-de-presse-paru-dans-cyclo-passion-de-juillet-2004-2\/\" target=\"_self\" >26\/10\/04: persartikel gepubliceerd in Cyclo-passion in juli 2004<\/a><\/h5>\n<\/li><li class=\"wp-block-post post-95288 post type-post status-publish format-standard has-post-thumbnail hentry category-479\">\n\n<div style=\"height:15px\" aria-hidden=\"true\" class=\"wp-block-spacer\"><\/div>\n\n\n<h5 class=\"wp-block-post-title\"><a href=\"https:\/\/centcols.org\/nl\/article-du-dauphine-libere-avril-2005\/\" target=\"_self\" >16\/05\/05: artikel uit de Dauphin\u00e9 Lib\u00e9r\u00e9 van 27 april 2005: gepassioneerde pasjagers<\/a><\/h5>\n<\/li><li class=\"wp-block-post post-95291 post type-post status-publish format-standard has-post-thumbnail hentry category-479\">\n\n<div style=\"height:15px\" aria-hidden=\"true\" class=\"wp-block-spacer\"><\/div>\n\n\n<h5 class=\"wp-block-post-title\"><a href=\"https:\/\/centcols.org\/nl\/22-05-05-article-de-lhebdo-des-savoies-du-22-avril-2005-le-club-des-cent-cols-2\/\" target=\"_self\" >22\/05\/05 : artikel in de Hebdo des Savoies van 22 april 2005: de Club des Cent Cols<\/a><\/h5>\n<\/li><li class=\"wp-block-post post-95294 post type-post status-publish format-standard has-post-thumbnail hentry category-479\">\n\n<div style=\"height:15px\" aria-hidden=\"true\" class=\"wp-block-spacer\"><\/div>\n\n\n<h5 class=\"wp-block-post-title\"><a href=\"https:\/\/centcols.org\/nl\/rticle-du-dauphine-libere-juin-2005\/\" target=\"_self\" >22\/06\/05: artikel in de Dauphin\u00e9-Lib\u00e9r\u00e9 van 18 juni 2005: 1000ste bergpas van Jean Perdoux<\/a><\/h5>\n<\/li><li class=\"wp-block-post post-95297 post type-post status-publish format-standard has-post-thumbnail hentry category-479\">\n\n<div style=\"height:15px\" aria-hidden=\"true\" class=\"wp-block-spacer\"><\/div>\n\n\n<h5 class=\"wp-block-post-title\"><a href=\"https:\/\/centcols.org\/nl\/article-du-midi-libre-juillet-2005\/\" target=\"_self\" >15\/07\/05: artikel uit de Midi-Libre van 4 juli 2005<\/a><\/h5>\n<\/li><li class=\"wp-block-post post-95300 post type-post status-publish format-standard hentry category-479\">\n\n<div style=\"height:15px\" aria-hidden=\"true\" class=\"wp-block-spacer\"><\/div>\n\n\n<h5 class=\"wp-block-post-title\"><a href=\"https:\/\/centcols.org\/nl\/chronique-de-philippe-reltienr-france-inter\/\" target=\"_self\" >22\/07\/05: Lees meer over de column van Philippe Reltien op France-Inter op 19 juli 2005<\/a><\/h5>\n<\/li><li class=\"wp-block-post post-95303 post type-post status-publish format-standard has-post-thumbnail hentry category-479\">\n\n<div style=\"height:15px\" aria-hidden=\"true\" class=\"wp-block-spacer\"><\/div>\n\n\n<h5 class=\"wp-block-post-title\"><a href=\"https:\/\/centcols.org\/nl\/blif-bulletin-de-la-ligue-ile-de-france\/\" target=\"_self\" >28\/07\/05: Uittreksel uit BLIF (bulletin de la ligue Ile de France)<\/a><\/h5>\n<\/li><li class=\"wp-block-post post-95306 post type-post status-publish format-standard hentry category-479\">\n\n<div style=\"height:15px\" aria-hidden=\"true\" class=\"wp-block-spacer\"><\/div>\n\n\n<h5 class=\"wp-block-post-title\"><a href=\"https:\/\/centcols.org\/nl\/extrait-de-lemission-de-radio-de-stephane-conchon\/\" target=\"_self\" >27\/08\/05: Luister naar een fragment uit het radioprogramma \u00abLaissez-vous transporter\u00bb van St\u00e9phane Conchon.\u00bb<\/a><\/h5>\n<\/li><li class=\"wp-block-post post-95309 post type-post status-publish format-standard has-post-thumbnail hentry category-479\">\n\n<div style=\"height:15px\" aria-hidden=\"true\" class=\"wp-block-spacer\"><\/div>\n\n\n<h5 class=\"wp-block-post-title\"><a href=\"https:\/\/centcols.org\/nl\/dominique-bonnemain-ardent-defenseur-du-cyclisme\/\" target=\"_self\" >12\/11\/05: Persartikel gepubliceerd in het herfstnummer 2005 van het tijdschrift \u00abV\u00e9lo Romand\u00bb: Dominique Bonnemain, vurig verdediger van het wielrennen<\/a><\/h5>\n<\/li><li class=\"wp-block-post post-95312 post type-post status-publish format-standard has-post-thumbnail hentry category-479\">\n\n<div style=\"height:15px\" aria-hidden=\"true\" class=\"wp-block-spacer\"><\/div>\n\n\n<h5 class=\"wp-block-post-title\"><a href=\"https:\/\/centcols.org\/nl\/tijd-du-2-juillet-2005\/\" target=\"_self\" >28\/12\/05: Persartikel gepubliceerd in De TIJD op 2 juli 2005<\/a><\/h5>\n<\/li><li class=\"wp-block-post post-95320 post type-post status-publish format-standard has-post-thumbnail hentry category-480\">\n\n<div style=\"height:15px\" aria-hidden=\"true\" class=\"wp-block-spacer\"><\/div>\n\n\n<h5 class=\"wp-block-post-title\"><a href=\"https:\/\/centcols.org\/nl\/depeche-du-midi-du-9-janvier-2006\/\" target=\"_self\" >11\/01\/06: Persartikel gepubliceerd in La D\u00e9p\u00eache du Midi op 9 januari 2006<\/a><\/h5>\n<\/li><li class=\"wp-block-post post-95323 post type-post status-publish format-standard has-post-thumbnail hentry category-480\">\n\n<div style=\"height:15px\" aria-hidden=\"true\" class=\"wp-block-spacer\"><\/div>\n\n\n<h5 class=\"wp-block-post-title\"><a href=\"https:\/\/centcols.org\/nl\/nord-eclair-du-3-novembre-2005\/\" target=\"_self\" >02\/02\/06: Persartikel gepubliceerd in Nord-Eclair op 3 november 2005<\/a><\/h5>\n<\/li><li class=\"wp-block-post post-95326 post type-post status-publish format-standard has-post-thumbnail hentry category-480\">\n\n<div style=\"height:15px\" aria-hidden=\"true\" class=\"wp-block-spacer\"><\/div>\n\n\n<h5 class=\"wp-block-post-title\"><a href=\"https:\/\/centcols.org\/nl\/gazette-des-sports21\/\" target=\"_self\" >11\/02\/06: Persartikel gepubliceerd in Gazette des Sports nr. 21.<\/a><\/h5>\n<\/li><li class=\"wp-block-post post-95327 post type-post status-publish format-standard has-post-thumbnail hentry category-480\">\n\n<div style=\"height:15px\" aria-hidden=\"true\" class=\"wp-block-spacer\"><\/div>\n\n\n<h5 class=\"wp-block-post-title\"><a href=\"https:\/\/centcols.org\/nl\/cycle-mag-fevrier-2006\/\" target=\"_self\" >02\/03\/06: Persartikel gepubliceerd in Cycle-mag in februari 2006<\/a><\/h5>\n<\/li><li class=\"wp-block-post post-95328 post type-post status-publish format-standard has-post-thumbnail hentry category-480\">\n\n<div style=\"height:15px\" aria-hidden=\"true\" class=\"wp-block-spacer\"><\/div>\n\n\n<h5 class=\"wp-block-post-title\"><a href=\"https:\/\/centcols.org\/nl\/republicain-lorrain-18-mars-2006\/\" target=\"_self\" >26\/03\/06: Persartikel gepubliceerd in de R\u00e9publicain Lorrain op 18 maart 2006<\/a><\/h5>\n<\/li><li class=\"wp-block-post post-95330 post type-post status-publish format-standard has-post-thumbnail hentry category-480\">\n\n<div style=\"height:15px\" aria-hidden=\"true\" class=\"wp-block-spacer\"><\/div>\n\n\n<h5 class=\"wp-block-post-title\"><a href=\"https:\/\/centcols.org\/nl\/le-cycle-de-juin-2006\/\" target=\"_self\" >30\/05\/06: Twee persartikelen gepubliceerd in Le Cycle in juni 2006<\/a><\/h5>\n<\/li><li class=\"wp-block-post post-95329 post type-post status-publish format-standard has-post-thumbnail hentry category-480\">\n\n<div style=\"height:15px\" aria-hidden=\"true\" class=\"wp-block-spacer\"><\/div>\n\n\n<h5 class=\"wp-block-post-title\"><a href=\"https:\/\/centcols.org\/nl\/christophe-riviere\/\" target=\"_self\" >15\/05\/06: Persartikel gepubliceerd in de Dauphin\u00e9-Lib\u00e9r\u00e9 op 3 mei 2006. Christophe Rivi\u00e8re is priester en lid van de Club des Cent Cols.<\/a><\/h5>\n<\/li><li class=\"wp-block-post post-95331 post type-post status-publish format-standard has-post-thumbnail hentry category-480\">\n\n<div style=\"height:15px\" aria-hidden=\"true\" class=\"wp-block-spacer\"><\/div>\n\n\n<h5 class=\"wp-block-post-title\"><a href=\"https:\/\/centcols.org\/nl\/nouveau-col-pyrenees\/\" target=\"_self\" >14\/09\/06 : Persartikel: Een nieuwe pas in de Pyrenee\u00ebn<\/a><\/h5>\n<\/li><li class=\"wp-block-post post-81186 post type-post status-publish format-standard hentry category-250\">\n\n<div style=\"height:15px\" aria-hidden=\"true\" class=\"wp-block-spacer\"><\/div>\n\n\n<h5 class=\"wp-block-post-title\"><a href=\"https:\/\/centcols.org\/nl\/extrait-du-bulletin-municipal-de-mollans\/\" target=\"_self\" >29\/03\/2007 Uittreksel uit het gemeenteblad van Mollans.<\/a><\/h5>\n<\/li><li class=\"wp-block-post post-81182 post type-post status-publish format-standard has-post-thumbnail hentry category-250\">\n\n<div style=\"height:15px\" aria-hidden=\"true\" class=\"wp-block-spacer\"><\/div>\n\n\n<h5 class=\"wp-block-post-title\"><a href=\"https:\/\/centcols.org\/nl\/extrait-magazine-entreprises-rhone-alpes-pierre-brivet\/\" target=\"_self\" >26\/04\/2007 Fragment uit het tijdschrift Entreprises Rh\u00f4ne-Alpes: Pierre Brivet, de man met 6.000 toppen.<\/a><\/h5>\n<\/li><li class=\"wp-block-post post-95347 post type-post status-publish format-standard has-post-thumbnail hentry category-250\">\n\n<div style=\"height:15px\" aria-hidden=\"true\" class=\"wp-block-spacer\"><\/div>\n\n\n<h5 class=\"wp-block-post-title\"><a href=\"https:\/\/centcols.org\/nl\/dauphine-libere-mai-2007\/\" target=\"_self\" >18\/04\/2007 Persartikel gepubliceerd in de Dauphin\u00e9-Lib\u00e9r\u00e9 op 15 mei 2007. (Christophe Rivi\u00e8re is priester en lid van de Club des Cent Cols).<\/a><\/h5>\n<\/li><li class=\"wp-block-post post-95348 post type-post status-publish format-standard hentry category-250\">\n\n<div style=\"height:15px\" aria-hidden=\"true\" class=\"wp-block-spacer\"><\/div>\n\n\n<h5 class=\"wp-block-post-title\"><a href=\"https:\/\/centcols.org\/nl\/interview-jp-adam\/\" target=\"_self\" >29\/07\/2007 Interview met Jean-Pierre Adam tijdens de legendarische etappe van de Tour de France<\/a><\/h5>\n<\/li><li class=\"wp-block-post post-95350 post type-post status-publish format-standard has-post-thumbnail hentry category-250\">\n\n<div style=\"height:15px\" aria-hidden=\"true\" class=\"wp-block-spacer\"><\/div>\n\n\n<h5 class=\"wp-block-post-title\"><a href=\"https:\/\/centcols.org\/nl\/cyclotourisme-octobre-2007\/\" target=\"_self\" >21\/10\/2007 Artikel uit de uitgave van oktober 2007 van het tijdschrift Cyclotourisme<\/a><\/h5>\n<\/li><li class=\"wp-block-post post-95351 post type-post status-publish format-standard hentry category-250\">\n\n<div style=\"height:15px\" aria-hidden=\"true\" class=\"wp-block-spacer\"><\/div>\n\n\n<h5 class=\"wp-block-post-title\"><a href=\"https:\/\/centcols.org\/nl\/voyage-gerard-gruffat-2007\/\" target=\"_self\" >19\/12\/2007 Twee persartikelen over de reis van G\u00e9rard Gruffat (N\u00b05987) naar Noord-Europa<\/a><\/h5>\n<\/li><li class=\"wp-block-post post-81230 post type-post status-publish format-standard has-post-thumbnail hentry category-249\">\n\n<div style=\"height:15px\" aria-hidden=\"true\" class=\"wp-block-spacer\"><\/div>\n\n\n<h5 class=\"wp-block-post-title\"><a href=\"https:\/\/centcols.org\/nl\/articles-de-la-revue-cyclotourisme\/\" target=\"_self\" >14\/01\/2008 Artikelen uit het tijdschrift Cyclotourisme<\/a><\/h5>\n<\/li><li class=\"wp-block-post post-81229 post type-post status-publish format-standard hentry category-249\">\n\n<div style=\"height:15px\" aria-hidden=\"true\" class=\"wp-block-spacer\"><\/div>\n\n\n<h5 class=\"wp-block-post-title\"><a href=\"https:\/\/centcols.org\/nl\/article-de-presse-des-nouvelles-caledonniennes-du-30-janvier-2008\/\" target=\"_self\" >16\/02\/2008 Persartikel in Nouvelles Cal\u00e9donniennes van 30 januari 2008<\/a><\/h5>\n<\/li><li class=\"wp-block-post post-81227 post type-post status-publish format-standard has-post-thumbnail hentry category-249\">\n\n<div style=\"height:15px\" aria-hidden=\"true\" class=\"wp-block-spacer\"><\/div>\n\n\n<h5 class=\"wp-block-post-title\"><a href=\"https:\/\/centcols.org\/nl\/article-de-presse-de-sud-ouest-du-08-mars-2008\/\" target=\"_self\" >08\/03\/2008 Persartikel uit Sud-Ouest van 08 maart 2008<\/a><\/h5>\n<\/li><li class=\"wp-block-post post-95475 post type-post status-publish format-standard has-post-thumbnail hentry category-249\">\n\n<div style=\"height:15px\" aria-hidden=\"true\" class=\"wp-block-spacer\"><\/div>\n\n\n<h5 class=\"wp-block-post-title\"><a href=\"https:\/\/centcols.org\/nl\/au-depart-du-paris-pekin\/\" target=\"_self\" >20\/03\/2008 De Cent-Cols aan de start van de race Parijs-Beijing<\/a><\/h5>\n<\/li><li class=\"wp-block-post post-81184 post type-post status-publish format-standard has-post-thumbnail hentry category-249\">\n\n<div style=\"height:15px\" aria-hidden=\"true\" class=\"wp-block-spacer\"><\/div>\n\n\n<h5 class=\"wp-block-post-title\"><a href=\"https:\/\/centcols.org\/nl\/article-de-presse-de-cyclotourisme-de-mai-2008\/\" target=\"_self\" >13\/05\/2008 Persartikel Cyclotourisme, mei 2008<\/a><\/h5>\n<\/li><li class=\"wp-block-post post-81180 post type-post status-publish format-standard has-post-thumbnail hentry category-249\">\n\n<div style=\"height:15px\" aria-hidden=\"true\" class=\"wp-block-spacer\"><\/div>\n\n\n<h5 class=\"wp-block-post-title\"><a href=\"https:\/\/centcols.org\/nl\/26-05-08-article-de-presse-de-la-provence-du-17-mai-2008\/\" target=\"_self\" >26\/05\/08 Persartikel uit La Provence van 17 mei 2008<\/a><\/h5>\n<\/li><li class=\"wp-block-post post-81176 post type-post status-publish format-standard has-post-thumbnail hentry category-249\">\n\n<div style=\"height:15px\" aria-hidden=\"true\" class=\"wp-block-spacer\"><\/div>\n\n\n<h5 class=\"wp-block-post-title\"><a href=\"https:\/\/centcols.org\/nl\/article-de-presse-du-dauphine-libere-de-mai-2008\/\" target=\"_self\" >02\/06\/2008 Persartikel uit Le Dauphin\u00e9-Lib\u00e9r\u00e9<\/a><\/h5>\n<\/li><li class=\"wp-block-post post-81153 post type-post status-publish format-standard has-post-thumbnail hentry category-249\">\n\n<div style=\"height:15px\" aria-hidden=\"true\" class=\"wp-block-spacer\"><\/div>\n\n\n<h5 class=\"wp-block-post-title\"><a href=\"https:\/\/centcols.org\/nl\/article-de-presse-de-lhebdo-des-savoie-de-sept-2008\/\" target=\"_self\" >12\/09\/2008 Persartikel uit Hebdo des Savoie<\/a><\/h5>\n<\/li><li class=\"wp-block-post post-81137 post type-post status-publish format-standard has-post-thumbnail hentry category-249\">\n\n<div style=\"height:15px\" aria-hidden=\"true\" class=\"wp-block-spacer\"><\/div>\n\n\n<h5 class=\"wp-block-post-title\"><a href=\"https:\/\/centcols.org\/nl\/article-de-presse-du-midi-libre-du-28-septembre-2008\/\" target=\"_self\" >30\/09\/2008 Persartikel van Midi-Libre<\/a><\/h5>\n<\/li><li class=\"wp-block-post post-81143 post type-post status-publish format-standard has-post-thumbnail hentry category-249\">\n\n<div style=\"height:15px\" aria-hidden=\"true\" class=\"wp-block-spacer\"><\/div>\n\n\n<h5 class=\"wp-block-post-title\"><a href=\"https:\/\/centcols.org\/nl\/article-de-presse-de-cyclotourisme-doctobre-2008\/\" target=\"_self\" >13\/10\/2008 Persartikel Cyclotourisme, oktober 2008<\/a><\/h5>\n<\/li><li class=\"wp-block-post post-81141 post type-post status-publish format-standard has-post-thumbnail hentry category-249\">\n\n<div style=\"height:15px\" aria-hidden=\"true\" class=\"wp-block-spacer\"><\/div>\n\n\n<h5 class=\"wp-block-post-title\"><a href=\"https:\/\/centcols.org\/nl\/article-de-presse-de-la-provence-du-28-octobre-2008\/\" target=\"_self\" >29\/10\/2008 Persartikel uit La Provence<\/a><\/h5>\n<\/li><li class=\"wp-block-post post-81129 post type-post status-publish format-standard has-post-thumbnail hentry category-249\">\n\n<div style=\"height:15px\" aria-hidden=\"true\" class=\"wp-block-spacer\"><\/div>\n\n\n<h5 class=\"wp-block-post-title\"><a href=\"https:\/\/centcols.org\/nl\/article-de-presse-de-lhebdo-des-savoie-du-6-novembre-2008\/\" target=\"_self\" >06\/11\/2008 Persartikel uit L'Hebdo des Savoie<\/a><\/h5>\n<\/li><li class=\"wp-block-post post-81133 post type-post status-publish format-standard has-post-thumbnail hentry category-249\">\n\n<div style=\"height:15px\" aria-hidden=\"true\" class=\"wp-block-spacer\"><\/div>\n\n\n<h5 class=\"wp-block-post-title\"><a href=\"https:\/\/centcols.org\/nl\/trois-articles-de-presse-sur-jean-claude-hiram\/\" target=\"_self\" >20\/11\/2008 Drie persartikelen over Jean-Claude Hiram<\/a><\/h5>\n<\/li><li class=\"wp-block-post post-81131 post type-post status-publish format-standard has-post-thumbnail hentry category-249\">\n\n<div style=\"height:15px\" aria-hidden=\"true\" class=\"wp-block-spacer\"><\/div>\n\n\n<h5 class=\"wp-block-post-title\"><a href=\"https:\/\/centcols.org\/nl\/article-de-presse-de-la-provence-du-23-novembre-2008\/\" target=\"_self\" >24\/11\/2008 Persartikel uit La Provence<\/a><\/h5>\n<\/li><li class=\"wp-block-post post-81127 post type-post status-publish format-standard has-post-thumbnail hentry category-249\">\n\n<div style=\"height:15px\" aria-hidden=\"true\" class=\"wp-block-spacer\"><\/div>\n\n\n<h5 class=\"wp-block-post-title\"><a href=\"https:\/\/centcols.org\/nl\/le-club-des-cent-cols-honore\/\" target=\"_self\" >11\/12\/2008 De Cent Cols Club ge\u00eberd<\/a><\/h5>\n<\/li><li class=\"wp-block-post post-81125 post type-post status-publish format-standard has-post-thumbnail hentry category-249\">\n\n<div style=\"height:15px\" aria-hidden=\"true\" class=\"wp-block-spacer\"><\/div>\n\n\n<h5 class=\"wp-block-post-title\"><a href=\"https:\/\/centcols.org\/nl\/article-de-presse-de-cyclotourisme-de-decembre-2008\/\" target=\"_self\" >28\/12\/2008 Persartikel Cyclotourisme, december 2008<\/a><\/h5>\n<\/li><li class=\"wp-block-post post-81149 post type-post status-publish format-standard has-post-thumbnail hentry category-247\">\n\n<div style=\"height:15px\" aria-hidden=\"true\" class=\"wp-block-spacer\"><\/div>\n\n\n<h5 class=\"wp-block-post-title\"><a href=\"https:\/\/centcols.org\/nl\/article-de-presse-du-republicain-lorrain-du-03-janvier-2009\/\" target=\"_self\" >13\/01\/2009 Persartikel uit de R\u00e9publicain-Lorrain van 03 januari 2009<\/a><\/h5>\n<\/li><li class=\"wp-block-post post-81151 post type-post status-publish format-standard has-post-thumbnail hentry category-247\">\n\n<div style=\"height:15px\" aria-hidden=\"true\" class=\"wp-block-spacer\"><\/div>\n\n\n<h5 class=\"wp-block-post-title\"><a href=\"https:\/\/centcols.org\/nl\/article-de-presse-du-dauphine-libere-du-05-janvier-2009\/\" target=\"_self\" >14\/01\/2009 Persartikel uit Le Dauphin\u00e9-Lib\u00e9r\u00e9<\/a><\/h5>\n<\/li><li class=\"wp-block-post post-81147 post type-post status-publish format-standard has-post-thumbnail hentry category-247\">\n\n<div style=\"height:15px\" aria-hidden=\"true\" class=\"wp-block-spacer\"><\/div>\n\n\n<h5 class=\"wp-block-post-title\"><a href=\"https:\/\/centcols.org\/nl\/03-06-09-interview-du-professeur-got-parue-dans-la-revue-tandem-de-mai-2009\/\" target=\"_self\" >03\/06\/09: Interview met Professor Got gepubliceerd in het mei 2009 nummer van Tandem magazine<\/a><\/h5>\n<\/li><li class=\"wp-block-post post-81145 post type-post status-publish format-standard has-post-thumbnail hentry category-247\">\n\n<div style=\"height:15px\" aria-hidden=\"true\" class=\"wp-block-spacer\"><\/div>\n\n\n<h5 class=\"wp-block-post-title\"><a href=\"https:\/\/centcols.org\/nl\/couverture-de-la-revue-cyclotourisme-de-juin-2009-photo-de-francis-touzeau\/\" target=\"_self\" >10\/06\/2009 Cover van de juni 2009 uitgave van Cyclotourisme (foto door Francis Touzeau)<\/a><\/h5>\n<\/li><li class=\"wp-block-post post-81117 post type-post status-publish format-standard has-post-thumbnail hentry category-247\">\n\n<div style=\"height:15px\" aria-hidden=\"true\" class=\"wp-block-spacer\"><\/div>\n\n\n<h5 class=\"wp-block-post-title\"><a href=\"https:\/\/centcols.org\/nl\/2000eme-col-de-luigi-spina-sella-cercevesa-m-1870\/\" target=\"_self\" >14\/07\/2009 Luigi Spina's 2000e bergpas: Sella Cercevesa - m.1870<\/a><\/h5>\n<\/li><li class=\"wp-block-post post-81113 post type-post status-publish format-standard has-post-thumbnail hentry category-247\">\n\n<div style=\"height:15px\" aria-hidden=\"true\" class=\"wp-block-spacer\"><\/div>\n\n\n<h5 class=\"wp-block-post-title\"><a href=\"https:\/\/centcols.org\/nl\/article-de-presse-du-dauphine-libere-du-20-aout-2009\/\" target=\"_self\" >20\/08\/2009 Persartikel uit Le Dauphin\u00e9-Lib\u00e9r\u00e9<\/a><\/h5>\n<\/li><li class=\"wp-block-post post-81052 post type-post status-publish format-standard has-post-thumbnail hentry category-247\">\n\n<div style=\"height:15px\" aria-hidden=\"true\" class=\"wp-block-spacer\"><\/div>\n\n\n<h5 class=\"wp-block-post-title\"><a href=\"https:\/\/centcols.org\/nl\/article-de-presse-du-dauphine-libere-du-28-septembre-2009\/\" target=\"_self\" >28\/09\/2009 Persartikel uit Le Dauphin\u00e9-Lib\u00e9r\u00e9<\/a><\/h5>\n<\/li><li class=\"wp-block-post post-81051 post type-post status-publish format-standard hentry category-247\">\n\n<div style=\"height:15px\" aria-hidden=\"true\" class=\"wp-block-spacer\"><\/div>\n\n\n<h5 class=\"wp-block-post-title\"><a href=\"https:\/\/centcols.org\/nl\/concentration-velocio-au-col-de-pavezin-le-27-septembre-2009\/\" target=\"_self\" >28\/09\/2009 V\u00e9locio concentratie op de Col de Pavezin op 27 september 2009<\/a><\/h5>\n<\/li><li class=\"wp-block-post post-81049 post type-post status-publish format-standard has-post-thumbnail hentry category-247\">\n\n<div style=\"height:15px\" aria-hidden=\"true\" class=\"wp-block-spacer\"><\/div>\n\n\n<h5 class=\"wp-block-post-title\"><a href=\"https:\/\/centcols.org\/nl\/article-de-presse-de-tour-magazine-doctobre-2009\/\" target=\"_self\" >13\/10\/2009 Persartikel uit Tour magazine, oktober 2009<\/a><\/h5>\n<\/li><\/ul>\n\n<\/div>\n<\/details>\n\n\n\n<details class=\"wp-block-details has-medium-font-size is-layout-flow wp-block-details-is-layout-flow\"><summary>Jaar 2010<\/summary>\n<div style=\"height:20px\" aria-hidden=\"true\" class=\"wp-block-spacer\"><\/div>\n\n\n\n<div class=\"wp-block-query is-layout-flow wp-block-query-is-layout-flow\"><ul class=\"wp-block-post-template is-layout-flow wp-block-post-template-is-layout-flow\"><li class=\"wp-block-post post-81036 post type-post status-publish format-standard has-post-thumbnail hentry category-articles-de-presse-et-videos category-240\">\n\n<div style=\"height:15px\" aria-hidden=\"true\" class=\"wp-block-spacer\"><\/div>\n\n\n<h5 class=\"wp-block-post-title\"><a href=\"https:\/\/centcols.org\/nl\/article-de-presse-du-republicain-lorrain-du-24-janvier-2010\/\" target=\"_self\" >Persartikel uit R\u00e9publicain-Lorrain van 24 januari 2010<\/a><\/h5>\n<\/li><li class=\"wp-block-post post-81028 post type-post status-publish format-standard has-post-thumbnail hentry category-articles-de-presse-et-videos category-240\">\n\n<div style=\"height:15px\" aria-hidden=\"true\" class=\"wp-block-spacer\"><\/div>\n\n\n<h5 class=\"wp-block-post-title\"><a href=\"https:\/\/centcols.org\/nl\/article-de-presse-de-cyclotourisme-de-mars-2010\/\" target=\"_self\" >Persartikel Cyclotourisme, maart 2010<\/a><\/h5>\n<\/li><li class=\"wp-block-post post-81019 post type-post status-publish format-standard hentry category-articles-de-presse-et-videos category-240\">\n\n<div style=\"height:15px\" aria-hidden=\"true\" class=\"wp-block-spacer\"><\/div>\n\n\n<h5 class=\"wp-block-post-title\"><a href=\"https:\/\/centcols.org\/nl\/article-de-presse-de-tour-spezial-alpen-2010\/\" target=\"_self\" >Persbericht van TOUR Spezial Alpen 2010<\/a><\/h5>\n<\/li><li class=\"wp-block-post post-81015 post type-post status-publish format-standard has-post-thumbnail hentry category-articles-de-presse-et-videos category-240\">\n\n<div style=\"height:15px\" aria-hidden=\"true\" class=\"wp-block-spacer\"><\/div>\n\n\n<h5 class=\"wp-block-post-title\"><a href=\"https:\/\/centcols.org\/nl\/article-de-presse-de-ouest-france-du-29-mai-2010\/\" target=\"_self\" >Persartikel uit Ouest-France van 29 mei 2010<\/a><\/h5>\n<\/li><li class=\"wp-block-post post-80988 post type-post status-publish format-standard has-post-thumbnail hentry category-articles-de-presse-et-videos category-240\">\n\n<div style=\"height:15px\" aria-hidden=\"true\" class=\"wp-block-spacer\"><\/div>\n\n\n<h5 class=\"wp-block-post-title\"><a href=\"https:\/\/centcols.org\/nl\/article-de-presse-de-haute-savoie-mag-magazine-du-conseil-general-n129-juillet-aout-2010\/\" target=\"_self\" >Persartikel uit \u00abHaute-Savoie MAG\u00bb, Conseil G\u00e9n\u00e9ral magazine nr. 129 juli-augustus 2010<\/a><\/h5>\n<\/li><li class=\"wp-block-post post-80985 post type-post status-publish format-standard has-post-thumbnail hentry category-articles-de-presse-et-videos category-240\">\n\n<div style=\"height:15px\" aria-hidden=\"true\" class=\"wp-block-spacer\"><\/div>\n\n\n<h5 class=\"wp-block-post-title\"><a href=\"https:\/\/centcols.org\/nl\/article-de-presse-de-mag-savoie-mont-blanc-n7-printemps-ete-2010\/\" target=\"_self\" >Persartikel uit \u00abMAG Savoie-Mont-Blanc\u00bb N\u00b07 lente-zomer 2010<\/a><\/h5>\n<\/li><li class=\"wp-block-post post-80979 post type-post status-publish format-standard has-post-thumbnail hentry category-articles-de-presse-et-videos category-240\">\n\n<div style=\"height:15px\" aria-hidden=\"true\" class=\"wp-block-spacer\"><\/div>\n\n\n<h5 class=\"wp-block-post-title\"><a href=\"https:\/\/centcols.org\/nl\/article-de-presse-du-parisien-du-28-aout-2010\/\" target=\"_self\" >Persartikel uit Le Parisien, 28 augustus 2010<\/a><\/h5>\n<\/li><li class=\"wp-block-post post-80976 post type-post status-publish format-standard has-post-thumbnail hentry category-articles-de-presse-et-videos category-240\">\n\n<div style=\"height:15px\" aria-hidden=\"true\" class=\"wp-block-spacer\"><\/div>\n\n\n<h5 class=\"wp-block-post-title\"><a href=\"https:\/\/centcols.org\/nl\/articles-de-presse-de-cyclotourisme-doctobre-2010\/\" target=\"_self\" >Persartikelen van Cyclotourisme van oktober 2010<\/a><\/h5>\n<\/li><li class=\"wp-block-post post-80952 post type-post status-publish format-standard has-post-thumbnail hentry category-articles-de-presse-et-videos category-240\">\n\n<div style=\"height:15px\" aria-hidden=\"true\" class=\"wp-block-spacer\"><\/div>\n\n\n<h5 class=\"wp-block-post-title\"><a href=\"https:\/\/centcols.org\/nl\/article-de-presse-du-dauphine-libere-du-7-decembre-2010\/\" target=\"_self\" >Persartikel uit de Dauphin\u00e9-Lib\u00e9r\u00e9 van 7 december 2010<\/a><\/h5>\n<\/li><li class=\"wp-block-post post-80950 post type-post status-publish format-standard has-post-thumbnail hentry category-articles-de-presse-et-videos category-239\">\n\n<div style=\"height:15px\" aria-hidden=\"true\" class=\"wp-block-spacer\"><\/div>\n\n\n<h5 class=\"wp-block-post-title\"><a href=\"https:\/\/centcols.org\/nl\/article-de-presse-de-lessor-savoyard-du-16-juin-2011\/\" target=\"_self\" >Persartikel gepubliceerd in Essor Savoyard op 16 juni 2011<\/a><\/h5>\n<\/li><li class=\"wp-block-post post-80946 post type-post status-publish format-standard has-post-thumbnail hentry category-articles-de-presse-et-videos category-239\">\n\n<div style=\"height:15px\" aria-hidden=\"true\" class=\"wp-block-spacer\"><\/div>\n\n\n<h5 class=\"wp-block-post-title\"><a href=\"https:\/\/centcols.org\/nl\/article-de-presse-du-dauphine-libere-du-24-juillet-2011\/\" target=\"_self\" >Persartikel uit de Dauphin\u00e9-Lib\u00e9r\u00e9 van 24 juli 2011<\/a><\/h5>\n<\/li><li class=\"wp-block-post post-80938 post type-post status-publish format-standard has-post-thumbnail hentry category-articles-de-presse-et-videos category-239\">\n\n<div style=\"height:15px\" aria-hidden=\"true\" class=\"wp-block-spacer\"><\/div>\n\n\n<h5 class=\"wp-block-post-title\"><a href=\"https:\/\/centcols.org\/nl\/article-de-presse-du-dauphine-libere-du-24-aout-2011\/\" target=\"_self\" >Persartikel uit de Dauphin\u00e9-Lib\u00e9r\u00e9 van 24 augustus 2011<\/a><\/h5>\n<\/li><li class=\"wp-block-post post-80936 post type-post status-publish format-standard has-post-thumbnail hentry category-revue-de-presse category-articles-de-presse-et-videos category-239\">\n\n<div style=\"height:15px\" aria-hidden=\"true\" class=\"wp-block-spacer\"><\/div>\n\n\n<h5 class=\"wp-block-post-title\"><a href=\"https:\/\/centcols.org\/nl\/renato-baccanelli-a-escalade-le-galibier-a-velo-et-tenue-depoque-1910\/\" target=\"_self\" >Renato Baccanelli beklom de Galibier op een fiets in 1910 vintage kleding<\/a><\/h5>\n<\/li><li class=\"wp-block-post post-85109 post type-post status-publish format-standard has-post-thumbnail hentry category-revue-de-presse category-articles-de-presse-et-videos category-237\">\n\n<div style=\"height:15px\" aria-hidden=\"true\" class=\"wp-block-spacer\"><\/div>\n\n\n<h5 class=\"wp-block-post-title\"><a href=\"https:\/\/centcols.org\/nl\/interview-de-regis-paraz-sur-france-bleu-pays-de-savoie\/\" target=\"_self\" >Interview met R\u00e9gis Paraz over France Bleu Pays de Savoie,<\/a><\/h5>\n<\/li><li class=\"wp-block-post post-80927 post type-post status-publish format-standard has-post-thumbnail hentry category-articles-de-presse-et-videos category-237\">\n\n<div style=\"height:15px\" aria-hidden=\"true\" class=\"wp-block-spacer\"><\/div>\n\n\n<h5 class=\"wp-block-post-title\"><a href=\"https:\/\/centcols.org\/nl\/article-de-presse-de-lessor-savoyard-du-9-fevrier-2012\/\" target=\"_self\" >Persartikel van Essor Savoyard van 9 februari 2012<\/a><\/h5>\n<\/li><li class=\"wp-block-post post-80925 post type-post status-publish format-standard has-post-thumbnail hentry category-articles-de-presse-et-videos category-237\">\n\n<div style=\"height:15px\" aria-hidden=\"true\" class=\"wp-block-spacer\"><\/div>\n\n\n<h5 class=\"wp-block-post-title\"><a href=\"https:\/\/centcols.org\/nl\/article-de-presse-de-velo-magazine-de-mars-2012\/\" target=\"_self\" >Persartikel uit V\u00e9lo Magazine, maart 2012<\/a><\/h5>\n<\/li><li class=\"wp-block-post post-80918 post type-post status-publish format-standard has-post-thumbnail hentry category-articles-de-presse-et-videos category-237\">\n\n<div style=\"height:15px\" aria-hidden=\"true\" class=\"wp-block-spacer\"><\/div>\n\n\n<h5 class=\"wp-block-post-title\"><a href=\"https:\/\/centcols.org\/nl\/article-de-presse-du-progres-fr-du-12-mai-2012\/\" target=\"_self\" >Persartikel uit Le Progr\u00e8s.fr van 12 mei 2012<\/a><\/h5>\n<\/li><li class=\"wp-block-post post-80920 post type-post status-publish format-standard has-post-thumbnail hentry category-articles-de-presse-et-videos category-237\">\n\n<div style=\"height:15px\" aria-hidden=\"true\" class=\"wp-block-spacer\"><\/div>\n\n\n<h5 class=\"wp-block-post-title\"><a href=\"https:\/\/centcols.org\/nl\/article-de-presse-de-alpes-magazine-de-juin-juillet-2012\/\" target=\"_self\" >Persartikel uit Alpes Magazine, juni\/juli 2012<\/a><\/h5>\n<\/li><li class=\"wp-block-post post-80916 post type-post status-publish format-standard has-post-thumbnail hentry category-articles-de-presse-et-videos category-237\">\n\n<div style=\"height:15px\" aria-hidden=\"true\" class=\"wp-block-spacer\"><\/div>\n\n\n<h5 class=\"wp-block-post-title\"><a href=\"https:\/\/centcols.org\/nl\/article-de-presse-du-dauphine-libere-du-2-juillet-2012\/\" target=\"_self\" >Persartikel uit de Dauphin\u00e9-Lib\u00e9r\u00e9 van 2 juli 2012<\/a><\/h5>\n<\/li><li class=\"wp-block-post post-80914 post type-post status-publish format-standard has-post-thumbnail hentry category-articles-de-presse-et-videos category-237\">\n\n<div style=\"height:15px\" aria-hidden=\"true\" class=\"wp-block-spacer\"><\/div>\n\n\n<h5 class=\"wp-block-post-title\"><a href=\"https:\/\/centcols.org\/nl\/article-de-presse-du-cycle-de-juillet-2012\/\" target=\"_self\" >Artikel in de wielerpers, juli 2012<\/a><\/h5>\n<\/li><li class=\"wp-block-post post-80908 post type-post status-publish format-standard has-post-thumbnail hentry category-articles-de-presse-et-videos category-237\">\n\n<div style=\"height:15px\" aria-hidden=\"true\" class=\"wp-block-spacer\"><\/div>\n\n\n<h5 class=\"wp-block-post-title\"><a href=\"https:\/\/centcols.org\/nl\/article-de-presse-du-dauphine-libere-du-3-aout-2012\/\" target=\"_self\" >Persartikel uit de Dauphin\u00e9-Lib\u00e9r\u00e9 van 3 augustus 2012<\/a><\/h5>\n<\/li><li class=\"wp-block-post post-80895 post type-post status-publish format-standard has-post-thumbnail hentry category-articles-de-presse-et-videos category-237\">\n\n<div style=\"height:15px\" aria-hidden=\"true\" class=\"wp-block-spacer\"><\/div>\n\n\n<h5 class=\"wp-block-post-title\"><a href=\"https:\/\/centcols.org\/nl\/article-de-presse-de-cyclo-passion-de-septembre-2012\/\" target=\"_self\" >Persartikel Cyclo Passion, september 2012<\/a><\/h5>\n<\/li><li class=\"wp-block-post post-80893 post type-post status-publish format-standard has-post-thumbnail hentry category-articles-de-presse-et-videos category-237\">\n\n<div style=\"height:15px\" aria-hidden=\"true\" class=\"wp-block-spacer\"><\/div>\n\n\n<h5 class=\"wp-block-post-title\"><a href=\"https:\/\/centcols.org\/nl\/article-de-presse-de-cyclotourisme-de-octobre-2012\/\" target=\"_self\" >Persartikel Cyclotourisme, oktober 2012<\/a><\/h5>\n<\/li><li class=\"wp-block-post post-80891 post type-post status-publish format-standard has-post-thumbnail hentry category-articles-de-presse-et-videos category-237\">\n\n<div style=\"height:15px\" aria-hidden=\"true\" class=\"wp-block-spacer\"><\/div>\n\n\n<h5 class=\"wp-block-post-title\"><a href=\"https:\/\/centcols.org\/nl\/article-de-presse-de-cyclotourisme-de-decembre-2012\/\" target=\"_self\" >Persartikel Cyclotourisme van december 2012<\/a><\/h5>\n<\/li><li class=\"wp-block-post post-80848 post type-post status-publish format-standard has-post-thumbnail hentry category-articles-de-presse-et-videos category-236\">\n\n<div style=\"height:15px\" aria-hidden=\"true\" class=\"wp-block-spacer\"><\/div>\n\n\n<h5 class=\"wp-block-post-title\"><a href=\"https:\/\/centcols.org\/nl\/henri-dusseau-fete-ses-80-ans-au-col-du-galibier-le-25-07-13\/\" target=\"_self\" >Henri Dusseau viert zijn 80e verjaardag op de Col du Galibier op 25\/07\/13<\/a><\/h5>\n<\/li><li class=\"wp-block-post post-80846 post type-post status-publish format-standard has-post-thumbnail hentry category-236\">\n\n<div style=\"height:15px\" aria-hidden=\"true\" class=\"wp-block-spacer\"><\/div>\n\n\n<h5 class=\"wp-block-post-title\"><a href=\"https:\/\/centcols.org\/nl\/article-de-presse-de-cyclotourisme-de-septembre-2013\/\" target=\"_self\" >Persartikel Cyclotourisme, september 2013<\/a><\/h5>\n<\/li><li class=\"wp-block-post post-80841 post type-post status-publish format-standard has-post-thumbnail hentry category-236\">\n\n<div style=\"height:15px\" aria-hidden=\"true\" class=\"wp-block-spacer\"><\/div>\n\n\n<h5 class=\"wp-block-post-title\"><a href=\"https:\/\/centcols.org\/nl\/articles-dans-cyclotourisme-de-decembre-2013\/\" target=\"_self\" >Artikelen in het decembernummer 2013 van Cyclotourisme<\/a><\/h5>\n<\/li><li class=\"wp-block-post post-81378 post type-post status-publish format-standard has-post-thumbnail hentry category-articles-de-presse-et-videos category-258\">\n\n<div style=\"height:15px\" aria-hidden=\"true\" class=\"wp-block-spacer\"><\/div>\n\n\n<h5 class=\"wp-block-post-title\"><a href=\"https:\/\/centcols.org\/nl\/article-de-presse-du-cycle-de-juin-2015\/\" target=\"_self\" >Juni 2015 Artikel in de Cycluspers<\/a><\/h5>\n<\/li><li class=\"wp-block-post post-81861 post type-post status-publish format-standard has-post-thumbnail hentry category-articles-de-presse-et-videos category-277\">\n\n<div style=\"height:15px\" aria-hidden=\"true\" class=\"wp-block-spacer\"><\/div>\n\n\n<h5 class=\"wp-block-post-title\"><a href=\"https:\/\/centcols.org\/nl\/article-revue-cyclotourisme-doctobre-2016\/\" target=\"_self\" >Artikel in het oktober 2016 nummer van Cyclotourisme magazine<\/a><\/h5>\n<\/li><li class=\"wp-block-post post-81870 post type-post status-publish format-standard has-post-thumbnail hentry category-articles-de-presse-et-videos category-277\">\n\n<div style=\"height:15px\" aria-hidden=\"true\" class=\"wp-block-spacer\"><\/div>\n\n\n<h5 class=\"wp-block-post-title\"><a href=\"https:\/\/centcols.org\/nl\/article-paru-dans-la-gazette-du-vercors\/\" target=\"_self\" >Artikel gepubliceerd in de Vercors Gazette<\/a><\/h5>\n<\/li><li class=\"wp-block-post post-81872 post type-post status-publish format-standard has-post-thumbnail hentry category-revue-de-presse category-articles-de-presse-et-videos category-277\">\n\n<div style=\"height:15px\" aria-hidden=\"true\" class=\"wp-block-spacer\"><\/div>\n\n\n<h5 class=\"wp-block-post-title\"><a href=\"https:\/\/centcols.org\/nl\/henri-dusseau-recompense\/\" target=\"_self\" >Henri Dusseau beloond<\/a><\/h5>\n<\/li><li class=\"wp-block-post post-81881 post type-post status-publish format-standard has-post-thumbnail hentry category-articles-de-presse-et-videos category-278\">\n\n<div style=\"height:15px\" aria-hidden=\"true\" class=\"wp-block-spacer\"><\/div>\n\n\n<h5 class=\"wp-block-post-title\"><a href=\"https:\/\/centcols.org\/nl\/article-paru-dans-la-revue-cyclotourisme-de-janvier-2017\/\" target=\"_self\" >Artikel gepubliceerd in het januari 2017 nummer van Cyclotourisme magazine<\/a><\/h5>\n<\/li><li class=\"wp-block-post post-82028 post type-post status-publish format-standard has-post-thumbnail hentry category-283 category-articles-de-presse-et-videos\">\n\n<div style=\"height:15px\" aria-hidden=\"true\" class=\"wp-block-spacer\"><\/div>\n\n\n<h5 class=\"wp-block-post-title\"><a href=\"https:\/\/centcols.org\/nl\/sejour-dargeles-article-de-lindependant-du-18-avril-2018\/\" target=\"_self\" >Verblijf in Argel\u00e8s: artikel uit l'Ind\u00e9pendant, 18 april 2018<\/a><\/h5>\n<\/li><li class=\"wp-block-post post-82166 post type-post status-publish format-standard hentry category-283 category-articles-de-presse-et-videos\">\n\n<div style=\"height:15px\" aria-hidden=\"true\" class=\"wp-block-spacer\"><\/div>\n\n\n<h5 class=\"wp-block-post-title\"><a href=\"https:\/\/centcols.org\/nl\/sejour-de-st-maurice-video-de-la-rts-du-2-septembre-2018\/\" target=\"_self\" >Verblijf in St-Maurice: RTS-video van 2 september 2018<\/a><\/h5>\n<\/li><li class=\"wp-block-post post-82164 post type-post status-publish format-standard hentry category-285 category-articles-de-presse-et-videos\">\n\n<div style=\"height:15px\" aria-hidden=\"true\" class=\"wp-block-spacer\"><\/div>\n\n\n<h5 class=\"wp-block-post-title\"><a href=\"https:\/\/centcols.org\/nl\/sejour-de-st-die-video-de-viavosges-du-23-juillet-2019\/\" target=\"_self\" >Verblijf St-Di\u00e9: vi\u00e0Vosges video van 23 juli 2019<\/a><\/h5>\n<\/li><\/ul>\n\n<\/div>\n\n\n\n<p><\/p>\n<\/details>\n\n\n\n<details class=\"wp-block-details has-medium-font-size is-layout-flow wp-block-details-is-layout-flow\"><summary>2020<\/summary>\n<div style=\"height:20px\" aria-hidden=\"true\" class=\"wp-block-spacer\"><\/div>\n\n\n\n<div class=\"wp-block-query is-layout-flow wp-block-query-is-layout-flow\"><ul class=\"wp-block-post-template is-layout-flow wp-block-post-template-is-layout-flow\"><li class=\"wp-block-post post-82222 post type-post status-publish format-standard has-post-thumbnail hentry category-revue-de-presse category-287 category-articles-de-presse-et-videos\">\n\n<div style=\"height:15px\" aria-hidden=\"true\" class=\"wp-block-spacer\"><\/div>\n\n\n<h5 class=\"wp-block-post-title\"><a href=\"https:\/\/centcols.org\/nl\/felicien-missilier-cc-n-800-100-ans\/\" target=\"_self\" >F\u00e9licien Missilier CC N\u00b0 800 - 100 jaar oud<\/a><\/h5>\n<\/li><li class=\"wp-block-post post-82204 post type-post status-publish format-standard hentry category-287 category-articles-de-presse-et-videos\">\n\n<div style=\"height:15px\" aria-hidden=\"true\" class=\"wp-block-spacer\"><\/div>\n\n\n<h5 class=\"wp-block-post-title\"><a href=\"https:\/\/centcols.org\/nl\/revue-le-cycle-mars-2020\/\" target=\"_self\" >Tijdschrift \u00abLe Cycle\u00bb maart 2020<\/a><\/h5>\n<\/li><li class=\"wp-block-post post-82205 post type-post status-publish format-standard hentry category-287 category-articles-de-presse-et-videos\">\n\n<div style=\"height:15px\" aria-hidden=\"true\" class=\"wp-block-spacer\"><\/div>\n\n\n<h5 class=\"wp-block-post-title\"><a href=\"https:\/\/centcols.org\/nl\/revue-anglaise-cycle-magazine-taster-avril-mai-2020\/\" target=\"_self\" >Proefversie van Cycle Magazine - april \/ mei 2020<\/a><\/h5>\n<\/li><li class=\"wp-block-post post-82221 post type-post status-publish format-standard hentry category-287 category-articles-de-presse-et-videos\">\n\n<div style=\"height:15px\" aria-hidden=\"true\" class=\"wp-block-spacer\"><\/div>\n\n\n<h5 class=\"wp-block-post-title\"><a href=\"https:\/\/centcols.org\/nl\/magazine-velo-vert-avril-2020\/\" target=\"_self\" >V\u00e9lo Vert tijdschrift - April 2020<\/a><\/h5>\n<\/li><li class=\"wp-block-post post-82236 post type-post status-publish format-standard hentry category-287 category-articles-de-presse-et-videos\">\n\n<div style=\"height:15px\" aria-hidden=\"true\" class=\"wp-block-spacer\"><\/div>\n\n\n<h5 class=\"wp-block-post-title\"><a href=\"https:\/\/centcols.org\/nl\/cyclomag-aout-2020\/\" target=\"_self\" >Cyclomag - Augustus 2020<\/a><\/h5>\n<\/li><li class=\"wp-block-post post-82237 post type-post status-publish format-standard has-post-thumbnail hentry category-287 category-articles-de-presse-et-videos\">\n\n<div style=\"height:15px\" aria-hidden=\"true\" class=\"wp-block-spacer\"><\/div>\n\n\n<h5 class=\"wp-block-post-title\"><a href=\"https:\/\/centcols.org\/nl\/sejour-de-chessy-les-mines-article-du-pays-roannais\/\" target=\"_self\" >Verblijf in Chessy-les-Mines - Pays Roannais artikel<\/a><\/h5>\n<\/li><li class=\"wp-block-post post-82269 post type-post status-publish format-standard has-post-thumbnail hentry category-292 category-carnet-noir category-articles-de-presse-et-videos\">\n\n<div style=\"height:15px\" aria-hidden=\"true\" class=\"wp-block-spacer\"><\/div>\n\n\n<h5 class=\"wp-block-post-title\"><a href=\"https:\/\/centcols.org\/nl\/jean-dejean-cc-n-1043\/\" target=\"_self\" >Jean D\u00e9jean CC Nr. 1043<\/a><\/h5>\n<\/li><li class=\"wp-block-post post-82288 post type-post status-publish format-standard has-post-thumbnail hentry category-292 category-articles-de-presse-et-videos\">\n\n<div style=\"height:15px\" aria-hidden=\"true\" class=\"wp-block-spacer\"><\/div>\n\n\n<h5 class=\"wp-block-post-title\"><a href=\"https:\/\/centcols.org\/nl\/rassemblement-du-26-juin-2021-au-col-du-tra-article-du-dauphine-libere\/\" target=\"_self\" >Bijeenkomst op 26 juni 2021 op de Col du Tra, artikel uit de Dauphin\u00e9 Lib\u00e9r\u00e9<\/a><\/h5>\n<\/li><li class=\"wp-block-post post-82303 post type-post status-publish format-standard has-post-thumbnail hentry category-292 category-articles-de-presse-et-videos\">\n\n<div style=\"height:15px\" aria-hidden=\"true\" class=\"wp-block-spacer\"><\/div>\n\n\n<h5 class=\"wp-block-post-title\"><a href=\"https:\/\/centcols.org\/nl\/dauphine-libere-article-du-9-aout-2021\/\" target=\"_self\" >Dauphin\u00e9 Lib\u00e9r\u00e9, artikel van 9 augustus 2021<\/a><\/h5>\n<\/li><li class=\"wp-block-post post-82346 post type-post status-publish format-standard has-post-thumbnail hentry category-296 category-revue-de-presse category-articles-de-presse-et-videos\">\n\n<div style=\"height:15px\" aria-hidden=\"true\" class=\"wp-block-spacer\"><\/div>\n\n\n<h5 class=\"wp-block-post-title\"><a href=\"https:\/\/centcols.org\/nl\/des-nouvelles-de-la-bretagne-et-de-michel-fouville-qui-fait-la-une-dans-ouest-france-dimanche-3-7-2022\/\" target=\"_self\" >Nieuws uit Bretagne en Michel Fouville op de voorpagina van Ouest-France zondag 3\/7\/2022<\/a><\/h5>\n<\/li><li class=\"wp-block-post post-82347 post type-post status-publish format-standard hentry category-296 category-articles-de-presse-et-videos\">\n\n<div style=\"height:15px\" aria-hidden=\"true\" class=\"wp-block-spacer\"><\/div>\n\n\n<h5 class=\"wp-block-post-title\"><a href=\"https:\/\/centcols.org\/nl\/anniversaire-des-50-ans-article-sur-dauphine-libere-edition-grenoble-du-30-6-2022\/\" target=\"_self\" >50e verjaardag, artikel in de Dauphin\u00e9 Lib\u00e9r\u00e9 (editie Grenoble) van 30\/6\/2022<\/a><\/h5>\n<\/li><li class=\"wp-block-post post-82348 post type-post status-publish format-standard hentry category-296 category-articles-de-presse-et-videos\">\n\n<div style=\"height:15px\" aria-hidden=\"true\" class=\"wp-block-spacer\"><\/div>\n\n\n<h5 class=\"wp-block-post-title\"><a href=\"https:\/\/centcols.org\/nl\/les-cent-cols-ont-defie-ceux-du-pays-basque\/\" target=\"_self\" >De \u00abCent cols\u00bb daagden die van Baskenland uit<\/a><\/h5>\n<\/li><li class=\"wp-block-post post-82401 post type-post status-publish format-standard hentry category-292 category-articles-de-presse-et-videos\">\n\n<div style=\"height:15px\" aria-hidden=\"true\" class=\"wp-block-spacer\"><\/div>\n\n\n<h5 class=\"wp-block-post-title\"><a href=\"https:\/\/centcols.org\/nl\/article-paru-sur-la-gazzetta-dello-sport-du-08-11-2021\/\" target=\"_self\" >Artikel gepubliceerd in de Gazzetta dello Sport op 08\/11\/2021<\/a><\/h5>\n<\/li><li class=\"wp-block-post post-82402 post type-post status-publish format-standard hentry category-296 category-articles-de-presse-et-videos\">\n\n<div style=\"height:15px\" aria-hidden=\"true\" class=\"wp-block-spacer\"><\/div>\n\n\n<h5 class=\"wp-block-post-title\"><a href=\"https:\/\/centcols.org\/nl\/article-paru-sur-le-dauphine-libere-du-08-11-2022\/\" target=\"_self\" >Artikel gepubliceerd in de Dauphin\u00e9 Liber\u00e9 op 08\/11\/2022<\/a><\/h5>\n<\/li><li class=\"wp-block-post post-82403 post type-post status-publish format-standard hentry category-296 category-articles-de-presse-et-videos\">\n\n<div style=\"height:15px\" aria-hidden=\"true\" class=\"wp-block-spacer\"><\/div>\n\n\n<h5 class=\"wp-block-post-title\"><a href=\"https:\/\/centcols.org\/nl\/article-sur-cyclomag-du-09-11-2022\/\" target=\"_self\" >Cyclomag artikel gedateerd 09\/11\/2022<\/a><\/h5>\n<\/li><\/ul>\n\n<\/div>\n\n\n\n<p><\/p>\n<\/details>","protected":false},"excerpt":{"rendered":"<p>Hier vind je alle persartikelen, radioprogramma's en video's die tussen 1990 en 2022 aan de Club des Cent Cols zijn gewijd.<\/p>","protected":false},"author":5112,"featured_media":95409,"comment_status":"closed","ping_status":"closed","sticky":false,"template":"","format":"standard","meta":{"_acf_changed":false,"footnotes":""},"categories":[133],"tags":[],"class_list":["post-95257","post","type-post","status-publish","format-standard","has-post-thumbnail","hentry","category-revue-de-presse"],"acf":[],"yoast_head":"<!-- This site is optimized with the Yoast SEO plugin v27.2 - https:\/\/yoast.com\/product\/yoast-seo-wordpress\/ -->\n<title>Revue de presse, radio &amp; vid\u00e9os \u2014 Archives - Club des Cent Cols<\/title>\n<meta name=\"robots\" content=\"index, follow, max-snippet:-1, max-image-preview:large, max-video-preview:-1\" \/>\n<link rel=\"canonical\" href=\"https:\/\/centcols.org\/nl\/persoverzicht-radio-videos-archieven\/\" \/>\n<meta property=\"og:locale\" content=\"nl_BE\" \/>\n<meta property=\"og:type\" content=\"article\" \/>\n<meta property=\"og:title\" content=\"Revue de presse, radio &amp; vid\u00e9os \u2014 Archives - Club des Cent Cols\" \/>\n<meta property=\"og:description\" content=\"Retrouvez ici l&rsquo;ensemble des articles de presse, \u00e9missions de radio et vid\u00e9os consacr\u00e9s au Club des Cent Cols entre 1990 et 2022.\" \/>\n<meta property=\"og:url\" content=\"https:\/\/centcols.org\/nl\/persoverzicht-radio-videos-archieven\/\" \/>\n<meta property=\"og:site_name\" content=\"Club des Cent Cols\" \/>\n<meta property=\"article:publisher\" content=\"https:\/\/www.facebook.com\/groups\/5261880558\/?locale=fr_FR\" \/>\n<meta property=\"article:published_time\" content=\"2026-04-18T04:26:58+00:00\" \/>\n<meta property=\"article:modified_time\" content=\"2026-04-18T04:56:09+00:00\" \/>\n<meta property=\"og:image\" content=\"https:\/\/centcols.org\/wp-content\/uploads\/2026\/04\/media1.jpg\" \/>\n\t<meta property=\"og:image:width\" content=\"1000\" \/>\n\t<meta property=\"og:image:height\" content=\"667\" \/>\n\t<meta property=\"og:image:type\" content=\"image\/jpeg\" \/>\n<meta name=\"author\" content=\"R\u00e9gis Paraz\" \/>\n<meta name=\"twitter:card\" content=\"summary_large_image\" \/>\n<meta name=\"twitter:label1\" content=\"Geschreven door\" \/>\n\t<meta name=\"twitter:data1\" content=\"R\u00e9gis Paraz\" \/>\n\t<meta name=\"twitter:label2\" content=\"Geschatte leestijd\" \/>\n\t<meta name=\"twitter:data2\" content=\"1 minuut\" \/>\n<script type=\"application\/ld+json\" class=\"yoast-schema-graph\">{\"@context\":\"https:\/\/schema.org\",\"@graph\":[{\"@type\":\"Article\",\"@id\":\"https:\/\/centcols.org\/de\/revue-de-presse-radio-videos-archives\/#article\",\"isPartOf\":{\"@id\":\"https:\/\/centcols.org\/de\/revue-de-presse-radio-videos-archives\/\"},\"author\":{\"name\":\"R\u00e9gis Paraz\",\"@id\":\"https:\/\/centcols.org\/#\/schema\/person\/6733615a03fdc98c0aef104567c81e13\"},\"headline\":\"Revue de presse, radio &amp; vid\u00e9os \u2014 Archives\",\"datePublished\":\"2026-04-18T04:26:58+00:00\",\"dateModified\":\"2026-04-18T04:56:09+00:00\",\"mainEntityOfPage\":{\"@id\":\"https:\/\/centcols.org\/de\/revue-de-presse-radio-videos-archives\/\"},\"wordCount\":36,\"publisher\":{\"@id\":\"https:\/\/centcols.org\/#organization\"},\"image\":{\"@id\":\"https:\/\/centcols.org\/de\/revue-de-presse-radio-videos-archives\/#primaryimage\"},\"thumbnailUrl\":\"https:\/\/centcols.org\/wp-content\/uploads\/2026\/04\/media1.jpg\",\"articleSection\":[\"Revue de presse\"],\"inLanguage\":\"nl-BE\"},{\"@type\":\"WebPage\",\"@id\":\"https:\/\/centcols.org\/de\/revue-de-presse-radio-videos-archives\/\",\"url\":\"https:\/\/centcols.org\/de\/revue-de-presse-radio-videos-archives\/\",\"name\":\"Revue de presse, radio &amp; vid\u00e9os \u2014 Archives - Club des Cent Cols\",\"isPartOf\":{\"@id\":\"https:\/\/centcols.org\/#website\"},\"primaryImageOfPage\":{\"@id\":\"https:\/\/centcols.org\/de\/revue-de-presse-radio-videos-archives\/#primaryimage\"},\"image\":{\"@id\":\"https:\/\/centcols.org\/de\/revue-de-presse-radio-videos-archives\/#primaryimage\"},\"thumbnailUrl\":\"https:\/\/centcols.org\/wp-content\/uploads\/2026\/04\/media1.jpg\",\"datePublished\":\"2026-04-18T04:26:58+00:00\",\"dateModified\":\"2026-04-18T04:56:09+00:00\",\"breadcrumb\":{\"@id\":\"https:\/\/centcols.org\/de\/revue-de-presse-radio-videos-archives\/#breadcrumb\"},\"inLanguage\":\"nl-BE\",\"potentialAction\":[{\"@type\":\"ReadAction\",\"target\":[\"https:\/\/centcols.org\/de\/revue-de-presse-radio-videos-archives\/\"]}]},{\"@type\":\"ImageObject\",\"inLanguage\":\"nl-BE\",\"@id\":\"https:\/\/centcols.org\/de\/revue-de-presse-radio-videos-archives\/#primaryimage\",\"url\":\"https:\/\/centcols.org\/wp-content\/uploads\/2026\/04\/media1.jpg\",\"contentUrl\":\"https:\/\/centcols.org\/wp-content\/uploads\/2026\/04\/media1.jpg\",\"width\":1000,\"height\":667},{\"@type\":\"BreadcrumbList\",\"@id\":\"https:\/\/centcols.org\/de\/revue-de-presse-radio-videos-archives\/#breadcrumb\",\"itemListElement\":[{\"@type\":\"ListItem\",\"position\":1,\"name\":\"Accueil\",\"item\":\"https:\/\/centcols.org\/\"},{\"@type\":\"ListItem\",\"position\":2,\"name\":\"Gazette\",\"item\":\"https:\/\/centcols.org\/rubrique\/gazette\/\"},{\"@type\":\"ListItem\",\"position\":3,\"name\":\"Revue de presse\",\"item\":\"https:\/\/centcols.org\/rubrique\/gazette\/revue-de-presse\/\"},{\"@type\":\"ListItem\",\"position\":4,\"name\":\"Revue de presse, radio &amp; vid\u00e9os \u2014 Archives\"}]},{\"@type\":\"WebSite\",\"@id\":\"https:\/\/centcols.org\/#website\",\"url\":\"https:\/\/centcols.org\/\",\"name\":\"Club des Cent Cols\",\"description\":\"\",\"publisher\":{\"@id\":\"https:\/\/centcols.org\/#organization\"},\"potentialAction\":[{\"@type\":\"SearchAction\",\"target\":{\"@type\":\"EntryPoint\",\"urlTemplate\":\"https:\/\/centcols.org\/?s={search_term_string}\"},\"query-input\":{\"@type\":\"PropertyValueSpecification\",\"valueRequired\":true,\"valueName\":\"search_term_string\"}}],\"inLanguage\":\"nl-BE\"},{\"@type\":\"Organization\",\"@id\":\"https:\/\/centcols.org\/#organization\",\"name\":\"Club des Cent Cols\",\"url\":\"https:\/\/centcols.org\/\",\"logo\":{\"@type\":\"ImageObject\",\"inLanguage\":\"nl-BE\",\"@id\":\"https:\/\/centcols.org\/#\/schema\/logo\/image\/\",\"url\":\"https:\/\/centcols.org\/wp-content\/uploads\/2025\/01\/carte-icone.png\",\"contentUrl\":\"https:\/\/centcols.org\/wp-content\/uploads\/2025\/01\/carte-icone.png\",\"width\":250,\"height\":250,\"caption\":\"Club des Cent Cols\"},\"image\":{\"@id\":\"https:\/\/centcols.org\/#\/schema\/logo\/image\/\"},\"sameAs\":[\"https:\/\/www.facebook.com\/groups\/5261880558\/?locale=fr_FR\"]},{\"@type\":\"Person\",\"@id\":\"https:\/\/centcols.org\/#\/schema\/person\/6733615a03fdc98c0aef104567c81e13\",\"name\":\"R\u00e9gis Paraz\",\"image\":{\"@type\":\"ImageObject\",\"inLanguage\":\"nl-BE\",\"@id\":\"https:\/\/centcols.org\/wp-content\/litespeed\/avatar\/e5679bd124a28f7319d109cd5c2c0dd7.jpg?ver=1777239746\",\"url\":\"https:\/\/centcols.org\/wp-content\/litespeed\/avatar\/e5679bd124a28f7319d109cd5c2c0dd7.jpg?ver=1777239746\",\"contentUrl\":\"https:\/\/centcols.org\/wp-content\/litespeed\/avatar\/e5679bd124a28f7319d109cd5c2c0dd7.jpg?ver=1777239746\",\"caption\":\"R\u00e9gis Paraz\"},\"url\":\"https:\/\/centcols.org\/nl\/author\/3225\/\"}]}<\/script>\n<!-- \/ Yoast SEO plugin. -->","yoast_head_json":{"title":"Pers, radio en video - Archief - Club des Cent Cols","robots":{"index":"index","follow":"follow","max-snippet":"max-snippet:-1","max-image-preview":"max-image-preview:large","max-video-preview":"max-video-preview:-1"},"canonical":"https:\/\/centcols.org\/nl\/persoverzicht-radio-videos-archieven\/","og_locale":"nl_BE","og_type":"article","og_title":"Revue de presse, radio &amp; vid\u00e9os \u2014 Archives - Club des Cent Cols","og_description":"Retrouvez ici l&rsquo;ensemble des articles de presse, \u00e9missions de radio et vid\u00e9os consacr\u00e9s au Club des Cent Cols entre 1990 et 2022.","og_url":"https:\/\/centcols.org\/nl\/persoverzicht-radio-videos-archieven\/","og_site_name":"Club des Cent Cols","article_publisher":"https:\/\/www.facebook.com\/groups\/5261880558\/?locale=fr_FR","article_published_time":"2026-04-18T04:26:58+00:00","article_modified_time":"2026-04-18T04:56:09+00:00","og_image":[{"width":1000,"height":667,"url":"https:\/\/centcols.org\/wp-content\/uploads\/2026\/04\/media1.jpg","type":"image\/jpeg"}],"author":"R\u00e9gis Paraz","twitter_card":"summary_large_image","twitter_misc":{"Geschreven door":"R\u00e9gis Paraz","Geschatte leestijd":"1 minuut"},"schema":{"@context":"https:\/\/schema.org","@graph":[{"@type":"Article","@id":"https:\/\/centcols.org\/de\/revue-de-presse-radio-videos-archives\/#article","isPartOf":{"@id":"https:\/\/centcols.org\/de\/revue-de-presse-radio-videos-archives\/"},"author":{"name":"R\u00e9gis Paraz","@id":"https:\/\/centcols.org\/#\/schema\/person\/6733615a03fdc98c0aef104567c81e13"},"headline":"Revue de presse, radio &amp; vid\u00e9os \u2014 Archives","datePublished":"2026-04-18T04:26:58+00:00","dateModified":"2026-04-18T04:56:09+00:00","mainEntityOfPage":{"@id":"https:\/\/centcols.org\/de\/revue-de-presse-radio-videos-archives\/"},"wordCount":36,"publisher":{"@id":"https:\/\/centcols.org\/#organization"},"image":{"@id":"https:\/\/centcols.org\/de\/revue-de-presse-radio-videos-archives\/#primaryimage"},"thumbnailUrl":"https:\/\/centcols.org\/wp-content\/uploads\/2026\/04\/media1.jpg","articleSection":["Revue de presse"],"inLanguage":"nl-BE"},{"@type":"WebPage","@id":"https:\/\/centcols.org\/de\/revue-de-presse-radio-videos-archives\/","url":"https:\/\/centcols.org\/de\/revue-de-presse-radio-videos-archives\/","name":"Pers, radio en video - Archief - Club des Cent Cols","isPartOf":{"@id":"https:\/\/centcols.org\/#website"},"primaryImageOfPage":{"@id":"https:\/\/centcols.org\/de\/revue-de-presse-radio-videos-archives\/#primaryimage"},"image":{"@id":"https:\/\/centcols.org\/de\/revue-de-presse-radio-videos-archives\/#primaryimage"},"thumbnailUrl":"https:\/\/centcols.org\/wp-content\/uploads\/2026\/04\/media1.jpg","datePublished":"2026-04-18T04:26:58+00:00","dateModified":"2026-04-18T04:56:09+00:00","breadcrumb":{"@id":"https:\/\/centcols.org\/de\/revue-de-presse-radio-videos-archives\/#breadcrumb"},"inLanguage":"nl-BE","potentialAction":[{"@type":"ReadAction","target":["https:\/\/centcols.org\/de\/revue-de-presse-radio-videos-archives\/"]}]},{"@type":"ImageObject","inLanguage":"nl-BE","@id":"https:\/\/centcols.org\/de\/revue-de-presse-radio-videos-archives\/#primaryimage","url":"https:\/\/centcols.org\/wp-content\/uploads\/2026\/04\/media1.jpg","contentUrl":"https:\/\/centcols.org\/wp-content\/uploads\/2026\/04\/media1.jpg","width":1000,"height":667},{"@type":"BreadcrumbList","@id":"https:\/\/centcols.org\/de\/revue-de-presse-radio-videos-archives\/#breadcrumb","itemListElement":[{"@type":"ListItem","position":1,"name":"Accueil","item":"https:\/\/centcols.org\/"},{"@type":"ListItem","position":2,"name":"Gazette","item":"https:\/\/centcols.org\/rubrique\/gazette\/"},{"@type":"ListItem","position":3,"name":"Revue de presse","item":"https:\/\/centcols.org\/rubrique\/gazette\/revue-de-presse\/"},{"@type":"ListItem","position":4,"name":"Revue de presse, radio &amp; vid\u00e9os \u2014 Archives"}]},{"@type":"WebSite","@id":"https:\/\/centcols.org\/#website","url":"https:\/\/centcols.org\/","name":"Club van Cent Cols","description":"","publisher":{"@id":"https:\/\/centcols.org\/#organization"},"potentialAction":[{"@type":"SearchAction","target":{"@type":"EntryPoint","urlTemplate":"https:\/\/centcols.org\/?s={search_term_string}"},"query-input":{"@type":"PropertyValueSpecification","valueRequired":true,"valueName":"search_term_string"}}],"inLanguage":"nl-BE"},{"@type":"Organization","@id":"https:\/\/centcols.org\/#organization","name":"Club van Cent Cols","url":"https:\/\/centcols.org\/","logo":{"@type":"ImageObject","inLanguage":"nl-BE","@id":"https:\/\/centcols.org\/#\/schema\/logo\/image\/","url":"https:\/\/centcols.org\/wp-content\/uploads\/2025\/01\/carte-icone.png","contentUrl":"https:\/\/centcols.org\/wp-content\/uploads\/2025\/01\/carte-icone.png","width":250,"height":250,"caption":"Club des Cent Cols"},"image":{"@id":"https:\/\/centcols.org\/#\/schema\/logo\/image\/"},"sameAs":["https:\/\/www.facebook.com\/groups\/5261880558\/?locale=fr_FR"]},{"@type":"Person","@id":"https:\/\/centcols.org\/#\/schema\/person\/6733615a03fdc98c0aef104567c81e13","name":"R\u00e9gis Paraz","image":{"@type":"ImageObject","inLanguage":"nl-BE","@id":"https:\/\/centcols.org\/wp-content\/litespeed\/avatar\/e5679bd124a28f7319d109cd5c2c0dd7.jpg?ver=1777239746","url":"https:\/\/centcols.org\/wp-content\/litespeed\/avatar\/e5679bd124a28f7319d109cd5c2c0dd7.jpg?ver=1777239746","contentUrl":"https:\/\/centcols.org\/wp-content\/litespeed\/avatar\/e5679bd124a28f7319d109cd5c2c0dd7.jpg?ver=1777239746","caption":"R\u00e9gis Paraz"},"url":"https:\/\/centcols.org\/nl\/author\/3225\/"}]}},"_links":{"self":[{"href":"https:\/\/centcols.org\/nl\/wp-json\/wp\/v2\/posts\/95257","targetHints":{"allow":["GET"]}}],"collection":[{"href":"https:\/\/centcols.org\/nl\/wp-json\/wp\/v2\/posts"}],"about":[{"href":"https:\/\/centcols.org\/nl\/wp-json\/wp\/v2\/types\/post"}],"author":[{"embeddable":true,"href":"https:\/\/centcols.org\/nl\/wp-json\/wp\/v2\/users\/5112"}],"replies":[{"embeddable":true,"href":"https:\/\/centcols.org\/nl\/wp-json\/wp\/v2\/comments?post=95257"}],"version-history":[{"count":0,"href":"https:\/\/centcols.org\/nl\/wp-json\/wp\/v2\/posts\/95257\/revisions"}],"wp:featuredmedia":[{"embeddable":true,"href":"https:\/\/centcols.org\/nl\/wp-json\/wp\/v2\/media\/95409"}],"wp:attachment":[{"href":"https:\/\/centcols.org\/nl\/wp-json\/wp\/v2\/media?parent=95257"}],"wp:term":[{"taxonomy":"category","embeddable":true,"href":"https:\/\/centcols.org\/nl\/wp-json\/wp\/v2\/categories?post=95257"},{"taxonomy":"post_tag","embeddable":true,"href":"https:\/\/centcols.org\/nl\/wp-json\/wp\/v2\/tags?post=95257"}],"curies":[{"name":"wp","href":"https:\/\/api.w.org\/{rel}","templated":true}]}}