{"id":95273,"date":"2000-08-13T22:25:00","date_gmt":"2000-08-13T20:25:00","guid":{"rendered":"https:\/\/centcols.org\/?p=95273"},"modified":"2026-04-17T22:26:58","modified_gmt":"2026-04-17T20:26:58","slug":"verdwijning-van-louis-nucera-2","status":"publish","type":"post","link":"https:\/\/centcols.org\/nl\/disparition-de-louis-nucera-2\/","title":{"rendered":"13\/08\/00 : Overlijden van Louis Nucera. Michel de Br\u00e9bisson wenste het artikel weer te geven in Le Monde geschreven door een van Louis' vrienden"},"content":{"rendered":"<h2 class=\"wp-block-heading\">Louis Nucera<\/h2>\n\n\n\n<h3 class=\"wp-block-heading\">Een passie voor literatuur, vriendschap en fietsen<\/h3>\n\n\n\n<p><strong>WOENSDAG 9 augustus<\/strong>, Louis Nucera stierf op zijn fiets, aangereden door een automobilist, in Carros (Alpes-Maritimes), in het achterland van Nice, waar hij zo vaak had gefietst. Fietsen was een van zijn passies, samen met literatuur en vriendschap. Zijn vrienden voelden zich erg eenzaam en in de steek gelaten. Een van zijn beste boeken, Le Roi Ren\u00e9, ging over de carri\u00e8re van Ren\u00e9 Vietto. Hij was een van Louis\u00ab rolmodellen, omdat hij hield van stijl en moed. Aan het einde van elke zomer vroeg ik hem: \u00bbHeb je een goede rit gehad? Hoeveel kilometer? En de tweede vraag kwam meteen: \u00abHoeveel pagina's? Die twee waren onafscheidelijk, de prestaties van de \u00bbkampioen\u00ab en die van de schrijver...<\/p>\n\n\n\n<p>Louis Nucera, geboren in Nice op 17 juli 1928, groeide op met herinneringen aan de Eerste Wereldoorlog. Hij luisterde aandachtig naar de verhalen die zijn ooms hem rond etenstijd vertelden. Dit leverde zeer bedachtzame, dromerige kinderen op. Nucera's vader stierf in 1933 en zijn moeder was \u00abplotseling onherstelbaar oud\u00ab. Dit soort zinnen vat de stijl van Louis samen: hij was een zeer klassieke schrijver en wist hoe hij de samenzwering van grammatica en emotie moest organiseren.<\/p>\n\n\n\n<p>Na de dood van zijn vader moest Louis Nucera de kost verdienen en werd hij \u00abtelefonist\u00bb in een bank. Jean Giono had zelf in een filiaal van deze bank gewerkt. Het was een uitstekend voorteken. Nucera ging vervolgens de journalistiek in. Zo ontmoette hij Joseph Kessel, Georges Brassens en Jean Cocteau. Zijn leermeesters of literaire mentoren. Magische mentoren. De eerste overtuigde Louis Nucera ervan dat de Franse taal een soort \u00abklooster\u00bb was dat met grote zorg moest worden betreden. De tweede gaf les in bescheidenheid en de derde in beleefdheid. Cocteau zei altijd dat je de moeite die je had genomen om je teksten te schrijven uit je teksten moest wissen. Louis Nucera heeft alle drie de lessen onthouden. In zijn romans (L'Ami, 1974; Avenue des Diables-Bleus, 1979; Chemin de la Lanterne, 1981; Le Kiosque \u00e0 musique, 1984; La Chanson de Maria, 1989; Le Ruban rouge, 1991...) portretteerde hij op delicate wijze de kleine mensen van zijn stad, de kleine mensen waarvan hij de erfgenaam was. Maar hij vroeg zich af: waarom \u00abkleine mensen\u00bb?<\/p>\n\n\n\n<h3 class=\"wp-block-heading\">DE BELEEFDHEID VAN WANHOOP<\/h3>\n\n\n\n<p>Misschien wel zijn beste boek was Mes Ports d'attache, gepubliceerd in 1994. Hierin maakt hij een soort rondreis langs verloren vrienden. Het laat ons kennismaken met twee liefhebbers van fietstochten, Henry Miller en Vladimir Nabokov. En natuurlijk Cocteau, Brassens en Kessel. Louis Nucera was een meester in de kunst van het portretteren. Hij zei bijvoorbeeld dat \u00abhet gezicht van Kessel de bewegingen van zijn hart interpreteerde, zoals de lucht en de zee de grillen van het weer interpreteren\u00ab. Het is prachtig.<\/p>\n\n\n\n<p>Afgelopen winter bundelde Louis Nucera zijn columns van 1994 tot 1999 onder de titel Une bouff\u00e9e d'air frais (Le Cherche Midi, 2000). Hierin zagen we een man die zich liet leiden door een verlangen om te bewonderen, een verlangen om recht te doen aan de schoonheid van dingen en aan de schoonheid van bepaalde mensen. Hij inventariseerde zijn passies en voorkeuren. Hij hield van delicate mensen, de beleefdheid van wanhoop, het schilderen van stemmingen, tango, de alchemie van gevoelens, het 18e arrondissement, de oude wijken van Nice, Franse landschappen... en leraren die hun leerlingen, van achter in het klaslokaal bij de radiator, de smaak van het lezen bijbrengen. In zijn enthousiasme mengde Louis Nucera de winnaars van de Tour de France met de kampioenen van de literatuur. Hij had veel gelezen, maar pronkte niet met zijn eruditie. Het bleef een zaak van het hart.<\/p>\n\n\n\n<p>Tijdperken zijn gemaakt om te worden vernederd,\u00ab mopperde Flaubert, als hij in een slechte bui was. Louis Nucera had dit pessimisme graag tegengesproken, maar hij bekeek onze wereld als een moralist. En wat hij waarnam stemde hem maar al te vaak droevig. Want hoe kun je niet boos worden als de toespraken van een rocker of een tv-presentator belangrijker worden dan de woorden van schrijvers? En toch waren schrijvers voor Nucera \u00bbde afgezanten van schoonheid op aarde\". Maar zelfs wanneer hij de ijdeltuit aan de kaak stelt, ademen zijn pagina's de vreugde van het schrijven. Als verdediger en dienaar van de Franse taal had Louis Nucera wat we noemen stijl, zowel in zijn lofprijzingen als in zijn kritiek. In deze tijd is dat niet zo gebruikelijk.<\/p>\n\n\n\n<p><strong>Fran\u00e7ois Bott<\/strong><\/p>\n\n\n\n<blockquote class=\"wp-block-quote is-layout-flow wp-block-quote-is-layout-flow\">\n<p>Louis Nucera publiceerde zijn eerste roman, L'Obstin\u00e9, in 1970 bij Julliard. Het meeste van zijn werk werd daarna uitgegeven door Grasset. Hij schreef talrijke artikelen voor \u00abLe monde des livres\u00bb vanaf het begin van de jaren 1980. Hij won verschillende prijzen voor zijn werk, waaronder de Prix litt\u00e9raire de la R\u00e9sistance (1975) voor Dora (Latt\u00e8s), de Prix Interalli\u00e9 (1981) voor Chemin de la Lanterne, de Grand Prix de litt\u00e9rature sportive (1987) voor Mes rayons de soleil, en de Prix Jacques Chardonne (1991) voor Le Ruban rouge. Tot slot kende de Acad\u00e9mie fran\u00e7aise hem in 1993 haar Grand Prix de litt\u00e9rature toe voor zijn oeuvre.<\/p>\n<\/blockquote>","protected":false},"excerpt":{"rendered":"<p>Louis Nucera La passion de la litt\u00e9rature, de l&rsquo;amiti\u00e9 et du v\u00e9lo MERCREDI 9 ao\u00fbt, Louis Nucera est mort \u00e0 bicyclette, renvers\u00e9 par un automobiliste, \u00e0 Carros (Alpes-Maritimes), dans cette arri\u00e8re-pays ni\u00e7ois qu&rsquo;il avait si souvent parcouru. Le v\u00e9lo \u00e9tait une de ses passions avec la litt\u00e9rature et l&rsquo;amiti\u00e9. Ses amis se sentent tr\u00e8s seuls [&hellip;]<\/p>\n","protected":false},"author":3,"featured_media":0,"comment_status":"closed","ping_status":"closed","sticky":false,"template":"","format":"standard","meta":{"_acf_changed":false,"footnotes":""},"categories":[476],"tags":[],"class_list":["post-95273","post","type-post","status-publish","format-standard","hentry","category-476"],"acf":[],"yoast_head":"<!-- This site is optimized with the Yoast SEO plugin v27.2 - https:\/\/yoast.com\/product\/yoast-seo-wordpress\/ -->\n<title>13\/08\/00 : disparition de Louis Nucera. Michel de Br\u00e9bisson a souhait\u00e9 faire reproduire le papier du Monde \u00e9crit par un des amis de Louis - Club des Cent Cols<\/title>\n<meta name=\"robots\" content=\"index, follow, max-snippet:-1, max-image-preview:large, max-video-preview:-1\" \/>\n<link rel=\"canonical\" href=\"https:\/\/centcols.org\/nl\/verdwijning-van-louis-nucera-2\/\" \/>\n<meta property=\"og:locale\" content=\"nl_BE\" \/>\n<meta property=\"og:type\" content=\"article\" \/>\n<meta property=\"og:title\" content=\"13\/08\/00 : disparition de Louis Nucera. Michel de Br\u00e9bisson a souhait\u00e9 faire reproduire le papier du Monde \u00e9crit par un des amis de Louis - Club des Cent Cols\" \/>\n<meta property=\"og:description\" content=\"Louis Nucera La passion de la litt\u00e9rature, de l&rsquo;amiti\u00e9 et du v\u00e9lo MERCREDI 9 ao\u00fbt, Louis Nucera est mort \u00e0 bicyclette, renvers\u00e9 par un automobiliste, \u00e0 Carros (Alpes-Maritimes), dans cette arri\u00e8re-pays ni\u00e7ois qu&rsquo;il avait si souvent parcouru. Le v\u00e9lo \u00e9tait une de ses passions avec la litt\u00e9rature et l&rsquo;amiti\u00e9. Ses amis se sentent tr\u00e8s seuls [&hellip;]\" \/>\n<meta property=\"og:url\" content=\"https:\/\/centcols.org\/nl\/verdwijning-van-louis-nucera-2\/\" \/>\n<meta property=\"og:site_name\" content=\"Club des Cent Cols\" \/>\n<meta property=\"article:publisher\" content=\"https:\/\/www.facebook.com\/groups\/5261880558\/?locale=fr_FR\" \/>\n<meta property=\"article:published_time\" content=\"2000-08-13T20:25:00+00:00\" \/>\n<meta property=\"article:modified_time\" content=\"2026-04-17T20:26:58+00:00\" \/>\n<meta name=\"author\" content=\"Webmestre\" \/>\n<meta name=\"twitter:card\" content=\"summary_large_image\" \/>\n<meta name=\"twitter:label1\" content=\"Geschreven door\" \/>\n\t<meta name=\"twitter:data1\" content=\"Webmestre\" \/>\n\t<meta name=\"twitter:label2\" content=\"Geschatte leestijd\" \/>\n\t<meta name=\"twitter:data2\" content=\"4 minuten\" \/>\n<script type=\"application\/ld+json\" class=\"yoast-schema-graph\">{\"@context\":\"https:\/\/schema.org\",\"@graph\":[{\"@type\":\"Article\",\"@id\":\"https:\/\/centcols.org\/es\/disparition-de-louis-nucera-2\/#article\",\"isPartOf\":{\"@id\":\"https:\/\/centcols.org\/es\/disparition-de-louis-nucera-2\/\"},\"author\":{\"name\":\"Webmestre\",\"@id\":\"https:\/\/centcols.org\/#\/schema\/person\/911b404fb133d8c913dd27cdcf71c8e5\"},\"headline\":\"13\/08\/00 : disparition de Louis Nucera. Michel de Br\u00e9bisson a souhait\u00e9 faire reproduire le papier du Monde \u00e9crit par un des amis de Louis\",\"datePublished\":\"2000-08-13T20:25:00+00:00\",\"dateModified\":\"2026-04-17T20:26:58+00:00\",\"mainEntityOfPage\":{\"@id\":\"https:\/\/centcols.org\/es\/disparition-de-louis-nucera-2\/\"},\"wordCount\":966,\"publisher\":{\"@id\":\"https:\/\/centcols.org\/#organization\"},\"articleSection\":[\"2000\"],\"inLanguage\":\"nl-BE\"},{\"@type\":\"WebPage\",\"@id\":\"https:\/\/centcols.org\/es\/disparition-de-louis-nucera-2\/\",\"url\":\"https:\/\/centcols.org\/es\/disparition-de-louis-nucera-2\/\",\"name\":\"13\/08\/00 : disparition de Louis Nucera. Michel de Br\u00e9bisson a souhait\u00e9 faire reproduire le papier du Monde \u00e9crit par un des amis de Louis - Club des Cent Cols\",\"isPartOf\":{\"@id\":\"https:\/\/centcols.org\/#website\"},\"datePublished\":\"2000-08-13T20:25:00+00:00\",\"dateModified\":\"2026-04-17T20:26:58+00:00\",\"breadcrumb\":{\"@id\":\"https:\/\/centcols.org\/es\/disparition-de-louis-nucera-2\/#breadcrumb\"},\"inLanguage\":\"nl-BE\",\"potentialAction\":[{\"@type\":\"ReadAction\",\"target\":[\"https:\/\/centcols.org\/es\/disparition-de-louis-nucera-2\/\"]}]},{\"@type\":\"BreadcrumbList\",\"@id\":\"https:\/\/centcols.org\/es\/disparition-de-louis-nucera-2\/#breadcrumb\",\"itemListElement\":[{\"@type\":\"ListItem\",\"position\":1,\"name\":\"Accueil\",\"item\":\"https:\/\/centcols.org\/\"},{\"@type\":\"ListItem\",\"position\":2,\"name\":\"Articles de presse et vid\u00e9os\",\"item\":\"https:\/\/centcols.org\/rubrique\/articles-de-presse-et-videos\/\"},{\"@type\":\"ListItem\",\"position\":3,\"name\":\"2000\",\"item\":\"https:\/\/centcols.org\/es\/rubrique\/articles-de-presse-et-videos\/2000\/\"},{\"@type\":\"ListItem\",\"position\":4,\"name\":\"13\/08\/00 : disparition de Louis Nucera. Michel de Br\u00e9bisson a souhait\u00e9 faire reproduire le papier du Monde \u00e9crit par un des amis de Louis\"}]},{\"@type\":\"WebSite\",\"@id\":\"https:\/\/centcols.org\/#website\",\"url\":\"https:\/\/centcols.org\/\",\"name\":\"Club des Cent Cols\",\"description\":\"\",\"publisher\":{\"@id\":\"https:\/\/centcols.org\/#organization\"},\"potentialAction\":[{\"@type\":\"SearchAction\",\"target\":{\"@type\":\"EntryPoint\",\"urlTemplate\":\"https:\/\/centcols.org\/?s={search_term_string}\"},\"query-input\":{\"@type\":\"PropertyValueSpecification\",\"valueRequired\":true,\"valueName\":\"search_term_string\"}}],\"inLanguage\":\"nl-BE\"},{\"@type\":\"Organization\",\"@id\":\"https:\/\/centcols.org\/#organization\",\"name\":\"Club des Cent Cols\",\"url\":\"https:\/\/centcols.org\/\",\"logo\":{\"@type\":\"ImageObject\",\"inLanguage\":\"nl-BE\",\"@id\":\"https:\/\/centcols.org\/#\/schema\/logo\/image\/\",\"url\":\"https:\/\/centcols.org\/wp-content\/uploads\/2025\/01\/carte-icone.png\",\"contentUrl\":\"https:\/\/centcols.org\/wp-content\/uploads\/2025\/01\/carte-icone.png\",\"width\":250,\"height\":250,\"caption\":\"Club des Cent Cols\"},\"image\":{\"@id\":\"https:\/\/centcols.org\/#\/schema\/logo\/image\/\"},\"sameAs\":[\"https:\/\/www.facebook.com\/groups\/5261880558\/?locale=fr_FR\"]},{\"@type\":\"Person\",\"@id\":\"https:\/\/centcols.org\/#\/schema\/person\/911b404fb133d8c913dd27cdcf71c8e5\",\"name\":\"Webmestre\",\"image\":{\"@type\":\"ImageObject\",\"inLanguage\":\"nl-BE\",\"@id\":\"https:\/\/centcols.org\/wp-content\/litespeed\/avatar\/2d246e4b6b4f773e08515e1ffc53690b.jpg?ver=1777222892\",\"url\":\"https:\/\/centcols.org\/wp-content\/litespeed\/avatar\/2d246e4b6b4f773e08515e1ffc53690b.jpg?ver=1777222892\",\"contentUrl\":\"https:\/\/centcols.org\/wp-content\/litespeed\/avatar\/2d246e4b6b4f773e08515e1ffc53690b.jpg?ver=1777222892\",\"caption\":\"Webmestre\"},\"url\":\"https:\/\/centcols.org\/nl\/author\/webmestre\/\"}]}<\/script>\n<!-- \/ Yoast SEO plugin. -->","yoast_head_json":{"title":"13\/08\/00 : Overlijden van Louis Nucera. Michel de Br\u00e9bisson wenste het artikel in Le Monde, geschreven door een van Louis' vrienden - Club des Cent Cols","robots":{"index":"index","follow":"follow","max-snippet":"max-snippet:-1","max-image-preview":"max-image-preview:large","max-video-preview":"max-video-preview:-1"},"canonical":"https:\/\/centcols.org\/nl\/verdwijning-van-louis-nucera-2\/","og_locale":"nl_BE","og_type":"article","og_title":"13\/08\/00 : disparition de Louis Nucera. Michel de Br\u00e9bisson a souhait\u00e9 faire reproduire le papier du Monde \u00e9crit par un des amis de Louis - Club des Cent Cols","og_description":"Louis Nucera La passion de la litt\u00e9rature, de l&rsquo;amiti\u00e9 et du v\u00e9lo MERCREDI 9 ao\u00fbt, Louis Nucera est mort \u00e0 bicyclette, renvers\u00e9 par un automobiliste, \u00e0 Carros (Alpes-Maritimes), dans cette arri\u00e8re-pays ni\u00e7ois qu&rsquo;il avait si souvent parcouru. Le v\u00e9lo \u00e9tait une de ses passions avec la litt\u00e9rature et l&rsquo;amiti\u00e9. Ses amis se sentent tr\u00e8s seuls [&hellip;]","og_url":"https:\/\/centcols.org\/nl\/verdwijning-van-louis-nucera-2\/","og_site_name":"Club des Cent Cols","article_publisher":"https:\/\/www.facebook.com\/groups\/5261880558\/?locale=fr_FR","article_published_time":"2000-08-13T20:25:00+00:00","article_modified_time":"2026-04-17T20:26:58+00:00","author":"Webmestre","twitter_card":"summary_large_image","twitter_misc":{"Geschreven door":"Webmestre","Geschatte leestijd":"4 minuten"},"schema":{"@context":"https:\/\/schema.org","@graph":[{"@type":"Article","@id":"https:\/\/centcols.org\/es\/disparition-de-louis-nucera-2\/#article","isPartOf":{"@id":"https:\/\/centcols.org\/es\/disparition-de-louis-nucera-2\/"},"author":{"name":"Webmestre","@id":"https:\/\/centcols.org\/#\/schema\/person\/911b404fb133d8c913dd27cdcf71c8e5"},"headline":"13\/08\/00 : disparition de Louis Nucera. Michel de Br\u00e9bisson a souhait\u00e9 faire reproduire le papier du Monde \u00e9crit par un des amis de Louis","datePublished":"2000-08-13T20:25:00+00:00","dateModified":"2026-04-17T20:26:58+00:00","mainEntityOfPage":{"@id":"https:\/\/centcols.org\/es\/disparition-de-louis-nucera-2\/"},"wordCount":966,"publisher":{"@id":"https:\/\/centcols.org\/#organization"},"articleSection":["2000"],"inLanguage":"nl-BE"},{"@type":"WebPage","@id":"https:\/\/centcols.org\/es\/disparition-de-louis-nucera-2\/","url":"https:\/\/centcols.org\/es\/disparition-de-louis-nucera-2\/","name":"13\/08\/00 : Overlijden van Louis Nucera. Michel de Br\u00e9bisson wenste het artikel in Le Monde, geschreven door een van Louis' vrienden - Club des Cent Cols","isPartOf":{"@id":"https:\/\/centcols.org\/#website"},"datePublished":"2000-08-13T20:25:00+00:00","dateModified":"2026-04-17T20:26:58+00:00","breadcrumb":{"@id":"https:\/\/centcols.org\/es\/disparition-de-louis-nucera-2\/#breadcrumb"},"inLanguage":"nl-BE","potentialAction":[{"@type":"ReadAction","target":["https:\/\/centcols.org\/es\/disparition-de-louis-nucera-2\/"]}]},{"@type":"BreadcrumbList","@id":"https:\/\/centcols.org\/es\/disparition-de-louis-nucera-2\/#breadcrumb","itemListElement":[{"@type":"ListItem","position":1,"name":"Accueil","item":"https:\/\/centcols.org\/"},{"@type":"ListItem","position":2,"name":"Articles de presse et vid\u00e9os","item":"https:\/\/centcols.org\/rubrique\/articles-de-presse-et-videos\/"},{"@type":"ListItem","position":3,"name":"2000","item":"https:\/\/centcols.org\/es\/rubrique\/articles-de-presse-et-videos\/2000\/"},{"@type":"ListItem","position":4,"name":"13\/08\/00 : disparition de Louis Nucera. Michel de Br\u00e9bisson a souhait\u00e9 faire reproduire le papier du Monde \u00e9crit par un des amis de Louis"}]},{"@type":"WebSite","@id":"https:\/\/centcols.org\/#website","url":"https:\/\/centcols.org\/","name":"Club van Cent Cols","description":"","publisher":{"@id":"https:\/\/centcols.org\/#organization"},"potentialAction":[{"@type":"SearchAction","target":{"@type":"EntryPoint","urlTemplate":"https:\/\/centcols.org\/?s={search_term_string}"},"query-input":{"@type":"PropertyValueSpecification","valueRequired":true,"valueName":"search_term_string"}}],"inLanguage":"nl-BE"},{"@type":"Organization","@id":"https:\/\/centcols.org\/#organization","name":"Club van Cent Cols","url":"https:\/\/centcols.org\/","logo":{"@type":"ImageObject","inLanguage":"nl-BE","@id":"https:\/\/centcols.org\/#\/schema\/logo\/image\/","url":"https:\/\/centcols.org\/wp-content\/uploads\/2025\/01\/carte-icone.png","contentUrl":"https:\/\/centcols.org\/wp-content\/uploads\/2025\/01\/carte-icone.png","width":250,"height":250,"caption":"Club des Cent Cols"},"image":{"@id":"https:\/\/centcols.org\/#\/schema\/logo\/image\/"},"sameAs":["https:\/\/www.facebook.com\/groups\/5261880558\/?locale=fr_FR"]},{"@type":"Person","@id":"https:\/\/centcols.org\/#\/schema\/person\/911b404fb133d8c913dd27cdcf71c8e5","name":"Webmaster","image":{"@type":"ImageObject","inLanguage":"nl-BE","@id":"https:\/\/centcols.org\/wp-content\/litespeed\/avatar\/2d246e4b6b4f773e08515e1ffc53690b.jpg?ver=1777222892","url":"https:\/\/centcols.org\/wp-content\/litespeed\/avatar\/2d246e4b6b4f773e08515e1ffc53690b.jpg?ver=1777222892","contentUrl":"https:\/\/centcols.org\/wp-content\/litespeed\/avatar\/2d246e4b6b4f773e08515e1ffc53690b.jpg?ver=1777222892","caption":"Webmestre"},"url":"https:\/\/centcols.org\/nl\/author\/webmestre\/"}]}},"_links":{"self":[{"href":"https:\/\/centcols.org\/nl\/wp-json\/wp\/v2\/posts\/95273","targetHints":{"allow":["GET"]}}],"collection":[{"href":"https:\/\/centcols.org\/nl\/wp-json\/wp\/v2\/posts"}],"about":[{"href":"https:\/\/centcols.org\/nl\/wp-json\/wp\/v2\/types\/post"}],"author":[{"embeddable":true,"href":"https:\/\/centcols.org\/nl\/wp-json\/wp\/v2\/users\/3"}],"replies":[{"embeddable":true,"href":"https:\/\/centcols.org\/nl\/wp-json\/wp\/v2\/comments?post=95273"}],"version-history":[{"count":0,"href":"https:\/\/centcols.org\/nl\/wp-json\/wp\/v2\/posts\/95273\/revisions"}],"wp:attachment":[{"href":"https:\/\/centcols.org\/nl\/wp-json\/wp\/v2\/media?parent=95273"}],"wp:term":[{"taxonomy":"category","embeddable":true,"href":"https:\/\/centcols.org\/nl\/wp-json\/wp\/v2\/categories?post=95273"},{"taxonomy":"post_tag","embeddable":true,"href":"https:\/\/centcols.org\/nl\/wp-json\/wp\/v2\/tags?post=95273"}],"curies":[{"name":"wp","href":"https:\/\/api.w.org\/{rel}","templated":true}]}}