{"id":95275,"date":"2000-09-23T22:31:00","date_gmt":"2000-09-23T20:31:00","guid":{"rendered":"https:\/\/centcols.org\/?p=95275"},"modified":"2026-04-17T22:35:02","modified_gmt":"2026-04-17T20:35:02","slug":"louis-nucera-artikel-monde","status":"publish","type":"post","link":"https:\/\/centcols.org\/nl\/louis-nucera-article-monde\/","title":{"rendered":"23\/09\/00: Michel de Br\u00e9bisson stuurt ons een artikel dat op 13\/09\/2000 in Le Monde verscheen"},"content":{"rendered":"<h2 class=\"wp-block-heading\">In \u00abLe Monde\u00bb, 13 september 2000: Fietsen is een serieuze zaak<\/h2>\n\n\n\n<p>Fietsen stelt mensen in staat om zich vrij door de stad te verplaatsen over afstanden van meerdere kilometers; het kan gebruikt worden door een groot deel van de bevolking; het is goed voor de gezondheid; het neemt weinig plaats in op de weg; het maakt geen lawaai; het vervuilt niet; het is niet verantwoordelijk voor ernstige ongevallen; het verbruikt geen olie; het draagt niet bij tot het broeikaseffect... Er komt geen einde aan de lijst van individuele en collectieve voordelen die het goede imago verklaren dat het geniet in de publieke opinie.<\/p>\n\n\n\n<p>Toch is de fiets nog steeds het ondergeschoven kindje als het gaat om stedelijk vervoer. Met de opmerkelijke uitzondering van Straatsburg is fietsen geleidelijk gemarginaliseerd in Franse steden. Toegegeven, sommige steden hebben onlangs fietsvoorzieningen ge\u00efntroduceerd, maar deze inspanning, die soms grenst aan de doe-het-zelf aanpak, heeft de achteruitgang nauwelijks gestopt.<\/p>\n\n\n\n<p>De vooruitzichten voor de toekomst zijn weinig bemoedigend. Van de zevenentwintig plannen voor stadsvervoer die voor 30 juni 2000 zijn aangenomen (van de vijfenzestig die verplicht zijn gesteld door de wet op de luchtvervuiling), voorzien er veel in maatregelen die gunstig zijn voor de fiets, maar slechts tien voorzien in een specifieke financiering, die zeer bescheiden is: van 4 miljoen frank, of helemaal niets, tot 100 miljoen, nauwelijks de prijs van een kilometer tram.<\/p>\n\n\n\n<p>Deze situatie is paradoxaal, omdat investeren in fietsen de meest kosteneffectieve manier is om het autoverkeer terug te dringen. E\u00e9n stedelijke autorit op twee is minder dan drie kilometer: fietsen kan dus massavervoer worden, en de financi\u00eble middelen die nodig zijn voor een ambitieus fietsbeleid zijn belachelijk laag in vergelijking met de middelen die worden toegewezen aan het openbaar vervoer of opgeslokt in onophoudelijke (en zinloze) wegwerkzaamheden.<\/p>\n\n\n\n<p>Hoe verklaar je deze paradox? In Frankrijk praten de meeste volksvertegenwoordigers met een glimlach op hun lippen over fietsen in de stad.<\/p>\n\n\n\n<p>Sommigen zien het als een accessoire, goed voor arme studenten en autofobe verschoppelingen, een archa\u00efsme in het tijdperk van de auto, of zelfs een modieus hebbedingetje dat je \u00e9\u00e9n keer per jaar moet opofferen door tijdens het F\u00eate du v\u00e9lo een paar minuten op een gloednieuwe fiets te stappen: een stukje fietspad hier en daar is voldoende.<\/p>\n\n\n\n<p>De anderen zijn sceptisch: fietsen is goed voor de vrije tijd, niet voor woon-werkverkeer; het is goed voor Nederlanders, maar het zal nooit aanslaan in Frankrijk. Dus er is geen behoefte aan een samenhangend beleid dat veilige routes omvat zonder afschrikwekkende omwegen, goed bewegwijzerd en onderhouden, ook veilig parkeren, complementariteit met het openbaar vervoer, verhuur- en reparatiediensten, bedrijfsfietsen, promotie van fietsen, het inhuren van bekwame technici...<\/p>\n\n\n\n<p>Maar het is nog niet zo lang geleden dat het gezegde luidde: trams zijn goed voor de Zwitsers. Voor fietsen geldt hetzelfde als voor openbaar vervoer. Het gebruik ervan is geen kwestie van chromosomen of culturele bijzonderheden: gedragsveranderingen zijn direct gekoppeld aan de inspanningen van planners. In Freiburg im Breisgau, een welvarende middelgrote stad in het Zwarte Woud, is in twintig jaar tijd het aandeel van de fiets in het aantal gemechaniseerde verplaatsingen gestegen van 16 naar 29 %, dat van bus en tram van 22 naar 29 % en dat van de auto van 60 naar 43 %! In Gen\u00e8ve is het fietsen in tien jaar tijd verdubbeld omdat de gekozen vertegenwoordigers de politieke wil hadden om dit te doen.<\/p>\n\n\n\n<p><strong>Het is hoog tijd dat onze politici het over een andere boeg gooien en fietsen gaan beschouwen als een volwaardig vervoersmiddel.<\/strong>, Het kan namelijk op dezelfde manier als het openbaar vervoer bijdragen aan de vermindering van het autoverkeer, de verbetering van de levenskwaliteit in de stad en de bestrijding van het broeikaseffect.<\/p>\n\n\n\n<p>De rol van de lokale verkozenen zal doorslaggevend zijn, maar de overheid mag niet inactief blijven. Ze zou bijvoorbeeld de hervorming van het verkeersreglement kunnen versnellen, dat een aantal regels bevat die fietsers benadelen. Wat betreft het afschaffen van de BTW op de aankoop en reparatie van fietsen, dit zou de staat minder kosten dan de demagogische afschaffing van de autobelastingsticker. En bovenal, buiten zijn eigen nut, zou het een sterk psychologisch effect hebben: in deze tijden van internationale conferentie over het broeikaseffect, zou het aantonen dat<strong> fietsen is een serieuze zaak<\/strong>.<\/p>\n\n\n\n<p><em><strong>Jean Sivardi\u00e8re<\/strong>, Voorzitter van de F\u00e9d\u00e9ration nationale des associations d'usagers des transports (Fnaut).<\/em><\/p>","protected":false},"excerpt":{"rendered":"<p>Dans \u00ab\u00a0Le Monde\u00a0\u00bb du 13 septembre 2000 : Le v\u00e9lo, c&rsquo;est s\u00e9rieux Le v\u00e9lo permet de se d\u00e9placer en ville librement et sur des distances de plusieurs kilom\u00e8tres ; il est utilisable par une large fraction de la population; il est bon pour la sant\u00e9 ; il occupe peu de place sur la voirie ; [&hellip;]<\/p>\n","protected":false},"author":3,"featured_media":0,"comment_status":"closed","ping_status":"closed","sticky":false,"template":"","format":"standard","meta":{"_acf_changed":false,"footnotes":""},"categories":[476],"tags":[],"class_list":["post-95275","post","type-post","status-publish","format-standard","hentry","category-476"],"acf":[],"yoast_head":"<!-- This site is optimized with the Yoast SEO plugin v27.2 - https:\/\/yoast.com\/product\/yoast-seo-wordpress\/ -->\n<title>23\/09\/00 : Michel de Br\u00e9bisson nous transmet un article paru dans le Monde du 13\/09\/2000 - Club des Cent Cols<\/title>\n<meta name=\"robots\" content=\"index, follow, max-snippet:-1, max-image-preview:large, max-video-preview:-1\" \/>\n<link rel=\"canonical\" href=\"https:\/\/centcols.org\/nl\/louis-nucera-artikel-monde\/\" \/>\n<meta property=\"og:locale\" content=\"nl_BE\" \/>\n<meta property=\"og:type\" content=\"article\" \/>\n<meta property=\"og:title\" content=\"23\/09\/00 : Michel de Br\u00e9bisson nous transmet un article paru dans le Monde du 13\/09\/2000 - Club des Cent Cols\" \/>\n<meta property=\"og:description\" content=\"Dans \u00ab\u00a0Le Monde\u00a0\u00bb du 13 septembre 2000 : Le v\u00e9lo, c&rsquo;est s\u00e9rieux Le v\u00e9lo permet de se d\u00e9placer en ville librement et sur des distances de plusieurs kilom\u00e8tres ; il est utilisable par une large fraction de la population; il est bon pour la sant\u00e9 ; il occupe peu de place sur la voirie ; [&hellip;]\" \/>\n<meta property=\"og:url\" content=\"https:\/\/centcols.org\/nl\/louis-nucera-artikel-monde\/\" \/>\n<meta property=\"og:site_name\" content=\"Club des Cent Cols\" \/>\n<meta property=\"article:publisher\" content=\"https:\/\/www.facebook.com\/groups\/5261880558\/?locale=fr_FR\" \/>\n<meta property=\"article:published_time\" content=\"2000-09-23T20:31:00+00:00\" \/>\n<meta property=\"article:modified_time\" content=\"2026-04-17T20:35:02+00:00\" \/>\n<meta name=\"author\" content=\"Webmestre\" \/>\n<meta name=\"twitter:card\" content=\"summary_large_image\" \/>\n<meta name=\"twitter:label1\" content=\"Geschreven door\" \/>\n\t<meta name=\"twitter:data1\" content=\"Webmestre\" \/>\n\t<meta name=\"twitter:label2\" content=\"Geschatte leestijd\" \/>\n\t<meta name=\"twitter:data2\" content=\"4 minuten\" \/>\n<script type=\"application\/ld+json\" class=\"yoast-schema-graph\">{\"@context\":\"https:\/\/schema.org\",\"@graph\":[{\"@type\":\"Article\",\"@id\":\"https:\/\/centcols.org\/es\/louis-nucera-article-monde\/#article\",\"isPartOf\":{\"@id\":\"https:\/\/centcols.org\/es\/louis-nucera-article-monde\/\"},\"author\":{\"name\":\"Webmestre\",\"@id\":\"https:\/\/centcols.org\/#\/schema\/person\/911b404fb133d8c913dd27cdcf71c8e5\"},\"headline\":\"23\/09\/00 : Michel de Br\u00e9bisson nous transmet un article paru dans le Monde du 13\/09\/2000\",\"datePublished\":\"2000-09-23T20:31:00+00:00\",\"dateModified\":\"2026-04-17T20:35:02+00:00\",\"mainEntityOfPage\":{\"@id\":\"https:\/\/centcols.org\/es\/louis-nucera-article-monde\/\"},\"wordCount\":823,\"publisher\":{\"@id\":\"https:\/\/centcols.org\/#organization\"},\"articleSection\":[\"2000\"],\"inLanguage\":\"nl-BE\"},{\"@type\":\"WebPage\",\"@id\":\"https:\/\/centcols.org\/es\/louis-nucera-article-monde\/\",\"url\":\"https:\/\/centcols.org\/es\/louis-nucera-article-monde\/\",\"name\":\"23\/09\/00 : Michel de Br\u00e9bisson nous transmet un article paru dans le Monde du 13\/09\/2000 - Club des Cent Cols\",\"isPartOf\":{\"@id\":\"https:\/\/centcols.org\/#website\"},\"datePublished\":\"2000-09-23T20:31:00+00:00\",\"dateModified\":\"2026-04-17T20:35:02+00:00\",\"breadcrumb\":{\"@id\":\"https:\/\/centcols.org\/es\/louis-nucera-article-monde\/#breadcrumb\"},\"inLanguage\":\"nl-BE\",\"potentialAction\":[{\"@type\":\"ReadAction\",\"target\":[\"https:\/\/centcols.org\/es\/louis-nucera-article-monde\/\"]}]},{\"@type\":\"BreadcrumbList\",\"@id\":\"https:\/\/centcols.org\/es\/louis-nucera-article-monde\/#breadcrumb\",\"itemListElement\":[{\"@type\":\"ListItem\",\"position\":1,\"name\":\"Accueil\",\"item\":\"https:\/\/centcols.org\/\"},{\"@type\":\"ListItem\",\"position\":2,\"name\":\"Articles de presse et vid\u00e9os\",\"item\":\"https:\/\/centcols.org\/rubrique\/articles-de-presse-et-videos\/\"},{\"@type\":\"ListItem\",\"position\":3,\"name\":\"2000\",\"item\":\"https:\/\/centcols.org\/es\/rubrique\/articles-de-presse-et-videos\/2000\/\"},{\"@type\":\"ListItem\",\"position\":4,\"name\":\"23\/09\/00 : Michel de Br\u00e9bisson nous transmet un article paru dans le Monde du 13\/09\/2000\"}]},{\"@type\":\"WebSite\",\"@id\":\"https:\/\/centcols.org\/#website\",\"url\":\"https:\/\/centcols.org\/\",\"name\":\"Club des Cent Cols\",\"description\":\"\",\"publisher\":{\"@id\":\"https:\/\/centcols.org\/#organization\"},\"potentialAction\":[{\"@type\":\"SearchAction\",\"target\":{\"@type\":\"EntryPoint\",\"urlTemplate\":\"https:\/\/centcols.org\/?s={search_term_string}\"},\"query-input\":{\"@type\":\"PropertyValueSpecification\",\"valueRequired\":true,\"valueName\":\"search_term_string\"}}],\"inLanguage\":\"nl-BE\"},{\"@type\":\"Organization\",\"@id\":\"https:\/\/centcols.org\/#organization\",\"name\":\"Club des Cent Cols\",\"url\":\"https:\/\/centcols.org\/\",\"logo\":{\"@type\":\"ImageObject\",\"inLanguage\":\"nl-BE\",\"@id\":\"https:\/\/centcols.org\/#\/schema\/logo\/image\/\",\"url\":\"https:\/\/centcols.org\/wp-content\/uploads\/2025\/01\/carte-icone.png\",\"contentUrl\":\"https:\/\/centcols.org\/wp-content\/uploads\/2025\/01\/carte-icone.png\",\"width\":250,\"height\":250,\"caption\":\"Club des Cent Cols\"},\"image\":{\"@id\":\"https:\/\/centcols.org\/#\/schema\/logo\/image\/\"},\"sameAs\":[\"https:\/\/www.facebook.com\/groups\/5261880558\/?locale=fr_FR\"]},{\"@type\":\"Person\",\"@id\":\"https:\/\/centcols.org\/#\/schema\/person\/911b404fb133d8c913dd27cdcf71c8e5\",\"name\":\"Webmestre\",\"image\":{\"@type\":\"ImageObject\",\"inLanguage\":\"nl-BE\",\"@id\":\"https:\/\/centcols.org\/wp-content\/litespeed\/avatar\/2d246e4b6b4f773e08515e1ffc53690b.jpg?ver=1777222892\",\"url\":\"https:\/\/centcols.org\/wp-content\/litespeed\/avatar\/2d246e4b6b4f773e08515e1ffc53690b.jpg?ver=1777222892\",\"contentUrl\":\"https:\/\/centcols.org\/wp-content\/litespeed\/avatar\/2d246e4b6b4f773e08515e1ffc53690b.jpg?ver=1777222892\",\"caption\":\"Webmestre\"},\"url\":\"https:\/\/centcols.org\/nl\/author\/webmestre\/\"}]}<\/script>\n<!-- \/ Yoast SEO plugin. -->","yoast_head_json":{"title":"23\/09\/00: Michel de Br\u00e9bisson stuurt ons een artikel dat gepubliceerd werd in Le Monde op 13\/09\/2000 - Club des Cent Cols","robots":{"index":"index","follow":"follow","max-snippet":"max-snippet:-1","max-image-preview":"max-image-preview:large","max-video-preview":"max-video-preview:-1"},"canonical":"https:\/\/centcols.org\/nl\/louis-nucera-artikel-monde\/","og_locale":"nl_BE","og_type":"article","og_title":"23\/09\/00 : Michel de Br\u00e9bisson nous transmet un article paru dans le Monde du 13\/09\/2000 - Club des Cent Cols","og_description":"Dans \u00ab\u00a0Le Monde\u00a0\u00bb du 13 septembre 2000 : Le v\u00e9lo, c&rsquo;est s\u00e9rieux Le v\u00e9lo permet de se d\u00e9placer en ville librement et sur des distances de plusieurs kilom\u00e8tres ; il est utilisable par une large fraction de la population; il est bon pour la sant\u00e9 ; il occupe peu de place sur la voirie ; [&hellip;]","og_url":"https:\/\/centcols.org\/nl\/louis-nucera-artikel-monde\/","og_site_name":"Club des Cent Cols","article_publisher":"https:\/\/www.facebook.com\/groups\/5261880558\/?locale=fr_FR","article_published_time":"2000-09-23T20:31:00+00:00","article_modified_time":"2026-04-17T20:35:02+00:00","author":"Webmestre","twitter_card":"summary_large_image","twitter_misc":{"Geschreven door":"Webmestre","Geschatte leestijd":"4 minuten"},"schema":{"@context":"https:\/\/schema.org","@graph":[{"@type":"Article","@id":"https:\/\/centcols.org\/es\/louis-nucera-article-monde\/#article","isPartOf":{"@id":"https:\/\/centcols.org\/es\/louis-nucera-article-monde\/"},"author":{"name":"Webmestre","@id":"https:\/\/centcols.org\/#\/schema\/person\/911b404fb133d8c913dd27cdcf71c8e5"},"headline":"23\/09\/00 : Michel de Br\u00e9bisson nous transmet un article paru dans le Monde du 13\/09\/2000","datePublished":"2000-09-23T20:31:00+00:00","dateModified":"2026-04-17T20:35:02+00:00","mainEntityOfPage":{"@id":"https:\/\/centcols.org\/es\/louis-nucera-article-monde\/"},"wordCount":823,"publisher":{"@id":"https:\/\/centcols.org\/#organization"},"articleSection":["2000"],"inLanguage":"nl-BE"},{"@type":"WebPage","@id":"https:\/\/centcols.org\/es\/louis-nucera-article-monde\/","url":"https:\/\/centcols.org\/es\/louis-nucera-article-monde\/","name":"23\/09\/00: Michel de Br\u00e9bisson stuurt ons een artikel dat gepubliceerd werd in Le Monde op 13\/09\/2000 - Club des Cent Cols","isPartOf":{"@id":"https:\/\/centcols.org\/#website"},"datePublished":"2000-09-23T20:31:00+00:00","dateModified":"2026-04-17T20:35:02+00:00","breadcrumb":{"@id":"https:\/\/centcols.org\/es\/louis-nucera-article-monde\/#breadcrumb"},"inLanguage":"nl-BE","potentialAction":[{"@type":"ReadAction","target":["https:\/\/centcols.org\/es\/louis-nucera-article-monde\/"]}]},{"@type":"BreadcrumbList","@id":"https:\/\/centcols.org\/es\/louis-nucera-article-monde\/#breadcrumb","itemListElement":[{"@type":"ListItem","position":1,"name":"Accueil","item":"https:\/\/centcols.org\/"},{"@type":"ListItem","position":2,"name":"Articles de presse et vid\u00e9os","item":"https:\/\/centcols.org\/rubrique\/articles-de-presse-et-videos\/"},{"@type":"ListItem","position":3,"name":"2000","item":"https:\/\/centcols.org\/es\/rubrique\/articles-de-presse-et-videos\/2000\/"},{"@type":"ListItem","position":4,"name":"23\/09\/00 : Michel de Br\u00e9bisson nous transmet un article paru dans le Monde du 13\/09\/2000"}]},{"@type":"WebSite","@id":"https:\/\/centcols.org\/#website","url":"https:\/\/centcols.org\/","name":"Club van Cent Cols","description":"","publisher":{"@id":"https:\/\/centcols.org\/#organization"},"potentialAction":[{"@type":"SearchAction","target":{"@type":"EntryPoint","urlTemplate":"https:\/\/centcols.org\/?s={search_term_string}"},"query-input":{"@type":"PropertyValueSpecification","valueRequired":true,"valueName":"search_term_string"}}],"inLanguage":"nl-BE"},{"@type":"Organization","@id":"https:\/\/centcols.org\/#organization","name":"Club van Cent Cols","url":"https:\/\/centcols.org\/","logo":{"@type":"ImageObject","inLanguage":"nl-BE","@id":"https:\/\/centcols.org\/#\/schema\/logo\/image\/","url":"https:\/\/centcols.org\/wp-content\/uploads\/2025\/01\/carte-icone.png","contentUrl":"https:\/\/centcols.org\/wp-content\/uploads\/2025\/01\/carte-icone.png","width":250,"height":250,"caption":"Club des Cent Cols"},"image":{"@id":"https:\/\/centcols.org\/#\/schema\/logo\/image\/"},"sameAs":["https:\/\/www.facebook.com\/groups\/5261880558\/?locale=fr_FR"]},{"@type":"Person","@id":"https:\/\/centcols.org\/#\/schema\/person\/911b404fb133d8c913dd27cdcf71c8e5","name":"Webmaster","image":{"@type":"ImageObject","inLanguage":"nl-BE","@id":"https:\/\/centcols.org\/wp-content\/litespeed\/avatar\/2d246e4b6b4f773e08515e1ffc53690b.jpg?ver=1777222892","url":"https:\/\/centcols.org\/wp-content\/litespeed\/avatar\/2d246e4b6b4f773e08515e1ffc53690b.jpg?ver=1777222892","contentUrl":"https:\/\/centcols.org\/wp-content\/litespeed\/avatar\/2d246e4b6b4f773e08515e1ffc53690b.jpg?ver=1777222892","caption":"Webmestre"},"url":"https:\/\/centcols.org\/nl\/author\/webmestre\/"}]}},"_links":{"self":[{"href":"https:\/\/centcols.org\/nl\/wp-json\/wp\/v2\/posts\/95275","targetHints":{"allow":["GET"]}}],"collection":[{"href":"https:\/\/centcols.org\/nl\/wp-json\/wp\/v2\/posts"}],"about":[{"href":"https:\/\/centcols.org\/nl\/wp-json\/wp\/v2\/types\/post"}],"author":[{"embeddable":true,"href":"https:\/\/centcols.org\/nl\/wp-json\/wp\/v2\/users\/3"}],"replies":[{"embeddable":true,"href":"https:\/\/centcols.org\/nl\/wp-json\/wp\/v2\/comments?post=95275"}],"version-history":[{"count":0,"href":"https:\/\/centcols.org\/nl\/wp-json\/wp\/v2\/posts\/95275\/revisions"}],"wp:attachment":[{"href":"https:\/\/centcols.org\/nl\/wp-json\/wp\/v2\/media?parent=95275"}],"wp:term":[{"taxonomy":"category","embeddable":true,"href":"https:\/\/centcols.org\/nl\/wp-json\/wp\/v2\/categories?post=95275"},{"taxonomy":"post_tag","embeddable":true,"href":"https:\/\/centcols.org\/nl\/wp-json\/wp\/v2\/tags?post=95275"}],"curies":[{"name":"wp","href":"https:\/\/api.w.org\/{rel}","templated":true}]}}