{"id":95277,"date":"2002-12-27T22:37:00","date_gmt":"2002-12-27T20:37:00","guid":{"rendered":"https:\/\/centcols.org\/?p=95277"},"modified":"2026-04-17T22:40:29","modified_gmt":"2026-04-17T20:40:29","slug":"27-12-02-een-artikel-gewijd-aan-professor-claude-got-n1861-in-het-panorama-du-medecin-van-10-10-02-2","status":"publish","type":"post","link":"https:\/\/centcols.org\/nl\/27-12-02-un-article-consacre-au-professeur-claude-got-n1861-paru-dans-le-panorama-du-medecin-du-10-10-02-2\/","title":{"rendered":"27\/12\/02: Een artikel gewijd aan Professor Claude Got (N\u00b01861) gepubliceerd in de \u00abPanorama du m\u00e9decin\u00bb op 10\/10\/02."},"content":{"rendered":"<figure class=\"wp-block-image size-full\"><img loading=\"lazy\" decoding=\"async\" width=\"800\" height=\"1102\" src=\"https:\/\/centcols.org\/wp-content\/uploads\/2025\/05\/professeur_got_1.jpg\" alt=\"\" class=\"wp-image-80973\" srcset=\"https:\/\/centcols.org\/wp-content\/uploads\/2025\/05\/professeur_got_1.jpg 800w, https:\/\/centcols.org\/wp-content\/uploads\/2025\/05\/professeur_got_1-768x1058.jpg 768w\" sizes=\"auto, (max-width: 800px) 100vw, 800px\" \/><\/figure>\n\n\n\n<figure class=\"wp-block-image size-full\"><img loading=\"lazy\" decoding=\"async\" width=\"800\" height=\"1122\" src=\"https:\/\/centcols.org\/wp-content\/uploads\/2025\/05\/professeur_got_2.jpg\" alt=\"\" class=\"wp-image-80972\" srcset=\"https:\/\/centcols.org\/wp-content\/uploads\/2025\/05\/professeur_got_2.jpg 800w, https:\/\/centcols.org\/wp-content\/uploads\/2025\/05\/professeur_got_2-768x1077.jpg 768w\" sizes=\"auto, (max-width: 800px) 100vw, 800px\" \/><\/figure>\n\n\n\n<p>Deze kraag is een kans om ons lexicon van equivalenten voor het woord \u00abkraag\u00bb uit te breiden.<br>\u00abGaule, Golaz, Gol\u00e9ron, Gol\u00e8se, Golet, Goletta, Golette, Gollet, Gollettaz, Goulaz, Goule, Goulet, Gueulaz, Gueule<br>Smalle doorgang, pas, couloir, lawinegang, kloof. Patois gola, gaula, mond, opening, bergkloof, Oudfrans goule, gosier, mond, Latijn gula, gosier, keel. \u00ab\u00a0<br>De term \u00abGueule\u00bb kan zowel \u00abpas\u00bb als \u00abgang\u00bb of \"kloof\" betekenen. De topografie van het gebied moet dus de aanwezigheid van een pas bevestigen. In het geval van \"la Gueule \u00e0 vent\" bestaat er geen twijfel over dat de pas perfect gedefinieerd is in het landschap.<\/p>\n\n\n\n<p>Van bijzonder belang: de pas GUEULAZ bij de stuwdam van Emosson (op de Frans-Zwitserse grens), opgenomen in de \u00abCatalogue des cols de Suisse et du Liechtenstein\u00bb (CH-VS-1965) (zie het gedeelte \u00abDe winkel\u00bb).<\/p>","protected":false},"excerpt":{"rendered":"<p>Ce col est l&rsquo;occasion d&rsquo;enrichir notre lexique des \u00e9quivalents du mot \u00ab\u00a0col\u00a0\u00bb.\u00ab\u00a0Gaule, Golaz, Gol\u00e9ron, Gol\u00e8se, Golet, Goletta, Golette, Gollet, Gollettaz, Goulaz, Goule, Goulet, Gueulaz, GueulePassage \u00e9troit, col, couloir, couloir d\u00b4avalanche, gorge. Patois gola, gaula, gueule, ouverture, gorge de montagne, ancien fran\u00e7ais goule, gosier, bouche, latin gula, gosier, gorge. \u00ab\u00a0Le terme de \u00ab\u00a0Gueule\u00a0\u00bb peut signifier \u00ab\u00a0Col\u00a0\u00bb [&hellip;]<\/p>\n","protected":false},"author":3,"featured_media":80972,"comment_status":"closed","ping_status":"closed","sticky":false,"template":"","format":"standard","meta":{"_acf_changed":false,"footnotes":""},"categories":[477],"tags":[],"class_list":["post-95277","post","type-post","status-publish","format-standard","has-post-thumbnail","hentry","category-477"],"acf":[],"yoast_head":"<!-- This site is optimized with the Yoast SEO plugin v27.2 - https:\/\/yoast.com\/product\/yoast-seo-wordpress\/ -->\n<title>27\/12\/02 : Un article consacr\u00e9 au professeur Claude Got (N\u00b01861) paru dans le &quot;Panorama du m\u00e9decin&quot; du 10\/10\/02. - Club des Cent Cols<\/title>\n<meta name=\"robots\" content=\"index, follow, max-snippet:-1, max-image-preview:large, max-video-preview:-1\" \/>\n<link rel=\"canonical\" href=\"https:\/\/centcols.org\/nl\/27-12-02-een-artikel-gewijd-aan-professor-claude-got-n1861-in-het-panorama-du-medecin-van-10-10-02-2\/\" \/>\n<meta property=\"og:locale\" content=\"nl_BE\" \/>\n<meta property=\"og:type\" content=\"article\" \/>\n<meta property=\"og:title\" content=\"27\/12\/02 : Un article consacr\u00e9 au professeur Claude Got (N\u00b01861) paru dans le &quot;Panorama du m\u00e9decin&quot; du 10\/10\/02. - Club des Cent Cols\" \/>\n<meta property=\"og:description\" content=\"Ce col est l&rsquo;occasion d&rsquo;enrichir notre lexique des \u00e9quivalents du mot \u00ab\u00a0col\u00a0\u00bb.\u00ab\u00a0Gaule, Golaz, Gol\u00e9ron, Gol\u00e8se, Golet, Goletta, Golette, Gollet, Gollettaz, Goulaz, Goule, Goulet, Gueulaz, GueulePassage \u00e9troit, col, couloir, couloir d\u00b4avalanche, gorge. Patois gola, gaula, gueule, ouverture, gorge de montagne, ancien fran\u00e7ais goule, gosier, bouche, latin gula, gosier, gorge. \u00ab\u00a0Le terme de \u00ab\u00a0Gueule\u00a0\u00bb peut signifier \u00ab\u00a0Col\u00a0\u00bb [&hellip;]\" \/>\n<meta property=\"og:url\" content=\"https:\/\/centcols.org\/nl\/27-12-02-een-artikel-gewijd-aan-professor-claude-got-n1861-in-het-panorama-du-medecin-van-10-10-02-2\/\" \/>\n<meta property=\"og:site_name\" content=\"Club des Cent Cols\" \/>\n<meta property=\"article:publisher\" content=\"https:\/\/www.facebook.com\/groups\/5261880558\/?locale=fr_FR\" \/>\n<meta property=\"article:published_time\" content=\"2002-12-27T20:37:00+00:00\" \/>\n<meta property=\"article:modified_time\" content=\"2026-04-17T20:40:29+00:00\" \/>\n<meta property=\"og:image\" content=\"https:\/\/centcols.org\/wp-content\/uploads\/2025\/05\/professeur_got_2.jpg\" \/>\n\t<meta property=\"og:image:width\" content=\"800\" \/>\n\t<meta property=\"og:image:height\" content=\"1122\" \/>\n\t<meta property=\"og:image:type\" content=\"image\/jpeg\" \/>\n<meta name=\"author\" content=\"Webmestre\" \/>\n<meta name=\"twitter:card\" content=\"summary_large_image\" \/>\n<meta name=\"twitter:label1\" content=\"Geschreven door\" \/>\n\t<meta name=\"twitter:data1\" content=\"Webmestre\" \/>\n\t<meta name=\"twitter:label2\" content=\"Geschatte leestijd\" \/>\n\t<meta name=\"twitter:data2\" content=\"2 minuten\" \/>\n<script type=\"application\/ld+json\" class=\"yoast-schema-graph\">{\"@context\":\"https:\/\/schema.org\",\"@graph\":[{\"@type\":\"Article\",\"@id\":\"https:\/\/centcols.org\/es\/27-12-02-un-article-consacre-au-professeur-claude-got-n1861-paru-dans-le-panorama-du-medecin-du-10-10-02-2\/#article\",\"isPartOf\":{\"@id\":\"https:\/\/centcols.org\/es\/27-12-02-un-article-consacre-au-professeur-claude-got-n1861-paru-dans-le-panorama-du-medecin-du-10-10-02-2\/\"},\"author\":{\"name\":\"Webmestre\",\"@id\":\"https:\/\/centcols.org\/#\/schema\/person\/911b404fb133d8c913dd27cdcf71c8e5\"},\"headline\":\"27\/12\/02 : Un article consacr\u00e9 au professeur Claude Got (N\u00b01861) paru dans le \u00ab\u00a0Panorama du m\u00e9decin\u00a0\u00bb du 10\/10\/02.\",\"datePublished\":\"2002-12-27T20:37:00+00:00\",\"dateModified\":\"2026-04-17T20:40:29+00:00\",\"mainEntityOfPage\":{\"@id\":\"https:\/\/centcols.org\/es\/27-12-02-un-article-consacre-au-professeur-claude-got-n1861-paru-dans-le-panorama-du-medecin-du-10-10-02-2\/\"},\"wordCount\":149,\"publisher\":{\"@id\":\"https:\/\/centcols.org\/#organization\"},\"image\":{\"@id\":\"https:\/\/centcols.org\/es\/27-12-02-un-article-consacre-au-professeur-claude-got-n1861-paru-dans-le-panorama-du-medecin-du-10-10-02-2\/#primaryimage\"},\"thumbnailUrl\":\"https:\/\/centcols.org\/wp-content\/uploads\/2025\/05\/professeur_got_2.jpg\",\"articleSection\":[\"2002\"],\"inLanguage\":\"nl-BE\"},{\"@type\":\"WebPage\",\"@id\":\"https:\/\/centcols.org\/es\/27-12-02-un-article-consacre-au-professeur-claude-got-n1861-paru-dans-le-panorama-du-medecin-du-10-10-02-2\/\",\"url\":\"https:\/\/centcols.org\/es\/27-12-02-un-article-consacre-au-professeur-claude-got-n1861-paru-dans-le-panorama-du-medecin-du-10-10-02-2\/\",\"name\":\"27\/12\/02 : Un article consacr\u00e9 au professeur Claude Got (N\u00b01861) paru dans le \\\"Panorama du m\u00e9decin\\\" du 10\/10\/02. - Club des Cent Cols\",\"isPartOf\":{\"@id\":\"https:\/\/centcols.org\/#website\"},\"primaryImageOfPage\":{\"@id\":\"https:\/\/centcols.org\/es\/27-12-02-un-article-consacre-au-professeur-claude-got-n1861-paru-dans-le-panorama-du-medecin-du-10-10-02-2\/#primaryimage\"},\"image\":{\"@id\":\"https:\/\/centcols.org\/es\/27-12-02-un-article-consacre-au-professeur-claude-got-n1861-paru-dans-le-panorama-du-medecin-du-10-10-02-2\/#primaryimage\"},\"thumbnailUrl\":\"https:\/\/centcols.org\/wp-content\/uploads\/2025\/05\/professeur_got_2.jpg\",\"datePublished\":\"2002-12-27T20:37:00+00:00\",\"dateModified\":\"2026-04-17T20:40:29+00:00\",\"breadcrumb\":{\"@id\":\"https:\/\/centcols.org\/es\/27-12-02-un-article-consacre-au-professeur-claude-got-n1861-paru-dans-le-panorama-du-medecin-du-10-10-02-2\/#breadcrumb\"},\"inLanguage\":\"nl-BE\",\"potentialAction\":[{\"@type\":\"ReadAction\",\"target\":[\"https:\/\/centcols.org\/es\/27-12-02-un-article-consacre-au-professeur-claude-got-n1861-paru-dans-le-panorama-du-medecin-du-10-10-02-2\/\"]}]},{\"@type\":\"ImageObject\",\"inLanguage\":\"nl-BE\",\"@id\":\"https:\/\/centcols.org\/es\/27-12-02-un-article-consacre-au-professeur-claude-got-n1861-paru-dans-le-panorama-du-medecin-du-10-10-02-2\/#primaryimage\",\"url\":\"https:\/\/centcols.org\/wp-content\/uploads\/2025\/05\/professeur_got_2.jpg\",\"contentUrl\":\"https:\/\/centcols.org\/wp-content\/uploads\/2025\/05\/professeur_got_2.jpg\",\"width\":800,\"height\":1122},{\"@type\":\"BreadcrumbList\",\"@id\":\"https:\/\/centcols.org\/es\/27-12-02-un-article-consacre-au-professeur-claude-got-n1861-paru-dans-le-panorama-du-medecin-du-10-10-02-2\/#breadcrumb\",\"itemListElement\":[{\"@type\":\"ListItem\",\"position\":1,\"name\":\"Accueil\",\"item\":\"https:\/\/centcols.org\/\"},{\"@type\":\"ListItem\",\"position\":2,\"name\":\"Articles de presse et vid\u00e9os\",\"item\":\"https:\/\/centcols.org\/rubrique\/articles-de-presse-et-videos\/\"},{\"@type\":\"ListItem\",\"position\":3,\"name\":\"2002\",\"item\":\"https:\/\/centcols.org\/es\/rubrique\/articles-de-presse-et-videos\/2002\/\"},{\"@type\":\"ListItem\",\"position\":4,\"name\":\"27\/12\/02 : Un article consacr\u00e9 au professeur Claude Got (N\u00b01861) paru dans le \u00ab\u00a0Panorama du m\u00e9decin\u00a0\u00bb du 10\/10\/02.\"}]},{\"@type\":\"WebSite\",\"@id\":\"https:\/\/centcols.org\/#website\",\"url\":\"https:\/\/centcols.org\/\",\"name\":\"Club des Cent Cols\",\"description\":\"\",\"publisher\":{\"@id\":\"https:\/\/centcols.org\/#organization\"},\"potentialAction\":[{\"@type\":\"SearchAction\",\"target\":{\"@type\":\"EntryPoint\",\"urlTemplate\":\"https:\/\/centcols.org\/?s={search_term_string}\"},\"query-input\":{\"@type\":\"PropertyValueSpecification\",\"valueRequired\":true,\"valueName\":\"search_term_string\"}}],\"inLanguage\":\"nl-BE\"},{\"@type\":\"Organization\",\"@id\":\"https:\/\/centcols.org\/#organization\",\"name\":\"Club des Cent Cols\",\"url\":\"https:\/\/centcols.org\/\",\"logo\":{\"@type\":\"ImageObject\",\"inLanguage\":\"nl-BE\",\"@id\":\"https:\/\/centcols.org\/#\/schema\/logo\/image\/\",\"url\":\"https:\/\/centcols.org\/wp-content\/uploads\/2025\/01\/carte-icone.png\",\"contentUrl\":\"https:\/\/centcols.org\/wp-content\/uploads\/2025\/01\/carte-icone.png\",\"width\":250,\"height\":250,\"caption\":\"Club des Cent Cols\"},\"image\":{\"@id\":\"https:\/\/centcols.org\/#\/schema\/logo\/image\/\"},\"sameAs\":[\"https:\/\/www.facebook.com\/groups\/5261880558\/?locale=fr_FR\"]},{\"@type\":\"Person\",\"@id\":\"https:\/\/centcols.org\/#\/schema\/person\/911b404fb133d8c913dd27cdcf71c8e5\",\"name\":\"Webmestre\",\"image\":{\"@type\":\"ImageObject\",\"inLanguage\":\"nl-BE\",\"@id\":\"https:\/\/centcols.org\/wp-content\/litespeed\/avatar\/2d246e4b6b4f773e08515e1ffc53690b.jpg?ver=1777222892\",\"url\":\"https:\/\/centcols.org\/wp-content\/litespeed\/avatar\/2d246e4b6b4f773e08515e1ffc53690b.jpg?ver=1777222892\",\"contentUrl\":\"https:\/\/centcols.org\/wp-content\/litespeed\/avatar\/2d246e4b6b4f773e08515e1ffc53690b.jpg?ver=1777222892\",\"caption\":\"Webmestre\"},\"url\":\"https:\/\/centcols.org\/nl\/author\/webmestre\/\"}]}<\/script>\n<!-- \/ Yoast SEO plugin. -->","yoast_head_json":{"title":"27\/12\/02 : Een artikel over professor Claude Got (N\u00b01861) gepubliceerd in de \"Panorama du m\u00e9decin\" op 10\/10\/02. - Club van Cent Cols","robots":{"index":"index","follow":"follow","max-snippet":"max-snippet:-1","max-image-preview":"max-image-preview:large","max-video-preview":"max-video-preview:-1"},"canonical":"https:\/\/centcols.org\/nl\/27-12-02-een-artikel-gewijd-aan-professor-claude-got-n1861-in-het-panorama-du-medecin-van-10-10-02-2\/","og_locale":"nl_BE","og_type":"article","og_title":"27\/12\/02 : Un article consacr\u00e9 au professeur Claude Got (N\u00b01861) paru dans le \"Panorama du m\u00e9decin\" du 10\/10\/02. - Club des Cent Cols","og_description":"Ce col est l&rsquo;occasion d&rsquo;enrichir notre lexique des \u00e9quivalents du mot \u00ab\u00a0col\u00a0\u00bb.\u00ab\u00a0Gaule, Golaz, Gol\u00e9ron, Gol\u00e8se, Golet, Goletta, Golette, Gollet, Gollettaz, Goulaz, Goule, Goulet, Gueulaz, GueulePassage \u00e9troit, col, couloir, couloir d\u00b4avalanche, gorge. Patois gola, gaula, gueule, ouverture, gorge de montagne, ancien fran\u00e7ais goule, gosier, bouche, latin gula, gosier, gorge. \u00ab\u00a0Le terme de \u00ab\u00a0Gueule\u00a0\u00bb peut signifier \u00ab\u00a0Col\u00a0\u00bb [&hellip;]","og_url":"https:\/\/centcols.org\/nl\/27-12-02-een-artikel-gewijd-aan-professor-claude-got-n1861-in-het-panorama-du-medecin-van-10-10-02-2\/","og_site_name":"Club des Cent Cols","article_publisher":"https:\/\/www.facebook.com\/groups\/5261880558\/?locale=fr_FR","article_published_time":"2002-12-27T20:37:00+00:00","article_modified_time":"2026-04-17T20:40:29+00:00","og_image":[{"width":800,"height":1122,"url":"https:\/\/centcols.org\/wp-content\/uploads\/2025\/05\/professeur_got_2.jpg","type":"image\/jpeg"}],"author":"Webmestre","twitter_card":"summary_large_image","twitter_misc":{"Geschreven door":"Webmestre","Geschatte leestijd":"2 minuten"},"schema":{"@context":"https:\/\/schema.org","@graph":[{"@type":"Article","@id":"https:\/\/centcols.org\/es\/27-12-02-un-article-consacre-au-professeur-claude-got-n1861-paru-dans-le-panorama-du-medecin-du-10-10-02-2\/#article","isPartOf":{"@id":"https:\/\/centcols.org\/es\/27-12-02-un-article-consacre-au-professeur-claude-got-n1861-paru-dans-le-panorama-du-medecin-du-10-10-02-2\/"},"author":{"name":"Webmestre","@id":"https:\/\/centcols.org\/#\/schema\/person\/911b404fb133d8c913dd27cdcf71c8e5"},"headline":"27\/12\/02 : Un article consacr\u00e9 au professeur Claude Got (N\u00b01861) paru dans le \u00ab\u00a0Panorama du m\u00e9decin\u00a0\u00bb du 10\/10\/02.","datePublished":"2002-12-27T20:37:00+00:00","dateModified":"2026-04-17T20:40:29+00:00","mainEntityOfPage":{"@id":"https:\/\/centcols.org\/es\/27-12-02-un-article-consacre-au-professeur-claude-got-n1861-paru-dans-le-panorama-du-medecin-du-10-10-02-2\/"},"wordCount":149,"publisher":{"@id":"https:\/\/centcols.org\/#organization"},"image":{"@id":"https:\/\/centcols.org\/es\/27-12-02-un-article-consacre-au-professeur-claude-got-n1861-paru-dans-le-panorama-du-medecin-du-10-10-02-2\/#primaryimage"},"thumbnailUrl":"https:\/\/centcols.org\/wp-content\/uploads\/2025\/05\/professeur_got_2.jpg","articleSection":["2002"],"inLanguage":"nl-BE"},{"@type":"WebPage","@id":"https:\/\/centcols.org\/es\/27-12-02-un-article-consacre-au-professeur-claude-got-n1861-paru-dans-le-panorama-du-medecin-du-10-10-02-2\/","url":"https:\/\/centcols.org\/es\/27-12-02-un-article-consacre-au-professeur-claude-got-n1861-paru-dans-le-panorama-du-medecin-du-10-10-02-2\/","name":"27\/12\/02 : Een artikel over professor Claude Got (N\u00b01861) gepubliceerd in de \"Panorama du m\u00e9decin\" op 10\/10\/02. - Club van Cent Cols","isPartOf":{"@id":"https:\/\/centcols.org\/#website"},"primaryImageOfPage":{"@id":"https:\/\/centcols.org\/es\/27-12-02-un-article-consacre-au-professeur-claude-got-n1861-paru-dans-le-panorama-du-medecin-du-10-10-02-2\/#primaryimage"},"image":{"@id":"https:\/\/centcols.org\/es\/27-12-02-un-article-consacre-au-professeur-claude-got-n1861-paru-dans-le-panorama-du-medecin-du-10-10-02-2\/#primaryimage"},"thumbnailUrl":"https:\/\/centcols.org\/wp-content\/uploads\/2025\/05\/professeur_got_2.jpg","datePublished":"2002-12-27T20:37:00+00:00","dateModified":"2026-04-17T20:40:29+00:00","breadcrumb":{"@id":"https:\/\/centcols.org\/es\/27-12-02-un-article-consacre-au-professeur-claude-got-n1861-paru-dans-le-panorama-du-medecin-du-10-10-02-2\/#breadcrumb"},"inLanguage":"nl-BE","potentialAction":[{"@type":"ReadAction","target":["https:\/\/centcols.org\/es\/27-12-02-un-article-consacre-au-professeur-claude-got-n1861-paru-dans-le-panorama-du-medecin-du-10-10-02-2\/"]}]},{"@type":"ImageObject","inLanguage":"nl-BE","@id":"https:\/\/centcols.org\/es\/27-12-02-un-article-consacre-au-professeur-claude-got-n1861-paru-dans-le-panorama-du-medecin-du-10-10-02-2\/#primaryimage","url":"https:\/\/centcols.org\/wp-content\/uploads\/2025\/05\/professeur_got_2.jpg","contentUrl":"https:\/\/centcols.org\/wp-content\/uploads\/2025\/05\/professeur_got_2.jpg","width":800,"height":1122},{"@type":"BreadcrumbList","@id":"https:\/\/centcols.org\/es\/27-12-02-un-article-consacre-au-professeur-claude-got-n1861-paru-dans-le-panorama-du-medecin-du-10-10-02-2\/#breadcrumb","itemListElement":[{"@type":"ListItem","position":1,"name":"Accueil","item":"https:\/\/centcols.org\/"},{"@type":"ListItem","position":2,"name":"Articles de presse et vid\u00e9os","item":"https:\/\/centcols.org\/rubrique\/articles-de-presse-et-videos\/"},{"@type":"ListItem","position":3,"name":"2002","item":"https:\/\/centcols.org\/es\/rubrique\/articles-de-presse-et-videos\/2002\/"},{"@type":"ListItem","position":4,"name":"27\/12\/02 : Un article consacr\u00e9 au professeur Claude Got (N\u00b01861) paru dans le \u00ab\u00a0Panorama du m\u00e9decin\u00a0\u00bb du 10\/10\/02."}]},{"@type":"WebSite","@id":"https:\/\/centcols.org\/#website","url":"https:\/\/centcols.org\/","name":"Club van Cent Cols","description":"","publisher":{"@id":"https:\/\/centcols.org\/#organization"},"potentialAction":[{"@type":"SearchAction","target":{"@type":"EntryPoint","urlTemplate":"https:\/\/centcols.org\/?s={search_term_string}"},"query-input":{"@type":"PropertyValueSpecification","valueRequired":true,"valueName":"search_term_string"}}],"inLanguage":"nl-BE"},{"@type":"Organization","@id":"https:\/\/centcols.org\/#organization","name":"Club van Cent Cols","url":"https:\/\/centcols.org\/","logo":{"@type":"ImageObject","inLanguage":"nl-BE","@id":"https:\/\/centcols.org\/#\/schema\/logo\/image\/","url":"https:\/\/centcols.org\/wp-content\/uploads\/2025\/01\/carte-icone.png","contentUrl":"https:\/\/centcols.org\/wp-content\/uploads\/2025\/01\/carte-icone.png","width":250,"height":250,"caption":"Club des Cent Cols"},"image":{"@id":"https:\/\/centcols.org\/#\/schema\/logo\/image\/"},"sameAs":["https:\/\/www.facebook.com\/groups\/5261880558\/?locale=fr_FR"]},{"@type":"Person","@id":"https:\/\/centcols.org\/#\/schema\/person\/911b404fb133d8c913dd27cdcf71c8e5","name":"Webmaster","image":{"@type":"ImageObject","inLanguage":"nl-BE","@id":"https:\/\/centcols.org\/wp-content\/litespeed\/avatar\/2d246e4b6b4f773e08515e1ffc53690b.jpg?ver=1777222892","url":"https:\/\/centcols.org\/wp-content\/litespeed\/avatar\/2d246e4b6b4f773e08515e1ffc53690b.jpg?ver=1777222892","contentUrl":"https:\/\/centcols.org\/wp-content\/litespeed\/avatar\/2d246e4b6b4f773e08515e1ffc53690b.jpg?ver=1777222892","caption":"Webmestre"},"url":"https:\/\/centcols.org\/nl\/author\/webmestre\/"}]}},"_links":{"self":[{"href":"https:\/\/centcols.org\/nl\/wp-json\/wp\/v2\/posts\/95277","targetHints":{"allow":["GET"]}}],"collection":[{"href":"https:\/\/centcols.org\/nl\/wp-json\/wp\/v2\/posts"}],"about":[{"href":"https:\/\/centcols.org\/nl\/wp-json\/wp\/v2\/types\/post"}],"author":[{"embeddable":true,"href":"https:\/\/centcols.org\/nl\/wp-json\/wp\/v2\/users\/3"}],"replies":[{"embeddable":true,"href":"https:\/\/centcols.org\/nl\/wp-json\/wp\/v2\/comments?post=95277"}],"version-history":[{"count":0,"href":"https:\/\/centcols.org\/nl\/wp-json\/wp\/v2\/posts\/95277\/revisions"}],"wp:featuredmedia":[{"embeddable":true,"href":"https:\/\/centcols.org\/nl\/wp-json\/wp\/v2\/media\/80972"}],"wp:attachment":[{"href":"https:\/\/centcols.org\/nl\/wp-json\/wp\/v2\/media?parent=95277"}],"wp:term":[{"taxonomy":"category","embeddable":true,"href":"https:\/\/centcols.org\/nl\/wp-json\/wp\/v2\/categories?post=95277"},{"taxonomy":"post_tag","embeddable":true,"href":"https:\/\/centcols.org\/nl\/wp-json\/wp\/v2\/tags?post=95277"}],"curies":[{"name":"wp","href":"https:\/\/api.w.org\/{rel}","templated":true}]}}